{"id":4236,"date":"2025-08-18T15:11:15","date_gmt":"2025-08-18T18:11:15","guid":{"rendered":"https:\/\/portal.pi.gov.br\/seres\/?p=4236"},"modified":"2025-08-18T15:13:09","modified_gmt":"2025-08-18T18:13:09","slug":"nubia-lopes-celebra-aniversario-de-teresina-em-missa-e-inauguracoes","status":"publish","type":"post","link":"https:\/\/portal.pi.gov.br\/seres\/2025\/08\/18\/nubia-lopes-celebra-aniversario-de-teresina-em-missa-e-inauguracoes\/","title":{"rendered":"N\u00fabia Lopes celebra anivers\u00e1rio de Teresina em missa e inaugura\u00e7\u00f5es"},"content":{"rendered":"\n<p>A gestora participou, juntamente com o governador Rafael Fonteles, da missa em a\u00e7\u00e3o de gra\u00e7as pelos 173 anos da cidade de Teresina e de inaugura\u00e7\u00f5es na capital.<\/p>\n\n\n\n<figure class=\"wp-block-image size-large\"><img decoding=\"async\" loading=\"lazy\" width=\"867\" height=\"1024\" src=\"https:\/\/portal.pi.gov.br\/seres\/wp-content\/uploads\/sites\/87\/2025\/08\/7d8b82f1-003d-4d1f-937d-859e9dbe713d-867x1024.jpeg\" alt=\"\" class=\"wp-image-4208\" srcset=\"https:\/\/portal.pi.gov.br\/seres\/wp-content\/uploads\/sites\/87\/2025\/08\/7d8b82f1-003d-4d1f-937d-859e9dbe713d-867x1024.jpeg 867w, https:\/\/portal.pi.gov.br\/seres\/wp-content\/uploads\/sites\/87\/2025\/08\/7d8b82f1-003d-4d1f-937d-859e9dbe713d-254x300.jpeg 254w, https:\/\/portal.pi.gov.br\/seres\/wp-content\/uploads\/sites\/87\/2025\/08\/7d8b82f1-003d-4d1f-937d-859e9dbe713d-768x907.jpeg 768w, https:\/\/portal.pi.gov.br\/seres\/wp-content\/uploads\/sites\/87\/2025\/08\/7d8b82f1-003d-4d1f-937d-859e9dbe713d-355x420.jpeg 355w, https:\/\/portal.pi.gov.br\/seres\/wp-content\/uploads\/sites\/87\/2025\/08\/7d8b82f1-003d-4d1f-937d-859e9dbe713d-457x540.jpeg 457w, https:\/\/portal.pi.gov.br\/seres\/wp-content\/uploads\/sites\/87\/2025\/08\/7d8b82f1-003d-4d1f-937d-859e9dbe713d-660x780.jpeg 660w, https:\/\/portal.pi.gov.br\/seres\/wp-content\/uploads\/sites\/87\/2025\/08\/7d8b82f1-003d-4d1f-937d-859e9dbe713d-947x1119.jpeg 947w, https:\/\/portal.pi.gov.br\/seres\/wp-content\/uploads\/sites\/87\/2025\/08\/7d8b82f1-003d-4d1f-937d-859e9dbe713d-624x737.jpeg 624w, https:\/\/portal.pi.gov.br\/seres\/wp-content\/uploads\/sites\/87\/2025\/08\/7d8b82f1-003d-4d1f-937d-859e9dbe713d.jpeg 1179w\" sizes=\"(max-width: 867px) 100vw, 867px\" \/><\/figure>\n\n\n\n<p><\/p>\n\n\n\n<p>No \u00faltimo s\u00e1bado (16) a secret\u00e1ria de Rela\u00e7\u00f5es Sociais, N\u00fabia Lopes, juntamente com o governador Rafael Fonteles, participaram da missa em a\u00e7\u00e3o de gra\u00e7as pelos 173 anos da cidade de Teresina, realizada na Igreja Matriz Nossa Senhora do Amparo, no Centro da capital. A celebra\u00e7\u00e3o foi comandada pelo arcebispo da capital, Dom Juarez Marques.<\/p>\n\n\n\n<p>Durante a celebra\u00e7\u00e3o, o governador destacou a import\u00e2ncia do munic\u00edpio e a representatividade da sua terra natal. \u201cAqui eu nasci, me criei, tive as oportunidades da minha vida acad\u00eamica e profissional. Em Teresina minha fam\u00edlia foi constitu\u00edda. Tenho um amor enorme por esta terra, por essa cidade e por esse povo\u201d, destacou Fonteles.<\/p>\n\n\n\n<p><\/p>\n\n\n\n<figure class=\"wp-block-gallery has-nested-images columns-default is-cropped wp-block-gallery-1 is-layout-flex\">\n<figure class=\"wp-block-image size-large\"><img decoding=\"async\" loading=\"lazy\" width=\"1024\" height=\"683\" data-id=\"4221\"  src=\"https:\/\/portal.pi.gov.br\/seres\/wp-content\/uploads\/sites\/87\/2025\/08\/eba90e2a-4255-490d-b334-e3cb73d61d04-1024x683.jpeg\" alt=\"\" class=\"wp-image-4221\" srcset=\"https:\/\/portal.pi.gov.br\/seres\/wp-content\/uploads\/sites\/87\/2025\/08\/eba90e2a-4255-490d-b334-e3cb73d61d04-1024x683.jpeg 1024w, https:\/\/portal.pi.gov.br\/seres\/wp-content\/uploads\/sites\/87\/2025\/08\/eba90e2a-4255-490d-b334-e3cb73d61d04-300x200.jpeg 300w, https:\/\/portal.pi.gov.br\/seres\/wp-content\/uploads\/sites\/87\/2025\/08\/eba90e2a-4255-490d-b334-e3cb73d61d04-768x512.jpeg 768w, https:\/\/portal.pi.gov.br\/seres\/wp-content\/uploads\/sites\/87\/2025\/08\/eba90e2a-4255-490d-b334-e3cb73d61d04-420x280.jpeg 420w, https:\/\/portal.pi.gov.br\/seres\/wp-content\/uploads\/sites\/87\/2025\/08\/eba90e2a-4255-490d-b334-e3cb73d61d04-540x360.jpeg 540w, https:\/\/portal.pi.gov.br\/seres\/wp-content\/uploads\/sites\/87\/2025\/08\/eba90e2a-4255-490d-b334-e3cb73d61d04-780x520.jpeg 780w, https:\/\/portal.pi.gov.br\/seres\/wp-content\/uploads\/sites\/87\/2025\/08\/eba90e2a-4255-490d-b334-e3cb73d61d04-947x632.jpeg 947w, https:\/\/portal.pi.gov.br\/seres\/wp-content\/uploads\/sites\/87\/2025\/08\/eba90e2a-4255-490d-b334-e3cb73d61d04-624x416.jpeg 624w, https:\/\/portal.pi.gov.br\/seres\/wp-content\/uploads\/sites\/87\/2025\/08\/eba90e2a-4255-490d-b334-e3cb73d61d04-84x56.jpeg 84w, https:\/\/portal.pi.gov.br\/seres\/wp-content\/uploads\/sites\/87\/2025\/08\/eba90e2a-4255-490d-b334-e3cb73d61d04.jpeg 1280w\" sizes=\"(max-width: 1024px) 100vw, 1024px\" \/><\/figure>\n\n\n\n<figure class=\"wp-block-image size-large\"><img decoding=\"async\" loading=\"lazy\" width=\"1024\" height=\"683\" data-id=\"4220\"  src=\"https:\/\/portal.pi.gov.br\/seres\/wp-content\/uploads\/sites\/87\/2025\/08\/e8f9d5c7-92a9-4bc6-a913-5f567794089f-1024x683.jpeg\" alt=\"\" class=\"wp-image-4220\" srcset=\"https:\/\/portal.pi.gov.br\/seres\/wp-content\/uploads\/sites\/87\/2025\/08\/e8f9d5c7-92a9-4bc6-a913-5f567794089f-1024x683.jpeg 1024w, https:\/\/portal.pi.gov.br\/seres\/wp-content\/uploads\/sites\/87\/2025\/08\/e8f9d5c7-92a9-4bc6-a913-5f567794089f-300x200.jpeg 300w, https:\/\/portal.pi.gov.br\/seres\/wp-content\/uploads\/sites\/87\/2025\/08\/e8f9d5c7-92a9-4bc6-a913-5f567794089f-768x512.jpeg 768w, https:\/\/portal.pi.gov.br\/seres\/wp-content\/uploads\/sites\/87\/2025\/08\/e8f9d5c7-92a9-4bc6-a913-5f567794089f-420x280.jpeg 420w, https:\/\/portal.pi.gov.br\/seres\/wp-content\/uploads\/sites\/87\/2025\/08\/e8f9d5c7-92a9-4bc6-a913-5f567794089f-540x360.jpeg 540w, https:\/\/portal.pi.gov.br\/seres\/wp-content\/uploads\/sites\/87\/2025\/08\/e8f9d5c7-92a9-4bc6-a913-5f567794089f-780x520.jpeg 780w, https:\/\/portal.pi.gov.br\/seres\/wp-content\/uploads\/sites\/87\/2025\/08\/e8f9d5c7-92a9-4bc6-a913-5f567794089f-947x632.jpeg 947w, https:\/\/portal.pi.gov.br\/seres\/wp-content\/uploads\/sites\/87\/2025\/08\/e8f9d5c7-92a9-4bc6-a913-5f567794089f-624x416.jpeg 624w, https:\/\/portal.pi.gov.br\/seres\/wp-content\/uploads\/sites\/87\/2025\/08\/e8f9d5c7-92a9-4bc6-a913-5f567794089f-84x56.jpeg 84w, https:\/\/portal.pi.gov.br\/seres\/wp-content\/uploads\/sites\/87\/2025\/08\/e8f9d5c7-92a9-4bc6-a913-5f567794089f.jpeg 1280w\" sizes=\"(max-width: 1024px) 100vw, 1024px\" \/><\/figure>\n\n\n\n<figure class=\"wp-block-image size-large\"><img decoding=\"async\" loading=\"lazy\" width=\"1024\" height=\"683\" data-id=\"4218\"  src=\"https:\/\/portal.pi.gov.br\/seres\/wp-content\/uploads\/sites\/87\/2025\/08\/bcaa36d7-3193-4ec0-b9d1-0bd165cb2492-1024x683.jpeg\" alt=\"\" class=\"wp-image-4218\" srcset=\"https:\/\/portal.pi.gov.br\/seres\/wp-content\/uploads\/sites\/87\/2025\/08\/bcaa36d7-3193-4ec0-b9d1-0bd165cb2492-1024x683.jpeg 1024w, https:\/\/portal.pi.gov.br\/seres\/wp-content\/uploads\/sites\/87\/2025\/08\/bcaa36d7-3193-4ec0-b9d1-0bd165cb2492-300x200.jpeg 300w, https:\/\/portal.pi.gov.br\/seres\/wp-content\/uploads\/sites\/87\/2025\/08\/bcaa36d7-3193-4ec0-b9d1-0bd165cb2492-768x512.jpeg 768w, https:\/\/portal.pi.gov.br\/seres\/wp-content\/uploads\/sites\/87\/2025\/08\/bcaa36d7-3193-4ec0-b9d1-0bd165cb2492-420x280.jpeg 420w, https:\/\/portal.pi.gov.br\/seres\/wp-content\/uploads\/sites\/87\/2025\/08\/bcaa36d7-3193-4ec0-b9d1-0bd165cb2492-540x360.jpeg 540w, https:\/\/portal.pi.gov.br\/seres\/wp-content\/uploads\/sites\/87\/2025\/08\/bcaa36d7-3193-4ec0-b9d1-0bd165cb2492-780x520.jpeg 780w, https:\/\/portal.pi.gov.br\/seres\/wp-content\/uploads\/sites\/87\/2025\/08\/bcaa36d7-3193-4ec0-b9d1-0bd165cb2492-947x632.jpeg 947w, https:\/\/portal.pi.gov.br\/seres\/wp-content\/uploads\/sites\/87\/2025\/08\/bcaa36d7-3193-4ec0-b9d1-0bd165cb2492-624x416.jpeg 624w, https:\/\/portal.pi.gov.br\/seres\/wp-content\/uploads\/sites\/87\/2025\/08\/bcaa36d7-3193-4ec0-b9d1-0bd165cb2492-84x56.jpeg 84w, https:\/\/portal.pi.gov.br\/seres\/wp-content\/uploads\/sites\/87\/2025\/08\/bcaa36d7-3193-4ec0-b9d1-0bd165cb2492.jpeg 1280w\" sizes=\"(max-width: 1024px) 100vw, 1024px\" \/><\/figure>\n\n\n\n<figure class=\"wp-block-image size-large\"><img decoding=\"async\" loading=\"lazy\" width=\"1024\" height=\"768\" data-id=\"4217\"  src=\"https:\/\/portal.pi.gov.br\/seres\/wp-content\/uploads\/sites\/87\/2025\/08\/b0cc5952-f9f3-4246-95f1-1a48b9be7685-1024x768.jpeg\" alt=\"\" class=\"wp-image-4217\" srcset=\"https:\/\/portal.pi.gov.br\/seres\/wp-content\/uploads\/sites\/87\/2025\/08\/b0cc5952-f9f3-4246-95f1-1a48b9be7685-1024x768.jpeg 1024w, https:\/\/portal.pi.gov.br\/seres\/wp-content\/uploads\/sites\/87\/2025\/08\/b0cc5952-f9f3-4246-95f1-1a48b9be7685-300x225.jpeg 300w, https:\/\/portal.pi.gov.br\/seres\/wp-content\/uploads\/sites\/87\/2025\/08\/b0cc5952-f9f3-4246-95f1-1a48b9be7685-768x576.jpeg 768w, https:\/\/portal.pi.gov.br\/seres\/wp-content\/uploads\/sites\/87\/2025\/08\/b0cc5952-f9f3-4246-95f1-1a48b9be7685-420x315.jpeg 420w, https:\/\/portal.pi.gov.br\/seres\/wp-content\/uploads\/sites\/87\/2025\/08\/b0cc5952-f9f3-4246-95f1-1a48b9be7685-540x405.jpeg 540w, https:\/\/portal.pi.gov.br\/seres\/wp-content\/uploads\/sites\/87\/2025\/08\/b0cc5952-f9f3-4246-95f1-1a48b9be7685-780x585.jpeg 780w, https:\/\/portal.pi.gov.br\/seres\/wp-content\/uploads\/sites\/87\/2025\/08\/b0cc5952-f9f3-4246-95f1-1a48b9be7685-1536x1152.jpeg 1536w, https:\/\/portal.pi.gov.br\/seres\/wp-content\/uploads\/sites\/87\/2025\/08\/b0cc5952-f9f3-4246-95f1-1a48b9be7685-2048x1536.jpeg 2048w, https:\/\/portal.pi.gov.br\/seres\/wp-content\/uploads\/sites\/87\/2025\/08\/b0cc5952-f9f3-4246-95f1-1a48b9be7685-947x710.jpeg 947w, https:\/\/portal.pi.gov.br\/seres\/wp-content\/uploads\/sites\/87\/2025\/08\/b0cc5952-f9f3-4246-95f1-1a48b9be7685-624x468.jpeg 624w\" sizes=\"(max-width: 1024px) 100vw, 1024px\" \/><\/figure>\n\n\n\n<figure class=\"wp-block-image size-large\"><img decoding=\"async\" loading=\"lazy\" width=\"1024\" height=\"683\" data-id=\"4214\"  src=\"https:\/\/portal.pi.gov.br\/seres\/wp-content\/uploads\/sites\/87\/2025\/08\/572cab81-3c90-44b6-9294-07a7cd1188ce-1024x683.jpeg\" alt=\"\" class=\"wp-image-4214\" srcset=\"https:\/\/portal.pi.gov.br\/seres\/wp-content\/uploads\/sites\/87\/2025\/08\/572cab81-3c90-44b6-9294-07a7cd1188ce-1024x683.jpeg 1024w, https:\/\/portal.pi.gov.br\/seres\/wp-content\/uploads\/sites\/87\/2025\/08\/572cab81-3c90-44b6-9294-07a7cd1188ce-300x200.jpeg 300w, https:\/\/portal.pi.gov.br\/seres\/wp-content\/uploads\/sites\/87\/2025\/08\/572cab81-3c90-44b6-9294-07a7cd1188ce-768x512.jpeg 768w, https:\/\/portal.pi.gov.br\/seres\/wp-content\/uploads\/sites\/87\/2025\/08\/572cab81-3c90-44b6-9294-07a7cd1188ce-420x280.jpeg 420w, https:\/\/portal.pi.gov.br\/seres\/wp-content\/uploads\/sites\/87\/2025\/08\/572cab81-3c90-44b6-9294-07a7cd1188ce-540x360.jpeg 540w, https:\/\/portal.pi.gov.br\/seres\/wp-content\/uploads\/sites\/87\/2025\/08\/572cab81-3c90-44b6-9294-07a7cd1188ce-780x520.jpeg 780w, https:\/\/portal.pi.gov.br\/seres\/wp-content\/uploads\/sites\/87\/2025\/08\/572cab81-3c90-44b6-9294-07a7cd1188ce-947x632.jpeg 947w, https:\/\/portal.pi.gov.br\/seres\/wp-content\/uploads\/sites\/87\/2025\/08\/572cab81-3c90-44b6-9294-07a7cd1188ce-624x416.jpeg 624w, https:\/\/portal.pi.gov.br\/seres\/wp-content\/uploads\/sites\/87\/2025\/08\/572cab81-3c90-44b6-9294-07a7cd1188ce-84x56.jpeg 84w, https:\/\/portal.pi.gov.br\/seres\/wp-content\/uploads\/sites\/87\/2025\/08\/572cab81-3c90-44b6-9294-07a7cd1188ce.jpeg 1280w\" sizes=\"(max-width: 1024px) 100vw, 1024px\" \/><\/figure>\n\n\n\n<figure class=\"wp-block-image size-large\"><img decoding=\"async\" loading=\"lazy\" width=\"1024\" height=\"768\" data-id=\"4206\"  src=\"https:\/\/portal.pi.gov.br\/seres\/wp-content\/uploads\/sites\/87\/2025\/08\/2dca137f-8716-4565-93eb-1bb3106fecf5-1024x768.jpeg\" alt=\"\" class=\"wp-image-4206\" srcset=\"https:\/\/portal.pi.gov.br\/seres\/wp-content\/uploads\/sites\/87\/2025\/08\/2dca137f-8716-4565-93eb-1bb3106fecf5-1024x768.jpeg 1024w, https:\/\/portal.pi.gov.br\/seres\/wp-content\/uploads\/sites\/87\/2025\/08\/2dca137f-8716-4565-93eb-1bb3106fecf5-300x225.jpeg 300w, https:\/\/portal.pi.gov.br\/seres\/wp-content\/uploads\/sites\/87\/2025\/08\/2dca137f-8716-4565-93eb-1bb3106fecf5-768x576.jpeg 768w, https:\/\/portal.pi.gov.br\/seres\/wp-content\/uploads\/sites\/87\/2025\/08\/2dca137f-8716-4565-93eb-1bb3106fecf5-420x315.jpeg 420w, https:\/\/portal.pi.gov.br\/seres\/wp-content\/uploads\/sites\/87\/2025\/08\/2dca137f-8716-4565-93eb-1bb3106fecf5-540x405.jpeg 540w, https:\/\/portal.pi.gov.br\/seres\/wp-content\/uploads\/sites\/87\/2025\/08\/2dca137f-8716-4565-93eb-1bb3106fecf5-780x585.jpeg 780w, https:\/\/portal.pi.gov.br\/seres\/wp-content\/uploads\/sites\/87\/2025\/08\/2dca137f-8716-4565-93eb-1bb3106fecf5-1536x1152.jpeg 1536w, https:\/\/portal.pi.gov.br\/seres\/wp-content\/uploads\/sites\/87\/2025\/08\/2dca137f-8716-4565-93eb-1bb3106fecf5-2048x1536.jpeg 2048w, https:\/\/portal.pi.gov.br\/seres\/wp-content\/uploads\/sites\/87\/2025\/08\/2dca137f-8716-4565-93eb-1bb3106fecf5-947x710.jpeg 947w, https:\/\/portal.pi.gov.br\/seres\/wp-content\/uploads\/sites\/87\/2025\/08\/2dca137f-8716-4565-93eb-1bb3106fecf5-624x468.jpeg 624w\" sizes=\"(max-width: 1024px) 100vw, 1024px\" \/><\/figure>\n<\/figure>\n\n\n\n<figure class=\"wp-block-image size-large\"><img decoding=\"async\" loading=\"lazy\" width=\"1024\" height=\"683\" src=\"https:\/\/portal.pi.gov.br\/seres\/wp-content\/uploads\/sites\/87\/2025\/08\/Missa-173-anos-Teresina-3-1024x683.jpeg\" alt=\"\" class=\"wp-image-4237\" srcset=\"https:\/\/portal.pi.gov.br\/seres\/wp-content\/uploads\/sites\/87\/2025\/08\/Missa-173-anos-Teresina-3-1024x683.jpeg 1024w, https:\/\/portal.pi.gov.br\/seres\/wp-content\/uploads\/sites\/87\/2025\/08\/Missa-173-anos-Teresina-3-300x200.jpeg 300w, https:\/\/portal.pi.gov.br\/seres\/wp-content\/uploads\/sites\/87\/2025\/08\/Missa-173-anos-Teresina-3-768x512.jpeg 768w, https:\/\/portal.pi.gov.br\/seres\/wp-content\/uploads\/sites\/87\/2025\/08\/Missa-173-anos-Teresina-3-420x280.jpeg 420w, https:\/\/portal.pi.gov.br\/seres\/wp-content\/uploads\/sites\/87\/2025\/08\/Missa-173-anos-Teresina-3-540x360.jpeg 540w, https:\/\/portal.pi.gov.br\/seres\/wp-content\/uploads\/sites\/87\/2025\/08\/Missa-173-anos-Teresina-3-780x520.jpeg 780w, https:\/\/portal.pi.gov.br\/seres\/wp-content\/uploads\/sites\/87\/2025\/08\/Missa-173-anos-Teresina-3-947x632.jpeg 947w, https:\/\/portal.pi.gov.br\/seres\/wp-content\/uploads\/sites\/87\/2025\/08\/Missa-173-anos-Teresina-3-624x416.jpeg 624w, https:\/\/portal.pi.gov.br\/seres\/wp-content\/uploads\/sites\/87\/2025\/08\/Missa-173-anos-Teresina-3-84x56.jpeg 84w, https:\/\/portal.pi.gov.br\/seres\/wp-content\/uploads\/sites\/87\/2025\/08\/Missa-173-anos-Teresina-3.jpeg 1280w\" sizes=\"(max-width: 1024px) 100vw, 1024px\" \/><\/figure>\n\n\n\n<p><\/p>\n\n\n\n<p><\/p>\n\n\n\n<p>Na oportunidade do anivers\u00e1rio da capital, o Governo do Estado entregou mais melhorias para a cidade. Foi inaugurada a reforma e moderniza\u00e7\u00e3o do Centro Estadual de Tempo Integral (Ceti) Desembargador Heli Sobral, no bairro Mocambinho, zona norte, onde foi feito um investimento de mais de R$ 4 milh\u00f5es.<\/p>\n\n\n\n<p><\/p>\n\n\n\n<figure class=\"wp-block-gallery has-nested-images columns-default is-cropped wp-block-gallery-3 is-layout-flex\">\n<figure class=\"wp-block-image size-large\"><img decoding=\"async\" loading=\"lazy\" width=\"1024\" height=\"683\" data-id=\"4211\"  src=\"https:\/\/portal.pi.gov.br\/seres\/wp-content\/uploads\/sites\/87\/2025\/08\/066d4215-1d8c-400e-bb7f-799411447b40-1024x683.jpeg\" alt=\"\" class=\"wp-image-4211\" srcset=\"https:\/\/portal.pi.gov.br\/seres\/wp-content\/uploads\/sites\/87\/2025\/08\/066d4215-1d8c-400e-bb7f-799411447b40-1024x683.jpeg 1024w, https:\/\/portal.pi.gov.br\/seres\/wp-content\/uploads\/sites\/87\/2025\/08\/066d4215-1d8c-400e-bb7f-799411447b40-300x200.jpeg 300w, https:\/\/portal.pi.gov.br\/seres\/wp-content\/uploads\/sites\/87\/2025\/08\/066d4215-1d8c-400e-bb7f-799411447b40-768x512.jpeg 768w, https:\/\/portal.pi.gov.br\/seres\/wp-content\/uploads\/sites\/87\/2025\/08\/066d4215-1d8c-400e-bb7f-799411447b40-420x280.jpeg 420w, https:\/\/portal.pi.gov.br\/seres\/wp-content\/uploads\/sites\/87\/2025\/08\/066d4215-1d8c-400e-bb7f-799411447b40-540x360.jpeg 540w, https:\/\/portal.pi.gov.br\/seres\/wp-content\/uploads\/sites\/87\/2025\/08\/066d4215-1d8c-400e-bb7f-799411447b40-780x520.jpeg 780w, https:\/\/portal.pi.gov.br\/seres\/wp-content\/uploads\/sites\/87\/2025\/08\/066d4215-1d8c-400e-bb7f-799411447b40-947x632.jpeg 947w, https:\/\/portal.pi.gov.br\/seres\/wp-content\/uploads\/sites\/87\/2025\/08\/066d4215-1d8c-400e-bb7f-799411447b40-624x416.jpeg 624w, https:\/\/portal.pi.gov.br\/seres\/wp-content\/uploads\/sites\/87\/2025\/08\/066d4215-1d8c-400e-bb7f-799411447b40-84x56.jpeg 84w, https:\/\/portal.pi.gov.br\/seres\/wp-content\/uploads\/sites\/87\/2025\/08\/066d4215-1d8c-400e-bb7f-799411447b40.jpeg 1280w\" sizes=\"(max-width: 1024px) 100vw, 1024px\" \/><\/figure>\n\n\n\n<figure class=\"wp-block-image size-large\"><img decoding=\"async\" loading=\"lazy\" width=\"1024\" height=\"683\" data-id=\"4215\"  src=\"https:\/\/portal.pi.gov.br\/seres\/wp-content\/uploads\/sites\/87\/2025\/08\/a1bbfe79-a5ad-412d-8b1f-6230e4bb1e0e-1024x683.jpeg\" alt=\"\" class=\"wp-image-4215\" srcset=\"https:\/\/portal.pi.gov.br\/seres\/wp-content\/uploads\/sites\/87\/2025\/08\/a1bbfe79-a5ad-412d-8b1f-6230e4bb1e0e-1024x683.jpeg 1024w, https:\/\/portal.pi.gov.br\/seres\/wp-content\/uploads\/sites\/87\/2025\/08\/a1bbfe79-a5ad-412d-8b1f-6230e4bb1e0e-300x200.jpeg 300w, https:\/\/portal.pi.gov.br\/seres\/wp-content\/uploads\/sites\/87\/2025\/08\/a1bbfe79-a5ad-412d-8b1f-6230e4bb1e0e-768x512.jpeg 768w, https:\/\/portal.pi.gov.br\/seres\/wp-content\/uploads\/sites\/87\/2025\/08\/a1bbfe79-a5ad-412d-8b1f-6230e4bb1e0e-420x280.jpeg 420w, https:\/\/portal.pi.gov.br\/seres\/wp-content\/uploads\/sites\/87\/2025\/08\/a1bbfe79-a5ad-412d-8b1f-6230e4bb1e0e-540x360.jpeg 540w, https:\/\/portal.pi.gov.br\/seres\/wp-content\/uploads\/sites\/87\/2025\/08\/a1bbfe79-a5ad-412d-8b1f-6230e4bb1e0e-780x520.jpeg 780w, https:\/\/portal.pi.gov.br\/seres\/wp-content\/uploads\/sites\/87\/2025\/08\/a1bbfe79-a5ad-412d-8b1f-6230e4bb1e0e-947x632.jpeg 947w, https:\/\/portal.pi.gov.br\/seres\/wp-content\/uploads\/sites\/87\/2025\/08\/a1bbfe79-a5ad-412d-8b1f-6230e4bb1e0e-624x416.jpeg 624w, https:\/\/portal.pi.gov.br\/seres\/wp-content\/uploads\/sites\/87\/2025\/08\/a1bbfe79-a5ad-412d-8b1f-6230e4bb1e0e-84x56.jpeg 84w, https:\/\/portal.pi.gov.br\/seres\/wp-content\/uploads\/sites\/87\/2025\/08\/a1bbfe79-a5ad-412d-8b1f-6230e4bb1e0e.jpeg 1280w\" sizes=\"(max-width: 1024px) 100vw, 1024px\" \/><\/figure>\n\n\n\n<figure class=\"wp-block-image size-large\"><img decoding=\"async\" loading=\"lazy\" width=\"1024\" height=\"683\" data-id=\"4210\"  src=\"https:\/\/portal.pi.gov.br\/seres\/wp-content\/uploads\/sites\/87\/2025\/08\/40bf728b-fdc9-4cdb-9f04-ad6c1be1db2e-1024x683.jpeg\" alt=\"\" class=\"wp-image-4210\" srcset=\"https:\/\/portal.pi.gov.br\/seres\/wp-content\/uploads\/sites\/87\/2025\/08\/40bf728b-fdc9-4cdb-9f04-ad6c1be1db2e-1024x683.jpeg 1024w, https:\/\/portal.pi.gov.br\/seres\/wp-content\/uploads\/sites\/87\/2025\/08\/40bf728b-fdc9-4cdb-9f04-ad6c1be1db2e-300x200.jpeg 300w, https:\/\/portal.pi.gov.br\/seres\/wp-content\/uploads\/sites\/87\/2025\/08\/40bf728b-fdc9-4cdb-9f04-ad6c1be1db2e-768x512.jpeg 768w, https:\/\/portal.pi.gov.br\/seres\/wp-content\/uploads\/sites\/87\/2025\/08\/40bf728b-fdc9-4cdb-9f04-ad6c1be1db2e-420x280.jpeg 420w, https:\/\/portal.pi.gov.br\/seres\/wp-content\/uploads\/sites\/87\/2025\/08\/40bf728b-fdc9-4cdb-9f04-ad6c1be1db2e-540x360.jpeg 540w, https:\/\/portal.pi.gov.br\/seres\/wp-content\/uploads\/sites\/87\/2025\/08\/40bf728b-fdc9-4cdb-9f04-ad6c1be1db2e-780x520.jpeg 780w, https:\/\/portal.pi.gov.br\/seres\/wp-content\/uploads\/sites\/87\/2025\/08\/40bf728b-fdc9-4cdb-9f04-ad6c1be1db2e-947x632.jpeg 947w, https:\/\/portal.pi.gov.br\/seres\/wp-content\/uploads\/sites\/87\/2025\/08\/40bf728b-fdc9-4cdb-9f04-ad6c1be1db2e-624x416.jpeg 624w, https:\/\/portal.pi.gov.br\/seres\/wp-content\/uploads\/sites\/87\/2025\/08\/40bf728b-fdc9-4cdb-9f04-ad6c1be1db2e-84x56.jpeg 84w, https:\/\/portal.pi.gov.br\/seres\/wp-content\/uploads\/sites\/87\/2025\/08\/40bf728b-fdc9-4cdb-9f04-ad6c1be1db2e.jpeg 1280w\" sizes=\"(max-width: 1024px) 100vw, 1024px\" \/><\/figure>\n\n\n\n<figure class=\"wp-block-image size-large\"><img decoding=\"async\" loading=\"lazy\" width=\"1024\" height=\"683\" data-id=\"4209\"  src=\"https:\/\/portal.pi.gov.br\/seres\/wp-content\/uploads\/sites\/87\/2025\/08\/22c6fb62-2e77-4b08-896c-edb58ebee1dc-1024x683.jpeg\" alt=\"\" class=\"wp-image-4209\" srcset=\"https:\/\/portal.pi.gov.br\/seres\/wp-content\/uploads\/sites\/87\/2025\/08\/22c6fb62-2e77-4b08-896c-edb58ebee1dc-1024x683.jpeg 1024w, https:\/\/portal.pi.gov.br\/seres\/wp-content\/uploads\/sites\/87\/2025\/08\/22c6fb62-2e77-4b08-896c-edb58ebee1dc-300x200.jpeg 300w, https:\/\/portal.pi.gov.br\/seres\/wp-content\/uploads\/sites\/87\/2025\/08\/22c6fb62-2e77-4b08-896c-edb58ebee1dc-768x512.jpeg 768w, https:\/\/portal.pi.gov.br\/seres\/wp-content\/uploads\/sites\/87\/2025\/08\/22c6fb62-2e77-4b08-896c-edb58ebee1dc-420x280.jpeg 420w, https:\/\/portal.pi.gov.br\/seres\/wp-content\/uploads\/sites\/87\/2025\/08\/22c6fb62-2e77-4b08-896c-edb58ebee1dc-540x360.jpeg 540w, https:\/\/portal.pi.gov.br\/seres\/wp-content\/uploads\/sites\/87\/2025\/08\/22c6fb62-2e77-4b08-896c-edb58ebee1dc-780x520.jpeg 780w, https:\/\/portal.pi.gov.br\/seres\/wp-content\/uploads\/sites\/87\/2025\/08\/22c6fb62-2e77-4b08-896c-edb58ebee1dc-947x632.jpeg 947w, https:\/\/portal.pi.gov.br\/seres\/wp-content\/uploads\/sites\/87\/2025\/08\/22c6fb62-2e77-4b08-896c-edb58ebee1dc-624x416.jpeg 624w, https:\/\/portal.pi.gov.br\/seres\/wp-content\/uploads\/sites\/87\/2025\/08\/22c6fb62-2e77-4b08-896c-edb58ebee1dc-84x56.jpeg 84w, https:\/\/portal.pi.gov.br\/seres\/wp-content\/uploads\/sites\/87\/2025\/08\/22c6fb62-2e77-4b08-896c-edb58ebee1dc.jpeg 1280w\" sizes=\"(max-width: 1024px) 100vw, 1024px\" \/><\/figure>\n\n\n\n<figure class=\"wp-block-image size-large\"><img decoding=\"async\" loading=\"lazy\" width=\"1024\" height=\"683\" data-id=\"4207\"  src=\"https:\/\/portal.pi.gov.br\/seres\/wp-content\/uploads\/sites\/87\/2025\/08\/6b0d4492-0610-45f2-adb2-946893f4c1ba-1024x683.jpeg\" alt=\"\" class=\"wp-image-4207\" srcset=\"https:\/\/portal.pi.gov.br\/seres\/wp-content\/uploads\/sites\/87\/2025\/08\/6b0d4492-0610-45f2-adb2-946893f4c1ba-1024x683.jpeg 1024w, https:\/\/portal.pi.gov.br\/seres\/wp-content\/uploads\/sites\/87\/2025\/08\/6b0d4492-0610-45f2-adb2-946893f4c1ba-300x200.jpeg 300w, https:\/\/portal.pi.gov.br\/seres\/wp-content\/uploads\/sites\/87\/2025\/08\/6b0d4492-0610-45f2-adb2-946893f4c1ba-768x512.jpeg 768w, https:\/\/portal.pi.gov.br\/seres\/wp-content\/uploads\/sites\/87\/2025\/08\/6b0d4492-0610-45f2-adb2-946893f4c1ba-420x280.jpeg 420w, https:\/\/portal.pi.gov.br\/seres\/wp-content\/uploads\/sites\/87\/2025\/08\/6b0d4492-0610-45f2-adb2-946893f4c1ba-540x360.jpeg 540w, https:\/\/portal.pi.gov.br\/seres\/wp-content\/uploads\/sites\/87\/2025\/08\/6b0d4492-0610-45f2-adb2-946893f4c1ba-780x520.jpeg 780w, https:\/\/portal.pi.gov.br\/seres\/wp-content\/uploads\/sites\/87\/2025\/08\/6b0d4492-0610-45f2-adb2-946893f4c1ba-947x632.jpeg 947w, https:\/\/portal.pi.gov.br\/seres\/wp-content\/uploads\/sites\/87\/2025\/08\/6b0d4492-0610-45f2-adb2-946893f4c1ba-624x416.jpeg 624w, https:\/\/portal.pi.gov.br\/seres\/wp-content\/uploads\/sites\/87\/2025\/08\/6b0d4492-0610-45f2-adb2-946893f4c1ba-84x56.jpeg 84w, https:\/\/portal.pi.gov.br\/seres\/wp-content\/uploads\/sites\/87\/2025\/08\/6b0d4492-0610-45f2-adb2-946893f4c1ba.jpeg 1280w\" sizes=\"(max-width: 1024px) 100vw, 1024px\" \/><\/figure>\n<\/figure>\n\n\n\n<p><\/p>\n\n\n\n<p>O governador tamb\u00e9m entregou o novo Centro Integrado de Comando e Controle (CICC), na sede da Secretaria de Seguran\u00e7a P\u00fablica do Piau\u00ed (SSP-PI) e lan\u00e7ou ainda o Sistema de Videomonitoramento Urbano com Intelig\u00eancia Artificial (SPIA), que contar\u00e1 com 629 postes inteligentes distribu\u00eddos inicialmente em Teresina, equipados com mais de 1.200 c\u00e2meras de \u00faltima gera\u00e7\u00e3o.<\/p>\n\n\n\n<p>Secret\u00e1rios de diversas pastas do governo e outras autoridades tamb\u00e9m prestigiaram a celebra\u00e7\u00e3o e as inaugura\u00e7\u00f5es.<\/p>\n\n\n\n<p><\/p>\n\n\n\n<figure class=\"wp-block-gallery has-nested-images columns-default is-cropped wp-block-gallery-5 is-layout-flex\">\n<figure class=\"wp-block-image size-large\"><img decoding=\"async\" loading=\"lazy\" width=\"768\" height=\"1024\" data-id=\"4216\"  src=\"https:\/\/portal.pi.gov.br\/seres\/wp-content\/uploads\/sites\/87\/2025\/08\/a04ebac1-d93e-4ae5-af61-32b18d7a4a81-768x1024.jpeg\" alt=\"\" class=\"wp-image-4216\" srcset=\"https:\/\/portal.pi.gov.br\/seres\/wp-content\/uploads\/sites\/87\/2025\/08\/a04ebac1-d93e-4ae5-af61-32b18d7a4a81-768x1024.jpeg 768w, https:\/\/portal.pi.gov.br\/seres\/wp-content\/uploads\/sites\/87\/2025\/08\/a04ebac1-d93e-4ae5-af61-32b18d7a4a81-225x300.jpeg 225w, https:\/\/portal.pi.gov.br\/seres\/wp-content\/uploads\/sites\/87\/2025\/08\/a04ebac1-d93e-4ae5-af61-32b18d7a4a81-315x420.jpeg 315w, https:\/\/portal.pi.gov.br\/seres\/wp-content\/uploads\/sites\/87\/2025\/08\/a04ebac1-d93e-4ae5-af61-32b18d7a4a81-405x540.jpeg 405w, https:\/\/portal.pi.gov.br\/seres\/wp-content\/uploads\/sites\/87\/2025\/08\/a04ebac1-d93e-4ae5-af61-32b18d7a4a81-585x780.jpeg 585w, https:\/\/portal.pi.gov.br\/seres\/wp-content\/uploads\/sites\/87\/2025\/08\/a04ebac1-d93e-4ae5-af61-32b18d7a4a81-1152x1536.jpeg 1152w, https:\/\/portal.pi.gov.br\/seres\/wp-content\/uploads\/sites\/87\/2025\/08\/a04ebac1-d93e-4ae5-af61-32b18d7a4a81-1536x2048.jpeg 1536w, https:\/\/portal.pi.gov.br\/seres\/wp-content\/uploads\/sites\/87\/2025\/08\/a04ebac1-d93e-4ae5-af61-32b18d7a4a81-947x1263.jpeg 947w, https:\/\/portal.pi.gov.br\/seres\/wp-content\/uploads\/sites\/87\/2025\/08\/a04ebac1-d93e-4ae5-af61-32b18d7a4a81-624x832.jpeg 624w, https:\/\/portal.pi.gov.br\/seres\/wp-content\/uploads\/sites\/87\/2025\/08\/a04ebac1-d93e-4ae5-af61-32b18d7a4a81-scaled.jpeg 1920w\" sizes=\"(max-width: 768px) 100vw, 768px\" \/><\/figure>\n\n\n\n<figure class=\"wp-block-image size-large\"><img decoding=\"async\" loading=\"lazy\" width=\"1024\" height=\"683\" data-id=\"4219\"  src=\"https:\/\/portal.pi.gov.br\/seres\/wp-content\/uploads\/sites\/87\/2025\/08\/c9a68e14-ae6d-42c9-9a3e-e0320748e89c-1024x683.jpeg\" alt=\"\" class=\"wp-image-4219\" srcset=\"https:\/\/portal.pi.gov.br\/seres\/wp-content\/uploads\/sites\/87\/2025\/08\/c9a68e14-ae6d-42c9-9a3e-e0320748e89c-1024x683.jpeg 1024w, https:\/\/portal.pi.gov.br\/seres\/wp-content\/uploads\/sites\/87\/2025\/08\/c9a68e14-ae6d-42c9-9a3e-e0320748e89c-300x200.jpeg 300w, https:\/\/portal.pi.gov.br\/seres\/wp-content\/uploads\/sites\/87\/2025\/08\/c9a68e14-ae6d-42c9-9a3e-e0320748e89c-768x512.jpeg 768w, https:\/\/portal.pi.gov.br\/seres\/wp-content\/uploads\/sites\/87\/2025\/08\/c9a68e14-ae6d-42c9-9a3e-e0320748e89c-420x280.jpeg 420w, https:\/\/portal.pi.gov.br\/seres\/wp-content\/uploads\/sites\/87\/2025\/08\/c9a68e14-ae6d-42c9-9a3e-e0320748e89c-540x360.jpeg 540w, https:\/\/portal.pi.gov.br\/seres\/wp-content\/uploads\/sites\/87\/2025\/08\/c9a68e14-ae6d-42c9-9a3e-e0320748e89c-780x520.jpeg 780w, https:\/\/portal.pi.gov.br\/seres\/wp-content\/uploads\/sites\/87\/2025\/08\/c9a68e14-ae6d-42c9-9a3e-e0320748e89c-947x632.jpeg 947w, https:\/\/portal.pi.gov.br\/seres\/wp-content\/uploads\/sites\/87\/2025\/08\/c9a68e14-ae6d-42c9-9a3e-e0320748e89c-624x416.jpeg 624w, https:\/\/portal.pi.gov.br\/seres\/wp-content\/uploads\/sites\/87\/2025\/08\/c9a68e14-ae6d-42c9-9a3e-e0320748e89c-84x56.jpeg 84w, https:\/\/portal.pi.gov.br\/seres\/wp-content\/uploads\/sites\/87\/2025\/08\/c9a68e14-ae6d-42c9-9a3e-e0320748e89c.jpeg 1280w\" sizes=\"(max-width: 1024px) 100vw, 1024px\" \/><\/figure>\n\n\n\n<figure class=\"wp-block-image size-large\"><img decoding=\"async\" loading=\"lazy\" width=\"1024\" height=\"768\" data-id=\"4213\"  src=\"https:\/\/portal.pi.gov.br\/seres\/wp-content\/uploads\/sites\/87\/2025\/08\/235a7e6e-08f9-45c7-8cca-60b1c7499367-1024x768.jpeg\" alt=\"\" class=\"wp-image-4213\" srcset=\"https:\/\/portal.pi.gov.br\/seres\/wp-content\/uploads\/sites\/87\/2025\/08\/235a7e6e-08f9-45c7-8cca-60b1c7499367-1024x768.jpeg 1024w, https:\/\/portal.pi.gov.br\/seres\/wp-content\/uploads\/sites\/87\/2025\/08\/235a7e6e-08f9-45c7-8cca-60b1c7499367-300x225.jpeg 300w, https:\/\/portal.pi.gov.br\/seres\/wp-content\/uploads\/sites\/87\/2025\/08\/235a7e6e-08f9-45c7-8cca-60b1c7499367-768x576.jpeg 768w, https:\/\/portal.pi.gov.br\/seres\/wp-content\/uploads\/sites\/87\/2025\/08\/235a7e6e-08f9-45c7-8cca-60b1c7499367-420x315.jpeg 420w, https:\/\/portal.pi.gov.br\/seres\/wp-content\/uploads\/sites\/87\/2025\/08\/235a7e6e-08f9-45c7-8cca-60b1c7499367-540x405.jpeg 540w, https:\/\/portal.pi.gov.br\/seres\/wp-content\/uploads\/sites\/87\/2025\/08\/235a7e6e-08f9-45c7-8cca-60b1c7499367-780x585.jpeg 780w, https:\/\/portal.pi.gov.br\/seres\/wp-content\/uploads\/sites\/87\/2025\/08\/235a7e6e-08f9-45c7-8cca-60b1c7499367-1536x1152.jpeg 1536w, https:\/\/portal.pi.gov.br\/seres\/wp-content\/uploads\/sites\/87\/2025\/08\/235a7e6e-08f9-45c7-8cca-60b1c7499367-2048x1536.jpeg 2048w, https:\/\/portal.pi.gov.br\/seres\/wp-content\/uploads\/sites\/87\/2025\/08\/235a7e6e-08f9-45c7-8cca-60b1c7499367-947x710.jpeg 947w, https:\/\/portal.pi.gov.br\/seres\/wp-content\/uploads\/sites\/87\/2025\/08\/235a7e6e-08f9-45c7-8cca-60b1c7499367-624x468.jpeg 624w\" sizes=\"(max-width: 1024px) 100vw, 1024px\" \/><\/figure>\n\n\n\n<figure class=\"wp-block-image size-large\"><img decoding=\"async\" loading=\"lazy\" width=\"1024\" height=\"768\" data-id=\"4212\"  src=\"https:\/\/portal.pi.gov.br\/seres\/wp-content\/uploads\/sites\/87\/2025\/08\/98b72bf8-214c-49eb-9d2c-91f44502d06b-1024x768.jpeg\" alt=\"\" class=\"wp-image-4212\" srcset=\"https:\/\/portal.pi.gov.br\/seres\/wp-content\/uploads\/sites\/87\/2025\/08\/98b72bf8-214c-49eb-9d2c-91f44502d06b-1024x768.jpeg 1024w, https:\/\/portal.pi.gov.br\/seres\/wp-content\/uploads\/sites\/87\/2025\/08\/98b72bf8-214c-49eb-9d2c-91f44502d06b-300x225.jpeg 300w, https:\/\/portal.pi.gov.br\/seres\/wp-content\/uploads\/sites\/87\/2025\/08\/98b72bf8-214c-49eb-9d2c-91f44502d06b-768x576.jpeg 768w, https:\/\/portal.pi.gov.br\/seres\/wp-content\/uploads\/sites\/87\/2025\/08\/98b72bf8-214c-49eb-9d2c-91f44502d06b-420x315.jpeg 420w, https:\/\/portal.pi.gov.br\/seres\/wp-content\/uploads\/sites\/87\/2025\/08\/98b72bf8-214c-49eb-9d2c-91f44502d06b-540x405.jpeg 540w, https:\/\/portal.pi.gov.br\/seres\/wp-content\/uploads\/sites\/87\/2025\/08\/98b72bf8-214c-49eb-9d2c-91f44502d06b-780x585.jpeg 780w, https:\/\/portal.pi.gov.br\/seres\/wp-content\/uploads\/sites\/87\/2025\/08\/98b72bf8-214c-49eb-9d2c-91f44502d06b-1536x1152.jpeg 1536w, https:\/\/portal.pi.gov.br\/seres\/wp-content\/uploads\/sites\/87\/2025\/08\/98b72bf8-214c-49eb-9d2c-91f44502d06b-2048x1536.jpeg 2048w, https:\/\/portal.pi.gov.br\/seres\/wp-content\/uploads\/sites\/87\/2025\/08\/98b72bf8-214c-49eb-9d2c-91f44502d06b-947x710.jpeg 947w, https:\/\/portal.pi.gov.br\/seres\/wp-content\/uploads\/sites\/87\/2025\/08\/98b72bf8-214c-49eb-9d2c-91f44502d06b-624x468.jpeg 624w\" sizes=\"(max-width: 1024px) 100vw, 1024px\" \/><\/figure>\n<\/figure>\n\n\n\n<p><\/p>\n\n\n\n<p>Fotos: Gabriel Paulino e Natalina Alves<\/p>\n","protected":false},"excerpt":{"rendered":"<p>A gestora participou, juntamente com o governador Rafael Fonteles, da missa em a\u00e7\u00e3o de gra\u00e7as pelos 173 anos da cidade de Teresina e de inaugura\u00e7\u00f5es na capital. No \u00faltimo s\u00e1bado [&hellip;]<\/p>\n","protected":false},"author":1821,"featured_media":4209,"comment_status":"closed","ping_status":"closed","sticky":true,"template":"","format":"standard","meta":[],"categories":[34],"tags":[47,41],"featured_image_urls":{"full":["https:\/\/portal.pi.gov.br\/seres\/wp-content\/uploads\/sites\/87\/2025\/08\/22c6fb62-2e77-4b08-896c-edb58ebee1dc.jpeg",1280,854,false],"thumbnail":["https:\/\/portal.pi.gov.br\/seres\/wp-content\/uploads\/sites\/87\/2025\/08\/22c6fb62-2e77-4b08-896c-edb58ebee1dc-150x150.jpeg",150,150,true],"medium":["https:\/\/portal.pi.gov.br\/seres\/wp-content\/uploads\/sites\/87\/2025\/08\/22c6fb62-2e77-4b08-896c-edb58ebee1dc-300x200.jpeg",300,200,true],"medium_large":["https:\/\/portal.pi.gov.br\/seres\/wp-content\/uploads\/sites\/87\/2025\/08\/22c6fb62-2e77-4b08-896c-edb58ebee1dc-768x512.jpeg",768,512,true],"large":["https:\/\/portal.pi.gov.br\/seres\/wp-content\/uploads\/sites\/87\/2025\/08\/22c6fb62-2e77-4b08-896c-edb58ebee1dc-1024x683.jpeg",887,592,true],"sgg-420":["https:\/\/portal.pi.gov.br\/seres\/wp-content\/uploads\/sites\/87\/2025\/08\/22c6fb62-2e77-4b08-896c-edb58ebee1dc-420x280.jpeg",420,280,true],"sgg-540":["https:\/\/portal.pi.gov.br\/seres\/wp-content\/uploads\/sites\/87\/2025\/08\/22c6fb62-2e77-4b08-896c-edb58ebee1dc-540x360.jpeg",540,360,true],"sgg-780":["https:\/\/portal.pi.gov.br\/seres\/wp-content\/uploads\/sites\/87\/2025\/08\/22c6fb62-2e77-4b08-896c-edb58ebee1dc-780x520.jpeg",780,520,true],"1536x1536":["https:\/\/portal.pi.gov.br\/seres\/wp-content\/uploads\/sites\/87\/2025\/08\/22c6fb62-2e77-4b08-896c-edb58ebee1dc.jpeg",1280,854,false],"2048x2048":["https:\/\/portal.pi.gov.br\/seres\/wp-content\/uploads\/sites\/87\/2025\/08\/22c6fb62-2e77-4b08-896c-edb58ebee1dc.jpeg",1280,854,false],"homepage-slider":["https:\/\/portal.pi.gov.br\/seres\/wp-content\/uploads\/sites\/87\/2025\/08\/22c6fb62-2e77-4b08-896c-edb58ebee1dc-1270x500.jpeg",1270,500,true],"homepage-slider-small":["https:\/\/portal.pi.gov.br\/seres\/wp-content\/uploads\/sites\/87\/2025\/08\/22c6fb62-2e77-4b08-896c-edb58ebee1dc-947x500.jpeg",947,500,true],"page-top":["https:\/\/portal.pi.gov.br\/seres\/wp-content\/uploads\/sites\/87\/2025\/08\/22c6fb62-2e77-4b08-896c-edb58ebee1dc-947x632.jpeg",947,632,true],"page-small":["https:\/\/portal.pi.gov.br\/seres\/wp-content\/uploads\/sites\/87\/2025\/08\/22c6fb62-2e77-4b08-896c-edb58ebee1dc-624x416.jpeg",624,416,true],"loop-main":["https:\/\/portal.pi.gov.br\/seres\/wp-content\/uploads\/sites\/87\/2025\/08\/22c6fb62-2e77-4b08-896c-edb58ebee1dc-365x240.jpeg",365,240,true],"thumb-gallery-widget":["https:\/\/portal.pi.gov.br\/seres\/wp-content\/uploads\/sites\/87\/2025\/08\/22c6fb62-2e77-4b08-896c-edb58ebee1dc-84x56.jpeg",84,56,true]},"post_excerpt_stackable":"<p>A gestora participou, juntamente com o governador Rafael Fonteles, da missa em a\u00e7\u00e3o de gra\u00e7as pelos 173 anos da cidade de Teresina e de inaugura\u00e7\u00f5es na capital. No \u00faltimo s\u00e1bado (16) a secret\u00e1ria de Rela\u00e7\u00f5es Sociais, N\u00fabia Lopes, juntamente com o governador Rafael Fonteles, participaram da missa em a\u00e7\u00e3o de gra\u00e7as pelos 173 anos da cidade de Teresina, realizada na Igreja Matriz Nossa Senhora do Amparo, no Centro da capital. A celebra\u00e7\u00e3o foi comandada pelo arcebispo da capital, Dom Juarez Marques. Durante a celebra\u00e7\u00e3o, o governador destacou a import\u00e2ncia do munic\u00edpio e a representatividade da sua terra natal. \u201cAqui eu&hellip;<\/p>\n","category_list":"<a href=\"https:\/\/portal.pi.gov.br\/seres\/category\/noticias\/\" rel=\"category tag\">Not\u00edcias<\/a>","author_info":{"name":"alineraquel","url":"https:\/\/portal.pi.gov.br\/seres\/author\/alineraquel\/"},"comments_num":"0 coment\u00e1rio","featured_image_urls_v2":{"full":["https:\/\/portal.pi.gov.br\/seres\/wp-content\/uploads\/sites\/87\/2025\/08\/22c6fb62-2e77-4b08-896c-edb58ebee1dc.jpeg",1280,854,false],"thumbnail":["https:\/\/portal.pi.gov.br\/seres\/wp-content\/uploads\/sites\/87\/2025\/08\/22c6fb62-2e77-4b08-896c-edb58ebee1dc-150x150.jpeg",150,150,true],"medium":["https:\/\/portal.pi.gov.br\/seres\/wp-content\/uploads\/sites\/87\/2025\/08\/22c6fb62-2e77-4b08-896c-edb58ebee1dc-300x200.jpeg",300,200,true],"medium_large":["https:\/\/portal.pi.gov.br\/seres\/wp-content\/uploads\/sites\/87\/2025\/08\/22c6fb62-2e77-4b08-896c-edb58ebee1dc-768x512.jpeg",768,512,true],"large":["https:\/\/portal.pi.gov.br\/seres\/wp-content\/uploads\/sites\/87\/2025\/08\/22c6fb62-2e77-4b08-896c-edb58ebee1dc-1024x683.jpeg",887,592,true],"sgg-420":["https:\/\/portal.pi.gov.br\/seres\/wp-content\/uploads\/sites\/87\/2025\/08\/22c6fb62-2e77-4b08-896c-edb58ebee1dc-420x280.jpeg",420,280,true],"sgg-540":["https:\/\/portal.pi.gov.br\/seres\/wp-content\/uploads\/sites\/87\/2025\/08\/22c6fb62-2e77-4b08-896c-edb58ebee1dc-540x360.jpeg",540,360,true],"sgg-780":["https:\/\/portal.pi.gov.br\/seres\/wp-content\/uploads\/sites\/87\/2025\/08\/22c6fb62-2e77-4b08-896c-edb58ebee1dc-780x520.jpeg",780,520,true],"1536x1536":["https:\/\/portal.pi.gov.br\/seres\/wp-content\/uploads\/sites\/87\/2025\/08\/22c6fb62-2e77-4b08-896c-edb58ebee1dc.jpeg",1280,854,false],"2048x2048":["https:\/\/portal.pi.gov.br\/seres\/wp-content\/uploads\/sites\/87\/2025\/08\/22c6fb62-2e77-4b08-896c-edb58ebee1dc.jpeg",1280,854,false],"homepage-slider":["https:\/\/portal.pi.gov.br\/seres\/wp-content\/uploads\/sites\/87\/2025\/08\/22c6fb62-2e77-4b08-896c-edb58ebee1dc-1270x500.jpeg",1270,500,true],"homepage-slider-small":["https:\/\/portal.pi.gov.br\/seres\/wp-content\/uploads\/sites\/87\/2025\/08\/22c6fb62-2e77-4b08-896c-edb58ebee1dc-947x500.jpeg",947,500,true],"page-top":["https:\/\/portal.pi.gov.br\/seres\/wp-content\/uploads\/sites\/87\/2025\/08\/22c6fb62-2e77-4b08-896c-edb58ebee1dc-947x632.jpeg",947,632,true],"page-small":["https:\/\/portal.pi.gov.br\/seres\/wp-content\/uploads\/sites\/87\/2025\/08\/22c6fb62-2e77-4b08-896c-edb58ebee1dc-624x416.jpeg",624,416,true],"loop-main":["https:\/\/portal.pi.gov.br\/seres\/wp-content\/uploads\/sites\/87\/2025\/08\/22c6fb62-2e77-4b08-896c-edb58ebee1dc-365x240.jpeg",365,240,true],"thumb-gallery-widget":["https:\/\/portal.pi.gov.br\/seres\/wp-content\/uploads\/sites\/87\/2025\/08\/22c6fb62-2e77-4b08-896c-edb58ebee1dc-84x56.jpeg",84,56,true]},"post_excerpt_stackable_v2":"<p>A gestora participou, juntamente com o governador Rafael Fonteles, da missa em a\u00e7\u00e3o de gra\u00e7as pelos 173 anos da cidade de Teresina e de inaugura\u00e7\u00f5es na capital. No \u00faltimo s\u00e1bado (16) a secret\u00e1ria de Rela\u00e7\u00f5es Sociais, N\u00fabia Lopes, juntamente com o governador Rafael Fonteles, participaram da missa em a\u00e7\u00e3o de gra\u00e7as pelos 173 anos da cidade de Teresina, realizada na Igreja Matriz Nossa Senhora do Amparo, no Centro da capital. A celebra\u00e7\u00e3o foi comandada pelo arcebispo da capital, Dom Juarez Marques. Durante a celebra\u00e7\u00e3o, o governador destacou a import\u00e2ncia do munic\u00edpio e a representatividade da sua terra natal. \u201cAqui eu&hellip;<\/p>\n","category_list_v2":"<a href=\"https:\/\/portal.pi.gov.br\/seres\/category\/noticias\/\" rel=\"category tag\">Not\u00edcias<\/a>","author_info_v2":{"name":"alineraquel","url":"https:\/\/portal.pi.gov.br\/seres\/author\/alineraquel\/"},"comments_num_v2":"0 coment\u00e1rio","jetpack_featured_media_url":"https:\/\/portal.pi.gov.br\/seres\/wp-content\/uploads\/sites\/87\/2025\/08\/22c6fb62-2e77-4b08-896c-edb58ebee1dc.jpeg","_links":{"self":[{"href":"https:\/\/portal.pi.gov.br\/seres\/wp-json\/wp\/v2\/posts\/4236"}],"collection":[{"href":"https:\/\/portal.pi.gov.br\/seres\/wp-json\/wp\/v2\/posts"}],"about":[{"href":"https:\/\/portal.pi.gov.br\/seres\/wp-json\/wp\/v2\/types\/post"}],"author":[{"embeddable":true,"href":"https:\/\/portal.pi.gov.br\/seres\/wp-json\/wp\/v2\/users\/1821"}],"replies":[{"embeddable":true,"href":"https:\/\/portal.pi.gov.br\/seres\/wp-json\/wp\/v2\/comments?post=4236"}],"version-history":[{"count":2,"href":"https:\/\/portal.pi.gov.br\/seres\/wp-json\/wp\/v2\/posts\/4236\/revisions"}],"predecessor-version":[{"id":4239,"href":"https:\/\/portal.pi.gov.br\/seres\/wp-json\/wp\/v2\/posts\/4236\/revisions\/4239"}],"wp:featuredmedia":[{"embeddable":true,"href":"https:\/\/portal.pi.gov.br\/seres\/wp-json\/wp\/v2\/media\/4209"}],"wp:attachment":[{"href":"https:\/\/portal.pi.gov.br\/seres\/wp-json\/wp\/v2\/media?parent=4236"}],"wp:term":[{"taxonomy":"category","embeddable":true,"href":"https:\/\/portal.pi.gov.br\/seres\/wp-json\/wp\/v2\/categories?post=4236"},{"taxonomy":"post_tag","embeddable":true,"href":"https:\/\/portal.pi.gov.br\/seres\/wp-json\/wp\/v2\/tags?post=4236"}],"curies":[{"name":"wp","href":"https:\/\/api.w.org\/{rel}","templated":true}]}}