{"id":4263,"date":"2025-08-19T14:00:09","date_gmt":"2025-08-19T17:00:09","guid":{"rendered":"https:\/\/portal.pi.gov.br\/seres\/?p=4263"},"modified":"2025-08-19T14:40:36","modified_gmt":"2025-08-19T17:40:36","slug":"seres-na-6a-conferencia-estadual-das-cidades-foco-em-politicas-publicas-inclusivas-e-desenvolvimento-urbano","status":"publish","type":"post","link":"https:\/\/portal.pi.gov.br\/seres\/2025\/08\/19\/seres-na-6a-conferencia-estadual-das-cidades-foco-em-politicas-publicas-inclusivas-e-desenvolvimento-urbano\/","title":{"rendered":"Seres na 6\u00aa Confer\u00eancia Estadual das Cidades: Foco em pol\u00edticas p\u00fablicas inclusivas e desenvolvimento urbano"},"content":{"rendered":"\n<p><\/p>\n\n\n\n<h2 class=\"wp-block-heading\">A confer\u00eancia visa fortalecer a gest\u00e3o democr\u00e1tica e a participa\u00e7\u00e3o social na formula\u00e7\u00e3o de pol\u00edticas p\u00fablicas.<\/h2>\n\n\n\n<p><\/p>\n\n\n\n<figure class=\"wp-block-image size-large\"><img decoding=\"async\" loading=\"lazy\" width=\"1024\" height=\"768\" src=\"https:\/\/portal.pi.gov.br\/seres\/wp-content\/uploads\/sites\/87\/2025\/08\/beaa7d4b-5a6e-47f7-a5a4-e84eb39d95d2-1024x768.jpeg\" alt=\"\" class=\"wp-image-4256\" srcset=\"https:\/\/portal.pi.gov.br\/seres\/wp-content\/uploads\/sites\/87\/2025\/08\/beaa7d4b-5a6e-47f7-a5a4-e84eb39d95d2-1024x768.jpeg 1024w, https:\/\/portal.pi.gov.br\/seres\/wp-content\/uploads\/sites\/87\/2025\/08\/beaa7d4b-5a6e-47f7-a5a4-e84eb39d95d2-300x225.jpeg 300w, https:\/\/portal.pi.gov.br\/seres\/wp-content\/uploads\/sites\/87\/2025\/08\/beaa7d4b-5a6e-47f7-a5a4-e84eb39d95d2-768x576.jpeg 768w, https:\/\/portal.pi.gov.br\/seres\/wp-content\/uploads\/sites\/87\/2025\/08\/beaa7d4b-5a6e-47f7-a5a4-e84eb39d95d2-420x315.jpeg 420w, https:\/\/portal.pi.gov.br\/seres\/wp-content\/uploads\/sites\/87\/2025\/08\/beaa7d4b-5a6e-47f7-a5a4-e84eb39d95d2-540x405.jpeg 540w, https:\/\/portal.pi.gov.br\/seres\/wp-content\/uploads\/sites\/87\/2025\/08\/beaa7d4b-5a6e-47f7-a5a4-e84eb39d95d2-780x585.jpeg 780w, https:\/\/portal.pi.gov.br\/seres\/wp-content\/uploads\/sites\/87\/2025\/08\/beaa7d4b-5a6e-47f7-a5a4-e84eb39d95d2-1536x1152.jpeg 1536w, https:\/\/portal.pi.gov.br\/seres\/wp-content\/uploads\/sites\/87\/2025\/08\/beaa7d4b-5a6e-47f7-a5a4-e84eb39d95d2-2048x1536.jpeg 2048w, https:\/\/portal.pi.gov.br\/seres\/wp-content\/uploads\/sites\/87\/2025\/08\/beaa7d4b-5a6e-47f7-a5a4-e84eb39d95d2-947x710.jpeg 947w, https:\/\/portal.pi.gov.br\/seres\/wp-content\/uploads\/sites\/87\/2025\/08\/beaa7d4b-5a6e-47f7-a5a4-e84eb39d95d2-624x468.jpeg 624w\" sizes=\"(max-width: 1024px) 100vw, 1024px\" \/><\/figure>\n\n\n\n<p><a href=\"https:\/\/www.pi.gov.br\/etapa-preparatoria-da-6a-conferencia-nacional-das-cidades-inicia-nesta-terca19-em-teresina\/#\"><\/a><\/p>\n\n\n\n<p><\/p>\n\n\n\n<p>Com o tema \u201cConstruindo a Pol\u00edtica Nacional de Desenvolvimento Urbano: caminhos para cidades inclusivas, democr\u00e1ticas, sustent\u00e1veis e com justi\u00e7a social\u201d, teve in\u00edcio nesta ter\u00e7a-feira (19) a Confer\u00eancia Estadual das Cidades, etapa preparat\u00f3ria para a 6\u00aa Confer\u00eancia Nacional das Cidades, no Blue Tree Towers Rio Poty, em Teresina.<\/p>\n\n\n\n<p>O evento reuniu gestores p\u00fablicos, representantes da sociedade civil, movimentos sociais e entidades profissionais para debater o futuro do desenvolvimento urbano no estado. O governador Rafael Fonteles e a secret\u00e1ria de Rela\u00e7\u00f5es Sociais, N\u00fabia Lopes, participaram da abertura. <\/p>\n\n\n\n<p>A confer\u00eancia, realizada pelo Governo do Estado, por meio da Secretaria de Planejamento (Seplan), e patroc\u00ednio da Caixa Econ\u00f4mica, tem como objetivo \u00e9 fortalecer a gest\u00e3o democr\u00e1tica e a participa\u00e7\u00e3o social na formula\u00e7\u00e3o de pol\u00edticas p\u00fablicas voltadas para \u00e1reas como mobilidade urbana, habita\u00e7\u00e3o, saneamento b\u00e1sico e governan\u00e7a urbana.<\/p>\n\n\n\n<p>A Seres, atendendo a provoca\u00e7\u00e3o feita pela Federa\u00e7\u00e3o das Associa\u00e7\u00f5es de Moradores e Conselhos Comunit\u00e1rios do Piau\u00ed &#8211; FAMCC-PI, articulou, em conjunto com representantes da sociedade civil organizada, todo o processo de cria\u00e7\u00e3o do Grupo de Trabalho, respons\u00e1vel pela condu\u00e7\u00e3o da reativa\u00e7\u00e3o do Conselho Estadual de Desenvolvimento Urbano (CEDUR-PI). Ap\u00f3s reativado, a SERES deu apoio ao CEDUR(PI) nas duas primeiras plen\u00e1rias do Conselho, realizadas nos dias 02\/05\/2024 e 04\/07\/2024.<\/p>\n\n\n\n<p>Apesar da Seres n\u00e3o ter assento no CEDUR(PI), ela foi convidada para participar da Comiss\u00e3o Organizadora da Confer\u00eancia Estadual das Cidades e participou ativamente de todas as reuni\u00f5es da comiss\u00e3o, contribuindo mais ativamente nas Comiss\u00f5es de Metodologia e Sistematiza\u00e7\u00e3o Recursal e de Valida\u00e7\u00e3o, agendando quando necess\u00e1rio, a sala de reuni\u00f5es da secretaria para que estas comiss\u00f5es pudessem se reunir e se articular.<\/p>\n\n\n\n<p>&#8220;Muito importante esse momento. Aqui \u00e9 a culmin\u00e2ncia de um processo de mobiliza\u00e7\u00e3o do Conselho de Desenvolvimento Urbano, que \u00e9 composto por representantes da sociedade civil e do governo. Ent\u00e3o, n\u00f3s estamos a\u00ed com uma caminhada longa de articula\u00e7\u00e3o, de mobiliza\u00e7\u00e3o, para que o Conselho se reestruturasse e acontecesse a confer\u00eancia. Hoje, aqui n\u00f3s temos a participa\u00e7\u00e3o de representa\u00e7\u00f5es dos munic\u00edpios, tanto da sociedade civil como de gestores, contribuindo com a pol\u00edtica de desenvolvimento urbano. Para n\u00f3s \u00e9 um momento de garantia da participa\u00e7\u00e3o social, com a presen\u00e7a do governador, reafirmando sempre que no seu governo a participa\u00e7\u00e3o social est\u00e1 em primeiro lugar, seja atrav\u00e9s das confer\u00eancias, atrav\u00e9s do Or\u00e7amento Participativo, revis\u00e3o do PPA, pelo Di\u00e1logos pelo Piau\u00ed todo, e hoje na Confer\u00eancia Estadual de Desenvolvimento Urbano, contribuindo com essa pol\u00edtica t\u00e3o importante para o nosso estado e para o Brasil, que realmente \u00e9 em cada munic\u00edpio que as coisas acontecem. Ent\u00e3o, quem mora num munic\u00edpio sabe a necessidade que se tem em cada lugar para melhorias, tanto na quest\u00e3o da mobilidade urbana quanto quest\u00e3o da habita\u00e7\u00e3o&#8221;, destacou a secret\u00e1ria N\u00fabia Lopes.<\/p>\n\n\n\n<p><\/p>\n\n\n\n<figure class=\"wp-block-image size-large\"><img decoding=\"async\" loading=\"lazy\" width=\"768\" height=\"1024\" src=\"https:\/\/portal.pi.gov.br\/seres\/wp-content\/uploads\/sites\/87\/2025\/08\/444a2ff5-adf0-436a-8d22-cccc53d8a168-768x1024.jpeg\" alt=\"\" class=\"wp-image-4247\" srcset=\"https:\/\/portal.pi.gov.br\/seres\/wp-content\/uploads\/sites\/87\/2025\/08\/444a2ff5-adf0-436a-8d22-cccc53d8a168-768x1024.jpeg 768w, https:\/\/portal.pi.gov.br\/seres\/wp-content\/uploads\/sites\/87\/2025\/08\/444a2ff5-adf0-436a-8d22-cccc53d8a168-225x300.jpeg 225w, https:\/\/portal.pi.gov.br\/seres\/wp-content\/uploads\/sites\/87\/2025\/08\/444a2ff5-adf0-436a-8d22-cccc53d8a168-315x420.jpeg 315w, https:\/\/portal.pi.gov.br\/seres\/wp-content\/uploads\/sites\/87\/2025\/08\/444a2ff5-adf0-436a-8d22-cccc53d8a168-405x540.jpeg 405w, https:\/\/portal.pi.gov.br\/seres\/wp-content\/uploads\/sites\/87\/2025\/08\/444a2ff5-adf0-436a-8d22-cccc53d8a168-585x780.jpeg 585w, https:\/\/portal.pi.gov.br\/seres\/wp-content\/uploads\/sites\/87\/2025\/08\/444a2ff5-adf0-436a-8d22-cccc53d8a168-947x1263.jpeg 947w, https:\/\/portal.pi.gov.br\/seres\/wp-content\/uploads\/sites\/87\/2025\/08\/444a2ff5-adf0-436a-8d22-cccc53d8a168-624x832.jpeg 624w, https:\/\/portal.pi.gov.br\/seres\/wp-content\/uploads\/sites\/87\/2025\/08\/444a2ff5-adf0-436a-8d22-cccc53d8a168.jpeg 960w\" sizes=\"(max-width: 768px) 100vw, 768px\" \/><\/figure>\n\n\n\n<p><\/p>\n\n\n\n<p>&#8220;A pol\u00edtica de desenvolvimento urbano, ou seja, melhoria da nossa cidade, para que elas sejam cada vez mais sustent\u00e1veis, inclusivas, que promovam realmente o bem-estar do povo, essa pol\u00edtica p\u00fablica est\u00e1 recebendo aqui em Teresina a Confer\u00eancia Estadual para depois termos a Confer\u00eancia Nacional, em Bras\u00edlia, envolvendo toda a federa\u00e7\u00e3o brasileira. Ent\u00e3o, o Piau\u00ed est\u00e1 dando sua parcela de contribui\u00e7\u00e3o para essa discuss\u00e3o nacional. Tivemos as primeiras discuss\u00f5es nos munic\u00edpios, agora aqui \u00e9 discuss\u00e3o no Estado, dentro dessa pol\u00edtica de participa\u00e7\u00e3o social t\u00e3o valorizada pelo nosso campo pol\u00edtico, pelo presidente Lula e pelo nosso governo. Teremos esse momento importante para exatamente destacarmos quais s\u00e3o as prioridades nesse desenvolvimento urbano, no que diz respeito ao processo de habita\u00e7\u00e3o, ao processo de meio ambiente dentro das cidades, preserva\u00e7\u00e3o desse ecossistema para termos cidades mais sustent\u00e1veis, nessa pol\u00edtica tamb\u00e9m de cidades mais modernas, digitais e inteligentes&#8221;, enfatizou o governador Rafael Fonteles.<\/p>\n\n\n\n<figure class=\"wp-block-image size-large\"><img decoding=\"async\" loading=\"lazy\" width=\"819\" height=\"1024\" src=\"https:\/\/portal.pi.gov.br\/seres\/wp-content\/uploads\/sites\/87\/2025\/08\/e5c450ca-5b29-4272-bf8a-3342f5698e43-1-819x1024.jpeg\" alt=\"\" class=\"wp-image-4265\" srcset=\"https:\/\/portal.pi.gov.br\/seres\/wp-content\/uploads\/sites\/87\/2025\/08\/e5c450ca-5b29-4272-bf8a-3342f5698e43-1-819x1024.jpeg 819w, https:\/\/portal.pi.gov.br\/seres\/wp-content\/uploads\/sites\/87\/2025\/08\/e5c450ca-5b29-4272-bf8a-3342f5698e43-1-240x300.jpeg 240w, https:\/\/portal.pi.gov.br\/seres\/wp-content\/uploads\/sites\/87\/2025\/08\/e5c450ca-5b29-4272-bf8a-3342f5698e43-1-768x960.jpeg 768w, https:\/\/portal.pi.gov.br\/seres\/wp-content\/uploads\/sites\/87\/2025\/08\/e5c450ca-5b29-4272-bf8a-3342f5698e43-1-336x420.jpeg 336w, https:\/\/portal.pi.gov.br\/seres\/wp-content\/uploads\/sites\/87\/2025\/08\/e5c450ca-5b29-4272-bf8a-3342f5698e43-1-432x540.jpeg 432w, https:\/\/portal.pi.gov.br\/seres\/wp-content\/uploads\/sites\/87\/2025\/08\/e5c450ca-5b29-4272-bf8a-3342f5698e43-1-624x780.jpeg 624w, https:\/\/portal.pi.gov.br\/seres\/wp-content\/uploads\/sites\/87\/2025\/08\/e5c450ca-5b29-4272-bf8a-3342f5698e43-1-947x1184.jpeg 947w, https:\/\/portal.pi.gov.br\/seres\/wp-content\/uploads\/sites\/87\/2025\/08\/e5c450ca-5b29-4272-bf8a-3342f5698e43-1.jpeg 1024w\" sizes=\"(max-width: 819px) 100vw, 819px\" \/><\/figure>\n\n\n\n<p><\/p>\n\n\n\n<p><\/p>\n\n\n\n<p>&#8220;Eu vejo muitas for\u00e7as envolvidas nessa confer\u00eancia, ent\u00e3o estou muito otimista. Acho que n\u00f3s vamos sair daqui com um plano da constru\u00e7\u00e3o da pol\u00edtica nacional das cidades, com muito vigor e com muita participa\u00e7\u00e3o social. Quando a gente constr\u00f3i com v\u00e1rias for\u00e7as, a gente chega a um resultado significativo. Acho que a fala do governador foi uma fala que deixou muitas esperan\u00e7as nessa quest\u00e3o que estava quieta, calada, sem express\u00e3o, mas acho que agora n\u00f3s vamos chegar a construir essa a pol\u00edtica p\u00fablica t\u00e3o importante aqui no estado&#8221;, disse a representante do Movimento dos Trabalhadores Sem Teto (MTST), Josefa Lima.<\/p>\n\n\n\n<figure class=\"wp-block-image size-large\"><img decoding=\"async\" loading=\"lazy\" width=\"1024\" height=\"768\" src=\"https:\/\/portal.pi.gov.br\/seres\/wp-content\/uploads\/sites\/87\/2025\/08\/5b9eb203-b203-42af-b76b-bcfccdf2168f-1-1024x768.jpeg\" alt=\"\" class=\"wp-image-4266\" srcset=\"https:\/\/portal.pi.gov.br\/seres\/wp-content\/uploads\/sites\/87\/2025\/08\/5b9eb203-b203-42af-b76b-bcfccdf2168f-1-1024x768.jpeg 1024w, https:\/\/portal.pi.gov.br\/seres\/wp-content\/uploads\/sites\/87\/2025\/08\/5b9eb203-b203-42af-b76b-bcfccdf2168f-1-300x225.jpeg 300w, https:\/\/portal.pi.gov.br\/seres\/wp-content\/uploads\/sites\/87\/2025\/08\/5b9eb203-b203-42af-b76b-bcfccdf2168f-1-768x576.jpeg 768w, https:\/\/portal.pi.gov.br\/seres\/wp-content\/uploads\/sites\/87\/2025\/08\/5b9eb203-b203-42af-b76b-bcfccdf2168f-1-420x315.jpeg 420w, https:\/\/portal.pi.gov.br\/seres\/wp-content\/uploads\/sites\/87\/2025\/08\/5b9eb203-b203-42af-b76b-bcfccdf2168f-1-540x405.jpeg 540w, https:\/\/portal.pi.gov.br\/seres\/wp-content\/uploads\/sites\/87\/2025\/08\/5b9eb203-b203-42af-b76b-bcfccdf2168f-1-780x585.jpeg 780w, https:\/\/portal.pi.gov.br\/seres\/wp-content\/uploads\/sites\/87\/2025\/08\/5b9eb203-b203-42af-b76b-bcfccdf2168f-1-1536x1152.jpeg 1536w, https:\/\/portal.pi.gov.br\/seres\/wp-content\/uploads\/sites\/87\/2025\/08\/5b9eb203-b203-42af-b76b-bcfccdf2168f-1-2048x1536.jpeg 2048w, https:\/\/portal.pi.gov.br\/seres\/wp-content\/uploads\/sites\/87\/2025\/08\/5b9eb203-b203-42af-b76b-bcfccdf2168f-1-947x710.jpeg 947w, https:\/\/portal.pi.gov.br\/seres\/wp-content\/uploads\/sites\/87\/2025\/08\/5b9eb203-b203-42af-b76b-bcfccdf2168f-1-624x468.jpeg 624w\" sizes=\"(max-width: 1024px) 100vw, 1024px\" \/><\/figure>\n\n\n\n<p><\/p>\n\n\n\n<p><\/p>\n\n\n\n<figure class=\"wp-block-gallery has-nested-images columns-default is-cropped wp-block-gallery-1 is-layout-flex\">\n<figure class=\"wp-block-image size-large\"><img decoding=\"async\" loading=\"lazy\" width=\"1024\" height=\"683\" data-id=\"4261\"  src=\"https:\/\/portal.pi.gov.br\/seres\/wp-content\/uploads\/sites\/87\/2025\/08\/2c174447-f28a-4d6d-ad59-1b74abb999d7-1024x683.jpeg\" alt=\"\" class=\"wp-image-4261\" srcset=\"https:\/\/portal.pi.gov.br\/seres\/wp-content\/uploads\/sites\/87\/2025\/08\/2c174447-f28a-4d6d-ad59-1b74abb999d7-1024x683.jpeg 1024w, https:\/\/portal.pi.gov.br\/seres\/wp-content\/uploads\/sites\/87\/2025\/08\/2c174447-f28a-4d6d-ad59-1b74abb999d7-300x200.jpeg 300w, https:\/\/portal.pi.gov.br\/seres\/wp-content\/uploads\/sites\/87\/2025\/08\/2c174447-f28a-4d6d-ad59-1b74abb999d7-768x512.jpeg 768w, https:\/\/portal.pi.gov.br\/seres\/wp-content\/uploads\/sites\/87\/2025\/08\/2c174447-f28a-4d6d-ad59-1b74abb999d7-420x280.jpeg 420w, https:\/\/portal.pi.gov.br\/seres\/wp-content\/uploads\/sites\/87\/2025\/08\/2c174447-f28a-4d6d-ad59-1b74abb999d7-540x360.jpeg 540w, https:\/\/portal.pi.gov.br\/seres\/wp-content\/uploads\/sites\/87\/2025\/08\/2c174447-f28a-4d6d-ad59-1b74abb999d7-780x520.jpeg 780w, https:\/\/portal.pi.gov.br\/seres\/wp-content\/uploads\/sites\/87\/2025\/08\/2c174447-f28a-4d6d-ad59-1b74abb999d7-947x632.jpeg 947w, https:\/\/portal.pi.gov.br\/seres\/wp-content\/uploads\/sites\/87\/2025\/08\/2c174447-f28a-4d6d-ad59-1b74abb999d7-624x416.jpeg 624w, https:\/\/portal.pi.gov.br\/seres\/wp-content\/uploads\/sites\/87\/2025\/08\/2c174447-f28a-4d6d-ad59-1b74abb999d7-84x56.jpeg 84w, https:\/\/portal.pi.gov.br\/seres\/wp-content\/uploads\/sites\/87\/2025\/08\/2c174447-f28a-4d6d-ad59-1b74abb999d7.jpeg 1280w\" sizes=\"(max-width: 1024px) 100vw, 1024px\" \/><\/figure>\n\n\n\n<figure class=\"wp-block-image size-large\"><img decoding=\"async\" loading=\"lazy\" width=\"1024\" height=\"768\" data-id=\"4260\"  src=\"https:\/\/portal.pi.gov.br\/seres\/wp-content\/uploads\/sites\/87\/2025\/08\/fb91f20b-2cfe-4e38-abb8-9949ecbc2ea4-1024x768.jpeg\" alt=\"\" class=\"wp-image-4260\" srcset=\"https:\/\/portal.pi.gov.br\/seres\/wp-content\/uploads\/sites\/87\/2025\/08\/fb91f20b-2cfe-4e38-abb8-9949ecbc2ea4-1024x768.jpeg 1024w, https:\/\/portal.pi.gov.br\/seres\/wp-content\/uploads\/sites\/87\/2025\/08\/fb91f20b-2cfe-4e38-abb8-9949ecbc2ea4-300x225.jpeg 300w, https:\/\/portal.pi.gov.br\/seres\/wp-content\/uploads\/sites\/87\/2025\/08\/fb91f20b-2cfe-4e38-abb8-9949ecbc2ea4-768x576.jpeg 768w, https:\/\/portal.pi.gov.br\/seres\/wp-content\/uploads\/sites\/87\/2025\/08\/fb91f20b-2cfe-4e38-abb8-9949ecbc2ea4-420x315.jpeg 420w, https:\/\/portal.pi.gov.br\/seres\/wp-content\/uploads\/sites\/87\/2025\/08\/fb91f20b-2cfe-4e38-abb8-9949ecbc2ea4-540x405.jpeg 540w, https:\/\/portal.pi.gov.br\/seres\/wp-content\/uploads\/sites\/87\/2025\/08\/fb91f20b-2cfe-4e38-abb8-9949ecbc2ea4-780x585.jpeg 780w, https:\/\/portal.pi.gov.br\/seres\/wp-content\/uploads\/sites\/87\/2025\/08\/fb91f20b-2cfe-4e38-abb8-9949ecbc2ea4-1536x1152.jpeg 1536w, https:\/\/portal.pi.gov.br\/seres\/wp-content\/uploads\/sites\/87\/2025\/08\/fb91f20b-2cfe-4e38-abb8-9949ecbc2ea4-2048x1536.jpeg 2048w, https:\/\/portal.pi.gov.br\/seres\/wp-content\/uploads\/sites\/87\/2025\/08\/fb91f20b-2cfe-4e38-abb8-9949ecbc2ea4-947x710.jpeg 947w, https:\/\/portal.pi.gov.br\/seres\/wp-content\/uploads\/sites\/87\/2025\/08\/fb91f20b-2cfe-4e38-abb8-9949ecbc2ea4-624x468.jpeg 624w\" sizes=\"(max-width: 1024px) 100vw, 1024px\" \/><\/figure>\n\n\n\n<figure class=\"wp-block-image size-large\"><img decoding=\"async\" loading=\"lazy\" width=\"1024\" height=\"768\" data-id=\"4259\"  src=\"https:\/\/portal.pi.gov.br\/seres\/wp-content\/uploads\/sites\/87\/2025\/08\/f9d70f18-11fe-4c68-988e-90229b8e657c-1024x768.jpeg\" alt=\"\" class=\"wp-image-4259\" srcset=\"https:\/\/portal.pi.gov.br\/seres\/wp-content\/uploads\/sites\/87\/2025\/08\/f9d70f18-11fe-4c68-988e-90229b8e657c-1024x768.jpeg 1024w, https:\/\/portal.pi.gov.br\/seres\/wp-content\/uploads\/sites\/87\/2025\/08\/f9d70f18-11fe-4c68-988e-90229b8e657c-300x225.jpeg 300w, https:\/\/portal.pi.gov.br\/seres\/wp-content\/uploads\/sites\/87\/2025\/08\/f9d70f18-11fe-4c68-988e-90229b8e657c-768x576.jpeg 768w, https:\/\/portal.pi.gov.br\/seres\/wp-content\/uploads\/sites\/87\/2025\/08\/f9d70f18-11fe-4c68-988e-90229b8e657c-420x315.jpeg 420w, https:\/\/portal.pi.gov.br\/seres\/wp-content\/uploads\/sites\/87\/2025\/08\/f9d70f18-11fe-4c68-988e-90229b8e657c-540x405.jpeg 540w, https:\/\/portal.pi.gov.br\/seres\/wp-content\/uploads\/sites\/87\/2025\/08\/f9d70f18-11fe-4c68-988e-90229b8e657c-780x585.jpeg 780w, https:\/\/portal.pi.gov.br\/seres\/wp-content\/uploads\/sites\/87\/2025\/08\/f9d70f18-11fe-4c68-988e-90229b8e657c-1536x1152.jpeg 1536w, https:\/\/portal.pi.gov.br\/seres\/wp-content\/uploads\/sites\/87\/2025\/08\/f9d70f18-11fe-4c68-988e-90229b8e657c-2048x1536.jpeg 2048w, https:\/\/portal.pi.gov.br\/seres\/wp-content\/uploads\/sites\/87\/2025\/08\/f9d70f18-11fe-4c68-988e-90229b8e657c-947x710.jpeg 947w, https:\/\/portal.pi.gov.br\/seres\/wp-content\/uploads\/sites\/87\/2025\/08\/f9d70f18-11fe-4c68-988e-90229b8e657c-624x468.jpeg 624w\" sizes=\"(max-width: 1024px) 100vw, 1024px\" \/><\/figure>\n\n\n\n<figure class=\"wp-block-image size-large\"><img decoding=\"async\" loading=\"lazy\" width=\"1024\" height=\"768\" data-id=\"4258\"  src=\"https:\/\/portal.pi.gov.br\/seres\/wp-content\/uploads\/sites\/87\/2025\/08\/f09c3d5e-bcfc-4366-8454-5f6090c04241-1024x768.jpeg\" alt=\"\" class=\"wp-image-4258\" srcset=\"https:\/\/portal.pi.gov.br\/seres\/wp-content\/uploads\/sites\/87\/2025\/08\/f09c3d5e-bcfc-4366-8454-5f6090c04241-1024x768.jpeg 1024w, https:\/\/portal.pi.gov.br\/seres\/wp-content\/uploads\/sites\/87\/2025\/08\/f09c3d5e-bcfc-4366-8454-5f6090c04241-300x225.jpeg 300w, https:\/\/portal.pi.gov.br\/seres\/wp-content\/uploads\/sites\/87\/2025\/08\/f09c3d5e-bcfc-4366-8454-5f6090c04241-768x576.jpeg 768w, https:\/\/portal.pi.gov.br\/seres\/wp-content\/uploads\/sites\/87\/2025\/08\/f09c3d5e-bcfc-4366-8454-5f6090c04241-420x315.jpeg 420w, https:\/\/portal.pi.gov.br\/seres\/wp-content\/uploads\/sites\/87\/2025\/08\/f09c3d5e-bcfc-4366-8454-5f6090c04241-540x405.jpeg 540w, https:\/\/portal.pi.gov.br\/seres\/wp-content\/uploads\/sites\/87\/2025\/08\/f09c3d5e-bcfc-4366-8454-5f6090c04241-780x585.jpeg 780w, https:\/\/portal.pi.gov.br\/seres\/wp-content\/uploads\/sites\/87\/2025\/08\/f09c3d5e-bcfc-4366-8454-5f6090c04241-1536x1152.jpeg 1536w, https:\/\/portal.pi.gov.br\/seres\/wp-content\/uploads\/sites\/87\/2025\/08\/f09c3d5e-bcfc-4366-8454-5f6090c04241-2048x1536.jpeg 2048w, https:\/\/portal.pi.gov.br\/seres\/wp-content\/uploads\/sites\/87\/2025\/08\/f09c3d5e-bcfc-4366-8454-5f6090c04241-947x710.jpeg 947w, https:\/\/portal.pi.gov.br\/seres\/wp-content\/uploads\/sites\/87\/2025\/08\/f09c3d5e-bcfc-4366-8454-5f6090c04241-624x468.jpeg 624w\" sizes=\"(max-width: 1024px) 100vw, 1024px\" \/><\/figure>\n\n\n\n<figure class=\"wp-block-image size-large\"><img decoding=\"async\" loading=\"lazy\" width=\"1024\" height=\"768\" data-id=\"4257\"  src=\"https:\/\/portal.pi.gov.br\/seres\/wp-content\/uploads\/sites\/87\/2025\/08\/cda36302-98c2-464f-99e7-ad302734d2ca-1024x768.jpeg\" alt=\"\" class=\"wp-image-4257\" srcset=\"https:\/\/portal.pi.gov.br\/seres\/wp-content\/uploads\/sites\/87\/2025\/08\/cda36302-98c2-464f-99e7-ad302734d2ca-1024x768.jpeg 1024w, https:\/\/portal.pi.gov.br\/seres\/wp-content\/uploads\/sites\/87\/2025\/08\/cda36302-98c2-464f-99e7-ad302734d2ca-300x225.jpeg 300w, https:\/\/portal.pi.gov.br\/seres\/wp-content\/uploads\/sites\/87\/2025\/08\/cda36302-98c2-464f-99e7-ad302734d2ca-768x576.jpeg 768w, https:\/\/portal.pi.gov.br\/seres\/wp-content\/uploads\/sites\/87\/2025\/08\/cda36302-98c2-464f-99e7-ad302734d2ca-420x315.jpeg 420w, https:\/\/portal.pi.gov.br\/seres\/wp-content\/uploads\/sites\/87\/2025\/08\/cda36302-98c2-464f-99e7-ad302734d2ca-540x405.jpeg 540w, https:\/\/portal.pi.gov.br\/seres\/wp-content\/uploads\/sites\/87\/2025\/08\/cda36302-98c2-464f-99e7-ad302734d2ca-780x585.jpeg 780w, https:\/\/portal.pi.gov.br\/seres\/wp-content\/uploads\/sites\/87\/2025\/08\/cda36302-98c2-464f-99e7-ad302734d2ca-1536x1152.jpeg 1536w, https:\/\/portal.pi.gov.br\/seres\/wp-content\/uploads\/sites\/87\/2025\/08\/cda36302-98c2-464f-99e7-ad302734d2ca-2048x1536.jpeg 2048w, https:\/\/portal.pi.gov.br\/seres\/wp-content\/uploads\/sites\/87\/2025\/08\/cda36302-98c2-464f-99e7-ad302734d2ca-947x710.jpeg 947w, https:\/\/portal.pi.gov.br\/seres\/wp-content\/uploads\/sites\/87\/2025\/08\/cda36302-98c2-464f-99e7-ad302734d2ca-624x468.jpeg 624w\" sizes=\"(max-width: 1024px) 100vw, 1024px\" \/><\/figure>\n\n\n\n<figure class=\"wp-block-image size-large\"><img decoding=\"async\" loading=\"lazy\" width=\"1024\" height=\"768\" data-id=\"4255\"  src=\"https:\/\/portal.pi.gov.br\/seres\/wp-content\/uploads\/sites\/87\/2025\/08\/b9aeeafd-023d-4879-acf7-da671b721e96-1024x768.jpeg\" alt=\"\" class=\"wp-image-4255\" srcset=\"https:\/\/portal.pi.gov.br\/seres\/wp-content\/uploads\/sites\/87\/2025\/08\/b9aeeafd-023d-4879-acf7-da671b721e96-1024x768.jpeg 1024w, https:\/\/portal.pi.gov.br\/seres\/wp-content\/uploads\/sites\/87\/2025\/08\/b9aeeafd-023d-4879-acf7-da671b721e96-300x225.jpeg 300w, https:\/\/portal.pi.gov.br\/seres\/wp-content\/uploads\/sites\/87\/2025\/08\/b9aeeafd-023d-4879-acf7-da671b721e96-768x576.jpeg 768w, https:\/\/portal.pi.gov.br\/seres\/wp-content\/uploads\/sites\/87\/2025\/08\/b9aeeafd-023d-4879-acf7-da671b721e96-420x315.jpeg 420w, https:\/\/portal.pi.gov.br\/seres\/wp-content\/uploads\/sites\/87\/2025\/08\/b9aeeafd-023d-4879-acf7-da671b721e96-540x405.jpeg 540w, https:\/\/portal.pi.gov.br\/seres\/wp-content\/uploads\/sites\/87\/2025\/08\/b9aeeafd-023d-4879-acf7-da671b721e96-780x585.jpeg 780w, https:\/\/portal.pi.gov.br\/seres\/wp-content\/uploads\/sites\/87\/2025\/08\/b9aeeafd-023d-4879-acf7-da671b721e96-1536x1152.jpeg 1536w, https:\/\/portal.pi.gov.br\/seres\/wp-content\/uploads\/sites\/87\/2025\/08\/b9aeeafd-023d-4879-acf7-da671b721e96-2048x1536.jpeg 2048w, https:\/\/portal.pi.gov.br\/seres\/wp-content\/uploads\/sites\/87\/2025\/08\/b9aeeafd-023d-4879-acf7-da671b721e96-947x710.jpeg 947w, https:\/\/portal.pi.gov.br\/seres\/wp-content\/uploads\/sites\/87\/2025\/08\/b9aeeafd-023d-4879-acf7-da671b721e96-624x468.jpeg 624w\" sizes=\"(max-width: 1024px) 100vw, 1024px\" \/><\/figure>\n\n\n\n<figure class=\"wp-block-image size-large\"><img decoding=\"async\" loading=\"lazy\" width=\"1024\" height=\"682\" data-id=\"4254\"  src=\"https:\/\/portal.pi.gov.br\/seres\/wp-content\/uploads\/sites\/87\/2025\/08\/b5af8949-5be0-4c29-abe6-93e7ffce3c1c-1024x682.jpeg\" alt=\"\" class=\"wp-image-4254\" srcset=\"https:\/\/portal.pi.gov.br\/seres\/wp-content\/uploads\/sites\/87\/2025\/08\/b5af8949-5be0-4c29-abe6-93e7ffce3c1c-1024x682.jpeg 1024w, https:\/\/portal.pi.gov.br\/seres\/wp-content\/uploads\/sites\/87\/2025\/08\/b5af8949-5be0-4c29-abe6-93e7ffce3c1c-300x200.jpeg 300w, https:\/\/portal.pi.gov.br\/seres\/wp-content\/uploads\/sites\/87\/2025\/08\/b5af8949-5be0-4c29-abe6-93e7ffce3c1c-768x512.jpeg 768w, https:\/\/portal.pi.gov.br\/seres\/wp-content\/uploads\/sites\/87\/2025\/08\/b5af8949-5be0-4c29-abe6-93e7ffce3c1c-420x280.jpeg 420w, https:\/\/portal.pi.gov.br\/seres\/wp-content\/uploads\/sites\/87\/2025\/08\/b5af8949-5be0-4c29-abe6-93e7ffce3c1c-540x360.jpeg 540w, https:\/\/portal.pi.gov.br\/seres\/wp-content\/uploads\/sites\/87\/2025\/08\/b5af8949-5be0-4c29-abe6-93e7ffce3c1c-780x520.jpeg 780w, https:\/\/portal.pi.gov.br\/seres\/wp-content\/uploads\/sites\/87\/2025\/08\/b5af8949-5be0-4c29-abe6-93e7ffce3c1c-1536x1024.jpeg 1536w, https:\/\/portal.pi.gov.br\/seres\/wp-content\/uploads\/sites\/87\/2025\/08\/b5af8949-5be0-4c29-abe6-93e7ffce3c1c-2048x1365.jpeg 2048w, https:\/\/portal.pi.gov.br\/seres\/wp-content\/uploads\/sites\/87\/2025\/08\/b5af8949-5be0-4c29-abe6-93e7ffce3c1c-947x631.jpeg 947w, https:\/\/portal.pi.gov.br\/seres\/wp-content\/uploads\/sites\/87\/2025\/08\/b5af8949-5be0-4c29-abe6-93e7ffce3c1c-624x416.jpeg 624w, https:\/\/portal.pi.gov.br\/seres\/wp-content\/uploads\/sites\/87\/2025\/08\/b5af8949-5be0-4c29-abe6-93e7ffce3c1c-84x56.jpeg 84w\" sizes=\"(max-width: 1024px) 100vw, 1024px\" \/><\/figure>\n\n\n\n<figure class=\"wp-block-image size-large\"><img decoding=\"async\" loading=\"lazy\" width=\"1024\" height=\"682\" data-id=\"4253\"  src=\"https:\/\/portal.pi.gov.br\/seres\/wp-content\/uploads\/sites\/87\/2025\/08\/4270494e-cc55-4b9c-8ff1-86497f8d7c0c-1024x682.jpeg\" alt=\"\" class=\"wp-image-4253\" srcset=\"https:\/\/portal.pi.gov.br\/seres\/wp-content\/uploads\/sites\/87\/2025\/08\/4270494e-cc55-4b9c-8ff1-86497f8d7c0c-1024x682.jpeg 1024w, https:\/\/portal.pi.gov.br\/seres\/wp-content\/uploads\/sites\/87\/2025\/08\/4270494e-cc55-4b9c-8ff1-86497f8d7c0c-300x200.jpeg 300w, https:\/\/portal.pi.gov.br\/seres\/wp-content\/uploads\/sites\/87\/2025\/08\/4270494e-cc55-4b9c-8ff1-86497f8d7c0c-768x512.jpeg 768w, https:\/\/portal.pi.gov.br\/seres\/wp-content\/uploads\/sites\/87\/2025\/08\/4270494e-cc55-4b9c-8ff1-86497f8d7c0c-420x280.jpeg 420w, https:\/\/portal.pi.gov.br\/seres\/wp-content\/uploads\/sites\/87\/2025\/08\/4270494e-cc55-4b9c-8ff1-86497f8d7c0c-540x360.jpeg 540w, https:\/\/portal.pi.gov.br\/seres\/wp-content\/uploads\/sites\/87\/2025\/08\/4270494e-cc55-4b9c-8ff1-86497f8d7c0c-780x520.jpeg 780w, https:\/\/portal.pi.gov.br\/seres\/wp-content\/uploads\/sites\/87\/2025\/08\/4270494e-cc55-4b9c-8ff1-86497f8d7c0c-1536x1024.jpeg 1536w, https:\/\/portal.pi.gov.br\/seres\/wp-content\/uploads\/sites\/87\/2025\/08\/4270494e-cc55-4b9c-8ff1-86497f8d7c0c-2048x1365.jpeg 2048w, https:\/\/portal.pi.gov.br\/seres\/wp-content\/uploads\/sites\/87\/2025\/08\/4270494e-cc55-4b9c-8ff1-86497f8d7c0c-947x631.jpeg 947w, https:\/\/portal.pi.gov.br\/seres\/wp-content\/uploads\/sites\/87\/2025\/08\/4270494e-cc55-4b9c-8ff1-86497f8d7c0c-624x416.jpeg 624w, https:\/\/portal.pi.gov.br\/seres\/wp-content\/uploads\/sites\/87\/2025\/08\/4270494e-cc55-4b9c-8ff1-86497f8d7c0c-84x56.jpeg 84w\" sizes=\"(max-width: 1024px) 100vw, 1024px\" \/><\/figure>\n\n\n\n<figure class=\"wp-block-image size-large\"><img decoding=\"async\" loading=\"lazy\" width=\"768\" height=\"1024\" data-id=\"4252\"  src=\"https:\/\/portal.pi.gov.br\/seres\/wp-content\/uploads\/sites\/87\/2025\/08\/7171c8b3-73c9-41f4-83e3-0cc5df5f73c2-Copia-768x1024.jpeg\" alt=\"\" class=\"wp-image-4252\" srcset=\"https:\/\/portal.pi.gov.br\/seres\/wp-content\/uploads\/sites\/87\/2025\/08\/7171c8b3-73c9-41f4-83e3-0cc5df5f73c2-Copia-768x1024.jpeg 768w, https:\/\/portal.pi.gov.br\/seres\/wp-content\/uploads\/sites\/87\/2025\/08\/7171c8b3-73c9-41f4-83e3-0cc5df5f73c2-Copia-225x300.jpeg 225w, https:\/\/portal.pi.gov.br\/seres\/wp-content\/uploads\/sites\/87\/2025\/08\/7171c8b3-73c9-41f4-83e3-0cc5df5f73c2-Copia-315x420.jpeg 315w, https:\/\/portal.pi.gov.br\/seres\/wp-content\/uploads\/sites\/87\/2025\/08\/7171c8b3-73c9-41f4-83e3-0cc5df5f73c2-Copia-405x540.jpeg 405w, https:\/\/portal.pi.gov.br\/seres\/wp-content\/uploads\/sites\/87\/2025\/08\/7171c8b3-73c9-41f4-83e3-0cc5df5f73c2-Copia-585x780.jpeg 585w, https:\/\/portal.pi.gov.br\/seres\/wp-content\/uploads\/sites\/87\/2025\/08\/7171c8b3-73c9-41f4-83e3-0cc5df5f73c2-Copia-1152x1536.jpeg 1152w, https:\/\/portal.pi.gov.br\/seres\/wp-content\/uploads\/sites\/87\/2025\/08\/7171c8b3-73c9-41f4-83e3-0cc5df5f73c2-Copia-1536x2048.jpeg 1536w, https:\/\/portal.pi.gov.br\/seres\/wp-content\/uploads\/sites\/87\/2025\/08\/7171c8b3-73c9-41f4-83e3-0cc5df5f73c2-Copia-947x1263.jpeg 947w, https:\/\/portal.pi.gov.br\/seres\/wp-content\/uploads\/sites\/87\/2025\/08\/7171c8b3-73c9-41f4-83e3-0cc5df5f73c2-Copia-624x832.jpeg 624w, https:\/\/portal.pi.gov.br\/seres\/wp-content\/uploads\/sites\/87\/2025\/08\/7171c8b3-73c9-41f4-83e3-0cc5df5f73c2-Copia-scaled.jpeg 1920w\" sizes=\"(max-width: 768px) 100vw, 768px\" \/><\/figure>\n\n\n\n<figure class=\"wp-block-image size-large\"><img decoding=\"async\" loading=\"lazy\" width=\"768\" height=\"1024\" data-id=\"4251\"  src=\"https:\/\/portal.pi.gov.br\/seres\/wp-content\/uploads\/sites\/87\/2025\/08\/5759bb2a-67ea-4cc9-b506-3ed413dc1ec2-Copia-768x1024.jpeg\" alt=\"\" class=\"wp-image-4251\" srcset=\"https:\/\/portal.pi.gov.br\/seres\/wp-content\/uploads\/sites\/87\/2025\/08\/5759bb2a-67ea-4cc9-b506-3ed413dc1ec2-Copia-768x1024.jpeg 768w, https:\/\/portal.pi.gov.br\/seres\/wp-content\/uploads\/sites\/87\/2025\/08\/5759bb2a-67ea-4cc9-b506-3ed413dc1ec2-Copia-225x300.jpeg 225w, https:\/\/portal.pi.gov.br\/seres\/wp-content\/uploads\/sites\/87\/2025\/08\/5759bb2a-67ea-4cc9-b506-3ed413dc1ec2-Copia-315x420.jpeg 315w, https:\/\/portal.pi.gov.br\/seres\/wp-content\/uploads\/sites\/87\/2025\/08\/5759bb2a-67ea-4cc9-b506-3ed413dc1ec2-Copia-405x540.jpeg 405w, https:\/\/portal.pi.gov.br\/seres\/wp-content\/uploads\/sites\/87\/2025\/08\/5759bb2a-67ea-4cc9-b506-3ed413dc1ec2-Copia-585x780.jpeg 585w, https:\/\/portal.pi.gov.br\/seres\/wp-content\/uploads\/sites\/87\/2025\/08\/5759bb2a-67ea-4cc9-b506-3ed413dc1ec2-Copia-1152x1536.jpeg 1152w, https:\/\/portal.pi.gov.br\/seres\/wp-content\/uploads\/sites\/87\/2025\/08\/5759bb2a-67ea-4cc9-b506-3ed413dc1ec2-Copia-947x1263.jpeg 947w, https:\/\/portal.pi.gov.br\/seres\/wp-content\/uploads\/sites\/87\/2025\/08\/5759bb2a-67ea-4cc9-b506-3ed413dc1ec2-Copia-624x832.jpeg 624w, https:\/\/portal.pi.gov.br\/seres\/wp-content\/uploads\/sites\/87\/2025\/08\/5759bb2a-67ea-4cc9-b506-3ed413dc1ec2-Copia.jpeg 1200w\" sizes=\"(max-width: 768px) 100vw, 768px\" \/><\/figure>\n\n\n\n<figure class=\"wp-block-image size-large\"><img decoding=\"async\" loading=\"lazy\" width=\"1024\" height=\"768\" data-id=\"4250\"  src=\"https:\/\/portal.pi.gov.br\/seres\/wp-content\/uploads\/sites\/87\/2025\/08\/921dfe00-a1bc-481c-ab67-8de4f1a12633-Copia-1024x768.jpeg\" alt=\"\" class=\"wp-image-4250\" srcset=\"https:\/\/portal.pi.gov.br\/seres\/wp-content\/uploads\/sites\/87\/2025\/08\/921dfe00-a1bc-481c-ab67-8de4f1a12633-Copia-1024x768.jpeg 1024w, https:\/\/portal.pi.gov.br\/seres\/wp-content\/uploads\/sites\/87\/2025\/08\/921dfe00-a1bc-481c-ab67-8de4f1a12633-Copia-300x225.jpeg 300w, https:\/\/portal.pi.gov.br\/seres\/wp-content\/uploads\/sites\/87\/2025\/08\/921dfe00-a1bc-481c-ab67-8de4f1a12633-Copia-768x576.jpeg 768w, https:\/\/portal.pi.gov.br\/seres\/wp-content\/uploads\/sites\/87\/2025\/08\/921dfe00-a1bc-481c-ab67-8de4f1a12633-Copia-420x315.jpeg 420w, https:\/\/portal.pi.gov.br\/seres\/wp-content\/uploads\/sites\/87\/2025\/08\/921dfe00-a1bc-481c-ab67-8de4f1a12633-Copia-540x405.jpeg 540w, https:\/\/portal.pi.gov.br\/seres\/wp-content\/uploads\/sites\/87\/2025\/08\/921dfe00-a1bc-481c-ab67-8de4f1a12633-Copia-780x585.jpeg 780w, https:\/\/portal.pi.gov.br\/seres\/wp-content\/uploads\/sites\/87\/2025\/08\/921dfe00-a1bc-481c-ab67-8de4f1a12633-Copia-1536x1152.jpeg 1536w, https:\/\/portal.pi.gov.br\/seres\/wp-content\/uploads\/sites\/87\/2025\/08\/921dfe00-a1bc-481c-ab67-8de4f1a12633-Copia-2048x1536.jpeg 2048w, https:\/\/portal.pi.gov.br\/seres\/wp-content\/uploads\/sites\/87\/2025\/08\/921dfe00-a1bc-481c-ab67-8de4f1a12633-Copia-947x710.jpeg 947w, https:\/\/portal.pi.gov.br\/seres\/wp-content\/uploads\/sites\/87\/2025\/08\/921dfe00-a1bc-481c-ab67-8de4f1a12633-Copia-624x468.jpeg 624w\" sizes=\"(max-width: 1024px) 100vw, 1024px\" \/><\/figure>\n\n\n\n<figure class=\"wp-block-image size-large\"><img decoding=\"async\" loading=\"lazy\" width=\"1024\" height=\"768\" data-id=\"4249\"  src=\"https:\/\/portal.pi.gov.br\/seres\/wp-content\/uploads\/sites\/87\/2025\/08\/912b142a-2e92-4330-82e0-8cdcef51f94d-1024x768.jpeg\" alt=\"\" class=\"wp-image-4249\" srcset=\"https:\/\/portal.pi.gov.br\/seres\/wp-content\/uploads\/sites\/87\/2025\/08\/912b142a-2e92-4330-82e0-8cdcef51f94d-1024x768.jpeg 1024w, https:\/\/portal.pi.gov.br\/seres\/wp-content\/uploads\/sites\/87\/2025\/08\/912b142a-2e92-4330-82e0-8cdcef51f94d-300x225.jpeg 300w, https:\/\/portal.pi.gov.br\/seres\/wp-content\/uploads\/sites\/87\/2025\/08\/912b142a-2e92-4330-82e0-8cdcef51f94d-768x576.jpeg 768w, https:\/\/portal.pi.gov.br\/seres\/wp-content\/uploads\/sites\/87\/2025\/08\/912b142a-2e92-4330-82e0-8cdcef51f94d-420x315.jpeg 420w, https:\/\/portal.pi.gov.br\/seres\/wp-content\/uploads\/sites\/87\/2025\/08\/912b142a-2e92-4330-82e0-8cdcef51f94d-540x405.jpeg 540w, https:\/\/portal.pi.gov.br\/seres\/wp-content\/uploads\/sites\/87\/2025\/08\/912b142a-2e92-4330-82e0-8cdcef51f94d-780x585.jpeg 780w, https:\/\/portal.pi.gov.br\/seres\/wp-content\/uploads\/sites\/87\/2025\/08\/912b142a-2e92-4330-82e0-8cdcef51f94d-1536x1152.jpeg 1536w, https:\/\/portal.pi.gov.br\/seres\/wp-content\/uploads\/sites\/87\/2025\/08\/912b142a-2e92-4330-82e0-8cdcef51f94d-2048x1536.jpeg 2048w, https:\/\/portal.pi.gov.br\/seres\/wp-content\/uploads\/sites\/87\/2025\/08\/912b142a-2e92-4330-82e0-8cdcef51f94d-947x710.jpeg 947w, https:\/\/portal.pi.gov.br\/seres\/wp-content\/uploads\/sites\/87\/2025\/08\/912b142a-2e92-4330-82e0-8cdcef51f94d-624x468.jpeg 624w\" sizes=\"(max-width: 1024px) 100vw, 1024px\" \/><\/figure>\n\n\n\n<figure class=\"wp-block-image size-large\"><img decoding=\"async\" loading=\"lazy\" width=\"1024\" height=\"768\" data-id=\"4248\"  src=\"https:\/\/portal.pi.gov.br\/seres\/wp-content\/uploads\/sites\/87\/2025\/08\/875dbdd2-f585-4827-befa-41f52e43de99-1024x768.jpeg\" alt=\"\" class=\"wp-image-4248\" srcset=\"https:\/\/portal.pi.gov.br\/seres\/wp-content\/uploads\/sites\/87\/2025\/08\/875dbdd2-f585-4827-befa-41f52e43de99-1024x768.jpeg 1024w, https:\/\/portal.pi.gov.br\/seres\/wp-content\/uploads\/sites\/87\/2025\/08\/875dbdd2-f585-4827-befa-41f52e43de99-300x225.jpeg 300w, https:\/\/portal.pi.gov.br\/seres\/wp-content\/uploads\/sites\/87\/2025\/08\/875dbdd2-f585-4827-befa-41f52e43de99-768x576.jpeg 768w, https:\/\/portal.pi.gov.br\/seres\/wp-content\/uploads\/sites\/87\/2025\/08\/875dbdd2-f585-4827-befa-41f52e43de99-420x315.jpeg 420w, https:\/\/portal.pi.gov.br\/seres\/wp-content\/uploads\/sites\/87\/2025\/08\/875dbdd2-f585-4827-befa-41f52e43de99-540x405.jpeg 540w, https:\/\/portal.pi.gov.br\/seres\/wp-content\/uploads\/sites\/87\/2025\/08\/875dbdd2-f585-4827-befa-41f52e43de99-780x585.jpeg 780w, https:\/\/portal.pi.gov.br\/seres\/wp-content\/uploads\/sites\/87\/2025\/08\/875dbdd2-f585-4827-befa-41f52e43de99-1536x1152.jpeg 1536w, https:\/\/portal.pi.gov.br\/seres\/wp-content\/uploads\/sites\/87\/2025\/08\/875dbdd2-f585-4827-befa-41f52e43de99-947x710.jpeg 947w, https:\/\/portal.pi.gov.br\/seres\/wp-content\/uploads\/sites\/87\/2025\/08\/875dbdd2-f585-4827-befa-41f52e43de99-624x468.jpeg 624w, https:\/\/portal.pi.gov.br\/seres\/wp-content\/uploads\/sites\/87\/2025\/08\/875dbdd2-f585-4827-befa-41f52e43de99.jpeg 1600w\" sizes=\"(max-width: 1024px) 100vw, 1024px\" \/><\/figure>\n\n\n\n<figure class=\"wp-block-image size-large\"><img decoding=\"async\" loading=\"lazy\" width=\"810\" height=\"1024\" data-id=\"4240\"  src=\"https:\/\/portal.pi.gov.br\/seres\/wp-content\/uploads\/sites\/87\/2025\/08\/3f82ccf4-f5f2-4bcf-af31-bfd2e0114d10-810x1024.jpeg\" alt=\"\" class=\"wp-image-4240\" srcset=\"https:\/\/portal.pi.gov.br\/seres\/wp-content\/uploads\/sites\/87\/2025\/08\/3f82ccf4-f5f2-4bcf-af31-bfd2e0114d10-810x1024.jpeg 810w, https:\/\/portal.pi.gov.br\/seres\/wp-content\/uploads\/sites\/87\/2025\/08\/3f82ccf4-f5f2-4bcf-af31-bfd2e0114d10-237x300.jpeg 237w, https:\/\/portal.pi.gov.br\/seres\/wp-content\/uploads\/sites\/87\/2025\/08\/3f82ccf4-f5f2-4bcf-af31-bfd2e0114d10-768x971.jpeg 768w, https:\/\/portal.pi.gov.br\/seres\/wp-content\/uploads\/sites\/87\/2025\/08\/3f82ccf4-f5f2-4bcf-af31-bfd2e0114d10-332x420.jpeg 332w, https:\/\/portal.pi.gov.br\/seres\/wp-content\/uploads\/sites\/87\/2025\/08\/3f82ccf4-f5f2-4bcf-af31-bfd2e0114d10-427x540.jpeg 427w, https:\/\/portal.pi.gov.br\/seres\/wp-content\/uploads\/sites\/87\/2025\/08\/3f82ccf4-f5f2-4bcf-af31-bfd2e0114d10-617x780.jpeg 617w, https:\/\/portal.pi.gov.br\/seres\/wp-content\/uploads\/sites\/87\/2025\/08\/3f82ccf4-f5f2-4bcf-af31-bfd2e0114d10-947x1198.jpeg 947w, https:\/\/portal.pi.gov.br\/seres\/wp-content\/uploads\/sites\/87\/2025\/08\/3f82ccf4-f5f2-4bcf-af31-bfd2e0114d10-624x789.jpeg 624w, https:\/\/portal.pi.gov.br\/seres\/wp-content\/uploads\/sites\/87\/2025\/08\/3f82ccf4-f5f2-4bcf-af31-bfd2e0114d10.jpeg 1179w\" sizes=\"(max-width: 810px) 100vw, 810px\" \/><\/figure>\n\n\n\n<figure class=\"wp-block-image size-large\"><img decoding=\"async\" loading=\"lazy\" width=\"1024\" height=\"768\" data-id=\"4242\"  src=\"https:\/\/portal.pi.gov.br\/seres\/wp-content\/uploads\/sites\/87\/2025\/08\/6c80191c-2c9d-41d3-b4ea-f0b9a3ae0fbc-1024x768.jpeg\" alt=\"\" class=\"wp-image-4242\" srcset=\"https:\/\/portal.pi.gov.br\/seres\/wp-content\/uploads\/sites\/87\/2025\/08\/6c80191c-2c9d-41d3-b4ea-f0b9a3ae0fbc-1024x768.jpeg 1024w, https:\/\/portal.pi.gov.br\/seres\/wp-content\/uploads\/sites\/87\/2025\/08\/6c80191c-2c9d-41d3-b4ea-f0b9a3ae0fbc-300x225.jpeg 300w, https:\/\/portal.pi.gov.br\/seres\/wp-content\/uploads\/sites\/87\/2025\/08\/6c80191c-2c9d-41d3-b4ea-f0b9a3ae0fbc-768x576.jpeg 768w, https:\/\/portal.pi.gov.br\/seres\/wp-content\/uploads\/sites\/87\/2025\/08\/6c80191c-2c9d-41d3-b4ea-f0b9a3ae0fbc-420x315.jpeg 420w, https:\/\/portal.pi.gov.br\/seres\/wp-content\/uploads\/sites\/87\/2025\/08\/6c80191c-2c9d-41d3-b4ea-f0b9a3ae0fbc-540x405.jpeg 540w, https:\/\/portal.pi.gov.br\/seres\/wp-content\/uploads\/sites\/87\/2025\/08\/6c80191c-2c9d-41d3-b4ea-f0b9a3ae0fbc-780x585.jpeg 780w, https:\/\/portal.pi.gov.br\/seres\/wp-content\/uploads\/sites\/87\/2025\/08\/6c80191c-2c9d-41d3-b4ea-f0b9a3ae0fbc-1536x1152.jpeg 1536w, https:\/\/portal.pi.gov.br\/seres\/wp-content\/uploads\/sites\/87\/2025\/08\/6c80191c-2c9d-41d3-b4ea-f0b9a3ae0fbc-947x710.jpeg 947w, https:\/\/portal.pi.gov.br\/seres\/wp-content\/uploads\/sites\/87\/2025\/08\/6c80191c-2c9d-41d3-b4ea-f0b9a3ae0fbc-624x468.jpeg 624w, https:\/\/portal.pi.gov.br\/seres\/wp-content\/uploads\/sites\/87\/2025\/08\/6c80191c-2c9d-41d3-b4ea-f0b9a3ae0fbc.jpeg 1600w\" sizes=\"(max-width: 1024px) 100vw, 1024px\" \/><\/figure>\n\n\n\n<figure class=\"wp-block-image size-large\"><img decoding=\"async\" loading=\"lazy\" width=\"1024\" height=\"768\" data-id=\"4243\"  src=\"https:\/\/portal.pi.gov.br\/seres\/wp-content\/uploads\/sites\/87\/2025\/08\/6d9ab225-c303-41ab-831a-9e16b01bf62f-1024x768.jpeg\" alt=\"\" class=\"wp-image-4243\" srcset=\"https:\/\/portal.pi.gov.br\/seres\/wp-content\/uploads\/sites\/87\/2025\/08\/6d9ab225-c303-41ab-831a-9e16b01bf62f-1024x768.jpeg 1024w, https:\/\/portal.pi.gov.br\/seres\/wp-content\/uploads\/sites\/87\/2025\/08\/6d9ab225-c303-41ab-831a-9e16b01bf62f-300x225.jpeg 300w, https:\/\/portal.pi.gov.br\/seres\/wp-content\/uploads\/sites\/87\/2025\/08\/6d9ab225-c303-41ab-831a-9e16b01bf62f-768x576.jpeg 768w, https:\/\/portal.pi.gov.br\/seres\/wp-content\/uploads\/sites\/87\/2025\/08\/6d9ab225-c303-41ab-831a-9e16b01bf62f-420x315.jpeg 420w, https:\/\/portal.pi.gov.br\/seres\/wp-content\/uploads\/sites\/87\/2025\/08\/6d9ab225-c303-41ab-831a-9e16b01bf62f-540x405.jpeg 540w, https:\/\/portal.pi.gov.br\/seres\/wp-content\/uploads\/sites\/87\/2025\/08\/6d9ab225-c303-41ab-831a-9e16b01bf62f-780x585.jpeg 780w, https:\/\/portal.pi.gov.br\/seres\/wp-content\/uploads\/sites\/87\/2025\/08\/6d9ab225-c303-41ab-831a-9e16b01bf62f-1536x1152.jpeg 1536w, https:\/\/portal.pi.gov.br\/seres\/wp-content\/uploads\/sites\/87\/2025\/08\/6d9ab225-c303-41ab-831a-9e16b01bf62f-2048x1536.jpeg 2048w, https:\/\/portal.pi.gov.br\/seres\/wp-content\/uploads\/sites\/87\/2025\/08\/6d9ab225-c303-41ab-831a-9e16b01bf62f-947x710.jpeg 947w, https:\/\/portal.pi.gov.br\/seres\/wp-content\/uploads\/sites\/87\/2025\/08\/6d9ab225-c303-41ab-831a-9e16b01bf62f-624x468.jpeg 624w\" sizes=\"(max-width: 1024px) 100vw, 1024px\" \/><\/figure>\n\n\n\n<figure class=\"wp-block-image size-large\"><img decoding=\"async\" loading=\"lazy\" width=\"1024\" height=\"768\" data-id=\"4244\"  src=\"https:\/\/portal.pi.gov.br\/seres\/wp-content\/uploads\/sites\/87\/2025\/08\/7e528e1a-db1a-4ac1-bead-6ec2ca5f2ad8-1024x768.jpeg\" alt=\"\" class=\"wp-image-4244\" srcset=\"https:\/\/portal.pi.gov.br\/seres\/wp-content\/uploads\/sites\/87\/2025\/08\/7e528e1a-db1a-4ac1-bead-6ec2ca5f2ad8-1024x768.jpeg 1024w, https:\/\/portal.pi.gov.br\/seres\/wp-content\/uploads\/sites\/87\/2025\/08\/7e528e1a-db1a-4ac1-bead-6ec2ca5f2ad8-300x225.jpeg 300w, https:\/\/portal.pi.gov.br\/seres\/wp-content\/uploads\/sites\/87\/2025\/08\/7e528e1a-db1a-4ac1-bead-6ec2ca5f2ad8-768x576.jpeg 768w, https:\/\/portal.pi.gov.br\/seres\/wp-content\/uploads\/sites\/87\/2025\/08\/7e528e1a-db1a-4ac1-bead-6ec2ca5f2ad8-420x315.jpeg 420w, https:\/\/portal.pi.gov.br\/seres\/wp-content\/uploads\/sites\/87\/2025\/08\/7e528e1a-db1a-4ac1-bead-6ec2ca5f2ad8-540x405.jpeg 540w, https:\/\/portal.pi.gov.br\/seres\/wp-content\/uploads\/sites\/87\/2025\/08\/7e528e1a-db1a-4ac1-bead-6ec2ca5f2ad8-780x585.jpeg 780w, https:\/\/portal.pi.gov.br\/seres\/wp-content\/uploads\/sites\/87\/2025\/08\/7e528e1a-db1a-4ac1-bead-6ec2ca5f2ad8-1536x1152.jpeg 1536w, https:\/\/portal.pi.gov.br\/seres\/wp-content\/uploads\/sites\/87\/2025\/08\/7e528e1a-db1a-4ac1-bead-6ec2ca5f2ad8-2048x1536.jpeg 2048w, https:\/\/portal.pi.gov.br\/seres\/wp-content\/uploads\/sites\/87\/2025\/08\/7e528e1a-db1a-4ac1-bead-6ec2ca5f2ad8-947x710.jpeg 947w, https:\/\/portal.pi.gov.br\/seres\/wp-content\/uploads\/sites\/87\/2025\/08\/7e528e1a-db1a-4ac1-bead-6ec2ca5f2ad8-624x468.jpeg 624w\" sizes=\"(max-width: 1024px) 100vw, 1024px\" \/><\/figure>\n<\/figure>\n\n\n\n<p><\/p>\n\n\n\n<figure class=\"wp-block-gallery has-nested-images columns-default is-cropped wp-block-gallery-3 is-layout-flex\">\n<figure class=\"wp-block-image size-large\"><img decoding=\"async\" loading=\"lazy\" width=\"768\" height=\"1024\" data-id=\"4267\"  src=\"https:\/\/portal.pi.gov.br\/seres\/wp-content\/uploads\/sites\/87\/2025\/08\/6dd50437-e2f0-4eca-abd4-3042c5490aa8-768x1024.jpeg\" alt=\"\" class=\"wp-image-4267\" srcset=\"https:\/\/portal.pi.gov.br\/seres\/wp-content\/uploads\/sites\/87\/2025\/08\/6dd50437-e2f0-4eca-abd4-3042c5490aa8-768x1024.jpeg 768w, https:\/\/portal.pi.gov.br\/seres\/wp-content\/uploads\/sites\/87\/2025\/08\/6dd50437-e2f0-4eca-abd4-3042c5490aa8-225x300.jpeg 225w, https:\/\/portal.pi.gov.br\/seres\/wp-content\/uploads\/sites\/87\/2025\/08\/6dd50437-e2f0-4eca-abd4-3042c5490aa8-315x420.jpeg 315w, https:\/\/portal.pi.gov.br\/seres\/wp-content\/uploads\/sites\/87\/2025\/08\/6dd50437-e2f0-4eca-abd4-3042c5490aa8-405x540.jpeg 405w, https:\/\/portal.pi.gov.br\/seres\/wp-content\/uploads\/sites\/87\/2025\/08\/6dd50437-e2f0-4eca-abd4-3042c5490aa8-585x780.jpeg 585w, https:\/\/portal.pi.gov.br\/seres\/wp-content\/uploads\/sites\/87\/2025\/08\/6dd50437-e2f0-4eca-abd4-3042c5490aa8-1152x1536.jpeg 1152w, https:\/\/portal.pi.gov.br\/seres\/wp-content\/uploads\/sites\/87\/2025\/08\/6dd50437-e2f0-4eca-abd4-3042c5490aa8-947x1263.jpeg 947w, https:\/\/portal.pi.gov.br\/seres\/wp-content\/uploads\/sites\/87\/2025\/08\/6dd50437-e2f0-4eca-abd4-3042c5490aa8-624x832.jpeg 624w, https:\/\/portal.pi.gov.br\/seres\/wp-content\/uploads\/sites\/87\/2025\/08\/6dd50437-e2f0-4eca-abd4-3042c5490aa8.jpeg 1200w\" sizes=\"(max-width: 768px) 100vw, 768px\" \/><\/figure>\n\n\n\n<figure class=\"wp-block-image size-large\"><img decoding=\"async\" loading=\"lazy\" width=\"768\" height=\"1024\" data-id=\"4268\"  src=\"https:\/\/portal.pi.gov.br\/seres\/wp-content\/uploads\/sites\/87\/2025\/08\/4051661f-782f-4795-9e60-fface4a374e2-768x1024.jpeg\" alt=\"\" class=\"wp-image-4268\" srcset=\"https:\/\/portal.pi.gov.br\/seres\/wp-content\/uploads\/sites\/87\/2025\/08\/4051661f-782f-4795-9e60-fface4a374e2-768x1024.jpeg 768w, https:\/\/portal.pi.gov.br\/seres\/wp-content\/uploads\/sites\/87\/2025\/08\/4051661f-782f-4795-9e60-fface4a374e2-225x300.jpeg 225w, https:\/\/portal.pi.gov.br\/seres\/wp-content\/uploads\/sites\/87\/2025\/08\/4051661f-782f-4795-9e60-fface4a374e2-315x420.jpeg 315w, https:\/\/portal.pi.gov.br\/seres\/wp-content\/uploads\/sites\/87\/2025\/08\/4051661f-782f-4795-9e60-fface4a374e2-405x540.jpeg 405w, https:\/\/portal.pi.gov.br\/seres\/wp-content\/uploads\/sites\/87\/2025\/08\/4051661f-782f-4795-9e60-fface4a374e2-585x780.jpeg 585w, https:\/\/portal.pi.gov.br\/seres\/wp-content\/uploads\/sites\/87\/2025\/08\/4051661f-782f-4795-9e60-fface4a374e2-1152x1536.jpeg 1152w, https:\/\/portal.pi.gov.br\/seres\/wp-content\/uploads\/sites\/87\/2025\/08\/4051661f-782f-4795-9e60-fface4a374e2-947x1263.jpeg 947w, https:\/\/portal.pi.gov.br\/seres\/wp-content\/uploads\/sites\/87\/2025\/08\/4051661f-782f-4795-9e60-fface4a374e2-624x832.jpeg 624w, https:\/\/portal.pi.gov.br\/seres\/wp-content\/uploads\/sites\/87\/2025\/08\/4051661f-782f-4795-9e60-fface4a374e2.jpeg 1200w\" sizes=\"(max-width: 768px) 100vw, 768px\" \/><\/figure>\n<\/figure>\n\n\n\n<p><\/p>\n\n\n\n<p><\/p>\n\n\n\n<p><strong>Concidades<\/strong><\/p>\n\n\n\n<p>A 6\u00aa Confer\u00eancia Estadual das Cidades (Concidades) \u00e9 uma etapa fundamental no processo de constru\u00e7\u00e3o da nova Pol\u00edtica Nacional de Desenvolvimento Urbano (PNDU).&nbsp;Convocada pelo Minist\u00e9rio das Cidades ap\u00f3s mais de uma d\u00e9cada sem edi\u00e7\u00f5es, a Concidades marca a continuidade das discuss\u00f5es sobre desenvolvimento urbano no Piau\u00ed, com foco na elabora\u00e7\u00e3o de pol\u00edticas voltadas \u00e0 sustentabilidade, mobilidade, habita\u00e7\u00e3o e participa\u00e7\u00e3o social.<\/p>\n\n\n\n<p>Durante os dois dias de programa\u00e7\u00e3o, est\u00e3o sendo discutidas propostas distribu\u00eddas em tr\u00eas grandes eixos tem\u00e1ticos, contemplando assuntos como articula\u00e7\u00e3o entre setores urbanos; habita\u00e7\u00e3o, regulariza\u00e7\u00e3o fundi\u00e1ria e acesso \u00e0 terra; saneamento b\u00e1sico, res\u00edduos s\u00f3lidos e drenagem; mobilidade urbana e direito ao transporte; governan\u00e7a metropolitana; mecanismos de financiamento e participa\u00e7\u00e3o social na gest\u00e3o das cidades. Tamb\u00e9m ser\u00e3o abordados temas transversais como sustentabilidade ambiental, emerg\u00eancia clim\u00e1tica, seguran\u00e7a p\u00fablica e transforma\u00e7\u00e3o digital.<\/p>\n\n\n\n<figure class=\"wp-block-image size-large\"><img decoding=\"async\" loading=\"lazy\" width=\"763\" height=\"1024\" src=\"https:\/\/portal.pi.gov.br\/seres\/wp-content\/uploads\/sites\/87\/2025\/08\/c7441be7-c410-46b3-bcc6-f72fd319b845-763x1024.jpeg\" alt=\"\" class=\"wp-image-4264\" srcset=\"https:\/\/portal.pi.gov.br\/seres\/wp-content\/uploads\/sites\/87\/2025\/08\/c7441be7-c410-46b3-bcc6-f72fd319b845-763x1024.jpeg 763w, https:\/\/portal.pi.gov.br\/seres\/wp-content\/uploads\/sites\/87\/2025\/08\/c7441be7-c410-46b3-bcc6-f72fd319b845-223x300.jpeg 223w, https:\/\/portal.pi.gov.br\/seres\/wp-content\/uploads\/sites\/87\/2025\/08\/c7441be7-c410-46b3-bcc6-f72fd319b845-768x1031.jpeg 768w, https:\/\/portal.pi.gov.br\/seres\/wp-content\/uploads\/sites\/87\/2025\/08\/c7441be7-c410-46b3-bcc6-f72fd319b845-313x420.jpeg 313w, https:\/\/portal.pi.gov.br\/seres\/wp-content\/uploads\/sites\/87\/2025\/08\/c7441be7-c410-46b3-bcc6-f72fd319b845-402x540.jpeg 402w, https:\/\/portal.pi.gov.br\/seres\/wp-content\/uploads\/sites\/87\/2025\/08\/c7441be7-c410-46b3-bcc6-f72fd319b845-581x780.jpeg 581w, https:\/\/portal.pi.gov.br\/seres\/wp-content\/uploads\/sites\/87\/2025\/08\/c7441be7-c410-46b3-bcc6-f72fd319b845-947x1271.jpeg 947w, https:\/\/portal.pi.gov.br\/seres\/wp-content\/uploads\/sites\/87\/2025\/08\/c7441be7-c410-46b3-bcc6-f72fd319b845-624x838.jpeg 624w, https:\/\/portal.pi.gov.br\/seres\/wp-content\/uploads\/sites\/87\/2025\/08\/c7441be7-c410-46b3-bcc6-f72fd319b845.jpeg 1080w\" sizes=\"(max-width: 763px) 100vw, 763px\" \/><\/figure>\n\n\n\n<p><\/p>\n\n\n\n<p><\/p>\n\n\n\n<p>A confer\u00eancia conta com pain\u00e9is tem\u00e1ticos, grupos de trabalho, plen\u00e1rias e a elei\u00e7\u00e3o dos 45 delegados que representar\u00e3o o Piau\u00ed na etapa nacional, al\u00e9m da aprova\u00e7\u00e3o de 12 propostas priorit\u00e1rias que integrar\u00e3o a contribui\u00e7\u00e3o do Estado \u00e0 nova PNDU. Ao final, ser\u00e1 elaborado um relat\u00f3rio consolidado a ser encaminhado \u00e0 Comiss\u00e3o Organizadora Nacional, no \u00e2mbito da plataforma Rede para Desenvolvimento Urbano Sustent\u00e1vel (ReDUS) (<a href=\"http:\/\/concid24.redus.org.br\/\">concid24.redus.org.br<\/a>).<\/p>\n\n\n\n<p><\/p>\n\n\n\n<p><\/p>\n\n\n\n<p>Fotos: Natalina Alves e Gabriel Paulino<a href=\"https:\/\/www.pi.gov.br\/etapa-preparatoria-da-6a-conferencia-nacional-das-cidades-inicia-nesta-terca19-em-teresina\/#\"><\/a><\/p>\n","protected":false},"excerpt":{"rendered":"<p>A confer\u00eancia visa fortalecer a gest\u00e3o democr\u00e1tica e a participa\u00e7\u00e3o social na formula\u00e7\u00e3o de pol\u00edticas p\u00fablicas. Com o tema \u201cConstruindo a Pol\u00edtica Nacional de Desenvolvimento Urbano: caminhos para cidades inclusivas, [&hellip;]<\/p>\n","protected":false},"author":1821,"featured_media":4275,"comment_status":"closed","ping_status":"closed","sticky":true,"template":"","format":"standard","meta":[],"categories":[34],"tags":[47,41],"featured_image_urls":{"full":["https:\/\/portal.pi.gov.br\/seres\/wp-content\/uploads\/sites\/87\/2025\/08\/e068face-21d1-4a16-8e38-12d8be900279.jpeg",960,516,false],"thumbnail":["https:\/\/portal.pi.gov.br\/seres\/wp-content\/uploads\/sites\/87\/2025\/08\/e068face-21d1-4a16-8e38-12d8be900279-150x150.jpeg",150,150,true],"medium":["https:\/\/portal.pi.gov.br\/seres\/wp-content\/uploads\/sites\/87\/2025\/08\/e068face-21d1-4a16-8e38-12d8be900279-300x161.jpeg",300,161,true],"medium_large":["https:\/\/portal.pi.gov.br\/seres\/wp-content\/uploads\/sites\/87\/2025\/08\/e068face-21d1-4a16-8e38-12d8be900279-768x413.jpeg",768,413,true],"large":["https:\/\/portal.pi.gov.br\/seres\/wp-content\/uploads\/sites\/87\/2025\/08\/e068face-21d1-4a16-8e38-12d8be900279.jpeg",887,477,false],"sgg-420":["https:\/\/portal.pi.gov.br\/seres\/wp-content\/uploads\/sites\/87\/2025\/08\/e068face-21d1-4a16-8e38-12d8be900279-420x226.jpeg",420,226,true],"sgg-540":["https:\/\/portal.pi.gov.br\/seres\/wp-content\/uploads\/sites\/87\/2025\/08\/e068face-21d1-4a16-8e38-12d8be900279-540x290.jpeg",540,290,true],"sgg-780":["https:\/\/portal.pi.gov.br\/seres\/wp-content\/uploads\/sites\/87\/2025\/08\/e068face-21d1-4a16-8e38-12d8be900279-780x419.jpeg",780,419,true],"1536x1536":["https:\/\/portal.pi.gov.br\/seres\/wp-content\/uploads\/sites\/87\/2025\/08\/e068face-21d1-4a16-8e38-12d8be900279.jpeg",960,516,false],"2048x2048":["https:\/\/portal.pi.gov.br\/seres\/wp-content\/uploads\/sites\/87\/2025\/08\/e068face-21d1-4a16-8e38-12d8be900279.jpeg",960,516,false],"homepage-slider":["https:\/\/portal.pi.gov.br\/seres\/wp-content\/uploads\/sites\/87\/2025\/08\/e068face-21d1-4a16-8e38-12d8be900279-960x500.jpeg",960,500,true],"homepage-slider-small":["https:\/\/portal.pi.gov.br\/seres\/wp-content\/uploads\/sites\/87\/2025\/08\/e068face-21d1-4a16-8e38-12d8be900279-947x500.jpeg",947,500,true],"page-top":["https:\/\/portal.pi.gov.br\/seres\/wp-content\/uploads\/sites\/87\/2025\/08\/e068face-21d1-4a16-8e38-12d8be900279-947x509.jpeg",947,509,true],"page-small":["https:\/\/portal.pi.gov.br\/seres\/wp-content\/uploads\/sites\/87\/2025\/08\/e068face-21d1-4a16-8e38-12d8be900279-624x335.jpeg",624,335,true],"loop-main":["https:\/\/portal.pi.gov.br\/seres\/wp-content\/uploads\/sites\/87\/2025\/08\/e068face-21d1-4a16-8e38-12d8be900279-365x240.jpeg",365,240,true],"thumb-gallery-widget":["https:\/\/portal.pi.gov.br\/seres\/wp-content\/uploads\/sites\/87\/2025\/08\/e068face-21d1-4a16-8e38-12d8be900279-84x56.jpeg",84,56,true]},"post_excerpt_stackable":"<p>A confer\u00eancia visa fortalecer a gest\u00e3o democr\u00e1tica e a participa\u00e7\u00e3o social na formula\u00e7\u00e3o de pol\u00edticas p\u00fablicas. Com o tema \u201cConstruindo a Pol\u00edtica Nacional de Desenvolvimento Urbano: caminhos para cidades inclusivas, democr\u00e1ticas, sustent\u00e1veis e com justi\u00e7a social\u201d, teve in\u00edcio nesta ter\u00e7a-feira (19) a Confer\u00eancia Estadual das Cidades, etapa preparat\u00f3ria para a 6\u00aa Confer\u00eancia Nacional das Cidades, no Blue Tree Towers Rio Poty, em Teresina. O evento reuniu gestores p\u00fablicos, representantes da sociedade civil, movimentos sociais e entidades profissionais para debater o futuro do desenvolvimento urbano no estado. O governador Rafael Fonteles e a secret\u00e1ria de Rela\u00e7\u00f5es Sociais, N\u00fabia Lopes, participaram da&hellip;<\/p>\n","category_list":"<a href=\"https:\/\/portal.pi.gov.br\/seres\/category\/noticias\/\" rel=\"category tag\">Not\u00edcias<\/a>","author_info":{"name":"alineraquel","url":"https:\/\/portal.pi.gov.br\/seres\/author\/alineraquel\/"},"comments_num":"0 coment\u00e1rio","featured_image_urls_v2":{"full":["https:\/\/portal.pi.gov.br\/seres\/wp-content\/uploads\/sites\/87\/2025\/08\/e068face-21d1-4a16-8e38-12d8be900279.jpeg",960,516,false],"thumbnail":["https:\/\/portal.pi.gov.br\/seres\/wp-content\/uploads\/sites\/87\/2025\/08\/e068face-21d1-4a16-8e38-12d8be900279-150x150.jpeg",150,150,true],"medium":["https:\/\/portal.pi.gov.br\/seres\/wp-content\/uploads\/sites\/87\/2025\/08\/e068face-21d1-4a16-8e38-12d8be900279-300x161.jpeg",300,161,true],"medium_large":["https:\/\/portal.pi.gov.br\/seres\/wp-content\/uploads\/sites\/87\/2025\/08\/e068face-21d1-4a16-8e38-12d8be900279-768x413.jpeg",768,413,true],"large":["https:\/\/portal.pi.gov.br\/seres\/wp-content\/uploads\/sites\/87\/2025\/08\/e068face-21d1-4a16-8e38-12d8be900279.jpeg",887,477,false],"sgg-420":["https:\/\/portal.pi.gov.br\/seres\/wp-content\/uploads\/sites\/87\/2025\/08\/e068face-21d1-4a16-8e38-12d8be900279-420x226.jpeg",420,226,true],"sgg-540":["https:\/\/portal.pi.gov.br\/seres\/wp-content\/uploads\/sites\/87\/2025\/08\/e068face-21d1-4a16-8e38-12d8be900279-540x290.jpeg",540,290,true],"sgg-780":["https:\/\/portal.pi.gov.br\/seres\/wp-content\/uploads\/sites\/87\/2025\/08\/e068face-21d1-4a16-8e38-12d8be900279-780x419.jpeg",780,419,true],"1536x1536":["https:\/\/portal.pi.gov.br\/seres\/wp-content\/uploads\/sites\/87\/2025\/08\/e068face-21d1-4a16-8e38-12d8be900279.jpeg",960,516,false],"2048x2048":["https:\/\/portal.pi.gov.br\/seres\/wp-content\/uploads\/sites\/87\/2025\/08\/e068face-21d1-4a16-8e38-12d8be900279.jpeg",960,516,false],"homepage-slider":["https:\/\/portal.pi.gov.br\/seres\/wp-content\/uploads\/sites\/87\/2025\/08\/e068face-21d1-4a16-8e38-12d8be900279-960x500.jpeg",960,500,true],"homepage-slider-small":["https:\/\/portal.pi.gov.br\/seres\/wp-content\/uploads\/sites\/87\/2025\/08\/e068face-21d1-4a16-8e38-12d8be900279-947x500.jpeg",947,500,true],"page-top":["https:\/\/portal.pi.gov.br\/seres\/wp-content\/uploads\/sites\/87\/2025\/08\/e068face-21d1-4a16-8e38-12d8be900279-947x509.jpeg",947,509,true],"page-small":["https:\/\/portal.pi.gov.br\/seres\/wp-content\/uploads\/sites\/87\/2025\/08\/e068face-21d1-4a16-8e38-12d8be900279-624x335.jpeg",624,335,true],"loop-main":["https:\/\/portal.pi.gov.br\/seres\/wp-content\/uploads\/sites\/87\/2025\/08\/e068face-21d1-4a16-8e38-12d8be900279-365x240.jpeg",365,240,true],"thumb-gallery-widget":["https:\/\/portal.pi.gov.br\/seres\/wp-content\/uploads\/sites\/87\/2025\/08\/e068face-21d1-4a16-8e38-12d8be900279-84x56.jpeg",84,56,true]},"post_excerpt_stackable_v2":"<p>A confer\u00eancia visa fortalecer a gest\u00e3o democr\u00e1tica e a participa\u00e7\u00e3o social na formula\u00e7\u00e3o de pol\u00edticas p\u00fablicas. Com o tema \u201cConstruindo a Pol\u00edtica Nacional de Desenvolvimento Urbano: caminhos para cidades inclusivas, democr\u00e1ticas, sustent\u00e1veis e com justi\u00e7a social\u201d, teve in\u00edcio nesta ter\u00e7a-feira (19) a Confer\u00eancia Estadual das Cidades, etapa preparat\u00f3ria para a 6\u00aa Confer\u00eancia Nacional das Cidades, no Blue Tree Towers Rio Poty, em Teresina. O evento reuniu gestores p\u00fablicos, representantes da sociedade civil, movimentos sociais e entidades profissionais para debater o futuro do desenvolvimento urbano no estado. O governador Rafael Fonteles e a secret\u00e1ria de Rela\u00e7\u00f5es Sociais, N\u00fabia Lopes, participaram da&hellip;<\/p>\n","category_list_v2":"<a href=\"https:\/\/portal.pi.gov.br\/seres\/category\/noticias\/\" rel=\"category tag\">Not\u00edcias<\/a>","author_info_v2":{"name":"alineraquel","url":"https:\/\/portal.pi.gov.br\/seres\/author\/alineraquel\/"},"comments_num_v2":"0 coment\u00e1rio","jetpack_featured_media_url":"https:\/\/portal.pi.gov.br\/seres\/wp-content\/uploads\/sites\/87\/2025\/08\/e068face-21d1-4a16-8e38-12d8be900279.jpeg","_links":{"self":[{"href":"https:\/\/portal.pi.gov.br\/seres\/wp-json\/wp\/v2\/posts\/4263"}],"collection":[{"href":"https:\/\/portal.pi.gov.br\/seres\/wp-json\/wp\/v2\/posts"}],"about":[{"href":"https:\/\/portal.pi.gov.br\/seres\/wp-json\/wp\/v2\/types\/post"}],"author":[{"embeddable":true,"href":"https:\/\/portal.pi.gov.br\/seres\/wp-json\/wp\/v2\/users\/1821"}],"replies":[{"embeddable":true,"href":"https:\/\/portal.pi.gov.br\/seres\/wp-json\/wp\/v2\/comments?post=4263"}],"version-history":[{"count":7,"href":"https:\/\/portal.pi.gov.br\/seres\/wp-json\/wp\/v2\/posts\/4263\/revisions"}],"predecessor-version":[{"id":4282,"href":"https:\/\/portal.pi.gov.br\/seres\/wp-json\/wp\/v2\/posts\/4263\/revisions\/4282"}],"wp:featuredmedia":[{"embeddable":true,"href":"https:\/\/portal.pi.gov.br\/seres\/wp-json\/wp\/v2\/media\/4275"}],"wp:attachment":[{"href":"https:\/\/portal.pi.gov.br\/seres\/wp-json\/wp\/v2\/media?parent=4263"}],"wp:term":[{"taxonomy":"category","embeddable":true,"href":"https:\/\/portal.pi.gov.br\/seres\/wp-json\/wp\/v2\/categories?post=4263"},{"taxonomy":"post_tag","embeddable":true,"href":"https:\/\/portal.pi.gov.br\/seres\/wp-json\/wp\/v2\/tags?post=4263"}],"curies":[{"name":"wp","href":"https:\/\/api.w.org\/{rel}","templated":true}]}}