{"id":4333,"date":"2025-08-22T14:58:02","date_gmt":"2025-08-22T17:58:02","guid":{"rendered":"https:\/\/portal.pi.gov.br\/seres\/?p=4333"},"modified":"2025-08-22T15:03:39","modified_gmt":"2025-08-22T18:03:39","slug":"renascenca-i-comemora-entrega-da-reforma-do-mercado-publico-atraves-do-opa","status":"publish","type":"post","link":"https:\/\/portal.pi.gov.br\/seres\/2025\/08\/22\/renascenca-i-comemora-entrega-da-reforma-do-mercado-publico-atraves-do-opa\/","title":{"rendered":"Renascen\u00e7a I comemora entrega da reforma do mercado p\u00fablico atrav\u00e9s do OPA"},"content":{"rendered":"\n<p><\/p>\n\n\n\n<p>A solenidade de entrega da obra aconteceu nesta sexta-feira (22).<\/p>\n\n\n\n<figure class=\"wp-block-image size-large\"><img decoding=\"async\" loading=\"lazy\" width=\"1024\" height=\"768\" src=\"https:\/\/portal.pi.gov.br\/seres\/wp-content\/uploads\/sites\/87\/2025\/08\/02cd9948-91d2-4897-bf4e-3f7b7000617c-1024x768.jpeg\" alt=\"\" class=\"wp-image-4323\" srcset=\"https:\/\/portal.pi.gov.br\/seres\/wp-content\/uploads\/sites\/87\/2025\/08\/02cd9948-91d2-4897-bf4e-3f7b7000617c-1024x768.jpeg 1024w, https:\/\/portal.pi.gov.br\/seres\/wp-content\/uploads\/sites\/87\/2025\/08\/02cd9948-91d2-4897-bf4e-3f7b7000617c-300x225.jpeg 300w, https:\/\/portal.pi.gov.br\/seres\/wp-content\/uploads\/sites\/87\/2025\/08\/02cd9948-91d2-4897-bf4e-3f7b7000617c-768x576.jpeg 768w, https:\/\/portal.pi.gov.br\/seres\/wp-content\/uploads\/sites\/87\/2025\/08\/02cd9948-91d2-4897-bf4e-3f7b7000617c-420x315.jpeg 420w, https:\/\/portal.pi.gov.br\/seres\/wp-content\/uploads\/sites\/87\/2025\/08\/02cd9948-91d2-4897-bf4e-3f7b7000617c-540x405.jpeg 540w, https:\/\/portal.pi.gov.br\/seres\/wp-content\/uploads\/sites\/87\/2025\/08\/02cd9948-91d2-4897-bf4e-3f7b7000617c-780x585.jpeg 780w, https:\/\/portal.pi.gov.br\/seres\/wp-content\/uploads\/sites\/87\/2025\/08\/02cd9948-91d2-4897-bf4e-3f7b7000617c-1536x1152.jpeg 1536w, https:\/\/portal.pi.gov.br\/seres\/wp-content\/uploads\/sites\/87\/2025\/08\/02cd9948-91d2-4897-bf4e-3f7b7000617c-2048x1536.jpeg 2048w, https:\/\/portal.pi.gov.br\/seres\/wp-content\/uploads\/sites\/87\/2025\/08\/02cd9948-91d2-4897-bf4e-3f7b7000617c-947x710.jpeg 947w, https:\/\/portal.pi.gov.br\/seres\/wp-content\/uploads\/sites\/87\/2025\/08\/02cd9948-91d2-4897-bf4e-3f7b7000617c-624x468.jpeg 624w\" sizes=\"(max-width: 1024px) 100vw, 1024px\" \/><\/figure>\n\n\n\n<p><\/p>\n\n\n\n<p>O mercado do Renascen\u00e7a I, zona Sudeste de Teresina, conta agora com um novo espa\u00e7o, revitalizado, mais adequado e confort\u00e1vel para permission\u00e1rios e clientes. A reforma do equipamento p\u00fablico foi uma demanda da popula\u00e7\u00e3o, eleita e realizada por meio do Or\u00e7amento Participativo Digital (OPA). A solenidade de entrega da obra aconteceu nesta sexta-feira (22).<\/p>\n\n\n\n<p>A obra contemplou reforma e amplia\u00e7\u00e3o do espa\u00e7o, com nova fachada, revitaliza\u00e7\u00e3o de boxes, \u00e1rea destinada ao hortifruti com piso de granilite, reforma dos banheiros existentes e constru\u00e7\u00e3o de banheiros com acessibilidade. O investimento foi de quase R$ 500 mil, em uma \u00e1rea de 778,20 m\u00b2, executado pela Secretaria das Cidades (SECID).<\/p>\n\n\n\n<p>A proposta foi apresentada pela Funda\u00e7\u00e3o Domingos Bezerra Lima na edi\u00e7\u00e3o 2023-2024 do OPA e eleita com 316 votos v\u00e1lidos. Para Maria Helena de Jesus Moreira, presidente da entidade, o momento \u00e9 de celebra\u00e7\u00e3o. \u201c\u00c9 uma alegria enorme, como moradora do bairro e representante da Funda\u00e7\u00e3o, ver esse mercado renovado. Foi um desejo antigo dos moradores e dos permission\u00e1rios, a comunidade desejava um espa\u00e7o para comercializar seus produtos, e hoje temos a satisfa\u00e7\u00e3o de ver esse espa\u00e7o valorizado e pronto para atender melhor \u00e0 comunidade.\u201d, destacou Maria Helena.<\/p>\n\n\n\n<p>A artes\u00e3 Cleude Maria demonstrou muita alegria com a reforma. \u201cEsse novo espa\u00e7o representa desenvolvimento para o nosso bairro. Com a reforma, tudo ficou mais bonito e organizado, criando as condi\u00e7\u00f5es ideais para que eu possa expor e vender os meus produtos, a minha arte. Estou muito feliz com esse presente para a nossa comunidade!\u201d, comemorou.<\/p>\n\n\n\n<figure class=\"wp-block-image size-large\"><img decoding=\"async\" loading=\"lazy\" width=\"1024\" height=\"682\" src=\"https:\/\/portal.pi.gov.br\/seres\/wp-content\/uploads\/sites\/87\/2025\/08\/ef2d1bb2-6b77-4450-9c99-8f215b218bfa-1024x682.jpeg\" alt=\"\" class=\"wp-image-4331\" srcset=\"https:\/\/portal.pi.gov.br\/seres\/wp-content\/uploads\/sites\/87\/2025\/08\/ef2d1bb2-6b77-4450-9c99-8f215b218bfa-1024x682.jpeg 1024w, https:\/\/portal.pi.gov.br\/seres\/wp-content\/uploads\/sites\/87\/2025\/08\/ef2d1bb2-6b77-4450-9c99-8f215b218bfa-300x200.jpeg 300w, https:\/\/portal.pi.gov.br\/seres\/wp-content\/uploads\/sites\/87\/2025\/08\/ef2d1bb2-6b77-4450-9c99-8f215b218bfa-768x512.jpeg 768w, https:\/\/portal.pi.gov.br\/seres\/wp-content\/uploads\/sites\/87\/2025\/08\/ef2d1bb2-6b77-4450-9c99-8f215b218bfa-420x280.jpeg 420w, https:\/\/portal.pi.gov.br\/seres\/wp-content\/uploads\/sites\/87\/2025\/08\/ef2d1bb2-6b77-4450-9c99-8f215b218bfa-540x360.jpeg 540w, https:\/\/portal.pi.gov.br\/seres\/wp-content\/uploads\/sites\/87\/2025\/08\/ef2d1bb2-6b77-4450-9c99-8f215b218bfa-780x520.jpeg 780w, https:\/\/portal.pi.gov.br\/seres\/wp-content\/uploads\/sites\/87\/2025\/08\/ef2d1bb2-6b77-4450-9c99-8f215b218bfa-1536x1023.jpeg 1536w, https:\/\/portal.pi.gov.br\/seres\/wp-content\/uploads\/sites\/87\/2025\/08\/ef2d1bb2-6b77-4450-9c99-8f215b218bfa-947x631.jpeg 947w, https:\/\/portal.pi.gov.br\/seres\/wp-content\/uploads\/sites\/87\/2025\/08\/ef2d1bb2-6b77-4450-9c99-8f215b218bfa-624x416.jpeg 624w, https:\/\/portal.pi.gov.br\/seres\/wp-content\/uploads\/sites\/87\/2025\/08\/ef2d1bb2-6b77-4450-9c99-8f215b218bfa-84x56.jpeg 84w, https:\/\/portal.pi.gov.br\/seres\/wp-content\/uploads\/sites\/87\/2025\/08\/ef2d1bb2-6b77-4450-9c99-8f215b218bfa.jpeg 1600w\" sizes=\"(max-width: 1024px) 100vw, 1024px\" \/><\/figure>\n\n\n\n<p><\/p>\n\n\n\n<p>A diretora de Participa\u00e7\u00e3o Social da Seres, Juciara Linhares, destacou a import\u00e2ncia da obra para mais qualidade de vida e crescimento econ\u00f4mico para os permission\u00e1rios. &#8220;Hoje, a Seres, atrav\u00e9s da Diretoria de Participa\u00e7\u00e3o Social, esteve presente em mais uma importante entrega do OPA 2023-2024. Agora, foi a reforma do Mercado de Renascen\u00e7a I, uma importante obra que vai impactar diretamente na vida de todas as pessoas que vivem no entorno da comunidade. O mercado funciona como um espa\u00e7o para fomentar o crescimento econ\u00f4mico e social da regi\u00e3o. E o OPA vem cada vez mais se consolidando, tanto em Teresina como nos demais munic\u00edpios, como esse mecanismo para que a popula\u00e7\u00e3o possa realizar seus sonhos&#8221;.<\/p>\n\n\n\n<p><\/p>\n\n\n\n<figure class=\"wp-block-gallery has-nested-images columns-default is-cropped wp-block-gallery-1 is-layout-flex\">\n<figure class=\"wp-block-image size-large\"><img decoding=\"async\" loading=\"lazy\" width=\"1024\" height=\"637\" data-id=\"4330\"  src=\"https:\/\/portal.pi.gov.br\/seres\/wp-content\/uploads\/sites\/87\/2025\/08\/b12bb526-5d67-47dc-83b8-f62c38275e89-1024x637.jpeg\" alt=\"\" class=\"wp-image-4330\" srcset=\"https:\/\/portal.pi.gov.br\/seres\/wp-content\/uploads\/sites\/87\/2025\/08\/b12bb526-5d67-47dc-83b8-f62c38275e89-1024x637.jpeg 1024w, https:\/\/portal.pi.gov.br\/seres\/wp-content\/uploads\/sites\/87\/2025\/08\/b12bb526-5d67-47dc-83b8-f62c38275e89-300x187.jpeg 300w, https:\/\/portal.pi.gov.br\/seres\/wp-content\/uploads\/sites\/87\/2025\/08\/b12bb526-5d67-47dc-83b8-f62c38275e89-768x478.jpeg 768w, https:\/\/portal.pi.gov.br\/seres\/wp-content\/uploads\/sites\/87\/2025\/08\/b12bb526-5d67-47dc-83b8-f62c38275e89-420x261.jpeg 420w, https:\/\/portal.pi.gov.br\/seres\/wp-content\/uploads\/sites\/87\/2025\/08\/b12bb526-5d67-47dc-83b8-f62c38275e89-540x336.jpeg 540w, https:\/\/portal.pi.gov.br\/seres\/wp-content\/uploads\/sites\/87\/2025\/08\/b12bb526-5d67-47dc-83b8-f62c38275e89-780x485.jpeg 780w, https:\/\/portal.pi.gov.br\/seres\/wp-content\/uploads\/sites\/87\/2025\/08\/b12bb526-5d67-47dc-83b8-f62c38275e89-947x589.jpeg 947w, https:\/\/portal.pi.gov.br\/seres\/wp-content\/uploads\/sites\/87\/2025\/08\/b12bb526-5d67-47dc-83b8-f62c38275e89-624x388.jpeg 624w, https:\/\/portal.pi.gov.br\/seres\/wp-content\/uploads\/sites\/87\/2025\/08\/b12bb526-5d67-47dc-83b8-f62c38275e89.jpeg 1080w\" sizes=\"(max-width: 1024px) 100vw, 1024px\" \/><\/figure>\n\n\n\n<figure class=\"wp-block-image size-large\"><img decoding=\"async\" loading=\"lazy\" width=\"1024\" height=\"629\" data-id=\"4329\"  src=\"https:\/\/portal.pi.gov.br\/seres\/wp-content\/uploads\/sites\/87\/2025\/08\/a8b2f8cf-c699-4fba-9bcc-5485a8556131-1024x629.jpeg\" alt=\"\" class=\"wp-image-4329\" srcset=\"https:\/\/portal.pi.gov.br\/seres\/wp-content\/uploads\/sites\/87\/2025\/08\/a8b2f8cf-c699-4fba-9bcc-5485a8556131-1024x629.jpeg 1024w, https:\/\/portal.pi.gov.br\/seres\/wp-content\/uploads\/sites\/87\/2025\/08\/a8b2f8cf-c699-4fba-9bcc-5485a8556131-300x184.jpeg 300w, https:\/\/portal.pi.gov.br\/seres\/wp-content\/uploads\/sites\/87\/2025\/08\/a8b2f8cf-c699-4fba-9bcc-5485a8556131-768x471.jpeg 768w, https:\/\/portal.pi.gov.br\/seres\/wp-content\/uploads\/sites\/87\/2025\/08\/a8b2f8cf-c699-4fba-9bcc-5485a8556131-420x258.jpeg 420w, https:\/\/portal.pi.gov.br\/seres\/wp-content\/uploads\/sites\/87\/2025\/08\/a8b2f8cf-c699-4fba-9bcc-5485a8556131-540x332.jpeg 540w, https:\/\/portal.pi.gov.br\/seres\/wp-content\/uploads\/sites\/87\/2025\/08\/a8b2f8cf-c699-4fba-9bcc-5485a8556131-780x479.jpeg 780w, https:\/\/portal.pi.gov.br\/seres\/wp-content\/uploads\/sites\/87\/2025\/08\/a8b2f8cf-c699-4fba-9bcc-5485a8556131-947x581.jpeg 947w, https:\/\/portal.pi.gov.br\/seres\/wp-content\/uploads\/sites\/87\/2025\/08\/a8b2f8cf-c699-4fba-9bcc-5485a8556131-624x383.jpeg 624w, https:\/\/portal.pi.gov.br\/seres\/wp-content\/uploads\/sites\/87\/2025\/08\/a8b2f8cf-c699-4fba-9bcc-5485a8556131.jpeg 1080w\" sizes=\"(max-width: 1024px) 100vw, 1024px\" \/><\/figure>\n\n\n\n<figure class=\"wp-block-image size-large\"><img decoding=\"async\" loading=\"lazy\" width=\"1024\" height=\"768\" data-id=\"4328\"  src=\"https:\/\/portal.pi.gov.br\/seres\/wp-content\/uploads\/sites\/87\/2025\/08\/a3a902d8-6464-489e-82f2-7ba01ab76b33-1024x768.jpeg\" alt=\"\" class=\"wp-image-4328\" srcset=\"https:\/\/portal.pi.gov.br\/seres\/wp-content\/uploads\/sites\/87\/2025\/08\/a3a902d8-6464-489e-82f2-7ba01ab76b33-1024x768.jpeg 1024w, https:\/\/portal.pi.gov.br\/seres\/wp-content\/uploads\/sites\/87\/2025\/08\/a3a902d8-6464-489e-82f2-7ba01ab76b33-300x225.jpeg 300w, https:\/\/portal.pi.gov.br\/seres\/wp-content\/uploads\/sites\/87\/2025\/08\/a3a902d8-6464-489e-82f2-7ba01ab76b33-768x576.jpeg 768w, https:\/\/portal.pi.gov.br\/seres\/wp-content\/uploads\/sites\/87\/2025\/08\/a3a902d8-6464-489e-82f2-7ba01ab76b33-420x315.jpeg 420w, https:\/\/portal.pi.gov.br\/seres\/wp-content\/uploads\/sites\/87\/2025\/08\/a3a902d8-6464-489e-82f2-7ba01ab76b33-540x405.jpeg 540w, https:\/\/portal.pi.gov.br\/seres\/wp-content\/uploads\/sites\/87\/2025\/08\/a3a902d8-6464-489e-82f2-7ba01ab76b33-780x585.jpeg 780w, https:\/\/portal.pi.gov.br\/seres\/wp-content\/uploads\/sites\/87\/2025\/08\/a3a902d8-6464-489e-82f2-7ba01ab76b33-1536x1152.jpeg 1536w, https:\/\/portal.pi.gov.br\/seres\/wp-content\/uploads\/sites\/87\/2025\/08\/a3a902d8-6464-489e-82f2-7ba01ab76b33-2048x1536.jpeg 2048w, https:\/\/portal.pi.gov.br\/seres\/wp-content\/uploads\/sites\/87\/2025\/08\/a3a902d8-6464-489e-82f2-7ba01ab76b33-947x710.jpeg 947w, https:\/\/portal.pi.gov.br\/seres\/wp-content\/uploads\/sites\/87\/2025\/08\/a3a902d8-6464-489e-82f2-7ba01ab76b33-624x468.jpeg 624w\" sizes=\"(max-width: 1024px) 100vw, 1024px\" \/><\/figure>\n\n\n\n<figure class=\"wp-block-image size-large\"><img decoding=\"async\" loading=\"lazy\" width=\"1024\" height=\"768\" data-id=\"4327\"  src=\"https:\/\/portal.pi.gov.br\/seres\/wp-content\/uploads\/sites\/87\/2025\/08\/341f8cce-e130-44fb-be8f-6fe46c1e1358-1024x768.jpeg\" alt=\"\" class=\"wp-image-4327\" srcset=\"https:\/\/portal.pi.gov.br\/seres\/wp-content\/uploads\/sites\/87\/2025\/08\/341f8cce-e130-44fb-be8f-6fe46c1e1358-1024x768.jpeg 1024w, https:\/\/portal.pi.gov.br\/seres\/wp-content\/uploads\/sites\/87\/2025\/08\/341f8cce-e130-44fb-be8f-6fe46c1e1358-300x225.jpeg 300w, https:\/\/portal.pi.gov.br\/seres\/wp-content\/uploads\/sites\/87\/2025\/08\/341f8cce-e130-44fb-be8f-6fe46c1e1358-768x576.jpeg 768w, https:\/\/portal.pi.gov.br\/seres\/wp-content\/uploads\/sites\/87\/2025\/08\/341f8cce-e130-44fb-be8f-6fe46c1e1358-420x315.jpeg 420w, https:\/\/portal.pi.gov.br\/seres\/wp-content\/uploads\/sites\/87\/2025\/08\/341f8cce-e130-44fb-be8f-6fe46c1e1358-540x405.jpeg 540w, https:\/\/portal.pi.gov.br\/seres\/wp-content\/uploads\/sites\/87\/2025\/08\/341f8cce-e130-44fb-be8f-6fe46c1e1358-780x585.jpeg 780w, https:\/\/portal.pi.gov.br\/seres\/wp-content\/uploads\/sites\/87\/2025\/08\/341f8cce-e130-44fb-be8f-6fe46c1e1358-1536x1152.jpeg 1536w, https:\/\/portal.pi.gov.br\/seres\/wp-content\/uploads\/sites\/87\/2025\/08\/341f8cce-e130-44fb-be8f-6fe46c1e1358-2048x1536.jpeg 2048w, https:\/\/portal.pi.gov.br\/seres\/wp-content\/uploads\/sites\/87\/2025\/08\/341f8cce-e130-44fb-be8f-6fe46c1e1358-947x710.jpeg 947w, https:\/\/portal.pi.gov.br\/seres\/wp-content\/uploads\/sites\/87\/2025\/08\/341f8cce-e130-44fb-be8f-6fe46c1e1358-624x468.jpeg 624w\" sizes=\"(max-width: 1024px) 100vw, 1024px\" \/><\/figure>\n\n\n\n<figure class=\"wp-block-image size-large\"><img decoding=\"async\" loading=\"lazy\" width=\"1024\" height=\"623\" data-id=\"4325\"  src=\"https:\/\/portal.pi.gov.br\/seres\/wp-content\/uploads\/sites\/87\/2025\/08\/34e56fec-1f18-4fb5-8f3b-bec943116846-1024x623.jpeg\" alt=\"\" class=\"wp-image-4325\" srcset=\"https:\/\/portal.pi.gov.br\/seres\/wp-content\/uploads\/sites\/87\/2025\/08\/34e56fec-1f18-4fb5-8f3b-bec943116846-1024x623.jpeg 1024w, https:\/\/portal.pi.gov.br\/seres\/wp-content\/uploads\/sites\/87\/2025\/08\/34e56fec-1f18-4fb5-8f3b-bec943116846-300x183.jpeg 300w, https:\/\/portal.pi.gov.br\/seres\/wp-content\/uploads\/sites\/87\/2025\/08\/34e56fec-1f18-4fb5-8f3b-bec943116846-768x467.jpeg 768w, https:\/\/portal.pi.gov.br\/seres\/wp-content\/uploads\/sites\/87\/2025\/08\/34e56fec-1f18-4fb5-8f3b-bec943116846-420x256.jpeg 420w, https:\/\/portal.pi.gov.br\/seres\/wp-content\/uploads\/sites\/87\/2025\/08\/34e56fec-1f18-4fb5-8f3b-bec943116846-540x329.jpeg 540w, https:\/\/portal.pi.gov.br\/seres\/wp-content\/uploads\/sites\/87\/2025\/08\/34e56fec-1f18-4fb5-8f3b-bec943116846-780x475.jpeg 780w, https:\/\/portal.pi.gov.br\/seres\/wp-content\/uploads\/sites\/87\/2025\/08\/34e56fec-1f18-4fb5-8f3b-bec943116846-947x576.jpeg 947w, https:\/\/portal.pi.gov.br\/seres\/wp-content\/uploads\/sites\/87\/2025\/08\/34e56fec-1f18-4fb5-8f3b-bec943116846-624x380.jpeg 624w, https:\/\/portal.pi.gov.br\/seres\/wp-content\/uploads\/sites\/87\/2025\/08\/34e56fec-1f18-4fb5-8f3b-bec943116846.jpeg 1080w\" sizes=\"(max-width: 1024px) 100vw, 1024px\" \/><\/figure>\n\n\n\n<figure class=\"wp-block-image size-large\"><img decoding=\"async\" loading=\"lazy\" width=\"819\" height=\"1024\" data-id=\"4324\"  src=\"https:\/\/portal.pi.gov.br\/seres\/wp-content\/uploads\/sites\/87\/2025\/08\/3c1eb4a6-94a4-43c0-9d93-23f107f3ae43-819x1024.jpeg\" alt=\"\" class=\"wp-image-4324\" srcset=\"https:\/\/portal.pi.gov.br\/seres\/wp-content\/uploads\/sites\/87\/2025\/08\/3c1eb4a6-94a4-43c0-9d93-23f107f3ae43-819x1024.jpeg 819w, https:\/\/portal.pi.gov.br\/seres\/wp-content\/uploads\/sites\/87\/2025\/08\/3c1eb4a6-94a4-43c0-9d93-23f107f3ae43-240x300.jpeg 240w, https:\/\/portal.pi.gov.br\/seres\/wp-content\/uploads\/sites\/87\/2025\/08\/3c1eb4a6-94a4-43c0-9d93-23f107f3ae43-768x960.jpeg 768w, https:\/\/portal.pi.gov.br\/seres\/wp-content\/uploads\/sites\/87\/2025\/08\/3c1eb4a6-94a4-43c0-9d93-23f107f3ae43-336x420.jpeg 336w, https:\/\/portal.pi.gov.br\/seres\/wp-content\/uploads\/sites\/87\/2025\/08\/3c1eb4a6-94a4-43c0-9d93-23f107f3ae43-432x540.jpeg 432w, https:\/\/portal.pi.gov.br\/seres\/wp-content\/uploads\/sites\/87\/2025\/08\/3c1eb4a6-94a4-43c0-9d93-23f107f3ae43-624x780.jpeg 624w, https:\/\/portal.pi.gov.br\/seres\/wp-content\/uploads\/sites\/87\/2025\/08\/3c1eb4a6-94a4-43c0-9d93-23f107f3ae43-1229x1536.jpeg 1229w, https:\/\/portal.pi.gov.br\/seres\/wp-content\/uploads\/sites\/87\/2025\/08\/3c1eb4a6-94a4-43c0-9d93-23f107f3ae43-1638x2048.jpeg 1638w, https:\/\/portal.pi.gov.br\/seres\/wp-content\/uploads\/sites\/87\/2025\/08\/3c1eb4a6-94a4-43c0-9d93-23f107f3ae43-947x1184.jpeg 947w, https:\/\/portal.pi.gov.br\/seres\/wp-content\/uploads\/sites\/87\/2025\/08\/3c1eb4a6-94a4-43c0-9d93-23f107f3ae43-scaled.jpeg 2048w\" sizes=\"(max-width: 819px) 100vw, 819px\" \/><\/figure>\n\n\n\n<figure class=\"wp-block-image size-large\"><img decoding=\"async\" loading=\"lazy\" width=\"1024\" height=\"768\" data-id=\"4322\"  src=\"https:\/\/portal.pi.gov.br\/seres\/wp-content\/uploads\/sites\/87\/2025\/08\/1f19afd7-51c1-4369-a348-1db2456bed4c-1024x768.jpeg\" alt=\"\" class=\"wp-image-4322\" srcset=\"https:\/\/portal.pi.gov.br\/seres\/wp-content\/uploads\/sites\/87\/2025\/08\/1f19afd7-51c1-4369-a348-1db2456bed4c-1024x768.jpeg 1024w, https:\/\/portal.pi.gov.br\/seres\/wp-content\/uploads\/sites\/87\/2025\/08\/1f19afd7-51c1-4369-a348-1db2456bed4c-300x225.jpeg 300w, https:\/\/portal.pi.gov.br\/seres\/wp-content\/uploads\/sites\/87\/2025\/08\/1f19afd7-51c1-4369-a348-1db2456bed4c-768x576.jpeg 768w, https:\/\/portal.pi.gov.br\/seres\/wp-content\/uploads\/sites\/87\/2025\/08\/1f19afd7-51c1-4369-a348-1db2456bed4c-420x315.jpeg 420w, https:\/\/portal.pi.gov.br\/seres\/wp-content\/uploads\/sites\/87\/2025\/08\/1f19afd7-51c1-4369-a348-1db2456bed4c-540x405.jpeg 540w, https:\/\/portal.pi.gov.br\/seres\/wp-content\/uploads\/sites\/87\/2025\/08\/1f19afd7-51c1-4369-a348-1db2456bed4c-780x585.jpeg 780w, https:\/\/portal.pi.gov.br\/seres\/wp-content\/uploads\/sites\/87\/2025\/08\/1f19afd7-51c1-4369-a348-1db2456bed4c-1536x1152.jpeg 1536w, https:\/\/portal.pi.gov.br\/seres\/wp-content\/uploads\/sites\/87\/2025\/08\/1f19afd7-51c1-4369-a348-1db2456bed4c-2048x1536.jpeg 2048w, https:\/\/portal.pi.gov.br\/seres\/wp-content\/uploads\/sites\/87\/2025\/08\/1f19afd7-51c1-4369-a348-1db2456bed4c-947x710.jpeg 947w, https:\/\/portal.pi.gov.br\/seres\/wp-content\/uploads\/sites\/87\/2025\/08\/1f19afd7-51c1-4369-a348-1db2456bed4c-624x468.jpeg 624w\" sizes=\"(max-width: 1024px) 100vw, 1024px\" \/><\/figure>\n<\/figure>\n\n\n\n<p><\/p>\n\n\n\n<p><\/p>\n\n\n\n<p>Com informa\u00e7\u00f5es de Mayara Sousa\/Seplan<\/p>\n\n\n\n<p><\/p>\n\n\n\n<p>Fotos: Jo\u00e3o Vitor\/SA<\/p>\n","protected":false},"excerpt":{"rendered":"<p>A solenidade de entrega da obra aconteceu nesta sexta-feira (22). O mercado do Renascen\u00e7a I, zona Sudeste de Teresina, conta agora com um novo espa\u00e7o, revitalizado, mais adequado e confort\u00e1vel [&hellip;]<\/p>\n","protected":false},"author":1821,"featured_media":4326,"comment_status":"closed","ping_status":"closed","sticky":true,"template":"","format":"standard","meta":[],"categories":[34],"tags":[62,47,41],"featured_image_urls":{"full":["https:\/\/portal.pi.gov.br\/seres\/wp-content\/uploads\/sites\/87\/2025\/08\/48c742f8-d966-415b-b0ea-d5bbbd8279cb.jpeg",1080,665,false],"thumbnail":["https:\/\/portal.pi.gov.br\/seres\/wp-content\/uploads\/sites\/87\/2025\/08\/48c742f8-d966-415b-b0ea-d5bbbd8279cb-150x150.jpeg",150,150,true],"medium":["https:\/\/portal.pi.gov.br\/seres\/wp-content\/uploads\/sites\/87\/2025\/08\/48c742f8-d966-415b-b0ea-d5bbbd8279cb-300x185.jpeg",300,185,true],"medium_large":["https:\/\/portal.pi.gov.br\/seres\/wp-content\/uploads\/sites\/87\/2025\/08\/48c742f8-d966-415b-b0ea-d5bbbd8279cb-768x473.jpeg",768,473,true],"large":["https:\/\/portal.pi.gov.br\/seres\/wp-content\/uploads\/sites\/87\/2025\/08\/48c742f8-d966-415b-b0ea-d5bbbd8279cb-1024x631.jpeg",887,547,true],"sgg-420":["https:\/\/portal.pi.gov.br\/seres\/wp-content\/uploads\/sites\/87\/2025\/08\/48c742f8-d966-415b-b0ea-d5bbbd8279cb-420x259.jpeg",420,259,true],"sgg-540":["https:\/\/portal.pi.gov.br\/seres\/wp-content\/uploads\/sites\/87\/2025\/08\/48c742f8-d966-415b-b0ea-d5bbbd8279cb-540x333.jpeg",540,333,true],"sgg-780":["https:\/\/portal.pi.gov.br\/seres\/wp-content\/uploads\/sites\/87\/2025\/08\/48c742f8-d966-415b-b0ea-d5bbbd8279cb-780x480.jpeg",780,480,true],"1536x1536":["https:\/\/portal.pi.gov.br\/seres\/wp-content\/uploads\/sites\/87\/2025\/08\/48c742f8-d966-415b-b0ea-d5bbbd8279cb.jpeg",1080,665,false],"2048x2048":["https:\/\/portal.pi.gov.br\/seres\/wp-content\/uploads\/sites\/87\/2025\/08\/48c742f8-d966-415b-b0ea-d5bbbd8279cb.jpeg",1080,665,false],"homepage-slider":["https:\/\/portal.pi.gov.br\/seres\/wp-content\/uploads\/sites\/87\/2025\/08\/48c742f8-d966-415b-b0ea-d5bbbd8279cb-1080x500.jpeg",1080,500,true],"homepage-slider-small":["https:\/\/portal.pi.gov.br\/seres\/wp-content\/uploads\/sites\/87\/2025\/08\/48c742f8-d966-415b-b0ea-d5bbbd8279cb-947x500.jpeg",947,500,true],"page-top":["https:\/\/portal.pi.gov.br\/seres\/wp-content\/uploads\/sites\/87\/2025\/08\/48c742f8-d966-415b-b0ea-d5bbbd8279cb-947x583.jpeg",947,583,true],"page-small":["https:\/\/portal.pi.gov.br\/seres\/wp-content\/uploads\/sites\/87\/2025\/08\/48c742f8-d966-415b-b0ea-d5bbbd8279cb-624x384.jpeg",624,384,true],"loop-main":["https:\/\/portal.pi.gov.br\/seres\/wp-content\/uploads\/sites\/87\/2025\/08\/48c742f8-d966-415b-b0ea-d5bbbd8279cb-365x240.jpeg",365,240,true],"thumb-gallery-widget":["https:\/\/portal.pi.gov.br\/seres\/wp-content\/uploads\/sites\/87\/2025\/08\/48c742f8-d966-415b-b0ea-d5bbbd8279cb-84x56.jpeg",84,56,true]},"post_excerpt_stackable":"<p>A solenidade de entrega da obra aconteceu nesta sexta-feira (22). O mercado do Renascen\u00e7a I, zona Sudeste de Teresina, conta agora com um novo espa\u00e7o, revitalizado, mais adequado e confort\u00e1vel para permission\u00e1rios e clientes. A reforma do equipamento p\u00fablico foi uma demanda da popula\u00e7\u00e3o, eleita e realizada por meio do Or\u00e7amento Participativo Digital (OPA). A solenidade de entrega da obra aconteceu nesta sexta-feira (22). A obra contemplou reforma e amplia\u00e7\u00e3o do espa\u00e7o, com nova fachada, revitaliza\u00e7\u00e3o de boxes, \u00e1rea destinada ao hortifruti com piso de granilite, reforma dos banheiros existentes e constru\u00e7\u00e3o de banheiros com acessibilidade. O investimento foi de&hellip;<\/p>\n","category_list":"<a href=\"https:\/\/portal.pi.gov.br\/seres\/category\/noticias\/\" rel=\"category tag\">Not\u00edcias<\/a>","author_info":{"name":"alineraquel","url":"https:\/\/portal.pi.gov.br\/seres\/author\/alineraquel\/"},"comments_num":"0 coment\u00e1rio","featured_image_urls_v2":{"full":["https:\/\/portal.pi.gov.br\/seres\/wp-content\/uploads\/sites\/87\/2025\/08\/48c742f8-d966-415b-b0ea-d5bbbd8279cb.jpeg",1080,665,false],"thumbnail":["https:\/\/portal.pi.gov.br\/seres\/wp-content\/uploads\/sites\/87\/2025\/08\/48c742f8-d966-415b-b0ea-d5bbbd8279cb-150x150.jpeg",150,150,true],"medium":["https:\/\/portal.pi.gov.br\/seres\/wp-content\/uploads\/sites\/87\/2025\/08\/48c742f8-d966-415b-b0ea-d5bbbd8279cb-300x185.jpeg",300,185,true],"medium_large":["https:\/\/portal.pi.gov.br\/seres\/wp-content\/uploads\/sites\/87\/2025\/08\/48c742f8-d966-415b-b0ea-d5bbbd8279cb-768x473.jpeg",768,473,true],"large":["https:\/\/portal.pi.gov.br\/seres\/wp-content\/uploads\/sites\/87\/2025\/08\/48c742f8-d966-415b-b0ea-d5bbbd8279cb-1024x631.jpeg",887,547,true],"sgg-420":["https:\/\/portal.pi.gov.br\/seres\/wp-content\/uploads\/sites\/87\/2025\/08\/48c742f8-d966-415b-b0ea-d5bbbd8279cb-420x259.jpeg",420,259,true],"sgg-540":["https:\/\/portal.pi.gov.br\/seres\/wp-content\/uploads\/sites\/87\/2025\/08\/48c742f8-d966-415b-b0ea-d5bbbd8279cb-540x333.jpeg",540,333,true],"sgg-780":["https:\/\/portal.pi.gov.br\/seres\/wp-content\/uploads\/sites\/87\/2025\/08\/48c742f8-d966-415b-b0ea-d5bbbd8279cb-780x480.jpeg",780,480,true],"1536x1536":["https:\/\/portal.pi.gov.br\/seres\/wp-content\/uploads\/sites\/87\/2025\/08\/48c742f8-d966-415b-b0ea-d5bbbd8279cb.jpeg",1080,665,false],"2048x2048":["https:\/\/portal.pi.gov.br\/seres\/wp-content\/uploads\/sites\/87\/2025\/08\/48c742f8-d966-415b-b0ea-d5bbbd8279cb.jpeg",1080,665,false],"homepage-slider":["https:\/\/portal.pi.gov.br\/seres\/wp-content\/uploads\/sites\/87\/2025\/08\/48c742f8-d966-415b-b0ea-d5bbbd8279cb-1080x500.jpeg",1080,500,true],"homepage-slider-small":["https:\/\/portal.pi.gov.br\/seres\/wp-content\/uploads\/sites\/87\/2025\/08\/48c742f8-d966-415b-b0ea-d5bbbd8279cb-947x500.jpeg",947,500,true],"page-top":["https:\/\/portal.pi.gov.br\/seres\/wp-content\/uploads\/sites\/87\/2025\/08\/48c742f8-d966-415b-b0ea-d5bbbd8279cb-947x583.jpeg",947,583,true],"page-small":["https:\/\/portal.pi.gov.br\/seres\/wp-content\/uploads\/sites\/87\/2025\/08\/48c742f8-d966-415b-b0ea-d5bbbd8279cb-624x384.jpeg",624,384,true],"loop-main":["https:\/\/portal.pi.gov.br\/seres\/wp-content\/uploads\/sites\/87\/2025\/08\/48c742f8-d966-415b-b0ea-d5bbbd8279cb-365x240.jpeg",365,240,true],"thumb-gallery-widget":["https:\/\/portal.pi.gov.br\/seres\/wp-content\/uploads\/sites\/87\/2025\/08\/48c742f8-d966-415b-b0ea-d5bbbd8279cb-84x56.jpeg",84,56,true]},"post_excerpt_stackable_v2":"<p>A solenidade de entrega da obra aconteceu nesta sexta-feira (22). O mercado do Renascen\u00e7a I, zona Sudeste de Teresina, conta agora com um novo espa\u00e7o, revitalizado, mais adequado e confort\u00e1vel para permission\u00e1rios e clientes. A reforma do equipamento p\u00fablico foi uma demanda da popula\u00e7\u00e3o, eleita e realizada por meio do Or\u00e7amento Participativo Digital (OPA). A solenidade de entrega da obra aconteceu nesta sexta-feira (22). A obra contemplou reforma e amplia\u00e7\u00e3o do espa\u00e7o, com nova fachada, revitaliza\u00e7\u00e3o de boxes, \u00e1rea destinada ao hortifruti com piso de granilite, reforma dos banheiros existentes e constru\u00e7\u00e3o de banheiros com acessibilidade. O investimento foi de&hellip;<\/p>\n","category_list_v2":"<a href=\"https:\/\/portal.pi.gov.br\/seres\/category\/noticias\/\" rel=\"category tag\">Not\u00edcias<\/a>","author_info_v2":{"name":"alineraquel","url":"https:\/\/portal.pi.gov.br\/seres\/author\/alineraquel\/"},"comments_num_v2":"0 coment\u00e1rio","jetpack_featured_media_url":"https:\/\/portal.pi.gov.br\/seres\/wp-content\/uploads\/sites\/87\/2025\/08\/48c742f8-d966-415b-b0ea-d5bbbd8279cb.jpeg","_links":{"self":[{"href":"https:\/\/portal.pi.gov.br\/seres\/wp-json\/wp\/v2\/posts\/4333"}],"collection":[{"href":"https:\/\/portal.pi.gov.br\/seres\/wp-json\/wp\/v2\/posts"}],"about":[{"href":"https:\/\/portal.pi.gov.br\/seres\/wp-json\/wp\/v2\/types\/post"}],"author":[{"embeddable":true,"href":"https:\/\/portal.pi.gov.br\/seres\/wp-json\/wp\/v2\/users\/1821"}],"replies":[{"embeddable":true,"href":"https:\/\/portal.pi.gov.br\/seres\/wp-json\/wp\/v2\/comments?post=4333"}],"version-history":[{"count":3,"href":"https:\/\/portal.pi.gov.br\/seres\/wp-json\/wp\/v2\/posts\/4333\/revisions"}],"predecessor-version":[{"id":4336,"href":"https:\/\/portal.pi.gov.br\/seres\/wp-json\/wp\/v2\/posts\/4333\/revisions\/4336"}],"wp:featuredmedia":[{"embeddable":true,"href":"https:\/\/portal.pi.gov.br\/seres\/wp-json\/wp\/v2\/media\/4326"}],"wp:attachment":[{"href":"https:\/\/portal.pi.gov.br\/seres\/wp-json\/wp\/v2\/media?parent=4333"}],"wp:term":[{"taxonomy":"category","embeddable":true,"href":"https:\/\/portal.pi.gov.br\/seres\/wp-json\/wp\/v2\/categories?post=4333"},{"taxonomy":"post_tag","embeddable":true,"href":"https:\/\/portal.pi.gov.br\/seres\/wp-json\/wp\/v2\/tags?post=4333"}],"curies":[{"name":"wp","href":"https:\/\/api.w.org\/{rel}","templated":true}]}}