{"id":4378,"date":"2025-08-25T17:58:26","date_gmt":"2025-08-25T20:58:26","guid":{"rendered":"https:\/\/portal.pi.gov.br\/seres\/?p=4378"},"modified":"2025-08-25T17:59:10","modified_gmt":"2025-08-25T20:59:10","slug":"seres-promovera-cursos-de-capacitacoes-tecnicas-para-liderancas-em-urucui-2","status":"publish","type":"post","link":"https:\/\/portal.pi.gov.br\/seres\/2025\/08\/25\/seres-promovera-cursos-de-capacitacoes-tecnicas-para-liderancas-em-urucui-2\/","title":{"rendered":"Seres promover\u00e1 cursos de capacita\u00e7\u00f5es t\u00e9cnicas\u00a0 para lideran\u00e7as em Uru\u00e7u\u00ed"},"content":{"rendered":"\n<p><em>A forma\u00e7\u00e3o faz parte de uma s\u00e9rie de a\u00e7\u00f5es do governo para ampliar a participa\u00e7\u00e3o social em todos os territ\u00f3rios do estado.<\/em><\/p>\n\n\n\n<p><\/p>\n\n\n\n<p>A Secretaria de Estado das Rela\u00e7\u00f5es Sociais (Seres) realizar\u00e1, nesta quinta-feira (28), no munic\u00edpio de Uru\u00e7u\u00ed, Territ\u00f3rio Tabuleiros do Alto Parna\u00edba, as capacita\u00e7\u00f5es do programa \u201cLideran\u00e7a em Destaque\u201d. A a\u00e7\u00e3o acontece durante a 7\u00aa edi\u00e7\u00e3o do programa Di\u00e1logos pelo Piau\u00ed. A iniciativa, que vai oferecer dois cursos gratuitos de capacita\u00e7\u00e3o voltados para lideran\u00e7as da sociedade civil, est\u00e1 com as inscri\u00e7\u00f5es abertas.<\/p>\n\n\n\n<p><\/p>\n\n\n<div class=\"wp-block-image\">\n<figure class=\"aligncenter size-large is-resized\"><img decoding=\"async\" loading=\"lazy\" src=\"https:\/\/portal.pi.gov.br\/seres\/wp-content\/uploads\/sites\/87\/2025\/08\/7f2e6f64-2f44-47f0-b3e2-14f29205ccf6-1024x768.jpg\" alt=\"\" class=\"wp-image-4338\" width=\"639\" height=\"479\" srcset=\"https:\/\/portal.pi.gov.br\/seres\/wp-content\/uploads\/sites\/87\/2025\/08\/7f2e6f64-2f44-47f0-b3e2-14f29205ccf6-1024x768.jpg 1024w, https:\/\/portal.pi.gov.br\/seres\/wp-content\/uploads\/sites\/87\/2025\/08\/7f2e6f64-2f44-47f0-b3e2-14f29205ccf6-300x225.jpg 300w, https:\/\/portal.pi.gov.br\/seres\/wp-content\/uploads\/sites\/87\/2025\/08\/7f2e6f64-2f44-47f0-b3e2-14f29205ccf6-768x576.jpg 768w, https:\/\/portal.pi.gov.br\/seres\/wp-content\/uploads\/sites\/87\/2025\/08\/7f2e6f64-2f44-47f0-b3e2-14f29205ccf6-420x315.jpg 420w, https:\/\/portal.pi.gov.br\/seres\/wp-content\/uploads\/sites\/87\/2025\/08\/7f2e6f64-2f44-47f0-b3e2-14f29205ccf6-540x405.jpg 540w, https:\/\/portal.pi.gov.br\/seres\/wp-content\/uploads\/sites\/87\/2025\/08\/7f2e6f64-2f44-47f0-b3e2-14f29205ccf6-780x585.jpg 780w, https:\/\/portal.pi.gov.br\/seres\/wp-content\/uploads\/sites\/87\/2025\/08\/7f2e6f64-2f44-47f0-b3e2-14f29205ccf6-1536x1152.jpg 1536w, https:\/\/portal.pi.gov.br\/seres\/wp-content\/uploads\/sites\/87\/2025\/08\/7f2e6f64-2f44-47f0-b3e2-14f29205ccf6-947x710.jpg 947w, https:\/\/portal.pi.gov.br\/seres\/wp-content\/uploads\/sites\/87\/2025\/08\/7f2e6f64-2f44-47f0-b3e2-14f29205ccf6-624x468.jpg 624w, https:\/\/portal.pi.gov.br\/seres\/wp-content\/uploads\/sites\/87\/2025\/08\/7f2e6f64-2f44-47f0-b3e2-14f29205ccf6.jpg 1600w\" sizes=\"(max-width: 639px) 100vw, 639px\" \/><\/figure><\/div>\n\n\n<p><\/p>\n\n\n\n<p>O programa tem como foco preparar lideran\u00e7as comunit\u00e1rias e fortalecer a participa\u00e7\u00e3o social. Nesta edi\u00e7\u00e3o, ser\u00e3o ofertados os cursos T\u00e9cnicas de Comunica\u00e7\u00e3o Assertiva para Lideran\u00e7as e Capacita\u00e7\u00e3o para Concorrer a Editais P\u00fablicos. O p\u00fablico-alvo inclui representantes de associa\u00e7\u00f5es comunit\u00e1rias, sindicatos, povos de terreiro, comunidades tradicionais, quilombolas, ind\u00edgenas, ONGs e agentes do terceiro setor.<\/p>\n\n\n\n<p>Segundo a secret\u00e1ria de Rela\u00e7\u00f5es Sociais, N\u00fabia Lopes, a iniciativa contribui para ampliar o alcance das a\u00e7\u00f5es das organiza\u00e7\u00f5es. \u201cO programa representa um passo importante no fortalecimento da sociedade civil, pois prepara as lideran\u00e7as do terceiro setor para expandirem suas a\u00e7\u00f5es e proporcionar mudan\u00e7as significativas em suas comunidades\u201d, destacou.<\/p>\n\n\n\n<p><\/p>\n\n\n<div class=\"wp-block-image\">\n<figure class=\"aligncenter size-large is-resized\"><img decoding=\"async\" loading=\"lazy\" src=\"https:\/\/portal.pi.gov.br\/seres\/wp-content\/uploads\/sites\/87\/2025\/08\/WhatsApp-Image-2025-04-25-at-14.33.08-1024x768.jpeg\" alt=\"\" class=\"wp-image-4339\" width=\"656\" height=\"492\" srcset=\"https:\/\/portal.pi.gov.br\/seres\/wp-content\/uploads\/sites\/87\/2025\/08\/WhatsApp-Image-2025-04-25-at-14.33.08-1024x768.jpeg 1024w, https:\/\/portal.pi.gov.br\/seres\/wp-content\/uploads\/sites\/87\/2025\/08\/WhatsApp-Image-2025-04-25-at-14.33.08-300x225.jpeg 300w, https:\/\/portal.pi.gov.br\/seres\/wp-content\/uploads\/sites\/87\/2025\/08\/WhatsApp-Image-2025-04-25-at-14.33.08-768x576.jpeg 768w, https:\/\/portal.pi.gov.br\/seres\/wp-content\/uploads\/sites\/87\/2025\/08\/WhatsApp-Image-2025-04-25-at-14.33.08-420x315.jpeg 420w, https:\/\/portal.pi.gov.br\/seres\/wp-content\/uploads\/sites\/87\/2025\/08\/WhatsApp-Image-2025-04-25-at-14.33.08-540x405.jpeg 540w, https:\/\/portal.pi.gov.br\/seres\/wp-content\/uploads\/sites\/87\/2025\/08\/WhatsApp-Image-2025-04-25-at-14.33.08-780x585.jpeg 780w, https:\/\/portal.pi.gov.br\/seres\/wp-content\/uploads\/sites\/87\/2025\/08\/WhatsApp-Image-2025-04-25-at-14.33.08-1536x1152.jpeg 1536w, https:\/\/portal.pi.gov.br\/seres\/wp-content\/uploads\/sites\/87\/2025\/08\/WhatsApp-Image-2025-04-25-at-14.33.08-947x710.jpeg 947w, https:\/\/portal.pi.gov.br\/seres\/wp-content\/uploads\/sites\/87\/2025\/08\/WhatsApp-Image-2025-04-25-at-14.33.08-624x468.jpeg 624w, https:\/\/portal.pi.gov.br\/seres\/wp-content\/uploads\/sites\/87\/2025\/08\/WhatsApp-Image-2025-04-25-at-14.33.08.jpeg 1600w\" sizes=\"(max-width: 656px) 100vw, 656px\" \/><\/figure><\/div>\n\n\n<p><\/p>\n\n\n\n<p>Realizado em uma parceria entre a Seres e a Secretaria de Administra\u00e7\u00e3o (Sead), por meio da Escola de Governo, o Lideran\u00e7a em Destaque busca ampliar a participa\u00e7\u00e3o das organiza\u00e7\u00f5es da sociedade civil na formula\u00e7\u00e3o de pol\u00edticas p\u00fablicas e fortalecer o di\u00e1logo entre governo e sociedade nos 12 Territ\u00f3rios de Desenvolvimento do Piau\u00ed.<\/p>\n\n\n\n<p>O Di\u00e1logos pelo Piau\u00ed conta com a\u00e7\u00f5es de capacita\u00e7\u00e3o, feira de servi\u00e7os \u00e0 popula\u00e7\u00e3o, oficinas T\u00e9cnicas de Revis\u00e3o do PPA 2024\u20132027 e plen\u00e1rias com o governador Rafael Fonteles. O objetivo \u00e9 ampliar a participa\u00e7\u00e3o popular na constru\u00e7\u00e3o das pol\u00edticas p\u00fablicas, refor\u00e7ando a transpar\u00eancia e a governan\u00e7a participativa.<\/p>\n\n\n\n<p><strong>Confira a Programa\u00e7\u00e3o do Di\u00e1logos pelo Piau\u00ed em Uru\u00e7u\u00ed<\/strong><\/p>\n\n\n\n<p>\u2013<\/p>\n\n\n\n<p><strong>Quinta-feira 28\/08\/2025<\/strong><\/p>\n\n\n\n<p>Capacita\u00e7\u00f5es do Programa Lideran\u00e7a em Destaque<\/p>\n\n\n\n<p>Curso de Capacita\u00e7\u00e3o para Concorrer a Editais P\u00fablicos \u2013 9h \u00e0s 13h<\/p>\n\n\n\n<p>Curso de T\u00e9cnicas de Comunica\u00e7\u00e3o Assertiva para Lideran\u00e7as \u2013 14h \u00e0s 18h<strong><\/strong><\/p>\n\n\n\n<p>Local: CETI Maria P\u00edres Lima, Rua Coronel Rog\u00e9rio Jos\u00e9 de Carvalho \u2013 Centro, Uru\u00e7u\u00ed-PI<\/p>\n\n\n\n<p><strong>Inscri\u00e7\u00f5es no link abaixo:<\/strong>&nbsp;<a href=\"https:\/\/doity.com.br\/lideranca-destaque-urucui\"><strong>https:\/\/doity.com.br\/lideranca-destaque-urucui<\/strong><\/a><\/p>\n\n\n\n<p>\u2013<\/p>\n\n\n\n<p><strong>Sexta-feira<\/strong>&nbsp;<strong>29\/08\/2025<\/strong><\/p>\n\n\n\n<p>Feira de Servi\u00e7os \u00e0 Popula\u00e7\u00e3o<\/p>\n\n\n\n<p>Hor\u00e1rio: 8h \u00e0s 17h<\/p>\n\n\n\n<p>Local: Pra\u00e7a Santo Ant\u00f4nio, Bairro Aeroporto, Uru\u00e7u\u00ed \u2013 PI<\/p>\n\n\n\n<p>Oficinas T\u00e9cnicas de Revis\u00e3o do PPA<\/p>\n\n\n\n<p>Hor\u00e1rio: 13h \u00e0s 18h<\/p>\n\n\n\n<p>Local: CETI Maria Pires Lima, Rua Coronel Rog\u00e9rio Jos\u00e9 de Carvalho \u2013 Centro, Uru\u00e7u\u00ed \u2013 PI<\/p>\n\n\n\n<p>\u2013<\/p>\n\n\n\n<p><strong>S\u00e1bado<\/strong>&nbsp;\u2013&nbsp;<strong>30\/08\/2025<\/strong><\/p>\n\n\n\n<p>Painel Territorial de Alfabetiza\u00e7\u00e3o e Educa\u00e7\u00e3o Infantil do Piau\u00ed<\/p>\n\n\n\n<p>Hor\u00e1rio: 8h<\/p>\n\n\n\n<p>Local: CETI Maria Pires Lima, Rua Coronel Rog\u00e9rio Jos\u00e9 de Carvalho \u2013 Centro, Uru\u00e7u\u00ed \u2013 PI<\/p>\n\n\n\n<p>Plen\u00e1ria Geral com o Governador Rafael Fonteles<\/p>\n\n\n\n<p>Hor\u00e1rio: 10h<\/p>\n\n\n\n<p>Local: CETI Maria Pires Lima, Rua Coronel Rog\u00e9rio Jos\u00e9 de Carvalho \u2013 Centro, Uru\u00e7u\u00ed \u2013 PI<\/p>\n\n\n\n<p><a href=\"https:\/\/twitter.com\/intent\/tweet?url=https%3A%2F%2Fportal.pi.gov.br%2Fseres%2F2025%2F08%2F25%2Fseres-promovera-cursos-de-capacitacoes-tecnicas-para-liderancas-em-urucui%2F&amp;text=Seres+promover%C3%A1+cursos+de+capacita%C3%A7%C3%B5es+t%C3%A9cnicas%C2%A0+para+lideran%C3%A7as+em+Uru%C3%A7u%C3%AD\" target=\"_blank\" rel=\"noreferrer noopener\">Share on Twitter<\/a>&nbsp;<a href=\"https:\/\/facebook.com\/sharer.php?u=https%3A%2F%2Fportal.pi.gov.br%2Fseres%2F2025%2F08%2F25%2Fseres-promovera-cursos-de-capacitacoes-tecnicas-para-liderancas-em-urucui%2F&amp;t=Seres+promover%C3%A1+cursos+de+capacita%C3%A7%C3%B5es+t%C3%A9cnicas%C2%A0+para+lideran%C3%A7as+em+Uru%C3%A7u%C3%AD\" target=\"_blank\" rel=\"noreferrer noopener\">Share on Facebook<\/a>&nbsp;<a href=\"https:\/\/www.linkedin.com\/cws\/share?url=https%3A%2F%2Fportal.pi.gov.br%2Fseres%2F2025%2F08%2F25%2Fseres-promovera-cursos-de-capacitacoes-tecnicas-para-liderancas-em-urucui%2F\" target=\"_blank\" rel=\"noreferrer noopener\">Share on LinkedIn<\/a><\/p>\n\n\n\n<figure class=\"wp-block-gallery has-nested-images columns-default is-cropped wp-block-gallery-1 is-layout-flex\"><\/figure>\n","protected":false},"excerpt":{"rendered":"<p>A forma\u00e7\u00e3o faz parte de uma s\u00e9rie de a\u00e7\u00f5es do governo para ampliar a participa\u00e7\u00e3o social em todos os territ\u00f3rios do estado. A Secretaria de Estado das Rela\u00e7\u00f5es Sociais (Seres) [&hellip;]<\/p>\n","protected":false},"author":1748,"featured_media":4338,"comment_status":"closed","ping_status":"closed","sticky":false,"template":"","format":"standard","meta":[],"categories":[34],"tags":[],"featured_image_urls":{"full":["https:\/\/portal.pi.gov.br\/seres\/wp-content\/uploads\/sites\/87\/2025\/08\/7f2e6f64-2f44-47f0-b3e2-14f29205ccf6.jpg",1600,1200,false],"thumbnail":["https:\/\/portal.pi.gov.br\/seres\/wp-content\/uploads\/sites\/87\/2025\/08\/7f2e6f64-2f44-47f0-b3e2-14f29205ccf6-150x150.jpg",150,150,true],"medium":["https:\/\/portal.pi.gov.br\/seres\/wp-content\/uploads\/sites\/87\/2025\/08\/7f2e6f64-2f44-47f0-b3e2-14f29205ccf6-300x225.jpg",300,225,true],"medium_large":["https:\/\/portal.pi.gov.br\/seres\/wp-content\/uploads\/sites\/87\/2025\/08\/7f2e6f64-2f44-47f0-b3e2-14f29205ccf6-768x576.jpg",768,576,true],"large":["https:\/\/portal.pi.gov.br\/seres\/wp-content\/uploads\/sites\/87\/2025\/08\/7f2e6f64-2f44-47f0-b3e2-14f29205ccf6-1024x768.jpg",887,665,true],"sgg-420":["https:\/\/portal.pi.gov.br\/seres\/wp-content\/uploads\/sites\/87\/2025\/08\/7f2e6f64-2f44-47f0-b3e2-14f29205ccf6-420x315.jpg",420,315,true],"sgg-540":["https:\/\/portal.pi.gov.br\/seres\/wp-content\/uploads\/sites\/87\/2025\/08\/7f2e6f64-2f44-47f0-b3e2-14f29205ccf6-540x405.jpg",540,405,true],"sgg-780":["https:\/\/portal.pi.gov.br\/seres\/wp-content\/uploads\/sites\/87\/2025\/08\/7f2e6f64-2f44-47f0-b3e2-14f29205ccf6-780x585.jpg",780,585,true],"1536x1536":["https:\/\/portal.pi.gov.br\/seres\/wp-content\/uploads\/sites\/87\/2025\/08\/7f2e6f64-2f44-47f0-b3e2-14f29205ccf6-1536x1152.jpg",1536,1152,true],"2048x2048":["https:\/\/portal.pi.gov.br\/seres\/wp-content\/uploads\/sites\/87\/2025\/08\/7f2e6f64-2f44-47f0-b3e2-14f29205ccf6.jpg",1600,1200,false],"homepage-slider":["https:\/\/portal.pi.gov.br\/seres\/wp-content\/uploads\/sites\/87\/2025\/08\/7f2e6f64-2f44-47f0-b3e2-14f29205ccf6-1270x500.jpg",1270,500,true],"homepage-slider-small":["https:\/\/portal.pi.gov.br\/seres\/wp-content\/uploads\/sites\/87\/2025\/08\/7f2e6f64-2f44-47f0-b3e2-14f29205ccf6-947x500.jpg",947,500,true],"page-top":["https:\/\/portal.pi.gov.br\/seres\/wp-content\/uploads\/sites\/87\/2025\/08\/7f2e6f64-2f44-47f0-b3e2-14f29205ccf6-947x710.jpg",947,710,true],"page-small":["https:\/\/portal.pi.gov.br\/seres\/wp-content\/uploads\/sites\/87\/2025\/08\/7f2e6f64-2f44-47f0-b3e2-14f29205ccf6-624x468.jpg",624,468,true],"loop-main":["https:\/\/portal.pi.gov.br\/seres\/wp-content\/uploads\/sites\/87\/2025\/08\/7f2e6f64-2f44-47f0-b3e2-14f29205ccf6-365x240.jpg",365,240,true],"thumb-gallery-widget":["https:\/\/portal.pi.gov.br\/seres\/wp-content\/uploads\/sites\/87\/2025\/08\/7f2e6f64-2f44-47f0-b3e2-14f29205ccf6-84x56.jpg",84,56,true]},"post_excerpt_stackable":"<p>A forma\u00e7\u00e3o faz parte de uma s\u00e9rie de a\u00e7\u00f5es do governo para ampliar a participa\u00e7\u00e3o social em todos os territ\u00f3rios do estado. A Secretaria de Estado das Rela\u00e7\u00f5es Sociais (Seres) realizar\u00e1, nesta quinta-feira (28), no munic\u00edpio de Uru\u00e7u\u00ed, Territ\u00f3rio Tabuleiros do Alto Parna\u00edba, as capacita\u00e7\u00f5es do programa \u201cLideran\u00e7a em Destaque\u201d. A a\u00e7\u00e3o acontece durante a 7\u00aa edi\u00e7\u00e3o do programa Di\u00e1logos pelo Piau\u00ed. A iniciativa, que vai oferecer dois cursos gratuitos de capacita\u00e7\u00e3o voltados para lideran\u00e7as da sociedade civil, est\u00e1 com as inscri\u00e7\u00f5es abertas. O programa tem como foco preparar lideran\u00e7as comunit\u00e1rias e fortalecer a participa\u00e7\u00e3o social. Nesta edi\u00e7\u00e3o, ser\u00e3o ofertados&hellip;<\/p>\n","category_list":"<a href=\"https:\/\/portal.pi.gov.br\/seres\/category\/noticias\/\" rel=\"category tag\">Not\u00edcias<\/a>","author_info":{"name":"natalina","url":"https:\/\/portal.pi.gov.br\/seres\/author\/natalina\/"},"comments_num":"0 coment\u00e1rio","featured_image_urls_v2":{"full":["https:\/\/portal.pi.gov.br\/seres\/wp-content\/uploads\/sites\/87\/2025\/08\/7f2e6f64-2f44-47f0-b3e2-14f29205ccf6.jpg",1600,1200,false],"thumbnail":["https:\/\/portal.pi.gov.br\/seres\/wp-content\/uploads\/sites\/87\/2025\/08\/7f2e6f64-2f44-47f0-b3e2-14f29205ccf6-150x150.jpg",150,150,true],"medium":["https:\/\/portal.pi.gov.br\/seres\/wp-content\/uploads\/sites\/87\/2025\/08\/7f2e6f64-2f44-47f0-b3e2-14f29205ccf6-300x225.jpg",300,225,true],"medium_large":["https:\/\/portal.pi.gov.br\/seres\/wp-content\/uploads\/sites\/87\/2025\/08\/7f2e6f64-2f44-47f0-b3e2-14f29205ccf6-768x576.jpg",768,576,true],"large":["https:\/\/portal.pi.gov.br\/seres\/wp-content\/uploads\/sites\/87\/2025\/08\/7f2e6f64-2f44-47f0-b3e2-14f29205ccf6-1024x768.jpg",887,665,true],"sgg-420":["https:\/\/portal.pi.gov.br\/seres\/wp-content\/uploads\/sites\/87\/2025\/08\/7f2e6f64-2f44-47f0-b3e2-14f29205ccf6-420x315.jpg",420,315,true],"sgg-540":["https:\/\/portal.pi.gov.br\/seres\/wp-content\/uploads\/sites\/87\/2025\/08\/7f2e6f64-2f44-47f0-b3e2-14f29205ccf6-540x405.jpg",540,405,true],"sgg-780":["https:\/\/portal.pi.gov.br\/seres\/wp-content\/uploads\/sites\/87\/2025\/08\/7f2e6f64-2f44-47f0-b3e2-14f29205ccf6-780x585.jpg",780,585,true],"1536x1536":["https:\/\/portal.pi.gov.br\/seres\/wp-content\/uploads\/sites\/87\/2025\/08\/7f2e6f64-2f44-47f0-b3e2-14f29205ccf6-1536x1152.jpg",1536,1152,true],"2048x2048":["https:\/\/portal.pi.gov.br\/seres\/wp-content\/uploads\/sites\/87\/2025\/08\/7f2e6f64-2f44-47f0-b3e2-14f29205ccf6.jpg",1600,1200,false],"homepage-slider":["https:\/\/portal.pi.gov.br\/seres\/wp-content\/uploads\/sites\/87\/2025\/08\/7f2e6f64-2f44-47f0-b3e2-14f29205ccf6-1270x500.jpg",1270,500,true],"homepage-slider-small":["https:\/\/portal.pi.gov.br\/seres\/wp-content\/uploads\/sites\/87\/2025\/08\/7f2e6f64-2f44-47f0-b3e2-14f29205ccf6-947x500.jpg",947,500,true],"page-top":["https:\/\/portal.pi.gov.br\/seres\/wp-content\/uploads\/sites\/87\/2025\/08\/7f2e6f64-2f44-47f0-b3e2-14f29205ccf6-947x710.jpg",947,710,true],"page-small":["https:\/\/portal.pi.gov.br\/seres\/wp-content\/uploads\/sites\/87\/2025\/08\/7f2e6f64-2f44-47f0-b3e2-14f29205ccf6-624x468.jpg",624,468,true],"loop-main":["https:\/\/portal.pi.gov.br\/seres\/wp-content\/uploads\/sites\/87\/2025\/08\/7f2e6f64-2f44-47f0-b3e2-14f29205ccf6-365x240.jpg",365,240,true],"thumb-gallery-widget":["https:\/\/portal.pi.gov.br\/seres\/wp-content\/uploads\/sites\/87\/2025\/08\/7f2e6f64-2f44-47f0-b3e2-14f29205ccf6-84x56.jpg",84,56,true]},"post_excerpt_stackable_v2":"<p>A forma\u00e7\u00e3o faz parte de uma s\u00e9rie de a\u00e7\u00f5es do governo para ampliar a participa\u00e7\u00e3o social em todos os territ\u00f3rios do estado. A Secretaria de Estado das Rela\u00e7\u00f5es Sociais (Seres) realizar\u00e1, nesta quinta-feira (28), no munic\u00edpio de Uru\u00e7u\u00ed, Territ\u00f3rio Tabuleiros do Alto Parna\u00edba, as capacita\u00e7\u00f5es do programa \u201cLideran\u00e7a em Destaque\u201d. A a\u00e7\u00e3o acontece durante a 7\u00aa edi\u00e7\u00e3o do programa Di\u00e1logos pelo Piau\u00ed. A iniciativa, que vai oferecer dois cursos gratuitos de capacita\u00e7\u00e3o voltados para lideran\u00e7as da sociedade civil, est\u00e1 com as inscri\u00e7\u00f5es abertas. O programa tem como foco preparar lideran\u00e7as comunit\u00e1rias e fortalecer a participa\u00e7\u00e3o social. Nesta edi\u00e7\u00e3o, ser\u00e3o ofertados&hellip;<\/p>\n","category_list_v2":"<a href=\"https:\/\/portal.pi.gov.br\/seres\/category\/noticias\/\" rel=\"category tag\">Not\u00edcias<\/a>","author_info_v2":{"name":"natalina","url":"https:\/\/portal.pi.gov.br\/seres\/author\/natalina\/"},"comments_num_v2":"0 coment\u00e1rio","jetpack_featured_media_url":"https:\/\/portal.pi.gov.br\/seres\/wp-content\/uploads\/sites\/87\/2025\/08\/7f2e6f64-2f44-47f0-b3e2-14f29205ccf6.jpg","_links":{"self":[{"href":"https:\/\/portal.pi.gov.br\/seres\/wp-json\/wp\/v2\/posts\/4378"}],"collection":[{"href":"https:\/\/portal.pi.gov.br\/seres\/wp-json\/wp\/v2\/posts"}],"about":[{"href":"https:\/\/portal.pi.gov.br\/seres\/wp-json\/wp\/v2\/types\/post"}],"author":[{"embeddable":true,"href":"https:\/\/portal.pi.gov.br\/seres\/wp-json\/wp\/v2\/users\/1748"}],"replies":[{"embeddable":true,"href":"https:\/\/portal.pi.gov.br\/seres\/wp-json\/wp\/v2\/comments?post=4378"}],"version-history":[{"count":1,"href":"https:\/\/portal.pi.gov.br\/seres\/wp-json\/wp\/v2\/posts\/4378\/revisions"}],"predecessor-version":[{"id":4379,"href":"https:\/\/portal.pi.gov.br\/seres\/wp-json\/wp\/v2\/posts\/4378\/revisions\/4379"}],"wp:featuredmedia":[{"embeddable":true,"href":"https:\/\/portal.pi.gov.br\/seres\/wp-json\/wp\/v2\/media\/4338"}],"wp:attachment":[{"href":"https:\/\/portal.pi.gov.br\/seres\/wp-json\/wp\/v2\/media?parent=4378"}],"wp:term":[{"taxonomy":"category","embeddable":true,"href":"https:\/\/portal.pi.gov.br\/seres\/wp-json\/wp\/v2\/categories?post=4378"},{"taxonomy":"post_tag","embeddable":true,"href":"https:\/\/portal.pi.gov.br\/seres\/wp-json\/wp\/v2\/tags?post=4378"}],"curies":[{"name":"wp","href":"https:\/\/api.w.org\/{rel}","templated":true}]}}