{"id":4397,"date":"2025-08-26T14:08:21","date_gmt":"2025-08-26T17:08:21","guid":{"rendered":"https:\/\/portal.pi.gov.br\/seres\/?p=4397"},"modified":"2025-08-26T14:17:21","modified_gmt":"2025-08-26T17:17:21","slug":"participacao-social-ganha-forca-com-a-posse-dos-conselhos-territoriais-de-seguranca-publica-2","status":"publish","type":"post","link":"https:\/\/portal.pi.gov.br\/seres\/2025\/08\/26\/participacao-social-ganha-forca-com-a-posse-dos-conselhos-territoriais-de-seguranca-publica-2\/","title":{"rendered":"Participa\u00e7\u00e3o social ganha for\u00e7a com a posse dos Conselhos Territoriais de Seguran\u00e7a P\u00fablica"},"content":{"rendered":"\n<p>Foi realizada, nesta ter\u00e7a-feira (26), a solenidade de posse da Diretoria Executiva dos Conselhos Territoriais de Seguran\u00e7a P\u00fablica (CONSETs) de Teresina.&nbsp;A Secretaria de Estado das Rela\u00e7\u00f5es Sociais esteve representada pela diretora de Participa\u00e7\u00e3o Social, Juciara Linhares, o gerente Roberto Gualter e a coordenadora Joselita Sousa. O evento aconteceu na sede da Secretaria da Seguran\u00e7a P\u00fablica do Piau\u00ed (SSP-PI) e contou com a presen\u00e7a de representantes de associa\u00e7\u00f5es, conselhos, lideran\u00e7as comunit\u00e1rias e autoridades.<\/p>\n\n\n<div class=\"wp-block-image\">\n<figure class=\"aligncenter size-large is-resized\"><img decoding=\"async\" loading=\"lazy\" src=\"https:\/\/portal.pi.gov.br\/seres\/wp-content\/uploads\/sites\/87\/2025\/08\/WhatsApp-Image-2025-08-26-at-13.03.12-2-1024x683.jpeg\" alt=\"\" class=\"wp-image-4383\" width=\"593\" height=\"395\" srcset=\"https:\/\/portal.pi.gov.br\/seres\/wp-content\/uploads\/sites\/87\/2025\/08\/WhatsApp-Image-2025-08-26-at-13.03.12-2-1024x683.jpeg 1024w, https:\/\/portal.pi.gov.br\/seres\/wp-content\/uploads\/sites\/87\/2025\/08\/WhatsApp-Image-2025-08-26-at-13.03.12-2-300x200.jpeg 300w, https:\/\/portal.pi.gov.br\/seres\/wp-content\/uploads\/sites\/87\/2025\/08\/WhatsApp-Image-2025-08-26-at-13.03.12-2-768x512.jpeg 768w, https:\/\/portal.pi.gov.br\/seres\/wp-content\/uploads\/sites\/87\/2025\/08\/WhatsApp-Image-2025-08-26-at-13.03.12-2-420x280.jpeg 420w, https:\/\/portal.pi.gov.br\/seres\/wp-content\/uploads\/sites\/87\/2025\/08\/WhatsApp-Image-2025-08-26-at-13.03.12-2-540x360.jpeg 540w, https:\/\/portal.pi.gov.br\/seres\/wp-content\/uploads\/sites\/87\/2025\/08\/WhatsApp-Image-2025-08-26-at-13.03.12-2-780x520.jpeg 780w, https:\/\/portal.pi.gov.br\/seres\/wp-content\/uploads\/sites\/87\/2025\/08\/WhatsApp-Image-2025-08-26-at-13.03.12-2-1536x1024.jpeg 1536w, https:\/\/portal.pi.gov.br\/seres\/wp-content\/uploads\/sites\/87\/2025\/08\/WhatsApp-Image-2025-08-26-at-13.03.12-2-2048x1366.jpeg 2048w, https:\/\/portal.pi.gov.br\/seres\/wp-content\/uploads\/sites\/87\/2025\/08\/WhatsApp-Image-2025-08-26-at-13.03.12-2-947x631.jpeg 947w, https:\/\/portal.pi.gov.br\/seres\/wp-content\/uploads\/sites\/87\/2025\/08\/WhatsApp-Image-2025-08-26-at-13.03.12-2-624x416.jpeg 624w, https:\/\/portal.pi.gov.br\/seres\/wp-content\/uploads\/sites\/87\/2025\/08\/WhatsApp-Image-2025-08-26-at-13.03.12-2-84x56.jpeg 84w\" sizes=\"(max-width: 593px) 100vw, 593px\" \/><\/figure><\/div>\n\n\n<p><\/p>\n\n\n\n<p>Os CONSETs atuam dentro das \u00c1reas Integradas de Seguran\u00e7a P\u00fablica (AISPs), promovendo o di\u00e1logo entre sociedade e poder p\u00fablico, a implementa\u00e7\u00e3o de pol\u00edticas preventivas e a constru\u00e7\u00e3o de solu\u00e7\u00f5es conjuntas para a melhoria da seguran\u00e7a nos munic\u00edpios piauienses. Com a presen\u00e7a de representantes da sociedade civil, os conselhos democratizam o processo de constru\u00e7\u00e3o de pol\u00edticas p\u00fablicas, fortalecendo a participa\u00e7\u00e3o social, conferindo transpar\u00eancia e controle social na aplica\u00e7\u00e3o de recursos e na escolha de prioridades. <\/p>\n\n\n\n<p><\/p>\n\n\n<div class=\"wp-block-image\">\n<figure class=\"aligncenter size-large is-resized\"><img decoding=\"async\" loading=\"lazy\" src=\"https:\/\/portal.pi.gov.br\/seres\/wp-content\/uploads\/sites\/87\/2025\/08\/WhatsApp-Image-2025-08-26-at-13.03.11-1024x768.jpeg\" alt=\"\" class=\"wp-image-4395\" width=\"647\" height=\"485\" srcset=\"https:\/\/portal.pi.gov.br\/seres\/wp-content\/uploads\/sites\/87\/2025\/08\/WhatsApp-Image-2025-08-26-at-13.03.11-1024x768.jpeg 1024w, https:\/\/portal.pi.gov.br\/seres\/wp-content\/uploads\/sites\/87\/2025\/08\/WhatsApp-Image-2025-08-26-at-13.03.11-300x225.jpeg 300w, https:\/\/portal.pi.gov.br\/seres\/wp-content\/uploads\/sites\/87\/2025\/08\/WhatsApp-Image-2025-08-26-at-13.03.11-768x576.jpeg 768w, https:\/\/portal.pi.gov.br\/seres\/wp-content\/uploads\/sites\/87\/2025\/08\/WhatsApp-Image-2025-08-26-at-13.03.11-420x315.jpeg 420w, https:\/\/portal.pi.gov.br\/seres\/wp-content\/uploads\/sites\/87\/2025\/08\/WhatsApp-Image-2025-08-26-at-13.03.11-540x405.jpeg 540w, https:\/\/portal.pi.gov.br\/seres\/wp-content\/uploads\/sites\/87\/2025\/08\/WhatsApp-Image-2025-08-26-at-13.03.11-780x585.jpeg 780w, https:\/\/portal.pi.gov.br\/seres\/wp-content\/uploads\/sites\/87\/2025\/08\/WhatsApp-Image-2025-08-26-at-13.03.11-1536x1152.jpeg 1536w, https:\/\/portal.pi.gov.br\/seres\/wp-content\/uploads\/sites\/87\/2025\/08\/WhatsApp-Image-2025-08-26-at-13.03.11-2048x1536.jpeg 2048w, https:\/\/portal.pi.gov.br\/seres\/wp-content\/uploads\/sites\/87\/2025\/08\/WhatsApp-Image-2025-08-26-at-13.03.11-947x710.jpeg 947w, https:\/\/portal.pi.gov.br\/seres\/wp-content\/uploads\/sites\/87\/2025\/08\/WhatsApp-Image-2025-08-26-at-13.03.11-624x468.jpeg 624w\" sizes=\"(max-width: 647px) 100vw, 647px\" \/><\/figure><\/div>\n\n\n<p><\/p>\n\n\n\n<p>A posse do conselho \u00e9 mas um passo para fortalecer controle social e o sistema de participa\u00e7\u00e3o. \u201cA SERES trabalha para ampliar a participa\u00e7\u00e3o social e est\u00e1 aqui para garantir que a sociedade seja protagonista. Esse \u00e9 o compromisso do Governo do Estado: aproximar o Estado da sociedade, fortalecer a democracia participativa e construir, de forma conjunta, pol\u00edticas p\u00fablicas mais eficazes e justas.\u201d, frisou a diretora Juciara Linhares.<\/p>\n\n\n<div class=\"wp-block-image\">\n<figure class=\"aligncenter size-large is-resized\"><img decoding=\"async\" loading=\"lazy\" src=\"https:\/\/portal.pi.gov.br\/seres\/wp-content\/uploads\/sites\/87\/2025\/08\/WhatsApp-Image-2025-08-26-at-13.03.12-2-1024x683.jpeg\" alt=\"\" class=\"wp-image-4383\" width=\"663\" height=\"442\" srcset=\"https:\/\/portal.pi.gov.br\/seres\/wp-content\/uploads\/sites\/87\/2025\/08\/WhatsApp-Image-2025-08-26-at-13.03.12-2-1024x683.jpeg 1024w, https:\/\/portal.pi.gov.br\/seres\/wp-content\/uploads\/sites\/87\/2025\/08\/WhatsApp-Image-2025-08-26-at-13.03.12-2-300x200.jpeg 300w, https:\/\/portal.pi.gov.br\/seres\/wp-content\/uploads\/sites\/87\/2025\/08\/WhatsApp-Image-2025-08-26-at-13.03.12-2-768x512.jpeg 768w, https:\/\/portal.pi.gov.br\/seres\/wp-content\/uploads\/sites\/87\/2025\/08\/WhatsApp-Image-2025-08-26-at-13.03.12-2-420x280.jpeg 420w, https:\/\/portal.pi.gov.br\/seres\/wp-content\/uploads\/sites\/87\/2025\/08\/WhatsApp-Image-2025-08-26-at-13.03.12-2-540x360.jpeg 540w, https:\/\/portal.pi.gov.br\/seres\/wp-content\/uploads\/sites\/87\/2025\/08\/WhatsApp-Image-2025-08-26-at-13.03.12-2-780x520.jpeg 780w, https:\/\/portal.pi.gov.br\/seres\/wp-content\/uploads\/sites\/87\/2025\/08\/WhatsApp-Image-2025-08-26-at-13.03.12-2-1536x1024.jpeg 1536w, https:\/\/portal.pi.gov.br\/seres\/wp-content\/uploads\/sites\/87\/2025\/08\/WhatsApp-Image-2025-08-26-at-13.03.12-2-2048x1366.jpeg 2048w, https:\/\/portal.pi.gov.br\/seres\/wp-content\/uploads\/sites\/87\/2025\/08\/WhatsApp-Image-2025-08-26-at-13.03.12-2-947x631.jpeg 947w, https:\/\/portal.pi.gov.br\/seres\/wp-content\/uploads\/sites\/87\/2025\/08\/WhatsApp-Image-2025-08-26-at-13.03.12-2-624x416.jpeg 624w, https:\/\/portal.pi.gov.br\/seres\/wp-content\/uploads\/sites\/87\/2025\/08\/WhatsApp-Image-2025-08-26-at-13.03.12-2-84x56.jpeg 84w\" sizes=\"(max-width: 663px) 100vw, 663px\" \/><\/figure><\/div>\n\n\n<p>\u201cEsse \u00e9 um momento \u00fanico. Vejamos os CONSETs como espa\u00e7os para fortalecer a seguran\u00e7a nas comunidades, com a participa\u00e7\u00e3o das lideran\u00e7as comunit\u00e1rias e representantes das institui\u00e7\u00f5es de seguran\u00e7a, para discutir e propor solu\u00e7\u00f5es para os desafios locais, promovendo um ambiente com mais integra\u00e7\u00e3o, di\u00e1logo e seguran\u00e7a para todos\u201d, expressou a pedagoga e presidente eleita da AISP Norte I, Teresinha Gomes.<\/p>\n\n\n\n<p>Tamb\u00e9m foi anunciado, durante o evento, que, al\u00e9m das reuni\u00f5es mensais com os conselhos, a primeira no m\u00eas de setembro, ser\u00e1 oferecido um curso que abrange direitos humanos, penais e sociais. O pr\u00f3ximo passo ser\u00e1 a realiza\u00e7\u00e3o de elei\u00e7\u00f5es nos 22 Conselhos Territoriais que abrangem as \u00c1reas Integradas de Seguran\u00e7a P\u00fablica do interior do estado, fortalecendo ainda mais a presen\u00e7a e o protagonismo da sociedade na constru\u00e7\u00e3o de um Piau\u00ed mais seguro. <\/p>\n\n\n\n<p><\/p>\n\n\n\n<p>Por: Natalina Alves <\/p>\n","protected":false},"excerpt":{"rendered":"<p>Foi realizada, nesta ter\u00e7a-feira (26), a solenidade de posse da Diretoria Executiva dos Conselhos Territoriais de Seguran\u00e7a P\u00fablica (CONSETs) de Teresina.&nbsp;A Secretaria de Estado das Rela\u00e7\u00f5es Sociais esteve representada pela [&hellip;]<\/p>\n","protected":false},"author":1748,"featured_media":4385,"comment_status":"closed","ping_status":"closed","sticky":false,"template":"","format":"standard","meta":[],"categories":[35,34],"tags":[],"featured_image_urls":{"full":["https:\/\/portal.pi.gov.br\/seres\/wp-content\/uploads\/sites\/87\/2025\/08\/WhatsApp-Image-2025-08-26-at-13.03.12-3-scaled.jpeg",2560,1707,false],"thumbnail":["https:\/\/portal.pi.gov.br\/seres\/wp-content\/uploads\/sites\/87\/2025\/08\/WhatsApp-Image-2025-08-26-at-13.03.12-3-150x150.jpeg",150,150,true],"medium":["https:\/\/portal.pi.gov.br\/seres\/wp-content\/uploads\/sites\/87\/2025\/08\/WhatsApp-Image-2025-08-26-at-13.03.12-3-300x200.jpeg",300,200,true],"medium_large":["https:\/\/portal.pi.gov.br\/seres\/wp-content\/uploads\/sites\/87\/2025\/08\/WhatsApp-Image-2025-08-26-at-13.03.12-3-768x512.jpeg",768,512,true],"large":["https:\/\/portal.pi.gov.br\/seres\/wp-content\/uploads\/sites\/87\/2025\/08\/WhatsApp-Image-2025-08-26-at-13.03.12-3-1024x683.jpeg",887,592,true],"sgg-420":["https:\/\/portal.pi.gov.br\/seres\/wp-content\/uploads\/sites\/87\/2025\/08\/WhatsApp-Image-2025-08-26-at-13.03.12-3-420x280.jpeg",420,280,true],"sgg-540":["https:\/\/portal.pi.gov.br\/seres\/wp-content\/uploads\/sites\/87\/2025\/08\/WhatsApp-Image-2025-08-26-at-13.03.12-3-540x360.jpeg",540,360,true],"sgg-780":["https:\/\/portal.pi.gov.br\/seres\/wp-content\/uploads\/sites\/87\/2025\/08\/WhatsApp-Image-2025-08-26-at-13.03.12-3-780x520.jpeg",780,520,true],"1536x1536":["https:\/\/portal.pi.gov.br\/seres\/wp-content\/uploads\/sites\/87\/2025\/08\/WhatsApp-Image-2025-08-26-at-13.03.12-3-1536x1024.jpeg",1536,1024,true],"2048x2048":["https:\/\/portal.pi.gov.br\/seres\/wp-content\/uploads\/sites\/87\/2025\/08\/WhatsApp-Image-2025-08-26-at-13.03.12-3-2048x1366.jpeg",2048,1366,true],"homepage-slider":["https:\/\/portal.pi.gov.br\/seres\/wp-content\/uploads\/sites\/87\/2025\/08\/WhatsApp-Image-2025-08-26-at-13.03.12-3-1270x500.jpeg",1270,500,true],"homepage-slider-small":["https:\/\/portal.pi.gov.br\/seres\/wp-content\/uploads\/sites\/87\/2025\/08\/WhatsApp-Image-2025-08-26-at-13.03.12-3-947x500.jpeg",947,500,true],"page-top":["https:\/\/portal.pi.gov.br\/seres\/wp-content\/uploads\/sites\/87\/2025\/08\/WhatsApp-Image-2025-08-26-at-13.03.12-3-947x631.jpeg",947,631,true],"page-small":["https:\/\/portal.pi.gov.br\/seres\/wp-content\/uploads\/sites\/87\/2025\/08\/WhatsApp-Image-2025-08-26-at-13.03.12-3-624x416.jpeg",624,416,true],"loop-main":["https:\/\/portal.pi.gov.br\/seres\/wp-content\/uploads\/sites\/87\/2025\/08\/WhatsApp-Image-2025-08-26-at-13.03.12-3-365x240.jpeg",365,240,true],"thumb-gallery-widget":["https:\/\/portal.pi.gov.br\/seres\/wp-content\/uploads\/sites\/87\/2025\/08\/WhatsApp-Image-2025-08-26-at-13.03.12-3-84x56.jpeg",84,56,true]},"post_excerpt_stackable":"<p>Foi realizada, nesta ter\u00e7a-feira (26), a solenidade de posse da Diretoria Executiva dos Conselhos Territoriais de Seguran\u00e7a P\u00fablica (CONSETs) de Teresina.&nbsp;A Secretaria de Estado das Rela\u00e7\u00f5es Sociais esteve representada pela diretora de Participa\u00e7\u00e3o Social, Juciara Linhares, o gerente Roberto Gualter e a coordenadora Joselita Sousa. O evento aconteceu na sede da Secretaria da Seguran\u00e7a P\u00fablica do Piau\u00ed (SSP-PI) e contou com a presen\u00e7a de representantes de associa\u00e7\u00f5es, conselhos, lideran\u00e7as comunit\u00e1rias e autoridades. Os CONSETs atuam dentro das \u00c1reas Integradas de Seguran\u00e7a P\u00fablica (AISPs), promovendo o di\u00e1logo entre sociedade e poder p\u00fablico, a implementa\u00e7\u00e3o de pol\u00edticas preventivas e a constru\u00e7\u00e3o de&hellip;<\/p>\n","category_list":"<a href=\"https:\/\/portal.pi.gov.br\/seres\/category\/galeria-de-fotos\/\" rel=\"category tag\">Galeria de Fotos<\/a>, <a href=\"https:\/\/portal.pi.gov.br\/seres\/category\/noticias\/\" rel=\"category tag\">Not\u00edcias<\/a>","author_info":{"name":"natalina","url":"https:\/\/portal.pi.gov.br\/seres\/author\/natalina\/"},"comments_num":"0 coment\u00e1rio","featured_image_urls_v2":{"full":["https:\/\/portal.pi.gov.br\/seres\/wp-content\/uploads\/sites\/87\/2025\/08\/WhatsApp-Image-2025-08-26-at-13.03.12-3-scaled.jpeg",2560,1707,false],"thumbnail":["https:\/\/portal.pi.gov.br\/seres\/wp-content\/uploads\/sites\/87\/2025\/08\/WhatsApp-Image-2025-08-26-at-13.03.12-3-150x150.jpeg",150,150,true],"medium":["https:\/\/portal.pi.gov.br\/seres\/wp-content\/uploads\/sites\/87\/2025\/08\/WhatsApp-Image-2025-08-26-at-13.03.12-3-300x200.jpeg",300,200,true],"medium_large":["https:\/\/portal.pi.gov.br\/seres\/wp-content\/uploads\/sites\/87\/2025\/08\/WhatsApp-Image-2025-08-26-at-13.03.12-3-768x512.jpeg",768,512,true],"large":["https:\/\/portal.pi.gov.br\/seres\/wp-content\/uploads\/sites\/87\/2025\/08\/WhatsApp-Image-2025-08-26-at-13.03.12-3-1024x683.jpeg",887,592,true],"sgg-420":["https:\/\/portal.pi.gov.br\/seres\/wp-content\/uploads\/sites\/87\/2025\/08\/WhatsApp-Image-2025-08-26-at-13.03.12-3-420x280.jpeg",420,280,true],"sgg-540":["https:\/\/portal.pi.gov.br\/seres\/wp-content\/uploads\/sites\/87\/2025\/08\/WhatsApp-Image-2025-08-26-at-13.03.12-3-540x360.jpeg",540,360,true],"sgg-780":["https:\/\/portal.pi.gov.br\/seres\/wp-content\/uploads\/sites\/87\/2025\/08\/WhatsApp-Image-2025-08-26-at-13.03.12-3-780x520.jpeg",780,520,true],"1536x1536":["https:\/\/portal.pi.gov.br\/seres\/wp-content\/uploads\/sites\/87\/2025\/08\/WhatsApp-Image-2025-08-26-at-13.03.12-3-1536x1024.jpeg",1536,1024,true],"2048x2048":["https:\/\/portal.pi.gov.br\/seres\/wp-content\/uploads\/sites\/87\/2025\/08\/WhatsApp-Image-2025-08-26-at-13.03.12-3-2048x1366.jpeg",2048,1366,true],"homepage-slider":["https:\/\/portal.pi.gov.br\/seres\/wp-content\/uploads\/sites\/87\/2025\/08\/WhatsApp-Image-2025-08-26-at-13.03.12-3-1270x500.jpeg",1270,500,true],"homepage-slider-small":["https:\/\/portal.pi.gov.br\/seres\/wp-content\/uploads\/sites\/87\/2025\/08\/WhatsApp-Image-2025-08-26-at-13.03.12-3-947x500.jpeg",947,500,true],"page-top":["https:\/\/portal.pi.gov.br\/seres\/wp-content\/uploads\/sites\/87\/2025\/08\/WhatsApp-Image-2025-08-26-at-13.03.12-3-947x631.jpeg",947,631,true],"page-small":["https:\/\/portal.pi.gov.br\/seres\/wp-content\/uploads\/sites\/87\/2025\/08\/WhatsApp-Image-2025-08-26-at-13.03.12-3-624x416.jpeg",624,416,true],"loop-main":["https:\/\/portal.pi.gov.br\/seres\/wp-content\/uploads\/sites\/87\/2025\/08\/WhatsApp-Image-2025-08-26-at-13.03.12-3-365x240.jpeg",365,240,true],"thumb-gallery-widget":["https:\/\/portal.pi.gov.br\/seres\/wp-content\/uploads\/sites\/87\/2025\/08\/WhatsApp-Image-2025-08-26-at-13.03.12-3-84x56.jpeg",84,56,true]},"post_excerpt_stackable_v2":"<p>Foi realizada, nesta ter\u00e7a-feira (26), a solenidade de posse da Diretoria Executiva dos Conselhos Territoriais de Seguran\u00e7a P\u00fablica (CONSETs) de Teresina.&nbsp;A Secretaria de Estado das Rela\u00e7\u00f5es Sociais esteve representada pela diretora de Participa\u00e7\u00e3o Social, Juciara Linhares, o gerente Roberto Gualter e a coordenadora Joselita Sousa. O evento aconteceu na sede da Secretaria da Seguran\u00e7a P\u00fablica do Piau\u00ed (SSP-PI) e contou com a presen\u00e7a de representantes de associa\u00e7\u00f5es, conselhos, lideran\u00e7as comunit\u00e1rias e autoridades. Os CONSETs atuam dentro das \u00c1reas Integradas de Seguran\u00e7a P\u00fablica (AISPs), promovendo o di\u00e1logo entre sociedade e poder p\u00fablico, a implementa\u00e7\u00e3o de pol\u00edticas preventivas e a constru\u00e7\u00e3o de&hellip;<\/p>\n","category_list_v2":"<a href=\"https:\/\/portal.pi.gov.br\/seres\/category\/galeria-de-fotos\/\" rel=\"category tag\">Galeria de Fotos<\/a>, <a href=\"https:\/\/portal.pi.gov.br\/seres\/category\/noticias\/\" rel=\"category tag\">Not\u00edcias<\/a>","author_info_v2":{"name":"natalina","url":"https:\/\/portal.pi.gov.br\/seres\/author\/natalina\/"},"comments_num_v2":"0 coment\u00e1rio","jetpack_featured_media_url":"https:\/\/portal.pi.gov.br\/seres\/wp-content\/uploads\/sites\/87\/2025\/08\/WhatsApp-Image-2025-08-26-at-13.03.12-3-scaled.jpeg","_links":{"self":[{"href":"https:\/\/portal.pi.gov.br\/seres\/wp-json\/wp\/v2\/posts\/4397"}],"collection":[{"href":"https:\/\/portal.pi.gov.br\/seres\/wp-json\/wp\/v2\/posts"}],"about":[{"href":"https:\/\/portal.pi.gov.br\/seres\/wp-json\/wp\/v2\/types\/post"}],"author":[{"embeddable":true,"href":"https:\/\/portal.pi.gov.br\/seres\/wp-json\/wp\/v2\/users\/1748"}],"replies":[{"embeddable":true,"href":"https:\/\/portal.pi.gov.br\/seres\/wp-json\/wp\/v2\/comments?post=4397"}],"version-history":[{"count":7,"href":"https:\/\/portal.pi.gov.br\/seres\/wp-json\/wp\/v2\/posts\/4397\/revisions"}],"predecessor-version":[{"id":4410,"href":"https:\/\/portal.pi.gov.br\/seres\/wp-json\/wp\/v2\/posts\/4397\/revisions\/4410"}],"wp:featuredmedia":[{"embeddable":true,"href":"https:\/\/portal.pi.gov.br\/seres\/wp-json\/wp\/v2\/media\/4385"}],"wp:attachment":[{"href":"https:\/\/portal.pi.gov.br\/seres\/wp-json\/wp\/v2\/media?parent=4397"}],"wp:term":[{"taxonomy":"category","embeddable":true,"href":"https:\/\/portal.pi.gov.br\/seres\/wp-json\/wp\/v2\/categories?post=4397"},{"taxonomy":"post_tag","embeddable":true,"href":"https:\/\/portal.pi.gov.br\/seres\/wp-json\/wp\/v2\/tags?post=4397"}],"curies":[{"name":"wp","href":"https:\/\/api.w.org\/{rel}","templated":true}]}}