{"id":4414,"date":"2025-08-27T13:22:40","date_gmt":"2025-08-27T16:22:40","guid":{"rendered":"https:\/\/portal.pi.gov.br\/seres\/?p=4414"},"modified":"2025-08-27T15:08:03","modified_gmt":"2025-08-27T18:08:03","slug":"participacao-social-comunidades-tradicionais-sao-ouvidas-sobre-a-implantacao-do-projeto-do-porto-piaui","status":"publish","type":"post","link":"https:\/\/portal.pi.gov.br\/seres\/2025\/08\/27\/participacao-social-comunidades-tradicionais-sao-ouvidas-sobre-a-implantacao-do-projeto-do-porto-piaui\/","title":{"rendered":"Participa\u00e7\u00e3o Social: Comunidades tradicionais s\u00e3o ouvidas sobre a implanta\u00e7\u00e3o do projeto do Porto Piau\u00ed"},"content":{"rendered":"\n<p><em>A consulta assegura que as comunidades tenham voz ativa, acesso claro \u00e0s informa\u00e7\u00f5es e a oportunidade de contribuir com sugest\u00f5es para o aprimoramento do plano de trabalho.<\/em><\/p>\n\n\n\n<p><\/p>\n\n\n\n<p>A secret\u00e1ria das Rela\u00e7\u00f5es Sociais, N\u00fabia Lopes, esteve presente, nessa quarta (13), na reuni\u00e3o de apresenta\u00e7\u00e3o do plano de Consulta Livre, Pr\u00e9via e Informada sobre o Porto Mar\u00edtimo de Lu\u00eds Correia para Comunidades Tradicionais. A reuni\u00e3o aconteceu presencialmente, no audit\u00f3rio da Companhia Porto Piau\u00ed. Um dos objetivo da participa\u00e7\u00e3o da SERES \u00e9 garantir que as comunidades participem da consulta, tenham acesso \u00e0s informa\u00e7\u00f5es e possam esclarecer d\u00favidas e contribuir com sugest\u00f5es para o plano de trabalho.<\/p>\n\n\n\n<p><\/p>\n\n\n\n<figure class=\"wp-block-gallery has-nested-images columns-default is-cropped wp-block-gallery-1 is-layout-flex\"><\/figure>\n\n\n<div class=\"wp-block-image\">\n<figure class=\"aligncenter size-large is-resized\"><img decoding=\"async\" loading=\"lazy\" src=\"https:\/\/portal.pi.gov.br\/seres\/wp-content\/uploads\/sites\/87\/2025\/08\/Foto-3-2-1024x674.jpeg\" alt=\"\" class=\"wp-image-4419\" width=\"627\" height=\"412\" srcset=\"https:\/\/portal.pi.gov.br\/seres\/wp-content\/uploads\/sites\/87\/2025\/08\/Foto-3-2-1024x674.jpeg 1024w, https:\/\/portal.pi.gov.br\/seres\/wp-content\/uploads\/sites\/87\/2025\/08\/Foto-3-2-300x197.jpeg 300w, https:\/\/portal.pi.gov.br\/seres\/wp-content\/uploads\/sites\/87\/2025\/08\/Foto-3-2-768x505.jpeg 768w, https:\/\/portal.pi.gov.br\/seres\/wp-content\/uploads\/sites\/87\/2025\/08\/Foto-3-2-420x276.jpeg 420w, https:\/\/portal.pi.gov.br\/seres\/wp-content\/uploads\/sites\/87\/2025\/08\/Foto-3-2-540x355.jpeg 540w, https:\/\/portal.pi.gov.br\/seres\/wp-content\/uploads\/sites\/87\/2025\/08\/Foto-3-2-780x513.jpeg 780w, https:\/\/portal.pi.gov.br\/seres\/wp-content\/uploads\/sites\/87\/2025\/08\/Foto-3-2-1536x1011.jpeg 1536w, https:\/\/portal.pi.gov.br\/seres\/wp-content\/uploads\/sites\/87\/2025\/08\/Foto-3-2-2048x1347.jpeg 2048w, https:\/\/portal.pi.gov.br\/seres\/wp-content\/uploads\/sites\/87\/2025\/08\/Foto-3-2-947x623.jpeg 947w, https:\/\/portal.pi.gov.br\/seres\/wp-content\/uploads\/sites\/87\/2025\/08\/Foto-3-2-624x411.jpeg 624w, https:\/\/portal.pi.gov.br\/seres\/wp-content\/uploads\/sites\/87\/2025\/08\/Foto-3-2-365x240.jpeg 365w, https:\/\/portal.pi.gov.br\/seres\/wp-content\/uploads\/sites\/87\/2025\/08\/Foto-3-2-84x56.jpeg 84w\" sizes=\"(max-width: 627px) 100vw, 627px\" \/><figcaption class=\"wp-element-caption\"><br><em>Foto: Natalina Alves<\/em><\/figcaption><\/figure><\/div>\n\n\n<p><\/p>\n\n\n\n<p>A iniciativa faz parte do plano de a\u00e7\u00f5es voltadas para a\u00a0 implanta\u00e7\u00e3o do Terminal e constituiu uma etapa essencial para fortalecer um processo de di\u00e1logo que respeite e valorize os direitos das popula\u00e7\u00f5es tradicionais envolvidas. A consulta foi estabelecida pela<a href=\"https:\/\/portal.antt.gov.br\/conven%C3%A7cao-n-169-da-oit-povos-indigenas-e-tribais\" data-type=\"URL\" data-id=\"https:\/\/portal.antt.gov.br\/conven%C3%A7cao-n-169-da-oit-povos-indigenas-e-tribais\"> Conven\u00e7\u00e3o n\u00ba 169 da Organiza\u00e7\u00e3o Internacional do Trabalho (OIT)<\/a> e promulgada no Brasil, atrav\u00e9s de decreto, em 2004. Ela garante que essas comunidades sejam consultadas antes de qualquer decis\u00e3o que possa afetar suas vidas. A consulta \u00e9 uma iniciativa volunt\u00e1ria da Companhia Porto Piau\u00ed, sendo a primeira vez que o procedimento \u00e9 adotado no estado<\/p>\n\n\n<div class=\"wp-block-image\">\n<figure class=\"aligncenter size-large is-resized\"><img decoding=\"async\" loading=\"lazy\" src=\"https:\/\/portal.pi.gov.br\/seres\/wp-content\/uploads\/sites\/87\/2025\/08\/Salvar-2-1024x768.jpeg\" alt=\"\" class=\"wp-image-4420\" width=\"664\" height=\"498\" srcset=\"https:\/\/portal.pi.gov.br\/seres\/wp-content\/uploads\/sites\/87\/2025\/08\/Salvar-2-1024x768.jpeg 1024w, https:\/\/portal.pi.gov.br\/seres\/wp-content\/uploads\/sites\/87\/2025\/08\/Salvar-2-300x225.jpeg 300w, https:\/\/portal.pi.gov.br\/seres\/wp-content\/uploads\/sites\/87\/2025\/08\/Salvar-2-768x576.jpeg 768w, https:\/\/portal.pi.gov.br\/seres\/wp-content\/uploads\/sites\/87\/2025\/08\/Salvar-2-420x315.jpeg 420w, https:\/\/portal.pi.gov.br\/seres\/wp-content\/uploads\/sites\/87\/2025\/08\/Salvar-2-540x405.jpeg 540w, https:\/\/portal.pi.gov.br\/seres\/wp-content\/uploads\/sites\/87\/2025\/08\/Salvar-2-780x585.jpeg 780w, https:\/\/portal.pi.gov.br\/seres\/wp-content\/uploads\/sites\/87\/2025\/08\/Salvar-2-1536x1152.jpeg 1536w, https:\/\/portal.pi.gov.br\/seres\/wp-content\/uploads\/sites\/87\/2025\/08\/Salvar-2-2048x1536.jpeg 2048w, https:\/\/portal.pi.gov.br\/seres\/wp-content\/uploads\/sites\/87\/2025\/08\/Salvar-2-947x710.jpeg 947w, https:\/\/portal.pi.gov.br\/seres\/wp-content\/uploads\/sites\/87\/2025\/08\/Salvar-2-624x468.jpeg 624w\" sizes=\"(max-width: 664px) 100vw, 664px\" \/><figcaption class=\"wp-element-caption\"><br><em>Foto: Natalina Alves<\/em><\/figcaption><\/figure><\/div>\n\n\n<p><\/p>\n\n\n\n<p>&#8220;A consulta \u00e9 um passo essencial\u00a0 para a implanta\u00e7\u00e3o do Porto Mar\u00edtimo de Lu\u00eds Correia e estamos atuando\u00a0 para garantir que essas comunidades tenham acesso \u00e0s informa\u00e7\u00f5es, possam esclarecer d\u00favidas, contribuir com sugest\u00f5es para o plano de trabalho e tenham seus direitos e formas de vida respeitados. Nosso compromisso \u00e9 ampliar o di\u00e1logo com as comunidades tradicionais, fortalecendo e valorizando as comunidades, como tem feito o Governo do Estado do Piau\u00ed\u201d, ressaltou a secret\u00e1ria N\u00fabia Lopes.<\/p>\n\n\n\n<p>Em sua fase inicial, o trabalho consiste em apresentar o plano de consulta a autoridades e \u00f3rg\u00e3os de defesa dos direitos dessas popula\u00e7\u00f5es. Os respons\u00e1veis por conduzir a apresenta\u00e7\u00e3o foram a vice-presidente, Maria Cristina Ara\u00fajo, e o diretor de Sustentabilidade, Daniel Guimar\u00e3es.<\/p>\n\n\n<div class=\"wp-block-image\">\n<figure class=\"aligncenter size-large is-resized\"><img decoding=\"async\" loading=\"lazy\" src=\"https:\/\/portal.pi.gov.br\/seres\/wp-content\/uploads\/sites\/87\/2025\/08\/WhatsApp-Image-2025-08-27-at-13.18.11-1-1024x768.jpeg\" alt=\"\" class=\"wp-image-4424\" width=\"637\" height=\"478\" srcset=\"https:\/\/portal.pi.gov.br\/seres\/wp-content\/uploads\/sites\/87\/2025\/08\/WhatsApp-Image-2025-08-27-at-13.18.11-1-1024x768.jpeg 1024w, https:\/\/portal.pi.gov.br\/seres\/wp-content\/uploads\/sites\/87\/2025\/08\/WhatsApp-Image-2025-08-27-at-13.18.11-1-300x225.jpeg 300w, https:\/\/portal.pi.gov.br\/seres\/wp-content\/uploads\/sites\/87\/2025\/08\/WhatsApp-Image-2025-08-27-at-13.18.11-1-768x576.jpeg 768w, https:\/\/portal.pi.gov.br\/seres\/wp-content\/uploads\/sites\/87\/2025\/08\/WhatsApp-Image-2025-08-27-at-13.18.11-1-420x315.jpeg 420w, https:\/\/portal.pi.gov.br\/seres\/wp-content\/uploads\/sites\/87\/2025\/08\/WhatsApp-Image-2025-08-27-at-13.18.11-1-540x405.jpeg 540w, https:\/\/portal.pi.gov.br\/seres\/wp-content\/uploads\/sites\/87\/2025\/08\/WhatsApp-Image-2025-08-27-at-13.18.11-1-780x585.jpeg 780w, https:\/\/portal.pi.gov.br\/seres\/wp-content\/uploads\/sites\/87\/2025\/08\/WhatsApp-Image-2025-08-27-at-13.18.11-1-1536x1152.jpeg 1536w, https:\/\/portal.pi.gov.br\/seres\/wp-content\/uploads\/sites\/87\/2025\/08\/WhatsApp-Image-2025-08-27-at-13.18.11-1-2048x1536.jpeg 2048w, https:\/\/portal.pi.gov.br\/seres\/wp-content\/uploads\/sites\/87\/2025\/08\/WhatsApp-Image-2025-08-27-at-13.18.11-1-947x710.jpeg 947w, https:\/\/portal.pi.gov.br\/seres\/wp-content\/uploads\/sites\/87\/2025\/08\/WhatsApp-Image-2025-08-27-at-13.18.11-1-624x468.jpeg 624w\" sizes=\"(max-width: 637px) 100vw, 637px\" \/><figcaption class=\"wp-element-caption\"><br><em>Foto: Natalina Alves<\/em><\/figcaption><\/figure><\/div>\n\n\n<p> <\/p>\n\n\n\n<p>O presidente da Col\u00f4nia de Pescadores Z-7 de Ilha Grande do Piau\u00ed, Lucimar Rodrigues, ressaltou que este \u00e9 um momento fundamental para conhecer de perto as informa\u00e7\u00f5es sobre a implanta\u00e7\u00e3o do porto e principalmente, poder expor as preocupa\u00e7\u00f5es dos pescadores e pescadoras artesanais. &#8220;Para mim essa reuni\u00e3o foi muito importante por que tirei muitas d\u00favidas e agora vou levar essas informa\u00e7\u00f5es para os demais pescadores&#8221;.<\/p>\n\n\n\n<p><\/p>\n\n\n\n<p>Estiveram presentes representantes da Associa\u00e7\u00e3o dos Pescadores e Pescadoras Artesanais de Parna\u00edba, Sindicato dos Pescadores e Pescadoras de Lu\u00eds Correia, Col\u00f4nia de Pescadores Z-7 de Ilha Grande do Piau\u00ed e Z-1 de Lu\u00eds Correia , Associa\u00e7\u00e3o de Pescadores de Cajueiro da Praia, al\u00e9m de  representantes de \u00f3rg\u00e3os estaduais como a Secretaria de Meio Ambiente e Recursos H\u00eddricos (Semarh) e Secretaria de Planejamento (Seplan). <\/p>\n\n\n<div class=\"wp-block-image\">\n<figure class=\"aligncenter size-large is-resized\"><img decoding=\"async\" loading=\"lazy\" src=\"https:\/\/portal.pi.gov.br\/seres\/wp-content\/uploads\/sites\/87\/2025\/08\/WhatsApp-Image-2025-08-27-at-14.26.14-1024x768.jpeg\" alt=\"\" class=\"wp-image-4446\" width=\"613\" height=\"460\" srcset=\"https:\/\/portal.pi.gov.br\/seres\/wp-content\/uploads\/sites\/87\/2025\/08\/WhatsApp-Image-2025-08-27-at-14.26.14-1024x768.jpeg 1024w, https:\/\/portal.pi.gov.br\/seres\/wp-content\/uploads\/sites\/87\/2025\/08\/WhatsApp-Image-2025-08-27-at-14.26.14-300x225.jpeg 300w, https:\/\/portal.pi.gov.br\/seres\/wp-content\/uploads\/sites\/87\/2025\/08\/WhatsApp-Image-2025-08-27-at-14.26.14-768x576.jpeg 768w, https:\/\/portal.pi.gov.br\/seres\/wp-content\/uploads\/sites\/87\/2025\/08\/WhatsApp-Image-2025-08-27-at-14.26.14-420x315.jpeg 420w, https:\/\/portal.pi.gov.br\/seres\/wp-content\/uploads\/sites\/87\/2025\/08\/WhatsApp-Image-2025-08-27-at-14.26.14-540x405.jpeg 540w, https:\/\/portal.pi.gov.br\/seres\/wp-content\/uploads\/sites\/87\/2025\/08\/WhatsApp-Image-2025-08-27-at-14.26.14-780x585.jpeg 780w, https:\/\/portal.pi.gov.br\/seres\/wp-content\/uploads\/sites\/87\/2025\/08\/WhatsApp-Image-2025-08-27-at-14.26.14-1536x1152.jpeg 1536w, https:\/\/portal.pi.gov.br\/seres\/wp-content\/uploads\/sites\/87\/2025\/08\/WhatsApp-Image-2025-08-27-at-14.26.14-2048x1536.jpeg 2048w, https:\/\/portal.pi.gov.br\/seres\/wp-content\/uploads\/sites\/87\/2025\/08\/WhatsApp-Image-2025-08-27-at-14.26.14-947x710.jpeg 947w, https:\/\/portal.pi.gov.br\/seres\/wp-content\/uploads\/sites\/87\/2025\/08\/WhatsApp-Image-2025-08-27-at-14.26.14-624x468.jpeg 624w\" sizes=\"(max-width: 613px) 100vw, 613px\" \/><figcaption class=\"wp-element-caption\"><br><em>Foto: Natalina Alves<\/em><\/figcaption><\/figure><\/div>\n\n\n<p>Rep\u00f3rter: Natalina Alves <\/p>\n","protected":false},"excerpt":{"rendered":"<p>A consulta assegura que as comunidades tenham voz ativa, acesso claro \u00e0s informa\u00e7\u00f5es e a oportunidade de contribuir com sugest\u00f5es para o aprimoramento do plano de trabalho. A secret\u00e1ria das [&hellip;]<\/p>\n","protected":false},"author":1748,"featured_media":4421,"comment_status":"closed","ping_status":"closed","sticky":false,"template":"","format":"standard","meta":[],"categories":[34],"tags":[],"featured_image_urls":{"full":["https:\/\/portal.pi.gov.br\/seres\/wp-content\/uploads\/sites\/87\/2025\/08\/WhatsApp-Image-2025-08-27-at-13.18.11-scaled.jpeg",2560,1920,false],"thumbnail":["https:\/\/portal.pi.gov.br\/seres\/wp-content\/uploads\/sites\/87\/2025\/08\/WhatsApp-Image-2025-08-27-at-13.18.11-150x150.jpeg",150,150,true],"medium":["https:\/\/portal.pi.gov.br\/seres\/wp-content\/uploads\/sites\/87\/2025\/08\/WhatsApp-Image-2025-08-27-at-13.18.11-300x225.jpeg",300,225,true],"medium_large":["https:\/\/portal.pi.gov.br\/seres\/wp-content\/uploads\/sites\/87\/2025\/08\/WhatsApp-Image-2025-08-27-at-13.18.11-768x576.jpeg",768,576,true],"large":["https:\/\/portal.pi.gov.br\/seres\/wp-content\/uploads\/sites\/87\/2025\/08\/WhatsApp-Image-2025-08-27-at-13.18.11-1024x768.jpeg",887,665,true],"sgg-420":["https:\/\/portal.pi.gov.br\/seres\/wp-content\/uploads\/sites\/87\/2025\/08\/WhatsApp-Image-2025-08-27-at-13.18.11-420x315.jpeg",420,315,true],"sgg-540":["https:\/\/portal.pi.gov.br\/seres\/wp-content\/uploads\/sites\/87\/2025\/08\/WhatsApp-Image-2025-08-27-at-13.18.11-540x405.jpeg",540,405,true],"sgg-780":["https:\/\/portal.pi.gov.br\/seres\/wp-content\/uploads\/sites\/87\/2025\/08\/WhatsApp-Image-2025-08-27-at-13.18.11-780x585.jpeg",780,585,true],"1536x1536":["https:\/\/portal.pi.gov.br\/seres\/wp-content\/uploads\/sites\/87\/2025\/08\/WhatsApp-Image-2025-08-27-at-13.18.11-1536x1152.jpeg",1536,1152,true],"2048x2048":["https:\/\/portal.pi.gov.br\/seres\/wp-content\/uploads\/sites\/87\/2025\/08\/WhatsApp-Image-2025-08-27-at-13.18.11-2048x1536.jpeg",2048,1536,true],"homepage-slider":["https:\/\/portal.pi.gov.br\/seres\/wp-content\/uploads\/sites\/87\/2025\/08\/WhatsApp-Image-2025-08-27-at-13.18.11-1270x500.jpeg",1270,500,true],"homepage-slider-small":["https:\/\/portal.pi.gov.br\/seres\/wp-content\/uploads\/sites\/87\/2025\/08\/WhatsApp-Image-2025-08-27-at-13.18.11-947x500.jpeg",947,500,true],"page-top":["https:\/\/portal.pi.gov.br\/seres\/wp-content\/uploads\/sites\/87\/2025\/08\/WhatsApp-Image-2025-08-27-at-13.18.11-947x710.jpeg",947,710,true],"page-small":["https:\/\/portal.pi.gov.br\/seres\/wp-content\/uploads\/sites\/87\/2025\/08\/WhatsApp-Image-2025-08-27-at-13.18.11-624x468.jpeg",624,468,true],"loop-main":["https:\/\/portal.pi.gov.br\/seres\/wp-content\/uploads\/sites\/87\/2025\/08\/WhatsApp-Image-2025-08-27-at-13.18.11-365x240.jpeg",365,240,true],"thumb-gallery-widget":["https:\/\/portal.pi.gov.br\/seres\/wp-content\/uploads\/sites\/87\/2025\/08\/WhatsApp-Image-2025-08-27-at-13.18.11-84x56.jpeg",84,56,true]},"post_excerpt_stackable":"<p>A consulta assegura que as comunidades tenham voz ativa, acesso claro \u00e0s informa\u00e7\u00f5es e a oportunidade de contribuir com sugest\u00f5es para o aprimoramento do plano de trabalho. A secret\u00e1ria das Rela\u00e7\u00f5es Sociais, N\u00fabia Lopes, esteve presente, nessa quarta (13), na reuni\u00e3o de apresenta\u00e7\u00e3o do plano de Consulta Livre, Pr\u00e9via e Informada sobre o Porto Mar\u00edtimo de Lu\u00eds Correia para Comunidades Tradicionais. A reuni\u00e3o aconteceu presencialmente, no audit\u00f3rio da Companhia Porto Piau\u00ed. Um dos objetivo da participa\u00e7\u00e3o da SERES \u00e9 garantir que as comunidades participem da consulta, tenham acesso \u00e0s informa\u00e7\u00f5es e possam esclarecer d\u00favidas e contribuir com sugest\u00f5es para o&hellip;<\/p>\n","category_list":"<a href=\"https:\/\/portal.pi.gov.br\/seres\/category\/noticias\/\" rel=\"category tag\">Not\u00edcias<\/a>","author_info":{"name":"natalina","url":"https:\/\/portal.pi.gov.br\/seres\/author\/natalina\/"},"comments_num":"0 coment\u00e1rio","featured_image_urls_v2":{"full":["https:\/\/portal.pi.gov.br\/seres\/wp-content\/uploads\/sites\/87\/2025\/08\/WhatsApp-Image-2025-08-27-at-13.18.11-scaled.jpeg",2560,1920,false],"thumbnail":["https:\/\/portal.pi.gov.br\/seres\/wp-content\/uploads\/sites\/87\/2025\/08\/WhatsApp-Image-2025-08-27-at-13.18.11-150x150.jpeg",150,150,true],"medium":["https:\/\/portal.pi.gov.br\/seres\/wp-content\/uploads\/sites\/87\/2025\/08\/WhatsApp-Image-2025-08-27-at-13.18.11-300x225.jpeg",300,225,true],"medium_large":["https:\/\/portal.pi.gov.br\/seres\/wp-content\/uploads\/sites\/87\/2025\/08\/WhatsApp-Image-2025-08-27-at-13.18.11-768x576.jpeg",768,576,true],"large":["https:\/\/portal.pi.gov.br\/seres\/wp-content\/uploads\/sites\/87\/2025\/08\/WhatsApp-Image-2025-08-27-at-13.18.11-1024x768.jpeg",887,665,true],"sgg-420":["https:\/\/portal.pi.gov.br\/seres\/wp-content\/uploads\/sites\/87\/2025\/08\/WhatsApp-Image-2025-08-27-at-13.18.11-420x315.jpeg",420,315,true],"sgg-540":["https:\/\/portal.pi.gov.br\/seres\/wp-content\/uploads\/sites\/87\/2025\/08\/WhatsApp-Image-2025-08-27-at-13.18.11-540x405.jpeg",540,405,true],"sgg-780":["https:\/\/portal.pi.gov.br\/seres\/wp-content\/uploads\/sites\/87\/2025\/08\/WhatsApp-Image-2025-08-27-at-13.18.11-780x585.jpeg",780,585,true],"1536x1536":["https:\/\/portal.pi.gov.br\/seres\/wp-content\/uploads\/sites\/87\/2025\/08\/WhatsApp-Image-2025-08-27-at-13.18.11-1536x1152.jpeg",1536,1152,true],"2048x2048":["https:\/\/portal.pi.gov.br\/seres\/wp-content\/uploads\/sites\/87\/2025\/08\/WhatsApp-Image-2025-08-27-at-13.18.11-2048x1536.jpeg",2048,1536,true],"homepage-slider":["https:\/\/portal.pi.gov.br\/seres\/wp-content\/uploads\/sites\/87\/2025\/08\/WhatsApp-Image-2025-08-27-at-13.18.11-1270x500.jpeg",1270,500,true],"homepage-slider-small":["https:\/\/portal.pi.gov.br\/seres\/wp-content\/uploads\/sites\/87\/2025\/08\/WhatsApp-Image-2025-08-27-at-13.18.11-947x500.jpeg",947,500,true],"page-top":["https:\/\/portal.pi.gov.br\/seres\/wp-content\/uploads\/sites\/87\/2025\/08\/WhatsApp-Image-2025-08-27-at-13.18.11-947x710.jpeg",947,710,true],"page-small":["https:\/\/portal.pi.gov.br\/seres\/wp-content\/uploads\/sites\/87\/2025\/08\/WhatsApp-Image-2025-08-27-at-13.18.11-624x468.jpeg",624,468,true],"loop-main":["https:\/\/portal.pi.gov.br\/seres\/wp-content\/uploads\/sites\/87\/2025\/08\/WhatsApp-Image-2025-08-27-at-13.18.11-365x240.jpeg",365,240,true],"thumb-gallery-widget":["https:\/\/portal.pi.gov.br\/seres\/wp-content\/uploads\/sites\/87\/2025\/08\/WhatsApp-Image-2025-08-27-at-13.18.11-84x56.jpeg",84,56,true]},"post_excerpt_stackable_v2":"<p>A consulta assegura que as comunidades tenham voz ativa, acesso claro \u00e0s informa\u00e7\u00f5es e a oportunidade de contribuir com sugest\u00f5es para o aprimoramento do plano de trabalho. A secret\u00e1ria das Rela\u00e7\u00f5es Sociais, N\u00fabia Lopes, esteve presente, nessa quarta (13), na reuni\u00e3o de apresenta\u00e7\u00e3o do plano de Consulta Livre, Pr\u00e9via e Informada sobre o Porto Mar\u00edtimo de Lu\u00eds Correia para Comunidades Tradicionais. A reuni\u00e3o aconteceu presencialmente, no audit\u00f3rio da Companhia Porto Piau\u00ed. Um dos objetivo da participa\u00e7\u00e3o da SERES \u00e9 garantir que as comunidades participem da consulta, tenham acesso \u00e0s informa\u00e7\u00f5es e possam esclarecer d\u00favidas e contribuir com sugest\u00f5es para o&hellip;<\/p>\n","category_list_v2":"<a href=\"https:\/\/portal.pi.gov.br\/seres\/category\/noticias\/\" rel=\"category tag\">Not\u00edcias<\/a>","author_info_v2":{"name":"natalina","url":"https:\/\/portal.pi.gov.br\/seres\/author\/natalina\/"},"comments_num_v2":"0 coment\u00e1rio","jetpack_featured_media_url":"https:\/\/portal.pi.gov.br\/seres\/wp-content\/uploads\/sites\/87\/2025\/08\/WhatsApp-Image-2025-08-27-at-13.18.11-scaled.jpeg","_links":{"self":[{"href":"https:\/\/portal.pi.gov.br\/seres\/wp-json\/wp\/v2\/posts\/4414"}],"collection":[{"href":"https:\/\/portal.pi.gov.br\/seres\/wp-json\/wp\/v2\/posts"}],"about":[{"href":"https:\/\/portal.pi.gov.br\/seres\/wp-json\/wp\/v2\/types\/post"}],"author":[{"embeddable":true,"href":"https:\/\/portal.pi.gov.br\/seres\/wp-json\/wp\/v2\/users\/1748"}],"replies":[{"embeddable":true,"href":"https:\/\/portal.pi.gov.br\/seres\/wp-json\/wp\/v2\/comments?post=4414"}],"version-history":[{"count":19,"href":"https:\/\/portal.pi.gov.br\/seres\/wp-json\/wp\/v2\/posts\/4414\/revisions"}],"predecessor-version":[{"id":4457,"href":"https:\/\/portal.pi.gov.br\/seres\/wp-json\/wp\/v2\/posts\/4414\/revisions\/4457"}],"wp:featuredmedia":[{"embeddable":true,"href":"https:\/\/portal.pi.gov.br\/seres\/wp-json\/wp\/v2\/media\/4421"}],"wp:attachment":[{"href":"https:\/\/portal.pi.gov.br\/seres\/wp-json\/wp\/v2\/media?parent=4414"}],"wp:term":[{"taxonomy":"category","embeddable":true,"href":"https:\/\/portal.pi.gov.br\/seres\/wp-json\/wp\/v2\/categories?post=4414"},{"taxonomy":"post_tag","embeddable":true,"href":"https:\/\/portal.pi.gov.br\/seres\/wp-json\/wp\/v2\/tags?post=4414"}],"curies":[{"name":"wp","href":"https:\/\/api.w.org\/{rel}","templated":true}]}}