{"id":4458,"date":"2025-08-29T15:08:55","date_gmt":"2025-08-29T18:08:55","guid":{"rendered":"https:\/\/portal.pi.gov.br\/seres\/?p=4458"},"modified":"2025-08-29T22:08:36","modified_gmt":"2025-08-30T01:08:36","slug":"opa-moradores-da-macauba-comemoram-mais-mobilidade-e-qualidade-de-vida-com-pavimentacao","status":"publish","type":"post","link":"https:\/\/portal.pi.gov.br\/seres\/2025\/08\/29\/opa-moradores-da-macauba-comemoram-mais-mobilidade-e-qualidade-de-vida-com-pavimentacao\/","title":{"rendered":"OPA: Moradores da Maca\u00faba comemoram mais mobilidade e qualidade de vida com pavimenta\u00e7\u00e3o"},"content":{"rendered":"<div class=\"wp-block-image\">\n<figure class=\"aligncenter size-large is-resized\"><img decoding=\"async\" loading=\"lazy\" src=\"https:\/\/portal.pi.gov.br\/seres\/wp-content\/uploads\/sites\/87\/2025\/08\/FOTO-1-1024x683.jpeg\" alt=\"\" class=\"wp-image-4459\" width=\"585\" height=\"390\" srcset=\"https:\/\/portal.pi.gov.br\/seres\/wp-content\/uploads\/sites\/87\/2025\/08\/FOTO-1-1024x683.jpeg 1024w, https:\/\/portal.pi.gov.br\/seres\/wp-content\/uploads\/sites\/87\/2025\/08\/FOTO-1-300x200.jpeg 300w, https:\/\/portal.pi.gov.br\/seres\/wp-content\/uploads\/sites\/87\/2025\/08\/FOTO-1-768x512.jpeg 768w, https:\/\/portal.pi.gov.br\/seres\/wp-content\/uploads\/sites\/87\/2025\/08\/FOTO-1-420x280.jpeg 420w, https:\/\/portal.pi.gov.br\/seres\/wp-content\/uploads\/sites\/87\/2025\/08\/FOTO-1-540x360.jpeg 540w, https:\/\/portal.pi.gov.br\/seres\/wp-content\/uploads\/sites\/87\/2025\/08\/FOTO-1-780x520.jpeg 780w, https:\/\/portal.pi.gov.br\/seres\/wp-content\/uploads\/sites\/87\/2025\/08\/FOTO-1-1536x1024.jpeg 1536w, https:\/\/portal.pi.gov.br\/seres\/wp-content\/uploads\/sites\/87\/2025\/08\/FOTO-1-2048x1366.jpeg 2048w, https:\/\/portal.pi.gov.br\/seres\/wp-content\/uploads\/sites\/87\/2025\/08\/FOTO-1-947x631.jpeg 947w, https:\/\/portal.pi.gov.br\/seres\/wp-content\/uploads\/sites\/87\/2025\/08\/FOTO-1-624x416.jpeg 624w, https:\/\/portal.pi.gov.br\/seres\/wp-content\/uploads\/sites\/87\/2025\/08\/FOTO-1-84x56.jpeg 84w\" sizes=\"(max-width: 585px) 100vw, 585px\" \/><\/figure><\/div>\n\n\n<p><\/p>\n\n\n\n<p>Nesta sexta-feira (29), os moradores da Rua 7 de Setembro, no bairro Maca\u00faba, zona Sul de Teresina, celebraram a entrega do certificado de pavimenta\u00e7\u00e3o asf\u00e1ltica. A conquista foi resultado direto da participa\u00e7\u00e3o popular no Or\u00e7amento Participativo Digital (OPA) 2023\/2024, onde recebeu 218 votos, o que garantiu sua aprova\u00e7\u00e3o dentro do OPA. A obra foi executada pela Secretaria de Estado da Infraestrutura (Seinfra), representando um investimento de mais de R$ 298 mil.<\/p>\n\n\n\n<p><\/p>\n\n\n<div class=\"wp-block-image\">\n<figure class=\"aligncenter size-large is-resized\"><img decoding=\"async\" loading=\"lazy\" src=\"https:\/\/portal.pi.gov.br\/seres\/wp-content\/uploads\/sites\/87\/2025\/08\/nOVA-1024x682.jpg\" alt=\"\" class=\"wp-image-4460\" width=\"579\" height=\"385\" srcset=\"https:\/\/portal.pi.gov.br\/seres\/wp-content\/uploads\/sites\/87\/2025\/08\/nOVA-1024x682.jpg 1024w, https:\/\/portal.pi.gov.br\/seres\/wp-content\/uploads\/sites\/87\/2025\/08\/nOVA-300x200.jpg 300w, https:\/\/portal.pi.gov.br\/seres\/wp-content\/uploads\/sites\/87\/2025\/08\/nOVA-768x512.jpg 768w, https:\/\/portal.pi.gov.br\/seres\/wp-content\/uploads\/sites\/87\/2025\/08\/nOVA-420x280.jpg 420w, https:\/\/portal.pi.gov.br\/seres\/wp-content\/uploads\/sites\/87\/2025\/08\/nOVA-540x360.jpg 540w, https:\/\/portal.pi.gov.br\/seres\/wp-content\/uploads\/sites\/87\/2025\/08\/nOVA-780x519.jpg 780w, https:\/\/portal.pi.gov.br\/seres\/wp-content\/uploads\/sites\/87\/2025\/08\/nOVA-947x631.jpg 947w, https:\/\/portal.pi.gov.br\/seres\/wp-content\/uploads\/sites\/87\/2025\/08\/nOVA-624x416.jpg 624w, https:\/\/portal.pi.gov.br\/seres\/wp-content\/uploads\/sites\/87\/2025\/08\/nOVA-84x56.jpg 84w, https:\/\/portal.pi.gov.br\/seres\/wp-content\/uploads\/sites\/87\/2025\/08\/nOVA.jpg 1536w\" sizes=\"(max-width: 579px) 100vw, 579px\" \/><\/figure><\/div>\n\n\n<p>De acordo com  Rondinelly de Sousa,  presidente &nbsp;Associa\u00e7\u00e3o de Moradores Unidos da Maca\u00faba, o resultado refor\u00e7a a for\u00e7a da organiza\u00e7\u00e3o comunit\u00e1ria e o compromisso do poder p\u00fablico em ouvir a popula\u00e7\u00e3o. \u201c\u00c9 uma iniciativa \u00fanica que o governador est\u00e1 fazendo. Valoriza n\u00e3o apenas os bairros, mas tamb\u00e9m as comunidades, as lideran\u00e7as e os institutos. Isso nos d\u00e1 voz para trabalhar pela nossa regi\u00e3o, gera visibilidade e fortalece parcerias. S\u00f3 tenho a agradecer e incentivar que outras comunidades tamb\u00e9m participem. O OPA n\u00e3o \u00e9 um projeto no papel: hoje vemos que Teresina, Parna\u00edba e outros munic\u00edpios est\u00e3o se transformando em verdadeiros canteiros de obras, e o melhor, com entregas conclu\u00eddas e \u00e0 disposi\u00e7\u00e3o da popula\u00e7\u00e3o\u201d, destacou. <\/p>\n\n\n\n<p>O Or\u00e7amento Participativo Digital tem se consolidado como um instrumento democr\u00e1tico e eficiente de gest\u00e3o, ampliando a participa\u00e7\u00e3o popular e garantindo que as decis\u00f5es sobre os investimentos p\u00fablicos sejam feitas de forma coletiva, transparente e com resultados concretos. O asfaltamento representa qualidade de vida, valoriza\u00e7\u00e3o do bairro e melhores condi\u00e7\u00f5es de mobilidade urbana. A solenidade de entrega contou com a presen\u00e7a do secret\u00e1rio de Estado da Infraestrutura, Fl\u00e1vio Nogueira Filho, al\u00e9m de representantes da Seplan e da Seres<\/p>\n\n\n<div class=\"wp-block-image\">\n<figure class=\"aligncenter size-large is-resized\"><img decoding=\"async\" loading=\"lazy\" src=\"https:\/\/portal.pi.gov.br\/seres\/wp-content\/uploads\/sites\/87\/2025\/08\/OPA-1024x683.jpeg\" alt=\"\" class=\"wp-image-4466\" width=\"606\" height=\"404\" srcset=\"https:\/\/portal.pi.gov.br\/seres\/wp-content\/uploads\/sites\/87\/2025\/08\/OPA-1024x683.jpeg 1024w, https:\/\/portal.pi.gov.br\/seres\/wp-content\/uploads\/sites\/87\/2025\/08\/OPA-300x200.jpeg 300w, https:\/\/portal.pi.gov.br\/seres\/wp-content\/uploads\/sites\/87\/2025\/08\/OPA-768x512.jpeg 768w, https:\/\/portal.pi.gov.br\/seres\/wp-content\/uploads\/sites\/87\/2025\/08\/OPA-420x280.jpeg 420w, https:\/\/portal.pi.gov.br\/seres\/wp-content\/uploads\/sites\/87\/2025\/08\/OPA-540x360.jpeg 540w, https:\/\/portal.pi.gov.br\/seres\/wp-content\/uploads\/sites\/87\/2025\/08\/OPA-780x520.jpeg 780w, https:\/\/portal.pi.gov.br\/seres\/wp-content\/uploads\/sites\/87\/2025\/08\/OPA-1536x1024.jpeg 1536w, https:\/\/portal.pi.gov.br\/seres\/wp-content\/uploads\/sites\/87\/2025\/08\/OPA-2048x1366.jpeg 2048w, https:\/\/portal.pi.gov.br\/seres\/wp-content\/uploads\/sites\/87\/2025\/08\/OPA-947x631.jpeg 947w, https:\/\/portal.pi.gov.br\/seres\/wp-content\/uploads\/sites\/87\/2025\/08\/OPA-624x416.jpeg 624w, https:\/\/portal.pi.gov.br\/seres\/wp-content\/uploads\/sites\/87\/2025\/08\/OPA-84x56.jpeg 84w\" sizes=\"(max-width: 606px) 100vw, 606px\" \/><\/figure><\/div>\n\n\n<p>\u201cMoro aqui h\u00e1 27 anos e posso dizer que esse asfalto transformou a vida da nossa comunidade. Temos muitos idosos e cadeirantes na rua, e agora a mobilidade ficou muito melhor. Essa obra trouxe dignidade, facilitou o ir e vir de todos n\u00f3s. Estamos muito satisfeitos e gratos por essa conquista\u201d, destacou Joice Caroline, moradora do bairro<\/p>\n","protected":false},"excerpt":{"rendered":"<p>Nesta sexta-feira (29), os moradores da Rua 7 de Setembro, no bairro Maca\u00faba, zona Sul de Teresina, celebraram a entrega do certificado de pavimenta\u00e7\u00e3o asf\u00e1ltica. A conquista foi resultado direto [&hellip;]<\/p>\n","protected":false},"author":1748,"featured_media":4462,"comment_status":"closed","ping_status":"closed","sticky":false,"template":"","format":"standard","meta":[],"categories":[34],"tags":[],"featured_image_urls":{"full":["https:\/\/portal.pi.gov.br\/seres\/wp-content\/uploads\/sites\/87\/2025\/08\/FOTO-1-1-scaled.jpeg",2560,1707,false],"thumbnail":["https:\/\/portal.pi.gov.br\/seres\/wp-content\/uploads\/sites\/87\/2025\/08\/FOTO-1-1-150x150.jpeg",150,150,true],"medium":["https:\/\/portal.pi.gov.br\/seres\/wp-content\/uploads\/sites\/87\/2025\/08\/FOTO-1-1-300x200.jpeg",300,200,true],"medium_large":["https:\/\/portal.pi.gov.br\/seres\/wp-content\/uploads\/sites\/87\/2025\/08\/FOTO-1-1-768x512.jpeg",768,512,true],"large":["https:\/\/portal.pi.gov.br\/seres\/wp-content\/uploads\/sites\/87\/2025\/08\/FOTO-1-1-1024x683.jpeg",887,592,true],"sgg-420":["https:\/\/portal.pi.gov.br\/seres\/wp-content\/uploads\/sites\/87\/2025\/08\/FOTO-1-1-420x280.jpeg",420,280,true],"sgg-540":["https:\/\/portal.pi.gov.br\/seres\/wp-content\/uploads\/sites\/87\/2025\/08\/FOTO-1-1-540x360.jpeg",540,360,true],"sgg-780":["https:\/\/portal.pi.gov.br\/seres\/wp-content\/uploads\/sites\/87\/2025\/08\/FOTO-1-1-780x520.jpeg",780,520,true],"1536x1536":["https:\/\/portal.pi.gov.br\/seres\/wp-content\/uploads\/sites\/87\/2025\/08\/FOTO-1-1-1536x1024.jpeg",1536,1024,true],"2048x2048":["https:\/\/portal.pi.gov.br\/seres\/wp-content\/uploads\/sites\/87\/2025\/08\/FOTO-1-1-2048x1366.jpeg",2048,1366,true],"homepage-slider":["https:\/\/portal.pi.gov.br\/seres\/wp-content\/uploads\/sites\/87\/2025\/08\/FOTO-1-1-1270x500.jpeg",1270,500,true],"homepage-slider-small":["https:\/\/portal.pi.gov.br\/seres\/wp-content\/uploads\/sites\/87\/2025\/08\/FOTO-1-1-947x500.jpeg",947,500,true],"page-top":["https:\/\/portal.pi.gov.br\/seres\/wp-content\/uploads\/sites\/87\/2025\/08\/FOTO-1-1-947x631.jpeg",947,631,true],"page-small":["https:\/\/portal.pi.gov.br\/seres\/wp-content\/uploads\/sites\/87\/2025\/08\/FOTO-1-1-624x416.jpeg",624,416,true],"loop-main":["https:\/\/portal.pi.gov.br\/seres\/wp-content\/uploads\/sites\/87\/2025\/08\/FOTO-1-1-365x240.jpeg",365,240,true],"thumb-gallery-widget":["https:\/\/portal.pi.gov.br\/seres\/wp-content\/uploads\/sites\/87\/2025\/08\/FOTO-1-1-84x56.jpeg",84,56,true]},"post_excerpt_stackable":"<p>Nesta sexta-feira (29), os moradores da Rua 7 de Setembro, no bairro Maca\u00faba, zona Sul de Teresina, celebraram a entrega do certificado de pavimenta\u00e7\u00e3o asf\u00e1ltica. A conquista foi resultado direto da participa\u00e7\u00e3o popular no Or\u00e7amento Participativo Digital (OPA) 2023\/2024, onde recebeu 218 votos, o que garantiu sua aprova\u00e7\u00e3o dentro do OPA. A obra foi executada pela Secretaria de Estado da Infraestrutura (Seinfra), representando um investimento de mais de R$ 298 mil. De acordo com Rondinelly de Sousa, presidente &nbsp;Associa\u00e7\u00e3o de Moradores Unidos da Maca\u00faba, o resultado refor\u00e7a a for\u00e7a da organiza\u00e7\u00e3o comunit\u00e1ria e o compromisso do poder p\u00fablico em ouvir&hellip;<\/p>\n","category_list":"<a href=\"https:\/\/portal.pi.gov.br\/seres\/category\/noticias\/\" rel=\"category tag\">Not\u00edcias<\/a>","author_info":{"name":"natalina","url":"https:\/\/portal.pi.gov.br\/seres\/author\/natalina\/"},"comments_num":"0 coment\u00e1rio","featured_image_urls_v2":{"full":["https:\/\/portal.pi.gov.br\/seres\/wp-content\/uploads\/sites\/87\/2025\/08\/FOTO-1-1-scaled.jpeg",2560,1707,false],"thumbnail":["https:\/\/portal.pi.gov.br\/seres\/wp-content\/uploads\/sites\/87\/2025\/08\/FOTO-1-1-150x150.jpeg",150,150,true],"medium":["https:\/\/portal.pi.gov.br\/seres\/wp-content\/uploads\/sites\/87\/2025\/08\/FOTO-1-1-300x200.jpeg",300,200,true],"medium_large":["https:\/\/portal.pi.gov.br\/seres\/wp-content\/uploads\/sites\/87\/2025\/08\/FOTO-1-1-768x512.jpeg",768,512,true],"large":["https:\/\/portal.pi.gov.br\/seres\/wp-content\/uploads\/sites\/87\/2025\/08\/FOTO-1-1-1024x683.jpeg",887,592,true],"sgg-420":["https:\/\/portal.pi.gov.br\/seres\/wp-content\/uploads\/sites\/87\/2025\/08\/FOTO-1-1-420x280.jpeg",420,280,true],"sgg-540":["https:\/\/portal.pi.gov.br\/seres\/wp-content\/uploads\/sites\/87\/2025\/08\/FOTO-1-1-540x360.jpeg",540,360,true],"sgg-780":["https:\/\/portal.pi.gov.br\/seres\/wp-content\/uploads\/sites\/87\/2025\/08\/FOTO-1-1-780x520.jpeg",780,520,true],"1536x1536":["https:\/\/portal.pi.gov.br\/seres\/wp-content\/uploads\/sites\/87\/2025\/08\/FOTO-1-1-1536x1024.jpeg",1536,1024,true],"2048x2048":["https:\/\/portal.pi.gov.br\/seres\/wp-content\/uploads\/sites\/87\/2025\/08\/FOTO-1-1-2048x1366.jpeg",2048,1366,true],"homepage-slider":["https:\/\/portal.pi.gov.br\/seres\/wp-content\/uploads\/sites\/87\/2025\/08\/FOTO-1-1-1270x500.jpeg",1270,500,true],"homepage-slider-small":["https:\/\/portal.pi.gov.br\/seres\/wp-content\/uploads\/sites\/87\/2025\/08\/FOTO-1-1-947x500.jpeg",947,500,true],"page-top":["https:\/\/portal.pi.gov.br\/seres\/wp-content\/uploads\/sites\/87\/2025\/08\/FOTO-1-1-947x631.jpeg",947,631,true],"page-small":["https:\/\/portal.pi.gov.br\/seres\/wp-content\/uploads\/sites\/87\/2025\/08\/FOTO-1-1-624x416.jpeg",624,416,true],"loop-main":["https:\/\/portal.pi.gov.br\/seres\/wp-content\/uploads\/sites\/87\/2025\/08\/FOTO-1-1-365x240.jpeg",365,240,true],"thumb-gallery-widget":["https:\/\/portal.pi.gov.br\/seres\/wp-content\/uploads\/sites\/87\/2025\/08\/FOTO-1-1-84x56.jpeg",84,56,true]},"post_excerpt_stackable_v2":"<p>Nesta sexta-feira (29), os moradores da Rua 7 de Setembro, no bairro Maca\u00faba, zona Sul de Teresina, celebraram a entrega do certificado de pavimenta\u00e7\u00e3o asf\u00e1ltica. A conquista foi resultado direto da participa\u00e7\u00e3o popular no Or\u00e7amento Participativo Digital (OPA) 2023\/2024, onde recebeu 218 votos, o que garantiu sua aprova\u00e7\u00e3o dentro do OPA. A obra foi executada pela Secretaria de Estado da Infraestrutura (Seinfra), representando um investimento de mais de R$ 298 mil. De acordo com Rondinelly de Sousa, presidente &nbsp;Associa\u00e7\u00e3o de Moradores Unidos da Maca\u00faba, o resultado refor\u00e7a a for\u00e7a da organiza\u00e7\u00e3o comunit\u00e1ria e o compromisso do poder p\u00fablico em ouvir&hellip;<\/p>\n","category_list_v2":"<a href=\"https:\/\/portal.pi.gov.br\/seres\/category\/noticias\/\" rel=\"category tag\">Not\u00edcias<\/a>","author_info_v2":{"name":"natalina","url":"https:\/\/portal.pi.gov.br\/seres\/author\/natalina\/"},"comments_num_v2":"0 coment\u00e1rio","jetpack_featured_media_url":"https:\/\/portal.pi.gov.br\/seres\/wp-content\/uploads\/sites\/87\/2025\/08\/FOTO-1-1-scaled.jpeg","_links":{"self":[{"href":"https:\/\/portal.pi.gov.br\/seres\/wp-json\/wp\/v2\/posts\/4458"}],"collection":[{"href":"https:\/\/portal.pi.gov.br\/seres\/wp-json\/wp\/v2\/posts"}],"about":[{"href":"https:\/\/portal.pi.gov.br\/seres\/wp-json\/wp\/v2\/types\/post"}],"author":[{"embeddable":true,"href":"https:\/\/portal.pi.gov.br\/seres\/wp-json\/wp\/v2\/users\/1748"}],"replies":[{"embeddable":true,"href":"https:\/\/portal.pi.gov.br\/seres\/wp-json\/wp\/v2\/comments?post=4458"}],"version-history":[{"count":4,"href":"https:\/\/portal.pi.gov.br\/seres\/wp-json\/wp\/v2\/posts\/4458\/revisions"}],"predecessor-version":[{"id":4467,"href":"https:\/\/portal.pi.gov.br\/seres\/wp-json\/wp\/v2\/posts\/4458\/revisions\/4467"}],"wp:featuredmedia":[{"embeddable":true,"href":"https:\/\/portal.pi.gov.br\/seres\/wp-json\/wp\/v2\/media\/4462"}],"wp:attachment":[{"href":"https:\/\/portal.pi.gov.br\/seres\/wp-json\/wp\/v2\/media?parent=4458"}],"wp:term":[{"taxonomy":"category","embeddable":true,"href":"https:\/\/portal.pi.gov.br\/seres\/wp-json\/wp\/v2\/categories?post=4458"},{"taxonomy":"post_tag","embeddable":true,"href":"https:\/\/portal.pi.gov.br\/seres\/wp-json\/wp\/v2\/tags?post=4458"}],"curies":[{"name":"wp","href":"https:\/\/api.w.org\/{rel}","templated":true}]}}