{"id":4468,"date":"2025-09-02T15:07:29","date_gmt":"2025-09-02T18:07:29","guid":{"rendered":"https:\/\/portal.pi.gov.br\/seres\/?p=4468"},"modified":"2025-09-02T16:12:28","modified_gmt":"2025-09-02T19:12:28","slug":"capacitacao-realizadas-pela-seres-fortalece-liderancas-em-urucui-e-impulsiona-participacao-cidada","status":"publish","type":"post","link":"https:\/\/portal.pi.gov.br\/seres\/2025\/09\/02\/capacitacao-realizadas-pela-seres-fortalece-liderancas-em-urucui-e-impulsiona-participacao-cidada\/","title":{"rendered":"Capacita\u00e7\u00e3o realizadas pela Seres fortalece lideran\u00e7as em Uru\u00e7u\u00ed e impulsiona participa\u00e7\u00e3o cidad\u00e3"},"content":{"rendered":"\n<p><em>A forma\u00e7\u00e3o faz parte de uma s\u00e9rie de a\u00e7\u00f5es do governo para ampliar a participa\u00e7\u00e3o social em todos os territ\u00f3rios do estado.<\/em><\/p>\n\n\n\n<p><\/p>\n\n\n\n<p>Capacitar lideran\u00e7as e ampliar o acesso da sociedade civil a recursos p\u00fablicos t\u00eam sido prioridades do Governo do Estado. Em Uru\u00e7u\u00ed, no \u00faltimo dia 28, a Secretaria de Estado das Rela\u00e7\u00f5es Sociais (SERES) promoveu cursos voltados para o fortalecimento das lideran\u00e7as locais e o est\u00edmulo \u00e0 participa\u00e7\u00e3o social na constru\u00e7\u00e3o de pol\u00edticas p\u00fablicas. A forma\u00e7\u00e3o aconteceu no Territ\u00f3rio Tabuleiros do Alto Parna\u00edba e reuniu representantes comunit\u00e1rios interessados em ampliar conhecimentos e qualificar sua atua\u00e7\u00e3o em diferentes espa\u00e7os de decis\u00e3o.<\/p>\n\n\n\n<p><\/p>\n\n\n<div class=\"wp-block-image\">\n<figure class=\"aligncenter size-large is-resized\"><img decoding=\"async\" loading=\"lazy\" src=\"https:\/\/portal.pi.gov.br\/seres\/wp-content\/uploads\/sites\/87\/2025\/09\/WhatsApp-Image-2025-09-02-at-15.03.38-1-1024x590.jpeg\" alt=\"\" class=\"wp-image-4470\" width=\"635\" height=\"365\" srcset=\"https:\/\/portal.pi.gov.br\/seres\/wp-content\/uploads\/sites\/87\/2025\/09\/WhatsApp-Image-2025-09-02-at-15.03.38-1-1024x590.jpeg 1024w, https:\/\/portal.pi.gov.br\/seres\/wp-content\/uploads\/sites\/87\/2025\/09\/WhatsApp-Image-2025-09-02-at-15.03.38-1-300x173.jpeg 300w, https:\/\/portal.pi.gov.br\/seres\/wp-content\/uploads\/sites\/87\/2025\/09\/WhatsApp-Image-2025-09-02-at-15.03.38-1-768x443.jpeg 768w, https:\/\/portal.pi.gov.br\/seres\/wp-content\/uploads\/sites\/87\/2025\/09\/WhatsApp-Image-2025-09-02-at-15.03.38-1-420x242.jpeg 420w, https:\/\/portal.pi.gov.br\/seres\/wp-content\/uploads\/sites\/87\/2025\/09\/WhatsApp-Image-2025-09-02-at-15.03.38-1-540x311.jpeg 540w, https:\/\/portal.pi.gov.br\/seres\/wp-content\/uploads\/sites\/87\/2025\/09\/WhatsApp-Image-2025-09-02-at-15.03.38-1-780x450.jpeg 780w, https:\/\/portal.pi.gov.br\/seres\/wp-content\/uploads\/sites\/87\/2025\/09\/WhatsApp-Image-2025-09-02-at-15.03.38-1-947x546.jpeg 947w, https:\/\/portal.pi.gov.br\/seres\/wp-content\/uploads\/sites\/87\/2025\/09\/WhatsApp-Image-2025-09-02-at-15.03.38-1-624x360.jpeg 624w, https:\/\/portal.pi.gov.br\/seres\/wp-content\/uploads\/sites\/87\/2025\/09\/WhatsApp-Image-2025-09-02-at-15.03.38-1.jpeg 1280w\" sizes=\"(max-width: 635px) 100vw, 635px\" \/><\/figure><\/div>\n\n\n<p><\/p>\n\n\n\n<p>A atividade integrou a programa\u00e7\u00e3o da 7\u00aa edi\u00e7\u00e3o do Di\u00e1logos pelo Piau\u00ed, ofertando dois cursos: \u201cT\u00e9cnicas de Comunica\u00e7\u00e3o Assertiva para Lideran\u00e7as\u201d e \u201cCapacita\u00e7\u00e3o para Concorrer a Editais P\u00fablicos\u201d. A forma\u00e7\u00e3o, parceria da SERES e SEAD, contribui para desenvolvimento participativo de representantes de associa\u00e7\u00f5es comunit\u00e1rias, sindicatos, povos de terreiro, comunidades tradicionais, quilombolas, ind\u00edgenas e ONGs.<\/p>\n\n\n<div class=\"wp-block-image\">\n<figure class=\"aligncenter size-large is-resized\"><img decoding=\"async\" loading=\"lazy\" src=\"https:\/\/portal.pi.gov.br\/seres\/wp-content\/uploads\/sites\/87\/2025\/09\/WhatsApp-Image-2025-09-02-at-15.03.49-1024x768.jpeg\" alt=\"\" class=\"wp-image-4471\" width=\"612\" height=\"459\" srcset=\"https:\/\/portal.pi.gov.br\/seres\/wp-content\/uploads\/sites\/87\/2025\/09\/WhatsApp-Image-2025-09-02-at-15.03.49-1024x768.jpeg 1024w, https:\/\/portal.pi.gov.br\/seres\/wp-content\/uploads\/sites\/87\/2025\/09\/WhatsApp-Image-2025-09-02-at-15.03.49-300x225.jpeg 300w, https:\/\/portal.pi.gov.br\/seres\/wp-content\/uploads\/sites\/87\/2025\/09\/WhatsApp-Image-2025-09-02-at-15.03.49-768x576.jpeg 768w, https:\/\/portal.pi.gov.br\/seres\/wp-content\/uploads\/sites\/87\/2025\/09\/WhatsApp-Image-2025-09-02-at-15.03.49-420x315.jpeg 420w, https:\/\/portal.pi.gov.br\/seres\/wp-content\/uploads\/sites\/87\/2025\/09\/WhatsApp-Image-2025-09-02-at-15.03.49-540x405.jpeg 540w, https:\/\/portal.pi.gov.br\/seres\/wp-content\/uploads\/sites\/87\/2025\/09\/WhatsApp-Image-2025-09-02-at-15.03.49-780x585.jpeg 780w, https:\/\/portal.pi.gov.br\/seres\/wp-content\/uploads\/sites\/87\/2025\/09\/WhatsApp-Image-2025-09-02-at-15.03.49-1536x1152.jpeg 1536w, https:\/\/portal.pi.gov.br\/seres\/wp-content\/uploads\/sites\/87\/2025\/09\/WhatsApp-Image-2025-09-02-at-15.03.49-2048x1536.jpeg 2048w, https:\/\/portal.pi.gov.br\/seres\/wp-content\/uploads\/sites\/87\/2025\/09\/WhatsApp-Image-2025-09-02-at-15.03.49-947x710.jpeg 947w, https:\/\/portal.pi.gov.br\/seres\/wp-content\/uploads\/sites\/87\/2025\/09\/WhatsApp-Image-2025-09-02-at-15.03.49-624x468.jpeg 624w\" sizes=\"(max-width: 612px) 100vw, 612px\" \/><\/figure><\/div>\n\n\n<p>Durante a capacita\u00e7\u00e3o sobre acesso a editais p\u00fablicos, representantes de entidades locais destacaram a import\u00e2ncia do aprendizado para fortalecer a sociedade civil e conquistar recursos. Para Udineide Ribeiro, da Associa\u00e7\u00e3o da Pessoa Idosa de Uru\u00e7u\u00ed, a experi\u00eancia foi transformadora: \u201cAntes eu achava imposs\u00edvel participar dos editais, mas agora percebi que, com informa\u00e7\u00e3o, n\u00e3o \u00e9 t\u00e3o dif\u00edcil. Esse curso foi fundamental para mostrar que nossas entidades podem, sim, conquistar recursos e se fortalecer. Ent\u00e3o, muito obrigada ao Estado por trazer esse di\u00e1logo aqui para o nosso munic\u00edpio.\u201d<\/p>\n\n\n\n<p>Al\u00e9m dos cursos, o Di\u00e1logos pelo Piau\u00ed tamb\u00e9m contou com feira de servi\u00e7os \u00e0 popula\u00e7\u00e3o, oficinas de revis\u00e3o do Plano Plurianual (PPA 2024\u20132027) e a plen\u00e1ria com o governador Rafael Fonteles, refor\u00e7ando a import\u00e2ncia da gest\u00e3o participativa.<\/p>\n","protected":false},"excerpt":{"rendered":"<p>A forma\u00e7\u00e3o faz parte de uma s\u00e9rie de a\u00e7\u00f5es do governo para ampliar a participa\u00e7\u00e3o social em todos os territ\u00f3rios do estado. Capacitar lideran\u00e7as e ampliar o acesso da sociedade [&hellip;]<\/p>\n","protected":false},"author":1748,"featured_media":4469,"comment_status":"closed","ping_status":"closed","sticky":false,"template":"","format":"standard","meta":[],"categories":[34],"tags":[],"featured_image_urls":{"full":["https:\/\/portal.pi.gov.br\/seres\/wp-content\/uploads\/sites\/87\/2025\/09\/WhatsApp-Image-2025-09-02-at-15.03.38.jpeg",1280,738,false],"thumbnail":["https:\/\/portal.pi.gov.br\/seres\/wp-content\/uploads\/sites\/87\/2025\/09\/WhatsApp-Image-2025-09-02-at-15.03.38-150x150.jpeg",150,150,true],"medium":["https:\/\/portal.pi.gov.br\/seres\/wp-content\/uploads\/sites\/87\/2025\/09\/WhatsApp-Image-2025-09-02-at-15.03.38-300x173.jpeg",300,173,true],"medium_large":["https:\/\/portal.pi.gov.br\/seres\/wp-content\/uploads\/sites\/87\/2025\/09\/WhatsApp-Image-2025-09-02-at-15.03.38-768x443.jpeg",768,443,true],"large":["https:\/\/portal.pi.gov.br\/seres\/wp-content\/uploads\/sites\/87\/2025\/09\/WhatsApp-Image-2025-09-02-at-15.03.38-1024x590.jpeg",887,511,true],"sgg-420":["https:\/\/portal.pi.gov.br\/seres\/wp-content\/uploads\/sites\/87\/2025\/09\/WhatsApp-Image-2025-09-02-at-15.03.38-420x242.jpeg",420,242,true],"sgg-540":["https:\/\/portal.pi.gov.br\/seres\/wp-content\/uploads\/sites\/87\/2025\/09\/WhatsApp-Image-2025-09-02-at-15.03.38-540x311.jpeg",540,311,true],"sgg-780":["https:\/\/portal.pi.gov.br\/seres\/wp-content\/uploads\/sites\/87\/2025\/09\/WhatsApp-Image-2025-09-02-at-15.03.38-780x450.jpeg",780,450,true],"1536x1536":["https:\/\/portal.pi.gov.br\/seres\/wp-content\/uploads\/sites\/87\/2025\/09\/WhatsApp-Image-2025-09-02-at-15.03.38.jpeg",1280,738,false],"2048x2048":["https:\/\/portal.pi.gov.br\/seres\/wp-content\/uploads\/sites\/87\/2025\/09\/WhatsApp-Image-2025-09-02-at-15.03.38.jpeg",1280,738,false],"homepage-slider":["https:\/\/portal.pi.gov.br\/seres\/wp-content\/uploads\/sites\/87\/2025\/09\/WhatsApp-Image-2025-09-02-at-15.03.38-1270x500.jpeg",1270,500,true],"homepage-slider-small":["https:\/\/portal.pi.gov.br\/seres\/wp-content\/uploads\/sites\/87\/2025\/09\/WhatsApp-Image-2025-09-02-at-15.03.38-947x500.jpeg",947,500,true],"page-top":["https:\/\/portal.pi.gov.br\/seres\/wp-content\/uploads\/sites\/87\/2025\/09\/WhatsApp-Image-2025-09-02-at-15.03.38-947x546.jpeg",947,546,true],"page-small":["https:\/\/portal.pi.gov.br\/seres\/wp-content\/uploads\/sites\/87\/2025\/09\/WhatsApp-Image-2025-09-02-at-15.03.38-624x360.jpeg",624,360,true],"loop-main":["https:\/\/portal.pi.gov.br\/seres\/wp-content\/uploads\/sites\/87\/2025\/09\/WhatsApp-Image-2025-09-02-at-15.03.38-365x240.jpeg",365,240,true],"thumb-gallery-widget":["https:\/\/portal.pi.gov.br\/seres\/wp-content\/uploads\/sites\/87\/2025\/09\/WhatsApp-Image-2025-09-02-at-15.03.38-84x56.jpeg",84,56,true]},"post_excerpt_stackable":"<p>A forma\u00e7\u00e3o faz parte de uma s\u00e9rie de a\u00e7\u00f5es do governo para ampliar a participa\u00e7\u00e3o social em todos os territ\u00f3rios do estado. Capacitar lideran\u00e7as e ampliar o acesso da sociedade civil a recursos p\u00fablicos t\u00eam sido prioridades do Governo do Estado. Em Uru\u00e7u\u00ed, no \u00faltimo dia 28, a Secretaria de Estado das Rela\u00e7\u00f5es Sociais (SERES) promoveu cursos voltados para o fortalecimento das lideran\u00e7as locais e o est\u00edmulo \u00e0 participa\u00e7\u00e3o social na constru\u00e7\u00e3o de pol\u00edticas p\u00fablicas. A forma\u00e7\u00e3o aconteceu no Territ\u00f3rio Tabuleiros do Alto Parna\u00edba e reuniu representantes comunit\u00e1rios interessados em ampliar conhecimentos e qualificar sua atua\u00e7\u00e3o em diferentes espa\u00e7os de&hellip;<\/p>\n","category_list":"<a href=\"https:\/\/portal.pi.gov.br\/seres\/category\/noticias\/\" rel=\"category tag\">Not\u00edcias<\/a>","author_info":{"name":"natalina","url":"https:\/\/portal.pi.gov.br\/seres\/author\/natalina\/"},"comments_num":"0 coment\u00e1rio","featured_image_urls_v2":{"full":["https:\/\/portal.pi.gov.br\/seres\/wp-content\/uploads\/sites\/87\/2025\/09\/WhatsApp-Image-2025-09-02-at-15.03.38.jpeg",1280,738,false],"thumbnail":["https:\/\/portal.pi.gov.br\/seres\/wp-content\/uploads\/sites\/87\/2025\/09\/WhatsApp-Image-2025-09-02-at-15.03.38-150x150.jpeg",150,150,true],"medium":["https:\/\/portal.pi.gov.br\/seres\/wp-content\/uploads\/sites\/87\/2025\/09\/WhatsApp-Image-2025-09-02-at-15.03.38-300x173.jpeg",300,173,true],"medium_large":["https:\/\/portal.pi.gov.br\/seres\/wp-content\/uploads\/sites\/87\/2025\/09\/WhatsApp-Image-2025-09-02-at-15.03.38-768x443.jpeg",768,443,true],"large":["https:\/\/portal.pi.gov.br\/seres\/wp-content\/uploads\/sites\/87\/2025\/09\/WhatsApp-Image-2025-09-02-at-15.03.38-1024x590.jpeg",887,511,true],"sgg-420":["https:\/\/portal.pi.gov.br\/seres\/wp-content\/uploads\/sites\/87\/2025\/09\/WhatsApp-Image-2025-09-02-at-15.03.38-420x242.jpeg",420,242,true],"sgg-540":["https:\/\/portal.pi.gov.br\/seres\/wp-content\/uploads\/sites\/87\/2025\/09\/WhatsApp-Image-2025-09-02-at-15.03.38-540x311.jpeg",540,311,true],"sgg-780":["https:\/\/portal.pi.gov.br\/seres\/wp-content\/uploads\/sites\/87\/2025\/09\/WhatsApp-Image-2025-09-02-at-15.03.38-780x450.jpeg",780,450,true],"1536x1536":["https:\/\/portal.pi.gov.br\/seres\/wp-content\/uploads\/sites\/87\/2025\/09\/WhatsApp-Image-2025-09-02-at-15.03.38.jpeg",1280,738,false],"2048x2048":["https:\/\/portal.pi.gov.br\/seres\/wp-content\/uploads\/sites\/87\/2025\/09\/WhatsApp-Image-2025-09-02-at-15.03.38.jpeg",1280,738,false],"homepage-slider":["https:\/\/portal.pi.gov.br\/seres\/wp-content\/uploads\/sites\/87\/2025\/09\/WhatsApp-Image-2025-09-02-at-15.03.38-1270x500.jpeg",1270,500,true],"homepage-slider-small":["https:\/\/portal.pi.gov.br\/seres\/wp-content\/uploads\/sites\/87\/2025\/09\/WhatsApp-Image-2025-09-02-at-15.03.38-947x500.jpeg",947,500,true],"page-top":["https:\/\/portal.pi.gov.br\/seres\/wp-content\/uploads\/sites\/87\/2025\/09\/WhatsApp-Image-2025-09-02-at-15.03.38-947x546.jpeg",947,546,true],"page-small":["https:\/\/portal.pi.gov.br\/seres\/wp-content\/uploads\/sites\/87\/2025\/09\/WhatsApp-Image-2025-09-02-at-15.03.38-624x360.jpeg",624,360,true],"loop-main":["https:\/\/portal.pi.gov.br\/seres\/wp-content\/uploads\/sites\/87\/2025\/09\/WhatsApp-Image-2025-09-02-at-15.03.38-365x240.jpeg",365,240,true],"thumb-gallery-widget":["https:\/\/portal.pi.gov.br\/seres\/wp-content\/uploads\/sites\/87\/2025\/09\/WhatsApp-Image-2025-09-02-at-15.03.38-84x56.jpeg",84,56,true]},"post_excerpt_stackable_v2":"<p>A forma\u00e7\u00e3o faz parte de uma s\u00e9rie de a\u00e7\u00f5es do governo para ampliar a participa\u00e7\u00e3o social em todos os territ\u00f3rios do estado. Capacitar lideran\u00e7as e ampliar o acesso da sociedade civil a recursos p\u00fablicos t\u00eam sido prioridades do Governo do Estado. Em Uru\u00e7u\u00ed, no \u00faltimo dia 28, a Secretaria de Estado das Rela\u00e7\u00f5es Sociais (SERES) promoveu cursos voltados para o fortalecimento das lideran\u00e7as locais e o est\u00edmulo \u00e0 participa\u00e7\u00e3o social na constru\u00e7\u00e3o de pol\u00edticas p\u00fablicas. A forma\u00e7\u00e3o aconteceu no Territ\u00f3rio Tabuleiros do Alto Parna\u00edba e reuniu representantes comunit\u00e1rios interessados em ampliar conhecimentos e qualificar sua atua\u00e7\u00e3o em diferentes espa\u00e7os de&hellip;<\/p>\n","category_list_v2":"<a href=\"https:\/\/portal.pi.gov.br\/seres\/category\/noticias\/\" rel=\"category tag\">Not\u00edcias<\/a>","author_info_v2":{"name":"natalina","url":"https:\/\/portal.pi.gov.br\/seres\/author\/natalina\/"},"comments_num_v2":"0 coment\u00e1rio","jetpack_featured_media_url":"https:\/\/portal.pi.gov.br\/seres\/wp-content\/uploads\/sites\/87\/2025\/09\/WhatsApp-Image-2025-09-02-at-15.03.38.jpeg","_links":{"self":[{"href":"https:\/\/portal.pi.gov.br\/seres\/wp-json\/wp\/v2\/posts\/4468"}],"collection":[{"href":"https:\/\/portal.pi.gov.br\/seres\/wp-json\/wp\/v2\/posts"}],"about":[{"href":"https:\/\/portal.pi.gov.br\/seres\/wp-json\/wp\/v2\/types\/post"}],"author":[{"embeddable":true,"href":"https:\/\/portal.pi.gov.br\/seres\/wp-json\/wp\/v2\/users\/1748"}],"replies":[{"embeddable":true,"href":"https:\/\/portal.pi.gov.br\/seres\/wp-json\/wp\/v2\/comments?post=4468"}],"version-history":[{"count":6,"href":"https:\/\/portal.pi.gov.br\/seres\/wp-json\/wp\/v2\/posts\/4468\/revisions"}],"predecessor-version":[{"id":4478,"href":"https:\/\/portal.pi.gov.br\/seres\/wp-json\/wp\/v2\/posts\/4468\/revisions\/4478"}],"wp:featuredmedia":[{"embeddable":true,"href":"https:\/\/portal.pi.gov.br\/seres\/wp-json\/wp\/v2\/media\/4469"}],"wp:attachment":[{"href":"https:\/\/portal.pi.gov.br\/seres\/wp-json\/wp\/v2\/media?parent=4468"}],"wp:term":[{"taxonomy":"category","embeddable":true,"href":"https:\/\/portal.pi.gov.br\/seres\/wp-json\/wp\/v2\/categories?post=4468"},{"taxonomy":"post_tag","embeddable":true,"href":"https:\/\/portal.pi.gov.br\/seres\/wp-json\/wp\/v2\/tags?post=4468"}],"curies":[{"name":"wp","href":"https:\/\/api.w.org\/{rel}","templated":true}]}}