{"id":4479,"date":"2025-09-03T15:49:45","date_gmt":"2025-09-03T18:49:45","guid":{"rendered":"https:\/\/portal.pi.gov.br\/seres\/?p=4479"},"modified":"2025-09-09T18:50:18","modified_gmt":"2025-09-09T21:50:18","slug":"dialogo-pelo-piaui-governo-fortalece-participacao-popular-ouvindo-a-populacao","status":"publish","type":"post","link":"https:\/\/portal.pi.gov.br\/seres\/2025\/09\/03\/dialogo-pelo-piaui-governo-fortalece-participacao-popular-ouvindo-a-populacao\/","title":{"rendered":"Participa\u00e7\u00e3o popular se fortalece atrav\u00e9s da escuta ativa promovida pelo Governo do Piau\u00ed"},"content":{"rendered":"\n<p><\/p>\n\n\n\n<p>O Governo do Estado do Piau\u00ed, por meio da Secretaria de Estado das Rela\u00e7\u00f5es Sociais (SERES), tem fortalecido os canais de di\u00e1logo com a sociedade, promovendo uma gest\u00e3o mais participativa e democr\u00e1tica. A escuta ativa da popula\u00e7\u00e3o tem se consolidado como ferramenta estrat\u00e9gica para a constru\u00e7\u00e3o de pol\u00edticas p\u00fablicas que refletem as reais necessidades dos piauienses.<\/p>\n\n\n<div class=\"wp-block-image\">\n<figure class=\"aligncenter size-large is-resized\"><img decoding=\"async\" loading=\"lazy\" src=\"https:\/\/portal.pi.gov.br\/seres\/wp-content\/uploads\/sites\/87\/2025\/09\/WhatsApp-Image-2025-09-03-at-15.34.46-1-1024x683.jpeg\" alt=\"\" class=\"wp-image-4482\" width=\"617\" height=\"411\" srcset=\"https:\/\/portal.pi.gov.br\/seres\/wp-content\/uploads\/sites\/87\/2025\/09\/WhatsApp-Image-2025-09-03-at-15.34.46-1-1024x683.jpeg 1024w, https:\/\/portal.pi.gov.br\/seres\/wp-content\/uploads\/sites\/87\/2025\/09\/WhatsApp-Image-2025-09-03-at-15.34.46-1-300x200.jpeg 300w, https:\/\/portal.pi.gov.br\/seres\/wp-content\/uploads\/sites\/87\/2025\/09\/WhatsApp-Image-2025-09-03-at-15.34.46-1-768x512.jpeg 768w, https:\/\/portal.pi.gov.br\/seres\/wp-content\/uploads\/sites\/87\/2025\/09\/WhatsApp-Image-2025-09-03-at-15.34.46-1-420x280.jpeg 420w, https:\/\/portal.pi.gov.br\/seres\/wp-content\/uploads\/sites\/87\/2025\/09\/WhatsApp-Image-2025-09-03-at-15.34.46-1-540x360.jpeg 540w, https:\/\/portal.pi.gov.br\/seres\/wp-content\/uploads\/sites\/87\/2025\/09\/WhatsApp-Image-2025-09-03-at-15.34.46-1-780x520.jpeg 780w, https:\/\/portal.pi.gov.br\/seres\/wp-content\/uploads\/sites\/87\/2025\/09\/WhatsApp-Image-2025-09-03-at-15.34.46-1-1536x1024.jpeg 1536w, https:\/\/portal.pi.gov.br\/seres\/wp-content\/uploads\/sites\/87\/2025\/09\/WhatsApp-Image-2025-09-03-at-15.34.46-1-2048x1366.jpeg 2048w, https:\/\/portal.pi.gov.br\/seres\/wp-content\/uploads\/sites\/87\/2025\/09\/WhatsApp-Image-2025-09-03-at-15.34.46-1-947x631.jpeg 947w, https:\/\/portal.pi.gov.br\/seres\/wp-content\/uploads\/sites\/87\/2025\/09\/WhatsApp-Image-2025-09-03-at-15.34.46-1-624x416.jpeg 624w, https:\/\/portal.pi.gov.br\/seres\/wp-content\/uploads\/sites\/87\/2025\/09\/WhatsApp-Image-2025-09-03-at-15.34.46-1-84x56.jpeg 84w\" sizes=\"(max-width: 617px) 100vw, 617px\" \/><\/figure><\/div>\n\n\n<p>Entre os instrumentos utilizados, destacam-se as audi\u00eancias p\u00fablicas, conselhos, f\u00f3runs e confer\u00eancias estaduais tem\u00e1ticas. Est\u00e1  re\u00fane representantes da sociedade civil, movimentos sociais, entidades de classe e gestores p\u00fablicos para discutir prioridades em diferentes \u00e1reas. Nos \u00faltimos anos, foram realizadas confer\u00eancias como a Estadual de Promo\u00e7\u00e3o da Igualdade Racial, a Estadual dos Direitos da Popula\u00e7\u00e3o LGBTQIA+&nbsp;, a Estadual dos Direitos da Pessoa com Defici\u00eancia e Confer\u00eancia Estadual das Cidades. todas com etapas municipais e regionais que mobilizaram milhares de pessoas em todo o Estado.<\/p>\n\n\n\n<p>A secret\u00e1ria de Estado das Rela\u00e7\u00f5es Sociais, N\u00fabia Lopes, ressaltou a relev\u00e2ncia da escuta ativa como ferramenta de gest\u00e3o. \u201cQuando o governo ouve de perto a realidade da popula\u00e7\u00e3o, consegue construir solu\u00e7\u00f5es mais eficazes e pol\u00edticas que de fato impactam positivamente a vida das pessoas. Esse \u00e9 o objetivo central do Di\u00e1logo pelo Piau\u00ed\u201d, destacou<\/p>\n\n\n<div class=\"wp-block-image\">\n<figure class=\"aligncenter size-large is-resized\"><img decoding=\"async\" loading=\"lazy\" src=\"https:\/\/portal.pi.gov.br\/seres\/wp-content\/uploads\/sites\/87\/2025\/09\/WhatsApp-Image-2025-09-09-at-16.43.35-1024x683.jpeg\" alt=\"\" class=\"wp-image-4502\" width=\"665\" height=\"443\" srcset=\"https:\/\/portal.pi.gov.br\/seres\/wp-content\/uploads\/sites\/87\/2025\/09\/WhatsApp-Image-2025-09-09-at-16.43.35-1024x683.jpeg 1024w, https:\/\/portal.pi.gov.br\/seres\/wp-content\/uploads\/sites\/87\/2025\/09\/WhatsApp-Image-2025-09-09-at-16.43.35-300x200.jpeg 300w, https:\/\/portal.pi.gov.br\/seres\/wp-content\/uploads\/sites\/87\/2025\/09\/WhatsApp-Image-2025-09-09-at-16.43.35-768x512.jpeg 768w, https:\/\/portal.pi.gov.br\/seres\/wp-content\/uploads\/sites\/87\/2025\/09\/WhatsApp-Image-2025-09-09-at-16.43.35-420x280.jpeg 420w, https:\/\/portal.pi.gov.br\/seres\/wp-content\/uploads\/sites\/87\/2025\/09\/WhatsApp-Image-2025-09-09-at-16.43.35-540x360.jpeg 540w, https:\/\/portal.pi.gov.br\/seres\/wp-content\/uploads\/sites\/87\/2025\/09\/WhatsApp-Image-2025-09-09-at-16.43.35-780x520.jpeg 780w, https:\/\/portal.pi.gov.br\/seres\/wp-content\/uploads\/sites\/87\/2025\/09\/WhatsApp-Image-2025-09-09-at-16.43.35-1536x1024.jpeg 1536w, https:\/\/portal.pi.gov.br\/seres\/wp-content\/uploads\/sites\/87\/2025\/09\/WhatsApp-Image-2025-09-09-at-16.43.35-2048x1366.jpeg 2048w, https:\/\/portal.pi.gov.br\/seres\/wp-content\/uploads\/sites\/87\/2025\/09\/WhatsApp-Image-2025-09-09-at-16.43.35-947x631.jpeg 947w, https:\/\/portal.pi.gov.br\/seres\/wp-content\/uploads\/sites\/87\/2025\/09\/WhatsApp-Image-2025-09-09-at-16.43.35-624x416.jpeg 624w, https:\/\/portal.pi.gov.br\/seres\/wp-content\/uploads\/sites\/87\/2025\/09\/WhatsApp-Image-2025-09-09-at-16.43.35-84x56.jpeg 84w\" sizes=\"(max-width: 665px) 100vw, 665px\" \/><\/figure><\/div>\n\n\n<p><\/p>\n\n\n\n<p>O Programa de Or\u00e7amento Participativo (OPA)  tem se consolidado como uma das principais ferramentas de Participa\u00e7\u00e3o Social e fortalecimento da democracia e da gest\u00e3o compartilhada. Por meio do OPA, a popula\u00e7\u00e3o tem a oportunidade de definir diretamente onde ser\u00e3o aplicados recursos p\u00fablicos, escolhendo obras e projetos priorit\u00e1rios para suas comunidades. Al\u00e9m de aproximar o poder p\u00fablico da sociedade, o OPA estimula o exerc\u00edcio da cidadania e o engajamento comunit\u00e1rio.<\/p>\n\n\n\n<p>Nessa mesma perspectiva de ampliar os espa\u00e7os de escuta e di\u00e1logo com a sociedade, o Di\u00e1logo pelo Piau\u00ed permite que o governo ou\u00e7a a popula\u00e7\u00e3o e construa pol\u00edticas p\u00fablicas de forma participativa. As propostas s\u00e3o organizadas em sete eixos: sa\u00fade e bem-estar; educa\u00e7\u00e3o inclusiva e de qualidade; justi\u00e7a e seguran\u00e7a; redu\u00e7\u00e3o das desigualdades; infraestrutura, inclus\u00e3o produtiva e transi\u00e7\u00e3o energ\u00e9tica; desenvolvimento socioecon\u00f4mico; e mudan\u00e7as clim\u00e1ticas, meio ambiente e recursos h\u00eddricos. Em cada eixo, cinco pedidos foram avaliados e discutidos pelo governador.<\/p>\n\n\n<div class=\"wp-block-image\">\n<figure class=\"aligncenter size-large is-resized\"><img decoding=\"async\" loading=\"lazy\" src=\"https:\/\/portal.pi.gov.br\/seres\/wp-content\/uploads\/sites\/87\/2025\/09\/WhatsApp-Image-2025-09-03-at-16.11.46-1024x683.jpeg\" alt=\"\" class=\"wp-image-4493\" width=\"642\" height=\"428\" srcset=\"https:\/\/portal.pi.gov.br\/seres\/wp-content\/uploads\/sites\/87\/2025\/09\/WhatsApp-Image-2025-09-03-at-16.11.46-1024x683.jpeg 1024w, https:\/\/portal.pi.gov.br\/seres\/wp-content\/uploads\/sites\/87\/2025\/09\/WhatsApp-Image-2025-09-03-at-16.11.46-300x200.jpeg 300w, https:\/\/portal.pi.gov.br\/seres\/wp-content\/uploads\/sites\/87\/2025\/09\/WhatsApp-Image-2025-09-03-at-16.11.46-768x512.jpeg 768w, https:\/\/portal.pi.gov.br\/seres\/wp-content\/uploads\/sites\/87\/2025\/09\/WhatsApp-Image-2025-09-03-at-16.11.46-420x280.jpeg 420w, https:\/\/portal.pi.gov.br\/seres\/wp-content\/uploads\/sites\/87\/2025\/09\/WhatsApp-Image-2025-09-03-at-16.11.46-540x360.jpeg 540w, https:\/\/portal.pi.gov.br\/seres\/wp-content\/uploads\/sites\/87\/2025\/09\/WhatsApp-Image-2025-09-03-at-16.11.46-780x520.jpeg 780w, https:\/\/portal.pi.gov.br\/seres\/wp-content\/uploads\/sites\/87\/2025\/09\/WhatsApp-Image-2025-09-03-at-16.11.46-1536x1024.jpeg 1536w, https:\/\/portal.pi.gov.br\/seres\/wp-content\/uploads\/sites\/87\/2025\/09\/WhatsApp-Image-2025-09-03-at-16.11.46-2048x1366.jpeg 2048w, https:\/\/portal.pi.gov.br\/seres\/wp-content\/uploads\/sites\/87\/2025\/09\/WhatsApp-Image-2025-09-03-at-16.11.46-947x631.jpeg 947w, https:\/\/portal.pi.gov.br\/seres\/wp-content\/uploads\/sites\/87\/2025\/09\/WhatsApp-Image-2025-09-03-at-16.11.46-624x416.jpeg 624w, https:\/\/portal.pi.gov.br\/seres\/wp-content\/uploads\/sites\/87\/2025\/09\/WhatsApp-Image-2025-09-03-at-16.11.46-84x56.jpeg 84w\" sizes=\"(max-width: 642px) 100vw, 642px\" \/><\/figure><\/div>\n\n\n<p><\/p>\n\n\n\n<p>O encontro re\u00fane representantes de comunidades, associa\u00e7\u00f5es, movimentos sociais e gestores locais para debater demandas priorit\u00e1rias da regi\u00e3o. O Di\u00e1logo pelo Piau\u00ed tem percorrido diversas regi\u00f5es do estado, consolidando-se como uma pol\u00edtica de governo voltada para a transpar\u00eancia, participa\u00e7\u00e3o cidad\u00e3 e fortalecimento da democracia.<\/p>\n\n\n\n<p>Essas iniciativas demonstram que a participa\u00e7\u00e3o social vai al\u00e9m do ato de escolher prioridades: ela fortalece a democracia, d\u00e1 voz \u00e0s comunidades e promove uma gest\u00e3o p\u00fablica mais justa e transparente. Ao aproximar governo e sociedade, o Piau\u00ed reafirma o compromisso de construir pol\u00edticas que atendam \u00e0s reais necessidades da popula\u00e7\u00e3o, transformando di\u00e1logo em a\u00e7\u00f5es concretas e participa\u00e7\u00e3o em cidadania ativa.<\/p>\n\n\n\n<p>Rep\u00f3rter: Natalina Alves<\/p>\n\n\n\n<p><\/p>\n","protected":false},"excerpt":{"rendered":"<p>O Governo do Estado do Piau\u00ed, por meio da Secretaria de Estado das Rela\u00e7\u00f5es Sociais (SERES), tem fortalecido os canais de di\u00e1logo com a sociedade, promovendo uma gest\u00e3o mais participativa [&hellip;]<\/p>\n","protected":false},"author":1748,"featured_media":4489,"comment_status":"closed","ping_status":"closed","sticky":false,"template":"","format":"standard","meta":[],"categories":[34],"tags":[],"featured_image_urls":{"full":["https:\/\/portal.pi.gov.br\/seres\/wp-content\/uploads\/sites\/87\/2025\/09\/WhatsApp-Image-2025-09-03-at-15.35.15-scaled.jpeg",2560,1487,false],"thumbnail":["https:\/\/portal.pi.gov.br\/seres\/wp-content\/uploads\/sites\/87\/2025\/09\/WhatsApp-Image-2025-09-03-at-15.35.15-150x150.jpeg",150,150,true],"medium":["https:\/\/portal.pi.gov.br\/seres\/wp-content\/uploads\/sites\/87\/2025\/09\/WhatsApp-Image-2025-09-03-at-15.35.15-300x174.jpeg",300,174,true],"medium_large":["https:\/\/portal.pi.gov.br\/seres\/wp-content\/uploads\/sites\/87\/2025\/09\/WhatsApp-Image-2025-09-03-at-15.35.15-768x446.jpeg",768,446,true],"large":["https:\/\/portal.pi.gov.br\/seres\/wp-content\/uploads\/sites\/87\/2025\/09\/WhatsApp-Image-2025-09-03-at-15.35.15-1024x595.jpeg",887,515,true],"sgg-420":["https:\/\/portal.pi.gov.br\/seres\/wp-content\/uploads\/sites\/87\/2025\/09\/WhatsApp-Image-2025-09-03-at-15.35.15-420x244.jpeg",420,244,true],"sgg-540":["https:\/\/portal.pi.gov.br\/seres\/wp-content\/uploads\/sites\/87\/2025\/09\/WhatsApp-Image-2025-09-03-at-15.35.15-540x314.jpeg",540,314,true],"sgg-780":["https:\/\/portal.pi.gov.br\/seres\/wp-content\/uploads\/sites\/87\/2025\/09\/WhatsApp-Image-2025-09-03-at-15.35.15-780x453.jpeg",780,453,true],"1536x1536":["https:\/\/portal.pi.gov.br\/seres\/wp-content\/uploads\/sites\/87\/2025\/09\/WhatsApp-Image-2025-09-03-at-15.35.15-1536x892.jpeg",1536,892,true],"2048x2048":["https:\/\/portal.pi.gov.br\/seres\/wp-content\/uploads\/sites\/87\/2025\/09\/WhatsApp-Image-2025-09-03-at-15.35.15-2048x1190.jpeg",2048,1190,true],"homepage-slider":["https:\/\/portal.pi.gov.br\/seres\/wp-content\/uploads\/sites\/87\/2025\/09\/WhatsApp-Image-2025-09-03-at-15.35.15-1270x500.jpeg",1270,500,true],"homepage-slider-small":["https:\/\/portal.pi.gov.br\/seres\/wp-content\/uploads\/sites\/87\/2025\/09\/WhatsApp-Image-2025-09-03-at-15.35.15-947x500.jpeg",947,500,true],"page-top":["https:\/\/portal.pi.gov.br\/seres\/wp-content\/uploads\/sites\/87\/2025\/09\/WhatsApp-Image-2025-09-03-at-15.35.15-947x550.jpeg",947,550,true],"page-small":["https:\/\/portal.pi.gov.br\/seres\/wp-content\/uploads\/sites\/87\/2025\/09\/WhatsApp-Image-2025-09-03-at-15.35.15-624x363.jpeg",624,363,true],"loop-main":["https:\/\/portal.pi.gov.br\/seres\/wp-content\/uploads\/sites\/87\/2025\/09\/WhatsApp-Image-2025-09-03-at-15.35.15-365x240.jpeg",365,240,true],"thumb-gallery-widget":["https:\/\/portal.pi.gov.br\/seres\/wp-content\/uploads\/sites\/87\/2025\/09\/WhatsApp-Image-2025-09-03-at-15.35.15-84x56.jpeg",84,56,true]},"post_excerpt_stackable":"<p>O Governo do Estado do Piau\u00ed, por meio da Secretaria de Estado das Rela\u00e7\u00f5es Sociais (SERES), tem fortalecido os canais de di\u00e1logo com a sociedade, promovendo uma gest\u00e3o mais participativa e democr\u00e1tica. A escuta ativa da popula\u00e7\u00e3o tem se consolidado como ferramenta estrat\u00e9gica para a constru\u00e7\u00e3o de pol\u00edticas p\u00fablicas que refletem as reais necessidades dos piauienses. Entre os instrumentos utilizados, destacam-se as audi\u00eancias p\u00fablicas, conselhos, f\u00f3runs e confer\u00eancias estaduais tem\u00e1ticas. Est\u00e1 re\u00fane representantes da sociedade civil, movimentos sociais, entidades de classe e gestores p\u00fablicos para discutir prioridades em diferentes \u00e1reas. Nos \u00faltimos anos, foram realizadas confer\u00eancias como a Estadual de&hellip;<\/p>\n","category_list":"<a href=\"https:\/\/portal.pi.gov.br\/seres\/category\/noticias\/\" rel=\"category tag\">Not\u00edcias<\/a>","author_info":{"name":"natalina","url":"https:\/\/portal.pi.gov.br\/seres\/author\/natalina\/"},"comments_num":"0 coment\u00e1rio","featured_image_urls_v2":{"full":["https:\/\/portal.pi.gov.br\/seres\/wp-content\/uploads\/sites\/87\/2025\/09\/WhatsApp-Image-2025-09-03-at-15.35.15-scaled.jpeg",2560,1487,false],"thumbnail":["https:\/\/portal.pi.gov.br\/seres\/wp-content\/uploads\/sites\/87\/2025\/09\/WhatsApp-Image-2025-09-03-at-15.35.15-150x150.jpeg",150,150,true],"medium":["https:\/\/portal.pi.gov.br\/seres\/wp-content\/uploads\/sites\/87\/2025\/09\/WhatsApp-Image-2025-09-03-at-15.35.15-300x174.jpeg",300,174,true],"medium_large":["https:\/\/portal.pi.gov.br\/seres\/wp-content\/uploads\/sites\/87\/2025\/09\/WhatsApp-Image-2025-09-03-at-15.35.15-768x446.jpeg",768,446,true],"large":["https:\/\/portal.pi.gov.br\/seres\/wp-content\/uploads\/sites\/87\/2025\/09\/WhatsApp-Image-2025-09-03-at-15.35.15-1024x595.jpeg",887,515,true],"sgg-420":["https:\/\/portal.pi.gov.br\/seres\/wp-content\/uploads\/sites\/87\/2025\/09\/WhatsApp-Image-2025-09-03-at-15.35.15-420x244.jpeg",420,244,true],"sgg-540":["https:\/\/portal.pi.gov.br\/seres\/wp-content\/uploads\/sites\/87\/2025\/09\/WhatsApp-Image-2025-09-03-at-15.35.15-540x314.jpeg",540,314,true],"sgg-780":["https:\/\/portal.pi.gov.br\/seres\/wp-content\/uploads\/sites\/87\/2025\/09\/WhatsApp-Image-2025-09-03-at-15.35.15-780x453.jpeg",780,453,true],"1536x1536":["https:\/\/portal.pi.gov.br\/seres\/wp-content\/uploads\/sites\/87\/2025\/09\/WhatsApp-Image-2025-09-03-at-15.35.15-1536x892.jpeg",1536,892,true],"2048x2048":["https:\/\/portal.pi.gov.br\/seres\/wp-content\/uploads\/sites\/87\/2025\/09\/WhatsApp-Image-2025-09-03-at-15.35.15-2048x1190.jpeg",2048,1190,true],"homepage-slider":["https:\/\/portal.pi.gov.br\/seres\/wp-content\/uploads\/sites\/87\/2025\/09\/WhatsApp-Image-2025-09-03-at-15.35.15-1270x500.jpeg",1270,500,true],"homepage-slider-small":["https:\/\/portal.pi.gov.br\/seres\/wp-content\/uploads\/sites\/87\/2025\/09\/WhatsApp-Image-2025-09-03-at-15.35.15-947x500.jpeg",947,500,true],"page-top":["https:\/\/portal.pi.gov.br\/seres\/wp-content\/uploads\/sites\/87\/2025\/09\/WhatsApp-Image-2025-09-03-at-15.35.15-947x550.jpeg",947,550,true],"page-small":["https:\/\/portal.pi.gov.br\/seres\/wp-content\/uploads\/sites\/87\/2025\/09\/WhatsApp-Image-2025-09-03-at-15.35.15-624x363.jpeg",624,363,true],"loop-main":["https:\/\/portal.pi.gov.br\/seres\/wp-content\/uploads\/sites\/87\/2025\/09\/WhatsApp-Image-2025-09-03-at-15.35.15-365x240.jpeg",365,240,true],"thumb-gallery-widget":["https:\/\/portal.pi.gov.br\/seres\/wp-content\/uploads\/sites\/87\/2025\/09\/WhatsApp-Image-2025-09-03-at-15.35.15-84x56.jpeg",84,56,true]},"post_excerpt_stackable_v2":"<p>O Governo do Estado do Piau\u00ed, por meio da Secretaria de Estado das Rela\u00e7\u00f5es Sociais (SERES), tem fortalecido os canais de di\u00e1logo com a sociedade, promovendo uma gest\u00e3o mais participativa e democr\u00e1tica. A escuta ativa da popula\u00e7\u00e3o tem se consolidado como ferramenta estrat\u00e9gica para a constru\u00e7\u00e3o de pol\u00edticas p\u00fablicas que refletem as reais necessidades dos piauienses. Entre os instrumentos utilizados, destacam-se as audi\u00eancias p\u00fablicas, conselhos, f\u00f3runs e confer\u00eancias estaduais tem\u00e1ticas. Est\u00e1 re\u00fane representantes da sociedade civil, movimentos sociais, entidades de classe e gestores p\u00fablicos para discutir prioridades em diferentes \u00e1reas. Nos \u00faltimos anos, foram realizadas confer\u00eancias como a Estadual de&hellip;<\/p>\n","category_list_v2":"<a href=\"https:\/\/portal.pi.gov.br\/seres\/category\/noticias\/\" rel=\"category tag\">Not\u00edcias<\/a>","author_info_v2":{"name":"natalina","url":"https:\/\/portal.pi.gov.br\/seres\/author\/natalina\/"},"comments_num_v2":"0 coment\u00e1rio","jetpack_featured_media_url":"https:\/\/portal.pi.gov.br\/seres\/wp-content\/uploads\/sites\/87\/2025\/09\/WhatsApp-Image-2025-09-03-at-15.35.15-scaled.jpeg","_links":{"self":[{"href":"https:\/\/portal.pi.gov.br\/seres\/wp-json\/wp\/v2\/posts\/4479"}],"collection":[{"href":"https:\/\/portal.pi.gov.br\/seres\/wp-json\/wp\/v2\/posts"}],"about":[{"href":"https:\/\/portal.pi.gov.br\/seres\/wp-json\/wp\/v2\/types\/post"}],"author":[{"embeddable":true,"href":"https:\/\/portal.pi.gov.br\/seres\/wp-json\/wp\/v2\/users\/1748"}],"replies":[{"embeddable":true,"href":"https:\/\/portal.pi.gov.br\/seres\/wp-json\/wp\/v2\/comments?post=4479"}],"version-history":[{"count":15,"href":"https:\/\/portal.pi.gov.br\/seres\/wp-json\/wp\/v2\/posts\/4479\/revisions"}],"predecessor-version":[{"id":4513,"href":"https:\/\/portal.pi.gov.br\/seres\/wp-json\/wp\/v2\/posts\/4479\/revisions\/4513"}],"wp:featuredmedia":[{"embeddable":true,"href":"https:\/\/portal.pi.gov.br\/seres\/wp-json\/wp\/v2\/media\/4489"}],"wp:attachment":[{"href":"https:\/\/portal.pi.gov.br\/seres\/wp-json\/wp\/v2\/media?parent=4479"}],"wp:term":[{"taxonomy":"category","embeddable":true,"href":"https:\/\/portal.pi.gov.br\/seres\/wp-json\/wp\/v2\/categories?post=4479"},{"taxonomy":"post_tag","embeddable":true,"href":"https:\/\/portal.pi.gov.br\/seres\/wp-json\/wp\/v2\/tags?post=4479"}],"curies":[{"name":"wp","href":"https:\/\/api.w.org\/{rel}","templated":true}]}}