{"id":4553,"date":"2025-09-16T14:03:01","date_gmt":"2025-09-16T17:03:01","guid":{"rendered":"https:\/\/portal.pi.gov.br\/seres\/?p=4553"},"modified":"2025-09-16T14:05:43","modified_gmt":"2025-09-16T17:05:43","slug":"orcamento-participativo-digital-traz-videoteca-para-a-santa-maria-da-codipi","status":"publish","type":"post","link":"https:\/\/portal.pi.gov.br\/seres\/2025\/09\/16\/orcamento-participativo-digital-traz-videoteca-para-a-santa-maria-da-codipi\/","title":{"rendered":"Or\u00e7amento Participativo Digital traz videoteca para a Santa Maria da Codipi"},"content":{"rendered":"\n<p><\/p>\n\n\n\n<p>A obra foi escolhida diretamente pela popula\u00e7\u00e3o e proposta pela Uni\u00e3o Jovem do Piau\u00ed durante a edi\u00e7\u00e3o 2023-2024 do OPA.<\/p>\n\n\n\n<p><\/p>\n\n\n\n<figure class=\"wp-block-image size-large\"><img decoding=\"async\" loading=\"lazy\" width=\"1024\" height=\"683\" src=\"https:\/\/portal.pi.gov.br\/seres\/wp-content\/uploads\/sites\/87\/2025\/09\/WhatsApp-Image-2025-09-16-at-11.49.20-2048x1366-1-1024x683.jpeg\" alt=\"\" class=\"wp-image-4552\" srcset=\"https:\/\/portal.pi.gov.br\/seres\/wp-content\/uploads\/sites\/87\/2025\/09\/WhatsApp-Image-2025-09-16-at-11.49.20-2048x1366-1-1024x683.jpeg 1024w, https:\/\/portal.pi.gov.br\/seres\/wp-content\/uploads\/sites\/87\/2025\/09\/WhatsApp-Image-2025-09-16-at-11.49.20-2048x1366-1-300x200.jpeg 300w, https:\/\/portal.pi.gov.br\/seres\/wp-content\/uploads\/sites\/87\/2025\/09\/WhatsApp-Image-2025-09-16-at-11.49.20-2048x1366-1-768x512.jpeg 768w, https:\/\/portal.pi.gov.br\/seres\/wp-content\/uploads\/sites\/87\/2025\/09\/WhatsApp-Image-2025-09-16-at-11.49.20-2048x1366-1-420x280.jpeg 420w, https:\/\/portal.pi.gov.br\/seres\/wp-content\/uploads\/sites\/87\/2025\/09\/WhatsApp-Image-2025-09-16-at-11.49.20-2048x1366-1-540x360.jpeg 540w, https:\/\/portal.pi.gov.br\/seres\/wp-content\/uploads\/sites\/87\/2025\/09\/WhatsApp-Image-2025-09-16-at-11.49.20-2048x1366-1-780x520.jpeg 780w, https:\/\/portal.pi.gov.br\/seres\/wp-content\/uploads\/sites\/87\/2025\/09\/WhatsApp-Image-2025-09-16-at-11.49.20-2048x1366-1-1536x1025.jpeg 1536w, https:\/\/portal.pi.gov.br\/seres\/wp-content\/uploads\/sites\/87\/2025\/09\/WhatsApp-Image-2025-09-16-at-11.49.20-2048x1366-1-947x632.jpeg 947w, https:\/\/portal.pi.gov.br\/seres\/wp-content\/uploads\/sites\/87\/2025\/09\/WhatsApp-Image-2025-09-16-at-11.49.20-2048x1366-1-624x416.jpeg 624w, https:\/\/portal.pi.gov.br\/seres\/wp-content\/uploads\/sites\/87\/2025\/09\/WhatsApp-Image-2025-09-16-at-11.49.20-2048x1366-1-84x56.jpeg 84w, https:\/\/portal.pi.gov.br\/seres\/wp-content\/uploads\/sites\/87\/2025\/09\/WhatsApp-Image-2025-09-16-at-11.49.20-2048x1366-1.jpeg 2048w\" sizes=\"(max-width: 1024px) 100vw, 1024px\" \/><\/figure>\n\n\n\n<p><\/p>\n\n\n\n<p><\/p>\n\n\n\n<p>O bairro Santa Maria da Codipi, na zona norte de Teresina recebeu, nesta ter\u00e7a-feira (16), o novo espa\u00e7o voltado para cultura, lazer e forma\u00e7\u00e3o: a videoteca da Santa Maria da Codipi, constru\u00edda com recursos do Or\u00e7amento Participativo Digital (OPA) e executada pela Secretaria da Cultura (Secult).<\/p>\n\n\n\n<p>A obra foi escolhida diretamente pela popula\u00e7\u00e3o e proposta pela Uni\u00e3o Jovem do Piau\u00ed durante a edi\u00e7\u00e3o 2023-2024 do OPA, sendo eleita com 589 votos. O investimento de R$ 333.242,89 garantiu a constru\u00e7\u00e3o de um espa\u00e7o que conta com sala de treinamento e sala de proje\u00e7\u00e3o, abrindo novas oportunidades de acesso \u00e0 cultura e \u00e0 informa\u00e7\u00e3o.<\/p>\n\n\n\n<p>A secret\u00e1ria de Rela\u00e7\u00f5es Sociais, N\u00fabia Lopes, enfatizou o protagonismo da popula\u00e7\u00e3o no processo. \u201cO OPA mostra, mais uma vez, a for\u00e7a da participa\u00e7\u00e3o cidad\u00e3. Foi a pr\u00f3pria comunidade que escolheu essa obra, votou e hoje colhe o resultado. Esse \u00e9 o grande diferencial do programa, dar voz \u00e0s pessoas e transformar seus desejos em realidade\u201d, disse a gestora.<\/p>\n\n\n\n<p><\/p>\n\n\n\n<figure class=\"wp-block-gallery has-nested-images columns-default is-cropped wp-block-gallery-1 is-layout-flex\">\n<figure class=\"wp-block-image size-large\"><img decoding=\"async\" loading=\"lazy\" width=\"1024\" height=\"768\" data-id=\"4547\"  src=\"https:\/\/portal.pi.gov.br\/seres\/wp-content\/uploads\/sites\/87\/2025\/09\/a97b9c26-d67b-442a-9308-4bd8021e0e8e-1024x768.jpeg\" alt=\"\" class=\"wp-image-4547\" srcset=\"https:\/\/portal.pi.gov.br\/seres\/wp-content\/uploads\/sites\/87\/2025\/09\/a97b9c26-d67b-442a-9308-4bd8021e0e8e-1024x768.jpeg 1024w, https:\/\/portal.pi.gov.br\/seres\/wp-content\/uploads\/sites\/87\/2025\/09\/a97b9c26-d67b-442a-9308-4bd8021e0e8e-300x225.jpeg 300w, https:\/\/portal.pi.gov.br\/seres\/wp-content\/uploads\/sites\/87\/2025\/09\/a97b9c26-d67b-442a-9308-4bd8021e0e8e-768x576.jpeg 768w, https:\/\/portal.pi.gov.br\/seres\/wp-content\/uploads\/sites\/87\/2025\/09\/a97b9c26-d67b-442a-9308-4bd8021e0e8e-420x315.jpeg 420w, https:\/\/portal.pi.gov.br\/seres\/wp-content\/uploads\/sites\/87\/2025\/09\/a97b9c26-d67b-442a-9308-4bd8021e0e8e-540x405.jpeg 540w, https:\/\/portal.pi.gov.br\/seres\/wp-content\/uploads\/sites\/87\/2025\/09\/a97b9c26-d67b-442a-9308-4bd8021e0e8e-780x585.jpeg 780w, https:\/\/portal.pi.gov.br\/seres\/wp-content\/uploads\/sites\/87\/2025\/09\/a97b9c26-d67b-442a-9308-4bd8021e0e8e-1536x1152.jpeg 1536w, https:\/\/portal.pi.gov.br\/seres\/wp-content\/uploads\/sites\/87\/2025\/09\/a97b9c26-d67b-442a-9308-4bd8021e0e8e-2048x1536.jpeg 2048w, https:\/\/portal.pi.gov.br\/seres\/wp-content\/uploads\/sites\/87\/2025\/09\/a97b9c26-d67b-442a-9308-4bd8021e0e8e-947x710.jpeg 947w, https:\/\/portal.pi.gov.br\/seres\/wp-content\/uploads\/sites\/87\/2025\/09\/a97b9c26-d67b-442a-9308-4bd8021e0e8e-624x468.jpeg 624w\" sizes=\"(max-width: 1024px) 100vw, 1024px\" \/><\/figure>\n<\/figure>\n\n\n\n<p><\/p>\n\n\n\n<p>Para Francisco Pereira, presidente da entidade proponente, a videoteca \u00e9 um sonho realizado. \u201cEsse espa\u00e7o representa a vit\u00f3ria da comunidade. Lutamos por ele, acreditamos e hoje estamos recebendo um equipamento que vai transformar a vida dos jovens e das fam\u00edlias da Santa Maria da Codipi. Cultura \u00e9 oportunidade, \u00e9 inclus\u00e3o, \u00e9 futuro, e s\u00f3 temos a agradecer ao Governo do Estado e ao OPA por nos ouvir\u201d, destacou o representante.<\/p>\n\n\n\n<p>A inaugura\u00e7\u00e3o teve as presen\u00e7as do secret\u00e1rio de Cultura, Rodrigo Amorim,  do deputado estadual F\u00e1bio Novo, dos representantes da Uni\u00e3o Jovem e da sociedade civil. <\/p>\n\n\n\n<p><\/p>\n\n\n\n<figure class=\"wp-block-gallery has-nested-images columns-default is-cropped wp-block-gallery-3 is-layout-flex\">\n<figure class=\"wp-block-image size-large\"><img decoding=\"async\" loading=\"lazy\" width=\"1024\" height=\"768\" data-id=\"4548\"  src=\"https:\/\/portal.pi.gov.br\/seres\/wp-content\/uploads\/sites\/87\/2025\/09\/c7756752-237d-4ebe-92ce-6ebb393aafcd-1024x768.jpeg\" alt=\"\" class=\"wp-image-4548\" srcset=\"https:\/\/portal.pi.gov.br\/seres\/wp-content\/uploads\/sites\/87\/2025\/09\/c7756752-237d-4ebe-92ce-6ebb393aafcd-1024x768.jpeg 1024w, https:\/\/portal.pi.gov.br\/seres\/wp-content\/uploads\/sites\/87\/2025\/09\/c7756752-237d-4ebe-92ce-6ebb393aafcd-300x225.jpeg 300w, https:\/\/portal.pi.gov.br\/seres\/wp-content\/uploads\/sites\/87\/2025\/09\/c7756752-237d-4ebe-92ce-6ebb393aafcd-768x576.jpeg 768w, https:\/\/portal.pi.gov.br\/seres\/wp-content\/uploads\/sites\/87\/2025\/09\/c7756752-237d-4ebe-92ce-6ebb393aafcd-420x315.jpeg 420w, https:\/\/portal.pi.gov.br\/seres\/wp-content\/uploads\/sites\/87\/2025\/09\/c7756752-237d-4ebe-92ce-6ebb393aafcd-540x405.jpeg 540w, https:\/\/portal.pi.gov.br\/seres\/wp-content\/uploads\/sites\/87\/2025\/09\/c7756752-237d-4ebe-92ce-6ebb393aafcd-780x585.jpeg 780w, https:\/\/portal.pi.gov.br\/seres\/wp-content\/uploads\/sites\/87\/2025\/09\/c7756752-237d-4ebe-92ce-6ebb393aafcd-1536x1152.jpeg 1536w, https:\/\/portal.pi.gov.br\/seres\/wp-content\/uploads\/sites\/87\/2025\/09\/c7756752-237d-4ebe-92ce-6ebb393aafcd-2048x1536.jpeg 2048w, https:\/\/portal.pi.gov.br\/seres\/wp-content\/uploads\/sites\/87\/2025\/09\/c7756752-237d-4ebe-92ce-6ebb393aafcd-947x710.jpeg 947w, https:\/\/portal.pi.gov.br\/seres\/wp-content\/uploads\/sites\/87\/2025\/09\/c7756752-237d-4ebe-92ce-6ebb393aafcd-624x468.jpeg 624w\" sizes=\"(max-width: 1024px) 100vw, 1024px\" \/><\/figure>\n\n\n\n<figure class=\"wp-block-image size-large\"><img decoding=\"async\" loading=\"lazy\" width=\"1024\" height=\"768\" data-id=\"4546\"  src=\"https:\/\/portal.pi.gov.br\/seres\/wp-content\/uploads\/sites\/87\/2025\/09\/24644884-f750-4603-b328-4a23d8df61ab-1024x768.jpeg\" alt=\"\" class=\"wp-image-4546\" srcset=\"https:\/\/portal.pi.gov.br\/seres\/wp-content\/uploads\/sites\/87\/2025\/09\/24644884-f750-4603-b328-4a23d8df61ab-1024x768.jpeg 1024w, https:\/\/portal.pi.gov.br\/seres\/wp-content\/uploads\/sites\/87\/2025\/09\/24644884-f750-4603-b328-4a23d8df61ab-300x225.jpeg 300w, https:\/\/portal.pi.gov.br\/seres\/wp-content\/uploads\/sites\/87\/2025\/09\/24644884-f750-4603-b328-4a23d8df61ab-768x576.jpeg 768w, https:\/\/portal.pi.gov.br\/seres\/wp-content\/uploads\/sites\/87\/2025\/09\/24644884-f750-4603-b328-4a23d8df61ab-420x315.jpeg 420w, https:\/\/portal.pi.gov.br\/seres\/wp-content\/uploads\/sites\/87\/2025\/09\/24644884-f750-4603-b328-4a23d8df61ab-540x405.jpeg 540w, https:\/\/portal.pi.gov.br\/seres\/wp-content\/uploads\/sites\/87\/2025\/09\/24644884-f750-4603-b328-4a23d8df61ab-780x585.jpeg 780w, https:\/\/portal.pi.gov.br\/seres\/wp-content\/uploads\/sites\/87\/2025\/09\/24644884-f750-4603-b328-4a23d8df61ab-1536x1152.jpeg 1536w, https:\/\/portal.pi.gov.br\/seres\/wp-content\/uploads\/sites\/87\/2025\/09\/24644884-f750-4603-b328-4a23d8df61ab-2048x1536.jpeg 2048w, https:\/\/portal.pi.gov.br\/seres\/wp-content\/uploads\/sites\/87\/2025\/09\/24644884-f750-4603-b328-4a23d8df61ab-947x710.jpeg 947w, https:\/\/portal.pi.gov.br\/seres\/wp-content\/uploads\/sites\/87\/2025\/09\/24644884-f750-4603-b328-4a23d8df61ab-624x468.jpeg 624w\" sizes=\"(max-width: 1024px) 100vw, 1024px\" \/><\/figure>\n\n\n\n<figure class=\"wp-block-image size-large\"><img decoding=\"async\" loading=\"lazy\" width=\"1024\" height=\"768\" data-id=\"4545\"  src=\"https:\/\/portal.pi.gov.br\/seres\/wp-content\/uploads\/sites\/87\/2025\/09\/9f8f446b-853e-4bb0-9999-32e1b83c245f-1024x768.jpeg\" alt=\"\" class=\"wp-image-4545\" srcset=\"https:\/\/portal.pi.gov.br\/seres\/wp-content\/uploads\/sites\/87\/2025\/09\/9f8f446b-853e-4bb0-9999-32e1b83c245f-1024x768.jpeg 1024w, https:\/\/portal.pi.gov.br\/seres\/wp-content\/uploads\/sites\/87\/2025\/09\/9f8f446b-853e-4bb0-9999-32e1b83c245f-300x225.jpeg 300w, https:\/\/portal.pi.gov.br\/seres\/wp-content\/uploads\/sites\/87\/2025\/09\/9f8f446b-853e-4bb0-9999-32e1b83c245f-768x576.jpeg 768w, https:\/\/portal.pi.gov.br\/seres\/wp-content\/uploads\/sites\/87\/2025\/09\/9f8f446b-853e-4bb0-9999-32e1b83c245f-420x315.jpeg 420w, https:\/\/portal.pi.gov.br\/seres\/wp-content\/uploads\/sites\/87\/2025\/09\/9f8f446b-853e-4bb0-9999-32e1b83c245f-540x405.jpeg 540w, https:\/\/portal.pi.gov.br\/seres\/wp-content\/uploads\/sites\/87\/2025\/09\/9f8f446b-853e-4bb0-9999-32e1b83c245f-780x585.jpeg 780w, https:\/\/portal.pi.gov.br\/seres\/wp-content\/uploads\/sites\/87\/2025\/09\/9f8f446b-853e-4bb0-9999-32e1b83c245f-1536x1152.jpeg 1536w, https:\/\/portal.pi.gov.br\/seres\/wp-content\/uploads\/sites\/87\/2025\/09\/9f8f446b-853e-4bb0-9999-32e1b83c245f-2048x1536.jpeg 2048w, https:\/\/portal.pi.gov.br\/seres\/wp-content\/uploads\/sites\/87\/2025\/09\/9f8f446b-853e-4bb0-9999-32e1b83c245f-947x710.jpeg 947w, https:\/\/portal.pi.gov.br\/seres\/wp-content\/uploads\/sites\/87\/2025\/09\/9f8f446b-853e-4bb0-9999-32e1b83c245f-624x468.jpeg 624w\" sizes=\"(max-width: 1024px) 100vw, 1024px\" \/><\/figure>\n\n\n\n<figure class=\"wp-block-image size-large\"><img decoding=\"async\" loading=\"lazy\" width=\"1024\" height=\"683\" data-id=\"4551\"  src=\"https:\/\/portal.pi.gov.br\/seres\/wp-content\/uploads\/sites\/87\/2025\/09\/videoteca-santa-maria-da-codipi-10-2048x1365-1-1024x683.jpg\" alt=\"\" class=\"wp-image-4551\" srcset=\"https:\/\/portal.pi.gov.br\/seres\/wp-content\/uploads\/sites\/87\/2025\/09\/videoteca-santa-maria-da-codipi-10-2048x1365-1-1024x683.jpg 1024w, https:\/\/portal.pi.gov.br\/seres\/wp-content\/uploads\/sites\/87\/2025\/09\/videoteca-santa-maria-da-codipi-10-2048x1365-1-300x200.jpg 300w, https:\/\/portal.pi.gov.br\/seres\/wp-content\/uploads\/sites\/87\/2025\/09\/videoteca-santa-maria-da-codipi-10-2048x1365-1-768x512.jpg 768w, https:\/\/portal.pi.gov.br\/seres\/wp-content\/uploads\/sites\/87\/2025\/09\/videoteca-santa-maria-da-codipi-10-2048x1365-1-420x280.jpg 420w, https:\/\/portal.pi.gov.br\/seres\/wp-content\/uploads\/sites\/87\/2025\/09\/videoteca-santa-maria-da-codipi-10-2048x1365-1-540x360.jpg 540w, https:\/\/portal.pi.gov.br\/seres\/wp-content\/uploads\/sites\/87\/2025\/09\/videoteca-santa-maria-da-codipi-10-2048x1365-1-780x520.jpg 780w, https:\/\/portal.pi.gov.br\/seres\/wp-content\/uploads\/sites\/87\/2025\/09\/videoteca-santa-maria-da-codipi-10-2048x1365-1-1536x1024.jpg 1536w, https:\/\/portal.pi.gov.br\/seres\/wp-content\/uploads\/sites\/87\/2025\/09\/videoteca-santa-maria-da-codipi-10-2048x1365-1-947x631.jpg 947w, https:\/\/portal.pi.gov.br\/seres\/wp-content\/uploads\/sites\/87\/2025\/09\/videoteca-santa-maria-da-codipi-10-2048x1365-1-624x416.jpg 624w, https:\/\/portal.pi.gov.br\/seres\/wp-content\/uploads\/sites\/87\/2025\/09\/videoteca-santa-maria-da-codipi-10-2048x1365-1-84x56.jpg 84w, https:\/\/portal.pi.gov.br\/seres\/wp-content\/uploads\/sites\/87\/2025\/09\/videoteca-santa-maria-da-codipi-10-2048x1365-1.jpg 2048w\" sizes=\"(max-width: 1024px) 100vw, 1024px\" \/><\/figure>\n\n\n\n<figure class=\"wp-block-image size-large\"><img decoding=\"async\" loading=\"lazy\" width=\"1024\" height=\"768\" data-id=\"4549\"  src=\"https:\/\/portal.pi.gov.br\/seres\/wp-content\/uploads\/sites\/87\/2025\/09\/f2f98019-3e73-4244-9057-e95077bc13bf-1024x768.jpeg\" alt=\"\" class=\"wp-image-4549\" srcset=\"https:\/\/portal.pi.gov.br\/seres\/wp-content\/uploads\/sites\/87\/2025\/09\/f2f98019-3e73-4244-9057-e95077bc13bf-1024x768.jpeg 1024w, https:\/\/portal.pi.gov.br\/seres\/wp-content\/uploads\/sites\/87\/2025\/09\/f2f98019-3e73-4244-9057-e95077bc13bf-300x225.jpeg 300w, https:\/\/portal.pi.gov.br\/seres\/wp-content\/uploads\/sites\/87\/2025\/09\/f2f98019-3e73-4244-9057-e95077bc13bf-768x576.jpeg 768w, https:\/\/portal.pi.gov.br\/seres\/wp-content\/uploads\/sites\/87\/2025\/09\/f2f98019-3e73-4244-9057-e95077bc13bf-420x315.jpeg 420w, https:\/\/portal.pi.gov.br\/seres\/wp-content\/uploads\/sites\/87\/2025\/09\/f2f98019-3e73-4244-9057-e95077bc13bf-540x405.jpeg 540w, https:\/\/portal.pi.gov.br\/seres\/wp-content\/uploads\/sites\/87\/2025\/09\/f2f98019-3e73-4244-9057-e95077bc13bf-780x585.jpeg 780w, https:\/\/portal.pi.gov.br\/seres\/wp-content\/uploads\/sites\/87\/2025\/09\/f2f98019-3e73-4244-9057-e95077bc13bf-1536x1152.jpeg 1536w, https:\/\/portal.pi.gov.br\/seres\/wp-content\/uploads\/sites\/87\/2025\/09\/f2f98019-3e73-4244-9057-e95077bc13bf-2048x1536.jpeg 2048w, https:\/\/portal.pi.gov.br\/seres\/wp-content\/uploads\/sites\/87\/2025\/09\/f2f98019-3e73-4244-9057-e95077bc13bf-947x710.jpeg 947w, https:\/\/portal.pi.gov.br\/seres\/wp-content\/uploads\/sites\/87\/2025\/09\/f2f98019-3e73-4244-9057-e95077bc13bf-624x468.jpeg 624w\" sizes=\"(max-width: 1024px) 100vw, 1024px\" \/><\/figure>\n\n\n\n<figure class=\"wp-block-image size-large\"><img decoding=\"async\" loading=\"lazy\" width=\"1024\" height=\"768\" data-id=\"4544\"  src=\"https:\/\/portal.pi.gov.br\/seres\/wp-content\/uploads\/sites\/87\/2025\/09\/2d9345a0-9e99-48b3-a987-39a9c0873338-1024x768.jpeg\" alt=\"\" class=\"wp-image-4544\" srcset=\"https:\/\/portal.pi.gov.br\/seres\/wp-content\/uploads\/sites\/87\/2025\/09\/2d9345a0-9e99-48b3-a987-39a9c0873338-1024x768.jpeg 1024w, https:\/\/portal.pi.gov.br\/seres\/wp-content\/uploads\/sites\/87\/2025\/09\/2d9345a0-9e99-48b3-a987-39a9c0873338-300x225.jpeg 300w, https:\/\/portal.pi.gov.br\/seres\/wp-content\/uploads\/sites\/87\/2025\/09\/2d9345a0-9e99-48b3-a987-39a9c0873338-768x576.jpeg 768w, https:\/\/portal.pi.gov.br\/seres\/wp-content\/uploads\/sites\/87\/2025\/09\/2d9345a0-9e99-48b3-a987-39a9c0873338-420x315.jpeg 420w, https:\/\/portal.pi.gov.br\/seres\/wp-content\/uploads\/sites\/87\/2025\/09\/2d9345a0-9e99-48b3-a987-39a9c0873338-540x405.jpeg 540w, https:\/\/portal.pi.gov.br\/seres\/wp-content\/uploads\/sites\/87\/2025\/09\/2d9345a0-9e99-48b3-a987-39a9c0873338-780x585.jpeg 780w, https:\/\/portal.pi.gov.br\/seres\/wp-content\/uploads\/sites\/87\/2025\/09\/2d9345a0-9e99-48b3-a987-39a9c0873338-1536x1152.jpeg 1536w, https:\/\/portal.pi.gov.br\/seres\/wp-content\/uploads\/sites\/87\/2025\/09\/2d9345a0-9e99-48b3-a987-39a9c0873338-2048x1536.jpeg 2048w, https:\/\/portal.pi.gov.br\/seres\/wp-content\/uploads\/sites\/87\/2025\/09\/2d9345a0-9e99-48b3-a987-39a9c0873338-947x710.jpeg 947w, https:\/\/portal.pi.gov.br\/seres\/wp-content\/uploads\/sites\/87\/2025\/09\/2d9345a0-9e99-48b3-a987-39a9c0873338-624x468.jpeg 624w\" sizes=\"(max-width: 1024px) 100vw, 1024px\" \/><\/figure>\n<\/figure>\n\n\n\n<p><\/p>\n\n\n\n<p><\/p>\n\n\n\n<p>Fotos: Ascom Seplan e Natalina Alves<\/p>\n","protected":false},"excerpt":{"rendered":"<p>A obra foi escolhida diretamente pela popula\u00e7\u00e3o e proposta pela Uni\u00e3o Jovem do Piau\u00ed durante a edi\u00e7\u00e3o 2023-2024 do OPA. O bairro Santa Maria da Codipi, na zona norte de [&hellip;]<\/p>\n","protected":false},"author":1821,"featured_media":4555,"comment_status":"closed","ping_status":"closed","sticky":true,"template":"","format":"standard","meta":[],"categories":[34],"tags":[62,47,41],"featured_image_urls":{"full":["https:\/\/portal.pi.gov.br\/seres\/wp-content\/uploads\/sites\/87\/2025\/09\/6fad87c7-8e25-4622-b6e8-a04bbcebc05e-scaled.jpeg",2560,1173,false],"thumbnail":["https:\/\/portal.pi.gov.br\/seres\/wp-content\/uploads\/sites\/87\/2025\/09\/6fad87c7-8e25-4622-b6e8-a04bbcebc05e-150x150.jpeg",150,150,true],"medium":["https:\/\/portal.pi.gov.br\/seres\/wp-content\/uploads\/sites\/87\/2025\/09\/6fad87c7-8e25-4622-b6e8-a04bbcebc05e-300x137.jpeg",300,137,true],"medium_large":["https:\/\/portal.pi.gov.br\/seres\/wp-content\/uploads\/sites\/87\/2025\/09\/6fad87c7-8e25-4622-b6e8-a04bbcebc05e-768x352.jpeg",768,352,true],"large":["https:\/\/portal.pi.gov.br\/seres\/wp-content\/uploads\/sites\/87\/2025\/09\/6fad87c7-8e25-4622-b6e8-a04bbcebc05e-1024x469.jpeg",887,406,true],"sgg-420":["https:\/\/portal.pi.gov.br\/seres\/wp-content\/uploads\/sites\/87\/2025\/09\/6fad87c7-8e25-4622-b6e8-a04bbcebc05e-420x192.jpeg",420,192,true],"sgg-540":["https:\/\/portal.pi.gov.br\/seres\/wp-content\/uploads\/sites\/87\/2025\/09\/6fad87c7-8e25-4622-b6e8-a04bbcebc05e-540x247.jpeg",540,247,true],"sgg-780":["https:\/\/portal.pi.gov.br\/seres\/wp-content\/uploads\/sites\/87\/2025\/09\/6fad87c7-8e25-4622-b6e8-a04bbcebc05e-780x357.jpeg",780,357,true],"1536x1536":["https:\/\/portal.pi.gov.br\/seres\/wp-content\/uploads\/sites\/87\/2025\/09\/6fad87c7-8e25-4622-b6e8-a04bbcebc05e-1536x704.jpeg",1536,704,true],"2048x2048":["https:\/\/portal.pi.gov.br\/seres\/wp-content\/uploads\/sites\/87\/2025\/09\/6fad87c7-8e25-4622-b6e8-a04bbcebc05e-2048x938.jpeg",2048,938,true],"homepage-slider":["https:\/\/portal.pi.gov.br\/seres\/wp-content\/uploads\/sites\/87\/2025\/09\/6fad87c7-8e25-4622-b6e8-a04bbcebc05e-1270x500.jpeg",1270,500,true],"homepage-slider-small":["https:\/\/portal.pi.gov.br\/seres\/wp-content\/uploads\/sites\/87\/2025\/09\/6fad87c7-8e25-4622-b6e8-a04bbcebc05e-947x500.jpeg",947,500,true],"page-top":["https:\/\/portal.pi.gov.br\/seres\/wp-content\/uploads\/sites\/87\/2025\/09\/6fad87c7-8e25-4622-b6e8-a04bbcebc05e-947x434.jpeg",947,434,true],"page-small":["https:\/\/portal.pi.gov.br\/seres\/wp-content\/uploads\/sites\/87\/2025\/09\/6fad87c7-8e25-4622-b6e8-a04bbcebc05e-624x286.jpeg",624,286,true],"loop-main":["https:\/\/portal.pi.gov.br\/seres\/wp-content\/uploads\/sites\/87\/2025\/09\/6fad87c7-8e25-4622-b6e8-a04bbcebc05e-365x240.jpeg",365,240,true],"thumb-gallery-widget":["https:\/\/portal.pi.gov.br\/seres\/wp-content\/uploads\/sites\/87\/2025\/09\/6fad87c7-8e25-4622-b6e8-a04bbcebc05e-84x56.jpeg",84,56,true]},"post_excerpt_stackable":"<p>A obra foi escolhida diretamente pela popula\u00e7\u00e3o e proposta pela Uni\u00e3o Jovem do Piau\u00ed durante a edi\u00e7\u00e3o 2023-2024 do OPA. O bairro Santa Maria da Codipi, na zona norte de Teresina recebeu, nesta ter\u00e7a-feira (16), o novo espa\u00e7o voltado para cultura, lazer e forma\u00e7\u00e3o: a videoteca da Santa Maria da Codipi, constru\u00edda com recursos do Or\u00e7amento Participativo Digital (OPA) e executada pela Secretaria da Cultura (Secult). A obra foi escolhida diretamente pela popula\u00e7\u00e3o e proposta pela Uni\u00e3o Jovem do Piau\u00ed durante a edi\u00e7\u00e3o 2023-2024 do OPA, sendo eleita com 589 votos. O investimento de R$ 333.242,89 garantiu a constru\u00e7\u00e3o de&hellip;<\/p>\n","category_list":"<a href=\"https:\/\/portal.pi.gov.br\/seres\/category\/noticias\/\" rel=\"category tag\">Not\u00edcias<\/a>","author_info":{"name":"alineraquel","url":"https:\/\/portal.pi.gov.br\/seres\/author\/alineraquel\/"},"comments_num":"0 coment\u00e1rio","featured_image_urls_v2":{"full":["https:\/\/portal.pi.gov.br\/seres\/wp-content\/uploads\/sites\/87\/2025\/09\/6fad87c7-8e25-4622-b6e8-a04bbcebc05e-scaled.jpeg",2560,1173,false],"thumbnail":["https:\/\/portal.pi.gov.br\/seres\/wp-content\/uploads\/sites\/87\/2025\/09\/6fad87c7-8e25-4622-b6e8-a04bbcebc05e-150x150.jpeg",150,150,true],"medium":["https:\/\/portal.pi.gov.br\/seres\/wp-content\/uploads\/sites\/87\/2025\/09\/6fad87c7-8e25-4622-b6e8-a04bbcebc05e-300x137.jpeg",300,137,true],"medium_large":["https:\/\/portal.pi.gov.br\/seres\/wp-content\/uploads\/sites\/87\/2025\/09\/6fad87c7-8e25-4622-b6e8-a04bbcebc05e-768x352.jpeg",768,352,true],"large":["https:\/\/portal.pi.gov.br\/seres\/wp-content\/uploads\/sites\/87\/2025\/09\/6fad87c7-8e25-4622-b6e8-a04bbcebc05e-1024x469.jpeg",887,406,true],"sgg-420":["https:\/\/portal.pi.gov.br\/seres\/wp-content\/uploads\/sites\/87\/2025\/09\/6fad87c7-8e25-4622-b6e8-a04bbcebc05e-420x192.jpeg",420,192,true],"sgg-540":["https:\/\/portal.pi.gov.br\/seres\/wp-content\/uploads\/sites\/87\/2025\/09\/6fad87c7-8e25-4622-b6e8-a04bbcebc05e-540x247.jpeg",540,247,true],"sgg-780":["https:\/\/portal.pi.gov.br\/seres\/wp-content\/uploads\/sites\/87\/2025\/09\/6fad87c7-8e25-4622-b6e8-a04bbcebc05e-780x357.jpeg",780,357,true],"1536x1536":["https:\/\/portal.pi.gov.br\/seres\/wp-content\/uploads\/sites\/87\/2025\/09\/6fad87c7-8e25-4622-b6e8-a04bbcebc05e-1536x704.jpeg",1536,704,true],"2048x2048":["https:\/\/portal.pi.gov.br\/seres\/wp-content\/uploads\/sites\/87\/2025\/09\/6fad87c7-8e25-4622-b6e8-a04bbcebc05e-2048x938.jpeg",2048,938,true],"homepage-slider":["https:\/\/portal.pi.gov.br\/seres\/wp-content\/uploads\/sites\/87\/2025\/09\/6fad87c7-8e25-4622-b6e8-a04bbcebc05e-1270x500.jpeg",1270,500,true],"homepage-slider-small":["https:\/\/portal.pi.gov.br\/seres\/wp-content\/uploads\/sites\/87\/2025\/09\/6fad87c7-8e25-4622-b6e8-a04bbcebc05e-947x500.jpeg",947,500,true],"page-top":["https:\/\/portal.pi.gov.br\/seres\/wp-content\/uploads\/sites\/87\/2025\/09\/6fad87c7-8e25-4622-b6e8-a04bbcebc05e-947x434.jpeg",947,434,true],"page-small":["https:\/\/portal.pi.gov.br\/seres\/wp-content\/uploads\/sites\/87\/2025\/09\/6fad87c7-8e25-4622-b6e8-a04bbcebc05e-624x286.jpeg",624,286,true],"loop-main":["https:\/\/portal.pi.gov.br\/seres\/wp-content\/uploads\/sites\/87\/2025\/09\/6fad87c7-8e25-4622-b6e8-a04bbcebc05e-365x240.jpeg",365,240,true],"thumb-gallery-widget":["https:\/\/portal.pi.gov.br\/seres\/wp-content\/uploads\/sites\/87\/2025\/09\/6fad87c7-8e25-4622-b6e8-a04bbcebc05e-84x56.jpeg",84,56,true]},"post_excerpt_stackable_v2":"<p>A obra foi escolhida diretamente pela popula\u00e7\u00e3o e proposta pela Uni\u00e3o Jovem do Piau\u00ed durante a edi\u00e7\u00e3o 2023-2024 do OPA. O bairro Santa Maria da Codipi, na zona norte de Teresina recebeu, nesta ter\u00e7a-feira (16), o novo espa\u00e7o voltado para cultura, lazer e forma\u00e7\u00e3o: a videoteca da Santa Maria da Codipi, constru\u00edda com recursos do Or\u00e7amento Participativo Digital (OPA) e executada pela Secretaria da Cultura (Secult). A obra foi escolhida diretamente pela popula\u00e7\u00e3o e proposta pela Uni\u00e3o Jovem do Piau\u00ed durante a edi\u00e7\u00e3o 2023-2024 do OPA, sendo eleita com 589 votos. O investimento de R$ 333.242,89 garantiu a constru\u00e7\u00e3o de&hellip;<\/p>\n","category_list_v2":"<a href=\"https:\/\/portal.pi.gov.br\/seres\/category\/noticias\/\" rel=\"category tag\">Not\u00edcias<\/a>","author_info_v2":{"name":"alineraquel","url":"https:\/\/portal.pi.gov.br\/seres\/author\/alineraquel\/"},"comments_num_v2":"0 coment\u00e1rio","jetpack_featured_media_url":"https:\/\/portal.pi.gov.br\/seres\/wp-content\/uploads\/sites\/87\/2025\/09\/6fad87c7-8e25-4622-b6e8-a04bbcebc05e-scaled.jpeg","_links":{"self":[{"href":"https:\/\/portal.pi.gov.br\/seres\/wp-json\/wp\/v2\/posts\/4553"}],"collection":[{"href":"https:\/\/portal.pi.gov.br\/seres\/wp-json\/wp\/v2\/posts"}],"about":[{"href":"https:\/\/portal.pi.gov.br\/seres\/wp-json\/wp\/v2\/types\/post"}],"author":[{"embeddable":true,"href":"https:\/\/portal.pi.gov.br\/seres\/wp-json\/wp\/v2\/users\/1821"}],"replies":[{"embeddable":true,"href":"https:\/\/portal.pi.gov.br\/seres\/wp-json\/wp\/v2\/comments?post=4553"}],"version-history":[{"count":1,"href":"https:\/\/portal.pi.gov.br\/seres\/wp-json\/wp\/v2\/posts\/4553\/revisions"}],"predecessor-version":[{"id":4554,"href":"https:\/\/portal.pi.gov.br\/seres\/wp-json\/wp\/v2\/posts\/4553\/revisions\/4554"}],"wp:featuredmedia":[{"embeddable":true,"href":"https:\/\/portal.pi.gov.br\/seres\/wp-json\/wp\/v2\/media\/4555"}],"wp:attachment":[{"href":"https:\/\/portal.pi.gov.br\/seres\/wp-json\/wp\/v2\/media?parent=4553"}],"wp:term":[{"taxonomy":"category","embeddable":true,"href":"https:\/\/portal.pi.gov.br\/seres\/wp-json\/wp\/v2\/categories?post=4553"},{"taxonomy":"post_tag","embeddable":true,"href":"https:\/\/portal.pi.gov.br\/seres\/wp-json\/wp\/v2\/tags?post=4553"}],"curies":[{"name":"wp","href":"https:\/\/api.w.org\/{rel}","templated":true}]}}