{"id":4613,"date":"2025-09-26T12:27:02","date_gmt":"2025-09-26T15:27:02","guid":{"rendered":"https:\/\/portal.pi.gov.br\/seres\/?p=4613"},"modified":"2025-09-26T16:19:13","modified_gmt":"2025-09-26T19:19:13","slug":"nubia-lopes-participa-da-4a-conferencia-estadual-dos-direitos-humanos","status":"publish","type":"post","link":"https:\/\/portal.pi.gov.br\/seres\/2025\/09\/26\/nubia-lopes-participa-da-4a-conferencia-estadual-dos-direitos-humanos\/","title":{"rendered":"N\u00fabia Lopes participa da 4\u00aa Confer\u00eancia Estadual dos Direitos Humanos"},"content":{"rendered":"\n<p><\/p>\n\n\n\n<p>O evento acontece nos dias 25 e 26 de setembro, em Teresina.<\/p>\n\n\n\n<figure class=\"wp-block-image size-large\"><img decoding=\"async\" loading=\"lazy\" width=\"1024\" height=\"768\" src=\"https:\/\/portal.pi.gov.br\/seres\/wp-content\/uploads\/sites\/87\/2025\/09\/7097af71-f5ff-4169-84e5-05f0d3578129-1024x768.jpeg\" alt=\"\" class=\"wp-image-4607\" srcset=\"https:\/\/portal.pi.gov.br\/seres\/wp-content\/uploads\/sites\/87\/2025\/09\/7097af71-f5ff-4169-84e5-05f0d3578129-1024x768.jpeg 1024w, https:\/\/portal.pi.gov.br\/seres\/wp-content\/uploads\/sites\/87\/2025\/09\/7097af71-f5ff-4169-84e5-05f0d3578129-300x225.jpeg 300w, https:\/\/portal.pi.gov.br\/seres\/wp-content\/uploads\/sites\/87\/2025\/09\/7097af71-f5ff-4169-84e5-05f0d3578129-768x576.jpeg 768w, https:\/\/portal.pi.gov.br\/seres\/wp-content\/uploads\/sites\/87\/2025\/09\/7097af71-f5ff-4169-84e5-05f0d3578129-420x315.jpeg 420w, https:\/\/portal.pi.gov.br\/seres\/wp-content\/uploads\/sites\/87\/2025\/09\/7097af71-f5ff-4169-84e5-05f0d3578129-540x405.jpeg 540w, https:\/\/portal.pi.gov.br\/seres\/wp-content\/uploads\/sites\/87\/2025\/09\/7097af71-f5ff-4169-84e5-05f0d3578129-780x585.jpeg 780w, https:\/\/portal.pi.gov.br\/seres\/wp-content\/uploads\/sites\/87\/2025\/09\/7097af71-f5ff-4169-84e5-05f0d3578129-1536x1152.jpeg 1536w, https:\/\/portal.pi.gov.br\/seres\/wp-content\/uploads\/sites\/87\/2025\/09\/7097af71-f5ff-4169-84e5-05f0d3578129-2048x1536.jpeg 2048w, https:\/\/portal.pi.gov.br\/seres\/wp-content\/uploads\/sites\/87\/2025\/09\/7097af71-f5ff-4169-84e5-05f0d3578129-947x710.jpeg 947w, https:\/\/portal.pi.gov.br\/seres\/wp-content\/uploads\/sites\/87\/2025\/09\/7097af71-f5ff-4169-84e5-05f0d3578129-624x468.jpeg 624w\" sizes=\"(max-width: 1024px) 100vw, 1024px\" \/><\/figure>\n\n\n\n<p><\/p>\n\n\n\n<p>Com o tema \u201cPor um Sistema Nacional de Direitos Humanos\u201d, foi realizada nesta quinta-feira (25) a abertura da 4\u00aa Confer\u00eancia Estadual dos Direitos Humanos (Condh), em Teresina, no Diferencial Eventos.<\/p>\n\n\n\n<p>A Confer\u00eancia tem como objetivo contribuir para a formula\u00e7\u00e3o de propostas que fortale\u00e7am pol\u00edticas p\u00fablicas de direitos humanos no \u00e2mbito estadual e nacional. Sendo promovida pelo Conselho Estadual de Defesa dos Direitos Humanos (Cendh), formado por representantes do poder p\u00fablico e da sociedade civil organizada, em parceria com prefeituras que realizaram confer\u00eancias municipais, contando ainda com o apoio do Minist\u00e9rio P\u00fablico Estadual (MP\/PI), das defensorias e do Minist\u00e9rio dos Direitos Humanos e Cidadania.<\/p>\n\n\n\n<p>A secret\u00e1ria, N\u00fabia Lopes, esteve presente na mesa de honra de abertura. &#8220;Sempre estamos na luta pela garantia de direitos, que \u00e9 exatamente as propostas que cada confer\u00eancia traz, que na escuta em cada munic\u00edpio, em cada lugar, s\u00e3o viabilizadas para poder melhorar a vida de cada um de n\u00f3s, para uma sociedade mais justa e igualit\u00e1ria. Parab\u00e9ns a todos e todas!&#8221;, destacou a secret\u00e1ria de Rela\u00e7\u00f5es Sociais.<\/p>\n\n\n\n<p>A Secretaria de Desenvolvimento e Assist\u00eancia Social, Fam\u00edlia e Combate \u00e0 Fome (Sasc), por meio da Superintend\u00eancia dos Direitos Humanos, realizam o evento nos 25 e 26 de setembro.<\/p>\n\n\n\n<p>No total, foram realizadas 16 confer\u00eancias municipais no Piau\u00ed, al\u00e9m disso houve a garantia de cria\u00e7\u00e3o em demais munic\u00edpios do estado. Ao final, da Confer\u00eancia Estadual ser\u00e3o eleitos 28 delegados, que representar\u00e3o o nosso estado, na Confer\u00eancia Nacional em dezembro, na cidade de Bras\u00edlia-DF.<\/p>\n\n\n\n<figure class=\"wp-block-gallery has-nested-images columns-default is-cropped wp-block-gallery-1 is-layout-flex\">\n<figure class=\"wp-block-image size-large\"><img decoding=\"async\" loading=\"lazy\" width=\"1024\" height=\"768\" data-id=\"4612\"  src=\"https:\/\/portal.pi.gov.br\/seres\/wp-content\/uploads\/sites\/87\/2025\/09\/feea90d4-92c6-4cec-9e05-a7091448d492-1024x768.jpeg\" alt=\"\" class=\"wp-image-4612\" srcset=\"https:\/\/portal.pi.gov.br\/seres\/wp-content\/uploads\/sites\/87\/2025\/09\/feea90d4-92c6-4cec-9e05-a7091448d492-1024x768.jpeg 1024w, https:\/\/portal.pi.gov.br\/seres\/wp-content\/uploads\/sites\/87\/2025\/09\/feea90d4-92c6-4cec-9e05-a7091448d492-300x225.jpeg 300w, https:\/\/portal.pi.gov.br\/seres\/wp-content\/uploads\/sites\/87\/2025\/09\/feea90d4-92c6-4cec-9e05-a7091448d492-768x576.jpeg 768w, https:\/\/portal.pi.gov.br\/seres\/wp-content\/uploads\/sites\/87\/2025\/09\/feea90d4-92c6-4cec-9e05-a7091448d492-420x315.jpeg 420w, https:\/\/portal.pi.gov.br\/seres\/wp-content\/uploads\/sites\/87\/2025\/09\/feea90d4-92c6-4cec-9e05-a7091448d492-540x405.jpeg 540w, https:\/\/portal.pi.gov.br\/seres\/wp-content\/uploads\/sites\/87\/2025\/09\/feea90d4-92c6-4cec-9e05-a7091448d492-780x585.jpeg 780w, https:\/\/portal.pi.gov.br\/seres\/wp-content\/uploads\/sites\/87\/2025\/09\/feea90d4-92c6-4cec-9e05-a7091448d492-1536x1152.jpeg 1536w, https:\/\/portal.pi.gov.br\/seres\/wp-content\/uploads\/sites\/87\/2025\/09\/feea90d4-92c6-4cec-9e05-a7091448d492-2048x1536.jpeg 2048w, https:\/\/portal.pi.gov.br\/seres\/wp-content\/uploads\/sites\/87\/2025\/09\/feea90d4-92c6-4cec-9e05-a7091448d492-947x710.jpeg 947w, https:\/\/portal.pi.gov.br\/seres\/wp-content\/uploads\/sites\/87\/2025\/09\/feea90d4-92c6-4cec-9e05-a7091448d492-624x468.jpeg 624w\" sizes=\"(max-width: 1024px) 100vw, 1024px\" \/><\/figure>\n\n\n\n<figure class=\"wp-block-image size-large\"><img decoding=\"async\" loading=\"lazy\" width=\"1024\" height=\"768\" data-id=\"4611\"  src=\"https:\/\/portal.pi.gov.br\/seres\/wp-content\/uploads\/sites\/87\/2025\/09\/b1696d23-bb06-489b-a6a8-9e3280f307de-1024x768.jpeg\" alt=\"\" class=\"wp-image-4611\" srcset=\"https:\/\/portal.pi.gov.br\/seres\/wp-content\/uploads\/sites\/87\/2025\/09\/b1696d23-bb06-489b-a6a8-9e3280f307de-1024x768.jpeg 1024w, https:\/\/portal.pi.gov.br\/seres\/wp-content\/uploads\/sites\/87\/2025\/09\/b1696d23-bb06-489b-a6a8-9e3280f307de-300x225.jpeg 300w, https:\/\/portal.pi.gov.br\/seres\/wp-content\/uploads\/sites\/87\/2025\/09\/b1696d23-bb06-489b-a6a8-9e3280f307de-768x576.jpeg 768w, https:\/\/portal.pi.gov.br\/seres\/wp-content\/uploads\/sites\/87\/2025\/09\/b1696d23-bb06-489b-a6a8-9e3280f307de-420x315.jpeg 420w, https:\/\/portal.pi.gov.br\/seres\/wp-content\/uploads\/sites\/87\/2025\/09\/b1696d23-bb06-489b-a6a8-9e3280f307de-540x405.jpeg 540w, https:\/\/portal.pi.gov.br\/seres\/wp-content\/uploads\/sites\/87\/2025\/09\/b1696d23-bb06-489b-a6a8-9e3280f307de-780x585.jpeg 780w, https:\/\/portal.pi.gov.br\/seres\/wp-content\/uploads\/sites\/87\/2025\/09\/b1696d23-bb06-489b-a6a8-9e3280f307de-1536x1152.jpeg 1536w, https:\/\/portal.pi.gov.br\/seres\/wp-content\/uploads\/sites\/87\/2025\/09\/b1696d23-bb06-489b-a6a8-9e3280f307de-2048x1536.jpeg 2048w, https:\/\/portal.pi.gov.br\/seres\/wp-content\/uploads\/sites\/87\/2025\/09\/b1696d23-bb06-489b-a6a8-9e3280f307de-947x710.jpeg 947w, https:\/\/portal.pi.gov.br\/seres\/wp-content\/uploads\/sites\/87\/2025\/09\/b1696d23-bb06-489b-a6a8-9e3280f307de-624x468.jpeg 624w\" sizes=\"(max-width: 1024px) 100vw, 1024px\" \/><\/figure>\n\n\n\n<figure class=\"wp-block-image size-large\"><img decoding=\"async\" loading=\"lazy\" width=\"768\" height=\"1024\" data-id=\"4609\"  src=\"https:\/\/portal.pi.gov.br\/seres\/wp-content\/uploads\/sites\/87\/2025\/09\/a88e0f18-052c-4a43-b6a8-802241be1242-768x1024.jpeg\" alt=\"\" class=\"wp-image-4609\" srcset=\"https:\/\/portal.pi.gov.br\/seres\/wp-content\/uploads\/sites\/87\/2025\/09\/a88e0f18-052c-4a43-b6a8-802241be1242-768x1024.jpeg 768w, https:\/\/portal.pi.gov.br\/seres\/wp-content\/uploads\/sites\/87\/2025\/09\/a88e0f18-052c-4a43-b6a8-802241be1242-225x300.jpeg 225w, https:\/\/portal.pi.gov.br\/seres\/wp-content\/uploads\/sites\/87\/2025\/09\/a88e0f18-052c-4a43-b6a8-802241be1242-315x420.jpeg 315w, https:\/\/portal.pi.gov.br\/seres\/wp-content\/uploads\/sites\/87\/2025\/09\/a88e0f18-052c-4a43-b6a8-802241be1242-405x540.jpeg 405w, https:\/\/portal.pi.gov.br\/seres\/wp-content\/uploads\/sites\/87\/2025\/09\/a88e0f18-052c-4a43-b6a8-802241be1242-585x780.jpeg 585w, https:\/\/portal.pi.gov.br\/seres\/wp-content\/uploads\/sites\/87\/2025\/09\/a88e0f18-052c-4a43-b6a8-802241be1242-1152x1536.jpeg 1152w, https:\/\/portal.pi.gov.br\/seres\/wp-content\/uploads\/sites\/87\/2025\/09\/a88e0f18-052c-4a43-b6a8-802241be1242-1536x2048.jpeg 1536w, https:\/\/portal.pi.gov.br\/seres\/wp-content\/uploads\/sites\/87\/2025\/09\/a88e0f18-052c-4a43-b6a8-802241be1242-947x1263.jpeg 947w, https:\/\/portal.pi.gov.br\/seres\/wp-content\/uploads\/sites\/87\/2025\/09\/a88e0f18-052c-4a43-b6a8-802241be1242-624x832.jpeg 624w, https:\/\/portal.pi.gov.br\/seres\/wp-content\/uploads\/sites\/87\/2025\/09\/a88e0f18-052c-4a43-b6a8-802241be1242-scaled.jpeg 1920w\" sizes=\"(max-width: 768px) 100vw, 768px\" \/><\/figure>\n\n\n\n<figure class=\"wp-block-image size-large\"><img decoding=\"async\" loading=\"lazy\" width=\"1024\" height=\"768\" data-id=\"4608\"  src=\"https:\/\/portal.pi.gov.br\/seres\/wp-content\/uploads\/sites\/87\/2025\/09\/85353bec-6f89-49d4-acbb-94d276197ae1-1024x768.jpeg\" alt=\"\" class=\"wp-image-4608\" srcset=\"https:\/\/portal.pi.gov.br\/seres\/wp-content\/uploads\/sites\/87\/2025\/09\/85353bec-6f89-49d4-acbb-94d276197ae1-1024x768.jpeg 1024w, https:\/\/portal.pi.gov.br\/seres\/wp-content\/uploads\/sites\/87\/2025\/09\/85353bec-6f89-49d4-acbb-94d276197ae1-300x225.jpeg 300w, https:\/\/portal.pi.gov.br\/seres\/wp-content\/uploads\/sites\/87\/2025\/09\/85353bec-6f89-49d4-acbb-94d276197ae1-768x576.jpeg 768w, https:\/\/portal.pi.gov.br\/seres\/wp-content\/uploads\/sites\/87\/2025\/09\/85353bec-6f89-49d4-acbb-94d276197ae1-420x315.jpeg 420w, https:\/\/portal.pi.gov.br\/seres\/wp-content\/uploads\/sites\/87\/2025\/09\/85353bec-6f89-49d4-acbb-94d276197ae1-540x405.jpeg 540w, https:\/\/portal.pi.gov.br\/seres\/wp-content\/uploads\/sites\/87\/2025\/09\/85353bec-6f89-49d4-acbb-94d276197ae1-780x585.jpeg 780w, https:\/\/portal.pi.gov.br\/seres\/wp-content\/uploads\/sites\/87\/2025\/09\/85353bec-6f89-49d4-acbb-94d276197ae1-1536x1152.jpeg 1536w, https:\/\/portal.pi.gov.br\/seres\/wp-content\/uploads\/sites\/87\/2025\/09\/85353bec-6f89-49d4-acbb-94d276197ae1-2048x1536.jpeg 2048w, https:\/\/portal.pi.gov.br\/seres\/wp-content\/uploads\/sites\/87\/2025\/09\/85353bec-6f89-49d4-acbb-94d276197ae1-947x710.jpeg 947w, https:\/\/portal.pi.gov.br\/seres\/wp-content\/uploads\/sites\/87\/2025\/09\/85353bec-6f89-49d4-acbb-94d276197ae1-624x468.jpeg 624w\" sizes=\"(max-width: 1024px) 100vw, 1024px\" \/><\/figure>\n\n\n\n<figure class=\"wp-block-image size-large\"><img decoding=\"async\" loading=\"lazy\" width=\"1024\" height=\"768\" data-id=\"4606\"  src=\"https:\/\/portal.pi.gov.br\/seres\/wp-content\/uploads\/sites\/87\/2025\/09\/59f81df9-b98e-4b92-b7b7-4c47d0f76da2-1024x768.jpeg\" alt=\"\" class=\"wp-image-4606\" srcset=\"https:\/\/portal.pi.gov.br\/seres\/wp-content\/uploads\/sites\/87\/2025\/09\/59f81df9-b98e-4b92-b7b7-4c47d0f76da2-1024x768.jpeg 1024w, https:\/\/portal.pi.gov.br\/seres\/wp-content\/uploads\/sites\/87\/2025\/09\/59f81df9-b98e-4b92-b7b7-4c47d0f76da2-300x225.jpeg 300w, https:\/\/portal.pi.gov.br\/seres\/wp-content\/uploads\/sites\/87\/2025\/09\/59f81df9-b98e-4b92-b7b7-4c47d0f76da2-768x576.jpeg 768w, https:\/\/portal.pi.gov.br\/seres\/wp-content\/uploads\/sites\/87\/2025\/09\/59f81df9-b98e-4b92-b7b7-4c47d0f76da2-420x315.jpeg 420w, https:\/\/portal.pi.gov.br\/seres\/wp-content\/uploads\/sites\/87\/2025\/09\/59f81df9-b98e-4b92-b7b7-4c47d0f76da2-540x405.jpeg 540w, https:\/\/portal.pi.gov.br\/seres\/wp-content\/uploads\/sites\/87\/2025\/09\/59f81df9-b98e-4b92-b7b7-4c47d0f76da2-780x585.jpeg 780w, https:\/\/portal.pi.gov.br\/seres\/wp-content\/uploads\/sites\/87\/2025\/09\/59f81df9-b98e-4b92-b7b7-4c47d0f76da2-1536x1152.jpeg 1536w, https:\/\/portal.pi.gov.br\/seres\/wp-content\/uploads\/sites\/87\/2025\/09\/59f81df9-b98e-4b92-b7b7-4c47d0f76da2-2048x1536.jpeg 2048w, https:\/\/portal.pi.gov.br\/seres\/wp-content\/uploads\/sites\/87\/2025\/09\/59f81df9-b98e-4b92-b7b7-4c47d0f76da2-947x710.jpeg 947w, https:\/\/portal.pi.gov.br\/seres\/wp-content\/uploads\/sites\/87\/2025\/09\/59f81df9-b98e-4b92-b7b7-4c47d0f76da2-624x468.jpeg 624w\" sizes=\"(max-width: 1024px) 100vw, 1024px\" \/><\/figure>\n\n\n\n<figure class=\"wp-block-image size-large\"><img decoding=\"async\" loading=\"lazy\" width=\"768\" height=\"1024\" data-id=\"4604\"  src=\"https:\/\/portal.pi.gov.br\/seres\/wp-content\/uploads\/sites\/87\/2025\/09\/9a9dbe7d-f878-4fd0-b830-36a3c51a091b-768x1024.jpeg\" alt=\"\" class=\"wp-image-4604\" srcset=\"https:\/\/portal.pi.gov.br\/seres\/wp-content\/uploads\/sites\/87\/2025\/09\/9a9dbe7d-f878-4fd0-b830-36a3c51a091b-768x1024.jpeg 768w, https:\/\/portal.pi.gov.br\/seres\/wp-content\/uploads\/sites\/87\/2025\/09\/9a9dbe7d-f878-4fd0-b830-36a3c51a091b-225x300.jpeg 225w, https:\/\/portal.pi.gov.br\/seres\/wp-content\/uploads\/sites\/87\/2025\/09\/9a9dbe7d-f878-4fd0-b830-36a3c51a091b-315x420.jpeg 315w, https:\/\/portal.pi.gov.br\/seres\/wp-content\/uploads\/sites\/87\/2025\/09\/9a9dbe7d-f878-4fd0-b830-36a3c51a091b-405x540.jpeg 405w, https:\/\/portal.pi.gov.br\/seres\/wp-content\/uploads\/sites\/87\/2025\/09\/9a9dbe7d-f878-4fd0-b830-36a3c51a091b-585x780.jpeg 585w, https:\/\/portal.pi.gov.br\/seres\/wp-content\/uploads\/sites\/87\/2025\/09\/9a9dbe7d-f878-4fd0-b830-36a3c51a091b-1152x1536.jpeg 1152w, https:\/\/portal.pi.gov.br\/seres\/wp-content\/uploads\/sites\/87\/2025\/09\/9a9dbe7d-f878-4fd0-b830-36a3c51a091b-1536x2048.jpeg 1536w, https:\/\/portal.pi.gov.br\/seres\/wp-content\/uploads\/sites\/87\/2025\/09\/9a9dbe7d-f878-4fd0-b830-36a3c51a091b-947x1263.jpeg 947w, https:\/\/portal.pi.gov.br\/seres\/wp-content\/uploads\/sites\/87\/2025\/09\/9a9dbe7d-f878-4fd0-b830-36a3c51a091b-624x832.jpeg 624w, https:\/\/portal.pi.gov.br\/seres\/wp-content\/uploads\/sites\/87\/2025\/09\/9a9dbe7d-f878-4fd0-b830-36a3c51a091b-scaled.jpeg 1920w\" sizes=\"(max-width: 768px) 100vw, 768px\" \/><\/figure>\n\n\n\n<figure class=\"wp-block-image size-large\"><img decoding=\"async\" loading=\"lazy\" width=\"1024\" height=\"768\" data-id=\"4610\"  src=\"https:\/\/portal.pi.gov.br\/seres\/wp-content\/uploads\/sites\/87\/2025\/09\/aa0f3e7d-a063-465f-b4ef-3c0858042c87-1024x768.jpeg\" alt=\"\" class=\"wp-image-4610\" srcset=\"https:\/\/portal.pi.gov.br\/seres\/wp-content\/uploads\/sites\/87\/2025\/09\/aa0f3e7d-a063-465f-b4ef-3c0858042c87-1024x768.jpeg 1024w, https:\/\/portal.pi.gov.br\/seres\/wp-content\/uploads\/sites\/87\/2025\/09\/aa0f3e7d-a063-465f-b4ef-3c0858042c87-300x225.jpeg 300w, https:\/\/portal.pi.gov.br\/seres\/wp-content\/uploads\/sites\/87\/2025\/09\/aa0f3e7d-a063-465f-b4ef-3c0858042c87-768x576.jpeg 768w, https:\/\/portal.pi.gov.br\/seres\/wp-content\/uploads\/sites\/87\/2025\/09\/aa0f3e7d-a063-465f-b4ef-3c0858042c87-420x315.jpeg 420w, https:\/\/portal.pi.gov.br\/seres\/wp-content\/uploads\/sites\/87\/2025\/09\/aa0f3e7d-a063-465f-b4ef-3c0858042c87-540x405.jpeg 540w, https:\/\/portal.pi.gov.br\/seres\/wp-content\/uploads\/sites\/87\/2025\/09\/aa0f3e7d-a063-465f-b4ef-3c0858042c87-780x585.jpeg 780w, https:\/\/portal.pi.gov.br\/seres\/wp-content\/uploads\/sites\/87\/2025\/09\/aa0f3e7d-a063-465f-b4ef-3c0858042c87-1536x1152.jpeg 1536w, https:\/\/portal.pi.gov.br\/seres\/wp-content\/uploads\/sites\/87\/2025\/09\/aa0f3e7d-a063-465f-b4ef-3c0858042c87-2048x1536.jpeg 2048w, https:\/\/portal.pi.gov.br\/seres\/wp-content\/uploads\/sites\/87\/2025\/09\/aa0f3e7d-a063-465f-b4ef-3c0858042c87-947x710.jpeg 947w, https:\/\/portal.pi.gov.br\/seres\/wp-content\/uploads\/sites\/87\/2025\/09\/aa0f3e7d-a063-465f-b4ef-3c0858042c87-624x468.jpeg 624w\" sizes=\"(max-width: 1024px) 100vw, 1024px\" \/><\/figure>\n<\/figure>\n","protected":false},"excerpt":{"rendered":"<p>O evento acontece nos dias 25 e 26 de setembro, em Teresina. Com o tema \u201cPor um Sistema Nacional de Direitos Humanos\u201d, foi realizada nesta quinta-feira (25) a abertura da [&hellip;]<\/p>\n","protected":false},"author":1821,"featured_media":4607,"comment_status":"closed","ping_status":"closed","sticky":false,"template":"","format":"standard","meta":[],"categories":[34],"tags":[47,41],"featured_image_urls":{"full":["https:\/\/portal.pi.gov.br\/seres\/wp-content\/uploads\/sites\/87\/2025\/09\/7097af71-f5ff-4169-84e5-05f0d3578129-scaled.jpeg",2560,1920,false],"thumbnail":["https:\/\/portal.pi.gov.br\/seres\/wp-content\/uploads\/sites\/87\/2025\/09\/7097af71-f5ff-4169-84e5-05f0d3578129-150x150.jpeg",150,150,true],"medium":["https:\/\/portal.pi.gov.br\/seres\/wp-content\/uploads\/sites\/87\/2025\/09\/7097af71-f5ff-4169-84e5-05f0d3578129-300x225.jpeg",300,225,true],"medium_large":["https:\/\/portal.pi.gov.br\/seres\/wp-content\/uploads\/sites\/87\/2025\/09\/7097af71-f5ff-4169-84e5-05f0d3578129-768x576.jpeg",768,576,true],"large":["https:\/\/portal.pi.gov.br\/seres\/wp-content\/uploads\/sites\/87\/2025\/09\/7097af71-f5ff-4169-84e5-05f0d3578129-1024x768.jpeg",887,665,true],"sgg-420":["https:\/\/portal.pi.gov.br\/seres\/wp-content\/uploads\/sites\/87\/2025\/09\/7097af71-f5ff-4169-84e5-05f0d3578129-420x315.jpeg",420,315,true],"sgg-540":["https:\/\/portal.pi.gov.br\/seres\/wp-content\/uploads\/sites\/87\/2025\/09\/7097af71-f5ff-4169-84e5-05f0d3578129-540x405.jpeg",540,405,true],"sgg-780":["https:\/\/portal.pi.gov.br\/seres\/wp-content\/uploads\/sites\/87\/2025\/09\/7097af71-f5ff-4169-84e5-05f0d3578129-780x585.jpeg",780,585,true],"1536x1536":["https:\/\/portal.pi.gov.br\/seres\/wp-content\/uploads\/sites\/87\/2025\/09\/7097af71-f5ff-4169-84e5-05f0d3578129-1536x1152.jpeg",1536,1152,true],"2048x2048":["https:\/\/portal.pi.gov.br\/seres\/wp-content\/uploads\/sites\/87\/2025\/09\/7097af71-f5ff-4169-84e5-05f0d3578129-2048x1536.jpeg",2048,1536,true],"homepage-slider":["https:\/\/portal.pi.gov.br\/seres\/wp-content\/uploads\/sites\/87\/2025\/09\/7097af71-f5ff-4169-84e5-05f0d3578129-1270x500.jpeg",1270,500,true],"homepage-slider-small":["https:\/\/portal.pi.gov.br\/seres\/wp-content\/uploads\/sites\/87\/2025\/09\/7097af71-f5ff-4169-84e5-05f0d3578129-947x500.jpeg",947,500,true],"page-top":["https:\/\/portal.pi.gov.br\/seres\/wp-content\/uploads\/sites\/87\/2025\/09\/7097af71-f5ff-4169-84e5-05f0d3578129-947x710.jpeg",947,710,true],"page-small":["https:\/\/portal.pi.gov.br\/seres\/wp-content\/uploads\/sites\/87\/2025\/09\/7097af71-f5ff-4169-84e5-05f0d3578129-624x468.jpeg",624,468,true],"loop-main":["https:\/\/portal.pi.gov.br\/seres\/wp-content\/uploads\/sites\/87\/2025\/09\/7097af71-f5ff-4169-84e5-05f0d3578129-365x240.jpeg",365,240,true],"thumb-gallery-widget":["https:\/\/portal.pi.gov.br\/seres\/wp-content\/uploads\/sites\/87\/2025\/09\/7097af71-f5ff-4169-84e5-05f0d3578129-84x56.jpeg",84,56,true]},"post_excerpt_stackable":"<p>O evento acontece nos dias 25 e 26 de setembro, em Teresina. Com o tema \u201cPor um Sistema Nacional de Direitos Humanos\u201d, foi realizada nesta quinta-feira (25) a abertura da 4\u00aa Confer\u00eancia Estadual dos Direitos Humanos (Condh), em Teresina, no Diferencial Eventos. A Confer\u00eancia tem como objetivo contribuir para a formula\u00e7\u00e3o de propostas que fortale\u00e7am pol\u00edticas p\u00fablicas de direitos humanos no \u00e2mbito estadual e nacional. Sendo promovida pelo Conselho Estadual de Defesa dos Direitos Humanos (Cendh), formado por representantes do poder p\u00fablico e da sociedade civil organizada, em parceria com prefeituras que realizaram confer\u00eancias municipais, contando ainda com o apoio&hellip;<\/p>\n","category_list":"<a href=\"https:\/\/portal.pi.gov.br\/seres\/category\/noticias\/\" rel=\"category tag\">Not\u00edcias<\/a>","author_info":{"name":"alineraquel","url":"https:\/\/portal.pi.gov.br\/seres\/author\/alineraquel\/"},"comments_num":"0 coment\u00e1rio","featured_image_urls_v2":{"full":["https:\/\/portal.pi.gov.br\/seres\/wp-content\/uploads\/sites\/87\/2025\/09\/7097af71-f5ff-4169-84e5-05f0d3578129-scaled.jpeg",2560,1920,false],"thumbnail":["https:\/\/portal.pi.gov.br\/seres\/wp-content\/uploads\/sites\/87\/2025\/09\/7097af71-f5ff-4169-84e5-05f0d3578129-150x150.jpeg",150,150,true],"medium":["https:\/\/portal.pi.gov.br\/seres\/wp-content\/uploads\/sites\/87\/2025\/09\/7097af71-f5ff-4169-84e5-05f0d3578129-300x225.jpeg",300,225,true],"medium_large":["https:\/\/portal.pi.gov.br\/seres\/wp-content\/uploads\/sites\/87\/2025\/09\/7097af71-f5ff-4169-84e5-05f0d3578129-768x576.jpeg",768,576,true],"large":["https:\/\/portal.pi.gov.br\/seres\/wp-content\/uploads\/sites\/87\/2025\/09\/7097af71-f5ff-4169-84e5-05f0d3578129-1024x768.jpeg",887,665,true],"sgg-420":["https:\/\/portal.pi.gov.br\/seres\/wp-content\/uploads\/sites\/87\/2025\/09\/7097af71-f5ff-4169-84e5-05f0d3578129-420x315.jpeg",420,315,true],"sgg-540":["https:\/\/portal.pi.gov.br\/seres\/wp-content\/uploads\/sites\/87\/2025\/09\/7097af71-f5ff-4169-84e5-05f0d3578129-540x405.jpeg",540,405,true],"sgg-780":["https:\/\/portal.pi.gov.br\/seres\/wp-content\/uploads\/sites\/87\/2025\/09\/7097af71-f5ff-4169-84e5-05f0d3578129-780x585.jpeg",780,585,true],"1536x1536":["https:\/\/portal.pi.gov.br\/seres\/wp-content\/uploads\/sites\/87\/2025\/09\/7097af71-f5ff-4169-84e5-05f0d3578129-1536x1152.jpeg",1536,1152,true],"2048x2048":["https:\/\/portal.pi.gov.br\/seres\/wp-content\/uploads\/sites\/87\/2025\/09\/7097af71-f5ff-4169-84e5-05f0d3578129-2048x1536.jpeg",2048,1536,true],"homepage-slider":["https:\/\/portal.pi.gov.br\/seres\/wp-content\/uploads\/sites\/87\/2025\/09\/7097af71-f5ff-4169-84e5-05f0d3578129-1270x500.jpeg",1270,500,true],"homepage-slider-small":["https:\/\/portal.pi.gov.br\/seres\/wp-content\/uploads\/sites\/87\/2025\/09\/7097af71-f5ff-4169-84e5-05f0d3578129-947x500.jpeg",947,500,true],"page-top":["https:\/\/portal.pi.gov.br\/seres\/wp-content\/uploads\/sites\/87\/2025\/09\/7097af71-f5ff-4169-84e5-05f0d3578129-947x710.jpeg",947,710,true],"page-small":["https:\/\/portal.pi.gov.br\/seres\/wp-content\/uploads\/sites\/87\/2025\/09\/7097af71-f5ff-4169-84e5-05f0d3578129-624x468.jpeg",624,468,true],"loop-main":["https:\/\/portal.pi.gov.br\/seres\/wp-content\/uploads\/sites\/87\/2025\/09\/7097af71-f5ff-4169-84e5-05f0d3578129-365x240.jpeg",365,240,true],"thumb-gallery-widget":["https:\/\/portal.pi.gov.br\/seres\/wp-content\/uploads\/sites\/87\/2025\/09\/7097af71-f5ff-4169-84e5-05f0d3578129-84x56.jpeg",84,56,true]},"post_excerpt_stackable_v2":"<p>O evento acontece nos dias 25 e 26 de setembro, em Teresina. Com o tema \u201cPor um Sistema Nacional de Direitos Humanos\u201d, foi realizada nesta quinta-feira (25) a abertura da 4\u00aa Confer\u00eancia Estadual dos Direitos Humanos (Condh), em Teresina, no Diferencial Eventos. A Confer\u00eancia tem como objetivo contribuir para a formula\u00e7\u00e3o de propostas que fortale\u00e7am pol\u00edticas p\u00fablicas de direitos humanos no \u00e2mbito estadual e nacional. Sendo promovida pelo Conselho Estadual de Defesa dos Direitos Humanos (Cendh), formado por representantes do poder p\u00fablico e da sociedade civil organizada, em parceria com prefeituras que realizaram confer\u00eancias municipais, contando ainda com o apoio&hellip;<\/p>\n","category_list_v2":"<a href=\"https:\/\/portal.pi.gov.br\/seres\/category\/noticias\/\" rel=\"category tag\">Not\u00edcias<\/a>","author_info_v2":{"name":"alineraquel","url":"https:\/\/portal.pi.gov.br\/seres\/author\/alineraquel\/"},"comments_num_v2":"0 coment\u00e1rio","jetpack_featured_media_url":"https:\/\/portal.pi.gov.br\/seres\/wp-content\/uploads\/sites\/87\/2025\/09\/7097af71-f5ff-4169-84e5-05f0d3578129-scaled.jpeg","_links":{"self":[{"href":"https:\/\/portal.pi.gov.br\/seres\/wp-json\/wp\/v2\/posts\/4613"}],"collection":[{"href":"https:\/\/portal.pi.gov.br\/seres\/wp-json\/wp\/v2\/posts"}],"about":[{"href":"https:\/\/portal.pi.gov.br\/seres\/wp-json\/wp\/v2\/types\/post"}],"author":[{"embeddable":true,"href":"https:\/\/portal.pi.gov.br\/seres\/wp-json\/wp\/v2\/users\/1821"}],"replies":[{"embeddable":true,"href":"https:\/\/portal.pi.gov.br\/seres\/wp-json\/wp\/v2\/comments?post=4613"}],"version-history":[{"count":2,"href":"https:\/\/portal.pi.gov.br\/seres\/wp-json\/wp\/v2\/posts\/4613\/revisions"}],"predecessor-version":[{"id":4615,"href":"https:\/\/portal.pi.gov.br\/seres\/wp-json\/wp\/v2\/posts\/4613\/revisions\/4615"}],"wp:featuredmedia":[{"embeddable":true,"href":"https:\/\/portal.pi.gov.br\/seres\/wp-json\/wp\/v2\/media\/4607"}],"wp:attachment":[{"href":"https:\/\/portal.pi.gov.br\/seres\/wp-json\/wp\/v2\/media?parent=4613"}],"wp:term":[{"taxonomy":"category","embeddable":true,"href":"https:\/\/portal.pi.gov.br\/seres\/wp-json\/wp\/v2\/categories?post=4613"},{"taxonomy":"post_tag","embeddable":true,"href":"https:\/\/portal.pi.gov.br\/seres\/wp-json\/wp\/v2\/tags?post=4613"}],"curies":[{"name":"wp","href":"https:\/\/api.w.org\/{rel}","templated":true}]}}