{"id":4688,"date":"2025-10-03T18:27:47","date_gmt":"2025-10-03T21:27:47","guid":{"rendered":"https:\/\/portal.pi.gov.br\/seres\/?p=4688"},"modified":"2025-10-09T09:55:28","modified_gmt":"2025-10-09T12:55:28","slug":"seres-mobiliza-sociedade-civil-para-a-8a-edicao-do-dialogos-pelo-piaui-no-territorio-do-vale-do-caninde","status":"publish","type":"post","link":"https:\/\/portal.pi.gov.br\/seres\/2025\/10\/03\/seres-mobiliza-sociedade-civil-para-a-8a-edicao-do-dialogos-pelo-piaui-no-territorio-do-vale-do-caninde\/","title":{"rendered":"SERES mobiliza sociedade civil para a 8\u00aa edi\u00e7\u00e3o do Di\u00e1logos pelo Piau\u00ed no Territ\u00f3rio do Vale do Canind\u00e9"},"content":{"rendered":"\n<p><\/p>\n\n\n\n<p><em>Realizado em Oeiras, o evento contou com oficinas tem\u00e1ticas e uma plen\u00e1ria para discuss\u00e3o de propostas com o governador Rafael Fonteles.<\/em><\/p>\n\n\n\n<p>As lideran\u00e7as do Territ\u00f3rio do Vale do Canind\u00e9, composto por 17 munic\u00edpios, participaram da 8\u00aa edi\u00e7\u00e3o do <em>Di\u00e1logos pelo Piau\u00ed<\/em>, realizada nesta sexta-feira (03), em Oeiras. O momento, que contou com a presen\u00e7a do Governador Rafael Fonteles, reafirma o compromisso do governo do estado em promover a participa\u00e7\u00e3o social nos territ\u00f3rios.<\/p>\n\n\n\n<p><\/p>\n\n\n<div class=\"wp-block-image\">\n<figure class=\"aligncenter size-large is-resized\"><img decoding=\"async\" loading=\"lazy\" src=\"https:\/\/portal.pi.gov.br\/seres\/wp-content\/uploads\/sites\/87\/2025\/10\/WhatsApp-Image-2025-10-03-at-19.25.40-1024x682.jpeg\" alt=\"\" class=\"wp-image-4692\" width=\"600\" height=\"399\" srcset=\"https:\/\/portal.pi.gov.br\/seres\/wp-content\/uploads\/sites\/87\/2025\/10\/WhatsApp-Image-2025-10-03-at-19.25.40-1024x682.jpeg 1024w, https:\/\/portal.pi.gov.br\/seres\/wp-content\/uploads\/sites\/87\/2025\/10\/WhatsApp-Image-2025-10-03-at-19.25.40-300x200.jpeg 300w, https:\/\/portal.pi.gov.br\/seres\/wp-content\/uploads\/sites\/87\/2025\/10\/WhatsApp-Image-2025-10-03-at-19.25.40-768x512.jpeg 768w, https:\/\/portal.pi.gov.br\/seres\/wp-content\/uploads\/sites\/87\/2025\/10\/WhatsApp-Image-2025-10-03-at-19.25.40-420x280.jpeg 420w, https:\/\/portal.pi.gov.br\/seres\/wp-content\/uploads\/sites\/87\/2025\/10\/WhatsApp-Image-2025-10-03-at-19.25.40-540x360.jpeg 540w, https:\/\/portal.pi.gov.br\/seres\/wp-content\/uploads\/sites\/87\/2025\/10\/WhatsApp-Image-2025-10-03-at-19.25.40-780x520.jpeg 780w, https:\/\/portal.pi.gov.br\/seres\/wp-content\/uploads\/sites\/87\/2025\/10\/WhatsApp-Image-2025-10-03-at-19.25.40-947x631.jpeg 947w, https:\/\/portal.pi.gov.br\/seres\/wp-content\/uploads\/sites\/87\/2025\/10\/WhatsApp-Image-2025-10-03-at-19.25.40-624x416.jpeg 624w, https:\/\/portal.pi.gov.br\/seres\/wp-content\/uploads\/sites\/87\/2025\/10\/WhatsApp-Image-2025-10-03-at-19.25.40-84x56.jpeg 84w, https:\/\/portal.pi.gov.br\/seres\/wp-content\/uploads\/sites\/87\/2025\/10\/WhatsApp-Image-2025-10-03-at-19.25.40.jpeg 1280w\" sizes=\"(max-width: 600px) 100vw, 600px\" \/><\/figure><\/div>\n\n\n<p>A Secretaria de Estado das Rela\u00e7\u00f5es Sociais atua de forma ativa nas mobiliza\u00e7\u00f5es junto \u00e0s representa\u00e7\u00f5es da sociedade civil, movimentos sociais e sindicais para que participem das oficinas do Plano Plurianual (PPA), que tra\u00e7a os objetivos e metas a serem cumpridas pela gest\u00e3o nos pr\u00f3ximos anos.&nbsp;<\/p>\n\n\n\n<p>Durante a plen\u00e1ria, o governador realizou a escuta ativa das demandas mais relevantes da popula\u00e7\u00e3o local, aproximando ainda mais o governo da realidade do territ\u00f3rio. Os debates foram organizados em torno de sete eixos tem\u00e1ticos: educa\u00e7\u00e3o, sa\u00fade, meio ambiente, desenvolvimento socioecon\u00f4mico, infraestrutura, seguran\u00e7a e redu\u00e7\u00e3o das desigualdades.<\/p>\n\n\n<div class=\"wp-block-image\">\n<figure class=\"aligncenter size-large is-resized\"><img decoding=\"async\" loading=\"lazy\" src=\"https:\/\/portal.pi.gov.br\/seres\/wp-content\/uploads\/sites\/87\/2025\/10\/WhatsApp-Image-2025-10-03-at-17.13.37-1024x768.jpeg\" alt=\"\" class=\"wp-image-4695\" width=\"637\" height=\"477\" srcset=\"https:\/\/portal.pi.gov.br\/seres\/wp-content\/uploads\/sites\/87\/2025\/10\/WhatsApp-Image-2025-10-03-at-17.13.37-1024x768.jpeg 1024w, https:\/\/portal.pi.gov.br\/seres\/wp-content\/uploads\/sites\/87\/2025\/10\/WhatsApp-Image-2025-10-03-at-17.13.37-300x225.jpeg 300w, https:\/\/portal.pi.gov.br\/seres\/wp-content\/uploads\/sites\/87\/2025\/10\/WhatsApp-Image-2025-10-03-at-17.13.37-768x576.jpeg 768w, https:\/\/portal.pi.gov.br\/seres\/wp-content\/uploads\/sites\/87\/2025\/10\/WhatsApp-Image-2025-10-03-at-17.13.37-420x315.jpeg 420w, https:\/\/portal.pi.gov.br\/seres\/wp-content\/uploads\/sites\/87\/2025\/10\/WhatsApp-Image-2025-10-03-at-17.13.37-540x405.jpeg 540w, https:\/\/portal.pi.gov.br\/seres\/wp-content\/uploads\/sites\/87\/2025\/10\/WhatsApp-Image-2025-10-03-at-17.13.37-780x585.jpeg 780w, https:\/\/portal.pi.gov.br\/seres\/wp-content\/uploads\/sites\/87\/2025\/10\/WhatsApp-Image-2025-10-03-at-17.13.37-947x710.jpeg 947w, https:\/\/portal.pi.gov.br\/seres\/wp-content\/uploads\/sites\/87\/2025\/10\/WhatsApp-Image-2025-10-03-at-17.13.37-624x468.jpeg 624w, https:\/\/portal.pi.gov.br\/seres\/wp-content\/uploads\/sites\/87\/2025\/10\/WhatsApp-Image-2025-10-03-at-17.13.37.jpeg 1280w\" sizes=\"(max-width: 637px) 100vw, 637px\" \/><\/figure><\/div>\n\n\n<p>N\u00fabia Lopes, secret\u00e1ria das Rela\u00e7\u00f5es Sociais, ressaltou a relev\u00e2ncia da escuta ativa como ferramenta de gest\u00e3o. &#8220;Este \u00e9 um momento de participa\u00e7\u00e3o efetiva da sociedade na constru\u00e7\u00e3o coletiva das pol\u00edticas p\u00fablicas, em um governo que valoriza o di\u00e1logo e a democracia direta com o povo.&#8221;, afirmou a gestora.<\/p>\n\n\n\n<p>&#8220;\u00c9 de fundamental import\u00e2ncia que um governo que defende a democracia escute as pessoas que vivenciam os territ\u00f3rios. E hoje, temos aqui um grande p\u00fablico, representantes da sociedade civil, pol\u00edticos, secret\u00e1rios e gestores, que, com certeza, ir\u00e3o contribuir para que esse novo PPA tenha a cara do povo e traga respostas \u00e0s demandas da popula\u00e7\u00e3o.&#8221;, declarou Cleane Pereira, secret\u00e1ria de cultura e mulher quilombola do munic\u00edpio Campinas do Piau\u00ed, pertencente ao Quilombo Salina.<\/p>\n\n\n\n<p><\/p>\n\n\n<div class=\"wp-block-image\">\n<figure class=\"aligncenter size-full is-resized\"><img decoding=\"async\" loading=\"lazy\" src=\"https:\/\/portal.pi.gov.br\/seres\/wp-content\/uploads\/sites\/87\/2025\/10\/WhatsApp-Image-2025-10-03-at-19.47.17.jpeg\" alt=\"\" class=\"wp-image-4698\" width=\"562\" height=\"404\" srcset=\"https:\/\/portal.pi.gov.br\/seres\/wp-content\/uploads\/sites\/87\/2025\/10\/WhatsApp-Image-2025-10-03-at-19.47.17-300x217.jpeg 300w, https:\/\/portal.pi.gov.br\/seres\/wp-content\/uploads\/sites\/87\/2025\/10\/WhatsApp-Image-2025-10-03-at-19.47.17-768x554.jpeg 768w, https:\/\/portal.pi.gov.br\/seres\/wp-content\/uploads\/sites\/87\/2025\/10\/WhatsApp-Image-2025-10-03-at-19.47.17-420x303.jpeg 420w, https:\/\/portal.pi.gov.br\/seres\/wp-content\/uploads\/sites\/87\/2025\/10\/WhatsApp-Image-2025-10-03-at-19.47.17-624x450.jpeg 624w\" sizes=\"(max-width: 562px) 100vw, 562px\" \/><\/figure><\/div>\n\n\n<p>A 8\u00aa edi\u00e7\u00e3o do Di\u00e1logos pelo Piau\u00ed reafirma o compromisso do Governo do Estado com o desenvolvimento do territ\u00f3rio, valorizando suas comunidades e fortalecendo a participa\u00e7\u00e3o cidad\u00e3 como pilar fundamental para a constru\u00e7\u00e3o de um futuro mais justo, inclusivo e pr\u00f3spero para todos.<\/p>\n\n\n\n<p>Nesse processo, a escuta ativa da popula\u00e7\u00e3o, das organiza\u00e7\u00f5es sociais e das comunidades tradicionais tem garantido um planejamento cada vez mais pr\u00f3ximo das realidades locais. O Governo, por meio da SERES, promove um espa\u00e7o de di\u00e1logo democr\u00e1tico que assegura a representatividade e o protagonismo popular, transformando as demandas sociais em pol\u00edticas p\u00fablicas que refletem os verdadeiros anseios do povo piauiense.<\/p>\n\n\n\n<p>Rep\u00f3rter: Vit\u00f3ria Luna <\/p>\n\n\n\n<div class=\"wp-block-columns is-layout-flex wp-container-2\">\n<div class=\"wp-block-column is-layout-flow\" style=\"flex-basis:100%\"><\/div>\n<\/div>\n\n\n\n<figure class=\"wp-block-gallery has-nested-images columns-default is-cropped wp-block-gallery-3 is-layout-flex\">\n<figure class=\"wp-block-image size-large\"><img decoding=\"async\" loading=\"lazy\" width=\"1024\" height=\"768\" data-id=\"4701\"  src=\"https:\/\/portal.pi.gov.br\/seres\/wp-content\/uploads\/sites\/87\/2025\/10\/WhatsApp-Image-2025-10-03-at-12.10.43-1024x768.jpeg\" alt=\"\" class=\"wp-image-4701\" srcset=\"https:\/\/portal.pi.gov.br\/seres\/wp-content\/uploads\/sites\/87\/2025\/10\/WhatsApp-Image-2025-10-03-at-12.10.43-1024x768.jpeg 1024w, https:\/\/portal.pi.gov.br\/seres\/wp-content\/uploads\/sites\/87\/2025\/10\/WhatsApp-Image-2025-10-03-at-12.10.43-300x225.jpeg 300w, https:\/\/portal.pi.gov.br\/seres\/wp-content\/uploads\/sites\/87\/2025\/10\/WhatsApp-Image-2025-10-03-at-12.10.43-768x576.jpeg 768w, https:\/\/portal.pi.gov.br\/seres\/wp-content\/uploads\/sites\/87\/2025\/10\/WhatsApp-Image-2025-10-03-at-12.10.43-420x315.jpeg 420w, https:\/\/portal.pi.gov.br\/seres\/wp-content\/uploads\/sites\/87\/2025\/10\/WhatsApp-Image-2025-10-03-at-12.10.43-540x405.jpeg 540w, https:\/\/portal.pi.gov.br\/seres\/wp-content\/uploads\/sites\/87\/2025\/10\/WhatsApp-Image-2025-10-03-at-12.10.43-780x585.jpeg 780w, https:\/\/portal.pi.gov.br\/seres\/wp-content\/uploads\/sites\/87\/2025\/10\/WhatsApp-Image-2025-10-03-at-12.10.43-947x710.jpeg 947w, https:\/\/portal.pi.gov.br\/seres\/wp-content\/uploads\/sites\/87\/2025\/10\/WhatsApp-Image-2025-10-03-at-12.10.43-624x468.jpeg 624w, https:\/\/portal.pi.gov.br\/seres\/wp-content\/uploads\/sites\/87\/2025\/10\/WhatsApp-Image-2025-10-03-at-12.10.43.jpeg 1280w\" sizes=\"(max-width: 1024px) 100vw, 1024px\" \/><\/figure>\n\n\n\n<figure class=\"wp-block-image size-large\"><img decoding=\"async\" loading=\"lazy\" width=\"1024\" height=\"768\" data-id=\"4703\"  src=\"https:\/\/portal.pi.gov.br\/seres\/wp-content\/uploads\/sites\/87\/2025\/10\/WhatsApp-Image-2025-10-03-at-12.11.39-1-1024x768.jpeg\" alt=\"\" class=\"wp-image-4703\" srcset=\"https:\/\/portal.pi.gov.br\/seres\/wp-content\/uploads\/sites\/87\/2025\/10\/WhatsApp-Image-2025-10-03-at-12.11.39-1-1024x768.jpeg 1024w, https:\/\/portal.pi.gov.br\/seres\/wp-content\/uploads\/sites\/87\/2025\/10\/WhatsApp-Image-2025-10-03-at-12.11.39-1-300x225.jpeg 300w, https:\/\/portal.pi.gov.br\/seres\/wp-content\/uploads\/sites\/87\/2025\/10\/WhatsApp-Image-2025-10-03-at-12.11.39-1-768x576.jpeg 768w, https:\/\/portal.pi.gov.br\/seres\/wp-content\/uploads\/sites\/87\/2025\/10\/WhatsApp-Image-2025-10-03-at-12.11.39-1-420x315.jpeg 420w, https:\/\/portal.pi.gov.br\/seres\/wp-content\/uploads\/sites\/87\/2025\/10\/WhatsApp-Image-2025-10-03-at-12.11.39-1-540x405.jpeg 540w, https:\/\/portal.pi.gov.br\/seres\/wp-content\/uploads\/sites\/87\/2025\/10\/WhatsApp-Image-2025-10-03-at-12.11.39-1-780x585.jpeg 780w, https:\/\/portal.pi.gov.br\/seres\/wp-content\/uploads\/sites\/87\/2025\/10\/WhatsApp-Image-2025-10-03-at-12.11.39-1-947x710.jpeg 947w, https:\/\/portal.pi.gov.br\/seres\/wp-content\/uploads\/sites\/87\/2025\/10\/WhatsApp-Image-2025-10-03-at-12.11.39-1-624x468.jpeg 624w, https:\/\/portal.pi.gov.br\/seres\/wp-content\/uploads\/sites\/87\/2025\/10\/WhatsApp-Image-2025-10-03-at-12.11.39-1.jpeg 1280w\" sizes=\"(max-width: 1024px) 100vw, 1024px\" \/><\/figure>\n\n\n\n<figure class=\"wp-block-image size-large\"><img decoding=\"async\" loading=\"lazy\" width=\"1024\" height=\"768\" data-id=\"4704\"  src=\"https:\/\/portal.pi.gov.br\/seres\/wp-content\/uploads\/sites\/87\/2025\/10\/WhatsApp-Image-2025-10-03-at-12.22.49-1024x768.jpeg\" alt=\"\" class=\"wp-image-4704\" srcset=\"https:\/\/portal.pi.gov.br\/seres\/wp-content\/uploads\/sites\/87\/2025\/10\/WhatsApp-Image-2025-10-03-at-12.22.49-1024x768.jpeg 1024w, https:\/\/portal.pi.gov.br\/seres\/wp-content\/uploads\/sites\/87\/2025\/10\/WhatsApp-Image-2025-10-03-at-12.22.49-300x225.jpeg 300w, https:\/\/portal.pi.gov.br\/seres\/wp-content\/uploads\/sites\/87\/2025\/10\/WhatsApp-Image-2025-10-03-at-12.22.49-768x576.jpeg 768w, https:\/\/portal.pi.gov.br\/seres\/wp-content\/uploads\/sites\/87\/2025\/10\/WhatsApp-Image-2025-10-03-at-12.22.49-420x315.jpeg 420w, https:\/\/portal.pi.gov.br\/seres\/wp-content\/uploads\/sites\/87\/2025\/10\/WhatsApp-Image-2025-10-03-at-12.22.49-540x405.jpeg 540w, https:\/\/portal.pi.gov.br\/seres\/wp-content\/uploads\/sites\/87\/2025\/10\/WhatsApp-Image-2025-10-03-at-12.22.49-780x585.jpeg 780w, https:\/\/portal.pi.gov.br\/seres\/wp-content\/uploads\/sites\/87\/2025\/10\/WhatsApp-Image-2025-10-03-at-12.22.49-947x710.jpeg 947w, https:\/\/portal.pi.gov.br\/seres\/wp-content\/uploads\/sites\/87\/2025\/10\/WhatsApp-Image-2025-10-03-at-12.22.49-624x468.jpeg 624w, https:\/\/portal.pi.gov.br\/seres\/wp-content\/uploads\/sites\/87\/2025\/10\/WhatsApp-Image-2025-10-03-at-12.22.49.jpeg 1280w\" sizes=\"(max-width: 1024px) 100vw, 1024px\" \/><\/figure>\n\n\n\n<figure class=\"wp-block-image size-large\"><img decoding=\"async\" loading=\"lazy\" width=\"1024\" height=\"682\" data-id=\"4710\"  src=\"https:\/\/portal.pi.gov.br\/seres\/wp-content\/uploads\/sites\/87\/2025\/10\/WhatsApp-Image-2025-10-03-at-19.26.59-1024x682.jpeg\" alt=\"\" class=\"wp-image-4710\" srcset=\"https:\/\/portal.pi.gov.br\/seres\/wp-content\/uploads\/sites\/87\/2025\/10\/WhatsApp-Image-2025-10-03-at-19.26.59-1024x682.jpeg 1024w, https:\/\/portal.pi.gov.br\/seres\/wp-content\/uploads\/sites\/87\/2025\/10\/WhatsApp-Image-2025-10-03-at-19.26.59-300x200.jpeg 300w, https:\/\/portal.pi.gov.br\/seres\/wp-content\/uploads\/sites\/87\/2025\/10\/WhatsApp-Image-2025-10-03-at-19.26.59-768x512.jpeg 768w, https:\/\/portal.pi.gov.br\/seres\/wp-content\/uploads\/sites\/87\/2025\/10\/WhatsApp-Image-2025-10-03-at-19.26.59-420x280.jpeg 420w, https:\/\/portal.pi.gov.br\/seres\/wp-content\/uploads\/sites\/87\/2025\/10\/WhatsApp-Image-2025-10-03-at-19.26.59-540x360.jpeg 540w, https:\/\/portal.pi.gov.br\/seres\/wp-content\/uploads\/sites\/87\/2025\/10\/WhatsApp-Image-2025-10-03-at-19.26.59-780x520.jpeg 780w, https:\/\/portal.pi.gov.br\/seres\/wp-content\/uploads\/sites\/87\/2025\/10\/WhatsApp-Image-2025-10-03-at-19.26.59-947x631.jpeg 947w, https:\/\/portal.pi.gov.br\/seres\/wp-content\/uploads\/sites\/87\/2025\/10\/WhatsApp-Image-2025-10-03-at-19.26.59-624x416.jpeg 624w, https:\/\/portal.pi.gov.br\/seres\/wp-content\/uploads\/sites\/87\/2025\/10\/WhatsApp-Image-2025-10-03-at-19.26.59-84x56.jpeg 84w, https:\/\/portal.pi.gov.br\/seres\/wp-content\/uploads\/sites\/87\/2025\/10\/WhatsApp-Image-2025-10-03-at-19.26.59.jpeg 1280w\" sizes=\"(max-width: 1024px) 100vw, 1024px\" \/><\/figure>\n\n\n\n<figure class=\"wp-block-image size-large\"><img decoding=\"async\" loading=\"lazy\" width=\"768\" height=\"1024\" data-id=\"4708\"  src=\"https:\/\/portal.pi.gov.br\/seres\/wp-content\/uploads\/sites\/87\/2025\/10\/WhatsApp-Image-2025-10-03-at-12.16.19-768x1024.jpeg\" alt=\"\" class=\"wp-image-4708\" srcset=\"https:\/\/portal.pi.gov.br\/seres\/wp-content\/uploads\/sites\/87\/2025\/10\/WhatsApp-Image-2025-10-03-at-12.16.19-768x1024.jpeg 768w, https:\/\/portal.pi.gov.br\/seres\/wp-content\/uploads\/sites\/87\/2025\/10\/WhatsApp-Image-2025-10-03-at-12.16.19-225x300.jpeg 225w, https:\/\/portal.pi.gov.br\/seres\/wp-content\/uploads\/sites\/87\/2025\/10\/WhatsApp-Image-2025-10-03-at-12.16.19-315x420.jpeg 315w, https:\/\/portal.pi.gov.br\/seres\/wp-content\/uploads\/sites\/87\/2025\/10\/WhatsApp-Image-2025-10-03-at-12.16.19-405x540.jpeg 405w, https:\/\/portal.pi.gov.br\/seres\/wp-content\/uploads\/sites\/87\/2025\/10\/WhatsApp-Image-2025-10-03-at-12.16.19-585x780.jpeg 585w, https:\/\/portal.pi.gov.br\/seres\/wp-content\/uploads\/sites\/87\/2025\/10\/WhatsApp-Image-2025-10-03-at-12.16.19-947x1263.jpeg 947w, https:\/\/portal.pi.gov.br\/seres\/wp-content\/uploads\/sites\/87\/2025\/10\/WhatsApp-Image-2025-10-03-at-12.16.19-624x832.jpeg 624w, https:\/\/portal.pi.gov.br\/seres\/wp-content\/uploads\/sites\/87\/2025\/10\/WhatsApp-Image-2025-10-03-at-12.16.19.jpeg 960w\" sizes=\"(max-width: 768px) 100vw, 768px\" \/><\/figure>\n\n\n\n<figure class=\"wp-block-image size-large\"><img decoding=\"async\" loading=\"lazy\" width=\"1024\" height=\"768\" data-id=\"4709\"  src=\"https:\/\/portal.pi.gov.br\/seres\/wp-content\/uploads\/sites\/87\/2025\/10\/WhatsApp-Image-2025-10-03-at-12.22.49-1-1024x768.jpeg\" alt=\"\" class=\"wp-image-4709\" srcset=\"https:\/\/portal.pi.gov.br\/seres\/wp-content\/uploads\/sites\/87\/2025\/10\/WhatsApp-Image-2025-10-03-at-12.22.49-1-1024x768.jpeg 1024w, https:\/\/portal.pi.gov.br\/seres\/wp-content\/uploads\/sites\/87\/2025\/10\/WhatsApp-Image-2025-10-03-at-12.22.49-1-300x225.jpeg 300w, https:\/\/portal.pi.gov.br\/seres\/wp-content\/uploads\/sites\/87\/2025\/10\/WhatsApp-Image-2025-10-03-at-12.22.49-1-768x576.jpeg 768w, https:\/\/portal.pi.gov.br\/seres\/wp-content\/uploads\/sites\/87\/2025\/10\/WhatsApp-Image-2025-10-03-at-12.22.49-1-420x315.jpeg 420w, https:\/\/portal.pi.gov.br\/seres\/wp-content\/uploads\/sites\/87\/2025\/10\/WhatsApp-Image-2025-10-03-at-12.22.49-1-540x405.jpeg 540w, https:\/\/portal.pi.gov.br\/seres\/wp-content\/uploads\/sites\/87\/2025\/10\/WhatsApp-Image-2025-10-03-at-12.22.49-1-780x585.jpeg 780w, https:\/\/portal.pi.gov.br\/seres\/wp-content\/uploads\/sites\/87\/2025\/10\/WhatsApp-Image-2025-10-03-at-12.22.49-1-947x710.jpeg 947w, https:\/\/portal.pi.gov.br\/seres\/wp-content\/uploads\/sites\/87\/2025\/10\/WhatsApp-Image-2025-10-03-at-12.22.49-1-624x468.jpeg 624w, https:\/\/portal.pi.gov.br\/seres\/wp-content\/uploads\/sites\/87\/2025\/10\/WhatsApp-Image-2025-10-03-at-12.22.49-1.jpeg 1280w\" sizes=\"(max-width: 1024px) 100vw, 1024px\" \/><\/figure>\n\n\n\n<figure class=\"wp-block-image size-large\"><img decoding=\"async\" loading=\"lazy\" width=\"1024\" height=\"682\" data-id=\"4707\"  src=\"https:\/\/portal.pi.gov.br\/seres\/wp-content\/uploads\/sites\/87\/2025\/10\/WhatsApp-Image-2025-10-03-at-19.26.41-1-1024x682.jpeg\" alt=\"\" class=\"wp-image-4707\" srcset=\"https:\/\/portal.pi.gov.br\/seres\/wp-content\/uploads\/sites\/87\/2025\/10\/WhatsApp-Image-2025-10-03-at-19.26.41-1-1024x682.jpeg 1024w, https:\/\/portal.pi.gov.br\/seres\/wp-content\/uploads\/sites\/87\/2025\/10\/WhatsApp-Image-2025-10-03-at-19.26.41-1-300x200.jpeg 300w, https:\/\/portal.pi.gov.br\/seres\/wp-content\/uploads\/sites\/87\/2025\/10\/WhatsApp-Image-2025-10-03-at-19.26.41-1-768x512.jpeg 768w, https:\/\/portal.pi.gov.br\/seres\/wp-content\/uploads\/sites\/87\/2025\/10\/WhatsApp-Image-2025-10-03-at-19.26.41-1-420x280.jpeg 420w, https:\/\/portal.pi.gov.br\/seres\/wp-content\/uploads\/sites\/87\/2025\/10\/WhatsApp-Image-2025-10-03-at-19.26.41-1-540x360.jpeg 540w, https:\/\/portal.pi.gov.br\/seres\/wp-content\/uploads\/sites\/87\/2025\/10\/WhatsApp-Image-2025-10-03-at-19.26.41-1-780x520.jpeg 780w, https:\/\/portal.pi.gov.br\/seres\/wp-content\/uploads\/sites\/87\/2025\/10\/WhatsApp-Image-2025-10-03-at-19.26.41-1-947x631.jpeg 947w, https:\/\/portal.pi.gov.br\/seres\/wp-content\/uploads\/sites\/87\/2025\/10\/WhatsApp-Image-2025-10-03-at-19.26.41-1-624x416.jpeg 624w, https:\/\/portal.pi.gov.br\/seres\/wp-content\/uploads\/sites\/87\/2025\/10\/WhatsApp-Image-2025-10-03-at-19.26.41-1-84x56.jpeg 84w, https:\/\/portal.pi.gov.br\/seres\/wp-content\/uploads\/sites\/87\/2025\/10\/WhatsApp-Image-2025-10-03-at-19.26.41-1.jpeg 1280w\" sizes=\"(max-width: 1024px) 100vw, 1024px\" \/><\/figure>\n\n\n\n<figure class=\"wp-block-image size-large\"><img decoding=\"async\" loading=\"lazy\" width=\"1024\" height=\"768\" data-id=\"4706\"  src=\"https:\/\/portal.pi.gov.br\/seres\/wp-content\/uploads\/sites\/87\/2025\/10\/WhatsApp-Image-2025-10-03-at-17.13.38-1024x768.jpeg\" alt=\"\" class=\"wp-image-4706\" srcset=\"https:\/\/portal.pi.gov.br\/seres\/wp-content\/uploads\/sites\/87\/2025\/10\/WhatsApp-Image-2025-10-03-at-17.13.38-1024x768.jpeg 1024w, https:\/\/portal.pi.gov.br\/seres\/wp-content\/uploads\/sites\/87\/2025\/10\/WhatsApp-Image-2025-10-03-at-17.13.38-300x225.jpeg 300w, https:\/\/portal.pi.gov.br\/seres\/wp-content\/uploads\/sites\/87\/2025\/10\/WhatsApp-Image-2025-10-03-at-17.13.38-768x576.jpeg 768w, https:\/\/portal.pi.gov.br\/seres\/wp-content\/uploads\/sites\/87\/2025\/10\/WhatsApp-Image-2025-10-03-at-17.13.38-420x315.jpeg 420w, https:\/\/portal.pi.gov.br\/seres\/wp-content\/uploads\/sites\/87\/2025\/10\/WhatsApp-Image-2025-10-03-at-17.13.38-540x405.jpeg 540w, https:\/\/portal.pi.gov.br\/seres\/wp-content\/uploads\/sites\/87\/2025\/10\/WhatsApp-Image-2025-10-03-at-17.13.38-780x585.jpeg 780w, https:\/\/portal.pi.gov.br\/seres\/wp-content\/uploads\/sites\/87\/2025\/10\/WhatsApp-Image-2025-10-03-at-17.13.38-947x710.jpeg 947w, https:\/\/portal.pi.gov.br\/seres\/wp-content\/uploads\/sites\/87\/2025\/10\/WhatsApp-Image-2025-10-03-at-17.13.38-624x468.jpeg 624w, https:\/\/portal.pi.gov.br\/seres\/wp-content\/uploads\/sites\/87\/2025\/10\/WhatsApp-Image-2025-10-03-at-17.13.38.jpeg 1280w\" sizes=\"(max-width: 1024px) 100vw, 1024px\" \/><\/figure>\n\n\n\n<figure class=\"wp-block-image size-large\"><img decoding=\"async\" loading=\"lazy\" width=\"1024\" height=\"768\" data-id=\"4705\"  src=\"https:\/\/portal.pi.gov.br\/seres\/wp-content\/uploads\/sites\/87\/2025\/10\/WhatsApp-Image-2025-10-03-at-12.11.38-1-1024x768.jpeg\" alt=\"\" class=\"wp-image-4705\" srcset=\"https:\/\/portal.pi.gov.br\/seres\/wp-content\/uploads\/sites\/87\/2025\/10\/WhatsApp-Image-2025-10-03-at-12.11.38-1-1024x768.jpeg 1024w, https:\/\/portal.pi.gov.br\/seres\/wp-content\/uploads\/sites\/87\/2025\/10\/WhatsApp-Image-2025-10-03-at-12.11.38-1-300x225.jpeg 300w, https:\/\/portal.pi.gov.br\/seres\/wp-content\/uploads\/sites\/87\/2025\/10\/WhatsApp-Image-2025-10-03-at-12.11.38-1-768x576.jpeg 768w, https:\/\/portal.pi.gov.br\/seres\/wp-content\/uploads\/sites\/87\/2025\/10\/WhatsApp-Image-2025-10-03-at-12.11.38-1-420x315.jpeg 420w, https:\/\/portal.pi.gov.br\/seres\/wp-content\/uploads\/sites\/87\/2025\/10\/WhatsApp-Image-2025-10-03-at-12.11.38-1-540x405.jpeg 540w, https:\/\/portal.pi.gov.br\/seres\/wp-content\/uploads\/sites\/87\/2025\/10\/WhatsApp-Image-2025-10-03-at-12.11.38-1-780x585.jpeg 780w, https:\/\/portal.pi.gov.br\/seres\/wp-content\/uploads\/sites\/87\/2025\/10\/WhatsApp-Image-2025-10-03-at-12.11.38-1-947x710.jpeg 947w, https:\/\/portal.pi.gov.br\/seres\/wp-content\/uploads\/sites\/87\/2025\/10\/WhatsApp-Image-2025-10-03-at-12.11.38-1-624x468.jpeg 624w, https:\/\/portal.pi.gov.br\/seres\/wp-content\/uploads\/sites\/87\/2025\/10\/WhatsApp-Image-2025-10-03-at-12.11.38-1.jpeg 1280w\" sizes=\"(max-width: 1024px) 100vw, 1024px\" \/><\/figure>\n<\/figure>\n","protected":false},"excerpt":{"rendered":"<p>Realizado em Oeiras, o evento contou com oficinas tem\u00e1ticas e uma plen\u00e1ria para discuss\u00e3o de propostas com o governador Rafael Fonteles. As lideran\u00e7as do Territ\u00f3rio do Vale do Canind\u00e9, composto [&hellip;]<\/p>\n","protected":false},"author":1748,"featured_media":4707,"comment_status":"closed","ping_status":"closed","sticky":false,"template":"","format":"standard","meta":[],"categories":[34],"tags":[47,41],"featured_image_urls":{"full":["https:\/\/portal.pi.gov.br\/seres\/wp-content\/uploads\/sites\/87\/2025\/10\/WhatsApp-Image-2025-10-03-at-19.26.41-1.jpeg",1280,853,false],"thumbnail":["https:\/\/portal.pi.gov.br\/seres\/wp-content\/uploads\/sites\/87\/2025\/10\/WhatsApp-Image-2025-10-03-at-19.26.41-1-150x150.jpeg",150,150,true],"medium":["https:\/\/portal.pi.gov.br\/seres\/wp-content\/uploads\/sites\/87\/2025\/10\/WhatsApp-Image-2025-10-03-at-19.26.41-1-300x200.jpeg",300,200,true],"medium_large":["https:\/\/portal.pi.gov.br\/seres\/wp-content\/uploads\/sites\/87\/2025\/10\/WhatsApp-Image-2025-10-03-at-19.26.41-1-768x512.jpeg",768,512,true],"large":["https:\/\/portal.pi.gov.br\/seres\/wp-content\/uploads\/sites\/87\/2025\/10\/WhatsApp-Image-2025-10-03-at-19.26.41-1-1024x682.jpeg",887,591,true],"sgg-420":["https:\/\/portal.pi.gov.br\/seres\/wp-content\/uploads\/sites\/87\/2025\/10\/WhatsApp-Image-2025-10-03-at-19.26.41-1-420x280.jpeg",420,280,true],"sgg-540":["https:\/\/portal.pi.gov.br\/seres\/wp-content\/uploads\/sites\/87\/2025\/10\/WhatsApp-Image-2025-10-03-at-19.26.41-1-540x360.jpeg",540,360,true],"sgg-780":["https:\/\/portal.pi.gov.br\/seres\/wp-content\/uploads\/sites\/87\/2025\/10\/WhatsApp-Image-2025-10-03-at-19.26.41-1-780x520.jpeg",780,520,true],"1536x1536":["https:\/\/portal.pi.gov.br\/seres\/wp-content\/uploads\/sites\/87\/2025\/10\/WhatsApp-Image-2025-10-03-at-19.26.41-1.jpeg",1280,853,false],"2048x2048":["https:\/\/portal.pi.gov.br\/seres\/wp-content\/uploads\/sites\/87\/2025\/10\/WhatsApp-Image-2025-10-03-at-19.26.41-1.jpeg",1280,853,false],"homepage-slider":["https:\/\/portal.pi.gov.br\/seres\/wp-content\/uploads\/sites\/87\/2025\/10\/WhatsApp-Image-2025-10-03-at-19.26.41-1-1270x500.jpeg",1270,500,true],"homepage-slider-small":["https:\/\/portal.pi.gov.br\/seres\/wp-content\/uploads\/sites\/87\/2025\/10\/WhatsApp-Image-2025-10-03-at-19.26.41-1-947x500.jpeg",947,500,true],"page-top":["https:\/\/portal.pi.gov.br\/seres\/wp-content\/uploads\/sites\/87\/2025\/10\/WhatsApp-Image-2025-10-03-at-19.26.41-1-947x631.jpeg",947,631,true],"page-small":["https:\/\/portal.pi.gov.br\/seres\/wp-content\/uploads\/sites\/87\/2025\/10\/WhatsApp-Image-2025-10-03-at-19.26.41-1-624x416.jpeg",624,416,true],"loop-main":["https:\/\/portal.pi.gov.br\/seres\/wp-content\/uploads\/sites\/87\/2025\/10\/WhatsApp-Image-2025-10-03-at-19.26.41-1-365x240.jpeg",365,240,true],"thumb-gallery-widget":["https:\/\/portal.pi.gov.br\/seres\/wp-content\/uploads\/sites\/87\/2025\/10\/WhatsApp-Image-2025-10-03-at-19.26.41-1-84x56.jpeg",84,56,true]},"post_excerpt_stackable":"<p>Realizado em Oeiras, o evento contou com oficinas tem\u00e1ticas e uma plen\u00e1ria para discuss\u00e3o de propostas com o governador Rafael Fonteles. As lideran\u00e7as do Territ\u00f3rio do Vale do Canind\u00e9, composto por 17 munic\u00edpios, participaram da 8\u00aa edi\u00e7\u00e3o do Di\u00e1logos pelo Piau\u00ed, realizada nesta sexta-feira (03), em Oeiras. O momento, que contou com a presen\u00e7a do Governador Rafael Fonteles, reafirma o compromisso do governo do estado em promover a participa\u00e7\u00e3o social nos territ\u00f3rios. A Secretaria de Estado das Rela\u00e7\u00f5es Sociais atua de forma ativa nas mobiliza\u00e7\u00f5es junto \u00e0s representa\u00e7\u00f5es da sociedade civil, movimentos sociais e sindicais para que participem das oficinas&hellip;<\/p>\n","category_list":"<a href=\"https:\/\/portal.pi.gov.br\/seres\/category\/noticias\/\" rel=\"category tag\">Not\u00edcias<\/a>","author_info":{"name":"natalina","url":"https:\/\/portal.pi.gov.br\/seres\/author\/natalina\/"},"comments_num":"0 coment\u00e1rio","featured_image_urls_v2":{"full":["https:\/\/portal.pi.gov.br\/seres\/wp-content\/uploads\/sites\/87\/2025\/10\/WhatsApp-Image-2025-10-03-at-19.26.41-1.jpeg",1280,853,false],"thumbnail":["https:\/\/portal.pi.gov.br\/seres\/wp-content\/uploads\/sites\/87\/2025\/10\/WhatsApp-Image-2025-10-03-at-19.26.41-1-150x150.jpeg",150,150,true],"medium":["https:\/\/portal.pi.gov.br\/seres\/wp-content\/uploads\/sites\/87\/2025\/10\/WhatsApp-Image-2025-10-03-at-19.26.41-1-300x200.jpeg",300,200,true],"medium_large":["https:\/\/portal.pi.gov.br\/seres\/wp-content\/uploads\/sites\/87\/2025\/10\/WhatsApp-Image-2025-10-03-at-19.26.41-1-768x512.jpeg",768,512,true],"large":["https:\/\/portal.pi.gov.br\/seres\/wp-content\/uploads\/sites\/87\/2025\/10\/WhatsApp-Image-2025-10-03-at-19.26.41-1-1024x682.jpeg",887,591,true],"sgg-420":["https:\/\/portal.pi.gov.br\/seres\/wp-content\/uploads\/sites\/87\/2025\/10\/WhatsApp-Image-2025-10-03-at-19.26.41-1-420x280.jpeg",420,280,true],"sgg-540":["https:\/\/portal.pi.gov.br\/seres\/wp-content\/uploads\/sites\/87\/2025\/10\/WhatsApp-Image-2025-10-03-at-19.26.41-1-540x360.jpeg",540,360,true],"sgg-780":["https:\/\/portal.pi.gov.br\/seres\/wp-content\/uploads\/sites\/87\/2025\/10\/WhatsApp-Image-2025-10-03-at-19.26.41-1-780x520.jpeg",780,520,true],"1536x1536":["https:\/\/portal.pi.gov.br\/seres\/wp-content\/uploads\/sites\/87\/2025\/10\/WhatsApp-Image-2025-10-03-at-19.26.41-1.jpeg",1280,853,false],"2048x2048":["https:\/\/portal.pi.gov.br\/seres\/wp-content\/uploads\/sites\/87\/2025\/10\/WhatsApp-Image-2025-10-03-at-19.26.41-1.jpeg",1280,853,false],"homepage-slider":["https:\/\/portal.pi.gov.br\/seres\/wp-content\/uploads\/sites\/87\/2025\/10\/WhatsApp-Image-2025-10-03-at-19.26.41-1-1270x500.jpeg",1270,500,true],"homepage-slider-small":["https:\/\/portal.pi.gov.br\/seres\/wp-content\/uploads\/sites\/87\/2025\/10\/WhatsApp-Image-2025-10-03-at-19.26.41-1-947x500.jpeg",947,500,true],"page-top":["https:\/\/portal.pi.gov.br\/seres\/wp-content\/uploads\/sites\/87\/2025\/10\/WhatsApp-Image-2025-10-03-at-19.26.41-1-947x631.jpeg",947,631,true],"page-small":["https:\/\/portal.pi.gov.br\/seres\/wp-content\/uploads\/sites\/87\/2025\/10\/WhatsApp-Image-2025-10-03-at-19.26.41-1-624x416.jpeg",624,416,true],"loop-main":["https:\/\/portal.pi.gov.br\/seres\/wp-content\/uploads\/sites\/87\/2025\/10\/WhatsApp-Image-2025-10-03-at-19.26.41-1-365x240.jpeg",365,240,true],"thumb-gallery-widget":["https:\/\/portal.pi.gov.br\/seres\/wp-content\/uploads\/sites\/87\/2025\/10\/WhatsApp-Image-2025-10-03-at-19.26.41-1-84x56.jpeg",84,56,true]},"post_excerpt_stackable_v2":"<p>Realizado em Oeiras, o evento contou com oficinas tem\u00e1ticas e uma plen\u00e1ria para discuss\u00e3o de propostas com o governador Rafael Fonteles. As lideran\u00e7as do Territ\u00f3rio do Vale do Canind\u00e9, composto por 17 munic\u00edpios, participaram da 8\u00aa edi\u00e7\u00e3o do Di\u00e1logos pelo Piau\u00ed, realizada nesta sexta-feira (03), em Oeiras. O momento, que contou com a presen\u00e7a do Governador Rafael Fonteles, reafirma o compromisso do governo do estado em promover a participa\u00e7\u00e3o social nos territ\u00f3rios. A Secretaria de Estado das Rela\u00e7\u00f5es Sociais atua de forma ativa nas mobiliza\u00e7\u00f5es junto \u00e0s representa\u00e7\u00f5es da sociedade civil, movimentos sociais e sindicais para que participem das oficinas&hellip;<\/p>\n","category_list_v2":"<a href=\"https:\/\/portal.pi.gov.br\/seres\/category\/noticias\/\" rel=\"category tag\">Not\u00edcias<\/a>","author_info_v2":{"name":"natalina","url":"https:\/\/portal.pi.gov.br\/seres\/author\/natalina\/"},"comments_num_v2":"0 coment\u00e1rio","jetpack_featured_media_url":"https:\/\/portal.pi.gov.br\/seres\/wp-content\/uploads\/sites\/87\/2025\/10\/WhatsApp-Image-2025-10-03-at-19.26.41-1.jpeg","_links":{"self":[{"href":"https:\/\/portal.pi.gov.br\/seres\/wp-json\/wp\/v2\/posts\/4688"}],"collection":[{"href":"https:\/\/portal.pi.gov.br\/seres\/wp-json\/wp\/v2\/posts"}],"about":[{"href":"https:\/\/portal.pi.gov.br\/seres\/wp-json\/wp\/v2\/types\/post"}],"author":[{"embeddable":true,"href":"https:\/\/portal.pi.gov.br\/seres\/wp-json\/wp\/v2\/users\/1748"}],"replies":[{"embeddable":true,"href":"https:\/\/portal.pi.gov.br\/seres\/wp-json\/wp\/v2\/comments?post=4688"}],"version-history":[{"count":8,"href":"https:\/\/portal.pi.gov.br\/seres\/wp-json\/wp\/v2\/posts\/4688\/revisions"}],"predecessor-version":[{"id":4750,"href":"https:\/\/portal.pi.gov.br\/seres\/wp-json\/wp\/v2\/posts\/4688\/revisions\/4750"}],"wp:featuredmedia":[{"embeddable":true,"href":"https:\/\/portal.pi.gov.br\/seres\/wp-json\/wp\/v2\/media\/4707"}],"wp:attachment":[{"href":"https:\/\/portal.pi.gov.br\/seres\/wp-json\/wp\/v2\/media?parent=4688"}],"wp:term":[{"taxonomy":"category","embeddable":true,"href":"https:\/\/portal.pi.gov.br\/seres\/wp-json\/wp\/v2\/categories?post=4688"},{"taxonomy":"post_tag","embeddable":true,"href":"https:\/\/portal.pi.gov.br\/seres\/wp-json\/wp\/v2\/tags?post=4688"}],"curies":[{"name":"wp","href":"https:\/\/api.w.org\/{rel}","templated":true}]}}