{"id":4751,"date":"2025-10-09T11:12:35","date_gmt":"2025-10-09T14:12:35","guid":{"rendered":"https:\/\/portal.pi.gov.br\/seres\/?p=4751"},"modified":"2025-10-09T12:21:25","modified_gmt":"2025-10-09T15:21:25","slug":"9a-edicao-do-dialogos-pelo-piaui-acontece-em-valenca-nesta-sexta-10","status":"publish","type":"post","link":"https:\/\/portal.pi.gov.br\/seres\/2025\/10\/09\/9a-edicao-do-dialogos-pelo-piaui-acontece-em-valenca-nesta-sexta-10\/","title":{"rendered":"9\u00aa Edi\u00e7\u00e3o do Di\u00e1logos pelo Piau\u00ed acontece em Valen\u00e7a nesta sexta (10)"},"content":{"rendered":"\n<p><\/p>\n\n\n\n<p><\/p>\n\n\n\n<p>O munic\u00edpio de Valen\u00e7a do Piau\u00ed ser\u00e1 palco, nesta sexta e s\u00e1bado (10 e 11 de outubro), da 9\u00aa edi\u00e7\u00e3o do Di\u00e1logos pelo Piau\u00ed, iniciativa do Governo do Estado que tem como objetivo fortalecer a participa\u00e7\u00e3o social e promover o desenvolvimento regional por meio da escuta ativa da popula\u00e7\u00e3o e das lideran\u00e7as locais.<\/p>\n\n\n\n<p>Nesta edi\u00e7\u00e3o, o programa concentra suas a\u00e7\u00f5es no Territ\u00f3rio do Vale do Sambito, que abrange 15 munic\u00edpios, entre eles Lagoa do S\u00edtio, Novo Oriente, Pimenteiras, Inhuma, Francin\u00f3polis e Elesb\u00e3o Veloso. O territ\u00f3rio tem import\u00e2ncia estrat\u00e9gica para o desenvolvimento econ\u00f4mico e social do estado, especialmente nas \u00e1reas de agricultura, com\u00e9rcio e turismo.<\/p>\n\n\n\n<p><\/p>\n\n\n\n<h4 class=\"wp-block-heading\"><strong>Oficina de Planejamento Participativo<\/strong><\/h4>\n\n\n\n<p><\/p>\n\n\n\n<p>A programa\u00e7\u00e3o tem in\u00edcio na sexta-feira (10) com a Oficina de Planejamento Participativo, que reunir\u00e1 representantes da sociedade civil, conselhos municipais, lideran\u00e7as comunit\u00e1rias, associa\u00e7\u00f5es, sindicatos e gestores p\u00fablicos locais. O encontro tem como finalidade identificar os principais desafios e potencialidades da regi\u00e3o, resultando em um conjunto de propostas de pol\u00edticas p\u00fablicas constru\u00eddas de forma coletiva. As sugest\u00f5es elaboradas durante a oficina ser\u00e3o sistematizadas e apresentadas no s\u00e1bado (11), durante a Plen\u00e1ria Geral, que contar\u00e1 com a presen\u00e7a do governador Rafael Fonteles, secret\u00e1rios de Estado e demais gestores do Governo do Piau\u00ed.<\/p>\n\n\n\n<p><\/p>\n\n\n\n<h4 class=\"wp-block-heading\"><strong>Plen\u00e1ria com foco em resultados<\/strong><\/h4>\n\n\n\n<p><\/p>\n\n\n\n<p>Na plen\u00e1ria, as propostas ser\u00e3o discutidas, priorizadas e votadas, definindo as principais demandas que orientar\u00e3o os investimentos do Governo do Estado nos pr\u00f3ximos dois anos. Ser\u00e3o debatidos temas fundamentais como sa\u00fade, educa\u00e7\u00e3o, infraestrutura, seguran\u00e7a p\u00fablica, agricultura familiar e gera\u00e7\u00e3o de empregos, \u00e1reas consideradas estrat\u00e9gicas para o fortalecimento do territ\u00f3rio.<\/p>\n\n\n\n<h4 class=\"wp-block-heading\"><strong>Gest\u00e3o participativa e desenvolvimento territorial<\/strong><\/h4>\n\n\n\n<p><\/p>\n\n\n\n<p>O Di\u00e1logos pelo Piau\u00ed integra a agenda de governo participativo da gest\u00e3o Rafael Fonteles e refor\u00e7a o compromisso do Estado com uma governan\u00e7a mais democr\u00e1tica, transparente e pr\u00f3xima da popula\u00e7\u00e3o. Desde a sua cria\u00e7\u00e3o, o programa vem percorrendo os territ\u00f3rios de desenvolvimento do Piau\u00ed, ouvindo as comunidades locais e transformando as propostas levantadas em a\u00e7\u00f5es concretas e planejadas.<\/p>\n\n\n\n<p><\/p>\n\n\n\n<p>Segundo o governador Rafael Fonteles, a iniciativa \u00e9 um instrumento essencial para aproximar o Estado da popula\u00e7\u00e3o: \u201cO Di\u00e1logos pelo Piau\u00ed \u00e9 uma forma de ouvir quem vive a realidade de cada territ\u00f3rio. S\u00f3 assim conseguimos planejar investimentos que realmente fa\u00e7am diferen\u00e7a na vida das pessoas e fortale\u00e7am o desenvolvimento regional\u201d, destacou o governador.<\/p>\n\n\n\n<p><\/p>\n\n\n\n<p>O Territ\u00f3rio do Vale do Sambito re\u00fane munic\u00edpios com voca\u00e7\u00f5es econ\u00f4micas diversas e grande potencial para o<strong> <\/strong>fortalecimento da agricultura familiar, do turismo rural e da produ\u00e7\u00e3o agroindustrial. Com o Di\u00e1logos pelo Piau\u00ed, o Governo busca construir uma agenda integrada que una as potencialidades locais e promova crescimento sustent\u00e1vel e inclusivo.<\/p>\n\n\n\n<p>O evento \u00e9 uma oportunidade \u00fanica para os moradores da regi\u00e3o influenciarem diretamente a formula\u00e7\u00e3o de pol\u00edticas p\u00fablicas que atendam suas reais necessidades, refor\u00e7ando o compromisso do Governo do Estado com uma gest\u00e3o participativa e conectada \u00e0 realidade de cada territ\u00f3rio piauiense.<\/p>\n\n\n\n<p>Para participar, fa\u00e7a sua inscri\u00e7\u00e3o<a href=\"https:\/\/dialogos.seplan.pi.gov.br\/\"><strong> clicando aqui<\/strong><\/a><strong>!&nbsp;&nbsp;&nbsp;&nbsp;&nbsp;&nbsp;&nbsp;&nbsp;&nbsp;&nbsp;&nbsp;&nbsp;&nbsp;&nbsp;&nbsp;&nbsp;&nbsp;&nbsp;<\/strong><\/p>\n\n\n\n<p><\/p>\n\n\n\n<p><\/p>\n\n\n\n<p><\/p>\n\n\n\n<p><\/p>\n\n\n<div class=\"wp-block-image\">\n<figure class=\"aligncenter size-large is-resized\"><img decoding=\"async\" loading=\"lazy\" src=\"https:\/\/portal.pi.gov.br\/seres\/wp-content\/uploads\/sites\/87\/2025\/10\/image-819x1024.png\" alt=\"\" class=\"wp-image-4754\" width=\"506\" height=\"633\" srcset=\"https:\/\/portal.pi.gov.br\/seres\/wp-content\/uploads\/sites\/87\/2025\/10\/image-819x1024.png 819w, https:\/\/portal.pi.gov.br\/seres\/wp-content\/uploads\/sites\/87\/2025\/10\/image-240x300.png 240w, https:\/\/portal.pi.gov.br\/seres\/wp-content\/uploads\/sites\/87\/2025\/10\/image-768x960.png 768w, https:\/\/portal.pi.gov.br\/seres\/wp-content\/uploads\/sites\/87\/2025\/10\/image-336x420.png 336w, https:\/\/portal.pi.gov.br\/seres\/wp-content\/uploads\/sites\/87\/2025\/10\/image-432x540.png 432w, https:\/\/portal.pi.gov.br\/seres\/wp-content\/uploads\/sites\/87\/2025\/10\/image-624x780.png 624w, https:\/\/portal.pi.gov.br\/seres\/wp-content\/uploads\/sites\/87\/2025\/10\/image-947x1184.png 947w, https:\/\/portal.pi.gov.br\/seres\/wp-content\/uploads\/sites\/87\/2025\/10\/image.png 1024w\" sizes=\"(max-width: 506px) 100vw, 506px\" \/><\/figure><\/div>\n\n\n<p><strong>Programa\u00e7\u00e3o:<\/strong><\/p>\n\n\n\n<p><strong>Oficina de Planejamento Participativo<\/strong><\/p>\n\n\n\n<p><strong>Data: Sexta-feira, 10 de outubro<\/strong><\/p>\n\n\n\n<p><strong>Local: IFPI \u2013 Campus Valen\u00e7a<\/strong><\/p>\n\n\n\n<p><strong>Hor\u00e1rio: 13h \u00e0s 18h<\/strong><\/p>\n\n\n\n<p><strong>Plen\u00e1ria Geral<\/strong><\/p>\n\n\n\n<p><strong>Data: S\u00e1bado, 11 de outubro<\/strong><\/p>\n\n\n\n<p><strong>Local: IFPI \u2013 Campus Valen\u00e7a<\/strong><\/p>\n\n\n\n<p><strong>Hor\u00e1rio: 10h15<\/strong><\/p>\n\n\n\n<p><\/p>\n\n\n\n<p><\/p>\n\n\n\n<p>Rep\u00f3rter: Vit\u00f3ria Luna<\/p>\n","protected":false},"excerpt":{"rendered":"<p>O munic\u00edpio de Valen\u00e7a do Piau\u00ed ser\u00e1 palco, nesta sexta e s\u00e1bado (10 e 11 de outubro), da 9\u00aa edi\u00e7\u00e3o do Di\u00e1logos pelo Piau\u00ed, iniciativa do Governo do Estado que [&hellip;]<\/p>\n","protected":false},"author":1748,"featured_media":4756,"comment_status":"closed","ping_status":"closed","sticky":false,"template":"","format":"standard","meta":[],"categories":[34,1],"tags":[],"featured_image_urls":{"full":["https:\/\/portal.pi.gov.br\/seres\/wp-content\/uploads\/sites\/87\/2025\/10\/unnamed-file.jpeg",1280,853,false],"thumbnail":["https:\/\/portal.pi.gov.br\/seres\/wp-content\/uploads\/sites\/87\/2025\/10\/unnamed-file-150x150.jpeg",150,150,true],"medium":["https:\/\/portal.pi.gov.br\/seres\/wp-content\/uploads\/sites\/87\/2025\/10\/unnamed-file-300x200.jpeg",300,200,true],"medium_large":["https:\/\/portal.pi.gov.br\/seres\/wp-content\/uploads\/sites\/87\/2025\/10\/unnamed-file-768x512.jpeg",768,512,true],"large":["https:\/\/portal.pi.gov.br\/seres\/wp-content\/uploads\/sites\/87\/2025\/10\/unnamed-file-1024x682.jpeg",887,591,true],"sgg-420":["https:\/\/portal.pi.gov.br\/seres\/wp-content\/uploads\/sites\/87\/2025\/10\/unnamed-file-420x280.jpeg",420,280,true],"sgg-540":["https:\/\/portal.pi.gov.br\/seres\/wp-content\/uploads\/sites\/87\/2025\/10\/unnamed-file-540x360.jpeg",540,360,true],"sgg-780":["https:\/\/portal.pi.gov.br\/seres\/wp-content\/uploads\/sites\/87\/2025\/10\/unnamed-file-780x520.jpeg",780,520,true],"1536x1536":["https:\/\/portal.pi.gov.br\/seres\/wp-content\/uploads\/sites\/87\/2025\/10\/unnamed-file.jpeg",1280,853,false],"2048x2048":["https:\/\/portal.pi.gov.br\/seres\/wp-content\/uploads\/sites\/87\/2025\/10\/unnamed-file.jpeg",1280,853,false],"homepage-slider":["https:\/\/portal.pi.gov.br\/seres\/wp-content\/uploads\/sites\/87\/2025\/10\/unnamed-file-1270x500.jpeg",1270,500,true],"homepage-slider-small":["https:\/\/portal.pi.gov.br\/seres\/wp-content\/uploads\/sites\/87\/2025\/10\/unnamed-file-947x500.jpeg",947,500,true],"page-top":["https:\/\/portal.pi.gov.br\/seres\/wp-content\/uploads\/sites\/87\/2025\/10\/unnamed-file-947x631.jpeg",947,631,true],"page-small":["https:\/\/portal.pi.gov.br\/seres\/wp-content\/uploads\/sites\/87\/2025\/10\/unnamed-file-624x416.jpeg",624,416,true],"loop-main":["https:\/\/portal.pi.gov.br\/seres\/wp-content\/uploads\/sites\/87\/2025\/10\/unnamed-file-365x240.jpeg",365,240,true],"thumb-gallery-widget":["https:\/\/portal.pi.gov.br\/seres\/wp-content\/uploads\/sites\/87\/2025\/10\/unnamed-file-84x56.jpeg",84,56,true]},"post_excerpt_stackable":"<p>O munic\u00edpio de Valen\u00e7a do Piau\u00ed ser\u00e1 palco, nesta sexta e s\u00e1bado (10 e 11 de outubro), da 9\u00aa edi\u00e7\u00e3o do Di\u00e1logos pelo Piau\u00ed, iniciativa do Governo do Estado que tem como objetivo fortalecer a participa\u00e7\u00e3o social e promover o desenvolvimento regional por meio da escuta ativa da popula\u00e7\u00e3o e das lideran\u00e7as locais. Nesta edi\u00e7\u00e3o, o programa concentra suas a\u00e7\u00f5es no Territ\u00f3rio do Vale do Sambito, que abrange 15 munic\u00edpios, entre eles Lagoa do S\u00edtio, Novo Oriente, Pimenteiras, Inhuma, Francin\u00f3polis e Elesb\u00e3o Veloso. O territ\u00f3rio tem import\u00e2ncia estrat\u00e9gica para o desenvolvimento econ\u00f4mico e social do estado, especialmente nas \u00e1reas de&hellip;<\/p>\n","category_list":"<a href=\"https:\/\/portal.pi.gov.br\/seres\/category\/noticias\/\" rel=\"category tag\">Not\u00edcias<\/a>, <a href=\"https:\/\/portal.pi.gov.br\/seres\/category\/sem-categoria\/\" rel=\"category tag\">Sem categoria<\/a>","author_info":{"name":"natalina","url":"https:\/\/portal.pi.gov.br\/seres\/author\/natalina\/"},"comments_num":"0 coment\u00e1rio","featured_image_urls_v2":{"full":["https:\/\/portal.pi.gov.br\/seres\/wp-content\/uploads\/sites\/87\/2025\/10\/unnamed-file.jpeg",1280,853,false],"thumbnail":["https:\/\/portal.pi.gov.br\/seres\/wp-content\/uploads\/sites\/87\/2025\/10\/unnamed-file-150x150.jpeg",150,150,true],"medium":["https:\/\/portal.pi.gov.br\/seres\/wp-content\/uploads\/sites\/87\/2025\/10\/unnamed-file-300x200.jpeg",300,200,true],"medium_large":["https:\/\/portal.pi.gov.br\/seres\/wp-content\/uploads\/sites\/87\/2025\/10\/unnamed-file-768x512.jpeg",768,512,true],"large":["https:\/\/portal.pi.gov.br\/seres\/wp-content\/uploads\/sites\/87\/2025\/10\/unnamed-file-1024x682.jpeg",887,591,true],"sgg-420":["https:\/\/portal.pi.gov.br\/seres\/wp-content\/uploads\/sites\/87\/2025\/10\/unnamed-file-420x280.jpeg",420,280,true],"sgg-540":["https:\/\/portal.pi.gov.br\/seres\/wp-content\/uploads\/sites\/87\/2025\/10\/unnamed-file-540x360.jpeg",540,360,true],"sgg-780":["https:\/\/portal.pi.gov.br\/seres\/wp-content\/uploads\/sites\/87\/2025\/10\/unnamed-file-780x520.jpeg",780,520,true],"1536x1536":["https:\/\/portal.pi.gov.br\/seres\/wp-content\/uploads\/sites\/87\/2025\/10\/unnamed-file.jpeg",1280,853,false],"2048x2048":["https:\/\/portal.pi.gov.br\/seres\/wp-content\/uploads\/sites\/87\/2025\/10\/unnamed-file.jpeg",1280,853,false],"homepage-slider":["https:\/\/portal.pi.gov.br\/seres\/wp-content\/uploads\/sites\/87\/2025\/10\/unnamed-file-1270x500.jpeg",1270,500,true],"homepage-slider-small":["https:\/\/portal.pi.gov.br\/seres\/wp-content\/uploads\/sites\/87\/2025\/10\/unnamed-file-947x500.jpeg",947,500,true],"page-top":["https:\/\/portal.pi.gov.br\/seres\/wp-content\/uploads\/sites\/87\/2025\/10\/unnamed-file-947x631.jpeg",947,631,true],"page-small":["https:\/\/portal.pi.gov.br\/seres\/wp-content\/uploads\/sites\/87\/2025\/10\/unnamed-file-624x416.jpeg",624,416,true],"loop-main":["https:\/\/portal.pi.gov.br\/seres\/wp-content\/uploads\/sites\/87\/2025\/10\/unnamed-file-365x240.jpeg",365,240,true],"thumb-gallery-widget":["https:\/\/portal.pi.gov.br\/seres\/wp-content\/uploads\/sites\/87\/2025\/10\/unnamed-file-84x56.jpeg",84,56,true]},"post_excerpt_stackable_v2":"<p>O munic\u00edpio de Valen\u00e7a do Piau\u00ed ser\u00e1 palco, nesta sexta e s\u00e1bado (10 e 11 de outubro), da 9\u00aa edi\u00e7\u00e3o do Di\u00e1logos pelo Piau\u00ed, iniciativa do Governo do Estado que tem como objetivo fortalecer a participa\u00e7\u00e3o social e promover o desenvolvimento regional por meio da escuta ativa da popula\u00e7\u00e3o e das lideran\u00e7as locais. Nesta edi\u00e7\u00e3o, o programa concentra suas a\u00e7\u00f5es no Territ\u00f3rio do Vale do Sambito, que abrange 15 munic\u00edpios, entre eles Lagoa do S\u00edtio, Novo Oriente, Pimenteiras, Inhuma, Francin\u00f3polis e Elesb\u00e3o Veloso. O territ\u00f3rio tem import\u00e2ncia estrat\u00e9gica para o desenvolvimento econ\u00f4mico e social do estado, especialmente nas \u00e1reas de&hellip;<\/p>\n","category_list_v2":"<a href=\"https:\/\/portal.pi.gov.br\/seres\/category\/noticias\/\" rel=\"category tag\">Not\u00edcias<\/a>, <a href=\"https:\/\/portal.pi.gov.br\/seres\/category\/sem-categoria\/\" rel=\"category tag\">Sem categoria<\/a>","author_info_v2":{"name":"natalina","url":"https:\/\/portal.pi.gov.br\/seres\/author\/natalina\/"},"comments_num_v2":"0 coment\u00e1rio","jetpack_featured_media_url":"https:\/\/portal.pi.gov.br\/seres\/wp-content\/uploads\/sites\/87\/2025\/10\/unnamed-file.jpeg","_links":{"self":[{"href":"https:\/\/portal.pi.gov.br\/seres\/wp-json\/wp\/v2\/posts\/4751"}],"collection":[{"href":"https:\/\/portal.pi.gov.br\/seres\/wp-json\/wp\/v2\/posts"}],"about":[{"href":"https:\/\/portal.pi.gov.br\/seres\/wp-json\/wp\/v2\/types\/post"}],"author":[{"embeddable":true,"href":"https:\/\/portal.pi.gov.br\/seres\/wp-json\/wp\/v2\/users\/1748"}],"replies":[{"embeddable":true,"href":"https:\/\/portal.pi.gov.br\/seres\/wp-json\/wp\/v2\/comments?post=4751"}],"version-history":[{"count":17,"href":"https:\/\/portal.pi.gov.br\/seres\/wp-json\/wp\/v2\/posts\/4751\/revisions"}],"predecessor-version":[{"id":4780,"href":"https:\/\/portal.pi.gov.br\/seres\/wp-json\/wp\/v2\/posts\/4751\/revisions\/4780"}],"wp:featuredmedia":[{"embeddable":true,"href":"https:\/\/portal.pi.gov.br\/seres\/wp-json\/wp\/v2\/media\/4756"}],"wp:attachment":[{"href":"https:\/\/portal.pi.gov.br\/seres\/wp-json\/wp\/v2\/media?parent=4751"}],"wp:term":[{"taxonomy":"category","embeddable":true,"href":"https:\/\/portal.pi.gov.br\/seres\/wp-json\/wp\/v2\/categories?post=4751"},{"taxonomy":"post_tag","embeddable":true,"href":"https:\/\/portal.pi.gov.br\/seres\/wp-json\/wp\/v2\/tags?post=4751"}],"curies":[{"name":"wp","href":"https:\/\/api.w.org\/{rel}","templated":true}]}}