{"id":4810,"date":"2025-10-13T15:10:57","date_gmt":"2025-10-13T18:10:57","guid":{"rendered":"https:\/\/portal.pi.gov.br\/seres\/?p=4810"},"modified":"2025-10-13T15:10:58","modified_gmt":"2025-10-13T18:10:58","slug":"10o-edicao-do-dialogos-pelo-piaui-acontece-em-parnaiba-nos-dias-17-e-18-de-outubro-inscricoes-ja-estao-abertas","status":"publish","type":"post","link":"https:\/\/portal.pi.gov.br\/seres\/2025\/10\/13\/10o-edicao-do-dialogos-pelo-piaui-acontece-em-parnaiba-nos-dias-17-e-18-de-outubro-inscricoes-ja-estao-abertas\/","title":{"rendered":"10\u00ba edi\u00e7\u00e3o do Di\u00e1logos pelo Piau\u00ed acontece em Parna\u00edba nos dias 17 e 18 de outubro; inscri\u00e7\u00f5es j\u00e1 est\u00e3o abertas"},"content":{"rendered":"\n<p>Parna\u00edba\u00a0recebe o Di\u00e1logos pelo Piau\u00ed para construir o futuro da\u00a0Plan\u00edcie Litor\u00e2nea.<\/p>\n\n\n\n<figure class=\"wp-block-image size-large\"><img decoding=\"async\" loading=\"lazy\" width=\"1024\" height=\"682\" src=\"https:\/\/portal.pi.gov.br\/seres\/wp-content\/uploads\/sites\/87\/2025\/07\/67712dd2-9784-46c5-89a0-bca156a15126-1024x682.jpeg\" alt=\"\" class=\"wp-image-3986\" srcset=\"https:\/\/portal.pi.gov.br\/seres\/wp-content\/uploads\/sites\/87\/2025\/07\/67712dd2-9784-46c5-89a0-bca156a15126-1024x682.jpeg 1024w, https:\/\/portal.pi.gov.br\/seres\/wp-content\/uploads\/sites\/87\/2025\/07\/67712dd2-9784-46c5-89a0-bca156a15126-300x200.jpeg 300w, https:\/\/portal.pi.gov.br\/seres\/wp-content\/uploads\/sites\/87\/2025\/07\/67712dd2-9784-46c5-89a0-bca156a15126-768x512.jpeg 768w, https:\/\/portal.pi.gov.br\/seres\/wp-content\/uploads\/sites\/87\/2025\/07\/67712dd2-9784-46c5-89a0-bca156a15126-420x280.jpeg 420w, https:\/\/portal.pi.gov.br\/seres\/wp-content\/uploads\/sites\/87\/2025\/07\/67712dd2-9784-46c5-89a0-bca156a15126-540x360.jpeg 540w, https:\/\/portal.pi.gov.br\/seres\/wp-content\/uploads\/sites\/87\/2025\/07\/67712dd2-9784-46c5-89a0-bca156a15126-780x520.jpeg 780w, https:\/\/portal.pi.gov.br\/seres\/wp-content\/uploads\/sites\/87\/2025\/07\/67712dd2-9784-46c5-89a0-bca156a15126-1536x1023.jpeg 1536w, https:\/\/portal.pi.gov.br\/seres\/wp-content\/uploads\/sites\/87\/2025\/07\/67712dd2-9784-46c5-89a0-bca156a15126-947x631.jpeg 947w, https:\/\/portal.pi.gov.br\/seres\/wp-content\/uploads\/sites\/87\/2025\/07\/67712dd2-9784-46c5-89a0-bca156a15126-624x416.jpeg 624w, https:\/\/portal.pi.gov.br\/seres\/wp-content\/uploads\/sites\/87\/2025\/07\/67712dd2-9784-46c5-89a0-bca156a15126-84x56.jpeg 84w, https:\/\/portal.pi.gov.br\/seres\/wp-content\/uploads\/sites\/87\/2025\/07\/67712dd2-9784-46c5-89a0-bca156a15126.jpeg 1600w\" sizes=\"(max-width: 1024px) 100vw, 1024px\" \/><\/figure>\n\n\n\n<p><\/p>\n\n\n\n<p>O\u00a0Di\u00e1logos pelo Piau\u00ed\u00a0\u00e9 uma iniciativa do Governo do Estado que promove a escuta ativa da sociedade para garantir que o planejamento governamental esteja alinhado com as reais necessidades da popula\u00e7\u00e3o. O evento percorre os 12 Territ\u00f3rios de Desenvolvimento (TDs) do estado, criando um espa\u00e7o de participa\u00e7\u00e3o cidad\u00e3 na revis\u00e3o do Plano Plurianual (PPA) 2024-2027. Atrav\u00e9s de oficinas tem\u00e1ticas e plen\u00e1rias, a popula\u00e7\u00e3o pode contribuir com propostas para as pol\u00edticas p\u00fablicas, fortalecendo a transpar\u00eancia e a governan\u00e7a participativa.<\/p>\n\n\n\n<p>A d\u00e9cima edi\u00e7\u00e3o do evento acontece em Parna\u00edba, na Plan\u00edcie Litor\u00e2nea, no dias 17 e 18 de outubro, na sede Universidade Federal do Delta do Parna\u00edba- UFDPar. A programa\u00e7\u00e3o conta com as oficinas de revis\u00e3o do PPA e a plen\u00e1ria com o governador Rafael Fonteles para definir prioridades e apontar caminhos para o desenvolvimento da regi\u00e3o.<\/p>\n\n\n\n<p>Nas oficinas do PPA, no dia 17 de outubro, das 8h \u00e0s 13h, ser\u00e3o discutidos os eixos: Educa\u00e7\u00e3o, sa\u00fade, meio ambiente, desenvolvimento socioecon\u00f4mico, infraestrutura, seguran\u00e7a e outros temas fundamentais com as presen\u00e7as de t\u00e9cnicos, gestores e da sociedade civil. J\u00e1 no dia 18 de outubro, das 8h \u00e0s 13h, ser\u00e1 realizada a plen\u00e1ria com o governador, um momento de transpar\u00eancia e participa\u00e7\u00e3o ativa entre governo e popula\u00e7\u00e3o, no audit\u00f3rio Central da UFDPar.<\/p>\n\n\n\n<p>Para participar do evento \u00e9 necess\u00e1rio fazer a inscri\u00e7\u00e3o atrav\u00e9s do site <a href=\"https:\/\/dialogos.seplan.pi.gov.br\/\" data-type=\"URL\" data-id=\"https:\/\/dialogos.seplan.pi.gov.br\/\">https:\/\/dialogos.seplan.pi.gov.br\/<\/a>. Participe!<\/p>\n\n\n\n<figure class=\"wp-block-image size-large\"><img decoding=\"async\" loading=\"lazy\" width=\"576\" height=\"1024\" src=\"https:\/\/portal.pi.gov.br\/seres\/wp-content\/uploads\/sites\/87\/2025\/10\/46b37dd7-76c9-4d98-b890-9f6d639b420d-576x1024.jpeg\" alt=\"\" class=\"wp-image-4811\" srcset=\"https:\/\/portal.pi.gov.br\/seres\/wp-content\/uploads\/sites\/87\/2025\/10\/46b37dd7-76c9-4d98-b890-9f6d639b420d-576x1024.jpeg 576w, https:\/\/portal.pi.gov.br\/seres\/wp-content\/uploads\/sites\/87\/2025\/10\/46b37dd7-76c9-4d98-b890-9f6d639b420d-169x300.jpeg 169w, https:\/\/portal.pi.gov.br\/seres\/wp-content\/uploads\/sites\/87\/2025\/10\/46b37dd7-76c9-4d98-b890-9f6d639b420d-768x1365.jpeg 768w, https:\/\/portal.pi.gov.br\/seres\/wp-content\/uploads\/sites\/87\/2025\/10\/46b37dd7-76c9-4d98-b890-9f6d639b420d-236x420.jpeg 236w, https:\/\/portal.pi.gov.br\/seres\/wp-content\/uploads\/sites\/87\/2025\/10\/46b37dd7-76c9-4d98-b890-9f6d639b420d-304x540.jpeg 304w, https:\/\/portal.pi.gov.br\/seres\/wp-content\/uploads\/sites\/87\/2025\/10\/46b37dd7-76c9-4d98-b890-9f6d639b420d-439x780.jpeg 439w, https:\/\/portal.pi.gov.br\/seres\/wp-content\/uploads\/sites\/87\/2025\/10\/46b37dd7-76c9-4d98-b890-9f6d639b420d-864x1536.jpeg 864w, https:\/\/portal.pi.gov.br\/seres\/wp-content\/uploads\/sites\/87\/2025\/10\/46b37dd7-76c9-4d98-b890-9f6d639b420d-624x1109.jpeg 624w, https:\/\/portal.pi.gov.br\/seres\/wp-content\/uploads\/sites\/87\/2025\/10\/46b37dd7-76c9-4d98-b890-9f6d639b420d.jpeg 900w\" sizes=\"(max-width: 576px) 100vw, 576px\" \/><\/figure>\n\n\n\n<p><\/p>\n","protected":false},"excerpt":{"rendered":"<p>Parna\u00edba\u00a0recebe o Di\u00e1logos pelo Piau\u00ed para construir o futuro da\u00a0Plan\u00edcie Litor\u00e2nea. O\u00a0Di\u00e1logos pelo Piau\u00ed\u00a0\u00e9 uma iniciativa do Governo do Estado que promove a escuta ativa da sociedade para garantir que [&hellip;]<\/p>\n","protected":false},"author":1821,"featured_media":4812,"comment_status":"closed","ping_status":"closed","sticky":true,"template":"","format":"standard","meta":[],"categories":[34],"tags":[47,41],"featured_image_urls":{"full":["https:\/\/portal.pi.gov.br\/seres\/wp-content\/uploads\/sites\/87\/2025\/10\/d63ede5b-fb10-4b4f-945d-6640a4b3db70-1024x521-1.jpeg",1024,521,false],"thumbnail":["https:\/\/portal.pi.gov.br\/seres\/wp-content\/uploads\/sites\/87\/2025\/10\/d63ede5b-fb10-4b4f-945d-6640a4b3db70-1024x521-1-150x150.jpeg",150,150,true],"medium":["https:\/\/portal.pi.gov.br\/seres\/wp-content\/uploads\/sites\/87\/2025\/10\/d63ede5b-fb10-4b4f-945d-6640a4b3db70-1024x521-1-300x153.jpeg",300,153,true],"medium_large":["https:\/\/portal.pi.gov.br\/seres\/wp-content\/uploads\/sites\/87\/2025\/10\/d63ede5b-fb10-4b4f-945d-6640a4b3db70-1024x521-1-768x391.jpeg",768,391,true],"large":["https:\/\/portal.pi.gov.br\/seres\/wp-content\/uploads\/sites\/87\/2025\/10\/d63ede5b-fb10-4b4f-945d-6640a4b3db70-1024x521-1.jpeg",887,451,false],"sgg-420":["https:\/\/portal.pi.gov.br\/seres\/wp-content\/uploads\/sites\/87\/2025\/10\/d63ede5b-fb10-4b4f-945d-6640a4b3db70-1024x521-1-420x214.jpeg",420,214,true],"sgg-540":["https:\/\/portal.pi.gov.br\/seres\/wp-content\/uploads\/sites\/87\/2025\/10\/d63ede5b-fb10-4b4f-945d-6640a4b3db70-1024x521-1-540x275.jpeg",540,275,true],"sgg-780":["https:\/\/portal.pi.gov.br\/seres\/wp-content\/uploads\/sites\/87\/2025\/10\/d63ede5b-fb10-4b4f-945d-6640a4b3db70-1024x521-1-780x397.jpeg",780,397,true],"1536x1536":["https:\/\/portal.pi.gov.br\/seres\/wp-content\/uploads\/sites\/87\/2025\/10\/d63ede5b-fb10-4b4f-945d-6640a4b3db70-1024x521-1.jpeg",1024,521,false],"2048x2048":["https:\/\/portal.pi.gov.br\/seres\/wp-content\/uploads\/sites\/87\/2025\/10\/d63ede5b-fb10-4b4f-945d-6640a4b3db70-1024x521-1.jpeg",1024,521,false],"homepage-slider":["https:\/\/portal.pi.gov.br\/seres\/wp-content\/uploads\/sites\/87\/2025\/10\/d63ede5b-fb10-4b4f-945d-6640a4b3db70-1024x521-1-1024x500.jpeg",1024,500,true],"homepage-slider-small":["https:\/\/portal.pi.gov.br\/seres\/wp-content\/uploads\/sites\/87\/2025\/10\/d63ede5b-fb10-4b4f-945d-6640a4b3db70-1024x521-1-947x500.jpeg",947,500,true],"page-top":["https:\/\/portal.pi.gov.br\/seres\/wp-content\/uploads\/sites\/87\/2025\/10\/d63ede5b-fb10-4b4f-945d-6640a4b3db70-1024x521-1-947x482.jpeg",947,482,true],"page-small":["https:\/\/portal.pi.gov.br\/seres\/wp-content\/uploads\/sites\/87\/2025\/10\/d63ede5b-fb10-4b4f-945d-6640a4b3db70-1024x521-1-624x317.jpeg",624,317,true],"loop-main":["https:\/\/portal.pi.gov.br\/seres\/wp-content\/uploads\/sites\/87\/2025\/10\/d63ede5b-fb10-4b4f-945d-6640a4b3db70-1024x521-1-365x240.jpeg",365,240,true],"thumb-gallery-widget":["https:\/\/portal.pi.gov.br\/seres\/wp-content\/uploads\/sites\/87\/2025\/10\/d63ede5b-fb10-4b4f-945d-6640a4b3db70-1024x521-1-84x56.jpeg",84,56,true]},"post_excerpt_stackable":"<p>Parna\u00edba\u00a0recebe o Di\u00e1logos pelo Piau\u00ed para construir o futuro da\u00a0Plan\u00edcie Litor\u00e2nea. O\u00a0Di\u00e1logos pelo Piau\u00ed\u00a0\u00e9 uma iniciativa do Governo do Estado que promove a escuta ativa da sociedade para garantir que o planejamento governamental esteja alinhado com as reais necessidades da popula\u00e7\u00e3o. O evento percorre os 12 Territ\u00f3rios de Desenvolvimento (TDs) do estado, criando um espa\u00e7o de participa\u00e7\u00e3o cidad\u00e3 na revis\u00e3o do Plano Plurianual (PPA) 2024-2027. Atrav\u00e9s de oficinas tem\u00e1ticas e plen\u00e1rias, a popula\u00e7\u00e3o pode contribuir com propostas para as pol\u00edticas p\u00fablicas, fortalecendo a transpar\u00eancia e a governan\u00e7a participativa. A d\u00e9cima edi\u00e7\u00e3o do evento acontece em Parna\u00edba, na Plan\u00edcie Litor\u00e2nea, no&hellip;<\/p>\n","category_list":"<a href=\"https:\/\/portal.pi.gov.br\/seres\/category\/noticias\/\" rel=\"category tag\">Not\u00edcias<\/a>","author_info":{"name":"alineraquel","url":"https:\/\/portal.pi.gov.br\/seres\/author\/alineraquel\/"},"comments_num":"0 coment\u00e1rio","featured_image_urls_v2":{"full":["https:\/\/portal.pi.gov.br\/seres\/wp-content\/uploads\/sites\/87\/2025\/10\/d63ede5b-fb10-4b4f-945d-6640a4b3db70-1024x521-1.jpeg",1024,521,false],"thumbnail":["https:\/\/portal.pi.gov.br\/seres\/wp-content\/uploads\/sites\/87\/2025\/10\/d63ede5b-fb10-4b4f-945d-6640a4b3db70-1024x521-1-150x150.jpeg",150,150,true],"medium":["https:\/\/portal.pi.gov.br\/seres\/wp-content\/uploads\/sites\/87\/2025\/10\/d63ede5b-fb10-4b4f-945d-6640a4b3db70-1024x521-1-300x153.jpeg",300,153,true],"medium_large":["https:\/\/portal.pi.gov.br\/seres\/wp-content\/uploads\/sites\/87\/2025\/10\/d63ede5b-fb10-4b4f-945d-6640a4b3db70-1024x521-1-768x391.jpeg",768,391,true],"large":["https:\/\/portal.pi.gov.br\/seres\/wp-content\/uploads\/sites\/87\/2025\/10\/d63ede5b-fb10-4b4f-945d-6640a4b3db70-1024x521-1.jpeg",887,451,false],"sgg-420":["https:\/\/portal.pi.gov.br\/seres\/wp-content\/uploads\/sites\/87\/2025\/10\/d63ede5b-fb10-4b4f-945d-6640a4b3db70-1024x521-1-420x214.jpeg",420,214,true],"sgg-540":["https:\/\/portal.pi.gov.br\/seres\/wp-content\/uploads\/sites\/87\/2025\/10\/d63ede5b-fb10-4b4f-945d-6640a4b3db70-1024x521-1-540x275.jpeg",540,275,true],"sgg-780":["https:\/\/portal.pi.gov.br\/seres\/wp-content\/uploads\/sites\/87\/2025\/10\/d63ede5b-fb10-4b4f-945d-6640a4b3db70-1024x521-1-780x397.jpeg",780,397,true],"1536x1536":["https:\/\/portal.pi.gov.br\/seres\/wp-content\/uploads\/sites\/87\/2025\/10\/d63ede5b-fb10-4b4f-945d-6640a4b3db70-1024x521-1.jpeg",1024,521,false],"2048x2048":["https:\/\/portal.pi.gov.br\/seres\/wp-content\/uploads\/sites\/87\/2025\/10\/d63ede5b-fb10-4b4f-945d-6640a4b3db70-1024x521-1.jpeg",1024,521,false],"homepage-slider":["https:\/\/portal.pi.gov.br\/seres\/wp-content\/uploads\/sites\/87\/2025\/10\/d63ede5b-fb10-4b4f-945d-6640a4b3db70-1024x521-1-1024x500.jpeg",1024,500,true],"homepage-slider-small":["https:\/\/portal.pi.gov.br\/seres\/wp-content\/uploads\/sites\/87\/2025\/10\/d63ede5b-fb10-4b4f-945d-6640a4b3db70-1024x521-1-947x500.jpeg",947,500,true],"page-top":["https:\/\/portal.pi.gov.br\/seres\/wp-content\/uploads\/sites\/87\/2025\/10\/d63ede5b-fb10-4b4f-945d-6640a4b3db70-1024x521-1-947x482.jpeg",947,482,true],"page-small":["https:\/\/portal.pi.gov.br\/seres\/wp-content\/uploads\/sites\/87\/2025\/10\/d63ede5b-fb10-4b4f-945d-6640a4b3db70-1024x521-1-624x317.jpeg",624,317,true],"loop-main":["https:\/\/portal.pi.gov.br\/seres\/wp-content\/uploads\/sites\/87\/2025\/10\/d63ede5b-fb10-4b4f-945d-6640a4b3db70-1024x521-1-365x240.jpeg",365,240,true],"thumb-gallery-widget":["https:\/\/portal.pi.gov.br\/seres\/wp-content\/uploads\/sites\/87\/2025\/10\/d63ede5b-fb10-4b4f-945d-6640a4b3db70-1024x521-1-84x56.jpeg",84,56,true]},"post_excerpt_stackable_v2":"<p>Parna\u00edba\u00a0recebe o Di\u00e1logos pelo Piau\u00ed para construir o futuro da\u00a0Plan\u00edcie Litor\u00e2nea. O\u00a0Di\u00e1logos pelo Piau\u00ed\u00a0\u00e9 uma iniciativa do Governo do Estado que promove a escuta ativa da sociedade para garantir que o planejamento governamental esteja alinhado com as reais necessidades da popula\u00e7\u00e3o. O evento percorre os 12 Territ\u00f3rios de Desenvolvimento (TDs) do estado, criando um espa\u00e7o de participa\u00e7\u00e3o cidad\u00e3 na revis\u00e3o do Plano Plurianual (PPA) 2024-2027. Atrav\u00e9s de oficinas tem\u00e1ticas e plen\u00e1rias, a popula\u00e7\u00e3o pode contribuir com propostas para as pol\u00edticas p\u00fablicas, fortalecendo a transpar\u00eancia e a governan\u00e7a participativa. A d\u00e9cima edi\u00e7\u00e3o do evento acontece em Parna\u00edba, na Plan\u00edcie Litor\u00e2nea, no&hellip;<\/p>\n","category_list_v2":"<a href=\"https:\/\/portal.pi.gov.br\/seres\/category\/noticias\/\" rel=\"category tag\">Not\u00edcias<\/a>","author_info_v2":{"name":"alineraquel","url":"https:\/\/portal.pi.gov.br\/seres\/author\/alineraquel\/"},"comments_num_v2":"0 coment\u00e1rio","jetpack_featured_media_url":"https:\/\/portal.pi.gov.br\/seres\/wp-content\/uploads\/sites\/87\/2025\/10\/d63ede5b-fb10-4b4f-945d-6640a4b3db70-1024x521-1.jpeg","_links":{"self":[{"href":"https:\/\/portal.pi.gov.br\/seres\/wp-json\/wp\/v2\/posts\/4810"}],"collection":[{"href":"https:\/\/portal.pi.gov.br\/seres\/wp-json\/wp\/v2\/posts"}],"about":[{"href":"https:\/\/portal.pi.gov.br\/seres\/wp-json\/wp\/v2\/types\/post"}],"author":[{"embeddable":true,"href":"https:\/\/portal.pi.gov.br\/seres\/wp-json\/wp\/v2\/users\/1821"}],"replies":[{"embeddable":true,"href":"https:\/\/portal.pi.gov.br\/seres\/wp-json\/wp\/v2\/comments?post=4810"}],"version-history":[{"count":1,"href":"https:\/\/portal.pi.gov.br\/seres\/wp-json\/wp\/v2\/posts\/4810\/revisions"}],"predecessor-version":[{"id":4813,"href":"https:\/\/portal.pi.gov.br\/seres\/wp-json\/wp\/v2\/posts\/4810\/revisions\/4813"}],"wp:featuredmedia":[{"embeddable":true,"href":"https:\/\/portal.pi.gov.br\/seres\/wp-json\/wp\/v2\/media\/4812"}],"wp:attachment":[{"href":"https:\/\/portal.pi.gov.br\/seres\/wp-json\/wp\/v2\/media?parent=4810"}],"wp:term":[{"taxonomy":"category","embeddable":true,"href":"https:\/\/portal.pi.gov.br\/seres\/wp-json\/wp\/v2\/categories?post=4810"},{"taxonomy":"post_tag","embeddable":true,"href":"https:\/\/portal.pi.gov.br\/seres\/wp-json\/wp\/v2\/tags?post=4810"}],"curies":[{"name":"wp","href":"https:\/\/api.w.org\/{rel}","templated":true}]}}