{"id":4868,"date":"2025-10-16T10:23:53","date_gmt":"2025-10-16T13:23:53","guid":{"rendered":"https:\/\/portal.pi.gov.br\/seres\/?p=4868"},"modified":"2025-10-16T11:31:36","modified_gmt":"2025-10-16T14:31:36","slug":"xvi-conferencia-de-assistencia-social-reuniu-representantes-dos-municipios-do-piaui","status":"publish","type":"post","link":"https:\/\/portal.pi.gov.br\/seres\/2025\/10\/16\/xvi-conferencia-de-assistencia-social-reuniu-representantes-dos-municipios-do-piaui\/","title":{"rendered":"XVI Confer\u00eancia de Assist\u00eancia Social reuniu representantes dos munic\u00edpios do Piau\u00ed"},"content":{"rendered":"\n<p><\/p>\n\n\n\n<p><\/p>\n\n\n\n<p>Em 2025, o Sistema \u00danico de Assist\u00eancia Social (SUAS) completou 20 anos de consolida\u00e7\u00e3o no Brasil. Para marcar a data, o Piau\u00ed realizou, em Teresina, a XVI Confer\u00eancia Estadual de Assist\u00eancia Social, iniciada na \u00faltima quarta-feira (15). O evento teve como tema central as duas d\u00e9cadas de constru\u00e7\u00e3o e fortalecimento do SUAS, reunindo representantes da sociedade civil e gestores do estado.\u00a0<\/p>\n\n\n<div class=\"wp-block-image\">\n<figure class=\"aligncenter size-full is-resized\"><img decoding=\"async\" loading=\"lazy\" src=\"https:\/\/portal.pi.gov.br\/seres\/wp-content\/uploads\/sites\/87\/2025\/10\/image-1.png\" alt=\"\" class=\"wp-image-4869\" width=\"631\" height=\"473\" srcset=\"https:\/\/portal.pi.gov.br\/seres\/wp-content\/uploads\/sites\/87\/2025\/10\/image-1.png 1024w, https:\/\/portal.pi.gov.br\/seres\/wp-content\/uploads\/sites\/87\/2025\/10\/image-1-300x225.png 300w, https:\/\/portal.pi.gov.br\/seres\/wp-content\/uploads\/sites\/87\/2025\/10\/image-1-768x576.png 768w, https:\/\/portal.pi.gov.br\/seres\/wp-content\/uploads\/sites\/87\/2025\/10\/image-1-420x315.png 420w, https:\/\/portal.pi.gov.br\/seres\/wp-content\/uploads\/sites\/87\/2025\/10\/image-1-540x405.png 540w, https:\/\/portal.pi.gov.br\/seres\/wp-content\/uploads\/sites\/87\/2025\/10\/image-1-780x585.png 780w, https:\/\/portal.pi.gov.br\/seres\/wp-content\/uploads\/sites\/87\/2025\/10\/image-1-947x710.png 947w, https:\/\/portal.pi.gov.br\/seres\/wp-content\/uploads\/sites\/87\/2025\/10\/image-1-624x468.png 624w\" sizes=\"(max-width: 631px) 100vw, 631px\" \/><\/figure><\/div>\n\n\n<p><\/p>\n\n\n\n<p><\/p>\n\n\n\n<p>O encontro teve como foco analisar as propostas oriundas das etapas municipais e deliberar diretrizes que pudessem consolidar e expandir a atua\u00e7\u00e3o do SUAS no Piau\u00ed, com base em princ\u00edpios de participa\u00e7\u00e3o e corresponsabilidade entre os entes federados. A secret\u00e1ria N\u00fabia Lopes destacou a import\u00e2ncia da articula\u00e7\u00e3o entre diferentes \u00e1reas de atua\u00e7\u00e3o do governo. \u201cA SERES buscou fortalecer a integra\u00e7\u00e3o entre as pol\u00edticas p\u00fablicas de assist\u00eancia, direitos humanos, igualdade racial, juventude, povos tradicionais, g\u00eanero e diversidade. Pois acreditamos que nenhuma pol\u00edtica social se sustenta isoladamente. <\/p>\n\n\n\n<p>O enfrentamento \u00e0 pobreza, \u00e0 exclus\u00e3o e \u00e0s viol\u00eancias exige atua\u00e7\u00e3o conjunta, empatia e compromisso de todas as \u00e1reas do governo e da sociedade civil\u201d, declarou. As confer\u00eancias realizadas no estado abriram espa\u00e7o para que a sociedade civil organizada pudesse explicitar suas demandas e eleger delegados representantes que contribu\u00edram para a constru\u00e7\u00e3o de melhores pol\u00edticas p\u00fablicas.<\/p>\n\n\n<div class=\"wp-block-image\">\n<figure class=\"aligncenter size-full is-resized\"><img decoding=\"async\" loading=\"lazy\" src=\"https:\/\/portal.pi.gov.br\/seres\/wp-content\/uploads\/sites\/87\/2025\/10\/image-2.png\" alt=\"\" class=\"wp-image-4870\" width=\"633\" height=\"475\" srcset=\"https:\/\/portal.pi.gov.br\/seres\/wp-content\/uploads\/sites\/87\/2025\/10\/image-2.png 1024w, https:\/\/portal.pi.gov.br\/seres\/wp-content\/uploads\/sites\/87\/2025\/10\/image-2-300x225.png 300w, https:\/\/portal.pi.gov.br\/seres\/wp-content\/uploads\/sites\/87\/2025\/10\/image-2-768x576.png 768w, https:\/\/portal.pi.gov.br\/seres\/wp-content\/uploads\/sites\/87\/2025\/10\/image-2-420x315.png 420w, https:\/\/portal.pi.gov.br\/seres\/wp-content\/uploads\/sites\/87\/2025\/10\/image-2-540x405.png 540w, https:\/\/portal.pi.gov.br\/seres\/wp-content\/uploads\/sites\/87\/2025\/10\/image-2-780x585.png 780w, https:\/\/portal.pi.gov.br\/seres\/wp-content\/uploads\/sites\/87\/2025\/10\/image-2-947x710.png 947w, https:\/\/portal.pi.gov.br\/seres\/wp-content\/uploads\/sites\/87\/2025\/10\/image-2-624x468.png 624w\" sizes=\"(max-width: 633px) 100vw, 633px\" \/><\/figure><\/div>\n\n\n<p><\/p>\n\n\n\n<p><\/p>\n\n\n\n<p>O secret\u00e1rio da Secretaria do Desenvolvimento e Assist\u00eancia Social, Fam\u00edlia e Combate \u00e0 Fome (Sasc), Jo\u00e3o de Deus Sousa, tamb\u00e9m refor\u00e7ou a relev\u00e2ncia do momento. \u201cFoi um momento importante para discutir propostas que transformar\u00e3o a vida das pessoas em cada munic\u00edpio. Por isso, a participa\u00e7\u00e3o foi fundamental para construirmos uma assist\u00eancia social s\u00f3lida e comprometida com a vida do nosso povo\u201d, afirmou o secret\u00e1rio.<\/p>\n\n\n\n<p>Ao todo, os 224 munic\u00edpios do Piau\u00ed participaram da etapa municipal, de onde surgiram propostas para pol\u00edticas p\u00fablicas estaduais e federais, que foram avaliadas e votadas na etapa estadual.<\/p>\n\n\n<div class=\"wp-block-image\">\n<figure class=\"aligncenter size-full is-resized\"><img decoding=\"async\" loading=\"lazy\" src=\"https:\/\/portal.pi.gov.br\/seres\/wp-content\/uploads\/sites\/87\/2025\/10\/image-3.png\" alt=\"\" class=\"wp-image-4871\" width=\"644\" height=\"482\" srcset=\"https:\/\/portal.pi.gov.br\/seres\/wp-content\/uploads\/sites\/87\/2025\/10\/image-3.png 1024w, https:\/\/portal.pi.gov.br\/seres\/wp-content\/uploads\/sites\/87\/2025\/10\/image-3-300x225.png 300w, https:\/\/portal.pi.gov.br\/seres\/wp-content\/uploads\/sites\/87\/2025\/10\/image-3-768x576.png 768w, https:\/\/portal.pi.gov.br\/seres\/wp-content\/uploads\/sites\/87\/2025\/10\/image-3-420x315.png 420w, https:\/\/portal.pi.gov.br\/seres\/wp-content\/uploads\/sites\/87\/2025\/10\/image-3-540x405.png 540w, https:\/\/portal.pi.gov.br\/seres\/wp-content\/uploads\/sites\/87\/2025\/10\/image-3-780x585.png 780w, https:\/\/portal.pi.gov.br\/seres\/wp-content\/uploads\/sites\/87\/2025\/10\/image-3-947x710.png 947w, https:\/\/portal.pi.gov.br\/seres\/wp-content\/uploads\/sites\/87\/2025\/10\/image-3-624x468.png 624w\" sizes=\"(max-width: 644px) 100vw, 644px\" \/><\/figure><\/div>\n\n\n<p><\/p>\n\n\n\n<p>O representante dos usu\u00e1rios do SUAS,\u00a0Carlos Augusto, afirmou que as mudan\u00e7as s\u00e3o feitas por meio da constru\u00e7\u00e3o coletiva. \u201cBuscamos melhoria dentro da assist\u00eancia social, mas a gente s\u00f3 p\u00f4de fazer a assist\u00eancia se n\u00f3s, usu\u00e1rios, formos atr\u00e1s dos nossos objetivos e realmente lutarmos pelo que a gente acredita.\u201d<\/p>\n\n\n\n<p>O evento seguiu at\u00e9 quinta-feira (16). Ao final da confer\u00eancia, foram escolhidos&nbsp;60 delegados&nbsp;que representar\u00e3o o Piau\u00ed na&nbsp;XIV Confer\u00eancia Nacional de Assist\u00eancia Social, que acontecer\u00e1 em Bras\u00edlia.<\/p>\n\n\n\n<p>Rep\u00f3rter: Vit\u00f3ria Luna<\/p>\n\n\n\n<p><\/p>\n","protected":false},"excerpt":{"rendered":"<p>Em 2025, o Sistema \u00danico de Assist\u00eancia Social (SUAS) completou 20 anos de consolida\u00e7\u00e3o no Brasil. Para marcar a data, o Piau\u00ed realizou, em Teresina, a XVI Confer\u00eancia Estadual de [&hellip;]<\/p>\n","protected":false},"author":1748,"featured_media":4861,"comment_status":"closed","ping_status":"closed","sticky":false,"template":"","format":"standard","meta":[],"categories":[34,1],"tags":[],"featured_image_urls":{"full":["https:\/\/portal.pi.gov.br\/seres\/wp-content\/uploads\/sites\/87\/2025\/10\/WhatsApp-Image-2025-10-15-at-16.07.25-2.jpeg",1280,960,false],"thumbnail":["https:\/\/portal.pi.gov.br\/seres\/wp-content\/uploads\/sites\/87\/2025\/10\/WhatsApp-Image-2025-10-15-at-16.07.25-2-150x150.jpeg",150,150,true],"medium":["https:\/\/portal.pi.gov.br\/seres\/wp-content\/uploads\/sites\/87\/2025\/10\/WhatsApp-Image-2025-10-15-at-16.07.25-2-300x225.jpeg",300,225,true],"medium_large":["https:\/\/portal.pi.gov.br\/seres\/wp-content\/uploads\/sites\/87\/2025\/10\/WhatsApp-Image-2025-10-15-at-16.07.25-2-768x576.jpeg",768,576,true],"large":["https:\/\/portal.pi.gov.br\/seres\/wp-content\/uploads\/sites\/87\/2025\/10\/WhatsApp-Image-2025-10-15-at-16.07.25-2-1024x768.jpeg",887,665,true],"sgg-420":["https:\/\/portal.pi.gov.br\/seres\/wp-content\/uploads\/sites\/87\/2025\/10\/WhatsApp-Image-2025-10-15-at-16.07.25-2-420x315.jpeg",420,315,true],"sgg-540":["https:\/\/portal.pi.gov.br\/seres\/wp-content\/uploads\/sites\/87\/2025\/10\/WhatsApp-Image-2025-10-15-at-16.07.25-2-540x405.jpeg",540,405,true],"sgg-780":["https:\/\/portal.pi.gov.br\/seres\/wp-content\/uploads\/sites\/87\/2025\/10\/WhatsApp-Image-2025-10-15-at-16.07.25-2-780x585.jpeg",780,585,true],"1536x1536":["https:\/\/portal.pi.gov.br\/seres\/wp-content\/uploads\/sites\/87\/2025\/10\/WhatsApp-Image-2025-10-15-at-16.07.25-2.jpeg",1280,960,false],"2048x2048":["https:\/\/portal.pi.gov.br\/seres\/wp-content\/uploads\/sites\/87\/2025\/10\/WhatsApp-Image-2025-10-15-at-16.07.25-2.jpeg",1280,960,false],"homepage-slider":["https:\/\/portal.pi.gov.br\/seres\/wp-content\/uploads\/sites\/87\/2025\/10\/WhatsApp-Image-2025-10-15-at-16.07.25-2-1270x500.jpeg",1270,500,true],"homepage-slider-small":["https:\/\/portal.pi.gov.br\/seres\/wp-content\/uploads\/sites\/87\/2025\/10\/WhatsApp-Image-2025-10-15-at-16.07.25-2-947x500.jpeg",947,500,true],"page-top":["https:\/\/portal.pi.gov.br\/seres\/wp-content\/uploads\/sites\/87\/2025\/10\/WhatsApp-Image-2025-10-15-at-16.07.25-2-947x710.jpeg",947,710,true],"page-small":["https:\/\/portal.pi.gov.br\/seres\/wp-content\/uploads\/sites\/87\/2025\/10\/WhatsApp-Image-2025-10-15-at-16.07.25-2-624x468.jpeg",624,468,true],"loop-main":["https:\/\/portal.pi.gov.br\/seres\/wp-content\/uploads\/sites\/87\/2025\/10\/WhatsApp-Image-2025-10-15-at-16.07.25-2-365x240.jpeg",365,240,true],"thumb-gallery-widget":["https:\/\/portal.pi.gov.br\/seres\/wp-content\/uploads\/sites\/87\/2025\/10\/WhatsApp-Image-2025-10-15-at-16.07.25-2-84x56.jpeg",84,56,true]},"post_excerpt_stackable":"<p>Em 2025, o Sistema \u00danico de Assist\u00eancia Social (SUAS) completou 20 anos de consolida\u00e7\u00e3o no Brasil. Para marcar a data, o Piau\u00ed realizou, em Teresina, a XVI Confer\u00eancia Estadual de Assist\u00eancia Social, iniciada na \u00faltima quarta-feira (15). O evento teve como tema central as duas d\u00e9cadas de constru\u00e7\u00e3o e fortalecimento do SUAS, reunindo representantes da sociedade civil e gestores do estado.\u00a0 O encontro teve como foco analisar as propostas oriundas das etapas municipais e deliberar diretrizes que pudessem consolidar e expandir a atua\u00e7\u00e3o do SUAS no Piau\u00ed, com base em princ\u00edpios de participa\u00e7\u00e3o e corresponsabilidade entre os entes federados. A&hellip;<\/p>\n","category_list":"<a href=\"https:\/\/portal.pi.gov.br\/seres\/category\/noticias\/\" rel=\"category tag\">Not\u00edcias<\/a>, <a href=\"https:\/\/portal.pi.gov.br\/seres\/category\/sem-categoria\/\" rel=\"category tag\">Sem categoria<\/a>","author_info":{"name":"natalina","url":"https:\/\/portal.pi.gov.br\/seres\/author\/natalina\/"},"comments_num":"0 coment\u00e1rio","featured_image_urls_v2":{"full":["https:\/\/portal.pi.gov.br\/seres\/wp-content\/uploads\/sites\/87\/2025\/10\/WhatsApp-Image-2025-10-15-at-16.07.25-2.jpeg",1280,960,false],"thumbnail":["https:\/\/portal.pi.gov.br\/seres\/wp-content\/uploads\/sites\/87\/2025\/10\/WhatsApp-Image-2025-10-15-at-16.07.25-2-150x150.jpeg",150,150,true],"medium":["https:\/\/portal.pi.gov.br\/seres\/wp-content\/uploads\/sites\/87\/2025\/10\/WhatsApp-Image-2025-10-15-at-16.07.25-2-300x225.jpeg",300,225,true],"medium_large":["https:\/\/portal.pi.gov.br\/seres\/wp-content\/uploads\/sites\/87\/2025\/10\/WhatsApp-Image-2025-10-15-at-16.07.25-2-768x576.jpeg",768,576,true],"large":["https:\/\/portal.pi.gov.br\/seres\/wp-content\/uploads\/sites\/87\/2025\/10\/WhatsApp-Image-2025-10-15-at-16.07.25-2-1024x768.jpeg",887,665,true],"sgg-420":["https:\/\/portal.pi.gov.br\/seres\/wp-content\/uploads\/sites\/87\/2025\/10\/WhatsApp-Image-2025-10-15-at-16.07.25-2-420x315.jpeg",420,315,true],"sgg-540":["https:\/\/portal.pi.gov.br\/seres\/wp-content\/uploads\/sites\/87\/2025\/10\/WhatsApp-Image-2025-10-15-at-16.07.25-2-540x405.jpeg",540,405,true],"sgg-780":["https:\/\/portal.pi.gov.br\/seres\/wp-content\/uploads\/sites\/87\/2025\/10\/WhatsApp-Image-2025-10-15-at-16.07.25-2-780x585.jpeg",780,585,true],"1536x1536":["https:\/\/portal.pi.gov.br\/seres\/wp-content\/uploads\/sites\/87\/2025\/10\/WhatsApp-Image-2025-10-15-at-16.07.25-2.jpeg",1280,960,false],"2048x2048":["https:\/\/portal.pi.gov.br\/seres\/wp-content\/uploads\/sites\/87\/2025\/10\/WhatsApp-Image-2025-10-15-at-16.07.25-2.jpeg",1280,960,false],"homepage-slider":["https:\/\/portal.pi.gov.br\/seres\/wp-content\/uploads\/sites\/87\/2025\/10\/WhatsApp-Image-2025-10-15-at-16.07.25-2-1270x500.jpeg",1270,500,true],"homepage-slider-small":["https:\/\/portal.pi.gov.br\/seres\/wp-content\/uploads\/sites\/87\/2025\/10\/WhatsApp-Image-2025-10-15-at-16.07.25-2-947x500.jpeg",947,500,true],"page-top":["https:\/\/portal.pi.gov.br\/seres\/wp-content\/uploads\/sites\/87\/2025\/10\/WhatsApp-Image-2025-10-15-at-16.07.25-2-947x710.jpeg",947,710,true],"page-small":["https:\/\/portal.pi.gov.br\/seres\/wp-content\/uploads\/sites\/87\/2025\/10\/WhatsApp-Image-2025-10-15-at-16.07.25-2-624x468.jpeg",624,468,true],"loop-main":["https:\/\/portal.pi.gov.br\/seres\/wp-content\/uploads\/sites\/87\/2025\/10\/WhatsApp-Image-2025-10-15-at-16.07.25-2-365x240.jpeg",365,240,true],"thumb-gallery-widget":["https:\/\/portal.pi.gov.br\/seres\/wp-content\/uploads\/sites\/87\/2025\/10\/WhatsApp-Image-2025-10-15-at-16.07.25-2-84x56.jpeg",84,56,true]},"post_excerpt_stackable_v2":"<p>Em 2025, o Sistema \u00danico de Assist\u00eancia Social (SUAS) completou 20 anos de consolida\u00e7\u00e3o no Brasil. Para marcar a data, o Piau\u00ed realizou, em Teresina, a XVI Confer\u00eancia Estadual de Assist\u00eancia Social, iniciada na \u00faltima quarta-feira (15). O evento teve como tema central as duas d\u00e9cadas de constru\u00e7\u00e3o e fortalecimento do SUAS, reunindo representantes da sociedade civil e gestores do estado.\u00a0 O encontro teve como foco analisar as propostas oriundas das etapas municipais e deliberar diretrizes que pudessem consolidar e expandir a atua\u00e7\u00e3o do SUAS no Piau\u00ed, com base em princ\u00edpios de participa\u00e7\u00e3o e corresponsabilidade entre os entes federados. A&hellip;<\/p>\n","category_list_v2":"<a href=\"https:\/\/portal.pi.gov.br\/seres\/category\/noticias\/\" rel=\"category tag\">Not\u00edcias<\/a>, <a href=\"https:\/\/portal.pi.gov.br\/seres\/category\/sem-categoria\/\" rel=\"category tag\">Sem categoria<\/a>","author_info_v2":{"name":"natalina","url":"https:\/\/portal.pi.gov.br\/seres\/author\/natalina\/"},"comments_num_v2":"0 coment\u00e1rio","jetpack_featured_media_url":"https:\/\/portal.pi.gov.br\/seres\/wp-content\/uploads\/sites\/87\/2025\/10\/WhatsApp-Image-2025-10-15-at-16.07.25-2.jpeg","_links":{"self":[{"href":"https:\/\/portal.pi.gov.br\/seres\/wp-json\/wp\/v2\/posts\/4868"}],"collection":[{"href":"https:\/\/portal.pi.gov.br\/seres\/wp-json\/wp\/v2\/posts"}],"about":[{"href":"https:\/\/portal.pi.gov.br\/seres\/wp-json\/wp\/v2\/types\/post"}],"author":[{"embeddable":true,"href":"https:\/\/portal.pi.gov.br\/seres\/wp-json\/wp\/v2\/users\/1748"}],"replies":[{"embeddable":true,"href":"https:\/\/portal.pi.gov.br\/seres\/wp-json\/wp\/v2\/comments?post=4868"}],"version-history":[{"count":6,"href":"https:\/\/portal.pi.gov.br\/seres\/wp-json\/wp\/v2\/posts\/4868\/revisions"}],"predecessor-version":[{"id":4877,"href":"https:\/\/portal.pi.gov.br\/seres\/wp-json\/wp\/v2\/posts\/4868\/revisions\/4877"}],"wp:featuredmedia":[{"embeddable":true,"href":"https:\/\/portal.pi.gov.br\/seres\/wp-json\/wp\/v2\/media\/4861"}],"wp:attachment":[{"href":"https:\/\/portal.pi.gov.br\/seres\/wp-json\/wp\/v2\/media?parent=4868"}],"wp:term":[{"taxonomy":"category","embeddable":true,"href":"https:\/\/portal.pi.gov.br\/seres\/wp-json\/wp\/v2\/categories?post=4868"},{"taxonomy":"post_tag","embeddable":true,"href":"https:\/\/portal.pi.gov.br\/seres\/wp-json\/wp\/v2\/tags?post=4868"}],"curies":[{"name":"wp","href":"https:\/\/api.w.org\/{rel}","templated":true}]}}