{"id":4923,"date":"2025-10-20T11:01:10","date_gmt":"2025-10-20T14:01:10","guid":{"rendered":"https:\/\/portal.pi.gov.br\/seres\/?p=4923"},"modified":"2025-10-20T11:27:15","modified_gmt":"2025-10-20T14:27:15","slug":"dialogos-pelo-piaui-em-parnaiba-bate-recorde-de-inscritos-e-governador-reforca-acoes-prioritarias-para-a-regiao","status":"publish","type":"post","link":"https:\/\/portal.pi.gov.br\/seres\/2025\/10\/20\/dialogos-pelo-piaui-em-parnaiba-bate-recorde-de-inscritos-e-governador-reforca-acoes-prioritarias-para-a-regiao\/","title":{"rendered":"Di\u00e1logos pelo Piau\u00ed em Parna\u00edba bate recorde de inscritos e governador refor\u00e7a a\u00e7\u00f5es priorit\u00e1rias para a regi\u00e3o"},"content":{"rendered":"\n<p><em>O programa j\u00e1 percorreu 10 territ\u00f3rios, com 5.488 inscri\u00e7\u00f5es e 834 propostas cadastradas.<\/em><\/p>\n\n\n\n<p>A 10\u00aa edi\u00e7\u00e3o do Di\u00e1logos pelo Piau\u00ed foi conclu\u00edda, neste s\u00e1bado (18), em Parna\u00edba, com a plen\u00e1ria final que reuniu representantes de toda a regi\u00e3o para apresentar ao governador Rafael Fonteles as propostas discutidas nas oficinas de revis\u00e3o das diretrizes do Plano Plurianual (PPA) 2024\u20132027. A edi\u00e7\u00e3o da Plan\u00edcie Litor\u00e2nea registrou recorde de 507 participantes nas oficinas, que definiram as propostas para avalia\u00e7\u00e3o e integra\u00e7\u00e3o ao planejamento estadual.<\/p>\n\n\n\n<p>No evento, o governador Rafael Fonteles destacou a import\u00e2ncia do di\u00e1logo direto com a popula\u00e7\u00e3o.<br>\u201cEsse \u00e9 o momento em que escutamos o povo e incorporamos essas prioridades ao planejamento or\u00e7ament\u00e1rio, para virar a\u00e7\u00e3o concreta que atenda \u00e0s demandas da sociedade. \u00c9 assim que transformamos a participa\u00e7\u00e3o popular em resultado efetivo para o estado\u201d, afirmou o chefe do Executivo estadual.<\/p>\n\n\n<div class=\"wp-block-image\">\n<figure class=\"aligncenter size-large is-resized\"><img decoding=\"async\" loading=\"lazy\" src=\"https:\/\/portal.pi.gov.br\/seres\/wp-content\/uploads\/sites\/87\/2025\/10\/image-4-1024x682.png\" alt=\"\" class=\"wp-image-4924\" width=\"697\" height=\"464\" srcset=\"https:\/\/portal.pi.gov.br\/seres\/wp-content\/uploads\/sites\/87\/2025\/10\/image-4-1024x682.png 1024w, https:\/\/portal.pi.gov.br\/seres\/wp-content\/uploads\/sites\/87\/2025\/10\/image-4-300x200.png 300w, https:\/\/portal.pi.gov.br\/seres\/wp-content\/uploads\/sites\/87\/2025\/10\/image-4-768x512.png 768w, https:\/\/portal.pi.gov.br\/seres\/wp-content\/uploads\/sites\/87\/2025\/10\/image-4-420x280.png 420w, https:\/\/portal.pi.gov.br\/seres\/wp-content\/uploads\/sites\/87\/2025\/10\/image-4-540x360.png 540w, https:\/\/portal.pi.gov.br\/seres\/wp-content\/uploads\/sites\/87\/2025\/10\/image-4-780x520.png 780w, https:\/\/portal.pi.gov.br\/seres\/wp-content\/uploads\/sites\/87\/2025\/10\/image-4-1536x1024.png 1536w, https:\/\/portal.pi.gov.br\/seres\/wp-content\/uploads\/sites\/87\/2025\/10\/image-4-2048x1365.png 2048w, https:\/\/portal.pi.gov.br\/seres\/wp-content\/uploads\/sites\/87\/2025\/10\/image-4-947x631.png 947w, https:\/\/portal.pi.gov.br\/seres\/wp-content\/uploads\/sites\/87\/2025\/10\/image-4-624x416.png 624w, https:\/\/portal.pi.gov.br\/seres\/wp-content\/uploads\/sites\/87\/2025\/10\/image-4-84x56.png 84w\" sizes=\"(max-width: 697px) 100vw, 697px\" \/><figcaption class=\"wp-element-caption\"><br>Foto: Gabriel Torres<\/figcaption><\/figure><\/div>\n\n\n<p><\/p>\n\n\n\n<p>Na plen\u00e1ria, foram apresentados dados do balan\u00e7o geral do Di\u00e1logos pelo Piau\u00ed, indicando que, at\u00e9 o momento, o programa percorreu 10 territ\u00f3rios, registrando 5.488 inscri\u00e7\u00f5es, 834 propostas cadastradas e 70 representantes eleitos. Os representantes apresentaram as propostas distribu\u00eddas pelos sete eixos tem\u00e1ticos: Educa\u00e7\u00e3o Inclusiva e de Qualidade; Sa\u00fade e Bem-Estar; Desenvolvimento Socioecon\u00f4mico; Infraestrutura, Inclus\u00e3o Produtiva e Transi\u00e7\u00e3o Energ\u00e9tica; Mudan\u00e7as Clim\u00e1ticas, Meio Ambiente e Recursos H\u00eddricos; Redu\u00e7\u00e3o das Desigualdades; e Justi\u00e7a e Seguran\u00e7a, selecionando cinco propostas para cada eixo.<\/p>\n\n\n<div class=\"wp-block-image\">\n<figure class=\"aligncenter size-large is-resized\"><img decoding=\"async\" loading=\"lazy\" src=\"https:\/\/portal.pi.gov.br\/seres\/wp-content\/uploads\/sites\/87\/2025\/10\/WhatsApp-Image-2025-10-20-at-11.13.06-1024x683.jpeg\" alt=\"\" class=\"wp-image-4935\" width=\"772\" height=\"514\" srcset=\"https:\/\/portal.pi.gov.br\/seres\/wp-content\/uploads\/sites\/87\/2025\/10\/WhatsApp-Image-2025-10-20-at-11.13.06-1024x683.jpeg 1024w, https:\/\/portal.pi.gov.br\/seres\/wp-content\/uploads\/sites\/87\/2025\/10\/WhatsApp-Image-2025-10-20-at-11.13.06-300x200.jpeg 300w, https:\/\/portal.pi.gov.br\/seres\/wp-content\/uploads\/sites\/87\/2025\/10\/WhatsApp-Image-2025-10-20-at-11.13.06-768x512.jpeg 768w, https:\/\/portal.pi.gov.br\/seres\/wp-content\/uploads\/sites\/87\/2025\/10\/WhatsApp-Image-2025-10-20-at-11.13.06-420x280.jpeg 420w, https:\/\/portal.pi.gov.br\/seres\/wp-content\/uploads\/sites\/87\/2025\/10\/WhatsApp-Image-2025-10-20-at-11.13.06-540x360.jpeg 540w, https:\/\/portal.pi.gov.br\/seres\/wp-content\/uploads\/sites\/87\/2025\/10\/WhatsApp-Image-2025-10-20-at-11.13.06-780x520.jpeg 780w, https:\/\/portal.pi.gov.br\/seres\/wp-content\/uploads\/sites\/87\/2025\/10\/WhatsApp-Image-2025-10-20-at-11.13.06-947x632.jpeg 947w, https:\/\/portal.pi.gov.br\/seres\/wp-content\/uploads\/sites\/87\/2025\/10\/WhatsApp-Image-2025-10-20-at-11.13.06-624x416.jpeg 624w, https:\/\/portal.pi.gov.br\/seres\/wp-content\/uploads\/sites\/87\/2025\/10\/WhatsApp-Image-2025-10-20-at-11.13.06-84x56.jpeg 84w, https:\/\/portal.pi.gov.br\/seres\/wp-content\/uploads\/sites\/87\/2025\/10\/WhatsApp-Image-2025-10-20-at-11.13.06.jpeg 1280w\" sizes=\"(max-width: 772px) 100vw, 772px\" \/><figcaption class=\"wp-element-caption\"><br>Foto: Geirlys Silva<\/figcaption><\/figure><\/div>\n\n\n<p><\/p>\n\n\n\n<p><\/p>\n\n\n\n<p><br>A secret\u00e1ria das Rela\u00e7\u00f5es Sociais, N\u00fabia Lopes, destacou o car\u00e1ter democr\u00e1tico e participativo do processo de constru\u00e7\u00e3o do Plano Plurianual (PPA).<br><\/p>\n\n\n\n<p>\u201cParticipamos de todas as edi\u00e7\u00f5es das oficinas e plen\u00e1rias do PPA, analisando as propostas, debatendo e definindo as prioridades que foram apresentadas ao governador Rafael Fonteles. Esse trabalho representa, na pr\u00e1tica, o compromisso do Governo do Estado com a democracia participativa. A participa\u00e7\u00e3o social, no governo Rafael Fonteles, n\u00e3o \u00e9 apenas um discurso, mas uma pol\u00edtica p\u00fablica efetiva. Na 10\u00aa edi\u00e7\u00e3o do Di\u00e1logos pelo Piau\u00ed no Territ\u00f3rio da Plan\u00edcie Litor\u00e2nea, que abrange 11 munic\u00edpios, tivemos a presen\u00e7a de representantes de todos eles com um n\u00famero recorde de participa\u00e7\u00e3o em todas as oficinas, contribuindo ativamente com suas demandas e sugest\u00f5es. Agradecemos a todos e todas pela contribui\u00e7\u00e3o nesse processo coletivo de constru\u00e7\u00e3o do futuro do Piau\u00ed\u201d, destacou N\u00fabia Lopes.<\/p>\n\n\n\n<p><\/p>\n\n\n\n<p><\/p>\n\n\n<div class=\"wp-block-image\">\n<figure class=\"aligncenter size-large is-resized\"><img decoding=\"async\" loading=\"lazy\" src=\"https:\/\/portal.pi.gov.br\/seres\/wp-content\/uploads\/sites\/87\/2025\/10\/image-5-1024x682.png\" alt=\"\" class=\"wp-image-4925\" width=\"722\" height=\"481\" srcset=\"https:\/\/portal.pi.gov.br\/seres\/wp-content\/uploads\/sites\/87\/2025\/10\/image-5-1024x682.png 1024w, https:\/\/portal.pi.gov.br\/seres\/wp-content\/uploads\/sites\/87\/2025\/10\/image-5-300x200.png 300w, https:\/\/portal.pi.gov.br\/seres\/wp-content\/uploads\/sites\/87\/2025\/10\/image-5-768x512.png 768w, https:\/\/portal.pi.gov.br\/seres\/wp-content\/uploads\/sites\/87\/2025\/10\/image-5-420x280.png 420w, https:\/\/portal.pi.gov.br\/seres\/wp-content\/uploads\/sites\/87\/2025\/10\/image-5-540x360.png 540w, https:\/\/portal.pi.gov.br\/seres\/wp-content\/uploads\/sites\/87\/2025\/10\/image-5-780x520.png 780w, https:\/\/portal.pi.gov.br\/seres\/wp-content\/uploads\/sites\/87\/2025\/10\/image-5-1536x1024.png 1536w, https:\/\/portal.pi.gov.br\/seres\/wp-content\/uploads\/sites\/87\/2025\/10\/image-5-2048x1365.png 2048w, https:\/\/portal.pi.gov.br\/seres\/wp-content\/uploads\/sites\/87\/2025\/10\/image-5-947x631.png 947w, https:\/\/portal.pi.gov.br\/seres\/wp-content\/uploads\/sites\/87\/2025\/10\/image-5-624x416.png 624w, https:\/\/portal.pi.gov.br\/seres\/wp-content\/uploads\/sites\/87\/2025\/10\/image-5-84x56.png 84w\" sizes=\"(max-width: 722px) 100vw, 722px\" \/><figcaption class=\"wp-element-caption\"><br>Foto: Gabriel Torres<\/figcaption><\/figure><\/div>\n\n\n<p>Tamb\u00e9m presente, o secret\u00e1rio do Planejamento, Washington Bonfim, destacou a relev\u00e2ncia da regi\u00e3o. \u201cParna\u00edba \u00e9 um territ\u00f3rio importante pelo turismo e pelas potencialidades econ\u00f4micas, incluindo tamb\u00e9m energias renov\u00e1veis\u201d, disse o secret\u00e1rio.<\/p>\n\n\n\n<p>O prefeito de Parna\u00edba, Francisco Emanuel, ressaltou a import\u00e2ncia da participa\u00e7\u00e3o da comunidade nas decis\u00f5es do territ\u00f3rio. \u201cQuem realmente sabe o que cada bairro precisa \u00e9 a pr\u00f3pria comunidade, por isso \u00e9 fundamental ouvi-la\u201d, concluiu o gestor.<\/p>\n\n\n<div class=\"wp-block-image\">\n<figure class=\"aligncenter size-large is-resized\"><img decoding=\"async\" loading=\"lazy\" src=\"https:\/\/portal.pi.gov.br\/seres\/wp-content\/uploads\/sites\/87\/2025\/10\/image-6-1024x682.png\" alt=\"\" class=\"wp-image-4928\" width=\"633\" height=\"421\" srcset=\"https:\/\/portal.pi.gov.br\/seres\/wp-content\/uploads\/sites\/87\/2025\/10\/image-6-1024x682.png 1024w, https:\/\/portal.pi.gov.br\/seres\/wp-content\/uploads\/sites\/87\/2025\/10\/image-6-300x200.png 300w, https:\/\/portal.pi.gov.br\/seres\/wp-content\/uploads\/sites\/87\/2025\/10\/image-6-768x512.png 768w, https:\/\/portal.pi.gov.br\/seres\/wp-content\/uploads\/sites\/87\/2025\/10\/image-6-420x280.png 420w, https:\/\/portal.pi.gov.br\/seres\/wp-content\/uploads\/sites\/87\/2025\/10\/image-6-540x360.png 540w, https:\/\/portal.pi.gov.br\/seres\/wp-content\/uploads\/sites\/87\/2025\/10\/image-6-780x520.png 780w, https:\/\/portal.pi.gov.br\/seres\/wp-content\/uploads\/sites\/87\/2025\/10\/image-6-1536x1024.png 1536w, https:\/\/portal.pi.gov.br\/seres\/wp-content\/uploads\/sites\/87\/2025\/10\/image-6-2048x1365.png 2048w, https:\/\/portal.pi.gov.br\/seres\/wp-content\/uploads\/sites\/87\/2025\/10\/image-6-947x631.png 947w, https:\/\/portal.pi.gov.br\/seres\/wp-content\/uploads\/sites\/87\/2025\/10\/image-6-624x416.png 624w, https:\/\/portal.pi.gov.br\/seres\/wp-content\/uploads\/sites\/87\/2025\/10\/image-6-84x56.png 84w\" sizes=\"(max-width: 633px) 100vw, 633px\" \/><figcaption class=\"wp-element-caption\"><br>Foto: Gabriel Torres<\/figcaption><\/figure><\/div>\n\n\n<p><\/p>\n\n\n\n<p><strong>A\u00e7\u00f5es priorit\u00e1rias e revitaliza\u00e7\u00e3o do Rio Parna\u00edba<\/strong><\/p>\n\n\n\n<p>Encerrando a plen\u00e1ria, o governador Rafael Fonteles destacou que as propostas selecionadas nos sete eixos representam prioridades concretas do Governo do Estado, como a amplia\u00e7\u00e3o da infraestrutura em sa\u00fade e educa\u00e7\u00e3o, o fortalecimento da seguran\u00e7a p\u00fablica, o avan\u00e7o na inclus\u00e3o produtiva e o incentivo ao desenvolvimento sustent\u00e1vel.<\/p>\n\n\n\n<p>Entre as a\u00e7\u00f5es de destaque citadas pelo governador est\u00e1 o apoio na revitaliza\u00e7\u00e3o do Rio Parna\u00edba, projeto coordenado pelo Minist\u00e9rio da Integra\u00e7\u00e3o e do Desenvolvimento Regional (MIDR), com investimento de R$ 995 milh\u00f5es do Governo Federal, por meio do PAC. A expectativa \u00e9 de que as obras tenham in\u00edcio ainda em 20225 e contemplam recupera\u00e7\u00e3o ambiental e reestrutura\u00e7\u00e3o da navegabilidade, beneficiando diretamente os estados do Piau\u00ed e Maranh\u00e3o.<\/p>\n\n\n\n<p><em> Por: Clayton Gomes, Amanda Costa<\/em> e <em>Natalina Alves<\/em><\/p>\n","protected":false},"excerpt":{"rendered":"<p>O programa j\u00e1 percorreu 10 territ\u00f3rios, com 5.488 inscri\u00e7\u00f5es e 834 propostas cadastradas. A 10\u00aa edi\u00e7\u00e3o do Di\u00e1logos pelo Piau\u00ed foi conclu\u00edda, neste s\u00e1bado (18), em Parna\u00edba, com a plen\u00e1ria [&hellip;]<\/p>\n","protected":false},"author":1748,"featured_media":4937,"comment_status":"closed","ping_status":"closed","sticky":false,"template":"","format":"standard","meta":[],"categories":[34,1],"tags":[],"featured_image_urls":{"full":["https:\/\/portal.pi.gov.br\/seres\/wp-content\/uploads\/sites\/87\/2025\/10\/WhatsApp-Image-2025-10-18-at-10.59.58-1.jpeg",2048,1536,false],"thumbnail":["https:\/\/portal.pi.gov.br\/seres\/wp-content\/uploads\/sites\/87\/2025\/10\/WhatsApp-Image-2025-10-18-at-10.59.58-1-150x150.jpeg",150,150,true],"medium":["https:\/\/portal.pi.gov.br\/seres\/wp-content\/uploads\/sites\/87\/2025\/10\/WhatsApp-Image-2025-10-18-at-10.59.58-1-300x225.jpeg",300,225,true],"medium_large":["https:\/\/portal.pi.gov.br\/seres\/wp-content\/uploads\/sites\/87\/2025\/10\/WhatsApp-Image-2025-10-18-at-10.59.58-1-768x576.jpeg",768,576,true],"large":["https:\/\/portal.pi.gov.br\/seres\/wp-content\/uploads\/sites\/87\/2025\/10\/WhatsApp-Image-2025-10-18-at-10.59.58-1-1024x768.jpeg",887,665,true],"sgg-420":["https:\/\/portal.pi.gov.br\/seres\/wp-content\/uploads\/sites\/87\/2025\/10\/WhatsApp-Image-2025-10-18-at-10.59.58-1-420x315.jpeg",420,315,true],"sgg-540":["https:\/\/portal.pi.gov.br\/seres\/wp-content\/uploads\/sites\/87\/2025\/10\/WhatsApp-Image-2025-10-18-at-10.59.58-1-540x405.jpeg",540,405,true],"sgg-780":["https:\/\/portal.pi.gov.br\/seres\/wp-content\/uploads\/sites\/87\/2025\/10\/WhatsApp-Image-2025-10-18-at-10.59.58-1-780x585.jpeg",780,585,true],"1536x1536":["https:\/\/portal.pi.gov.br\/seres\/wp-content\/uploads\/sites\/87\/2025\/10\/WhatsApp-Image-2025-10-18-at-10.59.58-1-1536x1152.jpeg",1536,1152,true],"2048x2048":["https:\/\/portal.pi.gov.br\/seres\/wp-content\/uploads\/sites\/87\/2025\/10\/WhatsApp-Image-2025-10-18-at-10.59.58-1.jpeg",2048,1536,false],"homepage-slider":["https:\/\/portal.pi.gov.br\/seres\/wp-content\/uploads\/sites\/87\/2025\/10\/WhatsApp-Image-2025-10-18-at-10.59.58-1-1270x500.jpeg",1270,500,true],"homepage-slider-small":["https:\/\/portal.pi.gov.br\/seres\/wp-content\/uploads\/sites\/87\/2025\/10\/WhatsApp-Image-2025-10-18-at-10.59.58-1-947x500.jpeg",947,500,true],"page-top":["https:\/\/portal.pi.gov.br\/seres\/wp-content\/uploads\/sites\/87\/2025\/10\/WhatsApp-Image-2025-10-18-at-10.59.58-1-947x710.jpeg",947,710,true],"page-small":["https:\/\/portal.pi.gov.br\/seres\/wp-content\/uploads\/sites\/87\/2025\/10\/WhatsApp-Image-2025-10-18-at-10.59.58-1-624x468.jpeg",624,468,true],"loop-main":["https:\/\/portal.pi.gov.br\/seres\/wp-content\/uploads\/sites\/87\/2025\/10\/WhatsApp-Image-2025-10-18-at-10.59.58-1-365x240.jpeg",365,240,true],"thumb-gallery-widget":["https:\/\/portal.pi.gov.br\/seres\/wp-content\/uploads\/sites\/87\/2025\/10\/WhatsApp-Image-2025-10-18-at-10.59.58-1-84x56.jpeg",84,56,true]},"post_excerpt_stackable":"<p>O programa j\u00e1 percorreu 10 territ\u00f3rios, com 5.488 inscri\u00e7\u00f5es e 834 propostas cadastradas. A 10\u00aa edi\u00e7\u00e3o do Di\u00e1logos pelo Piau\u00ed foi conclu\u00edda, neste s\u00e1bado (18), em Parna\u00edba, com a plen\u00e1ria final que reuniu representantes de toda a regi\u00e3o para apresentar ao governador Rafael Fonteles as propostas discutidas nas oficinas de revis\u00e3o das diretrizes do Plano Plurianual (PPA) 2024\u20132027. A edi\u00e7\u00e3o da Plan\u00edcie Litor\u00e2nea registrou recorde de 507 participantes nas oficinas, que definiram as propostas para avalia\u00e7\u00e3o e integra\u00e7\u00e3o ao planejamento estadual. No evento, o governador Rafael Fonteles destacou a import\u00e2ncia do di\u00e1logo direto com a popula\u00e7\u00e3o.\u201cEsse \u00e9 o momento em&hellip;<\/p>\n","category_list":"<a href=\"https:\/\/portal.pi.gov.br\/seres\/category\/noticias\/\" rel=\"category tag\">Not\u00edcias<\/a>, <a href=\"https:\/\/portal.pi.gov.br\/seres\/category\/sem-categoria\/\" rel=\"category tag\">Sem categoria<\/a>","author_info":{"name":"natalina","url":"https:\/\/portal.pi.gov.br\/seres\/author\/natalina\/"},"comments_num":"0 coment\u00e1rio","featured_image_urls_v2":{"full":["https:\/\/portal.pi.gov.br\/seres\/wp-content\/uploads\/sites\/87\/2025\/10\/WhatsApp-Image-2025-10-18-at-10.59.58-1.jpeg",2048,1536,false],"thumbnail":["https:\/\/portal.pi.gov.br\/seres\/wp-content\/uploads\/sites\/87\/2025\/10\/WhatsApp-Image-2025-10-18-at-10.59.58-1-150x150.jpeg",150,150,true],"medium":["https:\/\/portal.pi.gov.br\/seres\/wp-content\/uploads\/sites\/87\/2025\/10\/WhatsApp-Image-2025-10-18-at-10.59.58-1-300x225.jpeg",300,225,true],"medium_large":["https:\/\/portal.pi.gov.br\/seres\/wp-content\/uploads\/sites\/87\/2025\/10\/WhatsApp-Image-2025-10-18-at-10.59.58-1-768x576.jpeg",768,576,true],"large":["https:\/\/portal.pi.gov.br\/seres\/wp-content\/uploads\/sites\/87\/2025\/10\/WhatsApp-Image-2025-10-18-at-10.59.58-1-1024x768.jpeg",887,665,true],"sgg-420":["https:\/\/portal.pi.gov.br\/seres\/wp-content\/uploads\/sites\/87\/2025\/10\/WhatsApp-Image-2025-10-18-at-10.59.58-1-420x315.jpeg",420,315,true],"sgg-540":["https:\/\/portal.pi.gov.br\/seres\/wp-content\/uploads\/sites\/87\/2025\/10\/WhatsApp-Image-2025-10-18-at-10.59.58-1-540x405.jpeg",540,405,true],"sgg-780":["https:\/\/portal.pi.gov.br\/seres\/wp-content\/uploads\/sites\/87\/2025\/10\/WhatsApp-Image-2025-10-18-at-10.59.58-1-780x585.jpeg",780,585,true],"1536x1536":["https:\/\/portal.pi.gov.br\/seres\/wp-content\/uploads\/sites\/87\/2025\/10\/WhatsApp-Image-2025-10-18-at-10.59.58-1-1536x1152.jpeg",1536,1152,true],"2048x2048":["https:\/\/portal.pi.gov.br\/seres\/wp-content\/uploads\/sites\/87\/2025\/10\/WhatsApp-Image-2025-10-18-at-10.59.58-1.jpeg",2048,1536,false],"homepage-slider":["https:\/\/portal.pi.gov.br\/seres\/wp-content\/uploads\/sites\/87\/2025\/10\/WhatsApp-Image-2025-10-18-at-10.59.58-1-1270x500.jpeg",1270,500,true],"homepage-slider-small":["https:\/\/portal.pi.gov.br\/seres\/wp-content\/uploads\/sites\/87\/2025\/10\/WhatsApp-Image-2025-10-18-at-10.59.58-1-947x500.jpeg",947,500,true],"page-top":["https:\/\/portal.pi.gov.br\/seres\/wp-content\/uploads\/sites\/87\/2025\/10\/WhatsApp-Image-2025-10-18-at-10.59.58-1-947x710.jpeg",947,710,true],"page-small":["https:\/\/portal.pi.gov.br\/seres\/wp-content\/uploads\/sites\/87\/2025\/10\/WhatsApp-Image-2025-10-18-at-10.59.58-1-624x468.jpeg",624,468,true],"loop-main":["https:\/\/portal.pi.gov.br\/seres\/wp-content\/uploads\/sites\/87\/2025\/10\/WhatsApp-Image-2025-10-18-at-10.59.58-1-365x240.jpeg",365,240,true],"thumb-gallery-widget":["https:\/\/portal.pi.gov.br\/seres\/wp-content\/uploads\/sites\/87\/2025\/10\/WhatsApp-Image-2025-10-18-at-10.59.58-1-84x56.jpeg",84,56,true]},"post_excerpt_stackable_v2":"<p>O programa j\u00e1 percorreu 10 territ\u00f3rios, com 5.488 inscri\u00e7\u00f5es e 834 propostas cadastradas. A 10\u00aa edi\u00e7\u00e3o do Di\u00e1logos pelo Piau\u00ed foi conclu\u00edda, neste s\u00e1bado (18), em Parna\u00edba, com a plen\u00e1ria final que reuniu representantes de toda a regi\u00e3o para apresentar ao governador Rafael Fonteles as propostas discutidas nas oficinas de revis\u00e3o das diretrizes do Plano Plurianual (PPA) 2024\u20132027. A edi\u00e7\u00e3o da Plan\u00edcie Litor\u00e2nea registrou recorde de 507 participantes nas oficinas, que definiram as propostas para avalia\u00e7\u00e3o e integra\u00e7\u00e3o ao planejamento estadual. No evento, o governador Rafael Fonteles destacou a import\u00e2ncia do di\u00e1logo direto com a popula\u00e7\u00e3o.\u201cEsse \u00e9 o momento em&hellip;<\/p>\n","category_list_v2":"<a href=\"https:\/\/portal.pi.gov.br\/seres\/category\/noticias\/\" rel=\"category tag\">Not\u00edcias<\/a>, <a href=\"https:\/\/portal.pi.gov.br\/seres\/category\/sem-categoria\/\" rel=\"category tag\">Sem categoria<\/a>","author_info_v2":{"name":"natalina","url":"https:\/\/portal.pi.gov.br\/seres\/author\/natalina\/"},"comments_num_v2":"0 coment\u00e1rio","jetpack_featured_media_url":"https:\/\/portal.pi.gov.br\/seres\/wp-content\/uploads\/sites\/87\/2025\/10\/WhatsApp-Image-2025-10-18-at-10.59.58-1.jpeg","_links":{"self":[{"href":"https:\/\/portal.pi.gov.br\/seres\/wp-json\/wp\/v2\/posts\/4923"}],"collection":[{"href":"https:\/\/portal.pi.gov.br\/seres\/wp-json\/wp\/v2\/posts"}],"about":[{"href":"https:\/\/portal.pi.gov.br\/seres\/wp-json\/wp\/v2\/types\/post"}],"author":[{"embeddable":true,"href":"https:\/\/portal.pi.gov.br\/seres\/wp-json\/wp\/v2\/users\/1748"}],"replies":[{"embeddable":true,"href":"https:\/\/portal.pi.gov.br\/seres\/wp-json\/wp\/v2\/comments?post=4923"}],"version-history":[{"count":6,"href":"https:\/\/portal.pi.gov.br\/seres\/wp-json\/wp\/v2\/posts\/4923\/revisions"}],"predecessor-version":[{"id":4939,"href":"https:\/\/portal.pi.gov.br\/seres\/wp-json\/wp\/v2\/posts\/4923\/revisions\/4939"}],"wp:featuredmedia":[{"embeddable":true,"href":"https:\/\/portal.pi.gov.br\/seres\/wp-json\/wp\/v2\/media\/4937"}],"wp:attachment":[{"href":"https:\/\/portal.pi.gov.br\/seres\/wp-json\/wp\/v2\/media?parent=4923"}],"wp:term":[{"taxonomy":"category","embeddable":true,"href":"https:\/\/portal.pi.gov.br\/seres\/wp-json\/wp\/v2\/categories?post=4923"},{"taxonomy":"post_tag","embeddable":true,"href":"https:\/\/portal.pi.gov.br\/seres\/wp-json\/wp\/v2\/tags?post=4923"}],"curies":[{"name":"wp","href":"https:\/\/api.w.org\/{rel}","templated":true}]}}