{"id":4984,"date":"2025-10-21T11:07:49","date_gmt":"2025-10-21T14:07:49","guid":{"rendered":"https:\/\/portal.pi.gov.br\/seres\/?p=4984"},"modified":"2025-10-21T11:07:49","modified_gmt":"2025-10-21T14:07:49","slug":"seres-participa-da-abertura-do-4o-encontro-regional-do-iclei-no-nordeste","status":"publish","type":"post","link":"https:\/\/portal.pi.gov.br\/seres\/2025\/10\/21\/seres-participa-da-abertura-do-4o-encontro-regional-do-iclei-no-nordeste\/","title":{"rendered":"Seres participa da abertura do 4\u00ba Encontro Regional do ICLEI no Nordeste"},"content":{"rendered":"\n<p>O encontro destacou que o Piau\u00ed \u00e9 o estado que ser\u00e1 um dos protagonistas brasileiros na COP30.<\/p>\n\n\n\n<figure class=\"wp-block-image size-large\"><img decoding=\"async\" loading=\"lazy\" width=\"1024\" height=\"683\" src=\"https:\/\/portal.pi.gov.br\/seres\/wp-content\/uploads\/sites\/87\/2025\/10\/02740b2b-0af1-42c1-b568-c7279214cc9e-1024x683.jpeg\" alt=\"\" class=\"wp-image-4976\" srcset=\"https:\/\/portal.pi.gov.br\/seres\/wp-content\/uploads\/sites\/87\/2025\/10\/02740b2b-0af1-42c1-b568-c7279214cc9e-1024x683.jpeg 1024w, https:\/\/portal.pi.gov.br\/seres\/wp-content\/uploads\/sites\/87\/2025\/10\/02740b2b-0af1-42c1-b568-c7279214cc9e-300x200.jpeg 300w, https:\/\/portal.pi.gov.br\/seres\/wp-content\/uploads\/sites\/87\/2025\/10\/02740b2b-0af1-42c1-b568-c7279214cc9e-768x512.jpeg 768w, https:\/\/portal.pi.gov.br\/seres\/wp-content\/uploads\/sites\/87\/2025\/10\/02740b2b-0af1-42c1-b568-c7279214cc9e-420x280.jpeg 420w, https:\/\/portal.pi.gov.br\/seres\/wp-content\/uploads\/sites\/87\/2025\/10\/02740b2b-0af1-42c1-b568-c7279214cc9e-540x360.jpeg 540w, https:\/\/portal.pi.gov.br\/seres\/wp-content\/uploads\/sites\/87\/2025\/10\/02740b2b-0af1-42c1-b568-c7279214cc9e-780x520.jpeg 780w, https:\/\/portal.pi.gov.br\/seres\/wp-content\/uploads\/sites\/87\/2025\/10\/02740b2b-0af1-42c1-b568-c7279214cc9e-947x632.jpeg 947w, https:\/\/portal.pi.gov.br\/seres\/wp-content\/uploads\/sites\/87\/2025\/10\/02740b2b-0af1-42c1-b568-c7279214cc9e-624x416.jpeg 624w, https:\/\/portal.pi.gov.br\/seres\/wp-content\/uploads\/sites\/87\/2025\/10\/02740b2b-0af1-42c1-b568-c7279214cc9e-84x56.jpeg 84w, https:\/\/portal.pi.gov.br\/seres\/wp-content\/uploads\/sites\/87\/2025\/10\/02740b2b-0af1-42c1-b568-c7279214cc9e.jpeg 1280w\" sizes=\"(max-width: 1024px) 100vw, 1024px\" \/><\/figure>\n\n\n\n<p><\/p>\n\n\n\n<p>O Piau\u00ed est\u00e1 sediando o 4\u00ba Encontro Regional do ICLEI no Nordeste, evento que envolve governos municipais e estaduais no debate de temas globais, como meio ambiente, seguran\u00e7a h\u00eddrica e mudan\u00e7as clim\u00e1ticas. A secret\u00e1ria de Rela\u00e7\u00f5es Sociais, N\u00fabia Lopes, esteve presente na solenidade de abertura que aconteceu nesta segunda-feira (20), em Teresina, tendo como temas centrais a transi\u00e7\u00e3o energ\u00e9tica e alta efici\u00eancia da Caatinga na reten\u00e7\u00e3o de carbono, pautas que ser\u00e3o protagonizadas pelo Piau\u00ed e pelo Nordeste na COP30.<\/p>\n\n\n\n<p>O evento faz parte da prepara\u00e7\u00e3o para a 30\u00aa Confer\u00eancia da ONU sobre Mudan\u00e7as Clim\u00e1ticas (COP30), que ser\u00e1 realizada em Bel\u00e9m (PA), em novembro. Na ocasi\u00e3o, os representantes do Governo do Piau\u00ed e ICLEI reafirmaram parcerias estrat\u00e9gicas para o desenvolvimento sustent\u00e1vel de toda a regi\u00e3o, entre elas a participa\u00e7\u00e3o do Cons\u00f3rcio Nordeste no Hub de cidades e regi\u00f5es, co-liderado pelo ICLEI, ONU-Habitat e Minist\u00e9rio das Cidades.<\/p>\n\n\n\n<figure class=\"wp-block-image size-large\"><img decoding=\"async\" loading=\"lazy\" width=\"1024\" height=\"683\" src=\"https:\/\/portal.pi.gov.br\/seres\/wp-content\/uploads\/sites\/87\/2025\/10\/b0d6b80e-b0eb-44d5-ada3-83f677729a6d-1024x683.jpeg\" alt=\"\" class=\"wp-image-4978\" srcset=\"https:\/\/portal.pi.gov.br\/seres\/wp-content\/uploads\/sites\/87\/2025\/10\/b0d6b80e-b0eb-44d5-ada3-83f677729a6d-1024x683.jpeg 1024w, https:\/\/portal.pi.gov.br\/seres\/wp-content\/uploads\/sites\/87\/2025\/10\/b0d6b80e-b0eb-44d5-ada3-83f677729a6d-300x200.jpeg 300w, https:\/\/portal.pi.gov.br\/seres\/wp-content\/uploads\/sites\/87\/2025\/10\/b0d6b80e-b0eb-44d5-ada3-83f677729a6d-768x512.jpeg 768w, https:\/\/portal.pi.gov.br\/seres\/wp-content\/uploads\/sites\/87\/2025\/10\/b0d6b80e-b0eb-44d5-ada3-83f677729a6d-420x280.jpeg 420w, https:\/\/portal.pi.gov.br\/seres\/wp-content\/uploads\/sites\/87\/2025\/10\/b0d6b80e-b0eb-44d5-ada3-83f677729a6d-540x360.jpeg 540w, https:\/\/portal.pi.gov.br\/seres\/wp-content\/uploads\/sites\/87\/2025\/10\/b0d6b80e-b0eb-44d5-ada3-83f677729a6d-780x520.jpeg 780w, https:\/\/portal.pi.gov.br\/seres\/wp-content\/uploads\/sites\/87\/2025\/10\/b0d6b80e-b0eb-44d5-ada3-83f677729a6d-947x632.jpeg 947w, https:\/\/portal.pi.gov.br\/seres\/wp-content\/uploads\/sites\/87\/2025\/10\/b0d6b80e-b0eb-44d5-ada3-83f677729a6d-624x416.jpeg 624w, https:\/\/portal.pi.gov.br\/seres\/wp-content\/uploads\/sites\/87\/2025\/10\/b0d6b80e-b0eb-44d5-ada3-83f677729a6d-84x56.jpeg 84w, https:\/\/portal.pi.gov.br\/seres\/wp-content\/uploads\/sites\/87\/2025\/10\/b0d6b80e-b0eb-44d5-ada3-83f677729a6d.jpeg 1280w\" sizes=\"(max-width: 1024px) 100vw, 1024px\" \/><\/figure>\n\n\n\n<p><\/p>\n\n\n\n<p>O ato solene foi marcado pela entrega ao governador do Plano Estadual de A\u00e7\u00e3o Clim\u00e1tica do Piau\u00ed, elaborado pela Secretaria de Meio Ambiente e Recursos H\u00eddricos (Semarh), em parceria com o ICLEI. O secret\u00e1rio-executivo do ICLEI para a Am\u00e9rica do Sul Piau\u00ed, Rodrigo Perp\u00e9tuo, destaca que o Piau\u00ed \u00e9 primeiro estado do Nordeste a elaborar o plano estadual, ouvindo as comunidades, os diferentes setores, e fortalecendo as pol\u00edticas p\u00fablicas ambientais.<\/p>\n\n\n\n<p>Durante o encontro, Rafael Fonteles ressaltou o papel do Piau\u00ed e do Nordeste na lideran\u00e7a de pol\u00edticas ambientais e de transi\u00e7\u00e3o energ\u00e9tica, destacando que o estado ser\u00e1 um dos protagonistas brasileiros na COP30. \u201c\u00c9 um grande prazer receber o quarto encontro regional do ICLEI. O Piau\u00ed vai apresentar o seu plano de a\u00e7\u00e3o clim\u00e1tica e, junto com o Cons\u00f3rcio Nordeste, estaremos na COP30 defendendo a pauta da Caatinga, que tem um potencial de reten\u00e7\u00e3o de carbono de cinco a dez vezes superior ao da Amaz\u00f4nia. Essa ser\u00e1 uma contribui\u00e7\u00e3o importante do Nordeste para o debate global sobre o clima\u201d, afirmou o governador.<\/p>\n\n\n\n<p>Veja aqui o<a href=\"https:\/\/www.pi.gov.br\/wp-content\/uploads\/2025\/10\/iclei-plac-piaui-2025-af.pdf\">\u00a0<strong>Plano Estadual de A\u00e7\u00e3o Clim\u00e1tica do Piau\u00ed<\/strong><\/a><\/p>\n\n\n\n<figure class=\"wp-block-gallery has-nested-images columns-default is-cropped wp-block-gallery-1 is-layout-flex\">\n<figure class=\"wp-block-image size-large\"><img decoding=\"async\" loading=\"lazy\" width=\"1024\" height=\"683\" data-id=\"4975\"  src=\"https:\/\/portal.pi.gov.br\/seres\/wp-content\/uploads\/sites\/87\/2025\/10\/711fb4b3-8342-4239-9318-bb1bd7e8227b-1024x683.jpeg\" alt=\"\" class=\"wp-image-4975\" srcset=\"https:\/\/portal.pi.gov.br\/seres\/wp-content\/uploads\/sites\/87\/2025\/10\/711fb4b3-8342-4239-9318-bb1bd7e8227b-1024x683.jpeg 1024w, https:\/\/portal.pi.gov.br\/seres\/wp-content\/uploads\/sites\/87\/2025\/10\/711fb4b3-8342-4239-9318-bb1bd7e8227b-300x200.jpeg 300w, https:\/\/portal.pi.gov.br\/seres\/wp-content\/uploads\/sites\/87\/2025\/10\/711fb4b3-8342-4239-9318-bb1bd7e8227b-768x512.jpeg 768w, https:\/\/portal.pi.gov.br\/seres\/wp-content\/uploads\/sites\/87\/2025\/10\/711fb4b3-8342-4239-9318-bb1bd7e8227b-420x280.jpeg 420w, https:\/\/portal.pi.gov.br\/seres\/wp-content\/uploads\/sites\/87\/2025\/10\/711fb4b3-8342-4239-9318-bb1bd7e8227b-540x360.jpeg 540w, https:\/\/portal.pi.gov.br\/seres\/wp-content\/uploads\/sites\/87\/2025\/10\/711fb4b3-8342-4239-9318-bb1bd7e8227b-780x520.jpeg 780w, https:\/\/portal.pi.gov.br\/seres\/wp-content\/uploads\/sites\/87\/2025\/10\/711fb4b3-8342-4239-9318-bb1bd7e8227b-947x632.jpeg 947w, https:\/\/portal.pi.gov.br\/seres\/wp-content\/uploads\/sites\/87\/2025\/10\/711fb4b3-8342-4239-9318-bb1bd7e8227b-624x416.jpeg 624w, https:\/\/portal.pi.gov.br\/seres\/wp-content\/uploads\/sites\/87\/2025\/10\/711fb4b3-8342-4239-9318-bb1bd7e8227b-84x56.jpeg 84w, https:\/\/portal.pi.gov.br\/seres\/wp-content\/uploads\/sites\/87\/2025\/10\/711fb4b3-8342-4239-9318-bb1bd7e8227b.jpeg 1280w\" sizes=\"(max-width: 1024px) 100vw, 1024px\" \/><\/figure>\n\n\n\n<figure class=\"wp-block-image size-large\"><img decoding=\"async\" loading=\"lazy\" width=\"1024\" height=\"768\" data-id=\"4982\"  src=\"https:\/\/portal.pi.gov.br\/seres\/wp-content\/uploads\/sites\/87\/2025\/10\/25b90d8f-ea7d-4d44-beef-8c4a089c1b3d-1024x768.jpeg\" alt=\"\" class=\"wp-image-4982\" srcset=\"https:\/\/portal.pi.gov.br\/seres\/wp-content\/uploads\/sites\/87\/2025\/10\/25b90d8f-ea7d-4d44-beef-8c4a089c1b3d-1024x768.jpeg 1024w, https:\/\/portal.pi.gov.br\/seres\/wp-content\/uploads\/sites\/87\/2025\/10\/25b90d8f-ea7d-4d44-beef-8c4a089c1b3d-300x225.jpeg 300w, https:\/\/portal.pi.gov.br\/seres\/wp-content\/uploads\/sites\/87\/2025\/10\/25b90d8f-ea7d-4d44-beef-8c4a089c1b3d-768x576.jpeg 768w, https:\/\/portal.pi.gov.br\/seres\/wp-content\/uploads\/sites\/87\/2025\/10\/25b90d8f-ea7d-4d44-beef-8c4a089c1b3d-420x315.jpeg 420w, https:\/\/portal.pi.gov.br\/seres\/wp-content\/uploads\/sites\/87\/2025\/10\/25b90d8f-ea7d-4d44-beef-8c4a089c1b3d-540x405.jpeg 540w, https:\/\/portal.pi.gov.br\/seres\/wp-content\/uploads\/sites\/87\/2025\/10\/25b90d8f-ea7d-4d44-beef-8c4a089c1b3d-780x585.jpeg 780w, https:\/\/portal.pi.gov.br\/seres\/wp-content\/uploads\/sites\/87\/2025\/10\/25b90d8f-ea7d-4d44-beef-8c4a089c1b3d-947x710.jpeg 947w, https:\/\/portal.pi.gov.br\/seres\/wp-content\/uploads\/sites\/87\/2025\/10\/25b90d8f-ea7d-4d44-beef-8c4a089c1b3d-624x468.jpeg 624w, https:\/\/portal.pi.gov.br\/seres\/wp-content\/uploads\/sites\/87\/2025\/10\/25b90d8f-ea7d-4d44-beef-8c4a089c1b3d.jpeg 1280w\" sizes=\"(max-width: 1024px) 100vw, 1024px\" \/><\/figure>\n\n\n\n<figure class=\"wp-block-image size-large\"><img decoding=\"async\" loading=\"lazy\" width=\"1024\" height=\"768\" data-id=\"4983\"  src=\"https:\/\/portal.pi.gov.br\/seres\/wp-content\/uploads\/sites\/87\/2025\/10\/aed01b68-e1cf-4853-ae7a-280624e58306-1024x768.jpeg\" alt=\"\" class=\"wp-image-4983\" srcset=\"https:\/\/portal.pi.gov.br\/seres\/wp-content\/uploads\/sites\/87\/2025\/10\/aed01b68-e1cf-4853-ae7a-280624e58306-1024x768.jpeg 1024w, https:\/\/portal.pi.gov.br\/seres\/wp-content\/uploads\/sites\/87\/2025\/10\/aed01b68-e1cf-4853-ae7a-280624e58306-300x225.jpeg 300w, https:\/\/portal.pi.gov.br\/seres\/wp-content\/uploads\/sites\/87\/2025\/10\/aed01b68-e1cf-4853-ae7a-280624e58306-768x576.jpeg 768w, https:\/\/portal.pi.gov.br\/seres\/wp-content\/uploads\/sites\/87\/2025\/10\/aed01b68-e1cf-4853-ae7a-280624e58306-420x315.jpeg 420w, https:\/\/portal.pi.gov.br\/seres\/wp-content\/uploads\/sites\/87\/2025\/10\/aed01b68-e1cf-4853-ae7a-280624e58306-540x405.jpeg 540w, https:\/\/portal.pi.gov.br\/seres\/wp-content\/uploads\/sites\/87\/2025\/10\/aed01b68-e1cf-4853-ae7a-280624e58306-780x585.jpeg 780w, https:\/\/portal.pi.gov.br\/seres\/wp-content\/uploads\/sites\/87\/2025\/10\/aed01b68-e1cf-4853-ae7a-280624e58306-947x710.jpeg 947w, https:\/\/portal.pi.gov.br\/seres\/wp-content\/uploads\/sites\/87\/2025\/10\/aed01b68-e1cf-4853-ae7a-280624e58306-624x468.jpeg 624w, https:\/\/portal.pi.gov.br\/seres\/wp-content\/uploads\/sites\/87\/2025\/10\/aed01b68-e1cf-4853-ae7a-280624e58306.jpeg 1280w\" sizes=\"(max-width: 1024px) 100vw, 1024px\" \/><\/figure>\n\n\n\n<figure class=\"wp-block-image size-large\"><img decoding=\"async\" loading=\"lazy\" width=\"1024\" height=\"768\" data-id=\"4980\"  src=\"https:\/\/portal.pi.gov.br\/seres\/wp-content\/uploads\/sites\/87\/2025\/10\/7baa1ed1-5f43-4abf-9666-faf51c690a5d-1024x768.jpeg\" alt=\"\" class=\"wp-image-4980\" srcset=\"https:\/\/portal.pi.gov.br\/seres\/wp-content\/uploads\/sites\/87\/2025\/10\/7baa1ed1-5f43-4abf-9666-faf51c690a5d-1024x768.jpeg 1024w, https:\/\/portal.pi.gov.br\/seres\/wp-content\/uploads\/sites\/87\/2025\/10\/7baa1ed1-5f43-4abf-9666-faf51c690a5d-300x225.jpeg 300w, https:\/\/portal.pi.gov.br\/seres\/wp-content\/uploads\/sites\/87\/2025\/10\/7baa1ed1-5f43-4abf-9666-faf51c690a5d-768x576.jpeg 768w, https:\/\/portal.pi.gov.br\/seres\/wp-content\/uploads\/sites\/87\/2025\/10\/7baa1ed1-5f43-4abf-9666-faf51c690a5d-420x315.jpeg 420w, https:\/\/portal.pi.gov.br\/seres\/wp-content\/uploads\/sites\/87\/2025\/10\/7baa1ed1-5f43-4abf-9666-faf51c690a5d-540x405.jpeg 540w, https:\/\/portal.pi.gov.br\/seres\/wp-content\/uploads\/sites\/87\/2025\/10\/7baa1ed1-5f43-4abf-9666-faf51c690a5d-780x585.jpeg 780w, https:\/\/portal.pi.gov.br\/seres\/wp-content\/uploads\/sites\/87\/2025\/10\/7baa1ed1-5f43-4abf-9666-faf51c690a5d-947x710.jpeg 947w, https:\/\/portal.pi.gov.br\/seres\/wp-content\/uploads\/sites\/87\/2025\/10\/7baa1ed1-5f43-4abf-9666-faf51c690a5d-624x468.jpeg 624w, https:\/\/portal.pi.gov.br\/seres\/wp-content\/uploads\/sites\/87\/2025\/10\/7baa1ed1-5f43-4abf-9666-faf51c690a5d.jpeg 1280w\" sizes=\"(max-width: 1024px) 100vw, 1024px\" \/><\/figure>\n\n\n\n<figure class=\"wp-block-image size-large\"><img decoding=\"async\" loading=\"lazy\" width=\"1024\" height=\"768\" data-id=\"4981\"  src=\"https:\/\/portal.pi.gov.br\/seres\/wp-content\/uploads\/sites\/87\/2025\/10\/8c96c62e-551d-4ec6-ab41-d2c3f9e5e2c6-1024x768.jpeg\" alt=\"\" class=\"wp-image-4981\" srcset=\"https:\/\/portal.pi.gov.br\/seres\/wp-content\/uploads\/sites\/87\/2025\/10\/8c96c62e-551d-4ec6-ab41-d2c3f9e5e2c6-1024x768.jpeg 1024w, https:\/\/portal.pi.gov.br\/seres\/wp-content\/uploads\/sites\/87\/2025\/10\/8c96c62e-551d-4ec6-ab41-d2c3f9e5e2c6-300x225.jpeg 300w, https:\/\/portal.pi.gov.br\/seres\/wp-content\/uploads\/sites\/87\/2025\/10\/8c96c62e-551d-4ec6-ab41-d2c3f9e5e2c6-768x576.jpeg 768w, https:\/\/portal.pi.gov.br\/seres\/wp-content\/uploads\/sites\/87\/2025\/10\/8c96c62e-551d-4ec6-ab41-d2c3f9e5e2c6-420x315.jpeg 420w, https:\/\/portal.pi.gov.br\/seres\/wp-content\/uploads\/sites\/87\/2025\/10\/8c96c62e-551d-4ec6-ab41-d2c3f9e5e2c6-540x405.jpeg 540w, https:\/\/portal.pi.gov.br\/seres\/wp-content\/uploads\/sites\/87\/2025\/10\/8c96c62e-551d-4ec6-ab41-d2c3f9e5e2c6-780x585.jpeg 780w, https:\/\/portal.pi.gov.br\/seres\/wp-content\/uploads\/sites\/87\/2025\/10\/8c96c62e-551d-4ec6-ab41-d2c3f9e5e2c6-947x710.jpeg 947w, https:\/\/portal.pi.gov.br\/seres\/wp-content\/uploads\/sites\/87\/2025\/10\/8c96c62e-551d-4ec6-ab41-d2c3f9e5e2c6-624x468.jpeg 624w, https:\/\/portal.pi.gov.br\/seres\/wp-content\/uploads\/sites\/87\/2025\/10\/8c96c62e-551d-4ec6-ab41-d2c3f9e5e2c6.jpeg 1280w\" sizes=\"(max-width: 1024px) 100vw, 1024px\" \/><\/figure>\n\n\n\n<figure class=\"wp-block-image size-large\"><img decoding=\"async\" loading=\"lazy\" width=\"1024\" height=\"683\" data-id=\"4979\"  src=\"https:\/\/portal.pi.gov.br\/seres\/wp-content\/uploads\/sites\/87\/2025\/10\/b2a2a806-80fa-482b-aebc-0b36abe5d875-1024x683.jpeg\" alt=\"\" class=\"wp-image-4979\" srcset=\"https:\/\/portal.pi.gov.br\/seres\/wp-content\/uploads\/sites\/87\/2025\/10\/b2a2a806-80fa-482b-aebc-0b36abe5d875-1024x683.jpeg 1024w, https:\/\/portal.pi.gov.br\/seres\/wp-content\/uploads\/sites\/87\/2025\/10\/b2a2a806-80fa-482b-aebc-0b36abe5d875-300x200.jpeg 300w, https:\/\/portal.pi.gov.br\/seres\/wp-content\/uploads\/sites\/87\/2025\/10\/b2a2a806-80fa-482b-aebc-0b36abe5d875-768x512.jpeg 768w, https:\/\/portal.pi.gov.br\/seres\/wp-content\/uploads\/sites\/87\/2025\/10\/b2a2a806-80fa-482b-aebc-0b36abe5d875-420x280.jpeg 420w, https:\/\/portal.pi.gov.br\/seres\/wp-content\/uploads\/sites\/87\/2025\/10\/b2a2a806-80fa-482b-aebc-0b36abe5d875-540x360.jpeg 540w, https:\/\/portal.pi.gov.br\/seres\/wp-content\/uploads\/sites\/87\/2025\/10\/b2a2a806-80fa-482b-aebc-0b36abe5d875-780x520.jpeg 780w, https:\/\/portal.pi.gov.br\/seres\/wp-content\/uploads\/sites\/87\/2025\/10\/b2a2a806-80fa-482b-aebc-0b36abe5d875-947x632.jpeg 947w, https:\/\/portal.pi.gov.br\/seres\/wp-content\/uploads\/sites\/87\/2025\/10\/b2a2a806-80fa-482b-aebc-0b36abe5d875-624x416.jpeg 624w, https:\/\/portal.pi.gov.br\/seres\/wp-content\/uploads\/sites\/87\/2025\/10\/b2a2a806-80fa-482b-aebc-0b36abe5d875-84x56.jpeg 84w, https:\/\/portal.pi.gov.br\/seres\/wp-content\/uploads\/sites\/87\/2025\/10\/b2a2a806-80fa-482b-aebc-0b36abe5d875.jpeg 1280w\" sizes=\"(max-width: 1024px) 100vw, 1024px\" \/><\/figure>\n\n\n\n<figure class=\"wp-block-image size-large\"><img decoding=\"async\" loading=\"lazy\" width=\"1024\" height=\"683\" data-id=\"4974\"  src=\"https:\/\/portal.pi.gov.br\/seres\/wp-content\/uploads\/sites\/87\/2025\/10\/2e2b08a1-fa1e-489d-ac50-cdd020f6687b-1024x683.jpeg\" alt=\"\" class=\"wp-image-4974\" srcset=\"https:\/\/portal.pi.gov.br\/seres\/wp-content\/uploads\/sites\/87\/2025\/10\/2e2b08a1-fa1e-489d-ac50-cdd020f6687b-1024x683.jpeg 1024w, https:\/\/portal.pi.gov.br\/seres\/wp-content\/uploads\/sites\/87\/2025\/10\/2e2b08a1-fa1e-489d-ac50-cdd020f6687b-300x200.jpeg 300w, https:\/\/portal.pi.gov.br\/seres\/wp-content\/uploads\/sites\/87\/2025\/10\/2e2b08a1-fa1e-489d-ac50-cdd020f6687b-768x512.jpeg 768w, https:\/\/portal.pi.gov.br\/seres\/wp-content\/uploads\/sites\/87\/2025\/10\/2e2b08a1-fa1e-489d-ac50-cdd020f6687b-420x280.jpeg 420w, https:\/\/portal.pi.gov.br\/seres\/wp-content\/uploads\/sites\/87\/2025\/10\/2e2b08a1-fa1e-489d-ac50-cdd020f6687b-540x360.jpeg 540w, https:\/\/portal.pi.gov.br\/seres\/wp-content\/uploads\/sites\/87\/2025\/10\/2e2b08a1-fa1e-489d-ac50-cdd020f6687b-780x520.jpeg 780w, https:\/\/portal.pi.gov.br\/seres\/wp-content\/uploads\/sites\/87\/2025\/10\/2e2b08a1-fa1e-489d-ac50-cdd020f6687b-947x632.jpeg 947w, https:\/\/portal.pi.gov.br\/seres\/wp-content\/uploads\/sites\/87\/2025\/10\/2e2b08a1-fa1e-489d-ac50-cdd020f6687b-624x416.jpeg 624w, https:\/\/portal.pi.gov.br\/seres\/wp-content\/uploads\/sites\/87\/2025\/10\/2e2b08a1-fa1e-489d-ac50-cdd020f6687b-84x56.jpeg 84w, https:\/\/portal.pi.gov.br\/seres\/wp-content\/uploads\/sites\/87\/2025\/10\/2e2b08a1-fa1e-489d-ac50-cdd020f6687b.jpeg 1280w\" sizes=\"(max-width: 1024px) 100vw, 1024px\" \/><\/figure>\n\n\n\n<figure class=\"wp-block-image size-large\"><img decoding=\"async\" loading=\"lazy\" width=\"768\" height=\"1024\" data-id=\"4977\"  src=\"https:\/\/portal.pi.gov.br\/seres\/wp-content\/uploads\/sites\/87\/2025\/10\/a1fb5af2-654b-4403-a605-628ed41393ea-768x1024.jpeg\" alt=\"\" class=\"wp-image-4977\" srcset=\"https:\/\/portal.pi.gov.br\/seres\/wp-content\/uploads\/sites\/87\/2025\/10\/a1fb5af2-654b-4403-a605-628ed41393ea-768x1024.jpeg 768w, https:\/\/portal.pi.gov.br\/seres\/wp-content\/uploads\/sites\/87\/2025\/10\/a1fb5af2-654b-4403-a605-628ed41393ea-225x300.jpeg 225w, https:\/\/portal.pi.gov.br\/seres\/wp-content\/uploads\/sites\/87\/2025\/10\/a1fb5af2-654b-4403-a605-628ed41393ea-315x420.jpeg 315w, https:\/\/portal.pi.gov.br\/seres\/wp-content\/uploads\/sites\/87\/2025\/10\/a1fb5af2-654b-4403-a605-628ed41393ea-405x540.jpeg 405w, https:\/\/portal.pi.gov.br\/seres\/wp-content\/uploads\/sites\/87\/2025\/10\/a1fb5af2-654b-4403-a605-628ed41393ea-585x780.jpeg 585w, https:\/\/portal.pi.gov.br\/seres\/wp-content\/uploads\/sites\/87\/2025\/10\/a1fb5af2-654b-4403-a605-628ed41393ea-947x1263.jpeg 947w, https:\/\/portal.pi.gov.br\/seres\/wp-content\/uploads\/sites\/87\/2025\/10\/a1fb5af2-654b-4403-a605-628ed41393ea-624x832.jpeg 624w, https:\/\/portal.pi.gov.br\/seres\/wp-content\/uploads\/sites\/87\/2025\/10\/a1fb5af2-654b-4403-a605-628ed41393ea.jpeg 960w\" sizes=\"(max-width: 768px) 100vw, 768px\" \/><\/figure>\n<\/figure>\n\n\n\n<p><\/p>\n\n\n\n<p><\/p>\n\n\n\n<p>Fotos: Gabriel Paulino e Aline Raquel<\/p>\n","protected":false},"excerpt":{"rendered":"<p>O encontro destacou que o Piau\u00ed \u00e9 o estado que ser\u00e1 um dos protagonistas brasileiros na COP30. O Piau\u00ed est\u00e1 sediando o 4\u00ba Encontro Regional do ICLEI no Nordeste, evento [&hellip;]<\/p>\n","protected":false},"author":1821,"featured_media":4985,"comment_status":"closed","ping_status":"closed","sticky":true,"template":"","format":"standard","meta":[],"categories":[34],"tags":[47,41],"featured_image_urls":{"full":["https:\/\/portal.pi.gov.br\/seres\/wp-content\/uploads\/sites\/87\/2025\/10\/64b5a79b-9f3b-45d7-94fa-a64e408d8550.jpeg",1280,673,false],"thumbnail":["https:\/\/portal.pi.gov.br\/seres\/wp-content\/uploads\/sites\/87\/2025\/10\/64b5a79b-9f3b-45d7-94fa-a64e408d8550-150x150.jpeg",150,150,true],"medium":["https:\/\/portal.pi.gov.br\/seres\/wp-content\/uploads\/sites\/87\/2025\/10\/64b5a79b-9f3b-45d7-94fa-a64e408d8550-300x158.jpeg",300,158,true],"medium_large":["https:\/\/portal.pi.gov.br\/seres\/wp-content\/uploads\/sites\/87\/2025\/10\/64b5a79b-9f3b-45d7-94fa-a64e408d8550-768x404.jpeg",768,404,true],"large":["https:\/\/portal.pi.gov.br\/seres\/wp-content\/uploads\/sites\/87\/2025\/10\/64b5a79b-9f3b-45d7-94fa-a64e408d8550-1024x538.jpeg",887,466,true],"sgg-420":["https:\/\/portal.pi.gov.br\/seres\/wp-content\/uploads\/sites\/87\/2025\/10\/64b5a79b-9f3b-45d7-94fa-a64e408d8550-420x221.jpeg",420,221,true],"sgg-540":["https:\/\/portal.pi.gov.br\/seres\/wp-content\/uploads\/sites\/87\/2025\/10\/64b5a79b-9f3b-45d7-94fa-a64e408d8550-540x284.jpeg",540,284,true],"sgg-780":["https:\/\/portal.pi.gov.br\/seres\/wp-content\/uploads\/sites\/87\/2025\/10\/64b5a79b-9f3b-45d7-94fa-a64e408d8550-780x410.jpeg",780,410,true],"1536x1536":["https:\/\/portal.pi.gov.br\/seres\/wp-content\/uploads\/sites\/87\/2025\/10\/64b5a79b-9f3b-45d7-94fa-a64e408d8550.jpeg",1280,673,false],"2048x2048":["https:\/\/portal.pi.gov.br\/seres\/wp-content\/uploads\/sites\/87\/2025\/10\/64b5a79b-9f3b-45d7-94fa-a64e408d8550.jpeg",1280,673,false],"homepage-slider":["https:\/\/portal.pi.gov.br\/seres\/wp-content\/uploads\/sites\/87\/2025\/10\/64b5a79b-9f3b-45d7-94fa-a64e408d8550-1270x500.jpeg",1270,500,true],"homepage-slider-small":["https:\/\/portal.pi.gov.br\/seres\/wp-content\/uploads\/sites\/87\/2025\/10\/64b5a79b-9f3b-45d7-94fa-a64e408d8550-947x500.jpeg",947,500,true],"page-top":["https:\/\/portal.pi.gov.br\/seres\/wp-content\/uploads\/sites\/87\/2025\/10\/64b5a79b-9f3b-45d7-94fa-a64e408d8550-947x498.jpeg",947,498,true],"page-small":["https:\/\/portal.pi.gov.br\/seres\/wp-content\/uploads\/sites\/87\/2025\/10\/64b5a79b-9f3b-45d7-94fa-a64e408d8550-624x328.jpeg",624,328,true],"loop-main":["https:\/\/portal.pi.gov.br\/seres\/wp-content\/uploads\/sites\/87\/2025\/10\/64b5a79b-9f3b-45d7-94fa-a64e408d8550-365x240.jpeg",365,240,true],"thumb-gallery-widget":["https:\/\/portal.pi.gov.br\/seres\/wp-content\/uploads\/sites\/87\/2025\/10\/64b5a79b-9f3b-45d7-94fa-a64e408d8550-84x56.jpeg",84,56,true]},"post_excerpt_stackable":"<p>O encontro destacou que o Piau\u00ed \u00e9 o estado que ser\u00e1 um dos protagonistas brasileiros na COP30. O Piau\u00ed est\u00e1 sediando o 4\u00ba Encontro Regional do ICLEI no Nordeste, evento que envolve governos municipais e estaduais no debate de temas globais, como meio ambiente, seguran\u00e7a h\u00eddrica e mudan\u00e7as clim\u00e1ticas. A secret\u00e1ria de Rela\u00e7\u00f5es Sociais, N\u00fabia Lopes, esteve presente na solenidade de abertura que aconteceu nesta segunda-feira (20), em Teresina, tendo como temas centrais a transi\u00e7\u00e3o energ\u00e9tica e alta efici\u00eancia da Caatinga na reten\u00e7\u00e3o de carbono, pautas que ser\u00e3o protagonizadas pelo Piau\u00ed e pelo Nordeste na COP30. O evento faz parte&hellip;<\/p>\n","category_list":"<a href=\"https:\/\/portal.pi.gov.br\/seres\/category\/noticias\/\" rel=\"category tag\">Not\u00edcias<\/a>","author_info":{"name":"alineraquel","url":"https:\/\/portal.pi.gov.br\/seres\/author\/alineraquel\/"},"comments_num":"0 coment\u00e1rio","featured_image_urls_v2":{"full":["https:\/\/portal.pi.gov.br\/seres\/wp-content\/uploads\/sites\/87\/2025\/10\/64b5a79b-9f3b-45d7-94fa-a64e408d8550.jpeg",1280,673,false],"thumbnail":["https:\/\/portal.pi.gov.br\/seres\/wp-content\/uploads\/sites\/87\/2025\/10\/64b5a79b-9f3b-45d7-94fa-a64e408d8550-150x150.jpeg",150,150,true],"medium":["https:\/\/portal.pi.gov.br\/seres\/wp-content\/uploads\/sites\/87\/2025\/10\/64b5a79b-9f3b-45d7-94fa-a64e408d8550-300x158.jpeg",300,158,true],"medium_large":["https:\/\/portal.pi.gov.br\/seres\/wp-content\/uploads\/sites\/87\/2025\/10\/64b5a79b-9f3b-45d7-94fa-a64e408d8550-768x404.jpeg",768,404,true],"large":["https:\/\/portal.pi.gov.br\/seres\/wp-content\/uploads\/sites\/87\/2025\/10\/64b5a79b-9f3b-45d7-94fa-a64e408d8550-1024x538.jpeg",887,466,true],"sgg-420":["https:\/\/portal.pi.gov.br\/seres\/wp-content\/uploads\/sites\/87\/2025\/10\/64b5a79b-9f3b-45d7-94fa-a64e408d8550-420x221.jpeg",420,221,true],"sgg-540":["https:\/\/portal.pi.gov.br\/seres\/wp-content\/uploads\/sites\/87\/2025\/10\/64b5a79b-9f3b-45d7-94fa-a64e408d8550-540x284.jpeg",540,284,true],"sgg-780":["https:\/\/portal.pi.gov.br\/seres\/wp-content\/uploads\/sites\/87\/2025\/10\/64b5a79b-9f3b-45d7-94fa-a64e408d8550-780x410.jpeg",780,410,true],"1536x1536":["https:\/\/portal.pi.gov.br\/seres\/wp-content\/uploads\/sites\/87\/2025\/10\/64b5a79b-9f3b-45d7-94fa-a64e408d8550.jpeg",1280,673,false],"2048x2048":["https:\/\/portal.pi.gov.br\/seres\/wp-content\/uploads\/sites\/87\/2025\/10\/64b5a79b-9f3b-45d7-94fa-a64e408d8550.jpeg",1280,673,false],"homepage-slider":["https:\/\/portal.pi.gov.br\/seres\/wp-content\/uploads\/sites\/87\/2025\/10\/64b5a79b-9f3b-45d7-94fa-a64e408d8550-1270x500.jpeg",1270,500,true],"homepage-slider-small":["https:\/\/portal.pi.gov.br\/seres\/wp-content\/uploads\/sites\/87\/2025\/10\/64b5a79b-9f3b-45d7-94fa-a64e408d8550-947x500.jpeg",947,500,true],"page-top":["https:\/\/portal.pi.gov.br\/seres\/wp-content\/uploads\/sites\/87\/2025\/10\/64b5a79b-9f3b-45d7-94fa-a64e408d8550-947x498.jpeg",947,498,true],"page-small":["https:\/\/portal.pi.gov.br\/seres\/wp-content\/uploads\/sites\/87\/2025\/10\/64b5a79b-9f3b-45d7-94fa-a64e408d8550-624x328.jpeg",624,328,true],"loop-main":["https:\/\/portal.pi.gov.br\/seres\/wp-content\/uploads\/sites\/87\/2025\/10\/64b5a79b-9f3b-45d7-94fa-a64e408d8550-365x240.jpeg",365,240,true],"thumb-gallery-widget":["https:\/\/portal.pi.gov.br\/seres\/wp-content\/uploads\/sites\/87\/2025\/10\/64b5a79b-9f3b-45d7-94fa-a64e408d8550-84x56.jpeg",84,56,true]},"post_excerpt_stackable_v2":"<p>O encontro destacou que o Piau\u00ed \u00e9 o estado que ser\u00e1 um dos protagonistas brasileiros na COP30. O Piau\u00ed est\u00e1 sediando o 4\u00ba Encontro Regional do ICLEI no Nordeste, evento que envolve governos municipais e estaduais no debate de temas globais, como meio ambiente, seguran\u00e7a h\u00eddrica e mudan\u00e7as clim\u00e1ticas. A secret\u00e1ria de Rela\u00e7\u00f5es Sociais, N\u00fabia Lopes, esteve presente na solenidade de abertura que aconteceu nesta segunda-feira (20), em Teresina, tendo como temas centrais a transi\u00e7\u00e3o energ\u00e9tica e alta efici\u00eancia da Caatinga na reten\u00e7\u00e3o de carbono, pautas que ser\u00e3o protagonizadas pelo Piau\u00ed e pelo Nordeste na COP30. O evento faz parte&hellip;<\/p>\n","category_list_v2":"<a href=\"https:\/\/portal.pi.gov.br\/seres\/category\/noticias\/\" rel=\"category tag\">Not\u00edcias<\/a>","author_info_v2":{"name":"alineraquel","url":"https:\/\/portal.pi.gov.br\/seres\/author\/alineraquel\/"},"comments_num_v2":"0 coment\u00e1rio","jetpack_featured_media_url":"https:\/\/portal.pi.gov.br\/seres\/wp-content\/uploads\/sites\/87\/2025\/10\/64b5a79b-9f3b-45d7-94fa-a64e408d8550.jpeg","_links":{"self":[{"href":"https:\/\/portal.pi.gov.br\/seres\/wp-json\/wp\/v2\/posts\/4984"}],"collection":[{"href":"https:\/\/portal.pi.gov.br\/seres\/wp-json\/wp\/v2\/posts"}],"about":[{"href":"https:\/\/portal.pi.gov.br\/seres\/wp-json\/wp\/v2\/types\/post"}],"author":[{"embeddable":true,"href":"https:\/\/portal.pi.gov.br\/seres\/wp-json\/wp\/v2\/users\/1821"}],"replies":[{"embeddable":true,"href":"https:\/\/portal.pi.gov.br\/seres\/wp-json\/wp\/v2\/comments?post=4984"}],"version-history":[{"count":1,"href":"https:\/\/portal.pi.gov.br\/seres\/wp-json\/wp\/v2\/posts\/4984\/revisions"}],"predecessor-version":[{"id":4986,"href":"https:\/\/portal.pi.gov.br\/seres\/wp-json\/wp\/v2\/posts\/4984\/revisions\/4986"}],"wp:featuredmedia":[{"embeddable":true,"href":"https:\/\/portal.pi.gov.br\/seres\/wp-json\/wp\/v2\/media\/4985"}],"wp:attachment":[{"href":"https:\/\/portal.pi.gov.br\/seres\/wp-json\/wp\/v2\/media?parent=4984"}],"wp:term":[{"taxonomy":"category","embeddable":true,"href":"https:\/\/portal.pi.gov.br\/seres\/wp-json\/wp\/v2\/categories?post=4984"},{"taxonomy":"post_tag","embeddable":true,"href":"https:\/\/portal.pi.gov.br\/seres\/wp-json\/wp\/v2\/tags?post=4984"}],"curies":[{"name":"wp","href":"https:\/\/api.w.org\/{rel}","templated":true}]}}