{"id":4988,"date":"2025-10-23T13:29:36","date_gmt":"2025-10-23T16:29:36","guid":{"rendered":"https:\/\/portal.pi.gov.br\/seres\/?p=4988"},"modified":"2025-10-23T13:29:37","modified_gmt":"2025-10-23T16:29:37","slug":"territorio-chapada-das-mangabeiras-recebe-a-11a-edicao-do-dialogos-pelo-piaui","status":"publish","type":"post","link":"https:\/\/portal.pi.gov.br\/seres\/2025\/10\/23\/territorio-chapada-das-mangabeiras-recebe-a-11a-edicao-do-dialogos-pelo-piaui\/","title":{"rendered":"Territ\u00f3rio Chapada das Mangabeiras recebe a 11\u00aa edi\u00e7\u00e3o do Di\u00e1logos Pelo Piau\u00ed"},"content":{"rendered":"\n<p>A cidade de Bom Jesus\u00a0sediar\u00e1 o evento nesta sexta (24) e s\u00e1bado (25). <\/p>\n\n\n\n<figure class=\"wp-block-image size-large\"><img decoding=\"async\" loading=\"lazy\" width=\"1024\" height=\"683\" src=\"https:\/\/portal.pi.gov.br\/seres\/wp-content\/uploads\/sites\/87\/2025\/10\/a23dc935-508b-48ea-a744-cb114b7aea8c-1024x683.jpeg\" alt=\"\" class=\"wp-image-4800\" srcset=\"https:\/\/portal.pi.gov.br\/seres\/wp-content\/uploads\/sites\/87\/2025\/10\/a23dc935-508b-48ea-a744-cb114b7aea8c-1024x683.jpeg 1024w, https:\/\/portal.pi.gov.br\/seres\/wp-content\/uploads\/sites\/87\/2025\/10\/a23dc935-508b-48ea-a744-cb114b7aea8c-300x200.jpeg 300w, https:\/\/portal.pi.gov.br\/seres\/wp-content\/uploads\/sites\/87\/2025\/10\/a23dc935-508b-48ea-a744-cb114b7aea8c-768x512.jpeg 768w, https:\/\/portal.pi.gov.br\/seres\/wp-content\/uploads\/sites\/87\/2025\/10\/a23dc935-508b-48ea-a744-cb114b7aea8c-420x280.jpeg 420w, https:\/\/portal.pi.gov.br\/seres\/wp-content\/uploads\/sites\/87\/2025\/10\/a23dc935-508b-48ea-a744-cb114b7aea8c-540x360.jpeg 540w, https:\/\/portal.pi.gov.br\/seres\/wp-content\/uploads\/sites\/87\/2025\/10\/a23dc935-508b-48ea-a744-cb114b7aea8c-780x520.jpeg 780w, https:\/\/portal.pi.gov.br\/seres\/wp-content\/uploads\/sites\/87\/2025\/10\/a23dc935-508b-48ea-a744-cb114b7aea8c-1536x1024.jpeg 1536w, https:\/\/portal.pi.gov.br\/seres\/wp-content\/uploads\/sites\/87\/2025\/10\/a23dc935-508b-48ea-a744-cb114b7aea8c-2048x1365.jpeg 2048w, https:\/\/portal.pi.gov.br\/seres\/wp-content\/uploads\/sites\/87\/2025\/10\/a23dc935-508b-48ea-a744-cb114b7aea8c-947x631.jpeg 947w, https:\/\/portal.pi.gov.br\/seres\/wp-content\/uploads\/sites\/87\/2025\/10\/a23dc935-508b-48ea-a744-cb114b7aea8c-624x416.jpeg 624w, https:\/\/portal.pi.gov.br\/seres\/wp-content\/uploads\/sites\/87\/2025\/10\/a23dc935-508b-48ea-a744-cb114b7aea8c-84x56.jpeg 84w\" sizes=\"(max-width: 1024px) 100vw, 1024px\" \/><\/figure>\n\n\n\n<p><\/p>\n\n\n\n<p>A Seres Piau\u00ed participar\u00e1 de mais uma edi\u00e7\u00e3o do Di\u00e1logos pelo Piau\u00ed, no munic\u00edpio de Bom Jesus, situado na Chapada das Mangabeiras. O programa do Governo Estadual \u00e9 voltado \u00e0 inclus\u00e3o da popula\u00e7\u00e3o na constru\u00e7\u00e3o do Plano Plurianual (PPA). O encontro ser\u00e1 realizado, nesta sexta-feira (24) e s\u00e1bado (25), na Universidade Federal do Piau\u00ed (UFPI), campus Bom Jesus, reunindo representantes comunit\u00e1rios, autoridades p\u00fablicas e moradores da regi\u00e3o.<\/p>\n\n\n\n<p>Na sexta-feira (24), as atividades come\u00e7am \u00e0s 13h e encerram \u00e0s 18h, com oficinas tem\u00e1ticas do Plano Plurianual (PPA). Os debates ser\u00e3o divididos por \u00e1reas estrat\u00e9gicas como Sa\u00fade; Cultura e Lazer; Educa\u00e7\u00e3o; Justi\u00e7a e Seguran\u00e7a; Combate \u00e0s Desigualdades; Infraestrutura; Desenvolvimento Econ\u00f4mico e Produtivo; e Meio Ambiente, Mudan\u00e7as Clim\u00e1ticas e Recursos H\u00eddricos. Durante as oficinas, os participantes poder\u00e3o sugerir propostas voltadas ao progresso regional, que ser\u00e3o avaliadas e encaminhadas para a pr\u00f3xima fase.<\/p>\n\n\n\n<p>No s\u00e1bado (25), as propostas selecionadas ser\u00e3o debatidas, a partir das 9h30, diretamente com o governador Rafael Fonteles, a secret\u00e1ria N\u00fabia Lopes, o secret\u00e1rio Washington Bonfim, demais autoridades e a sociedade civil organizada durante a plen\u00e1ria oficial. Esse momento representa a escuta ativa do l\u00edder estadual, que analisar\u00e1 junto aos participantes as ideias que poder\u00e3o compor o planejamento plurianual do governo.<\/p>\n\n\n\n<figure class=\"wp-block-image size-large\"><img decoding=\"async\" loading=\"lazy\" width=\"819\" height=\"1024\" src=\"https:\/\/portal.pi.gov.br\/seres\/wp-content\/uploads\/sites\/87\/2025\/10\/ed6b48f9-f27c-4238-a30b-5a4aca4eac9f-819x1024.jpeg\" alt=\"\" class=\"wp-image-4989\" srcset=\"https:\/\/portal.pi.gov.br\/seres\/wp-content\/uploads\/sites\/87\/2025\/10\/ed6b48f9-f27c-4238-a30b-5a4aca4eac9f-819x1024.jpeg 819w, https:\/\/portal.pi.gov.br\/seres\/wp-content\/uploads\/sites\/87\/2025\/10\/ed6b48f9-f27c-4238-a30b-5a4aca4eac9f-240x300.jpeg 240w, https:\/\/portal.pi.gov.br\/seres\/wp-content\/uploads\/sites\/87\/2025\/10\/ed6b48f9-f27c-4238-a30b-5a4aca4eac9f-768x960.jpeg 768w, https:\/\/portal.pi.gov.br\/seres\/wp-content\/uploads\/sites\/87\/2025\/10\/ed6b48f9-f27c-4238-a30b-5a4aca4eac9f-336x420.jpeg 336w, https:\/\/portal.pi.gov.br\/seres\/wp-content\/uploads\/sites\/87\/2025\/10\/ed6b48f9-f27c-4238-a30b-5a4aca4eac9f-432x540.jpeg 432w, https:\/\/portal.pi.gov.br\/seres\/wp-content\/uploads\/sites\/87\/2025\/10\/ed6b48f9-f27c-4238-a30b-5a4aca4eac9f-624x780.jpeg 624w, https:\/\/portal.pi.gov.br\/seres\/wp-content\/uploads\/sites\/87\/2025\/10\/ed6b48f9-f27c-4238-a30b-5a4aca4eac9f-947x1184.jpeg 947w, https:\/\/portal.pi.gov.br\/seres\/wp-content\/uploads\/sites\/87\/2025\/10\/ed6b48f9-f27c-4238-a30b-5a4aca4eac9f.jpeg 1024w\" sizes=\"(max-width: 819px) 100vw, 819px\" \/><\/figure>\n\n\n\n<p><\/p>\n\n\n\n<figure class=\"wp-block-image size-large\"><img decoding=\"async\" loading=\"lazy\" width=\"819\" height=\"1024\" src=\"https:\/\/portal.pi.gov.br\/seres\/wp-content\/uploads\/sites\/87\/2025\/10\/c12e38e6-561e-4768-af41-0a1d1509d9e0-819x1024.jpeg\" alt=\"\" class=\"wp-image-4990\" srcset=\"https:\/\/portal.pi.gov.br\/seres\/wp-content\/uploads\/sites\/87\/2025\/10\/c12e38e6-561e-4768-af41-0a1d1509d9e0-819x1024.jpeg 819w, https:\/\/portal.pi.gov.br\/seres\/wp-content\/uploads\/sites\/87\/2025\/10\/c12e38e6-561e-4768-af41-0a1d1509d9e0-240x300.jpeg 240w, https:\/\/portal.pi.gov.br\/seres\/wp-content\/uploads\/sites\/87\/2025\/10\/c12e38e6-561e-4768-af41-0a1d1509d9e0-768x960.jpeg 768w, https:\/\/portal.pi.gov.br\/seres\/wp-content\/uploads\/sites\/87\/2025\/10\/c12e38e6-561e-4768-af41-0a1d1509d9e0-336x420.jpeg 336w, https:\/\/portal.pi.gov.br\/seres\/wp-content\/uploads\/sites\/87\/2025\/10\/c12e38e6-561e-4768-af41-0a1d1509d9e0-432x540.jpeg 432w, https:\/\/portal.pi.gov.br\/seres\/wp-content\/uploads\/sites\/87\/2025\/10\/c12e38e6-561e-4768-af41-0a1d1509d9e0-624x780.jpeg 624w, https:\/\/portal.pi.gov.br\/seres\/wp-content\/uploads\/sites\/87\/2025\/10\/c12e38e6-561e-4768-af41-0a1d1509d9e0-947x1184.jpeg 947w, https:\/\/portal.pi.gov.br\/seres\/wp-content\/uploads\/sites\/87\/2025\/10\/c12e38e6-561e-4768-af41-0a1d1509d9e0.jpeg 1024w\" sizes=\"(max-width: 819px) 100vw, 819px\" \/><\/figure>\n\n\n\n<p><\/p>\n\n\n\n<p><strong>Programa\u00e7\u00e3o:<\/strong><\/p>\n\n\n\n<p><em>Sexta-feira (24) -13h \u00e0s 18h<\/em><\/p>\n\n\n\n<p>Oficinas PPA na Ufpi<\/p>\n\n\n\n<p><em>S\u00e1bado (25) \u2013 9h30<\/em><\/p>\n\n\n\n<p>Plen\u00e1ria com o governador na Ufpi<\/p>\n","protected":false},"excerpt":{"rendered":"<p>A cidade de Bom Jesus\u00a0sediar\u00e1 o evento nesta sexta (24) e s\u00e1bado (25). A Seres Piau\u00ed participar\u00e1 de mais uma edi\u00e7\u00e3o do Di\u00e1logos pelo Piau\u00ed, no munic\u00edpio de Bom Jesus, [&hellip;]<\/p>\n","protected":false},"author":1821,"featured_media":4486,"comment_status":"closed","ping_status":"closed","sticky":true,"template":"","format":"standard","meta":[],"categories":[34],"tags":[],"featured_image_urls":{"full":["https:\/\/portal.pi.gov.br\/seres\/wp-content\/uploads\/sites\/87\/2025\/09\/WhatsApp-Image-2025-09-03-at-16.11.45-1-scaled.jpeg",2560,1707,false],"thumbnail":["https:\/\/portal.pi.gov.br\/seres\/wp-content\/uploads\/sites\/87\/2025\/09\/WhatsApp-Image-2025-09-03-at-16.11.45-1-150x150.jpeg",150,150,true],"medium":["https:\/\/portal.pi.gov.br\/seres\/wp-content\/uploads\/sites\/87\/2025\/09\/WhatsApp-Image-2025-09-03-at-16.11.45-1-300x200.jpeg",300,200,true],"medium_large":["https:\/\/portal.pi.gov.br\/seres\/wp-content\/uploads\/sites\/87\/2025\/09\/WhatsApp-Image-2025-09-03-at-16.11.45-1-768x512.jpeg",768,512,true],"large":["https:\/\/portal.pi.gov.br\/seres\/wp-content\/uploads\/sites\/87\/2025\/09\/WhatsApp-Image-2025-09-03-at-16.11.45-1-1024x683.jpeg",887,592,true],"sgg-420":["https:\/\/portal.pi.gov.br\/seres\/wp-content\/uploads\/sites\/87\/2025\/09\/WhatsApp-Image-2025-09-03-at-16.11.45-1-420x280.jpeg",420,280,true],"sgg-540":["https:\/\/portal.pi.gov.br\/seres\/wp-content\/uploads\/sites\/87\/2025\/09\/WhatsApp-Image-2025-09-03-at-16.11.45-1-540x360.jpeg",540,360,true],"sgg-780":["https:\/\/portal.pi.gov.br\/seres\/wp-content\/uploads\/sites\/87\/2025\/09\/WhatsApp-Image-2025-09-03-at-16.11.45-1-780x520.jpeg",780,520,true],"1536x1536":["https:\/\/portal.pi.gov.br\/seres\/wp-content\/uploads\/sites\/87\/2025\/09\/WhatsApp-Image-2025-09-03-at-16.11.45-1-1536x1024.jpeg",1536,1024,true],"2048x2048":["https:\/\/portal.pi.gov.br\/seres\/wp-content\/uploads\/sites\/87\/2025\/09\/WhatsApp-Image-2025-09-03-at-16.11.45-1-2048x1366.jpeg",2048,1366,true],"homepage-slider":["https:\/\/portal.pi.gov.br\/seres\/wp-content\/uploads\/sites\/87\/2025\/09\/WhatsApp-Image-2025-09-03-at-16.11.45-1-1270x500.jpeg",1270,500,true],"homepage-slider-small":["https:\/\/portal.pi.gov.br\/seres\/wp-content\/uploads\/sites\/87\/2025\/09\/WhatsApp-Image-2025-09-03-at-16.11.45-1-947x500.jpeg",947,500,true],"page-top":["https:\/\/portal.pi.gov.br\/seres\/wp-content\/uploads\/sites\/87\/2025\/09\/WhatsApp-Image-2025-09-03-at-16.11.45-1-947x631.jpeg",947,631,true],"page-small":["https:\/\/portal.pi.gov.br\/seres\/wp-content\/uploads\/sites\/87\/2025\/09\/WhatsApp-Image-2025-09-03-at-16.11.45-1-624x416.jpeg",624,416,true],"loop-main":["https:\/\/portal.pi.gov.br\/seres\/wp-content\/uploads\/sites\/87\/2025\/09\/WhatsApp-Image-2025-09-03-at-16.11.45-1-365x240.jpeg",365,240,true],"thumb-gallery-widget":["https:\/\/portal.pi.gov.br\/seres\/wp-content\/uploads\/sites\/87\/2025\/09\/WhatsApp-Image-2025-09-03-at-16.11.45-1-84x56.jpeg",84,56,true]},"post_excerpt_stackable":"<p>A cidade de Bom Jesus\u00a0sediar\u00e1 o evento nesta sexta (24) e s\u00e1bado (25). A Seres Piau\u00ed participar\u00e1 de mais uma edi\u00e7\u00e3o do Di\u00e1logos pelo Piau\u00ed, no munic\u00edpio de Bom Jesus, situado na Chapada das Mangabeiras. O programa do Governo Estadual \u00e9 voltado \u00e0 inclus\u00e3o da popula\u00e7\u00e3o na constru\u00e7\u00e3o do Plano Plurianual (PPA). O encontro ser\u00e1 realizado, nesta sexta-feira (24) e s\u00e1bado (25), na Universidade Federal do Piau\u00ed (UFPI), campus Bom Jesus, reunindo representantes comunit\u00e1rios, autoridades p\u00fablicas e moradores da regi\u00e3o. Na sexta-feira (24), as atividades come\u00e7am \u00e0s 13h e encerram \u00e0s 18h, com oficinas tem\u00e1ticas do Plano Plurianual (PPA). Os&hellip;<\/p>\n","category_list":"<a href=\"https:\/\/portal.pi.gov.br\/seres\/category\/noticias\/\" rel=\"category tag\">Not\u00edcias<\/a>","author_info":{"name":"alineraquel","url":"https:\/\/portal.pi.gov.br\/seres\/author\/alineraquel\/"},"comments_num":"0 coment\u00e1rio","featured_image_urls_v2":{"full":["https:\/\/portal.pi.gov.br\/seres\/wp-content\/uploads\/sites\/87\/2025\/09\/WhatsApp-Image-2025-09-03-at-16.11.45-1-scaled.jpeg",2560,1707,false],"thumbnail":["https:\/\/portal.pi.gov.br\/seres\/wp-content\/uploads\/sites\/87\/2025\/09\/WhatsApp-Image-2025-09-03-at-16.11.45-1-150x150.jpeg",150,150,true],"medium":["https:\/\/portal.pi.gov.br\/seres\/wp-content\/uploads\/sites\/87\/2025\/09\/WhatsApp-Image-2025-09-03-at-16.11.45-1-300x200.jpeg",300,200,true],"medium_large":["https:\/\/portal.pi.gov.br\/seres\/wp-content\/uploads\/sites\/87\/2025\/09\/WhatsApp-Image-2025-09-03-at-16.11.45-1-768x512.jpeg",768,512,true],"large":["https:\/\/portal.pi.gov.br\/seres\/wp-content\/uploads\/sites\/87\/2025\/09\/WhatsApp-Image-2025-09-03-at-16.11.45-1-1024x683.jpeg",887,592,true],"sgg-420":["https:\/\/portal.pi.gov.br\/seres\/wp-content\/uploads\/sites\/87\/2025\/09\/WhatsApp-Image-2025-09-03-at-16.11.45-1-420x280.jpeg",420,280,true],"sgg-540":["https:\/\/portal.pi.gov.br\/seres\/wp-content\/uploads\/sites\/87\/2025\/09\/WhatsApp-Image-2025-09-03-at-16.11.45-1-540x360.jpeg",540,360,true],"sgg-780":["https:\/\/portal.pi.gov.br\/seres\/wp-content\/uploads\/sites\/87\/2025\/09\/WhatsApp-Image-2025-09-03-at-16.11.45-1-780x520.jpeg",780,520,true],"1536x1536":["https:\/\/portal.pi.gov.br\/seres\/wp-content\/uploads\/sites\/87\/2025\/09\/WhatsApp-Image-2025-09-03-at-16.11.45-1-1536x1024.jpeg",1536,1024,true],"2048x2048":["https:\/\/portal.pi.gov.br\/seres\/wp-content\/uploads\/sites\/87\/2025\/09\/WhatsApp-Image-2025-09-03-at-16.11.45-1-2048x1366.jpeg",2048,1366,true],"homepage-slider":["https:\/\/portal.pi.gov.br\/seres\/wp-content\/uploads\/sites\/87\/2025\/09\/WhatsApp-Image-2025-09-03-at-16.11.45-1-1270x500.jpeg",1270,500,true],"homepage-slider-small":["https:\/\/portal.pi.gov.br\/seres\/wp-content\/uploads\/sites\/87\/2025\/09\/WhatsApp-Image-2025-09-03-at-16.11.45-1-947x500.jpeg",947,500,true],"page-top":["https:\/\/portal.pi.gov.br\/seres\/wp-content\/uploads\/sites\/87\/2025\/09\/WhatsApp-Image-2025-09-03-at-16.11.45-1-947x631.jpeg",947,631,true],"page-small":["https:\/\/portal.pi.gov.br\/seres\/wp-content\/uploads\/sites\/87\/2025\/09\/WhatsApp-Image-2025-09-03-at-16.11.45-1-624x416.jpeg",624,416,true],"loop-main":["https:\/\/portal.pi.gov.br\/seres\/wp-content\/uploads\/sites\/87\/2025\/09\/WhatsApp-Image-2025-09-03-at-16.11.45-1-365x240.jpeg",365,240,true],"thumb-gallery-widget":["https:\/\/portal.pi.gov.br\/seres\/wp-content\/uploads\/sites\/87\/2025\/09\/WhatsApp-Image-2025-09-03-at-16.11.45-1-84x56.jpeg",84,56,true]},"post_excerpt_stackable_v2":"<p>A cidade de Bom Jesus\u00a0sediar\u00e1 o evento nesta sexta (24) e s\u00e1bado (25). A Seres Piau\u00ed participar\u00e1 de mais uma edi\u00e7\u00e3o do Di\u00e1logos pelo Piau\u00ed, no munic\u00edpio de Bom Jesus, situado na Chapada das Mangabeiras. O programa do Governo Estadual \u00e9 voltado \u00e0 inclus\u00e3o da popula\u00e7\u00e3o na constru\u00e7\u00e3o do Plano Plurianual (PPA). O encontro ser\u00e1 realizado, nesta sexta-feira (24) e s\u00e1bado (25), na Universidade Federal do Piau\u00ed (UFPI), campus Bom Jesus, reunindo representantes comunit\u00e1rios, autoridades p\u00fablicas e moradores da regi\u00e3o. Na sexta-feira (24), as atividades come\u00e7am \u00e0s 13h e encerram \u00e0s 18h, com oficinas tem\u00e1ticas do Plano Plurianual (PPA). Os&hellip;<\/p>\n","category_list_v2":"<a href=\"https:\/\/portal.pi.gov.br\/seres\/category\/noticias\/\" rel=\"category tag\">Not\u00edcias<\/a>","author_info_v2":{"name":"alineraquel","url":"https:\/\/portal.pi.gov.br\/seres\/author\/alineraquel\/"},"comments_num_v2":"0 coment\u00e1rio","jetpack_featured_media_url":"https:\/\/portal.pi.gov.br\/seres\/wp-content\/uploads\/sites\/87\/2025\/09\/WhatsApp-Image-2025-09-03-at-16.11.45-1-scaled.jpeg","_links":{"self":[{"href":"https:\/\/portal.pi.gov.br\/seres\/wp-json\/wp\/v2\/posts\/4988"}],"collection":[{"href":"https:\/\/portal.pi.gov.br\/seres\/wp-json\/wp\/v2\/posts"}],"about":[{"href":"https:\/\/portal.pi.gov.br\/seres\/wp-json\/wp\/v2\/types\/post"}],"author":[{"embeddable":true,"href":"https:\/\/portal.pi.gov.br\/seres\/wp-json\/wp\/v2\/users\/1821"}],"replies":[{"embeddable":true,"href":"https:\/\/portal.pi.gov.br\/seres\/wp-json\/wp\/v2\/comments?post=4988"}],"version-history":[{"count":1,"href":"https:\/\/portal.pi.gov.br\/seres\/wp-json\/wp\/v2\/posts\/4988\/revisions"}],"predecessor-version":[{"id":4991,"href":"https:\/\/portal.pi.gov.br\/seres\/wp-json\/wp\/v2\/posts\/4988\/revisions\/4991"}],"wp:featuredmedia":[{"embeddable":true,"href":"https:\/\/portal.pi.gov.br\/seres\/wp-json\/wp\/v2\/media\/4486"}],"wp:attachment":[{"href":"https:\/\/portal.pi.gov.br\/seres\/wp-json\/wp\/v2\/media?parent=4988"}],"wp:term":[{"taxonomy":"category","embeddable":true,"href":"https:\/\/portal.pi.gov.br\/seres\/wp-json\/wp\/v2\/categories?post=4988"},{"taxonomy":"post_tag","embeddable":true,"href":"https:\/\/portal.pi.gov.br\/seres\/wp-json\/wp\/v2\/tags?post=4988"}],"curies":[{"name":"wp","href":"https:\/\/api.w.org\/{rel}","templated":true}]}}