{"id":5045,"date":"2025-10-30T11:52:25","date_gmt":"2025-10-30T14:52:25","guid":{"rendered":"https:\/\/portal.pi.gov.br\/seres\/?p=5045"},"modified":"2025-10-31T12:41:52","modified_gmt":"2025-10-31T15:41:52","slug":"nubia-lopes-prestigia-a-abertura-da-19a-semana-do-servidor","status":"publish","type":"post","link":"https:\/\/portal.pi.gov.br\/seres\/2025\/10\/30\/nubia-lopes-prestigia-a-abertura-da-19a-semana-do-servidor\/","title":{"rendered":"N\u00fabia Lopes prestigia a abertura da 19\u00aa Semana do Servidor"},"content":{"rendered":"\n<p>O evento acontece at\u00e9 o pr\u00f3ximo s\u00e1bado (1\u00ba).<\/p>\n\n\n\n<figure class=\"wp-block-image size-large\"><img decoding=\"async\" loading=\"lazy\" width=\"1024\" height=\"768\" src=\"https:\/\/portal.pi.gov.br\/seres\/wp-content\/uploads\/sites\/87\/2025\/10\/f60769c1-52a1-4b5f-8e82-3df5eb6c55b5-1024x768.jpeg\" alt=\"\" class=\"wp-image-5042\" srcset=\"https:\/\/portal.pi.gov.br\/seres\/wp-content\/uploads\/sites\/87\/2025\/10\/f60769c1-52a1-4b5f-8e82-3df5eb6c55b5-1024x768.jpeg 1024w, https:\/\/portal.pi.gov.br\/seres\/wp-content\/uploads\/sites\/87\/2025\/10\/f60769c1-52a1-4b5f-8e82-3df5eb6c55b5-300x225.jpeg 300w, https:\/\/portal.pi.gov.br\/seres\/wp-content\/uploads\/sites\/87\/2025\/10\/f60769c1-52a1-4b5f-8e82-3df5eb6c55b5-768x576.jpeg 768w, https:\/\/portal.pi.gov.br\/seres\/wp-content\/uploads\/sites\/87\/2025\/10\/f60769c1-52a1-4b5f-8e82-3df5eb6c55b5-420x315.jpeg 420w, https:\/\/portal.pi.gov.br\/seres\/wp-content\/uploads\/sites\/87\/2025\/10\/f60769c1-52a1-4b5f-8e82-3df5eb6c55b5-540x405.jpeg 540w, https:\/\/portal.pi.gov.br\/seres\/wp-content\/uploads\/sites\/87\/2025\/10\/f60769c1-52a1-4b5f-8e82-3df5eb6c55b5-780x585.jpeg 780w, https:\/\/portal.pi.gov.br\/seres\/wp-content\/uploads\/sites\/87\/2025\/10\/f60769c1-52a1-4b5f-8e82-3df5eb6c55b5-1536x1152.jpeg 1536w, https:\/\/portal.pi.gov.br\/seres\/wp-content\/uploads\/sites\/87\/2025\/10\/f60769c1-52a1-4b5f-8e82-3df5eb6c55b5-947x710.jpeg 947w, https:\/\/portal.pi.gov.br\/seres\/wp-content\/uploads\/sites\/87\/2025\/10\/f60769c1-52a1-4b5f-8e82-3df5eb6c55b5-624x468.jpeg 624w, https:\/\/portal.pi.gov.br\/seres\/wp-content\/uploads\/sites\/87\/2025\/10\/f60769c1-52a1-4b5f-8e82-3df5eb6c55b5.jpeg 2048w\" sizes=\"(max-width: 1024px) 100vw, 1024px\" \/><\/figure>\n\n\n\n<p><\/p>\n\n\n\n<p><\/p>\n\n\n\n<p><\/p>\n\n\n\n<p>A secret\u00e1ria de Rela\u00e7\u00f5es Sociais, N\u00fabia Lopes, esteve presente na solenidade de abertura da 19\u00aa Semana do Servidor, no estacionamento da Sead, localizada no Bloco I do Centro Administrativo.<\/p>\n\n\n\n<p>Realizada pela Secretaria de Administra\u00e7\u00e3o (Sead), o evento teve in\u00edcio hoje e segue at\u00e9 o pr\u00f3ximo s\u00e1bado (1\u00ba), trazendo uma programa\u00e7\u00e3o diversificada, reunindo atividades culturais, art\u00edsticas e esportivas voltadas para a valoriza\u00e7\u00e3o dos servidores p\u00fablicos estaduais.<\/p>\n\n\n\n<p>O primeiro ato foi a celebra\u00e7\u00e3o de uma missa com apresenta\u00e7\u00e3o do Coral da Sead, e ainda sorteio de brindes e apresenta\u00e7\u00e3o de atra\u00e7\u00e3o musical.<\/p>\n\n\n\n<p>Al\u00e9m disso, nesta quinta e sexta-feira, o evento conta com a Mostra de Talentos, que consiste em um espa\u00e7o dedicado para a comercializa\u00e7\u00e3o de produtos feitos pelos servidores p\u00fablicos, como artesanato, gastronomia e outras express\u00f5es criativas. Tamb\u00e9m haver\u00e1 a oferta de servi\u00e7os como corte de cabelo, massagem e distribui\u00e7\u00e3o de mudas, dentre outras a\u00e7\u00f5es.<\/p>\n\n\n\n<p>A programa\u00e7\u00e3o da Semana do Servidor traz tamb\u00e9m um campeonato de futebol, que ocorre na manh\u00e3 de sexta-feira, a partir das 7h. Nesse mesmo dia, haver\u00e1 a divulga\u00e7\u00e3o dos vencedores do Pr\u00eamio Replica Piau\u00ed, Show de Calouros e o sorteio de brindes.<\/p>\n\n\n\n<p>O encerramento ser\u00e1 no s\u00e1bado, com a 3\u00b0 Corrida do Servidor, apresenta\u00e7\u00e3o musical, sorteio de brindes e a Nossa Feirinha THE, com a comercializa\u00e7\u00e3o de comidas e bebidas.<\/p>\n\n\n\n<figure class=\"wp-block-image size-large\"><img decoding=\"async\" loading=\"lazy\" width=\"1024\" height=\"768\" src=\"https:\/\/portal.pi.gov.br\/seres\/wp-content\/uploads\/sites\/87\/2025\/10\/d53697bb-8169-4565-bbe3-919f740b1925-1024x768.jpeg\" alt=\"\" class=\"wp-image-5047\" srcset=\"https:\/\/portal.pi.gov.br\/seres\/wp-content\/uploads\/sites\/87\/2025\/10\/d53697bb-8169-4565-bbe3-919f740b1925-1024x768.jpeg 1024w, https:\/\/portal.pi.gov.br\/seres\/wp-content\/uploads\/sites\/87\/2025\/10\/d53697bb-8169-4565-bbe3-919f740b1925-300x225.jpeg 300w, https:\/\/portal.pi.gov.br\/seres\/wp-content\/uploads\/sites\/87\/2025\/10\/d53697bb-8169-4565-bbe3-919f740b1925-768x576.jpeg 768w, https:\/\/portal.pi.gov.br\/seres\/wp-content\/uploads\/sites\/87\/2025\/10\/d53697bb-8169-4565-bbe3-919f740b1925-420x315.jpeg 420w, https:\/\/portal.pi.gov.br\/seres\/wp-content\/uploads\/sites\/87\/2025\/10\/d53697bb-8169-4565-bbe3-919f740b1925-540x405.jpeg 540w, https:\/\/portal.pi.gov.br\/seres\/wp-content\/uploads\/sites\/87\/2025\/10\/d53697bb-8169-4565-bbe3-919f740b1925-780x585.jpeg 780w, https:\/\/portal.pi.gov.br\/seres\/wp-content\/uploads\/sites\/87\/2025\/10\/d53697bb-8169-4565-bbe3-919f740b1925-1536x1152.jpeg 1536w, https:\/\/portal.pi.gov.br\/seres\/wp-content\/uploads\/sites\/87\/2025\/10\/d53697bb-8169-4565-bbe3-919f740b1925-947x710.jpeg 947w, https:\/\/portal.pi.gov.br\/seres\/wp-content\/uploads\/sites\/87\/2025\/10\/d53697bb-8169-4565-bbe3-919f740b1925-624x468.jpeg 624w, https:\/\/portal.pi.gov.br\/seres\/wp-content\/uploads\/sites\/87\/2025\/10\/d53697bb-8169-4565-bbe3-919f740b1925.jpeg 2048w\" sizes=\"(max-width: 1024px) 100vw, 1024px\" \/><\/figure>\n\n\n\n<figure class=\"wp-block-gallery has-nested-images columns-default is-cropped wp-block-gallery-1 is-layout-flex\">\n<figure class=\"wp-block-image size-large\"><img decoding=\"async\" loading=\"lazy\" width=\"1024\" height=\"768\" data-id=\"5043\"  src=\"https:\/\/portal.pi.gov.br\/seres\/wp-content\/uploads\/sites\/87\/2025\/10\/f8773528-980a-4285-897e-91db6cb6c967-1024x768.jpeg\" alt=\"\" class=\"wp-image-5043\" srcset=\"https:\/\/portal.pi.gov.br\/seres\/wp-content\/uploads\/sites\/87\/2025\/10\/f8773528-980a-4285-897e-91db6cb6c967-1024x768.jpeg 1024w, https:\/\/portal.pi.gov.br\/seres\/wp-content\/uploads\/sites\/87\/2025\/10\/f8773528-980a-4285-897e-91db6cb6c967-300x225.jpeg 300w, https:\/\/portal.pi.gov.br\/seres\/wp-content\/uploads\/sites\/87\/2025\/10\/f8773528-980a-4285-897e-91db6cb6c967-768x576.jpeg 768w, https:\/\/portal.pi.gov.br\/seres\/wp-content\/uploads\/sites\/87\/2025\/10\/f8773528-980a-4285-897e-91db6cb6c967-420x315.jpeg 420w, https:\/\/portal.pi.gov.br\/seres\/wp-content\/uploads\/sites\/87\/2025\/10\/f8773528-980a-4285-897e-91db6cb6c967-540x405.jpeg 540w, https:\/\/portal.pi.gov.br\/seres\/wp-content\/uploads\/sites\/87\/2025\/10\/f8773528-980a-4285-897e-91db6cb6c967-780x585.jpeg 780w, https:\/\/portal.pi.gov.br\/seres\/wp-content\/uploads\/sites\/87\/2025\/10\/f8773528-980a-4285-897e-91db6cb6c967-1536x1152.jpeg 1536w, https:\/\/portal.pi.gov.br\/seres\/wp-content\/uploads\/sites\/87\/2025\/10\/f8773528-980a-4285-897e-91db6cb6c967-947x710.jpeg 947w, https:\/\/portal.pi.gov.br\/seres\/wp-content\/uploads\/sites\/87\/2025\/10\/f8773528-980a-4285-897e-91db6cb6c967-624x468.jpeg 624w, https:\/\/portal.pi.gov.br\/seres\/wp-content\/uploads\/sites\/87\/2025\/10\/f8773528-980a-4285-897e-91db6cb6c967.jpeg 2048w\" sizes=\"(max-width: 1024px) 100vw, 1024px\" \/><\/figure>\n\n\n\n<figure class=\"wp-block-image size-large\"><img decoding=\"async\" loading=\"lazy\" width=\"1024\" height=\"768\" data-id=\"5041\"  src=\"https:\/\/portal.pi.gov.br\/seres\/wp-content\/uploads\/sites\/87\/2025\/10\/29ce90f5-2eef-4512-b02d-b0fc1e72db31-1024x768.jpeg\" alt=\"\" class=\"wp-image-5041\" srcset=\"https:\/\/portal.pi.gov.br\/seres\/wp-content\/uploads\/sites\/87\/2025\/10\/29ce90f5-2eef-4512-b02d-b0fc1e72db31-1024x768.jpeg 1024w, https:\/\/portal.pi.gov.br\/seres\/wp-content\/uploads\/sites\/87\/2025\/10\/29ce90f5-2eef-4512-b02d-b0fc1e72db31-300x225.jpeg 300w, https:\/\/portal.pi.gov.br\/seres\/wp-content\/uploads\/sites\/87\/2025\/10\/29ce90f5-2eef-4512-b02d-b0fc1e72db31-768x576.jpeg 768w, https:\/\/portal.pi.gov.br\/seres\/wp-content\/uploads\/sites\/87\/2025\/10\/29ce90f5-2eef-4512-b02d-b0fc1e72db31-420x315.jpeg 420w, https:\/\/portal.pi.gov.br\/seres\/wp-content\/uploads\/sites\/87\/2025\/10\/29ce90f5-2eef-4512-b02d-b0fc1e72db31-540x405.jpeg 540w, https:\/\/portal.pi.gov.br\/seres\/wp-content\/uploads\/sites\/87\/2025\/10\/29ce90f5-2eef-4512-b02d-b0fc1e72db31-780x585.jpeg 780w, https:\/\/portal.pi.gov.br\/seres\/wp-content\/uploads\/sites\/87\/2025\/10\/29ce90f5-2eef-4512-b02d-b0fc1e72db31-1536x1152.jpeg 1536w, https:\/\/portal.pi.gov.br\/seres\/wp-content\/uploads\/sites\/87\/2025\/10\/29ce90f5-2eef-4512-b02d-b0fc1e72db31-947x710.jpeg 947w, https:\/\/portal.pi.gov.br\/seres\/wp-content\/uploads\/sites\/87\/2025\/10\/29ce90f5-2eef-4512-b02d-b0fc1e72db31-624x468.jpeg 624w, https:\/\/portal.pi.gov.br\/seres\/wp-content\/uploads\/sites\/87\/2025\/10\/29ce90f5-2eef-4512-b02d-b0fc1e72db31.jpeg 2048w\" sizes=\"(max-width: 1024px) 100vw, 1024px\" \/><\/figure>\n\n\n\n<figure class=\"wp-block-image size-large\"><img decoding=\"async\" loading=\"lazy\" width=\"1024\" height=\"768\" data-id=\"5039\"  src=\"https:\/\/portal.pi.gov.br\/seres\/wp-content\/uploads\/sites\/87\/2025\/10\/2a3b7132-b052-41c6-9953-2668a1863197-1024x768.jpeg\" alt=\"\" class=\"wp-image-5039\" srcset=\"https:\/\/portal.pi.gov.br\/seres\/wp-content\/uploads\/sites\/87\/2025\/10\/2a3b7132-b052-41c6-9953-2668a1863197-1024x768.jpeg 1024w, https:\/\/portal.pi.gov.br\/seres\/wp-content\/uploads\/sites\/87\/2025\/10\/2a3b7132-b052-41c6-9953-2668a1863197-300x225.jpeg 300w, https:\/\/portal.pi.gov.br\/seres\/wp-content\/uploads\/sites\/87\/2025\/10\/2a3b7132-b052-41c6-9953-2668a1863197-768x576.jpeg 768w, https:\/\/portal.pi.gov.br\/seres\/wp-content\/uploads\/sites\/87\/2025\/10\/2a3b7132-b052-41c6-9953-2668a1863197-420x315.jpeg 420w, https:\/\/portal.pi.gov.br\/seres\/wp-content\/uploads\/sites\/87\/2025\/10\/2a3b7132-b052-41c6-9953-2668a1863197-540x405.jpeg 540w, https:\/\/portal.pi.gov.br\/seres\/wp-content\/uploads\/sites\/87\/2025\/10\/2a3b7132-b052-41c6-9953-2668a1863197-780x585.jpeg 780w, https:\/\/portal.pi.gov.br\/seres\/wp-content\/uploads\/sites\/87\/2025\/10\/2a3b7132-b052-41c6-9953-2668a1863197-1536x1152.jpeg 1536w, https:\/\/portal.pi.gov.br\/seres\/wp-content\/uploads\/sites\/87\/2025\/10\/2a3b7132-b052-41c6-9953-2668a1863197-947x710.jpeg 947w, https:\/\/portal.pi.gov.br\/seres\/wp-content\/uploads\/sites\/87\/2025\/10\/2a3b7132-b052-41c6-9953-2668a1863197-624x468.jpeg 624w, https:\/\/portal.pi.gov.br\/seres\/wp-content\/uploads\/sites\/87\/2025\/10\/2a3b7132-b052-41c6-9953-2668a1863197.jpeg 2048w\" sizes=\"(max-width: 1024px) 100vw, 1024px\" \/><\/figure>\n\n\n\n<figure class=\"wp-block-image size-large\"><img decoding=\"async\" loading=\"lazy\" width=\"1024\" height=\"768\" data-id=\"5040\"  src=\"https:\/\/portal.pi.gov.br\/seres\/wp-content\/uploads\/sites\/87\/2025\/10\/5b52f4f0-7d46-4310-81c5-b2a73f6882fc-1024x768.jpeg\" alt=\"\" class=\"wp-image-5040\" srcset=\"https:\/\/portal.pi.gov.br\/seres\/wp-content\/uploads\/sites\/87\/2025\/10\/5b52f4f0-7d46-4310-81c5-b2a73f6882fc-1024x768.jpeg 1024w, https:\/\/portal.pi.gov.br\/seres\/wp-content\/uploads\/sites\/87\/2025\/10\/5b52f4f0-7d46-4310-81c5-b2a73f6882fc-300x225.jpeg 300w, https:\/\/portal.pi.gov.br\/seres\/wp-content\/uploads\/sites\/87\/2025\/10\/5b52f4f0-7d46-4310-81c5-b2a73f6882fc-768x576.jpeg 768w, https:\/\/portal.pi.gov.br\/seres\/wp-content\/uploads\/sites\/87\/2025\/10\/5b52f4f0-7d46-4310-81c5-b2a73f6882fc-420x315.jpeg 420w, https:\/\/portal.pi.gov.br\/seres\/wp-content\/uploads\/sites\/87\/2025\/10\/5b52f4f0-7d46-4310-81c5-b2a73f6882fc-540x405.jpeg 540w, https:\/\/portal.pi.gov.br\/seres\/wp-content\/uploads\/sites\/87\/2025\/10\/5b52f4f0-7d46-4310-81c5-b2a73f6882fc-780x585.jpeg 780w, https:\/\/portal.pi.gov.br\/seres\/wp-content\/uploads\/sites\/87\/2025\/10\/5b52f4f0-7d46-4310-81c5-b2a73f6882fc-1536x1152.jpeg 1536w, https:\/\/portal.pi.gov.br\/seres\/wp-content\/uploads\/sites\/87\/2025\/10\/5b52f4f0-7d46-4310-81c5-b2a73f6882fc-947x710.jpeg 947w, https:\/\/portal.pi.gov.br\/seres\/wp-content\/uploads\/sites\/87\/2025\/10\/5b52f4f0-7d46-4310-81c5-b2a73f6882fc-624x468.jpeg 624w, https:\/\/portal.pi.gov.br\/seres\/wp-content\/uploads\/sites\/87\/2025\/10\/5b52f4f0-7d46-4310-81c5-b2a73f6882fc.jpeg 2048w\" sizes=\"(max-width: 1024px) 100vw, 1024px\" \/><\/figure>\n\n\n\n<figure class=\"wp-block-image size-large\"><img decoding=\"async\" loading=\"lazy\" width=\"1024\" height=\"768\" data-id=\"5044\"  src=\"https:\/\/portal.pi.gov.br\/seres\/wp-content\/uploads\/sites\/87\/2025\/10\/fd68ad60-6748-47fe-8add-be1717f7c5ec-1024x768.jpeg\" alt=\"\" class=\"wp-image-5044\" srcset=\"https:\/\/portal.pi.gov.br\/seres\/wp-content\/uploads\/sites\/87\/2025\/10\/fd68ad60-6748-47fe-8add-be1717f7c5ec-1024x768.jpeg 1024w, https:\/\/portal.pi.gov.br\/seres\/wp-content\/uploads\/sites\/87\/2025\/10\/fd68ad60-6748-47fe-8add-be1717f7c5ec-300x225.jpeg 300w, https:\/\/portal.pi.gov.br\/seres\/wp-content\/uploads\/sites\/87\/2025\/10\/fd68ad60-6748-47fe-8add-be1717f7c5ec-768x576.jpeg 768w, https:\/\/portal.pi.gov.br\/seres\/wp-content\/uploads\/sites\/87\/2025\/10\/fd68ad60-6748-47fe-8add-be1717f7c5ec-420x315.jpeg 420w, https:\/\/portal.pi.gov.br\/seres\/wp-content\/uploads\/sites\/87\/2025\/10\/fd68ad60-6748-47fe-8add-be1717f7c5ec-540x405.jpeg 540w, https:\/\/portal.pi.gov.br\/seres\/wp-content\/uploads\/sites\/87\/2025\/10\/fd68ad60-6748-47fe-8add-be1717f7c5ec-780x585.jpeg 780w, https:\/\/portal.pi.gov.br\/seres\/wp-content\/uploads\/sites\/87\/2025\/10\/fd68ad60-6748-47fe-8add-be1717f7c5ec-1536x1152.jpeg 1536w, https:\/\/portal.pi.gov.br\/seres\/wp-content\/uploads\/sites\/87\/2025\/10\/fd68ad60-6748-47fe-8add-be1717f7c5ec-947x710.jpeg 947w, https:\/\/portal.pi.gov.br\/seres\/wp-content\/uploads\/sites\/87\/2025\/10\/fd68ad60-6748-47fe-8add-be1717f7c5ec-624x468.jpeg 624w, https:\/\/portal.pi.gov.br\/seres\/wp-content\/uploads\/sites\/87\/2025\/10\/fd68ad60-6748-47fe-8add-be1717f7c5ec.jpeg 2048w\" sizes=\"(max-width: 1024px) 100vw, 1024px\" \/><\/figure>\n<\/figure>\n\n\n\n<p><\/p>\n\n\n\n<p><\/p>\n\n\n\n<p>Confira a programa\u00e7\u00e3o:<\/p>\n\n\n\n<p><strong>30 de outubro (Quinta-feira)<\/strong><\/p>\n\n\n\n<p>7h30 \u2013 Abertura<\/p>\n\n\n\n<p>8h30 \u2013 Missa com apresenta\u00e7\u00e3o do Coral da Sead<\/p>\n\n\n\n<p>10h30 \u2013 Atra\u00e7\u00e3o Musical \u2013 Henry Dantas<\/p>\n\n\n\n<p>11h \u2013 Sorteio de brindes<\/p>\n\n\n\n<p>13h30 \u2013 Encerramento<\/p>\n\n\n\n<p>\u2013 Mostra de talentos: espa\u00e7o dedicado ao servidor p\u00fablico comercializar<\/p>\n\n\n\n<p>artesanato, gastronomia e outras express\u00f5es criativas<\/p>\n\n\n\n<ul>\n<li>\u2060 \u2060Espa\u00e7o sa\u00fade, bem-estar e qualidade de vida<\/li>\n\n\n\n<li>\u2060 \u2060Distribui\u00e7\u00e3o de mudas (SEMARH)<\/li>\n\n\n\n<li>\u2060 \u2060Viatura Lil\u00e1s (Pol\u00edcia Militar)<\/li>\n\n\n\n<li>\u2060 \u2060Parceria com a Secretaria das Mulheres<\/li>\n\n\n\n<li>\u2060 \u2060Entrega da carteira funcional do servidor<\/li>\n<\/ul>\n\n\n\n<p><strong>31 de outubro (Sexta-feira)<\/strong><\/p>\n\n\n\n<p>7h \u2013 Campeonato de futebol<\/p>\n\n\n\n<p>7h30 \u2013 Pr\u00eamio Replica Piau\u00ed (Premia\u00e7\u00e3o)<\/p>\n\n\n\n<p>09h \u2013 Show de Calouros<\/p>\n\n\n\n<p>10h30 \u2013 Atra\u00e7\u00e3o Musical \u2013 \u00c1lvaro Neto<\/p>\n\n\n\n<p>11h30 \u2013 Sorteio de brindes<\/p>\n\n\n\n<p>13h30 \u2013 Encerramento<\/p>\n\n\n\n<ul>\n<li>\u2060 \u2060Mostra de talentos: espa\u00e7o dedicado ao servidor p\u00fablico comercializar<\/li>\n<\/ul>\n\n\n\n<p>artesanato, gastronomia e outras express\u00f5es criativas<\/p>\n\n\n\n<ul>\n<li>\u2060 \u2060Espa\u00e7o sa\u00fade, bem-estar e qualidade de vida<\/li>\n\n\n\n<li>\u2060 \u2060Distribui\u00e7\u00e3o de mudas (SEMARH)<\/li>\n\n\n\n<li>\u2060 \u2060Viatura Lil\u00e1s (Pol\u00edcia Militar)<\/li>\n\n\n\n<li>\u2060 \u2060Corte de cabelo, penteado, higieniza\u00e7\u00e3o facial e esmalta\u00e7\u00e3o (Sasc)<\/li>\n\n\n\n<li>\u2060 \u2060Entrega da carteira funcional do servidor<\/li>\n<\/ul>\n\n\n\n<p><strong>1\u00ba de novembro (S\u00e1bado)<\/strong><\/p>\n\n\n\n<p>5h30 \u2013 3\u00b0 Corrida do Servidor \u2013 Concentra\u00e7\u00e3o e aquecimento<\/p>\n\n\n\n<p>6h \u2013 Largada (estacionamento da Sead)<\/p>\n\n\n\n<p>8h \u2013 Premia\u00e7\u00e3o<\/p>\n\n\n\n<p>9h \u2013 Atra\u00e7\u00e3o Musical \u2013 Samba do Coreto<\/p>\n\n\n\n<ul>\n<li>\u2060 \u2060Sorteio de brindes<\/li>\n<\/ul>\n\n\n\n<p>\u2013&nbsp; \u2060\u2060Viatura Lil\u00e1s (Pol\u00edcia Militar)<\/p>\n\n\n\n<ul>\n<li>\u2060 \u2060\u2060\u2060Nossa Feirinha THE (venda de comidas e bebidas)<\/li>\n<\/ul>\n","protected":false},"excerpt":{"rendered":"<p>O evento acontece at\u00e9 o pr\u00f3ximo s\u00e1bado (1\u00ba). A secret\u00e1ria de Rela\u00e7\u00f5es Sociais, N\u00fabia Lopes, esteve presente na solenidade de abertura da 19\u00aa Semana do Servidor, no estacionamento da Sead, [&hellip;]<\/p>\n","protected":false},"author":1821,"featured_media":5052,"comment_status":"closed","ping_status":"closed","sticky":true,"template":"","format":"standard","meta":[],"categories":[34],"tags":[47,41],"featured_image_urls":{"full":["https:\/\/portal.pi.gov.br\/seres\/wp-content\/uploads\/sites\/87\/2025\/10\/105631fd-2b57-462e-91b5-b516da53a337.jpeg",1600,659,false],"thumbnail":["https:\/\/portal.pi.gov.br\/seres\/wp-content\/uploads\/sites\/87\/2025\/10\/105631fd-2b57-462e-91b5-b516da53a337-150x150.jpeg",150,150,true],"medium":["https:\/\/portal.pi.gov.br\/seres\/wp-content\/uploads\/sites\/87\/2025\/10\/105631fd-2b57-462e-91b5-b516da53a337-300x124.jpeg",300,124,true],"medium_large":["https:\/\/portal.pi.gov.br\/seres\/wp-content\/uploads\/sites\/87\/2025\/10\/105631fd-2b57-462e-91b5-b516da53a337-768x316.jpeg",768,316,true],"large":["https:\/\/portal.pi.gov.br\/seres\/wp-content\/uploads\/sites\/87\/2025\/10\/105631fd-2b57-462e-91b5-b516da53a337-1024x422.jpeg",887,366,true],"sgg-420":["https:\/\/portal.pi.gov.br\/seres\/wp-content\/uploads\/sites\/87\/2025\/10\/105631fd-2b57-462e-91b5-b516da53a337-420x173.jpeg",420,173,true],"sgg-540":["https:\/\/portal.pi.gov.br\/seres\/wp-content\/uploads\/sites\/87\/2025\/10\/105631fd-2b57-462e-91b5-b516da53a337-540x222.jpeg",540,222,true],"sgg-780":["https:\/\/portal.pi.gov.br\/seres\/wp-content\/uploads\/sites\/87\/2025\/10\/105631fd-2b57-462e-91b5-b516da53a337-780x321.jpeg",780,321,true],"1536x1536":["https:\/\/portal.pi.gov.br\/seres\/wp-content\/uploads\/sites\/87\/2025\/10\/105631fd-2b57-462e-91b5-b516da53a337-1536x633.jpeg",1536,633,true],"2048x2048":["https:\/\/portal.pi.gov.br\/seres\/wp-content\/uploads\/sites\/87\/2025\/10\/105631fd-2b57-462e-91b5-b516da53a337.jpeg",1600,659,false],"homepage-slider":["https:\/\/portal.pi.gov.br\/seres\/wp-content\/uploads\/sites\/87\/2025\/10\/105631fd-2b57-462e-91b5-b516da53a337-1270x500.jpeg",1270,500,true],"homepage-slider-small":["https:\/\/portal.pi.gov.br\/seres\/wp-content\/uploads\/sites\/87\/2025\/10\/105631fd-2b57-462e-91b5-b516da53a337-947x500.jpeg",947,500,true],"page-top":["https:\/\/portal.pi.gov.br\/seres\/wp-content\/uploads\/sites\/87\/2025\/10\/105631fd-2b57-462e-91b5-b516da53a337-947x390.jpeg",947,390,true],"page-small":["https:\/\/portal.pi.gov.br\/seres\/wp-content\/uploads\/sites\/87\/2025\/10\/105631fd-2b57-462e-91b5-b516da53a337-624x257.jpeg",624,257,true],"loop-main":["https:\/\/portal.pi.gov.br\/seres\/wp-content\/uploads\/sites\/87\/2025\/10\/105631fd-2b57-462e-91b5-b516da53a337-365x240.jpeg",365,240,true],"thumb-gallery-widget":["https:\/\/portal.pi.gov.br\/seres\/wp-content\/uploads\/sites\/87\/2025\/10\/105631fd-2b57-462e-91b5-b516da53a337-84x56.jpeg",84,56,true]},"post_excerpt_stackable":"<p>O evento acontece at\u00e9 o pr\u00f3ximo s\u00e1bado (1\u00ba). A secret\u00e1ria de Rela\u00e7\u00f5es Sociais, N\u00fabia Lopes, esteve presente na solenidade de abertura da 19\u00aa Semana do Servidor, no estacionamento da Sead, localizada no Bloco I do Centro Administrativo. Realizada pela Secretaria de Administra\u00e7\u00e3o (Sead), o evento teve in\u00edcio hoje e segue at\u00e9 o pr\u00f3ximo s\u00e1bado (1\u00ba), trazendo uma programa\u00e7\u00e3o diversificada, reunindo atividades culturais, art\u00edsticas e esportivas voltadas para a valoriza\u00e7\u00e3o dos servidores p\u00fablicos estaduais. O primeiro ato foi a celebra\u00e7\u00e3o de uma missa com apresenta\u00e7\u00e3o do Coral da Sead, e ainda sorteio de brindes e apresenta\u00e7\u00e3o de atra\u00e7\u00e3o musical. Al\u00e9m disso,&hellip;<\/p>\n","category_list":"<a href=\"https:\/\/portal.pi.gov.br\/seres\/category\/noticias\/\" rel=\"category tag\">Not\u00edcias<\/a>","author_info":{"name":"alineraquel","url":"https:\/\/portal.pi.gov.br\/seres\/author\/alineraquel\/"},"comments_num":"0 coment\u00e1rio","featured_image_urls_v2":{"full":["https:\/\/portal.pi.gov.br\/seres\/wp-content\/uploads\/sites\/87\/2025\/10\/105631fd-2b57-462e-91b5-b516da53a337.jpeg",1600,659,false],"thumbnail":["https:\/\/portal.pi.gov.br\/seres\/wp-content\/uploads\/sites\/87\/2025\/10\/105631fd-2b57-462e-91b5-b516da53a337-150x150.jpeg",150,150,true],"medium":["https:\/\/portal.pi.gov.br\/seres\/wp-content\/uploads\/sites\/87\/2025\/10\/105631fd-2b57-462e-91b5-b516da53a337-300x124.jpeg",300,124,true],"medium_large":["https:\/\/portal.pi.gov.br\/seres\/wp-content\/uploads\/sites\/87\/2025\/10\/105631fd-2b57-462e-91b5-b516da53a337-768x316.jpeg",768,316,true],"large":["https:\/\/portal.pi.gov.br\/seres\/wp-content\/uploads\/sites\/87\/2025\/10\/105631fd-2b57-462e-91b5-b516da53a337-1024x422.jpeg",887,366,true],"sgg-420":["https:\/\/portal.pi.gov.br\/seres\/wp-content\/uploads\/sites\/87\/2025\/10\/105631fd-2b57-462e-91b5-b516da53a337-420x173.jpeg",420,173,true],"sgg-540":["https:\/\/portal.pi.gov.br\/seres\/wp-content\/uploads\/sites\/87\/2025\/10\/105631fd-2b57-462e-91b5-b516da53a337-540x222.jpeg",540,222,true],"sgg-780":["https:\/\/portal.pi.gov.br\/seres\/wp-content\/uploads\/sites\/87\/2025\/10\/105631fd-2b57-462e-91b5-b516da53a337-780x321.jpeg",780,321,true],"1536x1536":["https:\/\/portal.pi.gov.br\/seres\/wp-content\/uploads\/sites\/87\/2025\/10\/105631fd-2b57-462e-91b5-b516da53a337-1536x633.jpeg",1536,633,true],"2048x2048":["https:\/\/portal.pi.gov.br\/seres\/wp-content\/uploads\/sites\/87\/2025\/10\/105631fd-2b57-462e-91b5-b516da53a337.jpeg",1600,659,false],"homepage-slider":["https:\/\/portal.pi.gov.br\/seres\/wp-content\/uploads\/sites\/87\/2025\/10\/105631fd-2b57-462e-91b5-b516da53a337-1270x500.jpeg",1270,500,true],"homepage-slider-small":["https:\/\/portal.pi.gov.br\/seres\/wp-content\/uploads\/sites\/87\/2025\/10\/105631fd-2b57-462e-91b5-b516da53a337-947x500.jpeg",947,500,true],"page-top":["https:\/\/portal.pi.gov.br\/seres\/wp-content\/uploads\/sites\/87\/2025\/10\/105631fd-2b57-462e-91b5-b516da53a337-947x390.jpeg",947,390,true],"page-small":["https:\/\/portal.pi.gov.br\/seres\/wp-content\/uploads\/sites\/87\/2025\/10\/105631fd-2b57-462e-91b5-b516da53a337-624x257.jpeg",624,257,true],"loop-main":["https:\/\/portal.pi.gov.br\/seres\/wp-content\/uploads\/sites\/87\/2025\/10\/105631fd-2b57-462e-91b5-b516da53a337-365x240.jpeg",365,240,true],"thumb-gallery-widget":["https:\/\/portal.pi.gov.br\/seres\/wp-content\/uploads\/sites\/87\/2025\/10\/105631fd-2b57-462e-91b5-b516da53a337-84x56.jpeg",84,56,true]},"post_excerpt_stackable_v2":"<p>O evento acontece at\u00e9 o pr\u00f3ximo s\u00e1bado (1\u00ba). A secret\u00e1ria de Rela\u00e7\u00f5es Sociais, N\u00fabia Lopes, esteve presente na solenidade de abertura da 19\u00aa Semana do Servidor, no estacionamento da Sead, localizada no Bloco I do Centro Administrativo. Realizada pela Secretaria de Administra\u00e7\u00e3o (Sead), o evento teve in\u00edcio hoje e segue at\u00e9 o pr\u00f3ximo s\u00e1bado (1\u00ba), trazendo uma programa\u00e7\u00e3o diversificada, reunindo atividades culturais, art\u00edsticas e esportivas voltadas para a valoriza\u00e7\u00e3o dos servidores p\u00fablicos estaduais. O primeiro ato foi a celebra\u00e7\u00e3o de uma missa com apresenta\u00e7\u00e3o do Coral da Sead, e ainda sorteio de brindes e apresenta\u00e7\u00e3o de atra\u00e7\u00e3o musical. Al\u00e9m disso,&hellip;<\/p>\n","category_list_v2":"<a href=\"https:\/\/portal.pi.gov.br\/seres\/category\/noticias\/\" rel=\"category tag\">Not\u00edcias<\/a>","author_info_v2":{"name":"alineraquel","url":"https:\/\/portal.pi.gov.br\/seres\/author\/alineraquel\/"},"comments_num_v2":"0 coment\u00e1rio","jetpack_featured_media_url":"https:\/\/portal.pi.gov.br\/seres\/wp-content\/uploads\/sites\/87\/2025\/10\/105631fd-2b57-462e-91b5-b516da53a337.jpeg","_links":{"self":[{"href":"https:\/\/portal.pi.gov.br\/seres\/wp-json\/wp\/v2\/posts\/5045"}],"collection":[{"href":"https:\/\/portal.pi.gov.br\/seres\/wp-json\/wp\/v2\/posts"}],"about":[{"href":"https:\/\/portal.pi.gov.br\/seres\/wp-json\/wp\/v2\/types\/post"}],"author":[{"embeddable":true,"href":"https:\/\/portal.pi.gov.br\/seres\/wp-json\/wp\/v2\/users\/1821"}],"replies":[{"embeddable":true,"href":"https:\/\/portal.pi.gov.br\/seres\/wp-json\/wp\/v2\/comments?post=5045"}],"version-history":[{"count":5,"href":"https:\/\/portal.pi.gov.br\/seres\/wp-json\/wp\/v2\/posts\/5045\/revisions"}],"predecessor-version":[{"id":5081,"href":"https:\/\/portal.pi.gov.br\/seres\/wp-json\/wp\/v2\/posts\/5045\/revisions\/5081"}],"wp:featuredmedia":[{"embeddable":true,"href":"https:\/\/portal.pi.gov.br\/seres\/wp-json\/wp\/v2\/media\/5052"}],"wp:attachment":[{"href":"https:\/\/portal.pi.gov.br\/seres\/wp-json\/wp\/v2\/media?parent=5045"}],"wp:term":[{"taxonomy":"category","embeddable":true,"href":"https:\/\/portal.pi.gov.br\/seres\/wp-json\/wp\/v2\/categories?post=5045"},{"taxonomy":"post_tag","embeddable":true,"href":"https:\/\/portal.pi.gov.br\/seres\/wp-json\/wp\/v2\/tags?post=5045"}],"curies":[{"name":"wp","href":"https:\/\/api.w.org\/{rel}","templated":true}]}}