{"id":5053,"date":"2025-10-30T12:12:31","date_gmt":"2025-10-30T15:12:31","guid":{"rendered":"https:\/\/portal.pi.gov.br\/seres\/?p=5053"},"modified":"2025-10-30T12:24:13","modified_gmt":"2025-10-30T15:24:13","slug":"entre-rios-teresina-sedia-12a-edicao-do-dialogos-pelo-piaui","status":"publish","type":"post","link":"https:\/\/portal.pi.gov.br\/seres\/2025\/10\/30\/entre-rios-teresina-sedia-12a-edicao-do-dialogos-pelo-piaui\/","title":{"rendered":"Entre Rios: Teresina sedia 12\u00aa edi\u00e7\u00e3o do Di\u00e1logos pelo Piau\u00ed"},"content":{"rendered":"\n<p>A \u00faltima edi\u00e7\u00e3o ser\u00e1 realizada no Blue Tree Rio Poty, na sexta-feira (31), e no Centro de Conven\u00e7\u00f5es de Teresina, no s\u00e1bado (1\u00ba).<\/p>\n\n\n\n<figure class=\"wp-block-image size-large\"><img decoding=\"async\" loading=\"lazy\" width=\"1024\" height=\"682\" src=\"https:\/\/portal.pi.gov.br\/seres\/wp-content\/uploads\/sites\/87\/2025\/10\/image-4-1024x682.png\" alt=\"\" class=\"wp-image-4924\" srcset=\"https:\/\/portal.pi.gov.br\/seres\/wp-content\/uploads\/sites\/87\/2025\/10\/image-4-1024x682.png 1024w, https:\/\/portal.pi.gov.br\/seres\/wp-content\/uploads\/sites\/87\/2025\/10\/image-4-300x200.png 300w, https:\/\/portal.pi.gov.br\/seres\/wp-content\/uploads\/sites\/87\/2025\/10\/image-4-768x512.png 768w, https:\/\/portal.pi.gov.br\/seres\/wp-content\/uploads\/sites\/87\/2025\/10\/image-4-420x280.png 420w, https:\/\/portal.pi.gov.br\/seres\/wp-content\/uploads\/sites\/87\/2025\/10\/image-4-540x360.png 540w, https:\/\/portal.pi.gov.br\/seres\/wp-content\/uploads\/sites\/87\/2025\/10\/image-4-780x520.png 780w, https:\/\/portal.pi.gov.br\/seres\/wp-content\/uploads\/sites\/87\/2025\/10\/image-4-1536x1024.png 1536w, https:\/\/portal.pi.gov.br\/seres\/wp-content\/uploads\/sites\/87\/2025\/10\/image-4-2048x1365.png 2048w, https:\/\/portal.pi.gov.br\/seres\/wp-content\/uploads\/sites\/87\/2025\/10\/image-4-947x631.png 947w, https:\/\/portal.pi.gov.br\/seres\/wp-content\/uploads\/sites\/87\/2025\/10\/image-4-624x416.png 624w, https:\/\/portal.pi.gov.br\/seres\/wp-content\/uploads\/sites\/87\/2025\/10\/image-4-84x56.png 84w\" sizes=\"(max-width: 1024px) 100vw, 1024px\" \/><\/figure>\n\n\n\n<p><\/p>\n\n\n\n<p>O programa Di\u00e1logos pelo Piau\u00ed chega \u00e0 sua 12\u00aa e \u00faltima edi\u00e7\u00e3o nesta sexta-feira (31) e s\u00e1bado (1\u00ba), no Territ\u00f3rio Entre Rios, com atividades em Teresina. A iniciativa, promovida pelo Governo do Estado, tem como objetivo ampliar a participa\u00e7\u00e3o popular na constru\u00e7\u00e3o do Plano Plurianual (PPA), fortalecendo o di\u00e1logo entre a gest\u00e3o p\u00fablica e a sociedade.<\/p>\n\n\n\n<p>As atividades da sexta-feira (31) ocorrem das 13h \u00e0s 18h, com oficinas tem\u00e1ticas voltadas \u00e0 elabora\u00e7\u00e3o de propostas para o desenvolvimento do Piau\u00ed. Os debates ser\u00e3o divididos em \u00e1reas estrat\u00e9gicas como Sa\u00fade; Cultura e Lazer; Educa\u00e7\u00e3o; Justi\u00e7a e Seguran\u00e7a; Combate \u00e0s Desigualdades; Infraestrutura; Desenvolvimento Econ\u00f4mico e Produtivo; e Meio Ambiente, Mudan\u00e7as Clim\u00e1ticas e Recursos H\u00eddricos.<\/p>\n\n\n\n<p>No s\u00e1bado (25), as propostas selecionadas ser\u00e3o debatidas diretamente com o governador Rafael Fonteles durante a plen\u00e1ria oficial. Esse momento representa a escuta ativa do l\u00edder estadual, que analisar\u00e1 junto aos participantes as ideias que poder\u00e3o compor o planejamento plurianual do governo. A plen\u00e1ria ir\u00e1 reunir representantes comunit\u00e1rios, gestores p\u00fablicos, lideran\u00e7as sociais e moradores da capital e regi\u00e3o, marcando o encerramento do ciclo de encontros realizados em todo o estado.<\/p>\n\n\n\n<p>A Seres Piau\u00ed estar\u00e1 presente em todos os momentos do evento. <\/p>\n\n\n\n<figure class=\"wp-block-image size-large\"><img decoding=\"async\" loading=\"lazy\" width=\"1024\" height=\"768\" src=\"https:\/\/portal.pi.gov.br\/seres\/wp-content\/uploads\/sites\/87\/2025\/10\/3559a9ef-f07c-4684-8cc2-b63bfa757f9e-1024x768.jpeg\" alt=\"\" class=\"wp-image-4797\" srcset=\"https:\/\/portal.pi.gov.br\/seres\/wp-content\/uploads\/sites\/87\/2025\/10\/3559a9ef-f07c-4684-8cc2-b63bfa757f9e-1024x768.jpeg 1024w, https:\/\/portal.pi.gov.br\/seres\/wp-content\/uploads\/sites\/87\/2025\/10\/3559a9ef-f07c-4684-8cc2-b63bfa757f9e-300x225.jpeg 300w, https:\/\/portal.pi.gov.br\/seres\/wp-content\/uploads\/sites\/87\/2025\/10\/3559a9ef-f07c-4684-8cc2-b63bfa757f9e-768x576.jpeg 768w, https:\/\/portal.pi.gov.br\/seres\/wp-content\/uploads\/sites\/87\/2025\/10\/3559a9ef-f07c-4684-8cc2-b63bfa757f9e-420x315.jpeg 420w, https:\/\/portal.pi.gov.br\/seres\/wp-content\/uploads\/sites\/87\/2025\/10\/3559a9ef-f07c-4684-8cc2-b63bfa757f9e-540x405.jpeg 540w, https:\/\/portal.pi.gov.br\/seres\/wp-content\/uploads\/sites\/87\/2025\/10\/3559a9ef-f07c-4684-8cc2-b63bfa757f9e-780x585.jpeg 780w, https:\/\/portal.pi.gov.br\/seres\/wp-content\/uploads\/sites\/87\/2025\/10\/3559a9ef-f07c-4684-8cc2-b63bfa757f9e-1536x1152.jpeg 1536w, https:\/\/portal.pi.gov.br\/seres\/wp-content\/uploads\/sites\/87\/2025\/10\/3559a9ef-f07c-4684-8cc2-b63bfa757f9e-2048x1536.jpeg 2048w, https:\/\/portal.pi.gov.br\/seres\/wp-content\/uploads\/sites\/87\/2025\/10\/3559a9ef-f07c-4684-8cc2-b63bfa757f9e-947x710.jpeg 947w, https:\/\/portal.pi.gov.br\/seres\/wp-content\/uploads\/sites\/87\/2025\/10\/3559a9ef-f07c-4684-8cc2-b63bfa757f9e-624x468.jpeg 624w\" sizes=\"(max-width: 1024px) 100vw, 1024px\" \/><\/figure>\n\n\n\n<p><\/p>\n\n\n\n<p><\/p>\n\n\n\n<p><strong>Programa\u00e7\u00e3o<\/strong><\/p>\n\n\n\n<ul>\n<li>31\/10\/2025 (sexta-feira)<\/li>\n<\/ul>\n\n\n\n<p>Oficinas de Revis\u00e3o do PPA<\/p>\n\n\n\n<p>Hor\u00e1rio: 13h \u00e0s 18h<\/p>\n\n\n\n<p>Local: Hotel Blue Tree<\/p>\n\n\n\n<ul>\n<li>01\/11\/2025 (s\u00e1bado)<\/li>\n<\/ul>\n\n\n\n<p>Plen\u00e1ria com o Governador Rafael Fonteles<\/p>\n\n\n\n<p>Hor\u00e1rio: 10h<\/p>\n\n\n\n<p>Local: Centro de Conven\u00e7\u00f5es de Teresina.<\/p>\n","protected":false},"excerpt":{"rendered":"<p>A \u00faltima edi\u00e7\u00e3o ser\u00e1 realizada no Blue Tree Rio Poty, na sexta-feira (31), e no Centro de Conven\u00e7\u00f5es de Teresina, no s\u00e1bado (1\u00ba). O programa Di\u00e1logos pelo Piau\u00ed chega \u00e0 [&hellip;]<\/p>\n","protected":false},"author":1821,"featured_media":4937,"comment_status":"closed","ping_status":"closed","sticky":true,"template":"","format":"standard","meta":[],"categories":[34,1],"tags":[47,41],"featured_image_urls":{"full":["https:\/\/portal.pi.gov.br\/seres\/wp-content\/uploads\/sites\/87\/2025\/10\/WhatsApp-Image-2025-10-18-at-10.59.58-1.jpeg",2048,1536,false],"thumbnail":["https:\/\/portal.pi.gov.br\/seres\/wp-content\/uploads\/sites\/87\/2025\/10\/WhatsApp-Image-2025-10-18-at-10.59.58-1-150x150.jpeg",150,150,true],"medium":["https:\/\/portal.pi.gov.br\/seres\/wp-content\/uploads\/sites\/87\/2025\/10\/WhatsApp-Image-2025-10-18-at-10.59.58-1-300x225.jpeg",300,225,true],"medium_large":["https:\/\/portal.pi.gov.br\/seres\/wp-content\/uploads\/sites\/87\/2025\/10\/WhatsApp-Image-2025-10-18-at-10.59.58-1-768x576.jpeg",768,576,true],"large":["https:\/\/portal.pi.gov.br\/seres\/wp-content\/uploads\/sites\/87\/2025\/10\/WhatsApp-Image-2025-10-18-at-10.59.58-1-1024x768.jpeg",887,665,true],"sgg-420":["https:\/\/portal.pi.gov.br\/seres\/wp-content\/uploads\/sites\/87\/2025\/10\/WhatsApp-Image-2025-10-18-at-10.59.58-1-420x315.jpeg",420,315,true],"sgg-540":["https:\/\/portal.pi.gov.br\/seres\/wp-content\/uploads\/sites\/87\/2025\/10\/WhatsApp-Image-2025-10-18-at-10.59.58-1-540x405.jpeg",540,405,true],"sgg-780":["https:\/\/portal.pi.gov.br\/seres\/wp-content\/uploads\/sites\/87\/2025\/10\/WhatsApp-Image-2025-10-18-at-10.59.58-1-780x585.jpeg",780,585,true],"1536x1536":["https:\/\/portal.pi.gov.br\/seres\/wp-content\/uploads\/sites\/87\/2025\/10\/WhatsApp-Image-2025-10-18-at-10.59.58-1-1536x1152.jpeg",1536,1152,true],"2048x2048":["https:\/\/portal.pi.gov.br\/seres\/wp-content\/uploads\/sites\/87\/2025\/10\/WhatsApp-Image-2025-10-18-at-10.59.58-1.jpeg",2048,1536,false],"homepage-slider":["https:\/\/portal.pi.gov.br\/seres\/wp-content\/uploads\/sites\/87\/2025\/10\/WhatsApp-Image-2025-10-18-at-10.59.58-1-1270x500.jpeg",1270,500,true],"homepage-slider-small":["https:\/\/portal.pi.gov.br\/seres\/wp-content\/uploads\/sites\/87\/2025\/10\/WhatsApp-Image-2025-10-18-at-10.59.58-1-947x500.jpeg",947,500,true],"page-top":["https:\/\/portal.pi.gov.br\/seres\/wp-content\/uploads\/sites\/87\/2025\/10\/WhatsApp-Image-2025-10-18-at-10.59.58-1-947x710.jpeg",947,710,true],"page-small":["https:\/\/portal.pi.gov.br\/seres\/wp-content\/uploads\/sites\/87\/2025\/10\/WhatsApp-Image-2025-10-18-at-10.59.58-1-624x468.jpeg",624,468,true],"loop-main":["https:\/\/portal.pi.gov.br\/seres\/wp-content\/uploads\/sites\/87\/2025\/10\/WhatsApp-Image-2025-10-18-at-10.59.58-1-365x240.jpeg",365,240,true],"thumb-gallery-widget":["https:\/\/portal.pi.gov.br\/seres\/wp-content\/uploads\/sites\/87\/2025\/10\/WhatsApp-Image-2025-10-18-at-10.59.58-1-84x56.jpeg",84,56,true]},"post_excerpt_stackable":"<p>A \u00faltima edi\u00e7\u00e3o ser\u00e1 realizada no Blue Tree Rio Poty, na sexta-feira (31), e no Centro de Conven\u00e7\u00f5es de Teresina, no s\u00e1bado (1\u00ba). O programa Di\u00e1logos pelo Piau\u00ed chega \u00e0 sua 12\u00aa e \u00faltima edi\u00e7\u00e3o nesta sexta-feira (31) e s\u00e1bado (1\u00ba), no Territ\u00f3rio Entre Rios, com atividades em Teresina. A iniciativa, promovida pelo Governo do Estado, tem como objetivo ampliar a participa\u00e7\u00e3o popular na constru\u00e7\u00e3o do Plano Plurianual (PPA), fortalecendo o di\u00e1logo entre a gest\u00e3o p\u00fablica e a sociedade. As atividades da sexta-feira (31) ocorrem das 13h \u00e0s 18h, com oficinas tem\u00e1ticas voltadas \u00e0 elabora\u00e7\u00e3o de propostas para o desenvolvimento&hellip;<\/p>\n","category_list":"<a href=\"https:\/\/portal.pi.gov.br\/seres\/category\/noticias\/\" rel=\"category tag\">Not\u00edcias<\/a>, <a href=\"https:\/\/portal.pi.gov.br\/seres\/category\/sem-categoria\/\" rel=\"category tag\">Sem categoria<\/a>","author_info":{"name":"alineraquel","url":"https:\/\/portal.pi.gov.br\/seres\/author\/alineraquel\/"},"comments_num":"0 coment\u00e1rio","featured_image_urls_v2":{"full":["https:\/\/portal.pi.gov.br\/seres\/wp-content\/uploads\/sites\/87\/2025\/10\/WhatsApp-Image-2025-10-18-at-10.59.58-1.jpeg",2048,1536,false],"thumbnail":["https:\/\/portal.pi.gov.br\/seres\/wp-content\/uploads\/sites\/87\/2025\/10\/WhatsApp-Image-2025-10-18-at-10.59.58-1-150x150.jpeg",150,150,true],"medium":["https:\/\/portal.pi.gov.br\/seres\/wp-content\/uploads\/sites\/87\/2025\/10\/WhatsApp-Image-2025-10-18-at-10.59.58-1-300x225.jpeg",300,225,true],"medium_large":["https:\/\/portal.pi.gov.br\/seres\/wp-content\/uploads\/sites\/87\/2025\/10\/WhatsApp-Image-2025-10-18-at-10.59.58-1-768x576.jpeg",768,576,true],"large":["https:\/\/portal.pi.gov.br\/seres\/wp-content\/uploads\/sites\/87\/2025\/10\/WhatsApp-Image-2025-10-18-at-10.59.58-1-1024x768.jpeg",887,665,true],"sgg-420":["https:\/\/portal.pi.gov.br\/seres\/wp-content\/uploads\/sites\/87\/2025\/10\/WhatsApp-Image-2025-10-18-at-10.59.58-1-420x315.jpeg",420,315,true],"sgg-540":["https:\/\/portal.pi.gov.br\/seres\/wp-content\/uploads\/sites\/87\/2025\/10\/WhatsApp-Image-2025-10-18-at-10.59.58-1-540x405.jpeg",540,405,true],"sgg-780":["https:\/\/portal.pi.gov.br\/seres\/wp-content\/uploads\/sites\/87\/2025\/10\/WhatsApp-Image-2025-10-18-at-10.59.58-1-780x585.jpeg",780,585,true],"1536x1536":["https:\/\/portal.pi.gov.br\/seres\/wp-content\/uploads\/sites\/87\/2025\/10\/WhatsApp-Image-2025-10-18-at-10.59.58-1-1536x1152.jpeg",1536,1152,true],"2048x2048":["https:\/\/portal.pi.gov.br\/seres\/wp-content\/uploads\/sites\/87\/2025\/10\/WhatsApp-Image-2025-10-18-at-10.59.58-1.jpeg",2048,1536,false],"homepage-slider":["https:\/\/portal.pi.gov.br\/seres\/wp-content\/uploads\/sites\/87\/2025\/10\/WhatsApp-Image-2025-10-18-at-10.59.58-1-1270x500.jpeg",1270,500,true],"homepage-slider-small":["https:\/\/portal.pi.gov.br\/seres\/wp-content\/uploads\/sites\/87\/2025\/10\/WhatsApp-Image-2025-10-18-at-10.59.58-1-947x500.jpeg",947,500,true],"page-top":["https:\/\/portal.pi.gov.br\/seres\/wp-content\/uploads\/sites\/87\/2025\/10\/WhatsApp-Image-2025-10-18-at-10.59.58-1-947x710.jpeg",947,710,true],"page-small":["https:\/\/portal.pi.gov.br\/seres\/wp-content\/uploads\/sites\/87\/2025\/10\/WhatsApp-Image-2025-10-18-at-10.59.58-1-624x468.jpeg",624,468,true],"loop-main":["https:\/\/portal.pi.gov.br\/seres\/wp-content\/uploads\/sites\/87\/2025\/10\/WhatsApp-Image-2025-10-18-at-10.59.58-1-365x240.jpeg",365,240,true],"thumb-gallery-widget":["https:\/\/portal.pi.gov.br\/seres\/wp-content\/uploads\/sites\/87\/2025\/10\/WhatsApp-Image-2025-10-18-at-10.59.58-1-84x56.jpeg",84,56,true]},"post_excerpt_stackable_v2":"<p>A \u00faltima edi\u00e7\u00e3o ser\u00e1 realizada no Blue Tree Rio Poty, na sexta-feira (31), e no Centro de Conven\u00e7\u00f5es de Teresina, no s\u00e1bado (1\u00ba). O programa Di\u00e1logos pelo Piau\u00ed chega \u00e0 sua 12\u00aa e \u00faltima edi\u00e7\u00e3o nesta sexta-feira (31) e s\u00e1bado (1\u00ba), no Territ\u00f3rio Entre Rios, com atividades em Teresina. A iniciativa, promovida pelo Governo do Estado, tem como objetivo ampliar a participa\u00e7\u00e3o popular na constru\u00e7\u00e3o do Plano Plurianual (PPA), fortalecendo o di\u00e1logo entre a gest\u00e3o p\u00fablica e a sociedade. As atividades da sexta-feira (31) ocorrem das 13h \u00e0s 18h, com oficinas tem\u00e1ticas voltadas \u00e0 elabora\u00e7\u00e3o de propostas para o desenvolvimento&hellip;<\/p>\n","category_list_v2":"<a href=\"https:\/\/portal.pi.gov.br\/seres\/category\/noticias\/\" rel=\"category tag\">Not\u00edcias<\/a>, <a href=\"https:\/\/portal.pi.gov.br\/seres\/category\/sem-categoria\/\" rel=\"category tag\">Sem categoria<\/a>","author_info_v2":{"name":"alineraquel","url":"https:\/\/portal.pi.gov.br\/seres\/author\/alineraquel\/"},"comments_num_v2":"0 coment\u00e1rio","jetpack_featured_media_url":"https:\/\/portal.pi.gov.br\/seres\/wp-content\/uploads\/sites\/87\/2025\/10\/WhatsApp-Image-2025-10-18-at-10.59.58-1.jpeg","_links":{"self":[{"href":"https:\/\/portal.pi.gov.br\/seres\/wp-json\/wp\/v2\/posts\/5053"}],"collection":[{"href":"https:\/\/portal.pi.gov.br\/seres\/wp-json\/wp\/v2\/posts"}],"about":[{"href":"https:\/\/portal.pi.gov.br\/seres\/wp-json\/wp\/v2\/types\/post"}],"author":[{"embeddable":true,"href":"https:\/\/portal.pi.gov.br\/seres\/wp-json\/wp\/v2\/users\/1821"}],"replies":[{"embeddable":true,"href":"https:\/\/portal.pi.gov.br\/seres\/wp-json\/wp\/v2\/comments?post=5053"}],"version-history":[{"count":1,"href":"https:\/\/portal.pi.gov.br\/seres\/wp-json\/wp\/v2\/posts\/5053\/revisions"}],"predecessor-version":[{"id":5054,"href":"https:\/\/portal.pi.gov.br\/seres\/wp-json\/wp\/v2\/posts\/5053\/revisions\/5054"}],"wp:featuredmedia":[{"embeddable":true,"href":"https:\/\/portal.pi.gov.br\/seres\/wp-json\/wp\/v2\/media\/4937"}],"wp:attachment":[{"href":"https:\/\/portal.pi.gov.br\/seres\/wp-json\/wp\/v2\/media?parent=5053"}],"wp:term":[{"taxonomy":"category","embeddable":true,"href":"https:\/\/portal.pi.gov.br\/seres\/wp-json\/wp\/v2\/categories?post=5053"},{"taxonomy":"post_tag","embeddable":true,"href":"https:\/\/portal.pi.gov.br\/seres\/wp-json\/wp\/v2\/tags?post=5053"}],"curies":[{"name":"wp","href":"https:\/\/api.w.org\/{rel}","templated":true}]}}