{"id":5061,"date":"2025-10-27T12:37:05","date_gmt":"2025-10-27T15:37:05","guid":{"rendered":"https:\/\/portal.pi.gov.br\/seres\/?p=5061"},"modified":"2025-10-30T12:48:01","modified_gmt":"2025-10-30T15:48:01","slug":"renascenca-i-recebe-praca-revitalizada-atraves-do-opa","status":"publish","type":"post","link":"https:\/\/portal.pi.gov.br\/seres\/2025\/10\/27\/renascenca-i-recebe-praca-revitalizada-atraves-do-opa\/","title":{"rendered":"Renascen\u00e7a I recebe pra\u00e7a revitalizada atrav\u00e9s do OPA"},"content":{"rendered":"\n<h2 class=\"wp-block-heading\">A revitaliza\u00e7\u00e3o da Pra\u00e7a Renascen\u00e7a I \u00e9 uma das dezenas de obras em andamento ou j\u00e1 conclu\u00eddas com recursos do OPA em Teresina e outras cidades do estado.<\/h2>\n\n\n\n<p><\/p>\n\n\n\n<figure class=\"wp-block-image size-large\"><img decoding=\"async\" loading=\"lazy\" width=\"1024\" height=\"683\" src=\"https:\/\/portal.pi.gov.br\/seres\/wp-content\/uploads\/sites\/87\/2025\/10\/Praca-do-Renascenca10-1024x683.jpg\" alt=\"\" class=\"wp-image-5058\" srcset=\"https:\/\/portal.pi.gov.br\/seres\/wp-content\/uploads\/sites\/87\/2025\/10\/Praca-do-Renascenca10-1024x683.jpg 1024w, https:\/\/portal.pi.gov.br\/seres\/wp-content\/uploads\/sites\/87\/2025\/10\/Praca-do-Renascenca10-300x200.jpg 300w, https:\/\/portal.pi.gov.br\/seres\/wp-content\/uploads\/sites\/87\/2025\/10\/Praca-do-Renascenca10-768x512.jpg 768w, https:\/\/portal.pi.gov.br\/seres\/wp-content\/uploads\/sites\/87\/2025\/10\/Praca-do-Renascenca10-420x280.jpg 420w, https:\/\/portal.pi.gov.br\/seres\/wp-content\/uploads\/sites\/87\/2025\/10\/Praca-do-Renascenca10-540x360.jpg 540w, https:\/\/portal.pi.gov.br\/seres\/wp-content\/uploads\/sites\/87\/2025\/10\/Praca-do-Renascenca10-780x520.jpg 780w, https:\/\/portal.pi.gov.br\/seres\/wp-content\/uploads\/sites\/87\/2025\/10\/Praca-do-Renascenca10-947x632.jpg 947w, https:\/\/portal.pi.gov.br\/seres\/wp-content\/uploads\/sites\/87\/2025\/10\/Praca-do-Renascenca10-624x416.jpg 624w, https:\/\/portal.pi.gov.br\/seres\/wp-content\/uploads\/sites\/87\/2025\/10\/Praca-do-Renascenca10-84x56.jpg 84w, https:\/\/portal.pi.gov.br\/seres\/wp-content\/uploads\/sites\/87\/2025\/10\/Praca-do-Renascenca10.jpg 1280w\" sizes=\"(max-width: 1024px) 100vw, 1024px\" \/><\/figure>\n\n\n\n<p><\/p>\n\n\n\n<p>O Governo do Piau\u00ed entregou, nesta segunda-feira (27), a nova Pra\u00e7a Renascen\u00e7a I, na zona Sudeste de Teresina. O espa\u00e7o foi completamente revitalizado com investimento superior a R$ 580 mil, em uma \u00e1rea total de 8.545 m\u00b2. A obra foi executada pela Secretaria das Cidades (Secid) e escolhida diretamente pela popula\u00e7\u00e3o por meio do Or\u00e7amento Participativo (OPA).<\/p>\n\n\n\n<p>Durante o evento, o governador destacou a for\u00e7a da mobiliza\u00e7\u00e3o popular. \u201cEssa obra foi proposta pela Dona Helena, da Funda\u00e7\u00e3o Domingos Lima, e recebeu mais de 600 votos no OPA. Foi aprovada no ano passado e j\u00e1 virou realidade este ano. S\u00f3 em Teresina temos mais de 100 obras como essa para entregar. \u00c9 a maior quantidade de obras da hist\u00f3ria da cidade feitas pelo Governo do Estado,\u201d refor\u00e7ou.<\/p>\n\n\n\n<p>Dona Helena, autora da proposta, celebrou o resultado. \u201c\u00c9 um projeto que a gente aprova em um ano e no outro se torna realidade. A pra\u00e7a est\u00e1 linda, com bancos, lixeiras, espa\u00e7o para caminhada e para as crian\u00e7as brincarem. Me sinto realizada e s\u00f3 tenho a agradecer,\u201d disse.<\/p>\n\n\n\n<figure class=\"wp-block-gallery has-nested-images columns-default is-cropped wp-block-gallery-1 is-layout-flex\">\n<figure class=\"wp-block-image size-large\"><img decoding=\"async\" loading=\"lazy\" width=\"1024\" height=\"683\" data-id=\"5057\"  src=\"https:\/\/portal.pi.gov.br\/seres\/wp-content\/uploads\/sites\/87\/2025\/10\/Praca-do-Renascenca12-1024x683.jpg\" alt=\"\" class=\"wp-image-5057\" srcset=\"https:\/\/portal.pi.gov.br\/seres\/wp-content\/uploads\/sites\/87\/2025\/10\/Praca-do-Renascenca12-1024x683.jpg 1024w, https:\/\/portal.pi.gov.br\/seres\/wp-content\/uploads\/sites\/87\/2025\/10\/Praca-do-Renascenca12-300x200.jpg 300w, https:\/\/portal.pi.gov.br\/seres\/wp-content\/uploads\/sites\/87\/2025\/10\/Praca-do-Renascenca12-768x512.jpg 768w, https:\/\/portal.pi.gov.br\/seres\/wp-content\/uploads\/sites\/87\/2025\/10\/Praca-do-Renascenca12-420x280.jpg 420w, https:\/\/portal.pi.gov.br\/seres\/wp-content\/uploads\/sites\/87\/2025\/10\/Praca-do-Renascenca12-540x360.jpg 540w, https:\/\/portal.pi.gov.br\/seres\/wp-content\/uploads\/sites\/87\/2025\/10\/Praca-do-Renascenca12-780x520.jpg 780w, https:\/\/portal.pi.gov.br\/seres\/wp-content\/uploads\/sites\/87\/2025\/10\/Praca-do-Renascenca12-947x632.jpg 947w, https:\/\/portal.pi.gov.br\/seres\/wp-content\/uploads\/sites\/87\/2025\/10\/Praca-do-Renascenca12-624x416.jpg 624w, https:\/\/portal.pi.gov.br\/seres\/wp-content\/uploads\/sites\/87\/2025\/10\/Praca-do-Renascenca12-84x56.jpg 84w, https:\/\/portal.pi.gov.br\/seres\/wp-content\/uploads\/sites\/87\/2025\/10\/Praca-do-Renascenca12.jpg 1280w\" sizes=\"(max-width: 1024px) 100vw, 1024px\" \/><\/figure>\n\n\n\n<figure class=\"wp-block-image size-large\"><img decoding=\"async\" loading=\"lazy\" width=\"1024\" height=\"683\" data-id=\"5056\"  src=\"https:\/\/portal.pi.gov.br\/seres\/wp-content\/uploads\/sites\/87\/2025\/10\/Praca-do-Renascenca7-1024x683.jpg\" alt=\"\" class=\"wp-image-5056\" srcset=\"https:\/\/portal.pi.gov.br\/seres\/wp-content\/uploads\/sites\/87\/2025\/10\/Praca-do-Renascenca7-1024x683.jpg 1024w, https:\/\/portal.pi.gov.br\/seres\/wp-content\/uploads\/sites\/87\/2025\/10\/Praca-do-Renascenca7-300x200.jpg 300w, https:\/\/portal.pi.gov.br\/seres\/wp-content\/uploads\/sites\/87\/2025\/10\/Praca-do-Renascenca7-768x512.jpg 768w, https:\/\/portal.pi.gov.br\/seres\/wp-content\/uploads\/sites\/87\/2025\/10\/Praca-do-Renascenca7-420x280.jpg 420w, https:\/\/portal.pi.gov.br\/seres\/wp-content\/uploads\/sites\/87\/2025\/10\/Praca-do-Renascenca7-540x360.jpg 540w, https:\/\/portal.pi.gov.br\/seres\/wp-content\/uploads\/sites\/87\/2025\/10\/Praca-do-Renascenca7-780x520.jpg 780w, https:\/\/portal.pi.gov.br\/seres\/wp-content\/uploads\/sites\/87\/2025\/10\/Praca-do-Renascenca7-947x632.jpg 947w, https:\/\/portal.pi.gov.br\/seres\/wp-content\/uploads\/sites\/87\/2025\/10\/Praca-do-Renascenca7-624x416.jpg 624w, https:\/\/portal.pi.gov.br\/seres\/wp-content\/uploads\/sites\/87\/2025\/10\/Praca-do-Renascenca7-84x56.jpg 84w, https:\/\/portal.pi.gov.br\/seres\/wp-content\/uploads\/sites\/87\/2025\/10\/Praca-do-Renascenca7.jpg 1280w\" sizes=\"(max-width: 1024px) 100vw, 1024px\" \/><\/figure>\n\n\n\n<figure class=\"wp-block-image size-large\"><img decoding=\"async\" loading=\"lazy\" width=\"1024\" height=\"683\" data-id=\"5059\"  src=\"https:\/\/portal.pi.gov.br\/seres\/wp-content\/uploads\/sites\/87\/2025\/10\/Praca-do-Renascenca7-1-1024x683.jpg\" alt=\"\" class=\"wp-image-5059\" srcset=\"https:\/\/portal.pi.gov.br\/seres\/wp-content\/uploads\/sites\/87\/2025\/10\/Praca-do-Renascenca7-1-1024x683.jpg 1024w, https:\/\/portal.pi.gov.br\/seres\/wp-content\/uploads\/sites\/87\/2025\/10\/Praca-do-Renascenca7-1-300x200.jpg 300w, https:\/\/portal.pi.gov.br\/seres\/wp-content\/uploads\/sites\/87\/2025\/10\/Praca-do-Renascenca7-1-768x512.jpg 768w, https:\/\/portal.pi.gov.br\/seres\/wp-content\/uploads\/sites\/87\/2025\/10\/Praca-do-Renascenca7-1-420x280.jpg 420w, https:\/\/portal.pi.gov.br\/seres\/wp-content\/uploads\/sites\/87\/2025\/10\/Praca-do-Renascenca7-1-540x360.jpg 540w, https:\/\/portal.pi.gov.br\/seres\/wp-content\/uploads\/sites\/87\/2025\/10\/Praca-do-Renascenca7-1-780x520.jpg 780w, https:\/\/portal.pi.gov.br\/seres\/wp-content\/uploads\/sites\/87\/2025\/10\/Praca-do-Renascenca7-1-947x632.jpg 947w, https:\/\/portal.pi.gov.br\/seres\/wp-content\/uploads\/sites\/87\/2025\/10\/Praca-do-Renascenca7-1-624x416.jpg 624w, https:\/\/portal.pi.gov.br\/seres\/wp-content\/uploads\/sites\/87\/2025\/10\/Praca-do-Renascenca7-1-84x56.jpg 84w, https:\/\/portal.pi.gov.br\/seres\/wp-content\/uploads\/sites\/87\/2025\/10\/Praca-do-Renascenca7-1.jpg 1280w\" sizes=\"(max-width: 1024px) 100vw, 1024px\" \/><\/figure>\n\n\n\n<figure class=\"wp-block-image size-large\"><img decoding=\"async\" loading=\"lazy\" width=\"1024\" height=\"683\" data-id=\"5060\"  src=\"https:\/\/portal.pi.gov.br\/seres\/wp-content\/uploads\/sites\/87\/2025\/10\/Praca-do-Renascenca5-1024x683.jpg\" alt=\"\" class=\"wp-image-5060\" srcset=\"https:\/\/portal.pi.gov.br\/seres\/wp-content\/uploads\/sites\/87\/2025\/10\/Praca-do-Renascenca5-1024x683.jpg 1024w, https:\/\/portal.pi.gov.br\/seres\/wp-content\/uploads\/sites\/87\/2025\/10\/Praca-do-Renascenca5-300x200.jpg 300w, https:\/\/portal.pi.gov.br\/seres\/wp-content\/uploads\/sites\/87\/2025\/10\/Praca-do-Renascenca5-768x512.jpg 768w, https:\/\/portal.pi.gov.br\/seres\/wp-content\/uploads\/sites\/87\/2025\/10\/Praca-do-Renascenca5-420x280.jpg 420w, https:\/\/portal.pi.gov.br\/seres\/wp-content\/uploads\/sites\/87\/2025\/10\/Praca-do-Renascenca5-540x360.jpg 540w, https:\/\/portal.pi.gov.br\/seres\/wp-content\/uploads\/sites\/87\/2025\/10\/Praca-do-Renascenca5-780x520.jpg 780w, https:\/\/portal.pi.gov.br\/seres\/wp-content\/uploads\/sites\/87\/2025\/10\/Praca-do-Renascenca5-947x632.jpg 947w, https:\/\/portal.pi.gov.br\/seres\/wp-content\/uploads\/sites\/87\/2025\/10\/Praca-do-Renascenca5-624x416.jpg 624w, https:\/\/portal.pi.gov.br\/seres\/wp-content\/uploads\/sites\/87\/2025\/10\/Praca-do-Renascenca5-84x56.jpg 84w, https:\/\/portal.pi.gov.br\/seres\/wp-content\/uploads\/sites\/87\/2025\/10\/Praca-do-Renascenca5.jpg 1280w\" sizes=\"(max-width: 1024px) 100vw, 1024px\" \/><\/figure>\n<\/figure>\n\n\n\n<p><\/p>\n\n\n\n<p><\/p>\n\n\n\n<p><strong>OPA<\/strong><\/p>\n\n\n\n<p>O Or\u00e7amento Participativo (OPA) \u00e9 uma iniciativa do Governo do Piau\u00ed que permite \u00e0 popula\u00e7\u00e3o decidir diretamente como parte dos recursos p\u00fablicos deve ser investida. Por meio de uma plataforma digital, moradores apresentam propostas de obras e votam nas que consideram priorit\u00e1rias. As mais votadas s\u00e3o inclu\u00eddas no or\u00e7amento estadual e executadas pelas secretarias respons\u00e1veis.<\/p>\n\n\n\n<p>Para participar, basta acessar o site oficial do OPA durante o per\u00edodo de vota\u00e7\u00e3o, divulgado pelos canais do governo. O programa busca ampliar a transpar\u00eancia e garantir que os investimentos p\u00fablicos reflitam as reais necessidades das comunidades.<\/p>\n\n\n\n<p><\/p>\n\n\n\n<p><\/p>\n\n\n\n<p>Fotos: Gabriel Paulino<a href=\"https:\/\/www.pi.gov.br\/rafael-fonteles-entrega-praca-no-renascenca-que-foi-escolhida-pela-populacao-por-meio-do-opa\/#\"><\/a><\/p>\n\n\n\n<p><a href=\"https:\/\/www.pi.gov.br\/rafael-fonteles-entrega-praca-no-renascenca-que-foi-escolhida-pela-populacao-por-meio-do-opa\/#\"><\/a><\/p>\n","protected":false},"excerpt":{"rendered":"<p>A revitaliza\u00e7\u00e3o da Pra\u00e7a Renascen\u00e7a I \u00e9 uma das dezenas de obras em andamento ou j\u00e1 conclu\u00eddas com recursos do OPA em Teresina e outras cidades do estado. O Governo [&hellip;]<\/p>\n","protected":false},"author":1821,"featured_media":5060,"comment_status":"closed","ping_status":"closed","sticky":true,"template":"","format":"standard","meta":[],"categories":[34],"tags":[62,47,41],"featured_image_urls":{"full":["https:\/\/portal.pi.gov.br\/seres\/wp-content\/uploads\/sites\/87\/2025\/10\/Praca-do-Renascenca5.jpg",1280,854,false],"thumbnail":["https:\/\/portal.pi.gov.br\/seres\/wp-content\/uploads\/sites\/87\/2025\/10\/Praca-do-Renascenca5-150x150.jpg",150,150,true],"medium":["https:\/\/portal.pi.gov.br\/seres\/wp-content\/uploads\/sites\/87\/2025\/10\/Praca-do-Renascenca5-300x200.jpg",300,200,true],"medium_large":["https:\/\/portal.pi.gov.br\/seres\/wp-content\/uploads\/sites\/87\/2025\/10\/Praca-do-Renascenca5-768x512.jpg",768,512,true],"large":["https:\/\/portal.pi.gov.br\/seres\/wp-content\/uploads\/sites\/87\/2025\/10\/Praca-do-Renascenca5-1024x683.jpg",887,592,true],"sgg-420":["https:\/\/portal.pi.gov.br\/seres\/wp-content\/uploads\/sites\/87\/2025\/10\/Praca-do-Renascenca5-420x280.jpg",420,280,true],"sgg-540":["https:\/\/portal.pi.gov.br\/seres\/wp-content\/uploads\/sites\/87\/2025\/10\/Praca-do-Renascenca5-540x360.jpg",540,360,true],"sgg-780":["https:\/\/portal.pi.gov.br\/seres\/wp-content\/uploads\/sites\/87\/2025\/10\/Praca-do-Renascenca5-780x520.jpg",780,520,true],"1536x1536":["https:\/\/portal.pi.gov.br\/seres\/wp-content\/uploads\/sites\/87\/2025\/10\/Praca-do-Renascenca5.jpg",1280,854,false],"2048x2048":["https:\/\/portal.pi.gov.br\/seres\/wp-content\/uploads\/sites\/87\/2025\/10\/Praca-do-Renascenca5.jpg",1280,854,false],"homepage-slider":["https:\/\/portal.pi.gov.br\/seres\/wp-content\/uploads\/sites\/87\/2025\/10\/Praca-do-Renascenca5-1270x500.jpg",1270,500,true],"homepage-slider-small":["https:\/\/portal.pi.gov.br\/seres\/wp-content\/uploads\/sites\/87\/2025\/10\/Praca-do-Renascenca5-947x500.jpg",947,500,true],"page-top":["https:\/\/portal.pi.gov.br\/seres\/wp-content\/uploads\/sites\/87\/2025\/10\/Praca-do-Renascenca5-947x632.jpg",947,632,true],"page-small":["https:\/\/portal.pi.gov.br\/seres\/wp-content\/uploads\/sites\/87\/2025\/10\/Praca-do-Renascenca5-624x416.jpg",624,416,true],"loop-main":["https:\/\/portal.pi.gov.br\/seres\/wp-content\/uploads\/sites\/87\/2025\/10\/Praca-do-Renascenca5-365x240.jpg",365,240,true],"thumb-gallery-widget":["https:\/\/portal.pi.gov.br\/seres\/wp-content\/uploads\/sites\/87\/2025\/10\/Praca-do-Renascenca5-84x56.jpg",84,56,true]},"post_excerpt_stackable":"<p>A revitaliza\u00e7\u00e3o da Pra\u00e7a Renascen\u00e7a I \u00e9 uma das dezenas de obras em andamento ou j\u00e1 conclu\u00eddas com recursos do OPA em Teresina e outras cidades do estado. O Governo do Piau\u00ed entregou, nesta segunda-feira (27), a nova Pra\u00e7a Renascen\u00e7a I, na zona Sudeste de Teresina. O espa\u00e7o foi completamente revitalizado com investimento superior a R$ 580 mil, em uma \u00e1rea total de 8.545 m\u00b2. A obra foi executada pela Secretaria das Cidades (Secid) e escolhida diretamente pela popula\u00e7\u00e3o por meio do Or\u00e7amento Participativo (OPA). Durante o evento, o governador destacou a for\u00e7a da mobiliza\u00e7\u00e3o popular. \u201cEssa obra foi proposta&hellip;<\/p>\n","category_list":"<a href=\"https:\/\/portal.pi.gov.br\/seres\/category\/noticias\/\" rel=\"category tag\">Not\u00edcias<\/a>","author_info":{"name":"alineraquel","url":"https:\/\/portal.pi.gov.br\/seres\/author\/alineraquel\/"},"comments_num":"0 coment\u00e1rio","featured_image_urls_v2":{"full":["https:\/\/portal.pi.gov.br\/seres\/wp-content\/uploads\/sites\/87\/2025\/10\/Praca-do-Renascenca5.jpg",1280,854,false],"thumbnail":["https:\/\/portal.pi.gov.br\/seres\/wp-content\/uploads\/sites\/87\/2025\/10\/Praca-do-Renascenca5-150x150.jpg",150,150,true],"medium":["https:\/\/portal.pi.gov.br\/seres\/wp-content\/uploads\/sites\/87\/2025\/10\/Praca-do-Renascenca5-300x200.jpg",300,200,true],"medium_large":["https:\/\/portal.pi.gov.br\/seres\/wp-content\/uploads\/sites\/87\/2025\/10\/Praca-do-Renascenca5-768x512.jpg",768,512,true],"large":["https:\/\/portal.pi.gov.br\/seres\/wp-content\/uploads\/sites\/87\/2025\/10\/Praca-do-Renascenca5-1024x683.jpg",887,592,true],"sgg-420":["https:\/\/portal.pi.gov.br\/seres\/wp-content\/uploads\/sites\/87\/2025\/10\/Praca-do-Renascenca5-420x280.jpg",420,280,true],"sgg-540":["https:\/\/portal.pi.gov.br\/seres\/wp-content\/uploads\/sites\/87\/2025\/10\/Praca-do-Renascenca5-540x360.jpg",540,360,true],"sgg-780":["https:\/\/portal.pi.gov.br\/seres\/wp-content\/uploads\/sites\/87\/2025\/10\/Praca-do-Renascenca5-780x520.jpg",780,520,true],"1536x1536":["https:\/\/portal.pi.gov.br\/seres\/wp-content\/uploads\/sites\/87\/2025\/10\/Praca-do-Renascenca5.jpg",1280,854,false],"2048x2048":["https:\/\/portal.pi.gov.br\/seres\/wp-content\/uploads\/sites\/87\/2025\/10\/Praca-do-Renascenca5.jpg",1280,854,false],"homepage-slider":["https:\/\/portal.pi.gov.br\/seres\/wp-content\/uploads\/sites\/87\/2025\/10\/Praca-do-Renascenca5-1270x500.jpg",1270,500,true],"homepage-slider-small":["https:\/\/portal.pi.gov.br\/seres\/wp-content\/uploads\/sites\/87\/2025\/10\/Praca-do-Renascenca5-947x500.jpg",947,500,true],"page-top":["https:\/\/portal.pi.gov.br\/seres\/wp-content\/uploads\/sites\/87\/2025\/10\/Praca-do-Renascenca5-947x632.jpg",947,632,true],"page-small":["https:\/\/portal.pi.gov.br\/seres\/wp-content\/uploads\/sites\/87\/2025\/10\/Praca-do-Renascenca5-624x416.jpg",624,416,true],"loop-main":["https:\/\/portal.pi.gov.br\/seres\/wp-content\/uploads\/sites\/87\/2025\/10\/Praca-do-Renascenca5-365x240.jpg",365,240,true],"thumb-gallery-widget":["https:\/\/portal.pi.gov.br\/seres\/wp-content\/uploads\/sites\/87\/2025\/10\/Praca-do-Renascenca5-84x56.jpg",84,56,true]},"post_excerpt_stackable_v2":"<p>A revitaliza\u00e7\u00e3o da Pra\u00e7a Renascen\u00e7a I \u00e9 uma das dezenas de obras em andamento ou j\u00e1 conclu\u00eddas com recursos do OPA em Teresina e outras cidades do estado. O Governo do Piau\u00ed entregou, nesta segunda-feira (27), a nova Pra\u00e7a Renascen\u00e7a I, na zona Sudeste de Teresina. O espa\u00e7o foi completamente revitalizado com investimento superior a R$ 580 mil, em uma \u00e1rea total de 8.545 m\u00b2. A obra foi executada pela Secretaria das Cidades (Secid) e escolhida diretamente pela popula\u00e7\u00e3o por meio do Or\u00e7amento Participativo (OPA). Durante o evento, o governador destacou a for\u00e7a da mobiliza\u00e7\u00e3o popular. \u201cEssa obra foi proposta&hellip;<\/p>\n","category_list_v2":"<a href=\"https:\/\/portal.pi.gov.br\/seres\/category\/noticias\/\" rel=\"category tag\">Not\u00edcias<\/a>","author_info_v2":{"name":"alineraquel","url":"https:\/\/portal.pi.gov.br\/seres\/author\/alineraquel\/"},"comments_num_v2":"0 coment\u00e1rio","jetpack_featured_media_url":"https:\/\/portal.pi.gov.br\/seres\/wp-content\/uploads\/sites\/87\/2025\/10\/Praca-do-Renascenca5.jpg","_links":{"self":[{"href":"https:\/\/portal.pi.gov.br\/seres\/wp-json\/wp\/v2\/posts\/5061"}],"collection":[{"href":"https:\/\/portal.pi.gov.br\/seres\/wp-json\/wp\/v2\/posts"}],"about":[{"href":"https:\/\/portal.pi.gov.br\/seres\/wp-json\/wp\/v2\/types\/post"}],"author":[{"embeddable":true,"href":"https:\/\/portal.pi.gov.br\/seres\/wp-json\/wp\/v2\/users\/1821"}],"replies":[{"embeddable":true,"href":"https:\/\/portal.pi.gov.br\/seres\/wp-json\/wp\/v2\/comments?post=5061"}],"version-history":[{"count":2,"href":"https:\/\/portal.pi.gov.br\/seres\/wp-json\/wp\/v2\/posts\/5061\/revisions"}],"predecessor-version":[{"id":5063,"href":"https:\/\/portal.pi.gov.br\/seres\/wp-json\/wp\/v2\/posts\/5061\/revisions\/5063"}],"wp:featuredmedia":[{"embeddable":true,"href":"https:\/\/portal.pi.gov.br\/seres\/wp-json\/wp\/v2\/media\/5060"}],"wp:attachment":[{"href":"https:\/\/portal.pi.gov.br\/seres\/wp-json\/wp\/v2\/media?parent=5061"}],"wp:term":[{"taxonomy":"category","embeddable":true,"href":"https:\/\/portal.pi.gov.br\/seres\/wp-json\/wp\/v2\/categories?post=5061"},{"taxonomy":"post_tag","embeddable":true,"href":"https:\/\/portal.pi.gov.br\/seres\/wp-json\/wp\/v2\/tags?post=5061"}],"curies":[{"name":"wp","href":"https:\/\/api.w.org\/{rel}","templated":true}]}}