{"id":5193,"date":"2025-11-07T12:04:13","date_gmt":"2025-11-07T15:04:13","guid":{"rendered":"https:\/\/portal.pi.gov.br\/seres\/?p=5193"},"modified":"2025-11-07T12:23:20","modified_gmt":"2025-11-07T15:23:20","slug":"seres-e-sead-promovem-capacitacao-do-programa-lideranca-em-destaque-em-teresina","status":"publish","type":"post","link":"https:\/\/portal.pi.gov.br\/seres\/2025\/11\/07\/seres-e-sead-promovem-capacitacao-do-programa-lideranca-em-destaque-em-teresina\/","title":{"rendered":"SERES e SEAD promovem capacita\u00e7\u00e3o do Programa Lideran\u00e7a em Destaque no pr\u00f3ximo dia 10 de novembro, em Teresina"},"content":{"rendered":"\n<p><\/p>\n\n\n\n<p>A Secretaria de Estado das Rela\u00e7\u00f5es Sociais (SERES), em parceria com a Secretaria de Estado da Administra\u00e7\u00e3o (SEAD), realiza, na pr\u00f3xima segunda-feira (10), mais uma capacita\u00e7\u00e3o do Programa Lideran\u00e7a em Destaque, com o Curso de T\u00e9cnicas de Comunica\u00e7\u00e3o Assertiva para Lideran\u00e7as. A forma\u00e7\u00e3o acontece no Centro Social Urbano (CSU) do Parque Piau\u00ed, em Teresina. <\/p>\n\n\n<div class=\"wp-block-image\">\n<figure class=\"aligncenter size-large is-resized\"><img decoding=\"async\" loading=\"lazy\" src=\"https:\/\/portal.pi.gov.br\/seres\/wp-content\/uploads\/sites\/87\/2025\/11\/IMG_6979-1024x768.jpeg\" alt=\"\" class=\"wp-image-5189\" width=\"551\" height=\"413\" srcset=\"https:\/\/portal.pi.gov.br\/seres\/wp-content\/uploads\/sites\/87\/2025\/11\/IMG_6979-1024x768.jpeg 1024w, https:\/\/portal.pi.gov.br\/seres\/wp-content\/uploads\/sites\/87\/2025\/11\/IMG_6979-300x225.jpeg 300w, https:\/\/portal.pi.gov.br\/seres\/wp-content\/uploads\/sites\/87\/2025\/11\/IMG_6979-768x576.jpeg 768w, https:\/\/portal.pi.gov.br\/seres\/wp-content\/uploads\/sites\/87\/2025\/11\/IMG_6979-420x315.jpeg 420w, https:\/\/portal.pi.gov.br\/seres\/wp-content\/uploads\/sites\/87\/2025\/11\/IMG_6979-540x405.jpeg 540w, https:\/\/portal.pi.gov.br\/seres\/wp-content\/uploads\/sites\/87\/2025\/11\/IMG_6979-780x585.jpeg 780w, https:\/\/portal.pi.gov.br\/seres\/wp-content\/uploads\/sites\/87\/2025\/11\/IMG_6979-1536x1152.jpeg 1536w, https:\/\/portal.pi.gov.br\/seres\/wp-content\/uploads\/sites\/87\/2025\/11\/IMG_6979-2048x1536.jpeg 2048w, https:\/\/portal.pi.gov.br\/seres\/wp-content\/uploads\/sites\/87\/2025\/11\/IMG_6979-947x710.jpeg 947w, https:\/\/portal.pi.gov.br\/seres\/wp-content\/uploads\/sites\/87\/2025\/11\/IMG_6979-624x468.jpeg 624w\" sizes=\"(max-width: 551px) 100vw, 551px\" \/><\/figure><\/div>\n\n\n<p>O curso realizado por meio da Escola de Governo do Piau\u00ed e integra as a\u00e7\u00f5es do programa voltadas para o desenvolvimento de compet\u00eancias e fortalecimento das lideran\u00e7as p\u00fablicas estaduais. A proposta \u00e9 aprimorar as habilidades comunicativas dos gestores e gestoras, favorecendo a constru\u00e7\u00e3o de ambientes de trabalho mais colaborativos e produtivos. <\/p>\n\n\n\n<p><\/p>\n\n\n<div class=\"wp-block-image\">\n<figure class=\"aligncenter size-large is-resized\"><img decoding=\"async\" loading=\"lazy\" src=\"https:\/\/portal.pi.gov.br\/seres\/wp-content\/uploads\/sites\/87\/2025\/11\/DSC_8108-1024x683.jpg\" alt=\"\" class=\"wp-image-5178\" width=\"592\" height=\"395\" srcset=\"https:\/\/portal.pi.gov.br\/seres\/wp-content\/uploads\/sites\/87\/2025\/11\/DSC_8108-1024x683.jpg 1024w, https:\/\/portal.pi.gov.br\/seres\/wp-content\/uploads\/sites\/87\/2025\/11\/DSC_8108-300x200.jpg 300w, https:\/\/portal.pi.gov.br\/seres\/wp-content\/uploads\/sites\/87\/2025\/11\/DSC_8108-768x512.jpg 768w, https:\/\/portal.pi.gov.br\/seres\/wp-content\/uploads\/sites\/87\/2025\/11\/DSC_8108-420x280.jpg 420w, https:\/\/portal.pi.gov.br\/seres\/wp-content\/uploads\/sites\/87\/2025\/11\/DSC_8108-540x360.jpg 540w, https:\/\/portal.pi.gov.br\/seres\/wp-content\/uploads\/sites\/87\/2025\/11\/DSC_8108-780x520.jpg 780w, https:\/\/portal.pi.gov.br\/seres\/wp-content\/uploads\/sites\/87\/2025\/11\/DSC_8108-1536x1024.jpg 1536w, https:\/\/portal.pi.gov.br\/seres\/wp-content\/uploads\/sites\/87\/2025\/11\/DSC_8108-2048x1365.jpg 2048w, https:\/\/portal.pi.gov.br\/seres\/wp-content\/uploads\/sites\/87\/2025\/11\/DSC_8108-947x631.jpg 947w, https:\/\/portal.pi.gov.br\/seres\/wp-content\/uploads\/sites\/87\/2025\/11\/DSC_8108-624x416.jpg 624w, https:\/\/portal.pi.gov.br\/seres\/wp-content\/uploads\/sites\/87\/2025\/11\/DSC_8108-84x56.jpg 84w\" sizes=\"(max-width: 592px) 100vw, 592px\" \/><\/figure><\/div>\n\n\n<p><\/p>\n\n\n\n<p>\u201cFortalecer a comunica\u00e7\u00e3o nas lideran\u00e7as comunit\u00e1rias \u00e9 fortalecer tamb\u00e9m a participa\u00e7\u00e3o social e o di\u00e1logo com a sociedade. O Programa Lideran\u00e7a em Destaque tem sido um sucesso, pois investir em capacita\u00e7\u00e3o \u00e9 investir em pessoas e em lideran\u00e7as preparadas e comprometidas com o servi\u00e7o p\u00fablico. Essa parceria com a SEAD e a Escola de Governo refor\u00e7a o nosso compromisso com a valoriza\u00e7\u00e3o e a capacita\u00e7\u00e3o das nossas lideran\u00e7as.\u201d destacou a secret\u00e1ria de Estado das Rela\u00e7\u00f5es Sociais, N\u00fabia Lopes.<\/p>\n\n\n\n<p>A capacita\u00e7\u00e3o abordar\u00e1 estrat\u00e9gias de comunica\u00e7\u00e3o eficaz, escuta ativa e t\u00e9cnicas de express\u00e3o assertiva ferramentas essenciais para quem ocupa cargos de lideran\u00e7a e precisa conduzir equipes, mediar conflitos e inspirar resultados positivos. <\/p>\n\n\n\n<p>Confira a Programa\u00e7\u00e3o:<\/p>\n\n\n\n<p><strong>\ud83d\udcc5&nbsp;<strong>Data:<\/strong>&nbsp;10 de novembro de 2025 (segunda-feira) das 8:30 \u00e0s 12:30 <br>\ud83d\udccd&nbsp;<strong>Local:<\/strong>&nbsp;CSU Parque Piau\u00ed \u2014 Av. Marechal Rondon, 137, Parque Piau\u00ed, Teresina \u2013 PI<\/strong><\/p>\n\n\n\n<p><\/p>\n\n\n\n<p><strong><a href=\"https:\/\/doity.com.br\/tecnicas-comunicacao-assertiva-teresina-sul\" data-type=\"URL\" data-id=\"https:\/\/doity.com.br\/tecnicas-comunicacao-assertiva-teresina-sul\">CLIQUE AQUI E FA\u00c7A SUA INSCRI\u00c7\u00c3O <\/a><\/strong><\/p>\n\n\n\n<p><\/p>\n\n\n\n<p>Rep\u00f3rter: Natalina Alves <\/p>\n","protected":false},"excerpt":{"rendered":"<p>A Secretaria de Estado das Rela\u00e7\u00f5es Sociais (SERES), em parceria com a Secretaria de Estado da Administra\u00e7\u00e3o (SEAD), realiza, na pr\u00f3xima segunda-feira (10), mais uma capacita\u00e7\u00e3o do Programa Lideran\u00e7a em [&hellip;]<\/p>\n","protected":false},"author":1748,"featured_media":5189,"comment_status":"closed","ping_status":"closed","sticky":false,"template":"","format":"standard","meta":[],"categories":[34,1],"tags":[],"featured_image_urls":{"full":["https:\/\/portal.pi.gov.br\/seres\/wp-content\/uploads\/sites\/87\/2025\/11\/IMG_6979-scaled.jpeg",2560,1920,false],"thumbnail":["https:\/\/portal.pi.gov.br\/seres\/wp-content\/uploads\/sites\/87\/2025\/11\/IMG_6979-150x150.jpeg",150,150,true],"medium":["https:\/\/portal.pi.gov.br\/seres\/wp-content\/uploads\/sites\/87\/2025\/11\/IMG_6979-300x225.jpeg",300,225,true],"medium_large":["https:\/\/portal.pi.gov.br\/seres\/wp-content\/uploads\/sites\/87\/2025\/11\/IMG_6979-768x576.jpeg",768,576,true],"large":["https:\/\/portal.pi.gov.br\/seres\/wp-content\/uploads\/sites\/87\/2025\/11\/IMG_6979-1024x768.jpeg",887,665,true],"sgg-420":["https:\/\/portal.pi.gov.br\/seres\/wp-content\/uploads\/sites\/87\/2025\/11\/IMG_6979-420x315.jpeg",420,315,true],"sgg-540":["https:\/\/portal.pi.gov.br\/seres\/wp-content\/uploads\/sites\/87\/2025\/11\/IMG_6979-540x405.jpeg",540,405,true],"sgg-780":["https:\/\/portal.pi.gov.br\/seres\/wp-content\/uploads\/sites\/87\/2025\/11\/IMG_6979-780x585.jpeg",780,585,true],"1536x1536":["https:\/\/portal.pi.gov.br\/seres\/wp-content\/uploads\/sites\/87\/2025\/11\/IMG_6979-1536x1152.jpeg",1536,1152,true],"2048x2048":["https:\/\/portal.pi.gov.br\/seres\/wp-content\/uploads\/sites\/87\/2025\/11\/IMG_6979-2048x1536.jpeg",2048,1536,true],"homepage-slider":["https:\/\/portal.pi.gov.br\/seres\/wp-content\/uploads\/sites\/87\/2025\/11\/IMG_6979-1270x500.jpeg",1270,500,true],"homepage-slider-small":["https:\/\/portal.pi.gov.br\/seres\/wp-content\/uploads\/sites\/87\/2025\/11\/IMG_6979-947x500.jpeg",947,500,true],"page-top":["https:\/\/portal.pi.gov.br\/seres\/wp-content\/uploads\/sites\/87\/2025\/11\/IMG_6979-947x710.jpeg",947,710,true],"page-small":["https:\/\/portal.pi.gov.br\/seres\/wp-content\/uploads\/sites\/87\/2025\/11\/IMG_6979-624x468.jpeg",624,468,true],"loop-main":["https:\/\/portal.pi.gov.br\/seres\/wp-content\/uploads\/sites\/87\/2025\/11\/IMG_6979-365x240.jpeg",365,240,true],"thumb-gallery-widget":["https:\/\/portal.pi.gov.br\/seres\/wp-content\/uploads\/sites\/87\/2025\/11\/IMG_6979-84x56.jpeg",84,56,true]},"post_excerpt_stackable":"<p>A Secretaria de Estado das Rela\u00e7\u00f5es Sociais (SERES), em parceria com a Secretaria de Estado da Administra\u00e7\u00e3o (SEAD), realiza, na pr\u00f3xima segunda-feira (10), mais uma capacita\u00e7\u00e3o do Programa Lideran\u00e7a em Destaque, com o Curso de T\u00e9cnicas de Comunica\u00e7\u00e3o Assertiva para Lideran\u00e7as. A forma\u00e7\u00e3o acontece no Centro Social Urbano (CSU) do Parque Piau\u00ed, em Teresina. O curso realizado por meio da Escola de Governo do Piau\u00ed e integra as a\u00e7\u00f5es do programa voltadas para o desenvolvimento de compet\u00eancias e fortalecimento das lideran\u00e7as p\u00fablicas estaduais. A proposta \u00e9 aprimorar as habilidades comunicativas dos gestores e gestoras, favorecendo a constru\u00e7\u00e3o de ambientes de&hellip;<\/p>\n","category_list":"<a href=\"https:\/\/portal.pi.gov.br\/seres\/category\/noticias\/\" rel=\"category tag\">Not\u00edcias<\/a>, <a href=\"https:\/\/portal.pi.gov.br\/seres\/category\/sem-categoria\/\" rel=\"category tag\">Sem categoria<\/a>","author_info":{"name":"natalina","url":"https:\/\/portal.pi.gov.br\/seres\/author\/natalina\/"},"comments_num":"0 coment\u00e1rio","featured_image_urls_v2":{"full":["https:\/\/portal.pi.gov.br\/seres\/wp-content\/uploads\/sites\/87\/2025\/11\/IMG_6979-scaled.jpeg",2560,1920,false],"thumbnail":["https:\/\/portal.pi.gov.br\/seres\/wp-content\/uploads\/sites\/87\/2025\/11\/IMG_6979-150x150.jpeg",150,150,true],"medium":["https:\/\/portal.pi.gov.br\/seres\/wp-content\/uploads\/sites\/87\/2025\/11\/IMG_6979-300x225.jpeg",300,225,true],"medium_large":["https:\/\/portal.pi.gov.br\/seres\/wp-content\/uploads\/sites\/87\/2025\/11\/IMG_6979-768x576.jpeg",768,576,true],"large":["https:\/\/portal.pi.gov.br\/seres\/wp-content\/uploads\/sites\/87\/2025\/11\/IMG_6979-1024x768.jpeg",887,665,true],"sgg-420":["https:\/\/portal.pi.gov.br\/seres\/wp-content\/uploads\/sites\/87\/2025\/11\/IMG_6979-420x315.jpeg",420,315,true],"sgg-540":["https:\/\/portal.pi.gov.br\/seres\/wp-content\/uploads\/sites\/87\/2025\/11\/IMG_6979-540x405.jpeg",540,405,true],"sgg-780":["https:\/\/portal.pi.gov.br\/seres\/wp-content\/uploads\/sites\/87\/2025\/11\/IMG_6979-780x585.jpeg",780,585,true],"1536x1536":["https:\/\/portal.pi.gov.br\/seres\/wp-content\/uploads\/sites\/87\/2025\/11\/IMG_6979-1536x1152.jpeg",1536,1152,true],"2048x2048":["https:\/\/portal.pi.gov.br\/seres\/wp-content\/uploads\/sites\/87\/2025\/11\/IMG_6979-2048x1536.jpeg",2048,1536,true],"homepage-slider":["https:\/\/portal.pi.gov.br\/seres\/wp-content\/uploads\/sites\/87\/2025\/11\/IMG_6979-1270x500.jpeg",1270,500,true],"homepage-slider-small":["https:\/\/portal.pi.gov.br\/seres\/wp-content\/uploads\/sites\/87\/2025\/11\/IMG_6979-947x500.jpeg",947,500,true],"page-top":["https:\/\/portal.pi.gov.br\/seres\/wp-content\/uploads\/sites\/87\/2025\/11\/IMG_6979-947x710.jpeg",947,710,true],"page-small":["https:\/\/portal.pi.gov.br\/seres\/wp-content\/uploads\/sites\/87\/2025\/11\/IMG_6979-624x468.jpeg",624,468,true],"loop-main":["https:\/\/portal.pi.gov.br\/seres\/wp-content\/uploads\/sites\/87\/2025\/11\/IMG_6979-365x240.jpeg",365,240,true],"thumb-gallery-widget":["https:\/\/portal.pi.gov.br\/seres\/wp-content\/uploads\/sites\/87\/2025\/11\/IMG_6979-84x56.jpeg",84,56,true]},"post_excerpt_stackable_v2":"<p>A Secretaria de Estado das Rela\u00e7\u00f5es Sociais (SERES), em parceria com a Secretaria de Estado da Administra\u00e7\u00e3o (SEAD), realiza, na pr\u00f3xima segunda-feira (10), mais uma capacita\u00e7\u00e3o do Programa Lideran\u00e7a em Destaque, com o Curso de T\u00e9cnicas de Comunica\u00e7\u00e3o Assertiva para Lideran\u00e7as. A forma\u00e7\u00e3o acontece no Centro Social Urbano (CSU) do Parque Piau\u00ed, em Teresina. O curso realizado por meio da Escola de Governo do Piau\u00ed e integra as a\u00e7\u00f5es do programa voltadas para o desenvolvimento de compet\u00eancias e fortalecimento das lideran\u00e7as p\u00fablicas estaduais. A proposta \u00e9 aprimorar as habilidades comunicativas dos gestores e gestoras, favorecendo a constru\u00e7\u00e3o de ambientes de&hellip;<\/p>\n","category_list_v2":"<a href=\"https:\/\/portal.pi.gov.br\/seres\/category\/noticias\/\" rel=\"category tag\">Not\u00edcias<\/a>, <a href=\"https:\/\/portal.pi.gov.br\/seres\/category\/sem-categoria\/\" rel=\"category tag\">Sem categoria<\/a>","author_info_v2":{"name":"natalina","url":"https:\/\/portal.pi.gov.br\/seres\/author\/natalina\/"},"comments_num_v2":"0 coment\u00e1rio","jetpack_featured_media_url":"https:\/\/portal.pi.gov.br\/seres\/wp-content\/uploads\/sites\/87\/2025\/11\/IMG_6979-scaled.jpeg","_links":{"self":[{"href":"https:\/\/portal.pi.gov.br\/seres\/wp-json\/wp\/v2\/posts\/5193"}],"collection":[{"href":"https:\/\/portal.pi.gov.br\/seres\/wp-json\/wp\/v2\/posts"}],"about":[{"href":"https:\/\/portal.pi.gov.br\/seres\/wp-json\/wp\/v2\/types\/post"}],"author":[{"embeddable":true,"href":"https:\/\/portal.pi.gov.br\/seres\/wp-json\/wp\/v2\/users\/1748"}],"replies":[{"embeddable":true,"href":"https:\/\/portal.pi.gov.br\/seres\/wp-json\/wp\/v2\/comments?post=5193"}],"version-history":[{"count":11,"href":"https:\/\/portal.pi.gov.br\/seres\/wp-json\/wp\/v2\/posts\/5193\/revisions"}],"predecessor-version":[{"id":5209,"href":"https:\/\/portal.pi.gov.br\/seres\/wp-json\/wp\/v2\/posts\/5193\/revisions\/5209"}],"wp:featuredmedia":[{"embeddable":true,"href":"https:\/\/portal.pi.gov.br\/seres\/wp-json\/wp\/v2\/media\/5189"}],"wp:attachment":[{"href":"https:\/\/portal.pi.gov.br\/seres\/wp-json\/wp\/v2\/media?parent=5193"}],"wp:term":[{"taxonomy":"category","embeddable":true,"href":"https:\/\/portal.pi.gov.br\/seres\/wp-json\/wp\/v2\/categories?post=5193"},{"taxonomy":"post_tag","embeddable":true,"href":"https:\/\/portal.pi.gov.br\/seres\/wp-json\/wp\/v2\/tags?post=5193"}],"curies":[{"name":"wp","href":"https:\/\/api.w.org\/{rel}","templated":true}]}}