{"id":5254,"date":"2025-11-24T14:00:00","date_gmt":"2025-11-24T17:00:00","guid":{"rendered":"https:\/\/portal.pi.gov.br\/seres\/?p=5254"},"modified":"2025-11-25T11:00:50","modified_gmt":"2025-11-25T14:00:50","slug":"nubia-lopes-participa-do-lancamento-do-programa-mais-formacao-mais-renda","status":"publish","type":"post","link":"https:\/\/portal.pi.gov.br\/seres\/2025\/11\/24\/nubia-lopes-participa-do-lancamento-do-programa-mais-formacao-mais-renda\/","title":{"rendered":"N\u00fabia Lopes participa do lan\u00e7amento do Programa &#8220;Mais Forma\u00e7\u00e3o, Mais Renda&#8221;"},"content":{"rendered":"\n<p>O Governo do Piau\u00ed lan\u00e7ou o maior pacote de qualifica\u00e7\u00e3o profissional da hist\u00f3ria.<\/p>\n\n\n\n<p><\/p>\n\n\n\n<figure class=\"wp-block-image size-large\"><img decoding=\"async\" loading=\"lazy\" width=\"1024\" height=\"683\" src=\"https:\/\/portal.pi.gov.br\/seres\/wp-content\/uploads\/sites\/87\/2025\/11\/ca7c6b7f-117b-48f0-b175-ef442afa27db-1024x683.jpg\" alt=\"\" class=\"wp-image-5246\" srcset=\"https:\/\/portal.pi.gov.br\/seres\/wp-content\/uploads\/sites\/87\/2025\/11\/ca7c6b7f-117b-48f0-b175-ef442afa27db-1024x683.jpg 1024w, https:\/\/portal.pi.gov.br\/seres\/wp-content\/uploads\/sites\/87\/2025\/11\/ca7c6b7f-117b-48f0-b175-ef442afa27db-300x200.jpg 300w, https:\/\/portal.pi.gov.br\/seres\/wp-content\/uploads\/sites\/87\/2025\/11\/ca7c6b7f-117b-48f0-b175-ef442afa27db-768x512.jpg 768w, https:\/\/portal.pi.gov.br\/seres\/wp-content\/uploads\/sites\/87\/2025\/11\/ca7c6b7f-117b-48f0-b175-ef442afa27db-420x280.jpg 420w, https:\/\/portal.pi.gov.br\/seres\/wp-content\/uploads\/sites\/87\/2025\/11\/ca7c6b7f-117b-48f0-b175-ef442afa27db-540x360.jpg 540w, https:\/\/portal.pi.gov.br\/seres\/wp-content\/uploads\/sites\/87\/2025\/11\/ca7c6b7f-117b-48f0-b175-ef442afa27db-780x520.jpg 780w, https:\/\/portal.pi.gov.br\/seres\/wp-content\/uploads\/sites\/87\/2025\/11\/ca7c6b7f-117b-48f0-b175-ef442afa27db-947x632.jpg 947w, https:\/\/portal.pi.gov.br\/seres\/wp-content\/uploads\/sites\/87\/2025\/11\/ca7c6b7f-117b-48f0-b175-ef442afa27db-624x416.jpg 624w, https:\/\/portal.pi.gov.br\/seres\/wp-content\/uploads\/sites\/87\/2025\/11\/ca7c6b7f-117b-48f0-b175-ef442afa27db-84x56.jpg 84w, https:\/\/portal.pi.gov.br\/seres\/wp-content\/uploads\/sites\/87\/2025\/11\/ca7c6b7f-117b-48f0-b175-ef442afa27db.jpg 1280w\" sizes=\"(max-width: 1024px) 100vw, 1024px\" \/><\/figure>\n\n\n\n<p><\/p>\n\n\n\n<p>A secret\u00e1ria N\u00fabia Lopes prestigiou o lan\u00e7amento nesta segunda-feira (24), no Pal\u00e1cio de Karnak, do Programa Mais Forma\u00e7\u00e3o, Mais Renda, a maior iniciativa j\u00e1 implementada no Piau\u00ed para ampliar oportunidades de forma\u00e7\u00e3o profissional, trabalho e gera\u00e7\u00e3o de renda para jovens e trabalhadores piauienses. O programa visa expandir a oferta de cursos t\u00e9cnicos, superiores e de p\u00f3s-gradua\u00e7\u00e3o no estado, promovendo qualifica\u00e7\u00e3o e fortalecendo o acesso ao ensino e ao mercado de trabalho.<\/p>\n\n\n\n<p>A a\u00e7\u00e3o integra o Superchoque Educacional e Tecnol\u00f3gico do Piau\u00ed e nasce com a miss\u00e3o de acelerar a qualifica\u00e7\u00e3o profissional, fortalecer \u00e1reas estrat\u00e9gicas da economia e levar forma\u00e7\u00e3o de qualidade para todos os munic\u00edpios. O programa tamb\u00e9m se destaca por sua constru\u00e7\u00e3o com di\u00e1logo direto entre o setor p\u00fablico e o setor privado, ouvindo empresas e setores produtivos para mapear demandas reais e antecipar tend\u00eancias do mercado.<\/p>\n\n\n\n<p>A oferta total deve ultrapassar 83 mil vagas at\u00e9 2030, distribu\u00eddas entre cursos profissionalizantes, t\u00e9cnicos, gradua\u00e7\u00e3o e p\u00f3s-gradua\u00e7\u00e3o, al\u00e9m de bolsas integrais pelo ProUni. O maior crescimento ser\u00e1 nas vagas de cursos t\u00e9cnicos oferecidos no Ensino B\u00e1sico, que registram 159% de expans\u00e3o entre 2022 e 2025, alcan\u00e7ando 101.854 vagas em 2025. O projeto prev\u00ea que 100% das escolas p\u00fablicas estaduais passem a ofertar Educa\u00e7\u00e3o Profissional e Tecnol\u00f3gica (EPT), tanto no Ensino M\u00e9dio Regular quanto na Educa\u00e7\u00e3o de Jovens e Adultos (EJA).<\/p>\n\n\n\n<p>J\u00e1 os cursos profissionalizantes, focados diretamente na forma\u00e7\u00e3o para o mercado de trabalho, saltam de 8.658 vagas em 2022 para 9.500 em 2025, mantendo crescimento constante. No mesmo per\u00edodo, as vagas de especializa\u00e7\u00e3o passam de 800 para 1.200, enquanto o n\u00famero de vagas em mestrado e doutorado cresce de 842 para 1.600 \u2014 uma alta de quase 100%.<\/p>\n\n\n\n<figure class=\"wp-block-gallery has-nested-images columns-default is-cropped wp-block-gallery-1 is-layout-flex\">\n<figure class=\"wp-block-image size-large\"><img decoding=\"async\" loading=\"lazy\" width=\"1024\" height=\"683\" data-id=\"5248\"  src=\"https:\/\/portal.pi.gov.br\/seres\/wp-content\/uploads\/sites\/87\/2025\/11\/eb65d16c-a905-4f36-922c-7d6cd41f91c3-1024x683.jpg\" alt=\"\" class=\"wp-image-5248\" srcset=\"https:\/\/portal.pi.gov.br\/seres\/wp-content\/uploads\/sites\/87\/2025\/11\/eb65d16c-a905-4f36-922c-7d6cd41f91c3-1024x683.jpg 1024w, https:\/\/portal.pi.gov.br\/seres\/wp-content\/uploads\/sites\/87\/2025\/11\/eb65d16c-a905-4f36-922c-7d6cd41f91c3-300x200.jpg 300w, https:\/\/portal.pi.gov.br\/seres\/wp-content\/uploads\/sites\/87\/2025\/11\/eb65d16c-a905-4f36-922c-7d6cd41f91c3-768x512.jpg 768w, https:\/\/portal.pi.gov.br\/seres\/wp-content\/uploads\/sites\/87\/2025\/11\/eb65d16c-a905-4f36-922c-7d6cd41f91c3-420x280.jpg 420w, https:\/\/portal.pi.gov.br\/seres\/wp-content\/uploads\/sites\/87\/2025\/11\/eb65d16c-a905-4f36-922c-7d6cd41f91c3-540x360.jpg 540w, https:\/\/portal.pi.gov.br\/seres\/wp-content\/uploads\/sites\/87\/2025\/11\/eb65d16c-a905-4f36-922c-7d6cd41f91c3-780x520.jpg 780w, https:\/\/portal.pi.gov.br\/seres\/wp-content\/uploads\/sites\/87\/2025\/11\/eb65d16c-a905-4f36-922c-7d6cd41f91c3-947x632.jpg 947w, https:\/\/portal.pi.gov.br\/seres\/wp-content\/uploads\/sites\/87\/2025\/11\/eb65d16c-a905-4f36-922c-7d6cd41f91c3-624x416.jpg 624w, https:\/\/portal.pi.gov.br\/seres\/wp-content\/uploads\/sites\/87\/2025\/11\/eb65d16c-a905-4f36-922c-7d6cd41f91c3-84x56.jpg 84w, https:\/\/portal.pi.gov.br\/seres\/wp-content\/uploads\/sites\/87\/2025\/11\/eb65d16c-a905-4f36-922c-7d6cd41f91c3.jpg 1280w\" sizes=\"(max-width: 1024px) 100vw, 1024px\" \/><\/figure>\n<\/figure>\n\n\n\n<p><\/p>\n\n\n\n<p>A gradua\u00e7\u00e3o tamb\u00e9m ser\u00e1 impulsionada, com 75% de crescimento no n\u00famero de matr\u00edculas nas institui\u00e7\u00f5es p\u00fablicas, somadas \u00e0s 4.111 bolsas integrais do ProUni, que representam acesso direto ao ensino superior para estudantes da rede p\u00fablica. A estimativa parte dos 38.876 alunos que concluir\u00e3o o Ensino M\u00e9dio Estadual em 2025, dos quais 33.640 v\u00eam de escolas p\u00fablicas.<\/p>\n\n\n\n<p>O plano tamb\u00e9m inclui a interioriza\u00e7\u00e3o da oferta. Ser\u00e3o novos campi presenciais entre 2026 e 2027, distribu\u00eddos em cidades como Parna\u00edba, Picos, Floriano, S\u00e3o Raimundo Nonato, Uru\u00e7u\u00ed, Campo Maior, Paulistana, Piripiri, Simpl\u00edcio Mendes e Bom Jesus, al\u00e9m da expans\u00e3o de unidades t\u00e9cnicas em microrregi\u00f5es estrat\u00e9gicas. A expectativa \u00e9 que mais de 46 mil novas vagas sejam abertas fora da capital, beneficiando 224 munic\u00edpios.<\/p>\n\n\n\n<p>Entre 2025 e 2030, o planejamento aponta incremento de 379% nos cursos profissionalizantes e 340% nos t\u00e9cnicos subsequentes. Al\u00e9m disso, para os de gradua\u00e7\u00e3o, a proje\u00e7\u00e3o \u00e9 aumentar em 75% as vagas de cursos presenciais e 21% as vagas EAD. J\u00e1 as de especializa\u00e7\u00e3o devem alcan\u00e7ar 237% de aumento e os mestrados e doutorados chegar\u00e3o a 94%.<\/p>\n\n\n\n<p>O investimento estimado para a execu\u00e7\u00e3o do programa ultrapassa R$ 750 milh\u00f5es, com foco em \u00e1reas como Ci\u00eancia, Tecnologia, Engenharia, Artes e Matem\u00e1tica, incluindo minera\u00e7\u00e3o, energias renov\u00e1veis, programa\u00e7\u00e3o, gest\u00e3o e ind\u00fastria. \u201cFaremos essa expans\u00e3o robusta, programada j\u00e1 para o pr\u00f3ximo ano, mas tamb\u00e9m apontando o caminho para os pr\u00f3ximos anos, para quem n\u00e3o teve a oportunidade de fazer o curso t\u00e9cnico na \u00e9poca do ensino m\u00e9dio, a gradua\u00e7\u00e3o, tanto com a Uespi, com o PIT e tamb\u00e9m as institui\u00e7\u00f5es federais, como tamb\u00e9m a parte de especializa\u00e7\u00e3o, mestrado e doutorado. V\u00e1rias dessas \u00e1reas v\u00e3o dobrar ou at\u00e9 quadruplicar o n\u00famero de vagas anuais\u201d, disse o governador Rafael Fonteles.<\/p>\n\n\n\n<p>Essa oferta crescente ser\u00e1 permitida pela constru\u00e7\u00e3o de novos equipamentos de educa\u00e7\u00e3o. A Universidade Estadual do Piau\u00ed (Uespi) ter\u00e1 unidades em Barras, Paulistana, Uni\u00e3o e Valen\u00e7a. O Instituto Federal do Piau\u00ed (IFPI) ter\u00e1 novos campi em Altos, Barras, Esperantina e Luzil\u00e2ndia. J\u00e1 o PIT expandir\u00e1 sua presen\u00e7a em Amarante, Baixa Grande do Ribeiro, Bom Jesus, Campo Maior, Canto do Buriti, Castelo do Piau\u00ed, Curimat\u00e1, Elesb\u00e3o Veloso, Floriano, Guadalupe, Parna\u00edba, Paulistana, Picos, Piripiri, S\u00e3o Raimundo Nonato, Simpl\u00edcio Mendes, Sim\u00f5es e Uru\u00e7u\u00ed.<\/p>\n\n\n\n<p><\/p>\n\n\n\n<figure class=\"wp-block-gallery has-nested-images columns-default is-cropped wp-block-gallery-3 is-layout-flex\">\n<figure class=\"wp-block-image size-large\"><img decoding=\"async\" loading=\"lazy\" width=\"1024\" height=\"683\" data-id=\"5239\"  src=\"https:\/\/portal.pi.gov.br\/seres\/wp-content\/uploads\/sites\/87\/2025\/11\/36fad98e-7dc2-470b-9ee5-a12043b040ca-1024x683.jpg\" alt=\"\" class=\"wp-image-5239\" srcset=\"https:\/\/portal.pi.gov.br\/seres\/wp-content\/uploads\/sites\/87\/2025\/11\/36fad98e-7dc2-470b-9ee5-a12043b040ca-1024x683.jpg 1024w, https:\/\/portal.pi.gov.br\/seres\/wp-content\/uploads\/sites\/87\/2025\/11\/36fad98e-7dc2-470b-9ee5-a12043b040ca-300x200.jpg 300w, https:\/\/portal.pi.gov.br\/seres\/wp-content\/uploads\/sites\/87\/2025\/11\/36fad98e-7dc2-470b-9ee5-a12043b040ca-768x512.jpg 768w, https:\/\/portal.pi.gov.br\/seres\/wp-content\/uploads\/sites\/87\/2025\/11\/36fad98e-7dc2-470b-9ee5-a12043b040ca-420x280.jpg 420w, https:\/\/portal.pi.gov.br\/seres\/wp-content\/uploads\/sites\/87\/2025\/11\/36fad98e-7dc2-470b-9ee5-a12043b040ca-540x360.jpg 540w, https:\/\/portal.pi.gov.br\/seres\/wp-content\/uploads\/sites\/87\/2025\/11\/36fad98e-7dc2-470b-9ee5-a12043b040ca-780x520.jpg 780w, https:\/\/portal.pi.gov.br\/seres\/wp-content\/uploads\/sites\/87\/2025\/11\/36fad98e-7dc2-470b-9ee5-a12043b040ca-947x632.jpg 947w, https:\/\/portal.pi.gov.br\/seres\/wp-content\/uploads\/sites\/87\/2025\/11\/36fad98e-7dc2-470b-9ee5-a12043b040ca-624x416.jpg 624w, https:\/\/portal.pi.gov.br\/seres\/wp-content\/uploads\/sites\/87\/2025\/11\/36fad98e-7dc2-470b-9ee5-a12043b040ca-84x56.jpg 84w, https:\/\/portal.pi.gov.br\/seres\/wp-content\/uploads\/sites\/87\/2025\/11\/36fad98e-7dc2-470b-9ee5-a12043b040ca.jpg 1280w\" sizes=\"(max-width: 1024px) 100vw, 1024px\" \/><\/figure>\n\n\n\n<figure class=\"wp-block-image size-large\"><img decoding=\"async\" loading=\"lazy\" width=\"1024\" height=\"683\" data-id=\"5238\"  src=\"https:\/\/portal.pi.gov.br\/seres\/wp-content\/uploads\/sites\/87\/2025\/11\/3fb2e64d-ba6e-4656-8ba5-4e957938d6b0-1024x683.jpg\" alt=\"\" class=\"wp-image-5238\" srcset=\"https:\/\/portal.pi.gov.br\/seres\/wp-content\/uploads\/sites\/87\/2025\/11\/3fb2e64d-ba6e-4656-8ba5-4e957938d6b0-1024x683.jpg 1024w, https:\/\/portal.pi.gov.br\/seres\/wp-content\/uploads\/sites\/87\/2025\/11\/3fb2e64d-ba6e-4656-8ba5-4e957938d6b0-300x200.jpg 300w, https:\/\/portal.pi.gov.br\/seres\/wp-content\/uploads\/sites\/87\/2025\/11\/3fb2e64d-ba6e-4656-8ba5-4e957938d6b0-768x512.jpg 768w, https:\/\/portal.pi.gov.br\/seres\/wp-content\/uploads\/sites\/87\/2025\/11\/3fb2e64d-ba6e-4656-8ba5-4e957938d6b0-420x280.jpg 420w, https:\/\/portal.pi.gov.br\/seres\/wp-content\/uploads\/sites\/87\/2025\/11\/3fb2e64d-ba6e-4656-8ba5-4e957938d6b0-540x360.jpg 540w, https:\/\/portal.pi.gov.br\/seres\/wp-content\/uploads\/sites\/87\/2025\/11\/3fb2e64d-ba6e-4656-8ba5-4e957938d6b0-780x520.jpg 780w, https:\/\/portal.pi.gov.br\/seres\/wp-content\/uploads\/sites\/87\/2025\/11\/3fb2e64d-ba6e-4656-8ba5-4e957938d6b0-947x632.jpg 947w, https:\/\/portal.pi.gov.br\/seres\/wp-content\/uploads\/sites\/87\/2025\/11\/3fb2e64d-ba6e-4656-8ba5-4e957938d6b0-624x416.jpg 624w, https:\/\/portal.pi.gov.br\/seres\/wp-content\/uploads\/sites\/87\/2025\/11\/3fb2e64d-ba6e-4656-8ba5-4e957938d6b0-84x56.jpg 84w, https:\/\/portal.pi.gov.br\/seres\/wp-content\/uploads\/sites\/87\/2025\/11\/3fb2e64d-ba6e-4656-8ba5-4e957938d6b0.jpg 1280w\" sizes=\"(max-width: 1024px) 100vw, 1024px\" \/><\/figure>\n\n\n\n<figure class=\"wp-block-image size-large\"><img decoding=\"async\" loading=\"lazy\" width=\"1024\" height=\"683\" data-id=\"5244\"  src=\"https:\/\/portal.pi.gov.br\/seres\/wp-content\/uploads\/sites\/87\/2025\/11\/69492645-2c10-4ec2-83b7-262a5d7ce88a-1024x683.jpg\" alt=\"\" class=\"wp-image-5244\" srcset=\"https:\/\/portal.pi.gov.br\/seres\/wp-content\/uploads\/sites\/87\/2025\/11\/69492645-2c10-4ec2-83b7-262a5d7ce88a-1024x683.jpg 1024w, https:\/\/portal.pi.gov.br\/seres\/wp-content\/uploads\/sites\/87\/2025\/11\/69492645-2c10-4ec2-83b7-262a5d7ce88a-300x200.jpg 300w, https:\/\/portal.pi.gov.br\/seres\/wp-content\/uploads\/sites\/87\/2025\/11\/69492645-2c10-4ec2-83b7-262a5d7ce88a-768x512.jpg 768w, https:\/\/portal.pi.gov.br\/seres\/wp-content\/uploads\/sites\/87\/2025\/11\/69492645-2c10-4ec2-83b7-262a5d7ce88a-420x280.jpg 420w, https:\/\/portal.pi.gov.br\/seres\/wp-content\/uploads\/sites\/87\/2025\/11\/69492645-2c10-4ec2-83b7-262a5d7ce88a-540x360.jpg 540w, https:\/\/portal.pi.gov.br\/seres\/wp-content\/uploads\/sites\/87\/2025\/11\/69492645-2c10-4ec2-83b7-262a5d7ce88a-780x520.jpg 780w, https:\/\/portal.pi.gov.br\/seres\/wp-content\/uploads\/sites\/87\/2025\/11\/69492645-2c10-4ec2-83b7-262a5d7ce88a-947x632.jpg 947w, https:\/\/portal.pi.gov.br\/seres\/wp-content\/uploads\/sites\/87\/2025\/11\/69492645-2c10-4ec2-83b7-262a5d7ce88a-624x416.jpg 624w, https:\/\/portal.pi.gov.br\/seres\/wp-content\/uploads\/sites\/87\/2025\/11\/69492645-2c10-4ec2-83b7-262a5d7ce88a-84x56.jpg 84w, https:\/\/portal.pi.gov.br\/seres\/wp-content\/uploads\/sites\/87\/2025\/11\/69492645-2c10-4ec2-83b7-262a5d7ce88a.jpg 1280w\" sizes=\"(max-width: 1024px) 100vw, 1024px\" \/><\/figure>\n\n\n\n<figure class=\"wp-block-image size-large\"><img decoding=\"async\" loading=\"lazy\" width=\"1024\" height=\"768\" data-id=\"5245\"  src=\"https:\/\/portal.pi.gov.br\/seres\/wp-content\/uploads\/sites\/87\/2025\/11\/b7c6f260-ae04-4bc1-81e1-2045e1a3b5ff-1024x768.jpg\" alt=\"\" class=\"wp-image-5245\" srcset=\"https:\/\/portal.pi.gov.br\/seres\/wp-content\/uploads\/sites\/87\/2025\/11\/b7c6f260-ae04-4bc1-81e1-2045e1a3b5ff-1024x768.jpg 1024w, https:\/\/portal.pi.gov.br\/seres\/wp-content\/uploads\/sites\/87\/2025\/11\/b7c6f260-ae04-4bc1-81e1-2045e1a3b5ff-300x225.jpg 300w, https:\/\/portal.pi.gov.br\/seres\/wp-content\/uploads\/sites\/87\/2025\/11\/b7c6f260-ae04-4bc1-81e1-2045e1a3b5ff-768x576.jpg 768w, https:\/\/portal.pi.gov.br\/seres\/wp-content\/uploads\/sites\/87\/2025\/11\/b7c6f260-ae04-4bc1-81e1-2045e1a3b5ff-420x315.jpg 420w, https:\/\/portal.pi.gov.br\/seres\/wp-content\/uploads\/sites\/87\/2025\/11\/b7c6f260-ae04-4bc1-81e1-2045e1a3b5ff-540x405.jpg 540w, https:\/\/portal.pi.gov.br\/seres\/wp-content\/uploads\/sites\/87\/2025\/11\/b7c6f260-ae04-4bc1-81e1-2045e1a3b5ff-780x585.jpg 780w, https:\/\/portal.pi.gov.br\/seres\/wp-content\/uploads\/sites\/87\/2025\/11\/b7c6f260-ae04-4bc1-81e1-2045e1a3b5ff-947x710.jpg 947w, https:\/\/portal.pi.gov.br\/seres\/wp-content\/uploads\/sites\/87\/2025\/11\/b7c6f260-ae04-4bc1-81e1-2045e1a3b5ff-624x468.jpg 624w, https:\/\/portal.pi.gov.br\/seres\/wp-content\/uploads\/sites\/87\/2025\/11\/b7c6f260-ae04-4bc1-81e1-2045e1a3b5ff.jpg 1280w\" sizes=\"(max-width: 1024px) 100vw, 1024px\" \/><\/figure>\n\n\n\n<figure class=\"wp-block-image size-large\"><img decoding=\"async\" loading=\"lazy\" width=\"1024\" height=\"768\" data-id=\"5247\"  src=\"https:\/\/portal.pi.gov.br\/seres\/wp-content\/uploads\/sites\/87\/2025\/11\/dd16eb8b-9705-447c-aded-f3908c994659-1024x768.jpg\" alt=\"\" class=\"wp-image-5247\" srcset=\"https:\/\/portal.pi.gov.br\/seres\/wp-content\/uploads\/sites\/87\/2025\/11\/dd16eb8b-9705-447c-aded-f3908c994659-1024x768.jpg 1024w, https:\/\/portal.pi.gov.br\/seres\/wp-content\/uploads\/sites\/87\/2025\/11\/dd16eb8b-9705-447c-aded-f3908c994659-300x225.jpg 300w, https:\/\/portal.pi.gov.br\/seres\/wp-content\/uploads\/sites\/87\/2025\/11\/dd16eb8b-9705-447c-aded-f3908c994659-768x576.jpg 768w, https:\/\/portal.pi.gov.br\/seres\/wp-content\/uploads\/sites\/87\/2025\/11\/dd16eb8b-9705-447c-aded-f3908c994659-420x315.jpg 420w, https:\/\/portal.pi.gov.br\/seres\/wp-content\/uploads\/sites\/87\/2025\/11\/dd16eb8b-9705-447c-aded-f3908c994659-540x405.jpg 540w, https:\/\/portal.pi.gov.br\/seres\/wp-content\/uploads\/sites\/87\/2025\/11\/dd16eb8b-9705-447c-aded-f3908c994659-780x585.jpg 780w, https:\/\/portal.pi.gov.br\/seres\/wp-content\/uploads\/sites\/87\/2025\/11\/dd16eb8b-9705-447c-aded-f3908c994659-947x710.jpg 947w, https:\/\/portal.pi.gov.br\/seres\/wp-content\/uploads\/sites\/87\/2025\/11\/dd16eb8b-9705-447c-aded-f3908c994659-624x468.jpg 624w, https:\/\/portal.pi.gov.br\/seres\/wp-content\/uploads\/sites\/87\/2025\/11\/dd16eb8b-9705-447c-aded-f3908c994659.jpg 1280w\" sizes=\"(max-width: 1024px) 100vw, 1024px\" \/><\/figure>\n\n\n\n<figure class=\"wp-block-image size-large\"><img decoding=\"async\" loading=\"lazy\" width=\"1024\" height=\"683\" data-id=\"5243\"  src=\"https:\/\/portal.pi.gov.br\/seres\/wp-content\/uploads\/sites\/87\/2025\/11\/35612541-5e79-4f37-a58d-db1b9f096b06-1024x683.jpg\" alt=\"\" class=\"wp-image-5243\" srcset=\"https:\/\/portal.pi.gov.br\/seres\/wp-content\/uploads\/sites\/87\/2025\/11\/35612541-5e79-4f37-a58d-db1b9f096b06-1024x683.jpg 1024w, https:\/\/portal.pi.gov.br\/seres\/wp-content\/uploads\/sites\/87\/2025\/11\/35612541-5e79-4f37-a58d-db1b9f096b06-300x200.jpg 300w, https:\/\/portal.pi.gov.br\/seres\/wp-content\/uploads\/sites\/87\/2025\/11\/35612541-5e79-4f37-a58d-db1b9f096b06-768x512.jpg 768w, https:\/\/portal.pi.gov.br\/seres\/wp-content\/uploads\/sites\/87\/2025\/11\/35612541-5e79-4f37-a58d-db1b9f096b06-420x280.jpg 420w, https:\/\/portal.pi.gov.br\/seres\/wp-content\/uploads\/sites\/87\/2025\/11\/35612541-5e79-4f37-a58d-db1b9f096b06-540x360.jpg 540w, https:\/\/portal.pi.gov.br\/seres\/wp-content\/uploads\/sites\/87\/2025\/11\/35612541-5e79-4f37-a58d-db1b9f096b06-780x520.jpg 780w, https:\/\/portal.pi.gov.br\/seres\/wp-content\/uploads\/sites\/87\/2025\/11\/35612541-5e79-4f37-a58d-db1b9f096b06-947x632.jpg 947w, https:\/\/portal.pi.gov.br\/seres\/wp-content\/uploads\/sites\/87\/2025\/11\/35612541-5e79-4f37-a58d-db1b9f096b06-624x416.jpg 624w, https:\/\/portal.pi.gov.br\/seres\/wp-content\/uploads\/sites\/87\/2025\/11\/35612541-5e79-4f37-a58d-db1b9f096b06-84x56.jpg 84w, https:\/\/portal.pi.gov.br\/seres\/wp-content\/uploads\/sites\/87\/2025\/11\/35612541-5e79-4f37-a58d-db1b9f096b06.jpg 1280w\" sizes=\"(max-width: 1024px) 100vw, 1024px\" \/><\/figure>\n\n\n\n<figure class=\"wp-block-image size-large\"><img decoding=\"async\" loading=\"lazy\" width=\"1024\" height=\"683\" data-id=\"5242\"  src=\"https:\/\/portal.pi.gov.br\/seres\/wp-content\/uploads\/sites\/87\/2025\/11\/71068aba-b303-44ee-b36e-4a7454e6c109-1024x683.jpg\" alt=\"\" class=\"wp-image-5242\" srcset=\"https:\/\/portal.pi.gov.br\/seres\/wp-content\/uploads\/sites\/87\/2025\/11\/71068aba-b303-44ee-b36e-4a7454e6c109-1024x683.jpg 1024w, https:\/\/portal.pi.gov.br\/seres\/wp-content\/uploads\/sites\/87\/2025\/11\/71068aba-b303-44ee-b36e-4a7454e6c109-300x200.jpg 300w, https:\/\/portal.pi.gov.br\/seres\/wp-content\/uploads\/sites\/87\/2025\/11\/71068aba-b303-44ee-b36e-4a7454e6c109-768x512.jpg 768w, https:\/\/portal.pi.gov.br\/seres\/wp-content\/uploads\/sites\/87\/2025\/11\/71068aba-b303-44ee-b36e-4a7454e6c109-420x280.jpg 420w, https:\/\/portal.pi.gov.br\/seres\/wp-content\/uploads\/sites\/87\/2025\/11\/71068aba-b303-44ee-b36e-4a7454e6c109-540x360.jpg 540w, https:\/\/portal.pi.gov.br\/seres\/wp-content\/uploads\/sites\/87\/2025\/11\/71068aba-b303-44ee-b36e-4a7454e6c109-780x520.jpg 780w, https:\/\/portal.pi.gov.br\/seres\/wp-content\/uploads\/sites\/87\/2025\/11\/71068aba-b303-44ee-b36e-4a7454e6c109-947x632.jpg 947w, https:\/\/portal.pi.gov.br\/seres\/wp-content\/uploads\/sites\/87\/2025\/11\/71068aba-b303-44ee-b36e-4a7454e6c109-624x416.jpg 624w, https:\/\/portal.pi.gov.br\/seres\/wp-content\/uploads\/sites\/87\/2025\/11\/71068aba-b303-44ee-b36e-4a7454e6c109-84x56.jpg 84w, https:\/\/portal.pi.gov.br\/seres\/wp-content\/uploads\/sites\/87\/2025\/11\/71068aba-b303-44ee-b36e-4a7454e6c109.jpg 1280w\" sizes=\"(max-width: 1024px) 100vw, 1024px\" \/><\/figure>\n\n\n\n<figure class=\"wp-block-image size-large\"><img decoding=\"async\" loading=\"lazy\" width=\"1024\" height=\"683\" data-id=\"5241\"  src=\"https:\/\/portal.pi.gov.br\/seres\/wp-content\/uploads\/sites\/87\/2025\/11\/874bc6f7-5d8a-4dc1-91e0-80b0a66034bd-1024x683.jpg\" alt=\"\" class=\"wp-image-5241\" srcset=\"https:\/\/portal.pi.gov.br\/seres\/wp-content\/uploads\/sites\/87\/2025\/11\/874bc6f7-5d8a-4dc1-91e0-80b0a66034bd-1024x683.jpg 1024w, https:\/\/portal.pi.gov.br\/seres\/wp-content\/uploads\/sites\/87\/2025\/11\/874bc6f7-5d8a-4dc1-91e0-80b0a66034bd-300x200.jpg 300w, https:\/\/portal.pi.gov.br\/seres\/wp-content\/uploads\/sites\/87\/2025\/11\/874bc6f7-5d8a-4dc1-91e0-80b0a66034bd-768x512.jpg 768w, https:\/\/portal.pi.gov.br\/seres\/wp-content\/uploads\/sites\/87\/2025\/11\/874bc6f7-5d8a-4dc1-91e0-80b0a66034bd-420x280.jpg 420w, https:\/\/portal.pi.gov.br\/seres\/wp-content\/uploads\/sites\/87\/2025\/11\/874bc6f7-5d8a-4dc1-91e0-80b0a66034bd-540x360.jpg 540w, https:\/\/portal.pi.gov.br\/seres\/wp-content\/uploads\/sites\/87\/2025\/11\/874bc6f7-5d8a-4dc1-91e0-80b0a66034bd-780x520.jpg 780w, https:\/\/portal.pi.gov.br\/seres\/wp-content\/uploads\/sites\/87\/2025\/11\/874bc6f7-5d8a-4dc1-91e0-80b0a66034bd-947x632.jpg 947w, https:\/\/portal.pi.gov.br\/seres\/wp-content\/uploads\/sites\/87\/2025\/11\/874bc6f7-5d8a-4dc1-91e0-80b0a66034bd-624x416.jpg 624w, https:\/\/portal.pi.gov.br\/seres\/wp-content\/uploads\/sites\/87\/2025\/11\/874bc6f7-5d8a-4dc1-91e0-80b0a66034bd-84x56.jpg 84w, https:\/\/portal.pi.gov.br\/seres\/wp-content\/uploads\/sites\/87\/2025\/11\/874bc6f7-5d8a-4dc1-91e0-80b0a66034bd.jpg 1280w\" sizes=\"(max-width: 1024px) 100vw, 1024px\" \/><\/figure>\n\n\n\n<figure class=\"wp-block-image size-large\"><img decoding=\"async\" loading=\"lazy\" width=\"1024\" height=\"683\" data-id=\"5240\"  src=\"https:\/\/portal.pi.gov.br\/seres\/wp-content\/uploads\/sites\/87\/2025\/11\/093a7ab7-0ea4-4d9f-9950-aeac6df9b9c3-1024x683.jpg\" alt=\"\" class=\"wp-image-5240\" srcset=\"https:\/\/portal.pi.gov.br\/seres\/wp-content\/uploads\/sites\/87\/2025\/11\/093a7ab7-0ea4-4d9f-9950-aeac6df9b9c3-1024x683.jpg 1024w, https:\/\/portal.pi.gov.br\/seres\/wp-content\/uploads\/sites\/87\/2025\/11\/093a7ab7-0ea4-4d9f-9950-aeac6df9b9c3-300x200.jpg 300w, https:\/\/portal.pi.gov.br\/seres\/wp-content\/uploads\/sites\/87\/2025\/11\/093a7ab7-0ea4-4d9f-9950-aeac6df9b9c3-768x512.jpg 768w, https:\/\/portal.pi.gov.br\/seres\/wp-content\/uploads\/sites\/87\/2025\/11\/093a7ab7-0ea4-4d9f-9950-aeac6df9b9c3-420x280.jpg 420w, https:\/\/portal.pi.gov.br\/seres\/wp-content\/uploads\/sites\/87\/2025\/11\/093a7ab7-0ea4-4d9f-9950-aeac6df9b9c3-540x360.jpg 540w, https:\/\/portal.pi.gov.br\/seres\/wp-content\/uploads\/sites\/87\/2025\/11\/093a7ab7-0ea4-4d9f-9950-aeac6df9b9c3-780x520.jpg 780w, https:\/\/portal.pi.gov.br\/seres\/wp-content\/uploads\/sites\/87\/2025\/11\/093a7ab7-0ea4-4d9f-9950-aeac6df9b9c3-947x632.jpg 947w, https:\/\/portal.pi.gov.br\/seres\/wp-content\/uploads\/sites\/87\/2025\/11\/093a7ab7-0ea4-4d9f-9950-aeac6df9b9c3-624x416.jpg 624w, https:\/\/portal.pi.gov.br\/seres\/wp-content\/uploads\/sites\/87\/2025\/11\/093a7ab7-0ea4-4d9f-9950-aeac6df9b9c3-84x56.jpg 84w, https:\/\/portal.pi.gov.br\/seres\/wp-content\/uploads\/sites\/87\/2025\/11\/093a7ab7-0ea4-4d9f-9950-aeac6df9b9c3.jpg 1280w\" sizes=\"(max-width: 1024px) 100vw, 1024px\" \/><\/figure>\n\n\n\n<figure class=\"wp-block-image size-large\"><img decoding=\"async\" loading=\"lazy\" width=\"768\" height=\"1024\" data-id=\"5249\"  src=\"https:\/\/portal.pi.gov.br\/seres\/wp-content\/uploads\/sites\/87\/2025\/11\/ef9e1021-07b9-493a-846e-f7cb5bbb91a2-768x1024.jpg\" alt=\"\" class=\"wp-image-5249\" srcset=\"https:\/\/portal.pi.gov.br\/seres\/wp-content\/uploads\/sites\/87\/2025\/11\/ef9e1021-07b9-493a-846e-f7cb5bbb91a2-768x1024.jpg 768w, https:\/\/portal.pi.gov.br\/seres\/wp-content\/uploads\/sites\/87\/2025\/11\/ef9e1021-07b9-493a-846e-f7cb5bbb91a2-225x300.jpg 225w, https:\/\/portal.pi.gov.br\/seres\/wp-content\/uploads\/sites\/87\/2025\/11\/ef9e1021-07b9-493a-846e-f7cb5bbb91a2-315x420.jpg 315w, https:\/\/portal.pi.gov.br\/seres\/wp-content\/uploads\/sites\/87\/2025\/11\/ef9e1021-07b9-493a-846e-f7cb5bbb91a2-405x540.jpg 405w, https:\/\/portal.pi.gov.br\/seres\/wp-content\/uploads\/sites\/87\/2025\/11\/ef9e1021-07b9-493a-846e-f7cb5bbb91a2-585x780.jpg 585w, https:\/\/portal.pi.gov.br\/seres\/wp-content\/uploads\/sites\/87\/2025\/11\/ef9e1021-07b9-493a-846e-f7cb5bbb91a2-947x1263.jpg 947w, https:\/\/portal.pi.gov.br\/seres\/wp-content\/uploads\/sites\/87\/2025\/11\/ef9e1021-07b9-493a-846e-f7cb5bbb91a2-624x832.jpg 624w, https:\/\/portal.pi.gov.br\/seres\/wp-content\/uploads\/sites\/87\/2025\/11\/ef9e1021-07b9-493a-846e-f7cb5bbb91a2.jpg 960w\" sizes=\"(max-width: 768px) 100vw, 768px\" \/><\/figure>\n<\/figure>\n\n\n\n<p><\/p>\n\n\n\n<p><\/p>\n\n\n\n<p><strong>Vagas disponibilizadas<\/strong><\/p>\n\n\n\n<p>Em 2026, ser\u00e3o ofertadas mais de 9.500 vagas em cursos profissionalizantes por institui\u00e7\u00f5es do Estado e parceiras, como o Senai, Senac, Senar e Sest Senat. As \u00e1reas contempladas s\u00e3o log\u00edstica, energias renov\u00e1veis, agro, tecnologia e inova\u00e7\u00e3o, turismo e servi\u00e7os. Os cursos ofertados ser\u00e3o Assistente de Planejamento, Programa\u00e7\u00e3o e Controle de Produ\u00e7\u00e3o, Assistente de Log\u00edstica, Instalador de Sistemas Fotovoltaicos, Auxiliar de Agropecu\u00e1ria, Instalador e Reparador de Redes, Cabos e Equipamentos Telef\u00f4nicos, Magarefe e Gar\u00e7om.<\/p>\n\n\n\n<p>J\u00e1 entre os cursos t\u00e9cnicos, est\u00e3o: T\u00e9cnico em Sistemas de Energia Renov\u00e1vel, T\u00e9cnico em Guia de Turismo, T\u00e9cnico em Desenvolvimento de Sistemas, T\u00e9cnico em Eletrot\u00e9cnica, T\u00e9cnico em Minera\u00e7\u00e3o, T\u00e9cnico em Agropecu\u00e1ria, T\u00e9cnico em Planejamento e Controle da Produ\u00e7\u00e3o e T\u00e9cnico em Controle Ambiental.<\/p>\n\n\n\n<p>A gradua\u00e7\u00e3o ofertar\u00e1 Bacharelado em Intelig\u00eancia Artificial, Bacharelado em Geologia, Tecn\u00f3logo em Agroecologia, Tecn\u00f3logo em Agroind\u00fastria, Tecn\u00f3logo em Banco de Dados, Tecn\u00f3logo em Sistemas de Telecomunica\u00e7\u00f5es, Tecn\u00f3logo em Jogos Digitais, Tecn\u00f3logo em Governo Digital, Tecn\u00f3logo em Marketing Digital e Tecn\u00f3logo em Gest\u00e3o de Projetos e Inova\u00e7\u00e3o P\u00fablica<\/p>\n\n\n\n<p>A especializa\u00e7\u00e3o, mestrado e doutorado ofertar\u00e3o cursos em \u00e1reas como GovTech, Economia Digital, Agro e Bioeconomia, Ind\u00fastria Verde, Ind\u00fastria Mineral, Turismo e Economia Criativa e Sa\u00fade e Biotecnologia.<\/p>\n\n\n\n<p><\/p>\n\n\n\n<p><\/p>\n\n\n\n<p><em>Com informa\u00e7\u00f5es da Secom<\/em><\/p>\n\n\n\n<p><\/p>\n\n\n\n<p>Fotos: Gabriel Paulino e Aline Raquel<\/p>\n","protected":false},"excerpt":{"rendered":"<p>O Governo do Piau\u00ed lan\u00e7ou o maior pacote de qualifica\u00e7\u00e3o profissional da hist\u00f3ria. A secret\u00e1ria N\u00fabia Lopes prestigiou o lan\u00e7amento nesta segunda-feira (24), no Pal\u00e1cio de Karnak, do Programa Mais [&hellip;]<\/p>\n","protected":false},"author":1821,"featured_media":5257,"comment_status":"closed","ping_status":"closed","sticky":true,"template":"","format":"standard","meta":[],"categories":[34],"tags":[],"featured_image_urls":{"full":["https:\/\/portal.pi.gov.br\/seres\/wp-content\/uploads\/sites\/87\/2025\/11\/27518c14-d6db-4aad-aa04-3c5e186dbe78.jpg",1280,606,false],"thumbnail":["https:\/\/portal.pi.gov.br\/seres\/wp-content\/uploads\/sites\/87\/2025\/11\/27518c14-d6db-4aad-aa04-3c5e186dbe78-150x150.jpg",150,150,true],"medium":["https:\/\/portal.pi.gov.br\/seres\/wp-content\/uploads\/sites\/87\/2025\/11\/27518c14-d6db-4aad-aa04-3c5e186dbe78-300x142.jpg",300,142,true],"medium_large":["https:\/\/portal.pi.gov.br\/seres\/wp-content\/uploads\/sites\/87\/2025\/11\/27518c14-d6db-4aad-aa04-3c5e186dbe78-768x364.jpg",768,364,true],"large":["https:\/\/portal.pi.gov.br\/seres\/wp-content\/uploads\/sites\/87\/2025\/11\/27518c14-d6db-4aad-aa04-3c5e186dbe78-1024x485.jpg",887,420,true],"sgg-420":["https:\/\/portal.pi.gov.br\/seres\/wp-content\/uploads\/sites\/87\/2025\/11\/27518c14-d6db-4aad-aa04-3c5e186dbe78-420x199.jpg",420,199,true],"sgg-540":["https:\/\/portal.pi.gov.br\/seres\/wp-content\/uploads\/sites\/87\/2025\/11\/27518c14-d6db-4aad-aa04-3c5e186dbe78-540x256.jpg",540,256,true],"sgg-780":["https:\/\/portal.pi.gov.br\/seres\/wp-content\/uploads\/sites\/87\/2025\/11\/27518c14-d6db-4aad-aa04-3c5e186dbe78-780x369.jpg",780,369,true],"1536x1536":["https:\/\/portal.pi.gov.br\/seres\/wp-content\/uploads\/sites\/87\/2025\/11\/27518c14-d6db-4aad-aa04-3c5e186dbe78.jpg",1280,606,false],"2048x2048":["https:\/\/portal.pi.gov.br\/seres\/wp-content\/uploads\/sites\/87\/2025\/11\/27518c14-d6db-4aad-aa04-3c5e186dbe78.jpg",1280,606,false],"homepage-slider":["https:\/\/portal.pi.gov.br\/seres\/wp-content\/uploads\/sites\/87\/2025\/11\/27518c14-d6db-4aad-aa04-3c5e186dbe78-1270x500.jpg",1270,500,true],"homepage-slider-small":["https:\/\/portal.pi.gov.br\/seres\/wp-content\/uploads\/sites\/87\/2025\/11\/27518c14-d6db-4aad-aa04-3c5e186dbe78-947x500.jpg",947,500,true],"page-top":["https:\/\/portal.pi.gov.br\/seres\/wp-content\/uploads\/sites\/87\/2025\/11\/27518c14-d6db-4aad-aa04-3c5e186dbe78-947x448.jpg",947,448,true],"page-small":["https:\/\/portal.pi.gov.br\/seres\/wp-content\/uploads\/sites\/87\/2025\/11\/27518c14-d6db-4aad-aa04-3c5e186dbe78-624x295.jpg",624,295,true],"loop-main":["https:\/\/portal.pi.gov.br\/seres\/wp-content\/uploads\/sites\/87\/2025\/11\/27518c14-d6db-4aad-aa04-3c5e186dbe78-365x240.jpg",365,240,true],"thumb-gallery-widget":["https:\/\/portal.pi.gov.br\/seres\/wp-content\/uploads\/sites\/87\/2025\/11\/27518c14-d6db-4aad-aa04-3c5e186dbe78-84x56.jpg",84,56,true]},"post_excerpt_stackable":"<p>O Governo do Piau\u00ed lan\u00e7ou o maior pacote de qualifica\u00e7\u00e3o profissional da hist\u00f3ria. A secret\u00e1ria N\u00fabia Lopes prestigiou o lan\u00e7amento nesta segunda-feira (24), no Pal\u00e1cio de Karnak, do Programa Mais Forma\u00e7\u00e3o, Mais Renda, a maior iniciativa j\u00e1 implementada no Piau\u00ed para ampliar oportunidades de forma\u00e7\u00e3o profissional, trabalho e gera\u00e7\u00e3o de renda para jovens e trabalhadores piauienses. O programa visa expandir a oferta de cursos t\u00e9cnicos, superiores e de p\u00f3s-gradua\u00e7\u00e3o no estado, promovendo qualifica\u00e7\u00e3o e fortalecendo o acesso ao ensino e ao mercado de trabalho. A a\u00e7\u00e3o integra o Superchoque Educacional e Tecnol\u00f3gico do Piau\u00ed e nasce com a miss\u00e3o de&hellip;<\/p>\n","category_list":"<a href=\"https:\/\/portal.pi.gov.br\/seres\/category\/noticias\/\" rel=\"category tag\">Not\u00edcias<\/a>","author_info":{"name":"alineraquel","url":"https:\/\/portal.pi.gov.br\/seres\/author\/alineraquel\/"},"comments_num":"0 coment\u00e1rio","featured_image_urls_v2":{"full":["https:\/\/portal.pi.gov.br\/seres\/wp-content\/uploads\/sites\/87\/2025\/11\/27518c14-d6db-4aad-aa04-3c5e186dbe78.jpg",1280,606,false],"thumbnail":["https:\/\/portal.pi.gov.br\/seres\/wp-content\/uploads\/sites\/87\/2025\/11\/27518c14-d6db-4aad-aa04-3c5e186dbe78-150x150.jpg",150,150,true],"medium":["https:\/\/portal.pi.gov.br\/seres\/wp-content\/uploads\/sites\/87\/2025\/11\/27518c14-d6db-4aad-aa04-3c5e186dbe78-300x142.jpg",300,142,true],"medium_large":["https:\/\/portal.pi.gov.br\/seres\/wp-content\/uploads\/sites\/87\/2025\/11\/27518c14-d6db-4aad-aa04-3c5e186dbe78-768x364.jpg",768,364,true],"large":["https:\/\/portal.pi.gov.br\/seres\/wp-content\/uploads\/sites\/87\/2025\/11\/27518c14-d6db-4aad-aa04-3c5e186dbe78-1024x485.jpg",887,420,true],"sgg-420":["https:\/\/portal.pi.gov.br\/seres\/wp-content\/uploads\/sites\/87\/2025\/11\/27518c14-d6db-4aad-aa04-3c5e186dbe78-420x199.jpg",420,199,true],"sgg-540":["https:\/\/portal.pi.gov.br\/seres\/wp-content\/uploads\/sites\/87\/2025\/11\/27518c14-d6db-4aad-aa04-3c5e186dbe78-540x256.jpg",540,256,true],"sgg-780":["https:\/\/portal.pi.gov.br\/seres\/wp-content\/uploads\/sites\/87\/2025\/11\/27518c14-d6db-4aad-aa04-3c5e186dbe78-780x369.jpg",780,369,true],"1536x1536":["https:\/\/portal.pi.gov.br\/seres\/wp-content\/uploads\/sites\/87\/2025\/11\/27518c14-d6db-4aad-aa04-3c5e186dbe78.jpg",1280,606,false],"2048x2048":["https:\/\/portal.pi.gov.br\/seres\/wp-content\/uploads\/sites\/87\/2025\/11\/27518c14-d6db-4aad-aa04-3c5e186dbe78.jpg",1280,606,false],"homepage-slider":["https:\/\/portal.pi.gov.br\/seres\/wp-content\/uploads\/sites\/87\/2025\/11\/27518c14-d6db-4aad-aa04-3c5e186dbe78-1270x500.jpg",1270,500,true],"homepage-slider-small":["https:\/\/portal.pi.gov.br\/seres\/wp-content\/uploads\/sites\/87\/2025\/11\/27518c14-d6db-4aad-aa04-3c5e186dbe78-947x500.jpg",947,500,true],"page-top":["https:\/\/portal.pi.gov.br\/seres\/wp-content\/uploads\/sites\/87\/2025\/11\/27518c14-d6db-4aad-aa04-3c5e186dbe78-947x448.jpg",947,448,true],"page-small":["https:\/\/portal.pi.gov.br\/seres\/wp-content\/uploads\/sites\/87\/2025\/11\/27518c14-d6db-4aad-aa04-3c5e186dbe78-624x295.jpg",624,295,true],"loop-main":["https:\/\/portal.pi.gov.br\/seres\/wp-content\/uploads\/sites\/87\/2025\/11\/27518c14-d6db-4aad-aa04-3c5e186dbe78-365x240.jpg",365,240,true],"thumb-gallery-widget":["https:\/\/portal.pi.gov.br\/seres\/wp-content\/uploads\/sites\/87\/2025\/11\/27518c14-d6db-4aad-aa04-3c5e186dbe78-84x56.jpg",84,56,true]},"post_excerpt_stackable_v2":"<p>O Governo do Piau\u00ed lan\u00e7ou o maior pacote de qualifica\u00e7\u00e3o profissional da hist\u00f3ria. A secret\u00e1ria N\u00fabia Lopes prestigiou o lan\u00e7amento nesta segunda-feira (24), no Pal\u00e1cio de Karnak, do Programa Mais Forma\u00e7\u00e3o, Mais Renda, a maior iniciativa j\u00e1 implementada no Piau\u00ed para ampliar oportunidades de forma\u00e7\u00e3o profissional, trabalho e gera\u00e7\u00e3o de renda para jovens e trabalhadores piauienses. O programa visa expandir a oferta de cursos t\u00e9cnicos, superiores e de p\u00f3s-gradua\u00e7\u00e3o no estado, promovendo qualifica\u00e7\u00e3o e fortalecendo o acesso ao ensino e ao mercado de trabalho. A a\u00e7\u00e3o integra o Superchoque Educacional e Tecnol\u00f3gico do Piau\u00ed e nasce com a miss\u00e3o de&hellip;<\/p>\n","category_list_v2":"<a href=\"https:\/\/portal.pi.gov.br\/seres\/category\/noticias\/\" rel=\"category tag\">Not\u00edcias<\/a>","author_info_v2":{"name":"alineraquel","url":"https:\/\/portal.pi.gov.br\/seres\/author\/alineraquel\/"},"comments_num_v2":"0 coment\u00e1rio","jetpack_featured_media_url":"https:\/\/portal.pi.gov.br\/seres\/wp-content\/uploads\/sites\/87\/2025\/11\/27518c14-d6db-4aad-aa04-3c5e186dbe78.jpg","_links":{"self":[{"href":"https:\/\/portal.pi.gov.br\/seres\/wp-json\/wp\/v2\/posts\/5254"}],"collection":[{"href":"https:\/\/portal.pi.gov.br\/seres\/wp-json\/wp\/v2\/posts"}],"about":[{"href":"https:\/\/portal.pi.gov.br\/seres\/wp-json\/wp\/v2\/types\/post"}],"author":[{"embeddable":true,"href":"https:\/\/portal.pi.gov.br\/seres\/wp-json\/wp\/v2\/users\/1821"}],"replies":[{"embeddable":true,"href":"https:\/\/portal.pi.gov.br\/seres\/wp-json\/wp\/v2\/comments?post=5254"}],"version-history":[{"count":3,"href":"https:\/\/portal.pi.gov.br\/seres\/wp-json\/wp\/v2\/posts\/5254\/revisions"}],"predecessor-version":[{"id":5259,"href":"https:\/\/portal.pi.gov.br\/seres\/wp-json\/wp\/v2\/posts\/5254\/revisions\/5259"}],"wp:featuredmedia":[{"embeddable":true,"href":"https:\/\/portal.pi.gov.br\/seres\/wp-json\/wp\/v2\/media\/5257"}],"wp:attachment":[{"href":"https:\/\/portal.pi.gov.br\/seres\/wp-json\/wp\/v2\/media?parent=5254"}],"wp:term":[{"taxonomy":"category","embeddable":true,"href":"https:\/\/portal.pi.gov.br\/seres\/wp-json\/wp\/v2\/categories?post=5254"},{"taxonomy":"post_tag","embeddable":true,"href":"https:\/\/portal.pi.gov.br\/seres\/wp-json\/wp\/v2\/tags?post=5254"}],"curies":[{"name":"wp","href":"https:\/\/api.w.org\/{rel}","templated":true}]}}