{"id":5265,"date":"2025-11-26T17:00:00","date_gmt":"2025-11-26T20:00:00","guid":{"rendered":"https:\/\/portal.pi.gov.br\/seres\/?p=5265"},"modified":"2025-11-27T12:01:53","modified_gmt":"2025-11-27T15:01:53","slug":"seres-promove-curso-de-capacitacao-para-liderancas-de-teresina-atraves-do-lideranca-em-destaque","status":"publish","type":"post","link":"https:\/\/portal.pi.gov.br\/seres\/2025\/11\/26\/seres-promove-curso-de-capacitacao-para-liderancas-de-teresina-atraves-do-lideranca-em-destaque\/","title":{"rendered":"Seres promove curso de capacita\u00e7\u00e3o para lideran\u00e7as de Teresina atrav\u00e9s do &#8220;Lideran\u00e7a em Destaque&#8221;"},"content":{"rendered":"\n<p>O programa tem como foco preparar lideran\u00e7as comunit\u00e1rias e fortalecer a participa\u00e7\u00e3o social.&nbsp;<\/p>\n\n\n\n<p><\/p>\n\n\n\n<figure class=\"wp-block-image size-large\"><img decoding=\"async\" loading=\"lazy\" width=\"1024\" height=\"768\" src=\"https:\/\/portal.pi.gov.br\/seres\/wp-content\/uploads\/sites\/87\/2025\/11\/8e96e25f-32a5-4a4d-880f-f3c366dc6bc1-1024x768.jpg\" alt=\"\" class=\"wp-image-5261\" srcset=\"https:\/\/portal.pi.gov.br\/seres\/wp-content\/uploads\/sites\/87\/2025\/11\/8e96e25f-32a5-4a4d-880f-f3c366dc6bc1-1024x768.jpg 1024w, https:\/\/portal.pi.gov.br\/seres\/wp-content\/uploads\/sites\/87\/2025\/11\/8e96e25f-32a5-4a4d-880f-f3c366dc6bc1-300x225.jpg 300w, https:\/\/portal.pi.gov.br\/seres\/wp-content\/uploads\/sites\/87\/2025\/11\/8e96e25f-32a5-4a4d-880f-f3c366dc6bc1-768x576.jpg 768w, https:\/\/portal.pi.gov.br\/seres\/wp-content\/uploads\/sites\/87\/2025\/11\/8e96e25f-32a5-4a4d-880f-f3c366dc6bc1-420x315.jpg 420w, https:\/\/portal.pi.gov.br\/seres\/wp-content\/uploads\/sites\/87\/2025\/11\/8e96e25f-32a5-4a4d-880f-f3c366dc6bc1-540x405.jpg 540w, https:\/\/portal.pi.gov.br\/seres\/wp-content\/uploads\/sites\/87\/2025\/11\/8e96e25f-32a5-4a4d-880f-f3c366dc6bc1-780x585.jpg 780w, https:\/\/portal.pi.gov.br\/seres\/wp-content\/uploads\/sites\/87\/2025\/11\/8e96e25f-32a5-4a4d-880f-f3c366dc6bc1-947x710.jpg 947w, https:\/\/portal.pi.gov.br\/seres\/wp-content\/uploads\/sites\/87\/2025\/11\/8e96e25f-32a5-4a4d-880f-f3c366dc6bc1-624x468.jpg 624w, https:\/\/portal.pi.gov.br\/seres\/wp-content\/uploads\/sites\/87\/2025\/11\/8e96e25f-32a5-4a4d-880f-f3c366dc6bc1.jpg 1280w\" sizes=\"(max-width: 1024px) 100vw, 1024px\" \/><\/figure>\n\n\n\n<p><\/p>\n\n\n\n<p>Nesta quarta-feira (26) a Seres, em parceria com a Secretaria de Administra\u00e7\u00e3o (Sead), por meio da Escola de Governo, promoveu mais uma capacita\u00e7\u00e3o do Lideran\u00e7a em Destaque. O programa ofertou para as lideran\u00e7as das zonas Norte e Leste o curso de &#8220;Comunica\u00e7\u00e3o Assertiva para Lideran\u00e7as&#8221;, no CETI Cristino Castelo Branco, no bairro Buenos Aires.<\/p>\n\n\n\n<p>O objetivo do curso \u00e9 aprimorar a comunica\u00e7\u00e3o, a gest\u00e3o de conflitos e a habilidade de liderar com clareza e impacto. Capacitando l\u00edderes com t\u00e9cnicas de comunica\u00e7\u00e3o assertiva para melhorar o relacionamento com suas equipes, gerenciar conflitos e aumentar o engajamento.<\/p>\n\n\n\n<p>Segundo a secret\u00e1ria de Rela\u00e7\u00f5es Sociais, N\u00fabia Lopes, a iniciativa contribui para ampliar o alcance das a\u00e7\u00f5es das organiza\u00e7\u00f5es. \u201cO programa representa um passo importante no fortalecimento da sociedade civil, pois prepara as lideran\u00e7as do terceiro setor para expandirem suas a\u00e7\u00f5es e proporcionar mudan\u00e7as significativas em suas comunidades\u201d, destacou.<\/p>\n\n\n\n<p>O p\u00fablico-alvo sempre inclui representantes de associa\u00e7\u00f5es comunit\u00e1rias, sindicatos, povos de terreiro, comunidades tradicionais, quilombolas, ind\u00edgenas, ONGs e agentes do terceiro setor.<\/p>\n\n\n\n<figure class=\"wp-block-gallery has-nested-images columns-default is-cropped wp-block-gallery-1 is-layout-flex\">\n<figure class=\"wp-block-image size-large\"><img decoding=\"async\" loading=\"lazy\" width=\"1024\" height=\"768\" data-id=\"5264\"  src=\"https:\/\/portal.pi.gov.br\/seres\/wp-content\/uploads\/sites\/87\/2025\/11\/d825202f-719a-4284-8cff-f18e59696757-1024x768.jpg\" alt=\"\" class=\"wp-image-5264\" srcset=\"https:\/\/portal.pi.gov.br\/seres\/wp-content\/uploads\/sites\/87\/2025\/11\/d825202f-719a-4284-8cff-f18e59696757-1024x768.jpg 1024w, https:\/\/portal.pi.gov.br\/seres\/wp-content\/uploads\/sites\/87\/2025\/11\/d825202f-719a-4284-8cff-f18e59696757-300x225.jpg 300w, https:\/\/portal.pi.gov.br\/seres\/wp-content\/uploads\/sites\/87\/2025\/11\/d825202f-719a-4284-8cff-f18e59696757-768x576.jpg 768w, https:\/\/portal.pi.gov.br\/seres\/wp-content\/uploads\/sites\/87\/2025\/11\/d825202f-719a-4284-8cff-f18e59696757-420x315.jpg 420w, https:\/\/portal.pi.gov.br\/seres\/wp-content\/uploads\/sites\/87\/2025\/11\/d825202f-719a-4284-8cff-f18e59696757-540x405.jpg 540w, https:\/\/portal.pi.gov.br\/seres\/wp-content\/uploads\/sites\/87\/2025\/11\/d825202f-719a-4284-8cff-f18e59696757-780x585.jpg 780w, https:\/\/portal.pi.gov.br\/seres\/wp-content\/uploads\/sites\/87\/2025\/11\/d825202f-719a-4284-8cff-f18e59696757-947x710.jpg 947w, https:\/\/portal.pi.gov.br\/seres\/wp-content\/uploads\/sites\/87\/2025\/11\/d825202f-719a-4284-8cff-f18e59696757-624x468.jpg 624w, https:\/\/portal.pi.gov.br\/seres\/wp-content\/uploads\/sites\/87\/2025\/11\/d825202f-719a-4284-8cff-f18e59696757.jpg 1280w\" sizes=\"(max-width: 1024px) 100vw, 1024px\" \/><\/figure>\n\n\n\n<figure class=\"wp-block-image size-large\"><img decoding=\"async\" loading=\"lazy\" width=\"1024\" height=\"768\" data-id=\"5262\"  src=\"https:\/\/portal.pi.gov.br\/seres\/wp-content\/uploads\/sites\/87\/2025\/11\/9c2478ed-cd00-4c46-be5d-44e95338a36f-1024x768.jpg\" alt=\"\" class=\"wp-image-5262\" srcset=\"https:\/\/portal.pi.gov.br\/seres\/wp-content\/uploads\/sites\/87\/2025\/11\/9c2478ed-cd00-4c46-be5d-44e95338a36f-1024x768.jpg 1024w, https:\/\/portal.pi.gov.br\/seres\/wp-content\/uploads\/sites\/87\/2025\/11\/9c2478ed-cd00-4c46-be5d-44e95338a36f-300x225.jpg 300w, https:\/\/portal.pi.gov.br\/seres\/wp-content\/uploads\/sites\/87\/2025\/11\/9c2478ed-cd00-4c46-be5d-44e95338a36f-768x576.jpg 768w, https:\/\/portal.pi.gov.br\/seres\/wp-content\/uploads\/sites\/87\/2025\/11\/9c2478ed-cd00-4c46-be5d-44e95338a36f-420x315.jpg 420w, https:\/\/portal.pi.gov.br\/seres\/wp-content\/uploads\/sites\/87\/2025\/11\/9c2478ed-cd00-4c46-be5d-44e95338a36f-540x405.jpg 540w, https:\/\/portal.pi.gov.br\/seres\/wp-content\/uploads\/sites\/87\/2025\/11\/9c2478ed-cd00-4c46-be5d-44e95338a36f-780x585.jpg 780w, https:\/\/portal.pi.gov.br\/seres\/wp-content\/uploads\/sites\/87\/2025\/11\/9c2478ed-cd00-4c46-be5d-44e95338a36f-947x710.jpg 947w, https:\/\/portal.pi.gov.br\/seres\/wp-content\/uploads\/sites\/87\/2025\/11\/9c2478ed-cd00-4c46-be5d-44e95338a36f-624x468.jpg 624w, https:\/\/portal.pi.gov.br\/seres\/wp-content\/uploads\/sites\/87\/2025\/11\/9c2478ed-cd00-4c46-be5d-44e95338a36f.jpg 1280w\" sizes=\"(max-width: 1024px) 100vw, 1024px\" \/><\/figure>\n\n\n\n<figure class=\"wp-block-image size-large\"><img decoding=\"async\" loading=\"lazy\" width=\"1024\" height=\"768\" data-id=\"5261\"  src=\"https:\/\/portal.pi.gov.br\/seres\/wp-content\/uploads\/sites\/87\/2025\/11\/8e96e25f-32a5-4a4d-880f-f3c366dc6bc1-1024x768.jpg\" alt=\"\" class=\"wp-image-5261\" srcset=\"https:\/\/portal.pi.gov.br\/seres\/wp-content\/uploads\/sites\/87\/2025\/11\/8e96e25f-32a5-4a4d-880f-f3c366dc6bc1-1024x768.jpg 1024w, https:\/\/portal.pi.gov.br\/seres\/wp-content\/uploads\/sites\/87\/2025\/11\/8e96e25f-32a5-4a4d-880f-f3c366dc6bc1-300x225.jpg 300w, https:\/\/portal.pi.gov.br\/seres\/wp-content\/uploads\/sites\/87\/2025\/11\/8e96e25f-32a5-4a4d-880f-f3c366dc6bc1-768x576.jpg 768w, https:\/\/portal.pi.gov.br\/seres\/wp-content\/uploads\/sites\/87\/2025\/11\/8e96e25f-32a5-4a4d-880f-f3c366dc6bc1-420x315.jpg 420w, https:\/\/portal.pi.gov.br\/seres\/wp-content\/uploads\/sites\/87\/2025\/11\/8e96e25f-32a5-4a4d-880f-f3c366dc6bc1-540x405.jpg 540w, https:\/\/portal.pi.gov.br\/seres\/wp-content\/uploads\/sites\/87\/2025\/11\/8e96e25f-32a5-4a4d-880f-f3c366dc6bc1-780x585.jpg 780w, https:\/\/portal.pi.gov.br\/seres\/wp-content\/uploads\/sites\/87\/2025\/11\/8e96e25f-32a5-4a4d-880f-f3c366dc6bc1-947x710.jpg 947w, https:\/\/portal.pi.gov.br\/seres\/wp-content\/uploads\/sites\/87\/2025\/11\/8e96e25f-32a5-4a4d-880f-f3c366dc6bc1-624x468.jpg 624w, https:\/\/portal.pi.gov.br\/seres\/wp-content\/uploads\/sites\/87\/2025\/11\/8e96e25f-32a5-4a4d-880f-f3c366dc6bc1.jpg 1280w\" sizes=\"(max-width: 1024px) 100vw, 1024px\" \/><\/figure>\n\n\n\n<figure class=\"wp-block-image size-large\"><img decoding=\"async\" loading=\"lazy\" width=\"768\" height=\"1024\" data-id=\"5260\"  src=\"https:\/\/portal.pi.gov.br\/seres\/wp-content\/uploads\/sites\/87\/2025\/11\/3cb6a8f1-b739-4187-86f5-d2725d550de3-768x1024.jpg\" alt=\"\" class=\"wp-image-5260\" srcset=\"https:\/\/portal.pi.gov.br\/seres\/wp-content\/uploads\/sites\/87\/2025\/11\/3cb6a8f1-b739-4187-86f5-d2725d550de3-768x1024.jpg 768w, https:\/\/portal.pi.gov.br\/seres\/wp-content\/uploads\/sites\/87\/2025\/11\/3cb6a8f1-b739-4187-86f5-d2725d550de3-225x300.jpg 225w, https:\/\/portal.pi.gov.br\/seres\/wp-content\/uploads\/sites\/87\/2025\/11\/3cb6a8f1-b739-4187-86f5-d2725d550de3-315x420.jpg 315w, https:\/\/portal.pi.gov.br\/seres\/wp-content\/uploads\/sites\/87\/2025\/11\/3cb6a8f1-b739-4187-86f5-d2725d550de3-405x540.jpg 405w, https:\/\/portal.pi.gov.br\/seres\/wp-content\/uploads\/sites\/87\/2025\/11\/3cb6a8f1-b739-4187-86f5-d2725d550de3-585x780.jpg 585w, https:\/\/portal.pi.gov.br\/seres\/wp-content\/uploads\/sites\/87\/2025\/11\/3cb6a8f1-b739-4187-86f5-d2725d550de3-947x1263.jpg 947w, https:\/\/portal.pi.gov.br\/seres\/wp-content\/uploads\/sites\/87\/2025\/11\/3cb6a8f1-b739-4187-86f5-d2725d550de3-624x832.jpg 624w, https:\/\/portal.pi.gov.br\/seres\/wp-content\/uploads\/sites\/87\/2025\/11\/3cb6a8f1-b739-4187-86f5-d2725d550de3.jpg 960w\" sizes=\"(max-width: 768px) 100vw, 768px\" \/><\/figure>\n<\/figure>\n\n\n\n<p><\/p>\n\n\n\n<figure class=\"wp-block-image size-large\"><img decoding=\"async\" loading=\"lazy\" width=\"1024\" height=\"768\" src=\"https:\/\/portal.pi.gov.br\/seres\/wp-content\/uploads\/sites\/87\/2025\/11\/ca80ee55-c8b0-4a1d-9445-1153ec174dc0-1024x768.jpg\" alt=\"\" class=\"wp-image-5268\" srcset=\"https:\/\/portal.pi.gov.br\/seres\/wp-content\/uploads\/sites\/87\/2025\/11\/ca80ee55-c8b0-4a1d-9445-1153ec174dc0-1024x768.jpg 1024w, https:\/\/portal.pi.gov.br\/seres\/wp-content\/uploads\/sites\/87\/2025\/11\/ca80ee55-c8b0-4a1d-9445-1153ec174dc0-300x225.jpg 300w, https:\/\/portal.pi.gov.br\/seres\/wp-content\/uploads\/sites\/87\/2025\/11\/ca80ee55-c8b0-4a1d-9445-1153ec174dc0-768x576.jpg 768w, https:\/\/portal.pi.gov.br\/seres\/wp-content\/uploads\/sites\/87\/2025\/11\/ca80ee55-c8b0-4a1d-9445-1153ec174dc0-420x315.jpg 420w, https:\/\/portal.pi.gov.br\/seres\/wp-content\/uploads\/sites\/87\/2025\/11\/ca80ee55-c8b0-4a1d-9445-1153ec174dc0-540x405.jpg 540w, https:\/\/portal.pi.gov.br\/seres\/wp-content\/uploads\/sites\/87\/2025\/11\/ca80ee55-c8b0-4a1d-9445-1153ec174dc0-780x585.jpg 780w, https:\/\/portal.pi.gov.br\/seres\/wp-content\/uploads\/sites\/87\/2025\/11\/ca80ee55-c8b0-4a1d-9445-1153ec174dc0-947x710.jpg 947w, https:\/\/portal.pi.gov.br\/seres\/wp-content\/uploads\/sites\/87\/2025\/11\/ca80ee55-c8b0-4a1d-9445-1153ec174dc0-624x468.jpg 624w, https:\/\/portal.pi.gov.br\/seres\/wp-content\/uploads\/sites\/87\/2025\/11\/ca80ee55-c8b0-4a1d-9445-1153ec174dc0.jpg 1280w\" sizes=\"(max-width: 1024px) 100vw, 1024px\" \/><\/figure>\n\n\n\n<p><\/p>\n\n\n\n<p>Fotos: Fabr\u00edcio Freitas<\/p>\n","protected":false},"excerpt":{"rendered":"<p>O programa tem como foco preparar lideran\u00e7as comunit\u00e1rias e fortalecer a participa\u00e7\u00e3o social.&nbsp; Nesta quarta-feira (26) a Seres, em parceria com a Secretaria de Administra\u00e7\u00e3o (Sead), por meio da Escola [&hellip;]<\/p>\n","protected":false},"author":1821,"featured_media":5264,"comment_status":"closed","ping_status":"closed","sticky":true,"template":"","format":"standard","meta":[],"categories":[34],"tags":[47,41],"featured_image_urls":{"full":["https:\/\/portal.pi.gov.br\/seres\/wp-content\/uploads\/sites\/87\/2025\/11\/d825202f-719a-4284-8cff-f18e59696757.jpg",1280,960,false],"thumbnail":["https:\/\/portal.pi.gov.br\/seres\/wp-content\/uploads\/sites\/87\/2025\/11\/d825202f-719a-4284-8cff-f18e59696757-150x150.jpg",150,150,true],"medium":["https:\/\/portal.pi.gov.br\/seres\/wp-content\/uploads\/sites\/87\/2025\/11\/d825202f-719a-4284-8cff-f18e59696757-300x225.jpg",300,225,true],"medium_large":["https:\/\/portal.pi.gov.br\/seres\/wp-content\/uploads\/sites\/87\/2025\/11\/d825202f-719a-4284-8cff-f18e59696757-768x576.jpg",768,576,true],"large":["https:\/\/portal.pi.gov.br\/seres\/wp-content\/uploads\/sites\/87\/2025\/11\/d825202f-719a-4284-8cff-f18e59696757-1024x768.jpg",887,665,true],"sgg-420":["https:\/\/portal.pi.gov.br\/seres\/wp-content\/uploads\/sites\/87\/2025\/11\/d825202f-719a-4284-8cff-f18e59696757-420x315.jpg",420,315,true],"sgg-540":["https:\/\/portal.pi.gov.br\/seres\/wp-content\/uploads\/sites\/87\/2025\/11\/d825202f-719a-4284-8cff-f18e59696757-540x405.jpg",540,405,true],"sgg-780":["https:\/\/portal.pi.gov.br\/seres\/wp-content\/uploads\/sites\/87\/2025\/11\/d825202f-719a-4284-8cff-f18e59696757-780x585.jpg",780,585,true],"1536x1536":["https:\/\/portal.pi.gov.br\/seres\/wp-content\/uploads\/sites\/87\/2025\/11\/d825202f-719a-4284-8cff-f18e59696757.jpg",1280,960,false],"2048x2048":["https:\/\/portal.pi.gov.br\/seres\/wp-content\/uploads\/sites\/87\/2025\/11\/d825202f-719a-4284-8cff-f18e59696757.jpg",1280,960,false],"homepage-slider":["https:\/\/portal.pi.gov.br\/seres\/wp-content\/uploads\/sites\/87\/2025\/11\/d825202f-719a-4284-8cff-f18e59696757-1270x500.jpg",1270,500,true],"homepage-slider-small":["https:\/\/portal.pi.gov.br\/seres\/wp-content\/uploads\/sites\/87\/2025\/11\/d825202f-719a-4284-8cff-f18e59696757-947x500.jpg",947,500,true],"page-top":["https:\/\/portal.pi.gov.br\/seres\/wp-content\/uploads\/sites\/87\/2025\/11\/d825202f-719a-4284-8cff-f18e59696757-947x710.jpg",947,710,true],"page-small":["https:\/\/portal.pi.gov.br\/seres\/wp-content\/uploads\/sites\/87\/2025\/11\/d825202f-719a-4284-8cff-f18e59696757-624x468.jpg",624,468,true],"loop-main":["https:\/\/portal.pi.gov.br\/seres\/wp-content\/uploads\/sites\/87\/2025\/11\/d825202f-719a-4284-8cff-f18e59696757-365x240.jpg",365,240,true],"thumb-gallery-widget":["https:\/\/portal.pi.gov.br\/seres\/wp-content\/uploads\/sites\/87\/2025\/11\/d825202f-719a-4284-8cff-f18e59696757-84x56.jpg",84,56,true]},"post_excerpt_stackable":"<p>O programa tem como foco preparar lideran\u00e7as comunit\u00e1rias e fortalecer a participa\u00e7\u00e3o social.&nbsp; Nesta quarta-feira (26) a Seres, em parceria com a Secretaria de Administra\u00e7\u00e3o (Sead), por meio da Escola de Governo, promoveu mais uma capacita\u00e7\u00e3o do Lideran\u00e7a em Destaque. O programa ofertou para as lideran\u00e7as das zonas Norte e Leste o curso de &#8220;Comunica\u00e7\u00e3o Assertiva para Lideran\u00e7as&#8221;, no CETI Cristino Castelo Branco, no bairro Buenos Aires. O objetivo do curso \u00e9 aprimorar a comunica\u00e7\u00e3o, a gest\u00e3o de conflitos e a habilidade de liderar com clareza e impacto. Capacitando l\u00edderes com t\u00e9cnicas de comunica\u00e7\u00e3o assertiva para melhorar o relacionamento com&hellip;<\/p>\n","category_list":"<a href=\"https:\/\/portal.pi.gov.br\/seres\/category\/noticias\/\" rel=\"category tag\">Not\u00edcias<\/a>","author_info":{"name":"alineraquel","url":"https:\/\/portal.pi.gov.br\/seres\/author\/alineraquel\/"},"comments_num":"0 coment\u00e1rio","featured_image_urls_v2":{"full":["https:\/\/portal.pi.gov.br\/seres\/wp-content\/uploads\/sites\/87\/2025\/11\/d825202f-719a-4284-8cff-f18e59696757.jpg",1280,960,false],"thumbnail":["https:\/\/portal.pi.gov.br\/seres\/wp-content\/uploads\/sites\/87\/2025\/11\/d825202f-719a-4284-8cff-f18e59696757-150x150.jpg",150,150,true],"medium":["https:\/\/portal.pi.gov.br\/seres\/wp-content\/uploads\/sites\/87\/2025\/11\/d825202f-719a-4284-8cff-f18e59696757-300x225.jpg",300,225,true],"medium_large":["https:\/\/portal.pi.gov.br\/seres\/wp-content\/uploads\/sites\/87\/2025\/11\/d825202f-719a-4284-8cff-f18e59696757-768x576.jpg",768,576,true],"large":["https:\/\/portal.pi.gov.br\/seres\/wp-content\/uploads\/sites\/87\/2025\/11\/d825202f-719a-4284-8cff-f18e59696757-1024x768.jpg",887,665,true],"sgg-420":["https:\/\/portal.pi.gov.br\/seres\/wp-content\/uploads\/sites\/87\/2025\/11\/d825202f-719a-4284-8cff-f18e59696757-420x315.jpg",420,315,true],"sgg-540":["https:\/\/portal.pi.gov.br\/seres\/wp-content\/uploads\/sites\/87\/2025\/11\/d825202f-719a-4284-8cff-f18e59696757-540x405.jpg",540,405,true],"sgg-780":["https:\/\/portal.pi.gov.br\/seres\/wp-content\/uploads\/sites\/87\/2025\/11\/d825202f-719a-4284-8cff-f18e59696757-780x585.jpg",780,585,true],"1536x1536":["https:\/\/portal.pi.gov.br\/seres\/wp-content\/uploads\/sites\/87\/2025\/11\/d825202f-719a-4284-8cff-f18e59696757.jpg",1280,960,false],"2048x2048":["https:\/\/portal.pi.gov.br\/seres\/wp-content\/uploads\/sites\/87\/2025\/11\/d825202f-719a-4284-8cff-f18e59696757.jpg",1280,960,false],"homepage-slider":["https:\/\/portal.pi.gov.br\/seres\/wp-content\/uploads\/sites\/87\/2025\/11\/d825202f-719a-4284-8cff-f18e59696757-1270x500.jpg",1270,500,true],"homepage-slider-small":["https:\/\/portal.pi.gov.br\/seres\/wp-content\/uploads\/sites\/87\/2025\/11\/d825202f-719a-4284-8cff-f18e59696757-947x500.jpg",947,500,true],"page-top":["https:\/\/portal.pi.gov.br\/seres\/wp-content\/uploads\/sites\/87\/2025\/11\/d825202f-719a-4284-8cff-f18e59696757-947x710.jpg",947,710,true],"page-small":["https:\/\/portal.pi.gov.br\/seres\/wp-content\/uploads\/sites\/87\/2025\/11\/d825202f-719a-4284-8cff-f18e59696757-624x468.jpg",624,468,true],"loop-main":["https:\/\/portal.pi.gov.br\/seres\/wp-content\/uploads\/sites\/87\/2025\/11\/d825202f-719a-4284-8cff-f18e59696757-365x240.jpg",365,240,true],"thumb-gallery-widget":["https:\/\/portal.pi.gov.br\/seres\/wp-content\/uploads\/sites\/87\/2025\/11\/d825202f-719a-4284-8cff-f18e59696757-84x56.jpg",84,56,true]},"post_excerpt_stackable_v2":"<p>O programa tem como foco preparar lideran\u00e7as comunit\u00e1rias e fortalecer a participa\u00e7\u00e3o social.&nbsp; Nesta quarta-feira (26) a Seres, em parceria com a Secretaria de Administra\u00e7\u00e3o (Sead), por meio da Escola de Governo, promoveu mais uma capacita\u00e7\u00e3o do Lideran\u00e7a em Destaque. O programa ofertou para as lideran\u00e7as das zonas Norte e Leste o curso de &#8220;Comunica\u00e7\u00e3o Assertiva para Lideran\u00e7as&#8221;, no CETI Cristino Castelo Branco, no bairro Buenos Aires. O objetivo do curso \u00e9 aprimorar a comunica\u00e7\u00e3o, a gest\u00e3o de conflitos e a habilidade de liderar com clareza e impacto. Capacitando l\u00edderes com t\u00e9cnicas de comunica\u00e7\u00e3o assertiva para melhorar o relacionamento com&hellip;<\/p>\n","category_list_v2":"<a href=\"https:\/\/portal.pi.gov.br\/seres\/category\/noticias\/\" rel=\"category tag\">Not\u00edcias<\/a>","author_info_v2":{"name":"alineraquel","url":"https:\/\/portal.pi.gov.br\/seres\/author\/alineraquel\/"},"comments_num_v2":"0 coment\u00e1rio","jetpack_featured_media_url":"https:\/\/portal.pi.gov.br\/seres\/wp-content\/uploads\/sites\/87\/2025\/11\/d825202f-719a-4284-8cff-f18e59696757.jpg","_links":{"self":[{"href":"https:\/\/portal.pi.gov.br\/seres\/wp-json\/wp\/v2\/posts\/5265"}],"collection":[{"href":"https:\/\/portal.pi.gov.br\/seres\/wp-json\/wp\/v2\/posts"}],"about":[{"href":"https:\/\/portal.pi.gov.br\/seres\/wp-json\/wp\/v2\/types\/post"}],"author":[{"embeddable":true,"href":"https:\/\/portal.pi.gov.br\/seres\/wp-json\/wp\/v2\/users\/1821"}],"replies":[{"embeddable":true,"href":"https:\/\/portal.pi.gov.br\/seres\/wp-json\/wp\/v2\/comments?post=5265"}],"version-history":[{"count":2,"href":"https:\/\/portal.pi.gov.br\/seres\/wp-json\/wp\/v2\/posts\/5265\/revisions"}],"predecessor-version":[{"id":5269,"href":"https:\/\/portal.pi.gov.br\/seres\/wp-json\/wp\/v2\/posts\/5265\/revisions\/5269"}],"wp:featuredmedia":[{"embeddable":true,"href":"https:\/\/portal.pi.gov.br\/seres\/wp-json\/wp\/v2\/media\/5264"}],"wp:attachment":[{"href":"https:\/\/portal.pi.gov.br\/seres\/wp-json\/wp\/v2\/media?parent=5265"}],"wp:term":[{"taxonomy":"category","embeddable":true,"href":"https:\/\/portal.pi.gov.br\/seres\/wp-json\/wp\/v2\/categories?post=5265"},{"taxonomy":"post_tag","embeddable":true,"href":"https:\/\/portal.pi.gov.br\/seres\/wp-json\/wp\/v2\/tags?post=5265"}],"curies":[{"name":"wp","href":"https:\/\/api.w.org\/{rel}","templated":true}]}}