{"id":5277,"date":"2025-12-01T15:00:00","date_gmt":"2025-12-01T18:00:00","guid":{"rendered":"https:\/\/portal.pi.gov.br\/seres\/?p=5277"},"modified":"2025-12-02T14:49:42","modified_gmt":"2025-12-02T17:49:42","slug":"nubia-lopes-participa-da-assembleia-geral-ordinaria-do-consorcio-nordeste-em-teresina","status":"publish","type":"post","link":"https:\/\/portal.pi.gov.br\/seres\/2025\/12\/01\/nubia-lopes-participa-da-assembleia-geral-ordinaria-do-consorcio-nordeste-em-teresina\/","title":{"rendered":"N\u00fabia Lopes participa da Assembleia Geral Ordin\u00e1ria do Cons\u00f3rcio Nordeste em Teresina"},"content":{"rendered":"\n<p><\/p>\n\n\n\n<p>No evento, o governador Rafael Fonteles entregou a presid\u00eancia do Cons\u00f3rcio Nordeste para Paulo Dantas, governador do Alagoas.<\/p>\n\n\n\n<p><\/p>\n\n\n\n<figure class=\"wp-block-image size-large\"><img decoding=\"async\" loading=\"lazy\" width=\"1024\" height=\"768\" src=\"https:\/\/portal.pi.gov.br\/seres\/wp-content\/uploads\/sites\/87\/2025\/12\/4aadc251-46a5-42ad-b68b-0870e32cdcc7-1024x768.jpg\" alt=\"\" class=\"wp-image-5271\" srcset=\"https:\/\/portal.pi.gov.br\/seres\/wp-content\/uploads\/sites\/87\/2025\/12\/4aadc251-46a5-42ad-b68b-0870e32cdcc7-1024x768.jpg 1024w, https:\/\/portal.pi.gov.br\/seres\/wp-content\/uploads\/sites\/87\/2025\/12\/4aadc251-46a5-42ad-b68b-0870e32cdcc7-300x225.jpg 300w, https:\/\/portal.pi.gov.br\/seres\/wp-content\/uploads\/sites\/87\/2025\/12\/4aadc251-46a5-42ad-b68b-0870e32cdcc7-768x576.jpg 768w, https:\/\/portal.pi.gov.br\/seres\/wp-content\/uploads\/sites\/87\/2025\/12\/4aadc251-46a5-42ad-b68b-0870e32cdcc7-420x315.jpg 420w, https:\/\/portal.pi.gov.br\/seres\/wp-content\/uploads\/sites\/87\/2025\/12\/4aadc251-46a5-42ad-b68b-0870e32cdcc7-540x405.jpg 540w, https:\/\/portal.pi.gov.br\/seres\/wp-content\/uploads\/sites\/87\/2025\/12\/4aadc251-46a5-42ad-b68b-0870e32cdcc7-780x585.jpg 780w, https:\/\/portal.pi.gov.br\/seres\/wp-content\/uploads\/sites\/87\/2025\/12\/4aadc251-46a5-42ad-b68b-0870e32cdcc7-947x710.jpg 947w, https:\/\/portal.pi.gov.br\/seres\/wp-content\/uploads\/sites\/87\/2025\/12\/4aadc251-46a5-42ad-b68b-0870e32cdcc7-624x468.jpg 624w, https:\/\/portal.pi.gov.br\/seres\/wp-content\/uploads\/sites\/87\/2025\/12\/4aadc251-46a5-42ad-b68b-0870e32cdcc7.jpg 1280w\" sizes=\"(max-width: 1024px) 100vw, 1024px\" \/><\/figure>\n\n\n\n<p><\/p>\n\n\n\n<p>Nesta segunda-feira (1), a secret\u00e1ria de Rela\u00e7\u00f5es Sociais, N\u00fabia Lopes, participou de solenidade do Cons\u00f3rcio Nordeste, em Teresina. O Cons\u00f3rcio encerrou a \u00faltima Assembleia Geral de 2025, com um balan\u00e7o das principais realiza\u00e7\u00f5es da gest\u00e3o do governador do Piau\u00ed, Rafael Fonteles, e a escolha do novo presidente da entidade para 2026, o governador de Alagoas, Paulo Dantas. A iniciativa mais marcante do encontro, foi destacada por Rafael como a medida mais destacada de sua gest\u00e3o: o financiamento industrial atrav\u00e9s da Chamada Nordeste.<\/p>\n\n\n\n<p>A chamada de cr\u00e9dito exclusiva para o Nordeste, alcan\u00e7ou R$ 128 bilh\u00f5es em projetos apresentados e R$ 113 bilh\u00f5es validados, em \u00e1reas como bioeconomia, energias renov\u00e1veis, data centers, descarboniza\u00e7\u00e3o e ind\u00fastria automotiva. \u201cSem d\u00favida, o ponto mais forte foi esse maior volume de financiamento industrial da hist\u00f3ria do Nordeste. Essa \u00e9 a maior entrega que eu posso colocar na nossa presid\u00eancia\u201d, afirmou Fonteles.<\/p>\n\n\n\n<p>O governador lembrou ainda da parceria com empresas de tecnologia global, voltada \u00e0 transfer\u00eancia de conhecimento para universidades e centros de pesquisa, al\u00e9m da participa\u00e7\u00e3o ativa do Cons\u00f3rcio na COP30, levando ao debate mundial temas como a transi\u00e7\u00e3o energ\u00e9tica e a bioeconomia.<\/p>\n\n\n\n<figure class=\"wp-block-gallery has-nested-images columns-default is-cropped wp-block-gallery-1 is-layout-flex\">\n<figure class=\"wp-block-image size-large\"><img decoding=\"async\" loading=\"lazy\" width=\"1024\" height=\"768\" data-id=\"5275\"  src=\"https:\/\/portal.pi.gov.br\/seres\/wp-content\/uploads\/sites\/87\/2025\/12\/WhatsApp-Image-2025-12-01-at-19.59.27-2-e1764630376670.jpeg\" alt=\"\" class=\"wp-image-5275\" srcset=\"https:\/\/portal.pi.gov.br\/seres\/wp-content\/uploads\/sites\/87\/2025\/12\/WhatsApp-Image-2025-12-01-at-19.59.27-2-e1764630376670.jpeg 1024w, https:\/\/portal.pi.gov.br\/seres\/wp-content\/uploads\/sites\/87\/2025\/12\/WhatsApp-Image-2025-12-01-at-19.59.27-2-e1764630376670-300x225.jpeg 300w, https:\/\/portal.pi.gov.br\/seres\/wp-content\/uploads\/sites\/87\/2025\/12\/WhatsApp-Image-2025-12-01-at-19.59.27-2-e1764630376670-768x576.jpeg 768w, https:\/\/portal.pi.gov.br\/seres\/wp-content\/uploads\/sites\/87\/2025\/12\/WhatsApp-Image-2025-12-01-at-19.59.27-2-e1764630376670-420x315.jpeg 420w, https:\/\/portal.pi.gov.br\/seres\/wp-content\/uploads\/sites\/87\/2025\/12\/WhatsApp-Image-2025-12-01-at-19.59.27-2-e1764630376670-540x405.jpeg 540w, https:\/\/portal.pi.gov.br\/seres\/wp-content\/uploads\/sites\/87\/2025\/12\/WhatsApp-Image-2025-12-01-at-19.59.27-2-e1764630376670-780x585.jpeg 780w, https:\/\/portal.pi.gov.br\/seres\/wp-content\/uploads\/sites\/87\/2025\/12\/WhatsApp-Image-2025-12-01-at-19.59.27-2-e1764630376670-947x710.jpeg 947w, https:\/\/portal.pi.gov.br\/seres\/wp-content\/uploads\/sites\/87\/2025\/12\/WhatsApp-Image-2025-12-01-at-19.59.27-2-e1764630376670-624x468.jpeg 624w\" sizes=\"(max-width: 1024px) 100vw, 1024px\" \/><\/figure>\n<\/figure>\n\n\n\n<p><\/p>\n\n\n\n<p><\/p>\n\n\n\n<p>A Assembleia tamb\u00e9m contou com a assinatura de acordos com o Instituto Ethos, a NordGas e a DataPrev, incluindo a cria\u00e7\u00e3o do Centro de Intelig\u00eancia Artificial do Nordeste (CIAN), que integrar\u00e1 universidades e funda\u00e7\u00f5es de apoio \u00e0 pesquisa. O encontro consolidou prioridades que dever\u00e3o seguir para 2026, com o objetivo de ampliar investimentos e fortalecer a atua\u00e7\u00e3o conjunta dos estados.<\/p>\n\n\n\n<p>Fonteles ressaltou tamb\u00e9m o papel das c\u00e2maras tem\u00e1ticas, que, segundo ele, consolidam o cons\u00f3rcio como uma inst\u00e2ncia t\u00e9cnica ativa e integrada. Ao final, celebrou o ciclo. \u201cO cons\u00f3rcio n\u00e3o \u00e9 apenas o f\u00f3rum dos governadores, mas sobretudo o trabalho das equipes, compartilhando boas pr\u00e1ticas e definindo prioridades para avan\u00e7armos juntos. Viva o Cons\u00f3rcio Nordeste!\u201d.<\/p>\n\n\n\n<figure class=\"wp-block-gallery has-nested-images columns-default is-cropped wp-block-gallery-3 is-layout-flex\">\n<figure class=\"wp-block-image size-large\"><img decoding=\"async\" loading=\"lazy\" width=\"1024\" height=\"683\" data-id=\"5274\"  src=\"https:\/\/portal.pi.gov.br\/seres\/wp-content\/uploads\/sites\/87\/2025\/12\/WhatsApp-Image-2025-12-01-at-19.59.27-1-1024x683.jpeg\" alt=\"\" class=\"wp-image-5274\" srcset=\"https:\/\/portal.pi.gov.br\/seres\/wp-content\/uploads\/sites\/87\/2025\/12\/WhatsApp-Image-2025-12-01-at-19.59.27-1-1024x683.jpeg 1024w, https:\/\/portal.pi.gov.br\/seres\/wp-content\/uploads\/sites\/87\/2025\/12\/WhatsApp-Image-2025-12-01-at-19.59.27-1-300x200.jpeg 300w, https:\/\/portal.pi.gov.br\/seres\/wp-content\/uploads\/sites\/87\/2025\/12\/WhatsApp-Image-2025-12-01-at-19.59.27-1-768x512.jpeg 768w, https:\/\/portal.pi.gov.br\/seres\/wp-content\/uploads\/sites\/87\/2025\/12\/WhatsApp-Image-2025-12-01-at-19.59.27-1-420x280.jpeg 420w, https:\/\/portal.pi.gov.br\/seres\/wp-content\/uploads\/sites\/87\/2025\/12\/WhatsApp-Image-2025-12-01-at-19.59.27-1-540x360.jpeg 540w, https:\/\/portal.pi.gov.br\/seres\/wp-content\/uploads\/sites\/87\/2025\/12\/WhatsApp-Image-2025-12-01-at-19.59.27-1-780x520.jpeg 780w, https:\/\/portal.pi.gov.br\/seres\/wp-content\/uploads\/sites\/87\/2025\/12\/WhatsApp-Image-2025-12-01-at-19.59.27-1-947x632.jpeg 947w, https:\/\/portal.pi.gov.br\/seres\/wp-content\/uploads\/sites\/87\/2025\/12\/WhatsApp-Image-2025-12-01-at-19.59.27-1-624x416.jpeg 624w, https:\/\/portal.pi.gov.br\/seres\/wp-content\/uploads\/sites\/87\/2025\/12\/WhatsApp-Image-2025-12-01-at-19.59.27-1-84x56.jpeg 84w, https:\/\/portal.pi.gov.br\/seres\/wp-content\/uploads\/sites\/87\/2025\/12\/WhatsApp-Image-2025-12-01-at-19.59.27-1.jpeg 1280w\" sizes=\"(max-width: 1024px) 100vw, 1024px\" \/><\/figure>\n\n\n\n<figure class=\"wp-block-image size-large\"><img decoding=\"async\" loading=\"lazy\" width=\"1024\" height=\"768\" data-id=\"5273\"  src=\"https:\/\/portal.pi.gov.br\/seres\/wp-content\/uploads\/sites\/87\/2025\/12\/a1172c5e-7a49-4130-a8bf-d59a67fd40ca-1024x768.jpg\" alt=\"\" class=\"wp-image-5273\" srcset=\"https:\/\/portal.pi.gov.br\/seres\/wp-content\/uploads\/sites\/87\/2025\/12\/a1172c5e-7a49-4130-a8bf-d59a67fd40ca-1024x768.jpg 1024w, https:\/\/portal.pi.gov.br\/seres\/wp-content\/uploads\/sites\/87\/2025\/12\/a1172c5e-7a49-4130-a8bf-d59a67fd40ca-300x225.jpg 300w, https:\/\/portal.pi.gov.br\/seres\/wp-content\/uploads\/sites\/87\/2025\/12\/a1172c5e-7a49-4130-a8bf-d59a67fd40ca-768x576.jpg 768w, https:\/\/portal.pi.gov.br\/seres\/wp-content\/uploads\/sites\/87\/2025\/12\/a1172c5e-7a49-4130-a8bf-d59a67fd40ca-420x315.jpg 420w, https:\/\/portal.pi.gov.br\/seres\/wp-content\/uploads\/sites\/87\/2025\/12\/a1172c5e-7a49-4130-a8bf-d59a67fd40ca-540x405.jpg 540w, https:\/\/portal.pi.gov.br\/seres\/wp-content\/uploads\/sites\/87\/2025\/12\/a1172c5e-7a49-4130-a8bf-d59a67fd40ca-780x585.jpg 780w, https:\/\/portal.pi.gov.br\/seres\/wp-content\/uploads\/sites\/87\/2025\/12\/a1172c5e-7a49-4130-a8bf-d59a67fd40ca-947x710.jpg 947w, https:\/\/portal.pi.gov.br\/seres\/wp-content\/uploads\/sites\/87\/2025\/12\/a1172c5e-7a49-4130-a8bf-d59a67fd40ca-624x468.jpg 624w, https:\/\/portal.pi.gov.br\/seres\/wp-content\/uploads\/sites\/87\/2025\/12\/a1172c5e-7a49-4130-a8bf-d59a67fd40ca.jpg 1280w\" sizes=\"(max-width: 1024px) 100vw, 1024px\" \/><\/figure>\n\n\n\n<figure class=\"wp-block-image size-large\"><img decoding=\"async\" loading=\"lazy\" width=\"768\" height=\"1024\" data-id=\"5272\"  src=\"https:\/\/portal.pi.gov.br\/seres\/wp-content\/uploads\/sites\/87\/2025\/12\/a702c3c6-a687-4214-9951-a3468fc001d0-768x1024.jpg\" alt=\"\" class=\"wp-image-5272\" srcset=\"https:\/\/portal.pi.gov.br\/seres\/wp-content\/uploads\/sites\/87\/2025\/12\/a702c3c6-a687-4214-9951-a3468fc001d0-768x1024.jpg 768w, https:\/\/portal.pi.gov.br\/seres\/wp-content\/uploads\/sites\/87\/2025\/12\/a702c3c6-a687-4214-9951-a3468fc001d0-225x300.jpg 225w, https:\/\/portal.pi.gov.br\/seres\/wp-content\/uploads\/sites\/87\/2025\/12\/a702c3c6-a687-4214-9951-a3468fc001d0-315x420.jpg 315w, https:\/\/portal.pi.gov.br\/seres\/wp-content\/uploads\/sites\/87\/2025\/12\/a702c3c6-a687-4214-9951-a3468fc001d0-405x540.jpg 405w, https:\/\/portal.pi.gov.br\/seres\/wp-content\/uploads\/sites\/87\/2025\/12\/a702c3c6-a687-4214-9951-a3468fc001d0-585x780.jpg 585w, https:\/\/portal.pi.gov.br\/seres\/wp-content\/uploads\/sites\/87\/2025\/12\/a702c3c6-a687-4214-9951-a3468fc001d0-947x1263.jpg 947w, https:\/\/portal.pi.gov.br\/seres\/wp-content\/uploads\/sites\/87\/2025\/12\/a702c3c6-a687-4214-9951-a3468fc001d0-624x832.jpg 624w, https:\/\/portal.pi.gov.br\/seres\/wp-content\/uploads\/sites\/87\/2025\/12\/a702c3c6-a687-4214-9951-a3468fc001d0.jpg 960w\" sizes=\"(max-width: 768px) 100vw, 768px\" \/><\/figure>\n<\/figure>\n\n\n\n<p><\/p>\n\n\n\n<p><\/p>\n\n\n\n<p>Fotos: Gabriel Paulino e Ascom<\/p>\n","protected":false},"excerpt":{"rendered":"<p>No evento, o governador Rafael Fonteles entregou a presid\u00eancia do Cons\u00f3rcio Nordeste para Paulo Dantas, governador do Alagoas. Nesta segunda-feira (1), a secret\u00e1ria de Rela\u00e7\u00f5es Sociais, N\u00fabia Lopes, participou de [&hellip;]<\/p>\n","protected":false},"author":1821,"featured_media":5271,"comment_status":"closed","ping_status":"closed","sticky":true,"template":"","format":"standard","meta":[],"categories":[34],"tags":[],"featured_image_urls":{"full":["https:\/\/portal.pi.gov.br\/seres\/wp-content\/uploads\/sites\/87\/2025\/12\/4aadc251-46a5-42ad-b68b-0870e32cdcc7.jpg",1280,960,false],"thumbnail":["https:\/\/portal.pi.gov.br\/seres\/wp-content\/uploads\/sites\/87\/2025\/12\/4aadc251-46a5-42ad-b68b-0870e32cdcc7-150x150.jpg",150,150,true],"medium":["https:\/\/portal.pi.gov.br\/seres\/wp-content\/uploads\/sites\/87\/2025\/12\/4aadc251-46a5-42ad-b68b-0870e32cdcc7-300x225.jpg",300,225,true],"medium_large":["https:\/\/portal.pi.gov.br\/seres\/wp-content\/uploads\/sites\/87\/2025\/12\/4aadc251-46a5-42ad-b68b-0870e32cdcc7-768x576.jpg",768,576,true],"large":["https:\/\/portal.pi.gov.br\/seres\/wp-content\/uploads\/sites\/87\/2025\/12\/4aadc251-46a5-42ad-b68b-0870e32cdcc7-1024x768.jpg",887,665,true],"sgg-420":["https:\/\/portal.pi.gov.br\/seres\/wp-content\/uploads\/sites\/87\/2025\/12\/4aadc251-46a5-42ad-b68b-0870e32cdcc7-420x315.jpg",420,315,true],"sgg-540":["https:\/\/portal.pi.gov.br\/seres\/wp-content\/uploads\/sites\/87\/2025\/12\/4aadc251-46a5-42ad-b68b-0870e32cdcc7-540x405.jpg",540,405,true],"sgg-780":["https:\/\/portal.pi.gov.br\/seres\/wp-content\/uploads\/sites\/87\/2025\/12\/4aadc251-46a5-42ad-b68b-0870e32cdcc7-780x585.jpg",780,585,true],"1536x1536":["https:\/\/portal.pi.gov.br\/seres\/wp-content\/uploads\/sites\/87\/2025\/12\/4aadc251-46a5-42ad-b68b-0870e32cdcc7.jpg",1280,960,false],"2048x2048":["https:\/\/portal.pi.gov.br\/seres\/wp-content\/uploads\/sites\/87\/2025\/12\/4aadc251-46a5-42ad-b68b-0870e32cdcc7.jpg",1280,960,false],"homepage-slider":["https:\/\/portal.pi.gov.br\/seres\/wp-content\/uploads\/sites\/87\/2025\/12\/4aadc251-46a5-42ad-b68b-0870e32cdcc7-1270x500.jpg",1270,500,true],"homepage-slider-small":["https:\/\/portal.pi.gov.br\/seres\/wp-content\/uploads\/sites\/87\/2025\/12\/4aadc251-46a5-42ad-b68b-0870e32cdcc7-947x500.jpg",947,500,true],"page-top":["https:\/\/portal.pi.gov.br\/seres\/wp-content\/uploads\/sites\/87\/2025\/12\/4aadc251-46a5-42ad-b68b-0870e32cdcc7-947x710.jpg",947,710,true],"page-small":["https:\/\/portal.pi.gov.br\/seres\/wp-content\/uploads\/sites\/87\/2025\/12\/4aadc251-46a5-42ad-b68b-0870e32cdcc7-624x468.jpg",624,468,true],"loop-main":["https:\/\/portal.pi.gov.br\/seres\/wp-content\/uploads\/sites\/87\/2025\/12\/4aadc251-46a5-42ad-b68b-0870e32cdcc7-365x240.jpg",365,240,true],"thumb-gallery-widget":["https:\/\/portal.pi.gov.br\/seres\/wp-content\/uploads\/sites\/87\/2025\/12\/4aadc251-46a5-42ad-b68b-0870e32cdcc7-84x56.jpg",84,56,true]},"post_excerpt_stackable":"<p>No evento, o governador Rafael Fonteles entregou a presid\u00eancia do Cons\u00f3rcio Nordeste para Paulo Dantas, governador do Alagoas. Nesta segunda-feira (1), a secret\u00e1ria de Rela\u00e7\u00f5es Sociais, N\u00fabia Lopes, participou de solenidade do Cons\u00f3rcio Nordeste, em Teresina. O Cons\u00f3rcio encerrou a \u00faltima Assembleia Geral de 2025, com um balan\u00e7o das principais realiza\u00e7\u00f5es da gest\u00e3o do governador do Piau\u00ed, Rafael Fonteles, e a escolha do novo presidente da entidade para 2026, o governador de Alagoas, Paulo Dantas. A iniciativa mais marcante do encontro, foi destacada por Rafael como a medida mais destacada de sua gest\u00e3o: o financiamento industrial atrav\u00e9s da Chamada Nordeste.&hellip;<\/p>\n","category_list":"<a href=\"https:\/\/portal.pi.gov.br\/seres\/category\/noticias\/\" rel=\"category tag\">Not\u00edcias<\/a>","author_info":{"name":"alineraquel","url":"https:\/\/portal.pi.gov.br\/seres\/author\/alineraquel\/"},"comments_num":"0 coment\u00e1rio","featured_image_urls_v2":{"full":["https:\/\/portal.pi.gov.br\/seres\/wp-content\/uploads\/sites\/87\/2025\/12\/4aadc251-46a5-42ad-b68b-0870e32cdcc7.jpg",1280,960,false],"thumbnail":["https:\/\/portal.pi.gov.br\/seres\/wp-content\/uploads\/sites\/87\/2025\/12\/4aadc251-46a5-42ad-b68b-0870e32cdcc7-150x150.jpg",150,150,true],"medium":["https:\/\/portal.pi.gov.br\/seres\/wp-content\/uploads\/sites\/87\/2025\/12\/4aadc251-46a5-42ad-b68b-0870e32cdcc7-300x225.jpg",300,225,true],"medium_large":["https:\/\/portal.pi.gov.br\/seres\/wp-content\/uploads\/sites\/87\/2025\/12\/4aadc251-46a5-42ad-b68b-0870e32cdcc7-768x576.jpg",768,576,true],"large":["https:\/\/portal.pi.gov.br\/seres\/wp-content\/uploads\/sites\/87\/2025\/12\/4aadc251-46a5-42ad-b68b-0870e32cdcc7-1024x768.jpg",887,665,true],"sgg-420":["https:\/\/portal.pi.gov.br\/seres\/wp-content\/uploads\/sites\/87\/2025\/12\/4aadc251-46a5-42ad-b68b-0870e32cdcc7-420x315.jpg",420,315,true],"sgg-540":["https:\/\/portal.pi.gov.br\/seres\/wp-content\/uploads\/sites\/87\/2025\/12\/4aadc251-46a5-42ad-b68b-0870e32cdcc7-540x405.jpg",540,405,true],"sgg-780":["https:\/\/portal.pi.gov.br\/seres\/wp-content\/uploads\/sites\/87\/2025\/12\/4aadc251-46a5-42ad-b68b-0870e32cdcc7-780x585.jpg",780,585,true],"1536x1536":["https:\/\/portal.pi.gov.br\/seres\/wp-content\/uploads\/sites\/87\/2025\/12\/4aadc251-46a5-42ad-b68b-0870e32cdcc7.jpg",1280,960,false],"2048x2048":["https:\/\/portal.pi.gov.br\/seres\/wp-content\/uploads\/sites\/87\/2025\/12\/4aadc251-46a5-42ad-b68b-0870e32cdcc7.jpg",1280,960,false],"homepage-slider":["https:\/\/portal.pi.gov.br\/seres\/wp-content\/uploads\/sites\/87\/2025\/12\/4aadc251-46a5-42ad-b68b-0870e32cdcc7-1270x500.jpg",1270,500,true],"homepage-slider-small":["https:\/\/portal.pi.gov.br\/seres\/wp-content\/uploads\/sites\/87\/2025\/12\/4aadc251-46a5-42ad-b68b-0870e32cdcc7-947x500.jpg",947,500,true],"page-top":["https:\/\/portal.pi.gov.br\/seres\/wp-content\/uploads\/sites\/87\/2025\/12\/4aadc251-46a5-42ad-b68b-0870e32cdcc7-947x710.jpg",947,710,true],"page-small":["https:\/\/portal.pi.gov.br\/seres\/wp-content\/uploads\/sites\/87\/2025\/12\/4aadc251-46a5-42ad-b68b-0870e32cdcc7-624x468.jpg",624,468,true],"loop-main":["https:\/\/portal.pi.gov.br\/seres\/wp-content\/uploads\/sites\/87\/2025\/12\/4aadc251-46a5-42ad-b68b-0870e32cdcc7-365x240.jpg",365,240,true],"thumb-gallery-widget":["https:\/\/portal.pi.gov.br\/seres\/wp-content\/uploads\/sites\/87\/2025\/12\/4aadc251-46a5-42ad-b68b-0870e32cdcc7-84x56.jpg",84,56,true]},"post_excerpt_stackable_v2":"<p>No evento, o governador Rafael Fonteles entregou a presid\u00eancia do Cons\u00f3rcio Nordeste para Paulo Dantas, governador do Alagoas. Nesta segunda-feira (1), a secret\u00e1ria de Rela\u00e7\u00f5es Sociais, N\u00fabia Lopes, participou de solenidade do Cons\u00f3rcio Nordeste, em Teresina. O Cons\u00f3rcio encerrou a \u00faltima Assembleia Geral de 2025, com um balan\u00e7o das principais realiza\u00e7\u00f5es da gest\u00e3o do governador do Piau\u00ed, Rafael Fonteles, e a escolha do novo presidente da entidade para 2026, o governador de Alagoas, Paulo Dantas. A iniciativa mais marcante do encontro, foi destacada por Rafael como a medida mais destacada de sua gest\u00e3o: o financiamento industrial atrav\u00e9s da Chamada Nordeste.&hellip;<\/p>\n","category_list_v2":"<a href=\"https:\/\/portal.pi.gov.br\/seres\/category\/noticias\/\" rel=\"category tag\">Not\u00edcias<\/a>","author_info_v2":{"name":"alineraquel","url":"https:\/\/portal.pi.gov.br\/seres\/author\/alineraquel\/"},"comments_num_v2":"0 coment\u00e1rio","jetpack_featured_media_url":"https:\/\/portal.pi.gov.br\/seres\/wp-content\/uploads\/sites\/87\/2025\/12\/4aadc251-46a5-42ad-b68b-0870e32cdcc7.jpg","_links":{"self":[{"href":"https:\/\/portal.pi.gov.br\/seres\/wp-json\/wp\/v2\/posts\/5277"}],"collection":[{"href":"https:\/\/portal.pi.gov.br\/seres\/wp-json\/wp\/v2\/posts"}],"about":[{"href":"https:\/\/portal.pi.gov.br\/seres\/wp-json\/wp\/v2\/types\/post"}],"author":[{"embeddable":true,"href":"https:\/\/portal.pi.gov.br\/seres\/wp-json\/wp\/v2\/users\/1821"}],"replies":[{"embeddable":true,"href":"https:\/\/portal.pi.gov.br\/seres\/wp-json\/wp\/v2\/comments?post=5277"}],"version-history":[{"count":1,"href":"https:\/\/portal.pi.gov.br\/seres\/wp-json\/wp\/v2\/posts\/5277\/revisions"}],"predecessor-version":[{"id":5278,"href":"https:\/\/portal.pi.gov.br\/seres\/wp-json\/wp\/v2\/posts\/5277\/revisions\/5278"}],"wp:featuredmedia":[{"embeddable":true,"href":"https:\/\/portal.pi.gov.br\/seres\/wp-json\/wp\/v2\/media\/5271"}],"wp:attachment":[{"href":"https:\/\/portal.pi.gov.br\/seres\/wp-json\/wp\/v2\/media?parent=5277"}],"wp:term":[{"taxonomy":"category","embeddable":true,"href":"https:\/\/portal.pi.gov.br\/seres\/wp-json\/wp\/v2\/categories?post=5277"},{"taxonomy":"post_tag","embeddable":true,"href":"https:\/\/portal.pi.gov.br\/seres\/wp-json\/wp\/v2\/tags?post=5277"}],"curies":[{"name":"wp","href":"https:\/\/api.w.org\/{rel}","templated":true}]}}