{"id":5305,"date":"2025-12-09T17:00:00","date_gmt":"2025-12-09T20:00:00","guid":{"rendered":"https:\/\/portal.pi.gov.br\/seres\/?p=5305"},"modified":"2025-12-10T13:39:32","modified_gmt":"2025-12-10T16:39:32","slug":"seres-realiza-mais-uma-formacao-do-lideranca-em-destaque","status":"publish","type":"post","link":"https:\/\/portal.pi.gov.br\/seres\/2025\/12\/09\/seres-realiza-mais-uma-formacao-do-lideranca-em-destaque\/","title":{"rendered":"Seres realiza mais uma forma\u00e7\u00e3o do Lideran\u00e7a em Destaque"},"content":{"rendered":"\n<p>Desta vez, a forma\u00e7\u00e3o foi realizada para lideran\u00e7as da zona Sudeste de Teresina.<\/p>\n\n\n\n<figure class=\"wp-block-image size-large\"><img decoding=\"async\" loading=\"lazy\" width=\"1024\" height=\"768\" src=\"https:\/\/portal.pi.gov.br\/seres\/wp-content\/uploads\/sites\/87\/2025\/12\/004e25e1-f8a7-4e1c-bbf1-d195c478f705-1024x768.jpg\" alt=\"\" class=\"wp-image-5306\" srcset=\"https:\/\/portal.pi.gov.br\/seres\/wp-content\/uploads\/sites\/87\/2025\/12\/004e25e1-f8a7-4e1c-bbf1-d195c478f705-1024x768.jpg 1024w, https:\/\/portal.pi.gov.br\/seres\/wp-content\/uploads\/sites\/87\/2025\/12\/004e25e1-f8a7-4e1c-bbf1-d195c478f705-300x225.jpg 300w, https:\/\/portal.pi.gov.br\/seres\/wp-content\/uploads\/sites\/87\/2025\/12\/004e25e1-f8a7-4e1c-bbf1-d195c478f705-768x576.jpg 768w, https:\/\/portal.pi.gov.br\/seres\/wp-content\/uploads\/sites\/87\/2025\/12\/004e25e1-f8a7-4e1c-bbf1-d195c478f705-420x315.jpg 420w, https:\/\/portal.pi.gov.br\/seres\/wp-content\/uploads\/sites\/87\/2025\/12\/004e25e1-f8a7-4e1c-bbf1-d195c478f705-540x405.jpg 540w, https:\/\/portal.pi.gov.br\/seres\/wp-content\/uploads\/sites\/87\/2025\/12\/004e25e1-f8a7-4e1c-bbf1-d195c478f705-780x585.jpg 780w, https:\/\/portal.pi.gov.br\/seres\/wp-content\/uploads\/sites\/87\/2025\/12\/004e25e1-f8a7-4e1c-bbf1-d195c478f705-947x710.jpg 947w, https:\/\/portal.pi.gov.br\/seres\/wp-content\/uploads\/sites\/87\/2025\/12\/004e25e1-f8a7-4e1c-bbf1-d195c478f705-624x468.jpg 624w, https:\/\/portal.pi.gov.br\/seres\/wp-content\/uploads\/sites\/87\/2025\/12\/004e25e1-f8a7-4e1c-bbf1-d195c478f705.jpg 1280w\" sizes=\"(max-width: 1024px) 100vw, 1024px\" \/><\/figure>\n\n\n\n<p><\/p>\n\n\n\n<p><\/p>\n\n\n\n<p>O programa &#8220;Lideran\u00e7a em Destaque&#8221; \u00e9 uma iniciativa da SERES, em parceria com a Secretaria de Estado da Administra\u00e7\u00e3o (SEAD) e a Escola de Governo (EGEPI), com o foco em desenvolver compet\u00eancias e fortalecer lideran\u00e7as comunit\u00e1rias e sociais em todo o Piau\u00ed.&nbsp;<\/p>\n\n\n\n<p>Nesta ter\u00e7a-feira (9) foi ofertado o curso de <strong>Comunica\u00e7\u00e3o Assertiva<\/strong> para lideran\u00e7as da zona Sudeste, na sede da UESPI, no Campus Cl\u00f3vis Moura. A capacita\u00e7\u00e3o tem objetivo de formar l\u00edderes para se comunicarem de forma clara, respeitosa e confiante, construindo rela\u00e7\u00f5es mais fortes e ambientes colaborativos. O p\u00fablico-alvo s\u00e3o gestores, lideran\u00e7as comunit\u00e1rias, movimentos sociais e qualquer profissional buscando aprimorar suas intera\u00e7\u00f5es e lideran\u00e7a.&nbsp;<\/p>\n\n\n\n<p>A secret\u00e1ria, N\u00fabia Lopes, e equipe da Seres, estiveram presentes e fizeram a entrega dos certificados para as lideran\u00e7as.<\/p>\n\n\n\n<figure class=\"wp-block-gallery has-nested-images columns-default is-cropped wp-block-gallery-1 is-layout-flex\">\n<figure class=\"wp-block-image size-large\"><img decoding=\"async\" loading=\"lazy\" width=\"768\" height=\"1024\" data-id=\"5302\"  src=\"https:\/\/portal.pi.gov.br\/seres\/wp-content\/uploads\/sites\/87\/2025\/12\/808d0539-fde7-435d-af95-635f5604f773-768x1024.jpg\" alt=\"\" class=\"wp-image-5302\" srcset=\"https:\/\/portal.pi.gov.br\/seres\/wp-content\/uploads\/sites\/87\/2025\/12\/808d0539-fde7-435d-af95-635f5604f773-768x1024.jpg 768w, https:\/\/portal.pi.gov.br\/seres\/wp-content\/uploads\/sites\/87\/2025\/12\/808d0539-fde7-435d-af95-635f5604f773-225x300.jpg 225w, https:\/\/portal.pi.gov.br\/seres\/wp-content\/uploads\/sites\/87\/2025\/12\/808d0539-fde7-435d-af95-635f5604f773-315x420.jpg 315w, https:\/\/portal.pi.gov.br\/seres\/wp-content\/uploads\/sites\/87\/2025\/12\/808d0539-fde7-435d-af95-635f5604f773-405x540.jpg 405w, https:\/\/portal.pi.gov.br\/seres\/wp-content\/uploads\/sites\/87\/2025\/12\/808d0539-fde7-435d-af95-635f5604f773-585x780.jpg 585w, https:\/\/portal.pi.gov.br\/seres\/wp-content\/uploads\/sites\/87\/2025\/12\/808d0539-fde7-435d-af95-635f5604f773-947x1263.jpg 947w, https:\/\/portal.pi.gov.br\/seres\/wp-content\/uploads\/sites\/87\/2025\/12\/808d0539-fde7-435d-af95-635f5604f773-624x832.jpg 624w, https:\/\/portal.pi.gov.br\/seres\/wp-content\/uploads\/sites\/87\/2025\/12\/808d0539-fde7-435d-af95-635f5604f773.jpg 960w\" sizes=\"(max-width: 768px) 100vw, 768px\" \/><\/figure>\n\n\n\n<figure class=\"wp-block-image size-large\"><img decoding=\"async\" loading=\"lazy\" width=\"1024\" height=\"768\" data-id=\"5301\"  src=\"https:\/\/portal.pi.gov.br\/seres\/wp-content\/uploads\/sites\/87\/2025\/12\/075f743c-d0f8-4213-a60e-088eefac23c0-1024x768.jpg\" alt=\"\" class=\"wp-image-5301\" srcset=\"https:\/\/portal.pi.gov.br\/seres\/wp-content\/uploads\/sites\/87\/2025\/12\/075f743c-d0f8-4213-a60e-088eefac23c0-1024x768.jpg 1024w, https:\/\/portal.pi.gov.br\/seres\/wp-content\/uploads\/sites\/87\/2025\/12\/075f743c-d0f8-4213-a60e-088eefac23c0-300x225.jpg 300w, https:\/\/portal.pi.gov.br\/seres\/wp-content\/uploads\/sites\/87\/2025\/12\/075f743c-d0f8-4213-a60e-088eefac23c0-768x576.jpg 768w, https:\/\/portal.pi.gov.br\/seres\/wp-content\/uploads\/sites\/87\/2025\/12\/075f743c-d0f8-4213-a60e-088eefac23c0-420x315.jpg 420w, https:\/\/portal.pi.gov.br\/seres\/wp-content\/uploads\/sites\/87\/2025\/12\/075f743c-d0f8-4213-a60e-088eefac23c0-540x405.jpg 540w, https:\/\/portal.pi.gov.br\/seres\/wp-content\/uploads\/sites\/87\/2025\/12\/075f743c-d0f8-4213-a60e-088eefac23c0-780x585.jpg 780w, https:\/\/portal.pi.gov.br\/seres\/wp-content\/uploads\/sites\/87\/2025\/12\/075f743c-d0f8-4213-a60e-088eefac23c0-947x710.jpg 947w, https:\/\/portal.pi.gov.br\/seres\/wp-content\/uploads\/sites\/87\/2025\/12\/075f743c-d0f8-4213-a60e-088eefac23c0-624x468.jpg 624w, https:\/\/portal.pi.gov.br\/seres\/wp-content\/uploads\/sites\/87\/2025\/12\/075f743c-d0f8-4213-a60e-088eefac23c0.jpg 1280w\" sizes=\"(max-width: 1024px) 100vw, 1024px\" \/><\/figure>\n\n\n\n<figure class=\"wp-block-image size-large\"><img decoding=\"async\" loading=\"lazy\" width=\"1024\" height=\"768\" data-id=\"5300\"  src=\"https:\/\/portal.pi.gov.br\/seres\/wp-content\/uploads\/sites\/87\/2025\/12\/73b534b2-c8ac-4c82-b4e2-1d31232a9013-1024x768.jpg\" alt=\"\" class=\"wp-image-5300\" srcset=\"https:\/\/portal.pi.gov.br\/seres\/wp-content\/uploads\/sites\/87\/2025\/12\/73b534b2-c8ac-4c82-b4e2-1d31232a9013-1024x768.jpg 1024w, https:\/\/portal.pi.gov.br\/seres\/wp-content\/uploads\/sites\/87\/2025\/12\/73b534b2-c8ac-4c82-b4e2-1d31232a9013-300x225.jpg 300w, https:\/\/portal.pi.gov.br\/seres\/wp-content\/uploads\/sites\/87\/2025\/12\/73b534b2-c8ac-4c82-b4e2-1d31232a9013-768x576.jpg 768w, https:\/\/portal.pi.gov.br\/seres\/wp-content\/uploads\/sites\/87\/2025\/12\/73b534b2-c8ac-4c82-b4e2-1d31232a9013-420x315.jpg 420w, https:\/\/portal.pi.gov.br\/seres\/wp-content\/uploads\/sites\/87\/2025\/12\/73b534b2-c8ac-4c82-b4e2-1d31232a9013-540x405.jpg 540w, https:\/\/portal.pi.gov.br\/seres\/wp-content\/uploads\/sites\/87\/2025\/12\/73b534b2-c8ac-4c82-b4e2-1d31232a9013-780x585.jpg 780w, https:\/\/portal.pi.gov.br\/seres\/wp-content\/uploads\/sites\/87\/2025\/12\/73b534b2-c8ac-4c82-b4e2-1d31232a9013-947x710.jpg 947w, https:\/\/portal.pi.gov.br\/seres\/wp-content\/uploads\/sites\/87\/2025\/12\/73b534b2-c8ac-4c82-b4e2-1d31232a9013-624x468.jpg 624w, https:\/\/portal.pi.gov.br\/seres\/wp-content\/uploads\/sites\/87\/2025\/12\/73b534b2-c8ac-4c82-b4e2-1d31232a9013.jpg 1280w\" sizes=\"(max-width: 1024px) 100vw, 1024px\" \/><\/figure>\n\n\n\n<figure class=\"wp-block-image size-large\"><img decoding=\"async\" loading=\"lazy\" width=\"768\" height=\"1024\" data-id=\"5299\"  src=\"https:\/\/portal.pi.gov.br\/seres\/wp-content\/uploads\/sites\/87\/2025\/12\/48f66baa-252b-4cfa-9ede-42ef5fd33834-768x1024.jpg\" alt=\"\" class=\"wp-image-5299\" srcset=\"https:\/\/portal.pi.gov.br\/seres\/wp-content\/uploads\/sites\/87\/2025\/12\/48f66baa-252b-4cfa-9ede-42ef5fd33834-768x1024.jpg 768w, https:\/\/portal.pi.gov.br\/seres\/wp-content\/uploads\/sites\/87\/2025\/12\/48f66baa-252b-4cfa-9ede-42ef5fd33834-225x300.jpg 225w, https:\/\/portal.pi.gov.br\/seres\/wp-content\/uploads\/sites\/87\/2025\/12\/48f66baa-252b-4cfa-9ede-42ef5fd33834-315x420.jpg 315w, https:\/\/portal.pi.gov.br\/seres\/wp-content\/uploads\/sites\/87\/2025\/12\/48f66baa-252b-4cfa-9ede-42ef5fd33834-405x540.jpg 405w, https:\/\/portal.pi.gov.br\/seres\/wp-content\/uploads\/sites\/87\/2025\/12\/48f66baa-252b-4cfa-9ede-42ef5fd33834-585x780.jpg 585w, https:\/\/portal.pi.gov.br\/seres\/wp-content\/uploads\/sites\/87\/2025\/12\/48f66baa-252b-4cfa-9ede-42ef5fd33834-947x1263.jpg 947w, https:\/\/portal.pi.gov.br\/seres\/wp-content\/uploads\/sites\/87\/2025\/12\/48f66baa-252b-4cfa-9ede-42ef5fd33834-624x832.jpg 624w, https:\/\/portal.pi.gov.br\/seres\/wp-content\/uploads\/sites\/87\/2025\/12\/48f66baa-252b-4cfa-9ede-42ef5fd33834.jpg 960w\" sizes=\"(max-width: 768px) 100vw, 768px\" \/><\/figure>\n<\/figure>\n","protected":false},"excerpt":{"rendered":"<p>Desta vez, a forma\u00e7\u00e3o foi realizada para lideran\u00e7as da zona Sudeste de Teresina. O programa &#8220;Lideran\u00e7a em Destaque&#8221; \u00e9 uma iniciativa da SERES, em parceria com a Secretaria de Estado [&hellip;]<\/p>\n","protected":false},"author":1821,"featured_media":5306,"comment_status":"closed","ping_status":"closed","sticky":true,"template":"","format":"standard","meta":[],"categories":[34],"tags":[],"featured_image_urls":{"full":["https:\/\/portal.pi.gov.br\/seres\/wp-content\/uploads\/sites\/87\/2025\/12\/004e25e1-f8a7-4e1c-bbf1-d195c478f705.jpg",1280,960,false],"thumbnail":["https:\/\/portal.pi.gov.br\/seres\/wp-content\/uploads\/sites\/87\/2025\/12\/004e25e1-f8a7-4e1c-bbf1-d195c478f705-150x150.jpg",150,150,true],"medium":["https:\/\/portal.pi.gov.br\/seres\/wp-content\/uploads\/sites\/87\/2025\/12\/004e25e1-f8a7-4e1c-bbf1-d195c478f705-300x225.jpg",300,225,true],"medium_large":["https:\/\/portal.pi.gov.br\/seres\/wp-content\/uploads\/sites\/87\/2025\/12\/004e25e1-f8a7-4e1c-bbf1-d195c478f705-768x576.jpg",768,576,true],"large":["https:\/\/portal.pi.gov.br\/seres\/wp-content\/uploads\/sites\/87\/2025\/12\/004e25e1-f8a7-4e1c-bbf1-d195c478f705-1024x768.jpg",887,665,true],"sgg-420":["https:\/\/portal.pi.gov.br\/seres\/wp-content\/uploads\/sites\/87\/2025\/12\/004e25e1-f8a7-4e1c-bbf1-d195c478f705-420x315.jpg",420,315,true],"sgg-540":["https:\/\/portal.pi.gov.br\/seres\/wp-content\/uploads\/sites\/87\/2025\/12\/004e25e1-f8a7-4e1c-bbf1-d195c478f705-540x405.jpg",540,405,true],"sgg-780":["https:\/\/portal.pi.gov.br\/seres\/wp-content\/uploads\/sites\/87\/2025\/12\/004e25e1-f8a7-4e1c-bbf1-d195c478f705-780x585.jpg",780,585,true],"1536x1536":["https:\/\/portal.pi.gov.br\/seres\/wp-content\/uploads\/sites\/87\/2025\/12\/004e25e1-f8a7-4e1c-bbf1-d195c478f705.jpg",1280,960,false],"2048x2048":["https:\/\/portal.pi.gov.br\/seres\/wp-content\/uploads\/sites\/87\/2025\/12\/004e25e1-f8a7-4e1c-bbf1-d195c478f705.jpg",1280,960,false],"homepage-slider":["https:\/\/portal.pi.gov.br\/seres\/wp-content\/uploads\/sites\/87\/2025\/12\/004e25e1-f8a7-4e1c-bbf1-d195c478f705-1270x500.jpg",1270,500,true],"homepage-slider-small":["https:\/\/portal.pi.gov.br\/seres\/wp-content\/uploads\/sites\/87\/2025\/12\/004e25e1-f8a7-4e1c-bbf1-d195c478f705-947x500.jpg",947,500,true],"page-top":["https:\/\/portal.pi.gov.br\/seres\/wp-content\/uploads\/sites\/87\/2025\/12\/004e25e1-f8a7-4e1c-bbf1-d195c478f705-947x710.jpg",947,710,true],"page-small":["https:\/\/portal.pi.gov.br\/seres\/wp-content\/uploads\/sites\/87\/2025\/12\/004e25e1-f8a7-4e1c-bbf1-d195c478f705-624x468.jpg",624,468,true],"loop-main":["https:\/\/portal.pi.gov.br\/seres\/wp-content\/uploads\/sites\/87\/2025\/12\/004e25e1-f8a7-4e1c-bbf1-d195c478f705-365x240.jpg",365,240,true],"thumb-gallery-widget":["https:\/\/portal.pi.gov.br\/seres\/wp-content\/uploads\/sites\/87\/2025\/12\/004e25e1-f8a7-4e1c-bbf1-d195c478f705-84x56.jpg",84,56,true]},"post_excerpt_stackable":"<p>Desta vez, a forma\u00e7\u00e3o foi realizada para lideran\u00e7as da zona Sudeste de Teresina. O programa &#8220;Lideran\u00e7a em Destaque&#8221; \u00e9 uma iniciativa da SERES, em parceria com a Secretaria de Estado da Administra\u00e7\u00e3o (SEAD) e a Escola de Governo (EGEPI), com o foco em desenvolver compet\u00eancias e fortalecer lideran\u00e7as comunit\u00e1rias e sociais em todo o Piau\u00ed.&nbsp; Nesta ter\u00e7a-feira (9) foi ofertado o curso de Comunica\u00e7\u00e3o Assertiva para lideran\u00e7as da zona Sudeste, na sede da UESPI, no Campus Cl\u00f3vis Moura. A capacita\u00e7\u00e3o tem objetivo de formar l\u00edderes para se comunicarem de forma clara, respeitosa e confiante, construindo rela\u00e7\u00f5es mais fortes e ambientes&hellip;<\/p>\n","category_list":"<a href=\"https:\/\/portal.pi.gov.br\/seres\/category\/noticias\/\" rel=\"category tag\">Not\u00edcias<\/a>","author_info":{"name":"alineraquel","url":"https:\/\/portal.pi.gov.br\/seres\/author\/alineraquel\/"},"comments_num":"0 coment\u00e1rio","featured_image_urls_v2":{"full":["https:\/\/portal.pi.gov.br\/seres\/wp-content\/uploads\/sites\/87\/2025\/12\/004e25e1-f8a7-4e1c-bbf1-d195c478f705.jpg",1280,960,false],"thumbnail":["https:\/\/portal.pi.gov.br\/seres\/wp-content\/uploads\/sites\/87\/2025\/12\/004e25e1-f8a7-4e1c-bbf1-d195c478f705-150x150.jpg",150,150,true],"medium":["https:\/\/portal.pi.gov.br\/seres\/wp-content\/uploads\/sites\/87\/2025\/12\/004e25e1-f8a7-4e1c-bbf1-d195c478f705-300x225.jpg",300,225,true],"medium_large":["https:\/\/portal.pi.gov.br\/seres\/wp-content\/uploads\/sites\/87\/2025\/12\/004e25e1-f8a7-4e1c-bbf1-d195c478f705-768x576.jpg",768,576,true],"large":["https:\/\/portal.pi.gov.br\/seres\/wp-content\/uploads\/sites\/87\/2025\/12\/004e25e1-f8a7-4e1c-bbf1-d195c478f705-1024x768.jpg",887,665,true],"sgg-420":["https:\/\/portal.pi.gov.br\/seres\/wp-content\/uploads\/sites\/87\/2025\/12\/004e25e1-f8a7-4e1c-bbf1-d195c478f705-420x315.jpg",420,315,true],"sgg-540":["https:\/\/portal.pi.gov.br\/seres\/wp-content\/uploads\/sites\/87\/2025\/12\/004e25e1-f8a7-4e1c-bbf1-d195c478f705-540x405.jpg",540,405,true],"sgg-780":["https:\/\/portal.pi.gov.br\/seres\/wp-content\/uploads\/sites\/87\/2025\/12\/004e25e1-f8a7-4e1c-bbf1-d195c478f705-780x585.jpg",780,585,true],"1536x1536":["https:\/\/portal.pi.gov.br\/seres\/wp-content\/uploads\/sites\/87\/2025\/12\/004e25e1-f8a7-4e1c-bbf1-d195c478f705.jpg",1280,960,false],"2048x2048":["https:\/\/portal.pi.gov.br\/seres\/wp-content\/uploads\/sites\/87\/2025\/12\/004e25e1-f8a7-4e1c-bbf1-d195c478f705.jpg",1280,960,false],"homepage-slider":["https:\/\/portal.pi.gov.br\/seres\/wp-content\/uploads\/sites\/87\/2025\/12\/004e25e1-f8a7-4e1c-bbf1-d195c478f705-1270x500.jpg",1270,500,true],"homepage-slider-small":["https:\/\/portal.pi.gov.br\/seres\/wp-content\/uploads\/sites\/87\/2025\/12\/004e25e1-f8a7-4e1c-bbf1-d195c478f705-947x500.jpg",947,500,true],"page-top":["https:\/\/portal.pi.gov.br\/seres\/wp-content\/uploads\/sites\/87\/2025\/12\/004e25e1-f8a7-4e1c-bbf1-d195c478f705-947x710.jpg",947,710,true],"page-small":["https:\/\/portal.pi.gov.br\/seres\/wp-content\/uploads\/sites\/87\/2025\/12\/004e25e1-f8a7-4e1c-bbf1-d195c478f705-624x468.jpg",624,468,true],"loop-main":["https:\/\/portal.pi.gov.br\/seres\/wp-content\/uploads\/sites\/87\/2025\/12\/004e25e1-f8a7-4e1c-bbf1-d195c478f705-365x240.jpg",365,240,true],"thumb-gallery-widget":["https:\/\/portal.pi.gov.br\/seres\/wp-content\/uploads\/sites\/87\/2025\/12\/004e25e1-f8a7-4e1c-bbf1-d195c478f705-84x56.jpg",84,56,true]},"post_excerpt_stackable_v2":"<p>Desta vez, a forma\u00e7\u00e3o foi realizada para lideran\u00e7as da zona Sudeste de Teresina. O programa &#8220;Lideran\u00e7a em Destaque&#8221; \u00e9 uma iniciativa da SERES, em parceria com a Secretaria de Estado da Administra\u00e7\u00e3o (SEAD) e a Escola de Governo (EGEPI), com o foco em desenvolver compet\u00eancias e fortalecer lideran\u00e7as comunit\u00e1rias e sociais em todo o Piau\u00ed.&nbsp; Nesta ter\u00e7a-feira (9) foi ofertado o curso de Comunica\u00e7\u00e3o Assertiva para lideran\u00e7as da zona Sudeste, na sede da UESPI, no Campus Cl\u00f3vis Moura. A capacita\u00e7\u00e3o tem objetivo de formar l\u00edderes para se comunicarem de forma clara, respeitosa e confiante, construindo rela\u00e7\u00f5es mais fortes e ambientes&hellip;<\/p>\n","category_list_v2":"<a href=\"https:\/\/portal.pi.gov.br\/seres\/category\/noticias\/\" rel=\"category tag\">Not\u00edcias<\/a>","author_info_v2":{"name":"alineraquel","url":"https:\/\/portal.pi.gov.br\/seres\/author\/alineraquel\/"},"comments_num_v2":"0 coment\u00e1rio","jetpack_featured_media_url":"https:\/\/portal.pi.gov.br\/seres\/wp-content\/uploads\/sites\/87\/2025\/12\/004e25e1-f8a7-4e1c-bbf1-d195c478f705.jpg","_links":{"self":[{"href":"https:\/\/portal.pi.gov.br\/seres\/wp-json\/wp\/v2\/posts\/5305"}],"collection":[{"href":"https:\/\/portal.pi.gov.br\/seres\/wp-json\/wp\/v2\/posts"}],"about":[{"href":"https:\/\/portal.pi.gov.br\/seres\/wp-json\/wp\/v2\/types\/post"}],"author":[{"embeddable":true,"href":"https:\/\/portal.pi.gov.br\/seres\/wp-json\/wp\/v2\/users\/1821"}],"replies":[{"embeddable":true,"href":"https:\/\/portal.pi.gov.br\/seres\/wp-json\/wp\/v2\/comments?post=5305"}],"version-history":[{"count":4,"href":"https:\/\/portal.pi.gov.br\/seres\/wp-json\/wp\/v2\/posts\/5305\/revisions"}],"predecessor-version":[{"id":5310,"href":"https:\/\/portal.pi.gov.br\/seres\/wp-json\/wp\/v2\/posts\/5305\/revisions\/5310"}],"wp:featuredmedia":[{"embeddable":true,"href":"https:\/\/portal.pi.gov.br\/seres\/wp-json\/wp\/v2\/media\/5306"}],"wp:attachment":[{"href":"https:\/\/portal.pi.gov.br\/seres\/wp-json\/wp\/v2\/media?parent=5305"}],"wp:term":[{"taxonomy":"category","embeddable":true,"href":"https:\/\/portal.pi.gov.br\/seres\/wp-json\/wp\/v2\/categories?post=5305"},{"taxonomy":"post_tag","embeddable":true,"href":"https:\/\/portal.pi.gov.br\/seres\/wp-json\/wp\/v2\/tags?post=5305"}],"curies":[{"name":"wp","href":"https:\/\/api.w.org\/{rel}","templated":true}]}}