{"id":5320,"date":"2025-12-05T10:00:00","date_gmt":"2025-12-05T13:00:00","guid":{"rendered":"https:\/\/portal.pi.gov.br\/seres\/?p=5320"},"modified":"2025-12-10T13:57:30","modified_gmt":"2025-12-10T16:57:30","slug":"nubia-lopes-prestigia-formatura-de-65-novos-guardas-civis-municipais","status":"publish","type":"post","link":"https:\/\/portal.pi.gov.br\/seres\/2025\/12\/05\/nubia-lopes-prestigia-formatura-de-65-novos-guardas-civis-municipais\/","title":{"rendered":"N\u00fabia Lopes prestigia formatura de 65 novos guardas civis municipais"},"content":{"rendered":"\n<p>A solenidade aconteceu com a presen\u00e7a do governador Rafael Fonteles, no CETI Governador Dirceu Mendes Arcoverde, em Teresina.<\/p>\n\n\n\n<figure class=\"wp-block-image size-large\"><img decoding=\"async\" loading=\"lazy\" width=\"1024\" height=\"683\" src=\"https:\/\/portal.pi.gov.br\/seres\/wp-content\/uploads\/sites\/87\/2025\/12\/f6527fa1-9132-43b6-972e-35e12f6f3d3f-1024x683.jpg\" alt=\"\" class=\"wp-image-5319\" srcset=\"https:\/\/portal.pi.gov.br\/seres\/wp-content\/uploads\/sites\/87\/2025\/12\/f6527fa1-9132-43b6-972e-35e12f6f3d3f-1024x683.jpg 1024w, https:\/\/portal.pi.gov.br\/seres\/wp-content\/uploads\/sites\/87\/2025\/12\/f6527fa1-9132-43b6-972e-35e12f6f3d3f-300x200.jpg 300w, https:\/\/portal.pi.gov.br\/seres\/wp-content\/uploads\/sites\/87\/2025\/12\/f6527fa1-9132-43b6-972e-35e12f6f3d3f-768x512.jpg 768w, https:\/\/portal.pi.gov.br\/seres\/wp-content\/uploads\/sites\/87\/2025\/12\/f6527fa1-9132-43b6-972e-35e12f6f3d3f-420x280.jpg 420w, https:\/\/portal.pi.gov.br\/seres\/wp-content\/uploads\/sites\/87\/2025\/12\/f6527fa1-9132-43b6-972e-35e12f6f3d3f-540x360.jpg 540w, https:\/\/portal.pi.gov.br\/seres\/wp-content\/uploads\/sites\/87\/2025\/12\/f6527fa1-9132-43b6-972e-35e12f6f3d3f-780x520.jpg 780w, https:\/\/portal.pi.gov.br\/seres\/wp-content\/uploads\/sites\/87\/2025\/12\/f6527fa1-9132-43b6-972e-35e12f6f3d3f-947x632.jpg 947w, https:\/\/portal.pi.gov.br\/seres\/wp-content\/uploads\/sites\/87\/2025\/12\/f6527fa1-9132-43b6-972e-35e12f6f3d3f-624x416.jpg 624w, https:\/\/portal.pi.gov.br\/seres\/wp-content\/uploads\/sites\/87\/2025\/12\/f6527fa1-9132-43b6-972e-35e12f6f3d3f-84x56.jpg 84w, https:\/\/portal.pi.gov.br\/seres\/wp-content\/uploads\/sites\/87\/2025\/12\/f6527fa1-9132-43b6-972e-35e12f6f3d3f.jpg 1280w\" sizes=\"(max-width: 1024px) 100vw, 1024px\" \/><\/figure>\n\n\n\n<p><\/p>\n\n\n\n<p>O Governo do Piau\u00ed, por meio da Secretaria da Seguran\u00e7a P\u00fablica (SSP-PI), realizou, nesta sexta-feira (5), a formatura dos novos guardas civis municipais das cidades de Acau\u00e3, Barra D\u2019Alc\u00e2ntara, Barras, Beneditinos, Luzil\u00e2ndia, Pedro II, Uni\u00e3o e Timon (MA). A solenidade aconteceu no CETI Governador Dirceu Mendes Arcoverde, na zona Leste de Teresina.<\/p>\n\n\n\n<p>O evento marca a conclus\u00e3o do treinamento iniciado em 8 de setembro e que capacitou os servidores para o exerc\u00edcio da fun\u00e7\u00e3o de seguran\u00e7a municipal. Ao todo, 65 formandos participam da cerim\u00f4nia, distribu\u00eddos nas turmas ALFA (34 alunos) e BRAVO (31 alunos).<\/p>\n\n\n\n<figure class=\"wp-block-image size-large\"><img decoding=\"async\" loading=\"lazy\" width=\"1024\" height=\"683\" src=\"https:\/\/portal.pi.gov.br\/seres\/wp-content\/uploads\/sites\/87\/2025\/12\/ccca7c7d-d6f7-4668-900a-243b7585a928-1024x683.jpg\" alt=\"\" class=\"wp-image-5317\" srcset=\"https:\/\/portal.pi.gov.br\/seres\/wp-content\/uploads\/sites\/87\/2025\/12\/ccca7c7d-d6f7-4668-900a-243b7585a928-1024x683.jpg 1024w, https:\/\/portal.pi.gov.br\/seres\/wp-content\/uploads\/sites\/87\/2025\/12\/ccca7c7d-d6f7-4668-900a-243b7585a928-300x200.jpg 300w, https:\/\/portal.pi.gov.br\/seres\/wp-content\/uploads\/sites\/87\/2025\/12\/ccca7c7d-d6f7-4668-900a-243b7585a928-768x512.jpg 768w, https:\/\/portal.pi.gov.br\/seres\/wp-content\/uploads\/sites\/87\/2025\/12\/ccca7c7d-d6f7-4668-900a-243b7585a928-420x280.jpg 420w, https:\/\/portal.pi.gov.br\/seres\/wp-content\/uploads\/sites\/87\/2025\/12\/ccca7c7d-d6f7-4668-900a-243b7585a928-540x360.jpg 540w, https:\/\/portal.pi.gov.br\/seres\/wp-content\/uploads\/sites\/87\/2025\/12\/ccca7c7d-d6f7-4668-900a-243b7585a928-780x520.jpg 780w, https:\/\/portal.pi.gov.br\/seres\/wp-content\/uploads\/sites\/87\/2025\/12\/ccca7c7d-d6f7-4668-900a-243b7585a928-947x632.jpg 947w, https:\/\/portal.pi.gov.br\/seres\/wp-content\/uploads\/sites\/87\/2025\/12\/ccca7c7d-d6f7-4668-900a-243b7585a928-624x416.jpg 624w, https:\/\/portal.pi.gov.br\/seres\/wp-content\/uploads\/sites\/87\/2025\/12\/ccca7c7d-d6f7-4668-900a-243b7585a928-84x56.jpg 84w, https:\/\/portal.pi.gov.br\/seres\/wp-content\/uploads\/sites\/87\/2025\/12\/ccca7c7d-d6f7-4668-900a-243b7585a928.jpg 1280w\" sizes=\"(max-width: 1024px) 100vw, 1024px\" \/><\/figure>\n\n\n\n<p><\/p>\n\n\n\n<p>O curso, realizado na Academia de Pol\u00edcia Civil (Acadepol), seguiu a Matriz Curricular Nacional da Secretaria Nacional de Seguran\u00e7a P\u00fablica (SENASP), assegurando a padroniza\u00e7\u00e3o dos conte\u00fados e o desenvolvimento das compet\u00eancias necess\u00e1rias ao trabalho das Guardas Civis Municipais. A forma\u00e7\u00e3o ocorreu com base em Termos de Coopera\u00e7\u00e3o T\u00e9cnica firmados entre a SSP-PI e as prefeituras participantes.<\/p>\n\n\n\n<p>A secret\u00e1ria de Rela\u00e7\u00f5es, N\u00fabia Lopes, acompanhada do governador Rafael Fonteles, do secret\u00e1rio Chico Lucas, e demais autoridades estiveram presentes na solenidade.<\/p>\n\n\n\n<figure class=\"wp-block-gallery has-nested-images columns-default is-cropped wp-block-gallery-1 is-layout-flex\">\n<figure class=\"wp-block-image size-large\"><img decoding=\"async\" loading=\"lazy\" width=\"1024\" height=\"683\" data-id=\"5315\"  src=\"https:\/\/portal.pi.gov.br\/seres\/wp-content\/uploads\/sites\/87\/2025\/12\/05278044-1433-46b3-91d6-896b0bd9f93e-1024x683.jpg\" alt=\"\" class=\"wp-image-5315\" srcset=\"https:\/\/portal.pi.gov.br\/seres\/wp-content\/uploads\/sites\/87\/2025\/12\/05278044-1433-46b3-91d6-896b0bd9f93e-1024x683.jpg 1024w, https:\/\/portal.pi.gov.br\/seres\/wp-content\/uploads\/sites\/87\/2025\/12\/05278044-1433-46b3-91d6-896b0bd9f93e-300x200.jpg 300w, https:\/\/portal.pi.gov.br\/seres\/wp-content\/uploads\/sites\/87\/2025\/12\/05278044-1433-46b3-91d6-896b0bd9f93e-768x512.jpg 768w, https:\/\/portal.pi.gov.br\/seres\/wp-content\/uploads\/sites\/87\/2025\/12\/05278044-1433-46b3-91d6-896b0bd9f93e-420x280.jpg 420w, https:\/\/portal.pi.gov.br\/seres\/wp-content\/uploads\/sites\/87\/2025\/12\/05278044-1433-46b3-91d6-896b0bd9f93e-540x360.jpg 540w, https:\/\/portal.pi.gov.br\/seres\/wp-content\/uploads\/sites\/87\/2025\/12\/05278044-1433-46b3-91d6-896b0bd9f93e-780x520.jpg 780w, https:\/\/portal.pi.gov.br\/seres\/wp-content\/uploads\/sites\/87\/2025\/12\/05278044-1433-46b3-91d6-896b0bd9f93e-947x632.jpg 947w, https:\/\/portal.pi.gov.br\/seres\/wp-content\/uploads\/sites\/87\/2025\/12\/05278044-1433-46b3-91d6-896b0bd9f93e-624x416.jpg 624w, https:\/\/portal.pi.gov.br\/seres\/wp-content\/uploads\/sites\/87\/2025\/12\/05278044-1433-46b3-91d6-896b0bd9f93e-84x56.jpg 84w, https:\/\/portal.pi.gov.br\/seres\/wp-content\/uploads\/sites\/87\/2025\/12\/05278044-1433-46b3-91d6-896b0bd9f93e.jpg 1280w\" sizes=\"(max-width: 1024px) 100vw, 1024px\" \/><\/figure>\n\n\n\n<figure class=\"wp-block-image size-large\"><img decoding=\"async\" loading=\"lazy\" width=\"1024\" height=\"683\" data-id=\"5314\"  src=\"https:\/\/portal.pi.gov.br\/seres\/wp-content\/uploads\/sites\/87\/2025\/12\/6459bf34-2f6d-4452-9724-2cf9041c91d9-1024x683.jpg\" alt=\"\" class=\"wp-image-5314\" srcset=\"https:\/\/portal.pi.gov.br\/seres\/wp-content\/uploads\/sites\/87\/2025\/12\/6459bf34-2f6d-4452-9724-2cf9041c91d9-1024x683.jpg 1024w, https:\/\/portal.pi.gov.br\/seres\/wp-content\/uploads\/sites\/87\/2025\/12\/6459bf34-2f6d-4452-9724-2cf9041c91d9-300x200.jpg 300w, https:\/\/portal.pi.gov.br\/seres\/wp-content\/uploads\/sites\/87\/2025\/12\/6459bf34-2f6d-4452-9724-2cf9041c91d9-768x512.jpg 768w, https:\/\/portal.pi.gov.br\/seres\/wp-content\/uploads\/sites\/87\/2025\/12\/6459bf34-2f6d-4452-9724-2cf9041c91d9-420x280.jpg 420w, https:\/\/portal.pi.gov.br\/seres\/wp-content\/uploads\/sites\/87\/2025\/12\/6459bf34-2f6d-4452-9724-2cf9041c91d9-540x360.jpg 540w, https:\/\/portal.pi.gov.br\/seres\/wp-content\/uploads\/sites\/87\/2025\/12\/6459bf34-2f6d-4452-9724-2cf9041c91d9-780x520.jpg 780w, https:\/\/portal.pi.gov.br\/seres\/wp-content\/uploads\/sites\/87\/2025\/12\/6459bf34-2f6d-4452-9724-2cf9041c91d9-947x632.jpg 947w, https:\/\/portal.pi.gov.br\/seres\/wp-content\/uploads\/sites\/87\/2025\/12\/6459bf34-2f6d-4452-9724-2cf9041c91d9-624x416.jpg 624w, https:\/\/portal.pi.gov.br\/seres\/wp-content\/uploads\/sites\/87\/2025\/12\/6459bf34-2f6d-4452-9724-2cf9041c91d9-84x56.jpg 84w, https:\/\/portal.pi.gov.br\/seres\/wp-content\/uploads\/sites\/87\/2025\/12\/6459bf34-2f6d-4452-9724-2cf9041c91d9.jpg 1280w\" sizes=\"(max-width: 1024px) 100vw, 1024px\" \/><\/figure>\n\n\n\n<figure class=\"wp-block-image size-large\"><img decoding=\"async\" loading=\"lazy\" width=\"1024\" height=\"683\" data-id=\"5313\"  src=\"https:\/\/portal.pi.gov.br\/seres\/wp-content\/uploads\/sites\/87\/2025\/12\/756e239a-c729-4081-bf98-0a4ce68b39be-1024x683.jpg\" alt=\"\" class=\"wp-image-5313\" srcset=\"https:\/\/portal.pi.gov.br\/seres\/wp-content\/uploads\/sites\/87\/2025\/12\/756e239a-c729-4081-bf98-0a4ce68b39be-1024x683.jpg 1024w, https:\/\/portal.pi.gov.br\/seres\/wp-content\/uploads\/sites\/87\/2025\/12\/756e239a-c729-4081-bf98-0a4ce68b39be-300x200.jpg 300w, https:\/\/portal.pi.gov.br\/seres\/wp-content\/uploads\/sites\/87\/2025\/12\/756e239a-c729-4081-bf98-0a4ce68b39be-768x512.jpg 768w, https:\/\/portal.pi.gov.br\/seres\/wp-content\/uploads\/sites\/87\/2025\/12\/756e239a-c729-4081-bf98-0a4ce68b39be-420x280.jpg 420w, https:\/\/portal.pi.gov.br\/seres\/wp-content\/uploads\/sites\/87\/2025\/12\/756e239a-c729-4081-bf98-0a4ce68b39be-540x360.jpg 540w, https:\/\/portal.pi.gov.br\/seres\/wp-content\/uploads\/sites\/87\/2025\/12\/756e239a-c729-4081-bf98-0a4ce68b39be-780x520.jpg 780w, https:\/\/portal.pi.gov.br\/seres\/wp-content\/uploads\/sites\/87\/2025\/12\/756e239a-c729-4081-bf98-0a4ce68b39be-947x632.jpg 947w, https:\/\/portal.pi.gov.br\/seres\/wp-content\/uploads\/sites\/87\/2025\/12\/756e239a-c729-4081-bf98-0a4ce68b39be-624x416.jpg 624w, https:\/\/portal.pi.gov.br\/seres\/wp-content\/uploads\/sites\/87\/2025\/12\/756e239a-c729-4081-bf98-0a4ce68b39be-84x56.jpg 84w, https:\/\/portal.pi.gov.br\/seres\/wp-content\/uploads\/sites\/87\/2025\/12\/756e239a-c729-4081-bf98-0a4ce68b39be.jpg 1280w\" sizes=\"(max-width: 1024px) 100vw, 1024px\" \/><\/figure>\n\n\n\n<figure class=\"wp-block-image size-large\"><img decoding=\"async\" loading=\"lazy\" width=\"1024\" height=\"768\" data-id=\"5312\"  src=\"https:\/\/portal.pi.gov.br\/seres\/wp-content\/uploads\/sites\/87\/2025\/12\/3a7e7c4e-e1b4-4e1b-be2a-6d2e30154698-1024x768.jpg\" alt=\"\" class=\"wp-image-5312\" srcset=\"https:\/\/portal.pi.gov.br\/seres\/wp-content\/uploads\/sites\/87\/2025\/12\/3a7e7c4e-e1b4-4e1b-be2a-6d2e30154698-1024x768.jpg 1024w, https:\/\/portal.pi.gov.br\/seres\/wp-content\/uploads\/sites\/87\/2025\/12\/3a7e7c4e-e1b4-4e1b-be2a-6d2e30154698-300x225.jpg 300w, https:\/\/portal.pi.gov.br\/seres\/wp-content\/uploads\/sites\/87\/2025\/12\/3a7e7c4e-e1b4-4e1b-be2a-6d2e30154698-768x576.jpg 768w, https:\/\/portal.pi.gov.br\/seres\/wp-content\/uploads\/sites\/87\/2025\/12\/3a7e7c4e-e1b4-4e1b-be2a-6d2e30154698-420x315.jpg 420w, https:\/\/portal.pi.gov.br\/seres\/wp-content\/uploads\/sites\/87\/2025\/12\/3a7e7c4e-e1b4-4e1b-be2a-6d2e30154698-540x405.jpg 540w, https:\/\/portal.pi.gov.br\/seres\/wp-content\/uploads\/sites\/87\/2025\/12\/3a7e7c4e-e1b4-4e1b-be2a-6d2e30154698-780x585.jpg 780w, https:\/\/portal.pi.gov.br\/seres\/wp-content\/uploads\/sites\/87\/2025\/12\/3a7e7c4e-e1b4-4e1b-be2a-6d2e30154698-947x710.jpg 947w, https:\/\/portal.pi.gov.br\/seres\/wp-content\/uploads\/sites\/87\/2025\/12\/3a7e7c4e-e1b4-4e1b-be2a-6d2e30154698-624x468.jpg 624w, https:\/\/portal.pi.gov.br\/seres\/wp-content\/uploads\/sites\/87\/2025\/12\/3a7e7c4e-e1b4-4e1b-be2a-6d2e30154698.jpg 1280w\" sizes=\"(max-width: 1024px) 100vw, 1024px\" \/><\/figure>\n\n\n\n<figure class=\"wp-block-image size-large\"><img decoding=\"async\" loading=\"lazy\" width=\"1024\" height=\"683\" data-id=\"5311\"  src=\"https:\/\/portal.pi.gov.br\/seres\/wp-content\/uploads\/sites\/87\/2025\/12\/0e798306-70c9-4525-8e77-0d568b8fbddd-1024x683.jpg\" alt=\"\" class=\"wp-image-5311\" srcset=\"https:\/\/portal.pi.gov.br\/seres\/wp-content\/uploads\/sites\/87\/2025\/12\/0e798306-70c9-4525-8e77-0d568b8fbddd-1024x683.jpg 1024w, https:\/\/portal.pi.gov.br\/seres\/wp-content\/uploads\/sites\/87\/2025\/12\/0e798306-70c9-4525-8e77-0d568b8fbddd-300x200.jpg 300w, https:\/\/portal.pi.gov.br\/seres\/wp-content\/uploads\/sites\/87\/2025\/12\/0e798306-70c9-4525-8e77-0d568b8fbddd-768x512.jpg 768w, https:\/\/portal.pi.gov.br\/seres\/wp-content\/uploads\/sites\/87\/2025\/12\/0e798306-70c9-4525-8e77-0d568b8fbddd-420x280.jpg 420w, https:\/\/portal.pi.gov.br\/seres\/wp-content\/uploads\/sites\/87\/2025\/12\/0e798306-70c9-4525-8e77-0d568b8fbddd-540x360.jpg 540w, https:\/\/portal.pi.gov.br\/seres\/wp-content\/uploads\/sites\/87\/2025\/12\/0e798306-70c9-4525-8e77-0d568b8fbddd-780x520.jpg 780w, https:\/\/portal.pi.gov.br\/seres\/wp-content\/uploads\/sites\/87\/2025\/12\/0e798306-70c9-4525-8e77-0d568b8fbddd-947x632.jpg 947w, https:\/\/portal.pi.gov.br\/seres\/wp-content\/uploads\/sites\/87\/2025\/12\/0e798306-70c9-4525-8e77-0d568b8fbddd-624x416.jpg 624w, https:\/\/portal.pi.gov.br\/seres\/wp-content\/uploads\/sites\/87\/2025\/12\/0e798306-70c9-4525-8e77-0d568b8fbddd-84x56.jpg 84w, https:\/\/portal.pi.gov.br\/seres\/wp-content\/uploads\/sites\/87\/2025\/12\/0e798306-70c9-4525-8e77-0d568b8fbddd.jpg 1280w\" sizes=\"(max-width: 1024px) 100vw, 1024px\" \/><\/figure>\n\n\n\n<figure class=\"wp-block-image size-large\"><img decoding=\"async\" loading=\"lazy\" width=\"1024\" height=\"768\" data-id=\"5316\"  src=\"https:\/\/portal.pi.gov.br\/seres\/wp-content\/uploads\/sites\/87\/2025\/12\/cc50d377-0e6b-48ac-bf0f-6121755e87a0-1024x768.jpg\" alt=\"\" class=\"wp-image-5316\" srcset=\"https:\/\/portal.pi.gov.br\/seres\/wp-content\/uploads\/sites\/87\/2025\/12\/cc50d377-0e6b-48ac-bf0f-6121755e87a0-1024x768.jpg 1024w, https:\/\/portal.pi.gov.br\/seres\/wp-content\/uploads\/sites\/87\/2025\/12\/cc50d377-0e6b-48ac-bf0f-6121755e87a0-300x225.jpg 300w, https:\/\/portal.pi.gov.br\/seres\/wp-content\/uploads\/sites\/87\/2025\/12\/cc50d377-0e6b-48ac-bf0f-6121755e87a0-768x576.jpg 768w, https:\/\/portal.pi.gov.br\/seres\/wp-content\/uploads\/sites\/87\/2025\/12\/cc50d377-0e6b-48ac-bf0f-6121755e87a0-420x315.jpg 420w, https:\/\/portal.pi.gov.br\/seres\/wp-content\/uploads\/sites\/87\/2025\/12\/cc50d377-0e6b-48ac-bf0f-6121755e87a0-540x405.jpg 540w, https:\/\/portal.pi.gov.br\/seres\/wp-content\/uploads\/sites\/87\/2025\/12\/cc50d377-0e6b-48ac-bf0f-6121755e87a0-780x585.jpg 780w, https:\/\/portal.pi.gov.br\/seres\/wp-content\/uploads\/sites\/87\/2025\/12\/cc50d377-0e6b-48ac-bf0f-6121755e87a0-947x710.jpg 947w, https:\/\/portal.pi.gov.br\/seres\/wp-content\/uploads\/sites\/87\/2025\/12\/cc50d377-0e6b-48ac-bf0f-6121755e87a0-624x468.jpg 624w, https:\/\/portal.pi.gov.br\/seres\/wp-content\/uploads\/sites\/87\/2025\/12\/cc50d377-0e6b-48ac-bf0f-6121755e87a0.jpg 1280w\" sizes=\"(max-width: 1024px) 100vw, 1024px\" \/><\/figure>\n\n\n\n<figure class=\"wp-block-image size-large\"><img decoding=\"async\" loading=\"lazy\" width=\"1024\" height=\"683\" data-id=\"5318\"  src=\"https:\/\/portal.pi.gov.br\/seres\/wp-content\/uploads\/sites\/87\/2025\/12\/ccd7efa7-5081-4707-bf32-9e4af23b777f-1024x683.jpg\" alt=\"\" class=\"wp-image-5318\" srcset=\"https:\/\/portal.pi.gov.br\/seres\/wp-content\/uploads\/sites\/87\/2025\/12\/ccd7efa7-5081-4707-bf32-9e4af23b777f-1024x683.jpg 1024w, https:\/\/portal.pi.gov.br\/seres\/wp-content\/uploads\/sites\/87\/2025\/12\/ccd7efa7-5081-4707-bf32-9e4af23b777f-300x200.jpg 300w, https:\/\/portal.pi.gov.br\/seres\/wp-content\/uploads\/sites\/87\/2025\/12\/ccd7efa7-5081-4707-bf32-9e4af23b777f-768x512.jpg 768w, https:\/\/portal.pi.gov.br\/seres\/wp-content\/uploads\/sites\/87\/2025\/12\/ccd7efa7-5081-4707-bf32-9e4af23b777f-420x280.jpg 420w, https:\/\/portal.pi.gov.br\/seres\/wp-content\/uploads\/sites\/87\/2025\/12\/ccd7efa7-5081-4707-bf32-9e4af23b777f-540x360.jpg 540w, https:\/\/portal.pi.gov.br\/seres\/wp-content\/uploads\/sites\/87\/2025\/12\/ccd7efa7-5081-4707-bf32-9e4af23b777f-780x520.jpg 780w, https:\/\/portal.pi.gov.br\/seres\/wp-content\/uploads\/sites\/87\/2025\/12\/ccd7efa7-5081-4707-bf32-9e4af23b777f-947x632.jpg 947w, https:\/\/portal.pi.gov.br\/seres\/wp-content\/uploads\/sites\/87\/2025\/12\/ccd7efa7-5081-4707-bf32-9e4af23b777f-624x416.jpg 624w, https:\/\/portal.pi.gov.br\/seres\/wp-content\/uploads\/sites\/87\/2025\/12\/ccd7efa7-5081-4707-bf32-9e4af23b777f-84x56.jpg 84w, https:\/\/portal.pi.gov.br\/seres\/wp-content\/uploads\/sites\/87\/2025\/12\/ccd7efa7-5081-4707-bf32-9e4af23b777f.jpg 1280w\" sizes=\"(max-width: 1024px) 100vw, 1024px\" \/><\/figure>\n<\/figure>\n\n\n\n<p><\/p>\n\n\n\n<p><\/p>\n\n\n\n<p>Fotos: Gabriel Paulino<\/p>\n","protected":false},"excerpt":{"rendered":"<p>A solenidade aconteceu com a presen\u00e7a do governador Rafael Fonteles, no CETI Governador Dirceu Mendes Arcoverde, em Teresina. O Governo do Piau\u00ed, por meio da Secretaria da Seguran\u00e7a P\u00fablica (SSP-PI), [&hellip;]<\/p>\n","protected":false},"author":1821,"featured_media":5322,"comment_status":"closed","ping_status":"closed","sticky":true,"template":"","format":"standard","meta":[],"categories":[34],"tags":[],"featured_image_urls":{"full":["https:\/\/portal.pi.gov.br\/seres\/wp-content\/uploads\/sites\/87\/2025\/12\/e95f4b60-5813-48fd-88cd-1aaf138d71e5.jpg",1280,582,false],"thumbnail":["https:\/\/portal.pi.gov.br\/seres\/wp-content\/uploads\/sites\/87\/2025\/12\/e95f4b60-5813-48fd-88cd-1aaf138d71e5-150x150.jpg",150,150,true],"medium":["https:\/\/portal.pi.gov.br\/seres\/wp-content\/uploads\/sites\/87\/2025\/12\/e95f4b60-5813-48fd-88cd-1aaf138d71e5-300x136.jpg",300,136,true],"medium_large":["https:\/\/portal.pi.gov.br\/seres\/wp-content\/uploads\/sites\/87\/2025\/12\/e95f4b60-5813-48fd-88cd-1aaf138d71e5-768x349.jpg",768,349,true],"large":["https:\/\/portal.pi.gov.br\/seres\/wp-content\/uploads\/sites\/87\/2025\/12\/e95f4b60-5813-48fd-88cd-1aaf138d71e5-1024x466.jpg",887,404,true],"sgg-420":["https:\/\/portal.pi.gov.br\/seres\/wp-content\/uploads\/sites\/87\/2025\/12\/e95f4b60-5813-48fd-88cd-1aaf138d71e5-420x191.jpg",420,191,true],"sgg-540":["https:\/\/portal.pi.gov.br\/seres\/wp-content\/uploads\/sites\/87\/2025\/12\/e95f4b60-5813-48fd-88cd-1aaf138d71e5-540x246.jpg",540,246,true],"sgg-780":["https:\/\/portal.pi.gov.br\/seres\/wp-content\/uploads\/sites\/87\/2025\/12\/e95f4b60-5813-48fd-88cd-1aaf138d71e5-780x355.jpg",780,355,true],"1536x1536":["https:\/\/portal.pi.gov.br\/seres\/wp-content\/uploads\/sites\/87\/2025\/12\/e95f4b60-5813-48fd-88cd-1aaf138d71e5.jpg",1280,582,false],"2048x2048":["https:\/\/portal.pi.gov.br\/seres\/wp-content\/uploads\/sites\/87\/2025\/12\/e95f4b60-5813-48fd-88cd-1aaf138d71e5.jpg",1280,582,false],"homepage-slider":["https:\/\/portal.pi.gov.br\/seres\/wp-content\/uploads\/sites\/87\/2025\/12\/e95f4b60-5813-48fd-88cd-1aaf138d71e5-1270x500.jpg",1270,500,true],"homepage-slider-small":["https:\/\/portal.pi.gov.br\/seres\/wp-content\/uploads\/sites\/87\/2025\/12\/e95f4b60-5813-48fd-88cd-1aaf138d71e5-947x500.jpg",947,500,true],"page-top":["https:\/\/portal.pi.gov.br\/seres\/wp-content\/uploads\/sites\/87\/2025\/12\/e95f4b60-5813-48fd-88cd-1aaf138d71e5-947x431.jpg",947,431,true],"page-small":["https:\/\/portal.pi.gov.br\/seres\/wp-content\/uploads\/sites\/87\/2025\/12\/e95f4b60-5813-48fd-88cd-1aaf138d71e5-624x284.jpg",624,284,true],"loop-main":["https:\/\/portal.pi.gov.br\/seres\/wp-content\/uploads\/sites\/87\/2025\/12\/e95f4b60-5813-48fd-88cd-1aaf138d71e5-365x240.jpg",365,240,true],"thumb-gallery-widget":["https:\/\/portal.pi.gov.br\/seres\/wp-content\/uploads\/sites\/87\/2025\/12\/e95f4b60-5813-48fd-88cd-1aaf138d71e5-84x56.jpg",84,56,true]},"post_excerpt_stackable":"<p>A solenidade aconteceu com a presen\u00e7a do governador Rafael Fonteles, no CETI Governador Dirceu Mendes Arcoverde, em Teresina. O Governo do Piau\u00ed, por meio da Secretaria da Seguran\u00e7a P\u00fablica (SSP-PI), realizou, nesta sexta-feira (5), a formatura dos novos guardas civis municipais das cidades de Acau\u00e3, Barra D\u2019Alc\u00e2ntara, Barras, Beneditinos, Luzil\u00e2ndia, Pedro II, Uni\u00e3o e Timon (MA). A solenidade aconteceu no CETI Governador Dirceu Mendes Arcoverde, na zona Leste de Teresina. O evento marca a conclus\u00e3o do treinamento iniciado em 8 de setembro e que capacitou os servidores para o exerc\u00edcio da fun\u00e7\u00e3o de seguran\u00e7a municipal. Ao todo, 65 formandos participam&hellip;<\/p>\n","category_list":"<a href=\"https:\/\/portal.pi.gov.br\/seres\/category\/noticias\/\" rel=\"category tag\">Not\u00edcias<\/a>","author_info":{"name":"alineraquel","url":"https:\/\/portal.pi.gov.br\/seres\/author\/alineraquel\/"},"comments_num":"0 coment\u00e1rio","featured_image_urls_v2":{"full":["https:\/\/portal.pi.gov.br\/seres\/wp-content\/uploads\/sites\/87\/2025\/12\/e95f4b60-5813-48fd-88cd-1aaf138d71e5.jpg",1280,582,false],"thumbnail":["https:\/\/portal.pi.gov.br\/seres\/wp-content\/uploads\/sites\/87\/2025\/12\/e95f4b60-5813-48fd-88cd-1aaf138d71e5-150x150.jpg",150,150,true],"medium":["https:\/\/portal.pi.gov.br\/seres\/wp-content\/uploads\/sites\/87\/2025\/12\/e95f4b60-5813-48fd-88cd-1aaf138d71e5-300x136.jpg",300,136,true],"medium_large":["https:\/\/portal.pi.gov.br\/seres\/wp-content\/uploads\/sites\/87\/2025\/12\/e95f4b60-5813-48fd-88cd-1aaf138d71e5-768x349.jpg",768,349,true],"large":["https:\/\/portal.pi.gov.br\/seres\/wp-content\/uploads\/sites\/87\/2025\/12\/e95f4b60-5813-48fd-88cd-1aaf138d71e5-1024x466.jpg",887,404,true],"sgg-420":["https:\/\/portal.pi.gov.br\/seres\/wp-content\/uploads\/sites\/87\/2025\/12\/e95f4b60-5813-48fd-88cd-1aaf138d71e5-420x191.jpg",420,191,true],"sgg-540":["https:\/\/portal.pi.gov.br\/seres\/wp-content\/uploads\/sites\/87\/2025\/12\/e95f4b60-5813-48fd-88cd-1aaf138d71e5-540x246.jpg",540,246,true],"sgg-780":["https:\/\/portal.pi.gov.br\/seres\/wp-content\/uploads\/sites\/87\/2025\/12\/e95f4b60-5813-48fd-88cd-1aaf138d71e5-780x355.jpg",780,355,true],"1536x1536":["https:\/\/portal.pi.gov.br\/seres\/wp-content\/uploads\/sites\/87\/2025\/12\/e95f4b60-5813-48fd-88cd-1aaf138d71e5.jpg",1280,582,false],"2048x2048":["https:\/\/portal.pi.gov.br\/seres\/wp-content\/uploads\/sites\/87\/2025\/12\/e95f4b60-5813-48fd-88cd-1aaf138d71e5.jpg",1280,582,false],"homepage-slider":["https:\/\/portal.pi.gov.br\/seres\/wp-content\/uploads\/sites\/87\/2025\/12\/e95f4b60-5813-48fd-88cd-1aaf138d71e5-1270x500.jpg",1270,500,true],"homepage-slider-small":["https:\/\/portal.pi.gov.br\/seres\/wp-content\/uploads\/sites\/87\/2025\/12\/e95f4b60-5813-48fd-88cd-1aaf138d71e5-947x500.jpg",947,500,true],"page-top":["https:\/\/portal.pi.gov.br\/seres\/wp-content\/uploads\/sites\/87\/2025\/12\/e95f4b60-5813-48fd-88cd-1aaf138d71e5-947x431.jpg",947,431,true],"page-small":["https:\/\/portal.pi.gov.br\/seres\/wp-content\/uploads\/sites\/87\/2025\/12\/e95f4b60-5813-48fd-88cd-1aaf138d71e5-624x284.jpg",624,284,true],"loop-main":["https:\/\/portal.pi.gov.br\/seres\/wp-content\/uploads\/sites\/87\/2025\/12\/e95f4b60-5813-48fd-88cd-1aaf138d71e5-365x240.jpg",365,240,true],"thumb-gallery-widget":["https:\/\/portal.pi.gov.br\/seres\/wp-content\/uploads\/sites\/87\/2025\/12\/e95f4b60-5813-48fd-88cd-1aaf138d71e5-84x56.jpg",84,56,true]},"post_excerpt_stackable_v2":"<p>A solenidade aconteceu com a presen\u00e7a do governador Rafael Fonteles, no CETI Governador Dirceu Mendes Arcoverde, em Teresina. O Governo do Piau\u00ed, por meio da Secretaria da Seguran\u00e7a P\u00fablica (SSP-PI), realizou, nesta sexta-feira (5), a formatura dos novos guardas civis municipais das cidades de Acau\u00e3, Barra D\u2019Alc\u00e2ntara, Barras, Beneditinos, Luzil\u00e2ndia, Pedro II, Uni\u00e3o e Timon (MA). A solenidade aconteceu no CETI Governador Dirceu Mendes Arcoverde, na zona Leste de Teresina. O evento marca a conclus\u00e3o do treinamento iniciado em 8 de setembro e que capacitou os servidores para o exerc\u00edcio da fun\u00e7\u00e3o de seguran\u00e7a municipal. Ao todo, 65 formandos participam&hellip;<\/p>\n","category_list_v2":"<a href=\"https:\/\/portal.pi.gov.br\/seres\/category\/noticias\/\" rel=\"category tag\">Not\u00edcias<\/a>","author_info_v2":{"name":"alineraquel","url":"https:\/\/portal.pi.gov.br\/seres\/author\/alineraquel\/"},"comments_num_v2":"0 coment\u00e1rio","jetpack_featured_media_url":"https:\/\/portal.pi.gov.br\/seres\/wp-content\/uploads\/sites\/87\/2025\/12\/e95f4b60-5813-48fd-88cd-1aaf138d71e5.jpg","_links":{"self":[{"href":"https:\/\/portal.pi.gov.br\/seres\/wp-json\/wp\/v2\/posts\/5320"}],"collection":[{"href":"https:\/\/portal.pi.gov.br\/seres\/wp-json\/wp\/v2\/posts"}],"about":[{"href":"https:\/\/portal.pi.gov.br\/seres\/wp-json\/wp\/v2\/types\/post"}],"author":[{"embeddable":true,"href":"https:\/\/portal.pi.gov.br\/seres\/wp-json\/wp\/v2\/users\/1821"}],"replies":[{"embeddable":true,"href":"https:\/\/portal.pi.gov.br\/seres\/wp-json\/wp\/v2\/comments?post=5320"}],"version-history":[{"count":1,"href":"https:\/\/portal.pi.gov.br\/seres\/wp-json\/wp\/v2\/posts\/5320\/revisions"}],"predecessor-version":[{"id":5321,"href":"https:\/\/portal.pi.gov.br\/seres\/wp-json\/wp\/v2\/posts\/5320\/revisions\/5321"}],"wp:featuredmedia":[{"embeddable":true,"href":"https:\/\/portal.pi.gov.br\/seres\/wp-json\/wp\/v2\/media\/5322"}],"wp:attachment":[{"href":"https:\/\/portal.pi.gov.br\/seres\/wp-json\/wp\/v2\/media?parent=5320"}],"wp:term":[{"taxonomy":"category","embeddable":true,"href":"https:\/\/portal.pi.gov.br\/seres\/wp-json\/wp\/v2\/categories?post=5320"},{"taxonomy":"post_tag","embeddable":true,"href":"https:\/\/portal.pi.gov.br\/seres\/wp-json\/wp\/v2\/tags?post=5320"}],"curies":[{"name":"wp","href":"https:\/\/api.w.org\/{rel}","templated":true}]}}