{"id":5366,"date":"2025-12-23T12:57:22","date_gmt":"2025-12-23T15:57:22","guid":{"rendered":"https:\/\/portal.pi.gov.br\/seres\/?p=5366"},"modified":"2025-12-23T16:56:45","modified_gmt":"2025-12-23T19:56:45","slug":"comunidades-indigenas-do-piaui-recebem-veiculos-para-amplia-assistencia-a-saude-indigena","status":"publish","type":"post","link":"https:\/\/portal.pi.gov.br\/seres\/2025\/12\/23\/comunidades-indigenas-do-piaui-recebem-veiculos-para-amplia-assistencia-a-saude-indigena\/","title":{"rendered":"Comunidades ind\u00edgenas do Piau\u00ed recebem ve\u00edculos para amplia assist\u00eancia \u00e0 sa\u00fade ind\u00edgena"},"content":{"rendered":"\n<p>Nesta segunda-feira (22), o Governo do Piau\u00ed, por meio da Secretaria de Estado da Sa\u00fade (Sesapi), realizou a entrega de cinco ve\u00edculos que ir\u00e3o fortalecer as a\u00e7\u00f5es da pol\u00edtica de Sa\u00fade Ind\u00edgena no estado. A solenidade ocorreu no munic\u00edpio de Piripiri e representou mais um avan\u00e7o na constru\u00e7\u00e3o de uma aten\u00e7\u00e3o \u00e0 sa\u00fade mais eficiente, humanizada e pr\u00f3xima das comunidades ind\u00edgenas.<\/p>\n\n\n\n<p>Os ve\u00edculos ser\u00e3o destinados aos polos de Sa\u00fade Ind\u00edgena em processo de implementa\u00e7\u00e3o no Piau\u00ed. Quatro autom\u00f3veis ir\u00e3o atender diretamente os polos localizados nos munic\u00edpios de Paulistana, Bom Jesus, Lagoa de S\u00e3o Francisco e Queimada Nova, ampliando a capacidade de deslocamento das equipes de sa\u00fade e garantindo maior agilidade no atendimento \u00e0s aldeias. O quinto ve\u00edculo ficar\u00e1 na sede da Funda\u00e7\u00e3o Nacional de Sa\u00fade (Funasa), em Teresina, para dar suporte aos t\u00e9cnicos que atuam nos munic\u00edpios.<\/p>\n\n\n<div class=\"wp-block-image\">\n<figure class=\"aligncenter size-large is-resized\"><img decoding=\"async\" loading=\"lazy\" src=\"https:\/\/portal.pi.gov.br\/seres\/wp-content\/uploads\/sites\/87\/2025\/12\/db16f129-9671-4c3e-a2e7-42a385138d3c-1-1024x682.jpg\" alt=\"\" class=\"wp-image-5373\" width=\"575\" height=\"383\" srcset=\"https:\/\/portal.pi.gov.br\/seres\/wp-content\/uploads\/sites\/87\/2025\/12\/db16f129-9671-4c3e-a2e7-42a385138d3c-1-1024x682.jpg 1024w, https:\/\/portal.pi.gov.br\/seres\/wp-content\/uploads\/sites\/87\/2025\/12\/db16f129-9671-4c3e-a2e7-42a385138d3c-1-300x200.jpg 300w, https:\/\/portal.pi.gov.br\/seres\/wp-content\/uploads\/sites\/87\/2025\/12\/db16f129-9671-4c3e-a2e7-42a385138d3c-1-768x512.jpg 768w, https:\/\/portal.pi.gov.br\/seres\/wp-content\/uploads\/sites\/87\/2025\/12\/db16f129-9671-4c3e-a2e7-42a385138d3c-1-420x280.jpg 420w, https:\/\/portal.pi.gov.br\/seres\/wp-content\/uploads\/sites\/87\/2025\/12\/db16f129-9671-4c3e-a2e7-42a385138d3c-1-540x360.jpg 540w, https:\/\/portal.pi.gov.br\/seres\/wp-content\/uploads\/sites\/87\/2025\/12\/db16f129-9671-4c3e-a2e7-42a385138d3c-1-780x520.jpg 780w, https:\/\/portal.pi.gov.br\/seres\/wp-content\/uploads\/sites\/87\/2025\/12\/db16f129-9671-4c3e-a2e7-42a385138d3c-1-947x631.jpg 947w, https:\/\/portal.pi.gov.br\/seres\/wp-content\/uploads\/sites\/87\/2025\/12\/db16f129-9671-4c3e-a2e7-42a385138d3c-1-624x416.jpg 624w, https:\/\/portal.pi.gov.br\/seres\/wp-content\/uploads\/sites\/87\/2025\/12\/db16f129-9671-4c3e-a2e7-42a385138d3c-1-84x56.jpg 84w, https:\/\/portal.pi.gov.br\/seres\/wp-content\/uploads\/sites\/87\/2025\/12\/db16f129-9671-4c3e-a2e7-42a385138d3c-1.jpg 1280w\" sizes=\"(max-width: 575px) 100vw, 575px\" \/><\/figure><\/div>\n\n\n<p><\/p>\n\n\n\n<p class=\"has-text-align-left\">Para a secret\u00e1ria a N\u00fabia Lopes, essa entrega \u00e9 de extrema import\u00e2ncia porque fortalece, de forma concreta, a pol\u00edtica de sa\u00fade ind\u00edgena no nosso estado. &#8220;Os ve\u00edculos garantem melhores condi\u00e7\u00f5es de trabalho \u00e0s equipes multidisciplinares e ampliam o acesso das comunidades ind\u00edgenas aos servi\u00e7os de sa\u00fade, especialmente nos territ\u00f3rios mais distantes. Investir em estrutura \u00e9 investir em cuidado, em dignidade e no respeito aos povos ind\u00edgenas. \u00c9 assegurar que o direito \u00e0 sa\u00fade seja efetivado com qualidade, agilidade e humaniza\u00e7\u00e3o, reconhecendo as especificidades culturais e territoriais dessas popula\u00e7\u00f5es.\u201d destacou <\/p>\n\n\n\n<p class=\"has-text-align-left\"><\/p>\n\n\n\n<p class=\"has-text-align-left\">A iniciativa integra a pol\u00edtica estadual de sa\u00fade voltada \u00e0 popula\u00e7\u00e3o ind\u00edgena e busca assegurar melhores condi\u00e7\u00f5es de trabalho \u00e0s equipes multiprofissionais, al\u00e9m de facilitar o acompanhamento cont\u00ednuo das comunidades. Com essa estrutura, ser\u00e1 poss\u00edvel intensificar a\u00e7\u00f5es de preven\u00e7\u00e3o, promo\u00e7\u00e3o da sa\u00fade e aten\u00e7\u00e3o b\u00e1sica, respeitando as especificidades culturais e territoriais dos povos origin\u00e1rios. <\/p>\n\n\n<div class=\"wp-block-image\">\n<figure class=\"aligncenter size-large is-resized\"><img decoding=\"async\" loading=\"lazy\" src=\"https:\/\/portal.pi.gov.br\/seres\/wp-content\/uploads\/sites\/87\/2025\/12\/WhatsApp-Image-2025-12-23-at-12.34.11-1-1024x683.jpeg\" alt=\"\" class=\"wp-image-5374\" width=\"577\" height=\"384\" srcset=\"https:\/\/portal.pi.gov.br\/seres\/wp-content\/uploads\/sites\/87\/2025\/12\/WhatsApp-Image-2025-12-23-at-12.34.11-1-1024x683.jpeg 1024w, https:\/\/portal.pi.gov.br\/seres\/wp-content\/uploads\/sites\/87\/2025\/12\/WhatsApp-Image-2025-12-23-at-12.34.11-1-300x200.jpeg 300w, https:\/\/portal.pi.gov.br\/seres\/wp-content\/uploads\/sites\/87\/2025\/12\/WhatsApp-Image-2025-12-23-at-12.34.11-1-768x512.jpeg 768w, https:\/\/portal.pi.gov.br\/seres\/wp-content\/uploads\/sites\/87\/2025\/12\/WhatsApp-Image-2025-12-23-at-12.34.11-1-420x280.jpeg 420w, https:\/\/portal.pi.gov.br\/seres\/wp-content\/uploads\/sites\/87\/2025\/12\/WhatsApp-Image-2025-12-23-at-12.34.11-1-540x360.jpeg 540w, https:\/\/portal.pi.gov.br\/seres\/wp-content\/uploads\/sites\/87\/2025\/12\/WhatsApp-Image-2025-12-23-at-12.34.11-1-780x520.jpeg 780w, https:\/\/portal.pi.gov.br\/seres\/wp-content\/uploads\/sites\/87\/2025\/12\/WhatsApp-Image-2025-12-23-at-12.34.11-1-947x632.jpeg 947w, https:\/\/portal.pi.gov.br\/seres\/wp-content\/uploads\/sites\/87\/2025\/12\/WhatsApp-Image-2025-12-23-at-12.34.11-1-624x416.jpeg 624w, https:\/\/portal.pi.gov.br\/seres\/wp-content\/uploads\/sites\/87\/2025\/12\/WhatsApp-Image-2025-12-23-at-12.34.11-1-84x56.jpeg 84w, https:\/\/portal.pi.gov.br\/seres\/wp-content\/uploads\/sites\/87\/2025\/12\/WhatsApp-Image-2025-12-23-at-12.34.11-1.jpeg 1280w\" sizes=\"(max-width: 577px) 100vw, 577px\" \/><\/figure><\/div>\n\n\n<p>Atualmente, mais de 3.600 ind\u00edgenas ser\u00e3o diretamente beneficiados com a iniciativa. A entrega dos ve\u00edculos reafirma o compromisso do Governo do Piau\u00ed com a equidade no acesso \u00e0 sa\u00fade e com o fortalecimento de uma rede de aten\u00e7\u00e3o que contemple todos os territ\u00f3rios, especialmente aqueles historicamente mais vulnerabilizados.<\/p>\n\n\n\n<p><\/p>\n\n\n\n<p>O secret\u00e1rio de Estado da Sa\u00fade, Antonio Luiz, destacou a import\u00e2ncia da entrega para a consolida\u00e7\u00e3o da pol\u00edtica p\u00fablica. \u201cEsses ve\u00edculos s\u00e3o fundamentais para garantir o acesso aos servi\u00e7os de sa\u00fade nos territ\u00f3rios ind\u00edgenas. Estamos estruturando os polos e oferecendo condi\u00e7\u00f5es reais para que as equipes cheguem \u00e0s comunidades, promovendo cuidado com dignidade e respeito\u201d, afirmou.<\/p>\n\n\n\n<p><\/p>\n\n\n\n<figure class=\"wp-block-gallery has-nested-images columns-default is-cropped wp-block-gallery-1 is-layout-flex\">\n<figure class=\"wp-block-image size-large\"><img decoding=\"async\" loading=\"lazy\" width=\"1024\" height=\"768\" data-id=\"5378\"  src=\"https:\/\/portal.pi.gov.br\/seres\/wp-content\/uploads\/sites\/87\/2025\/12\/WhatsApp-Image-2025-12-23-at-12.30.22-2-1024x768.jpeg\" alt=\"\" class=\"wp-image-5378\" srcset=\"https:\/\/portal.pi.gov.br\/seres\/wp-content\/uploads\/sites\/87\/2025\/12\/WhatsApp-Image-2025-12-23-at-12.30.22-2-1024x768.jpeg 1024w, https:\/\/portal.pi.gov.br\/seres\/wp-content\/uploads\/sites\/87\/2025\/12\/WhatsApp-Image-2025-12-23-at-12.30.22-2-300x225.jpeg 300w, https:\/\/portal.pi.gov.br\/seres\/wp-content\/uploads\/sites\/87\/2025\/12\/WhatsApp-Image-2025-12-23-at-12.30.22-2-768x576.jpeg 768w, https:\/\/portal.pi.gov.br\/seres\/wp-content\/uploads\/sites\/87\/2025\/12\/WhatsApp-Image-2025-12-23-at-12.30.22-2-420x315.jpeg 420w, https:\/\/portal.pi.gov.br\/seres\/wp-content\/uploads\/sites\/87\/2025\/12\/WhatsApp-Image-2025-12-23-at-12.30.22-2-540x405.jpeg 540w, https:\/\/portal.pi.gov.br\/seres\/wp-content\/uploads\/sites\/87\/2025\/12\/WhatsApp-Image-2025-12-23-at-12.30.22-2-780x585.jpeg 780w, https:\/\/portal.pi.gov.br\/seres\/wp-content\/uploads\/sites\/87\/2025\/12\/WhatsApp-Image-2025-12-23-at-12.30.22-2-947x710.jpeg 947w, https:\/\/portal.pi.gov.br\/seres\/wp-content\/uploads\/sites\/87\/2025\/12\/WhatsApp-Image-2025-12-23-at-12.30.22-2-624x468.jpeg 624w, https:\/\/portal.pi.gov.br\/seres\/wp-content\/uploads\/sites\/87\/2025\/12\/WhatsApp-Image-2025-12-23-at-12.30.22-2.jpeg 1280w\" sizes=\"(max-width: 1024px) 100vw, 1024px\" \/><\/figure>\n\n\n\n<figure class=\"wp-block-image size-large\"><img decoding=\"async\" loading=\"lazy\" width=\"1024\" height=\"768\" data-id=\"5379\"  src=\"https:\/\/portal.pi.gov.br\/seres\/wp-content\/uploads\/sites\/87\/2025\/12\/WhatsApp-Image-2025-12-23-at-12.30.23-1-1024x768.jpeg\" alt=\"\" class=\"wp-image-5379\" srcset=\"https:\/\/portal.pi.gov.br\/seres\/wp-content\/uploads\/sites\/87\/2025\/12\/WhatsApp-Image-2025-12-23-at-12.30.23-1-1024x768.jpeg 1024w, https:\/\/portal.pi.gov.br\/seres\/wp-content\/uploads\/sites\/87\/2025\/12\/WhatsApp-Image-2025-12-23-at-12.30.23-1-300x225.jpeg 300w, https:\/\/portal.pi.gov.br\/seres\/wp-content\/uploads\/sites\/87\/2025\/12\/WhatsApp-Image-2025-12-23-at-12.30.23-1-768x576.jpeg 768w, https:\/\/portal.pi.gov.br\/seres\/wp-content\/uploads\/sites\/87\/2025\/12\/WhatsApp-Image-2025-12-23-at-12.30.23-1-420x315.jpeg 420w, https:\/\/portal.pi.gov.br\/seres\/wp-content\/uploads\/sites\/87\/2025\/12\/WhatsApp-Image-2025-12-23-at-12.30.23-1-540x405.jpeg 540w, https:\/\/portal.pi.gov.br\/seres\/wp-content\/uploads\/sites\/87\/2025\/12\/WhatsApp-Image-2025-12-23-at-12.30.23-1-780x585.jpeg 780w, https:\/\/portal.pi.gov.br\/seres\/wp-content\/uploads\/sites\/87\/2025\/12\/WhatsApp-Image-2025-12-23-at-12.30.23-1-947x710.jpeg 947w, https:\/\/portal.pi.gov.br\/seres\/wp-content\/uploads\/sites\/87\/2025\/12\/WhatsApp-Image-2025-12-23-at-12.30.23-1-624x468.jpeg 624w, https:\/\/portal.pi.gov.br\/seres\/wp-content\/uploads\/sites\/87\/2025\/12\/WhatsApp-Image-2025-12-23-at-12.30.23-1.jpeg 1280w\" sizes=\"(max-width: 1024px) 100vw, 1024px\" \/><\/figure>\n<\/figure>\n\n\n\n<figure class=\"wp-block-gallery has-nested-images columns-default is-cropped wp-block-gallery-3 is-layout-flex\">\n<figure class=\"wp-block-image\"><img decoding=\"async\" src=\"https:\/\/portal.pi.gov.br\/8145a991-d807-4662-9ab8-cfa729c6c7ec\" alt=\"\" \/><\/figure>\n\n\n\n<figure class=\"wp-block-image\"><img decoding=\"async\" src=\"https:\/\/portal.pi.gov.br\/4b8e3075-b339-46af-85bd-abdecf0374ff\" alt=\"\" \/><\/figure>\n<\/figure>\n\n\n\n<figure class=\"wp-block-gallery has-nested-images columns-default is-cropped wp-block-gallery-5 is-layout-flex\">\n<figure class=\"wp-block-image size-large\"><img decoding=\"async\" loading=\"lazy\" width=\"1024\" height=\"768\" data-id=\"5390\"  src=\"https:\/\/portal.pi.gov.br\/seres\/wp-content\/uploads\/sites\/87\/2025\/12\/WhatsApp-Image-2025-12-22-at-13.58.30-1-1024x768.jpeg\" alt=\"\" class=\"wp-image-5390\" srcset=\"https:\/\/portal.pi.gov.br\/seres\/wp-content\/uploads\/sites\/87\/2025\/12\/WhatsApp-Image-2025-12-22-at-13.58.30-1-1024x768.jpeg 1024w, https:\/\/portal.pi.gov.br\/seres\/wp-content\/uploads\/sites\/87\/2025\/12\/WhatsApp-Image-2025-12-22-at-13.58.30-1-300x225.jpeg 300w, https:\/\/portal.pi.gov.br\/seres\/wp-content\/uploads\/sites\/87\/2025\/12\/WhatsApp-Image-2025-12-22-at-13.58.30-1-768x576.jpeg 768w, https:\/\/portal.pi.gov.br\/seres\/wp-content\/uploads\/sites\/87\/2025\/12\/WhatsApp-Image-2025-12-22-at-13.58.30-1-420x315.jpeg 420w, https:\/\/portal.pi.gov.br\/seres\/wp-content\/uploads\/sites\/87\/2025\/12\/WhatsApp-Image-2025-12-22-at-13.58.30-1-540x405.jpeg 540w, https:\/\/portal.pi.gov.br\/seres\/wp-content\/uploads\/sites\/87\/2025\/12\/WhatsApp-Image-2025-12-22-at-13.58.30-1-780x585.jpeg 780w, https:\/\/portal.pi.gov.br\/seres\/wp-content\/uploads\/sites\/87\/2025\/12\/WhatsApp-Image-2025-12-22-at-13.58.30-1-947x710.jpeg 947w, https:\/\/portal.pi.gov.br\/seres\/wp-content\/uploads\/sites\/87\/2025\/12\/WhatsApp-Image-2025-12-22-at-13.58.30-1-624x468.jpeg 624w, https:\/\/portal.pi.gov.br\/seres\/wp-content\/uploads\/sites\/87\/2025\/12\/WhatsApp-Image-2025-12-22-at-13.58.30-1.jpeg 1280w\" sizes=\"(max-width: 1024px) 100vw, 1024px\" \/><\/figure>\n\n\n\n<figure class=\"wp-block-image size-large\"><img decoding=\"async\" loading=\"lazy\" width=\"1024\" height=\"768\" data-id=\"5391\"  src=\"https:\/\/portal.pi.gov.br\/seres\/wp-content\/uploads\/sites\/87\/2025\/12\/WhatsApp-Image-2025-12-23-at-12.30.22-1-2-1024x768.jpeg\" alt=\"\" class=\"wp-image-5391\" srcset=\"https:\/\/portal.pi.gov.br\/seres\/wp-content\/uploads\/sites\/87\/2025\/12\/WhatsApp-Image-2025-12-23-at-12.30.22-1-2-1024x768.jpeg 1024w, https:\/\/portal.pi.gov.br\/seres\/wp-content\/uploads\/sites\/87\/2025\/12\/WhatsApp-Image-2025-12-23-at-12.30.22-1-2-300x225.jpeg 300w, https:\/\/portal.pi.gov.br\/seres\/wp-content\/uploads\/sites\/87\/2025\/12\/WhatsApp-Image-2025-12-23-at-12.30.22-1-2-768x576.jpeg 768w, https:\/\/portal.pi.gov.br\/seres\/wp-content\/uploads\/sites\/87\/2025\/12\/WhatsApp-Image-2025-12-23-at-12.30.22-1-2-420x315.jpeg 420w, https:\/\/portal.pi.gov.br\/seres\/wp-content\/uploads\/sites\/87\/2025\/12\/WhatsApp-Image-2025-12-23-at-12.30.22-1-2-540x405.jpeg 540w, https:\/\/portal.pi.gov.br\/seres\/wp-content\/uploads\/sites\/87\/2025\/12\/WhatsApp-Image-2025-12-23-at-12.30.22-1-2-780x585.jpeg 780w, https:\/\/portal.pi.gov.br\/seres\/wp-content\/uploads\/sites\/87\/2025\/12\/WhatsApp-Image-2025-12-23-at-12.30.22-1-2-947x710.jpeg 947w, https:\/\/portal.pi.gov.br\/seres\/wp-content\/uploads\/sites\/87\/2025\/12\/WhatsApp-Image-2025-12-23-at-12.30.22-1-2-624x468.jpeg 624w, https:\/\/portal.pi.gov.br\/seres\/wp-content\/uploads\/sites\/87\/2025\/12\/WhatsApp-Image-2025-12-23-at-12.30.22-1-2.jpeg 1280w\" sizes=\"(max-width: 1024px) 100vw, 1024px\" \/><\/figure>\n<\/figure>\n","protected":false},"excerpt":{"rendered":"<p>Nesta segunda-feira (22), o Governo do Piau\u00ed, por meio da Secretaria de Estado da Sa\u00fade (Sesapi), realizou a entrega de cinco ve\u00edculos que ir\u00e3o fortalecer as a\u00e7\u00f5es da pol\u00edtica de [&hellip;]<\/p>\n","protected":false},"author":1748,"featured_media":5373,"comment_status":"closed","ping_status":"closed","sticky":false,"template":"","format":"standard","meta":[],"categories":[34],"tags":[],"featured_image_urls":{"full":["https:\/\/portal.pi.gov.br\/seres\/wp-content\/uploads\/sites\/87\/2025\/12\/db16f129-9671-4c3e-a2e7-42a385138d3c-1.jpg",1280,853,false],"thumbnail":["https:\/\/portal.pi.gov.br\/seres\/wp-content\/uploads\/sites\/87\/2025\/12\/db16f129-9671-4c3e-a2e7-42a385138d3c-1-150x150.jpg",150,150,true],"medium":["https:\/\/portal.pi.gov.br\/seres\/wp-content\/uploads\/sites\/87\/2025\/12\/db16f129-9671-4c3e-a2e7-42a385138d3c-1-300x200.jpg",300,200,true],"medium_large":["https:\/\/portal.pi.gov.br\/seres\/wp-content\/uploads\/sites\/87\/2025\/12\/db16f129-9671-4c3e-a2e7-42a385138d3c-1-768x512.jpg",768,512,true],"large":["https:\/\/portal.pi.gov.br\/seres\/wp-content\/uploads\/sites\/87\/2025\/12\/db16f129-9671-4c3e-a2e7-42a385138d3c-1-1024x682.jpg",887,591,true],"sgg-420":["https:\/\/portal.pi.gov.br\/seres\/wp-content\/uploads\/sites\/87\/2025\/12\/db16f129-9671-4c3e-a2e7-42a385138d3c-1-420x280.jpg",420,280,true],"sgg-540":["https:\/\/portal.pi.gov.br\/seres\/wp-content\/uploads\/sites\/87\/2025\/12\/db16f129-9671-4c3e-a2e7-42a385138d3c-1-540x360.jpg",540,360,true],"sgg-780":["https:\/\/portal.pi.gov.br\/seres\/wp-content\/uploads\/sites\/87\/2025\/12\/db16f129-9671-4c3e-a2e7-42a385138d3c-1-780x520.jpg",780,520,true],"1536x1536":["https:\/\/portal.pi.gov.br\/seres\/wp-content\/uploads\/sites\/87\/2025\/12\/db16f129-9671-4c3e-a2e7-42a385138d3c-1.jpg",1280,853,false],"2048x2048":["https:\/\/portal.pi.gov.br\/seres\/wp-content\/uploads\/sites\/87\/2025\/12\/db16f129-9671-4c3e-a2e7-42a385138d3c-1.jpg",1280,853,false],"homepage-slider":["https:\/\/portal.pi.gov.br\/seres\/wp-content\/uploads\/sites\/87\/2025\/12\/db16f129-9671-4c3e-a2e7-42a385138d3c-1-1270x500.jpg",1270,500,true],"homepage-slider-small":["https:\/\/portal.pi.gov.br\/seres\/wp-content\/uploads\/sites\/87\/2025\/12\/db16f129-9671-4c3e-a2e7-42a385138d3c-1-947x500.jpg",947,500,true],"page-top":["https:\/\/portal.pi.gov.br\/seres\/wp-content\/uploads\/sites\/87\/2025\/12\/db16f129-9671-4c3e-a2e7-42a385138d3c-1-947x631.jpg",947,631,true],"page-small":["https:\/\/portal.pi.gov.br\/seres\/wp-content\/uploads\/sites\/87\/2025\/12\/db16f129-9671-4c3e-a2e7-42a385138d3c-1-624x416.jpg",624,416,true],"loop-main":["https:\/\/portal.pi.gov.br\/seres\/wp-content\/uploads\/sites\/87\/2025\/12\/db16f129-9671-4c3e-a2e7-42a385138d3c-1-365x240.jpg",365,240,true],"thumb-gallery-widget":["https:\/\/portal.pi.gov.br\/seres\/wp-content\/uploads\/sites\/87\/2025\/12\/db16f129-9671-4c3e-a2e7-42a385138d3c-1-84x56.jpg",84,56,true]},"post_excerpt_stackable":"<p>Nesta segunda-feira (22), o Governo do Piau\u00ed, por meio da Secretaria de Estado da Sa\u00fade (Sesapi), realizou a entrega de cinco ve\u00edculos que ir\u00e3o fortalecer as a\u00e7\u00f5es da pol\u00edtica de Sa\u00fade Ind\u00edgena no estado. A solenidade ocorreu no munic\u00edpio de Piripiri e representou mais um avan\u00e7o na constru\u00e7\u00e3o de uma aten\u00e7\u00e3o \u00e0 sa\u00fade mais eficiente, humanizada e pr\u00f3xima das comunidades ind\u00edgenas. Os ve\u00edculos ser\u00e3o destinados aos polos de Sa\u00fade Ind\u00edgena em processo de implementa\u00e7\u00e3o no Piau\u00ed. Quatro autom\u00f3veis ir\u00e3o atender diretamente os polos localizados nos munic\u00edpios de Paulistana, Bom Jesus, Lagoa de S\u00e3o Francisco e Queimada Nova, ampliando a capacidade&hellip;<\/p>\n","category_list":"<a href=\"https:\/\/portal.pi.gov.br\/seres\/category\/noticias\/\" rel=\"category tag\">Not\u00edcias<\/a>","author_info":{"name":"natalina","url":"https:\/\/portal.pi.gov.br\/seres\/author\/natalina\/"},"comments_num":"0 coment\u00e1rio","featured_image_urls_v2":{"full":["https:\/\/portal.pi.gov.br\/seres\/wp-content\/uploads\/sites\/87\/2025\/12\/db16f129-9671-4c3e-a2e7-42a385138d3c-1.jpg",1280,853,false],"thumbnail":["https:\/\/portal.pi.gov.br\/seres\/wp-content\/uploads\/sites\/87\/2025\/12\/db16f129-9671-4c3e-a2e7-42a385138d3c-1-150x150.jpg",150,150,true],"medium":["https:\/\/portal.pi.gov.br\/seres\/wp-content\/uploads\/sites\/87\/2025\/12\/db16f129-9671-4c3e-a2e7-42a385138d3c-1-300x200.jpg",300,200,true],"medium_large":["https:\/\/portal.pi.gov.br\/seres\/wp-content\/uploads\/sites\/87\/2025\/12\/db16f129-9671-4c3e-a2e7-42a385138d3c-1-768x512.jpg",768,512,true],"large":["https:\/\/portal.pi.gov.br\/seres\/wp-content\/uploads\/sites\/87\/2025\/12\/db16f129-9671-4c3e-a2e7-42a385138d3c-1-1024x682.jpg",887,591,true],"sgg-420":["https:\/\/portal.pi.gov.br\/seres\/wp-content\/uploads\/sites\/87\/2025\/12\/db16f129-9671-4c3e-a2e7-42a385138d3c-1-420x280.jpg",420,280,true],"sgg-540":["https:\/\/portal.pi.gov.br\/seres\/wp-content\/uploads\/sites\/87\/2025\/12\/db16f129-9671-4c3e-a2e7-42a385138d3c-1-540x360.jpg",540,360,true],"sgg-780":["https:\/\/portal.pi.gov.br\/seres\/wp-content\/uploads\/sites\/87\/2025\/12\/db16f129-9671-4c3e-a2e7-42a385138d3c-1-780x520.jpg",780,520,true],"1536x1536":["https:\/\/portal.pi.gov.br\/seres\/wp-content\/uploads\/sites\/87\/2025\/12\/db16f129-9671-4c3e-a2e7-42a385138d3c-1.jpg",1280,853,false],"2048x2048":["https:\/\/portal.pi.gov.br\/seres\/wp-content\/uploads\/sites\/87\/2025\/12\/db16f129-9671-4c3e-a2e7-42a385138d3c-1.jpg",1280,853,false],"homepage-slider":["https:\/\/portal.pi.gov.br\/seres\/wp-content\/uploads\/sites\/87\/2025\/12\/db16f129-9671-4c3e-a2e7-42a385138d3c-1-1270x500.jpg",1270,500,true],"homepage-slider-small":["https:\/\/portal.pi.gov.br\/seres\/wp-content\/uploads\/sites\/87\/2025\/12\/db16f129-9671-4c3e-a2e7-42a385138d3c-1-947x500.jpg",947,500,true],"page-top":["https:\/\/portal.pi.gov.br\/seres\/wp-content\/uploads\/sites\/87\/2025\/12\/db16f129-9671-4c3e-a2e7-42a385138d3c-1-947x631.jpg",947,631,true],"page-small":["https:\/\/portal.pi.gov.br\/seres\/wp-content\/uploads\/sites\/87\/2025\/12\/db16f129-9671-4c3e-a2e7-42a385138d3c-1-624x416.jpg",624,416,true],"loop-main":["https:\/\/portal.pi.gov.br\/seres\/wp-content\/uploads\/sites\/87\/2025\/12\/db16f129-9671-4c3e-a2e7-42a385138d3c-1-365x240.jpg",365,240,true],"thumb-gallery-widget":["https:\/\/portal.pi.gov.br\/seres\/wp-content\/uploads\/sites\/87\/2025\/12\/db16f129-9671-4c3e-a2e7-42a385138d3c-1-84x56.jpg",84,56,true]},"post_excerpt_stackable_v2":"<p>Nesta segunda-feira (22), o Governo do Piau\u00ed, por meio da Secretaria de Estado da Sa\u00fade (Sesapi), realizou a entrega de cinco ve\u00edculos que ir\u00e3o fortalecer as a\u00e7\u00f5es da pol\u00edtica de Sa\u00fade Ind\u00edgena no estado. A solenidade ocorreu no munic\u00edpio de Piripiri e representou mais um avan\u00e7o na constru\u00e7\u00e3o de uma aten\u00e7\u00e3o \u00e0 sa\u00fade mais eficiente, humanizada e pr\u00f3xima das comunidades ind\u00edgenas. Os ve\u00edculos ser\u00e3o destinados aos polos de Sa\u00fade Ind\u00edgena em processo de implementa\u00e7\u00e3o no Piau\u00ed. Quatro autom\u00f3veis ir\u00e3o atender diretamente os polos localizados nos munic\u00edpios de Paulistana, Bom Jesus, Lagoa de S\u00e3o Francisco e Queimada Nova, ampliando a capacidade&hellip;<\/p>\n","category_list_v2":"<a href=\"https:\/\/portal.pi.gov.br\/seres\/category\/noticias\/\" rel=\"category tag\">Not\u00edcias<\/a>","author_info_v2":{"name":"natalina","url":"https:\/\/portal.pi.gov.br\/seres\/author\/natalina\/"},"comments_num_v2":"0 coment\u00e1rio","jetpack_featured_media_url":"https:\/\/portal.pi.gov.br\/seres\/wp-content\/uploads\/sites\/87\/2025\/12\/db16f129-9671-4c3e-a2e7-42a385138d3c-1.jpg","_links":{"self":[{"href":"https:\/\/portal.pi.gov.br\/seres\/wp-json\/wp\/v2\/posts\/5366"}],"collection":[{"href":"https:\/\/portal.pi.gov.br\/seres\/wp-json\/wp\/v2\/posts"}],"about":[{"href":"https:\/\/portal.pi.gov.br\/seres\/wp-json\/wp\/v2\/types\/post"}],"author":[{"embeddable":true,"href":"https:\/\/portal.pi.gov.br\/seres\/wp-json\/wp\/v2\/users\/1748"}],"replies":[{"embeddable":true,"href":"https:\/\/portal.pi.gov.br\/seres\/wp-json\/wp\/v2\/comments?post=5366"}],"version-history":[{"count":7,"href":"https:\/\/portal.pi.gov.br\/seres\/wp-json\/wp\/v2\/posts\/5366\/revisions"}],"predecessor-version":[{"id":5392,"href":"https:\/\/portal.pi.gov.br\/seres\/wp-json\/wp\/v2\/posts\/5366\/revisions\/5392"}],"wp:featuredmedia":[{"embeddable":true,"href":"https:\/\/portal.pi.gov.br\/seres\/wp-json\/wp\/v2\/media\/5373"}],"wp:attachment":[{"href":"https:\/\/portal.pi.gov.br\/seres\/wp-json\/wp\/v2\/media?parent=5366"}],"wp:term":[{"taxonomy":"category","embeddable":true,"href":"https:\/\/portal.pi.gov.br\/seres\/wp-json\/wp\/v2\/categories?post=5366"},{"taxonomy":"post_tag","embeddable":true,"href":"https:\/\/portal.pi.gov.br\/seres\/wp-json\/wp\/v2\/tags?post=5366"}],"curies":[{"name":"wp","href":"https:\/\/api.w.org\/{rel}","templated":true}]}}