{"id":5393,"date":"2025-12-23T17:19:48","date_gmt":"2025-12-23T20:19:48","guid":{"rendered":"https:\/\/portal.pi.gov.br\/seres\/?p=5393"},"modified":"2025-12-26T10:04:45","modified_gmt":"2025-12-26T13:04:45","slug":"seres-coordena-a-primeira-consulta-previa-livre-e-informada-sobre-o-porto-piaui","status":"publish","type":"post","link":"https:\/\/portal.pi.gov.br\/seres\/2025\/12\/23\/seres-coordena-a-primeira-consulta-previa-livre-e-informada-sobre-o-porto-piaui\/","title":{"rendered":"SERES coordena a primeira Consulta Pr\u00e9via, Livre e Informada sobre o Porto Piau\u00ed"},"content":{"rendered":"\n<p><em>As reuni\u00f5es foram realizadas nos munic\u00edpios de Parna\u00edba e Ilha Grande do Piau\u00ed.<\/em><\/p>\n\n\n\n<p>A Secretaria de Estado das Rela\u00e7\u00f5es Sociais (SERES-PI) realizou, nos dias 19, 20 e 21 de dezembro, uma s\u00e9rie de agendas no litoral piauiense que marcaram o in\u00edcio da Consulta Pr\u00e9via, Livre e Informada (CPLI) no Estado. Esse processo consagra um momento hist\u00f3rico e pioneiro no Piau\u00ed, refor\u00e7ando o compromisso do Governo do Estado com a transpar\u00eancia, o di\u00e1logo e o respeito aos direitos das comunidades tradicionais. Por meio da SERES, o governo reafirma sua postura de escuta ativa, participa\u00e7\u00e3o social e constru\u00e7\u00e3o coletiva das decis\u00f5es.&nbsp;<\/p>\n\n\n<div class=\"wp-block-image\">\n<figure class=\"aligncenter size-large is-resized\"><img decoding=\"async\" loading=\"lazy\" src=\"https:\/\/portal.pi.gov.br\/seres\/wp-content\/uploads\/sites\/87\/2025\/12\/WhatsApp-Image-2025-12-23-at-11.46.49-1-1024x683.jpeg\" alt=\"\" class=\"wp-image-5398\" width=\"583\" height=\"388\" srcset=\"https:\/\/portal.pi.gov.br\/seres\/wp-content\/uploads\/sites\/87\/2025\/12\/WhatsApp-Image-2025-12-23-at-11.46.49-1-1024x683.jpeg 1024w, https:\/\/portal.pi.gov.br\/seres\/wp-content\/uploads\/sites\/87\/2025\/12\/WhatsApp-Image-2025-12-23-at-11.46.49-1-300x200.jpeg 300w, https:\/\/portal.pi.gov.br\/seres\/wp-content\/uploads\/sites\/87\/2025\/12\/WhatsApp-Image-2025-12-23-at-11.46.49-1-768x512.jpeg 768w, https:\/\/portal.pi.gov.br\/seres\/wp-content\/uploads\/sites\/87\/2025\/12\/WhatsApp-Image-2025-12-23-at-11.46.49-1-420x280.jpeg 420w, https:\/\/portal.pi.gov.br\/seres\/wp-content\/uploads\/sites\/87\/2025\/12\/WhatsApp-Image-2025-12-23-at-11.46.49-1-540x360.jpeg 540w, https:\/\/portal.pi.gov.br\/seres\/wp-content\/uploads\/sites\/87\/2025\/12\/WhatsApp-Image-2025-12-23-at-11.46.49-1-780x520.jpeg 780w, https:\/\/portal.pi.gov.br\/seres\/wp-content\/uploads\/sites\/87\/2025\/12\/WhatsApp-Image-2025-12-23-at-11.46.49-1-947x632.jpeg 947w, https:\/\/portal.pi.gov.br\/seres\/wp-content\/uploads\/sites\/87\/2025\/12\/WhatsApp-Image-2025-12-23-at-11.46.49-1-624x416.jpeg 624w, https:\/\/portal.pi.gov.br\/seres\/wp-content\/uploads\/sites\/87\/2025\/12\/WhatsApp-Image-2025-12-23-at-11.46.49-1-84x56.jpeg 84w, https:\/\/portal.pi.gov.br\/seres\/wp-content\/uploads\/sites\/87\/2025\/12\/WhatsApp-Image-2025-12-23-at-11.46.49-1.jpeg 1280w\" sizes=\"(max-width: 583px) 100vw, 583px\" \/><figcaption class=\"wp-element-caption\"><br><em>Foto: Natalina Alves<\/em> (Ascom <em>Seres<\/em>)<\/figcaption><\/figure><\/div>\n\n\n<p><\/p>\n\n\n\n<p>As agendas foram conduzidas pelo Grupo de Trabalho da CPLI, coordenado pela secretaria das&nbsp; Rela\u00e7\u00f5es Sociais (Seres) com o apoio das&nbsp; secretarias do Planejamento (Seplan), e do Meio Ambiente e Recursos H\u00eddricos (Semarh) e com a participa\u00e7\u00e3o da empresa Porto Piau\u00ed.<\/p>\n\n\n\n<p>A secret\u00e1ria das Rela\u00e7\u00f5es Sociais, N\u00fabia Lopes, que coordena o grupo de trabalho, destacou que esta \u00e9 uma etapa fundamental para garantir a participa\u00e7\u00e3o das comunidades e o respeito aos direitos das popula\u00e7\u00f5es tradicionais envolvidas no processo.<\/p>\n\n\n\n<p>\u201cEste foi o momento em que as comunidades puderam conhecer melhor o projeto e pactuar a metodologia da realiza\u00e7\u00e3o da Consulta Pr\u00e9via. As apresenta\u00e7\u00f5es foram conduzidas de forma transparente, para garantir que todas as informa\u00e7\u00f5es fossem compreendidas. A Consulta Pr\u00e9via, Livre e Informada assegura que as comunidades tradicionais sejam respeitadas e ouvidas desde o in\u00edcio\u201d, concluiu a gestora.<\/p>\n\n\n<div class=\"wp-block-image\">\n<figure class=\"aligncenter size-large is-resized\"><img decoding=\"async\" loading=\"lazy\" src=\"https:\/\/portal.pi.gov.br\/seres\/wp-content\/uploads\/sites\/87\/2025\/12\/WhatsApp-Image-2025-12-23-at-13.04.22-3-1-1024x768.jpeg\" alt=\"\" class=\"wp-image-5399\" width=\"544\" height=\"408\" srcset=\"https:\/\/portal.pi.gov.br\/seres\/wp-content\/uploads\/sites\/87\/2025\/12\/WhatsApp-Image-2025-12-23-at-13.04.22-3-1-1024x768.jpeg 1024w, https:\/\/portal.pi.gov.br\/seres\/wp-content\/uploads\/sites\/87\/2025\/12\/WhatsApp-Image-2025-12-23-at-13.04.22-3-1-300x225.jpeg 300w, https:\/\/portal.pi.gov.br\/seres\/wp-content\/uploads\/sites\/87\/2025\/12\/WhatsApp-Image-2025-12-23-at-13.04.22-3-1-768x576.jpeg 768w, https:\/\/portal.pi.gov.br\/seres\/wp-content\/uploads\/sites\/87\/2025\/12\/WhatsApp-Image-2025-12-23-at-13.04.22-3-1-420x315.jpeg 420w, https:\/\/portal.pi.gov.br\/seres\/wp-content\/uploads\/sites\/87\/2025\/12\/WhatsApp-Image-2025-12-23-at-13.04.22-3-1-540x405.jpeg 540w, https:\/\/portal.pi.gov.br\/seres\/wp-content\/uploads\/sites\/87\/2025\/12\/WhatsApp-Image-2025-12-23-at-13.04.22-3-1-780x585.jpeg 780w, https:\/\/portal.pi.gov.br\/seres\/wp-content\/uploads\/sites\/87\/2025\/12\/WhatsApp-Image-2025-12-23-at-13.04.22-3-1-947x710.jpeg 947w, https:\/\/portal.pi.gov.br\/seres\/wp-content\/uploads\/sites\/87\/2025\/12\/WhatsApp-Image-2025-12-23-at-13.04.22-3-1-624x468.jpeg 624w, https:\/\/portal.pi.gov.br\/seres\/wp-content\/uploads\/sites\/87\/2025\/12\/WhatsApp-Image-2025-12-23-at-13.04.22-3-1.jpeg 1280w\" sizes=\"(max-width: 544px) 100vw, 544px\" \/><figcaption class=\"wp-element-caption\"><br><em>Foto: Natalina Alves<\/em> (Ascom <em>Seres<\/em>)<\/figcaption><\/figure><\/div>\n\n\n<p>Durante as reuni\u00f5es, foram realizadas apresenta\u00e7\u00f5es sobre o projeto do Porto Piau\u00ed e a valida\u00e7\u00e3o da metodologia que ser\u00e1 utilizada durante a consulta. Os encontros ocorreram nas Col\u00f4nias de Pescadores Z-7, na Associa\u00e7\u00e3o de Pescadores e Pescadoras Artesanais de Parna\u00edba, al\u00e9m de reuni\u00f5es institucionais com o Minist\u00e9rio P\u00fablico Federal, a Defensoria P\u00fablica do Estado do Piau\u00ed, o bispo da Diocese de Parna\u00edba, a Universidade Federal do Delta do Parna\u00edba (UFDPar), a Universidade Estadual do Piau\u00ed (UESPI) e a Col\u00f4nia de Pescadores&nbsp; Z-6, em Cajueiro da Praia.<\/p>\n\n\n\n<p><\/p>\n\n\n<div class=\"wp-block-image\">\n<figure class=\"aligncenter size-large is-resized\"><img decoding=\"async\" loading=\"lazy\" src=\"https:\/\/portal.pi.gov.br\/seres\/wp-content\/uploads\/sites\/87\/2025\/12\/WhatsApp-Image-2025-12-23-at-11.49.37-1-1024x683.jpeg\" alt=\"\" class=\"wp-image-5417\" width=\"552\" height=\"368\" srcset=\"https:\/\/portal.pi.gov.br\/seres\/wp-content\/uploads\/sites\/87\/2025\/12\/WhatsApp-Image-2025-12-23-at-11.49.37-1-1024x683.jpeg 1024w, https:\/\/portal.pi.gov.br\/seres\/wp-content\/uploads\/sites\/87\/2025\/12\/WhatsApp-Image-2025-12-23-at-11.49.37-1-300x200.jpeg 300w, https:\/\/portal.pi.gov.br\/seres\/wp-content\/uploads\/sites\/87\/2025\/12\/WhatsApp-Image-2025-12-23-at-11.49.37-1-768x512.jpeg 768w, https:\/\/portal.pi.gov.br\/seres\/wp-content\/uploads\/sites\/87\/2025\/12\/WhatsApp-Image-2025-12-23-at-11.49.37-1-420x280.jpeg 420w, https:\/\/portal.pi.gov.br\/seres\/wp-content\/uploads\/sites\/87\/2025\/12\/WhatsApp-Image-2025-12-23-at-11.49.37-1-540x360.jpeg 540w, https:\/\/portal.pi.gov.br\/seres\/wp-content\/uploads\/sites\/87\/2025\/12\/WhatsApp-Image-2025-12-23-at-11.49.37-1-780x520.jpeg 780w, https:\/\/portal.pi.gov.br\/seres\/wp-content\/uploads\/sites\/87\/2025\/12\/WhatsApp-Image-2025-12-23-at-11.49.37-1-947x632.jpeg 947w, https:\/\/portal.pi.gov.br\/seres\/wp-content\/uploads\/sites\/87\/2025\/12\/WhatsApp-Image-2025-12-23-at-11.49.37-1-624x416.jpeg 624w, https:\/\/portal.pi.gov.br\/seres\/wp-content\/uploads\/sites\/87\/2025\/12\/WhatsApp-Image-2025-12-23-at-11.49.37-1-84x56.jpeg 84w, https:\/\/portal.pi.gov.br\/seres\/wp-content\/uploads\/sites\/87\/2025\/12\/WhatsApp-Image-2025-12-23-at-11.49.37-1.jpeg 1280w\" sizes=\"(max-width: 552px) 100vw, 552px\" \/><figcaption class=\"wp-element-caption\"><br><em>Foto: Natalina Alves<\/em> (Ascom <em>Seres<\/em>)<\/figcaption><\/figure><\/div>\n\n\n<p>Para Maria das Gra\u00e7as (Gracinha), presidente da Associa\u00e7\u00e3o de Pescadores e Pescadoras Artesanais de Parna\u00edba (ASSPEAPA), a iniciativa demonstrou o compromisso do Governo do Estado com o di\u00e1logo e a escuta da popula\u00e7\u00e3o.<\/p>\n\n\n\n<p>\u201cEssa foi uma a\u00e7\u00e3o muito importante do governo: ouvir a popula\u00e7\u00e3o. Este foi o momento de conhecermos o projeto, porque quem vive o dia-a-dia da atividade s\u00e3o os pescadores. Essas informa\u00e7\u00f5es s\u00e3o fundamentais, todas as associa\u00e7\u00f5es conheceram melhor o projeto e entenderam que ele n\u00e3o envolve apenas a classe dos pescadores. O porto vai gerar renda e empregos, contribuindo para o desenvolvimento da regi\u00e3o.&nbsp; A preocupa\u00e7\u00e3o do governo \u00e9 promover o desenvolvimento, e o Governo do Estado est\u00e1 ouvindo a popula\u00e7\u00e3o, o que consideramos muito importante\u201d, afirmou.<\/p>\n\n\n<div class=\"wp-block-image\">\n<figure class=\"aligncenter size-large is-resized\"><img decoding=\"async\" loading=\"lazy\" src=\"https:\/\/portal.pi.gov.br\/seres\/wp-content\/uploads\/sites\/87\/2025\/12\/WhatsApp-Image-2025-12-20-at-18.14.30-1-1024x683.jpeg\" alt=\"\" class=\"wp-image-5416\" width=\"584\" height=\"389\" srcset=\"https:\/\/portal.pi.gov.br\/seres\/wp-content\/uploads\/sites\/87\/2025\/12\/WhatsApp-Image-2025-12-20-at-18.14.30-1-1024x683.jpeg 1024w, https:\/\/portal.pi.gov.br\/seres\/wp-content\/uploads\/sites\/87\/2025\/12\/WhatsApp-Image-2025-12-20-at-18.14.30-1-300x200.jpeg 300w, https:\/\/portal.pi.gov.br\/seres\/wp-content\/uploads\/sites\/87\/2025\/12\/WhatsApp-Image-2025-12-20-at-18.14.30-1-768x512.jpeg 768w, https:\/\/portal.pi.gov.br\/seres\/wp-content\/uploads\/sites\/87\/2025\/12\/WhatsApp-Image-2025-12-20-at-18.14.30-1-420x280.jpeg 420w, https:\/\/portal.pi.gov.br\/seres\/wp-content\/uploads\/sites\/87\/2025\/12\/WhatsApp-Image-2025-12-20-at-18.14.30-1-540x360.jpeg 540w, https:\/\/portal.pi.gov.br\/seres\/wp-content\/uploads\/sites\/87\/2025\/12\/WhatsApp-Image-2025-12-20-at-18.14.30-1-780x520.jpeg 780w, https:\/\/portal.pi.gov.br\/seres\/wp-content\/uploads\/sites\/87\/2025\/12\/WhatsApp-Image-2025-12-20-at-18.14.30-1-947x632.jpeg 947w, https:\/\/portal.pi.gov.br\/seres\/wp-content\/uploads\/sites\/87\/2025\/12\/WhatsApp-Image-2025-12-20-at-18.14.30-1-624x416.jpeg 624w, https:\/\/portal.pi.gov.br\/seres\/wp-content\/uploads\/sites\/87\/2025\/12\/WhatsApp-Image-2025-12-20-at-18.14.30-1-84x56.jpeg 84w, https:\/\/portal.pi.gov.br\/seres\/wp-content\/uploads\/sites\/87\/2025\/12\/WhatsApp-Image-2025-12-20-at-18.14.30-1.jpeg 1280w\" sizes=\"(max-width: 584px) 100vw, 584px\" \/><figcaption class=\"wp-element-caption\"><br><em>Foto: Natalina Alves<\/em> (Ascom <em>Seres<\/em>)<\/figcaption><\/figure><\/div>\n\n\n<p>Nesta primeira etapa, as atividades foram voltadas \u00e0 apresenta\u00e7\u00e3o do projeto e \u00e0 constru\u00e7\u00e3o coletiva da metodologia da consulta, com reuni\u00f5es realizadas com associa\u00e7\u00f5es de pescadores. Novas agendas com outras comunidades tradicionais est\u00e3o previstas para as pr\u00f3ximas etapas do processo.<\/p>\n\n\n\n<p>A Consulta Pr\u00e9via, Livre e Informada \u00e9 um direito garantido pela Conven\u00e7\u00e3o n\u00ba 169 da Organiza\u00e7\u00e3o Internacional do Trabalho (OIT),&nbsp; que o Brasil \u00e9 signat\u00e1rio,&nbsp; assegura que povos e comunidades tradicionais sejam informados, ouvidos e participem das decis\u00f5es sobre empreendimentos que possam impactar seus territ\u00f3rios.&nbsp;<\/p>\n\n\n\n<p><\/p>\n\n\n\n<p><\/p>\n\n\n\n<figure class=\"wp-block-gallery has-nested-images columns-default is-cropped wp-block-gallery-1 is-layout-flex\">\n<figure class=\"wp-block-image size-large\"><img decoding=\"async\" loading=\"lazy\" width=\"1024\" height=\"683\" data-id=\"5420\"  src=\"https:\/\/portal.pi.gov.br\/seres\/wp-content\/uploads\/sites\/87\/2025\/12\/WhatsApp-Image-2025-12-20-at-09.59.29-1024x683.jpeg\" alt=\"\" class=\"wp-image-5420\" srcset=\"https:\/\/portal.pi.gov.br\/seres\/wp-content\/uploads\/sites\/87\/2025\/12\/WhatsApp-Image-2025-12-20-at-09.59.29-1024x683.jpeg 1024w, https:\/\/portal.pi.gov.br\/seres\/wp-content\/uploads\/sites\/87\/2025\/12\/WhatsApp-Image-2025-12-20-at-09.59.29-300x200.jpeg 300w, https:\/\/portal.pi.gov.br\/seres\/wp-content\/uploads\/sites\/87\/2025\/12\/WhatsApp-Image-2025-12-20-at-09.59.29-768x512.jpeg 768w, https:\/\/portal.pi.gov.br\/seres\/wp-content\/uploads\/sites\/87\/2025\/12\/WhatsApp-Image-2025-12-20-at-09.59.29-420x280.jpeg 420w, https:\/\/portal.pi.gov.br\/seres\/wp-content\/uploads\/sites\/87\/2025\/12\/WhatsApp-Image-2025-12-20-at-09.59.29-540x360.jpeg 540w, https:\/\/portal.pi.gov.br\/seres\/wp-content\/uploads\/sites\/87\/2025\/12\/WhatsApp-Image-2025-12-20-at-09.59.29-780x520.jpeg 780w, https:\/\/portal.pi.gov.br\/seres\/wp-content\/uploads\/sites\/87\/2025\/12\/WhatsApp-Image-2025-12-20-at-09.59.29-947x632.jpeg 947w, https:\/\/portal.pi.gov.br\/seres\/wp-content\/uploads\/sites\/87\/2025\/12\/WhatsApp-Image-2025-12-20-at-09.59.29-624x416.jpeg 624w, https:\/\/portal.pi.gov.br\/seres\/wp-content\/uploads\/sites\/87\/2025\/12\/WhatsApp-Image-2025-12-20-at-09.59.29-84x56.jpeg 84w, https:\/\/portal.pi.gov.br\/seres\/wp-content\/uploads\/sites\/87\/2025\/12\/WhatsApp-Image-2025-12-20-at-09.59.29.jpeg 1280w\" sizes=\"(max-width: 1024px) 100vw, 1024px\" \/><\/figure>\n\n\n\n<figure class=\"wp-block-image size-large\"><img decoding=\"async\" loading=\"lazy\" width=\"1024\" height=\"683\" data-id=\"5421\"  src=\"https:\/\/portal.pi.gov.br\/seres\/wp-content\/uploads\/sites\/87\/2025\/12\/WhatsApp-Image-2025-12-20-at-18.15.16-1-1-1024x683.jpeg\" alt=\"\" class=\"wp-image-5421\" srcset=\"https:\/\/portal.pi.gov.br\/seres\/wp-content\/uploads\/sites\/87\/2025\/12\/WhatsApp-Image-2025-12-20-at-18.15.16-1-1-1024x683.jpeg 1024w, https:\/\/portal.pi.gov.br\/seres\/wp-content\/uploads\/sites\/87\/2025\/12\/WhatsApp-Image-2025-12-20-at-18.15.16-1-1-300x200.jpeg 300w, https:\/\/portal.pi.gov.br\/seres\/wp-content\/uploads\/sites\/87\/2025\/12\/WhatsApp-Image-2025-12-20-at-18.15.16-1-1-768x512.jpeg 768w, https:\/\/portal.pi.gov.br\/seres\/wp-content\/uploads\/sites\/87\/2025\/12\/WhatsApp-Image-2025-12-20-at-18.15.16-1-1-420x280.jpeg 420w, https:\/\/portal.pi.gov.br\/seres\/wp-content\/uploads\/sites\/87\/2025\/12\/WhatsApp-Image-2025-12-20-at-18.15.16-1-1-540x360.jpeg 540w, https:\/\/portal.pi.gov.br\/seres\/wp-content\/uploads\/sites\/87\/2025\/12\/WhatsApp-Image-2025-12-20-at-18.15.16-1-1-780x520.jpeg 780w, https:\/\/portal.pi.gov.br\/seres\/wp-content\/uploads\/sites\/87\/2025\/12\/WhatsApp-Image-2025-12-20-at-18.15.16-1-1-947x632.jpeg 947w, https:\/\/portal.pi.gov.br\/seres\/wp-content\/uploads\/sites\/87\/2025\/12\/WhatsApp-Image-2025-12-20-at-18.15.16-1-1-624x416.jpeg 624w, https:\/\/portal.pi.gov.br\/seres\/wp-content\/uploads\/sites\/87\/2025\/12\/WhatsApp-Image-2025-12-20-at-18.15.16-1-1-84x56.jpeg 84w, https:\/\/portal.pi.gov.br\/seres\/wp-content\/uploads\/sites\/87\/2025\/12\/WhatsApp-Image-2025-12-20-at-18.15.16-1-1.jpeg 1280w\" sizes=\"(max-width: 1024px) 100vw, 1024px\" \/><\/figure>\n\n\n\n<figure class=\"wp-block-image size-large\"><img decoding=\"async\" loading=\"lazy\" width=\"1024\" height=\"768\" data-id=\"5422\"  src=\"https:\/\/portal.pi.gov.br\/seres\/wp-content\/uploads\/sites\/87\/2025\/12\/WhatsApp-Image-2025-12-23-at-13.04.22-2-3-1024x768.jpeg\" alt=\"\" class=\"wp-image-5422\" srcset=\"https:\/\/portal.pi.gov.br\/seres\/wp-content\/uploads\/sites\/87\/2025\/12\/WhatsApp-Image-2025-12-23-at-13.04.22-2-3-1024x768.jpeg 1024w, https:\/\/portal.pi.gov.br\/seres\/wp-content\/uploads\/sites\/87\/2025\/12\/WhatsApp-Image-2025-12-23-at-13.04.22-2-3-300x225.jpeg 300w, https:\/\/portal.pi.gov.br\/seres\/wp-content\/uploads\/sites\/87\/2025\/12\/WhatsApp-Image-2025-12-23-at-13.04.22-2-3-768x576.jpeg 768w, https:\/\/portal.pi.gov.br\/seres\/wp-content\/uploads\/sites\/87\/2025\/12\/WhatsApp-Image-2025-12-23-at-13.04.22-2-3-420x315.jpeg 420w, https:\/\/portal.pi.gov.br\/seres\/wp-content\/uploads\/sites\/87\/2025\/12\/WhatsApp-Image-2025-12-23-at-13.04.22-2-3-540x405.jpeg 540w, https:\/\/portal.pi.gov.br\/seres\/wp-content\/uploads\/sites\/87\/2025\/12\/WhatsApp-Image-2025-12-23-at-13.04.22-2-3-780x585.jpeg 780w, https:\/\/portal.pi.gov.br\/seres\/wp-content\/uploads\/sites\/87\/2025\/12\/WhatsApp-Image-2025-12-23-at-13.04.22-2-3-947x710.jpeg 947w, https:\/\/portal.pi.gov.br\/seres\/wp-content\/uploads\/sites\/87\/2025\/12\/WhatsApp-Image-2025-12-23-at-13.04.22-2-3-624x468.jpeg 624w, https:\/\/portal.pi.gov.br\/seres\/wp-content\/uploads\/sites\/87\/2025\/12\/WhatsApp-Image-2025-12-23-at-13.04.22-2-3.jpeg 1280w\" sizes=\"(max-width: 1024px) 100vw, 1024px\" \/><\/figure>\n<\/figure>\n\n\n\n<figure class=\"wp-block-gallery has-nested-images columns-default is-cropped wp-block-gallery-3 is-layout-flex\">\n<figure class=\"wp-block-image size-large\"><img decoding=\"async\" loading=\"lazy\" width=\"1024\" height=\"683\" data-id=\"5411\"  src=\"https:\/\/portal.pi.gov.br\/seres\/wp-content\/uploads\/sites\/87\/2025\/12\/WhatsApp-Image-2025-12-20-at-18.15.16-1024x683.jpeg\" alt=\"\" class=\"wp-image-5411\" srcset=\"https:\/\/portal.pi.gov.br\/seres\/wp-content\/uploads\/sites\/87\/2025\/12\/WhatsApp-Image-2025-12-20-at-18.15.16-1024x683.jpeg 1024w, https:\/\/portal.pi.gov.br\/seres\/wp-content\/uploads\/sites\/87\/2025\/12\/WhatsApp-Image-2025-12-20-at-18.15.16-300x200.jpeg 300w, https:\/\/portal.pi.gov.br\/seres\/wp-content\/uploads\/sites\/87\/2025\/12\/WhatsApp-Image-2025-12-20-at-18.15.16-768x512.jpeg 768w, https:\/\/portal.pi.gov.br\/seres\/wp-content\/uploads\/sites\/87\/2025\/12\/WhatsApp-Image-2025-12-20-at-18.15.16-420x280.jpeg 420w, https:\/\/portal.pi.gov.br\/seres\/wp-content\/uploads\/sites\/87\/2025\/12\/WhatsApp-Image-2025-12-20-at-18.15.16-540x360.jpeg 540w, https:\/\/portal.pi.gov.br\/seres\/wp-content\/uploads\/sites\/87\/2025\/12\/WhatsApp-Image-2025-12-20-at-18.15.16-780x520.jpeg 780w, https:\/\/portal.pi.gov.br\/seres\/wp-content\/uploads\/sites\/87\/2025\/12\/WhatsApp-Image-2025-12-20-at-18.15.16-947x632.jpeg 947w, https:\/\/portal.pi.gov.br\/seres\/wp-content\/uploads\/sites\/87\/2025\/12\/WhatsApp-Image-2025-12-20-at-18.15.16-624x416.jpeg 624w, https:\/\/portal.pi.gov.br\/seres\/wp-content\/uploads\/sites\/87\/2025\/12\/WhatsApp-Image-2025-12-20-at-18.15.16-84x56.jpeg 84w, https:\/\/portal.pi.gov.br\/seres\/wp-content\/uploads\/sites\/87\/2025\/12\/WhatsApp-Image-2025-12-20-at-18.15.16.jpeg 1280w\" sizes=\"(max-width: 1024px) 100vw, 1024px\" \/><\/figure>\n\n\n\n<figure class=\"wp-block-image size-large\"><img decoding=\"async\" loading=\"lazy\" width=\"1024\" height=\"563\" data-id=\"5412\"  src=\"https:\/\/portal.pi.gov.br\/seres\/wp-content\/uploads\/sites\/87\/2025\/12\/WhatsApp-Image-2025-12-23-at-13.04.22-1-1-1024x563.jpeg\" alt=\"\" class=\"wp-image-5412\" srcset=\"https:\/\/portal.pi.gov.br\/seres\/wp-content\/uploads\/sites\/87\/2025\/12\/WhatsApp-Image-2025-12-23-at-13.04.22-1-1-1024x563.jpeg 1024w, https:\/\/portal.pi.gov.br\/seres\/wp-content\/uploads\/sites\/87\/2025\/12\/WhatsApp-Image-2025-12-23-at-13.04.22-1-1-300x165.jpeg 300w, https:\/\/portal.pi.gov.br\/seres\/wp-content\/uploads\/sites\/87\/2025\/12\/WhatsApp-Image-2025-12-23-at-13.04.22-1-1-768x422.jpeg 768w, https:\/\/portal.pi.gov.br\/seres\/wp-content\/uploads\/sites\/87\/2025\/12\/WhatsApp-Image-2025-12-23-at-13.04.22-1-1-420x231.jpeg 420w, https:\/\/portal.pi.gov.br\/seres\/wp-content\/uploads\/sites\/87\/2025\/12\/WhatsApp-Image-2025-12-23-at-13.04.22-1-1-540x297.jpeg 540w, https:\/\/portal.pi.gov.br\/seres\/wp-content\/uploads\/sites\/87\/2025\/12\/WhatsApp-Image-2025-12-23-at-13.04.22-1-1-780x429.jpeg 780w, https:\/\/portal.pi.gov.br\/seres\/wp-content\/uploads\/sites\/87\/2025\/12\/WhatsApp-Image-2025-12-23-at-13.04.22-1-1-947x521.jpeg 947w, https:\/\/portal.pi.gov.br\/seres\/wp-content\/uploads\/sites\/87\/2025\/12\/WhatsApp-Image-2025-12-23-at-13.04.22-1-1-624x343.jpeg 624w, https:\/\/portal.pi.gov.br\/seres\/wp-content\/uploads\/sites\/87\/2025\/12\/WhatsApp-Image-2025-12-23-at-13.04.22-1-1.jpeg 1280w\" sizes=\"(max-width: 1024px) 100vw, 1024px\" \/><\/figure>\n<\/figure>\n\n\n\n<p><em>Rep\u00f3rter: Natalina Alves<\/em> <\/p>\n","protected":false},"excerpt":{"rendered":"<p>As reuni\u00f5es foram realizadas nos munic\u00edpios de Parna\u00edba e Ilha Grande do Piau\u00ed. A Secretaria de Estado das Rela\u00e7\u00f5es Sociais (SERES-PI) realizou, nos dias 19, 20 e 21 de dezembro, [&hellip;]<\/p>\n","protected":false},"author":1748,"featured_media":5394,"comment_status":"closed","ping_status":"closed","sticky":false,"template":"","format":"standard","meta":[],"categories":[34],"tags":[],"featured_image_urls":{"full":["https:\/\/portal.pi.gov.br\/seres\/wp-content\/uploads\/sites\/87\/2025\/12\/WhatsApp-Image-2025-12-23-at-11.46.49.jpeg",1280,854,false],"thumbnail":["https:\/\/portal.pi.gov.br\/seres\/wp-content\/uploads\/sites\/87\/2025\/12\/WhatsApp-Image-2025-12-23-at-11.46.49-150x150.jpeg",150,150,true],"medium":["https:\/\/portal.pi.gov.br\/seres\/wp-content\/uploads\/sites\/87\/2025\/12\/WhatsApp-Image-2025-12-23-at-11.46.49-300x200.jpeg",300,200,true],"medium_large":["https:\/\/portal.pi.gov.br\/seres\/wp-content\/uploads\/sites\/87\/2025\/12\/WhatsApp-Image-2025-12-23-at-11.46.49-768x512.jpeg",768,512,true],"large":["https:\/\/portal.pi.gov.br\/seres\/wp-content\/uploads\/sites\/87\/2025\/12\/WhatsApp-Image-2025-12-23-at-11.46.49-1024x683.jpeg",887,592,true],"sgg-420":["https:\/\/portal.pi.gov.br\/seres\/wp-content\/uploads\/sites\/87\/2025\/12\/WhatsApp-Image-2025-12-23-at-11.46.49-420x280.jpeg",420,280,true],"sgg-540":["https:\/\/portal.pi.gov.br\/seres\/wp-content\/uploads\/sites\/87\/2025\/12\/WhatsApp-Image-2025-12-23-at-11.46.49-540x360.jpeg",540,360,true],"sgg-780":["https:\/\/portal.pi.gov.br\/seres\/wp-content\/uploads\/sites\/87\/2025\/12\/WhatsApp-Image-2025-12-23-at-11.46.49-780x520.jpeg",780,520,true],"1536x1536":["https:\/\/portal.pi.gov.br\/seres\/wp-content\/uploads\/sites\/87\/2025\/12\/WhatsApp-Image-2025-12-23-at-11.46.49.jpeg",1280,854,false],"2048x2048":["https:\/\/portal.pi.gov.br\/seres\/wp-content\/uploads\/sites\/87\/2025\/12\/WhatsApp-Image-2025-12-23-at-11.46.49.jpeg",1280,854,false],"homepage-slider":["https:\/\/portal.pi.gov.br\/seres\/wp-content\/uploads\/sites\/87\/2025\/12\/WhatsApp-Image-2025-12-23-at-11.46.49-1270x500.jpeg",1270,500,true],"homepage-slider-small":["https:\/\/portal.pi.gov.br\/seres\/wp-content\/uploads\/sites\/87\/2025\/12\/WhatsApp-Image-2025-12-23-at-11.46.49-947x500.jpeg",947,500,true],"page-top":["https:\/\/portal.pi.gov.br\/seres\/wp-content\/uploads\/sites\/87\/2025\/12\/WhatsApp-Image-2025-12-23-at-11.46.49-947x632.jpeg",947,632,true],"page-small":["https:\/\/portal.pi.gov.br\/seres\/wp-content\/uploads\/sites\/87\/2025\/12\/WhatsApp-Image-2025-12-23-at-11.46.49-624x416.jpeg",624,416,true],"loop-main":["https:\/\/portal.pi.gov.br\/seres\/wp-content\/uploads\/sites\/87\/2025\/12\/WhatsApp-Image-2025-12-23-at-11.46.49-365x240.jpeg",365,240,true],"thumb-gallery-widget":["https:\/\/portal.pi.gov.br\/seres\/wp-content\/uploads\/sites\/87\/2025\/12\/WhatsApp-Image-2025-12-23-at-11.46.49-84x56.jpeg",84,56,true]},"post_excerpt_stackable":"<p>As reuni\u00f5es foram realizadas nos munic\u00edpios de Parna\u00edba e Ilha Grande do Piau\u00ed. A Secretaria de Estado das Rela\u00e7\u00f5es Sociais (SERES-PI) realizou, nos dias 19, 20 e 21 de dezembro, uma s\u00e9rie de agendas no litoral piauiense que marcaram o in\u00edcio da Consulta Pr\u00e9via, Livre e Informada (CPLI) no Estado. Esse processo consagra um momento hist\u00f3rico e pioneiro no Piau\u00ed, refor\u00e7ando o compromisso do Governo do Estado com a transpar\u00eancia, o di\u00e1logo e o respeito aos direitos das comunidades tradicionais. Por meio da SERES, o governo reafirma sua postura de escuta ativa, participa\u00e7\u00e3o social e constru\u00e7\u00e3o coletiva das decis\u00f5es.&nbsp; Foto:&hellip;<\/p>\n","category_list":"<a href=\"https:\/\/portal.pi.gov.br\/seres\/category\/noticias\/\" rel=\"category tag\">Not\u00edcias<\/a>","author_info":{"name":"natalina","url":"https:\/\/portal.pi.gov.br\/seres\/author\/natalina\/"},"comments_num":"0 coment\u00e1rio","featured_image_urls_v2":{"full":["https:\/\/portal.pi.gov.br\/seres\/wp-content\/uploads\/sites\/87\/2025\/12\/WhatsApp-Image-2025-12-23-at-11.46.49.jpeg",1280,854,false],"thumbnail":["https:\/\/portal.pi.gov.br\/seres\/wp-content\/uploads\/sites\/87\/2025\/12\/WhatsApp-Image-2025-12-23-at-11.46.49-150x150.jpeg",150,150,true],"medium":["https:\/\/portal.pi.gov.br\/seres\/wp-content\/uploads\/sites\/87\/2025\/12\/WhatsApp-Image-2025-12-23-at-11.46.49-300x200.jpeg",300,200,true],"medium_large":["https:\/\/portal.pi.gov.br\/seres\/wp-content\/uploads\/sites\/87\/2025\/12\/WhatsApp-Image-2025-12-23-at-11.46.49-768x512.jpeg",768,512,true],"large":["https:\/\/portal.pi.gov.br\/seres\/wp-content\/uploads\/sites\/87\/2025\/12\/WhatsApp-Image-2025-12-23-at-11.46.49-1024x683.jpeg",887,592,true],"sgg-420":["https:\/\/portal.pi.gov.br\/seres\/wp-content\/uploads\/sites\/87\/2025\/12\/WhatsApp-Image-2025-12-23-at-11.46.49-420x280.jpeg",420,280,true],"sgg-540":["https:\/\/portal.pi.gov.br\/seres\/wp-content\/uploads\/sites\/87\/2025\/12\/WhatsApp-Image-2025-12-23-at-11.46.49-540x360.jpeg",540,360,true],"sgg-780":["https:\/\/portal.pi.gov.br\/seres\/wp-content\/uploads\/sites\/87\/2025\/12\/WhatsApp-Image-2025-12-23-at-11.46.49-780x520.jpeg",780,520,true],"1536x1536":["https:\/\/portal.pi.gov.br\/seres\/wp-content\/uploads\/sites\/87\/2025\/12\/WhatsApp-Image-2025-12-23-at-11.46.49.jpeg",1280,854,false],"2048x2048":["https:\/\/portal.pi.gov.br\/seres\/wp-content\/uploads\/sites\/87\/2025\/12\/WhatsApp-Image-2025-12-23-at-11.46.49.jpeg",1280,854,false],"homepage-slider":["https:\/\/portal.pi.gov.br\/seres\/wp-content\/uploads\/sites\/87\/2025\/12\/WhatsApp-Image-2025-12-23-at-11.46.49-1270x500.jpeg",1270,500,true],"homepage-slider-small":["https:\/\/portal.pi.gov.br\/seres\/wp-content\/uploads\/sites\/87\/2025\/12\/WhatsApp-Image-2025-12-23-at-11.46.49-947x500.jpeg",947,500,true],"page-top":["https:\/\/portal.pi.gov.br\/seres\/wp-content\/uploads\/sites\/87\/2025\/12\/WhatsApp-Image-2025-12-23-at-11.46.49-947x632.jpeg",947,632,true],"page-small":["https:\/\/portal.pi.gov.br\/seres\/wp-content\/uploads\/sites\/87\/2025\/12\/WhatsApp-Image-2025-12-23-at-11.46.49-624x416.jpeg",624,416,true],"loop-main":["https:\/\/portal.pi.gov.br\/seres\/wp-content\/uploads\/sites\/87\/2025\/12\/WhatsApp-Image-2025-12-23-at-11.46.49-365x240.jpeg",365,240,true],"thumb-gallery-widget":["https:\/\/portal.pi.gov.br\/seres\/wp-content\/uploads\/sites\/87\/2025\/12\/WhatsApp-Image-2025-12-23-at-11.46.49-84x56.jpeg",84,56,true]},"post_excerpt_stackable_v2":"<p>As reuni\u00f5es foram realizadas nos munic\u00edpios de Parna\u00edba e Ilha Grande do Piau\u00ed. A Secretaria de Estado das Rela\u00e7\u00f5es Sociais (SERES-PI) realizou, nos dias 19, 20 e 21 de dezembro, uma s\u00e9rie de agendas no litoral piauiense que marcaram o in\u00edcio da Consulta Pr\u00e9via, Livre e Informada (CPLI) no Estado. Esse processo consagra um momento hist\u00f3rico e pioneiro no Piau\u00ed, refor\u00e7ando o compromisso do Governo do Estado com a transpar\u00eancia, o di\u00e1logo e o respeito aos direitos das comunidades tradicionais. Por meio da SERES, o governo reafirma sua postura de escuta ativa, participa\u00e7\u00e3o social e constru\u00e7\u00e3o coletiva das decis\u00f5es.&nbsp; Foto:&hellip;<\/p>\n","category_list_v2":"<a href=\"https:\/\/portal.pi.gov.br\/seres\/category\/noticias\/\" rel=\"category tag\">Not\u00edcias<\/a>","author_info_v2":{"name":"natalina","url":"https:\/\/portal.pi.gov.br\/seres\/author\/natalina\/"},"comments_num_v2":"0 coment\u00e1rio","jetpack_featured_media_url":"https:\/\/portal.pi.gov.br\/seres\/wp-content\/uploads\/sites\/87\/2025\/12\/WhatsApp-Image-2025-12-23-at-11.46.49.jpeg","_links":{"self":[{"href":"https:\/\/portal.pi.gov.br\/seres\/wp-json\/wp\/v2\/posts\/5393"}],"collection":[{"href":"https:\/\/portal.pi.gov.br\/seres\/wp-json\/wp\/v2\/posts"}],"about":[{"href":"https:\/\/portal.pi.gov.br\/seres\/wp-json\/wp\/v2\/types\/post"}],"author":[{"embeddable":true,"href":"https:\/\/portal.pi.gov.br\/seres\/wp-json\/wp\/v2\/users\/1748"}],"replies":[{"embeddable":true,"href":"https:\/\/portal.pi.gov.br\/seres\/wp-json\/wp\/v2\/comments?post=5393"}],"version-history":[{"count":13,"href":"https:\/\/portal.pi.gov.br\/seres\/wp-json\/wp\/v2\/posts\/5393\/revisions"}],"predecessor-version":[{"id":5433,"href":"https:\/\/portal.pi.gov.br\/seres\/wp-json\/wp\/v2\/posts\/5393\/revisions\/5433"}],"wp:featuredmedia":[{"embeddable":true,"href":"https:\/\/portal.pi.gov.br\/seres\/wp-json\/wp\/v2\/media\/5394"}],"wp:attachment":[{"href":"https:\/\/portal.pi.gov.br\/seres\/wp-json\/wp\/v2\/media?parent=5393"}],"wp:term":[{"taxonomy":"category","embeddable":true,"href":"https:\/\/portal.pi.gov.br\/seres\/wp-json\/wp\/v2\/categories?post=5393"},{"taxonomy":"post_tag","embeddable":true,"href":"https:\/\/portal.pi.gov.br\/seres\/wp-json\/wp\/v2\/tags?post=5393"}],"curies":[{"name":"wp","href":"https:\/\/api.w.org\/{rel}","templated":true}]}}