{"id":5529,"date":"2026-01-22T16:05:11","date_gmt":"2026-01-22T19:05:11","guid":{"rendered":"https:\/\/portal.pi.gov.br\/seres\/?p=5529"},"modified":"2026-01-22T16:08:04","modified_gmt":"2026-01-22T19:08:04","slug":"nubia-lopes-prestigia-posse-de-dom-expedito-araujo-como-4a-bispo-da-diocese-de-campo-maior","status":"publish","type":"post","link":"https:\/\/portal.pi.gov.br\/seres\/2026\/01\/22\/nubia-lopes-prestigia-posse-de-dom-expedito-araujo-como-4a-bispo-da-diocese-de-campo-maior\/","title":{"rendered":"N\u00fabia Lopes prestigia posse de Dom Expedito Ara\u00fajo como 4\u00aa Bispo da Diocese de Campo Maior"},"content":{"rendered":"\n<p>O novo bispo diocesano de Campo Maior, Dom Benedito Ara\u00fajo, tomou posse can\u00f4nica no dia 17 de janeiro, na S\u00e9 Catedral de Santo Ant\u00f4nio Aparecido. <\/p>\n\n\n\n<figure class=\"wp-block-image size-large\"><img decoding=\"async\" loading=\"lazy\" width=\"768\" height=\"1024\" src=\"https:\/\/portal.pi.gov.br\/seres\/wp-content\/uploads\/sites\/87\/2026\/01\/9a0e65f0-2211-411d-85cd-fd7849fdd263-768x1024.jpg\" alt=\"\" class=\"wp-image-5497\" srcset=\"https:\/\/portal.pi.gov.br\/seres\/wp-content\/uploads\/sites\/87\/2026\/01\/9a0e65f0-2211-411d-85cd-fd7849fdd263-768x1024.jpg 768w, https:\/\/portal.pi.gov.br\/seres\/wp-content\/uploads\/sites\/87\/2026\/01\/9a0e65f0-2211-411d-85cd-fd7849fdd263-225x300.jpg 225w, https:\/\/portal.pi.gov.br\/seres\/wp-content\/uploads\/sites\/87\/2026\/01\/9a0e65f0-2211-411d-85cd-fd7849fdd263-315x420.jpg 315w, https:\/\/portal.pi.gov.br\/seres\/wp-content\/uploads\/sites\/87\/2026\/01\/9a0e65f0-2211-411d-85cd-fd7849fdd263-405x540.jpg 405w, https:\/\/portal.pi.gov.br\/seres\/wp-content\/uploads\/sites\/87\/2026\/01\/9a0e65f0-2211-411d-85cd-fd7849fdd263-585x780.jpg 585w, https:\/\/portal.pi.gov.br\/seres\/wp-content\/uploads\/sites\/87\/2026\/01\/9a0e65f0-2211-411d-85cd-fd7849fdd263-947x1263.jpg 947w, https:\/\/portal.pi.gov.br\/seres\/wp-content\/uploads\/sites\/87\/2026\/01\/9a0e65f0-2211-411d-85cd-fd7849fdd263-624x832.jpg 624w, https:\/\/portal.pi.gov.br\/seres\/wp-content\/uploads\/sites\/87\/2026\/01\/9a0e65f0-2211-411d-85cd-fd7849fdd263.jpg 960w\" sizes=\"(max-width: 768px) 100vw, 768px\" \/><\/figure>\n\n\n\n<p><\/p>\n\n\n\n<p>A secret\u00e1ria de Rela\u00e7\u00f5es Sociais, N\u00fabia Lopes, representando o governador Rafael Fonteles, participou da solenidade que foi marcada pelo clima de acolhida e pela expressiva participa\u00e7\u00e3o de religiosos e religiosas, fi\u00e9is e autoridades civis, que se reuniram para celebrar o in\u00edcio do novo pastoreio na Igreja particular dos carnaubais.<\/p>\n\n\n\n<p>A acolhida ao novo bispo teve in\u00edcio na cidade de Jos\u00e9 de Freitas, primeira munic\u00edpio da Diocese de Campo Maior por onde Dom Benedito passou at\u00e9 chegar \u00e0 sede diocesana, situada em Campo Maior. A recep\u00e7\u00e3o foi organizada pela Par\u00f3quia de Nossa Senhora do Livramento, pela Par\u00f3quia de Nossa Senhora do Ros\u00e1rio e pela Quase-Par\u00f3quia de Santo Ant\u00f4nio, contando com a presen\u00e7a dos padres da cidade, al\u00e9m de significativa participa\u00e7\u00e3o de fi\u00e9is e autoridades locais.<\/p>\n\n\n\n<p>J\u00e1 em Campo Maior, a acolhida teve in\u00edcio na entrada da cidade, na rodovia PI-114, no bairro Flores. Dom Benedito Ara\u00fajo foi recepcionado por fi\u00e9is vindos de diversas cidades da diocese, que se reuniram para expressar alegria e comunh\u00e3o pela chegada do novo bispo.<\/p>\n\n\n\n<figure class=\"wp-block-image size-large\"><img decoding=\"async\" loading=\"lazy\" width=\"768\" height=\"1024\" src=\"https:\/\/portal.pi.gov.br\/seres\/wp-content\/uploads\/sites\/87\/2026\/01\/b2524da3-4ecc-40d1-a9c3-88ff2e789b20-768x1024.jpg\" alt=\"\" class=\"wp-image-5518\" srcset=\"https:\/\/portal.pi.gov.br\/seres\/wp-content\/uploads\/sites\/87\/2026\/01\/b2524da3-4ecc-40d1-a9c3-88ff2e789b20-768x1024.jpg 768w, https:\/\/portal.pi.gov.br\/seres\/wp-content\/uploads\/sites\/87\/2026\/01\/b2524da3-4ecc-40d1-a9c3-88ff2e789b20-225x300.jpg 225w, https:\/\/portal.pi.gov.br\/seres\/wp-content\/uploads\/sites\/87\/2026\/01\/b2524da3-4ecc-40d1-a9c3-88ff2e789b20-315x420.jpg 315w, https:\/\/portal.pi.gov.br\/seres\/wp-content\/uploads\/sites\/87\/2026\/01\/b2524da3-4ecc-40d1-a9c3-88ff2e789b20-405x540.jpg 405w, https:\/\/portal.pi.gov.br\/seres\/wp-content\/uploads\/sites\/87\/2026\/01\/b2524da3-4ecc-40d1-a9c3-88ff2e789b20-585x780.jpg 585w, https:\/\/portal.pi.gov.br\/seres\/wp-content\/uploads\/sites\/87\/2026\/01\/b2524da3-4ecc-40d1-a9c3-88ff2e789b20-947x1263.jpg 947w, https:\/\/portal.pi.gov.br\/seres\/wp-content\/uploads\/sites\/87\/2026\/01\/b2524da3-4ecc-40d1-a9c3-88ff2e789b20-624x832.jpg 624w, https:\/\/portal.pi.gov.br\/seres\/wp-content\/uploads\/sites\/87\/2026\/01\/b2524da3-4ecc-40d1-a9c3-88ff2e789b20.jpg 960w\" sizes=\"(max-width: 768px) 100vw, 768px\" \/><\/figure>\n\n\n\n<p><\/p>\n\n\n\n<p>A cerim\u00f4nia teve continuidade com a recep\u00e7\u00e3o de Dom Benedito Ara\u00fajo, \u00e0 entrada da Catedral de Santo Ant\u00f4nio Aparecido, pelo arcebispo metropolitano de Teresina, Dom Juarez Marques, acompanhado do padre Ant\u00f4nio Pereira, p\u00e1roco da Catedral. Ao adentrar a catedral, Dom Benedito aspergiu os fi\u00e9is com \u00e1gua benta e dirigiu-se ao Tabern\u00e1culo do Sant\u00edssimo Sacramento para um breve momento de adora\u00e7\u00e3o. Em seguida, o novo bispo se paramentou para a continuidade do rito de posse can\u00f4nica.<\/p>\n\n\n\n<p>A solenidade contou com a presen\u00e7a de v\u00e1rios bispos das regi\u00f5es Norte e Nordeste do pa\u00eds, evidenciando a comunh\u00e3o da Igreja no acolhimento ao novo pastor da Diocese de Campo Maior. Entre os participantes estiveram bispos do Regional Nordeste IV da CNBB, o bispo antecessor, Dom Francisco de Assis Gabriel dos Santos, terceiro bispo diocesano de Campo Maior e atual bispo de Cajazeiras (PB), al\u00e9m do cardeal Dom Leonardo Steiner, arcebispo de Manaus (AM), entre outros bispos que prestigiaram a posse can\u00f4nica.<\/p>\n\n\n\n<p>O momento marcou oficialmente o in\u00edcio de seu minist\u00e9rio episcopal \u00e0 frente da Igreja particular, despertando expectativa e esperan\u00e7a quanto \u00e0 condu\u00e7\u00e3o pastoral que ser\u00e1 desenvolvida sob a lideran\u00e7a do novo pastor.<\/p>\n\n\n\n<figure class=\"wp-block-gallery has-nested-images columns-default is-cropped wp-block-gallery-1 is-layout-flex\">\n<figure class=\"wp-block-image size-large\"><img decoding=\"async\" loading=\"lazy\" width=\"1024\" height=\"768\" data-id=\"5512\"  src=\"https:\/\/portal.pi.gov.br\/seres\/wp-content\/uploads\/sites\/87\/2026\/01\/60463989-65fb-4fdc-9047-7178ac50ee75-1024x768.jpg\" alt=\"\" class=\"wp-image-5512\" srcset=\"https:\/\/portal.pi.gov.br\/seres\/wp-content\/uploads\/sites\/87\/2026\/01\/60463989-65fb-4fdc-9047-7178ac50ee75-1024x768.jpg 1024w, https:\/\/portal.pi.gov.br\/seres\/wp-content\/uploads\/sites\/87\/2026\/01\/60463989-65fb-4fdc-9047-7178ac50ee75-300x225.jpg 300w, https:\/\/portal.pi.gov.br\/seres\/wp-content\/uploads\/sites\/87\/2026\/01\/60463989-65fb-4fdc-9047-7178ac50ee75-768x576.jpg 768w, https:\/\/portal.pi.gov.br\/seres\/wp-content\/uploads\/sites\/87\/2026\/01\/60463989-65fb-4fdc-9047-7178ac50ee75-420x315.jpg 420w, https:\/\/portal.pi.gov.br\/seres\/wp-content\/uploads\/sites\/87\/2026\/01\/60463989-65fb-4fdc-9047-7178ac50ee75-540x405.jpg 540w, https:\/\/portal.pi.gov.br\/seres\/wp-content\/uploads\/sites\/87\/2026\/01\/60463989-65fb-4fdc-9047-7178ac50ee75-780x585.jpg 780w, https:\/\/portal.pi.gov.br\/seres\/wp-content\/uploads\/sites\/87\/2026\/01\/60463989-65fb-4fdc-9047-7178ac50ee75-947x710.jpg 947w, https:\/\/portal.pi.gov.br\/seres\/wp-content\/uploads\/sites\/87\/2026\/01\/60463989-65fb-4fdc-9047-7178ac50ee75-624x468.jpg 624w, https:\/\/portal.pi.gov.br\/seres\/wp-content\/uploads\/sites\/87\/2026\/01\/60463989-65fb-4fdc-9047-7178ac50ee75.jpg 1280w\" sizes=\"(max-width: 1024px) 100vw, 1024px\" \/><\/figure>\n\n\n\n<figure class=\"wp-block-image size-large\"><img decoding=\"async\" loading=\"lazy\" width=\"1024\" height=\"768\" data-id=\"5503\"  src=\"https:\/\/portal.pi.gov.br\/seres\/wp-content\/uploads\/sites\/87\/2026\/01\/560c9adb-cc9f-4a26-9f17-923b1436fba9-1024x768.jpg\" alt=\"\" class=\"wp-image-5503\" srcset=\"https:\/\/portal.pi.gov.br\/seres\/wp-content\/uploads\/sites\/87\/2026\/01\/560c9adb-cc9f-4a26-9f17-923b1436fba9-1024x768.jpg 1024w, https:\/\/portal.pi.gov.br\/seres\/wp-content\/uploads\/sites\/87\/2026\/01\/560c9adb-cc9f-4a26-9f17-923b1436fba9-300x225.jpg 300w, https:\/\/portal.pi.gov.br\/seres\/wp-content\/uploads\/sites\/87\/2026\/01\/560c9adb-cc9f-4a26-9f17-923b1436fba9-768x576.jpg 768w, https:\/\/portal.pi.gov.br\/seres\/wp-content\/uploads\/sites\/87\/2026\/01\/560c9adb-cc9f-4a26-9f17-923b1436fba9-420x315.jpg 420w, https:\/\/portal.pi.gov.br\/seres\/wp-content\/uploads\/sites\/87\/2026\/01\/560c9adb-cc9f-4a26-9f17-923b1436fba9-540x405.jpg 540w, https:\/\/portal.pi.gov.br\/seres\/wp-content\/uploads\/sites\/87\/2026\/01\/560c9adb-cc9f-4a26-9f17-923b1436fba9-780x585.jpg 780w, https:\/\/portal.pi.gov.br\/seres\/wp-content\/uploads\/sites\/87\/2026\/01\/560c9adb-cc9f-4a26-9f17-923b1436fba9-947x710.jpg 947w, https:\/\/portal.pi.gov.br\/seres\/wp-content\/uploads\/sites\/87\/2026\/01\/560c9adb-cc9f-4a26-9f17-923b1436fba9-624x468.jpg 624w, https:\/\/portal.pi.gov.br\/seres\/wp-content\/uploads\/sites\/87\/2026\/01\/560c9adb-cc9f-4a26-9f17-923b1436fba9.jpg 1280w\" sizes=\"(max-width: 1024px) 100vw, 1024px\" \/><\/figure>\n\n\n\n<figure class=\"wp-block-image size-large\"><img decoding=\"async\" loading=\"lazy\" width=\"1024\" height=\"768\" data-id=\"5501\"  src=\"https:\/\/portal.pi.gov.br\/seres\/wp-content\/uploads\/sites\/87\/2026\/01\/70f594ec-ffc6-4072-9cc9-c6401c11f5b9-1024x768.jpg\" alt=\"\" class=\"wp-image-5501\" srcset=\"https:\/\/portal.pi.gov.br\/seres\/wp-content\/uploads\/sites\/87\/2026\/01\/70f594ec-ffc6-4072-9cc9-c6401c11f5b9-1024x768.jpg 1024w, https:\/\/portal.pi.gov.br\/seres\/wp-content\/uploads\/sites\/87\/2026\/01\/70f594ec-ffc6-4072-9cc9-c6401c11f5b9-300x225.jpg 300w, https:\/\/portal.pi.gov.br\/seres\/wp-content\/uploads\/sites\/87\/2026\/01\/70f594ec-ffc6-4072-9cc9-c6401c11f5b9-768x576.jpg 768w, https:\/\/portal.pi.gov.br\/seres\/wp-content\/uploads\/sites\/87\/2026\/01\/70f594ec-ffc6-4072-9cc9-c6401c11f5b9-420x315.jpg 420w, https:\/\/portal.pi.gov.br\/seres\/wp-content\/uploads\/sites\/87\/2026\/01\/70f594ec-ffc6-4072-9cc9-c6401c11f5b9-540x405.jpg 540w, https:\/\/portal.pi.gov.br\/seres\/wp-content\/uploads\/sites\/87\/2026\/01\/70f594ec-ffc6-4072-9cc9-c6401c11f5b9-780x585.jpg 780w, https:\/\/portal.pi.gov.br\/seres\/wp-content\/uploads\/sites\/87\/2026\/01\/70f594ec-ffc6-4072-9cc9-c6401c11f5b9-947x710.jpg 947w, https:\/\/portal.pi.gov.br\/seres\/wp-content\/uploads\/sites\/87\/2026\/01\/70f594ec-ffc6-4072-9cc9-c6401c11f5b9-624x468.jpg 624w, https:\/\/portal.pi.gov.br\/seres\/wp-content\/uploads\/sites\/87\/2026\/01\/70f594ec-ffc6-4072-9cc9-c6401c11f5b9.jpg 1280w\" sizes=\"(max-width: 1024px) 100vw, 1024px\" \/><\/figure>\n\n\n\n<figure class=\"wp-block-image size-large\"><img decoding=\"async\" loading=\"lazy\" width=\"1024\" height=\"768\" data-id=\"5498\"  src=\"https:\/\/portal.pi.gov.br\/seres\/wp-content\/uploads\/sites\/87\/2026\/01\/16cea4ca-1bfb-47a7-8005-834fd13c0381-1024x768.jpg\" alt=\"\" class=\"wp-image-5498\" srcset=\"https:\/\/portal.pi.gov.br\/seres\/wp-content\/uploads\/sites\/87\/2026\/01\/16cea4ca-1bfb-47a7-8005-834fd13c0381-1024x768.jpg 1024w, https:\/\/portal.pi.gov.br\/seres\/wp-content\/uploads\/sites\/87\/2026\/01\/16cea4ca-1bfb-47a7-8005-834fd13c0381-300x225.jpg 300w, https:\/\/portal.pi.gov.br\/seres\/wp-content\/uploads\/sites\/87\/2026\/01\/16cea4ca-1bfb-47a7-8005-834fd13c0381-768x576.jpg 768w, https:\/\/portal.pi.gov.br\/seres\/wp-content\/uploads\/sites\/87\/2026\/01\/16cea4ca-1bfb-47a7-8005-834fd13c0381-420x315.jpg 420w, https:\/\/portal.pi.gov.br\/seres\/wp-content\/uploads\/sites\/87\/2026\/01\/16cea4ca-1bfb-47a7-8005-834fd13c0381-540x405.jpg 540w, https:\/\/portal.pi.gov.br\/seres\/wp-content\/uploads\/sites\/87\/2026\/01\/16cea4ca-1bfb-47a7-8005-834fd13c0381-780x585.jpg 780w, https:\/\/portal.pi.gov.br\/seres\/wp-content\/uploads\/sites\/87\/2026\/01\/16cea4ca-1bfb-47a7-8005-834fd13c0381-947x710.jpg 947w, https:\/\/portal.pi.gov.br\/seres\/wp-content\/uploads\/sites\/87\/2026\/01\/16cea4ca-1bfb-47a7-8005-834fd13c0381-624x468.jpg 624w, https:\/\/portal.pi.gov.br\/seres\/wp-content\/uploads\/sites\/87\/2026\/01\/16cea4ca-1bfb-47a7-8005-834fd13c0381.jpg 1280w\" sizes=\"(max-width: 1024px) 100vw, 1024px\" \/><\/figure>\n\n\n\n<figure class=\"wp-block-image size-large\"><img decoding=\"async\" loading=\"lazy\" width=\"1024\" height=\"768\" data-id=\"5488\"  src=\"https:\/\/portal.pi.gov.br\/seres\/wp-content\/uploads\/sites\/87\/2026\/01\/1c324839-8c01-4319-886a-56724c3fbc94-1024x768.jpg\" alt=\"\" class=\"wp-image-5488\" srcset=\"https:\/\/portal.pi.gov.br\/seres\/wp-content\/uploads\/sites\/87\/2026\/01\/1c324839-8c01-4319-886a-56724c3fbc94-1024x768.jpg 1024w, https:\/\/portal.pi.gov.br\/seres\/wp-content\/uploads\/sites\/87\/2026\/01\/1c324839-8c01-4319-886a-56724c3fbc94-300x225.jpg 300w, https:\/\/portal.pi.gov.br\/seres\/wp-content\/uploads\/sites\/87\/2026\/01\/1c324839-8c01-4319-886a-56724c3fbc94-768x576.jpg 768w, https:\/\/portal.pi.gov.br\/seres\/wp-content\/uploads\/sites\/87\/2026\/01\/1c324839-8c01-4319-886a-56724c3fbc94-420x315.jpg 420w, https:\/\/portal.pi.gov.br\/seres\/wp-content\/uploads\/sites\/87\/2026\/01\/1c324839-8c01-4319-886a-56724c3fbc94-540x405.jpg 540w, https:\/\/portal.pi.gov.br\/seres\/wp-content\/uploads\/sites\/87\/2026\/01\/1c324839-8c01-4319-886a-56724c3fbc94-780x585.jpg 780w, https:\/\/portal.pi.gov.br\/seres\/wp-content\/uploads\/sites\/87\/2026\/01\/1c324839-8c01-4319-886a-56724c3fbc94-947x710.jpg 947w, https:\/\/portal.pi.gov.br\/seres\/wp-content\/uploads\/sites\/87\/2026\/01\/1c324839-8c01-4319-886a-56724c3fbc94-624x468.jpg 624w, https:\/\/portal.pi.gov.br\/seres\/wp-content\/uploads\/sites\/87\/2026\/01\/1c324839-8c01-4319-886a-56724c3fbc94.jpg 1280w\" sizes=\"(max-width: 1024px) 100vw, 1024px\" \/><\/figure>\n\n\n\n<figure class=\"wp-block-image size-large\"><img decoding=\"async\" loading=\"lazy\" width=\"768\" height=\"1024\" data-id=\"5510\"  src=\"https:\/\/portal.pi.gov.br\/seres\/wp-content\/uploads\/sites\/87\/2026\/01\/110403d7-c9ef-444c-a825-effb584f698a-768x1024.jpg\" alt=\"\" class=\"wp-image-5510\" srcset=\"https:\/\/portal.pi.gov.br\/seres\/wp-content\/uploads\/sites\/87\/2026\/01\/110403d7-c9ef-444c-a825-effb584f698a-768x1024.jpg 768w, https:\/\/portal.pi.gov.br\/seres\/wp-content\/uploads\/sites\/87\/2026\/01\/110403d7-c9ef-444c-a825-effb584f698a-225x300.jpg 225w, https:\/\/portal.pi.gov.br\/seres\/wp-content\/uploads\/sites\/87\/2026\/01\/110403d7-c9ef-444c-a825-effb584f698a-315x420.jpg 315w, https:\/\/portal.pi.gov.br\/seres\/wp-content\/uploads\/sites\/87\/2026\/01\/110403d7-c9ef-444c-a825-effb584f698a-405x540.jpg 405w, https:\/\/portal.pi.gov.br\/seres\/wp-content\/uploads\/sites\/87\/2026\/01\/110403d7-c9ef-444c-a825-effb584f698a-585x780.jpg 585w, https:\/\/portal.pi.gov.br\/seres\/wp-content\/uploads\/sites\/87\/2026\/01\/110403d7-c9ef-444c-a825-effb584f698a-947x1263.jpg 947w, https:\/\/portal.pi.gov.br\/seres\/wp-content\/uploads\/sites\/87\/2026\/01\/110403d7-c9ef-444c-a825-effb584f698a-624x832.jpg 624w, https:\/\/portal.pi.gov.br\/seres\/wp-content\/uploads\/sites\/87\/2026\/01\/110403d7-c9ef-444c-a825-effb584f698a.jpg 960w\" sizes=\"(max-width: 768px) 100vw, 768px\" \/><\/figure>\n\n\n\n<figure class=\"wp-block-image size-large\"><img decoding=\"async\" loading=\"lazy\" width=\"1024\" height=\"768\" data-id=\"5511\"  src=\"https:\/\/portal.pi.gov.br\/seres\/wp-content\/uploads\/sites\/87\/2026\/01\/5466179f-bff2-4837-ae04-cc7931f52791-1024x768.jpg\" alt=\"\" class=\"wp-image-5511\" srcset=\"https:\/\/portal.pi.gov.br\/seres\/wp-content\/uploads\/sites\/87\/2026\/01\/5466179f-bff2-4837-ae04-cc7931f52791-1024x768.jpg 1024w, https:\/\/portal.pi.gov.br\/seres\/wp-content\/uploads\/sites\/87\/2026\/01\/5466179f-bff2-4837-ae04-cc7931f52791-300x225.jpg 300w, https:\/\/portal.pi.gov.br\/seres\/wp-content\/uploads\/sites\/87\/2026\/01\/5466179f-bff2-4837-ae04-cc7931f52791-768x576.jpg 768w, https:\/\/portal.pi.gov.br\/seres\/wp-content\/uploads\/sites\/87\/2026\/01\/5466179f-bff2-4837-ae04-cc7931f52791-420x315.jpg 420w, https:\/\/portal.pi.gov.br\/seres\/wp-content\/uploads\/sites\/87\/2026\/01\/5466179f-bff2-4837-ae04-cc7931f52791-540x405.jpg 540w, https:\/\/portal.pi.gov.br\/seres\/wp-content\/uploads\/sites\/87\/2026\/01\/5466179f-bff2-4837-ae04-cc7931f52791-780x585.jpg 780w, https:\/\/portal.pi.gov.br\/seres\/wp-content\/uploads\/sites\/87\/2026\/01\/5466179f-bff2-4837-ae04-cc7931f52791-947x710.jpg 947w, https:\/\/portal.pi.gov.br\/seres\/wp-content\/uploads\/sites\/87\/2026\/01\/5466179f-bff2-4837-ae04-cc7931f52791-624x468.jpg 624w, https:\/\/portal.pi.gov.br\/seres\/wp-content\/uploads\/sites\/87\/2026\/01\/5466179f-bff2-4837-ae04-cc7931f52791.jpg 1280w\" sizes=\"(max-width: 1024px) 100vw, 1024px\" \/><\/figure>\n\n\n\n<figure class=\"wp-block-image size-large\"><img decoding=\"async\" loading=\"lazy\" width=\"1024\" height=\"768\" data-id=\"5517\"  src=\"https:\/\/portal.pi.gov.br\/seres\/wp-content\/uploads\/sites\/87\/2026\/01\/ae0cecc3-21b9-48f1-ab3e-0d78ef5ebbfb-1024x768.jpg\" alt=\"\" class=\"wp-image-5517\" srcset=\"https:\/\/portal.pi.gov.br\/seres\/wp-content\/uploads\/sites\/87\/2026\/01\/ae0cecc3-21b9-48f1-ab3e-0d78ef5ebbfb-1024x768.jpg 1024w, https:\/\/portal.pi.gov.br\/seres\/wp-content\/uploads\/sites\/87\/2026\/01\/ae0cecc3-21b9-48f1-ab3e-0d78ef5ebbfb-300x225.jpg 300w, https:\/\/portal.pi.gov.br\/seres\/wp-content\/uploads\/sites\/87\/2026\/01\/ae0cecc3-21b9-48f1-ab3e-0d78ef5ebbfb-768x576.jpg 768w, https:\/\/portal.pi.gov.br\/seres\/wp-content\/uploads\/sites\/87\/2026\/01\/ae0cecc3-21b9-48f1-ab3e-0d78ef5ebbfb-420x315.jpg 420w, https:\/\/portal.pi.gov.br\/seres\/wp-content\/uploads\/sites\/87\/2026\/01\/ae0cecc3-21b9-48f1-ab3e-0d78ef5ebbfb-540x405.jpg 540w, https:\/\/portal.pi.gov.br\/seres\/wp-content\/uploads\/sites\/87\/2026\/01\/ae0cecc3-21b9-48f1-ab3e-0d78ef5ebbfb-780x585.jpg 780w, https:\/\/portal.pi.gov.br\/seres\/wp-content\/uploads\/sites\/87\/2026\/01\/ae0cecc3-21b9-48f1-ab3e-0d78ef5ebbfb-947x710.jpg 947w, https:\/\/portal.pi.gov.br\/seres\/wp-content\/uploads\/sites\/87\/2026\/01\/ae0cecc3-21b9-48f1-ab3e-0d78ef5ebbfb-624x468.jpg 624w, https:\/\/portal.pi.gov.br\/seres\/wp-content\/uploads\/sites\/87\/2026\/01\/ae0cecc3-21b9-48f1-ab3e-0d78ef5ebbfb.jpg 1280w\" sizes=\"(max-width: 1024px) 100vw, 1024px\" \/><\/figure>\n\n\n\n<figure class=\"wp-block-image size-large\"><img decoding=\"async\" loading=\"lazy\" width=\"1024\" height=\"768\" data-id=\"5526\"  src=\"https:\/\/portal.pi.gov.br\/seres\/wp-content\/uploads\/sites\/87\/2026\/01\/f482e337-6ada-4682-8a52-9edee022d212-1024x768.jpg\" alt=\"\" class=\"wp-image-5526\" srcset=\"https:\/\/portal.pi.gov.br\/seres\/wp-content\/uploads\/sites\/87\/2026\/01\/f482e337-6ada-4682-8a52-9edee022d212-1024x768.jpg 1024w, https:\/\/portal.pi.gov.br\/seres\/wp-content\/uploads\/sites\/87\/2026\/01\/f482e337-6ada-4682-8a52-9edee022d212-300x225.jpg 300w, https:\/\/portal.pi.gov.br\/seres\/wp-content\/uploads\/sites\/87\/2026\/01\/f482e337-6ada-4682-8a52-9edee022d212-768x576.jpg 768w, https:\/\/portal.pi.gov.br\/seres\/wp-content\/uploads\/sites\/87\/2026\/01\/f482e337-6ada-4682-8a52-9edee022d212-420x315.jpg 420w, https:\/\/portal.pi.gov.br\/seres\/wp-content\/uploads\/sites\/87\/2026\/01\/f482e337-6ada-4682-8a52-9edee022d212-540x405.jpg 540w, https:\/\/portal.pi.gov.br\/seres\/wp-content\/uploads\/sites\/87\/2026\/01\/f482e337-6ada-4682-8a52-9edee022d212-780x585.jpg 780w, https:\/\/portal.pi.gov.br\/seres\/wp-content\/uploads\/sites\/87\/2026\/01\/f482e337-6ada-4682-8a52-9edee022d212-947x710.jpg 947w, https:\/\/portal.pi.gov.br\/seres\/wp-content\/uploads\/sites\/87\/2026\/01\/f482e337-6ada-4682-8a52-9edee022d212-624x468.jpg 624w, https:\/\/portal.pi.gov.br\/seres\/wp-content\/uploads\/sites\/87\/2026\/01\/f482e337-6ada-4682-8a52-9edee022d212.jpg 1280w\" sizes=\"(max-width: 1024px) 100vw, 1024px\" \/><\/figure>\n\n\n\n<figure class=\"wp-block-image size-large\"><img decoding=\"async\" loading=\"lazy\" width=\"1024\" height=\"711\" data-id=\"5530\"  src=\"https:\/\/portal.pi.gov.br\/seres\/wp-content\/uploads\/sites\/87\/2026\/01\/0b4e7e96-2858-4ea3-859e-33355ba211cd-1024x711.jpg\" alt=\"\" class=\"wp-image-5530\" srcset=\"https:\/\/portal.pi.gov.br\/seres\/wp-content\/uploads\/sites\/87\/2026\/01\/0b4e7e96-2858-4ea3-859e-33355ba211cd-1024x711.jpg 1024w, https:\/\/portal.pi.gov.br\/seres\/wp-content\/uploads\/sites\/87\/2026\/01\/0b4e7e96-2858-4ea3-859e-33355ba211cd-300x208.jpg 300w, https:\/\/portal.pi.gov.br\/seres\/wp-content\/uploads\/sites\/87\/2026\/01\/0b4e7e96-2858-4ea3-859e-33355ba211cd-768x533.jpg 768w, https:\/\/portal.pi.gov.br\/seres\/wp-content\/uploads\/sites\/87\/2026\/01\/0b4e7e96-2858-4ea3-859e-33355ba211cd-420x292.jpg 420w, https:\/\/portal.pi.gov.br\/seres\/wp-content\/uploads\/sites\/87\/2026\/01\/0b4e7e96-2858-4ea3-859e-33355ba211cd-540x375.jpg 540w, https:\/\/portal.pi.gov.br\/seres\/wp-content\/uploads\/sites\/87\/2026\/01\/0b4e7e96-2858-4ea3-859e-33355ba211cd-780x542.jpg 780w, https:\/\/portal.pi.gov.br\/seres\/wp-content\/uploads\/sites\/87\/2026\/01\/0b4e7e96-2858-4ea3-859e-33355ba211cd-947x658.jpg 947w, https:\/\/portal.pi.gov.br\/seres\/wp-content\/uploads\/sites\/87\/2026\/01\/0b4e7e96-2858-4ea3-859e-33355ba211cd-624x433.jpg 624w, https:\/\/portal.pi.gov.br\/seres\/wp-content\/uploads\/sites\/87\/2026\/01\/0b4e7e96-2858-4ea3-859e-33355ba211cd.jpg 1280w\" sizes=\"(max-width: 1024px) 100vw, 1024px\" \/><\/figure>\n<\/figure>\n\n\n\n<p><\/p>\n\n\n\n<p><em>Com informa\u00e7\u00f5es da Diocese de Campo Maior<\/em><\/p>\n","protected":false},"excerpt":{"rendered":"<p>O novo bispo diocesano de Campo Maior, Dom Benedito Ara\u00fajo, tomou posse can\u00f4nica no dia 17 de janeiro, na S\u00e9 Catedral de Santo Ant\u00f4nio Aparecido. A secret\u00e1ria de Rela\u00e7\u00f5es Sociais, [&hellip;]<\/p>\n","protected":false},"author":1821,"featured_media":5534,"comment_status":"closed","ping_status":"closed","sticky":true,"template":"","format":"standard","meta":[],"categories":[34],"tags":[47,41],"featured_image_urls":{"full":["https:\/\/portal.pi.gov.br\/seres\/wp-content\/uploads\/sites\/87\/2026\/01\/68209feb-cfbc-4aae-8698-158a3dd139b8-1.jpg",1280,641,false],"thumbnail":["https:\/\/portal.pi.gov.br\/seres\/wp-content\/uploads\/sites\/87\/2026\/01\/68209feb-cfbc-4aae-8698-158a3dd139b8-1-150x150.jpg",150,150,true],"medium":["https:\/\/portal.pi.gov.br\/seres\/wp-content\/uploads\/sites\/87\/2026\/01\/68209feb-cfbc-4aae-8698-158a3dd139b8-1-300x150.jpg",300,150,true],"medium_large":["https:\/\/portal.pi.gov.br\/seres\/wp-content\/uploads\/sites\/87\/2026\/01\/68209feb-cfbc-4aae-8698-158a3dd139b8-1-768x385.jpg",768,385,true],"large":["https:\/\/portal.pi.gov.br\/seres\/wp-content\/uploads\/sites\/87\/2026\/01\/68209feb-cfbc-4aae-8698-158a3dd139b8-1-1024x513.jpg",887,444,true],"sgg-420":["https:\/\/portal.pi.gov.br\/seres\/wp-content\/uploads\/sites\/87\/2026\/01\/68209feb-cfbc-4aae-8698-158a3dd139b8-1-420x210.jpg",420,210,true],"sgg-540":["https:\/\/portal.pi.gov.br\/seres\/wp-content\/uploads\/sites\/87\/2026\/01\/68209feb-cfbc-4aae-8698-158a3dd139b8-1-540x270.jpg",540,270,true],"sgg-780":["https:\/\/portal.pi.gov.br\/seres\/wp-content\/uploads\/sites\/87\/2026\/01\/68209feb-cfbc-4aae-8698-158a3dd139b8-1-780x391.jpg",780,391,true],"1536x1536":["https:\/\/portal.pi.gov.br\/seres\/wp-content\/uploads\/sites\/87\/2026\/01\/68209feb-cfbc-4aae-8698-158a3dd139b8-1.jpg",1280,641,false],"2048x2048":["https:\/\/portal.pi.gov.br\/seres\/wp-content\/uploads\/sites\/87\/2026\/01\/68209feb-cfbc-4aae-8698-158a3dd139b8-1.jpg",1280,641,false],"homepage-slider":["https:\/\/portal.pi.gov.br\/seres\/wp-content\/uploads\/sites\/87\/2026\/01\/68209feb-cfbc-4aae-8698-158a3dd139b8-1-1270x500.jpg",1270,500,true],"homepage-slider-small":["https:\/\/portal.pi.gov.br\/seres\/wp-content\/uploads\/sites\/87\/2026\/01\/68209feb-cfbc-4aae-8698-158a3dd139b8-1-947x500.jpg",947,500,true],"page-top":["https:\/\/portal.pi.gov.br\/seres\/wp-content\/uploads\/sites\/87\/2026\/01\/68209feb-cfbc-4aae-8698-158a3dd139b8-1-947x474.jpg",947,474,true],"page-small":["https:\/\/portal.pi.gov.br\/seres\/wp-content\/uploads\/sites\/87\/2026\/01\/68209feb-cfbc-4aae-8698-158a3dd139b8-1-624x312.jpg",624,312,true],"loop-main":["https:\/\/portal.pi.gov.br\/seres\/wp-content\/uploads\/sites\/87\/2026\/01\/68209feb-cfbc-4aae-8698-158a3dd139b8-1-365x240.jpg",365,240,true],"thumb-gallery-widget":["https:\/\/portal.pi.gov.br\/seres\/wp-content\/uploads\/sites\/87\/2026\/01\/68209feb-cfbc-4aae-8698-158a3dd139b8-1-84x56.jpg",84,56,true]},"post_excerpt_stackable":"<p>O novo bispo diocesano de Campo Maior, Dom Benedito Ara\u00fajo, tomou posse can\u00f4nica no dia 17 de janeiro, na S\u00e9 Catedral de Santo Ant\u00f4nio Aparecido. A secret\u00e1ria de Rela\u00e7\u00f5es Sociais, N\u00fabia Lopes, representando o governador Rafael Fonteles, participou da solenidade que foi marcada pelo clima de acolhida e pela expressiva participa\u00e7\u00e3o de religiosos e religiosas, fi\u00e9is e autoridades civis, que se reuniram para celebrar o in\u00edcio do novo pastoreio na Igreja particular dos carnaubais. A acolhida ao novo bispo teve in\u00edcio na cidade de Jos\u00e9 de Freitas, primeira munic\u00edpio da Diocese de Campo Maior por onde Dom Benedito passou at\u00e9&hellip;<\/p>\n","category_list":"<a href=\"https:\/\/portal.pi.gov.br\/seres\/category\/noticias\/\" rel=\"category tag\">Not\u00edcias<\/a>","author_info":{"name":"alineraquel","url":"https:\/\/portal.pi.gov.br\/seres\/author\/alineraquel\/"},"comments_num":"0 coment\u00e1rio","featured_image_urls_v2":{"full":["https:\/\/portal.pi.gov.br\/seres\/wp-content\/uploads\/sites\/87\/2026\/01\/68209feb-cfbc-4aae-8698-158a3dd139b8-1.jpg",1280,641,false],"thumbnail":["https:\/\/portal.pi.gov.br\/seres\/wp-content\/uploads\/sites\/87\/2026\/01\/68209feb-cfbc-4aae-8698-158a3dd139b8-1-150x150.jpg",150,150,true],"medium":["https:\/\/portal.pi.gov.br\/seres\/wp-content\/uploads\/sites\/87\/2026\/01\/68209feb-cfbc-4aae-8698-158a3dd139b8-1-300x150.jpg",300,150,true],"medium_large":["https:\/\/portal.pi.gov.br\/seres\/wp-content\/uploads\/sites\/87\/2026\/01\/68209feb-cfbc-4aae-8698-158a3dd139b8-1-768x385.jpg",768,385,true],"large":["https:\/\/portal.pi.gov.br\/seres\/wp-content\/uploads\/sites\/87\/2026\/01\/68209feb-cfbc-4aae-8698-158a3dd139b8-1-1024x513.jpg",887,444,true],"sgg-420":["https:\/\/portal.pi.gov.br\/seres\/wp-content\/uploads\/sites\/87\/2026\/01\/68209feb-cfbc-4aae-8698-158a3dd139b8-1-420x210.jpg",420,210,true],"sgg-540":["https:\/\/portal.pi.gov.br\/seres\/wp-content\/uploads\/sites\/87\/2026\/01\/68209feb-cfbc-4aae-8698-158a3dd139b8-1-540x270.jpg",540,270,true],"sgg-780":["https:\/\/portal.pi.gov.br\/seres\/wp-content\/uploads\/sites\/87\/2026\/01\/68209feb-cfbc-4aae-8698-158a3dd139b8-1-780x391.jpg",780,391,true],"1536x1536":["https:\/\/portal.pi.gov.br\/seres\/wp-content\/uploads\/sites\/87\/2026\/01\/68209feb-cfbc-4aae-8698-158a3dd139b8-1.jpg",1280,641,false],"2048x2048":["https:\/\/portal.pi.gov.br\/seres\/wp-content\/uploads\/sites\/87\/2026\/01\/68209feb-cfbc-4aae-8698-158a3dd139b8-1.jpg",1280,641,false],"homepage-slider":["https:\/\/portal.pi.gov.br\/seres\/wp-content\/uploads\/sites\/87\/2026\/01\/68209feb-cfbc-4aae-8698-158a3dd139b8-1-1270x500.jpg",1270,500,true],"homepage-slider-small":["https:\/\/portal.pi.gov.br\/seres\/wp-content\/uploads\/sites\/87\/2026\/01\/68209feb-cfbc-4aae-8698-158a3dd139b8-1-947x500.jpg",947,500,true],"page-top":["https:\/\/portal.pi.gov.br\/seres\/wp-content\/uploads\/sites\/87\/2026\/01\/68209feb-cfbc-4aae-8698-158a3dd139b8-1-947x474.jpg",947,474,true],"page-small":["https:\/\/portal.pi.gov.br\/seres\/wp-content\/uploads\/sites\/87\/2026\/01\/68209feb-cfbc-4aae-8698-158a3dd139b8-1-624x312.jpg",624,312,true],"loop-main":["https:\/\/portal.pi.gov.br\/seres\/wp-content\/uploads\/sites\/87\/2026\/01\/68209feb-cfbc-4aae-8698-158a3dd139b8-1-365x240.jpg",365,240,true],"thumb-gallery-widget":["https:\/\/portal.pi.gov.br\/seres\/wp-content\/uploads\/sites\/87\/2026\/01\/68209feb-cfbc-4aae-8698-158a3dd139b8-1-84x56.jpg",84,56,true]},"post_excerpt_stackable_v2":"<p>O novo bispo diocesano de Campo Maior, Dom Benedito Ara\u00fajo, tomou posse can\u00f4nica no dia 17 de janeiro, na S\u00e9 Catedral de Santo Ant\u00f4nio Aparecido. A secret\u00e1ria de Rela\u00e7\u00f5es Sociais, N\u00fabia Lopes, representando o governador Rafael Fonteles, participou da solenidade que foi marcada pelo clima de acolhida e pela expressiva participa\u00e7\u00e3o de religiosos e religiosas, fi\u00e9is e autoridades civis, que se reuniram para celebrar o in\u00edcio do novo pastoreio na Igreja particular dos carnaubais. A acolhida ao novo bispo teve in\u00edcio na cidade de Jos\u00e9 de Freitas, primeira munic\u00edpio da Diocese de Campo Maior por onde Dom Benedito passou at\u00e9&hellip;<\/p>\n","category_list_v2":"<a href=\"https:\/\/portal.pi.gov.br\/seres\/category\/noticias\/\" rel=\"category tag\">Not\u00edcias<\/a>","author_info_v2":{"name":"alineraquel","url":"https:\/\/portal.pi.gov.br\/seres\/author\/alineraquel\/"},"comments_num_v2":"0 coment\u00e1rio","jetpack_featured_media_url":"https:\/\/portal.pi.gov.br\/seres\/wp-content\/uploads\/sites\/87\/2026\/01\/68209feb-cfbc-4aae-8698-158a3dd139b8-1.jpg","_links":{"self":[{"href":"https:\/\/portal.pi.gov.br\/seres\/wp-json\/wp\/v2\/posts\/5529"}],"collection":[{"href":"https:\/\/portal.pi.gov.br\/seres\/wp-json\/wp\/v2\/posts"}],"about":[{"href":"https:\/\/portal.pi.gov.br\/seres\/wp-json\/wp\/v2\/types\/post"}],"author":[{"embeddable":true,"href":"https:\/\/portal.pi.gov.br\/seres\/wp-json\/wp\/v2\/users\/1821"}],"replies":[{"embeddable":true,"href":"https:\/\/portal.pi.gov.br\/seres\/wp-json\/wp\/v2\/comments?post=5529"}],"version-history":[{"count":1,"href":"https:\/\/portal.pi.gov.br\/seres\/wp-json\/wp\/v2\/posts\/5529\/revisions"}],"predecessor-version":[{"id":5531,"href":"https:\/\/portal.pi.gov.br\/seres\/wp-json\/wp\/v2\/posts\/5529\/revisions\/5531"}],"wp:featuredmedia":[{"embeddable":true,"href":"https:\/\/portal.pi.gov.br\/seres\/wp-json\/wp\/v2\/media\/5534"}],"wp:attachment":[{"href":"https:\/\/portal.pi.gov.br\/seres\/wp-json\/wp\/v2\/media?parent=5529"}],"wp:term":[{"taxonomy":"category","embeddable":true,"href":"https:\/\/portal.pi.gov.br\/seres\/wp-json\/wp\/v2\/categories?post=5529"},{"taxonomy":"post_tag","embeddable":true,"href":"https:\/\/portal.pi.gov.br\/seres\/wp-json\/wp\/v2\/tags?post=5529"}],"curies":[{"name":"wp","href":"https:\/\/api.w.org\/{rel}","templated":true}]}}