{"id":5535,"date":"2026-01-22T16:27:55","date_gmt":"2026-01-22T19:27:55","guid":{"rendered":"https:\/\/portal.pi.gov.br\/seres\/?p=5535"},"modified":"2026-01-22T16:29:13","modified_gmt":"2026-01-22T19:29:13","slug":"nubia-lopes-participa-do-9o-congresso-da-fetag-pi","status":"publish","type":"post","link":"https:\/\/portal.pi.gov.br\/seres\/2026\/01\/22\/nubia-lopes-participa-do-9o-congresso-da-fetag-pi\/","title":{"rendered":"N\u00fabia Lopes participa do 9\u00ba Congresso da Fetag-PI"},"content":{"rendered":"\n<p>O congresso debateu plano de lutas de trabalhadores rurais do Piau\u00ed com base no desenvolvimento rural sustent\u00e1vel e solid\u00e1rio.<\/p>\n\n\n\n<figure class=\"wp-block-image size-large\"><img decoding=\"async\" loading=\"lazy\" width=\"768\" height=\"1024\" src=\"https:\/\/portal.pi.gov.br\/seres\/wp-content\/uploads\/sites\/87\/2026\/01\/1da52336-71d2-4ade-9fe0-a25e48644840-768x1024.jpg\" alt=\"\" class=\"wp-image-5536\" srcset=\"https:\/\/portal.pi.gov.br\/seres\/wp-content\/uploads\/sites\/87\/2026\/01\/1da52336-71d2-4ade-9fe0-a25e48644840-768x1024.jpg 768w, https:\/\/portal.pi.gov.br\/seres\/wp-content\/uploads\/sites\/87\/2026\/01\/1da52336-71d2-4ade-9fe0-a25e48644840-225x300.jpg 225w, https:\/\/portal.pi.gov.br\/seres\/wp-content\/uploads\/sites\/87\/2026\/01\/1da52336-71d2-4ade-9fe0-a25e48644840-315x420.jpg 315w, https:\/\/portal.pi.gov.br\/seres\/wp-content\/uploads\/sites\/87\/2026\/01\/1da52336-71d2-4ade-9fe0-a25e48644840-405x540.jpg 405w, https:\/\/portal.pi.gov.br\/seres\/wp-content\/uploads\/sites\/87\/2026\/01\/1da52336-71d2-4ade-9fe0-a25e48644840-585x780.jpg 585w, https:\/\/portal.pi.gov.br\/seres\/wp-content\/uploads\/sites\/87\/2026\/01\/1da52336-71d2-4ade-9fe0-a25e48644840-947x1263.jpg 947w, https:\/\/portal.pi.gov.br\/seres\/wp-content\/uploads\/sites\/87\/2026\/01\/1da52336-71d2-4ade-9fe0-a25e48644840-624x832.jpg 624w, https:\/\/portal.pi.gov.br\/seres\/wp-content\/uploads\/sites\/87\/2026\/01\/1da52336-71d2-4ade-9fe0-a25e48644840.jpg 960w\" sizes=\"(max-width: 768px) 100vw, 768px\" \/><\/figure>\n\n\n\n<p><\/p>\n\n\n\n<p>A secret\u00e1ria N\u00fabia Lopes participou, nesta quarta-feira (21), da solenidade de abertura do 9\u00ba CETTR \u2013 Congresso Estadual dos Trabalhadores Rurais Agricultores e Agricultoras Familiares do Piau\u00ed (Fetag-PI), no Centro de Estudo Sindical, com a participa\u00e7\u00e3o do governador Rafael Fonteles. <\/p>\n\n\n\n<p><\/p>\n\n\n\n<figure class=\"wp-block-image size-large\"><img decoding=\"async\" loading=\"lazy\" width=\"1024\" height=\"683\" src=\"https:\/\/portal.pi.gov.br\/seres\/wp-content\/uploads\/sites\/87\/2026\/01\/94407740-a1da-4771-83fb-ee432cc18856-1024x683.jpg\" alt=\"\" class=\"wp-image-5546\" srcset=\"https:\/\/portal.pi.gov.br\/seres\/wp-content\/uploads\/sites\/87\/2026\/01\/94407740-a1da-4771-83fb-ee432cc18856-1024x683.jpg 1024w, https:\/\/portal.pi.gov.br\/seres\/wp-content\/uploads\/sites\/87\/2026\/01\/94407740-a1da-4771-83fb-ee432cc18856-300x200.jpg 300w, https:\/\/portal.pi.gov.br\/seres\/wp-content\/uploads\/sites\/87\/2026\/01\/94407740-a1da-4771-83fb-ee432cc18856-768x512.jpg 768w, https:\/\/portal.pi.gov.br\/seres\/wp-content\/uploads\/sites\/87\/2026\/01\/94407740-a1da-4771-83fb-ee432cc18856-420x280.jpg 420w, https:\/\/portal.pi.gov.br\/seres\/wp-content\/uploads\/sites\/87\/2026\/01\/94407740-a1da-4771-83fb-ee432cc18856-540x360.jpg 540w, https:\/\/portal.pi.gov.br\/seres\/wp-content\/uploads\/sites\/87\/2026\/01\/94407740-a1da-4771-83fb-ee432cc18856-780x520.jpg 780w, https:\/\/portal.pi.gov.br\/seres\/wp-content\/uploads\/sites\/87\/2026\/01\/94407740-a1da-4771-83fb-ee432cc18856-947x632.jpg 947w, https:\/\/portal.pi.gov.br\/seres\/wp-content\/uploads\/sites\/87\/2026\/01\/94407740-a1da-4771-83fb-ee432cc18856-624x416.jpg 624w, https:\/\/portal.pi.gov.br\/seres\/wp-content\/uploads\/sites\/87\/2026\/01\/94407740-a1da-4771-83fb-ee432cc18856-84x56.jpg 84w, https:\/\/portal.pi.gov.br\/seres\/wp-content\/uploads\/sites\/87\/2026\/01\/94407740-a1da-4771-83fb-ee432cc18856.jpg 1280w\" sizes=\"(max-width: 1024px) 100vw, 1024px\" \/><\/figure>\n\n\n\n<p><\/p>\n\n\n\n<p>Na abertura, os trabalhadores discutiram a atualiza\u00e7\u00e3o do Plano de Lutas para o quadri\u00eanio 2026-2030, com base no Projeto Alternativo de Desenvolvimento Rural Sustent\u00e1vel e Solid\u00e1rio. Ao todo, o evento reuniu representantes de 125 munic\u00edpios. Ao falar aos participantes do congresso, o governador Rafael Fonteles reafirmou o apoio do Governo do Estado \u00e0 agricultura familiar e ressaltou a import\u00e2ncia desse setor.&nbsp;<\/p>\n\n\n\n<figure class=\"wp-block-image size-large\"><img decoding=\"async\" loading=\"lazy\" width=\"1024\" height=\"683\" src=\"https:\/\/portal.pi.gov.br\/seres\/wp-content\/uploads\/sites\/87\/2026\/01\/9493e40c-969b-48b2-b8e1-fb5200b10a08-1024x683.jpg\" alt=\"\" class=\"wp-image-5543\" srcset=\"https:\/\/portal.pi.gov.br\/seres\/wp-content\/uploads\/sites\/87\/2026\/01\/9493e40c-969b-48b2-b8e1-fb5200b10a08-1024x683.jpg 1024w, https:\/\/portal.pi.gov.br\/seres\/wp-content\/uploads\/sites\/87\/2026\/01\/9493e40c-969b-48b2-b8e1-fb5200b10a08-300x200.jpg 300w, https:\/\/portal.pi.gov.br\/seres\/wp-content\/uploads\/sites\/87\/2026\/01\/9493e40c-969b-48b2-b8e1-fb5200b10a08-768x512.jpg 768w, https:\/\/portal.pi.gov.br\/seres\/wp-content\/uploads\/sites\/87\/2026\/01\/9493e40c-969b-48b2-b8e1-fb5200b10a08-420x280.jpg 420w, https:\/\/portal.pi.gov.br\/seres\/wp-content\/uploads\/sites\/87\/2026\/01\/9493e40c-969b-48b2-b8e1-fb5200b10a08-540x360.jpg 540w, https:\/\/portal.pi.gov.br\/seres\/wp-content\/uploads\/sites\/87\/2026\/01\/9493e40c-969b-48b2-b8e1-fb5200b10a08-780x520.jpg 780w, https:\/\/portal.pi.gov.br\/seres\/wp-content\/uploads\/sites\/87\/2026\/01\/9493e40c-969b-48b2-b8e1-fb5200b10a08-947x632.jpg 947w, https:\/\/portal.pi.gov.br\/seres\/wp-content\/uploads\/sites\/87\/2026\/01\/9493e40c-969b-48b2-b8e1-fb5200b10a08-624x416.jpg 624w, https:\/\/portal.pi.gov.br\/seres\/wp-content\/uploads\/sites\/87\/2026\/01\/9493e40c-969b-48b2-b8e1-fb5200b10a08-84x56.jpg 84w, https:\/\/portal.pi.gov.br\/seres\/wp-content\/uploads\/sites\/87\/2026\/01\/9493e40c-969b-48b2-b8e1-fb5200b10a08.jpg 1280w\" sizes=\"(max-width: 1024px) 100vw, 1024px\" \/><\/figure>\n\n\n\n<p><\/p>\n\n\n\n<p>Al\u00e9m da programa\u00e7\u00e3o de discuss\u00f5es, os trabalhadores conduzir\u00e3o, na sexta-feira (23), a deputada estadual Elis\u00e2ngela Moura para a presid\u00eancia da institui\u00e7\u00e3o. Ela concorre em chapa \u00fanica. Al\u00e9m de debates sobre sustentabilidade sindical, pol\u00edticas p\u00fablicas para a agricultura familiar, estrat\u00e9gias de fortalecimento da organiza\u00e7\u00e3o dos sindicatos rurais, os desafios pol\u00edticos atuais, a defesa dos territ\u00f3rios e a participa\u00e7\u00e3o ativa de mulheres, jovens e idosos do campo que comp\u00f5em o Plano de Lutas da categoria.<\/p>\n\n\n\n<p><\/p>\n\n\n\n<figure class=\"wp-block-gallery has-nested-images columns-default is-cropped wp-block-gallery-1 is-layout-flex\">\n<figure class=\"wp-block-image size-large\"><img decoding=\"async\" loading=\"lazy\" width=\"1024\" height=\"683\" data-id=\"5551\"  src=\"https:\/\/portal.pi.gov.br\/seres\/wp-content\/uploads\/sites\/87\/2026\/01\/f84870e4-9491-4e25-a95a-369b9980e4b6-1024x683.jpg\" alt=\"\" class=\"wp-image-5551\" srcset=\"https:\/\/portal.pi.gov.br\/seres\/wp-content\/uploads\/sites\/87\/2026\/01\/f84870e4-9491-4e25-a95a-369b9980e4b6-1024x683.jpg 1024w, https:\/\/portal.pi.gov.br\/seres\/wp-content\/uploads\/sites\/87\/2026\/01\/f84870e4-9491-4e25-a95a-369b9980e4b6-300x200.jpg 300w, https:\/\/portal.pi.gov.br\/seres\/wp-content\/uploads\/sites\/87\/2026\/01\/f84870e4-9491-4e25-a95a-369b9980e4b6-768x512.jpg 768w, https:\/\/portal.pi.gov.br\/seres\/wp-content\/uploads\/sites\/87\/2026\/01\/f84870e4-9491-4e25-a95a-369b9980e4b6-420x280.jpg 420w, https:\/\/portal.pi.gov.br\/seres\/wp-content\/uploads\/sites\/87\/2026\/01\/f84870e4-9491-4e25-a95a-369b9980e4b6-540x360.jpg 540w, https:\/\/portal.pi.gov.br\/seres\/wp-content\/uploads\/sites\/87\/2026\/01\/f84870e4-9491-4e25-a95a-369b9980e4b6-780x520.jpg 780w, https:\/\/portal.pi.gov.br\/seres\/wp-content\/uploads\/sites\/87\/2026\/01\/f84870e4-9491-4e25-a95a-369b9980e4b6-947x632.jpg 947w, https:\/\/portal.pi.gov.br\/seres\/wp-content\/uploads\/sites\/87\/2026\/01\/f84870e4-9491-4e25-a95a-369b9980e4b6-624x416.jpg 624w, https:\/\/portal.pi.gov.br\/seres\/wp-content\/uploads\/sites\/87\/2026\/01\/f84870e4-9491-4e25-a95a-369b9980e4b6-84x56.jpg 84w, https:\/\/portal.pi.gov.br\/seres\/wp-content\/uploads\/sites\/87\/2026\/01\/f84870e4-9491-4e25-a95a-369b9980e4b6.jpg 1280w\" sizes=\"(max-width: 1024px) 100vw, 1024px\" \/><\/figure>\n\n\n\n<figure class=\"wp-block-image size-large\"><img decoding=\"async\" loading=\"lazy\" width=\"1024\" height=\"683\" data-id=\"5552\"  src=\"https:\/\/portal.pi.gov.br\/seres\/wp-content\/uploads\/sites\/87\/2026\/01\/f7484170-3b2a-4ad0-b7a6-8c5da6a91dd2-1024x683.jpg\" alt=\"\" class=\"wp-image-5552\" srcset=\"https:\/\/portal.pi.gov.br\/seres\/wp-content\/uploads\/sites\/87\/2026\/01\/f7484170-3b2a-4ad0-b7a6-8c5da6a91dd2-1024x683.jpg 1024w, https:\/\/portal.pi.gov.br\/seres\/wp-content\/uploads\/sites\/87\/2026\/01\/f7484170-3b2a-4ad0-b7a6-8c5da6a91dd2-300x200.jpg 300w, https:\/\/portal.pi.gov.br\/seres\/wp-content\/uploads\/sites\/87\/2026\/01\/f7484170-3b2a-4ad0-b7a6-8c5da6a91dd2-768x512.jpg 768w, https:\/\/portal.pi.gov.br\/seres\/wp-content\/uploads\/sites\/87\/2026\/01\/f7484170-3b2a-4ad0-b7a6-8c5da6a91dd2-420x280.jpg 420w, https:\/\/portal.pi.gov.br\/seres\/wp-content\/uploads\/sites\/87\/2026\/01\/f7484170-3b2a-4ad0-b7a6-8c5da6a91dd2-540x360.jpg 540w, https:\/\/portal.pi.gov.br\/seres\/wp-content\/uploads\/sites\/87\/2026\/01\/f7484170-3b2a-4ad0-b7a6-8c5da6a91dd2-780x520.jpg 780w, https:\/\/portal.pi.gov.br\/seres\/wp-content\/uploads\/sites\/87\/2026\/01\/f7484170-3b2a-4ad0-b7a6-8c5da6a91dd2-947x632.jpg 947w, https:\/\/portal.pi.gov.br\/seres\/wp-content\/uploads\/sites\/87\/2026\/01\/f7484170-3b2a-4ad0-b7a6-8c5da6a91dd2-624x416.jpg 624w, https:\/\/portal.pi.gov.br\/seres\/wp-content\/uploads\/sites\/87\/2026\/01\/f7484170-3b2a-4ad0-b7a6-8c5da6a91dd2-84x56.jpg 84w, https:\/\/portal.pi.gov.br\/seres\/wp-content\/uploads\/sites\/87\/2026\/01\/f7484170-3b2a-4ad0-b7a6-8c5da6a91dd2.jpg 1280w\" sizes=\"(max-width: 1024px) 100vw, 1024px\" \/><\/figure>\n\n\n\n<figure class=\"wp-block-image size-large\"><img decoding=\"async\" loading=\"lazy\" width=\"768\" height=\"1024\" data-id=\"5545\"  src=\"https:\/\/portal.pi.gov.br\/seres\/wp-content\/uploads\/sites\/87\/2026\/01\/55434adf-12cb-45cb-a5ad-60d63bd2ec67-768x1024.jpg\" alt=\"\" class=\"wp-image-5545\" srcset=\"https:\/\/portal.pi.gov.br\/seres\/wp-content\/uploads\/sites\/87\/2026\/01\/55434adf-12cb-45cb-a5ad-60d63bd2ec67-768x1024.jpg 768w, https:\/\/portal.pi.gov.br\/seres\/wp-content\/uploads\/sites\/87\/2026\/01\/55434adf-12cb-45cb-a5ad-60d63bd2ec67-225x300.jpg 225w, https:\/\/portal.pi.gov.br\/seres\/wp-content\/uploads\/sites\/87\/2026\/01\/55434adf-12cb-45cb-a5ad-60d63bd2ec67-315x420.jpg 315w, https:\/\/portal.pi.gov.br\/seres\/wp-content\/uploads\/sites\/87\/2026\/01\/55434adf-12cb-45cb-a5ad-60d63bd2ec67-405x540.jpg 405w, https:\/\/portal.pi.gov.br\/seres\/wp-content\/uploads\/sites\/87\/2026\/01\/55434adf-12cb-45cb-a5ad-60d63bd2ec67-585x780.jpg 585w, https:\/\/portal.pi.gov.br\/seres\/wp-content\/uploads\/sites\/87\/2026\/01\/55434adf-12cb-45cb-a5ad-60d63bd2ec67-947x1263.jpg 947w, https:\/\/portal.pi.gov.br\/seres\/wp-content\/uploads\/sites\/87\/2026\/01\/55434adf-12cb-45cb-a5ad-60d63bd2ec67-624x832.jpg 624w, https:\/\/portal.pi.gov.br\/seres\/wp-content\/uploads\/sites\/87\/2026\/01\/55434adf-12cb-45cb-a5ad-60d63bd2ec67.jpg 960w\" sizes=\"(max-width: 768px) 100vw, 768px\" \/><\/figure>\n\n\n\n<figure class=\"wp-block-image size-large\"><img decoding=\"async\" loading=\"lazy\" width=\"1024\" height=\"683\" data-id=\"5544\"  src=\"https:\/\/portal.pi.gov.br\/seres\/wp-content\/uploads\/sites\/87\/2026\/01\/52059bfa-85b1-459e-ad12-18d83ce47513-1024x683.jpg\" alt=\"\" class=\"wp-image-5544\" srcset=\"https:\/\/portal.pi.gov.br\/seres\/wp-content\/uploads\/sites\/87\/2026\/01\/52059bfa-85b1-459e-ad12-18d83ce47513-1024x683.jpg 1024w, https:\/\/portal.pi.gov.br\/seres\/wp-content\/uploads\/sites\/87\/2026\/01\/52059bfa-85b1-459e-ad12-18d83ce47513-300x200.jpg 300w, https:\/\/portal.pi.gov.br\/seres\/wp-content\/uploads\/sites\/87\/2026\/01\/52059bfa-85b1-459e-ad12-18d83ce47513-768x512.jpg 768w, https:\/\/portal.pi.gov.br\/seres\/wp-content\/uploads\/sites\/87\/2026\/01\/52059bfa-85b1-459e-ad12-18d83ce47513-420x280.jpg 420w, https:\/\/portal.pi.gov.br\/seres\/wp-content\/uploads\/sites\/87\/2026\/01\/52059bfa-85b1-459e-ad12-18d83ce47513-540x360.jpg 540w, https:\/\/portal.pi.gov.br\/seres\/wp-content\/uploads\/sites\/87\/2026\/01\/52059bfa-85b1-459e-ad12-18d83ce47513-780x520.jpg 780w, https:\/\/portal.pi.gov.br\/seres\/wp-content\/uploads\/sites\/87\/2026\/01\/52059bfa-85b1-459e-ad12-18d83ce47513-947x632.jpg 947w, https:\/\/portal.pi.gov.br\/seres\/wp-content\/uploads\/sites\/87\/2026\/01\/52059bfa-85b1-459e-ad12-18d83ce47513-624x416.jpg 624w, https:\/\/portal.pi.gov.br\/seres\/wp-content\/uploads\/sites\/87\/2026\/01\/52059bfa-85b1-459e-ad12-18d83ce47513-84x56.jpg 84w, https:\/\/portal.pi.gov.br\/seres\/wp-content\/uploads\/sites\/87\/2026\/01\/52059bfa-85b1-459e-ad12-18d83ce47513.jpg 1280w\" sizes=\"(max-width: 1024px) 100vw, 1024px\" \/><\/figure>\n\n\n\n<figure class=\"wp-block-image size-large\"><img decoding=\"async\" loading=\"lazy\" width=\"819\" height=\"1024\" data-id=\"5549\"  src=\"https:\/\/portal.pi.gov.br\/seres\/wp-content\/uploads\/sites\/87\/2026\/01\/d2f71132-9dc1-4d18-bd97-243a82cb31f6-819x1024.jpg\" alt=\"\" class=\"wp-image-5549\" srcset=\"https:\/\/portal.pi.gov.br\/seres\/wp-content\/uploads\/sites\/87\/2026\/01\/d2f71132-9dc1-4d18-bd97-243a82cb31f6-819x1024.jpg 819w, https:\/\/portal.pi.gov.br\/seres\/wp-content\/uploads\/sites\/87\/2026\/01\/d2f71132-9dc1-4d18-bd97-243a82cb31f6-240x300.jpg 240w, https:\/\/portal.pi.gov.br\/seres\/wp-content\/uploads\/sites\/87\/2026\/01\/d2f71132-9dc1-4d18-bd97-243a82cb31f6-768x960.jpg 768w, https:\/\/portal.pi.gov.br\/seres\/wp-content\/uploads\/sites\/87\/2026\/01\/d2f71132-9dc1-4d18-bd97-243a82cb31f6-336x420.jpg 336w, https:\/\/portal.pi.gov.br\/seres\/wp-content\/uploads\/sites\/87\/2026\/01\/d2f71132-9dc1-4d18-bd97-243a82cb31f6-432x540.jpg 432w, https:\/\/portal.pi.gov.br\/seres\/wp-content\/uploads\/sites\/87\/2026\/01\/d2f71132-9dc1-4d18-bd97-243a82cb31f6-624x780.jpg 624w, https:\/\/portal.pi.gov.br\/seres\/wp-content\/uploads\/sites\/87\/2026\/01\/d2f71132-9dc1-4d18-bd97-243a82cb31f6-947x1184.jpg 947w, https:\/\/portal.pi.gov.br\/seres\/wp-content\/uploads\/sites\/87\/2026\/01\/d2f71132-9dc1-4d18-bd97-243a82cb31f6.jpg 1024w\" sizes=\"(max-width: 819px) 100vw, 819px\" \/><\/figure>\n\n\n\n<figure class=\"wp-block-image size-large\"><img decoding=\"async\" loading=\"lazy\" width=\"768\" height=\"1024\" data-id=\"5548\"  src=\"https:\/\/portal.pi.gov.br\/seres\/wp-content\/uploads\/sites\/87\/2026\/01\/c533ee11-e702-4bea-a5b4-0b2932ad54a2-768x1024.jpg\" alt=\"\" class=\"wp-image-5548\" srcset=\"https:\/\/portal.pi.gov.br\/seres\/wp-content\/uploads\/sites\/87\/2026\/01\/c533ee11-e702-4bea-a5b4-0b2932ad54a2-768x1024.jpg 768w, https:\/\/portal.pi.gov.br\/seres\/wp-content\/uploads\/sites\/87\/2026\/01\/c533ee11-e702-4bea-a5b4-0b2932ad54a2-225x300.jpg 225w, https:\/\/portal.pi.gov.br\/seres\/wp-content\/uploads\/sites\/87\/2026\/01\/c533ee11-e702-4bea-a5b4-0b2932ad54a2-315x420.jpg 315w, https:\/\/portal.pi.gov.br\/seres\/wp-content\/uploads\/sites\/87\/2026\/01\/c533ee11-e702-4bea-a5b4-0b2932ad54a2-405x540.jpg 405w, https:\/\/portal.pi.gov.br\/seres\/wp-content\/uploads\/sites\/87\/2026\/01\/c533ee11-e702-4bea-a5b4-0b2932ad54a2-585x780.jpg 585w, https:\/\/portal.pi.gov.br\/seres\/wp-content\/uploads\/sites\/87\/2026\/01\/c533ee11-e702-4bea-a5b4-0b2932ad54a2-947x1263.jpg 947w, https:\/\/portal.pi.gov.br\/seres\/wp-content\/uploads\/sites\/87\/2026\/01\/c533ee11-e702-4bea-a5b4-0b2932ad54a2-624x832.jpg 624w, https:\/\/portal.pi.gov.br\/seres\/wp-content\/uploads\/sites\/87\/2026\/01\/c533ee11-e702-4bea-a5b4-0b2932ad54a2.jpg 960w\" sizes=\"(max-width: 768px) 100vw, 768px\" \/><\/figure>\n\n\n\n<figure class=\"wp-block-image size-large\"><img decoding=\"async\" loading=\"lazy\" width=\"1024\" height=\"683\" data-id=\"5547\"  src=\"https:\/\/portal.pi.gov.br\/seres\/wp-content\/uploads\/sites\/87\/2026\/01\/c6d382b4-023c-4343-818f-a29ccefdd4a2-1024x683.jpg\" alt=\"\" class=\"wp-image-5547\" srcset=\"https:\/\/portal.pi.gov.br\/seres\/wp-content\/uploads\/sites\/87\/2026\/01\/c6d382b4-023c-4343-818f-a29ccefdd4a2-1024x683.jpg 1024w, https:\/\/portal.pi.gov.br\/seres\/wp-content\/uploads\/sites\/87\/2026\/01\/c6d382b4-023c-4343-818f-a29ccefdd4a2-300x200.jpg 300w, https:\/\/portal.pi.gov.br\/seres\/wp-content\/uploads\/sites\/87\/2026\/01\/c6d382b4-023c-4343-818f-a29ccefdd4a2-768x512.jpg 768w, https:\/\/portal.pi.gov.br\/seres\/wp-content\/uploads\/sites\/87\/2026\/01\/c6d382b4-023c-4343-818f-a29ccefdd4a2-420x280.jpg 420w, https:\/\/portal.pi.gov.br\/seres\/wp-content\/uploads\/sites\/87\/2026\/01\/c6d382b4-023c-4343-818f-a29ccefdd4a2-540x360.jpg 540w, https:\/\/portal.pi.gov.br\/seres\/wp-content\/uploads\/sites\/87\/2026\/01\/c6d382b4-023c-4343-818f-a29ccefdd4a2-780x520.jpg 780w, https:\/\/portal.pi.gov.br\/seres\/wp-content\/uploads\/sites\/87\/2026\/01\/c6d382b4-023c-4343-818f-a29ccefdd4a2-947x632.jpg 947w, https:\/\/portal.pi.gov.br\/seres\/wp-content\/uploads\/sites\/87\/2026\/01\/c6d382b4-023c-4343-818f-a29ccefdd4a2-624x416.jpg 624w, https:\/\/portal.pi.gov.br\/seres\/wp-content\/uploads\/sites\/87\/2026\/01\/c6d382b4-023c-4343-818f-a29ccefdd4a2-84x56.jpg 84w, https:\/\/portal.pi.gov.br\/seres\/wp-content\/uploads\/sites\/87\/2026\/01\/c6d382b4-023c-4343-818f-a29ccefdd4a2.jpg 1280w\" sizes=\"(max-width: 1024px) 100vw, 1024px\" \/><\/figure>\n\n\n\n<figure class=\"wp-block-image size-large\"><img decoding=\"async\" loading=\"lazy\" width=\"1024\" height=\"768\" data-id=\"5540\"  src=\"https:\/\/portal.pi.gov.br\/seres\/wp-content\/uploads\/sites\/87\/2026\/01\/43baba79-ef20-480e-8163-1d348b36a39d-1-1024x768.jpg\" alt=\"\" class=\"wp-image-5540\" srcset=\"https:\/\/portal.pi.gov.br\/seres\/wp-content\/uploads\/sites\/87\/2026\/01\/43baba79-ef20-480e-8163-1d348b36a39d-1-1024x768.jpg 1024w, https:\/\/portal.pi.gov.br\/seres\/wp-content\/uploads\/sites\/87\/2026\/01\/43baba79-ef20-480e-8163-1d348b36a39d-1-300x225.jpg 300w, https:\/\/portal.pi.gov.br\/seres\/wp-content\/uploads\/sites\/87\/2026\/01\/43baba79-ef20-480e-8163-1d348b36a39d-1-768x576.jpg 768w, https:\/\/portal.pi.gov.br\/seres\/wp-content\/uploads\/sites\/87\/2026\/01\/43baba79-ef20-480e-8163-1d348b36a39d-1-420x315.jpg 420w, https:\/\/portal.pi.gov.br\/seres\/wp-content\/uploads\/sites\/87\/2026\/01\/43baba79-ef20-480e-8163-1d348b36a39d-1-540x405.jpg 540w, https:\/\/portal.pi.gov.br\/seres\/wp-content\/uploads\/sites\/87\/2026\/01\/43baba79-ef20-480e-8163-1d348b36a39d-1-780x585.jpg 780w, https:\/\/portal.pi.gov.br\/seres\/wp-content\/uploads\/sites\/87\/2026\/01\/43baba79-ef20-480e-8163-1d348b36a39d-1-947x710.jpg 947w, https:\/\/portal.pi.gov.br\/seres\/wp-content\/uploads\/sites\/87\/2026\/01\/43baba79-ef20-480e-8163-1d348b36a39d-1-624x468.jpg 624w, https:\/\/portal.pi.gov.br\/seres\/wp-content\/uploads\/sites\/87\/2026\/01\/43baba79-ef20-480e-8163-1d348b36a39d-1.jpg 1280w\" sizes=\"(max-width: 1024px) 100vw, 1024px\" \/><\/figure>\n\n\n\n<figure class=\"wp-block-image size-large\"><img decoding=\"async\" loading=\"lazy\" width=\"1024\" height=\"768\" data-id=\"5539\"  src=\"https:\/\/portal.pi.gov.br\/seres\/wp-content\/uploads\/sites\/87\/2026\/01\/43baba79-ef20-480e-8163-1d348b36a39d-1024x768.jpg\" alt=\"\" class=\"wp-image-5539\" srcset=\"https:\/\/portal.pi.gov.br\/seres\/wp-content\/uploads\/sites\/87\/2026\/01\/43baba79-ef20-480e-8163-1d348b36a39d-1024x768.jpg 1024w, https:\/\/portal.pi.gov.br\/seres\/wp-content\/uploads\/sites\/87\/2026\/01\/43baba79-ef20-480e-8163-1d348b36a39d-300x225.jpg 300w, https:\/\/portal.pi.gov.br\/seres\/wp-content\/uploads\/sites\/87\/2026\/01\/43baba79-ef20-480e-8163-1d348b36a39d-768x576.jpg 768w, https:\/\/portal.pi.gov.br\/seres\/wp-content\/uploads\/sites\/87\/2026\/01\/43baba79-ef20-480e-8163-1d348b36a39d-420x315.jpg 420w, https:\/\/portal.pi.gov.br\/seres\/wp-content\/uploads\/sites\/87\/2026\/01\/43baba79-ef20-480e-8163-1d348b36a39d-540x405.jpg 540w, https:\/\/portal.pi.gov.br\/seres\/wp-content\/uploads\/sites\/87\/2026\/01\/43baba79-ef20-480e-8163-1d348b36a39d-780x585.jpg 780w, https:\/\/portal.pi.gov.br\/seres\/wp-content\/uploads\/sites\/87\/2026\/01\/43baba79-ef20-480e-8163-1d348b36a39d-947x710.jpg 947w, https:\/\/portal.pi.gov.br\/seres\/wp-content\/uploads\/sites\/87\/2026\/01\/43baba79-ef20-480e-8163-1d348b36a39d-624x468.jpg 624w, https:\/\/portal.pi.gov.br\/seres\/wp-content\/uploads\/sites\/87\/2026\/01\/43baba79-ef20-480e-8163-1d348b36a39d.jpg 1280w\" sizes=\"(max-width: 1024px) 100vw, 1024px\" \/><\/figure>\n\n\n\n<figure class=\"wp-block-image size-large\"><img decoding=\"async\" loading=\"lazy\" width=\"768\" height=\"1024\" data-id=\"5538\"  src=\"https:\/\/portal.pi.gov.br\/seres\/wp-content\/uploads\/sites\/87\/2026\/01\/7a3d5aa0-71cd-436a-9fc1-dcc48d711254-768x1024.jpg\" alt=\"\" class=\"wp-image-5538\" srcset=\"https:\/\/portal.pi.gov.br\/seres\/wp-content\/uploads\/sites\/87\/2026\/01\/7a3d5aa0-71cd-436a-9fc1-dcc48d711254-768x1024.jpg 768w, https:\/\/portal.pi.gov.br\/seres\/wp-content\/uploads\/sites\/87\/2026\/01\/7a3d5aa0-71cd-436a-9fc1-dcc48d711254-225x300.jpg 225w, https:\/\/portal.pi.gov.br\/seres\/wp-content\/uploads\/sites\/87\/2026\/01\/7a3d5aa0-71cd-436a-9fc1-dcc48d711254-315x420.jpg 315w, https:\/\/portal.pi.gov.br\/seres\/wp-content\/uploads\/sites\/87\/2026\/01\/7a3d5aa0-71cd-436a-9fc1-dcc48d711254-405x540.jpg 405w, https:\/\/portal.pi.gov.br\/seres\/wp-content\/uploads\/sites\/87\/2026\/01\/7a3d5aa0-71cd-436a-9fc1-dcc48d711254-585x780.jpg 585w, https:\/\/portal.pi.gov.br\/seres\/wp-content\/uploads\/sites\/87\/2026\/01\/7a3d5aa0-71cd-436a-9fc1-dcc48d711254-947x1263.jpg 947w, https:\/\/portal.pi.gov.br\/seres\/wp-content\/uploads\/sites\/87\/2026\/01\/7a3d5aa0-71cd-436a-9fc1-dcc48d711254-624x832.jpg 624w, https:\/\/portal.pi.gov.br\/seres\/wp-content\/uploads\/sites\/87\/2026\/01\/7a3d5aa0-71cd-436a-9fc1-dcc48d711254.jpg 960w\" sizes=\"(max-width: 768px) 100vw, 768px\" \/><\/figure>\n\n\n\n<figure class=\"wp-block-image size-large\"><img decoding=\"async\" loading=\"lazy\" width=\"1024\" height=\"683\" data-id=\"5537\"  src=\"https:\/\/portal.pi.gov.br\/seres\/wp-content\/uploads\/sites\/87\/2026\/01\/6a6d2fdc-0b28-4cbf-b3c1-c281b059ada4-1024x683.jpg\" alt=\"\" class=\"wp-image-5537\" srcset=\"https:\/\/portal.pi.gov.br\/seres\/wp-content\/uploads\/sites\/87\/2026\/01\/6a6d2fdc-0b28-4cbf-b3c1-c281b059ada4-1024x683.jpg 1024w, https:\/\/portal.pi.gov.br\/seres\/wp-content\/uploads\/sites\/87\/2026\/01\/6a6d2fdc-0b28-4cbf-b3c1-c281b059ada4-300x200.jpg 300w, https:\/\/portal.pi.gov.br\/seres\/wp-content\/uploads\/sites\/87\/2026\/01\/6a6d2fdc-0b28-4cbf-b3c1-c281b059ada4-768x512.jpg 768w, https:\/\/portal.pi.gov.br\/seres\/wp-content\/uploads\/sites\/87\/2026\/01\/6a6d2fdc-0b28-4cbf-b3c1-c281b059ada4-420x280.jpg 420w, https:\/\/portal.pi.gov.br\/seres\/wp-content\/uploads\/sites\/87\/2026\/01\/6a6d2fdc-0b28-4cbf-b3c1-c281b059ada4-540x360.jpg 540w, https:\/\/portal.pi.gov.br\/seres\/wp-content\/uploads\/sites\/87\/2026\/01\/6a6d2fdc-0b28-4cbf-b3c1-c281b059ada4-780x520.jpg 780w, https:\/\/portal.pi.gov.br\/seres\/wp-content\/uploads\/sites\/87\/2026\/01\/6a6d2fdc-0b28-4cbf-b3c1-c281b059ada4-947x632.jpg 947w, https:\/\/portal.pi.gov.br\/seres\/wp-content\/uploads\/sites\/87\/2026\/01\/6a6d2fdc-0b28-4cbf-b3c1-c281b059ada4-624x416.jpg 624w, https:\/\/portal.pi.gov.br\/seres\/wp-content\/uploads\/sites\/87\/2026\/01\/6a6d2fdc-0b28-4cbf-b3c1-c281b059ada4-84x56.jpg 84w, https:\/\/portal.pi.gov.br\/seres\/wp-content\/uploads\/sites\/87\/2026\/01\/6a6d2fdc-0b28-4cbf-b3c1-c281b059ada4.jpg 1280w\" sizes=\"(max-width: 1024px) 100vw, 1024px\" \/><\/figure>\n<\/figure>\n\n\n\n<p><\/p>\n\n\n\n<p>Fotos: Gabriel Paulino, Geirlys Silva e Aline Raquel<\/p>\n\n\n\n<p><\/p>\n","protected":false},"excerpt":{"rendered":"<p>O congresso debateu plano de lutas de trabalhadores rurais do Piau\u00ed com base no desenvolvimento rural sustent\u00e1vel e solid\u00e1rio. A secret\u00e1ria N\u00fabia Lopes participou, nesta quarta-feira (21), da solenidade de [&hellip;]<\/p>\n","protected":false},"author":1821,"featured_media":5550,"comment_status":"closed","ping_status":"closed","sticky":true,"template":"","format":"standard","meta":[],"categories":[34],"tags":[47,41],"featured_image_urls":{"full":["https:\/\/portal.pi.gov.br\/seres\/wp-content\/uploads\/sites\/87\/2026\/01\/f6c6e483-8405-4e6b-b18b-cd4ead446186.jpg",1280,854,false],"thumbnail":["https:\/\/portal.pi.gov.br\/seres\/wp-content\/uploads\/sites\/87\/2026\/01\/f6c6e483-8405-4e6b-b18b-cd4ead446186-150x150.jpg",150,150,true],"medium":["https:\/\/portal.pi.gov.br\/seres\/wp-content\/uploads\/sites\/87\/2026\/01\/f6c6e483-8405-4e6b-b18b-cd4ead446186-300x200.jpg",300,200,true],"medium_large":["https:\/\/portal.pi.gov.br\/seres\/wp-content\/uploads\/sites\/87\/2026\/01\/f6c6e483-8405-4e6b-b18b-cd4ead446186-768x512.jpg",768,512,true],"large":["https:\/\/portal.pi.gov.br\/seres\/wp-content\/uploads\/sites\/87\/2026\/01\/f6c6e483-8405-4e6b-b18b-cd4ead446186-1024x683.jpg",887,592,true],"sgg-420":["https:\/\/portal.pi.gov.br\/seres\/wp-content\/uploads\/sites\/87\/2026\/01\/f6c6e483-8405-4e6b-b18b-cd4ead446186-420x280.jpg",420,280,true],"sgg-540":["https:\/\/portal.pi.gov.br\/seres\/wp-content\/uploads\/sites\/87\/2026\/01\/f6c6e483-8405-4e6b-b18b-cd4ead446186-540x360.jpg",540,360,true],"sgg-780":["https:\/\/portal.pi.gov.br\/seres\/wp-content\/uploads\/sites\/87\/2026\/01\/f6c6e483-8405-4e6b-b18b-cd4ead446186-780x520.jpg",780,520,true],"1536x1536":["https:\/\/portal.pi.gov.br\/seres\/wp-content\/uploads\/sites\/87\/2026\/01\/f6c6e483-8405-4e6b-b18b-cd4ead446186.jpg",1280,854,false],"2048x2048":["https:\/\/portal.pi.gov.br\/seres\/wp-content\/uploads\/sites\/87\/2026\/01\/f6c6e483-8405-4e6b-b18b-cd4ead446186.jpg",1280,854,false],"homepage-slider":["https:\/\/portal.pi.gov.br\/seres\/wp-content\/uploads\/sites\/87\/2026\/01\/f6c6e483-8405-4e6b-b18b-cd4ead446186-1270x500.jpg",1270,500,true],"homepage-slider-small":["https:\/\/portal.pi.gov.br\/seres\/wp-content\/uploads\/sites\/87\/2026\/01\/f6c6e483-8405-4e6b-b18b-cd4ead446186-947x500.jpg",947,500,true],"page-top":["https:\/\/portal.pi.gov.br\/seres\/wp-content\/uploads\/sites\/87\/2026\/01\/f6c6e483-8405-4e6b-b18b-cd4ead446186-947x632.jpg",947,632,true],"page-small":["https:\/\/portal.pi.gov.br\/seres\/wp-content\/uploads\/sites\/87\/2026\/01\/f6c6e483-8405-4e6b-b18b-cd4ead446186-624x416.jpg",624,416,true],"loop-main":["https:\/\/portal.pi.gov.br\/seres\/wp-content\/uploads\/sites\/87\/2026\/01\/f6c6e483-8405-4e6b-b18b-cd4ead446186-365x240.jpg",365,240,true],"thumb-gallery-widget":["https:\/\/portal.pi.gov.br\/seres\/wp-content\/uploads\/sites\/87\/2026\/01\/f6c6e483-8405-4e6b-b18b-cd4ead446186-84x56.jpg",84,56,true]},"post_excerpt_stackable":"<p>O congresso debateu plano de lutas de trabalhadores rurais do Piau\u00ed com base no desenvolvimento rural sustent\u00e1vel e solid\u00e1rio. A secret\u00e1ria N\u00fabia Lopes participou, nesta quarta-feira (21), da solenidade de abertura do 9\u00ba CETTR \u2013 Congresso Estadual dos Trabalhadores Rurais Agricultores e Agricultoras Familiares do Piau\u00ed (Fetag-PI), no Centro de Estudo Sindical, com a participa\u00e7\u00e3o do governador Rafael Fonteles. Na abertura, os trabalhadores discutiram a atualiza\u00e7\u00e3o do Plano de Lutas para o quadri\u00eanio 2026-2030, com base no Projeto Alternativo de Desenvolvimento Rural Sustent\u00e1vel e Solid\u00e1rio. Ao todo, o evento reuniu representantes de 125 munic\u00edpios. Ao falar aos participantes do congresso,&hellip;<\/p>\n","category_list":"<a href=\"https:\/\/portal.pi.gov.br\/seres\/category\/noticias\/\" rel=\"category tag\">Not\u00edcias<\/a>","author_info":{"name":"alineraquel","url":"https:\/\/portal.pi.gov.br\/seres\/author\/alineraquel\/"},"comments_num":"0 coment\u00e1rio","featured_image_urls_v2":{"full":["https:\/\/portal.pi.gov.br\/seres\/wp-content\/uploads\/sites\/87\/2026\/01\/f6c6e483-8405-4e6b-b18b-cd4ead446186.jpg",1280,854,false],"thumbnail":["https:\/\/portal.pi.gov.br\/seres\/wp-content\/uploads\/sites\/87\/2026\/01\/f6c6e483-8405-4e6b-b18b-cd4ead446186-150x150.jpg",150,150,true],"medium":["https:\/\/portal.pi.gov.br\/seres\/wp-content\/uploads\/sites\/87\/2026\/01\/f6c6e483-8405-4e6b-b18b-cd4ead446186-300x200.jpg",300,200,true],"medium_large":["https:\/\/portal.pi.gov.br\/seres\/wp-content\/uploads\/sites\/87\/2026\/01\/f6c6e483-8405-4e6b-b18b-cd4ead446186-768x512.jpg",768,512,true],"large":["https:\/\/portal.pi.gov.br\/seres\/wp-content\/uploads\/sites\/87\/2026\/01\/f6c6e483-8405-4e6b-b18b-cd4ead446186-1024x683.jpg",887,592,true],"sgg-420":["https:\/\/portal.pi.gov.br\/seres\/wp-content\/uploads\/sites\/87\/2026\/01\/f6c6e483-8405-4e6b-b18b-cd4ead446186-420x280.jpg",420,280,true],"sgg-540":["https:\/\/portal.pi.gov.br\/seres\/wp-content\/uploads\/sites\/87\/2026\/01\/f6c6e483-8405-4e6b-b18b-cd4ead446186-540x360.jpg",540,360,true],"sgg-780":["https:\/\/portal.pi.gov.br\/seres\/wp-content\/uploads\/sites\/87\/2026\/01\/f6c6e483-8405-4e6b-b18b-cd4ead446186-780x520.jpg",780,520,true],"1536x1536":["https:\/\/portal.pi.gov.br\/seres\/wp-content\/uploads\/sites\/87\/2026\/01\/f6c6e483-8405-4e6b-b18b-cd4ead446186.jpg",1280,854,false],"2048x2048":["https:\/\/portal.pi.gov.br\/seres\/wp-content\/uploads\/sites\/87\/2026\/01\/f6c6e483-8405-4e6b-b18b-cd4ead446186.jpg",1280,854,false],"homepage-slider":["https:\/\/portal.pi.gov.br\/seres\/wp-content\/uploads\/sites\/87\/2026\/01\/f6c6e483-8405-4e6b-b18b-cd4ead446186-1270x500.jpg",1270,500,true],"homepage-slider-small":["https:\/\/portal.pi.gov.br\/seres\/wp-content\/uploads\/sites\/87\/2026\/01\/f6c6e483-8405-4e6b-b18b-cd4ead446186-947x500.jpg",947,500,true],"page-top":["https:\/\/portal.pi.gov.br\/seres\/wp-content\/uploads\/sites\/87\/2026\/01\/f6c6e483-8405-4e6b-b18b-cd4ead446186-947x632.jpg",947,632,true],"page-small":["https:\/\/portal.pi.gov.br\/seres\/wp-content\/uploads\/sites\/87\/2026\/01\/f6c6e483-8405-4e6b-b18b-cd4ead446186-624x416.jpg",624,416,true],"loop-main":["https:\/\/portal.pi.gov.br\/seres\/wp-content\/uploads\/sites\/87\/2026\/01\/f6c6e483-8405-4e6b-b18b-cd4ead446186-365x240.jpg",365,240,true],"thumb-gallery-widget":["https:\/\/portal.pi.gov.br\/seres\/wp-content\/uploads\/sites\/87\/2026\/01\/f6c6e483-8405-4e6b-b18b-cd4ead446186-84x56.jpg",84,56,true]},"post_excerpt_stackable_v2":"<p>O congresso debateu plano de lutas de trabalhadores rurais do Piau\u00ed com base no desenvolvimento rural sustent\u00e1vel e solid\u00e1rio. A secret\u00e1ria N\u00fabia Lopes participou, nesta quarta-feira (21), da solenidade de abertura do 9\u00ba CETTR \u2013 Congresso Estadual dos Trabalhadores Rurais Agricultores e Agricultoras Familiares do Piau\u00ed (Fetag-PI), no Centro de Estudo Sindical, com a participa\u00e7\u00e3o do governador Rafael Fonteles. Na abertura, os trabalhadores discutiram a atualiza\u00e7\u00e3o do Plano de Lutas para o quadri\u00eanio 2026-2030, com base no Projeto Alternativo de Desenvolvimento Rural Sustent\u00e1vel e Solid\u00e1rio. Ao todo, o evento reuniu representantes de 125 munic\u00edpios. Ao falar aos participantes do congresso,&hellip;<\/p>\n","category_list_v2":"<a href=\"https:\/\/portal.pi.gov.br\/seres\/category\/noticias\/\" rel=\"category tag\">Not\u00edcias<\/a>","author_info_v2":{"name":"alineraquel","url":"https:\/\/portal.pi.gov.br\/seres\/author\/alineraquel\/"},"comments_num_v2":"0 coment\u00e1rio","jetpack_featured_media_url":"https:\/\/portal.pi.gov.br\/seres\/wp-content\/uploads\/sites\/87\/2026\/01\/f6c6e483-8405-4e6b-b18b-cd4ead446186.jpg","_links":{"self":[{"href":"https:\/\/portal.pi.gov.br\/seres\/wp-json\/wp\/v2\/posts\/5535"}],"collection":[{"href":"https:\/\/portal.pi.gov.br\/seres\/wp-json\/wp\/v2\/posts"}],"about":[{"href":"https:\/\/portal.pi.gov.br\/seres\/wp-json\/wp\/v2\/types\/post"}],"author":[{"embeddable":true,"href":"https:\/\/portal.pi.gov.br\/seres\/wp-json\/wp\/v2\/users\/1821"}],"replies":[{"embeddable":true,"href":"https:\/\/portal.pi.gov.br\/seres\/wp-json\/wp\/v2\/comments?post=5535"}],"version-history":[{"count":2,"href":"https:\/\/portal.pi.gov.br\/seres\/wp-json\/wp\/v2\/posts\/5535\/revisions"}],"predecessor-version":[{"id":5554,"href":"https:\/\/portal.pi.gov.br\/seres\/wp-json\/wp\/v2\/posts\/5535\/revisions\/5554"}],"wp:featuredmedia":[{"embeddable":true,"href":"https:\/\/portal.pi.gov.br\/seres\/wp-json\/wp\/v2\/media\/5550"}],"wp:attachment":[{"href":"https:\/\/portal.pi.gov.br\/seres\/wp-json\/wp\/v2\/media?parent=5535"}],"wp:term":[{"taxonomy":"category","embeddable":true,"href":"https:\/\/portal.pi.gov.br\/seres\/wp-json\/wp\/v2\/categories?post=5535"},{"taxonomy":"post_tag","embeddable":true,"href":"https:\/\/portal.pi.gov.br\/seres\/wp-json\/wp\/v2\/tags?post=5535"}],"curies":[{"name":"wp","href":"https:\/\/api.w.org\/{rel}","templated":true}]}}