{"id":5594,"date":"2026-02-03T15:36:56","date_gmt":"2026-02-03T18:36:56","guid":{"rendered":"https:\/\/portal.pi.gov.br\/seres\/?p=5594"},"modified":"2026-02-03T15:36:57","modified_gmt":"2026-02-03T18:36:57","slug":"reuniao-para-o-fortalecimento-da-consolidacao-do-redd-jurisdicional-tem-participacao-da-seres","status":"publish","type":"post","link":"https:\/\/portal.pi.gov.br\/seres\/2026\/02\/03\/reuniao-para-o-fortalecimento-da-consolidacao-do-redd-jurisdicional-tem-participacao-da-seres\/","title":{"rendered":"Reuni\u00e3o para o fortalecimento da consolida\u00e7\u00e3o do REDD+ Jurisdicional tem participa\u00e7\u00e3o da Seres"},"content":{"rendered":"\n<p>O encontro refor\u00e7ou o compromisso do Governo do Estado com o desenvolvimento sustent\u00e1vel, a valoriza\u00e7\u00e3o dos servi\u00e7os ambientais e a constru\u00e7\u00e3o de solu\u00e7\u00f5es integradas frente aos desafios das mudan\u00e7as clim\u00e1ticas.<\/p>\n\n\n\n<figure class=\"wp-block-image size-large\"><img decoding=\"async\" loading=\"lazy\" width=\"1024\" height=\"768\" src=\"https:\/\/portal.pi.gov.br\/seres\/wp-content\/uploads\/sites\/87\/2026\/02\/6d88f4e6-a72f-4780-ab6c-2ef56c74be53-1024x768.jpg\" alt=\"\" class=\"wp-image-5589\" srcset=\"https:\/\/portal.pi.gov.br\/seres\/wp-content\/uploads\/sites\/87\/2026\/02\/6d88f4e6-a72f-4780-ab6c-2ef56c74be53-1024x768.jpg 1024w, https:\/\/portal.pi.gov.br\/seres\/wp-content\/uploads\/sites\/87\/2026\/02\/6d88f4e6-a72f-4780-ab6c-2ef56c74be53-300x225.jpg 300w, https:\/\/portal.pi.gov.br\/seres\/wp-content\/uploads\/sites\/87\/2026\/02\/6d88f4e6-a72f-4780-ab6c-2ef56c74be53-768x576.jpg 768w, https:\/\/portal.pi.gov.br\/seres\/wp-content\/uploads\/sites\/87\/2026\/02\/6d88f4e6-a72f-4780-ab6c-2ef56c74be53-420x315.jpg 420w, https:\/\/portal.pi.gov.br\/seres\/wp-content\/uploads\/sites\/87\/2026\/02\/6d88f4e6-a72f-4780-ab6c-2ef56c74be53-540x405.jpg 540w, https:\/\/portal.pi.gov.br\/seres\/wp-content\/uploads\/sites\/87\/2026\/02\/6d88f4e6-a72f-4780-ab6c-2ef56c74be53-780x585.jpg 780w, https:\/\/portal.pi.gov.br\/seres\/wp-content\/uploads\/sites\/87\/2026\/02\/6d88f4e6-a72f-4780-ab6c-2ef56c74be53-947x710.jpg 947w, https:\/\/portal.pi.gov.br\/seres\/wp-content\/uploads\/sites\/87\/2026\/02\/6d88f4e6-a72f-4780-ab6c-2ef56c74be53-624x468.jpg 624w, https:\/\/portal.pi.gov.br\/seres\/wp-content\/uploads\/sites\/87\/2026\/02\/6d88f4e6-a72f-4780-ab6c-2ef56c74be53.jpg 1280w\" sizes=\"(max-width: 1024px) 100vw, 1024px\" \/><\/figure>\n\n\n\n<p><\/p>\n\n\n\n<p>Nesta ter\u00e7a (3) a secret\u00e1ria de Rela\u00e7\u00f5es Sociais, N\u00fabia Lopes, a convite da Secretaria de Meio Ambiente e Recursos H\u00eddricos (Semarh) participou, nesta ter\u00e7a-feira (3), no Centro de Educa\u00e7\u00e3o Ambiental (CEA), em Teresina, do encontro estrat\u00e9gico que reuniu gestoras de todas as secretarias estaduais para discutir as a\u00e7\u00f5es preparat\u00f3rias e o processo de consolida\u00e7\u00e3o do REDD+ Jurisdicional no estado.<\/p>\n\n\n\n<p>A iniciativa integra a pol\u00edtica clim\u00e1tica e ambiental do Piau\u00ed e tem como objetivo fortalecer a atua\u00e7\u00e3o integrada dos \u00f3rg\u00e3os estaduais na implementa\u00e7\u00e3o do REDD+ Jurisdicional, uma pol\u00edtica de governo voltada \u00e0 preserva\u00e7\u00e3o ambiental, \u00e0 redu\u00e7\u00e3o do desmatamento e da degrada\u00e7\u00e3o florestal, al\u00e9m da promo\u00e7\u00e3o do pagamento por servi\u00e7os ambientais, com recursos provenientes da comercializa\u00e7\u00e3o de cr\u00e9ditos de carbono.<\/p>\n\n\n\n<p>Durante o evento, coordenado pelo secret\u00e1rio da Semarh, Feliphe Ara\u00fajo, foram debatidos os pap\u00e9is institucionais de cada secretaria no processo, refor\u00e7ando a import\u00e2ncia da articula\u00e7\u00e3o intersetorial para garantir o alinhamento das a\u00e7\u00f5es governamentais, a seguran\u00e7a jur\u00eddica e administrativa e a efetividade das pol\u00edticas p\u00fablicas ambientais e clim\u00e1ticas.<\/p>\n\n\n\n<figure class=\"wp-block-image size-large\"><img decoding=\"async\" loading=\"lazy\" width=\"1024\" height=\"768\" src=\"https:\/\/portal.pi.gov.br\/seres\/wp-content\/uploads\/sites\/87\/2026\/02\/56e22ded-e7c8-49b9-96bd-940f471aa1f5-1024x768.jpg\" alt=\"\" class=\"wp-image-5591\" srcset=\"https:\/\/portal.pi.gov.br\/seres\/wp-content\/uploads\/sites\/87\/2026\/02\/56e22ded-e7c8-49b9-96bd-940f471aa1f5-1024x768.jpg 1024w, https:\/\/portal.pi.gov.br\/seres\/wp-content\/uploads\/sites\/87\/2026\/02\/56e22ded-e7c8-49b9-96bd-940f471aa1f5-300x225.jpg 300w, https:\/\/portal.pi.gov.br\/seres\/wp-content\/uploads\/sites\/87\/2026\/02\/56e22ded-e7c8-49b9-96bd-940f471aa1f5-768x576.jpg 768w, https:\/\/portal.pi.gov.br\/seres\/wp-content\/uploads\/sites\/87\/2026\/02\/56e22ded-e7c8-49b9-96bd-940f471aa1f5-420x315.jpg 420w, https:\/\/portal.pi.gov.br\/seres\/wp-content\/uploads\/sites\/87\/2026\/02\/56e22ded-e7c8-49b9-96bd-940f471aa1f5-540x405.jpg 540w, https:\/\/portal.pi.gov.br\/seres\/wp-content\/uploads\/sites\/87\/2026\/02\/56e22ded-e7c8-49b9-96bd-940f471aa1f5-780x585.jpg 780w, https:\/\/portal.pi.gov.br\/seres\/wp-content\/uploads\/sites\/87\/2026\/02\/56e22ded-e7c8-49b9-96bd-940f471aa1f5-947x710.jpg 947w, https:\/\/portal.pi.gov.br\/seres\/wp-content\/uploads\/sites\/87\/2026\/02\/56e22ded-e7c8-49b9-96bd-940f471aa1f5-624x468.jpg 624w, https:\/\/portal.pi.gov.br\/seres\/wp-content\/uploads\/sites\/87\/2026\/02\/56e22ded-e7c8-49b9-96bd-940f471aa1f5.jpg 1280w\" sizes=\"(max-width: 1024px) 100vw, 1024px\" \/><\/figure>\n\n\n\n<p><\/p>\n\n\n\n<p>O encontro representou um passo decisivo para consolidar o protagonismo do Piau\u00ed na agenda clim\u00e1tica.  A participa\u00e7\u00e3o conjunta das secretarias \u00e9 considerada essencial para estruturar e implementar as a\u00e7\u00f5es previstas no cronograma do REDD+ Jurisdicional, consolidando o Piau\u00ed no cen\u00e1rio nacional e internacional como refer\u00eancia em pol\u00edticas ambientais e clim\u00e1ticas inovadoras. Al\u00e9m de refor\u00e7ar o compromisso do Governo do Estado com o desenvolvimento sustent\u00e1vel, a valoriza\u00e7\u00e3o dos servi\u00e7os ambientais e a constru\u00e7\u00e3o de solu\u00e7\u00f5es integradas frente aos desafios das mudan\u00e7as clim\u00e1ticas.<\/p>\n\n\n\n<p><\/p>\n\n\n\n<figure class=\"wp-block-gallery has-nested-images columns-default is-cropped wp-block-gallery-1 is-layout-flex\">\n<figure class=\"wp-block-image size-large\"><img decoding=\"async\" loading=\"lazy\" width=\"1024\" height=\"768\" data-id=\"5588\"  src=\"https:\/\/portal.pi.gov.br\/seres\/wp-content\/uploads\/sites\/87\/2026\/02\/6ca7c57e-0ddd-440c-83e8-d9c1c8b47e94-1024x768.jpg\" alt=\"\" class=\"wp-image-5588\" srcset=\"https:\/\/portal.pi.gov.br\/seres\/wp-content\/uploads\/sites\/87\/2026\/02\/6ca7c57e-0ddd-440c-83e8-d9c1c8b47e94-1024x768.jpg 1024w, https:\/\/portal.pi.gov.br\/seres\/wp-content\/uploads\/sites\/87\/2026\/02\/6ca7c57e-0ddd-440c-83e8-d9c1c8b47e94-300x225.jpg 300w, https:\/\/portal.pi.gov.br\/seres\/wp-content\/uploads\/sites\/87\/2026\/02\/6ca7c57e-0ddd-440c-83e8-d9c1c8b47e94-768x576.jpg 768w, https:\/\/portal.pi.gov.br\/seres\/wp-content\/uploads\/sites\/87\/2026\/02\/6ca7c57e-0ddd-440c-83e8-d9c1c8b47e94-420x315.jpg 420w, https:\/\/portal.pi.gov.br\/seres\/wp-content\/uploads\/sites\/87\/2026\/02\/6ca7c57e-0ddd-440c-83e8-d9c1c8b47e94-540x405.jpg 540w, https:\/\/portal.pi.gov.br\/seres\/wp-content\/uploads\/sites\/87\/2026\/02\/6ca7c57e-0ddd-440c-83e8-d9c1c8b47e94-780x585.jpg 780w, https:\/\/portal.pi.gov.br\/seres\/wp-content\/uploads\/sites\/87\/2026\/02\/6ca7c57e-0ddd-440c-83e8-d9c1c8b47e94-947x710.jpg 947w, https:\/\/portal.pi.gov.br\/seres\/wp-content\/uploads\/sites\/87\/2026\/02\/6ca7c57e-0ddd-440c-83e8-d9c1c8b47e94-624x468.jpg 624w, https:\/\/portal.pi.gov.br\/seres\/wp-content\/uploads\/sites\/87\/2026\/02\/6ca7c57e-0ddd-440c-83e8-d9c1c8b47e94.jpg 1280w\" sizes=\"(max-width: 1024px) 100vw, 1024px\" \/><\/figure>\n\n\n\n<figure class=\"wp-block-image size-large\"><img decoding=\"async\" loading=\"lazy\" width=\"1024\" height=\"768\" data-id=\"5587\"  src=\"https:\/\/portal.pi.gov.br\/seres\/wp-content\/uploads\/sites\/87\/2026\/02\/5cb5259d-a929-4e05-99a9-84fb1f871421-1024x768.jpg\" alt=\"\" class=\"wp-image-5587\" srcset=\"https:\/\/portal.pi.gov.br\/seres\/wp-content\/uploads\/sites\/87\/2026\/02\/5cb5259d-a929-4e05-99a9-84fb1f871421-1024x768.jpg 1024w, https:\/\/portal.pi.gov.br\/seres\/wp-content\/uploads\/sites\/87\/2026\/02\/5cb5259d-a929-4e05-99a9-84fb1f871421-300x225.jpg 300w, https:\/\/portal.pi.gov.br\/seres\/wp-content\/uploads\/sites\/87\/2026\/02\/5cb5259d-a929-4e05-99a9-84fb1f871421-768x576.jpg 768w, https:\/\/portal.pi.gov.br\/seres\/wp-content\/uploads\/sites\/87\/2026\/02\/5cb5259d-a929-4e05-99a9-84fb1f871421-420x315.jpg 420w, https:\/\/portal.pi.gov.br\/seres\/wp-content\/uploads\/sites\/87\/2026\/02\/5cb5259d-a929-4e05-99a9-84fb1f871421-540x405.jpg 540w, https:\/\/portal.pi.gov.br\/seres\/wp-content\/uploads\/sites\/87\/2026\/02\/5cb5259d-a929-4e05-99a9-84fb1f871421-780x585.jpg 780w, https:\/\/portal.pi.gov.br\/seres\/wp-content\/uploads\/sites\/87\/2026\/02\/5cb5259d-a929-4e05-99a9-84fb1f871421-947x710.jpg 947w, https:\/\/portal.pi.gov.br\/seres\/wp-content\/uploads\/sites\/87\/2026\/02\/5cb5259d-a929-4e05-99a9-84fb1f871421-624x468.jpg 624w, https:\/\/portal.pi.gov.br\/seres\/wp-content\/uploads\/sites\/87\/2026\/02\/5cb5259d-a929-4e05-99a9-84fb1f871421.jpg 1280w\" sizes=\"(max-width: 1024px) 100vw, 1024px\" \/><\/figure>\n\n\n\n<figure class=\"wp-block-image size-large\"><img decoding=\"async\" loading=\"lazy\" width=\"1024\" height=\"768\" data-id=\"5590\"  src=\"https:\/\/portal.pi.gov.br\/seres\/wp-content\/uploads\/sites\/87\/2026\/02\/49a28fb7-a17c-40d4-b55d-e6b79a147188-1024x768.jpg\" alt=\"\" class=\"wp-image-5590\" srcset=\"https:\/\/portal.pi.gov.br\/seres\/wp-content\/uploads\/sites\/87\/2026\/02\/49a28fb7-a17c-40d4-b55d-e6b79a147188-1024x768.jpg 1024w, https:\/\/portal.pi.gov.br\/seres\/wp-content\/uploads\/sites\/87\/2026\/02\/49a28fb7-a17c-40d4-b55d-e6b79a147188-300x225.jpg 300w, https:\/\/portal.pi.gov.br\/seres\/wp-content\/uploads\/sites\/87\/2026\/02\/49a28fb7-a17c-40d4-b55d-e6b79a147188-768x576.jpg 768w, https:\/\/portal.pi.gov.br\/seres\/wp-content\/uploads\/sites\/87\/2026\/02\/49a28fb7-a17c-40d4-b55d-e6b79a147188-420x315.jpg 420w, https:\/\/portal.pi.gov.br\/seres\/wp-content\/uploads\/sites\/87\/2026\/02\/49a28fb7-a17c-40d4-b55d-e6b79a147188-540x405.jpg 540w, https:\/\/portal.pi.gov.br\/seres\/wp-content\/uploads\/sites\/87\/2026\/02\/49a28fb7-a17c-40d4-b55d-e6b79a147188-780x585.jpg 780w, https:\/\/portal.pi.gov.br\/seres\/wp-content\/uploads\/sites\/87\/2026\/02\/49a28fb7-a17c-40d4-b55d-e6b79a147188-947x710.jpg 947w, https:\/\/portal.pi.gov.br\/seres\/wp-content\/uploads\/sites\/87\/2026\/02\/49a28fb7-a17c-40d4-b55d-e6b79a147188-624x468.jpg 624w, https:\/\/portal.pi.gov.br\/seres\/wp-content\/uploads\/sites\/87\/2026\/02\/49a28fb7-a17c-40d4-b55d-e6b79a147188.jpg 1280w\" sizes=\"(max-width: 1024px) 100vw, 1024px\" \/><\/figure>\n\n\n\n<figure class=\"wp-block-image size-large\"><img decoding=\"async\" loading=\"lazy\" width=\"1024\" height=\"768\" data-id=\"5591\"  src=\"https:\/\/portal.pi.gov.br\/seres\/wp-content\/uploads\/sites\/87\/2026\/02\/56e22ded-e7c8-49b9-96bd-940f471aa1f5-1024x768.jpg\" alt=\"\" class=\"wp-image-5591\" srcset=\"https:\/\/portal.pi.gov.br\/seres\/wp-content\/uploads\/sites\/87\/2026\/02\/56e22ded-e7c8-49b9-96bd-940f471aa1f5-1024x768.jpg 1024w, https:\/\/portal.pi.gov.br\/seres\/wp-content\/uploads\/sites\/87\/2026\/02\/56e22ded-e7c8-49b9-96bd-940f471aa1f5-300x225.jpg 300w, https:\/\/portal.pi.gov.br\/seres\/wp-content\/uploads\/sites\/87\/2026\/02\/56e22ded-e7c8-49b9-96bd-940f471aa1f5-768x576.jpg 768w, https:\/\/portal.pi.gov.br\/seres\/wp-content\/uploads\/sites\/87\/2026\/02\/56e22ded-e7c8-49b9-96bd-940f471aa1f5-420x315.jpg 420w, https:\/\/portal.pi.gov.br\/seres\/wp-content\/uploads\/sites\/87\/2026\/02\/56e22ded-e7c8-49b9-96bd-940f471aa1f5-540x405.jpg 540w, https:\/\/portal.pi.gov.br\/seres\/wp-content\/uploads\/sites\/87\/2026\/02\/56e22ded-e7c8-49b9-96bd-940f471aa1f5-780x585.jpg 780w, https:\/\/portal.pi.gov.br\/seres\/wp-content\/uploads\/sites\/87\/2026\/02\/56e22ded-e7c8-49b9-96bd-940f471aa1f5-947x710.jpg 947w, https:\/\/portal.pi.gov.br\/seres\/wp-content\/uploads\/sites\/87\/2026\/02\/56e22ded-e7c8-49b9-96bd-940f471aa1f5-624x468.jpg 624w, https:\/\/portal.pi.gov.br\/seres\/wp-content\/uploads\/sites\/87\/2026\/02\/56e22ded-e7c8-49b9-96bd-940f471aa1f5.jpg 1280w\" sizes=\"(max-width: 1024px) 100vw, 1024px\" \/><\/figure>\n\n\n\n<figure class=\"wp-block-image size-large\"><img decoding=\"async\" loading=\"lazy\" width=\"1024\" height=\"768\" data-id=\"5592\"  src=\"https:\/\/portal.pi.gov.br\/seres\/wp-content\/uploads\/sites\/87\/2026\/02\/765e621b-7f47-41ed-824c-a14f1e0b72f4-1024x768.jpg\" alt=\"\" class=\"wp-image-5592\" srcset=\"https:\/\/portal.pi.gov.br\/seres\/wp-content\/uploads\/sites\/87\/2026\/02\/765e621b-7f47-41ed-824c-a14f1e0b72f4-1024x768.jpg 1024w, https:\/\/portal.pi.gov.br\/seres\/wp-content\/uploads\/sites\/87\/2026\/02\/765e621b-7f47-41ed-824c-a14f1e0b72f4-300x225.jpg 300w, https:\/\/portal.pi.gov.br\/seres\/wp-content\/uploads\/sites\/87\/2026\/02\/765e621b-7f47-41ed-824c-a14f1e0b72f4-768x576.jpg 768w, https:\/\/portal.pi.gov.br\/seres\/wp-content\/uploads\/sites\/87\/2026\/02\/765e621b-7f47-41ed-824c-a14f1e0b72f4-420x315.jpg 420w, https:\/\/portal.pi.gov.br\/seres\/wp-content\/uploads\/sites\/87\/2026\/02\/765e621b-7f47-41ed-824c-a14f1e0b72f4-540x405.jpg 540w, https:\/\/portal.pi.gov.br\/seres\/wp-content\/uploads\/sites\/87\/2026\/02\/765e621b-7f47-41ed-824c-a14f1e0b72f4-780x585.jpg 780w, https:\/\/portal.pi.gov.br\/seres\/wp-content\/uploads\/sites\/87\/2026\/02\/765e621b-7f47-41ed-824c-a14f1e0b72f4-947x710.jpg 947w, https:\/\/portal.pi.gov.br\/seres\/wp-content\/uploads\/sites\/87\/2026\/02\/765e621b-7f47-41ed-824c-a14f1e0b72f4-624x468.jpg 624w, https:\/\/portal.pi.gov.br\/seres\/wp-content\/uploads\/sites\/87\/2026\/02\/765e621b-7f47-41ed-824c-a14f1e0b72f4.jpg 1280w\" sizes=\"(max-width: 1024px) 100vw, 1024px\" \/><\/figure>\n\n\n\n<figure class=\"wp-block-image size-large\"><img decoding=\"async\" loading=\"lazy\" width=\"1024\" height=\"768\" data-id=\"5593\"  src=\"https:\/\/portal.pi.gov.br\/seres\/wp-content\/uploads\/sites\/87\/2026\/02\/ea82f377-b5c5-46b9-a4f2-f6485a2ccd97-1024x768.jpg\" alt=\"\" class=\"wp-image-5593\" srcset=\"https:\/\/portal.pi.gov.br\/seres\/wp-content\/uploads\/sites\/87\/2026\/02\/ea82f377-b5c5-46b9-a4f2-f6485a2ccd97-1024x768.jpg 1024w, https:\/\/portal.pi.gov.br\/seres\/wp-content\/uploads\/sites\/87\/2026\/02\/ea82f377-b5c5-46b9-a4f2-f6485a2ccd97-300x225.jpg 300w, https:\/\/portal.pi.gov.br\/seres\/wp-content\/uploads\/sites\/87\/2026\/02\/ea82f377-b5c5-46b9-a4f2-f6485a2ccd97-768x576.jpg 768w, https:\/\/portal.pi.gov.br\/seres\/wp-content\/uploads\/sites\/87\/2026\/02\/ea82f377-b5c5-46b9-a4f2-f6485a2ccd97-420x315.jpg 420w, https:\/\/portal.pi.gov.br\/seres\/wp-content\/uploads\/sites\/87\/2026\/02\/ea82f377-b5c5-46b9-a4f2-f6485a2ccd97-540x405.jpg 540w, https:\/\/portal.pi.gov.br\/seres\/wp-content\/uploads\/sites\/87\/2026\/02\/ea82f377-b5c5-46b9-a4f2-f6485a2ccd97-780x585.jpg 780w, https:\/\/portal.pi.gov.br\/seres\/wp-content\/uploads\/sites\/87\/2026\/02\/ea82f377-b5c5-46b9-a4f2-f6485a2ccd97-947x710.jpg 947w, https:\/\/portal.pi.gov.br\/seres\/wp-content\/uploads\/sites\/87\/2026\/02\/ea82f377-b5c5-46b9-a4f2-f6485a2ccd97-624x468.jpg 624w, https:\/\/portal.pi.gov.br\/seres\/wp-content\/uploads\/sites\/87\/2026\/02\/ea82f377-b5c5-46b9-a4f2-f6485a2ccd97.jpg 1280w\" sizes=\"(max-width: 1024px) 100vw, 1024px\" \/><\/figure>\n<\/figure>\n\n\n\n<p><\/p>\n\n\n\n<p>Fotos: Natalina Alves<\/p>\n","protected":false},"excerpt":{"rendered":"<p>O encontro refor\u00e7ou o compromisso do Governo do Estado com o desenvolvimento sustent\u00e1vel, a valoriza\u00e7\u00e3o dos servi\u00e7os ambientais e a constru\u00e7\u00e3o de solu\u00e7\u00f5es integradas frente aos desafios das mudan\u00e7as clim\u00e1ticas. [&hellip;]<\/p>\n","protected":false},"author":1821,"featured_media":5590,"comment_status":"closed","ping_status":"closed","sticky":true,"template":"","format":"standard","meta":[],"categories":[34],"tags":[],"featured_image_urls":{"full":["https:\/\/portal.pi.gov.br\/seres\/wp-content\/uploads\/sites\/87\/2026\/02\/49a28fb7-a17c-40d4-b55d-e6b79a147188.jpg",1280,960,false],"thumbnail":["https:\/\/portal.pi.gov.br\/seres\/wp-content\/uploads\/sites\/87\/2026\/02\/49a28fb7-a17c-40d4-b55d-e6b79a147188-150x150.jpg",150,150,true],"medium":["https:\/\/portal.pi.gov.br\/seres\/wp-content\/uploads\/sites\/87\/2026\/02\/49a28fb7-a17c-40d4-b55d-e6b79a147188-300x225.jpg",300,225,true],"medium_large":["https:\/\/portal.pi.gov.br\/seres\/wp-content\/uploads\/sites\/87\/2026\/02\/49a28fb7-a17c-40d4-b55d-e6b79a147188-768x576.jpg",768,576,true],"large":["https:\/\/portal.pi.gov.br\/seres\/wp-content\/uploads\/sites\/87\/2026\/02\/49a28fb7-a17c-40d4-b55d-e6b79a147188-1024x768.jpg",887,665,true],"sgg-420":["https:\/\/portal.pi.gov.br\/seres\/wp-content\/uploads\/sites\/87\/2026\/02\/49a28fb7-a17c-40d4-b55d-e6b79a147188-420x315.jpg",420,315,true],"sgg-540":["https:\/\/portal.pi.gov.br\/seres\/wp-content\/uploads\/sites\/87\/2026\/02\/49a28fb7-a17c-40d4-b55d-e6b79a147188-540x405.jpg",540,405,true],"sgg-780":["https:\/\/portal.pi.gov.br\/seres\/wp-content\/uploads\/sites\/87\/2026\/02\/49a28fb7-a17c-40d4-b55d-e6b79a147188-780x585.jpg",780,585,true],"1536x1536":["https:\/\/portal.pi.gov.br\/seres\/wp-content\/uploads\/sites\/87\/2026\/02\/49a28fb7-a17c-40d4-b55d-e6b79a147188.jpg",1280,960,false],"2048x2048":["https:\/\/portal.pi.gov.br\/seres\/wp-content\/uploads\/sites\/87\/2026\/02\/49a28fb7-a17c-40d4-b55d-e6b79a147188.jpg",1280,960,false],"homepage-slider":["https:\/\/portal.pi.gov.br\/seres\/wp-content\/uploads\/sites\/87\/2026\/02\/49a28fb7-a17c-40d4-b55d-e6b79a147188-1270x500.jpg",1270,500,true],"homepage-slider-small":["https:\/\/portal.pi.gov.br\/seres\/wp-content\/uploads\/sites\/87\/2026\/02\/49a28fb7-a17c-40d4-b55d-e6b79a147188-947x500.jpg",947,500,true],"page-top":["https:\/\/portal.pi.gov.br\/seres\/wp-content\/uploads\/sites\/87\/2026\/02\/49a28fb7-a17c-40d4-b55d-e6b79a147188-947x710.jpg",947,710,true],"page-small":["https:\/\/portal.pi.gov.br\/seres\/wp-content\/uploads\/sites\/87\/2026\/02\/49a28fb7-a17c-40d4-b55d-e6b79a147188-624x468.jpg",624,468,true],"loop-main":["https:\/\/portal.pi.gov.br\/seres\/wp-content\/uploads\/sites\/87\/2026\/02\/49a28fb7-a17c-40d4-b55d-e6b79a147188-365x240.jpg",365,240,true],"thumb-gallery-widget":["https:\/\/portal.pi.gov.br\/seres\/wp-content\/uploads\/sites\/87\/2026\/02\/49a28fb7-a17c-40d4-b55d-e6b79a147188-84x56.jpg",84,56,true]},"post_excerpt_stackable":"<p>O encontro refor\u00e7ou o compromisso do Governo do Estado com o desenvolvimento sustent\u00e1vel, a valoriza\u00e7\u00e3o dos servi\u00e7os ambientais e a constru\u00e7\u00e3o de solu\u00e7\u00f5es integradas frente aos desafios das mudan\u00e7as clim\u00e1ticas. Nesta ter\u00e7a (3) a secret\u00e1ria de Rela\u00e7\u00f5es Sociais, N\u00fabia Lopes, a convite da Secretaria de Meio Ambiente e Recursos H\u00eddricos (Semarh) participou, nesta ter\u00e7a-feira (3), no Centro de Educa\u00e7\u00e3o Ambiental (CEA), em Teresina, do encontro estrat\u00e9gico que reuniu gestoras de todas as secretarias estaduais para discutir as a\u00e7\u00f5es preparat\u00f3rias e o processo de consolida\u00e7\u00e3o do REDD+ Jurisdicional no estado. A iniciativa integra a pol\u00edtica clim\u00e1tica e ambiental do Piau\u00ed e&hellip;<\/p>\n","category_list":"<a href=\"https:\/\/portal.pi.gov.br\/seres\/category\/noticias\/\" rel=\"category tag\">Not\u00edcias<\/a>","author_info":{"name":"alineraquel","url":"https:\/\/portal.pi.gov.br\/seres\/author\/alineraquel\/"},"comments_num":"0 coment\u00e1rio","featured_image_urls_v2":{"full":["https:\/\/portal.pi.gov.br\/seres\/wp-content\/uploads\/sites\/87\/2026\/02\/49a28fb7-a17c-40d4-b55d-e6b79a147188.jpg",1280,960,false],"thumbnail":["https:\/\/portal.pi.gov.br\/seres\/wp-content\/uploads\/sites\/87\/2026\/02\/49a28fb7-a17c-40d4-b55d-e6b79a147188-150x150.jpg",150,150,true],"medium":["https:\/\/portal.pi.gov.br\/seres\/wp-content\/uploads\/sites\/87\/2026\/02\/49a28fb7-a17c-40d4-b55d-e6b79a147188-300x225.jpg",300,225,true],"medium_large":["https:\/\/portal.pi.gov.br\/seres\/wp-content\/uploads\/sites\/87\/2026\/02\/49a28fb7-a17c-40d4-b55d-e6b79a147188-768x576.jpg",768,576,true],"large":["https:\/\/portal.pi.gov.br\/seres\/wp-content\/uploads\/sites\/87\/2026\/02\/49a28fb7-a17c-40d4-b55d-e6b79a147188-1024x768.jpg",887,665,true],"sgg-420":["https:\/\/portal.pi.gov.br\/seres\/wp-content\/uploads\/sites\/87\/2026\/02\/49a28fb7-a17c-40d4-b55d-e6b79a147188-420x315.jpg",420,315,true],"sgg-540":["https:\/\/portal.pi.gov.br\/seres\/wp-content\/uploads\/sites\/87\/2026\/02\/49a28fb7-a17c-40d4-b55d-e6b79a147188-540x405.jpg",540,405,true],"sgg-780":["https:\/\/portal.pi.gov.br\/seres\/wp-content\/uploads\/sites\/87\/2026\/02\/49a28fb7-a17c-40d4-b55d-e6b79a147188-780x585.jpg",780,585,true],"1536x1536":["https:\/\/portal.pi.gov.br\/seres\/wp-content\/uploads\/sites\/87\/2026\/02\/49a28fb7-a17c-40d4-b55d-e6b79a147188.jpg",1280,960,false],"2048x2048":["https:\/\/portal.pi.gov.br\/seres\/wp-content\/uploads\/sites\/87\/2026\/02\/49a28fb7-a17c-40d4-b55d-e6b79a147188.jpg",1280,960,false],"homepage-slider":["https:\/\/portal.pi.gov.br\/seres\/wp-content\/uploads\/sites\/87\/2026\/02\/49a28fb7-a17c-40d4-b55d-e6b79a147188-1270x500.jpg",1270,500,true],"homepage-slider-small":["https:\/\/portal.pi.gov.br\/seres\/wp-content\/uploads\/sites\/87\/2026\/02\/49a28fb7-a17c-40d4-b55d-e6b79a147188-947x500.jpg",947,500,true],"page-top":["https:\/\/portal.pi.gov.br\/seres\/wp-content\/uploads\/sites\/87\/2026\/02\/49a28fb7-a17c-40d4-b55d-e6b79a147188-947x710.jpg",947,710,true],"page-small":["https:\/\/portal.pi.gov.br\/seres\/wp-content\/uploads\/sites\/87\/2026\/02\/49a28fb7-a17c-40d4-b55d-e6b79a147188-624x468.jpg",624,468,true],"loop-main":["https:\/\/portal.pi.gov.br\/seres\/wp-content\/uploads\/sites\/87\/2026\/02\/49a28fb7-a17c-40d4-b55d-e6b79a147188-365x240.jpg",365,240,true],"thumb-gallery-widget":["https:\/\/portal.pi.gov.br\/seres\/wp-content\/uploads\/sites\/87\/2026\/02\/49a28fb7-a17c-40d4-b55d-e6b79a147188-84x56.jpg",84,56,true]},"post_excerpt_stackable_v2":"<p>O encontro refor\u00e7ou o compromisso do Governo do Estado com o desenvolvimento sustent\u00e1vel, a valoriza\u00e7\u00e3o dos servi\u00e7os ambientais e a constru\u00e7\u00e3o de solu\u00e7\u00f5es integradas frente aos desafios das mudan\u00e7as clim\u00e1ticas. Nesta ter\u00e7a (3) a secret\u00e1ria de Rela\u00e7\u00f5es Sociais, N\u00fabia Lopes, a convite da Secretaria de Meio Ambiente e Recursos H\u00eddricos (Semarh) participou, nesta ter\u00e7a-feira (3), no Centro de Educa\u00e7\u00e3o Ambiental (CEA), em Teresina, do encontro estrat\u00e9gico que reuniu gestoras de todas as secretarias estaduais para discutir as a\u00e7\u00f5es preparat\u00f3rias e o processo de consolida\u00e7\u00e3o do REDD+ Jurisdicional no estado. A iniciativa integra a pol\u00edtica clim\u00e1tica e ambiental do Piau\u00ed e&hellip;<\/p>\n","category_list_v2":"<a href=\"https:\/\/portal.pi.gov.br\/seres\/category\/noticias\/\" rel=\"category tag\">Not\u00edcias<\/a>","author_info_v2":{"name":"alineraquel","url":"https:\/\/portal.pi.gov.br\/seres\/author\/alineraquel\/"},"comments_num_v2":"0 coment\u00e1rio","jetpack_featured_media_url":"https:\/\/portal.pi.gov.br\/seres\/wp-content\/uploads\/sites\/87\/2026\/02\/49a28fb7-a17c-40d4-b55d-e6b79a147188.jpg","_links":{"self":[{"href":"https:\/\/portal.pi.gov.br\/seres\/wp-json\/wp\/v2\/posts\/5594"}],"collection":[{"href":"https:\/\/portal.pi.gov.br\/seres\/wp-json\/wp\/v2\/posts"}],"about":[{"href":"https:\/\/portal.pi.gov.br\/seres\/wp-json\/wp\/v2\/types\/post"}],"author":[{"embeddable":true,"href":"https:\/\/portal.pi.gov.br\/seres\/wp-json\/wp\/v2\/users\/1821"}],"replies":[{"embeddable":true,"href":"https:\/\/portal.pi.gov.br\/seres\/wp-json\/wp\/v2\/comments?post=5594"}],"version-history":[{"count":1,"href":"https:\/\/portal.pi.gov.br\/seres\/wp-json\/wp\/v2\/posts\/5594\/revisions"}],"predecessor-version":[{"id":5595,"href":"https:\/\/portal.pi.gov.br\/seres\/wp-json\/wp\/v2\/posts\/5594\/revisions\/5595"}],"wp:featuredmedia":[{"embeddable":true,"href":"https:\/\/portal.pi.gov.br\/seres\/wp-json\/wp\/v2\/media\/5590"}],"wp:attachment":[{"href":"https:\/\/portal.pi.gov.br\/seres\/wp-json\/wp\/v2\/media?parent=5594"}],"wp:term":[{"taxonomy":"category","embeddable":true,"href":"https:\/\/portal.pi.gov.br\/seres\/wp-json\/wp\/v2\/categories?post=5594"},{"taxonomy":"post_tag","embeddable":true,"href":"https:\/\/portal.pi.gov.br\/seres\/wp-json\/wp\/v2\/tags?post=5594"}],"curies":[{"name":"wp","href":"https:\/\/api.w.org\/{rel}","templated":true}]}}