{"id":5629,"date":"2026-02-09T20:00:00","date_gmt":"2026-02-09T23:00:00","guid":{"rendered":"https:\/\/portal.pi.gov.br\/seres\/?p=5629"},"modified":"2026-02-10T14:59:35","modified_gmt":"2026-02-10T17:59:35","slug":"seres-marca-presenca-no-encontro-anual-com-a-equipe-de-governo-2026","status":"publish","type":"post","link":"https:\/\/portal.pi.gov.br\/seres\/2026\/02\/09\/seres-marca-presenca-no-encontro-anual-com-a-equipe-de-governo-2026\/","title":{"rendered":"Seres marca presen\u00e7a no encontro anual com a equipe de governo 2026"},"content":{"rendered":"\n<p>A reuni\u00e3o teve como objetivo fortalecer a integra\u00e7\u00e3o entre as secretarias e garantir a unidade no discurso institucional.<\/p>\n\n\n\n<p><\/p>\n\n\n\n<figure class=\"wp-block-gallery has-nested-images columns-default is-cropped wp-block-gallery-1 is-layout-flex\">\n<figure class=\"wp-block-image size-large\"><img decoding=\"async\" loading=\"lazy\" width=\"1024\" height=\"683\" data-id=\"5617\"  src=\"https:\/\/portal.pi.gov.br\/seres\/wp-content\/uploads\/sites\/87\/2026\/02\/WhatsApp-Image-2026-02-10-at-14.39.21-1024x683.jpeg\" alt=\"\" class=\"wp-image-5617\" srcset=\"https:\/\/portal.pi.gov.br\/seres\/wp-content\/uploads\/sites\/87\/2026\/02\/WhatsApp-Image-2026-02-10-at-14.39.21-1024x683.jpeg 1024w, https:\/\/portal.pi.gov.br\/seres\/wp-content\/uploads\/sites\/87\/2026\/02\/WhatsApp-Image-2026-02-10-at-14.39.21-300x200.jpeg 300w, https:\/\/portal.pi.gov.br\/seres\/wp-content\/uploads\/sites\/87\/2026\/02\/WhatsApp-Image-2026-02-10-at-14.39.21-768x512.jpeg 768w, https:\/\/portal.pi.gov.br\/seres\/wp-content\/uploads\/sites\/87\/2026\/02\/WhatsApp-Image-2026-02-10-at-14.39.21-420x280.jpeg 420w, https:\/\/portal.pi.gov.br\/seres\/wp-content\/uploads\/sites\/87\/2026\/02\/WhatsApp-Image-2026-02-10-at-14.39.21-540x360.jpeg 540w, https:\/\/portal.pi.gov.br\/seres\/wp-content\/uploads\/sites\/87\/2026\/02\/WhatsApp-Image-2026-02-10-at-14.39.21-780x520.jpeg 780w, https:\/\/portal.pi.gov.br\/seres\/wp-content\/uploads\/sites\/87\/2026\/02\/WhatsApp-Image-2026-02-10-at-14.39.21-947x632.jpeg 947w, https:\/\/portal.pi.gov.br\/seres\/wp-content\/uploads\/sites\/87\/2026\/02\/WhatsApp-Image-2026-02-10-at-14.39.21-624x416.jpeg 624w, https:\/\/portal.pi.gov.br\/seres\/wp-content\/uploads\/sites\/87\/2026\/02\/WhatsApp-Image-2026-02-10-at-14.39.21-84x56.jpeg 84w, https:\/\/portal.pi.gov.br\/seres\/wp-content\/uploads\/sites\/87\/2026\/02\/WhatsApp-Image-2026-02-10-at-14.39.21.jpeg 1280w\" sizes=\"(max-width: 1024px) 100vw, 1024px\" \/><\/figure>\n\n\n\n<figure class=\"wp-block-image size-large\"><img decoding=\"async\" loading=\"lazy\" width=\"1024\" height=\"683\" data-id=\"5620\"  src=\"https:\/\/portal.pi.gov.br\/seres\/wp-content\/uploads\/sites\/87\/2026\/02\/WhatsApp-Image-2026-02-10-at-14.39.22-3-1024x683.jpeg\" alt=\"\" class=\"wp-image-5620\" srcset=\"https:\/\/portal.pi.gov.br\/seres\/wp-content\/uploads\/sites\/87\/2026\/02\/WhatsApp-Image-2026-02-10-at-14.39.22-3-1024x683.jpeg 1024w, https:\/\/portal.pi.gov.br\/seres\/wp-content\/uploads\/sites\/87\/2026\/02\/WhatsApp-Image-2026-02-10-at-14.39.22-3-300x200.jpeg 300w, https:\/\/portal.pi.gov.br\/seres\/wp-content\/uploads\/sites\/87\/2026\/02\/WhatsApp-Image-2026-02-10-at-14.39.22-3-768x512.jpeg 768w, https:\/\/portal.pi.gov.br\/seres\/wp-content\/uploads\/sites\/87\/2026\/02\/WhatsApp-Image-2026-02-10-at-14.39.22-3-420x280.jpeg 420w, https:\/\/portal.pi.gov.br\/seres\/wp-content\/uploads\/sites\/87\/2026\/02\/WhatsApp-Image-2026-02-10-at-14.39.22-3-540x360.jpeg 540w, https:\/\/portal.pi.gov.br\/seres\/wp-content\/uploads\/sites\/87\/2026\/02\/WhatsApp-Image-2026-02-10-at-14.39.22-3-780x520.jpeg 780w, https:\/\/portal.pi.gov.br\/seres\/wp-content\/uploads\/sites\/87\/2026\/02\/WhatsApp-Image-2026-02-10-at-14.39.22-3-947x632.jpeg 947w, https:\/\/portal.pi.gov.br\/seres\/wp-content\/uploads\/sites\/87\/2026\/02\/WhatsApp-Image-2026-02-10-at-14.39.22-3-624x416.jpeg 624w, https:\/\/portal.pi.gov.br\/seres\/wp-content\/uploads\/sites\/87\/2026\/02\/WhatsApp-Image-2026-02-10-at-14.39.22-3-84x56.jpeg 84w, https:\/\/portal.pi.gov.br\/seres\/wp-content\/uploads\/sites\/87\/2026\/02\/WhatsApp-Image-2026-02-10-at-14.39.22-3.jpeg 1280w\" sizes=\"(max-width: 1024px) 100vw, 1024px\" \/><\/figure>\n<\/figure>\n\n\n\n<p><\/p>\n\n\n\n<p>A secret\u00e1ria de Rela\u00e7\u00f5es Socais, N\u00fabia Lopes, esteve presente na reuni\u00e3o anual conduzida pelo governador Rafael Fonteles nesta segunda-feira (9), com a equipe de governo, que reuniu secret\u00e1rios e gestores de todas as pastas. O encontro ocorreu no audit\u00f3rio da Secretaria da Cultura, no Centro de Teresina, e teve como foco principal a orienta\u00e7\u00e3o para o \u00faltimo ano da gest\u00e3o, marcado por avalia\u00e7\u00e3o de resultados, presta\u00e7\u00e3o de contas \u00e0 sociedade, aten\u00e7\u00e3o \u00e0s regras do per\u00edodo eleitoral e metas para 2026.<\/p>\n\n\n\n<p>O chefe do executivo enfatizou a import\u00e2ncia da transpar\u00eancia e da responsabilidade institucional. \u201c\u00c9 um momento de comunicar a presta\u00e7\u00e3o de contas do que foi feito, avaliar o trabalho dos tr\u00eas anos de mandato e orientar todos sobre as exig\u00eancias legais do per\u00edodo eleitoral\u201d, afirmou, refor\u00e7ando que cada secretaria deve apresentar de forma clara suas a\u00e7\u00f5es, entregas, resultados e metas.<\/p>\n\n\n\n<p>Em apresenta\u00e7\u00e3o, foram pontuadas as metas principais a serem alcan\u00e7adas em 2026, dentre elas a garantia da m\u00e9dia de 75% de pavimenta\u00e7\u00e3o nas zonas urbanas dos atuais dos 224 munic\u00edpios do Piau\u00ed; a realiza\u00e7\u00e3o do Zoneamento Ecol\u00f3gico-Econ\u00f4mico (ZEE) do Cerrado do Piaui; a revitaliza\u00e7\u00e3o do Parque Potycabana; a estrutura\u00e7\u00e3o do Centro de Refer\u00eancia para Jovens; o aumento do efetivo da Seguran\u00e7a P\u00fablica, que deve chegar aos 4 mil at\u00e9 o fim do ano; e a cria\u00e7\u00e3o de 80 mil novas oportunidades de trabalho nos quatro anos de gest\u00e3o.<\/p>\n\n\n\n<p>O encontro abordou tamb\u00e9m aspectos jur\u00eddicos relacionados \u00e0s veda\u00e7\u00f5es eleitorais e \u00e0 eventual desincompatibiliza\u00e7\u00e3o de gestores que pretendam disputar as elei\u00e7\u00f5es, tema tratado de forma individual.<\/p>\n\n\n\n<figure class=\"wp-block-gallery has-nested-images columns-default is-cropped wp-block-gallery-3 is-layout-flex\">\n<figure class=\"wp-block-image size-large\"><img decoding=\"async\" loading=\"lazy\" width=\"1024\" height=\"683\" data-id=\"5626\"  src=\"https:\/\/portal.pi.gov.br\/seres\/wp-content\/uploads\/sites\/87\/2026\/02\/WhatsApp-Image-2026-02-10-at-14.39.23-1-1024x683.jpeg\" alt=\"\" class=\"wp-image-5626\" srcset=\"https:\/\/portal.pi.gov.br\/seres\/wp-content\/uploads\/sites\/87\/2026\/02\/WhatsApp-Image-2026-02-10-at-14.39.23-1-1024x683.jpeg 1024w, https:\/\/portal.pi.gov.br\/seres\/wp-content\/uploads\/sites\/87\/2026\/02\/WhatsApp-Image-2026-02-10-at-14.39.23-1-300x200.jpeg 300w, https:\/\/portal.pi.gov.br\/seres\/wp-content\/uploads\/sites\/87\/2026\/02\/WhatsApp-Image-2026-02-10-at-14.39.23-1-768x512.jpeg 768w, https:\/\/portal.pi.gov.br\/seres\/wp-content\/uploads\/sites\/87\/2026\/02\/WhatsApp-Image-2026-02-10-at-14.39.23-1-420x280.jpeg 420w, https:\/\/portal.pi.gov.br\/seres\/wp-content\/uploads\/sites\/87\/2026\/02\/WhatsApp-Image-2026-02-10-at-14.39.23-1-540x360.jpeg 540w, https:\/\/portal.pi.gov.br\/seres\/wp-content\/uploads\/sites\/87\/2026\/02\/WhatsApp-Image-2026-02-10-at-14.39.23-1-780x520.jpeg 780w, https:\/\/portal.pi.gov.br\/seres\/wp-content\/uploads\/sites\/87\/2026\/02\/WhatsApp-Image-2026-02-10-at-14.39.23-1-947x632.jpeg 947w, https:\/\/portal.pi.gov.br\/seres\/wp-content\/uploads\/sites\/87\/2026\/02\/WhatsApp-Image-2026-02-10-at-14.39.23-1-624x416.jpeg 624w, https:\/\/portal.pi.gov.br\/seres\/wp-content\/uploads\/sites\/87\/2026\/02\/WhatsApp-Image-2026-02-10-at-14.39.23-1-84x56.jpeg 84w, https:\/\/portal.pi.gov.br\/seres\/wp-content\/uploads\/sites\/87\/2026\/02\/WhatsApp-Image-2026-02-10-at-14.39.23-1.jpeg 1280w\" sizes=\"(max-width: 1024px) 100vw, 1024px\" \/><\/figure>\n\n\n\n<figure class=\"wp-block-image size-large\"><img decoding=\"async\" loading=\"lazy\" width=\"1024\" height=\"683\" data-id=\"5627\"  src=\"https:\/\/portal.pi.gov.br\/seres\/wp-content\/uploads\/sites\/87\/2026\/02\/WhatsApp-Image-2026-02-10-at-14.39.23-1024x683.jpeg\" alt=\"\" class=\"wp-image-5627\" srcset=\"https:\/\/portal.pi.gov.br\/seres\/wp-content\/uploads\/sites\/87\/2026\/02\/WhatsApp-Image-2026-02-10-at-14.39.23-1024x683.jpeg 1024w, https:\/\/portal.pi.gov.br\/seres\/wp-content\/uploads\/sites\/87\/2026\/02\/WhatsApp-Image-2026-02-10-at-14.39.23-300x200.jpeg 300w, https:\/\/portal.pi.gov.br\/seres\/wp-content\/uploads\/sites\/87\/2026\/02\/WhatsApp-Image-2026-02-10-at-14.39.23-768x512.jpeg 768w, https:\/\/portal.pi.gov.br\/seres\/wp-content\/uploads\/sites\/87\/2026\/02\/WhatsApp-Image-2026-02-10-at-14.39.23-420x280.jpeg 420w, https:\/\/portal.pi.gov.br\/seres\/wp-content\/uploads\/sites\/87\/2026\/02\/WhatsApp-Image-2026-02-10-at-14.39.23-540x360.jpeg 540w, https:\/\/portal.pi.gov.br\/seres\/wp-content\/uploads\/sites\/87\/2026\/02\/WhatsApp-Image-2026-02-10-at-14.39.23-780x520.jpeg 780w, https:\/\/portal.pi.gov.br\/seres\/wp-content\/uploads\/sites\/87\/2026\/02\/WhatsApp-Image-2026-02-10-at-14.39.23-947x632.jpeg 947w, https:\/\/portal.pi.gov.br\/seres\/wp-content\/uploads\/sites\/87\/2026\/02\/WhatsApp-Image-2026-02-10-at-14.39.23-624x416.jpeg 624w, https:\/\/portal.pi.gov.br\/seres\/wp-content\/uploads\/sites\/87\/2026\/02\/WhatsApp-Image-2026-02-10-at-14.39.23-84x56.jpeg 84w, https:\/\/portal.pi.gov.br\/seres\/wp-content\/uploads\/sites\/87\/2026\/02\/WhatsApp-Image-2026-02-10-at-14.39.23.jpeg 1280w\" sizes=\"(max-width: 1024px) 100vw, 1024px\" \/><\/figure>\n\n\n\n<figure class=\"wp-block-image size-large\"><img decoding=\"async\" loading=\"lazy\" width=\"1024\" height=\"683\" data-id=\"5625\"  src=\"https:\/\/portal.pi.gov.br\/seres\/wp-content\/uploads\/sites\/87\/2026\/02\/WhatsApp-Image-2026-02-10-at-14.39.22-1024x683.jpeg\" alt=\"\" class=\"wp-image-5625\" srcset=\"https:\/\/portal.pi.gov.br\/seres\/wp-content\/uploads\/sites\/87\/2026\/02\/WhatsApp-Image-2026-02-10-at-14.39.22-1024x683.jpeg 1024w, https:\/\/portal.pi.gov.br\/seres\/wp-content\/uploads\/sites\/87\/2026\/02\/WhatsApp-Image-2026-02-10-at-14.39.22-300x200.jpeg 300w, https:\/\/portal.pi.gov.br\/seres\/wp-content\/uploads\/sites\/87\/2026\/02\/WhatsApp-Image-2026-02-10-at-14.39.22-768x512.jpeg 768w, https:\/\/portal.pi.gov.br\/seres\/wp-content\/uploads\/sites\/87\/2026\/02\/WhatsApp-Image-2026-02-10-at-14.39.22-420x280.jpeg 420w, https:\/\/portal.pi.gov.br\/seres\/wp-content\/uploads\/sites\/87\/2026\/02\/WhatsApp-Image-2026-02-10-at-14.39.22-540x360.jpeg 540w, https:\/\/portal.pi.gov.br\/seres\/wp-content\/uploads\/sites\/87\/2026\/02\/WhatsApp-Image-2026-02-10-at-14.39.22-780x520.jpeg 780w, https:\/\/portal.pi.gov.br\/seres\/wp-content\/uploads\/sites\/87\/2026\/02\/WhatsApp-Image-2026-02-10-at-14.39.22-947x632.jpeg 947w, https:\/\/portal.pi.gov.br\/seres\/wp-content\/uploads\/sites\/87\/2026\/02\/WhatsApp-Image-2026-02-10-at-14.39.22-624x416.jpeg 624w, https:\/\/portal.pi.gov.br\/seres\/wp-content\/uploads\/sites\/87\/2026\/02\/WhatsApp-Image-2026-02-10-at-14.39.22-84x56.jpeg 84w, https:\/\/portal.pi.gov.br\/seres\/wp-content\/uploads\/sites\/87\/2026\/02\/WhatsApp-Image-2026-02-10-at-14.39.22.jpeg 1280w\" sizes=\"(max-width: 1024px) 100vw, 1024px\" \/><\/figure>\n\n\n\n<figure class=\"wp-block-image size-large\"><img decoding=\"async\" loading=\"lazy\" width=\"1024\" height=\"683\" data-id=\"5624\"  src=\"https:\/\/portal.pi.gov.br\/seres\/wp-content\/uploads\/sites\/87\/2026\/02\/WhatsApp-Image-2026-02-10-at-14.39.22-7-1024x683.jpeg\" alt=\"\" class=\"wp-image-5624\" srcset=\"https:\/\/portal.pi.gov.br\/seres\/wp-content\/uploads\/sites\/87\/2026\/02\/WhatsApp-Image-2026-02-10-at-14.39.22-7-1024x683.jpeg 1024w, https:\/\/portal.pi.gov.br\/seres\/wp-content\/uploads\/sites\/87\/2026\/02\/WhatsApp-Image-2026-02-10-at-14.39.22-7-300x200.jpeg 300w, https:\/\/portal.pi.gov.br\/seres\/wp-content\/uploads\/sites\/87\/2026\/02\/WhatsApp-Image-2026-02-10-at-14.39.22-7-768x512.jpeg 768w, https:\/\/portal.pi.gov.br\/seres\/wp-content\/uploads\/sites\/87\/2026\/02\/WhatsApp-Image-2026-02-10-at-14.39.22-7-420x280.jpeg 420w, https:\/\/portal.pi.gov.br\/seres\/wp-content\/uploads\/sites\/87\/2026\/02\/WhatsApp-Image-2026-02-10-at-14.39.22-7-540x360.jpeg 540w, https:\/\/portal.pi.gov.br\/seres\/wp-content\/uploads\/sites\/87\/2026\/02\/WhatsApp-Image-2026-02-10-at-14.39.22-7-780x520.jpeg 780w, https:\/\/portal.pi.gov.br\/seres\/wp-content\/uploads\/sites\/87\/2026\/02\/WhatsApp-Image-2026-02-10-at-14.39.22-7-947x632.jpeg 947w, https:\/\/portal.pi.gov.br\/seres\/wp-content\/uploads\/sites\/87\/2026\/02\/WhatsApp-Image-2026-02-10-at-14.39.22-7-624x416.jpeg 624w, https:\/\/portal.pi.gov.br\/seres\/wp-content\/uploads\/sites\/87\/2026\/02\/WhatsApp-Image-2026-02-10-at-14.39.22-7-84x56.jpeg 84w, https:\/\/portal.pi.gov.br\/seres\/wp-content\/uploads\/sites\/87\/2026\/02\/WhatsApp-Image-2026-02-10-at-14.39.22-7.jpeg 1280w\" sizes=\"(max-width: 1024px) 100vw, 1024px\" \/><\/figure>\n\n\n\n<figure class=\"wp-block-image size-large\"><img decoding=\"async\" loading=\"lazy\" width=\"1024\" height=\"683\" data-id=\"5623\"  src=\"https:\/\/portal.pi.gov.br\/seres\/wp-content\/uploads\/sites\/87\/2026\/02\/WhatsApp-Image-2026-02-10-at-14.39.22-6-1024x683.jpeg\" alt=\"\" class=\"wp-image-5623\" srcset=\"https:\/\/portal.pi.gov.br\/seres\/wp-content\/uploads\/sites\/87\/2026\/02\/WhatsApp-Image-2026-02-10-at-14.39.22-6-1024x683.jpeg 1024w, https:\/\/portal.pi.gov.br\/seres\/wp-content\/uploads\/sites\/87\/2026\/02\/WhatsApp-Image-2026-02-10-at-14.39.22-6-300x200.jpeg 300w, https:\/\/portal.pi.gov.br\/seres\/wp-content\/uploads\/sites\/87\/2026\/02\/WhatsApp-Image-2026-02-10-at-14.39.22-6-768x512.jpeg 768w, https:\/\/portal.pi.gov.br\/seres\/wp-content\/uploads\/sites\/87\/2026\/02\/WhatsApp-Image-2026-02-10-at-14.39.22-6-420x280.jpeg 420w, https:\/\/portal.pi.gov.br\/seres\/wp-content\/uploads\/sites\/87\/2026\/02\/WhatsApp-Image-2026-02-10-at-14.39.22-6-540x360.jpeg 540w, https:\/\/portal.pi.gov.br\/seres\/wp-content\/uploads\/sites\/87\/2026\/02\/WhatsApp-Image-2026-02-10-at-14.39.22-6-780x520.jpeg 780w, https:\/\/portal.pi.gov.br\/seres\/wp-content\/uploads\/sites\/87\/2026\/02\/WhatsApp-Image-2026-02-10-at-14.39.22-6-947x632.jpeg 947w, https:\/\/portal.pi.gov.br\/seres\/wp-content\/uploads\/sites\/87\/2026\/02\/WhatsApp-Image-2026-02-10-at-14.39.22-6-624x416.jpeg 624w, https:\/\/portal.pi.gov.br\/seres\/wp-content\/uploads\/sites\/87\/2026\/02\/WhatsApp-Image-2026-02-10-at-14.39.22-6-84x56.jpeg 84w, https:\/\/portal.pi.gov.br\/seres\/wp-content\/uploads\/sites\/87\/2026\/02\/WhatsApp-Image-2026-02-10-at-14.39.22-6.jpeg 1280w\" sizes=\"(max-width: 1024px) 100vw, 1024px\" \/><\/figure>\n\n\n\n<figure class=\"wp-block-image size-large\"><img decoding=\"async\" loading=\"lazy\" width=\"1024\" height=\"683\" data-id=\"5622\"  src=\"https:\/\/portal.pi.gov.br\/seres\/wp-content\/uploads\/sites\/87\/2026\/02\/WhatsApp-Image-2026-02-10-at-14.39.22-5-1024x683.jpeg\" alt=\"\" class=\"wp-image-5622\" srcset=\"https:\/\/portal.pi.gov.br\/seres\/wp-content\/uploads\/sites\/87\/2026\/02\/WhatsApp-Image-2026-02-10-at-14.39.22-5-1024x683.jpeg 1024w, https:\/\/portal.pi.gov.br\/seres\/wp-content\/uploads\/sites\/87\/2026\/02\/WhatsApp-Image-2026-02-10-at-14.39.22-5-300x200.jpeg 300w, https:\/\/portal.pi.gov.br\/seres\/wp-content\/uploads\/sites\/87\/2026\/02\/WhatsApp-Image-2026-02-10-at-14.39.22-5-768x512.jpeg 768w, https:\/\/portal.pi.gov.br\/seres\/wp-content\/uploads\/sites\/87\/2026\/02\/WhatsApp-Image-2026-02-10-at-14.39.22-5-420x280.jpeg 420w, https:\/\/portal.pi.gov.br\/seres\/wp-content\/uploads\/sites\/87\/2026\/02\/WhatsApp-Image-2026-02-10-at-14.39.22-5-540x360.jpeg 540w, https:\/\/portal.pi.gov.br\/seres\/wp-content\/uploads\/sites\/87\/2026\/02\/WhatsApp-Image-2026-02-10-at-14.39.22-5-780x520.jpeg 780w, https:\/\/portal.pi.gov.br\/seres\/wp-content\/uploads\/sites\/87\/2026\/02\/WhatsApp-Image-2026-02-10-at-14.39.22-5-947x632.jpeg 947w, https:\/\/portal.pi.gov.br\/seres\/wp-content\/uploads\/sites\/87\/2026\/02\/WhatsApp-Image-2026-02-10-at-14.39.22-5-624x416.jpeg 624w, https:\/\/portal.pi.gov.br\/seres\/wp-content\/uploads\/sites\/87\/2026\/02\/WhatsApp-Image-2026-02-10-at-14.39.22-5-84x56.jpeg 84w, https:\/\/portal.pi.gov.br\/seres\/wp-content\/uploads\/sites\/87\/2026\/02\/WhatsApp-Image-2026-02-10-at-14.39.22-5.jpeg 1280w\" sizes=\"(max-width: 1024px) 100vw, 1024px\" \/><\/figure>\n\n\n\n<figure class=\"wp-block-image size-large\"><img decoding=\"async\" loading=\"lazy\" width=\"1024\" height=\"683\" data-id=\"5621\"  src=\"https:\/\/portal.pi.gov.br\/seres\/wp-content\/uploads\/sites\/87\/2026\/02\/WhatsApp-Image-2026-02-10-at-14.39.22-4-1024x683.jpeg\" alt=\"\" class=\"wp-image-5621\" srcset=\"https:\/\/portal.pi.gov.br\/seres\/wp-content\/uploads\/sites\/87\/2026\/02\/WhatsApp-Image-2026-02-10-at-14.39.22-4-1024x683.jpeg 1024w, https:\/\/portal.pi.gov.br\/seres\/wp-content\/uploads\/sites\/87\/2026\/02\/WhatsApp-Image-2026-02-10-at-14.39.22-4-300x200.jpeg 300w, https:\/\/portal.pi.gov.br\/seres\/wp-content\/uploads\/sites\/87\/2026\/02\/WhatsApp-Image-2026-02-10-at-14.39.22-4-768x512.jpeg 768w, https:\/\/portal.pi.gov.br\/seres\/wp-content\/uploads\/sites\/87\/2026\/02\/WhatsApp-Image-2026-02-10-at-14.39.22-4-420x280.jpeg 420w, https:\/\/portal.pi.gov.br\/seres\/wp-content\/uploads\/sites\/87\/2026\/02\/WhatsApp-Image-2026-02-10-at-14.39.22-4-540x360.jpeg 540w, https:\/\/portal.pi.gov.br\/seres\/wp-content\/uploads\/sites\/87\/2026\/02\/WhatsApp-Image-2026-02-10-at-14.39.22-4-780x520.jpeg 780w, https:\/\/portal.pi.gov.br\/seres\/wp-content\/uploads\/sites\/87\/2026\/02\/WhatsApp-Image-2026-02-10-at-14.39.22-4-947x632.jpeg 947w, https:\/\/portal.pi.gov.br\/seres\/wp-content\/uploads\/sites\/87\/2026\/02\/WhatsApp-Image-2026-02-10-at-14.39.22-4-624x416.jpeg 624w, https:\/\/portal.pi.gov.br\/seres\/wp-content\/uploads\/sites\/87\/2026\/02\/WhatsApp-Image-2026-02-10-at-14.39.22-4-84x56.jpeg 84w, https:\/\/portal.pi.gov.br\/seres\/wp-content\/uploads\/sites\/87\/2026\/02\/WhatsApp-Image-2026-02-10-at-14.39.22-4.jpeg 1280w\" sizes=\"(max-width: 1024px) 100vw, 1024px\" \/><\/figure>\n\n\n\n<figure class=\"wp-block-image size-large\"><img decoding=\"async\" loading=\"lazy\" width=\"1024\" height=\"683\" data-id=\"5619\"  src=\"https:\/\/portal.pi.gov.br\/seres\/wp-content\/uploads\/sites\/87\/2026\/02\/WhatsApp-Image-2026-02-10-at-14.39.22-2-1024x683.jpeg\" alt=\"\" class=\"wp-image-5619\" srcset=\"https:\/\/portal.pi.gov.br\/seres\/wp-content\/uploads\/sites\/87\/2026\/02\/WhatsApp-Image-2026-02-10-at-14.39.22-2-1024x683.jpeg 1024w, https:\/\/portal.pi.gov.br\/seres\/wp-content\/uploads\/sites\/87\/2026\/02\/WhatsApp-Image-2026-02-10-at-14.39.22-2-300x200.jpeg 300w, https:\/\/portal.pi.gov.br\/seres\/wp-content\/uploads\/sites\/87\/2026\/02\/WhatsApp-Image-2026-02-10-at-14.39.22-2-768x512.jpeg 768w, https:\/\/portal.pi.gov.br\/seres\/wp-content\/uploads\/sites\/87\/2026\/02\/WhatsApp-Image-2026-02-10-at-14.39.22-2-420x280.jpeg 420w, https:\/\/portal.pi.gov.br\/seres\/wp-content\/uploads\/sites\/87\/2026\/02\/WhatsApp-Image-2026-02-10-at-14.39.22-2-540x360.jpeg 540w, https:\/\/portal.pi.gov.br\/seres\/wp-content\/uploads\/sites\/87\/2026\/02\/WhatsApp-Image-2026-02-10-at-14.39.22-2-780x520.jpeg 780w, https:\/\/portal.pi.gov.br\/seres\/wp-content\/uploads\/sites\/87\/2026\/02\/WhatsApp-Image-2026-02-10-at-14.39.22-2-947x632.jpeg 947w, https:\/\/portal.pi.gov.br\/seres\/wp-content\/uploads\/sites\/87\/2026\/02\/WhatsApp-Image-2026-02-10-at-14.39.22-2-624x416.jpeg 624w, https:\/\/portal.pi.gov.br\/seres\/wp-content\/uploads\/sites\/87\/2026\/02\/WhatsApp-Image-2026-02-10-at-14.39.22-2-84x56.jpeg 84w, https:\/\/portal.pi.gov.br\/seres\/wp-content\/uploads\/sites\/87\/2026\/02\/WhatsApp-Image-2026-02-10-at-14.39.22-2.jpeg 1280w\" sizes=\"(max-width: 1024px) 100vw, 1024px\" \/><\/figure>\n\n\n\n<figure class=\"wp-block-image size-large\"><img decoding=\"async\" loading=\"lazy\" width=\"1024\" height=\"683\" data-id=\"5618\"  src=\"https:\/\/portal.pi.gov.br\/seres\/wp-content\/uploads\/sites\/87\/2026\/02\/WhatsApp-Image-2026-02-10-at-14.39.22-1-1024x683.jpeg\" alt=\"\" class=\"wp-image-5618\" srcset=\"https:\/\/portal.pi.gov.br\/seres\/wp-content\/uploads\/sites\/87\/2026\/02\/WhatsApp-Image-2026-02-10-at-14.39.22-1-1024x683.jpeg 1024w, https:\/\/portal.pi.gov.br\/seres\/wp-content\/uploads\/sites\/87\/2026\/02\/WhatsApp-Image-2026-02-10-at-14.39.22-1-300x200.jpeg 300w, https:\/\/portal.pi.gov.br\/seres\/wp-content\/uploads\/sites\/87\/2026\/02\/WhatsApp-Image-2026-02-10-at-14.39.22-1-768x512.jpeg 768w, https:\/\/portal.pi.gov.br\/seres\/wp-content\/uploads\/sites\/87\/2026\/02\/WhatsApp-Image-2026-02-10-at-14.39.22-1-420x280.jpeg 420w, https:\/\/portal.pi.gov.br\/seres\/wp-content\/uploads\/sites\/87\/2026\/02\/WhatsApp-Image-2026-02-10-at-14.39.22-1-540x360.jpeg 540w, https:\/\/portal.pi.gov.br\/seres\/wp-content\/uploads\/sites\/87\/2026\/02\/WhatsApp-Image-2026-02-10-at-14.39.22-1-780x520.jpeg 780w, https:\/\/portal.pi.gov.br\/seres\/wp-content\/uploads\/sites\/87\/2026\/02\/WhatsApp-Image-2026-02-10-at-14.39.22-1-947x632.jpeg 947w, https:\/\/portal.pi.gov.br\/seres\/wp-content\/uploads\/sites\/87\/2026\/02\/WhatsApp-Image-2026-02-10-at-14.39.22-1-624x416.jpeg 624w, https:\/\/portal.pi.gov.br\/seres\/wp-content\/uploads\/sites\/87\/2026\/02\/WhatsApp-Image-2026-02-10-at-14.39.22-1-84x56.jpeg 84w, https:\/\/portal.pi.gov.br\/seres\/wp-content\/uploads\/sites\/87\/2026\/02\/WhatsApp-Image-2026-02-10-at-14.39.22-1.jpeg 1280w\" sizes=\"(max-width: 1024px) 100vw, 1024px\" \/><\/figure>\n\n\n\n<figure class=\"wp-block-image size-large\"><img decoding=\"async\" loading=\"lazy\" width=\"1024\" height=\"683\" data-id=\"5616\"  src=\"https:\/\/portal.pi.gov.br\/seres\/wp-content\/uploads\/sites\/87\/2026\/02\/WhatsApp-Image-2026-02-10-at-14.39.21-3-1024x683.jpeg\" alt=\"\" class=\"wp-image-5616\" srcset=\"https:\/\/portal.pi.gov.br\/seres\/wp-content\/uploads\/sites\/87\/2026\/02\/WhatsApp-Image-2026-02-10-at-14.39.21-3-1024x683.jpeg 1024w, https:\/\/portal.pi.gov.br\/seres\/wp-content\/uploads\/sites\/87\/2026\/02\/WhatsApp-Image-2026-02-10-at-14.39.21-3-300x200.jpeg 300w, https:\/\/portal.pi.gov.br\/seres\/wp-content\/uploads\/sites\/87\/2026\/02\/WhatsApp-Image-2026-02-10-at-14.39.21-3-768x512.jpeg 768w, https:\/\/portal.pi.gov.br\/seres\/wp-content\/uploads\/sites\/87\/2026\/02\/WhatsApp-Image-2026-02-10-at-14.39.21-3-420x280.jpeg 420w, https:\/\/portal.pi.gov.br\/seres\/wp-content\/uploads\/sites\/87\/2026\/02\/WhatsApp-Image-2026-02-10-at-14.39.21-3-540x360.jpeg 540w, https:\/\/portal.pi.gov.br\/seres\/wp-content\/uploads\/sites\/87\/2026\/02\/WhatsApp-Image-2026-02-10-at-14.39.21-3-780x520.jpeg 780w, https:\/\/portal.pi.gov.br\/seres\/wp-content\/uploads\/sites\/87\/2026\/02\/WhatsApp-Image-2026-02-10-at-14.39.21-3-947x632.jpeg 947w, https:\/\/portal.pi.gov.br\/seres\/wp-content\/uploads\/sites\/87\/2026\/02\/WhatsApp-Image-2026-02-10-at-14.39.21-3-624x416.jpeg 624w, https:\/\/portal.pi.gov.br\/seres\/wp-content\/uploads\/sites\/87\/2026\/02\/WhatsApp-Image-2026-02-10-at-14.39.21-3-84x56.jpeg 84w, https:\/\/portal.pi.gov.br\/seres\/wp-content\/uploads\/sites\/87\/2026\/02\/WhatsApp-Image-2026-02-10-at-14.39.21-3.jpeg 1280w\" sizes=\"(max-width: 1024px) 100vw, 1024px\" \/><\/figure>\n\n\n\n<figure class=\"wp-block-image size-large\"><img decoding=\"async\" loading=\"lazy\" width=\"1024\" height=\"683\" data-id=\"5615\"  src=\"https:\/\/portal.pi.gov.br\/seres\/wp-content\/uploads\/sites\/87\/2026\/02\/WhatsApp-Image-2026-02-10-at-14.39.21-2-1024x683.jpeg\" alt=\"\" class=\"wp-image-5615\" srcset=\"https:\/\/portal.pi.gov.br\/seres\/wp-content\/uploads\/sites\/87\/2026\/02\/WhatsApp-Image-2026-02-10-at-14.39.21-2-1024x683.jpeg 1024w, https:\/\/portal.pi.gov.br\/seres\/wp-content\/uploads\/sites\/87\/2026\/02\/WhatsApp-Image-2026-02-10-at-14.39.21-2-300x200.jpeg 300w, https:\/\/portal.pi.gov.br\/seres\/wp-content\/uploads\/sites\/87\/2026\/02\/WhatsApp-Image-2026-02-10-at-14.39.21-2-768x512.jpeg 768w, https:\/\/portal.pi.gov.br\/seres\/wp-content\/uploads\/sites\/87\/2026\/02\/WhatsApp-Image-2026-02-10-at-14.39.21-2-420x280.jpeg 420w, https:\/\/portal.pi.gov.br\/seres\/wp-content\/uploads\/sites\/87\/2026\/02\/WhatsApp-Image-2026-02-10-at-14.39.21-2-540x360.jpeg 540w, https:\/\/portal.pi.gov.br\/seres\/wp-content\/uploads\/sites\/87\/2026\/02\/WhatsApp-Image-2026-02-10-at-14.39.21-2-780x520.jpeg 780w, https:\/\/portal.pi.gov.br\/seres\/wp-content\/uploads\/sites\/87\/2026\/02\/WhatsApp-Image-2026-02-10-at-14.39.21-2-947x632.jpeg 947w, https:\/\/portal.pi.gov.br\/seres\/wp-content\/uploads\/sites\/87\/2026\/02\/WhatsApp-Image-2026-02-10-at-14.39.21-2-624x416.jpeg 624w, https:\/\/portal.pi.gov.br\/seres\/wp-content\/uploads\/sites\/87\/2026\/02\/WhatsApp-Image-2026-02-10-at-14.39.21-2-84x56.jpeg 84w, https:\/\/portal.pi.gov.br\/seres\/wp-content\/uploads\/sites\/87\/2026\/02\/WhatsApp-Image-2026-02-10-at-14.39.21-2.jpeg 1280w\" sizes=\"(max-width: 1024px) 100vw, 1024px\" \/><\/figure>\n<\/figure>\n\n\n\n<p><\/p>\n\n\n\n<p><\/p>\n\n\n\n<p>Fotos: Gabriel Paulino<\/p>\n","protected":false},"excerpt":{"rendered":"<p>A reuni\u00e3o teve como objetivo fortalecer a integra\u00e7\u00e3o entre as secretarias e garantir a unidade no discurso institucional. A secret\u00e1ria de Rela\u00e7\u00f5es Socais, N\u00fabia Lopes, esteve presente na reuni\u00e3o anual [&hellip;]<\/p>\n","protected":false},"author":1821,"featured_media":5626,"comment_status":"closed","ping_status":"closed","sticky":true,"template":"","format":"standard","meta":[],"categories":[34],"tags":[47,41],"featured_image_urls":{"full":["https:\/\/portal.pi.gov.br\/seres\/wp-content\/uploads\/sites\/87\/2026\/02\/WhatsApp-Image-2026-02-10-at-14.39.23-1.jpeg",1280,854,false],"thumbnail":["https:\/\/portal.pi.gov.br\/seres\/wp-content\/uploads\/sites\/87\/2026\/02\/WhatsApp-Image-2026-02-10-at-14.39.23-1-150x150.jpeg",150,150,true],"medium":["https:\/\/portal.pi.gov.br\/seres\/wp-content\/uploads\/sites\/87\/2026\/02\/WhatsApp-Image-2026-02-10-at-14.39.23-1-300x200.jpeg",300,200,true],"medium_large":["https:\/\/portal.pi.gov.br\/seres\/wp-content\/uploads\/sites\/87\/2026\/02\/WhatsApp-Image-2026-02-10-at-14.39.23-1-768x512.jpeg",768,512,true],"large":["https:\/\/portal.pi.gov.br\/seres\/wp-content\/uploads\/sites\/87\/2026\/02\/WhatsApp-Image-2026-02-10-at-14.39.23-1-1024x683.jpeg",887,592,true],"sgg-420":["https:\/\/portal.pi.gov.br\/seres\/wp-content\/uploads\/sites\/87\/2026\/02\/WhatsApp-Image-2026-02-10-at-14.39.23-1-420x280.jpeg",420,280,true],"sgg-540":["https:\/\/portal.pi.gov.br\/seres\/wp-content\/uploads\/sites\/87\/2026\/02\/WhatsApp-Image-2026-02-10-at-14.39.23-1-540x360.jpeg",540,360,true],"sgg-780":["https:\/\/portal.pi.gov.br\/seres\/wp-content\/uploads\/sites\/87\/2026\/02\/WhatsApp-Image-2026-02-10-at-14.39.23-1-780x520.jpeg",780,520,true],"1536x1536":["https:\/\/portal.pi.gov.br\/seres\/wp-content\/uploads\/sites\/87\/2026\/02\/WhatsApp-Image-2026-02-10-at-14.39.23-1.jpeg",1280,854,false],"2048x2048":["https:\/\/portal.pi.gov.br\/seres\/wp-content\/uploads\/sites\/87\/2026\/02\/WhatsApp-Image-2026-02-10-at-14.39.23-1.jpeg",1280,854,false],"homepage-slider":["https:\/\/portal.pi.gov.br\/seres\/wp-content\/uploads\/sites\/87\/2026\/02\/WhatsApp-Image-2026-02-10-at-14.39.23-1-1270x500.jpeg",1270,500,true],"homepage-slider-small":["https:\/\/portal.pi.gov.br\/seres\/wp-content\/uploads\/sites\/87\/2026\/02\/WhatsApp-Image-2026-02-10-at-14.39.23-1-947x500.jpeg",947,500,true],"page-top":["https:\/\/portal.pi.gov.br\/seres\/wp-content\/uploads\/sites\/87\/2026\/02\/WhatsApp-Image-2026-02-10-at-14.39.23-1-947x632.jpeg",947,632,true],"page-small":["https:\/\/portal.pi.gov.br\/seres\/wp-content\/uploads\/sites\/87\/2026\/02\/WhatsApp-Image-2026-02-10-at-14.39.23-1-624x416.jpeg",624,416,true],"loop-main":["https:\/\/portal.pi.gov.br\/seres\/wp-content\/uploads\/sites\/87\/2026\/02\/WhatsApp-Image-2026-02-10-at-14.39.23-1-365x240.jpeg",365,240,true],"thumb-gallery-widget":["https:\/\/portal.pi.gov.br\/seres\/wp-content\/uploads\/sites\/87\/2026\/02\/WhatsApp-Image-2026-02-10-at-14.39.23-1-84x56.jpeg",84,56,true]},"post_excerpt_stackable":"<p>A reuni\u00e3o teve como objetivo fortalecer a integra\u00e7\u00e3o entre as secretarias e garantir a unidade no discurso institucional. A secret\u00e1ria de Rela\u00e7\u00f5es Socais, N\u00fabia Lopes, esteve presente na reuni\u00e3o anual conduzida pelo governador Rafael Fonteles nesta segunda-feira (9), com a equipe de governo, que reuniu secret\u00e1rios e gestores de todas as pastas. O encontro ocorreu no audit\u00f3rio da Secretaria da Cultura, no Centro de Teresina, e teve como foco principal a orienta\u00e7\u00e3o para o \u00faltimo ano da gest\u00e3o, marcado por avalia\u00e7\u00e3o de resultados, presta\u00e7\u00e3o de contas \u00e0 sociedade, aten\u00e7\u00e3o \u00e0s regras do per\u00edodo eleitoral e metas para 2026. O chefe&hellip;<\/p>\n","category_list":"<a href=\"https:\/\/portal.pi.gov.br\/seres\/category\/noticias\/\" rel=\"category tag\">Not\u00edcias<\/a>","author_info":{"name":"alineraquel","url":"https:\/\/portal.pi.gov.br\/seres\/author\/alineraquel\/"},"comments_num":"0 coment\u00e1rio","featured_image_urls_v2":{"full":["https:\/\/portal.pi.gov.br\/seres\/wp-content\/uploads\/sites\/87\/2026\/02\/WhatsApp-Image-2026-02-10-at-14.39.23-1.jpeg",1280,854,false],"thumbnail":["https:\/\/portal.pi.gov.br\/seres\/wp-content\/uploads\/sites\/87\/2026\/02\/WhatsApp-Image-2026-02-10-at-14.39.23-1-150x150.jpeg",150,150,true],"medium":["https:\/\/portal.pi.gov.br\/seres\/wp-content\/uploads\/sites\/87\/2026\/02\/WhatsApp-Image-2026-02-10-at-14.39.23-1-300x200.jpeg",300,200,true],"medium_large":["https:\/\/portal.pi.gov.br\/seres\/wp-content\/uploads\/sites\/87\/2026\/02\/WhatsApp-Image-2026-02-10-at-14.39.23-1-768x512.jpeg",768,512,true],"large":["https:\/\/portal.pi.gov.br\/seres\/wp-content\/uploads\/sites\/87\/2026\/02\/WhatsApp-Image-2026-02-10-at-14.39.23-1-1024x683.jpeg",887,592,true],"sgg-420":["https:\/\/portal.pi.gov.br\/seres\/wp-content\/uploads\/sites\/87\/2026\/02\/WhatsApp-Image-2026-02-10-at-14.39.23-1-420x280.jpeg",420,280,true],"sgg-540":["https:\/\/portal.pi.gov.br\/seres\/wp-content\/uploads\/sites\/87\/2026\/02\/WhatsApp-Image-2026-02-10-at-14.39.23-1-540x360.jpeg",540,360,true],"sgg-780":["https:\/\/portal.pi.gov.br\/seres\/wp-content\/uploads\/sites\/87\/2026\/02\/WhatsApp-Image-2026-02-10-at-14.39.23-1-780x520.jpeg",780,520,true],"1536x1536":["https:\/\/portal.pi.gov.br\/seres\/wp-content\/uploads\/sites\/87\/2026\/02\/WhatsApp-Image-2026-02-10-at-14.39.23-1.jpeg",1280,854,false],"2048x2048":["https:\/\/portal.pi.gov.br\/seres\/wp-content\/uploads\/sites\/87\/2026\/02\/WhatsApp-Image-2026-02-10-at-14.39.23-1.jpeg",1280,854,false],"homepage-slider":["https:\/\/portal.pi.gov.br\/seres\/wp-content\/uploads\/sites\/87\/2026\/02\/WhatsApp-Image-2026-02-10-at-14.39.23-1-1270x500.jpeg",1270,500,true],"homepage-slider-small":["https:\/\/portal.pi.gov.br\/seres\/wp-content\/uploads\/sites\/87\/2026\/02\/WhatsApp-Image-2026-02-10-at-14.39.23-1-947x500.jpeg",947,500,true],"page-top":["https:\/\/portal.pi.gov.br\/seres\/wp-content\/uploads\/sites\/87\/2026\/02\/WhatsApp-Image-2026-02-10-at-14.39.23-1-947x632.jpeg",947,632,true],"page-small":["https:\/\/portal.pi.gov.br\/seres\/wp-content\/uploads\/sites\/87\/2026\/02\/WhatsApp-Image-2026-02-10-at-14.39.23-1-624x416.jpeg",624,416,true],"loop-main":["https:\/\/portal.pi.gov.br\/seres\/wp-content\/uploads\/sites\/87\/2026\/02\/WhatsApp-Image-2026-02-10-at-14.39.23-1-365x240.jpeg",365,240,true],"thumb-gallery-widget":["https:\/\/portal.pi.gov.br\/seres\/wp-content\/uploads\/sites\/87\/2026\/02\/WhatsApp-Image-2026-02-10-at-14.39.23-1-84x56.jpeg",84,56,true]},"post_excerpt_stackable_v2":"<p>A reuni\u00e3o teve como objetivo fortalecer a integra\u00e7\u00e3o entre as secretarias e garantir a unidade no discurso institucional. A secret\u00e1ria de Rela\u00e7\u00f5es Socais, N\u00fabia Lopes, esteve presente na reuni\u00e3o anual conduzida pelo governador Rafael Fonteles nesta segunda-feira (9), com a equipe de governo, que reuniu secret\u00e1rios e gestores de todas as pastas. O encontro ocorreu no audit\u00f3rio da Secretaria da Cultura, no Centro de Teresina, e teve como foco principal a orienta\u00e7\u00e3o para o \u00faltimo ano da gest\u00e3o, marcado por avalia\u00e7\u00e3o de resultados, presta\u00e7\u00e3o de contas \u00e0 sociedade, aten\u00e7\u00e3o \u00e0s regras do per\u00edodo eleitoral e metas para 2026. O chefe&hellip;<\/p>\n","category_list_v2":"<a href=\"https:\/\/portal.pi.gov.br\/seres\/category\/noticias\/\" rel=\"category tag\">Not\u00edcias<\/a>","author_info_v2":{"name":"alineraquel","url":"https:\/\/portal.pi.gov.br\/seres\/author\/alineraquel\/"},"comments_num_v2":"0 coment\u00e1rio","jetpack_featured_media_url":"https:\/\/portal.pi.gov.br\/seres\/wp-content\/uploads\/sites\/87\/2026\/02\/WhatsApp-Image-2026-02-10-at-14.39.23-1.jpeg","_links":{"self":[{"href":"https:\/\/portal.pi.gov.br\/seres\/wp-json\/wp\/v2\/posts\/5629"}],"collection":[{"href":"https:\/\/portal.pi.gov.br\/seres\/wp-json\/wp\/v2\/posts"}],"about":[{"href":"https:\/\/portal.pi.gov.br\/seres\/wp-json\/wp\/v2\/types\/post"}],"author":[{"embeddable":true,"href":"https:\/\/portal.pi.gov.br\/seres\/wp-json\/wp\/v2\/users\/1821"}],"replies":[{"embeddable":true,"href":"https:\/\/portal.pi.gov.br\/seres\/wp-json\/wp\/v2\/comments?post=5629"}],"version-history":[{"count":1,"href":"https:\/\/portal.pi.gov.br\/seres\/wp-json\/wp\/v2\/posts\/5629\/revisions"}],"predecessor-version":[{"id":5630,"href":"https:\/\/portal.pi.gov.br\/seres\/wp-json\/wp\/v2\/posts\/5629\/revisions\/5630"}],"wp:featuredmedia":[{"embeddable":true,"href":"https:\/\/portal.pi.gov.br\/seres\/wp-json\/wp\/v2\/media\/5626"}],"wp:attachment":[{"href":"https:\/\/portal.pi.gov.br\/seres\/wp-json\/wp\/v2\/media?parent=5629"}],"wp:term":[{"taxonomy":"category","embeddable":true,"href":"https:\/\/portal.pi.gov.br\/seres\/wp-json\/wp\/v2\/categories?post=5629"},{"taxonomy":"post_tag","embeddable":true,"href":"https:\/\/portal.pi.gov.br\/seres\/wp-json\/wp\/v2\/tags?post=5629"}],"curies":[{"name":"wp","href":"https:\/\/api.w.org\/{rel}","templated":true}]}}