{"id":5709,"date":"2026-02-24T14:35:23","date_gmt":"2026-02-24T17:35:23","guid":{"rendered":"https:\/\/portal.pi.gov.br\/seres\/?p=5709"},"modified":"2026-02-24T14:36:42","modified_gmt":"2026-02-24T17:36:42","slug":"primeira-reuniao-de-2026-fortalece-avancos-da-mesa-de-dialogo-permanente-das-quebradeiras-de-coco","status":"publish","type":"post","link":"https:\/\/portal.pi.gov.br\/seres\/2026\/02\/24\/primeira-reuniao-de-2026-fortalece-avancos-da-mesa-de-dialogo-permanente-das-quebradeiras-de-coco\/","title":{"rendered":"Primeira reuni\u00e3o de 2026 fortalece avan\u00e7os da Mesa de Di\u00e1logo Permanente das Quebradeiras de Coco"},"content":{"rendered":"\n<p>Espa\u00e7o institucional, instalado em 2025, consolida compromissos entre Governo do Estado e movimento social para garantir direitos, prote\u00e7\u00e3o territorial e valoriza\u00e7\u00e3o das comunidades extrativistas.<\/p>\n\n\n\n<figure class=\"wp-block-image size-large\"><img decoding=\"async\" loading=\"lazy\" width=\"1024\" height=\"683\" src=\"https:\/\/portal.pi.gov.br\/seres\/wp-content\/uploads\/sites\/87\/2026\/02\/1add3b51-dbb9-4541-b498-8e4c1c9e0abb-1-1024x683.jpg\" alt=\"\" class=\"wp-image-5700\" srcset=\"https:\/\/portal.pi.gov.br\/seres\/wp-content\/uploads\/sites\/87\/2026\/02\/1add3b51-dbb9-4541-b498-8e4c1c9e0abb-1-1024x683.jpg 1024w, https:\/\/portal.pi.gov.br\/seres\/wp-content\/uploads\/sites\/87\/2026\/02\/1add3b51-dbb9-4541-b498-8e4c1c9e0abb-1-300x200.jpg 300w, https:\/\/portal.pi.gov.br\/seres\/wp-content\/uploads\/sites\/87\/2026\/02\/1add3b51-dbb9-4541-b498-8e4c1c9e0abb-1-768x512.jpg 768w, https:\/\/portal.pi.gov.br\/seres\/wp-content\/uploads\/sites\/87\/2026\/02\/1add3b51-dbb9-4541-b498-8e4c1c9e0abb-1-420x280.jpg 420w, https:\/\/portal.pi.gov.br\/seres\/wp-content\/uploads\/sites\/87\/2026\/02\/1add3b51-dbb9-4541-b498-8e4c1c9e0abb-1-540x360.jpg 540w, https:\/\/portal.pi.gov.br\/seres\/wp-content\/uploads\/sites\/87\/2026\/02\/1add3b51-dbb9-4541-b498-8e4c1c9e0abb-1-780x520.jpg 780w, https:\/\/portal.pi.gov.br\/seres\/wp-content\/uploads\/sites\/87\/2026\/02\/1add3b51-dbb9-4541-b498-8e4c1c9e0abb-1-947x632.jpg 947w, https:\/\/portal.pi.gov.br\/seres\/wp-content\/uploads\/sites\/87\/2026\/02\/1add3b51-dbb9-4541-b498-8e4c1c9e0abb-1-624x416.jpg 624w, https:\/\/portal.pi.gov.br\/seres\/wp-content\/uploads\/sites\/87\/2026\/02\/1add3b51-dbb9-4541-b498-8e4c1c9e0abb-1-84x56.jpg 84w, https:\/\/portal.pi.gov.br\/seres\/wp-content\/uploads\/sites\/87\/2026\/02\/1add3b51-dbb9-4541-b498-8e4c1c9e0abb-1.jpg 1280w\" sizes=\"(max-width: 1024px) 100vw, 1024px\" \/><\/figure>\n\n\n\n<p><\/p>\n\n\n\n<p>A Mesa de Di\u00e1logo Permanente das Quebradeiras de Coco do Piau\u00ed realizou, nesta ter\u00e7a-feira (24), a sua primeira reuni\u00e3o de 2026, refor\u00e7ando o compromisso com a continuidade das a\u00e7\u00f5es pactuadas e o fortalecimento das pol\u00edticas p\u00fablicas voltadas \u00e0s mulheres extrativistas do baba\u00e7u. A reuni\u00e3o foi coordenada pela secret\u00e1ria, N\u00fabia Lopes, e o diretor de rela\u00e7\u00f5es sociais e populares, Claudimir Gularte, al\u00e9m da coordenadora executiva do MIQCB regional Piau\u00ed, Marinalva Rodrigues.<\/p>\n\n\n\n<p>Instalada em 2025 pelo Governo do Estado do Piau\u00ed em parceria com o Movimento Interestadual das Quebradeiras de Coco Baba\u00e7u, a Mesa foi criada como um espa\u00e7o permanente de di\u00e1logo institucional, escuta ativa e constru\u00e7\u00e3o conjunta de solu\u00e7\u00f5es para as demandas hist\u00f3ricas das quebradeiras de coco.<\/p>\n\n\n\n<p>Desde sua cria\u00e7\u00e3o, a Mesa tem se consolidado como instrumento estrat\u00e9gico para tratar de pautas priorit\u00e1rias, como a prote\u00e7\u00e3o dos baba\u00e7uais, a regulariza\u00e7\u00e3o e titula\u00e7\u00e3o de territ\u00f3rios tradicionais, o enfrentamento \u00e0 grilagem e a preserva\u00e7\u00e3o ambiental e cultural das comunidades. A iniciativa tamb\u00e9m fortalece a economia solid\u00e1ria e o protagonismo feminino no campo, reconhecendo o papel essencial das quebradeiras na sustentabilidade e no desenvolvimento regional.<\/p>\n\n\n\n<figure class=\"wp-block-image size-large\"><img decoding=\"async\" loading=\"lazy\" width=\"1024\" height=\"683\" src=\"https:\/\/portal.pi.gov.br\/seres\/wp-content\/uploads\/sites\/87\/2026\/02\/da8d817c-dca0-4909-82dd-c83f5feb051f-1024x683.jpg\" alt=\"\" class=\"wp-image-5707\" srcset=\"https:\/\/portal.pi.gov.br\/seres\/wp-content\/uploads\/sites\/87\/2026\/02\/da8d817c-dca0-4909-82dd-c83f5feb051f-1024x683.jpg 1024w, https:\/\/portal.pi.gov.br\/seres\/wp-content\/uploads\/sites\/87\/2026\/02\/da8d817c-dca0-4909-82dd-c83f5feb051f-300x200.jpg 300w, https:\/\/portal.pi.gov.br\/seres\/wp-content\/uploads\/sites\/87\/2026\/02\/da8d817c-dca0-4909-82dd-c83f5feb051f-768x512.jpg 768w, https:\/\/portal.pi.gov.br\/seres\/wp-content\/uploads\/sites\/87\/2026\/02\/da8d817c-dca0-4909-82dd-c83f5feb051f-420x280.jpg 420w, https:\/\/portal.pi.gov.br\/seres\/wp-content\/uploads\/sites\/87\/2026\/02\/da8d817c-dca0-4909-82dd-c83f5feb051f-540x360.jpg 540w, https:\/\/portal.pi.gov.br\/seres\/wp-content\/uploads\/sites\/87\/2026\/02\/da8d817c-dca0-4909-82dd-c83f5feb051f-780x520.jpg 780w, https:\/\/portal.pi.gov.br\/seres\/wp-content\/uploads\/sites\/87\/2026\/02\/da8d817c-dca0-4909-82dd-c83f5feb051f-947x632.jpg 947w, https:\/\/portal.pi.gov.br\/seres\/wp-content\/uploads\/sites\/87\/2026\/02\/da8d817c-dca0-4909-82dd-c83f5feb051f-624x416.jpg 624w, https:\/\/portal.pi.gov.br\/seres\/wp-content\/uploads\/sites\/87\/2026\/02\/da8d817c-dca0-4909-82dd-c83f5feb051f-84x56.jpg 84w, https:\/\/portal.pi.gov.br\/seres\/wp-content\/uploads\/sites\/87\/2026\/02\/da8d817c-dca0-4909-82dd-c83f5feb051f.jpg 1280w\" sizes=\"(max-width: 1024px) 100vw, 1024px\" \/><\/figure>\n\n\n\n<p><\/p>\n\n\n\n<p>Ao longo de 2025, a Mesa promoveu a articula\u00e7\u00e3o entre diferentes \u00f3rg\u00e3os estaduais, como a Secretaria da Agricultura Familiar do Piau\u00ed, o Instituto de Terras do Piau\u00ed e a Secretaria de Meio Ambiente e Recursos H\u00eddricos do Piau\u00ed, ampliando a integra\u00e7\u00e3o institucional em torno de uma agenda comum voltada \u00e0 garantia de direitos e \u00e0 prote\u00e7\u00e3o dos territ\u00f3rios tradicionais.<\/p>\n\n\n\n<p>Na primeira reuni\u00e3o de 2026, o foco esteve na avalia\u00e7\u00e3o dos avan\u00e7os alcan\u00e7ados no \u00faltimo ano e na defini\u00e7\u00e3o de novos encaminhamentos para assegurar a efetividade das a\u00e7\u00f5es previstas. O encontro reafirmou o compromisso com a manuten\u00e7\u00e3o da Mesa como um espa\u00e7o permanente de pactua\u00e7\u00e3o e constru\u00e7\u00e3o coletiva, fortalecendo o di\u00e1logo entre poder p\u00fablico e movimento social.<\/p>\n\n\n\n<p>\u201cA plataforma pol\u00edtica das quebradeiras \u00e9 resultado de di\u00e1logo permanente. A cria\u00e7\u00e3o dessa comiss\u00e3o \u00e9 mais um passo na consolida\u00e7\u00e3o de uma mesa que n\u00e3o \u00e9 simb\u00f3lica, mas um espa\u00e7o efetivo de pactua\u00e7\u00e3o entre Estado e movimento&#8221;, destaca a secret\u00e1ria N\u00fabia Lopes.<\/p>\n\n\n\n<p>A presidenta da AMTCOB, Helena Gomes, falou da import\u00e2ncia da participa\u00e7\u00e3o direta das mulheres no processo. \u201cN\u00e3o se trata apenas de um levantamento t\u00e9cnico. Somos n\u00f3s que conhecemos os baba\u00e7uais, os caminhos e os conflitos. A comiss\u00e3o precisa ouvir as quebradeiras para que o mapa represente a realidade do territ\u00f3rio.\u201d<\/p>\n\n\n\n<p>\u201cA Mesa Permanente de Di\u00e1logo reafirma que as quebradeiras de coco baba\u00e7u s\u00e3o sujeitas de direitos e protagonistas na constru\u00e7\u00e3o das pol\u00edticas p\u00fablicas que incidem sobre nossos territ\u00f3rios. A cria\u00e7\u00e3o do Grupo de Trabalho Interinstitucional, com base na Lei Estadual n\u00ba 7.888\/2022, \u00e9 um passo fundamental para identificar e delimitar as \u00e1reas de incid\u00eancia dos baba\u00e7uais, garantindo a prote\u00e7\u00e3o social desses territ\u00f3rios e o livre exerc\u00edcio da coleta e da quebra do coco. O que estamos construindo aqui \u00e9 mais do que um espa\u00e7o de escuta: \u00e9 um compromisso concreto entre o Estado e as quebradeiras para assegurar dignidade, reconhecimento e respeito ao nosso modo de vida&#8221;, disse a coordenadora do movimento, Marinalva Rodrigues.<\/p>\n\n\n\n<p>A continuidade das reuni\u00f5es ao longo do ano dever\u00e1 aprofundar as estrat\u00e9gias voltadas \u00e0 seguran\u00e7a territorial, ao acesso a pol\u00edticas p\u00fablicas e ao reconhecimento da import\u00e2ncia social, econ\u00f4mica e ambiental das quebradeiras de coco para o estado.<\/p>\n\n\n\n<p><\/p>\n\n\n\n<figure class=\"wp-block-gallery has-nested-images columns-default is-cropped wp-block-gallery-1 is-layout-flex\">\n<figure class=\"wp-block-image size-large\"><img decoding=\"async\" loading=\"lazy\" width=\"1024\" height=\"683\" data-id=\"5708\"  src=\"https:\/\/portal.pi.gov.br\/seres\/wp-content\/uploads\/sites\/87\/2026\/02\/ef4547cb-347c-46ce-a3b8-65ecd5b80516-1024x683.jpg\" alt=\"\" class=\"wp-image-5708\" srcset=\"https:\/\/portal.pi.gov.br\/seres\/wp-content\/uploads\/sites\/87\/2026\/02\/ef4547cb-347c-46ce-a3b8-65ecd5b80516-1024x683.jpg 1024w, https:\/\/portal.pi.gov.br\/seres\/wp-content\/uploads\/sites\/87\/2026\/02\/ef4547cb-347c-46ce-a3b8-65ecd5b80516-300x200.jpg 300w, https:\/\/portal.pi.gov.br\/seres\/wp-content\/uploads\/sites\/87\/2026\/02\/ef4547cb-347c-46ce-a3b8-65ecd5b80516-768x512.jpg 768w, https:\/\/portal.pi.gov.br\/seres\/wp-content\/uploads\/sites\/87\/2026\/02\/ef4547cb-347c-46ce-a3b8-65ecd5b80516-420x280.jpg 420w, https:\/\/portal.pi.gov.br\/seres\/wp-content\/uploads\/sites\/87\/2026\/02\/ef4547cb-347c-46ce-a3b8-65ecd5b80516-540x360.jpg 540w, https:\/\/portal.pi.gov.br\/seres\/wp-content\/uploads\/sites\/87\/2026\/02\/ef4547cb-347c-46ce-a3b8-65ecd5b80516-780x520.jpg 780w, https:\/\/portal.pi.gov.br\/seres\/wp-content\/uploads\/sites\/87\/2026\/02\/ef4547cb-347c-46ce-a3b8-65ecd5b80516-947x632.jpg 947w, https:\/\/portal.pi.gov.br\/seres\/wp-content\/uploads\/sites\/87\/2026\/02\/ef4547cb-347c-46ce-a3b8-65ecd5b80516-624x416.jpg 624w, https:\/\/portal.pi.gov.br\/seres\/wp-content\/uploads\/sites\/87\/2026\/02\/ef4547cb-347c-46ce-a3b8-65ecd5b80516-84x56.jpg 84w, https:\/\/portal.pi.gov.br\/seres\/wp-content\/uploads\/sites\/87\/2026\/02\/ef4547cb-347c-46ce-a3b8-65ecd5b80516.jpg 1280w\" sizes=\"(max-width: 1024px) 100vw, 1024px\" \/><\/figure>\n\n\n\n<figure class=\"wp-block-image size-large\"><img decoding=\"async\" loading=\"lazy\" width=\"1024\" height=\"683\" data-id=\"5705\"  src=\"https:\/\/portal.pi.gov.br\/seres\/wp-content\/uploads\/sites\/87\/2026\/02\/ce3c7f23-c930-4a2f-a61f-dce1e7af580d-1024x683.jpg\" alt=\"\" class=\"wp-image-5705\" srcset=\"https:\/\/portal.pi.gov.br\/seres\/wp-content\/uploads\/sites\/87\/2026\/02\/ce3c7f23-c930-4a2f-a61f-dce1e7af580d-1024x683.jpg 1024w, https:\/\/portal.pi.gov.br\/seres\/wp-content\/uploads\/sites\/87\/2026\/02\/ce3c7f23-c930-4a2f-a61f-dce1e7af580d-300x200.jpg 300w, https:\/\/portal.pi.gov.br\/seres\/wp-content\/uploads\/sites\/87\/2026\/02\/ce3c7f23-c930-4a2f-a61f-dce1e7af580d-768x512.jpg 768w, https:\/\/portal.pi.gov.br\/seres\/wp-content\/uploads\/sites\/87\/2026\/02\/ce3c7f23-c930-4a2f-a61f-dce1e7af580d-420x280.jpg 420w, https:\/\/portal.pi.gov.br\/seres\/wp-content\/uploads\/sites\/87\/2026\/02\/ce3c7f23-c930-4a2f-a61f-dce1e7af580d-540x360.jpg 540w, https:\/\/portal.pi.gov.br\/seres\/wp-content\/uploads\/sites\/87\/2026\/02\/ce3c7f23-c930-4a2f-a61f-dce1e7af580d-780x520.jpg 780w, https:\/\/portal.pi.gov.br\/seres\/wp-content\/uploads\/sites\/87\/2026\/02\/ce3c7f23-c930-4a2f-a61f-dce1e7af580d-947x632.jpg 947w, https:\/\/portal.pi.gov.br\/seres\/wp-content\/uploads\/sites\/87\/2026\/02\/ce3c7f23-c930-4a2f-a61f-dce1e7af580d-624x416.jpg 624w, https:\/\/portal.pi.gov.br\/seres\/wp-content\/uploads\/sites\/87\/2026\/02\/ce3c7f23-c930-4a2f-a61f-dce1e7af580d-84x56.jpg 84w, https:\/\/portal.pi.gov.br\/seres\/wp-content\/uploads\/sites\/87\/2026\/02\/ce3c7f23-c930-4a2f-a61f-dce1e7af580d.jpg 1280w\" sizes=\"(max-width: 1024px) 100vw, 1024px\" \/><\/figure>\n\n\n\n<figure class=\"wp-block-image size-large\"><img decoding=\"async\" loading=\"lazy\" width=\"1024\" height=\"683\" data-id=\"5704\"  src=\"https:\/\/portal.pi.gov.br\/seres\/wp-content\/uploads\/sites\/87\/2026\/02\/818a4896-559a-4e90-95b2-4b2298e9192c-1024x683.jpg\" alt=\"\" class=\"wp-image-5704\" srcset=\"https:\/\/portal.pi.gov.br\/seres\/wp-content\/uploads\/sites\/87\/2026\/02\/818a4896-559a-4e90-95b2-4b2298e9192c-1024x683.jpg 1024w, https:\/\/portal.pi.gov.br\/seres\/wp-content\/uploads\/sites\/87\/2026\/02\/818a4896-559a-4e90-95b2-4b2298e9192c-300x200.jpg 300w, https:\/\/portal.pi.gov.br\/seres\/wp-content\/uploads\/sites\/87\/2026\/02\/818a4896-559a-4e90-95b2-4b2298e9192c-768x512.jpg 768w, https:\/\/portal.pi.gov.br\/seres\/wp-content\/uploads\/sites\/87\/2026\/02\/818a4896-559a-4e90-95b2-4b2298e9192c-420x280.jpg 420w, https:\/\/portal.pi.gov.br\/seres\/wp-content\/uploads\/sites\/87\/2026\/02\/818a4896-559a-4e90-95b2-4b2298e9192c-540x360.jpg 540w, https:\/\/portal.pi.gov.br\/seres\/wp-content\/uploads\/sites\/87\/2026\/02\/818a4896-559a-4e90-95b2-4b2298e9192c-780x520.jpg 780w, https:\/\/portal.pi.gov.br\/seres\/wp-content\/uploads\/sites\/87\/2026\/02\/818a4896-559a-4e90-95b2-4b2298e9192c-947x632.jpg 947w, https:\/\/portal.pi.gov.br\/seres\/wp-content\/uploads\/sites\/87\/2026\/02\/818a4896-559a-4e90-95b2-4b2298e9192c-624x416.jpg 624w, https:\/\/portal.pi.gov.br\/seres\/wp-content\/uploads\/sites\/87\/2026\/02\/818a4896-559a-4e90-95b2-4b2298e9192c-84x56.jpg 84w, https:\/\/portal.pi.gov.br\/seres\/wp-content\/uploads\/sites\/87\/2026\/02\/818a4896-559a-4e90-95b2-4b2298e9192c.jpg 1280w\" sizes=\"(max-width: 1024px) 100vw, 1024px\" \/><\/figure>\n\n\n\n<figure class=\"wp-block-image size-large\"><img decoding=\"async\" loading=\"lazy\" width=\"1024\" height=\"683\" data-id=\"5703\"  src=\"https:\/\/portal.pi.gov.br\/seres\/wp-content\/uploads\/sites\/87\/2026\/02\/273b9bb7-873b-4cc7-b760-3d1b8b9b033d-1024x683.jpg\" alt=\"\" class=\"wp-image-5703\" srcset=\"https:\/\/portal.pi.gov.br\/seres\/wp-content\/uploads\/sites\/87\/2026\/02\/273b9bb7-873b-4cc7-b760-3d1b8b9b033d-1024x683.jpg 1024w, https:\/\/portal.pi.gov.br\/seres\/wp-content\/uploads\/sites\/87\/2026\/02\/273b9bb7-873b-4cc7-b760-3d1b8b9b033d-300x200.jpg 300w, https:\/\/portal.pi.gov.br\/seres\/wp-content\/uploads\/sites\/87\/2026\/02\/273b9bb7-873b-4cc7-b760-3d1b8b9b033d-768x512.jpg 768w, https:\/\/portal.pi.gov.br\/seres\/wp-content\/uploads\/sites\/87\/2026\/02\/273b9bb7-873b-4cc7-b760-3d1b8b9b033d-420x280.jpg 420w, https:\/\/portal.pi.gov.br\/seres\/wp-content\/uploads\/sites\/87\/2026\/02\/273b9bb7-873b-4cc7-b760-3d1b8b9b033d-540x360.jpg 540w, https:\/\/portal.pi.gov.br\/seres\/wp-content\/uploads\/sites\/87\/2026\/02\/273b9bb7-873b-4cc7-b760-3d1b8b9b033d-780x520.jpg 780w, https:\/\/portal.pi.gov.br\/seres\/wp-content\/uploads\/sites\/87\/2026\/02\/273b9bb7-873b-4cc7-b760-3d1b8b9b033d-947x632.jpg 947w, https:\/\/portal.pi.gov.br\/seres\/wp-content\/uploads\/sites\/87\/2026\/02\/273b9bb7-873b-4cc7-b760-3d1b8b9b033d-624x416.jpg 624w, https:\/\/portal.pi.gov.br\/seres\/wp-content\/uploads\/sites\/87\/2026\/02\/273b9bb7-873b-4cc7-b760-3d1b8b9b033d-84x56.jpg 84w, https:\/\/portal.pi.gov.br\/seres\/wp-content\/uploads\/sites\/87\/2026\/02\/273b9bb7-873b-4cc7-b760-3d1b8b9b033d.jpg 1280w\" sizes=\"(max-width: 1024px) 100vw, 1024px\" \/><\/figure>\n\n\n\n<figure class=\"wp-block-image size-large\"><img decoding=\"async\" loading=\"lazy\" width=\"1024\" height=\"683\" data-id=\"5701\"  src=\"https:\/\/portal.pi.gov.br\/seres\/wp-content\/uploads\/sites\/87\/2026\/02\/3e38c290-051c-4325-82e9-ef427c7a620a-1024x683.jpg\" alt=\"\" class=\"wp-image-5701\" srcset=\"https:\/\/portal.pi.gov.br\/seres\/wp-content\/uploads\/sites\/87\/2026\/02\/3e38c290-051c-4325-82e9-ef427c7a620a-1024x683.jpg 1024w, https:\/\/portal.pi.gov.br\/seres\/wp-content\/uploads\/sites\/87\/2026\/02\/3e38c290-051c-4325-82e9-ef427c7a620a-300x200.jpg 300w, https:\/\/portal.pi.gov.br\/seres\/wp-content\/uploads\/sites\/87\/2026\/02\/3e38c290-051c-4325-82e9-ef427c7a620a-768x512.jpg 768w, https:\/\/portal.pi.gov.br\/seres\/wp-content\/uploads\/sites\/87\/2026\/02\/3e38c290-051c-4325-82e9-ef427c7a620a-420x280.jpg 420w, https:\/\/portal.pi.gov.br\/seres\/wp-content\/uploads\/sites\/87\/2026\/02\/3e38c290-051c-4325-82e9-ef427c7a620a-540x360.jpg 540w, https:\/\/portal.pi.gov.br\/seres\/wp-content\/uploads\/sites\/87\/2026\/02\/3e38c290-051c-4325-82e9-ef427c7a620a-780x520.jpg 780w, https:\/\/portal.pi.gov.br\/seres\/wp-content\/uploads\/sites\/87\/2026\/02\/3e38c290-051c-4325-82e9-ef427c7a620a-947x632.jpg 947w, https:\/\/portal.pi.gov.br\/seres\/wp-content\/uploads\/sites\/87\/2026\/02\/3e38c290-051c-4325-82e9-ef427c7a620a-624x416.jpg 624w, https:\/\/portal.pi.gov.br\/seres\/wp-content\/uploads\/sites\/87\/2026\/02\/3e38c290-051c-4325-82e9-ef427c7a620a-84x56.jpg 84w, https:\/\/portal.pi.gov.br\/seres\/wp-content\/uploads\/sites\/87\/2026\/02\/3e38c290-051c-4325-82e9-ef427c7a620a.jpg 1280w\" sizes=\"(max-width: 1024px) 100vw, 1024px\" \/><\/figure>\n\n\n\n<figure class=\"wp-block-image size-large\"><img decoding=\"async\" loading=\"lazy\" width=\"1024\" height=\"768\" data-id=\"5702\"  src=\"https:\/\/portal.pi.gov.br\/seres\/wp-content\/uploads\/sites\/87\/2026\/02\/7bef0623-4886-4386-b670-d40bd55c45a5-1024x768.jpg\" alt=\"\" class=\"wp-image-5702\" srcset=\"https:\/\/portal.pi.gov.br\/seres\/wp-content\/uploads\/sites\/87\/2026\/02\/7bef0623-4886-4386-b670-d40bd55c45a5-1024x768.jpg 1024w, https:\/\/portal.pi.gov.br\/seres\/wp-content\/uploads\/sites\/87\/2026\/02\/7bef0623-4886-4386-b670-d40bd55c45a5-300x225.jpg 300w, https:\/\/portal.pi.gov.br\/seres\/wp-content\/uploads\/sites\/87\/2026\/02\/7bef0623-4886-4386-b670-d40bd55c45a5-768x576.jpg 768w, https:\/\/portal.pi.gov.br\/seres\/wp-content\/uploads\/sites\/87\/2026\/02\/7bef0623-4886-4386-b670-d40bd55c45a5-420x315.jpg 420w, https:\/\/portal.pi.gov.br\/seres\/wp-content\/uploads\/sites\/87\/2026\/02\/7bef0623-4886-4386-b670-d40bd55c45a5-540x405.jpg 540w, https:\/\/portal.pi.gov.br\/seres\/wp-content\/uploads\/sites\/87\/2026\/02\/7bef0623-4886-4386-b670-d40bd55c45a5-780x585.jpg 780w, https:\/\/portal.pi.gov.br\/seres\/wp-content\/uploads\/sites\/87\/2026\/02\/7bef0623-4886-4386-b670-d40bd55c45a5-947x710.jpg 947w, https:\/\/portal.pi.gov.br\/seres\/wp-content\/uploads\/sites\/87\/2026\/02\/7bef0623-4886-4386-b670-d40bd55c45a5-624x468.jpg 624w, https:\/\/portal.pi.gov.br\/seres\/wp-content\/uploads\/sites\/87\/2026\/02\/7bef0623-4886-4386-b670-d40bd55c45a5.jpg 1280w\" sizes=\"(max-width: 1024px) 100vw, 1024px\" \/><\/figure>\n<\/figure>\n\n\n\n<p><\/p>\n\n\n\n<p>Fotos: Natalina Alves <\/p>\n","protected":false},"excerpt":{"rendered":"<p>Espa\u00e7o institucional, instalado em 2025, consolida compromissos entre Governo do Estado e movimento social para garantir direitos, prote\u00e7\u00e3o territorial e valoriza\u00e7\u00e3o das comunidades extrativistas. A Mesa de Di\u00e1logo Permanente das [&hellip;]<\/p>\n","protected":false},"author":1821,"featured_media":5702,"comment_status":"closed","ping_status":"closed","sticky":true,"template":"","format":"standard","meta":[],"categories":[34],"tags":[47,41],"featured_image_urls":{"full":["https:\/\/portal.pi.gov.br\/seres\/wp-content\/uploads\/sites\/87\/2026\/02\/7bef0623-4886-4386-b670-d40bd55c45a5.jpg",1280,960,false],"thumbnail":["https:\/\/portal.pi.gov.br\/seres\/wp-content\/uploads\/sites\/87\/2026\/02\/7bef0623-4886-4386-b670-d40bd55c45a5-150x150.jpg",150,150,true],"medium":["https:\/\/portal.pi.gov.br\/seres\/wp-content\/uploads\/sites\/87\/2026\/02\/7bef0623-4886-4386-b670-d40bd55c45a5-300x225.jpg",300,225,true],"medium_large":["https:\/\/portal.pi.gov.br\/seres\/wp-content\/uploads\/sites\/87\/2026\/02\/7bef0623-4886-4386-b670-d40bd55c45a5-768x576.jpg",768,576,true],"large":["https:\/\/portal.pi.gov.br\/seres\/wp-content\/uploads\/sites\/87\/2026\/02\/7bef0623-4886-4386-b670-d40bd55c45a5-1024x768.jpg",887,665,true],"sgg-420":["https:\/\/portal.pi.gov.br\/seres\/wp-content\/uploads\/sites\/87\/2026\/02\/7bef0623-4886-4386-b670-d40bd55c45a5-420x315.jpg",420,315,true],"sgg-540":["https:\/\/portal.pi.gov.br\/seres\/wp-content\/uploads\/sites\/87\/2026\/02\/7bef0623-4886-4386-b670-d40bd55c45a5-540x405.jpg",540,405,true],"sgg-780":["https:\/\/portal.pi.gov.br\/seres\/wp-content\/uploads\/sites\/87\/2026\/02\/7bef0623-4886-4386-b670-d40bd55c45a5-780x585.jpg",780,585,true],"1536x1536":["https:\/\/portal.pi.gov.br\/seres\/wp-content\/uploads\/sites\/87\/2026\/02\/7bef0623-4886-4386-b670-d40bd55c45a5.jpg",1280,960,false],"2048x2048":["https:\/\/portal.pi.gov.br\/seres\/wp-content\/uploads\/sites\/87\/2026\/02\/7bef0623-4886-4386-b670-d40bd55c45a5.jpg",1280,960,false],"homepage-slider":["https:\/\/portal.pi.gov.br\/seres\/wp-content\/uploads\/sites\/87\/2026\/02\/7bef0623-4886-4386-b670-d40bd55c45a5-1270x500.jpg",1270,500,true],"homepage-slider-small":["https:\/\/portal.pi.gov.br\/seres\/wp-content\/uploads\/sites\/87\/2026\/02\/7bef0623-4886-4386-b670-d40bd55c45a5-947x500.jpg",947,500,true],"page-top":["https:\/\/portal.pi.gov.br\/seres\/wp-content\/uploads\/sites\/87\/2026\/02\/7bef0623-4886-4386-b670-d40bd55c45a5-947x710.jpg",947,710,true],"page-small":["https:\/\/portal.pi.gov.br\/seres\/wp-content\/uploads\/sites\/87\/2026\/02\/7bef0623-4886-4386-b670-d40bd55c45a5-624x468.jpg",624,468,true],"loop-main":["https:\/\/portal.pi.gov.br\/seres\/wp-content\/uploads\/sites\/87\/2026\/02\/7bef0623-4886-4386-b670-d40bd55c45a5-365x240.jpg",365,240,true],"thumb-gallery-widget":["https:\/\/portal.pi.gov.br\/seres\/wp-content\/uploads\/sites\/87\/2026\/02\/7bef0623-4886-4386-b670-d40bd55c45a5-84x56.jpg",84,56,true]},"post_excerpt_stackable":"<p>Espa\u00e7o institucional, instalado em 2025, consolida compromissos entre Governo do Estado e movimento social para garantir direitos, prote\u00e7\u00e3o territorial e valoriza\u00e7\u00e3o das comunidades extrativistas. A Mesa de Di\u00e1logo Permanente das Quebradeiras de Coco do Piau\u00ed realizou, nesta ter\u00e7a-feira (24), a sua primeira reuni\u00e3o de 2026, refor\u00e7ando o compromisso com a continuidade das a\u00e7\u00f5es pactuadas e o fortalecimento das pol\u00edticas p\u00fablicas voltadas \u00e0s mulheres extrativistas do baba\u00e7u. A reuni\u00e3o foi coordenada pela secret\u00e1ria, N\u00fabia Lopes, e o diretor de rela\u00e7\u00f5es sociais e populares, Claudimir Gularte, al\u00e9m da coordenadora executiva do MIQCB regional Piau\u00ed, Marinalva Rodrigues. Instalada em 2025 pelo Governo do&hellip;<\/p>\n","category_list":"<a href=\"https:\/\/portal.pi.gov.br\/seres\/category\/noticias\/\" rel=\"category tag\">Not\u00edcias<\/a>","author_info":{"name":"alineraquel","url":"https:\/\/portal.pi.gov.br\/seres\/author\/alineraquel\/"},"comments_num":"0 coment\u00e1rio","featured_image_urls_v2":{"full":["https:\/\/portal.pi.gov.br\/seres\/wp-content\/uploads\/sites\/87\/2026\/02\/7bef0623-4886-4386-b670-d40bd55c45a5.jpg",1280,960,false],"thumbnail":["https:\/\/portal.pi.gov.br\/seres\/wp-content\/uploads\/sites\/87\/2026\/02\/7bef0623-4886-4386-b670-d40bd55c45a5-150x150.jpg",150,150,true],"medium":["https:\/\/portal.pi.gov.br\/seres\/wp-content\/uploads\/sites\/87\/2026\/02\/7bef0623-4886-4386-b670-d40bd55c45a5-300x225.jpg",300,225,true],"medium_large":["https:\/\/portal.pi.gov.br\/seres\/wp-content\/uploads\/sites\/87\/2026\/02\/7bef0623-4886-4386-b670-d40bd55c45a5-768x576.jpg",768,576,true],"large":["https:\/\/portal.pi.gov.br\/seres\/wp-content\/uploads\/sites\/87\/2026\/02\/7bef0623-4886-4386-b670-d40bd55c45a5-1024x768.jpg",887,665,true],"sgg-420":["https:\/\/portal.pi.gov.br\/seres\/wp-content\/uploads\/sites\/87\/2026\/02\/7bef0623-4886-4386-b670-d40bd55c45a5-420x315.jpg",420,315,true],"sgg-540":["https:\/\/portal.pi.gov.br\/seres\/wp-content\/uploads\/sites\/87\/2026\/02\/7bef0623-4886-4386-b670-d40bd55c45a5-540x405.jpg",540,405,true],"sgg-780":["https:\/\/portal.pi.gov.br\/seres\/wp-content\/uploads\/sites\/87\/2026\/02\/7bef0623-4886-4386-b670-d40bd55c45a5-780x585.jpg",780,585,true],"1536x1536":["https:\/\/portal.pi.gov.br\/seres\/wp-content\/uploads\/sites\/87\/2026\/02\/7bef0623-4886-4386-b670-d40bd55c45a5.jpg",1280,960,false],"2048x2048":["https:\/\/portal.pi.gov.br\/seres\/wp-content\/uploads\/sites\/87\/2026\/02\/7bef0623-4886-4386-b670-d40bd55c45a5.jpg",1280,960,false],"homepage-slider":["https:\/\/portal.pi.gov.br\/seres\/wp-content\/uploads\/sites\/87\/2026\/02\/7bef0623-4886-4386-b670-d40bd55c45a5-1270x500.jpg",1270,500,true],"homepage-slider-small":["https:\/\/portal.pi.gov.br\/seres\/wp-content\/uploads\/sites\/87\/2026\/02\/7bef0623-4886-4386-b670-d40bd55c45a5-947x500.jpg",947,500,true],"page-top":["https:\/\/portal.pi.gov.br\/seres\/wp-content\/uploads\/sites\/87\/2026\/02\/7bef0623-4886-4386-b670-d40bd55c45a5-947x710.jpg",947,710,true],"page-small":["https:\/\/portal.pi.gov.br\/seres\/wp-content\/uploads\/sites\/87\/2026\/02\/7bef0623-4886-4386-b670-d40bd55c45a5-624x468.jpg",624,468,true],"loop-main":["https:\/\/portal.pi.gov.br\/seres\/wp-content\/uploads\/sites\/87\/2026\/02\/7bef0623-4886-4386-b670-d40bd55c45a5-365x240.jpg",365,240,true],"thumb-gallery-widget":["https:\/\/portal.pi.gov.br\/seres\/wp-content\/uploads\/sites\/87\/2026\/02\/7bef0623-4886-4386-b670-d40bd55c45a5-84x56.jpg",84,56,true]},"post_excerpt_stackable_v2":"<p>Espa\u00e7o institucional, instalado em 2025, consolida compromissos entre Governo do Estado e movimento social para garantir direitos, prote\u00e7\u00e3o territorial e valoriza\u00e7\u00e3o das comunidades extrativistas. A Mesa de Di\u00e1logo Permanente das Quebradeiras de Coco do Piau\u00ed realizou, nesta ter\u00e7a-feira (24), a sua primeira reuni\u00e3o de 2026, refor\u00e7ando o compromisso com a continuidade das a\u00e7\u00f5es pactuadas e o fortalecimento das pol\u00edticas p\u00fablicas voltadas \u00e0s mulheres extrativistas do baba\u00e7u. A reuni\u00e3o foi coordenada pela secret\u00e1ria, N\u00fabia Lopes, e o diretor de rela\u00e7\u00f5es sociais e populares, Claudimir Gularte, al\u00e9m da coordenadora executiva do MIQCB regional Piau\u00ed, Marinalva Rodrigues. Instalada em 2025 pelo Governo do&hellip;<\/p>\n","category_list_v2":"<a href=\"https:\/\/portal.pi.gov.br\/seres\/category\/noticias\/\" rel=\"category tag\">Not\u00edcias<\/a>","author_info_v2":{"name":"alineraquel","url":"https:\/\/portal.pi.gov.br\/seres\/author\/alineraquel\/"},"comments_num_v2":"0 coment\u00e1rio","jetpack_featured_media_url":"https:\/\/portal.pi.gov.br\/seres\/wp-content\/uploads\/sites\/87\/2026\/02\/7bef0623-4886-4386-b670-d40bd55c45a5.jpg","_links":{"self":[{"href":"https:\/\/portal.pi.gov.br\/seres\/wp-json\/wp\/v2\/posts\/5709"}],"collection":[{"href":"https:\/\/portal.pi.gov.br\/seres\/wp-json\/wp\/v2\/posts"}],"about":[{"href":"https:\/\/portal.pi.gov.br\/seres\/wp-json\/wp\/v2\/types\/post"}],"author":[{"embeddable":true,"href":"https:\/\/portal.pi.gov.br\/seres\/wp-json\/wp\/v2\/users\/1821"}],"replies":[{"embeddable":true,"href":"https:\/\/portal.pi.gov.br\/seres\/wp-json\/wp\/v2\/comments?post=5709"}],"version-history":[{"count":2,"href":"https:\/\/portal.pi.gov.br\/seres\/wp-json\/wp\/v2\/posts\/5709\/revisions"}],"predecessor-version":[{"id":5711,"href":"https:\/\/portal.pi.gov.br\/seres\/wp-json\/wp\/v2\/posts\/5709\/revisions\/5711"}],"wp:featuredmedia":[{"embeddable":true,"href":"https:\/\/portal.pi.gov.br\/seres\/wp-json\/wp\/v2\/media\/5702"}],"wp:attachment":[{"href":"https:\/\/portal.pi.gov.br\/seres\/wp-json\/wp\/v2\/media?parent=5709"}],"wp:term":[{"taxonomy":"category","embeddable":true,"href":"https:\/\/portal.pi.gov.br\/seres\/wp-json\/wp\/v2\/categories?post=5709"},{"taxonomy":"post_tag","embeddable":true,"href":"https:\/\/portal.pi.gov.br\/seres\/wp-json\/wp\/v2\/tags?post=5709"}],"curies":[{"name":"wp","href":"https:\/\/api.w.org\/{rel}","templated":true}]}}