{"id":5727,"date":"2026-02-25T15:03:34","date_gmt":"2026-02-25T18:03:34","guid":{"rendered":"https:\/\/portal.pi.gov.br\/seres\/?p=5727"},"modified":"2026-02-25T15:04:59","modified_gmt":"2026-02-25T18:04:59","slug":"solenidade-marca-diplomacao-de-tecnicos-em-agentes-comunitarios-de-saude-e-agentes-de-combate-as-endemias-no-piaui","status":"publish","type":"post","link":"https:\/\/portal.pi.gov.br\/seres\/2026\/02\/25\/solenidade-marca-diplomacao-de-tecnicos-em-agentes-comunitarios-de-saude-e-agentes-de-combate-as-endemias-no-piaui\/","title":{"rendered":"Solenidade marca diploma\u00e7\u00e3o de t\u00e9cnicos em Agentes Comunit\u00e1rios de Sa\u00fade e Agentes de Combate \u00e0s Endemias no Piau\u00ed"},"content":{"rendered":"\n<p>A forma\u00e7\u00e3o t\u00e9cnica amplia a capacidade de atua\u00e7\u00e3o dos profissionais, fortalece as estrat\u00e9gias de vigil\u00e2ncia em sa\u00fade e contribui para a melhoria dos indicadores sanit\u00e1rios no estado. <\/p>\n\n\n\n<figure class=\"wp-block-image size-large\"><img decoding=\"async\" loading=\"lazy\" width=\"1024\" height=\"683\" src=\"https:\/\/portal.pi.gov.br\/seres\/wp-content\/uploads\/sites\/87\/2026\/02\/80fc1821-f4e1-4f8d-a6f3-78e7770698fb-1024x683.jpg\" alt=\"\" class=\"wp-image-5721\" srcset=\"https:\/\/portal.pi.gov.br\/seres\/wp-content\/uploads\/sites\/87\/2026\/02\/80fc1821-f4e1-4f8d-a6f3-78e7770698fb-1024x683.jpg 1024w, https:\/\/portal.pi.gov.br\/seres\/wp-content\/uploads\/sites\/87\/2026\/02\/80fc1821-f4e1-4f8d-a6f3-78e7770698fb-300x200.jpg 300w, https:\/\/portal.pi.gov.br\/seres\/wp-content\/uploads\/sites\/87\/2026\/02\/80fc1821-f4e1-4f8d-a6f3-78e7770698fb-768x512.jpg 768w, https:\/\/portal.pi.gov.br\/seres\/wp-content\/uploads\/sites\/87\/2026\/02\/80fc1821-f4e1-4f8d-a6f3-78e7770698fb-420x280.jpg 420w, https:\/\/portal.pi.gov.br\/seres\/wp-content\/uploads\/sites\/87\/2026\/02\/80fc1821-f4e1-4f8d-a6f3-78e7770698fb-540x360.jpg 540w, https:\/\/portal.pi.gov.br\/seres\/wp-content\/uploads\/sites\/87\/2026\/02\/80fc1821-f4e1-4f8d-a6f3-78e7770698fb-780x520.jpg 780w, https:\/\/portal.pi.gov.br\/seres\/wp-content\/uploads\/sites\/87\/2026\/02\/80fc1821-f4e1-4f8d-a6f3-78e7770698fb-947x632.jpg 947w, https:\/\/portal.pi.gov.br\/seres\/wp-content\/uploads\/sites\/87\/2026\/02\/80fc1821-f4e1-4f8d-a6f3-78e7770698fb-624x416.jpg 624w, https:\/\/portal.pi.gov.br\/seres\/wp-content\/uploads\/sites\/87\/2026\/02\/80fc1821-f4e1-4f8d-a6f3-78e7770698fb-84x56.jpg 84w, https:\/\/portal.pi.gov.br\/seres\/wp-content\/uploads\/sites\/87\/2026\/02\/80fc1821-f4e1-4f8d-a6f3-78e7770698fb.jpg 1280w\" sizes=\"(max-width: 1024px) 100vw, 1024px\" \/><\/figure>\n\n\n\n<p><\/p>\n\n\n\n<p>Representando o governador Rafael Fonteles, a secret\u00e1ria de Rela\u00e7\u00f5es Sociais N\u00fabia Lopes, participou nesta quarta-feira (25), da solenidade de diploma\u00e7\u00e3o dos t\u00e9cnicos em Agentes Comunit\u00e1rios de Sa\u00fade (TACS) e Agentes de Combate \u00e0s Endemias (TACE) do Estado do Piau\u00ed, refor\u00e7ando o compromisso do Governo do Estado com a qualifica\u00e7\u00e3o profissional e o fortalecimento da sa\u00fade p\u00fablica nos munic\u00edpios piauienses.<\/p>\n\n\n\n<p>A cerim\u00f4nia celebrou a conclus\u00e3o da forma\u00e7\u00e3o t\u00e9cnica de trabalhadores que desempenham papel estrat\u00e9gico na Aten\u00e7\u00e3o Prim\u00e1ria \u00e0 Sa\u00fade. Os Agentes Comunit\u00e1rios de Sa\u00fade e os Agentes de Combate \u00e0s Endemias s\u00e3o fundamentais na preven\u00e7\u00e3o de doen\u00e7as, no acompanhamento das fam\u00edlias, na promo\u00e7\u00e3o da sa\u00fade e no enfrentamento de surtos e epidemias, atuando diretamente nos territ\u00f3rios e garantindo que as pol\u00edticas p\u00fablicas cheguem a quem mais precisa.<\/p>\n\n\n\n<p>Durante a solenidade, a secret\u00e1ria destacou que a diploma\u00e7\u00e3o representa um avan\u00e7o concreto na consolida\u00e7\u00e3o de uma sa\u00fade mais eficiente, humanizada e pr\u00f3xima da popula\u00e7\u00e3o. \u201cHoje celebramos n\u00e3o apenas a entrega de diplomas, mas o fortalecimento de uma rede que cuida das pessoas todos os dias. Cada agente aqui formado representa mais presen\u00e7a do Estado nas comunidades, mais preven\u00e7\u00e3o, mais informa\u00e7\u00e3o e mais cuidado. O governador Rafael Fonteles tem reafirmado que investir na qualifica\u00e7\u00e3o desses profissionais \u00e9 investir diretamente na qualidade de vida do nosso povo\u201d, ressaltou.<\/p>\n\n\n\n<figure class=\"wp-block-image size-large\"><img decoding=\"async\" loading=\"lazy\" width=\"1024\" height=\"683\" src=\"https:\/\/portal.pi.gov.br\/seres\/wp-content\/uploads\/sites\/87\/2026\/02\/0f485540-bb9f-4bfe-9c6f-6e9359a95a6e-1024x683.jpg\" alt=\"\" class=\"wp-image-5718\" srcset=\"https:\/\/portal.pi.gov.br\/seres\/wp-content\/uploads\/sites\/87\/2026\/02\/0f485540-bb9f-4bfe-9c6f-6e9359a95a6e-1024x683.jpg 1024w, https:\/\/portal.pi.gov.br\/seres\/wp-content\/uploads\/sites\/87\/2026\/02\/0f485540-bb9f-4bfe-9c6f-6e9359a95a6e-300x200.jpg 300w, https:\/\/portal.pi.gov.br\/seres\/wp-content\/uploads\/sites\/87\/2026\/02\/0f485540-bb9f-4bfe-9c6f-6e9359a95a6e-768x512.jpg 768w, https:\/\/portal.pi.gov.br\/seres\/wp-content\/uploads\/sites\/87\/2026\/02\/0f485540-bb9f-4bfe-9c6f-6e9359a95a6e-420x280.jpg 420w, https:\/\/portal.pi.gov.br\/seres\/wp-content\/uploads\/sites\/87\/2026\/02\/0f485540-bb9f-4bfe-9c6f-6e9359a95a6e-540x360.jpg 540w, https:\/\/portal.pi.gov.br\/seres\/wp-content\/uploads\/sites\/87\/2026\/02\/0f485540-bb9f-4bfe-9c6f-6e9359a95a6e-780x520.jpg 780w, https:\/\/portal.pi.gov.br\/seres\/wp-content\/uploads\/sites\/87\/2026\/02\/0f485540-bb9f-4bfe-9c6f-6e9359a95a6e-947x632.jpg 947w, https:\/\/portal.pi.gov.br\/seres\/wp-content\/uploads\/sites\/87\/2026\/02\/0f485540-bb9f-4bfe-9c6f-6e9359a95a6e-624x416.jpg 624w, https:\/\/portal.pi.gov.br\/seres\/wp-content\/uploads\/sites\/87\/2026\/02\/0f485540-bb9f-4bfe-9c6f-6e9359a95a6e-84x56.jpg 84w, https:\/\/portal.pi.gov.br\/seres\/wp-content\/uploads\/sites\/87\/2026\/02\/0f485540-bb9f-4bfe-9c6f-6e9359a95a6e.jpg 1280w\" sizes=\"(max-width: 1024px) 100vw, 1024px\" \/><\/figure>\n\n\n\n<p><\/p>\n\n\n\n<p>O ministro da sa\u00fade, Alexandre Padilha, deixou sua mensagem de v\u00eddeo para todos os formandos e formandas, refor\u00e7ando a import\u00e2ncia do Programa Mais Sa\u00fade. &#8220;Voc\u00eas chegaram at\u00e9 aqui com muita dedica\u00e7\u00e3o, disciplina e um compromisso profundo com a vida das pessoas. Esse diploma representa n\u00e3o s\u00f3 a conquista profissional, mas tamb\u00e9m o reconhecimento do trabalho essencial que voc\u00eas realizam diariamente nas comunidades de todo o pa\u00eds. Os Agentes Comunit\u00e1rios de Sa\u00fade e Agentes de Endemias s\u00e3o a base do SUS. S\u00e3o voc\u00eas quem conhecem de perto as fam\u00edlias, as realidades dos territ\u00f3rios e as necessidades mais urgentes. Parab\u00e9ns a todos(as)!&#8221;, destacou.<\/p>\n\n\n\n<p>A forma\u00e7\u00e3o t\u00e9cnica amplia a capacidade de atua\u00e7\u00e3o dos profissionais, fortalece as estrat\u00e9gias de vigil\u00e2ncia em sa\u00fade e contribui para a melhoria dos indicadores sanit\u00e1rios no estado. O investimento em capacita\u00e7\u00e3o tamb\u00e9m demonstra a valoriza\u00e7\u00e3o desses trabalhadores, que s\u00e3o a linha de frente no cuidado di\u00e1rio com as fam\u00edlias piauienses.<\/p>\n\n\n\n<p>&#8220;Esta, sem d\u00favida, \u00e9 apenas uma das muitas vit\u00f3rias que ainda est\u00e3o por vir. Mais importante ainda, celebrarmos o in\u00edcio de um compromisso renovado com a vida, a sa\u00fade e o bem-estar das pessoas. Este \u00e9 um passo em dire\u00e7\u00e3o futuro, no qual cada um de n\u00f3s estar\u00e1 comprometido com o cuidado e a transforma\u00e7\u00e3o das realidades em que atuamos&#8221;, discursou a formanda Patr\u00edcia Jana\u00edna.<\/p>\n\n\n\n<p>A solenidade simbolizou, portanto, um marco para a sa\u00fade p\u00fablica do Piau\u00ed, reafirmando o compromisso da gest\u00e3o estadual com pol\u00edticas estruturantes, valoriza\u00e7\u00e3o profissional e amplia\u00e7\u00e3o do acesso a servi\u00e7os de qualidade.<\/p>\n\n\n\n<figure class=\"wp-block-gallery has-nested-images columns-default is-cropped wp-block-gallery-1 is-layout-flex\">\n<figure class=\"wp-block-image size-large\"><img decoding=\"async\" loading=\"lazy\" width=\"1024\" height=\"683\" data-id=\"5726\"  src=\"https:\/\/portal.pi.gov.br\/seres\/wp-content\/uploads\/sites\/87\/2026\/02\/def02f7f-16b0-488c-b06f-2a73e26479e9-1024x683.jpg\" alt=\"\" class=\"wp-image-5726\" srcset=\"https:\/\/portal.pi.gov.br\/seres\/wp-content\/uploads\/sites\/87\/2026\/02\/def02f7f-16b0-488c-b06f-2a73e26479e9-1024x683.jpg 1024w, https:\/\/portal.pi.gov.br\/seres\/wp-content\/uploads\/sites\/87\/2026\/02\/def02f7f-16b0-488c-b06f-2a73e26479e9-300x200.jpg 300w, https:\/\/portal.pi.gov.br\/seres\/wp-content\/uploads\/sites\/87\/2026\/02\/def02f7f-16b0-488c-b06f-2a73e26479e9-768x512.jpg 768w, https:\/\/portal.pi.gov.br\/seres\/wp-content\/uploads\/sites\/87\/2026\/02\/def02f7f-16b0-488c-b06f-2a73e26479e9-420x280.jpg 420w, https:\/\/portal.pi.gov.br\/seres\/wp-content\/uploads\/sites\/87\/2026\/02\/def02f7f-16b0-488c-b06f-2a73e26479e9-540x360.jpg 540w, https:\/\/portal.pi.gov.br\/seres\/wp-content\/uploads\/sites\/87\/2026\/02\/def02f7f-16b0-488c-b06f-2a73e26479e9-780x520.jpg 780w, https:\/\/portal.pi.gov.br\/seres\/wp-content\/uploads\/sites\/87\/2026\/02\/def02f7f-16b0-488c-b06f-2a73e26479e9-947x632.jpg 947w, https:\/\/portal.pi.gov.br\/seres\/wp-content\/uploads\/sites\/87\/2026\/02\/def02f7f-16b0-488c-b06f-2a73e26479e9-624x416.jpg 624w, https:\/\/portal.pi.gov.br\/seres\/wp-content\/uploads\/sites\/87\/2026\/02\/def02f7f-16b0-488c-b06f-2a73e26479e9-84x56.jpg 84w, https:\/\/portal.pi.gov.br\/seres\/wp-content\/uploads\/sites\/87\/2026\/02\/def02f7f-16b0-488c-b06f-2a73e26479e9.jpg 1280w\" sizes=\"(max-width: 1024px) 100vw, 1024px\" \/><\/figure>\n\n\n\n<figure class=\"wp-block-image size-large\"><img decoding=\"async\" loading=\"lazy\" width=\"1024\" height=\"683\" data-id=\"5725\"  src=\"https:\/\/portal.pi.gov.br\/seres\/wp-content\/uploads\/sites\/87\/2026\/02\/859d2ed8-1ae6-48a6-b035-dd8f8316fa8d-1024x683.jpg\" alt=\"\" class=\"wp-image-5725\" srcset=\"https:\/\/portal.pi.gov.br\/seres\/wp-content\/uploads\/sites\/87\/2026\/02\/859d2ed8-1ae6-48a6-b035-dd8f8316fa8d-1024x683.jpg 1024w, https:\/\/portal.pi.gov.br\/seres\/wp-content\/uploads\/sites\/87\/2026\/02\/859d2ed8-1ae6-48a6-b035-dd8f8316fa8d-300x200.jpg 300w, https:\/\/portal.pi.gov.br\/seres\/wp-content\/uploads\/sites\/87\/2026\/02\/859d2ed8-1ae6-48a6-b035-dd8f8316fa8d-768x512.jpg 768w, https:\/\/portal.pi.gov.br\/seres\/wp-content\/uploads\/sites\/87\/2026\/02\/859d2ed8-1ae6-48a6-b035-dd8f8316fa8d-420x280.jpg 420w, https:\/\/portal.pi.gov.br\/seres\/wp-content\/uploads\/sites\/87\/2026\/02\/859d2ed8-1ae6-48a6-b035-dd8f8316fa8d-540x360.jpg 540w, https:\/\/portal.pi.gov.br\/seres\/wp-content\/uploads\/sites\/87\/2026\/02\/859d2ed8-1ae6-48a6-b035-dd8f8316fa8d-780x520.jpg 780w, https:\/\/portal.pi.gov.br\/seres\/wp-content\/uploads\/sites\/87\/2026\/02\/859d2ed8-1ae6-48a6-b035-dd8f8316fa8d-947x632.jpg 947w, https:\/\/portal.pi.gov.br\/seres\/wp-content\/uploads\/sites\/87\/2026\/02\/859d2ed8-1ae6-48a6-b035-dd8f8316fa8d-624x416.jpg 624w, https:\/\/portal.pi.gov.br\/seres\/wp-content\/uploads\/sites\/87\/2026\/02\/859d2ed8-1ae6-48a6-b035-dd8f8316fa8d-84x56.jpg 84w, https:\/\/portal.pi.gov.br\/seres\/wp-content\/uploads\/sites\/87\/2026\/02\/859d2ed8-1ae6-48a6-b035-dd8f8316fa8d.jpg 1280w\" sizes=\"(max-width: 1024px) 100vw, 1024px\" \/><\/figure>\n\n\n\n<figure class=\"wp-block-image size-large\"><img decoding=\"async\" loading=\"lazy\" width=\"1024\" height=\"768\" data-id=\"5724\"  src=\"https:\/\/portal.pi.gov.br\/seres\/wp-content\/uploads\/sites\/87\/2026\/02\/a411ce1c-a292-498f-aa4d-97b7de8e59ab-1-1024x768.jpg\" alt=\"\" class=\"wp-image-5724\" srcset=\"https:\/\/portal.pi.gov.br\/seres\/wp-content\/uploads\/sites\/87\/2026\/02\/a411ce1c-a292-498f-aa4d-97b7de8e59ab-1-1024x768.jpg 1024w, https:\/\/portal.pi.gov.br\/seres\/wp-content\/uploads\/sites\/87\/2026\/02\/a411ce1c-a292-498f-aa4d-97b7de8e59ab-1-300x225.jpg 300w, https:\/\/portal.pi.gov.br\/seres\/wp-content\/uploads\/sites\/87\/2026\/02\/a411ce1c-a292-498f-aa4d-97b7de8e59ab-1-768x576.jpg 768w, https:\/\/portal.pi.gov.br\/seres\/wp-content\/uploads\/sites\/87\/2026\/02\/a411ce1c-a292-498f-aa4d-97b7de8e59ab-1-420x315.jpg 420w, https:\/\/portal.pi.gov.br\/seres\/wp-content\/uploads\/sites\/87\/2026\/02\/a411ce1c-a292-498f-aa4d-97b7de8e59ab-1-540x405.jpg 540w, https:\/\/portal.pi.gov.br\/seres\/wp-content\/uploads\/sites\/87\/2026\/02\/a411ce1c-a292-498f-aa4d-97b7de8e59ab-1-780x585.jpg 780w, https:\/\/portal.pi.gov.br\/seres\/wp-content\/uploads\/sites\/87\/2026\/02\/a411ce1c-a292-498f-aa4d-97b7de8e59ab-1-947x710.jpg 947w, https:\/\/portal.pi.gov.br\/seres\/wp-content\/uploads\/sites\/87\/2026\/02\/a411ce1c-a292-498f-aa4d-97b7de8e59ab-1-624x468.jpg 624w, https:\/\/portal.pi.gov.br\/seres\/wp-content\/uploads\/sites\/87\/2026\/02\/a411ce1c-a292-498f-aa4d-97b7de8e59ab-1.jpg 1280w\" sizes=\"(max-width: 1024px) 100vw, 1024px\" \/><\/figure>\n\n\n\n<figure class=\"wp-block-image size-large\"><img decoding=\"async\" loading=\"lazy\" width=\"1024\" height=\"576\" data-id=\"5723\"  src=\"https:\/\/portal.pi.gov.br\/seres\/wp-content\/uploads\/sites\/87\/2026\/02\/2331305a-6dfa-45a5-9b81-27d0af98b617-1024x576.jpg\" alt=\"\" class=\"wp-image-5723\" srcset=\"https:\/\/portal.pi.gov.br\/seres\/wp-content\/uploads\/sites\/87\/2026\/02\/2331305a-6dfa-45a5-9b81-27d0af98b617-1024x576.jpg 1024w, https:\/\/portal.pi.gov.br\/seres\/wp-content\/uploads\/sites\/87\/2026\/02\/2331305a-6dfa-45a5-9b81-27d0af98b617-300x169.jpg 300w, https:\/\/portal.pi.gov.br\/seres\/wp-content\/uploads\/sites\/87\/2026\/02\/2331305a-6dfa-45a5-9b81-27d0af98b617-768x432.jpg 768w, https:\/\/portal.pi.gov.br\/seres\/wp-content\/uploads\/sites\/87\/2026\/02\/2331305a-6dfa-45a5-9b81-27d0af98b617-420x236.jpg 420w, https:\/\/portal.pi.gov.br\/seres\/wp-content\/uploads\/sites\/87\/2026\/02\/2331305a-6dfa-45a5-9b81-27d0af98b617-540x304.jpg 540w, https:\/\/portal.pi.gov.br\/seres\/wp-content\/uploads\/sites\/87\/2026\/02\/2331305a-6dfa-45a5-9b81-27d0af98b617-780x439.jpg 780w, https:\/\/portal.pi.gov.br\/seres\/wp-content\/uploads\/sites\/87\/2026\/02\/2331305a-6dfa-45a5-9b81-27d0af98b617-947x533.jpg 947w, https:\/\/portal.pi.gov.br\/seres\/wp-content\/uploads\/sites\/87\/2026\/02\/2331305a-6dfa-45a5-9b81-27d0af98b617-624x351.jpg 624w, https:\/\/portal.pi.gov.br\/seres\/wp-content\/uploads\/sites\/87\/2026\/02\/2331305a-6dfa-45a5-9b81-27d0af98b617.jpg 1280w\" sizes=\"(max-width: 1024px) 100vw, 1024px\" \/><\/figure>\n\n\n\n<figure class=\"wp-block-image size-large\"><img decoding=\"async\" loading=\"lazy\" width=\"1024\" height=\"683\" data-id=\"5722\"  src=\"https:\/\/portal.pi.gov.br\/seres\/wp-content\/uploads\/sites\/87\/2026\/02\/cbf99ee9-63b3-4596-b802-6c1de4ba353c-1024x683.jpg\" alt=\"\" class=\"wp-image-5722\" srcset=\"https:\/\/portal.pi.gov.br\/seres\/wp-content\/uploads\/sites\/87\/2026\/02\/cbf99ee9-63b3-4596-b802-6c1de4ba353c-1024x683.jpg 1024w, https:\/\/portal.pi.gov.br\/seres\/wp-content\/uploads\/sites\/87\/2026\/02\/cbf99ee9-63b3-4596-b802-6c1de4ba353c-300x200.jpg 300w, https:\/\/portal.pi.gov.br\/seres\/wp-content\/uploads\/sites\/87\/2026\/02\/cbf99ee9-63b3-4596-b802-6c1de4ba353c-768x512.jpg 768w, https:\/\/portal.pi.gov.br\/seres\/wp-content\/uploads\/sites\/87\/2026\/02\/cbf99ee9-63b3-4596-b802-6c1de4ba353c-420x280.jpg 420w, https:\/\/portal.pi.gov.br\/seres\/wp-content\/uploads\/sites\/87\/2026\/02\/cbf99ee9-63b3-4596-b802-6c1de4ba353c-540x360.jpg 540w, https:\/\/portal.pi.gov.br\/seres\/wp-content\/uploads\/sites\/87\/2026\/02\/cbf99ee9-63b3-4596-b802-6c1de4ba353c-780x520.jpg 780w, https:\/\/portal.pi.gov.br\/seres\/wp-content\/uploads\/sites\/87\/2026\/02\/cbf99ee9-63b3-4596-b802-6c1de4ba353c-947x632.jpg 947w, https:\/\/portal.pi.gov.br\/seres\/wp-content\/uploads\/sites\/87\/2026\/02\/cbf99ee9-63b3-4596-b802-6c1de4ba353c-624x416.jpg 624w, https:\/\/portal.pi.gov.br\/seres\/wp-content\/uploads\/sites\/87\/2026\/02\/cbf99ee9-63b3-4596-b802-6c1de4ba353c-84x56.jpg 84w, https:\/\/portal.pi.gov.br\/seres\/wp-content\/uploads\/sites\/87\/2026\/02\/cbf99ee9-63b3-4596-b802-6c1de4ba353c.jpg 1280w\" sizes=\"(max-width: 1024px) 100vw, 1024px\" \/><\/figure>\n\n\n\n<figure class=\"wp-block-image size-large\"><img decoding=\"async\" loading=\"lazy\" width=\"1024\" height=\"683\" data-id=\"5720\"  src=\"https:\/\/portal.pi.gov.br\/seres\/wp-content\/uploads\/sites\/87\/2026\/02\/6f7eae49-1c0e-4665-a440-1954ca77f312-1024x683.jpg\" alt=\"\" class=\"wp-image-5720\" srcset=\"https:\/\/portal.pi.gov.br\/seres\/wp-content\/uploads\/sites\/87\/2026\/02\/6f7eae49-1c0e-4665-a440-1954ca77f312-1024x683.jpg 1024w, https:\/\/portal.pi.gov.br\/seres\/wp-content\/uploads\/sites\/87\/2026\/02\/6f7eae49-1c0e-4665-a440-1954ca77f312-300x200.jpg 300w, https:\/\/portal.pi.gov.br\/seres\/wp-content\/uploads\/sites\/87\/2026\/02\/6f7eae49-1c0e-4665-a440-1954ca77f312-768x512.jpg 768w, https:\/\/portal.pi.gov.br\/seres\/wp-content\/uploads\/sites\/87\/2026\/02\/6f7eae49-1c0e-4665-a440-1954ca77f312-420x280.jpg 420w, https:\/\/portal.pi.gov.br\/seres\/wp-content\/uploads\/sites\/87\/2026\/02\/6f7eae49-1c0e-4665-a440-1954ca77f312-540x360.jpg 540w, https:\/\/portal.pi.gov.br\/seres\/wp-content\/uploads\/sites\/87\/2026\/02\/6f7eae49-1c0e-4665-a440-1954ca77f312-780x520.jpg 780w, https:\/\/portal.pi.gov.br\/seres\/wp-content\/uploads\/sites\/87\/2026\/02\/6f7eae49-1c0e-4665-a440-1954ca77f312-947x632.jpg 947w, https:\/\/portal.pi.gov.br\/seres\/wp-content\/uploads\/sites\/87\/2026\/02\/6f7eae49-1c0e-4665-a440-1954ca77f312-624x416.jpg 624w, https:\/\/portal.pi.gov.br\/seres\/wp-content\/uploads\/sites\/87\/2026\/02\/6f7eae49-1c0e-4665-a440-1954ca77f312-84x56.jpg 84w, https:\/\/portal.pi.gov.br\/seres\/wp-content\/uploads\/sites\/87\/2026\/02\/6f7eae49-1c0e-4665-a440-1954ca77f312.jpg 1280w\" sizes=\"(max-width: 1024px) 100vw, 1024px\" \/><\/figure>\n\n\n\n<figure class=\"wp-block-image size-large\"><img decoding=\"async\" loading=\"lazy\" width=\"1024\" height=\"683\" data-id=\"5719\"  src=\"https:\/\/portal.pi.gov.br\/seres\/wp-content\/uploads\/sites\/87\/2026\/02\/2e0e61b3-5099-4c7b-96a3-b3595a46c2a8-1024x683.jpg\" alt=\"\" class=\"wp-image-5719\" srcset=\"https:\/\/portal.pi.gov.br\/seres\/wp-content\/uploads\/sites\/87\/2026\/02\/2e0e61b3-5099-4c7b-96a3-b3595a46c2a8-1024x683.jpg 1024w, https:\/\/portal.pi.gov.br\/seres\/wp-content\/uploads\/sites\/87\/2026\/02\/2e0e61b3-5099-4c7b-96a3-b3595a46c2a8-300x200.jpg 300w, https:\/\/portal.pi.gov.br\/seres\/wp-content\/uploads\/sites\/87\/2026\/02\/2e0e61b3-5099-4c7b-96a3-b3595a46c2a8-768x512.jpg 768w, https:\/\/portal.pi.gov.br\/seres\/wp-content\/uploads\/sites\/87\/2026\/02\/2e0e61b3-5099-4c7b-96a3-b3595a46c2a8-420x280.jpg 420w, https:\/\/portal.pi.gov.br\/seres\/wp-content\/uploads\/sites\/87\/2026\/02\/2e0e61b3-5099-4c7b-96a3-b3595a46c2a8-540x360.jpg 540w, https:\/\/portal.pi.gov.br\/seres\/wp-content\/uploads\/sites\/87\/2026\/02\/2e0e61b3-5099-4c7b-96a3-b3595a46c2a8-780x520.jpg 780w, https:\/\/portal.pi.gov.br\/seres\/wp-content\/uploads\/sites\/87\/2026\/02\/2e0e61b3-5099-4c7b-96a3-b3595a46c2a8-947x632.jpg 947w, https:\/\/portal.pi.gov.br\/seres\/wp-content\/uploads\/sites\/87\/2026\/02\/2e0e61b3-5099-4c7b-96a3-b3595a46c2a8-624x416.jpg 624w, https:\/\/portal.pi.gov.br\/seres\/wp-content\/uploads\/sites\/87\/2026\/02\/2e0e61b3-5099-4c7b-96a3-b3595a46c2a8-84x56.jpg 84w, https:\/\/portal.pi.gov.br\/seres\/wp-content\/uploads\/sites\/87\/2026\/02\/2e0e61b3-5099-4c7b-96a3-b3595a46c2a8.jpg 1280w\" sizes=\"(max-width: 1024px) 100vw, 1024px\" \/><\/figure>\n\n\n\n<figure class=\"wp-block-image size-large\"><img decoding=\"async\" loading=\"lazy\" width=\"1024\" height=\"768\" data-id=\"5717\"  src=\"https:\/\/portal.pi.gov.br\/seres\/wp-content\/uploads\/sites\/87\/2026\/02\/d3370b22-26bb-4345-8e6f-5379ead45b93-1024x768.jpg\" alt=\"\" class=\"wp-image-5717\" srcset=\"https:\/\/portal.pi.gov.br\/seres\/wp-content\/uploads\/sites\/87\/2026\/02\/d3370b22-26bb-4345-8e6f-5379ead45b93-1024x768.jpg 1024w, https:\/\/portal.pi.gov.br\/seres\/wp-content\/uploads\/sites\/87\/2026\/02\/d3370b22-26bb-4345-8e6f-5379ead45b93-300x225.jpg 300w, https:\/\/portal.pi.gov.br\/seres\/wp-content\/uploads\/sites\/87\/2026\/02\/d3370b22-26bb-4345-8e6f-5379ead45b93-768x576.jpg 768w, https:\/\/portal.pi.gov.br\/seres\/wp-content\/uploads\/sites\/87\/2026\/02\/d3370b22-26bb-4345-8e6f-5379ead45b93-420x315.jpg 420w, https:\/\/portal.pi.gov.br\/seres\/wp-content\/uploads\/sites\/87\/2026\/02\/d3370b22-26bb-4345-8e6f-5379ead45b93-540x405.jpg 540w, https:\/\/portal.pi.gov.br\/seres\/wp-content\/uploads\/sites\/87\/2026\/02\/d3370b22-26bb-4345-8e6f-5379ead45b93-780x585.jpg 780w, https:\/\/portal.pi.gov.br\/seres\/wp-content\/uploads\/sites\/87\/2026\/02\/d3370b22-26bb-4345-8e6f-5379ead45b93-947x710.jpg 947w, https:\/\/portal.pi.gov.br\/seres\/wp-content\/uploads\/sites\/87\/2026\/02\/d3370b22-26bb-4345-8e6f-5379ead45b93-624x468.jpg 624w, https:\/\/portal.pi.gov.br\/seres\/wp-content\/uploads\/sites\/87\/2026\/02\/d3370b22-26bb-4345-8e6f-5379ead45b93.jpg 1280w\" sizes=\"(max-width: 1024px) 100vw, 1024px\" \/><\/figure>\n\n\n\n<figure class=\"wp-block-image size-large\"><img decoding=\"async\" loading=\"lazy\" width=\"1024\" height=\"768\" data-id=\"5716\"  src=\"https:\/\/portal.pi.gov.br\/seres\/wp-content\/uploads\/sites\/87\/2026\/02\/a411ce1c-a292-498f-aa4d-97b7de8e59ab-1024x768.jpg\" alt=\"\" class=\"wp-image-5716\" srcset=\"https:\/\/portal.pi.gov.br\/seres\/wp-content\/uploads\/sites\/87\/2026\/02\/a411ce1c-a292-498f-aa4d-97b7de8e59ab-1024x768.jpg 1024w, https:\/\/portal.pi.gov.br\/seres\/wp-content\/uploads\/sites\/87\/2026\/02\/a411ce1c-a292-498f-aa4d-97b7de8e59ab-300x225.jpg 300w, https:\/\/portal.pi.gov.br\/seres\/wp-content\/uploads\/sites\/87\/2026\/02\/a411ce1c-a292-498f-aa4d-97b7de8e59ab-768x576.jpg 768w, https:\/\/portal.pi.gov.br\/seres\/wp-content\/uploads\/sites\/87\/2026\/02\/a411ce1c-a292-498f-aa4d-97b7de8e59ab-420x315.jpg 420w, https:\/\/portal.pi.gov.br\/seres\/wp-content\/uploads\/sites\/87\/2026\/02\/a411ce1c-a292-498f-aa4d-97b7de8e59ab-540x405.jpg 540w, https:\/\/portal.pi.gov.br\/seres\/wp-content\/uploads\/sites\/87\/2026\/02\/a411ce1c-a292-498f-aa4d-97b7de8e59ab-780x585.jpg 780w, https:\/\/portal.pi.gov.br\/seres\/wp-content\/uploads\/sites\/87\/2026\/02\/a411ce1c-a292-498f-aa4d-97b7de8e59ab-947x710.jpg 947w, https:\/\/portal.pi.gov.br\/seres\/wp-content\/uploads\/sites\/87\/2026\/02\/a411ce1c-a292-498f-aa4d-97b7de8e59ab-624x468.jpg 624w, https:\/\/portal.pi.gov.br\/seres\/wp-content\/uploads\/sites\/87\/2026\/02\/a411ce1c-a292-498f-aa4d-97b7de8e59ab.jpg 1280w\" sizes=\"(max-width: 1024px) 100vw, 1024px\" \/><\/figure>\n\n\n\n<figure class=\"wp-block-image size-large\"><img decoding=\"async\" loading=\"lazy\" width=\"768\" height=\"1024\" data-id=\"5715\"  src=\"https:\/\/portal.pi.gov.br\/seres\/wp-content\/uploads\/sites\/87\/2026\/02\/8dd22709-7c18-4387-a783-7631c2212226-768x1024.jpg\" alt=\"\" class=\"wp-image-5715\" srcset=\"https:\/\/portal.pi.gov.br\/seres\/wp-content\/uploads\/sites\/87\/2026\/02\/8dd22709-7c18-4387-a783-7631c2212226-768x1024.jpg 768w, https:\/\/portal.pi.gov.br\/seres\/wp-content\/uploads\/sites\/87\/2026\/02\/8dd22709-7c18-4387-a783-7631c2212226-225x300.jpg 225w, https:\/\/portal.pi.gov.br\/seres\/wp-content\/uploads\/sites\/87\/2026\/02\/8dd22709-7c18-4387-a783-7631c2212226-315x420.jpg 315w, https:\/\/portal.pi.gov.br\/seres\/wp-content\/uploads\/sites\/87\/2026\/02\/8dd22709-7c18-4387-a783-7631c2212226-405x540.jpg 405w, https:\/\/portal.pi.gov.br\/seres\/wp-content\/uploads\/sites\/87\/2026\/02\/8dd22709-7c18-4387-a783-7631c2212226-585x780.jpg 585w, https:\/\/portal.pi.gov.br\/seres\/wp-content\/uploads\/sites\/87\/2026\/02\/8dd22709-7c18-4387-a783-7631c2212226-947x1263.jpg 947w, https:\/\/portal.pi.gov.br\/seres\/wp-content\/uploads\/sites\/87\/2026\/02\/8dd22709-7c18-4387-a783-7631c2212226-624x832.jpg 624w, https:\/\/portal.pi.gov.br\/seres\/wp-content\/uploads\/sites\/87\/2026\/02\/8dd22709-7c18-4387-a783-7631c2212226.jpg 960w\" sizes=\"(max-width: 768px) 100vw, 768px\" \/><\/figure>\n\n\n\n<figure class=\"wp-block-image size-large\"><img decoding=\"async\" loading=\"lazy\" width=\"1024\" height=\"768\" data-id=\"5714\"  src=\"https:\/\/portal.pi.gov.br\/seres\/wp-content\/uploads\/sites\/87\/2026\/02\/06c2cad6-de0e-432a-9a86-67a2998dacca-1024x768.jpg\" alt=\"\" class=\"wp-image-5714\" srcset=\"https:\/\/portal.pi.gov.br\/seres\/wp-content\/uploads\/sites\/87\/2026\/02\/06c2cad6-de0e-432a-9a86-67a2998dacca-1024x768.jpg 1024w, https:\/\/portal.pi.gov.br\/seres\/wp-content\/uploads\/sites\/87\/2026\/02\/06c2cad6-de0e-432a-9a86-67a2998dacca-300x225.jpg 300w, https:\/\/portal.pi.gov.br\/seres\/wp-content\/uploads\/sites\/87\/2026\/02\/06c2cad6-de0e-432a-9a86-67a2998dacca-768x576.jpg 768w, https:\/\/portal.pi.gov.br\/seres\/wp-content\/uploads\/sites\/87\/2026\/02\/06c2cad6-de0e-432a-9a86-67a2998dacca-420x315.jpg 420w, https:\/\/portal.pi.gov.br\/seres\/wp-content\/uploads\/sites\/87\/2026\/02\/06c2cad6-de0e-432a-9a86-67a2998dacca-540x405.jpg 540w, https:\/\/portal.pi.gov.br\/seres\/wp-content\/uploads\/sites\/87\/2026\/02\/06c2cad6-de0e-432a-9a86-67a2998dacca-780x585.jpg 780w, https:\/\/portal.pi.gov.br\/seres\/wp-content\/uploads\/sites\/87\/2026\/02\/06c2cad6-de0e-432a-9a86-67a2998dacca-947x710.jpg 947w, https:\/\/portal.pi.gov.br\/seres\/wp-content\/uploads\/sites\/87\/2026\/02\/06c2cad6-de0e-432a-9a86-67a2998dacca-624x468.jpg 624w, https:\/\/portal.pi.gov.br\/seres\/wp-content\/uploads\/sites\/87\/2026\/02\/06c2cad6-de0e-432a-9a86-67a2998dacca.jpg 1280w\" sizes=\"(max-width: 1024px) 100vw, 1024px\" \/><\/figure>\n\n\n\n<figure class=\"wp-block-image size-large\"><img decoding=\"async\" loading=\"lazy\" width=\"1024\" height=\"768\" data-id=\"5713\"  src=\"https:\/\/portal.pi.gov.br\/seres\/wp-content\/uploads\/sites\/87\/2026\/02\/1e268459-ea57-4f34-87e8-4c540a5808e1-1024x768.jpg\" alt=\"\" class=\"wp-image-5713\" srcset=\"https:\/\/portal.pi.gov.br\/seres\/wp-content\/uploads\/sites\/87\/2026\/02\/1e268459-ea57-4f34-87e8-4c540a5808e1-1024x768.jpg 1024w, https:\/\/portal.pi.gov.br\/seres\/wp-content\/uploads\/sites\/87\/2026\/02\/1e268459-ea57-4f34-87e8-4c540a5808e1-300x225.jpg 300w, https:\/\/portal.pi.gov.br\/seres\/wp-content\/uploads\/sites\/87\/2026\/02\/1e268459-ea57-4f34-87e8-4c540a5808e1-768x576.jpg 768w, https:\/\/portal.pi.gov.br\/seres\/wp-content\/uploads\/sites\/87\/2026\/02\/1e268459-ea57-4f34-87e8-4c540a5808e1-420x315.jpg 420w, https:\/\/portal.pi.gov.br\/seres\/wp-content\/uploads\/sites\/87\/2026\/02\/1e268459-ea57-4f34-87e8-4c540a5808e1-540x405.jpg 540w, https:\/\/portal.pi.gov.br\/seres\/wp-content\/uploads\/sites\/87\/2026\/02\/1e268459-ea57-4f34-87e8-4c540a5808e1-780x585.jpg 780w, https:\/\/portal.pi.gov.br\/seres\/wp-content\/uploads\/sites\/87\/2026\/02\/1e268459-ea57-4f34-87e8-4c540a5808e1-947x710.jpg 947w, https:\/\/portal.pi.gov.br\/seres\/wp-content\/uploads\/sites\/87\/2026\/02\/1e268459-ea57-4f34-87e8-4c540a5808e1-624x468.jpg 624w, https:\/\/portal.pi.gov.br\/seres\/wp-content\/uploads\/sites\/87\/2026\/02\/1e268459-ea57-4f34-87e8-4c540a5808e1.jpg 1280w\" sizes=\"(max-width: 1024px) 100vw, 1024px\" \/><\/figure>\n<\/figure>\n\n\n\n<p><\/p>\n\n\n\n<p>Fotos: Natalina Alves<\/p>\n","protected":false},"excerpt":{"rendered":"<p>A forma\u00e7\u00e3o t\u00e9cnica amplia a capacidade de atua\u00e7\u00e3o dos profissionais, fortalece as estrat\u00e9gias de vigil\u00e2ncia em sa\u00fade e contribui para a melhoria dos indicadores sanit\u00e1rios no estado. Representando o governador [&hellip;]<\/p>\n","protected":false},"author":1821,"featured_media":5726,"comment_status":"closed","ping_status":"closed","sticky":true,"template":"","format":"standard","meta":[],"categories":[34],"tags":[47,41],"featured_image_urls":{"full":["https:\/\/portal.pi.gov.br\/seres\/wp-content\/uploads\/sites\/87\/2026\/02\/def02f7f-16b0-488c-b06f-2a73e26479e9.jpg",1280,854,false],"thumbnail":["https:\/\/portal.pi.gov.br\/seres\/wp-content\/uploads\/sites\/87\/2026\/02\/def02f7f-16b0-488c-b06f-2a73e26479e9-150x150.jpg",150,150,true],"medium":["https:\/\/portal.pi.gov.br\/seres\/wp-content\/uploads\/sites\/87\/2026\/02\/def02f7f-16b0-488c-b06f-2a73e26479e9-300x200.jpg",300,200,true],"medium_large":["https:\/\/portal.pi.gov.br\/seres\/wp-content\/uploads\/sites\/87\/2026\/02\/def02f7f-16b0-488c-b06f-2a73e26479e9-768x512.jpg",768,512,true],"large":["https:\/\/portal.pi.gov.br\/seres\/wp-content\/uploads\/sites\/87\/2026\/02\/def02f7f-16b0-488c-b06f-2a73e26479e9-1024x683.jpg",887,592,true],"sgg-420":["https:\/\/portal.pi.gov.br\/seres\/wp-content\/uploads\/sites\/87\/2026\/02\/def02f7f-16b0-488c-b06f-2a73e26479e9-420x280.jpg",420,280,true],"sgg-540":["https:\/\/portal.pi.gov.br\/seres\/wp-content\/uploads\/sites\/87\/2026\/02\/def02f7f-16b0-488c-b06f-2a73e26479e9-540x360.jpg",540,360,true],"sgg-780":["https:\/\/portal.pi.gov.br\/seres\/wp-content\/uploads\/sites\/87\/2026\/02\/def02f7f-16b0-488c-b06f-2a73e26479e9-780x520.jpg",780,520,true],"1536x1536":["https:\/\/portal.pi.gov.br\/seres\/wp-content\/uploads\/sites\/87\/2026\/02\/def02f7f-16b0-488c-b06f-2a73e26479e9.jpg",1280,854,false],"2048x2048":["https:\/\/portal.pi.gov.br\/seres\/wp-content\/uploads\/sites\/87\/2026\/02\/def02f7f-16b0-488c-b06f-2a73e26479e9.jpg",1280,854,false],"homepage-slider":["https:\/\/portal.pi.gov.br\/seres\/wp-content\/uploads\/sites\/87\/2026\/02\/def02f7f-16b0-488c-b06f-2a73e26479e9-1270x500.jpg",1270,500,true],"homepage-slider-small":["https:\/\/portal.pi.gov.br\/seres\/wp-content\/uploads\/sites\/87\/2026\/02\/def02f7f-16b0-488c-b06f-2a73e26479e9-947x500.jpg",947,500,true],"page-top":["https:\/\/portal.pi.gov.br\/seres\/wp-content\/uploads\/sites\/87\/2026\/02\/def02f7f-16b0-488c-b06f-2a73e26479e9-947x632.jpg",947,632,true],"page-small":["https:\/\/portal.pi.gov.br\/seres\/wp-content\/uploads\/sites\/87\/2026\/02\/def02f7f-16b0-488c-b06f-2a73e26479e9-624x416.jpg",624,416,true],"loop-main":["https:\/\/portal.pi.gov.br\/seres\/wp-content\/uploads\/sites\/87\/2026\/02\/def02f7f-16b0-488c-b06f-2a73e26479e9-365x240.jpg",365,240,true],"thumb-gallery-widget":["https:\/\/portal.pi.gov.br\/seres\/wp-content\/uploads\/sites\/87\/2026\/02\/def02f7f-16b0-488c-b06f-2a73e26479e9-84x56.jpg",84,56,true]},"post_excerpt_stackable":"<p>A forma\u00e7\u00e3o t\u00e9cnica amplia a capacidade de atua\u00e7\u00e3o dos profissionais, fortalece as estrat\u00e9gias de vigil\u00e2ncia em sa\u00fade e contribui para a melhoria dos indicadores sanit\u00e1rios no estado. Representando o governador Rafael Fonteles, a secret\u00e1ria de Rela\u00e7\u00f5es Sociais N\u00fabia Lopes, participou nesta quarta-feira (25), da solenidade de diploma\u00e7\u00e3o dos t\u00e9cnicos em Agentes Comunit\u00e1rios de Sa\u00fade (TACS) e Agentes de Combate \u00e0s Endemias (TACE) do Estado do Piau\u00ed, refor\u00e7ando o compromisso do Governo do Estado com a qualifica\u00e7\u00e3o profissional e o fortalecimento da sa\u00fade p\u00fablica nos munic\u00edpios piauienses. A cerim\u00f4nia celebrou a conclus\u00e3o da forma\u00e7\u00e3o t\u00e9cnica de trabalhadores que desempenham papel estrat\u00e9gico&hellip;<\/p>\n","category_list":"<a href=\"https:\/\/portal.pi.gov.br\/seres\/category\/noticias\/\" rel=\"category tag\">Not\u00edcias<\/a>","author_info":{"name":"alineraquel","url":"https:\/\/portal.pi.gov.br\/seres\/author\/alineraquel\/"},"comments_num":"0 coment\u00e1rio","featured_image_urls_v2":{"full":["https:\/\/portal.pi.gov.br\/seres\/wp-content\/uploads\/sites\/87\/2026\/02\/def02f7f-16b0-488c-b06f-2a73e26479e9.jpg",1280,854,false],"thumbnail":["https:\/\/portal.pi.gov.br\/seres\/wp-content\/uploads\/sites\/87\/2026\/02\/def02f7f-16b0-488c-b06f-2a73e26479e9-150x150.jpg",150,150,true],"medium":["https:\/\/portal.pi.gov.br\/seres\/wp-content\/uploads\/sites\/87\/2026\/02\/def02f7f-16b0-488c-b06f-2a73e26479e9-300x200.jpg",300,200,true],"medium_large":["https:\/\/portal.pi.gov.br\/seres\/wp-content\/uploads\/sites\/87\/2026\/02\/def02f7f-16b0-488c-b06f-2a73e26479e9-768x512.jpg",768,512,true],"large":["https:\/\/portal.pi.gov.br\/seres\/wp-content\/uploads\/sites\/87\/2026\/02\/def02f7f-16b0-488c-b06f-2a73e26479e9-1024x683.jpg",887,592,true],"sgg-420":["https:\/\/portal.pi.gov.br\/seres\/wp-content\/uploads\/sites\/87\/2026\/02\/def02f7f-16b0-488c-b06f-2a73e26479e9-420x280.jpg",420,280,true],"sgg-540":["https:\/\/portal.pi.gov.br\/seres\/wp-content\/uploads\/sites\/87\/2026\/02\/def02f7f-16b0-488c-b06f-2a73e26479e9-540x360.jpg",540,360,true],"sgg-780":["https:\/\/portal.pi.gov.br\/seres\/wp-content\/uploads\/sites\/87\/2026\/02\/def02f7f-16b0-488c-b06f-2a73e26479e9-780x520.jpg",780,520,true],"1536x1536":["https:\/\/portal.pi.gov.br\/seres\/wp-content\/uploads\/sites\/87\/2026\/02\/def02f7f-16b0-488c-b06f-2a73e26479e9.jpg",1280,854,false],"2048x2048":["https:\/\/portal.pi.gov.br\/seres\/wp-content\/uploads\/sites\/87\/2026\/02\/def02f7f-16b0-488c-b06f-2a73e26479e9.jpg",1280,854,false],"homepage-slider":["https:\/\/portal.pi.gov.br\/seres\/wp-content\/uploads\/sites\/87\/2026\/02\/def02f7f-16b0-488c-b06f-2a73e26479e9-1270x500.jpg",1270,500,true],"homepage-slider-small":["https:\/\/portal.pi.gov.br\/seres\/wp-content\/uploads\/sites\/87\/2026\/02\/def02f7f-16b0-488c-b06f-2a73e26479e9-947x500.jpg",947,500,true],"page-top":["https:\/\/portal.pi.gov.br\/seres\/wp-content\/uploads\/sites\/87\/2026\/02\/def02f7f-16b0-488c-b06f-2a73e26479e9-947x632.jpg",947,632,true],"page-small":["https:\/\/portal.pi.gov.br\/seres\/wp-content\/uploads\/sites\/87\/2026\/02\/def02f7f-16b0-488c-b06f-2a73e26479e9-624x416.jpg",624,416,true],"loop-main":["https:\/\/portal.pi.gov.br\/seres\/wp-content\/uploads\/sites\/87\/2026\/02\/def02f7f-16b0-488c-b06f-2a73e26479e9-365x240.jpg",365,240,true],"thumb-gallery-widget":["https:\/\/portal.pi.gov.br\/seres\/wp-content\/uploads\/sites\/87\/2026\/02\/def02f7f-16b0-488c-b06f-2a73e26479e9-84x56.jpg",84,56,true]},"post_excerpt_stackable_v2":"<p>A forma\u00e7\u00e3o t\u00e9cnica amplia a capacidade de atua\u00e7\u00e3o dos profissionais, fortalece as estrat\u00e9gias de vigil\u00e2ncia em sa\u00fade e contribui para a melhoria dos indicadores sanit\u00e1rios no estado. Representando o governador Rafael Fonteles, a secret\u00e1ria de Rela\u00e7\u00f5es Sociais N\u00fabia Lopes, participou nesta quarta-feira (25), da solenidade de diploma\u00e7\u00e3o dos t\u00e9cnicos em Agentes Comunit\u00e1rios de Sa\u00fade (TACS) e Agentes de Combate \u00e0s Endemias (TACE) do Estado do Piau\u00ed, refor\u00e7ando o compromisso do Governo do Estado com a qualifica\u00e7\u00e3o profissional e o fortalecimento da sa\u00fade p\u00fablica nos munic\u00edpios piauienses. A cerim\u00f4nia celebrou a conclus\u00e3o da forma\u00e7\u00e3o t\u00e9cnica de trabalhadores que desempenham papel estrat\u00e9gico&hellip;<\/p>\n","category_list_v2":"<a href=\"https:\/\/portal.pi.gov.br\/seres\/category\/noticias\/\" rel=\"category tag\">Not\u00edcias<\/a>","author_info_v2":{"name":"alineraquel","url":"https:\/\/portal.pi.gov.br\/seres\/author\/alineraquel\/"},"comments_num_v2":"0 coment\u00e1rio","jetpack_featured_media_url":"https:\/\/portal.pi.gov.br\/seres\/wp-content\/uploads\/sites\/87\/2026\/02\/def02f7f-16b0-488c-b06f-2a73e26479e9.jpg","_links":{"self":[{"href":"https:\/\/portal.pi.gov.br\/seres\/wp-json\/wp\/v2\/posts\/5727"}],"collection":[{"href":"https:\/\/portal.pi.gov.br\/seres\/wp-json\/wp\/v2\/posts"}],"about":[{"href":"https:\/\/portal.pi.gov.br\/seres\/wp-json\/wp\/v2\/types\/post"}],"author":[{"embeddable":true,"href":"https:\/\/portal.pi.gov.br\/seres\/wp-json\/wp\/v2\/users\/1821"}],"replies":[{"embeddable":true,"href":"https:\/\/portal.pi.gov.br\/seres\/wp-json\/wp\/v2\/comments?post=5727"}],"version-history":[{"count":1,"href":"https:\/\/portal.pi.gov.br\/seres\/wp-json\/wp\/v2\/posts\/5727\/revisions"}],"predecessor-version":[{"id":5728,"href":"https:\/\/portal.pi.gov.br\/seres\/wp-json\/wp\/v2\/posts\/5727\/revisions\/5728"}],"wp:featuredmedia":[{"embeddable":true,"href":"https:\/\/portal.pi.gov.br\/seres\/wp-json\/wp\/v2\/media\/5726"}],"wp:attachment":[{"href":"https:\/\/portal.pi.gov.br\/seres\/wp-json\/wp\/v2\/media?parent=5727"}],"wp:term":[{"taxonomy":"category","embeddable":true,"href":"https:\/\/portal.pi.gov.br\/seres\/wp-json\/wp\/v2\/categories?post=5727"},{"taxonomy":"post_tag","embeddable":true,"href":"https:\/\/portal.pi.gov.br\/seres\/wp-json\/wp\/v2\/tags?post=5727"}],"curies":[{"name":"wp","href":"https:\/\/api.w.org\/{rel}","templated":true}]}}