{"id":5731,"date":"2026-02-27T13:44:02","date_gmt":"2026-02-27T16:44:02","guid":{"rendered":"https:\/\/portal.pi.gov.br\/seres\/?p=5731"},"modified":"2026-02-27T13:56:56","modified_gmt":"2026-02-27T16:56:56","slug":"governo-do-piaui-anuncia-projeto-de-lei-que-preve-isencao-do-ipva-de-veiculos-de-motoristas-por-aplicativo","status":"publish","type":"post","link":"https:\/\/portal.pi.gov.br\/seres\/2026\/02\/27\/governo-do-piaui-anuncia-projeto-de-lei-que-preve-isencao-do-ipva-de-veiculos-de-motoristas-por-aplicativo\/","title":{"rendered":"Governo do Piau\u00ed anuncia projeto de lei que prev\u00ea isen\u00e7\u00e3o do IPVA de ve\u00edculos de motoristas por aplicativo"},"content":{"rendered":"\n<p>Os crit\u00e9rios para concess\u00e3o do benef\u00edcio ser\u00e3o definidos em projeto de lei a ser encaminhado para a Assembleia Legislativa.<\/p>\n\n\n\n<p>O governador Rafael Fonteles anunciou, nesta sexta-feira (27), por meio das redes sociais, que o Governo do Piau\u00ed ir\u00e1 encaminhar, na primeira semana de mar\u00e7o, \u00e0 Assembleia Legislativa do Piau\u00ed (Alepi), um projeto de lei que prev\u00ea a isen\u00e7\u00e3o do Imposto sobre a Propriedade de Ve\u00edculos Automotores (IPVA) para ve\u00edculos de propriedade de motoristas por aplicativo.<\/p>\n\n\n\n<p>A secret\u00e1ria de Rela\u00e7\u00f5es Sociais, N\u00fabia Lopes, comemorou a not\u00edcia. &#8220;Pessoal, estou aqui muito feliz, comemorando que o nosso governador Rafael Fonteles atendeu a reivindica\u00e7\u00e3o da categoria dos motoristas por aplicativos. \u00c9 IPVA zero no Piau\u00ed! Recebemos na nossa secretaria os membros das organiza\u00e7\u00f5es que representam a categoria dos aplicativos. E agora essa grande not\u00edcia, o governador atende a reivindica\u00e7\u00e3o dos trabalhadores que a partir de agora \u00e9 IPVA zero&#8221;.<\/p>\n\n\n\n<p><\/p>\n\n\n\n<figure class=\"wp-block-image size-full\"><img decoding=\"async\" loading=\"lazy\" width=\"1024\" height=\"737\" src=\"https:\/\/portal.pi.gov.br\/seres\/wp-content\/uploads\/sites\/87\/2026\/02\/WhatsApp-Image-2026-02-27-at-11.36.17-1024x737-1.jpeg\" alt=\"\" class=\"wp-image-5732\" srcset=\"https:\/\/portal.pi.gov.br\/seres\/wp-content\/uploads\/sites\/87\/2026\/02\/WhatsApp-Image-2026-02-27-at-11.36.17-1024x737-1.jpeg 1024w, https:\/\/portal.pi.gov.br\/seres\/wp-content\/uploads\/sites\/87\/2026\/02\/WhatsApp-Image-2026-02-27-at-11.36.17-1024x737-1-300x216.jpeg 300w, https:\/\/portal.pi.gov.br\/seres\/wp-content\/uploads\/sites\/87\/2026\/02\/WhatsApp-Image-2026-02-27-at-11.36.17-1024x737-1-768x553.jpeg 768w, https:\/\/portal.pi.gov.br\/seres\/wp-content\/uploads\/sites\/87\/2026\/02\/WhatsApp-Image-2026-02-27-at-11.36.17-1024x737-1-420x302.jpeg 420w, https:\/\/portal.pi.gov.br\/seres\/wp-content\/uploads\/sites\/87\/2026\/02\/WhatsApp-Image-2026-02-27-at-11.36.17-1024x737-1-540x389.jpeg 540w, https:\/\/portal.pi.gov.br\/seres\/wp-content\/uploads\/sites\/87\/2026\/02\/WhatsApp-Image-2026-02-27-at-11.36.17-1024x737-1-780x561.jpeg 780w, https:\/\/portal.pi.gov.br\/seres\/wp-content\/uploads\/sites\/87\/2026\/02\/WhatsApp-Image-2026-02-27-at-11.36.17-1024x737-1-947x682.jpeg 947w, https:\/\/portal.pi.gov.br\/seres\/wp-content\/uploads\/sites\/87\/2026\/02\/WhatsApp-Image-2026-02-27-at-11.36.17-1024x737-1-624x449.jpeg 624w\" sizes=\"(max-width: 1024px) 100vw, 1024px\" \/><\/figure>\n\n\n\n<p><\/p>\n\n\n\n<p>A proposta beneficia diretamente os motoristas por aplicativo, profissionais que desempenham papel fundamental na mobilidade urbana e contribuem com o direito de ir e vir da popula\u00e7\u00e3o piauiense.<\/p>\n\n\n\n<p>\u201cVamos definir o regramento de quem ter\u00e1 direito a esse benef\u00edcio, que depender\u00e1 de alguns crit\u00e9rios, como verificar se a pessoa n\u00e3o exerce outra atividade profissional e se realmente atua nos aplicativos. Tamb\u00e9m ser\u00e3o considerados fatores como n\u00famero de viagens realizadas e quantidade de horas trabalhadas. Essas informa\u00e7\u00f5es precisar\u00e3o ser fornecidas pelas empresas de aplicativo. O projeto ser\u00e1 encaminhado e, a partir dele, vamos estruturar todo o regramento e os crit\u00e9rios para a concess\u00e3o da isen\u00e7\u00e3o\u201d, explica o secret\u00e1rio da Fazenda, Em\u00edlio J\u00fanior.<\/p>\n\n\n\n<p><\/p>\n\n\n\n<p>Com a medida, os ve\u00edculos de propriedade de motoristas de aplicativo passam a integrar o grupo j\u00e1 contemplado com isen\u00e7\u00e3o do IPVA no estado. Atualmente, j\u00e1 s\u00e3o isentos motocicletas de at\u00e9 170 cilindradas, t\u00e1xis, ve\u00edculos com mais de 15 anos de fabrica\u00e7\u00e3o e ve\u00edculos oficiais, como ambul\u00e2ncias e viaturas, cuja isen\u00e7\u00e3o \u00e9 autom\u00e1tica. Tamb\u00e9m t\u00eam direito ao benef\u00edcio os ve\u00edculos destinados ao transporte de cargas e os pertencentes a Pessoas com Defici\u00eancia (PcD), nesses casos mediante solicita\u00e7\u00e3o on-line no site da Secretaria da Fazenda.<\/p>\n\n\n\n<p>Atualmente, pouco mais de 400 mil ve\u00edculos pagam efetivamente o IPVA no Piau\u00ed, embora o estado possua cerca de 1,56 milh\u00e3o de registros no Renavam. O dado evidencia o alcance das pol\u00edticas de desonera\u00e7\u00e3o adotadas pelo Governo do Estado, com o objetivo de reduzir custos para uma parcela significativa da popula\u00e7\u00e3o, estimular a economia e ampliar o poder de compra dos piauienses.<\/p>\n\n\n\n<p><\/p>\n\n\n\n<p><em>Com informa\u00e7\u00f5es do Governo do Piau\u00ed<\/em><\/p>\n","protected":false},"excerpt":{"rendered":"<p>Os crit\u00e9rios para concess\u00e3o do benef\u00edcio ser\u00e3o definidos em projeto de lei a ser encaminhado para a Assembleia Legislativa. O governador Rafael Fonteles anunciou, nesta sexta-feira (27), por meio das [&hellip;]<\/p>\n","protected":false},"author":1821,"featured_media":5730,"comment_status":"closed","ping_status":"closed","sticky":true,"template":"","format":"standard","meta":[],"categories":[34],"tags":[],"featured_image_urls":{"full":["https:\/\/portal.pi.gov.br\/seres\/wp-content\/uploads\/sites\/87\/2026\/02\/Fim-das-dividas-do-IPVA-com-Uber-e-99-Foto-Reproducao-Internet.jpg",1387,728,false],"thumbnail":["https:\/\/portal.pi.gov.br\/seres\/wp-content\/uploads\/sites\/87\/2026\/02\/Fim-das-dividas-do-IPVA-com-Uber-e-99-Foto-Reproducao-Internet-150x150.jpg",150,150,true],"medium":["https:\/\/portal.pi.gov.br\/seres\/wp-content\/uploads\/sites\/87\/2026\/02\/Fim-das-dividas-do-IPVA-com-Uber-e-99-Foto-Reproducao-Internet-300x157.jpg",300,157,true],"medium_large":["https:\/\/portal.pi.gov.br\/seres\/wp-content\/uploads\/sites\/87\/2026\/02\/Fim-das-dividas-do-IPVA-com-Uber-e-99-Foto-Reproducao-Internet-768x403.jpg",768,403,true],"large":["https:\/\/portal.pi.gov.br\/seres\/wp-content\/uploads\/sites\/87\/2026\/02\/Fim-das-dividas-do-IPVA-com-Uber-e-99-Foto-Reproducao-Internet-1024x537.jpg",887,465,true],"sgg-420":["https:\/\/portal.pi.gov.br\/seres\/wp-content\/uploads\/sites\/87\/2026\/02\/Fim-das-dividas-do-IPVA-com-Uber-e-99-Foto-Reproducao-Internet-420x220.jpg",420,220,true],"sgg-540":["https:\/\/portal.pi.gov.br\/seres\/wp-content\/uploads\/sites\/87\/2026\/02\/Fim-das-dividas-do-IPVA-com-Uber-e-99-Foto-Reproducao-Internet-540x283.jpg",540,283,true],"sgg-780":["https:\/\/portal.pi.gov.br\/seres\/wp-content\/uploads\/sites\/87\/2026\/02\/Fim-das-dividas-do-IPVA-com-Uber-e-99-Foto-Reproducao-Internet-780x409.jpg",780,409,true],"1536x1536":["https:\/\/portal.pi.gov.br\/seres\/wp-content\/uploads\/sites\/87\/2026\/02\/Fim-das-dividas-do-IPVA-com-Uber-e-99-Foto-Reproducao-Internet.jpg",1387,728,false],"2048x2048":["https:\/\/portal.pi.gov.br\/seres\/wp-content\/uploads\/sites\/87\/2026\/02\/Fim-das-dividas-do-IPVA-com-Uber-e-99-Foto-Reproducao-Internet.jpg",1387,728,false],"homepage-slider":["https:\/\/portal.pi.gov.br\/seres\/wp-content\/uploads\/sites\/87\/2026\/02\/Fim-das-dividas-do-IPVA-com-Uber-e-99-Foto-Reproducao-Internet-1270x500.jpg",1270,500,true],"homepage-slider-small":["https:\/\/portal.pi.gov.br\/seres\/wp-content\/uploads\/sites\/87\/2026\/02\/Fim-das-dividas-do-IPVA-com-Uber-e-99-Foto-Reproducao-Internet-947x500.jpg",947,500,true],"page-top":["https:\/\/portal.pi.gov.br\/seres\/wp-content\/uploads\/sites\/87\/2026\/02\/Fim-das-dividas-do-IPVA-com-Uber-e-99-Foto-Reproducao-Internet-947x497.jpg",947,497,true],"page-small":["https:\/\/portal.pi.gov.br\/seres\/wp-content\/uploads\/sites\/87\/2026\/02\/Fim-das-dividas-do-IPVA-com-Uber-e-99-Foto-Reproducao-Internet-624x328.jpg",624,328,true],"loop-main":["https:\/\/portal.pi.gov.br\/seres\/wp-content\/uploads\/sites\/87\/2026\/02\/Fim-das-dividas-do-IPVA-com-Uber-e-99-Foto-Reproducao-Internet-365x240.jpg",365,240,true],"thumb-gallery-widget":["https:\/\/portal.pi.gov.br\/seres\/wp-content\/uploads\/sites\/87\/2026\/02\/Fim-das-dividas-do-IPVA-com-Uber-e-99-Foto-Reproducao-Internet-84x56.jpg",84,56,true]},"post_excerpt_stackable":"<p>Os crit\u00e9rios para concess\u00e3o do benef\u00edcio ser\u00e3o definidos em projeto de lei a ser encaminhado para a Assembleia Legislativa. O governador Rafael Fonteles anunciou, nesta sexta-feira (27), por meio das redes sociais, que o Governo do Piau\u00ed ir\u00e1 encaminhar, na primeira semana de mar\u00e7o, \u00e0 Assembleia Legislativa do Piau\u00ed (Alepi), um projeto de lei que prev\u00ea a isen\u00e7\u00e3o do Imposto sobre a Propriedade de Ve\u00edculos Automotores (IPVA) para ve\u00edculos de propriedade de motoristas por aplicativo. A secret\u00e1ria de Rela\u00e7\u00f5es Sociais, N\u00fabia Lopes, comemorou a not\u00edcia. &#8220;Pessoal, estou aqui muito feliz, comemorando que o nosso governador Rafael Fonteles atendeu a reivindica\u00e7\u00e3o&hellip;<\/p>\n","category_list":"<a href=\"https:\/\/portal.pi.gov.br\/seres\/category\/noticias\/\" rel=\"category tag\">Not\u00edcias<\/a>","author_info":{"name":"alineraquel","url":"https:\/\/portal.pi.gov.br\/seres\/author\/alineraquel\/"},"comments_num":"0 coment\u00e1rio","featured_image_urls_v2":{"full":["https:\/\/portal.pi.gov.br\/seres\/wp-content\/uploads\/sites\/87\/2026\/02\/Fim-das-dividas-do-IPVA-com-Uber-e-99-Foto-Reproducao-Internet.jpg",1387,728,false],"thumbnail":["https:\/\/portal.pi.gov.br\/seres\/wp-content\/uploads\/sites\/87\/2026\/02\/Fim-das-dividas-do-IPVA-com-Uber-e-99-Foto-Reproducao-Internet-150x150.jpg",150,150,true],"medium":["https:\/\/portal.pi.gov.br\/seres\/wp-content\/uploads\/sites\/87\/2026\/02\/Fim-das-dividas-do-IPVA-com-Uber-e-99-Foto-Reproducao-Internet-300x157.jpg",300,157,true],"medium_large":["https:\/\/portal.pi.gov.br\/seres\/wp-content\/uploads\/sites\/87\/2026\/02\/Fim-das-dividas-do-IPVA-com-Uber-e-99-Foto-Reproducao-Internet-768x403.jpg",768,403,true],"large":["https:\/\/portal.pi.gov.br\/seres\/wp-content\/uploads\/sites\/87\/2026\/02\/Fim-das-dividas-do-IPVA-com-Uber-e-99-Foto-Reproducao-Internet-1024x537.jpg",887,465,true],"sgg-420":["https:\/\/portal.pi.gov.br\/seres\/wp-content\/uploads\/sites\/87\/2026\/02\/Fim-das-dividas-do-IPVA-com-Uber-e-99-Foto-Reproducao-Internet-420x220.jpg",420,220,true],"sgg-540":["https:\/\/portal.pi.gov.br\/seres\/wp-content\/uploads\/sites\/87\/2026\/02\/Fim-das-dividas-do-IPVA-com-Uber-e-99-Foto-Reproducao-Internet-540x283.jpg",540,283,true],"sgg-780":["https:\/\/portal.pi.gov.br\/seres\/wp-content\/uploads\/sites\/87\/2026\/02\/Fim-das-dividas-do-IPVA-com-Uber-e-99-Foto-Reproducao-Internet-780x409.jpg",780,409,true],"1536x1536":["https:\/\/portal.pi.gov.br\/seres\/wp-content\/uploads\/sites\/87\/2026\/02\/Fim-das-dividas-do-IPVA-com-Uber-e-99-Foto-Reproducao-Internet.jpg",1387,728,false],"2048x2048":["https:\/\/portal.pi.gov.br\/seres\/wp-content\/uploads\/sites\/87\/2026\/02\/Fim-das-dividas-do-IPVA-com-Uber-e-99-Foto-Reproducao-Internet.jpg",1387,728,false],"homepage-slider":["https:\/\/portal.pi.gov.br\/seres\/wp-content\/uploads\/sites\/87\/2026\/02\/Fim-das-dividas-do-IPVA-com-Uber-e-99-Foto-Reproducao-Internet-1270x500.jpg",1270,500,true],"homepage-slider-small":["https:\/\/portal.pi.gov.br\/seres\/wp-content\/uploads\/sites\/87\/2026\/02\/Fim-das-dividas-do-IPVA-com-Uber-e-99-Foto-Reproducao-Internet-947x500.jpg",947,500,true],"page-top":["https:\/\/portal.pi.gov.br\/seres\/wp-content\/uploads\/sites\/87\/2026\/02\/Fim-das-dividas-do-IPVA-com-Uber-e-99-Foto-Reproducao-Internet-947x497.jpg",947,497,true],"page-small":["https:\/\/portal.pi.gov.br\/seres\/wp-content\/uploads\/sites\/87\/2026\/02\/Fim-das-dividas-do-IPVA-com-Uber-e-99-Foto-Reproducao-Internet-624x328.jpg",624,328,true],"loop-main":["https:\/\/portal.pi.gov.br\/seres\/wp-content\/uploads\/sites\/87\/2026\/02\/Fim-das-dividas-do-IPVA-com-Uber-e-99-Foto-Reproducao-Internet-365x240.jpg",365,240,true],"thumb-gallery-widget":["https:\/\/portal.pi.gov.br\/seres\/wp-content\/uploads\/sites\/87\/2026\/02\/Fim-das-dividas-do-IPVA-com-Uber-e-99-Foto-Reproducao-Internet-84x56.jpg",84,56,true]},"post_excerpt_stackable_v2":"<p>Os crit\u00e9rios para concess\u00e3o do benef\u00edcio ser\u00e3o definidos em projeto de lei a ser encaminhado para a Assembleia Legislativa. O governador Rafael Fonteles anunciou, nesta sexta-feira (27), por meio das redes sociais, que o Governo do Piau\u00ed ir\u00e1 encaminhar, na primeira semana de mar\u00e7o, \u00e0 Assembleia Legislativa do Piau\u00ed (Alepi), um projeto de lei que prev\u00ea a isen\u00e7\u00e3o do Imposto sobre a Propriedade de Ve\u00edculos Automotores (IPVA) para ve\u00edculos de propriedade de motoristas por aplicativo. A secret\u00e1ria de Rela\u00e7\u00f5es Sociais, N\u00fabia Lopes, comemorou a not\u00edcia. &#8220;Pessoal, estou aqui muito feliz, comemorando que o nosso governador Rafael Fonteles atendeu a reivindica\u00e7\u00e3o&hellip;<\/p>\n","category_list_v2":"<a href=\"https:\/\/portal.pi.gov.br\/seres\/category\/noticias\/\" rel=\"category tag\">Not\u00edcias<\/a>","author_info_v2":{"name":"alineraquel","url":"https:\/\/portal.pi.gov.br\/seres\/author\/alineraquel\/"},"comments_num_v2":"0 coment\u00e1rio","jetpack_featured_media_url":"https:\/\/portal.pi.gov.br\/seres\/wp-content\/uploads\/sites\/87\/2026\/02\/Fim-das-dividas-do-IPVA-com-Uber-e-99-Foto-Reproducao-Internet.jpg","_links":{"self":[{"href":"https:\/\/portal.pi.gov.br\/seres\/wp-json\/wp\/v2\/posts\/5731"}],"collection":[{"href":"https:\/\/portal.pi.gov.br\/seres\/wp-json\/wp\/v2\/posts"}],"about":[{"href":"https:\/\/portal.pi.gov.br\/seres\/wp-json\/wp\/v2\/types\/post"}],"author":[{"embeddable":true,"href":"https:\/\/portal.pi.gov.br\/seres\/wp-json\/wp\/v2\/users\/1821"}],"replies":[{"embeddable":true,"href":"https:\/\/portal.pi.gov.br\/seres\/wp-json\/wp\/v2\/comments?post=5731"}],"version-history":[{"count":2,"href":"https:\/\/portal.pi.gov.br\/seres\/wp-json\/wp\/v2\/posts\/5731\/revisions"}],"predecessor-version":[{"id":5735,"href":"https:\/\/portal.pi.gov.br\/seres\/wp-json\/wp\/v2\/posts\/5731\/revisions\/5735"}],"wp:featuredmedia":[{"embeddable":true,"href":"https:\/\/portal.pi.gov.br\/seres\/wp-json\/wp\/v2\/media\/5730"}],"wp:attachment":[{"href":"https:\/\/portal.pi.gov.br\/seres\/wp-json\/wp\/v2\/media?parent=5731"}],"wp:term":[{"taxonomy":"category","embeddable":true,"href":"https:\/\/portal.pi.gov.br\/seres\/wp-json\/wp\/v2\/categories?post=5731"},{"taxonomy":"post_tag","embeddable":true,"href":"https:\/\/portal.pi.gov.br\/seres\/wp-json\/wp\/v2\/tags?post=5731"}],"curies":[{"name":"wp","href":"https:\/\/api.w.org\/{rel}","templated":true}]}}