{"id":5736,"date":"2026-02-27T14:22:21","date_gmt":"2026-02-27T17:22:21","guid":{"rendered":"https:\/\/portal.pi.gov.br\/seres\/?p=5736"},"modified":"2026-02-27T14:22:22","modified_gmt":"2026-02-27T17:22:22","slug":"seres-abre-edital-para-composicao-do-confoco-pi-e-fortalece-participacao-social-no-estado","status":"publish","type":"post","link":"https:\/\/portal.pi.gov.br\/seres\/2026\/02\/27\/seres-abre-edital-para-composicao-do-confoco-pi-e-fortalece-participacao-social-no-estado\/","title":{"rendered":"SERES abre edital para composi\u00e7\u00e3o do CONFOCO-PI e fortalece participa\u00e7\u00e3o social no Estado"},"content":{"rendered":"\n<p>A iniciativa refor\u00e7a o compromisso do Governo do Estado com o fortalecimento do terceiro setor, o controle social e a efetividade das pol\u00edticas p\u00fablicas desenvolvidas no territ\u00f3rio piauiense.<\/p>\n\n\n\n<figure class=\"wp-block-image size-large\"><img decoding=\"async\" loading=\"lazy\" width=\"1024\" height=\"576\" src=\"https:\/\/portal.pi.gov.br\/seres\/wp-content\/uploads\/sites\/87\/2026\/02\/paracambi-rio-de-janeiro-concurso-publico_widexl-1024x576.jpg\" alt=\"\" class=\"wp-image-5729\" srcset=\"https:\/\/portal.pi.gov.br\/seres\/wp-content\/uploads\/sites\/87\/2026\/02\/paracambi-rio-de-janeiro-concurso-publico_widexl-1024x576.jpg 1024w, https:\/\/portal.pi.gov.br\/seres\/wp-content\/uploads\/sites\/87\/2026\/02\/paracambi-rio-de-janeiro-concurso-publico_widexl-300x169.jpg 300w, https:\/\/portal.pi.gov.br\/seres\/wp-content\/uploads\/sites\/87\/2026\/02\/paracambi-rio-de-janeiro-concurso-publico_widexl-768x432.jpg 768w, https:\/\/portal.pi.gov.br\/seres\/wp-content\/uploads\/sites\/87\/2026\/02\/paracambi-rio-de-janeiro-concurso-publico_widexl-420x236.jpg 420w, https:\/\/portal.pi.gov.br\/seres\/wp-content\/uploads\/sites\/87\/2026\/02\/paracambi-rio-de-janeiro-concurso-publico_widexl-540x304.jpg 540w, https:\/\/portal.pi.gov.br\/seres\/wp-content\/uploads\/sites\/87\/2026\/02\/paracambi-rio-de-janeiro-concurso-publico_widexl-780x439.jpg 780w, https:\/\/portal.pi.gov.br\/seres\/wp-content\/uploads\/sites\/87\/2026\/02\/paracambi-rio-de-janeiro-concurso-publico_widexl-947x533.jpg 947w, https:\/\/portal.pi.gov.br\/seres\/wp-content\/uploads\/sites\/87\/2026\/02\/paracambi-rio-de-janeiro-concurso-publico_widexl-624x351.jpg 624w, https:\/\/portal.pi.gov.br\/seres\/wp-content\/uploads\/sites\/87\/2026\/02\/paracambi-rio-de-janeiro-concurso-publico_widexl.jpg 1200w\" sizes=\"(max-width: 1024px) 100vw, 1024px\" \/><\/figure>\n\n\n\n<p><\/p>\n\n\n\n<p>O Governo do Estado do Piau\u00ed, sob a lideran\u00e7a do governador Rafael Fonteles, avan\u00e7a no fortalecimento da participa\u00e7\u00e3o social e da transpar\u00eancia na gest\u00e3o p\u00fablica. Por meio da Secretaria de Rela\u00e7\u00f5es Sociais (SERES), foi publicado o Edital n\u00ba 01\/2026 para a forma\u00e7\u00e3o da primeira composi\u00e7\u00e3o do Conselho Estadual de Fomento e Colabora\u00e7\u00e3o (CONFOCO-PI).<\/p>\n\n\n\n<p>O colegiado ter\u00e1 papel estrat\u00e9gico no monitoramento, avalia\u00e7\u00e3o e aprimoramento das parcerias firmadas entre a administra\u00e7\u00e3o p\u00fablica estadual e as organiza\u00e7\u00f5es da sociedade civil, consolidando um modelo de governan\u00e7a baseado no di\u00e1logo permanente e na corresponsabilidade social.<\/p>\n\n\n\n<p>Ser\u00e3o selecionadas 12 organiza\u00e7\u00f5es titulares e 12 suplentes, para mandato de tr\u00eas anos. A iniciativa refor\u00e7a o compromisso do Governo do Estado com o fortalecimento do terceiro setor, o controle social e a efetividade das pol\u00edticas p\u00fablicas desenvolvidas no territ\u00f3rio piauiense.<\/p>\n\n\n\n<p>Podem participar do processo seletivo Organiza\u00e7\u00f5es da Sociedade Civil (OSCs) formalmente constitu\u00eddas, al\u00e9m de redes e movimentos sociais \u2014 mesmo sem personalidade jur\u00eddica \u2014 que atuem no estado.<\/p>\n\n\n\n<p>As vagas est\u00e3o distribu\u00eddas em categorias que contemplam entidades executoras de pol\u00edticas p\u00fablicas, organiza\u00e7\u00f5es de defesa de direitos e diversidade, bem como institui\u00e7\u00f5es dedicadas ao estudo e acompanhamento do Marco Regulat\u00f3rio das Organiza\u00e7\u00f5es da Sociedade Civil (MROSC). \u00c9 necess\u00e1rio comprovar, no m\u00ednimo, dois anos de funcionamento e atua\u00e7\u00e3o ativa.<\/p>\n\n\n\n<p>As inscri\u00e7\u00f5es devem ser realizadas exclusivamente pela internet, por meio da <a href=\"https:\/\/sigrp.pi.gov.br\/login\">plataforma eletr\u00f4nica SIGRP,<\/a> no per\u00edodo de 23 de fevereiro a 15 de mar\u00e7o de 2026. Para efetivar a candidatura, \u00e9 preciso preencher o formul\u00e1rio online e anexar a documenta\u00e7\u00e3o exigida, como CNPJ (quando houver), identifica\u00e7\u00e3o dos representantes, estatuto e materiais que comprovem o hist\u00f3rico de atua\u00e7\u00e3o no estado.<\/p>\n\n\n\n<p>A sele\u00e7\u00e3o seguir\u00e1 crit\u00e9rios objetivos de pontua\u00e7\u00e3o, considerando a experi\u00eancia em projetos sociais, a abrang\u00eancia territorial e a diversidade de p\u00fablicos atendidos.<\/p>\n\n\n\n<p>O edital tamb\u00e9m estabelece crit\u00e9rios de desempate que priorizam a representatividade de mulheres e de pessoas autodeclaradas pretas ou pardas na titularidade das organiza\u00e7\u00f5es. O resultado final est\u00e1 previsto para publica\u00e7\u00e3o no Di\u00e1rio Oficial do Estado no dia 31 de mar\u00e7o.<\/p>\n\n\n\n<p>A participa\u00e7\u00e3o no CONFOCO-PI \u00e9 considerada presta\u00e7\u00e3o de servi\u00e7o p\u00fablico relevante e n\u00e3o \u00e9 remunerada, refor\u00e7ando o car\u00e1ter volunt\u00e1rio e colaborativo da atua\u00e7\u00e3o no colegiado.<\/p>\n\n\n\n<p>Para orientar os interessados, a Comiss\u00e3o de Sele\u00e7\u00e3o realizou uma reuni\u00e3o h\u00edbrida que aconteceu ontem, dia 26 de fevereiro, no audit\u00f3rio do Espa\u00e7o da Cidadania Digital e contou com a participa\u00e7\u00e3o da secret\u00e1ria executiva do CONFOCO Nacional, Aldiza Soares.<\/p>\n","protected":false},"excerpt":{"rendered":"<p>A iniciativa refor\u00e7a o compromisso do Governo do Estado com o fortalecimento do terceiro setor, o controle social e a efetividade das pol\u00edticas p\u00fablicas desenvolvidas no territ\u00f3rio piauiense. O Governo [&hellip;]<\/p>\n","protected":false},"author":1821,"featured_media":5729,"comment_status":"closed","ping_status":"closed","sticky":true,"template":"","format":"standard","meta":[],"categories":[34],"tags":[47,41],"featured_image_urls":{"full":["https:\/\/portal.pi.gov.br\/seres\/wp-content\/uploads\/sites\/87\/2026\/02\/paracambi-rio-de-janeiro-concurso-publico_widexl.jpg",1200,675,false],"thumbnail":["https:\/\/portal.pi.gov.br\/seres\/wp-content\/uploads\/sites\/87\/2026\/02\/paracambi-rio-de-janeiro-concurso-publico_widexl-150x150.jpg",150,150,true],"medium":["https:\/\/portal.pi.gov.br\/seres\/wp-content\/uploads\/sites\/87\/2026\/02\/paracambi-rio-de-janeiro-concurso-publico_widexl-300x169.jpg",300,169,true],"medium_large":["https:\/\/portal.pi.gov.br\/seres\/wp-content\/uploads\/sites\/87\/2026\/02\/paracambi-rio-de-janeiro-concurso-publico_widexl-768x432.jpg",768,432,true],"large":["https:\/\/portal.pi.gov.br\/seres\/wp-content\/uploads\/sites\/87\/2026\/02\/paracambi-rio-de-janeiro-concurso-publico_widexl-1024x576.jpg",887,499,true],"sgg-420":["https:\/\/portal.pi.gov.br\/seres\/wp-content\/uploads\/sites\/87\/2026\/02\/paracambi-rio-de-janeiro-concurso-publico_widexl-420x236.jpg",420,236,true],"sgg-540":["https:\/\/portal.pi.gov.br\/seres\/wp-content\/uploads\/sites\/87\/2026\/02\/paracambi-rio-de-janeiro-concurso-publico_widexl-540x304.jpg",540,304,true],"sgg-780":["https:\/\/portal.pi.gov.br\/seres\/wp-content\/uploads\/sites\/87\/2026\/02\/paracambi-rio-de-janeiro-concurso-publico_widexl-780x439.jpg",780,439,true],"1536x1536":["https:\/\/portal.pi.gov.br\/seres\/wp-content\/uploads\/sites\/87\/2026\/02\/paracambi-rio-de-janeiro-concurso-publico_widexl.jpg",1200,675,false],"2048x2048":["https:\/\/portal.pi.gov.br\/seres\/wp-content\/uploads\/sites\/87\/2026\/02\/paracambi-rio-de-janeiro-concurso-publico_widexl.jpg",1200,675,false],"homepage-slider":["https:\/\/portal.pi.gov.br\/seres\/wp-content\/uploads\/sites\/87\/2026\/02\/paracambi-rio-de-janeiro-concurso-publico_widexl-1200x500.jpg",1200,500,true],"homepage-slider-small":["https:\/\/portal.pi.gov.br\/seres\/wp-content\/uploads\/sites\/87\/2026\/02\/paracambi-rio-de-janeiro-concurso-publico_widexl-947x500.jpg",947,500,true],"page-top":["https:\/\/portal.pi.gov.br\/seres\/wp-content\/uploads\/sites\/87\/2026\/02\/paracambi-rio-de-janeiro-concurso-publico_widexl-947x533.jpg",947,533,true],"page-small":["https:\/\/portal.pi.gov.br\/seres\/wp-content\/uploads\/sites\/87\/2026\/02\/paracambi-rio-de-janeiro-concurso-publico_widexl-624x351.jpg",624,351,true],"loop-main":["https:\/\/portal.pi.gov.br\/seres\/wp-content\/uploads\/sites\/87\/2026\/02\/paracambi-rio-de-janeiro-concurso-publico_widexl-365x240.jpg",365,240,true],"thumb-gallery-widget":["https:\/\/portal.pi.gov.br\/seres\/wp-content\/uploads\/sites\/87\/2026\/02\/paracambi-rio-de-janeiro-concurso-publico_widexl-84x56.jpg",84,56,true]},"post_excerpt_stackable":"<p>A iniciativa refor\u00e7a o compromisso do Governo do Estado com o fortalecimento do terceiro setor, o controle social e a efetividade das pol\u00edticas p\u00fablicas desenvolvidas no territ\u00f3rio piauiense. O Governo do Estado do Piau\u00ed, sob a lideran\u00e7a do governador Rafael Fonteles, avan\u00e7a no fortalecimento da participa\u00e7\u00e3o social e da transpar\u00eancia na gest\u00e3o p\u00fablica. Por meio da Secretaria de Rela\u00e7\u00f5es Sociais (SERES), foi publicado o Edital n\u00ba 01\/2026 para a forma\u00e7\u00e3o da primeira composi\u00e7\u00e3o do Conselho Estadual de Fomento e Colabora\u00e7\u00e3o (CONFOCO-PI). O colegiado ter\u00e1 papel estrat\u00e9gico no monitoramento, avalia\u00e7\u00e3o e aprimoramento das parcerias firmadas entre a administra\u00e7\u00e3o p\u00fablica estadual e&hellip;<\/p>\n","category_list":"<a href=\"https:\/\/portal.pi.gov.br\/seres\/category\/noticias\/\" rel=\"category tag\">Not\u00edcias<\/a>","author_info":{"name":"alineraquel","url":"https:\/\/portal.pi.gov.br\/seres\/author\/alineraquel\/"},"comments_num":"0 coment\u00e1rio","featured_image_urls_v2":{"full":["https:\/\/portal.pi.gov.br\/seres\/wp-content\/uploads\/sites\/87\/2026\/02\/paracambi-rio-de-janeiro-concurso-publico_widexl.jpg",1200,675,false],"thumbnail":["https:\/\/portal.pi.gov.br\/seres\/wp-content\/uploads\/sites\/87\/2026\/02\/paracambi-rio-de-janeiro-concurso-publico_widexl-150x150.jpg",150,150,true],"medium":["https:\/\/portal.pi.gov.br\/seres\/wp-content\/uploads\/sites\/87\/2026\/02\/paracambi-rio-de-janeiro-concurso-publico_widexl-300x169.jpg",300,169,true],"medium_large":["https:\/\/portal.pi.gov.br\/seres\/wp-content\/uploads\/sites\/87\/2026\/02\/paracambi-rio-de-janeiro-concurso-publico_widexl-768x432.jpg",768,432,true],"large":["https:\/\/portal.pi.gov.br\/seres\/wp-content\/uploads\/sites\/87\/2026\/02\/paracambi-rio-de-janeiro-concurso-publico_widexl-1024x576.jpg",887,499,true],"sgg-420":["https:\/\/portal.pi.gov.br\/seres\/wp-content\/uploads\/sites\/87\/2026\/02\/paracambi-rio-de-janeiro-concurso-publico_widexl-420x236.jpg",420,236,true],"sgg-540":["https:\/\/portal.pi.gov.br\/seres\/wp-content\/uploads\/sites\/87\/2026\/02\/paracambi-rio-de-janeiro-concurso-publico_widexl-540x304.jpg",540,304,true],"sgg-780":["https:\/\/portal.pi.gov.br\/seres\/wp-content\/uploads\/sites\/87\/2026\/02\/paracambi-rio-de-janeiro-concurso-publico_widexl-780x439.jpg",780,439,true],"1536x1536":["https:\/\/portal.pi.gov.br\/seres\/wp-content\/uploads\/sites\/87\/2026\/02\/paracambi-rio-de-janeiro-concurso-publico_widexl.jpg",1200,675,false],"2048x2048":["https:\/\/portal.pi.gov.br\/seres\/wp-content\/uploads\/sites\/87\/2026\/02\/paracambi-rio-de-janeiro-concurso-publico_widexl.jpg",1200,675,false],"homepage-slider":["https:\/\/portal.pi.gov.br\/seres\/wp-content\/uploads\/sites\/87\/2026\/02\/paracambi-rio-de-janeiro-concurso-publico_widexl-1200x500.jpg",1200,500,true],"homepage-slider-small":["https:\/\/portal.pi.gov.br\/seres\/wp-content\/uploads\/sites\/87\/2026\/02\/paracambi-rio-de-janeiro-concurso-publico_widexl-947x500.jpg",947,500,true],"page-top":["https:\/\/portal.pi.gov.br\/seres\/wp-content\/uploads\/sites\/87\/2026\/02\/paracambi-rio-de-janeiro-concurso-publico_widexl-947x533.jpg",947,533,true],"page-small":["https:\/\/portal.pi.gov.br\/seres\/wp-content\/uploads\/sites\/87\/2026\/02\/paracambi-rio-de-janeiro-concurso-publico_widexl-624x351.jpg",624,351,true],"loop-main":["https:\/\/portal.pi.gov.br\/seres\/wp-content\/uploads\/sites\/87\/2026\/02\/paracambi-rio-de-janeiro-concurso-publico_widexl-365x240.jpg",365,240,true],"thumb-gallery-widget":["https:\/\/portal.pi.gov.br\/seres\/wp-content\/uploads\/sites\/87\/2026\/02\/paracambi-rio-de-janeiro-concurso-publico_widexl-84x56.jpg",84,56,true]},"post_excerpt_stackable_v2":"<p>A iniciativa refor\u00e7a o compromisso do Governo do Estado com o fortalecimento do terceiro setor, o controle social e a efetividade das pol\u00edticas p\u00fablicas desenvolvidas no territ\u00f3rio piauiense. O Governo do Estado do Piau\u00ed, sob a lideran\u00e7a do governador Rafael Fonteles, avan\u00e7a no fortalecimento da participa\u00e7\u00e3o social e da transpar\u00eancia na gest\u00e3o p\u00fablica. Por meio da Secretaria de Rela\u00e7\u00f5es Sociais (SERES), foi publicado o Edital n\u00ba 01\/2026 para a forma\u00e7\u00e3o da primeira composi\u00e7\u00e3o do Conselho Estadual de Fomento e Colabora\u00e7\u00e3o (CONFOCO-PI). O colegiado ter\u00e1 papel estrat\u00e9gico no monitoramento, avalia\u00e7\u00e3o e aprimoramento das parcerias firmadas entre a administra\u00e7\u00e3o p\u00fablica estadual e&hellip;<\/p>\n","category_list_v2":"<a href=\"https:\/\/portal.pi.gov.br\/seres\/category\/noticias\/\" rel=\"category tag\">Not\u00edcias<\/a>","author_info_v2":{"name":"alineraquel","url":"https:\/\/portal.pi.gov.br\/seres\/author\/alineraquel\/"},"comments_num_v2":"0 coment\u00e1rio","jetpack_featured_media_url":"https:\/\/portal.pi.gov.br\/seres\/wp-content\/uploads\/sites\/87\/2026\/02\/paracambi-rio-de-janeiro-concurso-publico_widexl.jpg","_links":{"self":[{"href":"https:\/\/portal.pi.gov.br\/seres\/wp-json\/wp\/v2\/posts\/5736"}],"collection":[{"href":"https:\/\/portal.pi.gov.br\/seres\/wp-json\/wp\/v2\/posts"}],"about":[{"href":"https:\/\/portal.pi.gov.br\/seres\/wp-json\/wp\/v2\/types\/post"}],"author":[{"embeddable":true,"href":"https:\/\/portal.pi.gov.br\/seres\/wp-json\/wp\/v2\/users\/1821"}],"replies":[{"embeddable":true,"href":"https:\/\/portal.pi.gov.br\/seres\/wp-json\/wp\/v2\/comments?post=5736"}],"version-history":[{"count":1,"href":"https:\/\/portal.pi.gov.br\/seres\/wp-json\/wp\/v2\/posts\/5736\/revisions"}],"predecessor-version":[{"id":5737,"href":"https:\/\/portal.pi.gov.br\/seres\/wp-json\/wp\/v2\/posts\/5736\/revisions\/5737"}],"wp:featuredmedia":[{"embeddable":true,"href":"https:\/\/portal.pi.gov.br\/seres\/wp-json\/wp\/v2\/media\/5729"}],"wp:attachment":[{"href":"https:\/\/portal.pi.gov.br\/seres\/wp-json\/wp\/v2\/media?parent=5736"}],"wp:term":[{"taxonomy":"category","embeddable":true,"href":"https:\/\/portal.pi.gov.br\/seres\/wp-json\/wp\/v2\/categories?post=5736"},{"taxonomy":"post_tag","embeddable":true,"href":"https:\/\/portal.pi.gov.br\/seres\/wp-json\/wp\/v2\/tags?post=5736"}],"curies":[{"name":"wp","href":"https:\/\/api.w.org\/{rel}","templated":true}]}}