{"id":5884,"date":"2026-03-11T12:25:16","date_gmt":"2026-03-11T15:25:16","guid":{"rendered":"https:\/\/portal.pi.gov.br\/seres\/?p=5884"},"modified":"2026-03-16T12:52:27","modified_gmt":"2026-03-16T15:52:27","slug":"van-itinerante-do-opa-chega-a-picos-floriano-e-piripiri-para-mobilizar-entidades-e-ampliar-participacao-popular","status":"publish","type":"post","link":"https:\/\/portal.pi.gov.br\/seres\/2026\/03\/11\/van-itinerante-do-opa-chega-a-picos-floriano-e-piripiri-para-mobilizar-entidades-e-ampliar-participacao-popular\/","title":{"rendered":"Van Itinerante do OPA chega a Picos, Floriano e Piripiri para mobilizar entidades e ampliar participa\u00e7\u00e3o popular"},"content":{"rendered":"\n<p><\/p>\n\n\n\n<p>O Or\u00e7amento Participativo Digital (OPA) 2026\u20132027 segue com inscri\u00e7\u00f5es abertas para o cadastro de entidades e envio de propostas at\u00e9 o dia 20 de mar\u00e7o. Para fortalecer a participa\u00e7\u00e3o das comunidades nesse processo, o programa realiza esta semana a a\u00e7\u00e3o \u201cVan Itinerante OPA \u2013 As entidades no comando da transforma\u00e7\u00e3o\u201d, que passar\u00e1 pelos munic\u00edpios de Picos, Floriano e Piripiri.<\/p>\n\n\n\n<p>A iniciativa tem como objetivo aproximar ainda mais o programa das comunidades, destacando o papel das associa\u00e7\u00f5es e entidades como protagonistas na constru\u00e7\u00e3o das melhorias para seus bairros.<\/p>\n\n\n\n<p>\u201cA Van Itinerante do OPA \u00e9 uma forma de levar o programa para mais perto das comunidades, oferecendo orienta\u00e7\u00f5es e apoio no cadastro de entidades e propostas. Nesta semana estaremos em Picos, Floriano e Piripiri e, na pr\u00f3xima, a Van estar\u00e1 em Parna\u00edba e Teresina. A ideia \u00e9 mobilizar e fortalecer a participa\u00e7\u00e3o popular, garantindo que nenhuma comunidade que busca melhorias por meio de obras e servi\u00e7os fique de fora do OPA\u201d, explica Enia Meneses, diretora de Or\u00e7amento Participativo. <\/p>\n\n\n\n<figure class=\"wp-block-image size-large\"><img decoding=\"async\" loading=\"lazy\" width=\"1024\" height=\"768\" src=\"https:\/\/portal.pi.gov.br\/seres\/wp-content\/uploads\/sites\/87\/2026\/03\/image-1024x768.png\" alt=\"\" class=\"wp-image-5885\" srcset=\"https:\/\/portal.pi.gov.br\/seres\/wp-content\/uploads\/sites\/87\/2026\/03\/image-1024x768.png 1024w, https:\/\/portal.pi.gov.br\/seres\/wp-content\/uploads\/sites\/87\/2026\/03\/image-300x225.png 300w, https:\/\/portal.pi.gov.br\/seres\/wp-content\/uploads\/sites\/87\/2026\/03\/image-768x576.png 768w, https:\/\/portal.pi.gov.br\/seres\/wp-content\/uploads\/sites\/87\/2026\/03\/image-420x315.png 420w, https:\/\/portal.pi.gov.br\/seres\/wp-content\/uploads\/sites\/87\/2026\/03\/image-540x405.png 540w, https:\/\/portal.pi.gov.br\/seres\/wp-content\/uploads\/sites\/87\/2026\/03\/image-780x585.png 780w, https:\/\/portal.pi.gov.br\/seres\/wp-content\/uploads\/sites\/87\/2026\/03\/image-947x710.png 947w, https:\/\/portal.pi.gov.br\/seres\/wp-content\/uploads\/sites\/87\/2026\/03\/image-624x468.png 624w, https:\/\/portal.pi.gov.br\/seres\/wp-content\/uploads\/sites\/87\/2026\/03\/image.png 1280w\" sizes=\"(max-width: 1024px) 100vw, 1024px\" \/><\/figure>\n\n\n\n<p><\/p>\n\n\n\n<p>Durante a a\u00e7\u00e3o, a equipe do OPA estar\u00e1 dispon\u00edvel para oferecer: Cadastro de entidades no sistema do programa; Cadastro de propostas de obras e servi\u00e7os; Orienta\u00e7\u00f5es sobre a execu\u00e7\u00e3o de propostas eleitas em edi\u00e7\u00f5es anteriores; Esclarecimento de d\u00favidas sobre como participar do programa.<\/p>\n\n\n\n<p>A Van Itinerante estar\u00e1 em Picos na quarta-feira (11), das 9h \u00e0s 17h, na Pra\u00e7a F\u00e9lix Pacheco. Na quinta-feira (12) ser\u00e1 a vez de Floriano, tamb\u00e9m das 9h \u00e0s 17h, na Pra\u00e7a Dr. Sebasti\u00e3o Martins (Pra\u00e7a da Matriz). J\u00e1 Piripiri receber\u00e1 a a\u00e7\u00e3o na sexta-feira (13) e no s\u00e1bado (14), das 9h \u00e0s 17h, no Memorial Expedito Resende.<\/p>\n\n\n\n<p><strong>Como participar<\/strong><\/p>\n\n\n\n<p>Nesta edi\u00e7\u00e3o, o OPA contar\u00e1 com um investimento de R$ 80 milh\u00f5es, destinados aos munic\u00edpios de Teresina, Parna\u00edba, Picos, Piripiri e Floriano.<\/p>\n\n\n\n<p>As associa\u00e7\u00f5es e entidades comunit\u00e1rias podem se cadastrar e enviar propostas de obras e servi\u00e7os at\u00e9 o dia 20 de mar\u00e7o atrav\u00e9s do site opa.colab.re. Para participar, \u00e9 necess\u00e1rio atender aos crit\u00e9rios do edital, como possuir CNPJ ativo, estatuto, ata da diretoria vigente registrada em cart\u00f3rio, al\u00e9m da documenta\u00e7\u00e3o do respons\u00e1vel legal e comprovante de endere\u00e7o.<\/p>\n\n\n\n<p>A vota\u00e7\u00e3o popular ocorrer\u00e1 de 12 a 21 de junho, aberta a qualquer cidad\u00e3o a partir de 16 anos, com CPF. Todo o processo ser\u00e1 realizado de forma digital, por meio do Portal OPA, do aplicativo Colab e tamb\u00e9m pelo WhatsApp, al\u00e9m de pontos f\u00edsicos de apoio nos munic\u00edpios participantes.<\/p>\n\n\n\n<p>O ciclo do programa inclui cadastro das entidades, envio das propostas, an\u00e1lise de viabilidade e vota\u00e7\u00e3o popular. As propostas mais votadas ser\u00e3o incorporadas ao or\u00e7amento do Estado e executadas a partir de 2027, garantindo que as decis\u00f5es da popula\u00e7\u00e3o se transformem em obras e servi\u00e7os para as comunidades.<\/p>\n\n\n\n<p><\/p>\n\n\n\n<p>Por:\u00a0Gloria Gama (ASCOM SEPLAN) \/ Natalina Alves<\/p>\n","protected":false},"excerpt":{"rendered":"<p>O Or\u00e7amento Participativo Digital (OPA) 2026\u20132027 segue com inscri\u00e7\u00f5es abertas para o cadastro de entidades e envio de propostas at\u00e9 o dia 20 de mar\u00e7o. Para fortalecer a participa\u00e7\u00e3o das [&hellip;]<\/p>\n","protected":false},"author":1748,"featured_media":5886,"comment_status":"closed","ping_status":"closed","sticky":false,"template":"","format":"standard","meta":[],"categories":[34,1],"tags":[],"featured_image_urls":{"full":["https:\/\/portal.pi.gov.br\/seres\/wp-content\/uploads\/sites\/87\/2026\/03\/WhatsApp-Image-2026-03-11-at-11.45.01.jpeg",1200,950,false],"thumbnail":["https:\/\/portal.pi.gov.br\/seres\/wp-content\/uploads\/sites\/87\/2026\/03\/WhatsApp-Image-2026-03-11-at-11.45.01-150x150.jpeg",150,150,true],"medium":["https:\/\/portal.pi.gov.br\/seres\/wp-content\/uploads\/sites\/87\/2026\/03\/WhatsApp-Image-2026-03-11-at-11.45.01-300x238.jpeg",300,238,true],"medium_large":["https:\/\/portal.pi.gov.br\/seres\/wp-content\/uploads\/sites\/87\/2026\/03\/WhatsApp-Image-2026-03-11-at-11.45.01-768x608.jpeg",768,608,true],"large":["https:\/\/portal.pi.gov.br\/seres\/wp-content\/uploads\/sites\/87\/2026\/03\/WhatsApp-Image-2026-03-11-at-11.45.01-1024x811.jpeg",887,702,true],"sgg-420":["https:\/\/portal.pi.gov.br\/seres\/wp-content\/uploads\/sites\/87\/2026\/03\/WhatsApp-Image-2026-03-11-at-11.45.01-420x333.jpeg",420,333,true],"sgg-540":["https:\/\/portal.pi.gov.br\/seres\/wp-content\/uploads\/sites\/87\/2026\/03\/WhatsApp-Image-2026-03-11-at-11.45.01-540x428.jpeg",540,428,true],"sgg-780":["https:\/\/portal.pi.gov.br\/seres\/wp-content\/uploads\/sites\/87\/2026\/03\/WhatsApp-Image-2026-03-11-at-11.45.01-780x618.jpeg",780,618,true],"1536x1536":["https:\/\/portal.pi.gov.br\/seres\/wp-content\/uploads\/sites\/87\/2026\/03\/WhatsApp-Image-2026-03-11-at-11.45.01.jpeg",1200,950,false],"2048x2048":["https:\/\/portal.pi.gov.br\/seres\/wp-content\/uploads\/sites\/87\/2026\/03\/WhatsApp-Image-2026-03-11-at-11.45.01.jpeg",1200,950,false],"homepage-slider":["https:\/\/portal.pi.gov.br\/seres\/wp-content\/uploads\/sites\/87\/2026\/03\/WhatsApp-Image-2026-03-11-at-11.45.01-1200x500.jpeg",1200,500,true],"homepage-slider-small":["https:\/\/portal.pi.gov.br\/seres\/wp-content\/uploads\/sites\/87\/2026\/03\/WhatsApp-Image-2026-03-11-at-11.45.01-947x500.jpeg",947,500,true],"page-top":["https:\/\/portal.pi.gov.br\/seres\/wp-content\/uploads\/sites\/87\/2026\/03\/WhatsApp-Image-2026-03-11-at-11.45.01-947x750.jpeg",947,750,true],"page-small":["https:\/\/portal.pi.gov.br\/seres\/wp-content\/uploads\/sites\/87\/2026\/03\/WhatsApp-Image-2026-03-11-at-11.45.01-624x494.jpeg",624,494,true],"loop-main":["https:\/\/portal.pi.gov.br\/seres\/wp-content\/uploads\/sites\/87\/2026\/03\/WhatsApp-Image-2026-03-11-at-11.45.01-365x240.jpeg",365,240,true],"thumb-gallery-widget":["https:\/\/portal.pi.gov.br\/seres\/wp-content\/uploads\/sites\/87\/2026\/03\/WhatsApp-Image-2026-03-11-at-11.45.01-84x56.jpeg",84,56,true]},"post_excerpt_stackable":"<p>O Or\u00e7amento Participativo Digital (OPA) 2026\u20132027 segue com inscri\u00e7\u00f5es abertas para o cadastro de entidades e envio de propostas at\u00e9 o dia 20 de mar\u00e7o. Para fortalecer a participa\u00e7\u00e3o das comunidades nesse processo, o programa realiza esta semana a a\u00e7\u00e3o \u201cVan Itinerante OPA \u2013 As entidades no comando da transforma\u00e7\u00e3o\u201d, que passar\u00e1 pelos munic\u00edpios de Picos, Floriano e Piripiri. A iniciativa tem como objetivo aproximar ainda mais o programa das comunidades, destacando o papel das associa\u00e7\u00f5es e entidades como protagonistas na constru\u00e7\u00e3o das melhorias para seus bairros. \u201cA Van Itinerante do OPA \u00e9 uma forma de levar o programa para&hellip;<\/p>\n","category_list":"<a href=\"https:\/\/portal.pi.gov.br\/seres\/category\/noticias\/\" rel=\"category tag\">Not\u00edcias<\/a>, <a href=\"https:\/\/portal.pi.gov.br\/seres\/category\/sem-categoria\/\" rel=\"category tag\">Sem categoria<\/a>","author_info":{"name":"natalina","url":"https:\/\/portal.pi.gov.br\/seres\/author\/natalina\/"},"comments_num":"0 coment\u00e1rio","featured_image_urls_v2":{"full":["https:\/\/portal.pi.gov.br\/seres\/wp-content\/uploads\/sites\/87\/2026\/03\/WhatsApp-Image-2026-03-11-at-11.45.01.jpeg",1200,950,false],"thumbnail":["https:\/\/portal.pi.gov.br\/seres\/wp-content\/uploads\/sites\/87\/2026\/03\/WhatsApp-Image-2026-03-11-at-11.45.01-150x150.jpeg",150,150,true],"medium":["https:\/\/portal.pi.gov.br\/seres\/wp-content\/uploads\/sites\/87\/2026\/03\/WhatsApp-Image-2026-03-11-at-11.45.01-300x238.jpeg",300,238,true],"medium_large":["https:\/\/portal.pi.gov.br\/seres\/wp-content\/uploads\/sites\/87\/2026\/03\/WhatsApp-Image-2026-03-11-at-11.45.01-768x608.jpeg",768,608,true],"large":["https:\/\/portal.pi.gov.br\/seres\/wp-content\/uploads\/sites\/87\/2026\/03\/WhatsApp-Image-2026-03-11-at-11.45.01-1024x811.jpeg",887,702,true],"sgg-420":["https:\/\/portal.pi.gov.br\/seres\/wp-content\/uploads\/sites\/87\/2026\/03\/WhatsApp-Image-2026-03-11-at-11.45.01-420x333.jpeg",420,333,true],"sgg-540":["https:\/\/portal.pi.gov.br\/seres\/wp-content\/uploads\/sites\/87\/2026\/03\/WhatsApp-Image-2026-03-11-at-11.45.01-540x428.jpeg",540,428,true],"sgg-780":["https:\/\/portal.pi.gov.br\/seres\/wp-content\/uploads\/sites\/87\/2026\/03\/WhatsApp-Image-2026-03-11-at-11.45.01-780x618.jpeg",780,618,true],"1536x1536":["https:\/\/portal.pi.gov.br\/seres\/wp-content\/uploads\/sites\/87\/2026\/03\/WhatsApp-Image-2026-03-11-at-11.45.01.jpeg",1200,950,false],"2048x2048":["https:\/\/portal.pi.gov.br\/seres\/wp-content\/uploads\/sites\/87\/2026\/03\/WhatsApp-Image-2026-03-11-at-11.45.01.jpeg",1200,950,false],"homepage-slider":["https:\/\/portal.pi.gov.br\/seres\/wp-content\/uploads\/sites\/87\/2026\/03\/WhatsApp-Image-2026-03-11-at-11.45.01-1200x500.jpeg",1200,500,true],"homepage-slider-small":["https:\/\/portal.pi.gov.br\/seres\/wp-content\/uploads\/sites\/87\/2026\/03\/WhatsApp-Image-2026-03-11-at-11.45.01-947x500.jpeg",947,500,true],"page-top":["https:\/\/portal.pi.gov.br\/seres\/wp-content\/uploads\/sites\/87\/2026\/03\/WhatsApp-Image-2026-03-11-at-11.45.01-947x750.jpeg",947,750,true],"page-small":["https:\/\/portal.pi.gov.br\/seres\/wp-content\/uploads\/sites\/87\/2026\/03\/WhatsApp-Image-2026-03-11-at-11.45.01-624x494.jpeg",624,494,true],"loop-main":["https:\/\/portal.pi.gov.br\/seres\/wp-content\/uploads\/sites\/87\/2026\/03\/WhatsApp-Image-2026-03-11-at-11.45.01-365x240.jpeg",365,240,true],"thumb-gallery-widget":["https:\/\/portal.pi.gov.br\/seres\/wp-content\/uploads\/sites\/87\/2026\/03\/WhatsApp-Image-2026-03-11-at-11.45.01-84x56.jpeg",84,56,true]},"post_excerpt_stackable_v2":"<p>O Or\u00e7amento Participativo Digital (OPA) 2026\u20132027 segue com inscri\u00e7\u00f5es abertas para o cadastro de entidades e envio de propostas at\u00e9 o dia 20 de mar\u00e7o. Para fortalecer a participa\u00e7\u00e3o das comunidades nesse processo, o programa realiza esta semana a a\u00e7\u00e3o \u201cVan Itinerante OPA \u2013 As entidades no comando da transforma\u00e7\u00e3o\u201d, que passar\u00e1 pelos munic\u00edpios de Picos, Floriano e Piripiri. A iniciativa tem como objetivo aproximar ainda mais o programa das comunidades, destacando o papel das associa\u00e7\u00f5es e entidades como protagonistas na constru\u00e7\u00e3o das melhorias para seus bairros. \u201cA Van Itinerante do OPA \u00e9 uma forma de levar o programa para&hellip;<\/p>\n","category_list_v2":"<a href=\"https:\/\/portal.pi.gov.br\/seres\/category\/noticias\/\" rel=\"category tag\">Not\u00edcias<\/a>, <a href=\"https:\/\/portal.pi.gov.br\/seres\/category\/sem-categoria\/\" rel=\"category tag\">Sem categoria<\/a>","author_info_v2":{"name":"natalina","url":"https:\/\/portal.pi.gov.br\/seres\/author\/natalina\/"},"comments_num_v2":"0 coment\u00e1rio","jetpack_featured_media_url":"https:\/\/portal.pi.gov.br\/seres\/wp-content\/uploads\/sites\/87\/2026\/03\/WhatsApp-Image-2026-03-11-at-11.45.01.jpeg","_links":{"self":[{"href":"https:\/\/portal.pi.gov.br\/seres\/wp-json\/wp\/v2\/posts\/5884"}],"collection":[{"href":"https:\/\/portal.pi.gov.br\/seres\/wp-json\/wp\/v2\/posts"}],"about":[{"href":"https:\/\/portal.pi.gov.br\/seres\/wp-json\/wp\/v2\/types\/post"}],"author":[{"embeddable":true,"href":"https:\/\/portal.pi.gov.br\/seres\/wp-json\/wp\/v2\/users\/1748"}],"replies":[{"embeddable":true,"href":"https:\/\/portal.pi.gov.br\/seres\/wp-json\/wp\/v2\/comments?post=5884"}],"version-history":[{"count":3,"href":"https:\/\/portal.pi.gov.br\/seres\/wp-json\/wp\/v2\/posts\/5884\/revisions"}],"predecessor-version":[{"id":5922,"href":"https:\/\/portal.pi.gov.br\/seres\/wp-json\/wp\/v2\/posts\/5884\/revisions\/5922"}],"wp:featuredmedia":[{"embeddable":true,"href":"https:\/\/portal.pi.gov.br\/seres\/wp-json\/wp\/v2\/media\/5886"}],"wp:attachment":[{"href":"https:\/\/portal.pi.gov.br\/seres\/wp-json\/wp\/v2\/media?parent=5884"}],"wp:term":[{"taxonomy":"category","embeddable":true,"href":"https:\/\/portal.pi.gov.br\/seres\/wp-json\/wp\/v2\/categories?post=5884"},{"taxonomy":"post_tag","embeddable":true,"href":"https:\/\/portal.pi.gov.br\/seres\/wp-json\/wp\/v2\/tags?post=5884"}],"curies":[{"name":"wp","href":"https:\/\/api.w.org\/{rel}","templated":true}]}}