{"id":5889,"date":"2026-03-16T11:36:04","date_gmt":"2026-03-16T14:36:04","guid":{"rendered":"https:\/\/portal.pi.gov.br\/seres\/?p=5889"},"modified":"2026-03-16T12:54:18","modified_gmt":"2026-03-16T15:54:18","slug":"opa-2026-2027-entidades-podem-cadastrar-propostas-de-obras-e-servicos-ate-sexta-20","status":"publish","type":"post","link":"https:\/\/portal.pi.gov.br\/seres\/2026\/03\/16\/opa-2026-2027-entidades-podem-cadastrar-propostas-de-obras-e-servicos-ate-sexta-20\/","title":{"rendered":"OPA 2026-2027: entidades podem cadastrar propostas de obras e servi\u00e7os at\u00e9 sexta (20)"},"content":{"rendered":"\n<p><em>Nesta edi\u00e7\u00e3o, o programa contar\u00e1 com R$ 80 milh\u00f5es em investimentos, destinados aos munic\u00edpios de Teresina, Parna\u00edba, Picos, Piripiri e Floriano.<\/em><\/p>\n\n\n\n<p>As associa\u00e7\u00f5es e entidades comunit\u00e1rias t\u00eam at\u00e9 a pr\u00f3xima sexta-feira, 20 de mar\u00e7o, para efetuar o cadastro e enviar propostas de obras e servi\u00e7os no Or\u00e7amento Participativo Digital (OPA) 2026-2027. Nesta \u00faltima semana do prazo, a expectativa \u00e9 ampliar ainda mais a participa\u00e7\u00e3o das comunidades nos cinco munic\u00edpios participantes: Teresina, Parna\u00edba, Piripiri, Picos e Floriano.<\/p>\n\n\n\n<p>O cadastro \u00e9 feito de forma online pelo site&nbsp;<a href=\"http:\/\/opa.colab.re\/\">opa.colab.re<\/a>, com apoio presencial nas salas de atendimento do programa nas cidades participantes. Para garantir que nenhuma entidade fique de fora nesta reta final, o programa est\u00e1 realizando um mutir\u00e3o de apoio ao cadastro, com a a\u00e7\u00e3o Van Itinerante OPA.<\/p>\n\n\n<div class=\"wp-block-image\">\n<figure class=\"aligncenter size-large is-resized\"><img decoding=\"async\" loading=\"lazy\" src=\"https:\/\/portal.pi.gov.br\/seres\/wp-content\/uploads\/sites\/87\/2026\/03\/image-1-1024x768.png\" alt=\"\" class=\"wp-image-5893\" width=\"549\" height=\"412\" srcset=\"https:\/\/portal.pi.gov.br\/seres\/wp-content\/uploads\/sites\/87\/2026\/03\/image-1-1024x768.png 1024w, https:\/\/portal.pi.gov.br\/seres\/wp-content\/uploads\/sites\/87\/2026\/03\/image-1-300x225.png 300w, https:\/\/portal.pi.gov.br\/seres\/wp-content\/uploads\/sites\/87\/2026\/03\/image-1-768x576.png 768w, https:\/\/portal.pi.gov.br\/seres\/wp-content\/uploads\/sites\/87\/2026\/03\/image-1-420x315.png 420w, https:\/\/portal.pi.gov.br\/seres\/wp-content\/uploads\/sites\/87\/2026\/03\/image-1-540x405.png 540w, https:\/\/portal.pi.gov.br\/seres\/wp-content\/uploads\/sites\/87\/2026\/03\/image-1-780x585.png 780w, https:\/\/portal.pi.gov.br\/seres\/wp-content\/uploads\/sites\/87\/2026\/03\/image-1-1536x1152.png 1536w, https:\/\/portal.pi.gov.br\/seres\/wp-content\/uploads\/sites\/87\/2026\/03\/image-1-947x710.png 947w, https:\/\/portal.pi.gov.br\/seres\/wp-content\/uploads\/sites\/87\/2026\/03\/image-1-624x468.png 624w, https:\/\/portal.pi.gov.br\/seres\/wp-content\/uploads\/sites\/87\/2026\/03\/image-1.png 1600w\" sizes=\"(max-width: 549px) 100vw, 549px\" \/><\/figure><\/div>\n\n\n<p>Nesta segunda-feira (16), a Van est\u00e1 em Parna\u00edba. Em Teresina, a equipe tamb\u00e9m realiza atendimentos presenciais durante toda a semana nos seguintes locais: CSU do Parque Piau\u00ed (16.03); Centro Estadual de Tempo Integral (Ceti) Firmina Sobreira (17); Ceti Governador Dirceu Mendes Arcoverde (18); Ceti Did\u00e1cio Silva (19); e no dia 20 de mar\u00e7o, o atendimento para as entidades da zona rural ser\u00e1 na sala do OPA, na Secretaria do Planejamento (Seplan).<\/p>\n\n\n\n<p>A Van Itinerante j\u00e1 passou pelos munic\u00edpios de Picos, Floriano e Piripiri, oferecendo orienta\u00e7\u00e3o, esclarecendo d\u00favidas e auxiliando no cadastro das entidades e envio das propostas. <\/p>\n\n\n\n<p><strong>Como participar<\/strong><\/p>\n\n\n\n<p>As associa\u00e7\u00f5es e entidades comunit\u00e1rias interessadas devem acessar o site&nbsp;<a href=\"http:\/\/opa.colab.re\/\">opa.colab.re<\/a>&nbsp;para realizar o cadastro e enviar propostas de obras ou servi\u00e7os.<\/p>\n\n\n\n<p>Para participar, \u00e9 necess\u00e1rio atender aos crit\u00e9rios previstos em edital, como possuir CNPJ ativo, estatuto, ata da diretoria vigente registrada em cart\u00f3rio, al\u00e9m da documenta\u00e7\u00e3o do respons\u00e1vel legal e comprovante de endere\u00e7o. <\/p>\n\n\n<div class=\"wp-block-image\">\n<figure class=\"aligncenter size-large is-resized\"><img decoding=\"async\" loading=\"lazy\" src=\"https:\/\/portal.pi.gov.br\/seres\/wp-content\/uploads\/sites\/87\/2026\/03\/image-2-1024x768.png\" alt=\"\" class=\"wp-image-5894\" width=\"576\" height=\"432\" srcset=\"https:\/\/portal.pi.gov.br\/seres\/wp-content\/uploads\/sites\/87\/2026\/03\/image-2-1024x768.png 1024w, https:\/\/portal.pi.gov.br\/seres\/wp-content\/uploads\/sites\/87\/2026\/03\/image-2-300x225.png 300w, https:\/\/portal.pi.gov.br\/seres\/wp-content\/uploads\/sites\/87\/2026\/03\/image-2-768x576.png 768w, https:\/\/portal.pi.gov.br\/seres\/wp-content\/uploads\/sites\/87\/2026\/03\/image-2-420x315.png 420w, https:\/\/portal.pi.gov.br\/seres\/wp-content\/uploads\/sites\/87\/2026\/03\/image-2-540x405.png 540w, https:\/\/portal.pi.gov.br\/seres\/wp-content\/uploads\/sites\/87\/2026\/03\/image-2-780x585.png 780w, https:\/\/portal.pi.gov.br\/seres\/wp-content\/uploads\/sites\/87\/2026\/03\/image-2-947x710.png 947w, https:\/\/portal.pi.gov.br\/seres\/wp-content\/uploads\/sites\/87\/2026\/03\/image-2-624x468.png 624w, https:\/\/portal.pi.gov.br\/seres\/wp-content\/uploads\/sites\/87\/2026\/03\/image-2.png 1280w\" sizes=\"(max-width: 576px) 100vw, 576px\" \/><\/figure><\/div>\n\n\n<p><\/p>\n\n\n\n<p><strong>Vota\u00e7\u00e3o popular<\/strong><\/p>\n\n\n\n<p>Ap\u00f3s as etapas de cadastro, envio e an\u00e1lise de viabilidade das propostas, a vota\u00e7\u00e3o popular ocorrer\u00e1 no per\u00edodo de 12 a 21 de junho, direcionada para cidad\u00e3os a partir de 16 anos, com CPF.<\/p>\n\n\n\n<p>A vota\u00e7\u00e3o ser\u00e1 realizada de forma digital pelo Portal OPA, aplicativo Colab e tamb\u00e9m pelo WhatsApp, al\u00e9m de pontos f\u00edsicos de apoio nos munic\u00edpios participantes.<\/p>\n\n\n\n<p>Nesta edi\u00e7\u00e3o, o programa contar\u00e1 com R$ 80 milh\u00f5es em investimentos, destinados aos munic\u00edpios de Teresina, Parna\u00edba, Picos, Piripiri e Floriano.<\/p>\n\n\n\n<p><\/p>\n\n\n\n<p>Rep\u00f3rter : Natalina Alves<\/p>\n","protected":false},"excerpt":{"rendered":"<p>Nesta edi\u00e7\u00e3o, o programa contar\u00e1 com R$ 80 milh\u00f5es em investimentos, destinados aos munic\u00edpios de Teresina, Parna\u00edba, Picos, Piripiri e Floriano. As associa\u00e7\u00f5es e entidades comunit\u00e1rias t\u00eam at\u00e9 a pr\u00f3xima [&hellip;]<\/p>\n","protected":false},"author":1748,"featured_media":5890,"comment_status":"closed","ping_status":"closed","sticky":false,"template":"","format":"standard","meta":[],"categories":[34],"tags":[],"featured_image_urls":{"full":["https:\/\/portal.pi.gov.br\/seres\/wp-content\/uploads\/sites\/87\/2026\/03\/333.jpg",1024,768,false],"thumbnail":["https:\/\/portal.pi.gov.br\/seres\/wp-content\/uploads\/sites\/87\/2026\/03\/333-150x150.jpg",150,150,true],"medium":["https:\/\/portal.pi.gov.br\/seres\/wp-content\/uploads\/sites\/87\/2026\/03\/333-300x225.jpg",300,225,true],"medium_large":["https:\/\/portal.pi.gov.br\/seres\/wp-content\/uploads\/sites\/87\/2026\/03\/333-768x576.jpg",768,576,true],"large":["https:\/\/portal.pi.gov.br\/seres\/wp-content\/uploads\/sites\/87\/2026\/03\/333.jpg",887,665,false],"sgg-420":["https:\/\/portal.pi.gov.br\/seres\/wp-content\/uploads\/sites\/87\/2026\/03\/333-420x315.jpg",420,315,true],"sgg-540":["https:\/\/portal.pi.gov.br\/seres\/wp-content\/uploads\/sites\/87\/2026\/03\/333-540x405.jpg",540,405,true],"sgg-780":["https:\/\/portal.pi.gov.br\/seres\/wp-content\/uploads\/sites\/87\/2026\/03\/333-780x585.jpg",780,585,true],"1536x1536":["https:\/\/portal.pi.gov.br\/seres\/wp-content\/uploads\/sites\/87\/2026\/03\/333.jpg",1024,768,false],"2048x2048":["https:\/\/portal.pi.gov.br\/seres\/wp-content\/uploads\/sites\/87\/2026\/03\/333.jpg",1024,768,false],"homepage-slider":["https:\/\/portal.pi.gov.br\/seres\/wp-content\/uploads\/sites\/87\/2026\/03\/333-1024x500.jpg",1024,500,true],"homepage-slider-small":["https:\/\/portal.pi.gov.br\/seres\/wp-content\/uploads\/sites\/87\/2026\/03\/333-947x500.jpg",947,500,true],"page-top":["https:\/\/portal.pi.gov.br\/seres\/wp-content\/uploads\/sites\/87\/2026\/03\/333-947x710.jpg",947,710,true],"page-small":["https:\/\/portal.pi.gov.br\/seres\/wp-content\/uploads\/sites\/87\/2026\/03\/333-624x468.jpg",624,468,true],"loop-main":["https:\/\/portal.pi.gov.br\/seres\/wp-content\/uploads\/sites\/87\/2026\/03\/333-365x240.jpg",365,240,true],"thumb-gallery-widget":["https:\/\/portal.pi.gov.br\/seres\/wp-content\/uploads\/sites\/87\/2026\/03\/333-84x56.jpg",84,56,true]},"post_excerpt_stackable":"<p>Nesta edi\u00e7\u00e3o, o programa contar\u00e1 com R$ 80 milh\u00f5es em investimentos, destinados aos munic\u00edpios de Teresina, Parna\u00edba, Picos, Piripiri e Floriano. As associa\u00e7\u00f5es e entidades comunit\u00e1rias t\u00eam at\u00e9 a pr\u00f3xima sexta-feira, 20 de mar\u00e7o, para efetuar o cadastro e enviar propostas de obras e servi\u00e7os no Or\u00e7amento Participativo Digital (OPA) 2026-2027. Nesta \u00faltima semana do prazo, a expectativa \u00e9 ampliar ainda mais a participa\u00e7\u00e3o das comunidades nos cinco munic\u00edpios participantes: Teresina, Parna\u00edba, Piripiri, Picos e Floriano. O cadastro \u00e9 feito de forma online pelo site&nbsp;opa.colab.re, com apoio presencial nas salas de atendimento do programa nas cidades participantes. Para garantir que&hellip;<\/p>\n","category_list":"<a href=\"https:\/\/portal.pi.gov.br\/seres\/category\/noticias\/\" rel=\"category tag\">Not\u00edcias<\/a>","author_info":{"name":"natalina","url":"https:\/\/portal.pi.gov.br\/seres\/author\/natalina\/"},"comments_num":"0 coment\u00e1rio","featured_image_urls_v2":{"full":["https:\/\/portal.pi.gov.br\/seres\/wp-content\/uploads\/sites\/87\/2026\/03\/333.jpg",1024,768,false],"thumbnail":["https:\/\/portal.pi.gov.br\/seres\/wp-content\/uploads\/sites\/87\/2026\/03\/333-150x150.jpg",150,150,true],"medium":["https:\/\/portal.pi.gov.br\/seres\/wp-content\/uploads\/sites\/87\/2026\/03\/333-300x225.jpg",300,225,true],"medium_large":["https:\/\/portal.pi.gov.br\/seres\/wp-content\/uploads\/sites\/87\/2026\/03\/333-768x576.jpg",768,576,true],"large":["https:\/\/portal.pi.gov.br\/seres\/wp-content\/uploads\/sites\/87\/2026\/03\/333.jpg",887,665,false],"sgg-420":["https:\/\/portal.pi.gov.br\/seres\/wp-content\/uploads\/sites\/87\/2026\/03\/333-420x315.jpg",420,315,true],"sgg-540":["https:\/\/portal.pi.gov.br\/seres\/wp-content\/uploads\/sites\/87\/2026\/03\/333-540x405.jpg",540,405,true],"sgg-780":["https:\/\/portal.pi.gov.br\/seres\/wp-content\/uploads\/sites\/87\/2026\/03\/333-780x585.jpg",780,585,true],"1536x1536":["https:\/\/portal.pi.gov.br\/seres\/wp-content\/uploads\/sites\/87\/2026\/03\/333.jpg",1024,768,false],"2048x2048":["https:\/\/portal.pi.gov.br\/seres\/wp-content\/uploads\/sites\/87\/2026\/03\/333.jpg",1024,768,false],"homepage-slider":["https:\/\/portal.pi.gov.br\/seres\/wp-content\/uploads\/sites\/87\/2026\/03\/333-1024x500.jpg",1024,500,true],"homepage-slider-small":["https:\/\/portal.pi.gov.br\/seres\/wp-content\/uploads\/sites\/87\/2026\/03\/333-947x500.jpg",947,500,true],"page-top":["https:\/\/portal.pi.gov.br\/seres\/wp-content\/uploads\/sites\/87\/2026\/03\/333-947x710.jpg",947,710,true],"page-small":["https:\/\/portal.pi.gov.br\/seres\/wp-content\/uploads\/sites\/87\/2026\/03\/333-624x468.jpg",624,468,true],"loop-main":["https:\/\/portal.pi.gov.br\/seres\/wp-content\/uploads\/sites\/87\/2026\/03\/333-365x240.jpg",365,240,true],"thumb-gallery-widget":["https:\/\/portal.pi.gov.br\/seres\/wp-content\/uploads\/sites\/87\/2026\/03\/333-84x56.jpg",84,56,true]},"post_excerpt_stackable_v2":"<p>Nesta edi\u00e7\u00e3o, o programa contar\u00e1 com R$ 80 milh\u00f5es em investimentos, destinados aos munic\u00edpios de Teresina, Parna\u00edba, Picos, Piripiri e Floriano. As associa\u00e7\u00f5es e entidades comunit\u00e1rias t\u00eam at\u00e9 a pr\u00f3xima sexta-feira, 20 de mar\u00e7o, para efetuar o cadastro e enviar propostas de obras e servi\u00e7os no Or\u00e7amento Participativo Digital (OPA) 2026-2027. Nesta \u00faltima semana do prazo, a expectativa \u00e9 ampliar ainda mais a participa\u00e7\u00e3o das comunidades nos cinco munic\u00edpios participantes: Teresina, Parna\u00edba, Piripiri, Picos e Floriano. O cadastro \u00e9 feito de forma online pelo site&nbsp;opa.colab.re, com apoio presencial nas salas de atendimento do programa nas cidades participantes. Para garantir que&hellip;<\/p>\n","category_list_v2":"<a href=\"https:\/\/portal.pi.gov.br\/seres\/category\/noticias\/\" rel=\"category tag\">Not\u00edcias<\/a>","author_info_v2":{"name":"natalina","url":"https:\/\/portal.pi.gov.br\/seres\/author\/natalina\/"},"comments_num_v2":"0 coment\u00e1rio","jetpack_featured_media_url":"https:\/\/portal.pi.gov.br\/seres\/wp-content\/uploads\/sites\/87\/2026\/03\/333.jpg","_links":{"self":[{"href":"https:\/\/portal.pi.gov.br\/seres\/wp-json\/wp\/v2\/posts\/5889"}],"collection":[{"href":"https:\/\/portal.pi.gov.br\/seres\/wp-json\/wp\/v2\/posts"}],"about":[{"href":"https:\/\/portal.pi.gov.br\/seres\/wp-json\/wp\/v2\/types\/post"}],"author":[{"embeddable":true,"href":"https:\/\/portal.pi.gov.br\/seres\/wp-json\/wp\/v2\/users\/1748"}],"replies":[{"embeddable":true,"href":"https:\/\/portal.pi.gov.br\/seres\/wp-json\/wp\/v2\/comments?post=5889"}],"version-history":[{"count":4,"href":"https:\/\/portal.pi.gov.br\/seres\/wp-json\/wp\/v2\/posts\/5889\/revisions"}],"predecessor-version":[{"id":5928,"href":"https:\/\/portal.pi.gov.br\/seres\/wp-json\/wp\/v2\/posts\/5889\/revisions\/5928"}],"wp:featuredmedia":[{"embeddable":true,"href":"https:\/\/portal.pi.gov.br\/seres\/wp-json\/wp\/v2\/media\/5890"}],"wp:attachment":[{"href":"https:\/\/portal.pi.gov.br\/seres\/wp-json\/wp\/v2\/media?parent=5889"}],"wp:term":[{"taxonomy":"category","embeddable":true,"href":"https:\/\/portal.pi.gov.br\/seres\/wp-json\/wp\/v2\/categories?post=5889"},{"taxonomy":"post_tag","embeddable":true,"href":"https:\/\/portal.pi.gov.br\/seres\/wp-json\/wp\/v2\/tags?post=5889"}],"curies":[{"name":"wp","href":"https:\/\/api.w.org\/{rel}","templated":true}]}}