{"id":5912,"date":"2026-03-09T12:03:28","date_gmt":"2026-03-09T15:03:28","guid":{"rendered":"https:\/\/portal.pi.gov.br\/seres\/?p=5912"},"modified":"2026-03-16T12:18:20","modified_gmt":"2026-03-16T15:18:20","slug":"secretaria-nubia-lopes-participa-do-lancamento-da-campanha-marco-mulher","status":"publish","type":"post","link":"https:\/\/portal.pi.gov.br\/seres\/2026\/03\/09\/secretaria-nubia-lopes-participa-do-lancamento-da-campanha-marco-mulher\/","title":{"rendered":"Secret\u00e1ria N\u00fabia Lopes participa do lan\u00e7amento da campanha Mar\u00e7o Mulher"},"content":{"rendered":"\n<p>A programa\u00e7\u00e3o reuniu an\u00fancios, entregas e formaliza\u00e7\u00f5es de parcerias que fortalecem as pol\u00edticas p\u00fablicas voltadas \u00e0 promo\u00e7\u00e3o da equidade de g\u00eanero, \u00e0 autonomia econ\u00f4mica e ao enfrentamento \u00e0 viol\u00eancia contra as mulheres.<\/p>\n\n\n\n<figure class=\"wp-block-gallery has-nested-images columns-default is-cropped wp-block-gallery-1 is-layout-flex\">\n<figure class=\"wp-block-image size-large\"><img decoding=\"async\" loading=\"lazy\" width=\"768\" height=\"1024\" data-id=\"5877\"  src=\"https:\/\/portal.pi.gov.br\/seres\/wp-content\/uploads\/sites\/87\/2026\/03\/36abaac9-a07d-47bf-9b47-3a72d0823dd7-768x1024.jpg\" alt=\"\" class=\"wp-image-5877\" srcset=\"https:\/\/portal.pi.gov.br\/seres\/wp-content\/uploads\/sites\/87\/2026\/03\/36abaac9-a07d-47bf-9b47-3a72d0823dd7-768x1024.jpg 768w, https:\/\/portal.pi.gov.br\/seres\/wp-content\/uploads\/sites\/87\/2026\/03\/36abaac9-a07d-47bf-9b47-3a72d0823dd7-225x300.jpg 225w, https:\/\/portal.pi.gov.br\/seres\/wp-content\/uploads\/sites\/87\/2026\/03\/36abaac9-a07d-47bf-9b47-3a72d0823dd7-315x420.jpg 315w, https:\/\/portal.pi.gov.br\/seres\/wp-content\/uploads\/sites\/87\/2026\/03\/36abaac9-a07d-47bf-9b47-3a72d0823dd7-405x540.jpg 405w, https:\/\/portal.pi.gov.br\/seres\/wp-content\/uploads\/sites\/87\/2026\/03\/36abaac9-a07d-47bf-9b47-3a72d0823dd7-585x780.jpg 585w, https:\/\/portal.pi.gov.br\/seres\/wp-content\/uploads\/sites\/87\/2026\/03\/36abaac9-a07d-47bf-9b47-3a72d0823dd7-947x1263.jpg 947w, https:\/\/portal.pi.gov.br\/seres\/wp-content\/uploads\/sites\/87\/2026\/03\/36abaac9-a07d-47bf-9b47-3a72d0823dd7-624x832.jpg 624w, https:\/\/portal.pi.gov.br\/seres\/wp-content\/uploads\/sites\/87\/2026\/03\/36abaac9-a07d-47bf-9b47-3a72d0823dd7.jpg 960w\" sizes=\"(max-width: 768px) 100vw, 768px\" \/><\/figure>\n<\/figure>\n\n\n\n<p><\/p>\n\n\n\n<p>O Governo do Piau\u00ed, por meio da Secretaria das Mulheres do Piau\u00ed (Sempi), realizou, nesta segunda-feira (9), a abertura oficial da campanha Mar\u00e7o Mulher, no Pal\u00e1cio de Karnak. A programa\u00e7\u00e3o reuniu an\u00fancios, entregas e formaliza\u00e7\u00f5es de parcerias que fortalecem as pol\u00edticas p\u00fablicas voltadas \u00e0 promo\u00e7\u00e3o da equidade de g\u00eanero, \u00e0 autonomia econ\u00f4mica e ao enfrentamento \u00e0 viol\u00eancia contra as mulheres. A secret\u00e1ria, N\u00fabia Lopes, prestigiou a solenidade, que teve as presen\u00e7as do governador Rafael Fonteles, da secret\u00e1ria de mulheres, Zenaide Lustosa, e demais autoridades. <\/p>\n\n\n\n<p>Na solenidade tamb\u00e9m ocorreu a entrega de dois selos, reconhecendo o trabalho de institui\u00e7\u00f5es p\u00fablicas e privadas na promo\u00e7\u00e3o da igualdade entre homens e mulheres, no enfrentamento \u00e0 viol\u00eancia e no fortalecimento da autonomia das mulheres.<\/p>\n\n\n\n<figure class=\"wp-block-gallery has-nested-images columns-default is-cropped wp-block-gallery-3 is-layout-flex\">\n<figure class=\"wp-block-image size-large\"><img decoding=\"async\" loading=\"lazy\" width=\"576\" height=\"1024\" data-id=\"5875\"  src=\"https:\/\/portal.pi.gov.br\/seres\/wp-content\/uploads\/sites\/87\/2026\/03\/4ec9191f-48fb-4646-8a42-5cec4d943a22-576x1024.jpg\" alt=\"\" class=\"wp-image-5875\" srcset=\"https:\/\/portal.pi.gov.br\/seres\/wp-content\/uploads\/sites\/87\/2026\/03\/4ec9191f-48fb-4646-8a42-5cec4d943a22-576x1024.jpg 576w, https:\/\/portal.pi.gov.br\/seres\/wp-content\/uploads\/sites\/87\/2026\/03\/4ec9191f-48fb-4646-8a42-5cec4d943a22-169x300.jpg 169w, https:\/\/portal.pi.gov.br\/seres\/wp-content\/uploads\/sites\/87\/2026\/03\/4ec9191f-48fb-4646-8a42-5cec4d943a22-236x420.jpg 236w, https:\/\/portal.pi.gov.br\/seres\/wp-content\/uploads\/sites\/87\/2026\/03\/4ec9191f-48fb-4646-8a42-5cec4d943a22-304x540.jpg 304w, https:\/\/portal.pi.gov.br\/seres\/wp-content\/uploads\/sites\/87\/2026\/03\/4ec9191f-48fb-4646-8a42-5cec4d943a22-439x780.jpg 439w, https:\/\/portal.pi.gov.br\/seres\/wp-content\/uploads\/sites\/87\/2026\/03\/4ec9191f-48fb-4646-8a42-5cec4d943a22-624x1109.jpg 624w, https:\/\/portal.pi.gov.br\/seres\/wp-content\/uploads\/sites\/87\/2026\/03\/4ec9191f-48fb-4646-8a42-5cec4d943a22.jpg 720w\" sizes=\"(max-width: 576px) 100vw, 576px\" \/><\/figure>\n\n\n\n<figure class=\"wp-block-image size-large\"><img decoding=\"async\" loading=\"lazy\" width=\"1024\" height=\"768\" data-id=\"5882\"  src=\"https:\/\/portal.pi.gov.br\/seres\/wp-content\/uploads\/sites\/87\/2026\/03\/becb2fde-5068-486e-86ec-037bad153e33-1024x768.jpg\" alt=\"\" class=\"wp-image-5882\" srcset=\"https:\/\/portal.pi.gov.br\/seres\/wp-content\/uploads\/sites\/87\/2026\/03\/becb2fde-5068-486e-86ec-037bad153e33-1024x768.jpg 1024w, https:\/\/portal.pi.gov.br\/seres\/wp-content\/uploads\/sites\/87\/2026\/03\/becb2fde-5068-486e-86ec-037bad153e33-300x225.jpg 300w, https:\/\/portal.pi.gov.br\/seres\/wp-content\/uploads\/sites\/87\/2026\/03\/becb2fde-5068-486e-86ec-037bad153e33-768x576.jpg 768w, https:\/\/portal.pi.gov.br\/seres\/wp-content\/uploads\/sites\/87\/2026\/03\/becb2fde-5068-486e-86ec-037bad153e33-420x315.jpg 420w, https:\/\/portal.pi.gov.br\/seres\/wp-content\/uploads\/sites\/87\/2026\/03\/becb2fde-5068-486e-86ec-037bad153e33-540x405.jpg 540w, https:\/\/portal.pi.gov.br\/seres\/wp-content\/uploads\/sites\/87\/2026\/03\/becb2fde-5068-486e-86ec-037bad153e33-780x585.jpg 780w, https:\/\/portal.pi.gov.br\/seres\/wp-content\/uploads\/sites\/87\/2026\/03\/becb2fde-5068-486e-86ec-037bad153e33-947x710.jpg 947w, https:\/\/portal.pi.gov.br\/seres\/wp-content\/uploads\/sites\/87\/2026\/03\/becb2fde-5068-486e-86ec-037bad153e33-624x468.jpg 624w, https:\/\/portal.pi.gov.br\/seres\/wp-content\/uploads\/sites\/87\/2026\/03\/becb2fde-5068-486e-86ec-037bad153e33.jpg 1280w\" sizes=\"(max-width: 1024px) 100vw, 1024px\" \/><\/figure>\n<\/figure>\n\n\n\n<p><\/p>\n\n\n\n<p><strong>Pr\u00eamio Liter\u00e1rio Regina Sousa<\/strong><\/p>\n\n\n\n<p>Um dos destaques do evento foi o lan\u00e7amento do Pr\u00eamio Liter\u00e1rio Regina Sousa, viabilizado por meio de emenda do deputado federal Jadyel Alencar. A iniciativa promove a reflex\u00e3o sobre a preven\u00e7\u00e3o \u00e0 viol\u00eancia contra as mulheres entre estudantes e professores das terceiras s\u00e9ries dos Centros de Educa\u00e7\u00e3o de Tempo Integral (Ceti) do Piau\u00ed em 2026.<\/p>\n\n\n\n<p>O concurso premiou tr\u00eas autoras de contos, tr\u00eas autoras de cr\u00f4nicas e tr\u00eas autoras de poesias, classificadas em 1\u00ba, 2\u00ba e 3\u00ba lugares, ap\u00f3s avalia\u00e7\u00e3o de banca especializada. As vencedoras participar\u00e3o de uma viagem de imers\u00e3o cultural nos territ\u00f3rios hist\u00f3ricos do Piau\u00ed.<\/p>\n\n\n\n<p>Al\u00e9m das estudantes, as escolas e os(as) professores(as) orientadores(as) das produ\u00e7\u00f5es vencedoras tamb\u00e9m receberam o trof\u00e9u e certifica\u00e7\u00e3o de reconhecimento estadual pelo incentivo \u00e0 reflex\u00e3o sobre o enfrentamento \u00e0 viol\u00eancia contra a mulher.<\/p>\n\n\n\n<p>A premia\u00e7\u00e3o homenageou Regina Sousa, primeira mulher a governar o Estado, como s\u00edmbolo de valoriza\u00e7\u00e3o e incentivo \u00e0s mulheres piauienses, refor\u00e7ando o papel da educa\u00e7\u00e3o e da cultura na promo\u00e7\u00e3o da autonomia intelectual das meninas.<\/p>\n\n\n\n<p><strong>Entrega do Selo Pr\u00f3-Equidade de G\u00eanero, Ra\u00e7a e Diversidade<\/strong><\/p>\n\n\n\n<p>Durante a solenidade, a Sempi entregou o Selo Pr\u00f3-Equidade de G\u00eanero, Ra\u00e7a e Diversidade a 30 \u00f3rg\u00e3os estaduais participantes do programa.<\/p>\n\n\n\n<p>O Programa Estadual Pr\u00f3-Equidade tem como objetivo promover ambientes de trabalho mais justos, inclusivos e equitativos, por meio da implementa\u00e7\u00e3o de pr\u00e1ticas institucionais que previnam discrimina\u00e7\u00f5es e fortale\u00e7am a cultura de respeito \u00e0 diversidade no servi\u00e7o p\u00fablico estadual.<\/p>\n\n\n\n<p><strong>Entrega do Selo Mais Mulheres<\/strong><\/p>\n\n\n\n<p>Tamb\u00e9m foi realizada a entrega do Selo de Responsabilidade Social Mais Mulheres. Institu\u00edda por meio de Lei Estadual, a certifica\u00e7\u00e3o \u00e9 concedida \u00e0s institui\u00e7\u00f5es que comprovem compromisso com a promo\u00e7\u00e3o da autonomia econ\u00f4mica das mulheres e com a cria\u00e7\u00e3o de ambientes de trabalho seguros e inclusivos.<\/p>\n\n\n\n<p><strong>Novas parcerias e entregas<\/strong><\/p>\n\n\n\n<p>A programa\u00e7\u00e3o da solenidade incluiu ainda:<\/p>\n\n\n\n<ul>\n<li>Assinatura de Acordo de Coopera\u00e7\u00e3o T\u00e9cnica (ACT) de Sa\u00fade Digital com a Secretaria de Sa\u00fade (Sesapi);<\/li>\n\n\n\n<li>Entrega de 01 Viatura Lil\u00e1s, em parceria com a Secretaria de Seguran\u00e7a P\u00fablica (SSP), refor\u00e7ando a rede de prote\u00e7\u00e3o \u00e0s mulheres;<\/li>\n\n\n\n<li>Lan\u00e7amento do novo site e do Relat\u00f3rio de Dados 2025 do Observat\u00f3rio da Mulher Piauiense;<\/li>\n\n\n\n<li>Ades\u00e3o oficial do Estado do Piau\u00ed ao Plano Nacional de Cuidados.<\/li>\n<\/ul>\n\n\n\n<p>Segundo a Sempi, a campanha Mar\u00e7o Mulher reafirma o compromisso do Governo do Estado com a amplia\u00e7\u00e3o de direitos, o fortalecimento das pol\u00edticas p\u00fablicas e a constru\u00e7\u00e3o de uma sociedade mais justa, inclusiva e livre de viol\u00eancia para todas as mulheres.&nbsp;<\/p>\n\n\n\n<figure class=\"wp-block-gallery has-nested-images columns-default is-cropped wp-block-gallery-5 is-layout-flex\">\n<figure class=\"wp-block-image size-large\"><img decoding=\"async\" loading=\"lazy\" width=\"768\" height=\"1024\" data-id=\"5883\"  src=\"https:\/\/portal.pi.gov.br\/seres\/wp-content\/uploads\/sites\/87\/2026\/03\/9195ae7c-6a58-4299-a7be-0ea589f71c1e-768x1024.jpg\" alt=\"\" class=\"wp-image-5883\" srcset=\"https:\/\/portal.pi.gov.br\/seres\/wp-content\/uploads\/sites\/87\/2026\/03\/9195ae7c-6a58-4299-a7be-0ea589f71c1e-768x1024.jpg 768w, https:\/\/portal.pi.gov.br\/seres\/wp-content\/uploads\/sites\/87\/2026\/03\/9195ae7c-6a58-4299-a7be-0ea589f71c1e-225x300.jpg 225w, https:\/\/portal.pi.gov.br\/seres\/wp-content\/uploads\/sites\/87\/2026\/03\/9195ae7c-6a58-4299-a7be-0ea589f71c1e-315x420.jpg 315w, https:\/\/portal.pi.gov.br\/seres\/wp-content\/uploads\/sites\/87\/2026\/03\/9195ae7c-6a58-4299-a7be-0ea589f71c1e-405x540.jpg 405w, https:\/\/portal.pi.gov.br\/seres\/wp-content\/uploads\/sites\/87\/2026\/03\/9195ae7c-6a58-4299-a7be-0ea589f71c1e-585x780.jpg 585w, https:\/\/portal.pi.gov.br\/seres\/wp-content\/uploads\/sites\/87\/2026\/03\/9195ae7c-6a58-4299-a7be-0ea589f71c1e-947x1263.jpg 947w, https:\/\/portal.pi.gov.br\/seres\/wp-content\/uploads\/sites\/87\/2026\/03\/9195ae7c-6a58-4299-a7be-0ea589f71c1e-624x832.jpg 624w, https:\/\/portal.pi.gov.br\/seres\/wp-content\/uploads\/sites\/87\/2026\/03\/9195ae7c-6a58-4299-a7be-0ea589f71c1e.jpg 960w\" sizes=\"(max-width: 768px) 100vw, 768px\" \/><\/figure>\n\n\n\n<figure class=\"wp-block-image size-large\"><img decoding=\"async\" loading=\"lazy\" width=\"768\" height=\"1024\" data-id=\"5881\"  src=\"https:\/\/portal.pi.gov.br\/seres\/wp-content\/uploads\/sites\/87\/2026\/03\/ad323095-6f6d-48af-81cd-77b43248b113-768x1024.jpg\" alt=\"\" class=\"wp-image-5881\" srcset=\"https:\/\/portal.pi.gov.br\/seres\/wp-content\/uploads\/sites\/87\/2026\/03\/ad323095-6f6d-48af-81cd-77b43248b113-768x1024.jpg 768w, https:\/\/portal.pi.gov.br\/seres\/wp-content\/uploads\/sites\/87\/2026\/03\/ad323095-6f6d-48af-81cd-77b43248b113-225x300.jpg 225w, https:\/\/portal.pi.gov.br\/seres\/wp-content\/uploads\/sites\/87\/2026\/03\/ad323095-6f6d-48af-81cd-77b43248b113-315x420.jpg 315w, https:\/\/portal.pi.gov.br\/seres\/wp-content\/uploads\/sites\/87\/2026\/03\/ad323095-6f6d-48af-81cd-77b43248b113-405x540.jpg 405w, https:\/\/portal.pi.gov.br\/seres\/wp-content\/uploads\/sites\/87\/2026\/03\/ad323095-6f6d-48af-81cd-77b43248b113-585x780.jpg 585w, https:\/\/portal.pi.gov.br\/seres\/wp-content\/uploads\/sites\/87\/2026\/03\/ad323095-6f6d-48af-81cd-77b43248b113-947x1263.jpg 947w, https:\/\/portal.pi.gov.br\/seres\/wp-content\/uploads\/sites\/87\/2026\/03\/ad323095-6f6d-48af-81cd-77b43248b113-624x832.jpg 624w, https:\/\/portal.pi.gov.br\/seres\/wp-content\/uploads\/sites\/87\/2026\/03\/ad323095-6f6d-48af-81cd-77b43248b113.jpg 960w\" sizes=\"(max-width: 768px) 100vw, 768px\" \/><\/figure>\n\n\n\n<figure class=\"wp-block-image size-large\"><img decoding=\"async\" loading=\"lazy\" width=\"768\" height=\"1024\" data-id=\"5880\"  src=\"https:\/\/portal.pi.gov.br\/seres\/wp-content\/uploads\/sites\/87\/2026\/03\/e6f8924d-9865-4b10-8bdd-48d9449e53b7-768x1024.jpg\" alt=\"\" class=\"wp-image-5880\" srcset=\"https:\/\/portal.pi.gov.br\/seres\/wp-content\/uploads\/sites\/87\/2026\/03\/e6f8924d-9865-4b10-8bdd-48d9449e53b7-768x1024.jpg 768w, https:\/\/portal.pi.gov.br\/seres\/wp-content\/uploads\/sites\/87\/2026\/03\/e6f8924d-9865-4b10-8bdd-48d9449e53b7-225x300.jpg 225w, https:\/\/portal.pi.gov.br\/seres\/wp-content\/uploads\/sites\/87\/2026\/03\/e6f8924d-9865-4b10-8bdd-48d9449e53b7-315x420.jpg 315w, https:\/\/portal.pi.gov.br\/seres\/wp-content\/uploads\/sites\/87\/2026\/03\/e6f8924d-9865-4b10-8bdd-48d9449e53b7-405x540.jpg 405w, https:\/\/portal.pi.gov.br\/seres\/wp-content\/uploads\/sites\/87\/2026\/03\/e6f8924d-9865-4b10-8bdd-48d9449e53b7-585x780.jpg 585w, https:\/\/portal.pi.gov.br\/seres\/wp-content\/uploads\/sites\/87\/2026\/03\/e6f8924d-9865-4b10-8bdd-48d9449e53b7-947x1263.jpg 947w, https:\/\/portal.pi.gov.br\/seres\/wp-content\/uploads\/sites\/87\/2026\/03\/e6f8924d-9865-4b10-8bdd-48d9449e53b7-624x832.jpg 624w, https:\/\/portal.pi.gov.br\/seres\/wp-content\/uploads\/sites\/87\/2026\/03\/e6f8924d-9865-4b10-8bdd-48d9449e53b7.jpg 960w\" sizes=\"(max-width: 768px) 100vw, 768px\" \/><\/figure>\n\n\n\n<figure class=\"wp-block-image size-large\"><img decoding=\"async\" loading=\"lazy\" width=\"768\" height=\"1024\" data-id=\"5879\"  src=\"https:\/\/portal.pi.gov.br\/seres\/wp-content\/uploads\/sites\/87\/2026\/03\/3ef02d31-ec81-42a4-bb87-40c61e293e4c-768x1024.jpg\" alt=\"\" class=\"wp-image-5879\" srcset=\"https:\/\/portal.pi.gov.br\/seres\/wp-content\/uploads\/sites\/87\/2026\/03\/3ef02d31-ec81-42a4-bb87-40c61e293e4c-768x1024.jpg 768w, https:\/\/portal.pi.gov.br\/seres\/wp-content\/uploads\/sites\/87\/2026\/03\/3ef02d31-ec81-42a4-bb87-40c61e293e4c-225x300.jpg 225w, https:\/\/portal.pi.gov.br\/seres\/wp-content\/uploads\/sites\/87\/2026\/03\/3ef02d31-ec81-42a4-bb87-40c61e293e4c-315x420.jpg 315w, https:\/\/portal.pi.gov.br\/seres\/wp-content\/uploads\/sites\/87\/2026\/03\/3ef02d31-ec81-42a4-bb87-40c61e293e4c-405x540.jpg 405w, https:\/\/portal.pi.gov.br\/seres\/wp-content\/uploads\/sites\/87\/2026\/03\/3ef02d31-ec81-42a4-bb87-40c61e293e4c-585x780.jpg 585w, https:\/\/portal.pi.gov.br\/seres\/wp-content\/uploads\/sites\/87\/2026\/03\/3ef02d31-ec81-42a4-bb87-40c61e293e4c-947x1263.jpg 947w, https:\/\/portal.pi.gov.br\/seres\/wp-content\/uploads\/sites\/87\/2026\/03\/3ef02d31-ec81-42a4-bb87-40c61e293e4c-624x832.jpg 624w, https:\/\/portal.pi.gov.br\/seres\/wp-content\/uploads\/sites\/87\/2026\/03\/3ef02d31-ec81-42a4-bb87-40c61e293e4c.jpg 960w\" sizes=\"(max-width: 768px) 100vw, 768px\" \/><\/figure>\n\n\n\n<figure class=\"wp-block-image size-large\"><img decoding=\"async\" loading=\"lazy\" width=\"768\" height=\"1024\" data-id=\"5874\"  src=\"https:\/\/portal.pi.gov.br\/seres\/wp-content\/uploads\/sites\/87\/2026\/03\/4d1fb8a5-4fcf-4bcc-9b6d-a3909973ac68-768x1024.jpg\" alt=\"\" class=\"wp-image-5874\" srcset=\"https:\/\/portal.pi.gov.br\/seres\/wp-content\/uploads\/sites\/87\/2026\/03\/4d1fb8a5-4fcf-4bcc-9b6d-a3909973ac68-768x1024.jpg 768w, https:\/\/portal.pi.gov.br\/seres\/wp-content\/uploads\/sites\/87\/2026\/03\/4d1fb8a5-4fcf-4bcc-9b6d-a3909973ac68-225x300.jpg 225w, https:\/\/portal.pi.gov.br\/seres\/wp-content\/uploads\/sites\/87\/2026\/03\/4d1fb8a5-4fcf-4bcc-9b6d-a3909973ac68-315x420.jpg 315w, https:\/\/portal.pi.gov.br\/seres\/wp-content\/uploads\/sites\/87\/2026\/03\/4d1fb8a5-4fcf-4bcc-9b6d-a3909973ac68-405x540.jpg 405w, https:\/\/portal.pi.gov.br\/seres\/wp-content\/uploads\/sites\/87\/2026\/03\/4d1fb8a5-4fcf-4bcc-9b6d-a3909973ac68-585x780.jpg 585w, https:\/\/portal.pi.gov.br\/seres\/wp-content\/uploads\/sites\/87\/2026\/03\/4d1fb8a5-4fcf-4bcc-9b6d-a3909973ac68-947x1263.jpg 947w, https:\/\/portal.pi.gov.br\/seres\/wp-content\/uploads\/sites\/87\/2026\/03\/4d1fb8a5-4fcf-4bcc-9b6d-a3909973ac68-624x832.jpg 624w, https:\/\/portal.pi.gov.br\/seres\/wp-content\/uploads\/sites\/87\/2026\/03\/4d1fb8a5-4fcf-4bcc-9b6d-a3909973ac68.jpg 960w\" sizes=\"(max-width: 768px) 100vw, 768px\" \/><\/figure>\n<\/figure>\n\n\n\n<p><\/p>\n\n\n\n<p>Fotos: Natalina Alves e Gabriel Paulino<\/p>\n","protected":false},"excerpt":{"rendered":"<p>A programa\u00e7\u00e3o reuniu an\u00fancios, entregas e formaliza\u00e7\u00f5es de parcerias que fortalecem as pol\u00edticas p\u00fablicas voltadas \u00e0 promo\u00e7\u00e3o da equidade de g\u00eanero, \u00e0 autonomia econ\u00f4mica e ao enfrentamento \u00e0 viol\u00eancia contra [&hellip;]<\/p>\n","protected":false},"author":1821,"featured_media":5876,"comment_status":"closed","ping_status":"closed","sticky":true,"template":"","format":"standard","meta":[],"categories":[34],"tags":[],"featured_image_urls":{"full":["https:\/\/portal.pi.gov.br\/seres\/wp-content\/uploads\/sites\/87\/2026\/03\/9ce6a695-fb0d-42a5-be47-5dc6d431a40d.jpg",1600,1114,false],"thumbnail":["https:\/\/portal.pi.gov.br\/seres\/wp-content\/uploads\/sites\/87\/2026\/03\/9ce6a695-fb0d-42a5-be47-5dc6d431a40d-150x150.jpg",150,150,true],"medium":["https:\/\/portal.pi.gov.br\/seres\/wp-content\/uploads\/sites\/87\/2026\/03\/9ce6a695-fb0d-42a5-be47-5dc6d431a40d-300x209.jpg",300,209,true],"medium_large":["https:\/\/portal.pi.gov.br\/seres\/wp-content\/uploads\/sites\/87\/2026\/03\/9ce6a695-fb0d-42a5-be47-5dc6d431a40d-768x535.jpg",768,535,true],"large":["https:\/\/portal.pi.gov.br\/seres\/wp-content\/uploads\/sites\/87\/2026\/03\/9ce6a695-fb0d-42a5-be47-5dc6d431a40d-1024x713.jpg",887,618,true],"sgg-420":["https:\/\/portal.pi.gov.br\/seres\/wp-content\/uploads\/sites\/87\/2026\/03\/9ce6a695-fb0d-42a5-be47-5dc6d431a40d-420x292.jpg",420,292,true],"sgg-540":["https:\/\/portal.pi.gov.br\/seres\/wp-content\/uploads\/sites\/87\/2026\/03\/9ce6a695-fb0d-42a5-be47-5dc6d431a40d-540x376.jpg",540,376,true],"sgg-780":["https:\/\/portal.pi.gov.br\/seres\/wp-content\/uploads\/sites\/87\/2026\/03\/9ce6a695-fb0d-42a5-be47-5dc6d431a40d-780x543.jpg",780,543,true],"1536x1536":["https:\/\/portal.pi.gov.br\/seres\/wp-content\/uploads\/sites\/87\/2026\/03\/9ce6a695-fb0d-42a5-be47-5dc6d431a40d-1536x1069.jpg",1536,1069,true],"2048x2048":["https:\/\/portal.pi.gov.br\/seres\/wp-content\/uploads\/sites\/87\/2026\/03\/9ce6a695-fb0d-42a5-be47-5dc6d431a40d.jpg",1600,1114,false],"homepage-slider":["https:\/\/portal.pi.gov.br\/seres\/wp-content\/uploads\/sites\/87\/2026\/03\/9ce6a695-fb0d-42a5-be47-5dc6d431a40d-1270x500.jpg",1270,500,true],"homepage-slider-small":["https:\/\/portal.pi.gov.br\/seres\/wp-content\/uploads\/sites\/87\/2026\/03\/9ce6a695-fb0d-42a5-be47-5dc6d431a40d-947x500.jpg",947,500,true],"page-top":["https:\/\/portal.pi.gov.br\/seres\/wp-content\/uploads\/sites\/87\/2026\/03\/9ce6a695-fb0d-42a5-be47-5dc6d431a40d-947x659.jpg",947,659,true],"page-small":["https:\/\/portal.pi.gov.br\/seres\/wp-content\/uploads\/sites\/87\/2026\/03\/9ce6a695-fb0d-42a5-be47-5dc6d431a40d-624x434.jpg",624,434,true],"loop-main":["https:\/\/portal.pi.gov.br\/seres\/wp-content\/uploads\/sites\/87\/2026\/03\/9ce6a695-fb0d-42a5-be47-5dc6d431a40d-365x240.jpg",365,240,true],"thumb-gallery-widget":["https:\/\/portal.pi.gov.br\/seres\/wp-content\/uploads\/sites\/87\/2026\/03\/9ce6a695-fb0d-42a5-be47-5dc6d431a40d-84x56.jpg",84,56,true]},"post_excerpt_stackable":"<p>A programa\u00e7\u00e3o reuniu an\u00fancios, entregas e formaliza\u00e7\u00f5es de parcerias que fortalecem as pol\u00edticas p\u00fablicas voltadas \u00e0 promo\u00e7\u00e3o da equidade de g\u00eanero, \u00e0 autonomia econ\u00f4mica e ao enfrentamento \u00e0 viol\u00eancia contra as mulheres. O Governo do Piau\u00ed, por meio da Secretaria das Mulheres do Piau\u00ed (Sempi), realizou, nesta segunda-feira (9), a abertura oficial da campanha Mar\u00e7o Mulher, no Pal\u00e1cio de Karnak. A programa\u00e7\u00e3o reuniu an\u00fancios, entregas e formaliza\u00e7\u00f5es de parcerias que fortalecem as pol\u00edticas p\u00fablicas voltadas \u00e0 promo\u00e7\u00e3o da equidade de g\u00eanero, \u00e0 autonomia econ\u00f4mica e ao enfrentamento \u00e0 viol\u00eancia contra as mulheres. A secret\u00e1ria, N\u00fabia Lopes, prestigiou a solenidade, que&hellip;<\/p>\n","category_list":"<a href=\"https:\/\/portal.pi.gov.br\/seres\/category\/noticias\/\" rel=\"category tag\">Not\u00edcias<\/a>","author_info":{"name":"alineraquel","url":"https:\/\/portal.pi.gov.br\/seres\/author\/alineraquel\/"},"comments_num":"0 coment\u00e1rio","featured_image_urls_v2":{"full":["https:\/\/portal.pi.gov.br\/seres\/wp-content\/uploads\/sites\/87\/2026\/03\/9ce6a695-fb0d-42a5-be47-5dc6d431a40d.jpg",1600,1114,false],"thumbnail":["https:\/\/portal.pi.gov.br\/seres\/wp-content\/uploads\/sites\/87\/2026\/03\/9ce6a695-fb0d-42a5-be47-5dc6d431a40d-150x150.jpg",150,150,true],"medium":["https:\/\/portal.pi.gov.br\/seres\/wp-content\/uploads\/sites\/87\/2026\/03\/9ce6a695-fb0d-42a5-be47-5dc6d431a40d-300x209.jpg",300,209,true],"medium_large":["https:\/\/portal.pi.gov.br\/seres\/wp-content\/uploads\/sites\/87\/2026\/03\/9ce6a695-fb0d-42a5-be47-5dc6d431a40d-768x535.jpg",768,535,true],"large":["https:\/\/portal.pi.gov.br\/seres\/wp-content\/uploads\/sites\/87\/2026\/03\/9ce6a695-fb0d-42a5-be47-5dc6d431a40d-1024x713.jpg",887,618,true],"sgg-420":["https:\/\/portal.pi.gov.br\/seres\/wp-content\/uploads\/sites\/87\/2026\/03\/9ce6a695-fb0d-42a5-be47-5dc6d431a40d-420x292.jpg",420,292,true],"sgg-540":["https:\/\/portal.pi.gov.br\/seres\/wp-content\/uploads\/sites\/87\/2026\/03\/9ce6a695-fb0d-42a5-be47-5dc6d431a40d-540x376.jpg",540,376,true],"sgg-780":["https:\/\/portal.pi.gov.br\/seres\/wp-content\/uploads\/sites\/87\/2026\/03\/9ce6a695-fb0d-42a5-be47-5dc6d431a40d-780x543.jpg",780,543,true],"1536x1536":["https:\/\/portal.pi.gov.br\/seres\/wp-content\/uploads\/sites\/87\/2026\/03\/9ce6a695-fb0d-42a5-be47-5dc6d431a40d-1536x1069.jpg",1536,1069,true],"2048x2048":["https:\/\/portal.pi.gov.br\/seres\/wp-content\/uploads\/sites\/87\/2026\/03\/9ce6a695-fb0d-42a5-be47-5dc6d431a40d.jpg",1600,1114,false],"homepage-slider":["https:\/\/portal.pi.gov.br\/seres\/wp-content\/uploads\/sites\/87\/2026\/03\/9ce6a695-fb0d-42a5-be47-5dc6d431a40d-1270x500.jpg",1270,500,true],"homepage-slider-small":["https:\/\/portal.pi.gov.br\/seres\/wp-content\/uploads\/sites\/87\/2026\/03\/9ce6a695-fb0d-42a5-be47-5dc6d431a40d-947x500.jpg",947,500,true],"page-top":["https:\/\/portal.pi.gov.br\/seres\/wp-content\/uploads\/sites\/87\/2026\/03\/9ce6a695-fb0d-42a5-be47-5dc6d431a40d-947x659.jpg",947,659,true],"page-small":["https:\/\/portal.pi.gov.br\/seres\/wp-content\/uploads\/sites\/87\/2026\/03\/9ce6a695-fb0d-42a5-be47-5dc6d431a40d-624x434.jpg",624,434,true],"loop-main":["https:\/\/portal.pi.gov.br\/seres\/wp-content\/uploads\/sites\/87\/2026\/03\/9ce6a695-fb0d-42a5-be47-5dc6d431a40d-365x240.jpg",365,240,true],"thumb-gallery-widget":["https:\/\/portal.pi.gov.br\/seres\/wp-content\/uploads\/sites\/87\/2026\/03\/9ce6a695-fb0d-42a5-be47-5dc6d431a40d-84x56.jpg",84,56,true]},"post_excerpt_stackable_v2":"<p>A programa\u00e7\u00e3o reuniu an\u00fancios, entregas e formaliza\u00e7\u00f5es de parcerias que fortalecem as pol\u00edticas p\u00fablicas voltadas \u00e0 promo\u00e7\u00e3o da equidade de g\u00eanero, \u00e0 autonomia econ\u00f4mica e ao enfrentamento \u00e0 viol\u00eancia contra as mulheres. O Governo do Piau\u00ed, por meio da Secretaria das Mulheres do Piau\u00ed (Sempi), realizou, nesta segunda-feira (9), a abertura oficial da campanha Mar\u00e7o Mulher, no Pal\u00e1cio de Karnak. A programa\u00e7\u00e3o reuniu an\u00fancios, entregas e formaliza\u00e7\u00f5es de parcerias que fortalecem as pol\u00edticas p\u00fablicas voltadas \u00e0 promo\u00e7\u00e3o da equidade de g\u00eanero, \u00e0 autonomia econ\u00f4mica e ao enfrentamento \u00e0 viol\u00eancia contra as mulheres. A secret\u00e1ria, N\u00fabia Lopes, prestigiou a solenidade, que&hellip;<\/p>\n","category_list_v2":"<a href=\"https:\/\/portal.pi.gov.br\/seres\/category\/noticias\/\" rel=\"category tag\">Not\u00edcias<\/a>","author_info_v2":{"name":"alineraquel","url":"https:\/\/portal.pi.gov.br\/seres\/author\/alineraquel\/"},"comments_num_v2":"0 coment\u00e1rio","jetpack_featured_media_url":"https:\/\/portal.pi.gov.br\/seres\/wp-content\/uploads\/sites\/87\/2026\/03\/9ce6a695-fb0d-42a5-be47-5dc6d431a40d.jpg","_links":{"self":[{"href":"https:\/\/portal.pi.gov.br\/seres\/wp-json\/wp\/v2\/posts\/5912"}],"collection":[{"href":"https:\/\/portal.pi.gov.br\/seres\/wp-json\/wp\/v2\/posts"}],"about":[{"href":"https:\/\/portal.pi.gov.br\/seres\/wp-json\/wp\/v2\/types\/post"}],"author":[{"embeddable":true,"href":"https:\/\/portal.pi.gov.br\/seres\/wp-json\/wp\/v2\/users\/1821"}],"replies":[{"embeddable":true,"href":"https:\/\/portal.pi.gov.br\/seres\/wp-json\/wp\/v2\/comments?post=5912"}],"version-history":[{"count":2,"href":"https:\/\/portal.pi.gov.br\/seres\/wp-json\/wp\/v2\/posts\/5912\/revisions"}],"predecessor-version":[{"id":5915,"href":"https:\/\/portal.pi.gov.br\/seres\/wp-json\/wp\/v2\/posts\/5912\/revisions\/5915"}],"wp:featuredmedia":[{"embeddable":true,"href":"https:\/\/portal.pi.gov.br\/seres\/wp-json\/wp\/v2\/media\/5876"}],"wp:attachment":[{"href":"https:\/\/portal.pi.gov.br\/seres\/wp-json\/wp\/v2\/media?parent=5912"}],"wp:term":[{"taxonomy":"category","embeddable":true,"href":"https:\/\/portal.pi.gov.br\/seres\/wp-json\/wp\/v2\/categories?post=5912"},{"taxonomy":"post_tag","embeddable":true,"href":"https:\/\/portal.pi.gov.br\/seres\/wp-json\/wp\/v2\/tags?post=5912"}],"curies":[{"name":"wp","href":"https:\/\/api.w.org\/{rel}","templated":true}]}}