{"id":5917,"date":"2026-03-13T12:19:58","date_gmt":"2026-03-13T15:19:58","guid":{"rendered":"https:\/\/portal.pi.gov.br\/seres\/?p=5917"},"modified":"2026-03-16T12:26:03","modified_gmt":"2026-03-16T15:26:03","slug":"seres-marca-presenca-na-comemoracao-dos-203-anos-da-batalha-do-jenipapo-em-campo-maior","status":"publish","type":"post","link":"https:\/\/portal.pi.gov.br\/seres\/2026\/03\/13\/seres-marca-presenca-na-comemoracao-dos-203-anos-da-batalha-do-jenipapo-em-campo-maior\/","title":{"rendered":"Seres marca presen\u00e7a na comemora\u00e7\u00e3o dos 203 anos da Batalha do Jenipapo\u00a0em Campo Maior"},"content":{"rendered":"\n<h2 class=\"wp-block-heading\"><strong>A programa\u00e7\u00e3o contou com desfile militar, pe\u00e7a teatral, entrega de medalhas e Missa em A\u00e7\u00e3o de Gra\u00e7as.<\/strong><\/h2>\n\n\n\n<p><\/p>\n\n\n\n<figure class=\"wp-block-gallery has-nested-images columns-default is-cropped wp-block-gallery-1 is-layout-flex\">\n<figure class=\"wp-block-image size-large\"><img decoding=\"async\" loading=\"lazy\" width=\"683\" height=\"1024\" data-id=\"5903\"  src=\"https:\/\/portal.pi.gov.br\/seres\/wp-content\/uploads\/sites\/87\/2026\/03\/110fe15d-17af-4a00-9d1b-3b52b23c9ba0-683x1024.jpg\" alt=\"\" class=\"wp-image-5903\" srcset=\"https:\/\/portal.pi.gov.br\/seres\/wp-content\/uploads\/sites\/87\/2026\/03\/110fe15d-17af-4a00-9d1b-3b52b23c9ba0-683x1024.jpg 683w, https:\/\/portal.pi.gov.br\/seres\/wp-content\/uploads\/sites\/87\/2026\/03\/110fe15d-17af-4a00-9d1b-3b52b23c9ba0-200x300.jpg 200w, https:\/\/portal.pi.gov.br\/seres\/wp-content\/uploads\/sites\/87\/2026\/03\/110fe15d-17af-4a00-9d1b-3b52b23c9ba0-768x1151.jpg 768w, https:\/\/portal.pi.gov.br\/seres\/wp-content\/uploads\/sites\/87\/2026\/03\/110fe15d-17af-4a00-9d1b-3b52b23c9ba0-280x420.jpg 280w, https:\/\/portal.pi.gov.br\/seres\/wp-content\/uploads\/sites\/87\/2026\/03\/110fe15d-17af-4a00-9d1b-3b52b23c9ba0-360x540.jpg 360w, https:\/\/portal.pi.gov.br\/seres\/wp-content\/uploads\/sites\/87\/2026\/03\/110fe15d-17af-4a00-9d1b-3b52b23c9ba0-520x780.jpg 520w, https:\/\/portal.pi.gov.br\/seres\/wp-content\/uploads\/sites\/87\/2026\/03\/110fe15d-17af-4a00-9d1b-3b52b23c9ba0-624x935.jpg 624w, https:\/\/portal.pi.gov.br\/seres\/wp-content\/uploads\/sites\/87\/2026\/03\/110fe15d-17af-4a00-9d1b-3b52b23c9ba0.jpg 854w\" sizes=\"(max-width: 683px) 100vw, 683px\" \/><\/figure>\n<\/figure>\n\n\n\n<p><\/p>\n\n\n\n<p>O Governo do Piau\u00ed realizou, nesta sexta-feira (13), as atividades comemorativas aos 203 anos da Batalha do Jenipapo, no munic\u00edpio de Campo Maior, com a presen\u00e7a do governador Rafael Fonteles, da secret\u00e1ria de Rela\u00e7\u00f5es Sociais N\u00fabia Lopes, e demais autoridades. A programa\u00e7\u00e3o contou com atividades c\u00edvicas, culturais e religiosas em homenagem ao epis\u00f3dio hist\u00f3rico no Piau\u00ed em prol da luta pela independ\u00eancia do Brasil.<\/p>\n\n\n\n<p>As atividades tiveram in\u00edcio, \u00e0s 8h, no Monumento Her\u00f3is do Jenipapo, com o desfile militar, apresenta\u00e7\u00e3o da pe\u00e7a teatral \u201cA Batalha do Jenipapo\u201d e a outorga da Ordem Estadual do M\u00e9rito Renascen\u00e7a do Piau\u00ed a personalidades que contribuem para a hist\u00f3ria e o desenvolvimento do estado. \u00c0s 12h foi realizada a Missa em A\u00e7\u00e3o de Gra\u00e7as, na Catedral de Santo Ant\u00f4nio.<\/p>\n\n\n\n<p>Um dos momentos mais aguardados foi a pe\u00e7a teatral, que neste ano trouxe uma proposta inovadora para narrar o epis\u00f3dio hist\u00f3rico da batalha. \u201cEsse ano n\u00f3s vamos ter mais um espet\u00e1culo empolgante da Batalha do Jenipapo, contando a mesma hist\u00f3ria, mas com pontos de vista diferentes. Dessa vez ser\u00e3o cinco pontos de vista, os quais n\u00f3s vamos ter viajantes do tempo e historiadores que voltam ao ano de 1823 para contar alguns fatos hist\u00f3ricos e importantes sobre a batalha\u201d, explicou o diretor do espet\u00e1culo, Franklin Pires.<\/p>\n\n\n\n<p>A Batalha do Jenipapo foi um dos confrontos decisivos na luta pela Independ\u00eancia do Brasil. Travada em 1823, \u00e0s margens do rio Jenipapo, na, ent\u00e3o, vila de Campo Maior, ela reuniu piauienses, maranhenses e cearenses em um embate contra as tropas portuguesas. Apesar das perdas humanas, o sacrif\u00edcio dos combatentes foi fundamental para consolidar a independ\u00eancia na regi\u00e3o e garantir a soberania do territ\u00f3rio brasileiro.<a href=\"https:\/\/www.pi.gov.br\/governo-do-piaui-realiza-atividades-em-comemoracao-aos-203-anos-da-batalha-do-jenipapo-nesta-sexta-13-em-campo-maior\/#\"><\/a><\/p>\n\n\n\n<p><a href=\"https:\/\/www.pi.gov.br\/governo-do-piaui-realiza-atividades-em-comemoracao-aos-203-anos-da-batalha-do-jenipapo-nesta-sexta-13-em-campo-maior\/#\"><\/a><\/p>\n\n\n\n<figure class=\"wp-block-gallery has-nested-images columns-default is-cropped wp-block-gallery-3 is-layout-flex\">\n<figure class=\"wp-block-image size-large\"><img decoding=\"async\" loading=\"lazy\" width=\"768\" height=\"1024\" data-id=\"5911\"  src=\"https:\/\/portal.pi.gov.br\/seres\/wp-content\/uploads\/sites\/87\/2026\/03\/efa2237e-7f43-40f8-ab4b-c0a88eb92eb1-768x1024.jpg\" alt=\"\" class=\"wp-image-5911\" srcset=\"https:\/\/portal.pi.gov.br\/seres\/wp-content\/uploads\/sites\/87\/2026\/03\/efa2237e-7f43-40f8-ab4b-c0a88eb92eb1-768x1024.jpg 768w, https:\/\/portal.pi.gov.br\/seres\/wp-content\/uploads\/sites\/87\/2026\/03\/efa2237e-7f43-40f8-ab4b-c0a88eb92eb1-225x300.jpg 225w, https:\/\/portal.pi.gov.br\/seres\/wp-content\/uploads\/sites\/87\/2026\/03\/efa2237e-7f43-40f8-ab4b-c0a88eb92eb1-315x420.jpg 315w, https:\/\/portal.pi.gov.br\/seres\/wp-content\/uploads\/sites\/87\/2026\/03\/efa2237e-7f43-40f8-ab4b-c0a88eb92eb1-405x540.jpg 405w, https:\/\/portal.pi.gov.br\/seres\/wp-content\/uploads\/sites\/87\/2026\/03\/efa2237e-7f43-40f8-ab4b-c0a88eb92eb1-585x780.jpg 585w, https:\/\/portal.pi.gov.br\/seres\/wp-content\/uploads\/sites\/87\/2026\/03\/efa2237e-7f43-40f8-ab4b-c0a88eb92eb1-947x1263.jpg 947w, https:\/\/portal.pi.gov.br\/seres\/wp-content\/uploads\/sites\/87\/2026\/03\/efa2237e-7f43-40f8-ab4b-c0a88eb92eb1-624x832.jpg 624w, https:\/\/portal.pi.gov.br\/seres\/wp-content\/uploads\/sites\/87\/2026\/03\/efa2237e-7f43-40f8-ab4b-c0a88eb92eb1.jpg 960w\" sizes=\"(max-width: 768px) 100vw, 768px\" \/><\/figure>\n\n\n\n<figure class=\"wp-block-image size-large\"><img decoding=\"async\" loading=\"lazy\" width=\"1024\" height=\"683\" data-id=\"5909\"  src=\"https:\/\/portal.pi.gov.br\/seres\/wp-content\/uploads\/sites\/87\/2026\/03\/ae5a3b1e-47b0-4880-887c-663770418d1a-1-1024x683.jpg\" alt=\"\" class=\"wp-image-5909\" srcset=\"https:\/\/portal.pi.gov.br\/seres\/wp-content\/uploads\/sites\/87\/2026\/03\/ae5a3b1e-47b0-4880-887c-663770418d1a-1-1024x683.jpg 1024w, https:\/\/portal.pi.gov.br\/seres\/wp-content\/uploads\/sites\/87\/2026\/03\/ae5a3b1e-47b0-4880-887c-663770418d1a-1-300x200.jpg 300w, https:\/\/portal.pi.gov.br\/seres\/wp-content\/uploads\/sites\/87\/2026\/03\/ae5a3b1e-47b0-4880-887c-663770418d1a-1-768x512.jpg 768w, https:\/\/portal.pi.gov.br\/seres\/wp-content\/uploads\/sites\/87\/2026\/03\/ae5a3b1e-47b0-4880-887c-663770418d1a-1-420x280.jpg 420w, https:\/\/portal.pi.gov.br\/seres\/wp-content\/uploads\/sites\/87\/2026\/03\/ae5a3b1e-47b0-4880-887c-663770418d1a-1-540x360.jpg 540w, https:\/\/portal.pi.gov.br\/seres\/wp-content\/uploads\/sites\/87\/2026\/03\/ae5a3b1e-47b0-4880-887c-663770418d1a-1-780x520.jpg 780w, https:\/\/portal.pi.gov.br\/seres\/wp-content\/uploads\/sites\/87\/2026\/03\/ae5a3b1e-47b0-4880-887c-663770418d1a-1-947x632.jpg 947w, https:\/\/portal.pi.gov.br\/seres\/wp-content\/uploads\/sites\/87\/2026\/03\/ae5a3b1e-47b0-4880-887c-663770418d1a-1-624x416.jpg 624w, https:\/\/portal.pi.gov.br\/seres\/wp-content\/uploads\/sites\/87\/2026\/03\/ae5a3b1e-47b0-4880-887c-663770418d1a-1-84x56.jpg 84w, https:\/\/portal.pi.gov.br\/seres\/wp-content\/uploads\/sites\/87\/2026\/03\/ae5a3b1e-47b0-4880-887c-663770418d1a-1.jpg 1280w\" sizes=\"(max-width: 1024px) 100vw, 1024px\" \/><\/figure>\n\n\n\n<figure class=\"wp-block-image size-large\"><img decoding=\"async\" loading=\"lazy\" width=\"1024\" height=\"768\" data-id=\"5907\"  src=\"https:\/\/portal.pi.gov.br\/seres\/wp-content\/uploads\/sites\/87\/2026\/03\/a2bcd2ea-3507-4851-8619-d0c561536af8-1024x768.jpg\" alt=\"\" class=\"wp-image-5907\" srcset=\"https:\/\/portal.pi.gov.br\/seres\/wp-content\/uploads\/sites\/87\/2026\/03\/a2bcd2ea-3507-4851-8619-d0c561536af8-1024x768.jpg 1024w, https:\/\/portal.pi.gov.br\/seres\/wp-content\/uploads\/sites\/87\/2026\/03\/a2bcd2ea-3507-4851-8619-d0c561536af8-300x225.jpg 300w, https:\/\/portal.pi.gov.br\/seres\/wp-content\/uploads\/sites\/87\/2026\/03\/a2bcd2ea-3507-4851-8619-d0c561536af8-768x576.jpg 768w, https:\/\/portal.pi.gov.br\/seres\/wp-content\/uploads\/sites\/87\/2026\/03\/a2bcd2ea-3507-4851-8619-d0c561536af8-420x315.jpg 420w, https:\/\/portal.pi.gov.br\/seres\/wp-content\/uploads\/sites\/87\/2026\/03\/a2bcd2ea-3507-4851-8619-d0c561536af8-540x405.jpg 540w, https:\/\/portal.pi.gov.br\/seres\/wp-content\/uploads\/sites\/87\/2026\/03\/a2bcd2ea-3507-4851-8619-d0c561536af8-780x585.jpg 780w, https:\/\/portal.pi.gov.br\/seres\/wp-content\/uploads\/sites\/87\/2026\/03\/a2bcd2ea-3507-4851-8619-d0c561536af8-947x710.jpg 947w, https:\/\/portal.pi.gov.br\/seres\/wp-content\/uploads\/sites\/87\/2026\/03\/a2bcd2ea-3507-4851-8619-d0c561536af8-624x468.jpg 624w, https:\/\/portal.pi.gov.br\/seres\/wp-content\/uploads\/sites\/87\/2026\/03\/a2bcd2ea-3507-4851-8619-d0c561536af8.jpg 1280w\" sizes=\"(max-width: 1024px) 100vw, 1024px\" \/><\/figure>\n\n\n\n<figure class=\"wp-block-image size-large\"><img decoding=\"async\" loading=\"lazy\" width=\"768\" height=\"1024\" data-id=\"5906\"  src=\"https:\/\/portal.pi.gov.br\/seres\/wp-content\/uploads\/sites\/87\/2026\/03\/92635a31-d3ec-4528-9a87-17c25deedc55-768x1024.jpg\" alt=\"\" class=\"wp-image-5906\" srcset=\"https:\/\/portal.pi.gov.br\/seres\/wp-content\/uploads\/sites\/87\/2026\/03\/92635a31-d3ec-4528-9a87-17c25deedc55-768x1024.jpg 768w, https:\/\/portal.pi.gov.br\/seres\/wp-content\/uploads\/sites\/87\/2026\/03\/92635a31-d3ec-4528-9a87-17c25deedc55-225x300.jpg 225w, https:\/\/portal.pi.gov.br\/seres\/wp-content\/uploads\/sites\/87\/2026\/03\/92635a31-d3ec-4528-9a87-17c25deedc55-315x420.jpg 315w, https:\/\/portal.pi.gov.br\/seres\/wp-content\/uploads\/sites\/87\/2026\/03\/92635a31-d3ec-4528-9a87-17c25deedc55-405x540.jpg 405w, https:\/\/portal.pi.gov.br\/seres\/wp-content\/uploads\/sites\/87\/2026\/03\/92635a31-d3ec-4528-9a87-17c25deedc55-585x780.jpg 585w, https:\/\/portal.pi.gov.br\/seres\/wp-content\/uploads\/sites\/87\/2026\/03\/92635a31-d3ec-4528-9a87-17c25deedc55-947x1263.jpg 947w, https:\/\/portal.pi.gov.br\/seres\/wp-content\/uploads\/sites\/87\/2026\/03\/92635a31-d3ec-4528-9a87-17c25deedc55-624x832.jpg 624w, https:\/\/portal.pi.gov.br\/seres\/wp-content\/uploads\/sites\/87\/2026\/03\/92635a31-d3ec-4528-9a87-17c25deedc55.jpg 960w\" sizes=\"(max-width: 768px) 100vw, 768px\" \/><\/figure>\n\n\n\n<figure class=\"wp-block-image size-large\"><img decoding=\"async\" loading=\"lazy\" width=\"683\" height=\"1024\" data-id=\"5905\"  src=\"https:\/\/portal.pi.gov.br\/seres\/wp-content\/uploads\/sites\/87\/2026\/03\/27622c57-bdec-43f7-a499-670e34c8c393-683x1024.jpg\" alt=\"\" class=\"wp-image-5905\" srcset=\"https:\/\/portal.pi.gov.br\/seres\/wp-content\/uploads\/sites\/87\/2026\/03\/27622c57-bdec-43f7-a499-670e34c8c393-683x1024.jpg 683w, https:\/\/portal.pi.gov.br\/seres\/wp-content\/uploads\/sites\/87\/2026\/03\/27622c57-bdec-43f7-a499-670e34c8c393-200x300.jpg 200w, https:\/\/portal.pi.gov.br\/seres\/wp-content\/uploads\/sites\/87\/2026\/03\/27622c57-bdec-43f7-a499-670e34c8c393-768x1151.jpg 768w, https:\/\/portal.pi.gov.br\/seres\/wp-content\/uploads\/sites\/87\/2026\/03\/27622c57-bdec-43f7-a499-670e34c8c393-280x420.jpg 280w, https:\/\/portal.pi.gov.br\/seres\/wp-content\/uploads\/sites\/87\/2026\/03\/27622c57-bdec-43f7-a499-670e34c8c393-360x540.jpg 360w, https:\/\/portal.pi.gov.br\/seres\/wp-content\/uploads\/sites\/87\/2026\/03\/27622c57-bdec-43f7-a499-670e34c8c393-520x780.jpg 520w, https:\/\/portal.pi.gov.br\/seres\/wp-content\/uploads\/sites\/87\/2026\/03\/27622c57-bdec-43f7-a499-670e34c8c393-624x935.jpg 624w, https:\/\/portal.pi.gov.br\/seres\/wp-content\/uploads\/sites\/87\/2026\/03\/27622c57-bdec-43f7-a499-670e34c8c393.jpg 854w\" sizes=\"(max-width: 683px) 100vw, 683px\" \/><\/figure>\n\n\n\n<figure class=\"wp-block-image size-large\"><img decoding=\"async\" loading=\"lazy\" width=\"1024\" height=\"768\" data-id=\"5904\"  src=\"https:\/\/portal.pi.gov.br\/seres\/wp-content\/uploads\/sites\/87\/2026\/03\/675ba8b2-2747-4a8e-a207-044edd0785f3-1024x768.jpg\" alt=\"\" class=\"wp-image-5904\" srcset=\"https:\/\/portal.pi.gov.br\/seres\/wp-content\/uploads\/sites\/87\/2026\/03\/675ba8b2-2747-4a8e-a207-044edd0785f3-1024x768.jpg 1024w, https:\/\/portal.pi.gov.br\/seres\/wp-content\/uploads\/sites\/87\/2026\/03\/675ba8b2-2747-4a8e-a207-044edd0785f3-300x225.jpg 300w, https:\/\/portal.pi.gov.br\/seres\/wp-content\/uploads\/sites\/87\/2026\/03\/675ba8b2-2747-4a8e-a207-044edd0785f3-768x576.jpg 768w, https:\/\/portal.pi.gov.br\/seres\/wp-content\/uploads\/sites\/87\/2026\/03\/675ba8b2-2747-4a8e-a207-044edd0785f3-420x315.jpg 420w, https:\/\/portal.pi.gov.br\/seres\/wp-content\/uploads\/sites\/87\/2026\/03\/675ba8b2-2747-4a8e-a207-044edd0785f3-540x405.jpg 540w, https:\/\/portal.pi.gov.br\/seres\/wp-content\/uploads\/sites\/87\/2026\/03\/675ba8b2-2747-4a8e-a207-044edd0785f3-780x585.jpg 780w, https:\/\/portal.pi.gov.br\/seres\/wp-content\/uploads\/sites\/87\/2026\/03\/675ba8b2-2747-4a8e-a207-044edd0785f3-947x710.jpg 947w, https:\/\/portal.pi.gov.br\/seres\/wp-content\/uploads\/sites\/87\/2026\/03\/675ba8b2-2747-4a8e-a207-044edd0785f3-624x468.jpg 624w, https:\/\/portal.pi.gov.br\/seres\/wp-content\/uploads\/sites\/87\/2026\/03\/675ba8b2-2747-4a8e-a207-044edd0785f3.jpg 1280w\" sizes=\"(max-width: 1024px) 100vw, 1024px\" \/><\/figure>\n\n\n\n<figure class=\"wp-block-image size-large\"><img decoding=\"async\" loading=\"lazy\" width=\"1024\" height=\"683\" data-id=\"5902\"  src=\"https:\/\/portal.pi.gov.br\/seres\/wp-content\/uploads\/sites\/87\/2026\/03\/65d045da-9041-4a15-ae55-a2eeb90bfebd-1024x683.jpg\" alt=\"\" class=\"wp-image-5902\" srcset=\"https:\/\/portal.pi.gov.br\/seres\/wp-content\/uploads\/sites\/87\/2026\/03\/65d045da-9041-4a15-ae55-a2eeb90bfebd-1024x683.jpg 1024w, https:\/\/portal.pi.gov.br\/seres\/wp-content\/uploads\/sites\/87\/2026\/03\/65d045da-9041-4a15-ae55-a2eeb90bfebd-300x200.jpg 300w, https:\/\/portal.pi.gov.br\/seres\/wp-content\/uploads\/sites\/87\/2026\/03\/65d045da-9041-4a15-ae55-a2eeb90bfebd-768x512.jpg 768w, https:\/\/portal.pi.gov.br\/seres\/wp-content\/uploads\/sites\/87\/2026\/03\/65d045da-9041-4a15-ae55-a2eeb90bfebd-420x280.jpg 420w, https:\/\/portal.pi.gov.br\/seres\/wp-content\/uploads\/sites\/87\/2026\/03\/65d045da-9041-4a15-ae55-a2eeb90bfebd-540x360.jpg 540w, https:\/\/portal.pi.gov.br\/seres\/wp-content\/uploads\/sites\/87\/2026\/03\/65d045da-9041-4a15-ae55-a2eeb90bfebd-780x520.jpg 780w, https:\/\/portal.pi.gov.br\/seres\/wp-content\/uploads\/sites\/87\/2026\/03\/65d045da-9041-4a15-ae55-a2eeb90bfebd-947x632.jpg 947w, https:\/\/portal.pi.gov.br\/seres\/wp-content\/uploads\/sites\/87\/2026\/03\/65d045da-9041-4a15-ae55-a2eeb90bfebd-624x416.jpg 624w, https:\/\/portal.pi.gov.br\/seres\/wp-content\/uploads\/sites\/87\/2026\/03\/65d045da-9041-4a15-ae55-a2eeb90bfebd-84x56.jpg 84w, https:\/\/portal.pi.gov.br\/seres\/wp-content\/uploads\/sites\/87\/2026\/03\/65d045da-9041-4a15-ae55-a2eeb90bfebd.jpg 1280w\" sizes=\"(max-width: 1024px) 100vw, 1024px\" \/><\/figure>\n\n\n\n<figure class=\"wp-block-image size-large\"><img decoding=\"async\" loading=\"lazy\" width=\"1024\" height=\"768\" data-id=\"5901\"  src=\"https:\/\/portal.pi.gov.br\/seres\/wp-content\/uploads\/sites\/87\/2026\/03\/9db89895-fad9-4648-86fb-74f18ea7b264-1024x768.jpg\" alt=\"\" class=\"wp-image-5901\" srcset=\"https:\/\/portal.pi.gov.br\/seres\/wp-content\/uploads\/sites\/87\/2026\/03\/9db89895-fad9-4648-86fb-74f18ea7b264-1024x768.jpg 1024w, https:\/\/portal.pi.gov.br\/seres\/wp-content\/uploads\/sites\/87\/2026\/03\/9db89895-fad9-4648-86fb-74f18ea7b264-300x225.jpg 300w, https:\/\/portal.pi.gov.br\/seres\/wp-content\/uploads\/sites\/87\/2026\/03\/9db89895-fad9-4648-86fb-74f18ea7b264-768x576.jpg 768w, https:\/\/portal.pi.gov.br\/seres\/wp-content\/uploads\/sites\/87\/2026\/03\/9db89895-fad9-4648-86fb-74f18ea7b264-420x315.jpg 420w, https:\/\/portal.pi.gov.br\/seres\/wp-content\/uploads\/sites\/87\/2026\/03\/9db89895-fad9-4648-86fb-74f18ea7b264-540x405.jpg 540w, https:\/\/portal.pi.gov.br\/seres\/wp-content\/uploads\/sites\/87\/2026\/03\/9db89895-fad9-4648-86fb-74f18ea7b264-780x585.jpg 780w, https:\/\/portal.pi.gov.br\/seres\/wp-content\/uploads\/sites\/87\/2026\/03\/9db89895-fad9-4648-86fb-74f18ea7b264-947x710.jpg 947w, https:\/\/portal.pi.gov.br\/seres\/wp-content\/uploads\/sites\/87\/2026\/03\/9db89895-fad9-4648-86fb-74f18ea7b264-624x468.jpg 624w, https:\/\/portal.pi.gov.br\/seres\/wp-content\/uploads\/sites\/87\/2026\/03\/9db89895-fad9-4648-86fb-74f18ea7b264.jpg 1280w\" sizes=\"(max-width: 1024px) 100vw, 1024px\" \/><\/figure>\n\n\n\n<figure class=\"wp-block-image size-large\"><img decoding=\"async\" loading=\"lazy\" width=\"1024\" height=\"768\" data-id=\"5900\"  src=\"https:\/\/portal.pi.gov.br\/seres\/wp-content\/uploads\/sites\/87\/2026\/03\/07b39c38-a6db-453d-ad55-df71b6b4b19c-1024x768.jpg\" alt=\"\" class=\"wp-image-5900\" srcset=\"https:\/\/portal.pi.gov.br\/seres\/wp-content\/uploads\/sites\/87\/2026\/03\/07b39c38-a6db-453d-ad55-df71b6b4b19c-1024x768.jpg 1024w, https:\/\/portal.pi.gov.br\/seres\/wp-content\/uploads\/sites\/87\/2026\/03\/07b39c38-a6db-453d-ad55-df71b6b4b19c-300x225.jpg 300w, https:\/\/portal.pi.gov.br\/seres\/wp-content\/uploads\/sites\/87\/2026\/03\/07b39c38-a6db-453d-ad55-df71b6b4b19c-768x576.jpg 768w, https:\/\/portal.pi.gov.br\/seres\/wp-content\/uploads\/sites\/87\/2026\/03\/07b39c38-a6db-453d-ad55-df71b6b4b19c-420x315.jpg 420w, https:\/\/portal.pi.gov.br\/seres\/wp-content\/uploads\/sites\/87\/2026\/03\/07b39c38-a6db-453d-ad55-df71b6b4b19c-540x405.jpg 540w, https:\/\/portal.pi.gov.br\/seres\/wp-content\/uploads\/sites\/87\/2026\/03\/07b39c38-a6db-453d-ad55-df71b6b4b19c-780x585.jpg 780w, https:\/\/portal.pi.gov.br\/seres\/wp-content\/uploads\/sites\/87\/2026\/03\/07b39c38-a6db-453d-ad55-df71b6b4b19c-947x710.jpg 947w, https:\/\/portal.pi.gov.br\/seres\/wp-content\/uploads\/sites\/87\/2026\/03\/07b39c38-a6db-453d-ad55-df71b6b4b19c-624x468.jpg 624w, https:\/\/portal.pi.gov.br\/seres\/wp-content\/uploads\/sites\/87\/2026\/03\/07b39c38-a6db-453d-ad55-df71b6b4b19c.jpg 1280w\" sizes=\"(max-width: 1024px) 100vw, 1024px\" \/><\/figure>\n\n\n\n<figure class=\"wp-block-image size-large\"><img decoding=\"async\" loading=\"lazy\" width=\"1024\" height=\"683\" data-id=\"5899\"  src=\"https:\/\/portal.pi.gov.br\/seres\/wp-content\/uploads\/sites\/87\/2026\/03\/5bb727d2-0d29-49fd-9969-3746cd0b5e8d-1024x683.jpg\" alt=\"\" class=\"wp-image-5899\" srcset=\"https:\/\/portal.pi.gov.br\/seres\/wp-content\/uploads\/sites\/87\/2026\/03\/5bb727d2-0d29-49fd-9969-3746cd0b5e8d-1024x683.jpg 1024w, https:\/\/portal.pi.gov.br\/seres\/wp-content\/uploads\/sites\/87\/2026\/03\/5bb727d2-0d29-49fd-9969-3746cd0b5e8d-300x200.jpg 300w, https:\/\/portal.pi.gov.br\/seres\/wp-content\/uploads\/sites\/87\/2026\/03\/5bb727d2-0d29-49fd-9969-3746cd0b5e8d-768x512.jpg 768w, https:\/\/portal.pi.gov.br\/seres\/wp-content\/uploads\/sites\/87\/2026\/03\/5bb727d2-0d29-49fd-9969-3746cd0b5e8d-420x280.jpg 420w, https:\/\/portal.pi.gov.br\/seres\/wp-content\/uploads\/sites\/87\/2026\/03\/5bb727d2-0d29-49fd-9969-3746cd0b5e8d-540x360.jpg 540w, https:\/\/portal.pi.gov.br\/seres\/wp-content\/uploads\/sites\/87\/2026\/03\/5bb727d2-0d29-49fd-9969-3746cd0b5e8d-780x520.jpg 780w, https:\/\/portal.pi.gov.br\/seres\/wp-content\/uploads\/sites\/87\/2026\/03\/5bb727d2-0d29-49fd-9969-3746cd0b5e8d-947x632.jpg 947w, https:\/\/portal.pi.gov.br\/seres\/wp-content\/uploads\/sites\/87\/2026\/03\/5bb727d2-0d29-49fd-9969-3746cd0b5e8d-624x416.jpg 624w, https:\/\/portal.pi.gov.br\/seres\/wp-content\/uploads\/sites\/87\/2026\/03\/5bb727d2-0d29-49fd-9969-3746cd0b5e8d-84x56.jpg 84w, https:\/\/portal.pi.gov.br\/seres\/wp-content\/uploads\/sites\/87\/2026\/03\/5bb727d2-0d29-49fd-9969-3746cd0b5e8d.jpg 1280w\" sizes=\"(max-width: 1024px) 100vw, 1024px\" \/><\/figure>\n\n\n\n<figure class=\"wp-block-image size-large\"><img decoding=\"async\" loading=\"lazy\" width=\"1024\" height=\"690\" data-id=\"5898\"  src=\"https:\/\/portal.pi.gov.br\/seres\/wp-content\/uploads\/sites\/87\/2026\/03\/4eef2104-b8f8-4fbd-9fdf-2627b442f759-1024x690.jpg\" alt=\"\" class=\"wp-image-5898\" srcset=\"https:\/\/portal.pi.gov.br\/seres\/wp-content\/uploads\/sites\/87\/2026\/03\/4eef2104-b8f8-4fbd-9fdf-2627b442f759-1024x690.jpg 1024w, https:\/\/portal.pi.gov.br\/seres\/wp-content\/uploads\/sites\/87\/2026\/03\/4eef2104-b8f8-4fbd-9fdf-2627b442f759-300x202.jpg 300w, https:\/\/portal.pi.gov.br\/seres\/wp-content\/uploads\/sites\/87\/2026\/03\/4eef2104-b8f8-4fbd-9fdf-2627b442f759-768x517.jpg 768w, https:\/\/portal.pi.gov.br\/seres\/wp-content\/uploads\/sites\/87\/2026\/03\/4eef2104-b8f8-4fbd-9fdf-2627b442f759-420x283.jpg 420w, https:\/\/portal.pi.gov.br\/seres\/wp-content\/uploads\/sites\/87\/2026\/03\/4eef2104-b8f8-4fbd-9fdf-2627b442f759-540x364.jpg 540w, https:\/\/portal.pi.gov.br\/seres\/wp-content\/uploads\/sites\/87\/2026\/03\/4eef2104-b8f8-4fbd-9fdf-2627b442f759-780x525.jpg 780w, https:\/\/portal.pi.gov.br\/seres\/wp-content\/uploads\/sites\/87\/2026\/03\/4eef2104-b8f8-4fbd-9fdf-2627b442f759-947x638.jpg 947w, https:\/\/portal.pi.gov.br\/seres\/wp-content\/uploads\/sites\/87\/2026\/03\/4eef2104-b8f8-4fbd-9fdf-2627b442f759-624x420.jpg 624w, https:\/\/portal.pi.gov.br\/seres\/wp-content\/uploads\/sites\/87\/2026\/03\/4eef2104-b8f8-4fbd-9fdf-2627b442f759-84x56.jpg 84w, https:\/\/portal.pi.gov.br\/seres\/wp-content\/uploads\/sites\/87\/2026\/03\/4eef2104-b8f8-4fbd-9fdf-2627b442f759.jpg 1280w\" sizes=\"(max-width: 1024px) 100vw, 1024px\" \/><\/figure>\n\n\n\n<figure class=\"wp-block-image size-large\"><img decoding=\"async\" loading=\"lazy\" width=\"1024\" height=\"768\" data-id=\"5897\"  src=\"https:\/\/portal.pi.gov.br\/seres\/wp-content\/uploads\/sites\/87\/2026\/03\/3abcf007-3f92-4bda-8bf2-bd8c286e31d6-1024x768.jpg\" alt=\"\" class=\"wp-image-5897\" srcset=\"https:\/\/portal.pi.gov.br\/seres\/wp-content\/uploads\/sites\/87\/2026\/03\/3abcf007-3f92-4bda-8bf2-bd8c286e31d6-1024x768.jpg 1024w, https:\/\/portal.pi.gov.br\/seres\/wp-content\/uploads\/sites\/87\/2026\/03\/3abcf007-3f92-4bda-8bf2-bd8c286e31d6-300x225.jpg 300w, https:\/\/portal.pi.gov.br\/seres\/wp-content\/uploads\/sites\/87\/2026\/03\/3abcf007-3f92-4bda-8bf2-bd8c286e31d6-768x576.jpg 768w, https:\/\/portal.pi.gov.br\/seres\/wp-content\/uploads\/sites\/87\/2026\/03\/3abcf007-3f92-4bda-8bf2-bd8c286e31d6-420x315.jpg 420w, https:\/\/portal.pi.gov.br\/seres\/wp-content\/uploads\/sites\/87\/2026\/03\/3abcf007-3f92-4bda-8bf2-bd8c286e31d6-540x405.jpg 540w, https:\/\/portal.pi.gov.br\/seres\/wp-content\/uploads\/sites\/87\/2026\/03\/3abcf007-3f92-4bda-8bf2-bd8c286e31d6-780x585.jpg 780w, https:\/\/portal.pi.gov.br\/seres\/wp-content\/uploads\/sites\/87\/2026\/03\/3abcf007-3f92-4bda-8bf2-bd8c286e31d6-947x710.jpg 947w, https:\/\/portal.pi.gov.br\/seres\/wp-content\/uploads\/sites\/87\/2026\/03\/3abcf007-3f92-4bda-8bf2-bd8c286e31d6-624x468.jpg 624w, https:\/\/portal.pi.gov.br\/seres\/wp-content\/uploads\/sites\/87\/2026\/03\/3abcf007-3f92-4bda-8bf2-bd8c286e31d6.jpg 1280w\" sizes=\"(max-width: 1024px) 100vw, 1024px\" \/><\/figure>\n<\/figure>\n\n\n\n<p><\/p>\n\n\n\n<p>Fotos: Natalina Alves<\/p>\n","protected":false},"excerpt":{"rendered":"<p>A programa\u00e7\u00e3o contou com desfile militar, pe\u00e7a teatral, entrega de medalhas e Missa em A\u00e7\u00e3o de Gra\u00e7as. O Governo do Piau\u00ed realizou, nesta sexta-feira (13), as atividades comemorativas aos 203 [&hellip;]<\/p>\n","protected":false},"author":1821,"featured_media":5904,"comment_status":"closed","ping_status":"closed","sticky":true,"template":"","format":"standard","meta":[],"categories":[34],"tags":[],"featured_image_urls":{"full":["https:\/\/portal.pi.gov.br\/seres\/wp-content\/uploads\/sites\/87\/2026\/03\/675ba8b2-2747-4a8e-a207-044edd0785f3.jpg",1280,960,false],"thumbnail":["https:\/\/portal.pi.gov.br\/seres\/wp-content\/uploads\/sites\/87\/2026\/03\/675ba8b2-2747-4a8e-a207-044edd0785f3-150x150.jpg",150,150,true],"medium":["https:\/\/portal.pi.gov.br\/seres\/wp-content\/uploads\/sites\/87\/2026\/03\/675ba8b2-2747-4a8e-a207-044edd0785f3-300x225.jpg",300,225,true],"medium_large":["https:\/\/portal.pi.gov.br\/seres\/wp-content\/uploads\/sites\/87\/2026\/03\/675ba8b2-2747-4a8e-a207-044edd0785f3-768x576.jpg",768,576,true],"large":["https:\/\/portal.pi.gov.br\/seres\/wp-content\/uploads\/sites\/87\/2026\/03\/675ba8b2-2747-4a8e-a207-044edd0785f3-1024x768.jpg",887,665,true],"sgg-420":["https:\/\/portal.pi.gov.br\/seres\/wp-content\/uploads\/sites\/87\/2026\/03\/675ba8b2-2747-4a8e-a207-044edd0785f3-420x315.jpg",420,315,true],"sgg-540":["https:\/\/portal.pi.gov.br\/seres\/wp-content\/uploads\/sites\/87\/2026\/03\/675ba8b2-2747-4a8e-a207-044edd0785f3-540x405.jpg",540,405,true],"sgg-780":["https:\/\/portal.pi.gov.br\/seres\/wp-content\/uploads\/sites\/87\/2026\/03\/675ba8b2-2747-4a8e-a207-044edd0785f3-780x585.jpg",780,585,true],"1536x1536":["https:\/\/portal.pi.gov.br\/seres\/wp-content\/uploads\/sites\/87\/2026\/03\/675ba8b2-2747-4a8e-a207-044edd0785f3.jpg",1280,960,false],"2048x2048":["https:\/\/portal.pi.gov.br\/seres\/wp-content\/uploads\/sites\/87\/2026\/03\/675ba8b2-2747-4a8e-a207-044edd0785f3.jpg",1280,960,false],"homepage-slider":["https:\/\/portal.pi.gov.br\/seres\/wp-content\/uploads\/sites\/87\/2026\/03\/675ba8b2-2747-4a8e-a207-044edd0785f3-1270x500.jpg",1270,500,true],"homepage-slider-small":["https:\/\/portal.pi.gov.br\/seres\/wp-content\/uploads\/sites\/87\/2026\/03\/675ba8b2-2747-4a8e-a207-044edd0785f3-947x500.jpg",947,500,true],"page-top":["https:\/\/portal.pi.gov.br\/seres\/wp-content\/uploads\/sites\/87\/2026\/03\/675ba8b2-2747-4a8e-a207-044edd0785f3-947x710.jpg",947,710,true],"page-small":["https:\/\/portal.pi.gov.br\/seres\/wp-content\/uploads\/sites\/87\/2026\/03\/675ba8b2-2747-4a8e-a207-044edd0785f3-624x468.jpg",624,468,true],"loop-main":["https:\/\/portal.pi.gov.br\/seres\/wp-content\/uploads\/sites\/87\/2026\/03\/675ba8b2-2747-4a8e-a207-044edd0785f3-365x240.jpg",365,240,true],"thumb-gallery-widget":["https:\/\/portal.pi.gov.br\/seres\/wp-content\/uploads\/sites\/87\/2026\/03\/675ba8b2-2747-4a8e-a207-044edd0785f3-84x56.jpg",84,56,true]},"post_excerpt_stackable":"<p>A programa\u00e7\u00e3o contou com desfile militar, pe\u00e7a teatral, entrega de medalhas e Missa em A\u00e7\u00e3o de Gra\u00e7as. O Governo do Piau\u00ed realizou, nesta sexta-feira (13), as atividades comemorativas aos 203 anos da Batalha do Jenipapo, no munic\u00edpio de Campo Maior, com a presen\u00e7a do governador Rafael Fonteles, da secret\u00e1ria de Rela\u00e7\u00f5es Sociais N\u00fabia Lopes, e demais autoridades. A programa\u00e7\u00e3o contou com atividades c\u00edvicas, culturais e religiosas em homenagem ao epis\u00f3dio hist\u00f3rico no Piau\u00ed em prol da luta pela independ\u00eancia do Brasil. As atividades tiveram in\u00edcio, \u00e0s 8h, no Monumento Her\u00f3is do Jenipapo, com o desfile militar, apresenta\u00e7\u00e3o da pe\u00e7a teatral&hellip;<\/p>\n","category_list":"<a href=\"https:\/\/portal.pi.gov.br\/seres\/category\/noticias\/\" rel=\"category tag\">Not\u00edcias<\/a>","author_info":{"name":"alineraquel","url":"https:\/\/portal.pi.gov.br\/seres\/author\/alineraquel\/"},"comments_num":"0 coment\u00e1rio","featured_image_urls_v2":{"full":["https:\/\/portal.pi.gov.br\/seres\/wp-content\/uploads\/sites\/87\/2026\/03\/675ba8b2-2747-4a8e-a207-044edd0785f3.jpg",1280,960,false],"thumbnail":["https:\/\/portal.pi.gov.br\/seres\/wp-content\/uploads\/sites\/87\/2026\/03\/675ba8b2-2747-4a8e-a207-044edd0785f3-150x150.jpg",150,150,true],"medium":["https:\/\/portal.pi.gov.br\/seres\/wp-content\/uploads\/sites\/87\/2026\/03\/675ba8b2-2747-4a8e-a207-044edd0785f3-300x225.jpg",300,225,true],"medium_large":["https:\/\/portal.pi.gov.br\/seres\/wp-content\/uploads\/sites\/87\/2026\/03\/675ba8b2-2747-4a8e-a207-044edd0785f3-768x576.jpg",768,576,true],"large":["https:\/\/portal.pi.gov.br\/seres\/wp-content\/uploads\/sites\/87\/2026\/03\/675ba8b2-2747-4a8e-a207-044edd0785f3-1024x768.jpg",887,665,true],"sgg-420":["https:\/\/portal.pi.gov.br\/seres\/wp-content\/uploads\/sites\/87\/2026\/03\/675ba8b2-2747-4a8e-a207-044edd0785f3-420x315.jpg",420,315,true],"sgg-540":["https:\/\/portal.pi.gov.br\/seres\/wp-content\/uploads\/sites\/87\/2026\/03\/675ba8b2-2747-4a8e-a207-044edd0785f3-540x405.jpg",540,405,true],"sgg-780":["https:\/\/portal.pi.gov.br\/seres\/wp-content\/uploads\/sites\/87\/2026\/03\/675ba8b2-2747-4a8e-a207-044edd0785f3-780x585.jpg",780,585,true],"1536x1536":["https:\/\/portal.pi.gov.br\/seres\/wp-content\/uploads\/sites\/87\/2026\/03\/675ba8b2-2747-4a8e-a207-044edd0785f3.jpg",1280,960,false],"2048x2048":["https:\/\/portal.pi.gov.br\/seres\/wp-content\/uploads\/sites\/87\/2026\/03\/675ba8b2-2747-4a8e-a207-044edd0785f3.jpg",1280,960,false],"homepage-slider":["https:\/\/portal.pi.gov.br\/seres\/wp-content\/uploads\/sites\/87\/2026\/03\/675ba8b2-2747-4a8e-a207-044edd0785f3-1270x500.jpg",1270,500,true],"homepage-slider-small":["https:\/\/portal.pi.gov.br\/seres\/wp-content\/uploads\/sites\/87\/2026\/03\/675ba8b2-2747-4a8e-a207-044edd0785f3-947x500.jpg",947,500,true],"page-top":["https:\/\/portal.pi.gov.br\/seres\/wp-content\/uploads\/sites\/87\/2026\/03\/675ba8b2-2747-4a8e-a207-044edd0785f3-947x710.jpg",947,710,true],"page-small":["https:\/\/portal.pi.gov.br\/seres\/wp-content\/uploads\/sites\/87\/2026\/03\/675ba8b2-2747-4a8e-a207-044edd0785f3-624x468.jpg",624,468,true],"loop-main":["https:\/\/portal.pi.gov.br\/seres\/wp-content\/uploads\/sites\/87\/2026\/03\/675ba8b2-2747-4a8e-a207-044edd0785f3-365x240.jpg",365,240,true],"thumb-gallery-widget":["https:\/\/portal.pi.gov.br\/seres\/wp-content\/uploads\/sites\/87\/2026\/03\/675ba8b2-2747-4a8e-a207-044edd0785f3-84x56.jpg",84,56,true]},"post_excerpt_stackable_v2":"<p>A programa\u00e7\u00e3o contou com desfile militar, pe\u00e7a teatral, entrega de medalhas e Missa em A\u00e7\u00e3o de Gra\u00e7as. O Governo do Piau\u00ed realizou, nesta sexta-feira (13), as atividades comemorativas aos 203 anos da Batalha do Jenipapo, no munic\u00edpio de Campo Maior, com a presen\u00e7a do governador Rafael Fonteles, da secret\u00e1ria de Rela\u00e7\u00f5es Sociais N\u00fabia Lopes, e demais autoridades. A programa\u00e7\u00e3o contou com atividades c\u00edvicas, culturais e religiosas em homenagem ao epis\u00f3dio hist\u00f3rico no Piau\u00ed em prol da luta pela independ\u00eancia do Brasil. As atividades tiveram in\u00edcio, \u00e0s 8h, no Monumento Her\u00f3is do Jenipapo, com o desfile militar, apresenta\u00e7\u00e3o da pe\u00e7a teatral&hellip;<\/p>\n","category_list_v2":"<a href=\"https:\/\/portal.pi.gov.br\/seres\/category\/noticias\/\" rel=\"category tag\">Not\u00edcias<\/a>","author_info_v2":{"name":"alineraquel","url":"https:\/\/portal.pi.gov.br\/seres\/author\/alineraquel\/"},"comments_num_v2":"0 coment\u00e1rio","jetpack_featured_media_url":"https:\/\/portal.pi.gov.br\/seres\/wp-content\/uploads\/sites\/87\/2026\/03\/675ba8b2-2747-4a8e-a207-044edd0785f3.jpg","_links":{"self":[{"href":"https:\/\/portal.pi.gov.br\/seres\/wp-json\/wp\/v2\/posts\/5917"}],"collection":[{"href":"https:\/\/portal.pi.gov.br\/seres\/wp-json\/wp\/v2\/posts"}],"about":[{"href":"https:\/\/portal.pi.gov.br\/seres\/wp-json\/wp\/v2\/types\/post"}],"author":[{"embeddable":true,"href":"https:\/\/portal.pi.gov.br\/seres\/wp-json\/wp\/v2\/users\/1821"}],"replies":[{"embeddable":true,"href":"https:\/\/portal.pi.gov.br\/seres\/wp-json\/wp\/v2\/comments?post=5917"}],"version-history":[{"count":2,"href":"https:\/\/portal.pi.gov.br\/seres\/wp-json\/wp\/v2\/posts\/5917\/revisions"}],"predecessor-version":[{"id":5919,"href":"https:\/\/portal.pi.gov.br\/seres\/wp-json\/wp\/v2\/posts\/5917\/revisions\/5919"}],"wp:featuredmedia":[{"embeddable":true,"href":"https:\/\/portal.pi.gov.br\/seres\/wp-json\/wp\/v2\/media\/5904"}],"wp:attachment":[{"href":"https:\/\/portal.pi.gov.br\/seres\/wp-json\/wp\/v2\/media?parent=5917"}],"wp:term":[{"taxonomy":"category","embeddable":true,"href":"https:\/\/portal.pi.gov.br\/seres\/wp-json\/wp\/v2\/categories?post=5917"},{"taxonomy":"post_tag","embeddable":true,"href":"https:\/\/portal.pi.gov.br\/seres\/wp-json\/wp\/v2\/tags?post=5917"}],"curies":[{"name":"wp","href":"https:\/\/api.w.org\/{rel}","templated":true}]}}