{"id":5927,"date":"2026-03-16T13:05:22","date_gmt":"2026-03-16T16:05:22","guid":{"rendered":"https:\/\/portal.pi.gov.br\/seres\/?p=5927"},"modified":"2026-03-16T13:06:05","modified_gmt":"2026-03-16T16:06:05","slug":"governo-do-piaui-anuncia-ipva-zero-para-motoristas-de-aplicativo","status":"publish","type":"post","link":"https:\/\/portal.pi.gov.br\/seres\/2026\/03\/16\/governo-do-piaui-anuncia-ipva-zero-para-motoristas-de-aplicativo\/","title":{"rendered":"Governo do Piau\u00ed anuncia IPVA zero para motoristas de aplicativo"},"content":{"rendered":"\n<h2 class=\"wp-block-heading\">Projeto \u00e9 resultado de demanda apresentada pela categoria e foi encaminhado \u00e0 Assembleia Legislativa, com o apoio da Seres.<\/h2>\n\n\n\n<p><\/p>\n\n\n\n<figure class=\"wp-block-gallery has-nested-images columns-default is-cropped wp-block-gallery-1 is-layout-flex\">\n<figure class=\"wp-block-image size-large\"><img decoding=\"async\" loading=\"lazy\" width=\"1024\" height=\"683\" data-id=\"5925\"  src=\"https:\/\/portal.pi.gov.br\/seres\/wp-content\/uploads\/sites\/87\/2026\/03\/Reuniao-Sindicato-Aplicativos-4-2048x1366-1-1024x683.jpg\" alt=\"\" class=\"wp-image-5925\" srcset=\"https:\/\/portal.pi.gov.br\/seres\/wp-content\/uploads\/sites\/87\/2026\/03\/Reuniao-Sindicato-Aplicativos-4-2048x1366-1-1024x683.jpg 1024w, https:\/\/portal.pi.gov.br\/seres\/wp-content\/uploads\/sites\/87\/2026\/03\/Reuniao-Sindicato-Aplicativos-4-2048x1366-1-300x200.jpg 300w, https:\/\/portal.pi.gov.br\/seres\/wp-content\/uploads\/sites\/87\/2026\/03\/Reuniao-Sindicato-Aplicativos-4-2048x1366-1-768x512.jpg 768w, https:\/\/portal.pi.gov.br\/seres\/wp-content\/uploads\/sites\/87\/2026\/03\/Reuniao-Sindicato-Aplicativos-4-2048x1366-1-420x280.jpg 420w, https:\/\/portal.pi.gov.br\/seres\/wp-content\/uploads\/sites\/87\/2026\/03\/Reuniao-Sindicato-Aplicativos-4-2048x1366-1-540x360.jpg 540w, https:\/\/portal.pi.gov.br\/seres\/wp-content\/uploads\/sites\/87\/2026\/03\/Reuniao-Sindicato-Aplicativos-4-2048x1366-1-780x520.jpg 780w, https:\/\/portal.pi.gov.br\/seres\/wp-content\/uploads\/sites\/87\/2026\/03\/Reuniao-Sindicato-Aplicativos-4-2048x1366-1-1536x1025.jpg 1536w, https:\/\/portal.pi.gov.br\/seres\/wp-content\/uploads\/sites\/87\/2026\/03\/Reuniao-Sindicato-Aplicativos-4-2048x1366-1-947x632.jpg 947w, https:\/\/portal.pi.gov.br\/seres\/wp-content\/uploads\/sites\/87\/2026\/03\/Reuniao-Sindicato-Aplicativos-4-2048x1366-1-624x416.jpg 624w, https:\/\/portal.pi.gov.br\/seres\/wp-content\/uploads\/sites\/87\/2026\/03\/Reuniao-Sindicato-Aplicativos-4-2048x1366-1-84x56.jpg 84w, https:\/\/portal.pi.gov.br\/seres\/wp-content\/uploads\/sites\/87\/2026\/03\/Reuniao-Sindicato-Aplicativos-4-2048x1366-1.jpg 2048w\" sizes=\"(max-width: 1024px) 100vw, 1024px\" \/><\/figure>\n<\/figure>\n\n\n\n<p><\/p>\n\n\n\n<p>O governador Rafael Fonteles recebeu, no Pal\u00e1cio de Karnak, os representantes do Sindicato dos Motoristas e Trabalhadores por Aplicativos do Piau\u00ed (Sindimapi) e da Cooperativa de Transportes por Aplicativos do Piau\u00ed (Coopertap-PI) para anunciar o projeto de lei que prev\u00ea a isen\u00e7\u00e3o do Imposto sobre a Propriedade de Ve\u00edculos Automotores (IPVA) para ve\u00edculos de propriedade de motoristas por aplicativo, que visa beneficiar estes profissionais que desempenham papel fundamental na mobilidade urbana. A reuni\u00e3o foi coordenada pela secret\u00e1ria de Rela\u00e7\u00f5es Sociais, N\u00fabia Lopes, pois atrav\u00e9s da articula\u00e7\u00e3o da Seres Piau\u00ed, a solicita\u00e7\u00e3o chegou at\u00e9 o Governo e foi resolvida, atendendo \u00e0 demanda da categoria.<\/p>\n\n\n\n<p>Segundo o governador, a medida \u00e9 resultado de uma a\u00e7\u00e3o apresentada pela pr\u00f3pria categoria e analisada pelo governo ao longo dos \u00faltimos meses. \u201cFizemos estudos t\u00e9cnicos e c\u00e1lculos de impacto financeiro antes de encaminhar a proposta \u00e0 Assembleia Legislativa e a expectativa \u00e9 de aprova\u00e7\u00e3o nos pr\u00f3ximos dias, com vig\u00eancia para 2027\u201d, explica o gestor, destacando que a iniciativa representa uma conquista importante para os motoristas por aplicativo e tamb\u00e9m traz benef\u00edcios diretos para os usu\u00e1rios do servi\u00e7o.<\/p>\n\n\n\n<p>De acordo com o governador, o projeto do IPVA Zero \u00e9 uma conquista da categoria que vai resultar na melhoria dos servi\u00e7os para os usu\u00e1rios de transporte por aplicativo.<\/p>\n\n\n\n<p>\u201cCom essa medida, o trabalhador poder\u00e1 investir mais em seus ve\u00edculos e na presta\u00e7\u00e3o de servi\u00e7o. Ent\u00e3o, ganha a sociedade, os profissionais e o compromisso do Governo do Piau\u00ed em continuar atento \u00e0s demandas dos movimentos sociais e dos sindicatos\u201d, declara Rafael Fonteles.<\/p>\n\n\n\n<p>Representando a categoria, \u00c9rico da Luta, presidente da Coopertap-PI e diretor de Rela\u00e7\u00f5es Institucionais do Sindimapi, destacou que a isen\u00e7\u00e3o do IPVA faz parte de uma pauta nacional da categoria, destacou a import\u00e2ncia da iniciativa e agradeceu ao governo estadual pela sensibilidade em atender \u00e0 reivindica\u00e7\u00e3o dos trabalhadores.<\/p>\n\n\n\n<p>\u201cJaneiro \u00e9 o m\u00eas mais complicado em raz\u00e3o da queda da demanda que chega a 50% em raz\u00e3o das f\u00e9rias escolares, recesso em algumas reparti\u00e7\u00f5es. Ent\u00e3o estamos muito felizes e agradecidos ao governador Rafael Fonteles pela sensibilidade de acolher essa pauta que beneficia os motoristas de aplicativo\u201d, afirma \u00c9rico da Luta, enfatizando que o Piau\u00ed passa a ser o quarto estado do pa\u00eds a reconhecer esse direito.<\/p>\n\n\n\n<p>A medida deve estimular a renova\u00e7\u00e3o da frota e melhorar a qualidade do servi\u00e7o prestado. \u201cQuem ganha \u00e9 o trabalhador e tamb\u00e9m toda a popula\u00e7\u00e3o do Piau\u00ed, porque haver\u00e1 renova\u00e7\u00e3o da frota, mais qualidade no servi\u00e7o e o trabalhador ter\u00e1 um al\u00edvio importante nas despesas de in\u00edcio de ano\u201d, completa o sindicalista.<\/p>\n\n\n\n<p>Atualmente, a entidades sindicais que representam cerca de 7 mil trabalhadores, entre motoristas por aplicativo e entregadores de servi\u00e7os de delivery.<\/p>\n\n\n\n<p>Segundo a secret\u00e1ria de Estado das Rela\u00e7\u00f5es Sociais, N\u00fabia Lopes, o di\u00e1logo foi fundamental para constru\u00e7\u00e3o da proposta. \u201cForam v\u00e1rios momentos de conversas com a Secretaria de Rela\u00e7\u00f5es Sociais e tamb\u00e9m com a Secretaria da Fazenda. Levamos essa demanda ao governador, que prontamente atendeu, e agora chegamos a esse momento de celebrar essa conquista dos motoristas por aplicativo\u201d, afirma a gestora.<\/p>\n\n\n\n<figure class=\"wp-block-gallery has-nested-images columns-default is-cropped wp-block-gallery-3 is-layout-flex\">\n<figure class=\"wp-block-image size-large\"><img decoding=\"async\" loading=\"lazy\" width=\"1024\" height=\"683\" data-id=\"5924\"  src=\"https:\/\/portal.pi.gov.br\/seres\/wp-content\/uploads\/sites\/87\/2026\/03\/Reuniao-Sindicato-Aplicativos-Nubia-3-2048x1366-1-1024x683.jpg\" alt=\"\" class=\"wp-image-5924\" srcset=\"https:\/\/portal.pi.gov.br\/seres\/wp-content\/uploads\/sites\/87\/2026\/03\/Reuniao-Sindicato-Aplicativos-Nubia-3-2048x1366-1-1024x683.jpg 1024w, https:\/\/portal.pi.gov.br\/seres\/wp-content\/uploads\/sites\/87\/2026\/03\/Reuniao-Sindicato-Aplicativos-Nubia-3-2048x1366-1-300x200.jpg 300w, https:\/\/portal.pi.gov.br\/seres\/wp-content\/uploads\/sites\/87\/2026\/03\/Reuniao-Sindicato-Aplicativos-Nubia-3-2048x1366-1-768x512.jpg 768w, https:\/\/portal.pi.gov.br\/seres\/wp-content\/uploads\/sites\/87\/2026\/03\/Reuniao-Sindicato-Aplicativos-Nubia-3-2048x1366-1-420x280.jpg 420w, https:\/\/portal.pi.gov.br\/seres\/wp-content\/uploads\/sites\/87\/2026\/03\/Reuniao-Sindicato-Aplicativos-Nubia-3-2048x1366-1-540x360.jpg 540w, https:\/\/portal.pi.gov.br\/seres\/wp-content\/uploads\/sites\/87\/2026\/03\/Reuniao-Sindicato-Aplicativos-Nubia-3-2048x1366-1-780x520.jpg 780w, https:\/\/portal.pi.gov.br\/seres\/wp-content\/uploads\/sites\/87\/2026\/03\/Reuniao-Sindicato-Aplicativos-Nubia-3-2048x1366-1-1536x1025.jpg 1536w, https:\/\/portal.pi.gov.br\/seres\/wp-content\/uploads\/sites\/87\/2026\/03\/Reuniao-Sindicato-Aplicativos-Nubia-3-2048x1366-1-947x632.jpg 947w, https:\/\/portal.pi.gov.br\/seres\/wp-content\/uploads\/sites\/87\/2026\/03\/Reuniao-Sindicato-Aplicativos-Nubia-3-2048x1366-1-624x416.jpg 624w, https:\/\/portal.pi.gov.br\/seres\/wp-content\/uploads\/sites\/87\/2026\/03\/Reuniao-Sindicato-Aplicativos-Nubia-3-2048x1366-1-84x56.jpg 84w, https:\/\/portal.pi.gov.br\/seres\/wp-content\/uploads\/sites\/87\/2026\/03\/Reuniao-Sindicato-Aplicativos-Nubia-3-2048x1366-1.jpg 2048w\" sizes=\"(max-width: 1024px) 100vw, 1024px\" \/><\/figure>\n\n\n\n<figure class=\"wp-block-image size-large\"><img decoding=\"async\" loading=\"lazy\" width=\"1024\" height=\"683\" data-id=\"5923\"  src=\"https:\/\/portal.pi.gov.br\/seres\/wp-content\/uploads\/sites\/87\/2026\/03\/Reuniao-Sindicato-Aplicativos-11-2048x1366-1-1024x683.jpg\" alt=\"\" class=\"wp-image-5923\" srcset=\"https:\/\/portal.pi.gov.br\/seres\/wp-content\/uploads\/sites\/87\/2026\/03\/Reuniao-Sindicato-Aplicativos-11-2048x1366-1-1024x683.jpg 1024w, https:\/\/portal.pi.gov.br\/seres\/wp-content\/uploads\/sites\/87\/2026\/03\/Reuniao-Sindicato-Aplicativos-11-2048x1366-1-300x200.jpg 300w, https:\/\/portal.pi.gov.br\/seres\/wp-content\/uploads\/sites\/87\/2026\/03\/Reuniao-Sindicato-Aplicativos-11-2048x1366-1-768x512.jpg 768w, https:\/\/portal.pi.gov.br\/seres\/wp-content\/uploads\/sites\/87\/2026\/03\/Reuniao-Sindicato-Aplicativos-11-2048x1366-1-420x280.jpg 420w, https:\/\/portal.pi.gov.br\/seres\/wp-content\/uploads\/sites\/87\/2026\/03\/Reuniao-Sindicato-Aplicativos-11-2048x1366-1-540x360.jpg 540w, https:\/\/portal.pi.gov.br\/seres\/wp-content\/uploads\/sites\/87\/2026\/03\/Reuniao-Sindicato-Aplicativos-11-2048x1366-1-780x520.jpg 780w, https:\/\/portal.pi.gov.br\/seres\/wp-content\/uploads\/sites\/87\/2026\/03\/Reuniao-Sindicato-Aplicativos-11-2048x1366-1-1536x1025.jpg 1536w, https:\/\/portal.pi.gov.br\/seres\/wp-content\/uploads\/sites\/87\/2026\/03\/Reuniao-Sindicato-Aplicativos-11-2048x1366-1-947x632.jpg 947w, https:\/\/portal.pi.gov.br\/seres\/wp-content\/uploads\/sites\/87\/2026\/03\/Reuniao-Sindicato-Aplicativos-11-2048x1366-1-624x416.jpg 624w, https:\/\/portal.pi.gov.br\/seres\/wp-content\/uploads\/sites\/87\/2026\/03\/Reuniao-Sindicato-Aplicativos-11-2048x1366-1-84x56.jpg 84w, https:\/\/portal.pi.gov.br\/seres\/wp-content\/uploads\/sites\/87\/2026\/03\/Reuniao-Sindicato-Aplicativos-11-2048x1366-1.jpg 2048w\" sizes=\"(max-width: 1024px) 100vw, 1024px\" \/><\/figure>\n<\/figure>\n\n\n\n<p><\/p>\n\n\n\n<p><strong>Crit\u00e9rios para obter benef\u00edcio IPVA Zero<\/strong><\/p>\n\n\n\n<p>Segundo o secret\u00e1rio de Estado da Fazenda, Em\u00edlio J\u00fanior, ser\u00e1 definido o regramento para quem ter\u00e1 direito ao benef\u00edcio do IPVA Zero.<\/p>\n\n\n\n<p>\u201cVai depender de alguns crit\u00e9rios, como verificar se a pessoa n\u00e3o exerce outra atividade profissional e se realmente atua nos aplicativos, exclusivamente. Tamb\u00e9m ser\u00e3o considerados fatores como n\u00famero de viagens realizadas e quantidade de horas trabalhadas. Essas informa\u00e7\u00f5es precisar\u00e3o ser fornecidas pelas empresas de aplicativo. O projeto ser\u00e1 encaminhado e, a partir dele, vamos estruturar todo o regramento e os crit\u00e9rios para a concess\u00e3o da isen\u00e7\u00e3o\u201d, explica o gestor.<\/p>\n\n\n\n<p><\/p>\n\n\n\n<p>Fotos: Gabriel Paulino<a href=\"https:\/\/www.pi.gov.br\/rafael-fonteles-recebe-motoristas-por-aplicativo-e-anuncia-ipva-zero-para-categoria\/#\"><\/a><\/p>\n\n\n\n<p><a href=\"https:\/\/www.pi.gov.br\/rafael-fonteles-recebe-motoristas-por-aplicativo-e-anuncia-ipva-zero-para-categoria\/#\"><\/a><\/p>\n","protected":false},"excerpt":{"rendered":"<p>Projeto \u00e9 resultado de demanda apresentada pela categoria e foi encaminhado \u00e0 Assembleia Legislativa, com o apoio da Seres. O governador Rafael Fonteles recebeu, no Pal\u00e1cio de Karnak, os representantes [&hellip;]<\/p>\n","protected":false},"author":1821,"featured_media":5923,"comment_status":"closed","ping_status":"closed","sticky":true,"template":"","format":"standard","meta":[],"categories":[34],"tags":[],"featured_image_urls":{"full":["https:\/\/portal.pi.gov.br\/seres\/wp-content\/uploads\/sites\/87\/2026\/03\/Reuniao-Sindicato-Aplicativos-11-2048x1366-1.jpg",2048,1366,false],"thumbnail":["https:\/\/portal.pi.gov.br\/seres\/wp-content\/uploads\/sites\/87\/2026\/03\/Reuniao-Sindicato-Aplicativos-11-2048x1366-1-150x150.jpg",150,150,true],"medium":["https:\/\/portal.pi.gov.br\/seres\/wp-content\/uploads\/sites\/87\/2026\/03\/Reuniao-Sindicato-Aplicativos-11-2048x1366-1-300x200.jpg",300,200,true],"medium_large":["https:\/\/portal.pi.gov.br\/seres\/wp-content\/uploads\/sites\/87\/2026\/03\/Reuniao-Sindicato-Aplicativos-11-2048x1366-1-768x512.jpg",768,512,true],"large":["https:\/\/portal.pi.gov.br\/seres\/wp-content\/uploads\/sites\/87\/2026\/03\/Reuniao-Sindicato-Aplicativos-11-2048x1366-1-1024x683.jpg",887,592,true],"sgg-420":["https:\/\/portal.pi.gov.br\/seres\/wp-content\/uploads\/sites\/87\/2026\/03\/Reuniao-Sindicato-Aplicativos-11-2048x1366-1-420x280.jpg",420,280,true],"sgg-540":["https:\/\/portal.pi.gov.br\/seres\/wp-content\/uploads\/sites\/87\/2026\/03\/Reuniao-Sindicato-Aplicativos-11-2048x1366-1-540x360.jpg",540,360,true],"sgg-780":["https:\/\/portal.pi.gov.br\/seres\/wp-content\/uploads\/sites\/87\/2026\/03\/Reuniao-Sindicato-Aplicativos-11-2048x1366-1-780x520.jpg",780,520,true],"1536x1536":["https:\/\/portal.pi.gov.br\/seres\/wp-content\/uploads\/sites\/87\/2026\/03\/Reuniao-Sindicato-Aplicativos-11-2048x1366-1-1536x1025.jpg",1536,1025,true],"2048x2048":["https:\/\/portal.pi.gov.br\/seres\/wp-content\/uploads\/sites\/87\/2026\/03\/Reuniao-Sindicato-Aplicativos-11-2048x1366-1.jpg",2048,1366,false],"homepage-slider":["https:\/\/portal.pi.gov.br\/seres\/wp-content\/uploads\/sites\/87\/2026\/03\/Reuniao-Sindicato-Aplicativos-11-2048x1366-1-1270x500.jpg",1270,500,true],"homepage-slider-small":["https:\/\/portal.pi.gov.br\/seres\/wp-content\/uploads\/sites\/87\/2026\/03\/Reuniao-Sindicato-Aplicativos-11-2048x1366-1-947x500.jpg",947,500,true],"page-top":["https:\/\/portal.pi.gov.br\/seres\/wp-content\/uploads\/sites\/87\/2026\/03\/Reuniao-Sindicato-Aplicativos-11-2048x1366-1-947x632.jpg",947,632,true],"page-small":["https:\/\/portal.pi.gov.br\/seres\/wp-content\/uploads\/sites\/87\/2026\/03\/Reuniao-Sindicato-Aplicativos-11-2048x1366-1-624x416.jpg",624,416,true],"loop-main":["https:\/\/portal.pi.gov.br\/seres\/wp-content\/uploads\/sites\/87\/2026\/03\/Reuniao-Sindicato-Aplicativos-11-2048x1366-1-365x240.jpg",365,240,true],"thumb-gallery-widget":["https:\/\/portal.pi.gov.br\/seres\/wp-content\/uploads\/sites\/87\/2026\/03\/Reuniao-Sindicato-Aplicativos-11-2048x1366-1-84x56.jpg",84,56,true]},"post_excerpt_stackable":"<p>Projeto \u00e9 resultado de demanda apresentada pela categoria e foi encaminhado \u00e0 Assembleia Legislativa, com o apoio da Seres. O governador Rafael Fonteles recebeu, no Pal\u00e1cio de Karnak, os representantes do Sindicato dos Motoristas e Trabalhadores por Aplicativos do Piau\u00ed (Sindimapi) e da Cooperativa de Transportes por Aplicativos do Piau\u00ed (Coopertap-PI) para anunciar o projeto de lei que prev\u00ea a isen\u00e7\u00e3o do Imposto sobre a Propriedade de Ve\u00edculos Automotores (IPVA) para ve\u00edculos de propriedade de motoristas por aplicativo, que visa beneficiar estes profissionais que desempenham papel fundamental na mobilidade urbana. A reuni\u00e3o foi coordenada pela secret\u00e1ria de Rela\u00e7\u00f5es Sociais, N\u00fabia&hellip;<\/p>\n","category_list":"<a href=\"https:\/\/portal.pi.gov.br\/seres\/category\/noticias\/\" rel=\"category tag\">Not\u00edcias<\/a>","author_info":{"name":"alineraquel","url":"https:\/\/portal.pi.gov.br\/seres\/author\/alineraquel\/"},"comments_num":"0 coment\u00e1rio","featured_image_urls_v2":{"full":["https:\/\/portal.pi.gov.br\/seres\/wp-content\/uploads\/sites\/87\/2026\/03\/Reuniao-Sindicato-Aplicativos-11-2048x1366-1.jpg",2048,1366,false],"thumbnail":["https:\/\/portal.pi.gov.br\/seres\/wp-content\/uploads\/sites\/87\/2026\/03\/Reuniao-Sindicato-Aplicativos-11-2048x1366-1-150x150.jpg",150,150,true],"medium":["https:\/\/portal.pi.gov.br\/seres\/wp-content\/uploads\/sites\/87\/2026\/03\/Reuniao-Sindicato-Aplicativos-11-2048x1366-1-300x200.jpg",300,200,true],"medium_large":["https:\/\/portal.pi.gov.br\/seres\/wp-content\/uploads\/sites\/87\/2026\/03\/Reuniao-Sindicato-Aplicativos-11-2048x1366-1-768x512.jpg",768,512,true],"large":["https:\/\/portal.pi.gov.br\/seres\/wp-content\/uploads\/sites\/87\/2026\/03\/Reuniao-Sindicato-Aplicativos-11-2048x1366-1-1024x683.jpg",887,592,true],"sgg-420":["https:\/\/portal.pi.gov.br\/seres\/wp-content\/uploads\/sites\/87\/2026\/03\/Reuniao-Sindicato-Aplicativos-11-2048x1366-1-420x280.jpg",420,280,true],"sgg-540":["https:\/\/portal.pi.gov.br\/seres\/wp-content\/uploads\/sites\/87\/2026\/03\/Reuniao-Sindicato-Aplicativos-11-2048x1366-1-540x360.jpg",540,360,true],"sgg-780":["https:\/\/portal.pi.gov.br\/seres\/wp-content\/uploads\/sites\/87\/2026\/03\/Reuniao-Sindicato-Aplicativos-11-2048x1366-1-780x520.jpg",780,520,true],"1536x1536":["https:\/\/portal.pi.gov.br\/seres\/wp-content\/uploads\/sites\/87\/2026\/03\/Reuniao-Sindicato-Aplicativos-11-2048x1366-1-1536x1025.jpg",1536,1025,true],"2048x2048":["https:\/\/portal.pi.gov.br\/seres\/wp-content\/uploads\/sites\/87\/2026\/03\/Reuniao-Sindicato-Aplicativos-11-2048x1366-1.jpg",2048,1366,false],"homepage-slider":["https:\/\/portal.pi.gov.br\/seres\/wp-content\/uploads\/sites\/87\/2026\/03\/Reuniao-Sindicato-Aplicativos-11-2048x1366-1-1270x500.jpg",1270,500,true],"homepage-slider-small":["https:\/\/portal.pi.gov.br\/seres\/wp-content\/uploads\/sites\/87\/2026\/03\/Reuniao-Sindicato-Aplicativos-11-2048x1366-1-947x500.jpg",947,500,true],"page-top":["https:\/\/portal.pi.gov.br\/seres\/wp-content\/uploads\/sites\/87\/2026\/03\/Reuniao-Sindicato-Aplicativos-11-2048x1366-1-947x632.jpg",947,632,true],"page-small":["https:\/\/portal.pi.gov.br\/seres\/wp-content\/uploads\/sites\/87\/2026\/03\/Reuniao-Sindicato-Aplicativos-11-2048x1366-1-624x416.jpg",624,416,true],"loop-main":["https:\/\/portal.pi.gov.br\/seres\/wp-content\/uploads\/sites\/87\/2026\/03\/Reuniao-Sindicato-Aplicativos-11-2048x1366-1-365x240.jpg",365,240,true],"thumb-gallery-widget":["https:\/\/portal.pi.gov.br\/seres\/wp-content\/uploads\/sites\/87\/2026\/03\/Reuniao-Sindicato-Aplicativos-11-2048x1366-1-84x56.jpg",84,56,true]},"post_excerpt_stackable_v2":"<p>Projeto \u00e9 resultado de demanda apresentada pela categoria e foi encaminhado \u00e0 Assembleia Legislativa, com o apoio da Seres. O governador Rafael Fonteles recebeu, no Pal\u00e1cio de Karnak, os representantes do Sindicato dos Motoristas e Trabalhadores por Aplicativos do Piau\u00ed (Sindimapi) e da Cooperativa de Transportes por Aplicativos do Piau\u00ed (Coopertap-PI) para anunciar o projeto de lei que prev\u00ea a isen\u00e7\u00e3o do Imposto sobre a Propriedade de Ve\u00edculos Automotores (IPVA) para ve\u00edculos de propriedade de motoristas por aplicativo, que visa beneficiar estes profissionais que desempenham papel fundamental na mobilidade urbana. A reuni\u00e3o foi coordenada pela secret\u00e1ria de Rela\u00e7\u00f5es Sociais, N\u00fabia&hellip;<\/p>\n","category_list_v2":"<a href=\"https:\/\/portal.pi.gov.br\/seres\/category\/noticias\/\" rel=\"category tag\">Not\u00edcias<\/a>","author_info_v2":{"name":"alineraquel","url":"https:\/\/portal.pi.gov.br\/seres\/author\/alineraquel\/"},"comments_num_v2":"0 coment\u00e1rio","jetpack_featured_media_url":"https:\/\/portal.pi.gov.br\/seres\/wp-content\/uploads\/sites\/87\/2026\/03\/Reuniao-Sindicato-Aplicativos-11-2048x1366-1.jpg","_links":{"self":[{"href":"https:\/\/portal.pi.gov.br\/seres\/wp-json\/wp\/v2\/posts\/5927"}],"collection":[{"href":"https:\/\/portal.pi.gov.br\/seres\/wp-json\/wp\/v2\/posts"}],"about":[{"href":"https:\/\/portal.pi.gov.br\/seres\/wp-json\/wp\/v2\/types\/post"}],"author":[{"embeddable":true,"href":"https:\/\/portal.pi.gov.br\/seres\/wp-json\/wp\/v2\/users\/1821"}],"replies":[{"embeddable":true,"href":"https:\/\/portal.pi.gov.br\/seres\/wp-json\/wp\/v2\/comments?post=5927"}],"version-history":[{"count":2,"href":"https:\/\/portal.pi.gov.br\/seres\/wp-json\/wp\/v2\/posts\/5927\/revisions"}],"predecessor-version":[{"id":5930,"href":"https:\/\/portal.pi.gov.br\/seres\/wp-json\/wp\/v2\/posts\/5927\/revisions\/5930"}],"wp:featuredmedia":[{"embeddable":true,"href":"https:\/\/portal.pi.gov.br\/seres\/wp-json\/wp\/v2\/media\/5923"}],"wp:attachment":[{"href":"https:\/\/portal.pi.gov.br\/seres\/wp-json\/wp\/v2\/media?parent=5927"}],"wp:term":[{"taxonomy":"category","embeddable":true,"href":"https:\/\/portal.pi.gov.br\/seres\/wp-json\/wp\/v2\/categories?post=5927"},{"taxonomy":"post_tag","embeddable":true,"href":"https:\/\/portal.pi.gov.br\/seres\/wp-json\/wp\/v2\/tags?post=5927"}],"curies":[{"name":"wp","href":"https:\/\/api.w.org\/{rel}","templated":true}]}}