{"id":5939,"date":"2026-03-16T14:01:49","date_gmt":"2026-03-16T17:01:49","guid":{"rendered":"https:\/\/portal.pi.gov.br\/seres\/?p=5939"},"modified":"2026-03-16T14:04:18","modified_gmt":"2026-03-16T17:04:18","slug":"policia-militar-do-piaui-realiza-abertura-i-curso-de-mediacao-de-conflitos-com-participacao-da-seres","status":"publish","type":"post","link":"https:\/\/portal.pi.gov.br\/seres\/2026\/03\/16\/policia-militar-do-piaui-realiza-abertura-i-curso-de-mediacao-de-conflitos-com-participacao-da-seres\/","title":{"rendered":"Pol\u00edcia Militar do Piau\u00ed realiza abertura do I Curso de Media\u00e7\u00e3o de Conflitos com participa\u00e7\u00e3o da Seres"},"content":{"rendered":"\n<p>A abertura do curso representa mais um passo no fortalecimento da cultura do di\u00e1logo, da preven\u00e7\u00e3o de conflitos e da atua\u00e7\u00e3o estrat\u00e9gica das for\u00e7as de seguran\u00e7a.<\/p>\n\n\n\n<figure class=\"wp-block-gallery has-nested-images columns-default is-cropped wp-block-gallery-1 is-layout-flex\">\n<figure class=\"wp-block-image size-large\"><img decoding=\"async\" loading=\"lazy\" width=\"768\" height=\"1024\" data-id=\"5936\"  src=\"https:\/\/portal.pi.gov.br\/seres\/wp-content\/uploads\/sites\/87\/2026\/03\/1ee57e92-6f1c-421b-aa36-af6a26d06aca-768x1024.jpg\" alt=\"\" class=\"wp-image-5936\" srcset=\"https:\/\/portal.pi.gov.br\/seres\/wp-content\/uploads\/sites\/87\/2026\/03\/1ee57e92-6f1c-421b-aa36-af6a26d06aca-768x1024.jpg 768w, https:\/\/portal.pi.gov.br\/seres\/wp-content\/uploads\/sites\/87\/2026\/03\/1ee57e92-6f1c-421b-aa36-af6a26d06aca-225x300.jpg 225w, https:\/\/portal.pi.gov.br\/seres\/wp-content\/uploads\/sites\/87\/2026\/03\/1ee57e92-6f1c-421b-aa36-af6a26d06aca-315x420.jpg 315w, https:\/\/portal.pi.gov.br\/seres\/wp-content\/uploads\/sites\/87\/2026\/03\/1ee57e92-6f1c-421b-aa36-af6a26d06aca-405x540.jpg 405w, https:\/\/portal.pi.gov.br\/seres\/wp-content\/uploads\/sites\/87\/2026\/03\/1ee57e92-6f1c-421b-aa36-af6a26d06aca-585x780.jpg 585w, https:\/\/portal.pi.gov.br\/seres\/wp-content\/uploads\/sites\/87\/2026\/03\/1ee57e92-6f1c-421b-aa36-af6a26d06aca-947x1263.jpg 947w, https:\/\/portal.pi.gov.br\/seres\/wp-content\/uploads\/sites\/87\/2026\/03\/1ee57e92-6f1c-421b-aa36-af6a26d06aca-624x832.jpg 624w, https:\/\/portal.pi.gov.br\/seres\/wp-content\/uploads\/sites\/87\/2026\/03\/1ee57e92-6f1c-421b-aa36-af6a26d06aca.jpg 960w\" sizes=\"(max-width: 768px) 100vw, 768px\" \/><\/figure>\n<\/figure>\n\n\n\n<p><\/p>\n\n\n\n<p>A Pol\u00edcia Militar do Piau\u00ed realizou, nesta segunda (16), no audit\u00f3rio do Quartel do Comando Geral (QCG), em Teresina, a solenidade de abertura do I Curso de Media\u00e7\u00e3o de Conflitos (I MEDCONF). O evento marca o in\u00edcio de uma capacita\u00e7\u00e3o in\u00e9dita promovida pela corpora\u00e7\u00e3o, por meio da Coordenadoria de Direitos Humanos e Media\u00e7\u00e3o de Conflitos (CDH), voltada ao fortalecimento do di\u00e1logo e \u00e0 busca por solu\u00e7\u00f5es pac\u00edficas para conflitos urbanos e rurais. O evento teve a presen\u00e7a da secret\u00e1ria de Rela\u00e7\u00f5es Sociais, N\u00fabia Lopes, e do diretor de rela\u00e7\u00f5es sociais e populares da Seres, Claudimir Gularte.<\/p>\n\n\n\n<p>O curso foi elaborado para oferecer uma forma\u00e7\u00e3o abrangente e enriquecedora, com foco na padroniza\u00e7\u00e3o dos processos de comunica\u00e7\u00e3o e media\u00e7\u00e3o de conflitos, garantindo mais seguran\u00e7a nas interven\u00e7\u00f5es policiais e contribuindo para a resolu\u00e7\u00e3o pac\u00edfica de situa\u00e7\u00f5es que envolvam tens\u00f5es sociais.<\/p>\n\n\n\n<p>Com carga hor\u00e1ria de 120 horas\/aula, o I MEDCONF ser\u00e1 realizado no per\u00edodo de 16 a 28 de mar\u00e7o de 2026 e conta com a participa\u00e7\u00e3o de 51 profissionais da seguran\u00e7a p\u00fablica. Al\u00e9m de policiais militares do Piau\u00ed, tamb\u00e9m participam integrantes da Guarda Civil Municipal de Teresina e policiais militares de diversos estados do pa\u00eds, como Roraima, Rond\u00f4nia, Bahia, Tocantins, Rio Grande do Norte, Par\u00e1 e S\u00e3o Paulo.<\/p>\n\n\n\n<p>A presen\u00e7a de representantes de diferentes estados demonstra o reconhecimento nacional das pr\u00e1ticas desenvolvidas pela Pol\u00edcia Militar do Piau\u00ed na \u00e1rea de media\u00e7\u00e3o de conflitos, al\u00e9m de fortalecer o interc\u00e2mbio de experi\u00eancias entre institui\u00e7\u00f5es e entes federativos.<\/p>\n\n\n\n<p>&#8220;Trabalhamos intensamente no Governo do Estado para que as reintegra\u00e7\u00f5es de posse na \u00e1rea de ocupa\u00e7\u00f5es, seja urbana ou rural, que elas fossem feitas atrav\u00e9s de muito di\u00e1logo. E a\u00ed foi pensado nos protocolos para nos ajudar a garantir que os direitos humanos sejam respeitados nas mais diversas situa\u00e7\u00f5es e, principalmente, no momento de reintegra\u00e7\u00e3o de posse, que nem sempre \u00e9 um momento tranquilo, mas ele deve ser dialogado e respeitosamente ali, cada um poder fazer seu trabalho garantindo que a dignidade humana, que o respeito \u00e0 pessoa humana, ele seja preservado&#8221;, destacou a secret\u00e1ria N\u00fabia Lopes em seu discurso.<\/p>\n\n\n\n<figure class=\"wp-block-gallery has-nested-images columns-default is-cropped wp-block-gallery-3 is-layout-flex\">\n<figure class=\"wp-block-image size-large\"><img decoding=\"async\" loading=\"lazy\" width=\"1024\" height=\"768\" data-id=\"5937\"  src=\"https:\/\/portal.pi.gov.br\/seres\/wp-content\/uploads\/sites\/87\/2026\/03\/a703f591-11f7-4c78-82ed-4dee93aa533b-1024x768.jpg\" alt=\"\" class=\"wp-image-5937\" srcset=\"https:\/\/portal.pi.gov.br\/seres\/wp-content\/uploads\/sites\/87\/2026\/03\/a703f591-11f7-4c78-82ed-4dee93aa533b-1024x768.jpg 1024w, https:\/\/portal.pi.gov.br\/seres\/wp-content\/uploads\/sites\/87\/2026\/03\/a703f591-11f7-4c78-82ed-4dee93aa533b-300x225.jpg 300w, https:\/\/portal.pi.gov.br\/seres\/wp-content\/uploads\/sites\/87\/2026\/03\/a703f591-11f7-4c78-82ed-4dee93aa533b-768x576.jpg 768w, https:\/\/portal.pi.gov.br\/seres\/wp-content\/uploads\/sites\/87\/2026\/03\/a703f591-11f7-4c78-82ed-4dee93aa533b-420x315.jpg 420w, https:\/\/portal.pi.gov.br\/seres\/wp-content\/uploads\/sites\/87\/2026\/03\/a703f591-11f7-4c78-82ed-4dee93aa533b-540x405.jpg 540w, https:\/\/portal.pi.gov.br\/seres\/wp-content\/uploads\/sites\/87\/2026\/03\/a703f591-11f7-4c78-82ed-4dee93aa533b-780x585.jpg 780w, https:\/\/portal.pi.gov.br\/seres\/wp-content\/uploads\/sites\/87\/2026\/03\/a703f591-11f7-4c78-82ed-4dee93aa533b-947x710.jpg 947w, https:\/\/portal.pi.gov.br\/seres\/wp-content\/uploads\/sites\/87\/2026\/03\/a703f591-11f7-4c78-82ed-4dee93aa533b-624x468.jpg 624w, https:\/\/portal.pi.gov.br\/seres\/wp-content\/uploads\/sites\/87\/2026\/03\/a703f591-11f7-4c78-82ed-4dee93aa533b.jpg 1280w\" sizes=\"(max-width: 1024px) 100vw, 1024px\" \/><\/figure>\n\n\n\n<figure class=\"wp-block-image size-large\"><img decoding=\"async\" loading=\"lazy\" width=\"1024\" height=\"768\" data-id=\"5933\"  src=\"https:\/\/portal.pi.gov.br\/seres\/wp-content\/uploads\/sites\/87\/2026\/03\/25d8595f-d2d4-436f-aa70-799a2f103423-1024x768.jpg\" alt=\"\" class=\"wp-image-5933\" srcset=\"https:\/\/portal.pi.gov.br\/seres\/wp-content\/uploads\/sites\/87\/2026\/03\/25d8595f-d2d4-436f-aa70-799a2f103423-1024x768.jpg 1024w, https:\/\/portal.pi.gov.br\/seres\/wp-content\/uploads\/sites\/87\/2026\/03\/25d8595f-d2d4-436f-aa70-799a2f103423-300x225.jpg 300w, https:\/\/portal.pi.gov.br\/seres\/wp-content\/uploads\/sites\/87\/2026\/03\/25d8595f-d2d4-436f-aa70-799a2f103423-768x576.jpg 768w, https:\/\/portal.pi.gov.br\/seres\/wp-content\/uploads\/sites\/87\/2026\/03\/25d8595f-d2d4-436f-aa70-799a2f103423-420x315.jpg 420w, https:\/\/portal.pi.gov.br\/seres\/wp-content\/uploads\/sites\/87\/2026\/03\/25d8595f-d2d4-436f-aa70-799a2f103423-540x405.jpg 540w, https:\/\/portal.pi.gov.br\/seres\/wp-content\/uploads\/sites\/87\/2026\/03\/25d8595f-d2d4-436f-aa70-799a2f103423-780x585.jpg 780w, https:\/\/portal.pi.gov.br\/seres\/wp-content\/uploads\/sites\/87\/2026\/03\/25d8595f-d2d4-436f-aa70-799a2f103423-947x710.jpg 947w, https:\/\/portal.pi.gov.br\/seres\/wp-content\/uploads\/sites\/87\/2026\/03\/25d8595f-d2d4-436f-aa70-799a2f103423-624x468.jpg 624w, https:\/\/portal.pi.gov.br\/seres\/wp-content\/uploads\/sites\/87\/2026\/03\/25d8595f-d2d4-436f-aa70-799a2f103423.jpg 1280w\" sizes=\"(max-width: 1024px) 100vw, 1024px\" \/><\/figure>\n<\/figure>\n\n\n\n<p><\/p>\n\n\n\n<p>As atividades do curso ser\u00e3o realizadas em diferentes unidades da PMPI, incluindo o BOPE, BPCHOQUE, Academia de Pol\u00edcia Militar e o Quartel do Comando-Geral. Segundo o tenente-coronel Jamson, coordenador do I MEDCONF, a capacita\u00e7\u00e3o foi pensada para preparar os policiais diante da complexidade e sensibilidade dos conflitos que envolvem dimens\u00f5es sociais, econ\u00f4micas, ambientais e culturais. O curso tamb\u00e9m busca qualificar os profissionais para atuar em situa\u00e7\u00f5es como o cumprimento de mandados judiciais de manuten\u00e7\u00e3o ou reintegra\u00e7\u00e3o de posse, al\u00e9m de a\u00e7\u00f5es de apoio \u00e0 administra\u00e7\u00e3o p\u00fablica na prote\u00e7\u00e3o e retomada de im\u00f3veis p\u00fablicos ocupados indevidamente.<\/p>\n\n\n\n<p>Durante a aula inaugural, os participantes assistiram a palestra com o cabo Edson Dias, psic\u00f3logo e negociador do Grupo de A\u00e7\u00f5es T\u00e1ticas Especiais da Pol\u00edcia Militar de S\u00e3o Paulo (GATE-PMESP). O profissional abordou o tema<strong>&nbsp;Percep\u00e7\u00e3o Operacional dos Elementos Psicol\u00f3gicos que Interferem na Atua\u00e7\u00e3o do Policial durante o Atendimento de uma Ocorr\u00eancia.<\/strong><\/p>\n\n\n\n<p>A abertura do curso representa mais um passo no fortalecimento da cultura do di\u00e1logo, da preven\u00e7\u00e3o de conflitos e da atua\u00e7\u00e3o estrat\u00e9gica das for\u00e7as de seguran\u00e7a.<\/p>\n\n\n\n<figure class=\"wp-block-gallery has-nested-images columns-default is-cropped wp-block-gallery-5 is-layout-flex\">\n<figure class=\"wp-block-image size-large\"><img decoding=\"async\" loading=\"lazy\" width=\"1024\" height=\"768\" data-id=\"5938\"  src=\"https:\/\/portal.pi.gov.br\/seres\/wp-content\/uploads\/sites\/87\/2026\/03\/c3ae217e-2619-462c-a809-402274c0015c-1024x768.jpg\" alt=\"\" class=\"wp-image-5938\" srcset=\"https:\/\/portal.pi.gov.br\/seres\/wp-content\/uploads\/sites\/87\/2026\/03\/c3ae217e-2619-462c-a809-402274c0015c-1024x768.jpg 1024w, https:\/\/portal.pi.gov.br\/seres\/wp-content\/uploads\/sites\/87\/2026\/03\/c3ae217e-2619-462c-a809-402274c0015c-300x225.jpg 300w, https:\/\/portal.pi.gov.br\/seres\/wp-content\/uploads\/sites\/87\/2026\/03\/c3ae217e-2619-462c-a809-402274c0015c-768x576.jpg 768w, https:\/\/portal.pi.gov.br\/seres\/wp-content\/uploads\/sites\/87\/2026\/03\/c3ae217e-2619-462c-a809-402274c0015c-420x315.jpg 420w, https:\/\/portal.pi.gov.br\/seres\/wp-content\/uploads\/sites\/87\/2026\/03\/c3ae217e-2619-462c-a809-402274c0015c-540x405.jpg 540w, https:\/\/portal.pi.gov.br\/seres\/wp-content\/uploads\/sites\/87\/2026\/03\/c3ae217e-2619-462c-a809-402274c0015c-780x585.jpg 780w, https:\/\/portal.pi.gov.br\/seres\/wp-content\/uploads\/sites\/87\/2026\/03\/c3ae217e-2619-462c-a809-402274c0015c-947x710.jpg 947w, https:\/\/portal.pi.gov.br\/seres\/wp-content\/uploads\/sites\/87\/2026\/03\/c3ae217e-2619-462c-a809-402274c0015c-624x468.jpg 624w, https:\/\/portal.pi.gov.br\/seres\/wp-content\/uploads\/sites\/87\/2026\/03\/c3ae217e-2619-462c-a809-402274c0015c.jpg 1280w\" sizes=\"(max-width: 1024px) 100vw, 1024px\" \/><\/figure>\n\n\n\n<figure class=\"wp-block-image size-large\"><img decoding=\"async\" loading=\"lazy\" width=\"768\" height=\"1024\" data-id=\"5935\"  src=\"https:\/\/portal.pi.gov.br\/seres\/wp-content\/uploads\/sites\/87\/2026\/03\/283e7595-5a2d-4406-9365-f59a2c00edf9-768x1024.jpg\" alt=\"\" class=\"wp-image-5935\" srcset=\"https:\/\/portal.pi.gov.br\/seres\/wp-content\/uploads\/sites\/87\/2026\/03\/283e7595-5a2d-4406-9365-f59a2c00edf9-768x1024.jpg 768w, https:\/\/portal.pi.gov.br\/seres\/wp-content\/uploads\/sites\/87\/2026\/03\/283e7595-5a2d-4406-9365-f59a2c00edf9-225x300.jpg 225w, https:\/\/portal.pi.gov.br\/seres\/wp-content\/uploads\/sites\/87\/2026\/03\/283e7595-5a2d-4406-9365-f59a2c00edf9-315x420.jpg 315w, https:\/\/portal.pi.gov.br\/seres\/wp-content\/uploads\/sites\/87\/2026\/03\/283e7595-5a2d-4406-9365-f59a2c00edf9-405x540.jpg 405w, https:\/\/portal.pi.gov.br\/seres\/wp-content\/uploads\/sites\/87\/2026\/03\/283e7595-5a2d-4406-9365-f59a2c00edf9-585x780.jpg 585w, https:\/\/portal.pi.gov.br\/seres\/wp-content\/uploads\/sites\/87\/2026\/03\/283e7595-5a2d-4406-9365-f59a2c00edf9-947x1263.jpg 947w, https:\/\/portal.pi.gov.br\/seres\/wp-content\/uploads\/sites\/87\/2026\/03\/283e7595-5a2d-4406-9365-f59a2c00edf9-624x832.jpg 624w, https:\/\/portal.pi.gov.br\/seres\/wp-content\/uploads\/sites\/87\/2026\/03\/283e7595-5a2d-4406-9365-f59a2c00edf9.jpg 960w\" sizes=\"(max-width: 768px) 100vw, 768px\" \/><\/figure>\n\n\n\n<figure class=\"wp-block-image size-large\"><img decoding=\"async\" loading=\"lazy\" width=\"1024\" height=\"768\" data-id=\"5934\"  src=\"https:\/\/portal.pi.gov.br\/seres\/wp-content\/uploads\/sites\/87\/2026\/03\/57eb57d0-66e2-41fa-99f8-4c451dd3a72f-1024x768.jpg\" alt=\"\" class=\"wp-image-5934\" srcset=\"https:\/\/portal.pi.gov.br\/seres\/wp-content\/uploads\/sites\/87\/2026\/03\/57eb57d0-66e2-41fa-99f8-4c451dd3a72f-1024x768.jpg 1024w, https:\/\/portal.pi.gov.br\/seres\/wp-content\/uploads\/sites\/87\/2026\/03\/57eb57d0-66e2-41fa-99f8-4c451dd3a72f-300x225.jpg 300w, https:\/\/portal.pi.gov.br\/seres\/wp-content\/uploads\/sites\/87\/2026\/03\/57eb57d0-66e2-41fa-99f8-4c451dd3a72f-768x576.jpg 768w, https:\/\/portal.pi.gov.br\/seres\/wp-content\/uploads\/sites\/87\/2026\/03\/57eb57d0-66e2-41fa-99f8-4c451dd3a72f-420x315.jpg 420w, https:\/\/portal.pi.gov.br\/seres\/wp-content\/uploads\/sites\/87\/2026\/03\/57eb57d0-66e2-41fa-99f8-4c451dd3a72f-540x405.jpg 540w, https:\/\/portal.pi.gov.br\/seres\/wp-content\/uploads\/sites\/87\/2026\/03\/57eb57d0-66e2-41fa-99f8-4c451dd3a72f-780x585.jpg 780w, https:\/\/portal.pi.gov.br\/seres\/wp-content\/uploads\/sites\/87\/2026\/03\/57eb57d0-66e2-41fa-99f8-4c451dd3a72f-947x710.jpg 947w, https:\/\/portal.pi.gov.br\/seres\/wp-content\/uploads\/sites\/87\/2026\/03\/57eb57d0-66e2-41fa-99f8-4c451dd3a72f-624x468.jpg 624w, https:\/\/portal.pi.gov.br\/seres\/wp-content\/uploads\/sites\/87\/2026\/03\/57eb57d0-66e2-41fa-99f8-4c451dd3a72f.jpg 1280w\" sizes=\"(max-width: 1024px) 100vw, 1024px\" \/><\/figure>\n\n\n\n<figure class=\"wp-block-image size-large\"><img decoding=\"async\" loading=\"lazy\" width=\"1024\" height=\"768\" data-id=\"5932\"  src=\"https:\/\/portal.pi.gov.br\/seres\/wp-content\/uploads\/sites\/87\/2026\/03\/3c3f2584-8437-46f2-827b-8fc7f1ca1110-1024x768.jpg\" alt=\"\" class=\"wp-image-5932\" srcset=\"https:\/\/portal.pi.gov.br\/seres\/wp-content\/uploads\/sites\/87\/2026\/03\/3c3f2584-8437-46f2-827b-8fc7f1ca1110-1024x768.jpg 1024w, https:\/\/portal.pi.gov.br\/seres\/wp-content\/uploads\/sites\/87\/2026\/03\/3c3f2584-8437-46f2-827b-8fc7f1ca1110-300x225.jpg 300w, https:\/\/portal.pi.gov.br\/seres\/wp-content\/uploads\/sites\/87\/2026\/03\/3c3f2584-8437-46f2-827b-8fc7f1ca1110-768x576.jpg 768w, https:\/\/portal.pi.gov.br\/seres\/wp-content\/uploads\/sites\/87\/2026\/03\/3c3f2584-8437-46f2-827b-8fc7f1ca1110-420x315.jpg 420w, https:\/\/portal.pi.gov.br\/seres\/wp-content\/uploads\/sites\/87\/2026\/03\/3c3f2584-8437-46f2-827b-8fc7f1ca1110-540x405.jpg 540w, https:\/\/portal.pi.gov.br\/seres\/wp-content\/uploads\/sites\/87\/2026\/03\/3c3f2584-8437-46f2-827b-8fc7f1ca1110-780x585.jpg 780w, https:\/\/portal.pi.gov.br\/seres\/wp-content\/uploads\/sites\/87\/2026\/03\/3c3f2584-8437-46f2-827b-8fc7f1ca1110-947x710.jpg 947w, https:\/\/portal.pi.gov.br\/seres\/wp-content\/uploads\/sites\/87\/2026\/03\/3c3f2584-8437-46f2-827b-8fc7f1ca1110-624x468.jpg 624w, https:\/\/portal.pi.gov.br\/seres\/wp-content\/uploads\/sites\/87\/2026\/03\/3c3f2584-8437-46f2-827b-8fc7f1ca1110.jpg 1280w\" sizes=\"(max-width: 1024px) 100vw, 1024px\" \/><\/figure>\n<\/figure>\n\n\n\n<p><\/p>\n\n\n\n<p>Fotos: Natalina Alves<\/p>\n","protected":false},"excerpt":{"rendered":"<p>A abertura do curso representa mais um passo no fortalecimento da cultura do di\u00e1logo, da preven\u00e7\u00e3o de conflitos e da atua\u00e7\u00e3o estrat\u00e9gica das for\u00e7as de seguran\u00e7a. A Pol\u00edcia Militar do [&hellip;]<\/p>\n","protected":false},"author":1821,"featured_media":5933,"comment_status":"closed","ping_status":"closed","sticky":true,"template":"","format":"standard","meta":[],"categories":[34],"tags":[],"featured_image_urls":{"full":["https:\/\/portal.pi.gov.br\/seres\/wp-content\/uploads\/sites\/87\/2026\/03\/25d8595f-d2d4-436f-aa70-799a2f103423.jpg",1280,960,false],"thumbnail":["https:\/\/portal.pi.gov.br\/seres\/wp-content\/uploads\/sites\/87\/2026\/03\/25d8595f-d2d4-436f-aa70-799a2f103423-150x150.jpg",150,150,true],"medium":["https:\/\/portal.pi.gov.br\/seres\/wp-content\/uploads\/sites\/87\/2026\/03\/25d8595f-d2d4-436f-aa70-799a2f103423-300x225.jpg",300,225,true],"medium_large":["https:\/\/portal.pi.gov.br\/seres\/wp-content\/uploads\/sites\/87\/2026\/03\/25d8595f-d2d4-436f-aa70-799a2f103423-768x576.jpg",768,576,true],"large":["https:\/\/portal.pi.gov.br\/seres\/wp-content\/uploads\/sites\/87\/2026\/03\/25d8595f-d2d4-436f-aa70-799a2f103423-1024x768.jpg",887,665,true],"sgg-420":["https:\/\/portal.pi.gov.br\/seres\/wp-content\/uploads\/sites\/87\/2026\/03\/25d8595f-d2d4-436f-aa70-799a2f103423-420x315.jpg",420,315,true],"sgg-540":["https:\/\/portal.pi.gov.br\/seres\/wp-content\/uploads\/sites\/87\/2026\/03\/25d8595f-d2d4-436f-aa70-799a2f103423-540x405.jpg",540,405,true],"sgg-780":["https:\/\/portal.pi.gov.br\/seres\/wp-content\/uploads\/sites\/87\/2026\/03\/25d8595f-d2d4-436f-aa70-799a2f103423-780x585.jpg",780,585,true],"1536x1536":["https:\/\/portal.pi.gov.br\/seres\/wp-content\/uploads\/sites\/87\/2026\/03\/25d8595f-d2d4-436f-aa70-799a2f103423.jpg",1280,960,false],"2048x2048":["https:\/\/portal.pi.gov.br\/seres\/wp-content\/uploads\/sites\/87\/2026\/03\/25d8595f-d2d4-436f-aa70-799a2f103423.jpg",1280,960,false],"homepage-slider":["https:\/\/portal.pi.gov.br\/seres\/wp-content\/uploads\/sites\/87\/2026\/03\/25d8595f-d2d4-436f-aa70-799a2f103423-1270x500.jpg",1270,500,true],"homepage-slider-small":["https:\/\/portal.pi.gov.br\/seres\/wp-content\/uploads\/sites\/87\/2026\/03\/25d8595f-d2d4-436f-aa70-799a2f103423-947x500.jpg",947,500,true],"page-top":["https:\/\/portal.pi.gov.br\/seres\/wp-content\/uploads\/sites\/87\/2026\/03\/25d8595f-d2d4-436f-aa70-799a2f103423-947x710.jpg",947,710,true],"page-small":["https:\/\/portal.pi.gov.br\/seres\/wp-content\/uploads\/sites\/87\/2026\/03\/25d8595f-d2d4-436f-aa70-799a2f103423-624x468.jpg",624,468,true],"loop-main":["https:\/\/portal.pi.gov.br\/seres\/wp-content\/uploads\/sites\/87\/2026\/03\/25d8595f-d2d4-436f-aa70-799a2f103423-365x240.jpg",365,240,true],"thumb-gallery-widget":["https:\/\/portal.pi.gov.br\/seres\/wp-content\/uploads\/sites\/87\/2026\/03\/25d8595f-d2d4-436f-aa70-799a2f103423-84x56.jpg",84,56,true]},"post_excerpt_stackable":"<p>A abertura do curso representa mais um passo no fortalecimento da cultura do di\u00e1logo, da preven\u00e7\u00e3o de conflitos e da atua\u00e7\u00e3o estrat\u00e9gica das for\u00e7as de seguran\u00e7a. A Pol\u00edcia Militar do Piau\u00ed realizou, nesta segunda (16), no audit\u00f3rio do Quartel do Comando Geral (QCG), em Teresina, a solenidade de abertura do I Curso de Media\u00e7\u00e3o de Conflitos (I MEDCONF). O evento marca o in\u00edcio de uma capacita\u00e7\u00e3o in\u00e9dita promovida pela corpora\u00e7\u00e3o, por meio da Coordenadoria de Direitos Humanos e Media\u00e7\u00e3o de Conflitos (CDH), voltada ao fortalecimento do di\u00e1logo e \u00e0 busca por solu\u00e7\u00f5es pac\u00edficas para conflitos urbanos e rurais. O evento&hellip;<\/p>\n","category_list":"<a href=\"https:\/\/portal.pi.gov.br\/seres\/category\/noticias\/\" rel=\"category tag\">Not\u00edcias<\/a>","author_info":{"name":"alineraquel","url":"https:\/\/portal.pi.gov.br\/seres\/author\/alineraquel\/"},"comments_num":"0 coment\u00e1rio","featured_image_urls_v2":{"full":["https:\/\/portal.pi.gov.br\/seres\/wp-content\/uploads\/sites\/87\/2026\/03\/25d8595f-d2d4-436f-aa70-799a2f103423.jpg",1280,960,false],"thumbnail":["https:\/\/portal.pi.gov.br\/seres\/wp-content\/uploads\/sites\/87\/2026\/03\/25d8595f-d2d4-436f-aa70-799a2f103423-150x150.jpg",150,150,true],"medium":["https:\/\/portal.pi.gov.br\/seres\/wp-content\/uploads\/sites\/87\/2026\/03\/25d8595f-d2d4-436f-aa70-799a2f103423-300x225.jpg",300,225,true],"medium_large":["https:\/\/portal.pi.gov.br\/seres\/wp-content\/uploads\/sites\/87\/2026\/03\/25d8595f-d2d4-436f-aa70-799a2f103423-768x576.jpg",768,576,true],"large":["https:\/\/portal.pi.gov.br\/seres\/wp-content\/uploads\/sites\/87\/2026\/03\/25d8595f-d2d4-436f-aa70-799a2f103423-1024x768.jpg",887,665,true],"sgg-420":["https:\/\/portal.pi.gov.br\/seres\/wp-content\/uploads\/sites\/87\/2026\/03\/25d8595f-d2d4-436f-aa70-799a2f103423-420x315.jpg",420,315,true],"sgg-540":["https:\/\/portal.pi.gov.br\/seres\/wp-content\/uploads\/sites\/87\/2026\/03\/25d8595f-d2d4-436f-aa70-799a2f103423-540x405.jpg",540,405,true],"sgg-780":["https:\/\/portal.pi.gov.br\/seres\/wp-content\/uploads\/sites\/87\/2026\/03\/25d8595f-d2d4-436f-aa70-799a2f103423-780x585.jpg",780,585,true],"1536x1536":["https:\/\/portal.pi.gov.br\/seres\/wp-content\/uploads\/sites\/87\/2026\/03\/25d8595f-d2d4-436f-aa70-799a2f103423.jpg",1280,960,false],"2048x2048":["https:\/\/portal.pi.gov.br\/seres\/wp-content\/uploads\/sites\/87\/2026\/03\/25d8595f-d2d4-436f-aa70-799a2f103423.jpg",1280,960,false],"homepage-slider":["https:\/\/portal.pi.gov.br\/seres\/wp-content\/uploads\/sites\/87\/2026\/03\/25d8595f-d2d4-436f-aa70-799a2f103423-1270x500.jpg",1270,500,true],"homepage-slider-small":["https:\/\/portal.pi.gov.br\/seres\/wp-content\/uploads\/sites\/87\/2026\/03\/25d8595f-d2d4-436f-aa70-799a2f103423-947x500.jpg",947,500,true],"page-top":["https:\/\/portal.pi.gov.br\/seres\/wp-content\/uploads\/sites\/87\/2026\/03\/25d8595f-d2d4-436f-aa70-799a2f103423-947x710.jpg",947,710,true],"page-small":["https:\/\/portal.pi.gov.br\/seres\/wp-content\/uploads\/sites\/87\/2026\/03\/25d8595f-d2d4-436f-aa70-799a2f103423-624x468.jpg",624,468,true],"loop-main":["https:\/\/portal.pi.gov.br\/seres\/wp-content\/uploads\/sites\/87\/2026\/03\/25d8595f-d2d4-436f-aa70-799a2f103423-365x240.jpg",365,240,true],"thumb-gallery-widget":["https:\/\/portal.pi.gov.br\/seres\/wp-content\/uploads\/sites\/87\/2026\/03\/25d8595f-d2d4-436f-aa70-799a2f103423-84x56.jpg",84,56,true]},"post_excerpt_stackable_v2":"<p>A abertura do curso representa mais um passo no fortalecimento da cultura do di\u00e1logo, da preven\u00e7\u00e3o de conflitos e da atua\u00e7\u00e3o estrat\u00e9gica das for\u00e7as de seguran\u00e7a. A Pol\u00edcia Militar do Piau\u00ed realizou, nesta segunda (16), no audit\u00f3rio do Quartel do Comando Geral (QCG), em Teresina, a solenidade de abertura do I Curso de Media\u00e7\u00e3o de Conflitos (I MEDCONF). O evento marca o in\u00edcio de uma capacita\u00e7\u00e3o in\u00e9dita promovida pela corpora\u00e7\u00e3o, por meio da Coordenadoria de Direitos Humanos e Media\u00e7\u00e3o de Conflitos (CDH), voltada ao fortalecimento do di\u00e1logo e \u00e0 busca por solu\u00e7\u00f5es pac\u00edficas para conflitos urbanos e rurais. O evento&hellip;<\/p>\n","category_list_v2":"<a href=\"https:\/\/portal.pi.gov.br\/seres\/category\/noticias\/\" rel=\"category tag\">Not\u00edcias<\/a>","author_info_v2":{"name":"alineraquel","url":"https:\/\/portal.pi.gov.br\/seres\/author\/alineraquel\/"},"comments_num_v2":"0 coment\u00e1rio","jetpack_featured_media_url":"https:\/\/portal.pi.gov.br\/seres\/wp-content\/uploads\/sites\/87\/2026\/03\/25d8595f-d2d4-436f-aa70-799a2f103423.jpg","_links":{"self":[{"href":"https:\/\/portal.pi.gov.br\/seres\/wp-json\/wp\/v2\/posts\/5939"}],"collection":[{"href":"https:\/\/portal.pi.gov.br\/seres\/wp-json\/wp\/v2\/posts"}],"about":[{"href":"https:\/\/portal.pi.gov.br\/seres\/wp-json\/wp\/v2\/types\/post"}],"author":[{"embeddable":true,"href":"https:\/\/portal.pi.gov.br\/seres\/wp-json\/wp\/v2\/users\/1821"}],"replies":[{"embeddable":true,"href":"https:\/\/portal.pi.gov.br\/seres\/wp-json\/wp\/v2\/comments?post=5939"}],"version-history":[{"count":3,"href":"https:\/\/portal.pi.gov.br\/seres\/wp-json\/wp\/v2\/posts\/5939\/revisions"}],"predecessor-version":[{"id":5942,"href":"https:\/\/portal.pi.gov.br\/seres\/wp-json\/wp\/v2\/posts\/5939\/revisions\/5942"}],"wp:featuredmedia":[{"embeddable":true,"href":"https:\/\/portal.pi.gov.br\/seres\/wp-json\/wp\/v2\/media\/5933"}],"wp:attachment":[{"href":"https:\/\/portal.pi.gov.br\/seres\/wp-json\/wp\/v2\/media?parent=5939"}],"wp:term":[{"taxonomy":"category","embeddable":true,"href":"https:\/\/portal.pi.gov.br\/seres\/wp-json\/wp\/v2\/categories?post=5939"},{"taxonomy":"post_tag","embeddable":true,"href":"https:\/\/portal.pi.gov.br\/seres\/wp-json\/wp\/v2\/tags?post=5939"}],"curies":[{"name":"wp","href":"https:\/\/api.w.org\/{rel}","templated":true}]}}