{"id":6019,"date":"2026-03-19T13:06:20","date_gmt":"2026-03-19T16:06:20","guid":{"rendered":"https:\/\/portal.pi.gov.br\/seres\/?p=6019"},"modified":"2026-03-19T13:09:21","modified_gmt":"2026-03-19T16:09:21","slug":"mais-de-400-entidades-aderem-ao-opa-2026-2027-inscricoes-terminam-sexta-20","status":"publish","type":"post","link":"https:\/\/portal.pi.gov.br\/seres\/2026\/03\/19\/mais-de-400-entidades-aderem-ao-opa-2026-2027-inscricoes-terminam-sexta-20\/","title":{"rendered":"Mais de 400 entidades aderem ao OPA 2026-2027; inscri\u00e7\u00f5es terminam sexta (20)"},"content":{"rendered":"\n<p><\/p>\n\n\n\n<p>O Or\u00e7amento Participativo Digital (OPA) contempla os munic\u00edpios de Teresina, Parna\u00edba, Picos, Piripiri e Floriano.<\/p>\n\n\n\n<figure class=\"wp-block-gallery has-nested-images columns-default is-cropped wp-block-gallery-1 is-layout-flex\">\n<figure class=\"wp-block-image size-large\"><img decoding=\"async\" loading=\"lazy\" width=\"1024\" height=\"694\" data-id=\"6013\"  src=\"https:\/\/portal.pi.gov.br\/seres\/wp-content\/uploads\/sites\/87\/2026\/03\/WhatsApp-Image-2026-03-19-at-09.40.271-e1773924179954-1024x694.jpeg\" alt=\"\" class=\"wp-image-6013\" srcset=\"https:\/\/portal.pi.gov.br\/seres\/wp-content\/uploads\/sites\/87\/2026\/03\/WhatsApp-Image-2026-03-19-at-09.40.271-e1773924179954-1024x694.jpeg 1024w, https:\/\/portal.pi.gov.br\/seres\/wp-content\/uploads\/sites\/87\/2026\/03\/WhatsApp-Image-2026-03-19-at-09.40.271-e1773924179954-300x203.jpeg 300w, https:\/\/portal.pi.gov.br\/seres\/wp-content\/uploads\/sites\/87\/2026\/03\/WhatsApp-Image-2026-03-19-at-09.40.271-e1773924179954-768x521.jpeg 768w, https:\/\/portal.pi.gov.br\/seres\/wp-content\/uploads\/sites\/87\/2026\/03\/WhatsApp-Image-2026-03-19-at-09.40.271-e1773924179954-420x285.jpeg 420w, https:\/\/portal.pi.gov.br\/seres\/wp-content\/uploads\/sites\/87\/2026\/03\/WhatsApp-Image-2026-03-19-at-09.40.271-e1773924179954-540x366.jpeg 540w, https:\/\/portal.pi.gov.br\/seres\/wp-content\/uploads\/sites\/87\/2026\/03\/WhatsApp-Image-2026-03-19-at-09.40.271-e1773924179954-780x529.jpeg 780w, https:\/\/portal.pi.gov.br\/seres\/wp-content\/uploads\/sites\/87\/2026\/03\/WhatsApp-Image-2026-03-19-at-09.40.271-e1773924179954-947x642.jpeg 947w, https:\/\/portal.pi.gov.br\/seres\/wp-content\/uploads\/sites\/87\/2026\/03\/WhatsApp-Image-2026-03-19-at-09.40.271-e1773924179954-624x423.jpeg 624w, https:\/\/portal.pi.gov.br\/seres\/wp-content\/uploads\/sites\/87\/2026\/03\/WhatsApp-Image-2026-03-19-at-09.40.271-e1773924179954-84x56.jpeg 84w, https:\/\/portal.pi.gov.br\/seres\/wp-content\/uploads\/sites\/87\/2026\/03\/WhatsApp-Image-2026-03-19-at-09.40.271-e1773924179954.jpeg 1280w\" sizes=\"(max-width: 1024px) 100vw, 1024px\" \/><\/figure>\n<\/figure>\n\n\n\n<p><\/p>\n\n\n\n<p>O prazo para participa\u00e7\u00e3o no Or\u00e7amento Participativo Digital (OPA) 2026-2027 est\u00e1 chegando ao fim. Entidades e associa\u00e7\u00f5es comunit\u00e1rias t\u00eam at\u00e9 esta sexta-feira (20) para garantir inscri\u00e7\u00e3o e cadastrar propostas que podem se transformar em obras e melhorias reais para suas comunidades. A mobiliza\u00e7\u00e3o j\u00e1 \u00e9 expressiva, mais de 400 entidades cadastradas e mais de 680 propostas enviadas, que seguir\u00e3o para a etapa de an\u00e1lise de viabilidade t\u00e9cnica, prevista para o per\u00edodo de 23 de mar\u00e7o a 08 de junho.<\/p>\n\n\n\n<p>Para participar, as entidades precisam atender aos crit\u00e9rios do edital, incluindo CNPJ ativo, estatuto, ata registrada em cart\u00f3rio, comprovante de endere\u00e7o e documenta\u00e7\u00e3o do respons\u00e1vel legal. Cada associa\u00e7\u00e3o pode inscrever at\u00e9 tr\u00eas propostas. As inscri\u00e7\u00f5es devem ser feitas pelo site&nbsp;<a href=\"http:\/\/opa.colab.re\/\">opa.colab.re<\/a>&nbsp;at\u00e9 o dia 20 de mar\u00e7o.<\/p>\n\n\n\n<p>Quem precisar de apoio pode procurar as Salas de Atendimento do OPA nas cidades participantes, que oferecem suporte durante todo o processo. Ap\u00f3s o encerramento das inscri\u00e7\u00f5es, as propostas passar\u00e3o por an\u00e1lise t\u00e9cnica no per\u00edodo de 23 de mar\u00e7o a 08 de junho. As que forem consideradas vi\u00e1veis seguem para vota\u00e7\u00e3o popular, que acontecer\u00e1 de 12 a 21 de junho. As mais votadas ser\u00e3o incorporadas ao or\u00e7amento estadual e executadas em 2027.<\/p>\n\n\n\n<figure class=\"wp-block-image size-large\"><img decoding=\"async\" loading=\"lazy\" width=\"768\" height=\"1024\" src=\"https:\/\/portal.pi.gov.br\/seres\/wp-content\/uploads\/sites\/87\/2026\/03\/5458f701-833f-49c2-9f86-337020a6d76e-768x1024.jpg\" alt=\"\" class=\"wp-image-6014\" srcset=\"https:\/\/portal.pi.gov.br\/seres\/wp-content\/uploads\/sites\/87\/2026\/03\/5458f701-833f-49c2-9f86-337020a6d76e-768x1024.jpg 768w, https:\/\/portal.pi.gov.br\/seres\/wp-content\/uploads\/sites\/87\/2026\/03\/5458f701-833f-49c2-9f86-337020a6d76e-225x300.jpg 225w, https:\/\/portal.pi.gov.br\/seres\/wp-content\/uploads\/sites\/87\/2026\/03\/5458f701-833f-49c2-9f86-337020a6d76e-315x420.jpg 315w, https:\/\/portal.pi.gov.br\/seres\/wp-content\/uploads\/sites\/87\/2026\/03\/5458f701-833f-49c2-9f86-337020a6d76e-405x540.jpg 405w, https:\/\/portal.pi.gov.br\/seres\/wp-content\/uploads\/sites\/87\/2026\/03\/5458f701-833f-49c2-9f86-337020a6d76e-585x780.jpg 585w, https:\/\/portal.pi.gov.br\/seres\/wp-content\/uploads\/sites\/87\/2026\/03\/5458f701-833f-49c2-9f86-337020a6d76e-947x1263.jpg 947w, https:\/\/portal.pi.gov.br\/seres\/wp-content\/uploads\/sites\/87\/2026\/03\/5458f701-833f-49c2-9f86-337020a6d76e-624x832.jpg 624w, https:\/\/portal.pi.gov.br\/seres\/wp-content\/uploads\/sites\/87\/2026\/03\/5458f701-833f-49c2-9f86-337020a6d76e.jpg 960w\" sizes=\"(max-width: 768px) 100vw, 768px\" \/><\/figure>\n\n\n\n<p><\/p>\n\n\n\n<figure class=\"wp-block-gallery has-nested-images columns-default is-cropped wp-block-gallery-3 is-layout-flex\">\n<figure class=\"wp-block-image size-large\"><img decoding=\"async\" loading=\"lazy\" width=\"768\" height=\"1024\" data-id=\"6016\"  src=\"https:\/\/portal.pi.gov.br\/seres\/wp-content\/uploads\/sites\/87\/2026\/03\/fd87b077-337e-429f-aa1f-b75a3a199cda-768x1024.jpg\" alt=\"\" class=\"wp-image-6016\" srcset=\"https:\/\/portal.pi.gov.br\/seres\/wp-content\/uploads\/sites\/87\/2026\/03\/fd87b077-337e-429f-aa1f-b75a3a199cda-768x1024.jpg 768w, https:\/\/portal.pi.gov.br\/seres\/wp-content\/uploads\/sites\/87\/2026\/03\/fd87b077-337e-429f-aa1f-b75a3a199cda-225x300.jpg 225w, https:\/\/portal.pi.gov.br\/seres\/wp-content\/uploads\/sites\/87\/2026\/03\/fd87b077-337e-429f-aa1f-b75a3a199cda-315x420.jpg 315w, https:\/\/portal.pi.gov.br\/seres\/wp-content\/uploads\/sites\/87\/2026\/03\/fd87b077-337e-429f-aa1f-b75a3a199cda-405x540.jpg 405w, https:\/\/portal.pi.gov.br\/seres\/wp-content\/uploads\/sites\/87\/2026\/03\/fd87b077-337e-429f-aa1f-b75a3a199cda-585x780.jpg 585w, https:\/\/portal.pi.gov.br\/seres\/wp-content\/uploads\/sites\/87\/2026\/03\/fd87b077-337e-429f-aa1f-b75a3a199cda-947x1263.jpg 947w, https:\/\/portal.pi.gov.br\/seres\/wp-content\/uploads\/sites\/87\/2026\/03\/fd87b077-337e-429f-aa1f-b75a3a199cda-624x832.jpg 624w, https:\/\/portal.pi.gov.br\/seres\/wp-content\/uploads\/sites\/87\/2026\/03\/fd87b077-337e-429f-aa1f-b75a3a199cda.jpg 960w\" sizes=\"(max-width: 768px) 100vw, 768px\" \/><\/figure>\n\n\n\n<figure class=\"wp-block-image size-large\"><img decoding=\"async\" loading=\"lazy\" width=\"1024\" height=\"768\" data-id=\"6015\"  src=\"https:\/\/portal.pi.gov.br\/seres\/wp-content\/uploads\/sites\/87\/2026\/03\/d1d9d791-da01-4144-97c2-9886b5703089-1024x768.jpg\" alt=\"\" class=\"wp-image-6015\" srcset=\"https:\/\/portal.pi.gov.br\/seres\/wp-content\/uploads\/sites\/87\/2026\/03\/d1d9d791-da01-4144-97c2-9886b5703089-1024x768.jpg 1024w, https:\/\/portal.pi.gov.br\/seres\/wp-content\/uploads\/sites\/87\/2026\/03\/d1d9d791-da01-4144-97c2-9886b5703089-300x225.jpg 300w, https:\/\/portal.pi.gov.br\/seres\/wp-content\/uploads\/sites\/87\/2026\/03\/d1d9d791-da01-4144-97c2-9886b5703089-768x576.jpg 768w, https:\/\/portal.pi.gov.br\/seres\/wp-content\/uploads\/sites\/87\/2026\/03\/d1d9d791-da01-4144-97c2-9886b5703089-420x315.jpg 420w, https:\/\/portal.pi.gov.br\/seres\/wp-content\/uploads\/sites\/87\/2026\/03\/d1d9d791-da01-4144-97c2-9886b5703089-540x405.jpg 540w, https:\/\/portal.pi.gov.br\/seres\/wp-content\/uploads\/sites\/87\/2026\/03\/d1d9d791-da01-4144-97c2-9886b5703089-780x585.jpg 780w, https:\/\/portal.pi.gov.br\/seres\/wp-content\/uploads\/sites\/87\/2026\/03\/d1d9d791-da01-4144-97c2-9886b5703089-947x710.jpg 947w, https:\/\/portal.pi.gov.br\/seres\/wp-content\/uploads\/sites\/87\/2026\/03\/d1d9d791-da01-4144-97c2-9886b5703089-624x468.jpg 624w, https:\/\/portal.pi.gov.br\/seres\/wp-content\/uploads\/sites\/87\/2026\/03\/d1d9d791-da01-4144-97c2-9886b5703089.jpg 1280w\" sizes=\"(max-width: 1024px) 100vw, 1024px\" \/><\/figure>\n<\/figure>\n\n\n\n<p><\/p>\n\n\n\n<p><strong>Onde se cadastrar presencialmente<\/strong>:<\/p>\n\n\n\n<ul>\n<li>Teresina (Seplan) \u2013 Av. Miguel Rosa, 3190 \u2013 Centro\/Sul, das 7h30 \u00e0s 16h<\/li>\n\n\n\n<li>Parna\u00edba (Sefaz) \u2013 Pra\u00e7a da Gra\u00e7a, 320 \u2013 Centro, das 8h \u00e0s 13h30<\/li>\n\n\n\n<li>Picos (Sefaz) \u2013 Rua Coelho Rodrigues, 461-499 \u2013 Centro, das 8h \u00e0s 13h30<\/li>\n\n\n\n<li>Piripiri (Sefaz) \u2013 Rua Santos Dumont, 599 \u2013 Centro, das 8h \u00e0s 13h30<\/li>\n\n\n\n<li>Floriano (Sefaz) \u2013 Av. Bucar Neto, 1448-1532, das 8h \u00e0s 13h30<\/li>\n<\/ul>\n","protected":false},"excerpt":{"rendered":"<p>O Or\u00e7amento Participativo Digital (OPA) contempla os munic\u00edpios de Teresina, Parna\u00edba, Picos, Piripiri e Floriano. O prazo para participa\u00e7\u00e3o no Or\u00e7amento Participativo Digital (OPA) 2026-2027 est\u00e1 chegando ao fim. Entidades [&hellip;]<\/p>\n","protected":false},"author":1821,"featured_media":6021,"comment_status":"closed","ping_status":"closed","sticky":true,"template":"","format":"standard","meta":[],"categories":[34],"tags":[62,47,41],"featured_image_urls":{"full":["https:\/\/portal.pi.gov.br\/seres\/wp-content\/uploads\/sites\/87\/2026\/03\/471fded6-3a4c-4bf6-88ff-07b5b3561306.jpg",1280,696,false],"thumbnail":["https:\/\/portal.pi.gov.br\/seres\/wp-content\/uploads\/sites\/87\/2026\/03\/471fded6-3a4c-4bf6-88ff-07b5b3561306-150x150.jpg",150,150,true],"medium":["https:\/\/portal.pi.gov.br\/seres\/wp-content\/uploads\/sites\/87\/2026\/03\/471fded6-3a4c-4bf6-88ff-07b5b3561306-300x163.jpg",300,163,true],"medium_large":["https:\/\/portal.pi.gov.br\/seres\/wp-content\/uploads\/sites\/87\/2026\/03\/471fded6-3a4c-4bf6-88ff-07b5b3561306-768x418.jpg",768,418,true],"large":["https:\/\/portal.pi.gov.br\/seres\/wp-content\/uploads\/sites\/87\/2026\/03\/471fded6-3a4c-4bf6-88ff-07b5b3561306-1024x557.jpg",887,482,true],"sgg-420":["https:\/\/portal.pi.gov.br\/seres\/wp-content\/uploads\/sites\/87\/2026\/03\/471fded6-3a4c-4bf6-88ff-07b5b3561306-420x228.jpg",420,228,true],"sgg-540":["https:\/\/portal.pi.gov.br\/seres\/wp-content\/uploads\/sites\/87\/2026\/03\/471fded6-3a4c-4bf6-88ff-07b5b3561306-540x294.jpg",540,294,true],"sgg-780":["https:\/\/portal.pi.gov.br\/seres\/wp-content\/uploads\/sites\/87\/2026\/03\/471fded6-3a4c-4bf6-88ff-07b5b3561306-780x424.jpg",780,424,true],"1536x1536":["https:\/\/portal.pi.gov.br\/seres\/wp-content\/uploads\/sites\/87\/2026\/03\/471fded6-3a4c-4bf6-88ff-07b5b3561306.jpg",1280,696,false],"2048x2048":["https:\/\/portal.pi.gov.br\/seres\/wp-content\/uploads\/sites\/87\/2026\/03\/471fded6-3a4c-4bf6-88ff-07b5b3561306.jpg",1280,696,false],"homepage-slider":["https:\/\/portal.pi.gov.br\/seres\/wp-content\/uploads\/sites\/87\/2026\/03\/471fded6-3a4c-4bf6-88ff-07b5b3561306-1270x500.jpg",1270,500,true],"homepage-slider-small":["https:\/\/portal.pi.gov.br\/seres\/wp-content\/uploads\/sites\/87\/2026\/03\/471fded6-3a4c-4bf6-88ff-07b5b3561306-947x500.jpg",947,500,true],"page-top":["https:\/\/portal.pi.gov.br\/seres\/wp-content\/uploads\/sites\/87\/2026\/03\/471fded6-3a4c-4bf6-88ff-07b5b3561306-947x515.jpg",947,515,true],"page-small":["https:\/\/portal.pi.gov.br\/seres\/wp-content\/uploads\/sites\/87\/2026\/03\/471fded6-3a4c-4bf6-88ff-07b5b3561306-624x339.jpg",624,339,true],"loop-main":["https:\/\/portal.pi.gov.br\/seres\/wp-content\/uploads\/sites\/87\/2026\/03\/471fded6-3a4c-4bf6-88ff-07b5b3561306-365x240.jpg",365,240,true],"thumb-gallery-widget":["https:\/\/portal.pi.gov.br\/seres\/wp-content\/uploads\/sites\/87\/2026\/03\/471fded6-3a4c-4bf6-88ff-07b5b3561306-84x56.jpg",84,56,true]},"post_excerpt_stackable":"<p>O Or\u00e7amento Participativo Digital (OPA) contempla os munic\u00edpios de Teresina, Parna\u00edba, Picos, Piripiri e Floriano. O prazo para participa\u00e7\u00e3o no Or\u00e7amento Participativo Digital (OPA) 2026-2027 est\u00e1 chegando ao fim. Entidades e associa\u00e7\u00f5es comunit\u00e1rias t\u00eam at\u00e9 esta sexta-feira (20) para garantir inscri\u00e7\u00e3o e cadastrar propostas que podem se transformar em obras e melhorias reais para suas comunidades. A mobiliza\u00e7\u00e3o j\u00e1 \u00e9 expressiva, mais de 400 entidades cadastradas e mais de 680 propostas enviadas, que seguir\u00e3o para a etapa de an\u00e1lise de viabilidade t\u00e9cnica, prevista para o per\u00edodo de 23 de mar\u00e7o a 08 de junho. Para participar, as entidades precisam atender&hellip;<\/p>\n","category_list":"<a href=\"https:\/\/portal.pi.gov.br\/seres\/category\/noticias\/\" rel=\"category tag\">Not\u00edcias<\/a>","author_info":{"name":"alineraquel","url":"https:\/\/portal.pi.gov.br\/seres\/author\/alineraquel\/"},"comments_num":"0 coment\u00e1rio","featured_image_urls_v2":{"full":["https:\/\/portal.pi.gov.br\/seres\/wp-content\/uploads\/sites\/87\/2026\/03\/471fded6-3a4c-4bf6-88ff-07b5b3561306.jpg",1280,696,false],"thumbnail":["https:\/\/portal.pi.gov.br\/seres\/wp-content\/uploads\/sites\/87\/2026\/03\/471fded6-3a4c-4bf6-88ff-07b5b3561306-150x150.jpg",150,150,true],"medium":["https:\/\/portal.pi.gov.br\/seres\/wp-content\/uploads\/sites\/87\/2026\/03\/471fded6-3a4c-4bf6-88ff-07b5b3561306-300x163.jpg",300,163,true],"medium_large":["https:\/\/portal.pi.gov.br\/seres\/wp-content\/uploads\/sites\/87\/2026\/03\/471fded6-3a4c-4bf6-88ff-07b5b3561306-768x418.jpg",768,418,true],"large":["https:\/\/portal.pi.gov.br\/seres\/wp-content\/uploads\/sites\/87\/2026\/03\/471fded6-3a4c-4bf6-88ff-07b5b3561306-1024x557.jpg",887,482,true],"sgg-420":["https:\/\/portal.pi.gov.br\/seres\/wp-content\/uploads\/sites\/87\/2026\/03\/471fded6-3a4c-4bf6-88ff-07b5b3561306-420x228.jpg",420,228,true],"sgg-540":["https:\/\/portal.pi.gov.br\/seres\/wp-content\/uploads\/sites\/87\/2026\/03\/471fded6-3a4c-4bf6-88ff-07b5b3561306-540x294.jpg",540,294,true],"sgg-780":["https:\/\/portal.pi.gov.br\/seres\/wp-content\/uploads\/sites\/87\/2026\/03\/471fded6-3a4c-4bf6-88ff-07b5b3561306-780x424.jpg",780,424,true],"1536x1536":["https:\/\/portal.pi.gov.br\/seres\/wp-content\/uploads\/sites\/87\/2026\/03\/471fded6-3a4c-4bf6-88ff-07b5b3561306.jpg",1280,696,false],"2048x2048":["https:\/\/portal.pi.gov.br\/seres\/wp-content\/uploads\/sites\/87\/2026\/03\/471fded6-3a4c-4bf6-88ff-07b5b3561306.jpg",1280,696,false],"homepage-slider":["https:\/\/portal.pi.gov.br\/seres\/wp-content\/uploads\/sites\/87\/2026\/03\/471fded6-3a4c-4bf6-88ff-07b5b3561306-1270x500.jpg",1270,500,true],"homepage-slider-small":["https:\/\/portal.pi.gov.br\/seres\/wp-content\/uploads\/sites\/87\/2026\/03\/471fded6-3a4c-4bf6-88ff-07b5b3561306-947x500.jpg",947,500,true],"page-top":["https:\/\/portal.pi.gov.br\/seres\/wp-content\/uploads\/sites\/87\/2026\/03\/471fded6-3a4c-4bf6-88ff-07b5b3561306-947x515.jpg",947,515,true],"page-small":["https:\/\/portal.pi.gov.br\/seres\/wp-content\/uploads\/sites\/87\/2026\/03\/471fded6-3a4c-4bf6-88ff-07b5b3561306-624x339.jpg",624,339,true],"loop-main":["https:\/\/portal.pi.gov.br\/seres\/wp-content\/uploads\/sites\/87\/2026\/03\/471fded6-3a4c-4bf6-88ff-07b5b3561306-365x240.jpg",365,240,true],"thumb-gallery-widget":["https:\/\/portal.pi.gov.br\/seres\/wp-content\/uploads\/sites\/87\/2026\/03\/471fded6-3a4c-4bf6-88ff-07b5b3561306-84x56.jpg",84,56,true]},"post_excerpt_stackable_v2":"<p>O Or\u00e7amento Participativo Digital (OPA) contempla os munic\u00edpios de Teresina, Parna\u00edba, Picos, Piripiri e Floriano. O prazo para participa\u00e7\u00e3o no Or\u00e7amento Participativo Digital (OPA) 2026-2027 est\u00e1 chegando ao fim. Entidades e associa\u00e7\u00f5es comunit\u00e1rias t\u00eam at\u00e9 esta sexta-feira (20) para garantir inscri\u00e7\u00e3o e cadastrar propostas que podem se transformar em obras e melhorias reais para suas comunidades. A mobiliza\u00e7\u00e3o j\u00e1 \u00e9 expressiva, mais de 400 entidades cadastradas e mais de 680 propostas enviadas, que seguir\u00e3o para a etapa de an\u00e1lise de viabilidade t\u00e9cnica, prevista para o per\u00edodo de 23 de mar\u00e7o a 08 de junho. Para participar, as entidades precisam atender&hellip;<\/p>\n","category_list_v2":"<a href=\"https:\/\/portal.pi.gov.br\/seres\/category\/noticias\/\" rel=\"category tag\">Not\u00edcias<\/a>","author_info_v2":{"name":"alineraquel","url":"https:\/\/portal.pi.gov.br\/seres\/author\/alineraquel\/"},"comments_num_v2":"0 coment\u00e1rio","jetpack_featured_media_url":"https:\/\/portal.pi.gov.br\/seres\/wp-content\/uploads\/sites\/87\/2026\/03\/471fded6-3a4c-4bf6-88ff-07b5b3561306.jpg","_links":{"self":[{"href":"https:\/\/portal.pi.gov.br\/seres\/wp-json\/wp\/v2\/posts\/6019"}],"collection":[{"href":"https:\/\/portal.pi.gov.br\/seres\/wp-json\/wp\/v2\/posts"}],"about":[{"href":"https:\/\/portal.pi.gov.br\/seres\/wp-json\/wp\/v2\/types\/post"}],"author":[{"embeddable":true,"href":"https:\/\/portal.pi.gov.br\/seres\/wp-json\/wp\/v2\/users\/1821"}],"replies":[{"embeddable":true,"href":"https:\/\/portal.pi.gov.br\/seres\/wp-json\/wp\/v2\/comments?post=6019"}],"version-history":[{"count":2,"href":"https:\/\/portal.pi.gov.br\/seres\/wp-json\/wp\/v2\/posts\/6019\/revisions"}],"predecessor-version":[{"id":6022,"href":"https:\/\/portal.pi.gov.br\/seres\/wp-json\/wp\/v2\/posts\/6019\/revisions\/6022"}],"wp:featuredmedia":[{"embeddable":true,"href":"https:\/\/portal.pi.gov.br\/seres\/wp-json\/wp\/v2\/media\/6021"}],"wp:attachment":[{"href":"https:\/\/portal.pi.gov.br\/seres\/wp-json\/wp\/v2\/media?parent=6019"}],"wp:term":[{"taxonomy":"category","embeddable":true,"href":"https:\/\/portal.pi.gov.br\/seres\/wp-json\/wp\/v2\/categories?post=6019"},{"taxonomy":"post_tag","embeddable":true,"href":"https:\/\/portal.pi.gov.br\/seres\/wp-json\/wp\/v2\/tags?post=6019"}],"curies":[{"name":"wp","href":"https:\/\/api.w.org\/{rel}","templated":true}]}}