{"id":6052,"date":"2026-03-23T13:47:05","date_gmt":"2026-03-23T16:47:05","guid":{"rendered":"https:\/\/portal.pi.gov.br\/seres\/?p=6052"},"modified":"2026-03-23T13:49:45","modified_gmt":"2026-03-23T16:49:45","slug":"evento-marca-inicio-da-semana-da-agua-2026-com-foco-em-equidade-e-participacao-social","status":"publish","type":"post","link":"https:\/\/portal.pi.gov.br\/seres\/2026\/03\/23\/evento-marca-inicio-da-semana-da-agua-2026-com-foco-em-equidade-e-participacao-social\/","title":{"rendered":"Evento marca in\u00edcio da Semana da \u00c1gua 2026 com foco em equidade e participa\u00e7\u00e3o social"},"content":{"rendered":"\n<p>A programa\u00e7\u00e3o acontece de 23 a 27 de mar\u00e7o e re\u00fane debates, minicursos, reuni\u00f5es t\u00e9cnicas e a\u00e7\u00f5es educativas em diferentes espa\u00e7os de Teresina.<\/p>\n\n\n\n<figure class=\"wp-block-image size-large\"><img decoding=\"async\" loading=\"lazy\" width=\"1024\" height=\"683\" src=\"https:\/\/portal.pi.gov.br\/seres\/wp-content\/uploads\/sites\/87\/2026\/03\/78925463-f508-44da-949e-78efc3418ee1-1024x683.jpg\" alt=\"\" class=\"wp-image-6049\" srcset=\"https:\/\/portal.pi.gov.br\/seres\/wp-content\/uploads\/sites\/87\/2026\/03\/78925463-f508-44da-949e-78efc3418ee1-1024x683.jpg 1024w, https:\/\/portal.pi.gov.br\/seres\/wp-content\/uploads\/sites\/87\/2026\/03\/78925463-f508-44da-949e-78efc3418ee1-300x200.jpg 300w, https:\/\/portal.pi.gov.br\/seres\/wp-content\/uploads\/sites\/87\/2026\/03\/78925463-f508-44da-949e-78efc3418ee1-768x512.jpg 768w, https:\/\/portal.pi.gov.br\/seres\/wp-content\/uploads\/sites\/87\/2026\/03\/78925463-f508-44da-949e-78efc3418ee1-420x280.jpg 420w, https:\/\/portal.pi.gov.br\/seres\/wp-content\/uploads\/sites\/87\/2026\/03\/78925463-f508-44da-949e-78efc3418ee1-540x360.jpg 540w, https:\/\/portal.pi.gov.br\/seres\/wp-content\/uploads\/sites\/87\/2026\/03\/78925463-f508-44da-949e-78efc3418ee1-780x520.jpg 780w, https:\/\/portal.pi.gov.br\/seres\/wp-content\/uploads\/sites\/87\/2026\/03\/78925463-f508-44da-949e-78efc3418ee1-947x632.jpg 947w, https:\/\/portal.pi.gov.br\/seres\/wp-content\/uploads\/sites\/87\/2026\/03\/78925463-f508-44da-949e-78efc3418ee1-624x416.jpg 624w, https:\/\/portal.pi.gov.br\/seres\/wp-content\/uploads\/sites\/87\/2026\/03\/78925463-f508-44da-949e-78efc3418ee1-84x56.jpg 84w, https:\/\/portal.pi.gov.br\/seres\/wp-content\/uploads\/sites\/87\/2026\/03\/78925463-f508-44da-949e-78efc3418ee1.jpg 1280w\" sizes=\"(max-width: 1024px) 100vw, 1024px\" \/><\/figure>\n\n\n\n<p><\/p>\n\n\n\n<p>A secret\u00e1ria das Rela\u00e7\u00f5es Sociais, N\u00fabia Lopes, participou na manh\u00e3 desta segunda-feira (23) da abertura da Semana da \u00c1gua 2026, promovida pela Secretaria de Meio Ambiente e Recursos H\u00eddricos do Piau\u00ed (Semarh), em alus\u00e3o ao Dia Mundial da \u00c1gua, celebrado no \u00faltimo domingo (22).<\/p>\n\n\n\n<p>Com o tema \u201c\u00c1gua e g\u00eanero: equidade, governan\u00e7a e sustentabilidade na gest\u00e3o dos recursos h\u00eddricos. Construindo um futuro com equidade\u201d, a programa\u00e7\u00e3o acontece de 23 a 27 de mar\u00e7o e re\u00fane debates, minicursos, reuni\u00f5es t\u00e9cnicas e a\u00e7\u00f5es educativas em diferentes espa\u00e7os de Teresina.<\/p>\n\n\n\n<figure class=\"wp-block-image size-large\"><img decoding=\"async\" loading=\"lazy\" width=\"1024\" height=\"683\" src=\"https:\/\/portal.pi.gov.br\/seres\/wp-content\/uploads\/sites\/87\/2026\/03\/3769f086-effd-4f7a-9946-ae672b724a4d-1024x683.jpg\" alt=\"\" class=\"wp-image-6048\" srcset=\"https:\/\/portal.pi.gov.br\/seres\/wp-content\/uploads\/sites\/87\/2026\/03\/3769f086-effd-4f7a-9946-ae672b724a4d-1024x683.jpg 1024w, https:\/\/portal.pi.gov.br\/seres\/wp-content\/uploads\/sites\/87\/2026\/03\/3769f086-effd-4f7a-9946-ae672b724a4d-300x200.jpg 300w, https:\/\/portal.pi.gov.br\/seres\/wp-content\/uploads\/sites\/87\/2026\/03\/3769f086-effd-4f7a-9946-ae672b724a4d-768x512.jpg 768w, https:\/\/portal.pi.gov.br\/seres\/wp-content\/uploads\/sites\/87\/2026\/03\/3769f086-effd-4f7a-9946-ae672b724a4d-420x280.jpg 420w, https:\/\/portal.pi.gov.br\/seres\/wp-content\/uploads\/sites\/87\/2026\/03\/3769f086-effd-4f7a-9946-ae672b724a4d-540x360.jpg 540w, https:\/\/portal.pi.gov.br\/seres\/wp-content\/uploads\/sites\/87\/2026\/03\/3769f086-effd-4f7a-9946-ae672b724a4d-780x520.jpg 780w, https:\/\/portal.pi.gov.br\/seres\/wp-content\/uploads\/sites\/87\/2026\/03\/3769f086-effd-4f7a-9946-ae672b724a4d-947x632.jpg 947w, https:\/\/portal.pi.gov.br\/seres\/wp-content\/uploads\/sites\/87\/2026\/03\/3769f086-effd-4f7a-9946-ae672b724a4d-624x416.jpg 624w, https:\/\/portal.pi.gov.br\/seres\/wp-content\/uploads\/sites\/87\/2026\/03\/3769f086-effd-4f7a-9946-ae672b724a4d-84x56.jpg 84w, https:\/\/portal.pi.gov.br\/seres\/wp-content\/uploads\/sites\/87\/2026\/03\/3769f086-effd-4f7a-9946-ae672b724a4d.jpg 1280w\" sizes=\"(max-width: 1024px) 100vw, 1024px\" \/><\/figure>\n\n\n\n<p><\/p>\n\n\n\n<p>A solenidade de abertura foi realizada no audit\u00f3rio do campus central do IFPI e marcou o in\u00edcio de uma agenda estrat\u00e9gica de discuss\u00f5es sobre o uso sustent\u00e1vel da \u00e1gua, com foco na equidade, na inclus\u00e3o social e na participa\u00e7\u00e3o ativa da sociedade.<\/p>\n\n\n\n<p>A participa\u00e7\u00e3o da Secretaria das Rela\u00e7\u00f5es Sociais refor\u00e7a o compromisso do Governo do Estado com a promo\u00e7\u00e3o de pol\u00edticas p\u00fablicas integradas, voltadas \u00e0 sustentabilidade e \u00e0 garantia de direitos, especialmente no que diz respeito \u00e0 inclus\u00e3o de diferentes grupos sociais na gest\u00e3o dos recursos h\u00eddricos.<\/p>\n\n\n\n<p>&#8220;Agrade\u00e7o por estar participando desse momento que \u00e9 t\u00e3o importante, que discute e trata exatamente de um bem que \u00e9 comum e que \u00e9 vital para n\u00f3s, que \u00e9 a quest\u00e3o da \u00e1gua. Ent\u00e3o, \u00e9 muito gratificante iniciar essa semana com uma reuni\u00e3o, com debate t\u00e9cnico, mas tamb\u00e9m com representantes da academia e lideran\u00e7as sociais. E reafirmamos o compromisso da nossa secretaria nesse trabalho de articula\u00e7\u00e3o, mobiliza\u00e7\u00e3o entre a sociedade civil organizada e o governo do Estado, a gente faz esse trabalho onde escutamos e apoiamos as demandas dos movimentos sociais, do campo da cidade, relacionados \u00e0 quest\u00e3o da \u00e1gua tamb\u00e9m. O nosso governador Rafael tem esse compromisso forte de levar a possibilidade de que os 224 munic\u00edpios tenham \u00e1gua pot\u00e1vel e de qualidade. Destacando tamb\u00e9m a parceria importante entre os munic\u00edpios, o estado e o governo federal e a sociedade civil organizada que se faz necess\u00e1ria. Ent\u00e3o, agrade\u00e7o ao secret\u00e1rio Felipe, cumprimento a cada um e cada uma, desejando uma semana maravilhosa e que daqui saiam di\u00e1logos, proposi\u00e7\u00f5es que fortale\u00e7am cada vez mais essa pol\u00edtica p\u00fablica que \u00e9 ter \u00e1gua de qualidade para todos os cidad\u00e3os piauienses&#8221;, destacou a secret\u00e1ria N\u00fabia Lopes em seu discurso.<\/p>\n\n\n\n<figure class=\"wp-block-gallery has-nested-images columns-default is-cropped wp-block-gallery-1 is-layout-flex\">\n<figure class=\"wp-block-image size-large\"><img decoding=\"async\" loading=\"lazy\" width=\"1024\" height=\"683\" data-id=\"6047\"  src=\"https:\/\/portal.pi.gov.br\/seres\/wp-content\/uploads\/sites\/87\/2026\/03\/0936ce65-e93f-4c84-b1db-c9f7b233fe5f-1024x683.jpg\" alt=\"\" class=\"wp-image-6047\" srcset=\"https:\/\/portal.pi.gov.br\/seres\/wp-content\/uploads\/sites\/87\/2026\/03\/0936ce65-e93f-4c84-b1db-c9f7b233fe5f-1024x683.jpg 1024w, https:\/\/portal.pi.gov.br\/seres\/wp-content\/uploads\/sites\/87\/2026\/03\/0936ce65-e93f-4c84-b1db-c9f7b233fe5f-300x200.jpg 300w, https:\/\/portal.pi.gov.br\/seres\/wp-content\/uploads\/sites\/87\/2026\/03\/0936ce65-e93f-4c84-b1db-c9f7b233fe5f-768x512.jpg 768w, https:\/\/portal.pi.gov.br\/seres\/wp-content\/uploads\/sites\/87\/2026\/03\/0936ce65-e93f-4c84-b1db-c9f7b233fe5f-420x280.jpg 420w, https:\/\/portal.pi.gov.br\/seres\/wp-content\/uploads\/sites\/87\/2026\/03\/0936ce65-e93f-4c84-b1db-c9f7b233fe5f-540x360.jpg 540w, https:\/\/portal.pi.gov.br\/seres\/wp-content\/uploads\/sites\/87\/2026\/03\/0936ce65-e93f-4c84-b1db-c9f7b233fe5f-780x520.jpg 780w, https:\/\/portal.pi.gov.br\/seres\/wp-content\/uploads\/sites\/87\/2026\/03\/0936ce65-e93f-4c84-b1db-c9f7b233fe5f-947x632.jpg 947w, https:\/\/portal.pi.gov.br\/seres\/wp-content\/uploads\/sites\/87\/2026\/03\/0936ce65-e93f-4c84-b1db-c9f7b233fe5f-624x416.jpg 624w, https:\/\/portal.pi.gov.br\/seres\/wp-content\/uploads\/sites\/87\/2026\/03\/0936ce65-e93f-4c84-b1db-c9f7b233fe5f-84x56.jpg 84w, https:\/\/portal.pi.gov.br\/seres\/wp-content\/uploads\/sites\/87\/2026\/03\/0936ce65-e93f-4c84-b1db-c9f7b233fe5f.jpg 1280w\" sizes=\"(max-width: 1024px) 100vw, 1024px\" \/><\/figure>\n\n\n\n<figure class=\"wp-block-image size-large\"><img decoding=\"async\" loading=\"lazy\" width=\"1024\" height=\"683\" data-id=\"6051\"  src=\"https:\/\/portal.pi.gov.br\/seres\/wp-content\/uploads\/sites\/87\/2026\/03\/e0111bd6-19ee-4500-a21e-2a26e5a6fea3-1024x683.jpg\" alt=\"\" class=\"wp-image-6051\" srcset=\"https:\/\/portal.pi.gov.br\/seres\/wp-content\/uploads\/sites\/87\/2026\/03\/e0111bd6-19ee-4500-a21e-2a26e5a6fea3-1024x683.jpg 1024w, https:\/\/portal.pi.gov.br\/seres\/wp-content\/uploads\/sites\/87\/2026\/03\/e0111bd6-19ee-4500-a21e-2a26e5a6fea3-300x200.jpg 300w, https:\/\/portal.pi.gov.br\/seres\/wp-content\/uploads\/sites\/87\/2026\/03\/e0111bd6-19ee-4500-a21e-2a26e5a6fea3-768x512.jpg 768w, https:\/\/portal.pi.gov.br\/seres\/wp-content\/uploads\/sites\/87\/2026\/03\/e0111bd6-19ee-4500-a21e-2a26e5a6fea3-420x280.jpg 420w, https:\/\/portal.pi.gov.br\/seres\/wp-content\/uploads\/sites\/87\/2026\/03\/e0111bd6-19ee-4500-a21e-2a26e5a6fea3-540x360.jpg 540w, https:\/\/portal.pi.gov.br\/seres\/wp-content\/uploads\/sites\/87\/2026\/03\/e0111bd6-19ee-4500-a21e-2a26e5a6fea3-780x520.jpg 780w, https:\/\/portal.pi.gov.br\/seres\/wp-content\/uploads\/sites\/87\/2026\/03\/e0111bd6-19ee-4500-a21e-2a26e5a6fea3-947x632.jpg 947w, https:\/\/portal.pi.gov.br\/seres\/wp-content\/uploads\/sites\/87\/2026\/03\/e0111bd6-19ee-4500-a21e-2a26e5a6fea3-624x416.jpg 624w, https:\/\/portal.pi.gov.br\/seres\/wp-content\/uploads\/sites\/87\/2026\/03\/e0111bd6-19ee-4500-a21e-2a26e5a6fea3-84x56.jpg 84w, https:\/\/portal.pi.gov.br\/seres\/wp-content\/uploads\/sites\/87\/2026\/03\/e0111bd6-19ee-4500-a21e-2a26e5a6fea3.jpg 1280w\" sizes=\"(max-width: 1024px) 100vw, 1024px\" \/><\/figure>\n\n\n\n<figure class=\"wp-block-image size-large\"><img decoding=\"async\" loading=\"lazy\" width=\"1024\" height=\"683\" data-id=\"6050\"  src=\"https:\/\/portal.pi.gov.br\/seres\/wp-content\/uploads\/sites\/87\/2026\/03\/e6b146f6-3bd2-43fd-a903-52b1505a4c7d-1024x683.jpg\" alt=\"\" class=\"wp-image-6050\" srcset=\"https:\/\/portal.pi.gov.br\/seres\/wp-content\/uploads\/sites\/87\/2026\/03\/e6b146f6-3bd2-43fd-a903-52b1505a4c7d-1024x683.jpg 1024w, https:\/\/portal.pi.gov.br\/seres\/wp-content\/uploads\/sites\/87\/2026\/03\/e6b146f6-3bd2-43fd-a903-52b1505a4c7d-300x200.jpg 300w, https:\/\/portal.pi.gov.br\/seres\/wp-content\/uploads\/sites\/87\/2026\/03\/e6b146f6-3bd2-43fd-a903-52b1505a4c7d-768x512.jpg 768w, https:\/\/portal.pi.gov.br\/seres\/wp-content\/uploads\/sites\/87\/2026\/03\/e6b146f6-3bd2-43fd-a903-52b1505a4c7d-420x280.jpg 420w, https:\/\/portal.pi.gov.br\/seres\/wp-content\/uploads\/sites\/87\/2026\/03\/e6b146f6-3bd2-43fd-a903-52b1505a4c7d-540x360.jpg 540w, https:\/\/portal.pi.gov.br\/seres\/wp-content\/uploads\/sites\/87\/2026\/03\/e6b146f6-3bd2-43fd-a903-52b1505a4c7d-780x520.jpg 780w, https:\/\/portal.pi.gov.br\/seres\/wp-content\/uploads\/sites\/87\/2026\/03\/e6b146f6-3bd2-43fd-a903-52b1505a4c7d-947x632.jpg 947w, https:\/\/portal.pi.gov.br\/seres\/wp-content\/uploads\/sites\/87\/2026\/03\/e6b146f6-3bd2-43fd-a903-52b1505a4c7d-624x416.jpg 624w, https:\/\/portal.pi.gov.br\/seres\/wp-content\/uploads\/sites\/87\/2026\/03\/e6b146f6-3bd2-43fd-a903-52b1505a4c7d-84x56.jpg 84w, https:\/\/portal.pi.gov.br\/seres\/wp-content\/uploads\/sites\/87\/2026\/03\/e6b146f6-3bd2-43fd-a903-52b1505a4c7d.jpg 1280w\" sizes=\"(max-width: 1024px) 100vw, 1024px\" \/><\/figure>\n\n\n\n<figure class=\"wp-block-image size-large\"><img decoding=\"async\" loading=\"lazy\" width=\"1024\" height=\"683\" data-id=\"6046\"  src=\"https:\/\/portal.pi.gov.br\/seres\/wp-content\/uploads\/sites\/87\/2026\/03\/175be3c0-ccab-44a8-a614-0a955bf39306-1024x683.jpg\" alt=\"\" class=\"wp-image-6046\" srcset=\"https:\/\/portal.pi.gov.br\/seres\/wp-content\/uploads\/sites\/87\/2026\/03\/175be3c0-ccab-44a8-a614-0a955bf39306-1024x683.jpg 1024w, https:\/\/portal.pi.gov.br\/seres\/wp-content\/uploads\/sites\/87\/2026\/03\/175be3c0-ccab-44a8-a614-0a955bf39306-300x200.jpg 300w, https:\/\/portal.pi.gov.br\/seres\/wp-content\/uploads\/sites\/87\/2026\/03\/175be3c0-ccab-44a8-a614-0a955bf39306-768x512.jpg 768w, https:\/\/portal.pi.gov.br\/seres\/wp-content\/uploads\/sites\/87\/2026\/03\/175be3c0-ccab-44a8-a614-0a955bf39306-420x280.jpg 420w, https:\/\/portal.pi.gov.br\/seres\/wp-content\/uploads\/sites\/87\/2026\/03\/175be3c0-ccab-44a8-a614-0a955bf39306-540x360.jpg 540w, https:\/\/portal.pi.gov.br\/seres\/wp-content\/uploads\/sites\/87\/2026\/03\/175be3c0-ccab-44a8-a614-0a955bf39306-780x520.jpg 780w, https:\/\/portal.pi.gov.br\/seres\/wp-content\/uploads\/sites\/87\/2026\/03\/175be3c0-ccab-44a8-a614-0a955bf39306-947x632.jpg 947w, https:\/\/portal.pi.gov.br\/seres\/wp-content\/uploads\/sites\/87\/2026\/03\/175be3c0-ccab-44a8-a614-0a955bf39306-624x416.jpg 624w, https:\/\/portal.pi.gov.br\/seres\/wp-content\/uploads\/sites\/87\/2026\/03\/175be3c0-ccab-44a8-a614-0a955bf39306-84x56.jpg 84w, https:\/\/portal.pi.gov.br\/seres\/wp-content\/uploads\/sites\/87\/2026\/03\/175be3c0-ccab-44a8-a614-0a955bf39306.jpg 1280w\" sizes=\"(max-width: 1024px) 100vw, 1024px\" \/><\/figure>\n\n\n\n<figure class=\"wp-block-image size-large\"><img decoding=\"async\" loading=\"lazy\" width=\"1024\" height=\"683\" data-id=\"6045\"  src=\"https:\/\/portal.pi.gov.br\/seres\/wp-content\/uploads\/sites\/87\/2026\/03\/18ad17ef-56b4-4959-b9c1-c9a8e18dce95-1024x683.jpg\" alt=\"\" class=\"wp-image-6045\" srcset=\"https:\/\/portal.pi.gov.br\/seres\/wp-content\/uploads\/sites\/87\/2026\/03\/18ad17ef-56b4-4959-b9c1-c9a8e18dce95-1024x683.jpg 1024w, https:\/\/portal.pi.gov.br\/seres\/wp-content\/uploads\/sites\/87\/2026\/03\/18ad17ef-56b4-4959-b9c1-c9a8e18dce95-300x200.jpg 300w, https:\/\/portal.pi.gov.br\/seres\/wp-content\/uploads\/sites\/87\/2026\/03\/18ad17ef-56b4-4959-b9c1-c9a8e18dce95-768x512.jpg 768w, https:\/\/portal.pi.gov.br\/seres\/wp-content\/uploads\/sites\/87\/2026\/03\/18ad17ef-56b4-4959-b9c1-c9a8e18dce95-420x280.jpg 420w, https:\/\/portal.pi.gov.br\/seres\/wp-content\/uploads\/sites\/87\/2026\/03\/18ad17ef-56b4-4959-b9c1-c9a8e18dce95-540x360.jpg 540w, https:\/\/portal.pi.gov.br\/seres\/wp-content\/uploads\/sites\/87\/2026\/03\/18ad17ef-56b4-4959-b9c1-c9a8e18dce95-780x520.jpg 780w, https:\/\/portal.pi.gov.br\/seres\/wp-content\/uploads\/sites\/87\/2026\/03\/18ad17ef-56b4-4959-b9c1-c9a8e18dce95-947x632.jpg 947w, https:\/\/portal.pi.gov.br\/seres\/wp-content\/uploads\/sites\/87\/2026\/03\/18ad17ef-56b4-4959-b9c1-c9a8e18dce95-624x416.jpg 624w, https:\/\/portal.pi.gov.br\/seres\/wp-content\/uploads\/sites\/87\/2026\/03\/18ad17ef-56b4-4959-b9c1-c9a8e18dce95-84x56.jpg 84w, https:\/\/portal.pi.gov.br\/seres\/wp-content\/uploads\/sites\/87\/2026\/03\/18ad17ef-56b4-4959-b9c1-c9a8e18dce95.jpg 1280w\" sizes=\"(max-width: 1024px) 100vw, 1024px\" \/><\/figure>\n\n\n\n<figure class=\"wp-block-image size-large\"><img decoding=\"async\" loading=\"lazy\" width=\"1024\" height=\"683\" data-id=\"6044\"  src=\"https:\/\/portal.pi.gov.br\/seres\/wp-content\/uploads\/sites\/87\/2026\/03\/3ca7043d-6fbe-4cc1-b9f2-54b3775fee93-Copia-1024x683.jpg\" alt=\"\" class=\"wp-image-6044\" srcset=\"https:\/\/portal.pi.gov.br\/seres\/wp-content\/uploads\/sites\/87\/2026\/03\/3ca7043d-6fbe-4cc1-b9f2-54b3775fee93-Copia-1024x683.jpg 1024w, https:\/\/portal.pi.gov.br\/seres\/wp-content\/uploads\/sites\/87\/2026\/03\/3ca7043d-6fbe-4cc1-b9f2-54b3775fee93-Copia-300x200.jpg 300w, https:\/\/portal.pi.gov.br\/seres\/wp-content\/uploads\/sites\/87\/2026\/03\/3ca7043d-6fbe-4cc1-b9f2-54b3775fee93-Copia-768x512.jpg 768w, https:\/\/portal.pi.gov.br\/seres\/wp-content\/uploads\/sites\/87\/2026\/03\/3ca7043d-6fbe-4cc1-b9f2-54b3775fee93-Copia-420x280.jpg 420w, https:\/\/portal.pi.gov.br\/seres\/wp-content\/uploads\/sites\/87\/2026\/03\/3ca7043d-6fbe-4cc1-b9f2-54b3775fee93-Copia-540x360.jpg 540w, https:\/\/portal.pi.gov.br\/seres\/wp-content\/uploads\/sites\/87\/2026\/03\/3ca7043d-6fbe-4cc1-b9f2-54b3775fee93-Copia-780x520.jpg 780w, https:\/\/portal.pi.gov.br\/seres\/wp-content\/uploads\/sites\/87\/2026\/03\/3ca7043d-6fbe-4cc1-b9f2-54b3775fee93-Copia-947x632.jpg 947w, https:\/\/portal.pi.gov.br\/seres\/wp-content\/uploads\/sites\/87\/2026\/03\/3ca7043d-6fbe-4cc1-b9f2-54b3775fee93-Copia-624x416.jpg 624w, https:\/\/portal.pi.gov.br\/seres\/wp-content\/uploads\/sites\/87\/2026\/03\/3ca7043d-6fbe-4cc1-b9f2-54b3775fee93-Copia-84x56.jpg 84w, https:\/\/portal.pi.gov.br\/seres\/wp-content\/uploads\/sites\/87\/2026\/03\/3ca7043d-6fbe-4cc1-b9f2-54b3775fee93-Copia.jpg 1280w\" sizes=\"(max-width: 1024px) 100vw, 1024px\" \/><\/figure>\n\n\n\n<figure class=\"wp-block-image size-large\"><img decoding=\"async\" loading=\"lazy\" width=\"1024\" height=\"683\" data-id=\"6043\"  src=\"https:\/\/portal.pi.gov.br\/seres\/wp-content\/uploads\/sites\/87\/2026\/03\/4f05a77e-442e-447c-b19a-46d46e92e781-Copia-1024x683.jpg\" alt=\"\" class=\"wp-image-6043\" srcset=\"https:\/\/portal.pi.gov.br\/seres\/wp-content\/uploads\/sites\/87\/2026\/03\/4f05a77e-442e-447c-b19a-46d46e92e781-Copia-1024x683.jpg 1024w, https:\/\/portal.pi.gov.br\/seres\/wp-content\/uploads\/sites\/87\/2026\/03\/4f05a77e-442e-447c-b19a-46d46e92e781-Copia-300x200.jpg 300w, https:\/\/portal.pi.gov.br\/seres\/wp-content\/uploads\/sites\/87\/2026\/03\/4f05a77e-442e-447c-b19a-46d46e92e781-Copia-768x512.jpg 768w, https:\/\/portal.pi.gov.br\/seres\/wp-content\/uploads\/sites\/87\/2026\/03\/4f05a77e-442e-447c-b19a-46d46e92e781-Copia-420x280.jpg 420w, https:\/\/portal.pi.gov.br\/seres\/wp-content\/uploads\/sites\/87\/2026\/03\/4f05a77e-442e-447c-b19a-46d46e92e781-Copia-540x360.jpg 540w, https:\/\/portal.pi.gov.br\/seres\/wp-content\/uploads\/sites\/87\/2026\/03\/4f05a77e-442e-447c-b19a-46d46e92e781-Copia-780x520.jpg 780w, https:\/\/portal.pi.gov.br\/seres\/wp-content\/uploads\/sites\/87\/2026\/03\/4f05a77e-442e-447c-b19a-46d46e92e781-Copia-947x632.jpg 947w, https:\/\/portal.pi.gov.br\/seres\/wp-content\/uploads\/sites\/87\/2026\/03\/4f05a77e-442e-447c-b19a-46d46e92e781-Copia-624x416.jpg 624w, https:\/\/portal.pi.gov.br\/seres\/wp-content\/uploads\/sites\/87\/2026\/03\/4f05a77e-442e-447c-b19a-46d46e92e781-Copia-84x56.jpg 84w, https:\/\/portal.pi.gov.br\/seres\/wp-content\/uploads\/sites\/87\/2026\/03\/4f05a77e-442e-447c-b19a-46d46e92e781-Copia.jpg 1280w\" sizes=\"(max-width: 1024px) 100vw, 1024px\" \/><\/figure>\n\n\n\n<figure class=\"wp-block-image size-large\"><img decoding=\"async\" loading=\"lazy\" width=\"1024\" height=\"683\" data-id=\"6042\"  src=\"https:\/\/portal.pi.gov.br\/seres\/wp-content\/uploads\/sites\/87\/2026\/03\/65782994-63c7-4377-a286-2cc96c965a99-1024x683.jpg\" alt=\"\" class=\"wp-image-6042\" srcset=\"https:\/\/portal.pi.gov.br\/seres\/wp-content\/uploads\/sites\/87\/2026\/03\/65782994-63c7-4377-a286-2cc96c965a99-1024x683.jpg 1024w, https:\/\/portal.pi.gov.br\/seres\/wp-content\/uploads\/sites\/87\/2026\/03\/65782994-63c7-4377-a286-2cc96c965a99-300x200.jpg 300w, https:\/\/portal.pi.gov.br\/seres\/wp-content\/uploads\/sites\/87\/2026\/03\/65782994-63c7-4377-a286-2cc96c965a99-768x512.jpg 768w, https:\/\/portal.pi.gov.br\/seres\/wp-content\/uploads\/sites\/87\/2026\/03\/65782994-63c7-4377-a286-2cc96c965a99-420x280.jpg 420w, https:\/\/portal.pi.gov.br\/seres\/wp-content\/uploads\/sites\/87\/2026\/03\/65782994-63c7-4377-a286-2cc96c965a99-540x360.jpg 540w, https:\/\/portal.pi.gov.br\/seres\/wp-content\/uploads\/sites\/87\/2026\/03\/65782994-63c7-4377-a286-2cc96c965a99-780x520.jpg 780w, https:\/\/portal.pi.gov.br\/seres\/wp-content\/uploads\/sites\/87\/2026\/03\/65782994-63c7-4377-a286-2cc96c965a99-947x632.jpg 947w, https:\/\/portal.pi.gov.br\/seres\/wp-content\/uploads\/sites\/87\/2026\/03\/65782994-63c7-4377-a286-2cc96c965a99-624x416.jpg 624w, https:\/\/portal.pi.gov.br\/seres\/wp-content\/uploads\/sites\/87\/2026\/03\/65782994-63c7-4377-a286-2cc96c965a99-84x56.jpg 84w, https:\/\/portal.pi.gov.br\/seres\/wp-content\/uploads\/sites\/87\/2026\/03\/65782994-63c7-4377-a286-2cc96c965a99.jpg 1280w\" sizes=\"(max-width: 1024px) 100vw, 1024px\" \/><\/figure>\n<\/figure>\n\n\n\n<p><\/p>\n\n\n\n<p>Fotos: Natalina Alves<\/p>\n","protected":false},"excerpt":{"rendered":"<p>A programa\u00e7\u00e3o acontece de 23 a 27 de mar\u00e7o e re\u00fane debates, minicursos, reuni\u00f5es t\u00e9cnicas e a\u00e7\u00f5es educativas em diferentes espa\u00e7os de Teresina. A secret\u00e1ria das Rela\u00e7\u00f5es Sociais, N\u00fabia Lopes, [&hellip;]<\/p>\n","protected":false},"author":1821,"featured_media":6053,"comment_status":"closed","ping_status":"closed","sticky":true,"template":"","format":"standard","meta":[],"categories":[34],"tags":[],"featured_image_urls":{"full":["https:\/\/portal.pi.gov.br\/seres\/wp-content\/uploads\/sites\/87\/2026\/03\/754cb317-bfc7-4560-8de1-d9baea59de24.jpg",1280,630,false],"thumbnail":["https:\/\/portal.pi.gov.br\/seres\/wp-content\/uploads\/sites\/87\/2026\/03\/754cb317-bfc7-4560-8de1-d9baea59de24-150x150.jpg",150,150,true],"medium":["https:\/\/portal.pi.gov.br\/seres\/wp-content\/uploads\/sites\/87\/2026\/03\/754cb317-bfc7-4560-8de1-d9baea59de24-300x148.jpg",300,148,true],"medium_large":["https:\/\/portal.pi.gov.br\/seres\/wp-content\/uploads\/sites\/87\/2026\/03\/754cb317-bfc7-4560-8de1-d9baea59de24-768x378.jpg",768,378,true],"large":["https:\/\/portal.pi.gov.br\/seres\/wp-content\/uploads\/sites\/87\/2026\/03\/754cb317-bfc7-4560-8de1-d9baea59de24-1024x504.jpg",887,437,true],"sgg-420":["https:\/\/portal.pi.gov.br\/seres\/wp-content\/uploads\/sites\/87\/2026\/03\/754cb317-bfc7-4560-8de1-d9baea59de24-420x207.jpg",420,207,true],"sgg-540":["https:\/\/portal.pi.gov.br\/seres\/wp-content\/uploads\/sites\/87\/2026\/03\/754cb317-bfc7-4560-8de1-d9baea59de24-540x266.jpg",540,266,true],"sgg-780":["https:\/\/portal.pi.gov.br\/seres\/wp-content\/uploads\/sites\/87\/2026\/03\/754cb317-bfc7-4560-8de1-d9baea59de24-780x384.jpg",780,384,true],"1536x1536":["https:\/\/portal.pi.gov.br\/seres\/wp-content\/uploads\/sites\/87\/2026\/03\/754cb317-bfc7-4560-8de1-d9baea59de24.jpg",1280,630,false],"2048x2048":["https:\/\/portal.pi.gov.br\/seres\/wp-content\/uploads\/sites\/87\/2026\/03\/754cb317-bfc7-4560-8de1-d9baea59de24.jpg",1280,630,false],"homepage-slider":["https:\/\/portal.pi.gov.br\/seres\/wp-content\/uploads\/sites\/87\/2026\/03\/754cb317-bfc7-4560-8de1-d9baea59de24-1270x500.jpg",1270,500,true],"homepage-slider-small":["https:\/\/portal.pi.gov.br\/seres\/wp-content\/uploads\/sites\/87\/2026\/03\/754cb317-bfc7-4560-8de1-d9baea59de24-947x500.jpg",947,500,true],"page-top":["https:\/\/portal.pi.gov.br\/seres\/wp-content\/uploads\/sites\/87\/2026\/03\/754cb317-bfc7-4560-8de1-d9baea59de24-947x466.jpg",947,466,true],"page-small":["https:\/\/portal.pi.gov.br\/seres\/wp-content\/uploads\/sites\/87\/2026\/03\/754cb317-bfc7-4560-8de1-d9baea59de24-624x307.jpg",624,307,true],"loop-main":["https:\/\/portal.pi.gov.br\/seres\/wp-content\/uploads\/sites\/87\/2026\/03\/754cb317-bfc7-4560-8de1-d9baea59de24-365x240.jpg",365,240,true],"thumb-gallery-widget":["https:\/\/portal.pi.gov.br\/seres\/wp-content\/uploads\/sites\/87\/2026\/03\/754cb317-bfc7-4560-8de1-d9baea59de24-84x56.jpg",84,56,true]},"post_excerpt_stackable":"<p>A programa\u00e7\u00e3o acontece de 23 a 27 de mar\u00e7o e re\u00fane debates, minicursos, reuni\u00f5es t\u00e9cnicas e a\u00e7\u00f5es educativas em diferentes espa\u00e7os de Teresina. A secret\u00e1ria das Rela\u00e7\u00f5es Sociais, N\u00fabia Lopes, participou na manh\u00e3 desta segunda-feira (23) da abertura da Semana da \u00c1gua 2026, promovida pela Secretaria de Meio Ambiente e Recursos H\u00eddricos do Piau\u00ed (Semarh), em alus\u00e3o ao Dia Mundial da \u00c1gua, celebrado no \u00faltimo domingo (22). Com o tema \u201c\u00c1gua e g\u00eanero: equidade, governan\u00e7a e sustentabilidade na gest\u00e3o dos recursos h\u00eddricos. Construindo um futuro com equidade\u201d, a programa\u00e7\u00e3o acontece de 23 a 27 de mar\u00e7o e re\u00fane debates, minicursos,&hellip;<\/p>\n","category_list":"<a href=\"https:\/\/portal.pi.gov.br\/seres\/category\/noticias\/\" rel=\"category tag\">Not\u00edcias<\/a>","author_info":{"name":"alineraquel","url":"https:\/\/portal.pi.gov.br\/seres\/author\/alineraquel\/"},"comments_num":"0 coment\u00e1rio","featured_image_urls_v2":{"full":["https:\/\/portal.pi.gov.br\/seres\/wp-content\/uploads\/sites\/87\/2026\/03\/754cb317-bfc7-4560-8de1-d9baea59de24.jpg",1280,630,false],"thumbnail":["https:\/\/portal.pi.gov.br\/seres\/wp-content\/uploads\/sites\/87\/2026\/03\/754cb317-bfc7-4560-8de1-d9baea59de24-150x150.jpg",150,150,true],"medium":["https:\/\/portal.pi.gov.br\/seres\/wp-content\/uploads\/sites\/87\/2026\/03\/754cb317-bfc7-4560-8de1-d9baea59de24-300x148.jpg",300,148,true],"medium_large":["https:\/\/portal.pi.gov.br\/seres\/wp-content\/uploads\/sites\/87\/2026\/03\/754cb317-bfc7-4560-8de1-d9baea59de24-768x378.jpg",768,378,true],"large":["https:\/\/portal.pi.gov.br\/seres\/wp-content\/uploads\/sites\/87\/2026\/03\/754cb317-bfc7-4560-8de1-d9baea59de24-1024x504.jpg",887,437,true],"sgg-420":["https:\/\/portal.pi.gov.br\/seres\/wp-content\/uploads\/sites\/87\/2026\/03\/754cb317-bfc7-4560-8de1-d9baea59de24-420x207.jpg",420,207,true],"sgg-540":["https:\/\/portal.pi.gov.br\/seres\/wp-content\/uploads\/sites\/87\/2026\/03\/754cb317-bfc7-4560-8de1-d9baea59de24-540x266.jpg",540,266,true],"sgg-780":["https:\/\/portal.pi.gov.br\/seres\/wp-content\/uploads\/sites\/87\/2026\/03\/754cb317-bfc7-4560-8de1-d9baea59de24-780x384.jpg",780,384,true],"1536x1536":["https:\/\/portal.pi.gov.br\/seres\/wp-content\/uploads\/sites\/87\/2026\/03\/754cb317-bfc7-4560-8de1-d9baea59de24.jpg",1280,630,false],"2048x2048":["https:\/\/portal.pi.gov.br\/seres\/wp-content\/uploads\/sites\/87\/2026\/03\/754cb317-bfc7-4560-8de1-d9baea59de24.jpg",1280,630,false],"homepage-slider":["https:\/\/portal.pi.gov.br\/seres\/wp-content\/uploads\/sites\/87\/2026\/03\/754cb317-bfc7-4560-8de1-d9baea59de24-1270x500.jpg",1270,500,true],"homepage-slider-small":["https:\/\/portal.pi.gov.br\/seres\/wp-content\/uploads\/sites\/87\/2026\/03\/754cb317-bfc7-4560-8de1-d9baea59de24-947x500.jpg",947,500,true],"page-top":["https:\/\/portal.pi.gov.br\/seres\/wp-content\/uploads\/sites\/87\/2026\/03\/754cb317-bfc7-4560-8de1-d9baea59de24-947x466.jpg",947,466,true],"page-small":["https:\/\/portal.pi.gov.br\/seres\/wp-content\/uploads\/sites\/87\/2026\/03\/754cb317-bfc7-4560-8de1-d9baea59de24-624x307.jpg",624,307,true],"loop-main":["https:\/\/portal.pi.gov.br\/seres\/wp-content\/uploads\/sites\/87\/2026\/03\/754cb317-bfc7-4560-8de1-d9baea59de24-365x240.jpg",365,240,true],"thumb-gallery-widget":["https:\/\/portal.pi.gov.br\/seres\/wp-content\/uploads\/sites\/87\/2026\/03\/754cb317-bfc7-4560-8de1-d9baea59de24-84x56.jpg",84,56,true]},"post_excerpt_stackable_v2":"<p>A programa\u00e7\u00e3o acontece de 23 a 27 de mar\u00e7o e re\u00fane debates, minicursos, reuni\u00f5es t\u00e9cnicas e a\u00e7\u00f5es educativas em diferentes espa\u00e7os de Teresina. A secret\u00e1ria das Rela\u00e7\u00f5es Sociais, N\u00fabia Lopes, participou na manh\u00e3 desta segunda-feira (23) da abertura da Semana da \u00c1gua 2026, promovida pela Secretaria de Meio Ambiente e Recursos H\u00eddricos do Piau\u00ed (Semarh), em alus\u00e3o ao Dia Mundial da \u00c1gua, celebrado no \u00faltimo domingo (22). Com o tema \u201c\u00c1gua e g\u00eanero: equidade, governan\u00e7a e sustentabilidade na gest\u00e3o dos recursos h\u00eddricos. Construindo um futuro com equidade\u201d, a programa\u00e7\u00e3o acontece de 23 a 27 de mar\u00e7o e re\u00fane debates, minicursos,&hellip;<\/p>\n","category_list_v2":"<a href=\"https:\/\/portal.pi.gov.br\/seres\/category\/noticias\/\" rel=\"category tag\">Not\u00edcias<\/a>","author_info_v2":{"name":"alineraquel","url":"https:\/\/portal.pi.gov.br\/seres\/author\/alineraquel\/"},"comments_num_v2":"0 coment\u00e1rio","jetpack_featured_media_url":"https:\/\/portal.pi.gov.br\/seres\/wp-content\/uploads\/sites\/87\/2026\/03\/754cb317-bfc7-4560-8de1-d9baea59de24.jpg","_links":{"self":[{"href":"https:\/\/portal.pi.gov.br\/seres\/wp-json\/wp\/v2\/posts\/6052"}],"collection":[{"href":"https:\/\/portal.pi.gov.br\/seres\/wp-json\/wp\/v2\/posts"}],"about":[{"href":"https:\/\/portal.pi.gov.br\/seres\/wp-json\/wp\/v2\/types\/post"}],"author":[{"embeddable":true,"href":"https:\/\/portal.pi.gov.br\/seres\/wp-json\/wp\/v2\/users\/1821"}],"replies":[{"embeddable":true,"href":"https:\/\/portal.pi.gov.br\/seres\/wp-json\/wp\/v2\/comments?post=6052"}],"version-history":[{"count":1,"href":"https:\/\/portal.pi.gov.br\/seres\/wp-json\/wp\/v2\/posts\/6052\/revisions"}],"predecessor-version":[{"id":6054,"href":"https:\/\/portal.pi.gov.br\/seres\/wp-json\/wp\/v2\/posts\/6052\/revisions\/6054"}],"wp:featuredmedia":[{"embeddable":true,"href":"https:\/\/portal.pi.gov.br\/seres\/wp-json\/wp\/v2\/media\/6053"}],"wp:attachment":[{"href":"https:\/\/portal.pi.gov.br\/seres\/wp-json\/wp\/v2\/media?parent=6052"}],"wp:term":[{"taxonomy":"category","embeddable":true,"href":"https:\/\/portal.pi.gov.br\/seres\/wp-json\/wp\/v2\/categories?post=6052"},{"taxonomy":"post_tag","embeddable":true,"href":"https:\/\/portal.pi.gov.br\/seres\/wp-json\/wp\/v2\/tags?post=6052"}],"curies":[{"name":"wp","href":"https:\/\/api.w.org\/{rel}","templated":true}]}}