{"id":6060,"date":"2026-03-24T10:40:29","date_gmt":"2026-03-24T13:40:29","guid":{"rendered":"https:\/\/portal.pi.gov.br\/seres\/?p=6060"},"modified":"2026-03-24T12:21:56","modified_gmt":"2026-03-24T15:21:56","slug":"inscricoes-para-composicao-do-confoco-pi-sao-prorrogadas-ate-8-de-abril","status":"publish","type":"post","link":"https:\/\/portal.pi.gov.br\/seres\/2026\/03\/24\/inscricoes-para-composicao-do-confoco-pi-sao-prorrogadas-ate-8-de-abril\/","title":{"rendered":"Inscri\u00e7\u00f5es para composi\u00e7\u00e3o do CONFOCO-PI s\u00e3o prorrogadas at\u00e9 8 de abril"},"content":{"rendered":"\n<p><\/p>\n\n\n\n<p>As inscri\u00e7\u00f5es para o Edital de Sele\u00e7\u00e3o n\u00ba 01\/2026, da Secretaria de Estado das Rela\u00e7\u00f5es Sociais (SERES), foram prorrogadas e agora seguem abertas at\u00e9 o dia 8 de abril de 2026. O processo visa selecionar organiza\u00e7\u00f5es da sociedade civil, redes e movimentos sociais para a primeira composi\u00e7\u00e3o do Conselho Estadual de Fomento e Colabora\u00e7\u00e3o (CONFOCO-PI).<\/p>\n\n\n\n<p>O CONFOCO-PI \u00e9 um \u00f3rg\u00e3o colegiado parit\u00e1rio, de natureza consultiva, criado com a finalidade de fortalecer as rela\u00e7\u00f5es de parceria entre a administra\u00e7\u00e3o p\u00fablica estadual e as organiza\u00e7\u00f5es da sociedade civil. Vinculado \u00e0 SERES, o conselho tamb\u00e9m atua na promo\u00e7\u00e3o de boas pr\u00e1ticas e no apoio \u00e0 formula\u00e7\u00e3o de pol\u00edticas p\u00fablicas voltadas ao setor.<\/p>\n\n\n\n<p>A prorroga\u00e7\u00e3o amplia o prazo inicialmente previsto e busca garantir maior participa\u00e7\u00e3o das entidades interessadas, fortalecendo a representatividade e o di\u00e1logo social no estado.<\/p>\n\n\n\n<h3 class=\"wp-block-heading\">Como se inscrever<\/h3>\n\n\n\n<p>As inscri\u00e7\u00f5es devem ser realizadas por meio da plataforma SIGRP, dispon\u00edvel no endere\u00e7o eletr\u00f4nico <a href=\"https:\/\/sigrp.pi.gov.br\/login\">https:\/\/sigrp.pi.gov.br\/login<\/a>.<\/p>\n\n\n\n<p>Ap\u00f3s o login, o interessado deve acessar a aba \u201cEditais de Chamamento P\u00fablico\u201d, localizar o \u201cEdital de Sele\u00e7\u00e3o n\u00ba 01\/2026 \u2013 SERES \u2013 CONFOCO-PI\u201d e clicar em \u201cEnvio de proposta\u201d. Em seguida, \u00e9 preciso preencher os requisitos e anexar a documenta\u00e7\u00e3o exigida no edital.<\/p>\n\n\n\n<p>Para participar, \u00e9 necess\u00e1rio que a organiza\u00e7\u00e3o esteja cadastrada no sistema. Caso ainda n\u00e3o possua cadastro, a entidade deve acessar a op\u00e7\u00e3o \u201cCadastrar nova OSC\u201d, preencher os dados solicitados e finalizar o registro.<\/p>\n\n\n\n<h3 class=\"wp-block-heading\">Fortalecimento das parcerias<\/h3>\n\n\n\n<p>A iniciativa integra as a\u00e7\u00f5es do Governo do Estado voltadas \u00e0 implementa\u00e7\u00e3o do regime jur\u00eddico das parcerias, conforme previsto na Lei Federal n\u00ba 13.019\/2014. A cria\u00e7\u00e3o do CONFOCO-PI representa um avan\u00e7o na institucionaliza\u00e7\u00e3o do di\u00e1logo entre o poder p\u00fablico e a sociedade civil organizada.<\/p>\n\n\n\n<p><a href=\"https:\/\/drive.google.com\/file\/d\/1Hb408TftOwoLGUHcm3vIcJDZR2CViKFX\/view?usp=sharing\" data-type=\"URL\" data-id=\"https:\/\/drive.google.com\/file\/d\/1Hb408TftOwoLGUHcm3vIcJDZR2CViKFX\/view?usp=sharing\">Edital Retificado <\/a><\/p>\n","protected":false},"excerpt":{"rendered":"<p>As inscri\u00e7\u00f5es para o Edital de Sele\u00e7\u00e3o n\u00ba 01\/2026, da Secretaria de Estado das Rela\u00e7\u00f5es Sociais (SERES), foram prorrogadas e agora seguem abertas at\u00e9 o dia 8 de abril de [&hellip;]<\/p>\n","protected":false},"author":1748,"featured_media":6064,"comment_status":"closed","ping_status":"closed","sticky":false,"template":"","format":"standard","meta":[],"categories":[35,34,1],"tags":[],"featured_image_urls":{"full":["https:\/\/portal.pi.gov.br\/seres\/wp-content\/uploads\/sites\/87\/2026\/03\/capa-scaled.jpg",2560,1843,false],"thumbnail":["https:\/\/portal.pi.gov.br\/seres\/wp-content\/uploads\/sites\/87\/2026\/03\/capa-150x150.jpg",150,150,true],"medium":["https:\/\/portal.pi.gov.br\/seres\/wp-content\/uploads\/sites\/87\/2026\/03\/capa-300x216.jpg",300,216,true],"medium_large":["https:\/\/portal.pi.gov.br\/seres\/wp-content\/uploads\/sites\/87\/2026\/03\/capa-768x553.jpg",768,553,true],"large":["https:\/\/portal.pi.gov.br\/seres\/wp-content\/uploads\/sites\/87\/2026\/03\/capa-1024x737.jpg",887,638,true],"sgg-420":["https:\/\/portal.pi.gov.br\/seres\/wp-content\/uploads\/sites\/87\/2026\/03\/capa-420x302.jpg",420,302,true],"sgg-540":["https:\/\/portal.pi.gov.br\/seres\/wp-content\/uploads\/sites\/87\/2026\/03\/capa-540x389.jpg",540,389,true],"sgg-780":["https:\/\/portal.pi.gov.br\/seres\/wp-content\/uploads\/sites\/87\/2026\/03\/capa-780x562.jpg",780,562,true],"1536x1536":["https:\/\/portal.pi.gov.br\/seres\/wp-content\/uploads\/sites\/87\/2026\/03\/capa-1536x1106.jpg",1536,1106,true],"2048x2048":["https:\/\/portal.pi.gov.br\/seres\/wp-content\/uploads\/sites\/87\/2026\/03\/capa-2048x1474.jpg",2048,1474,true],"homepage-slider":["https:\/\/portal.pi.gov.br\/seres\/wp-content\/uploads\/sites\/87\/2026\/03\/capa-1270x500.jpg",1270,500,true],"homepage-slider-small":["https:\/\/portal.pi.gov.br\/seres\/wp-content\/uploads\/sites\/87\/2026\/03\/capa-947x500.jpg",947,500,true],"page-top":["https:\/\/portal.pi.gov.br\/seres\/wp-content\/uploads\/sites\/87\/2026\/03\/capa-947x682.jpg",947,682,true],"page-small":["https:\/\/portal.pi.gov.br\/seres\/wp-content\/uploads\/sites\/87\/2026\/03\/capa-624x449.jpg",624,449,true],"loop-main":["https:\/\/portal.pi.gov.br\/seres\/wp-content\/uploads\/sites\/87\/2026\/03\/capa-365x240.jpg",365,240,true],"thumb-gallery-widget":["https:\/\/portal.pi.gov.br\/seres\/wp-content\/uploads\/sites\/87\/2026\/03\/capa-84x56.jpg",84,56,true]},"post_excerpt_stackable":"<p>As inscri\u00e7\u00f5es para o Edital de Sele\u00e7\u00e3o n\u00ba 01\/2026, da Secretaria de Estado das Rela\u00e7\u00f5es Sociais (SERES), foram prorrogadas e agora seguem abertas at\u00e9 o dia 8 de abril de 2026. O processo visa selecionar organiza\u00e7\u00f5es da sociedade civil, redes e movimentos sociais para a primeira composi\u00e7\u00e3o do Conselho Estadual de Fomento e Colabora\u00e7\u00e3o (CONFOCO-PI). O CONFOCO-PI \u00e9 um \u00f3rg\u00e3o colegiado parit\u00e1rio, de natureza consultiva, criado com a finalidade de fortalecer as rela\u00e7\u00f5es de parceria entre a administra\u00e7\u00e3o p\u00fablica estadual e as organiza\u00e7\u00f5es da sociedade civil. Vinculado \u00e0 SERES, o conselho tamb\u00e9m atua na promo\u00e7\u00e3o de boas pr\u00e1ticas e no&hellip;<\/p>\n","category_list":"<a href=\"https:\/\/portal.pi.gov.br\/seres\/category\/galeria-de-fotos\/\" rel=\"category tag\">Galeria de Fotos<\/a>, <a href=\"https:\/\/portal.pi.gov.br\/seres\/category\/noticias\/\" rel=\"category tag\">Not\u00edcias<\/a>, <a href=\"https:\/\/portal.pi.gov.br\/seres\/category\/sem-categoria\/\" rel=\"category tag\">Sem categoria<\/a>","author_info":{"name":"natalina","url":"https:\/\/portal.pi.gov.br\/seres\/author\/natalina\/"},"comments_num":"0 coment\u00e1rio","featured_image_urls_v2":{"full":["https:\/\/portal.pi.gov.br\/seres\/wp-content\/uploads\/sites\/87\/2026\/03\/capa-scaled.jpg",2560,1843,false],"thumbnail":["https:\/\/portal.pi.gov.br\/seres\/wp-content\/uploads\/sites\/87\/2026\/03\/capa-150x150.jpg",150,150,true],"medium":["https:\/\/portal.pi.gov.br\/seres\/wp-content\/uploads\/sites\/87\/2026\/03\/capa-300x216.jpg",300,216,true],"medium_large":["https:\/\/portal.pi.gov.br\/seres\/wp-content\/uploads\/sites\/87\/2026\/03\/capa-768x553.jpg",768,553,true],"large":["https:\/\/portal.pi.gov.br\/seres\/wp-content\/uploads\/sites\/87\/2026\/03\/capa-1024x737.jpg",887,638,true],"sgg-420":["https:\/\/portal.pi.gov.br\/seres\/wp-content\/uploads\/sites\/87\/2026\/03\/capa-420x302.jpg",420,302,true],"sgg-540":["https:\/\/portal.pi.gov.br\/seres\/wp-content\/uploads\/sites\/87\/2026\/03\/capa-540x389.jpg",540,389,true],"sgg-780":["https:\/\/portal.pi.gov.br\/seres\/wp-content\/uploads\/sites\/87\/2026\/03\/capa-780x562.jpg",780,562,true],"1536x1536":["https:\/\/portal.pi.gov.br\/seres\/wp-content\/uploads\/sites\/87\/2026\/03\/capa-1536x1106.jpg",1536,1106,true],"2048x2048":["https:\/\/portal.pi.gov.br\/seres\/wp-content\/uploads\/sites\/87\/2026\/03\/capa-2048x1474.jpg",2048,1474,true],"homepage-slider":["https:\/\/portal.pi.gov.br\/seres\/wp-content\/uploads\/sites\/87\/2026\/03\/capa-1270x500.jpg",1270,500,true],"homepage-slider-small":["https:\/\/portal.pi.gov.br\/seres\/wp-content\/uploads\/sites\/87\/2026\/03\/capa-947x500.jpg",947,500,true],"page-top":["https:\/\/portal.pi.gov.br\/seres\/wp-content\/uploads\/sites\/87\/2026\/03\/capa-947x682.jpg",947,682,true],"page-small":["https:\/\/portal.pi.gov.br\/seres\/wp-content\/uploads\/sites\/87\/2026\/03\/capa-624x449.jpg",624,449,true],"loop-main":["https:\/\/portal.pi.gov.br\/seres\/wp-content\/uploads\/sites\/87\/2026\/03\/capa-365x240.jpg",365,240,true],"thumb-gallery-widget":["https:\/\/portal.pi.gov.br\/seres\/wp-content\/uploads\/sites\/87\/2026\/03\/capa-84x56.jpg",84,56,true]},"post_excerpt_stackable_v2":"<p>As inscri\u00e7\u00f5es para o Edital de Sele\u00e7\u00e3o n\u00ba 01\/2026, da Secretaria de Estado das Rela\u00e7\u00f5es Sociais (SERES), foram prorrogadas e agora seguem abertas at\u00e9 o dia 8 de abril de 2026. O processo visa selecionar organiza\u00e7\u00f5es da sociedade civil, redes e movimentos sociais para a primeira composi\u00e7\u00e3o do Conselho Estadual de Fomento e Colabora\u00e7\u00e3o (CONFOCO-PI). O CONFOCO-PI \u00e9 um \u00f3rg\u00e3o colegiado parit\u00e1rio, de natureza consultiva, criado com a finalidade de fortalecer as rela\u00e7\u00f5es de parceria entre a administra\u00e7\u00e3o p\u00fablica estadual e as organiza\u00e7\u00f5es da sociedade civil. Vinculado \u00e0 SERES, o conselho tamb\u00e9m atua na promo\u00e7\u00e3o de boas pr\u00e1ticas e no&hellip;<\/p>\n","category_list_v2":"<a href=\"https:\/\/portal.pi.gov.br\/seres\/category\/galeria-de-fotos\/\" rel=\"category tag\">Galeria de Fotos<\/a>, <a href=\"https:\/\/portal.pi.gov.br\/seres\/category\/noticias\/\" rel=\"category tag\">Not\u00edcias<\/a>, <a href=\"https:\/\/portal.pi.gov.br\/seres\/category\/sem-categoria\/\" rel=\"category tag\">Sem categoria<\/a>","author_info_v2":{"name":"natalina","url":"https:\/\/portal.pi.gov.br\/seres\/author\/natalina\/"},"comments_num_v2":"0 coment\u00e1rio","jetpack_featured_media_url":"https:\/\/portal.pi.gov.br\/seres\/wp-content\/uploads\/sites\/87\/2026\/03\/capa-scaled.jpg","_links":{"self":[{"href":"https:\/\/portal.pi.gov.br\/seres\/wp-json\/wp\/v2\/posts\/6060"}],"collection":[{"href":"https:\/\/portal.pi.gov.br\/seres\/wp-json\/wp\/v2\/posts"}],"about":[{"href":"https:\/\/portal.pi.gov.br\/seres\/wp-json\/wp\/v2\/types\/post"}],"author":[{"embeddable":true,"href":"https:\/\/portal.pi.gov.br\/seres\/wp-json\/wp\/v2\/users\/1748"}],"replies":[{"embeddable":true,"href":"https:\/\/portal.pi.gov.br\/seres\/wp-json\/wp\/v2\/comments?post=6060"}],"version-history":[{"count":6,"href":"https:\/\/portal.pi.gov.br\/seres\/wp-json\/wp\/v2\/posts\/6060\/revisions"}],"predecessor-version":[{"id":6070,"href":"https:\/\/portal.pi.gov.br\/seres\/wp-json\/wp\/v2\/posts\/6060\/revisions\/6070"}],"wp:featuredmedia":[{"embeddable":true,"href":"https:\/\/portal.pi.gov.br\/seres\/wp-json\/wp\/v2\/media\/6064"}],"wp:attachment":[{"href":"https:\/\/portal.pi.gov.br\/seres\/wp-json\/wp\/v2\/media?parent=6060"}],"wp:term":[{"taxonomy":"category","embeddable":true,"href":"https:\/\/portal.pi.gov.br\/seres\/wp-json\/wp\/v2\/categories?post=6060"},{"taxonomy":"post_tag","embeddable":true,"href":"https:\/\/portal.pi.gov.br\/seres\/wp-json\/wp\/v2\/tags?post=6060"}],"curies":[{"name":"wp","href":"https:\/\/api.w.org\/{rel}","templated":true}]}}