{"id":6119,"date":"2026-03-27T19:00:00","date_gmt":"2026-03-27T22:00:00","guid":{"rendered":"https:\/\/portal.pi.gov.br\/seres\/?p=6119"},"modified":"2026-03-30T12:55:26","modified_gmt":"2026-03-30T15:55:26","slug":"seres-celebra-tradicional-procissao-de-bom-jesus-dos-passos-em-oeiras","status":"publish","type":"post","link":"https:\/\/portal.pi.gov.br\/seres\/2026\/03\/27\/seres-celebra-tradicional-procissao-de-bom-jesus-dos-passos-em-oeiras\/","title":{"rendered":"Seres celebra tradicional Prociss\u00e3o de Bom Jesus dos Passos em Oeiras"},"content":{"rendered":"\n<p>A prociss\u00e3o \u00e9 considerada Patrim\u00f4nio Cultural Imaterial do estado e atrai visitantes de diversas regi\u00f5es.<\/p>\n\n\n\n<figure class=\"wp-block-gallery has-nested-images columns-default is-cropped wp-block-gallery-1 is-layout-flex\">\n<figure class=\"wp-block-image size-large\"><img decoding=\"async\" loading=\"lazy\" width=\"1024\" height=\"768\" data-id=\"6107\"  src=\"https:\/\/portal.pi.gov.br\/seres\/wp-content\/uploads\/sites\/87\/2026\/03\/56c53122-8806-4f1f-8300-90764ffe2a7e-1024x768.jpg\" alt=\"\" class=\"wp-image-6107\" srcset=\"https:\/\/portal.pi.gov.br\/seres\/wp-content\/uploads\/sites\/87\/2026\/03\/56c53122-8806-4f1f-8300-90764ffe2a7e-1024x768.jpg 1024w, https:\/\/portal.pi.gov.br\/seres\/wp-content\/uploads\/sites\/87\/2026\/03\/56c53122-8806-4f1f-8300-90764ffe2a7e-300x225.jpg 300w, https:\/\/portal.pi.gov.br\/seres\/wp-content\/uploads\/sites\/87\/2026\/03\/56c53122-8806-4f1f-8300-90764ffe2a7e-768x576.jpg 768w, https:\/\/portal.pi.gov.br\/seres\/wp-content\/uploads\/sites\/87\/2026\/03\/56c53122-8806-4f1f-8300-90764ffe2a7e-420x315.jpg 420w, https:\/\/portal.pi.gov.br\/seres\/wp-content\/uploads\/sites\/87\/2026\/03\/56c53122-8806-4f1f-8300-90764ffe2a7e-540x405.jpg 540w, https:\/\/portal.pi.gov.br\/seres\/wp-content\/uploads\/sites\/87\/2026\/03\/56c53122-8806-4f1f-8300-90764ffe2a7e-780x585.jpg 780w, https:\/\/portal.pi.gov.br\/seres\/wp-content\/uploads\/sites\/87\/2026\/03\/56c53122-8806-4f1f-8300-90764ffe2a7e-947x710.jpg 947w, https:\/\/portal.pi.gov.br\/seres\/wp-content\/uploads\/sites\/87\/2026\/03\/56c53122-8806-4f1f-8300-90764ffe2a7e-624x468.jpg 624w, https:\/\/portal.pi.gov.br\/seres\/wp-content\/uploads\/sites\/87\/2026\/03\/56c53122-8806-4f1f-8300-90764ffe2a7e.jpg 1280w\" sizes=\"(max-width: 1024px) 100vw, 1024px\" \/><\/figure>\n\n\n\n<figure class=\"wp-block-image size-large\"><img decoding=\"async\" loading=\"lazy\" width=\"768\" height=\"1024\" data-id=\"6109\"  src=\"https:\/\/portal.pi.gov.br\/seres\/wp-content\/uploads\/sites\/87\/2026\/03\/510fc268-75df-4ec8-92b6-cb13f28ac136-768x1024.jpg\" alt=\"\" class=\"wp-image-6109\" srcset=\"https:\/\/portal.pi.gov.br\/seres\/wp-content\/uploads\/sites\/87\/2026\/03\/510fc268-75df-4ec8-92b6-cb13f28ac136-768x1024.jpg 768w, https:\/\/portal.pi.gov.br\/seres\/wp-content\/uploads\/sites\/87\/2026\/03\/510fc268-75df-4ec8-92b6-cb13f28ac136-225x300.jpg 225w, https:\/\/portal.pi.gov.br\/seres\/wp-content\/uploads\/sites\/87\/2026\/03\/510fc268-75df-4ec8-92b6-cb13f28ac136-315x420.jpg 315w, https:\/\/portal.pi.gov.br\/seres\/wp-content\/uploads\/sites\/87\/2026\/03\/510fc268-75df-4ec8-92b6-cb13f28ac136-405x540.jpg 405w, https:\/\/portal.pi.gov.br\/seres\/wp-content\/uploads\/sites\/87\/2026\/03\/510fc268-75df-4ec8-92b6-cb13f28ac136-585x780.jpg 585w, https:\/\/portal.pi.gov.br\/seres\/wp-content\/uploads\/sites\/87\/2026\/03\/510fc268-75df-4ec8-92b6-cb13f28ac136-947x1263.jpg 947w, https:\/\/portal.pi.gov.br\/seres\/wp-content\/uploads\/sites\/87\/2026\/03\/510fc268-75df-4ec8-92b6-cb13f28ac136-624x832.jpg 624w, https:\/\/portal.pi.gov.br\/seres\/wp-content\/uploads\/sites\/87\/2026\/03\/510fc268-75df-4ec8-92b6-cb13f28ac136.jpg 960w\" sizes=\"(max-width: 768px) 100vw, 768px\" \/><\/figure>\n<\/figure>\n\n\n\n<p><\/p>\n\n\n\n<p>A secret\u00e1ria de Rela\u00e7\u00f5es Sociais, N\u00fabia Lopes, participou, juntamente com a comitiva do governador Rafael Fonteles, nesta sexta-feira (27), da tradicional Prociss\u00e3o de Bom Jesus dos Passos, no munic\u00edpio de Oeiras. A celebra\u00e7\u00e3o reuniu centenas de fi\u00e9is em um dos momentos mais marcantes da religiosidade no estado.<\/p>\n\n\n\n<p>O cortejo percorreu as ruas hist\u00f3ricas da primeira capital piauiense ao lado de moradores, visitantes e autoridades locais. Marcada pela forte participa\u00e7\u00e3o popular, a prociss\u00e3o reuniu diferentes gera\u00e7\u00f5es em um ato coletivo de f\u00e9 e devo\u00e7\u00e3o.<\/p>\n\n\n\n<figure class=\"wp-block-gallery has-nested-images columns-default is-cropped wp-block-gallery-3 is-layout-flex\">\n<figure class=\"wp-block-image size-large\"><img decoding=\"async\" loading=\"lazy\" width=\"768\" height=\"1024\" data-id=\"6114\"  src=\"https:\/\/portal.pi.gov.br\/seres\/wp-content\/uploads\/sites\/87\/2026\/03\/91139b1a-262e-4318-a232-c77f9b67c379-768x1024.jpg\" alt=\"\" class=\"wp-image-6114\" srcset=\"https:\/\/portal.pi.gov.br\/seres\/wp-content\/uploads\/sites\/87\/2026\/03\/91139b1a-262e-4318-a232-c77f9b67c379-768x1024.jpg 768w, https:\/\/portal.pi.gov.br\/seres\/wp-content\/uploads\/sites\/87\/2026\/03\/91139b1a-262e-4318-a232-c77f9b67c379-225x300.jpg 225w, https:\/\/portal.pi.gov.br\/seres\/wp-content\/uploads\/sites\/87\/2026\/03\/91139b1a-262e-4318-a232-c77f9b67c379-315x420.jpg 315w, https:\/\/portal.pi.gov.br\/seres\/wp-content\/uploads\/sites\/87\/2026\/03\/91139b1a-262e-4318-a232-c77f9b67c379-405x540.jpg 405w, https:\/\/portal.pi.gov.br\/seres\/wp-content\/uploads\/sites\/87\/2026\/03\/91139b1a-262e-4318-a232-c77f9b67c379-585x780.jpg 585w, https:\/\/portal.pi.gov.br\/seres\/wp-content\/uploads\/sites\/87\/2026\/03\/91139b1a-262e-4318-a232-c77f9b67c379-947x1263.jpg 947w, https:\/\/portal.pi.gov.br\/seres\/wp-content\/uploads\/sites\/87\/2026\/03\/91139b1a-262e-4318-a232-c77f9b67c379-624x832.jpg 624w, https:\/\/portal.pi.gov.br\/seres\/wp-content\/uploads\/sites\/87\/2026\/03\/91139b1a-262e-4318-a232-c77f9b67c379.jpg 960w\" sizes=\"(max-width: 768px) 100vw, 768px\" \/><\/figure>\n\n\n\n<figure class=\"wp-block-image size-large\"><img decoding=\"async\" loading=\"lazy\" width=\"1024\" height=\"683\" data-id=\"6113\"  src=\"https:\/\/portal.pi.gov.br\/seres\/wp-content\/uploads\/sites\/87\/2026\/03\/9582d575-17d9-4488-8e23-2e829addf7e1-1024x683.jpg\" alt=\"\" class=\"wp-image-6113\" srcset=\"https:\/\/portal.pi.gov.br\/seres\/wp-content\/uploads\/sites\/87\/2026\/03\/9582d575-17d9-4488-8e23-2e829addf7e1-1024x683.jpg 1024w, https:\/\/portal.pi.gov.br\/seres\/wp-content\/uploads\/sites\/87\/2026\/03\/9582d575-17d9-4488-8e23-2e829addf7e1-300x200.jpg 300w, https:\/\/portal.pi.gov.br\/seres\/wp-content\/uploads\/sites\/87\/2026\/03\/9582d575-17d9-4488-8e23-2e829addf7e1-768x512.jpg 768w, https:\/\/portal.pi.gov.br\/seres\/wp-content\/uploads\/sites\/87\/2026\/03\/9582d575-17d9-4488-8e23-2e829addf7e1-420x280.jpg 420w, https:\/\/portal.pi.gov.br\/seres\/wp-content\/uploads\/sites\/87\/2026\/03\/9582d575-17d9-4488-8e23-2e829addf7e1-540x360.jpg 540w, https:\/\/portal.pi.gov.br\/seres\/wp-content\/uploads\/sites\/87\/2026\/03\/9582d575-17d9-4488-8e23-2e829addf7e1-780x520.jpg 780w, https:\/\/portal.pi.gov.br\/seres\/wp-content\/uploads\/sites\/87\/2026\/03\/9582d575-17d9-4488-8e23-2e829addf7e1-947x632.jpg 947w, https:\/\/portal.pi.gov.br\/seres\/wp-content\/uploads\/sites\/87\/2026\/03\/9582d575-17d9-4488-8e23-2e829addf7e1-624x416.jpg 624w, https:\/\/portal.pi.gov.br\/seres\/wp-content\/uploads\/sites\/87\/2026\/03\/9582d575-17d9-4488-8e23-2e829addf7e1-84x56.jpg 84w, https:\/\/portal.pi.gov.br\/seres\/wp-content\/uploads\/sites\/87\/2026\/03\/9582d575-17d9-4488-8e23-2e829addf7e1.jpg 1280w\" sizes=\"(max-width: 1024px) 100vw, 1024px\" \/><\/figure>\n\n\n\n<figure class=\"wp-block-image size-large\"><img decoding=\"async\" loading=\"lazy\" width=\"1024\" height=\"683\" data-id=\"6110\"  src=\"https:\/\/portal.pi.gov.br\/seres\/wp-content\/uploads\/sites\/87\/2026\/03\/712f8d8d-e683-4b38-94d3-e7380504ff7d-1024x683.jpg\" alt=\"\" class=\"wp-image-6110\" srcset=\"https:\/\/portal.pi.gov.br\/seres\/wp-content\/uploads\/sites\/87\/2026\/03\/712f8d8d-e683-4b38-94d3-e7380504ff7d-1024x683.jpg 1024w, https:\/\/portal.pi.gov.br\/seres\/wp-content\/uploads\/sites\/87\/2026\/03\/712f8d8d-e683-4b38-94d3-e7380504ff7d-300x200.jpg 300w, https:\/\/portal.pi.gov.br\/seres\/wp-content\/uploads\/sites\/87\/2026\/03\/712f8d8d-e683-4b38-94d3-e7380504ff7d-768x512.jpg 768w, https:\/\/portal.pi.gov.br\/seres\/wp-content\/uploads\/sites\/87\/2026\/03\/712f8d8d-e683-4b38-94d3-e7380504ff7d-420x280.jpg 420w, https:\/\/portal.pi.gov.br\/seres\/wp-content\/uploads\/sites\/87\/2026\/03\/712f8d8d-e683-4b38-94d3-e7380504ff7d-540x360.jpg 540w, https:\/\/portal.pi.gov.br\/seres\/wp-content\/uploads\/sites\/87\/2026\/03\/712f8d8d-e683-4b38-94d3-e7380504ff7d-780x520.jpg 780w, https:\/\/portal.pi.gov.br\/seres\/wp-content\/uploads\/sites\/87\/2026\/03\/712f8d8d-e683-4b38-94d3-e7380504ff7d-947x632.jpg 947w, https:\/\/portal.pi.gov.br\/seres\/wp-content\/uploads\/sites\/87\/2026\/03\/712f8d8d-e683-4b38-94d3-e7380504ff7d-624x416.jpg 624w, https:\/\/portal.pi.gov.br\/seres\/wp-content\/uploads\/sites\/87\/2026\/03\/712f8d8d-e683-4b38-94d3-e7380504ff7d-84x56.jpg 84w, https:\/\/portal.pi.gov.br\/seres\/wp-content\/uploads\/sites\/87\/2026\/03\/712f8d8d-e683-4b38-94d3-e7380504ff7d.jpg 1280w\" sizes=\"(max-width: 1024px) 100vw, 1024px\" \/><\/figure>\n<\/figure>\n\n\n\n<p><\/p>\n\n\n\n<p>Reconhecida pela relev\u00e2ncia hist\u00f3rica, a Prociss\u00e3o de Bom Jesus dos Passos \u00e9 uma das maiores manifesta\u00e7\u00f5es religiosas do Piau\u00ed. Desde 2021, \u00e9 considerada Patrim\u00f4nio Cultural Imaterial do estado e atrai visitantes de diversas regi\u00f5es, consolidando Oeiras como um importante destino de f\u00e9.<\/p>\n\n\n\n<p><\/p>\n\n\n\n<figure class=\"wp-block-gallery has-nested-images columns-default is-cropped wp-block-gallery-5 is-layout-flex\">\n<figure class=\"wp-block-image size-large\"><img decoding=\"async\" loading=\"lazy\" width=\"1024\" height=\"768\" data-id=\"6118\"  src=\"https:\/\/portal.pi.gov.br\/seres\/wp-content\/uploads\/sites\/87\/2026\/03\/f4d40d43-cee2-448a-8e94-7ddeee78be70-1024x768.jpg\" alt=\"\" class=\"wp-image-6118\" srcset=\"https:\/\/portal.pi.gov.br\/seres\/wp-content\/uploads\/sites\/87\/2026\/03\/f4d40d43-cee2-448a-8e94-7ddeee78be70-1024x768.jpg 1024w, https:\/\/portal.pi.gov.br\/seres\/wp-content\/uploads\/sites\/87\/2026\/03\/f4d40d43-cee2-448a-8e94-7ddeee78be70-300x225.jpg 300w, https:\/\/portal.pi.gov.br\/seres\/wp-content\/uploads\/sites\/87\/2026\/03\/f4d40d43-cee2-448a-8e94-7ddeee78be70-768x576.jpg 768w, https:\/\/portal.pi.gov.br\/seres\/wp-content\/uploads\/sites\/87\/2026\/03\/f4d40d43-cee2-448a-8e94-7ddeee78be70-420x315.jpg 420w, https:\/\/portal.pi.gov.br\/seres\/wp-content\/uploads\/sites\/87\/2026\/03\/f4d40d43-cee2-448a-8e94-7ddeee78be70-540x405.jpg 540w, https:\/\/portal.pi.gov.br\/seres\/wp-content\/uploads\/sites\/87\/2026\/03\/f4d40d43-cee2-448a-8e94-7ddeee78be70-780x585.jpg 780w, https:\/\/portal.pi.gov.br\/seres\/wp-content\/uploads\/sites\/87\/2026\/03\/f4d40d43-cee2-448a-8e94-7ddeee78be70-947x710.jpg 947w, https:\/\/portal.pi.gov.br\/seres\/wp-content\/uploads\/sites\/87\/2026\/03\/f4d40d43-cee2-448a-8e94-7ddeee78be70-624x468.jpg 624w, https:\/\/portal.pi.gov.br\/seres\/wp-content\/uploads\/sites\/87\/2026\/03\/f4d40d43-cee2-448a-8e94-7ddeee78be70.jpg 1280w\" sizes=\"(max-width: 1024px) 100vw, 1024px\" \/><\/figure>\n\n\n\n<figure class=\"wp-block-image size-large\"><img decoding=\"async\" loading=\"lazy\" width=\"1024\" height=\"683\" data-id=\"6117\"  src=\"https:\/\/portal.pi.gov.br\/seres\/wp-content\/uploads\/sites\/87\/2026\/03\/b318b0a0-c86c-471e-9ac0-80f1472ea522-1024x683.jpg\" alt=\"\" class=\"wp-image-6117\" srcset=\"https:\/\/portal.pi.gov.br\/seres\/wp-content\/uploads\/sites\/87\/2026\/03\/b318b0a0-c86c-471e-9ac0-80f1472ea522-1024x683.jpg 1024w, https:\/\/portal.pi.gov.br\/seres\/wp-content\/uploads\/sites\/87\/2026\/03\/b318b0a0-c86c-471e-9ac0-80f1472ea522-300x200.jpg 300w, https:\/\/portal.pi.gov.br\/seres\/wp-content\/uploads\/sites\/87\/2026\/03\/b318b0a0-c86c-471e-9ac0-80f1472ea522-768x512.jpg 768w, https:\/\/portal.pi.gov.br\/seres\/wp-content\/uploads\/sites\/87\/2026\/03\/b318b0a0-c86c-471e-9ac0-80f1472ea522-420x280.jpg 420w, https:\/\/portal.pi.gov.br\/seres\/wp-content\/uploads\/sites\/87\/2026\/03\/b318b0a0-c86c-471e-9ac0-80f1472ea522-540x360.jpg 540w, https:\/\/portal.pi.gov.br\/seres\/wp-content\/uploads\/sites\/87\/2026\/03\/b318b0a0-c86c-471e-9ac0-80f1472ea522-780x520.jpg 780w, https:\/\/portal.pi.gov.br\/seres\/wp-content\/uploads\/sites\/87\/2026\/03\/b318b0a0-c86c-471e-9ac0-80f1472ea522-947x632.jpg 947w, https:\/\/portal.pi.gov.br\/seres\/wp-content\/uploads\/sites\/87\/2026\/03\/b318b0a0-c86c-471e-9ac0-80f1472ea522-624x416.jpg 624w, https:\/\/portal.pi.gov.br\/seres\/wp-content\/uploads\/sites\/87\/2026\/03\/b318b0a0-c86c-471e-9ac0-80f1472ea522-84x56.jpg 84w, https:\/\/portal.pi.gov.br\/seres\/wp-content\/uploads\/sites\/87\/2026\/03\/b318b0a0-c86c-471e-9ac0-80f1472ea522.jpg 1280w\" sizes=\"(max-width: 1024px) 100vw, 1024px\" \/><\/figure>\n\n\n\n<figure class=\"wp-block-image size-large\"><img decoding=\"async\" loading=\"lazy\" width=\"1024\" height=\"768\" data-id=\"6116\"  src=\"https:\/\/portal.pi.gov.br\/seres\/wp-content\/uploads\/sites\/87\/2026\/03\/ad8516f6-fd62-45a2-a344-3465ca197a31-1024x768.jpg\" alt=\"\" class=\"wp-image-6116\" srcset=\"https:\/\/portal.pi.gov.br\/seres\/wp-content\/uploads\/sites\/87\/2026\/03\/ad8516f6-fd62-45a2-a344-3465ca197a31-1024x768.jpg 1024w, https:\/\/portal.pi.gov.br\/seres\/wp-content\/uploads\/sites\/87\/2026\/03\/ad8516f6-fd62-45a2-a344-3465ca197a31-300x225.jpg 300w, https:\/\/portal.pi.gov.br\/seres\/wp-content\/uploads\/sites\/87\/2026\/03\/ad8516f6-fd62-45a2-a344-3465ca197a31-768x576.jpg 768w, https:\/\/portal.pi.gov.br\/seres\/wp-content\/uploads\/sites\/87\/2026\/03\/ad8516f6-fd62-45a2-a344-3465ca197a31-420x315.jpg 420w, https:\/\/portal.pi.gov.br\/seres\/wp-content\/uploads\/sites\/87\/2026\/03\/ad8516f6-fd62-45a2-a344-3465ca197a31-540x405.jpg 540w, https:\/\/portal.pi.gov.br\/seres\/wp-content\/uploads\/sites\/87\/2026\/03\/ad8516f6-fd62-45a2-a344-3465ca197a31-780x585.jpg 780w, https:\/\/portal.pi.gov.br\/seres\/wp-content\/uploads\/sites\/87\/2026\/03\/ad8516f6-fd62-45a2-a344-3465ca197a31-947x710.jpg 947w, https:\/\/portal.pi.gov.br\/seres\/wp-content\/uploads\/sites\/87\/2026\/03\/ad8516f6-fd62-45a2-a344-3465ca197a31-624x468.jpg 624w, https:\/\/portal.pi.gov.br\/seres\/wp-content\/uploads\/sites\/87\/2026\/03\/ad8516f6-fd62-45a2-a344-3465ca197a31.jpg 1280w\" sizes=\"(max-width: 1024px) 100vw, 1024px\" \/><\/figure>\n\n\n\n<figure class=\"wp-block-image size-large\"><img decoding=\"async\" loading=\"lazy\" width=\"768\" height=\"1024\" data-id=\"6115\"  src=\"https:\/\/portal.pi.gov.br\/seres\/wp-content\/uploads\/sites\/87\/2026\/03\/a63c71a2-e59d-4257-9fad-f98449610030-768x1024.jpg\" alt=\"\" class=\"wp-image-6115\" srcset=\"https:\/\/portal.pi.gov.br\/seres\/wp-content\/uploads\/sites\/87\/2026\/03\/a63c71a2-e59d-4257-9fad-f98449610030-768x1024.jpg 768w, https:\/\/portal.pi.gov.br\/seres\/wp-content\/uploads\/sites\/87\/2026\/03\/a63c71a2-e59d-4257-9fad-f98449610030-225x300.jpg 225w, https:\/\/portal.pi.gov.br\/seres\/wp-content\/uploads\/sites\/87\/2026\/03\/a63c71a2-e59d-4257-9fad-f98449610030-315x420.jpg 315w, https:\/\/portal.pi.gov.br\/seres\/wp-content\/uploads\/sites\/87\/2026\/03\/a63c71a2-e59d-4257-9fad-f98449610030-405x540.jpg 405w, https:\/\/portal.pi.gov.br\/seres\/wp-content\/uploads\/sites\/87\/2026\/03\/a63c71a2-e59d-4257-9fad-f98449610030-585x780.jpg 585w, https:\/\/portal.pi.gov.br\/seres\/wp-content\/uploads\/sites\/87\/2026\/03\/a63c71a2-e59d-4257-9fad-f98449610030-947x1263.jpg 947w, https:\/\/portal.pi.gov.br\/seres\/wp-content\/uploads\/sites\/87\/2026\/03\/a63c71a2-e59d-4257-9fad-f98449610030-624x832.jpg 624w, https:\/\/portal.pi.gov.br\/seres\/wp-content\/uploads\/sites\/87\/2026\/03\/a63c71a2-e59d-4257-9fad-f98449610030.jpg 960w\" sizes=\"(max-width: 768px) 100vw, 768px\" \/><\/figure>\n\n\n\n<figure class=\"wp-block-image size-large\"><img decoding=\"async\" loading=\"lazy\" width=\"768\" height=\"1024\" data-id=\"6112\"  src=\"https:\/\/portal.pi.gov.br\/seres\/wp-content\/uploads\/sites\/87\/2026\/03\/2921aa9a-5ddd-4a04-9084-6f94df151477-768x1024.jpg\" alt=\"\" class=\"wp-image-6112\" srcset=\"https:\/\/portal.pi.gov.br\/seres\/wp-content\/uploads\/sites\/87\/2026\/03\/2921aa9a-5ddd-4a04-9084-6f94df151477-768x1024.jpg 768w, https:\/\/portal.pi.gov.br\/seres\/wp-content\/uploads\/sites\/87\/2026\/03\/2921aa9a-5ddd-4a04-9084-6f94df151477-225x300.jpg 225w, https:\/\/portal.pi.gov.br\/seres\/wp-content\/uploads\/sites\/87\/2026\/03\/2921aa9a-5ddd-4a04-9084-6f94df151477-315x420.jpg 315w, https:\/\/portal.pi.gov.br\/seres\/wp-content\/uploads\/sites\/87\/2026\/03\/2921aa9a-5ddd-4a04-9084-6f94df151477-405x540.jpg 405w, https:\/\/portal.pi.gov.br\/seres\/wp-content\/uploads\/sites\/87\/2026\/03\/2921aa9a-5ddd-4a04-9084-6f94df151477-585x780.jpg 585w, https:\/\/portal.pi.gov.br\/seres\/wp-content\/uploads\/sites\/87\/2026\/03\/2921aa9a-5ddd-4a04-9084-6f94df151477-947x1263.jpg 947w, https:\/\/portal.pi.gov.br\/seres\/wp-content\/uploads\/sites\/87\/2026\/03\/2921aa9a-5ddd-4a04-9084-6f94df151477-624x832.jpg 624w, https:\/\/portal.pi.gov.br\/seres\/wp-content\/uploads\/sites\/87\/2026\/03\/2921aa9a-5ddd-4a04-9084-6f94df151477.jpg 960w\" sizes=\"(max-width: 768px) 100vw, 768px\" \/><\/figure>\n\n\n\n<figure class=\"wp-block-image size-large\"><img decoding=\"async\" loading=\"lazy\" width=\"819\" height=\"1024\" data-id=\"6108\"  src=\"https:\/\/portal.pi.gov.br\/seres\/wp-content\/uploads\/sites\/87\/2026\/03\/57b486f7-dc1c-4827-8965-e7b5d42a874a-819x1024.jpg\" alt=\"\" class=\"wp-image-6108\" srcset=\"https:\/\/portal.pi.gov.br\/seres\/wp-content\/uploads\/sites\/87\/2026\/03\/57b486f7-dc1c-4827-8965-e7b5d42a874a-819x1024.jpg 819w, https:\/\/portal.pi.gov.br\/seres\/wp-content\/uploads\/sites\/87\/2026\/03\/57b486f7-dc1c-4827-8965-e7b5d42a874a-240x300.jpg 240w, https:\/\/portal.pi.gov.br\/seres\/wp-content\/uploads\/sites\/87\/2026\/03\/57b486f7-dc1c-4827-8965-e7b5d42a874a-768x960.jpg 768w, https:\/\/portal.pi.gov.br\/seres\/wp-content\/uploads\/sites\/87\/2026\/03\/57b486f7-dc1c-4827-8965-e7b5d42a874a-336x420.jpg 336w, https:\/\/portal.pi.gov.br\/seres\/wp-content\/uploads\/sites\/87\/2026\/03\/57b486f7-dc1c-4827-8965-e7b5d42a874a-432x540.jpg 432w, https:\/\/portal.pi.gov.br\/seres\/wp-content\/uploads\/sites\/87\/2026\/03\/57b486f7-dc1c-4827-8965-e7b5d42a874a-624x780.jpg 624w, https:\/\/portal.pi.gov.br\/seres\/wp-content\/uploads\/sites\/87\/2026\/03\/57b486f7-dc1c-4827-8965-e7b5d42a874a-947x1184.jpg 947w, https:\/\/portal.pi.gov.br\/seres\/wp-content\/uploads\/sites\/87\/2026\/03\/57b486f7-dc1c-4827-8965-e7b5d42a874a.jpg 1024w\" sizes=\"(max-width: 819px) 100vw, 819px\" \/><\/figure>\n\n\n\n<figure class=\"wp-block-image size-large\"><img decoding=\"async\" loading=\"lazy\" width=\"1024\" height=\"768\" data-id=\"6106\"  src=\"https:\/\/portal.pi.gov.br\/seres\/wp-content\/uploads\/sites\/87\/2026\/03\/9a9d35a6-eee7-4fc7-bad5-706595951a6d-1024x768.jpg\" alt=\"\" class=\"wp-image-6106\" srcset=\"https:\/\/portal.pi.gov.br\/seres\/wp-content\/uploads\/sites\/87\/2026\/03\/9a9d35a6-eee7-4fc7-bad5-706595951a6d-1024x768.jpg 1024w, https:\/\/portal.pi.gov.br\/seres\/wp-content\/uploads\/sites\/87\/2026\/03\/9a9d35a6-eee7-4fc7-bad5-706595951a6d-300x225.jpg 300w, https:\/\/portal.pi.gov.br\/seres\/wp-content\/uploads\/sites\/87\/2026\/03\/9a9d35a6-eee7-4fc7-bad5-706595951a6d-768x576.jpg 768w, https:\/\/portal.pi.gov.br\/seres\/wp-content\/uploads\/sites\/87\/2026\/03\/9a9d35a6-eee7-4fc7-bad5-706595951a6d-420x315.jpg 420w, https:\/\/portal.pi.gov.br\/seres\/wp-content\/uploads\/sites\/87\/2026\/03\/9a9d35a6-eee7-4fc7-bad5-706595951a6d-540x405.jpg 540w, https:\/\/portal.pi.gov.br\/seres\/wp-content\/uploads\/sites\/87\/2026\/03\/9a9d35a6-eee7-4fc7-bad5-706595951a6d-780x585.jpg 780w, https:\/\/portal.pi.gov.br\/seres\/wp-content\/uploads\/sites\/87\/2026\/03\/9a9d35a6-eee7-4fc7-bad5-706595951a6d-947x710.jpg 947w, https:\/\/portal.pi.gov.br\/seres\/wp-content\/uploads\/sites\/87\/2026\/03\/9a9d35a6-eee7-4fc7-bad5-706595951a6d-624x468.jpg 624w, https:\/\/portal.pi.gov.br\/seres\/wp-content\/uploads\/sites\/87\/2026\/03\/9a9d35a6-eee7-4fc7-bad5-706595951a6d.jpg 1280w\" sizes=\"(max-width: 1024px) 100vw, 1024px\" \/><\/figure>\n\n\n\n<figure class=\"wp-block-image size-large\"><img decoding=\"async\" loading=\"lazy\" width=\"1024\" height=\"768\" data-id=\"6105\"  src=\"https:\/\/portal.pi.gov.br\/seres\/wp-content\/uploads\/sites\/87\/2026\/03\/5f727e09-9db3-4f5b-821f-0c9843adb6ca-1024x768.jpg\" alt=\"\" class=\"wp-image-6105\" srcset=\"https:\/\/portal.pi.gov.br\/seres\/wp-content\/uploads\/sites\/87\/2026\/03\/5f727e09-9db3-4f5b-821f-0c9843adb6ca-1024x768.jpg 1024w, https:\/\/portal.pi.gov.br\/seres\/wp-content\/uploads\/sites\/87\/2026\/03\/5f727e09-9db3-4f5b-821f-0c9843adb6ca-300x225.jpg 300w, https:\/\/portal.pi.gov.br\/seres\/wp-content\/uploads\/sites\/87\/2026\/03\/5f727e09-9db3-4f5b-821f-0c9843adb6ca-768x576.jpg 768w, https:\/\/portal.pi.gov.br\/seres\/wp-content\/uploads\/sites\/87\/2026\/03\/5f727e09-9db3-4f5b-821f-0c9843adb6ca-420x315.jpg 420w, https:\/\/portal.pi.gov.br\/seres\/wp-content\/uploads\/sites\/87\/2026\/03\/5f727e09-9db3-4f5b-821f-0c9843adb6ca-540x405.jpg 540w, https:\/\/portal.pi.gov.br\/seres\/wp-content\/uploads\/sites\/87\/2026\/03\/5f727e09-9db3-4f5b-821f-0c9843adb6ca-780x585.jpg 780w, https:\/\/portal.pi.gov.br\/seres\/wp-content\/uploads\/sites\/87\/2026\/03\/5f727e09-9db3-4f5b-821f-0c9843adb6ca-947x710.jpg 947w, https:\/\/portal.pi.gov.br\/seres\/wp-content\/uploads\/sites\/87\/2026\/03\/5f727e09-9db3-4f5b-821f-0c9843adb6ca-624x468.jpg 624w, https:\/\/portal.pi.gov.br\/seres\/wp-content\/uploads\/sites\/87\/2026\/03\/5f727e09-9db3-4f5b-821f-0c9843adb6ca.jpg 1280w\" sizes=\"(max-width: 1024px) 100vw, 1024px\" \/><\/figure>\n<\/figure>\n\n\n\n<p><\/p>\n\n\n\n<p>Fotos: Natalina Alves<\/p>\n","protected":false},"excerpt":{"rendered":"<p>A prociss\u00e3o \u00e9 considerada Patrim\u00f4nio Cultural Imaterial do estado e atrai visitantes de diversas regi\u00f5es. A secret\u00e1ria de Rela\u00e7\u00f5es Sociais, N\u00fabia Lopes, participou, juntamente com a comitiva do governador Rafael [&hellip;]<\/p>\n","protected":false},"author":1821,"featured_media":6120,"comment_status":"closed","ping_status":"closed","sticky":true,"template":"","format":"standard","meta":[],"categories":[34],"tags":[],"featured_image_urls":{"full":["https:\/\/portal.pi.gov.br\/seres\/wp-content\/uploads\/sites\/87\/2026\/03\/321953ab-c47b-4b2e-ad22-074bd097e6e3.jpg",1280,501,false],"thumbnail":["https:\/\/portal.pi.gov.br\/seres\/wp-content\/uploads\/sites\/87\/2026\/03\/321953ab-c47b-4b2e-ad22-074bd097e6e3-150x150.jpg",150,150,true],"medium":["https:\/\/portal.pi.gov.br\/seres\/wp-content\/uploads\/sites\/87\/2026\/03\/321953ab-c47b-4b2e-ad22-074bd097e6e3-300x117.jpg",300,117,true],"medium_large":["https:\/\/portal.pi.gov.br\/seres\/wp-content\/uploads\/sites\/87\/2026\/03\/321953ab-c47b-4b2e-ad22-074bd097e6e3-768x301.jpg",768,301,true],"large":["https:\/\/portal.pi.gov.br\/seres\/wp-content\/uploads\/sites\/87\/2026\/03\/321953ab-c47b-4b2e-ad22-074bd097e6e3-1024x401.jpg",887,347,true],"sgg-420":["https:\/\/portal.pi.gov.br\/seres\/wp-content\/uploads\/sites\/87\/2026\/03\/321953ab-c47b-4b2e-ad22-074bd097e6e3-420x164.jpg",420,164,true],"sgg-540":["https:\/\/portal.pi.gov.br\/seres\/wp-content\/uploads\/sites\/87\/2026\/03\/321953ab-c47b-4b2e-ad22-074bd097e6e3-540x211.jpg",540,211,true],"sgg-780":["https:\/\/portal.pi.gov.br\/seres\/wp-content\/uploads\/sites\/87\/2026\/03\/321953ab-c47b-4b2e-ad22-074bd097e6e3-780x305.jpg",780,305,true],"1536x1536":["https:\/\/portal.pi.gov.br\/seres\/wp-content\/uploads\/sites\/87\/2026\/03\/321953ab-c47b-4b2e-ad22-074bd097e6e3.jpg",1280,501,false],"2048x2048":["https:\/\/portal.pi.gov.br\/seres\/wp-content\/uploads\/sites\/87\/2026\/03\/321953ab-c47b-4b2e-ad22-074bd097e6e3.jpg",1280,501,false],"homepage-slider":["https:\/\/portal.pi.gov.br\/seres\/wp-content\/uploads\/sites\/87\/2026\/03\/321953ab-c47b-4b2e-ad22-074bd097e6e3-1270x500.jpg",1270,500,true],"homepage-slider-small":["https:\/\/portal.pi.gov.br\/seres\/wp-content\/uploads\/sites\/87\/2026\/03\/321953ab-c47b-4b2e-ad22-074bd097e6e3-947x500.jpg",947,500,true],"page-top":["https:\/\/portal.pi.gov.br\/seres\/wp-content\/uploads\/sites\/87\/2026\/03\/321953ab-c47b-4b2e-ad22-074bd097e6e3-947x371.jpg",947,371,true],"page-small":["https:\/\/portal.pi.gov.br\/seres\/wp-content\/uploads\/sites\/87\/2026\/03\/321953ab-c47b-4b2e-ad22-074bd097e6e3-624x244.jpg",624,244,true],"loop-main":["https:\/\/portal.pi.gov.br\/seres\/wp-content\/uploads\/sites\/87\/2026\/03\/321953ab-c47b-4b2e-ad22-074bd097e6e3-365x240.jpg",365,240,true],"thumb-gallery-widget":["https:\/\/portal.pi.gov.br\/seres\/wp-content\/uploads\/sites\/87\/2026\/03\/321953ab-c47b-4b2e-ad22-074bd097e6e3-84x56.jpg",84,56,true]},"post_excerpt_stackable":"<p>A prociss\u00e3o \u00e9 considerada Patrim\u00f4nio Cultural Imaterial do estado e atrai visitantes de diversas regi\u00f5es. A secret\u00e1ria de Rela\u00e7\u00f5es Sociais, N\u00fabia Lopes, participou, juntamente com a comitiva do governador Rafael Fonteles, nesta sexta-feira (27), da tradicional Prociss\u00e3o de Bom Jesus dos Passos, no munic\u00edpio de Oeiras. A celebra\u00e7\u00e3o reuniu centenas de fi\u00e9is em um dos momentos mais marcantes da religiosidade no estado. O cortejo percorreu as ruas hist\u00f3ricas da primeira capital piauiense ao lado de moradores, visitantes e autoridades locais. Marcada pela forte participa\u00e7\u00e3o popular, a prociss\u00e3o reuniu diferentes gera\u00e7\u00f5es em um ato coletivo de f\u00e9 e devo\u00e7\u00e3o. Reconhecida pela&hellip;<\/p>\n","category_list":"<a href=\"https:\/\/portal.pi.gov.br\/seres\/category\/noticias\/\" rel=\"category tag\">Not\u00edcias<\/a>","author_info":{"name":"alineraquel","url":"https:\/\/portal.pi.gov.br\/seres\/author\/alineraquel\/"},"comments_num":"0 coment\u00e1rio","featured_image_urls_v2":{"full":["https:\/\/portal.pi.gov.br\/seres\/wp-content\/uploads\/sites\/87\/2026\/03\/321953ab-c47b-4b2e-ad22-074bd097e6e3.jpg",1280,501,false],"thumbnail":["https:\/\/portal.pi.gov.br\/seres\/wp-content\/uploads\/sites\/87\/2026\/03\/321953ab-c47b-4b2e-ad22-074bd097e6e3-150x150.jpg",150,150,true],"medium":["https:\/\/portal.pi.gov.br\/seres\/wp-content\/uploads\/sites\/87\/2026\/03\/321953ab-c47b-4b2e-ad22-074bd097e6e3-300x117.jpg",300,117,true],"medium_large":["https:\/\/portal.pi.gov.br\/seres\/wp-content\/uploads\/sites\/87\/2026\/03\/321953ab-c47b-4b2e-ad22-074bd097e6e3-768x301.jpg",768,301,true],"large":["https:\/\/portal.pi.gov.br\/seres\/wp-content\/uploads\/sites\/87\/2026\/03\/321953ab-c47b-4b2e-ad22-074bd097e6e3-1024x401.jpg",887,347,true],"sgg-420":["https:\/\/portal.pi.gov.br\/seres\/wp-content\/uploads\/sites\/87\/2026\/03\/321953ab-c47b-4b2e-ad22-074bd097e6e3-420x164.jpg",420,164,true],"sgg-540":["https:\/\/portal.pi.gov.br\/seres\/wp-content\/uploads\/sites\/87\/2026\/03\/321953ab-c47b-4b2e-ad22-074bd097e6e3-540x211.jpg",540,211,true],"sgg-780":["https:\/\/portal.pi.gov.br\/seres\/wp-content\/uploads\/sites\/87\/2026\/03\/321953ab-c47b-4b2e-ad22-074bd097e6e3-780x305.jpg",780,305,true],"1536x1536":["https:\/\/portal.pi.gov.br\/seres\/wp-content\/uploads\/sites\/87\/2026\/03\/321953ab-c47b-4b2e-ad22-074bd097e6e3.jpg",1280,501,false],"2048x2048":["https:\/\/portal.pi.gov.br\/seres\/wp-content\/uploads\/sites\/87\/2026\/03\/321953ab-c47b-4b2e-ad22-074bd097e6e3.jpg",1280,501,false],"homepage-slider":["https:\/\/portal.pi.gov.br\/seres\/wp-content\/uploads\/sites\/87\/2026\/03\/321953ab-c47b-4b2e-ad22-074bd097e6e3-1270x500.jpg",1270,500,true],"homepage-slider-small":["https:\/\/portal.pi.gov.br\/seres\/wp-content\/uploads\/sites\/87\/2026\/03\/321953ab-c47b-4b2e-ad22-074bd097e6e3-947x500.jpg",947,500,true],"page-top":["https:\/\/portal.pi.gov.br\/seres\/wp-content\/uploads\/sites\/87\/2026\/03\/321953ab-c47b-4b2e-ad22-074bd097e6e3-947x371.jpg",947,371,true],"page-small":["https:\/\/portal.pi.gov.br\/seres\/wp-content\/uploads\/sites\/87\/2026\/03\/321953ab-c47b-4b2e-ad22-074bd097e6e3-624x244.jpg",624,244,true],"loop-main":["https:\/\/portal.pi.gov.br\/seres\/wp-content\/uploads\/sites\/87\/2026\/03\/321953ab-c47b-4b2e-ad22-074bd097e6e3-365x240.jpg",365,240,true],"thumb-gallery-widget":["https:\/\/portal.pi.gov.br\/seres\/wp-content\/uploads\/sites\/87\/2026\/03\/321953ab-c47b-4b2e-ad22-074bd097e6e3-84x56.jpg",84,56,true]},"post_excerpt_stackable_v2":"<p>A prociss\u00e3o \u00e9 considerada Patrim\u00f4nio Cultural Imaterial do estado e atrai visitantes de diversas regi\u00f5es. A secret\u00e1ria de Rela\u00e7\u00f5es Sociais, N\u00fabia Lopes, participou, juntamente com a comitiva do governador Rafael Fonteles, nesta sexta-feira (27), da tradicional Prociss\u00e3o de Bom Jesus dos Passos, no munic\u00edpio de Oeiras. A celebra\u00e7\u00e3o reuniu centenas de fi\u00e9is em um dos momentos mais marcantes da religiosidade no estado. O cortejo percorreu as ruas hist\u00f3ricas da primeira capital piauiense ao lado de moradores, visitantes e autoridades locais. Marcada pela forte participa\u00e7\u00e3o popular, a prociss\u00e3o reuniu diferentes gera\u00e7\u00f5es em um ato coletivo de f\u00e9 e devo\u00e7\u00e3o. Reconhecida pela&hellip;<\/p>\n","category_list_v2":"<a href=\"https:\/\/portal.pi.gov.br\/seres\/category\/noticias\/\" rel=\"category tag\">Not\u00edcias<\/a>","author_info_v2":{"name":"alineraquel","url":"https:\/\/portal.pi.gov.br\/seres\/author\/alineraquel\/"},"comments_num_v2":"0 coment\u00e1rio","jetpack_featured_media_url":"https:\/\/portal.pi.gov.br\/seres\/wp-content\/uploads\/sites\/87\/2026\/03\/321953ab-c47b-4b2e-ad22-074bd097e6e3.jpg","_links":{"self":[{"href":"https:\/\/portal.pi.gov.br\/seres\/wp-json\/wp\/v2\/posts\/6119"}],"collection":[{"href":"https:\/\/portal.pi.gov.br\/seres\/wp-json\/wp\/v2\/posts"}],"about":[{"href":"https:\/\/portal.pi.gov.br\/seres\/wp-json\/wp\/v2\/types\/post"}],"author":[{"embeddable":true,"href":"https:\/\/portal.pi.gov.br\/seres\/wp-json\/wp\/v2\/users\/1821"}],"replies":[{"embeddable":true,"href":"https:\/\/portal.pi.gov.br\/seres\/wp-json\/wp\/v2\/comments?post=6119"}],"version-history":[{"count":1,"href":"https:\/\/portal.pi.gov.br\/seres\/wp-json\/wp\/v2\/posts\/6119\/revisions"}],"predecessor-version":[{"id":6121,"href":"https:\/\/portal.pi.gov.br\/seres\/wp-json\/wp\/v2\/posts\/6119\/revisions\/6121"}],"wp:featuredmedia":[{"embeddable":true,"href":"https:\/\/portal.pi.gov.br\/seres\/wp-json\/wp\/v2\/media\/6120"}],"wp:attachment":[{"href":"https:\/\/portal.pi.gov.br\/seres\/wp-json\/wp\/v2\/media?parent=6119"}],"wp:term":[{"taxonomy":"category","embeddable":true,"href":"https:\/\/portal.pi.gov.br\/seres\/wp-json\/wp\/v2\/categories?post=6119"},{"taxonomy":"post_tag","embeddable":true,"href":"https:\/\/portal.pi.gov.br\/seres\/wp-json\/wp\/v2\/tags?post=6119"}],"curies":[{"name":"wp","href":"https:\/\/api.w.org\/{rel}","templated":true}]}}