{"id":6179,"date":"2026-04-01T16:00:00","date_gmt":"2026-04-01T19:00:00","guid":{"rendered":"https:\/\/portal.pi.gov.br\/seres\/?p=6179"},"modified":"2026-04-06T16:08:48","modified_gmt":"2026-04-06T19:08:48","slug":"governo-debate-reforco-da-protecao-a-defensores-de-direitos-humanos-em-reuniao-com-representantes-do-ppddh","status":"publish","type":"post","link":"https:\/\/portal.pi.gov.br\/seres\/2026\/04\/01\/governo-debate-reforco-da-protecao-a-defensores-de-direitos-humanos-em-reuniao-com-representantes-do-ppddh\/","title":{"rendered":"Governo debate refor\u00e7o da prote\u00e7\u00e3o a defensores de direitos humanos em reuni\u00e3o com representantes do PPDDH"},"content":{"rendered":"\n<p>Encontro discutiu avan\u00e7os e desafios do Programa de Prote\u00e7\u00e3o a defensores, comunicadores e ambientalistas no Brasil.<\/p>\n\n\n\n<figure class=\"wp-block-image size-large\"><img decoding=\"async\" loading=\"lazy\" width=\"1024\" height=\"768\" src=\"https:\/\/portal.pi.gov.br\/seres\/wp-content\/uploads\/sites\/87\/2026\/04\/72515d7c-545f-4c25-a025-741140bea582-1024x768.jpg\" alt=\"\" class=\"wp-image-6177\" srcset=\"https:\/\/portal.pi.gov.br\/seres\/wp-content\/uploads\/sites\/87\/2026\/04\/72515d7c-545f-4c25-a025-741140bea582-1024x768.jpg 1024w, https:\/\/portal.pi.gov.br\/seres\/wp-content\/uploads\/sites\/87\/2026\/04\/72515d7c-545f-4c25-a025-741140bea582-300x225.jpg 300w, https:\/\/portal.pi.gov.br\/seres\/wp-content\/uploads\/sites\/87\/2026\/04\/72515d7c-545f-4c25-a025-741140bea582-768x576.jpg 768w, https:\/\/portal.pi.gov.br\/seres\/wp-content\/uploads\/sites\/87\/2026\/04\/72515d7c-545f-4c25-a025-741140bea582-420x315.jpg 420w, https:\/\/portal.pi.gov.br\/seres\/wp-content\/uploads\/sites\/87\/2026\/04\/72515d7c-545f-4c25-a025-741140bea582-540x405.jpg 540w, https:\/\/portal.pi.gov.br\/seres\/wp-content\/uploads\/sites\/87\/2026\/04\/72515d7c-545f-4c25-a025-741140bea582-780x585.jpg 780w, https:\/\/portal.pi.gov.br\/seres\/wp-content\/uploads\/sites\/87\/2026\/04\/72515d7c-545f-4c25-a025-741140bea582-947x710.jpg 947w, https:\/\/portal.pi.gov.br\/seres\/wp-content\/uploads\/sites\/87\/2026\/04\/72515d7c-545f-4c25-a025-741140bea582-624x468.jpg 624w, https:\/\/portal.pi.gov.br\/seres\/wp-content\/uploads\/sites\/87\/2026\/04\/72515d7c-545f-4c25-a025-741140bea582.jpg 1280w\" sizes=\"(max-width: 1024px) 100vw, 1024px\" \/><\/figure>\n\n\n\n<p><\/p>\n\n\n\n<p>Nesta quarta-feira (1\u00ba) a secret\u00e1ria de Rela\u00e7\u00f5es Sociais, N\u00fabia Lopes, participou de uma reuni\u00e3o com representantes do Programa de Prote\u00e7\u00e3o aos Defensores de Direitos Humanos, Comunicadores e Ambientalistas (PPDDH), pol\u00edtica p\u00fablica que visa garantir seguran\u00e7a e apoio a pessoas que atuam na defesa de direitos fundamentais no Brasil.<\/p>\n\n\n\n<p>O PPDDH foi institu\u00eddo em 2004 pelo Minist\u00e9rio dos Direitos Humanos e da Cidadania e \u00e9 uma das principais estrat\u00e9gias do Estado brasileiro para proteger quem enfrenta amea\u00e7as, persegui\u00e7\u00f5es ou viol\u00eancia decorrentes de suas atua\u00e7\u00f5es em prol dos direitos humanos, da liberdade de express\u00e3o e da preserva\u00e7\u00e3o ambiental.<\/p>\n\n\n\n<p>A pol\u00edtica p\u00fablica reconhece como benefici\u00e1rios defensores de direitos humanos, comunicadores e ambientalistas que, em raz\u00e3o de sua atua\u00e7\u00e3o, estejam em situa\u00e7\u00e3o de risco ou vulnerabilidade. Isso inclui pessoas, grupos e organiza\u00e7\u00f5es que promovem direitos sociais, culturais, coletivos ou ambientais \u2014 independentemente de forma\u00e7\u00e3o institucional ou v\u00ednculo profissional.<\/p>\n\n\n\n<p>Durante o encontro, foram discutidos pontos importantes como medidas de prote\u00e7\u00e3o adaptadas \u00e0s realidades locais, a import\u00e2ncia da articula\u00e7\u00e3o entre inst\u00e2ncias federais e estaduais e estrat\u00e9gias para ampliar a visibilidade e o acesso ao programa. A reuni\u00e3o tamb\u00e9m refor\u00e7ou a necessidade de fortalecer as redes de prote\u00e7\u00e3o e mecanismos de preven\u00e7\u00e3o de amea\u00e7as, especialmente em contextos onde defensores e comunicadores enfrentam riscos maiores.<\/p>\n\n\n\n<p>Entre as poss\u00edveis medidas do PPDDH est\u00e3o acompanhamento t\u00e9cnico, apoio jur\u00eddico e psicol\u00f3gico, orienta\u00e7\u00e3o em autoprote\u00e7\u00e3o e articula\u00e7\u00e3o institucional para garantir respostas r\u00e1pidas a situa\u00e7\u00f5es de risco \u2014 com alternativas que podem incluir desde apoio log\u00edstico at\u00e9 realoca\u00e7\u00e3o tempor\u00e1ria quando necess\u00e1rio.<\/p>\n\n\n\n<p>Segundo o programa, a prote\u00e7\u00e3o \u00e9 executada tanto em \u00e2mbito federal quanto nos estados onde h\u00e1 programas estaduais espec\u00edficos, com conv\u00eanios que possibilitam uma atua\u00e7\u00e3o descentralizada. Nos estados onde n\u00e3o h\u00e1 programa pr\u00f3prio, o atendimento \u00e9 feito por uma equipe t\u00e9cnica federal.<\/p>\n\n\n\n<p>A participa\u00e7\u00e3o da Seres em parceria com o programa, representada pela secret\u00e1ria N\u00fabia Lopes, demonstra o compromisso institucional do Governo do Piau\u00ed com a seguran\u00e7a de quem luta por direitos e dignidade, al\u00e9m de refor\u00e7ar a import\u00e2ncia de pol\u00edticas que garantam condi\u00e7\u00f5es seguras e cont\u00ednuas para o exerc\u00edcio de atividades fundamentais \u00e0 democracia e ao desenvolvimento sustent\u00e1vel.<\/p>\n\n\n\n<p>\u201cRecebemos aqui na Secretaria de Rela\u00e7\u00f5es Sociais a equipe do programa de prote\u00e7\u00e3o \u00e0 lideran\u00e7as que atuam na defesa dos direitos humanos, da vida das pessoas que atuam em prote\u00e7\u00e3o ao meio ambiente, em prote\u00e7\u00e3o aos seus territ\u00f3rios. No encontro, n\u00f3s fizemos um alinhamento de informa\u00e7\u00f5es acerca das lideran\u00e7as que est\u00e3o sendo acompanhadas pelo programa aqui no estado do Piau\u00ed. Na oportunidade, reafirmamos o compromisso do governador Rafael Fonteles no cuidado com as lideran\u00e7as, para que elas possam ter as suas vidas asseguradas e possam tamb\u00e9m viver e se desenvolver nos seus territ\u00f3rios. N\u00f3s estamos trabalhando em rede com secretarias de estado, com as organiza\u00e7\u00f5es da sociedade civil e com o Minist\u00e9rio dos Direitos Humanos\u201d, destacou a secret\u00e1ria N\u00fabia Lopes.<\/p>\n\n\n\n<figure class=\"wp-block-gallery has-nested-images columns-default is-cropped wp-block-gallery-1 is-layout-flex\">\n<figure class=\"wp-block-image size-large\"><img decoding=\"async\" loading=\"lazy\" width=\"1024\" height=\"768\" data-id=\"6178\"  src=\"https:\/\/portal.pi.gov.br\/seres\/wp-content\/uploads\/sites\/87\/2026\/04\/a414842e-1abd-4715-8551-17e810e0dd6a-1-1024x768.jpg\" alt=\"\" class=\"wp-image-6178\" srcset=\"https:\/\/portal.pi.gov.br\/seres\/wp-content\/uploads\/sites\/87\/2026\/04\/a414842e-1abd-4715-8551-17e810e0dd6a-1-1024x768.jpg 1024w, https:\/\/portal.pi.gov.br\/seres\/wp-content\/uploads\/sites\/87\/2026\/04\/a414842e-1abd-4715-8551-17e810e0dd6a-1-300x225.jpg 300w, https:\/\/portal.pi.gov.br\/seres\/wp-content\/uploads\/sites\/87\/2026\/04\/a414842e-1abd-4715-8551-17e810e0dd6a-1-768x576.jpg 768w, https:\/\/portal.pi.gov.br\/seres\/wp-content\/uploads\/sites\/87\/2026\/04\/a414842e-1abd-4715-8551-17e810e0dd6a-1-420x315.jpg 420w, https:\/\/portal.pi.gov.br\/seres\/wp-content\/uploads\/sites\/87\/2026\/04\/a414842e-1abd-4715-8551-17e810e0dd6a-1-540x405.jpg 540w, https:\/\/portal.pi.gov.br\/seres\/wp-content\/uploads\/sites\/87\/2026\/04\/a414842e-1abd-4715-8551-17e810e0dd6a-1-780x585.jpg 780w, https:\/\/portal.pi.gov.br\/seres\/wp-content\/uploads\/sites\/87\/2026\/04\/a414842e-1abd-4715-8551-17e810e0dd6a-1-947x710.jpg 947w, https:\/\/portal.pi.gov.br\/seres\/wp-content\/uploads\/sites\/87\/2026\/04\/a414842e-1abd-4715-8551-17e810e0dd6a-1-624x468.jpg 624w, https:\/\/portal.pi.gov.br\/seres\/wp-content\/uploads\/sites\/87\/2026\/04\/a414842e-1abd-4715-8551-17e810e0dd6a-1.jpg 1280w\" sizes=\"(max-width: 1024px) 100vw, 1024px\" \/><\/figure>\n\n\n\n<figure class=\"wp-block-image size-large\"><img decoding=\"async\" loading=\"lazy\" width=\"1024\" height=\"768\" data-id=\"6176\"  src=\"https:\/\/portal.pi.gov.br\/seres\/wp-content\/uploads\/sites\/87\/2026\/04\/936cab09-9cba-460c-980b-98e03747e325-1024x768.jpg\" alt=\"\" class=\"wp-image-6176\" srcset=\"https:\/\/portal.pi.gov.br\/seres\/wp-content\/uploads\/sites\/87\/2026\/04\/936cab09-9cba-460c-980b-98e03747e325-1024x768.jpg 1024w, https:\/\/portal.pi.gov.br\/seres\/wp-content\/uploads\/sites\/87\/2026\/04\/936cab09-9cba-460c-980b-98e03747e325-300x225.jpg 300w, https:\/\/portal.pi.gov.br\/seres\/wp-content\/uploads\/sites\/87\/2026\/04\/936cab09-9cba-460c-980b-98e03747e325-768x576.jpg 768w, https:\/\/portal.pi.gov.br\/seres\/wp-content\/uploads\/sites\/87\/2026\/04\/936cab09-9cba-460c-980b-98e03747e325-420x315.jpg 420w, https:\/\/portal.pi.gov.br\/seres\/wp-content\/uploads\/sites\/87\/2026\/04\/936cab09-9cba-460c-980b-98e03747e325-540x405.jpg 540w, https:\/\/portal.pi.gov.br\/seres\/wp-content\/uploads\/sites\/87\/2026\/04\/936cab09-9cba-460c-980b-98e03747e325-780x585.jpg 780w, https:\/\/portal.pi.gov.br\/seres\/wp-content\/uploads\/sites\/87\/2026\/04\/936cab09-9cba-460c-980b-98e03747e325-947x710.jpg 947w, https:\/\/portal.pi.gov.br\/seres\/wp-content\/uploads\/sites\/87\/2026\/04\/936cab09-9cba-460c-980b-98e03747e325-624x468.jpg 624w, https:\/\/portal.pi.gov.br\/seres\/wp-content\/uploads\/sites\/87\/2026\/04\/936cab09-9cba-460c-980b-98e03747e325.jpg 1280w\" sizes=\"(max-width: 1024px) 100vw, 1024px\" \/><\/figure>\n\n\n\n<figure class=\"wp-block-image size-large\"><img decoding=\"async\" loading=\"lazy\" width=\"1024\" height=\"768\" data-id=\"6175\"  src=\"https:\/\/portal.pi.gov.br\/seres\/wp-content\/uploads\/sites\/87\/2026\/04\/449e990d-bb20-4212-8175-ce672f2f2bba-1024x768.jpg\" alt=\"\" class=\"wp-image-6175\" srcset=\"https:\/\/portal.pi.gov.br\/seres\/wp-content\/uploads\/sites\/87\/2026\/04\/449e990d-bb20-4212-8175-ce672f2f2bba-1024x768.jpg 1024w, https:\/\/portal.pi.gov.br\/seres\/wp-content\/uploads\/sites\/87\/2026\/04\/449e990d-bb20-4212-8175-ce672f2f2bba-300x225.jpg 300w, https:\/\/portal.pi.gov.br\/seres\/wp-content\/uploads\/sites\/87\/2026\/04\/449e990d-bb20-4212-8175-ce672f2f2bba-768x576.jpg 768w, https:\/\/portal.pi.gov.br\/seres\/wp-content\/uploads\/sites\/87\/2026\/04\/449e990d-bb20-4212-8175-ce672f2f2bba-420x315.jpg 420w, https:\/\/portal.pi.gov.br\/seres\/wp-content\/uploads\/sites\/87\/2026\/04\/449e990d-bb20-4212-8175-ce672f2f2bba-540x405.jpg 540w, https:\/\/portal.pi.gov.br\/seres\/wp-content\/uploads\/sites\/87\/2026\/04\/449e990d-bb20-4212-8175-ce672f2f2bba-780x585.jpg 780w, https:\/\/portal.pi.gov.br\/seres\/wp-content\/uploads\/sites\/87\/2026\/04\/449e990d-bb20-4212-8175-ce672f2f2bba-947x710.jpg 947w, https:\/\/portal.pi.gov.br\/seres\/wp-content\/uploads\/sites\/87\/2026\/04\/449e990d-bb20-4212-8175-ce672f2f2bba-624x468.jpg 624w, https:\/\/portal.pi.gov.br\/seres\/wp-content\/uploads\/sites\/87\/2026\/04\/449e990d-bb20-4212-8175-ce672f2f2bba.jpg 1280w\" sizes=\"(max-width: 1024px) 100vw, 1024px\" \/><\/figure>\n<\/figure>\n\n\n\n<p><\/p>\n\n\n\n<p><strong>PPDDH<\/strong><\/p>\n\n\n\n<p>O Programa de Prote\u00e7\u00e3o aos Defensores de Direitos Humanos, Comunicadores e Ambientalistas \u00e9 uma pol\u00edtica p\u00fablica do governo federal que busca oferecer prote\u00e7\u00e3o e apoio a pessoas que, em decorr\u00eancia de sua atua\u00e7\u00e3o pela defesa de direitos humanos, liberdade de express\u00e3o ou meio ambiente, enfrentam amea\u00e7as ou risco \u00e0 integridade f\u00edsica e psicol\u00f3gica.<\/p>\n\n\n\n<p>A iniciativa foi consolidada no ordenamento jur\u00eddico brasileiro pela Pol\u00edtica Nacional de Prote\u00e7\u00e3o aos Defensores dos Direitos Humanos, Comunicadores e Ambientalistas e conta com comit\u00eas deliberativos e inst\u00e2ncias t\u00e9cnicas respons\u00e1veis pela avalia\u00e7\u00e3o de casos e defini\u00e7\u00e3o de medidas protetivas.<\/p>\n","protected":false},"excerpt":{"rendered":"<p>Encontro discutiu avan\u00e7os e desafios do Programa de Prote\u00e7\u00e3o a defensores, comunicadores e ambientalistas no Brasil. Nesta quarta-feira (1\u00ba) a secret\u00e1ria de Rela\u00e7\u00f5es Sociais, N\u00fabia Lopes, participou de uma reuni\u00e3o [&hellip;]<\/p>\n","protected":false},"author":1821,"featured_media":6176,"comment_status":"closed","ping_status":"closed","sticky":true,"template":"","format":"standard","meta":[],"categories":[34],"tags":[],"featured_image_urls":{"full":["https:\/\/portal.pi.gov.br\/seres\/wp-content\/uploads\/sites\/87\/2026\/04\/936cab09-9cba-460c-980b-98e03747e325.jpg",1280,960,false],"thumbnail":["https:\/\/portal.pi.gov.br\/seres\/wp-content\/uploads\/sites\/87\/2026\/04\/936cab09-9cba-460c-980b-98e03747e325-150x150.jpg",150,150,true],"medium":["https:\/\/portal.pi.gov.br\/seres\/wp-content\/uploads\/sites\/87\/2026\/04\/936cab09-9cba-460c-980b-98e03747e325-300x225.jpg",300,225,true],"medium_large":["https:\/\/portal.pi.gov.br\/seres\/wp-content\/uploads\/sites\/87\/2026\/04\/936cab09-9cba-460c-980b-98e03747e325-768x576.jpg",768,576,true],"large":["https:\/\/portal.pi.gov.br\/seres\/wp-content\/uploads\/sites\/87\/2026\/04\/936cab09-9cba-460c-980b-98e03747e325-1024x768.jpg",887,665,true],"sgg-420":["https:\/\/portal.pi.gov.br\/seres\/wp-content\/uploads\/sites\/87\/2026\/04\/936cab09-9cba-460c-980b-98e03747e325-420x315.jpg",420,315,true],"sgg-540":["https:\/\/portal.pi.gov.br\/seres\/wp-content\/uploads\/sites\/87\/2026\/04\/936cab09-9cba-460c-980b-98e03747e325-540x405.jpg",540,405,true],"sgg-780":["https:\/\/portal.pi.gov.br\/seres\/wp-content\/uploads\/sites\/87\/2026\/04\/936cab09-9cba-460c-980b-98e03747e325-780x585.jpg",780,585,true],"1536x1536":["https:\/\/portal.pi.gov.br\/seres\/wp-content\/uploads\/sites\/87\/2026\/04\/936cab09-9cba-460c-980b-98e03747e325.jpg",1280,960,false],"2048x2048":["https:\/\/portal.pi.gov.br\/seres\/wp-content\/uploads\/sites\/87\/2026\/04\/936cab09-9cba-460c-980b-98e03747e325.jpg",1280,960,false],"homepage-slider":["https:\/\/portal.pi.gov.br\/seres\/wp-content\/uploads\/sites\/87\/2026\/04\/936cab09-9cba-460c-980b-98e03747e325-1270x500.jpg",1270,500,true],"homepage-slider-small":["https:\/\/portal.pi.gov.br\/seres\/wp-content\/uploads\/sites\/87\/2026\/04\/936cab09-9cba-460c-980b-98e03747e325-947x500.jpg",947,500,true],"page-top":["https:\/\/portal.pi.gov.br\/seres\/wp-content\/uploads\/sites\/87\/2026\/04\/936cab09-9cba-460c-980b-98e03747e325-947x710.jpg",947,710,true],"page-small":["https:\/\/portal.pi.gov.br\/seres\/wp-content\/uploads\/sites\/87\/2026\/04\/936cab09-9cba-460c-980b-98e03747e325-624x468.jpg",624,468,true],"loop-main":["https:\/\/portal.pi.gov.br\/seres\/wp-content\/uploads\/sites\/87\/2026\/04\/936cab09-9cba-460c-980b-98e03747e325-365x240.jpg",365,240,true],"thumb-gallery-widget":["https:\/\/portal.pi.gov.br\/seres\/wp-content\/uploads\/sites\/87\/2026\/04\/936cab09-9cba-460c-980b-98e03747e325-84x56.jpg",84,56,true]},"post_excerpt_stackable":"<p>Encontro discutiu avan\u00e7os e desafios do Programa de Prote\u00e7\u00e3o a defensores, comunicadores e ambientalistas no Brasil. Nesta quarta-feira (1\u00ba) a secret\u00e1ria de Rela\u00e7\u00f5es Sociais, N\u00fabia Lopes, participou de uma reuni\u00e3o com representantes do Programa de Prote\u00e7\u00e3o aos Defensores de Direitos Humanos, Comunicadores e Ambientalistas (PPDDH), pol\u00edtica p\u00fablica que visa garantir seguran\u00e7a e apoio a pessoas que atuam na defesa de direitos fundamentais no Brasil. O PPDDH foi institu\u00eddo em 2004 pelo Minist\u00e9rio dos Direitos Humanos e da Cidadania e \u00e9 uma das principais estrat\u00e9gias do Estado brasileiro para proteger quem enfrenta amea\u00e7as, persegui\u00e7\u00f5es ou viol\u00eancia decorrentes de suas atua\u00e7\u00f5es em&hellip;<\/p>\n","category_list":"<a href=\"https:\/\/portal.pi.gov.br\/seres\/category\/noticias\/\" rel=\"category tag\">Not\u00edcias<\/a>","author_info":{"name":"alineraquel","url":"https:\/\/portal.pi.gov.br\/seres\/author\/alineraquel\/"},"comments_num":"0 coment\u00e1rio","featured_image_urls_v2":{"full":["https:\/\/portal.pi.gov.br\/seres\/wp-content\/uploads\/sites\/87\/2026\/04\/936cab09-9cba-460c-980b-98e03747e325.jpg",1280,960,false],"thumbnail":["https:\/\/portal.pi.gov.br\/seres\/wp-content\/uploads\/sites\/87\/2026\/04\/936cab09-9cba-460c-980b-98e03747e325-150x150.jpg",150,150,true],"medium":["https:\/\/portal.pi.gov.br\/seres\/wp-content\/uploads\/sites\/87\/2026\/04\/936cab09-9cba-460c-980b-98e03747e325-300x225.jpg",300,225,true],"medium_large":["https:\/\/portal.pi.gov.br\/seres\/wp-content\/uploads\/sites\/87\/2026\/04\/936cab09-9cba-460c-980b-98e03747e325-768x576.jpg",768,576,true],"large":["https:\/\/portal.pi.gov.br\/seres\/wp-content\/uploads\/sites\/87\/2026\/04\/936cab09-9cba-460c-980b-98e03747e325-1024x768.jpg",887,665,true],"sgg-420":["https:\/\/portal.pi.gov.br\/seres\/wp-content\/uploads\/sites\/87\/2026\/04\/936cab09-9cba-460c-980b-98e03747e325-420x315.jpg",420,315,true],"sgg-540":["https:\/\/portal.pi.gov.br\/seres\/wp-content\/uploads\/sites\/87\/2026\/04\/936cab09-9cba-460c-980b-98e03747e325-540x405.jpg",540,405,true],"sgg-780":["https:\/\/portal.pi.gov.br\/seres\/wp-content\/uploads\/sites\/87\/2026\/04\/936cab09-9cba-460c-980b-98e03747e325-780x585.jpg",780,585,true],"1536x1536":["https:\/\/portal.pi.gov.br\/seres\/wp-content\/uploads\/sites\/87\/2026\/04\/936cab09-9cba-460c-980b-98e03747e325.jpg",1280,960,false],"2048x2048":["https:\/\/portal.pi.gov.br\/seres\/wp-content\/uploads\/sites\/87\/2026\/04\/936cab09-9cba-460c-980b-98e03747e325.jpg",1280,960,false],"homepage-slider":["https:\/\/portal.pi.gov.br\/seres\/wp-content\/uploads\/sites\/87\/2026\/04\/936cab09-9cba-460c-980b-98e03747e325-1270x500.jpg",1270,500,true],"homepage-slider-small":["https:\/\/portal.pi.gov.br\/seres\/wp-content\/uploads\/sites\/87\/2026\/04\/936cab09-9cba-460c-980b-98e03747e325-947x500.jpg",947,500,true],"page-top":["https:\/\/portal.pi.gov.br\/seres\/wp-content\/uploads\/sites\/87\/2026\/04\/936cab09-9cba-460c-980b-98e03747e325-947x710.jpg",947,710,true],"page-small":["https:\/\/portal.pi.gov.br\/seres\/wp-content\/uploads\/sites\/87\/2026\/04\/936cab09-9cba-460c-980b-98e03747e325-624x468.jpg",624,468,true],"loop-main":["https:\/\/portal.pi.gov.br\/seres\/wp-content\/uploads\/sites\/87\/2026\/04\/936cab09-9cba-460c-980b-98e03747e325-365x240.jpg",365,240,true],"thumb-gallery-widget":["https:\/\/portal.pi.gov.br\/seres\/wp-content\/uploads\/sites\/87\/2026\/04\/936cab09-9cba-460c-980b-98e03747e325-84x56.jpg",84,56,true]},"post_excerpt_stackable_v2":"<p>Encontro discutiu avan\u00e7os e desafios do Programa de Prote\u00e7\u00e3o a defensores, comunicadores e ambientalistas no Brasil. Nesta quarta-feira (1\u00ba) a secret\u00e1ria de Rela\u00e7\u00f5es Sociais, N\u00fabia Lopes, participou de uma reuni\u00e3o com representantes do Programa de Prote\u00e7\u00e3o aos Defensores de Direitos Humanos, Comunicadores e Ambientalistas (PPDDH), pol\u00edtica p\u00fablica que visa garantir seguran\u00e7a e apoio a pessoas que atuam na defesa de direitos fundamentais no Brasil. O PPDDH foi institu\u00eddo em 2004 pelo Minist\u00e9rio dos Direitos Humanos e da Cidadania e \u00e9 uma das principais estrat\u00e9gias do Estado brasileiro para proteger quem enfrenta amea\u00e7as, persegui\u00e7\u00f5es ou viol\u00eancia decorrentes de suas atua\u00e7\u00f5es em&hellip;<\/p>\n","category_list_v2":"<a href=\"https:\/\/portal.pi.gov.br\/seres\/category\/noticias\/\" rel=\"category tag\">Not\u00edcias<\/a>","author_info_v2":{"name":"alineraquel","url":"https:\/\/portal.pi.gov.br\/seres\/author\/alineraquel\/"},"comments_num_v2":"0 coment\u00e1rio","jetpack_featured_media_url":"https:\/\/portal.pi.gov.br\/seres\/wp-content\/uploads\/sites\/87\/2026\/04\/936cab09-9cba-460c-980b-98e03747e325.jpg","_links":{"self":[{"href":"https:\/\/portal.pi.gov.br\/seres\/wp-json\/wp\/v2\/posts\/6179"}],"collection":[{"href":"https:\/\/portal.pi.gov.br\/seres\/wp-json\/wp\/v2\/posts"}],"about":[{"href":"https:\/\/portal.pi.gov.br\/seres\/wp-json\/wp\/v2\/types\/post"}],"author":[{"embeddable":true,"href":"https:\/\/portal.pi.gov.br\/seres\/wp-json\/wp\/v2\/users\/1821"}],"replies":[{"embeddable":true,"href":"https:\/\/portal.pi.gov.br\/seres\/wp-json\/wp\/v2\/comments?post=6179"}],"version-history":[{"count":1,"href":"https:\/\/portal.pi.gov.br\/seres\/wp-json\/wp\/v2\/posts\/6179\/revisions"}],"predecessor-version":[{"id":6180,"href":"https:\/\/portal.pi.gov.br\/seres\/wp-json\/wp\/v2\/posts\/6179\/revisions\/6180"}],"wp:featuredmedia":[{"embeddable":true,"href":"https:\/\/portal.pi.gov.br\/seres\/wp-json\/wp\/v2\/media\/6176"}],"wp:attachment":[{"href":"https:\/\/portal.pi.gov.br\/seres\/wp-json\/wp\/v2\/media?parent=6179"}],"wp:term":[{"taxonomy":"category","embeddable":true,"href":"https:\/\/portal.pi.gov.br\/seres\/wp-json\/wp\/v2\/categories?post=6179"},{"taxonomy":"post_tag","embeddable":true,"href":"https:\/\/portal.pi.gov.br\/seres\/wp-json\/wp\/v2\/tags?post=6179"}],"curies":[{"name":"wp","href":"https:\/\/api.w.org\/{rel}","templated":true}]}}