{"id":6193,"date":"2026-04-13T15:36:24","date_gmt":"2026-04-13T18:36:24","guid":{"rendered":"https:\/\/portal.pi.gov.br\/seres\/?p=6193"},"modified":"2026-04-13T15:36:25","modified_gmt":"2026-04-13T18:36:25","slug":"seres-conduz-reunioes-estrategicas-para-alinhamento-e-execucao-das-obras-do-opa","status":"publish","type":"post","link":"https:\/\/portal.pi.gov.br\/seres\/2026\/04\/13\/seres-conduz-reunioes-estrategicas-para-alinhamento-e-execucao-das-obras-do-opa\/","title":{"rendered":"SERES conduz reuni\u00f5es estrat\u00e9gicas para alinhamento e execu\u00e7\u00e3o das obras do OPA"},"content":{"rendered":"\n<figure class=\"wp-block-image size-large\"><img decoding=\"async\" loading=\"lazy\" width=\"1024\" height=\"768\" src=\"https:\/\/portal.pi.gov.br\/seres\/wp-content\/uploads\/sites\/87\/2026\/04\/a4d99695-6c9c-4b28-af73-69ea19ad7f0c-1024x768.jpg\" alt=\"\" class=\"wp-image-6188\" srcset=\"https:\/\/portal.pi.gov.br\/seres\/wp-content\/uploads\/sites\/87\/2026\/04\/a4d99695-6c9c-4b28-af73-69ea19ad7f0c-1024x768.jpg 1024w, https:\/\/portal.pi.gov.br\/seres\/wp-content\/uploads\/sites\/87\/2026\/04\/a4d99695-6c9c-4b28-af73-69ea19ad7f0c-300x225.jpg 300w, https:\/\/portal.pi.gov.br\/seres\/wp-content\/uploads\/sites\/87\/2026\/04\/a4d99695-6c9c-4b28-af73-69ea19ad7f0c-768x576.jpg 768w, https:\/\/portal.pi.gov.br\/seres\/wp-content\/uploads\/sites\/87\/2026\/04\/a4d99695-6c9c-4b28-af73-69ea19ad7f0c-420x315.jpg 420w, https:\/\/portal.pi.gov.br\/seres\/wp-content\/uploads\/sites\/87\/2026\/04\/a4d99695-6c9c-4b28-af73-69ea19ad7f0c-540x405.jpg 540w, https:\/\/portal.pi.gov.br\/seres\/wp-content\/uploads\/sites\/87\/2026\/04\/a4d99695-6c9c-4b28-af73-69ea19ad7f0c-780x585.jpg 780w, https:\/\/portal.pi.gov.br\/seres\/wp-content\/uploads\/sites\/87\/2026\/04\/a4d99695-6c9c-4b28-af73-69ea19ad7f0c-947x710.jpg 947w, https:\/\/portal.pi.gov.br\/seres\/wp-content\/uploads\/sites\/87\/2026\/04\/a4d99695-6c9c-4b28-af73-69ea19ad7f0c-624x468.jpg 624w, https:\/\/portal.pi.gov.br\/seres\/wp-content\/uploads\/sites\/87\/2026\/04\/a4d99695-6c9c-4b28-af73-69ea19ad7f0c.jpg 1280w\" sizes=\"(max-width: 1024px) 100vw, 1024px\" \/><\/figure>\n\n\n\n<p><\/p>\n\n\n\n<p>A Secretaria de Estado das Rela\u00e7\u00f5es Sociais (SERES) iniciou a semana com uma intensa agenda de reuni\u00f5es estrat\u00e9gicas voltadas ao acompanhamento e \u00e0 execu\u00e7\u00e3o das obras do Or\u00e7amento Participativo (OPA), no \u00e2mbito do cronograma previsto para o per\u00edodo de 2023 a 2026.<\/p>\n\n\n\n<p>Nesta segunda-feira (13), ao longo do dia, a SERES esteve \u00e0 frente das discuss\u00f5es, refor\u00e7ando seu papel de articula\u00e7\u00e3o entre os \u00f3rg\u00e3os envolvidos e garantindo o alinhamento necess\u00e1rio para o avan\u00e7o das a\u00e7\u00f5es. As reuni\u00f5es foram realizadas na Secretaria do Planejamento (SEPLAN), e contaram com a participa\u00e7\u00e3o e coordena\u00e7\u00e3o da secret\u00e1ria de Rela\u00e7\u00f5es Sociais, N\u00fabia Lopes, da secret\u00e1ria da Secretaria das Cidades (SECID), Maria Vilani, da superintendente Adriane Arruda, e das diretoras Enia J\u00e9ssica e Juciara Linhares. Na ocasi\u00e3o, foram debatidos pontos essenciais relacionados ao cronograma e \u00e0 execu\u00e7\u00e3o das obras.<\/p>\n\n\n\n<figure class=\"wp-block-image size-large\"><img decoding=\"async\" loading=\"lazy\" width=\"1024\" height=\"768\" src=\"https:\/\/portal.pi.gov.br\/seres\/wp-content\/uploads\/sites\/87\/2026\/04\/1d994607-09b7-4207-bbe0-020e099a2735-1024x768.jpg\" alt=\"\" class=\"wp-image-6185\" srcset=\"https:\/\/portal.pi.gov.br\/seres\/wp-content\/uploads\/sites\/87\/2026\/04\/1d994607-09b7-4207-bbe0-020e099a2735-1024x768.jpg 1024w, https:\/\/portal.pi.gov.br\/seres\/wp-content\/uploads\/sites\/87\/2026\/04\/1d994607-09b7-4207-bbe0-020e099a2735-300x225.jpg 300w, https:\/\/portal.pi.gov.br\/seres\/wp-content\/uploads\/sites\/87\/2026\/04\/1d994607-09b7-4207-bbe0-020e099a2735-768x576.jpg 768w, https:\/\/portal.pi.gov.br\/seres\/wp-content\/uploads\/sites\/87\/2026\/04\/1d994607-09b7-4207-bbe0-020e099a2735-420x315.jpg 420w, https:\/\/portal.pi.gov.br\/seres\/wp-content\/uploads\/sites\/87\/2026\/04\/1d994607-09b7-4207-bbe0-020e099a2735-540x405.jpg 540w, https:\/\/portal.pi.gov.br\/seres\/wp-content\/uploads\/sites\/87\/2026\/04\/1d994607-09b7-4207-bbe0-020e099a2735-780x585.jpg 780w, https:\/\/portal.pi.gov.br\/seres\/wp-content\/uploads\/sites\/87\/2026\/04\/1d994607-09b7-4207-bbe0-020e099a2735-947x710.jpg 947w, https:\/\/portal.pi.gov.br\/seres\/wp-content\/uploads\/sites\/87\/2026\/04\/1d994607-09b7-4207-bbe0-020e099a2735-624x468.jpg 624w, https:\/\/portal.pi.gov.br\/seres\/wp-content\/uploads\/sites\/87\/2026\/04\/1d994607-09b7-4207-bbe0-020e099a2735.jpg 1280w\" sizes=\"(max-width: 1024px) 100vw, 1024px\" \/><\/figure>\n\n\n\n<p><\/p>\n\n\n\n<p>Dando continuidade \u00e0 agenda, a SERES conduziu um segundo momento de alinhamento, desta vez com a participa\u00e7\u00e3o do diretor do Instituto de Desenvolvimento do Piau\u00ed (IDEPI), Felipe Eul\u00e1lio. A reuni\u00e3o teve como foco o estabelecimento de metas e o fortalecimento da integra\u00e7\u00e3o entre os \u00f3rg\u00e3os respons\u00e1veis, assegurando maior efici\u00eancia na execu\u00e7\u00e3o das interven\u00e7\u00f5es.<\/p>\n\n\n\n<p>Encerrando a programa\u00e7\u00e3o, a Secretaria liderou ainda uma audi\u00eancia t\u00e9cnica, consolidando o di\u00e1logo direto com IDEPI e SEPLAN. O encontro refor\u00e7ou o compromisso conjunto com a efetividade das obras e o cumprimento dos prazos estabelecidos, mantendo o foco na entrega de resultados concretos para a popula\u00e7\u00e3o.<\/p>\n\n\n\n<p>A atua\u00e7\u00e3o da SERES ao longo das reuni\u00f5es evidencia o compromisso do Governo do Estado com o acompanhamento cont\u00ednuo das a\u00e7\u00f5es do OPA, promovendo articula\u00e7\u00e3o, transpar\u00eancia e efici\u00eancia na execu\u00e7\u00e3o das obras.<\/p>\n\n\n\n<figure class=\"wp-block-gallery has-nested-images columns-default is-cropped wp-block-gallery-1 is-layout-flex\">\n<figure class=\"wp-block-image size-large\"><img decoding=\"async\" loading=\"lazy\" width=\"1024\" height=\"768\" data-id=\"6190\"  src=\"https:\/\/portal.pi.gov.br\/seres\/wp-content\/uploads\/sites\/87\/2026\/04\/ca6da89c-9639-43c1-a368-5a22b08649b0-1024x768.jpg\" alt=\"\" class=\"wp-image-6190\" srcset=\"https:\/\/portal.pi.gov.br\/seres\/wp-content\/uploads\/sites\/87\/2026\/04\/ca6da89c-9639-43c1-a368-5a22b08649b0-1024x768.jpg 1024w, https:\/\/portal.pi.gov.br\/seres\/wp-content\/uploads\/sites\/87\/2026\/04\/ca6da89c-9639-43c1-a368-5a22b08649b0-300x225.jpg 300w, https:\/\/portal.pi.gov.br\/seres\/wp-content\/uploads\/sites\/87\/2026\/04\/ca6da89c-9639-43c1-a368-5a22b08649b0-768x576.jpg 768w, https:\/\/portal.pi.gov.br\/seres\/wp-content\/uploads\/sites\/87\/2026\/04\/ca6da89c-9639-43c1-a368-5a22b08649b0-420x315.jpg 420w, https:\/\/portal.pi.gov.br\/seres\/wp-content\/uploads\/sites\/87\/2026\/04\/ca6da89c-9639-43c1-a368-5a22b08649b0-540x405.jpg 540w, https:\/\/portal.pi.gov.br\/seres\/wp-content\/uploads\/sites\/87\/2026\/04\/ca6da89c-9639-43c1-a368-5a22b08649b0-780x585.jpg 780w, https:\/\/portal.pi.gov.br\/seres\/wp-content\/uploads\/sites\/87\/2026\/04\/ca6da89c-9639-43c1-a368-5a22b08649b0-947x710.jpg 947w, https:\/\/portal.pi.gov.br\/seres\/wp-content\/uploads\/sites\/87\/2026\/04\/ca6da89c-9639-43c1-a368-5a22b08649b0-624x468.jpg 624w, https:\/\/portal.pi.gov.br\/seres\/wp-content\/uploads\/sites\/87\/2026\/04\/ca6da89c-9639-43c1-a368-5a22b08649b0.jpg 1280w\" sizes=\"(max-width: 1024px) 100vw, 1024px\" \/><\/figure>\n\n\n\n<figure class=\"wp-block-image size-large\"><img decoding=\"async\" loading=\"lazy\" width=\"1024\" height=\"576\" data-id=\"6187\"  src=\"https:\/\/portal.pi.gov.br\/seres\/wp-content\/uploads\/sites\/87\/2026\/04\/6b17d5c2-bf72-4346-aa74-14324d9e5fd1-1024x576.jpg\" alt=\"\" class=\"wp-image-6187\" srcset=\"https:\/\/portal.pi.gov.br\/seres\/wp-content\/uploads\/sites\/87\/2026\/04\/6b17d5c2-bf72-4346-aa74-14324d9e5fd1-1024x576.jpg 1024w, https:\/\/portal.pi.gov.br\/seres\/wp-content\/uploads\/sites\/87\/2026\/04\/6b17d5c2-bf72-4346-aa74-14324d9e5fd1-300x169.jpg 300w, https:\/\/portal.pi.gov.br\/seres\/wp-content\/uploads\/sites\/87\/2026\/04\/6b17d5c2-bf72-4346-aa74-14324d9e5fd1-768x432.jpg 768w, https:\/\/portal.pi.gov.br\/seres\/wp-content\/uploads\/sites\/87\/2026\/04\/6b17d5c2-bf72-4346-aa74-14324d9e5fd1-420x236.jpg 420w, https:\/\/portal.pi.gov.br\/seres\/wp-content\/uploads\/sites\/87\/2026\/04\/6b17d5c2-bf72-4346-aa74-14324d9e5fd1-540x304.jpg 540w, https:\/\/portal.pi.gov.br\/seres\/wp-content\/uploads\/sites\/87\/2026\/04\/6b17d5c2-bf72-4346-aa74-14324d9e5fd1-780x439.jpg 780w, https:\/\/portal.pi.gov.br\/seres\/wp-content\/uploads\/sites\/87\/2026\/04\/6b17d5c2-bf72-4346-aa74-14324d9e5fd1-947x533.jpg 947w, https:\/\/portal.pi.gov.br\/seres\/wp-content\/uploads\/sites\/87\/2026\/04\/6b17d5c2-bf72-4346-aa74-14324d9e5fd1-624x351.jpg 624w, https:\/\/portal.pi.gov.br\/seres\/wp-content\/uploads\/sites\/87\/2026\/04\/6b17d5c2-bf72-4346-aa74-14324d9e5fd1.jpg 1280w\" sizes=\"(max-width: 1024px) 100vw, 1024px\" \/><\/figure>\n\n\n\n<figure class=\"wp-block-image size-large\"><img decoding=\"async\" loading=\"lazy\" width=\"768\" height=\"1024\" data-id=\"6186\"  src=\"https:\/\/portal.pi.gov.br\/seres\/wp-content\/uploads\/sites\/87\/2026\/04\/5a9b02a4-e42c-40c5-9122-7baef5cf3606-768x1024.jpg\" alt=\"\" class=\"wp-image-6186\" srcset=\"https:\/\/portal.pi.gov.br\/seres\/wp-content\/uploads\/sites\/87\/2026\/04\/5a9b02a4-e42c-40c5-9122-7baef5cf3606-768x1024.jpg 768w, https:\/\/portal.pi.gov.br\/seres\/wp-content\/uploads\/sites\/87\/2026\/04\/5a9b02a4-e42c-40c5-9122-7baef5cf3606-225x300.jpg 225w, https:\/\/portal.pi.gov.br\/seres\/wp-content\/uploads\/sites\/87\/2026\/04\/5a9b02a4-e42c-40c5-9122-7baef5cf3606-315x420.jpg 315w, https:\/\/portal.pi.gov.br\/seres\/wp-content\/uploads\/sites\/87\/2026\/04\/5a9b02a4-e42c-40c5-9122-7baef5cf3606-405x540.jpg 405w, https:\/\/portal.pi.gov.br\/seres\/wp-content\/uploads\/sites\/87\/2026\/04\/5a9b02a4-e42c-40c5-9122-7baef5cf3606-585x780.jpg 585w, https:\/\/portal.pi.gov.br\/seres\/wp-content\/uploads\/sites\/87\/2026\/04\/5a9b02a4-e42c-40c5-9122-7baef5cf3606-947x1263.jpg 947w, https:\/\/portal.pi.gov.br\/seres\/wp-content\/uploads\/sites\/87\/2026\/04\/5a9b02a4-e42c-40c5-9122-7baef5cf3606-624x832.jpg 624w, https:\/\/portal.pi.gov.br\/seres\/wp-content\/uploads\/sites\/87\/2026\/04\/5a9b02a4-e42c-40c5-9122-7baef5cf3606.jpg 960w\" sizes=\"(max-width: 768px) 100vw, 768px\" \/><\/figure>\n\n\n\n<figure class=\"wp-block-image size-large\"><img decoding=\"async\" loading=\"lazy\" width=\"1024\" height=\"576\" data-id=\"6189\"  src=\"https:\/\/portal.pi.gov.br\/seres\/wp-content\/uploads\/sites\/87\/2026\/04\/be4292e0-fdba-48d8-b156-336866261eec-1024x576.jpg\" alt=\"\" class=\"wp-image-6189\" srcset=\"https:\/\/portal.pi.gov.br\/seres\/wp-content\/uploads\/sites\/87\/2026\/04\/be4292e0-fdba-48d8-b156-336866261eec-1024x576.jpg 1024w, https:\/\/portal.pi.gov.br\/seres\/wp-content\/uploads\/sites\/87\/2026\/04\/be4292e0-fdba-48d8-b156-336866261eec-300x169.jpg 300w, https:\/\/portal.pi.gov.br\/seres\/wp-content\/uploads\/sites\/87\/2026\/04\/be4292e0-fdba-48d8-b156-336866261eec-768x432.jpg 768w, https:\/\/portal.pi.gov.br\/seres\/wp-content\/uploads\/sites\/87\/2026\/04\/be4292e0-fdba-48d8-b156-336866261eec-420x236.jpg 420w, https:\/\/portal.pi.gov.br\/seres\/wp-content\/uploads\/sites\/87\/2026\/04\/be4292e0-fdba-48d8-b156-336866261eec-540x304.jpg 540w, https:\/\/portal.pi.gov.br\/seres\/wp-content\/uploads\/sites\/87\/2026\/04\/be4292e0-fdba-48d8-b156-336866261eec-780x439.jpg 780w, https:\/\/portal.pi.gov.br\/seres\/wp-content\/uploads\/sites\/87\/2026\/04\/be4292e0-fdba-48d8-b156-336866261eec-947x533.jpg 947w, https:\/\/portal.pi.gov.br\/seres\/wp-content\/uploads\/sites\/87\/2026\/04\/be4292e0-fdba-48d8-b156-336866261eec-624x351.jpg 624w, https:\/\/portal.pi.gov.br\/seres\/wp-content\/uploads\/sites\/87\/2026\/04\/be4292e0-fdba-48d8-b156-336866261eec.jpg 1280w\" sizes=\"(max-width: 1024px) 100vw, 1024px\" \/><\/figure>\n<\/figure>\n","protected":false},"excerpt":{"rendered":"<p>A Secretaria de Estado das Rela\u00e7\u00f5es Sociais (SERES) iniciou a semana com uma intensa agenda de reuni\u00f5es estrat\u00e9gicas voltadas ao acompanhamento e \u00e0 execu\u00e7\u00e3o das obras do Or\u00e7amento Participativo (OPA), [&hellip;]<\/p>\n","protected":false},"author":1821,"featured_media":6191,"comment_status":"closed","ping_status":"closed","sticky":true,"template":"","format":"standard","meta":[],"categories":[34],"tags":[62,47,41],"featured_image_urls":{"full":["https:\/\/portal.pi.gov.br\/seres\/wp-content\/uploads\/sites\/87\/2026\/04\/1ddd881f-0b87-40f9-9d88-457ff2d5c609.jpg",1280,628,false],"thumbnail":["https:\/\/portal.pi.gov.br\/seres\/wp-content\/uploads\/sites\/87\/2026\/04\/1ddd881f-0b87-40f9-9d88-457ff2d5c609-150x150.jpg",150,150,true],"medium":["https:\/\/portal.pi.gov.br\/seres\/wp-content\/uploads\/sites\/87\/2026\/04\/1ddd881f-0b87-40f9-9d88-457ff2d5c609-300x147.jpg",300,147,true],"medium_large":["https:\/\/portal.pi.gov.br\/seres\/wp-content\/uploads\/sites\/87\/2026\/04\/1ddd881f-0b87-40f9-9d88-457ff2d5c609-768x377.jpg",768,377,true],"large":["https:\/\/portal.pi.gov.br\/seres\/wp-content\/uploads\/sites\/87\/2026\/04\/1ddd881f-0b87-40f9-9d88-457ff2d5c609-1024x502.jpg",887,435,true],"sgg-420":["https:\/\/portal.pi.gov.br\/seres\/wp-content\/uploads\/sites\/87\/2026\/04\/1ddd881f-0b87-40f9-9d88-457ff2d5c609-420x206.jpg",420,206,true],"sgg-540":["https:\/\/portal.pi.gov.br\/seres\/wp-content\/uploads\/sites\/87\/2026\/04\/1ddd881f-0b87-40f9-9d88-457ff2d5c609-540x265.jpg",540,265,true],"sgg-780":["https:\/\/portal.pi.gov.br\/seres\/wp-content\/uploads\/sites\/87\/2026\/04\/1ddd881f-0b87-40f9-9d88-457ff2d5c609-780x383.jpg",780,383,true],"1536x1536":["https:\/\/portal.pi.gov.br\/seres\/wp-content\/uploads\/sites\/87\/2026\/04\/1ddd881f-0b87-40f9-9d88-457ff2d5c609.jpg",1280,628,false],"2048x2048":["https:\/\/portal.pi.gov.br\/seres\/wp-content\/uploads\/sites\/87\/2026\/04\/1ddd881f-0b87-40f9-9d88-457ff2d5c609.jpg",1280,628,false],"homepage-slider":["https:\/\/portal.pi.gov.br\/seres\/wp-content\/uploads\/sites\/87\/2026\/04\/1ddd881f-0b87-40f9-9d88-457ff2d5c609-1270x500.jpg",1270,500,true],"homepage-slider-small":["https:\/\/portal.pi.gov.br\/seres\/wp-content\/uploads\/sites\/87\/2026\/04\/1ddd881f-0b87-40f9-9d88-457ff2d5c609-947x500.jpg",947,500,true],"page-top":["https:\/\/portal.pi.gov.br\/seres\/wp-content\/uploads\/sites\/87\/2026\/04\/1ddd881f-0b87-40f9-9d88-457ff2d5c609-947x465.jpg",947,465,true],"page-small":["https:\/\/portal.pi.gov.br\/seres\/wp-content\/uploads\/sites\/87\/2026\/04\/1ddd881f-0b87-40f9-9d88-457ff2d5c609-624x306.jpg",624,306,true],"loop-main":["https:\/\/portal.pi.gov.br\/seres\/wp-content\/uploads\/sites\/87\/2026\/04\/1ddd881f-0b87-40f9-9d88-457ff2d5c609-365x240.jpg",365,240,true],"thumb-gallery-widget":["https:\/\/portal.pi.gov.br\/seres\/wp-content\/uploads\/sites\/87\/2026\/04\/1ddd881f-0b87-40f9-9d88-457ff2d5c609-84x56.jpg",84,56,true]},"post_excerpt_stackable":"<p>A Secretaria de Estado das Rela\u00e7\u00f5es Sociais (SERES) iniciou a semana com uma intensa agenda de reuni\u00f5es estrat\u00e9gicas voltadas ao acompanhamento e \u00e0 execu\u00e7\u00e3o das obras do Or\u00e7amento Participativo (OPA), no \u00e2mbito do cronograma previsto para o per\u00edodo de 2023 a 2026. Nesta segunda-feira (13), ao longo do dia, a SERES esteve \u00e0 frente das discuss\u00f5es, refor\u00e7ando seu papel de articula\u00e7\u00e3o entre os \u00f3rg\u00e3os envolvidos e garantindo o alinhamento necess\u00e1rio para o avan\u00e7o das a\u00e7\u00f5es. As reuni\u00f5es foram realizadas na Secretaria do Planejamento (SEPLAN), e contaram com a participa\u00e7\u00e3o e coordena\u00e7\u00e3o da secret\u00e1ria de Rela\u00e7\u00f5es Sociais, N\u00fabia Lopes, da secret\u00e1ria&hellip;<\/p>\n","category_list":"<a href=\"https:\/\/portal.pi.gov.br\/seres\/category\/noticias\/\" rel=\"category tag\">Not\u00edcias<\/a>","author_info":{"name":"alineraquel","url":"https:\/\/portal.pi.gov.br\/seres\/author\/alineraquel\/"},"comments_num":"0 coment\u00e1rio","featured_image_urls_v2":{"full":["https:\/\/portal.pi.gov.br\/seres\/wp-content\/uploads\/sites\/87\/2026\/04\/1ddd881f-0b87-40f9-9d88-457ff2d5c609.jpg",1280,628,false],"thumbnail":["https:\/\/portal.pi.gov.br\/seres\/wp-content\/uploads\/sites\/87\/2026\/04\/1ddd881f-0b87-40f9-9d88-457ff2d5c609-150x150.jpg",150,150,true],"medium":["https:\/\/portal.pi.gov.br\/seres\/wp-content\/uploads\/sites\/87\/2026\/04\/1ddd881f-0b87-40f9-9d88-457ff2d5c609-300x147.jpg",300,147,true],"medium_large":["https:\/\/portal.pi.gov.br\/seres\/wp-content\/uploads\/sites\/87\/2026\/04\/1ddd881f-0b87-40f9-9d88-457ff2d5c609-768x377.jpg",768,377,true],"large":["https:\/\/portal.pi.gov.br\/seres\/wp-content\/uploads\/sites\/87\/2026\/04\/1ddd881f-0b87-40f9-9d88-457ff2d5c609-1024x502.jpg",887,435,true],"sgg-420":["https:\/\/portal.pi.gov.br\/seres\/wp-content\/uploads\/sites\/87\/2026\/04\/1ddd881f-0b87-40f9-9d88-457ff2d5c609-420x206.jpg",420,206,true],"sgg-540":["https:\/\/portal.pi.gov.br\/seres\/wp-content\/uploads\/sites\/87\/2026\/04\/1ddd881f-0b87-40f9-9d88-457ff2d5c609-540x265.jpg",540,265,true],"sgg-780":["https:\/\/portal.pi.gov.br\/seres\/wp-content\/uploads\/sites\/87\/2026\/04\/1ddd881f-0b87-40f9-9d88-457ff2d5c609-780x383.jpg",780,383,true],"1536x1536":["https:\/\/portal.pi.gov.br\/seres\/wp-content\/uploads\/sites\/87\/2026\/04\/1ddd881f-0b87-40f9-9d88-457ff2d5c609.jpg",1280,628,false],"2048x2048":["https:\/\/portal.pi.gov.br\/seres\/wp-content\/uploads\/sites\/87\/2026\/04\/1ddd881f-0b87-40f9-9d88-457ff2d5c609.jpg",1280,628,false],"homepage-slider":["https:\/\/portal.pi.gov.br\/seres\/wp-content\/uploads\/sites\/87\/2026\/04\/1ddd881f-0b87-40f9-9d88-457ff2d5c609-1270x500.jpg",1270,500,true],"homepage-slider-small":["https:\/\/portal.pi.gov.br\/seres\/wp-content\/uploads\/sites\/87\/2026\/04\/1ddd881f-0b87-40f9-9d88-457ff2d5c609-947x500.jpg",947,500,true],"page-top":["https:\/\/portal.pi.gov.br\/seres\/wp-content\/uploads\/sites\/87\/2026\/04\/1ddd881f-0b87-40f9-9d88-457ff2d5c609-947x465.jpg",947,465,true],"page-small":["https:\/\/portal.pi.gov.br\/seres\/wp-content\/uploads\/sites\/87\/2026\/04\/1ddd881f-0b87-40f9-9d88-457ff2d5c609-624x306.jpg",624,306,true],"loop-main":["https:\/\/portal.pi.gov.br\/seres\/wp-content\/uploads\/sites\/87\/2026\/04\/1ddd881f-0b87-40f9-9d88-457ff2d5c609-365x240.jpg",365,240,true],"thumb-gallery-widget":["https:\/\/portal.pi.gov.br\/seres\/wp-content\/uploads\/sites\/87\/2026\/04\/1ddd881f-0b87-40f9-9d88-457ff2d5c609-84x56.jpg",84,56,true]},"post_excerpt_stackable_v2":"<p>A Secretaria de Estado das Rela\u00e7\u00f5es Sociais (SERES) iniciou a semana com uma intensa agenda de reuni\u00f5es estrat\u00e9gicas voltadas ao acompanhamento e \u00e0 execu\u00e7\u00e3o das obras do Or\u00e7amento Participativo (OPA), no \u00e2mbito do cronograma previsto para o per\u00edodo de 2023 a 2026. Nesta segunda-feira (13), ao longo do dia, a SERES esteve \u00e0 frente das discuss\u00f5es, refor\u00e7ando seu papel de articula\u00e7\u00e3o entre os \u00f3rg\u00e3os envolvidos e garantindo o alinhamento necess\u00e1rio para o avan\u00e7o das a\u00e7\u00f5es. As reuni\u00f5es foram realizadas na Secretaria do Planejamento (SEPLAN), e contaram com a participa\u00e7\u00e3o e coordena\u00e7\u00e3o da secret\u00e1ria de Rela\u00e7\u00f5es Sociais, N\u00fabia Lopes, da secret\u00e1ria&hellip;<\/p>\n","category_list_v2":"<a href=\"https:\/\/portal.pi.gov.br\/seres\/category\/noticias\/\" rel=\"category tag\">Not\u00edcias<\/a>","author_info_v2":{"name":"alineraquel","url":"https:\/\/portal.pi.gov.br\/seres\/author\/alineraquel\/"},"comments_num_v2":"0 coment\u00e1rio","jetpack_featured_media_url":"https:\/\/portal.pi.gov.br\/seres\/wp-content\/uploads\/sites\/87\/2026\/04\/1ddd881f-0b87-40f9-9d88-457ff2d5c609.jpg","_links":{"self":[{"href":"https:\/\/portal.pi.gov.br\/seres\/wp-json\/wp\/v2\/posts\/6193"}],"collection":[{"href":"https:\/\/portal.pi.gov.br\/seres\/wp-json\/wp\/v2\/posts"}],"about":[{"href":"https:\/\/portal.pi.gov.br\/seres\/wp-json\/wp\/v2\/types\/post"}],"author":[{"embeddable":true,"href":"https:\/\/portal.pi.gov.br\/seres\/wp-json\/wp\/v2\/users\/1821"}],"replies":[{"embeddable":true,"href":"https:\/\/portal.pi.gov.br\/seres\/wp-json\/wp\/v2\/comments?post=6193"}],"version-history":[{"count":1,"href":"https:\/\/portal.pi.gov.br\/seres\/wp-json\/wp\/v2\/posts\/6193\/revisions"}],"predecessor-version":[{"id":6194,"href":"https:\/\/portal.pi.gov.br\/seres\/wp-json\/wp\/v2\/posts\/6193\/revisions\/6194"}],"wp:featuredmedia":[{"embeddable":true,"href":"https:\/\/portal.pi.gov.br\/seres\/wp-json\/wp\/v2\/media\/6191"}],"wp:attachment":[{"href":"https:\/\/portal.pi.gov.br\/seres\/wp-json\/wp\/v2\/media?parent=6193"}],"wp:term":[{"taxonomy":"category","embeddable":true,"href":"https:\/\/portal.pi.gov.br\/seres\/wp-json\/wp\/v2\/categories?post=6193"},{"taxonomy":"post_tag","embeddable":true,"href":"https:\/\/portal.pi.gov.br\/seres\/wp-json\/wp\/v2\/tags?post=6193"}],"curies":[{"name":"wp","href":"https:\/\/api.w.org\/{rel}","templated":true}]}}