{"id":6202,"date":"2026-04-14T14:08:05","date_gmt":"2026-04-14T17:08:05","guid":{"rendered":"https:\/\/portal.pi.gov.br\/seres\/?p=6202"},"modified":"2026-04-14T14:08:06","modified_gmt":"2026-04-14T17:08:06","slug":"seres-amplia-dialogo-institucional-e-acompanha-pautas-prioritarias-na-seplan","status":"publish","type":"post","link":"https:\/\/portal.pi.gov.br\/seres\/2026\/04\/14\/seres-amplia-dialogo-institucional-e-acompanha-pautas-prioritarias-na-seplan\/","title":{"rendered":"Seres amplia di\u00e1logo institucional e acompanha pautas priorit\u00e1rias na Seplan"},"content":{"rendered":"\n<p>Agenda reuniu discuss\u00f5es sobre seguran\u00e7a p\u00fablica, esporte e infraestrutura com foco no avan\u00e7o das obras do OPA.<\/p>\n\n\n\n<figure class=\"wp-block-image size-large\"><img decoding=\"async\" loading=\"lazy\" width=\"1024\" height=\"576\" src=\"https:\/\/portal.pi.gov.br\/seres\/wp-content\/uploads\/sites\/87\/2026\/04\/95f6ea01-cf89-40c0-a5f4-590cc773c6ce-1024x576.jpg\" alt=\"\" class=\"wp-image-6198\" srcset=\"https:\/\/portal.pi.gov.br\/seres\/wp-content\/uploads\/sites\/87\/2026\/04\/95f6ea01-cf89-40c0-a5f4-590cc773c6ce-1024x576.jpg 1024w, https:\/\/portal.pi.gov.br\/seres\/wp-content\/uploads\/sites\/87\/2026\/04\/95f6ea01-cf89-40c0-a5f4-590cc773c6ce-300x169.jpg 300w, https:\/\/portal.pi.gov.br\/seres\/wp-content\/uploads\/sites\/87\/2026\/04\/95f6ea01-cf89-40c0-a5f4-590cc773c6ce-768x432.jpg 768w, https:\/\/portal.pi.gov.br\/seres\/wp-content\/uploads\/sites\/87\/2026\/04\/95f6ea01-cf89-40c0-a5f4-590cc773c6ce-420x236.jpg 420w, https:\/\/portal.pi.gov.br\/seres\/wp-content\/uploads\/sites\/87\/2026\/04\/95f6ea01-cf89-40c0-a5f4-590cc773c6ce-540x304.jpg 540w, https:\/\/portal.pi.gov.br\/seres\/wp-content\/uploads\/sites\/87\/2026\/04\/95f6ea01-cf89-40c0-a5f4-590cc773c6ce-780x439.jpg 780w, https:\/\/portal.pi.gov.br\/seres\/wp-content\/uploads\/sites\/87\/2026\/04\/95f6ea01-cf89-40c0-a5f4-590cc773c6ce-947x533.jpg 947w, https:\/\/portal.pi.gov.br\/seres\/wp-content\/uploads\/sites\/87\/2026\/04\/95f6ea01-cf89-40c0-a5f4-590cc773c6ce-624x351.jpg 624w, https:\/\/portal.pi.gov.br\/seres\/wp-content\/uploads\/sites\/87\/2026\/04\/95f6ea01-cf89-40c0-a5f4-590cc773c6ce.jpg 1280w\" sizes=\"(max-width: 1024px) 100vw, 1024px\" \/><\/figure>\n\n\n\n<p><\/p>\n\n\n\n<p>Nesta ter\u00e7a-feira (14), a secret\u00e1ria das Rela\u00e7\u00f5es Sociais, N\u00fabia Lopes, cumpriu uma agenda de reuni\u00f5es na Secretaria de Planejamento (Seplan), com a presen\u00e7a do secret\u00e1rio, Washington Bonfim, refor\u00e7ando seu papel de articula\u00e7\u00e3o institucional e acompanhamento das a\u00e7\u00f5es do Governo do Estado.<\/p>\n\n\n\n<p>A programa\u00e7\u00e3o teve in\u00edcio com reuni\u00e3o na \u00e1rea da Seguran\u00e7a P\u00fablica, ao lado do secret\u00e1rio Ant\u00f4nio Luiz, onde foram debatidos investimentos, metas e o planejamento da pasta. A Seres contribuiu com a media\u00e7\u00e3o do di\u00e1logo entre as \u00e1reas, fortalecendo iniciativas voltadas \u00e0 melhoria dos servi\u00e7os prestados \u00e0 popula\u00e7\u00e3o.<\/p>\n\n\n\n<p>Na sequ\u00eancia, a equipe participou de reuni\u00e3o com a secret\u00e1ria de Esportes, Josiene Campelo, para tratar do andamento das obras do Or\u00e7amento Participativo (OPA) no per\u00edodo de 2023 a 2026. O encontro destacou a import\u00e2ncia do trabalho integrado entre as secretarias para o fortalecimento do esporte e a amplia\u00e7\u00e3o da infraestrutura no estado. A diretora de Participa\u00e7\u00e3o Social da Seres, Juciara Linhares, tamb\u00e9m esteve presente, refor\u00e7ando o compromisso com a escuta ativa e a participa\u00e7\u00e3o popular.<\/p>\n\n\n\n<p>Encerrando a agenda da manh\u00e3, a Seres participou de reuni\u00e3o com o secret\u00e1rio de Infraestrutura, Danisio Marabuco, com foco no cronograma das obras do OPA. A pauta buscou alinhar encaminhamentos para dar mais agilidade \u00e0s entregas e garantir maior efici\u00eancia na execu\u00e7\u00e3o dos projetos.<\/p>\n\n\n\n<p>Ao longo das reuni\u00f5es, a Seres reafirmou seu compromisso de atuar de forma integrada, promovendo o di\u00e1logo entre as secretarias e assegurando que as a\u00e7\u00f5es do governo estejam alinhadas \u00e0s demandas da popula\u00e7\u00e3o. A presen\u00e7a da pasta nos espa\u00e7os de planejamento fortalece a participa\u00e7\u00e3o social e contribui para a efetividade das pol\u00edticas p\u00fablicas em todo o Piau\u00ed.<\/p>\n\n\n\n<figure class=\"wp-block-gallery has-nested-images columns-default is-cropped wp-block-gallery-1 is-layout-flex\">\n<figure class=\"wp-block-image size-large\"><img decoding=\"async\" loading=\"lazy\" width=\"1024\" height=\"576\" data-id=\"6197\"  src=\"https:\/\/portal.pi.gov.br\/seres\/wp-content\/uploads\/sites\/87\/2026\/04\/6bf1da2e-8914-46ee-a8d9-bd4b69bb5601-1024x576.jpg\" alt=\"\" class=\"wp-image-6197\" srcset=\"https:\/\/portal.pi.gov.br\/seres\/wp-content\/uploads\/sites\/87\/2026\/04\/6bf1da2e-8914-46ee-a8d9-bd4b69bb5601-1024x576.jpg 1024w, https:\/\/portal.pi.gov.br\/seres\/wp-content\/uploads\/sites\/87\/2026\/04\/6bf1da2e-8914-46ee-a8d9-bd4b69bb5601-300x169.jpg 300w, https:\/\/portal.pi.gov.br\/seres\/wp-content\/uploads\/sites\/87\/2026\/04\/6bf1da2e-8914-46ee-a8d9-bd4b69bb5601-768x432.jpg 768w, https:\/\/portal.pi.gov.br\/seres\/wp-content\/uploads\/sites\/87\/2026\/04\/6bf1da2e-8914-46ee-a8d9-bd4b69bb5601-420x236.jpg 420w, https:\/\/portal.pi.gov.br\/seres\/wp-content\/uploads\/sites\/87\/2026\/04\/6bf1da2e-8914-46ee-a8d9-bd4b69bb5601-540x304.jpg 540w, https:\/\/portal.pi.gov.br\/seres\/wp-content\/uploads\/sites\/87\/2026\/04\/6bf1da2e-8914-46ee-a8d9-bd4b69bb5601-780x439.jpg 780w, https:\/\/portal.pi.gov.br\/seres\/wp-content\/uploads\/sites\/87\/2026\/04\/6bf1da2e-8914-46ee-a8d9-bd4b69bb5601-947x533.jpg 947w, https:\/\/portal.pi.gov.br\/seres\/wp-content\/uploads\/sites\/87\/2026\/04\/6bf1da2e-8914-46ee-a8d9-bd4b69bb5601-624x351.jpg 624w, https:\/\/portal.pi.gov.br\/seres\/wp-content\/uploads\/sites\/87\/2026\/04\/6bf1da2e-8914-46ee-a8d9-bd4b69bb5601.jpg 1280w\" sizes=\"(max-width: 1024px) 100vw, 1024px\" \/><\/figure>\n\n\n\n<figure class=\"wp-block-image size-large\"><img decoding=\"async\" loading=\"lazy\" width=\"1024\" height=\"576\" data-id=\"6196\"  src=\"https:\/\/portal.pi.gov.br\/seres\/wp-content\/uploads\/sites\/87\/2026\/04\/5d1c4c06-f245-4b86-ad07-ae6b00557252-1024x576.jpg\" alt=\"\" class=\"wp-image-6196\" srcset=\"https:\/\/portal.pi.gov.br\/seres\/wp-content\/uploads\/sites\/87\/2026\/04\/5d1c4c06-f245-4b86-ad07-ae6b00557252-1024x576.jpg 1024w, https:\/\/portal.pi.gov.br\/seres\/wp-content\/uploads\/sites\/87\/2026\/04\/5d1c4c06-f245-4b86-ad07-ae6b00557252-300x169.jpg 300w, https:\/\/portal.pi.gov.br\/seres\/wp-content\/uploads\/sites\/87\/2026\/04\/5d1c4c06-f245-4b86-ad07-ae6b00557252-768x432.jpg 768w, https:\/\/portal.pi.gov.br\/seres\/wp-content\/uploads\/sites\/87\/2026\/04\/5d1c4c06-f245-4b86-ad07-ae6b00557252-420x236.jpg 420w, https:\/\/portal.pi.gov.br\/seres\/wp-content\/uploads\/sites\/87\/2026\/04\/5d1c4c06-f245-4b86-ad07-ae6b00557252-540x304.jpg 540w, https:\/\/portal.pi.gov.br\/seres\/wp-content\/uploads\/sites\/87\/2026\/04\/5d1c4c06-f245-4b86-ad07-ae6b00557252-780x439.jpg 780w, https:\/\/portal.pi.gov.br\/seres\/wp-content\/uploads\/sites\/87\/2026\/04\/5d1c4c06-f245-4b86-ad07-ae6b00557252-947x533.jpg 947w, https:\/\/portal.pi.gov.br\/seres\/wp-content\/uploads\/sites\/87\/2026\/04\/5d1c4c06-f245-4b86-ad07-ae6b00557252-624x351.jpg 624w, https:\/\/portal.pi.gov.br\/seres\/wp-content\/uploads\/sites\/87\/2026\/04\/5d1c4c06-f245-4b86-ad07-ae6b00557252.jpg 1280w\" sizes=\"(max-width: 1024px) 100vw, 1024px\" \/><\/figure>\n\n\n\n<figure class=\"wp-block-image size-large\"><img decoding=\"async\" loading=\"lazy\" width=\"1024\" height=\"768\" data-id=\"6199\"  src=\"https:\/\/portal.pi.gov.br\/seres\/wp-content\/uploads\/sites\/87\/2026\/04\/75195bd0-97eb-4467-acac-fd56048b607a-1024x768.jpg\" alt=\"\" class=\"wp-image-6199\" srcset=\"https:\/\/portal.pi.gov.br\/seres\/wp-content\/uploads\/sites\/87\/2026\/04\/75195bd0-97eb-4467-acac-fd56048b607a-1024x768.jpg 1024w, https:\/\/portal.pi.gov.br\/seres\/wp-content\/uploads\/sites\/87\/2026\/04\/75195bd0-97eb-4467-acac-fd56048b607a-300x225.jpg 300w, https:\/\/portal.pi.gov.br\/seres\/wp-content\/uploads\/sites\/87\/2026\/04\/75195bd0-97eb-4467-acac-fd56048b607a-768x576.jpg 768w, https:\/\/portal.pi.gov.br\/seres\/wp-content\/uploads\/sites\/87\/2026\/04\/75195bd0-97eb-4467-acac-fd56048b607a-420x315.jpg 420w, https:\/\/portal.pi.gov.br\/seres\/wp-content\/uploads\/sites\/87\/2026\/04\/75195bd0-97eb-4467-acac-fd56048b607a-540x405.jpg 540w, https:\/\/portal.pi.gov.br\/seres\/wp-content\/uploads\/sites\/87\/2026\/04\/75195bd0-97eb-4467-acac-fd56048b607a-780x585.jpg 780w, https:\/\/portal.pi.gov.br\/seres\/wp-content\/uploads\/sites\/87\/2026\/04\/75195bd0-97eb-4467-acac-fd56048b607a-947x710.jpg 947w, https:\/\/portal.pi.gov.br\/seres\/wp-content\/uploads\/sites\/87\/2026\/04\/75195bd0-97eb-4467-acac-fd56048b607a-624x468.jpg 624w, https:\/\/portal.pi.gov.br\/seres\/wp-content\/uploads\/sites\/87\/2026\/04\/75195bd0-97eb-4467-acac-fd56048b607a.jpg 1280w\" sizes=\"(max-width: 1024px) 100vw, 1024px\" \/><\/figure>\n\n\n\n<figure class=\"wp-block-image size-large\"><img decoding=\"async\" loading=\"lazy\" width=\"1024\" height=\"768\" data-id=\"6200\"  src=\"https:\/\/portal.pi.gov.br\/seres\/wp-content\/uploads\/sites\/87\/2026\/04\/c112d2b3-2d29-4bd9-b50d-7f428f9aba6b-1024x768.jpg\" alt=\"\" class=\"wp-image-6200\" srcset=\"https:\/\/portal.pi.gov.br\/seres\/wp-content\/uploads\/sites\/87\/2026\/04\/c112d2b3-2d29-4bd9-b50d-7f428f9aba6b-1024x768.jpg 1024w, https:\/\/portal.pi.gov.br\/seres\/wp-content\/uploads\/sites\/87\/2026\/04\/c112d2b3-2d29-4bd9-b50d-7f428f9aba6b-300x225.jpg 300w, https:\/\/portal.pi.gov.br\/seres\/wp-content\/uploads\/sites\/87\/2026\/04\/c112d2b3-2d29-4bd9-b50d-7f428f9aba6b-768x576.jpg 768w, https:\/\/portal.pi.gov.br\/seres\/wp-content\/uploads\/sites\/87\/2026\/04\/c112d2b3-2d29-4bd9-b50d-7f428f9aba6b-420x315.jpg 420w, https:\/\/portal.pi.gov.br\/seres\/wp-content\/uploads\/sites\/87\/2026\/04\/c112d2b3-2d29-4bd9-b50d-7f428f9aba6b-540x405.jpg 540w, https:\/\/portal.pi.gov.br\/seres\/wp-content\/uploads\/sites\/87\/2026\/04\/c112d2b3-2d29-4bd9-b50d-7f428f9aba6b-780x585.jpg 780w, https:\/\/portal.pi.gov.br\/seres\/wp-content\/uploads\/sites\/87\/2026\/04\/c112d2b3-2d29-4bd9-b50d-7f428f9aba6b-947x710.jpg 947w, https:\/\/portal.pi.gov.br\/seres\/wp-content\/uploads\/sites\/87\/2026\/04\/c112d2b3-2d29-4bd9-b50d-7f428f9aba6b-624x468.jpg 624w, https:\/\/portal.pi.gov.br\/seres\/wp-content\/uploads\/sites\/87\/2026\/04\/c112d2b3-2d29-4bd9-b50d-7f428f9aba6b.jpg 1280w\" sizes=\"(max-width: 1024px) 100vw, 1024px\" \/><\/figure>\n\n\n\n<figure class=\"wp-block-image size-large\"><img decoding=\"async\" loading=\"lazy\" width=\"1024\" height=\"768\" data-id=\"6201\"  src=\"https:\/\/portal.pi.gov.br\/seres\/wp-content\/uploads\/sites\/87\/2026\/04\/caf9ad6b-fb9c-4224-9df1-22a0846ea76e-1024x768.jpg\" alt=\"\" class=\"wp-image-6201\" srcset=\"https:\/\/portal.pi.gov.br\/seres\/wp-content\/uploads\/sites\/87\/2026\/04\/caf9ad6b-fb9c-4224-9df1-22a0846ea76e-1024x768.jpg 1024w, https:\/\/portal.pi.gov.br\/seres\/wp-content\/uploads\/sites\/87\/2026\/04\/caf9ad6b-fb9c-4224-9df1-22a0846ea76e-300x225.jpg 300w, https:\/\/portal.pi.gov.br\/seres\/wp-content\/uploads\/sites\/87\/2026\/04\/caf9ad6b-fb9c-4224-9df1-22a0846ea76e-768x576.jpg 768w, https:\/\/portal.pi.gov.br\/seres\/wp-content\/uploads\/sites\/87\/2026\/04\/caf9ad6b-fb9c-4224-9df1-22a0846ea76e-420x315.jpg 420w, https:\/\/portal.pi.gov.br\/seres\/wp-content\/uploads\/sites\/87\/2026\/04\/caf9ad6b-fb9c-4224-9df1-22a0846ea76e-540x405.jpg 540w, https:\/\/portal.pi.gov.br\/seres\/wp-content\/uploads\/sites\/87\/2026\/04\/caf9ad6b-fb9c-4224-9df1-22a0846ea76e-780x585.jpg 780w, https:\/\/portal.pi.gov.br\/seres\/wp-content\/uploads\/sites\/87\/2026\/04\/caf9ad6b-fb9c-4224-9df1-22a0846ea76e-947x710.jpg 947w, https:\/\/portal.pi.gov.br\/seres\/wp-content\/uploads\/sites\/87\/2026\/04\/caf9ad6b-fb9c-4224-9df1-22a0846ea76e-624x468.jpg 624w, https:\/\/portal.pi.gov.br\/seres\/wp-content\/uploads\/sites\/87\/2026\/04\/caf9ad6b-fb9c-4224-9df1-22a0846ea76e.jpg 1280w\" sizes=\"(max-width: 1024px) 100vw, 1024px\" \/><\/figure>\n<\/figure>\n","protected":false},"excerpt":{"rendered":"<p>Agenda reuniu discuss\u00f5es sobre seguran\u00e7a p\u00fablica, esporte e infraestrutura com foco no avan\u00e7o das obras do OPA. Nesta ter\u00e7a-feira (14), a secret\u00e1ria das Rela\u00e7\u00f5es Sociais, N\u00fabia Lopes, cumpriu uma agenda [&hellip;]<\/p>\n","protected":false},"author":1821,"featured_media":6203,"comment_status":"closed","ping_status":"closed","sticky":true,"template":"","format":"standard","meta":[],"categories":[34],"tags":[],"featured_image_urls":{"full":["https:\/\/portal.pi.gov.br\/seres\/wp-content\/uploads\/sites\/87\/2026\/04\/64f87ba7-a381-449b-bc75-45d75208f24f.jpg",1280,484,false],"thumbnail":["https:\/\/portal.pi.gov.br\/seres\/wp-content\/uploads\/sites\/87\/2026\/04\/64f87ba7-a381-449b-bc75-45d75208f24f-150x150.jpg",150,150,true],"medium":["https:\/\/portal.pi.gov.br\/seres\/wp-content\/uploads\/sites\/87\/2026\/04\/64f87ba7-a381-449b-bc75-45d75208f24f-300x113.jpg",300,113,true],"medium_large":["https:\/\/portal.pi.gov.br\/seres\/wp-content\/uploads\/sites\/87\/2026\/04\/64f87ba7-a381-449b-bc75-45d75208f24f-768x290.jpg",768,290,true],"large":["https:\/\/portal.pi.gov.br\/seres\/wp-content\/uploads\/sites\/87\/2026\/04\/64f87ba7-a381-449b-bc75-45d75208f24f-1024x387.jpg",887,335,true],"sgg-420":["https:\/\/portal.pi.gov.br\/seres\/wp-content\/uploads\/sites\/87\/2026\/04\/64f87ba7-a381-449b-bc75-45d75208f24f-420x159.jpg",420,159,true],"sgg-540":["https:\/\/portal.pi.gov.br\/seres\/wp-content\/uploads\/sites\/87\/2026\/04\/64f87ba7-a381-449b-bc75-45d75208f24f-540x204.jpg",540,204,true],"sgg-780":["https:\/\/portal.pi.gov.br\/seres\/wp-content\/uploads\/sites\/87\/2026\/04\/64f87ba7-a381-449b-bc75-45d75208f24f-780x295.jpg",780,295,true],"1536x1536":["https:\/\/portal.pi.gov.br\/seres\/wp-content\/uploads\/sites\/87\/2026\/04\/64f87ba7-a381-449b-bc75-45d75208f24f.jpg",1280,484,false],"2048x2048":["https:\/\/portal.pi.gov.br\/seres\/wp-content\/uploads\/sites\/87\/2026\/04\/64f87ba7-a381-449b-bc75-45d75208f24f.jpg",1280,484,false],"homepage-slider":["https:\/\/portal.pi.gov.br\/seres\/wp-content\/uploads\/sites\/87\/2026\/04\/64f87ba7-a381-449b-bc75-45d75208f24f-1270x484.jpg",1270,484,true],"homepage-slider-small":["https:\/\/portal.pi.gov.br\/seres\/wp-content\/uploads\/sites\/87\/2026\/04\/64f87ba7-a381-449b-bc75-45d75208f24f-947x484.jpg",947,484,true],"page-top":["https:\/\/portal.pi.gov.br\/seres\/wp-content\/uploads\/sites\/87\/2026\/04\/64f87ba7-a381-449b-bc75-45d75208f24f-947x358.jpg",947,358,true],"page-small":["https:\/\/portal.pi.gov.br\/seres\/wp-content\/uploads\/sites\/87\/2026\/04\/64f87ba7-a381-449b-bc75-45d75208f24f-624x236.jpg",624,236,true],"loop-main":["https:\/\/portal.pi.gov.br\/seres\/wp-content\/uploads\/sites\/87\/2026\/04\/64f87ba7-a381-449b-bc75-45d75208f24f-365x240.jpg",365,240,true],"thumb-gallery-widget":["https:\/\/portal.pi.gov.br\/seres\/wp-content\/uploads\/sites\/87\/2026\/04\/64f87ba7-a381-449b-bc75-45d75208f24f-84x56.jpg",84,56,true]},"post_excerpt_stackable":"<p>Agenda reuniu discuss\u00f5es sobre seguran\u00e7a p\u00fablica, esporte e infraestrutura com foco no avan\u00e7o das obras do OPA. Nesta ter\u00e7a-feira (14), a secret\u00e1ria das Rela\u00e7\u00f5es Sociais, N\u00fabia Lopes, cumpriu uma agenda de reuni\u00f5es na Secretaria de Planejamento (Seplan), com a presen\u00e7a do secret\u00e1rio, Washington Bonfim, refor\u00e7ando seu papel de articula\u00e7\u00e3o institucional e acompanhamento das a\u00e7\u00f5es do Governo do Estado. A programa\u00e7\u00e3o teve in\u00edcio com reuni\u00e3o na \u00e1rea da Seguran\u00e7a P\u00fablica, ao lado do secret\u00e1rio Ant\u00f4nio Luiz, onde foram debatidos investimentos, metas e o planejamento da pasta. A Seres contribuiu com a media\u00e7\u00e3o do di\u00e1logo entre as \u00e1reas, fortalecendo iniciativas voltadas \u00e0&hellip;<\/p>\n","category_list":"<a href=\"https:\/\/portal.pi.gov.br\/seres\/category\/noticias\/\" rel=\"category tag\">Not\u00edcias<\/a>","author_info":{"name":"alineraquel","url":"https:\/\/portal.pi.gov.br\/seres\/author\/alineraquel\/"},"comments_num":"0 coment\u00e1rio","featured_image_urls_v2":{"full":["https:\/\/portal.pi.gov.br\/seres\/wp-content\/uploads\/sites\/87\/2026\/04\/64f87ba7-a381-449b-bc75-45d75208f24f.jpg",1280,484,false],"thumbnail":["https:\/\/portal.pi.gov.br\/seres\/wp-content\/uploads\/sites\/87\/2026\/04\/64f87ba7-a381-449b-bc75-45d75208f24f-150x150.jpg",150,150,true],"medium":["https:\/\/portal.pi.gov.br\/seres\/wp-content\/uploads\/sites\/87\/2026\/04\/64f87ba7-a381-449b-bc75-45d75208f24f-300x113.jpg",300,113,true],"medium_large":["https:\/\/portal.pi.gov.br\/seres\/wp-content\/uploads\/sites\/87\/2026\/04\/64f87ba7-a381-449b-bc75-45d75208f24f-768x290.jpg",768,290,true],"large":["https:\/\/portal.pi.gov.br\/seres\/wp-content\/uploads\/sites\/87\/2026\/04\/64f87ba7-a381-449b-bc75-45d75208f24f-1024x387.jpg",887,335,true],"sgg-420":["https:\/\/portal.pi.gov.br\/seres\/wp-content\/uploads\/sites\/87\/2026\/04\/64f87ba7-a381-449b-bc75-45d75208f24f-420x159.jpg",420,159,true],"sgg-540":["https:\/\/portal.pi.gov.br\/seres\/wp-content\/uploads\/sites\/87\/2026\/04\/64f87ba7-a381-449b-bc75-45d75208f24f-540x204.jpg",540,204,true],"sgg-780":["https:\/\/portal.pi.gov.br\/seres\/wp-content\/uploads\/sites\/87\/2026\/04\/64f87ba7-a381-449b-bc75-45d75208f24f-780x295.jpg",780,295,true],"1536x1536":["https:\/\/portal.pi.gov.br\/seres\/wp-content\/uploads\/sites\/87\/2026\/04\/64f87ba7-a381-449b-bc75-45d75208f24f.jpg",1280,484,false],"2048x2048":["https:\/\/portal.pi.gov.br\/seres\/wp-content\/uploads\/sites\/87\/2026\/04\/64f87ba7-a381-449b-bc75-45d75208f24f.jpg",1280,484,false],"homepage-slider":["https:\/\/portal.pi.gov.br\/seres\/wp-content\/uploads\/sites\/87\/2026\/04\/64f87ba7-a381-449b-bc75-45d75208f24f-1270x484.jpg",1270,484,true],"homepage-slider-small":["https:\/\/portal.pi.gov.br\/seres\/wp-content\/uploads\/sites\/87\/2026\/04\/64f87ba7-a381-449b-bc75-45d75208f24f-947x484.jpg",947,484,true],"page-top":["https:\/\/portal.pi.gov.br\/seres\/wp-content\/uploads\/sites\/87\/2026\/04\/64f87ba7-a381-449b-bc75-45d75208f24f-947x358.jpg",947,358,true],"page-small":["https:\/\/portal.pi.gov.br\/seres\/wp-content\/uploads\/sites\/87\/2026\/04\/64f87ba7-a381-449b-bc75-45d75208f24f-624x236.jpg",624,236,true],"loop-main":["https:\/\/portal.pi.gov.br\/seres\/wp-content\/uploads\/sites\/87\/2026\/04\/64f87ba7-a381-449b-bc75-45d75208f24f-365x240.jpg",365,240,true],"thumb-gallery-widget":["https:\/\/portal.pi.gov.br\/seres\/wp-content\/uploads\/sites\/87\/2026\/04\/64f87ba7-a381-449b-bc75-45d75208f24f-84x56.jpg",84,56,true]},"post_excerpt_stackable_v2":"<p>Agenda reuniu discuss\u00f5es sobre seguran\u00e7a p\u00fablica, esporte e infraestrutura com foco no avan\u00e7o das obras do OPA. Nesta ter\u00e7a-feira (14), a secret\u00e1ria das Rela\u00e7\u00f5es Sociais, N\u00fabia Lopes, cumpriu uma agenda de reuni\u00f5es na Secretaria de Planejamento (Seplan), com a presen\u00e7a do secret\u00e1rio, Washington Bonfim, refor\u00e7ando seu papel de articula\u00e7\u00e3o institucional e acompanhamento das a\u00e7\u00f5es do Governo do Estado. A programa\u00e7\u00e3o teve in\u00edcio com reuni\u00e3o na \u00e1rea da Seguran\u00e7a P\u00fablica, ao lado do secret\u00e1rio Ant\u00f4nio Luiz, onde foram debatidos investimentos, metas e o planejamento da pasta. A Seres contribuiu com a media\u00e7\u00e3o do di\u00e1logo entre as \u00e1reas, fortalecendo iniciativas voltadas \u00e0&hellip;<\/p>\n","category_list_v2":"<a href=\"https:\/\/portal.pi.gov.br\/seres\/category\/noticias\/\" rel=\"category tag\">Not\u00edcias<\/a>","author_info_v2":{"name":"alineraquel","url":"https:\/\/portal.pi.gov.br\/seres\/author\/alineraquel\/"},"comments_num_v2":"0 coment\u00e1rio","jetpack_featured_media_url":"https:\/\/portal.pi.gov.br\/seres\/wp-content\/uploads\/sites\/87\/2026\/04\/64f87ba7-a381-449b-bc75-45d75208f24f.jpg","_links":{"self":[{"href":"https:\/\/portal.pi.gov.br\/seres\/wp-json\/wp\/v2\/posts\/6202"}],"collection":[{"href":"https:\/\/portal.pi.gov.br\/seres\/wp-json\/wp\/v2\/posts"}],"about":[{"href":"https:\/\/portal.pi.gov.br\/seres\/wp-json\/wp\/v2\/types\/post"}],"author":[{"embeddable":true,"href":"https:\/\/portal.pi.gov.br\/seres\/wp-json\/wp\/v2\/users\/1821"}],"replies":[{"embeddable":true,"href":"https:\/\/portal.pi.gov.br\/seres\/wp-json\/wp\/v2\/comments?post=6202"}],"version-history":[{"count":1,"href":"https:\/\/portal.pi.gov.br\/seres\/wp-json\/wp\/v2\/posts\/6202\/revisions"}],"predecessor-version":[{"id":6204,"href":"https:\/\/portal.pi.gov.br\/seres\/wp-json\/wp\/v2\/posts\/6202\/revisions\/6204"}],"wp:featuredmedia":[{"embeddable":true,"href":"https:\/\/portal.pi.gov.br\/seres\/wp-json\/wp\/v2\/media\/6203"}],"wp:attachment":[{"href":"https:\/\/portal.pi.gov.br\/seres\/wp-json\/wp\/v2\/media?parent=6202"}],"wp:term":[{"taxonomy":"category","embeddable":true,"href":"https:\/\/portal.pi.gov.br\/seres\/wp-json\/wp\/v2\/categories?post=6202"},{"taxonomy":"post_tag","embeddable":true,"href":"https:\/\/portal.pi.gov.br\/seres\/wp-json\/wp\/v2\/tags?post=6202"}],"curies":[{"name":"wp","href":"https:\/\/api.w.org\/{rel}","templated":true}]}}